{"id":16732,"date":"2026-01-24T09:03:16","date_gmt":"2026-01-24T06:03:16","guid":{"rendered":"https:\/\/memurunsesi.net\/?p=16732"},"modified":"2026-01-24T09:03:16","modified_gmt":"2026-01-24T06:03:16","slug":"merkez-ussu-isiklar-mahallesinde-deprem-tedirginligi","status":"publish","type":"post","link":"https:\/\/memurunsesi.net\/index.php\/2026\/01\/24\/merkez-ussu-isiklar-mahallesinde-deprem-tedirginligi\/","title":{"rendered":"Merkez \u00fcss\u00fc I\u015f\u0131klar Mahallesi&#8217;nde deprem tedirginli\u011fi"},"content":{"rendered":"<p>Bal\u0131kesir&#8217;in S\u0131nd\u0131rg\u0131 il\u00e7esinde meydana gelen 5.1 \u015fiddetindeki depremin merkez \u00fcss\u00fc k\u0131rsal I\u015f\u0131klar Mahallesinde oturan vatanda\u015flar tedirgin. Depremden sonra evlerini terk eden I\u015f\u0131klar sakinleri gece yar\u0131s\u0131 olmas\u0131na ra\u011fmen halen evlerine geri d\u00f6nmedi. B\u00f6lgede AFAD ve Bal\u0131kesir B\u00fcy\u00fck\u015fehir Belediyesine ba\u011fl\u0131 itfaiye ekipleri vatanda\u015flar\u0131n ihtiya\u00e7lar\u0131n\u0131 gidermek i\u00e7in haz\u0131r bekletilirken vatanda\u015flar\u0131n evlerin bah\u00e7elerinde ve giri\u015f katlar\u0131nda \u0131s\u0131nmak i\u00e7in ate\u015f yakt\u0131klar\u0131 g\u00f6r\u00fcld\u00fc.<\/p>\n<p>24.01.2026<\/p>\n","protected":false},"excerpt":{"rendered":"<p>Bal\u0131kesir&#8217;in S\u0131nd\u0131rg\u0131 il\u00e7esinde meydana gelen 5.1 \u015fiddetindeki depremin merkez \u00fcss\u00fc k\u0131rsal I\u015f\u0131klar Mahallesinde oturan vatanda\u015flar tedirgin. Depremden sonra evlerini terk eden I\u015f\u0131klar sakinleri gece yar\u0131s\u0131 olmas\u0131na ra\u011fmen halen evlerine geri d\u00f6nmedi. B\u00f6lgede AFAD ve Bal\u0131kesir B\u00fcy\u00fck\u015fehir Belediyesine ba\u011fl\u0131 itfaiye ekipleri vatanda\u015flar\u0131n ihtiya\u00e7lar\u0131n\u0131 gidermek i\u00e7in haz\u0131r bekletilirken vatanda\u015flar\u0131n evlerin bah\u00e7elerinde ve giri\u015f katlar\u0131nda \u0131s\u0131nmak i\u00e7in ate\u015f [&hellip;]<\/p>\n","protected":false},"author":1,"featured_media":16733,"comment_status":"open","ping_status":"open","sticky":false,"template":"","format":"standard","meta":{"footnotes":""},"categories":[1],"tags":[135],"class_list":["post-16732","post","type-post","status-publish","format-standard","has-post-thumbnail","hentry","category-genel","tag-deprem"],"yoast_head":"<!-- This site is optimized with the Yoast SEO plugin v27.4 - https:\/\/yoast.com\/product\/yoast-seo-wordpress\/ -->\n<title>Merkez \u00fcss\u00fc I\u015f\u0131klar Mahallesi&#039;nde deprem tedirginli\u011fi - Memurun Sesi<\/title>\n<meta name=\"description\" content=\"\u00a0Bal\u0131kesir&#039;in S\u0131nd\u0131rg\u0131 il\u00e7esinde meydana gelen 5.1 \u015fiddetindeki depremin merkez \u00fcss\u00fc k\u0131rsal I\u015f\u0131klar Mahallesinde oturan vatanda\u015flar tedirgin.\" \/>\n<meta name=\"robots\" content=\"index, follow, max-snippet:-1, max-image-preview:large, max-video-preview:-1\" \/>\n<link rel=\"canonical\" href=\"https:\/\/memurunsesi.net\/index.php\/2026\/01\/24\/merkez-ussu-isiklar-mahallesinde-deprem-tedirginligi\/\" \/>\n<meta property=\"og:locale\" content=\"tr_TR\" \/>\n<meta property=\"og:type\" content=\"article\" \/>\n<meta property=\"og:title\" content=\"Merkez \u00fcss\u00fc I\u015f\u0131klar Mahallesi&#039;nde deprem tedirginli\u011fi - Memurun Sesi\" \/>\n<meta property=\"og:description\" content=\"\u00a0Bal\u0131kesir&#039;in S\u0131nd\u0131rg\u0131 il\u00e7esinde meydana gelen 5.1 \u015fiddetindeki depremin merkez \u00fcss\u00fc k\u0131rsal I\u015f\u0131klar Mahallesinde oturan vatanda\u015flar tedirgin.\" \/>\n<meta property=\"og:url\" content=\"https:\/\/memurunsesi.net\/index.php\/2026\/01\/24\/merkez-ussu-isiklar-mahallesinde-deprem-tedirginligi\/\" \/>\n<meta property=\"og:site_name\" content=\"Memurun Sesi\" \/>\n<meta property=\"article:publisher\" content=\"https:\/\/www.facebook.com\/unipersen\/?locale=tr_TR\" \/>\n<meta property=\"article:published_time\" content=\"2026-01-24T06:03:16+00:00\" \/>\n<meta property=\"og:image\" content=\"https:\/\/memurunsesi.net\/wp-content\/uploads\/2026\/01\/deprem-5.jpg\" \/>\n\t<meta property=\"og:image:width\" content=\"1600\" \/>\n\t<meta property=\"og:image:height\" content=\"1200\" \/>\n\t<meta property=\"og:image:type\" content=\"image\/jpeg\" \/>\n<meta name=\"author\" content=\"Memurun Sesi Haber Merkezi\" \/>\n<meta name=\"twitter:card\" content=\"summary_large_image\" \/>\n<meta name=\"twitter:creator\" content=\"@unipersen\" \/>\n<meta name=\"twitter:site\" content=\"@unipersen\" \/>\n<meta name=\"twitter:label1\" content=\"Yazan:\" \/>\n\t<meta name=\"twitter:data1\" content=\"Memurun Sesi Haber Merkezi\" \/>\n\t<meta name=\"twitter:label2\" content=\"Tahmini okuma s\u00fcresi\" \/>\n\t<meta name=\"twitter:data2\" content=\"1 dakika\" \/>\n<script type=\"application\/ld+json\" class=\"yoast-schema-graph\">{\"@context\":\"https:\\\/\\\/schema.org\",\"@graph\":[{\"@type\":\"Article\",\"@id\":\"https:\\\/\\\/memurunsesi.net\\\/index.php\\\/2026\\\/01\\\/24\\\/merkez-ussu-isiklar-mahallesinde-deprem-tedirginligi\\\/#article\",\"isPartOf\":{\"@id\":\"https:\\\/\\\/memurunsesi.net\\\/index.php\\\/2026\\\/01\\\/24\\\/merkez-ussu-isiklar-mahallesinde-deprem-tedirginligi\\\/\"},\"author\":{\"name\":\"Memurun Sesi Haber Merkezi\",\"@id\":\"https:\\\/\\\/memurunsesi.net\\\/#\\\/schema\\\/person\\\/f21c2d73b89f6ee1d80b0a1803e38587\"},\"headline\":\"Merkez \u00fcss\u00fc I\u015f\u0131klar Mahallesi&#8217;nde deprem tedirginli\u011fi\",\"datePublished\":\"2026-01-24T06:03:16+00:00\",\"mainEntityOfPage\":{\"@id\":\"https:\\\/\\\/memurunsesi.net\\\/index.php\\\/2026\\\/01\\\/24\\\/merkez-ussu-isiklar-mahallesinde-deprem-tedirginligi\\\/\"},\"wordCount\":99,\"commentCount\":0,\"publisher\":{\"@id\":\"https:\\\/\\\/memurunsesi.net\\\/#organization\"},\"image\":{\"@id\":\"https:\\\/\\\/memurunsesi.net\\\/index.php\\\/2026\\\/01\\\/24\\\/merkez-ussu-isiklar-mahallesinde-deprem-tedirginligi\\\/#primaryimage\"},\"thumbnailUrl\":\"https:\\\/\\\/memurunsesi.net\\\/wp-content\\\/uploads\\\/2026\\\/01\\\/deprem-5.jpg\",\"keywords\":[\"deprem\"],\"inLanguage\":\"tr\",\"potentialAction\":[{\"@type\":\"CommentAction\",\"name\":\"Comment\",\"target\":[\"https:\\\/\\\/memurunsesi.net\\\/index.php\\\/2026\\\/01\\\/24\\\/merkez-ussu-isiklar-mahallesinde-deprem-tedirginligi\\\/#respond\"]}]},{\"@type\":\"WebPage\",\"@id\":\"https:\\\/\\\/memurunsesi.net\\\/index.php\\\/2026\\\/01\\\/24\\\/merkez-ussu-isiklar-mahallesinde-deprem-tedirginligi\\\/\",\"url\":\"https:\\\/\\\/memurunsesi.net\\\/index.php\\\/2026\\\/01\\\/24\\\/merkez-ussu-isiklar-mahallesinde-deprem-tedirginligi\\\/\",\"name\":\"Merkez \u00fcss\u00fc I\u015f\u0131klar Mahallesi'nde deprem tedirginli\u011fi - Memurun Sesi\",\"isPartOf\":{\"@id\":\"https:\\\/\\\/memurunsesi.net\\\/#website\"},\"primaryImageOfPage\":{\"@id\":\"https:\\\/\\\/memurunsesi.net\\\/index.php\\\/2026\\\/01\\\/24\\\/merkez-ussu-isiklar-mahallesinde-deprem-tedirginligi\\\/#primaryimage\"},\"image\":{\"@id\":\"https:\\\/\\\/memurunsesi.net\\\/index.php\\\/2026\\\/01\\\/24\\\/merkez-ussu-isiklar-mahallesinde-deprem-tedirginligi\\\/#primaryimage\"},\"thumbnailUrl\":\"https:\\\/\\\/memurunsesi.net\\\/wp-content\\\/uploads\\\/2026\\\/01\\\/deprem-5.jpg\",\"datePublished\":\"2026-01-24T06:03:16+00:00\",\"description\":\"\u00a0Bal\u0131kesir'in S\u0131nd\u0131rg\u0131 il\u00e7esinde meydana gelen 5.1 \u015fiddetindeki depremin merkez \u00fcss\u00fc k\u0131rsal I\u015f\u0131klar Mahallesinde oturan vatanda\u015flar tedirgin.\",\"breadcrumb\":{\"@id\":\"https:\\\/\\\/memurunsesi.net\\\/index.php\\\/2026\\\/01\\\/24\\\/merkez-ussu-isiklar-mahallesinde-deprem-tedirginligi\\\/#breadcrumb\"},\"inLanguage\":\"tr\",\"potentialAction\":[{\"@type\":\"ReadAction\",\"target\":[\"https:\\\/\\\/memurunsesi.net\\\/index.php\\\/2026\\\/01\\\/24\\\/merkez-ussu-isiklar-mahallesinde-deprem-tedirginligi\\\/\"]}]},{\"@type\":\"ImageObject\",\"inLanguage\":\"tr\",\"@id\":\"https:\\\/\\\/memurunsesi.net\\\/index.php\\\/2026\\\/01\\\/24\\\/merkez-ussu-isiklar-mahallesinde-deprem-tedirginligi\\\/#primaryimage\",\"url\":\"https:\\\/\\\/memurunsesi.net\\\/wp-content\\\/uploads\\\/2026\\\/01\\\/deprem-5.jpg\",\"contentUrl\":\"https:\\\/\\\/memurunsesi.net\\\/wp-content\\\/uploads\\\/2026\\\/01\\\/deprem-5.jpg\",\"width\":1600,\"height\":1200,\"caption\":\"MERKEZ \u00dcSS\u00dc I\u015eIKLAR MAHALLES\u0130'NDE DEPREM TED\u0130RG\u0130NL\u0130\u011e\u0130 (MURAT SEYMAN\\\/BALIKES\u0130R-\u0130HA) Bal\u0131kesir'in S\u0131nd\u0131rg\u0131 il\u00e7esinde meydana gelen 5.1 \u015fiddetindeki depremin merkez \u00fcss\u00fc k\u0131rsal I\u015f\u0131klar Mahallesinde oturan vatanda\u015flar tedirgin. Depremden sonra evlerini terk eden I\u015f\u0131klar sakinleri gece yar\u0131s\u0131 olmas\u0131na ra\u011fmen halen evlerine geri d\u00f6nmedi. B\u00f6lgede AFAD ve Bal\u0131kesir B\u00fcy\u00fck\u015fehir Belediyesine ba\u011fl\u0131 itfaiye ekipleri vatanda\u015flar\u0131n ihtiya\u00e7lar\u0131n\u0131 gidermek i\u00e7in haz\u0131r bekletilirken vatanda\u015flar\u0131n evlerin bah\u00e7elerinde ve giri\u015f katlar\u0131nda \u0131s\u0131nmak i\u00e7in ate\u015f yakt\u0131klar\u0131 g\u00f6r\u00fcld\u00fc.\"},{\"@type\":\"BreadcrumbList\",\"@id\":\"https:\\\/\\\/memurunsesi.net\\\/index.php\\\/2026\\\/01\\\/24\\\/merkez-ussu-isiklar-mahallesinde-deprem-tedirginligi\\\/#breadcrumb\",\"itemListElement\":[{\"@type\":\"ListItem\",\"position\":1,\"name\":\"Anasayfa\",\"item\":\"https:\\\/\\\/memurunsesi.net\\\/\"},{\"@type\":\"ListItem\",\"position\":2,\"name\":\"Merkez \u00fcss\u00fc I\u015f\u0131klar Mahallesi&#8217;nde deprem tedirginli\u011fi\"}]},{\"@type\":\"WebSite\",\"@id\":\"https:\\\/\\\/memurunsesi.net\\\/#website\",\"url\":\"https:\\\/\\\/memurunsesi.net\\\/\",\"name\":\"Memurun Sesi\",\"description\":\"G\u00fcncel ve Do\u011fru Haber\",\"publisher\":{\"@id\":\"https:\\\/\\\/memurunsesi.net\\\/#organization\"},\"potentialAction\":[{\"@type\":\"SearchAction\",\"target\":{\"@type\":\"EntryPoint\",\"urlTemplate\":\"https:\\\/\\\/memurunsesi.net\\\/?s={search_term_string}\"},\"query-input\":{\"@type\":\"PropertyValueSpecification\",\"valueRequired\":true,\"valueName\":\"search_term_string\"}}],\"inLanguage\":\"tr\"},{\"@type\":\"Organization\",\"@id\":\"https:\\\/\\\/memurunsesi.net\\\/#organization\",\"name\":\"Memurun Sesi\",\"url\":\"https:\\\/\\\/memurunsesi.net\\\/\",\"logo\":{\"@type\":\"ImageObject\",\"inLanguage\":\"tr\",\"@id\":\"https:\\\/\\\/memurunsesi.net\\\/#\\\/schema\\\/logo\\\/image\\\/\",\"url\":\"https:\\\/\\\/memurunsesi.net\\\/wp-content\\\/uploads\\\/2025\\\/11\\\/cropped-MEMURUN-SESI.png\",\"contentUrl\":\"https:\\\/\\\/memurunsesi.net\\\/wp-content\\\/uploads\\\/2025\\\/11\\\/cropped-MEMURUN-SESI.png\",\"width\":238,\"height\":57,\"caption\":\"Memurun Sesi\"},\"image\":{\"@id\":\"https:\\\/\\\/memurunsesi.net\\\/#\\\/schema\\\/logo\\\/image\\\/\"},\"sameAs\":[\"https:\\\/\\\/www.facebook.com\\\/unipersen\\\/?locale=tr_TR\",\"https:\\\/\\\/x.com\\\/unipersen\"]},{\"@type\":\"Person\",\"@id\":\"https:\\\/\\\/memurunsesi.net\\\/#\\\/schema\\\/person\\\/f21c2d73b89f6ee1d80b0a1803e38587\",\"name\":\"Memurun Sesi Haber Merkezi\",\"image\":{\"@type\":\"ImageObject\",\"inLanguage\":\"tr\",\"@id\":\"https:\\\/\\\/secure.gravatar.com\\\/avatar\\\/6cf0505f452ee753f485014986fab09a434671d2b919ee76fc541025c5876a70?s=96&d=mm&r=g\",\"url\":\"https:\\\/\\\/secure.gravatar.com\\\/avatar\\\/6cf0505f452ee753f485014986fab09a434671d2b919ee76fc541025c5876a70?s=96&d=mm&r=g\",\"contentUrl\":\"https:\\\/\\\/secure.gravatar.com\\\/avatar\\\/6cf0505f452ee753f485014986fab09a434671d2b919ee76fc541025c5876a70?s=96&d=mm&r=g\",\"caption\":\"Memurun Sesi Haber Merkezi\"},\"sameAs\":[\"https:\\\/\\\/memurunsesi.net\"],\"url\":\"https:\\\/\\\/memurunsesi.net\\\/index.php\\\/author\\\/uniper\\\/\"}]}<\/script>\n<!-- \/ Yoast SEO plugin. -->","yoast_head_json":{"title":"Merkez \u00fcss\u00fc I\u015f\u0131klar Mahallesi'nde deprem tedirginli\u011fi - Memurun Sesi","description":"\u00a0Bal\u0131kesir'in S\u0131nd\u0131rg\u0131 il\u00e7esinde meydana gelen 5.1 \u015fiddetindeki depremin merkez \u00fcss\u00fc k\u0131rsal I\u015f\u0131klar Mahallesinde oturan vatanda\u015flar tedirgin.","robots":{"index":"index","follow":"follow","max-snippet":"max-snippet:-1","max-image-preview":"max-image-preview:large","max-video-preview":"max-video-preview:-1"},"canonical":"https:\/\/memurunsesi.net\/index.php\/2026\/01\/24\/merkez-ussu-isiklar-mahallesinde-deprem-tedirginligi\/","og_locale":"tr_TR","og_type":"article","og_title":"Merkez \u00fcss\u00fc I\u015f\u0131klar Mahallesi'nde deprem tedirginli\u011fi - Memurun Sesi","og_description":"\u00a0Bal\u0131kesir'in S\u0131nd\u0131rg\u0131 il\u00e7esinde meydana gelen 5.1 \u015fiddetindeki depremin merkez \u00fcss\u00fc k\u0131rsal I\u015f\u0131klar Mahallesinde oturan vatanda\u015flar tedirgin.","og_url":"https:\/\/memurunsesi.net\/index.php\/2026\/01\/24\/merkez-ussu-isiklar-mahallesinde-deprem-tedirginligi\/","og_site_name":"Memurun Sesi","article_publisher":"https:\/\/www.facebook.com\/unipersen\/?locale=tr_TR","article_published_time":"2026-01-24T06:03:16+00:00","og_image":[{"width":1600,"height":1200,"url":"https:\/\/memurunsesi.net\/wp-content\/uploads\/2026\/01\/deprem-5.jpg","type":"image\/jpeg"}],"author":"Memurun Sesi Haber Merkezi","twitter_card":"summary_large_image","twitter_creator":"@unipersen","twitter_site":"@unipersen","twitter_misc":{"Yazan:":"Memurun Sesi Haber Merkezi","Tahmini okuma s\u00fcresi":"1 dakika"},"schema":{"@context":"https:\/\/schema.org","@graph":[{"@type":"Article","@id":"https:\/\/memurunsesi.net\/index.php\/2026\/01\/24\/merkez-ussu-isiklar-mahallesinde-deprem-tedirginligi\/#article","isPartOf":{"@id":"https:\/\/memurunsesi.net\/index.php\/2026\/01\/24\/merkez-ussu-isiklar-mahallesinde-deprem-tedirginligi\/"},"author":{"name":"Memurun Sesi Haber Merkezi","@id":"https:\/\/memurunsesi.net\/#\/schema\/person\/f21c2d73b89f6ee1d80b0a1803e38587"},"headline":"Merkez \u00fcss\u00fc I\u015f\u0131klar Mahallesi&#8217;nde deprem tedirginli\u011fi","datePublished":"2026-01-24T06:03:16+00:00","mainEntityOfPage":{"@id":"https:\/\/memurunsesi.net\/index.php\/2026\/01\/24\/merkez-ussu-isiklar-mahallesinde-deprem-tedirginligi\/"},"wordCount":99,"commentCount":0,"publisher":{"@id":"https:\/\/memurunsesi.net\/#organization"},"image":{"@id":"https:\/\/memurunsesi.net\/index.php\/2026\/01\/24\/merkez-ussu-isiklar-mahallesinde-deprem-tedirginligi\/#primaryimage"},"thumbnailUrl":"https:\/\/memurunsesi.net\/wp-content\/uploads\/2026\/01\/deprem-5.jpg","keywords":["deprem"],"inLanguage":"tr","potentialAction":[{"@type":"CommentAction","name":"Comment","target":["https:\/\/memurunsesi.net\/index.php\/2026\/01\/24\/merkez-ussu-isiklar-mahallesinde-deprem-tedirginligi\/#respond"]}]},{"@type":"WebPage","@id":"https:\/\/memurunsesi.net\/index.php\/2026\/01\/24\/merkez-ussu-isiklar-mahallesinde-deprem-tedirginligi\/","url":"https:\/\/memurunsesi.net\/index.php\/2026\/01\/24\/merkez-ussu-isiklar-mahallesinde-deprem-tedirginligi\/","name":"Merkez \u00fcss\u00fc I\u015f\u0131klar Mahallesi'nde deprem tedirginli\u011fi - Memurun Sesi","isPartOf":{"@id":"https:\/\/memurunsesi.net\/#website"},"primaryImageOfPage":{"@id":"https:\/\/memurunsesi.net\/index.php\/2026\/01\/24\/merkez-ussu-isiklar-mahallesinde-deprem-tedirginligi\/#primaryimage"},"image":{"@id":"https:\/\/memurunsesi.net\/index.php\/2026\/01\/24\/merkez-ussu-isiklar-mahallesinde-deprem-tedirginligi\/#primaryimage"},"thumbnailUrl":"https:\/\/memurunsesi.net\/wp-content\/uploads\/2026\/01\/deprem-5.jpg","datePublished":"2026-01-24T06:03:16+00:00","description":"\u00a0Bal\u0131kesir'in S\u0131nd\u0131rg\u0131 il\u00e7esinde meydana gelen 5.1 \u015fiddetindeki depremin merkez \u00fcss\u00fc k\u0131rsal I\u015f\u0131klar Mahallesinde oturan vatanda\u015flar tedirgin.","breadcrumb":{"@id":"https:\/\/memurunsesi.net\/index.php\/2026\/01\/24\/merkez-ussu-isiklar-mahallesinde-deprem-tedirginligi\/#breadcrumb"},"inLanguage":"tr","potentialAction":[{"@type":"ReadAction","target":["https:\/\/memurunsesi.net\/index.php\/2026\/01\/24\/merkez-ussu-isiklar-mahallesinde-deprem-tedirginligi\/"]}]},{"@type":"ImageObject","inLanguage":"tr","@id":"https:\/\/memurunsesi.net\/index.php\/2026\/01\/24\/merkez-ussu-isiklar-mahallesinde-deprem-tedirginligi\/#primaryimage","url":"https:\/\/memurunsesi.net\/wp-content\/uploads\/2026\/01\/deprem-5.jpg","contentUrl":"https:\/\/memurunsesi.net\/wp-content\/uploads\/2026\/01\/deprem-5.jpg","width":1600,"height":1200,"caption":"MERKEZ \u00dcSS\u00dc I\u015eIKLAR MAHALLES\u0130'NDE DEPREM TED\u0130RG\u0130NL\u0130\u011e\u0130 (MURAT SEYMAN\/BALIKES\u0130R-\u0130HA) Bal\u0131kesir'in S\u0131nd\u0131rg\u0131 il\u00e7esinde meydana gelen 5.1 \u015fiddetindeki depremin merkez \u00fcss\u00fc k\u0131rsal I\u015f\u0131klar Mahallesinde oturan vatanda\u015flar tedirgin. Depremden sonra evlerini terk eden I\u015f\u0131klar sakinleri gece yar\u0131s\u0131 olmas\u0131na ra\u011fmen halen evlerine geri d\u00f6nmedi. B\u00f6lgede AFAD ve Bal\u0131kesir B\u00fcy\u00fck\u015fehir Belediyesine ba\u011fl\u0131 itfaiye ekipleri vatanda\u015flar\u0131n ihtiya\u00e7lar\u0131n\u0131 gidermek i\u00e7in haz\u0131r bekletilirken vatanda\u015flar\u0131n evlerin bah\u00e7elerinde ve giri\u015f katlar\u0131nda \u0131s\u0131nmak i\u00e7in ate\u015f yakt\u0131klar\u0131 g\u00f6r\u00fcld\u00fc."},{"@type":"BreadcrumbList","@id":"https:\/\/memurunsesi.net\/index.php\/2026\/01\/24\/merkez-ussu-isiklar-mahallesinde-deprem-tedirginligi\/#breadcrumb","itemListElement":[{"@type":"ListItem","position":1,"name":"Anasayfa","item":"https:\/\/memurunsesi.net\/"},{"@type":"ListItem","position":2,"name":"Merkez \u00fcss\u00fc I\u015f\u0131klar Mahallesi&#8217;nde deprem tedirginli\u011fi"}]},{"@type":"WebSite","@id":"https:\/\/memurunsesi.net\/#website","url":"https:\/\/memurunsesi.net\/","name":"Memurun Sesi","description":"G\u00fcncel ve Do\u011fru Haber","publisher":{"@id":"https:\/\/memurunsesi.net\/#organization"},"potentialAction":[{"@type":"SearchAction","target":{"@type":"EntryPoint","urlTemplate":"https:\/\/memurunsesi.net\/?s={search_term_string}"},"query-input":{"@type":"PropertyValueSpecification","valueRequired":true,"valueName":"search_term_string"}}],"inLanguage":"tr"},{"@type":"Organization","@id":"https:\/\/memurunsesi.net\/#organization","name":"Memurun Sesi","url":"https:\/\/memurunsesi.net\/","logo":{"@type":"ImageObject","inLanguage":"tr","@id":"https:\/\/memurunsesi.net\/#\/schema\/logo\/image\/","url":"https:\/\/memurunsesi.net\/wp-content\/uploads\/2025\/11\/cropped-MEMURUN-SESI.png","contentUrl":"https:\/\/memurunsesi.net\/wp-content\/uploads\/2025\/11\/cropped-MEMURUN-SESI.png","width":238,"height":57,"caption":"Memurun Sesi"},"image":{"@id":"https:\/\/memurunsesi.net\/#\/schema\/logo\/image\/"},"sameAs":["https:\/\/www.facebook.com\/unipersen\/?locale=tr_TR","https:\/\/x.com\/unipersen"]},{"@type":"Person","@id":"https:\/\/memurunsesi.net\/#\/schema\/person\/f21c2d73b89f6ee1d80b0a1803e38587","name":"Memurun Sesi Haber Merkezi","image":{"@type":"ImageObject","inLanguage":"tr","@id":"https:\/\/secure.gravatar.com\/avatar\/6cf0505f452ee753f485014986fab09a434671d2b919ee76fc541025c5876a70?s=96&d=mm&r=g","url":"https:\/\/secure.gravatar.com\/avatar\/6cf0505f452ee753f485014986fab09a434671d2b919ee76fc541025c5876a70?s=96&d=mm&r=g","contentUrl":"https:\/\/secure.gravatar.com\/avatar\/6cf0505f452ee753f485014986fab09a434671d2b919ee76fc541025c5876a70?s=96&d=mm&r=g","caption":"Memurun Sesi Haber Merkezi"},"sameAs":["https:\/\/memurunsesi.net"],"url":"https:\/\/memurunsesi.net\/index.php\/author\/uniper\/"}]}},"_links":{"self":[{"href":"https:\/\/memurunsesi.net\/index.php\/wp-json\/wp\/v2\/posts\/16732","targetHints":{"allow":["GET"]}}],"collection":[{"href":"https:\/\/memurunsesi.net\/index.php\/wp-json\/wp\/v2\/posts"}],"about":[{"href":"https:\/\/memurunsesi.net\/index.php\/wp-json\/wp\/v2\/types\/post"}],"author":[{"embeddable":true,"href":"https:\/\/memurunsesi.net\/index.php\/wp-json\/wp\/v2\/users\/1"}],"replies":[{"embeddable":true,"href":"https:\/\/memurunsesi.net\/index.php\/wp-json\/wp\/v2\/comments?post=16732"}],"version-history":[{"count":1,"href":"https:\/\/memurunsesi.net\/index.php\/wp-json\/wp\/v2\/posts\/16732\/revisions"}],"predecessor-version":[{"id":16734,"href":"https:\/\/memurunsesi.net\/index.php\/wp-json\/wp\/v2\/posts\/16732\/revisions\/16734"}],"wp:featuredmedia":[{"embeddable":true,"href":"https:\/\/memurunsesi.net\/index.php\/wp-json\/wp\/v2\/media\/16733"}],"wp:attachment":[{"href":"https:\/\/memurunsesi.net\/index.php\/wp-json\/wp\/v2\/media?parent=16732"}],"wp:term":[{"taxonomy":"category","embeddable":true,"href":"https:\/\/memurunsesi.net\/index.php\/wp-json\/wp\/v2\/categories?post=16732"},{"taxonomy":"post_tag","embeddable":true,"href":"https:\/\/memurunsesi.net\/index.php\/wp-json\/wp\/v2\/tags?post=16732"}],"curies":[{"name":"wp","href":"https:\/\/api.w.org\/{rel}","templated":true}]}}