{"id":16735,"date":"2026-01-24T09:06:14","date_gmt":"2026-01-24T06:06:14","guid":{"rendered":"https:\/\/memurunsesi.net\/?p=16735"},"modified":"2026-01-24T09:06:14","modified_gmt":"2026-01-24T06:06:14","slug":"adanada-fabrika-yangini","status":"publish","type":"post","link":"https:\/\/memurunsesi.net\/index.php\/2026\/01\/24\/adanada-fabrika-yangini\/","title":{"rendered":"Adana\u2019da fabrika yang\u0131n\u0131"},"content":{"rendered":"<p>&#8211; Fabrikada \u00e7\u0131kan yang\u0131nda 1 saatlik \u00e7al\u0131\u015fman\u0131n ard\u0131ndan kontrol alt\u0131na al\u0131n\u0131rken so\u011futma \u00e7al\u0131\u015fmalar\u0131 devam ediyor<\/p>\n<p>Adana\u2019da dip\u00e7ik, parke, panel \u00fcretimi yapan bir fabrikada yang\u0131n \u00e7\u0131kt\u0131. \u0130tfaiye ekipleri yang\u0131n\u0131 kontrol alt\u0131na al\u0131rken so\u011futma \u00e7al\u0131\u015fmas\u0131 s\u00fcr\u00fcyor.<br \/>\nYang\u0131n, saat 00.15 s\u0131ralar\u0131nda Sar\u0131\u00e7am il\u00e7esine ba\u011fl\u0131 Ac\u0131dere Mahallesi Organize Sanayi B\u00f6lgesi\u2019ndeki dip\u00e7ik, parke, panel \u00fcretimi yapan Denli A.\u015e. fabrikas\u0131nda meydana geldi. \u0130ddiaya g\u00f6re, i\u00e7eriden patlama sesi duyan fabrika bek\u00e7isi, bir anda alevlerin y\u00fckseldi\u011fini g\u00f6rd\u00fc. Bunun \u00fczerine durumu 112 Acil \u00c7a\u011fr\u0131 Merkezine bildirdi. B\u00f6lgeye \u00e7ok say\u0131da itfaiye ekibi sevk edildi. Ekipleri 1 saatlik m\u00fcdahalesiyle yang\u0131n kontrol alt\u0131na al\u0131nd\u0131. \u0130tfaiyenin yan\u0131 s\u0131ra yang\u0131na Toplumsal Olaylara M\u00fcdahale Arac\u0131da (TOMA) destek verdi.<br \/>\nAlevlerin y\u00fckseldi\u011fi fabrikada itfaiyenin so\u011futma \u00e7al\u0131\u015fmas\u0131 devam ediyor.<\/p>\n<p>24.01.2026<\/p>\n","protected":false},"excerpt":{"rendered":"<p>&#8211; Fabrikada \u00e7\u0131kan yang\u0131nda 1 saatlik \u00e7al\u0131\u015fman\u0131n ard\u0131ndan kontrol alt\u0131na al\u0131n\u0131rken so\u011futma \u00e7al\u0131\u015fmalar\u0131 devam ediyor Adana\u2019da dip\u00e7ik, parke, panel \u00fcretimi yapan bir fabrikada yang\u0131n \u00e7\u0131kt\u0131. \u0130tfaiye ekipleri yang\u0131n\u0131 kontrol alt\u0131na al\u0131rken so\u011futma \u00e7al\u0131\u015fmas\u0131 s\u00fcr\u00fcyor. Yang\u0131n, saat 00.15 s\u0131ralar\u0131nda Sar\u0131\u00e7am il\u00e7esine ba\u011fl\u0131 Ac\u0131dere Mahallesi Organize Sanayi B\u00f6lgesi\u2019ndeki dip\u00e7ik, parke, panel \u00fcretimi yapan Denli A.\u015e. fabrikas\u0131nda meydana [&hellip;]<\/p>\n","protected":false},"author":1,"featured_media":16736,"comment_status":"open","ping_status":"open","sticky":false,"template":"","format":"standard","meta":{"footnotes":""},"categories":[1],"tags":[108],"class_list":["post-16735","post","type-post","status-publish","format-standard","has-post-thumbnail","hentry","category-genel","tag-yangin"],"yoast_head":"<!-- This site is optimized with the Yoast SEO plugin v27.4 - https:\/\/yoast.com\/product\/yoast-seo-wordpress\/ -->\n<title>Adana\u2019da fabrika yang\u0131n\u0131 - Memurun Sesi<\/title>\n<meta name=\"description\" content=\"\u00a0Adana\u2019da dip\u00e7ik, parke, panel \u00fcretimi yapan bir fabrikada yang\u0131n \u00e7\u0131kt\u0131. \u0130tfaiye ekipleri yang\u0131n\u0131 kontrol alt\u0131na al\u0131rken so\u011futma \u00e7al\u0131\u015fmas\u0131 s\u00fcr\u00fcyor.\" \/>\n<meta name=\"robots\" content=\"index, follow, max-snippet:-1, max-image-preview:large, max-video-preview:-1\" \/>\n<link rel=\"canonical\" href=\"https:\/\/memurunsesi.net\/index.php\/2026\/01\/24\/adanada-fabrika-yangini\/\" \/>\n<meta property=\"og:locale\" content=\"tr_TR\" \/>\n<meta property=\"og:type\" content=\"article\" \/>\n<meta property=\"og:title\" content=\"Adana\u2019da fabrika yang\u0131n\u0131 - Memurun Sesi\" \/>\n<meta property=\"og:description\" content=\"\u00a0Adana\u2019da dip\u00e7ik, parke, panel \u00fcretimi yapan bir fabrikada yang\u0131n \u00e7\u0131kt\u0131. \u0130tfaiye ekipleri yang\u0131n\u0131 kontrol alt\u0131na al\u0131rken so\u011futma \u00e7al\u0131\u015fmas\u0131 s\u00fcr\u00fcyor.\" \/>\n<meta property=\"og:url\" content=\"https:\/\/memurunsesi.net\/index.php\/2026\/01\/24\/adanada-fabrika-yangini\/\" \/>\n<meta property=\"og:site_name\" content=\"Memurun Sesi\" \/>\n<meta property=\"article:publisher\" content=\"https:\/\/www.facebook.com\/unipersen\/?locale=tr_TR\" \/>\n<meta property=\"article:published_time\" content=\"2026-01-24T06:06:14+00:00\" \/>\n<meta property=\"og:image\" content=\"https:\/\/memurunsesi.net\/wp-content\/uploads\/2026\/01\/adana-scaled.jpg\" \/>\n\t<meta property=\"og:image:width\" content=\"2560\" \/>\n\t<meta property=\"og:image:height\" content=\"1707\" \/>\n\t<meta property=\"og:image:type\" content=\"image\/jpeg\" \/>\n<meta name=\"author\" content=\"Memurun Sesi Haber Merkezi\" \/>\n<meta name=\"twitter:card\" content=\"summary_large_image\" \/>\n<meta name=\"twitter:creator\" content=\"@unipersen\" \/>\n<meta name=\"twitter:site\" content=\"@unipersen\" \/>\n<meta name=\"twitter:label1\" content=\"Yazan:\" \/>\n\t<meta name=\"twitter:data1\" content=\"Memurun Sesi Haber Merkezi\" \/>\n\t<meta name=\"twitter:label2\" content=\"Tahmini okuma s\u00fcresi\" \/>\n\t<meta name=\"twitter:data2\" content=\"1 dakika\" \/>\n<script type=\"application\/ld+json\" class=\"yoast-schema-graph\">{\"@context\":\"https:\\\/\\\/schema.org\",\"@graph\":[{\"@type\":\"Article\",\"@id\":\"https:\\\/\\\/memurunsesi.net\\\/index.php\\\/2026\\\/01\\\/24\\\/adanada-fabrika-yangini\\\/#article\",\"isPartOf\":{\"@id\":\"https:\\\/\\\/memurunsesi.net\\\/index.php\\\/2026\\\/01\\\/24\\\/adanada-fabrika-yangini\\\/\"},\"author\":{\"name\":\"Memurun Sesi Haber Merkezi\",\"@id\":\"https:\\\/\\\/memurunsesi.net\\\/#\\\/schema\\\/person\\\/f21c2d73b89f6ee1d80b0a1803e38587\"},\"headline\":\"Adana\u2019da fabrika yang\u0131n\u0131\",\"datePublished\":\"2026-01-24T06:06:14+00:00\",\"mainEntityOfPage\":{\"@id\":\"https:\\\/\\\/memurunsesi.net\\\/index.php\\\/2026\\\/01\\\/24\\\/adanada-fabrika-yangini\\\/\"},\"wordCount\":163,\"commentCount\":0,\"publisher\":{\"@id\":\"https:\\\/\\\/memurunsesi.net\\\/#organization\"},\"image\":{\"@id\":\"https:\\\/\\\/memurunsesi.net\\\/index.php\\\/2026\\\/01\\\/24\\\/adanada-fabrika-yangini\\\/#primaryimage\"},\"thumbnailUrl\":\"https:\\\/\\\/memurunsesi.net\\\/wp-content\\\/uploads\\\/2026\\\/01\\\/adana-scaled.jpg\",\"keywords\":[\"yang\u0131n\"],\"inLanguage\":\"tr\",\"potentialAction\":[{\"@type\":\"CommentAction\",\"name\":\"Comment\",\"target\":[\"https:\\\/\\\/memurunsesi.net\\\/index.php\\\/2026\\\/01\\\/24\\\/adanada-fabrika-yangini\\\/#respond\"]}]},{\"@type\":\"WebPage\",\"@id\":\"https:\\\/\\\/memurunsesi.net\\\/index.php\\\/2026\\\/01\\\/24\\\/adanada-fabrika-yangini\\\/\",\"url\":\"https:\\\/\\\/memurunsesi.net\\\/index.php\\\/2026\\\/01\\\/24\\\/adanada-fabrika-yangini\\\/\",\"name\":\"Adana\u2019da fabrika yang\u0131n\u0131 - Memurun Sesi\",\"isPartOf\":{\"@id\":\"https:\\\/\\\/memurunsesi.net\\\/#website\"},\"primaryImageOfPage\":{\"@id\":\"https:\\\/\\\/memurunsesi.net\\\/index.php\\\/2026\\\/01\\\/24\\\/adanada-fabrika-yangini\\\/#primaryimage\"},\"image\":{\"@id\":\"https:\\\/\\\/memurunsesi.net\\\/index.php\\\/2026\\\/01\\\/24\\\/adanada-fabrika-yangini\\\/#primaryimage\"},\"thumbnailUrl\":\"https:\\\/\\\/memurunsesi.net\\\/wp-content\\\/uploads\\\/2026\\\/01\\\/adana-scaled.jpg\",\"datePublished\":\"2026-01-24T06:06:14+00:00\",\"description\":\"\u00a0Adana\u2019da dip\u00e7ik, parke, panel \u00fcretimi yapan bir fabrikada yang\u0131n \u00e7\u0131kt\u0131. \u0130tfaiye ekipleri yang\u0131n\u0131 kontrol alt\u0131na al\u0131rken so\u011futma \u00e7al\u0131\u015fmas\u0131 s\u00fcr\u00fcyor.\",\"breadcrumb\":{\"@id\":\"https:\\\/\\\/memurunsesi.net\\\/index.php\\\/2026\\\/01\\\/24\\\/adanada-fabrika-yangini\\\/#breadcrumb\"},\"inLanguage\":\"tr\",\"potentialAction\":[{\"@type\":\"ReadAction\",\"target\":[\"https:\\\/\\\/memurunsesi.net\\\/index.php\\\/2026\\\/01\\\/24\\\/adanada-fabrika-yangini\\\/\"]}]},{\"@type\":\"ImageObject\",\"inLanguage\":\"tr\",\"@id\":\"https:\\\/\\\/memurunsesi.net\\\/index.php\\\/2026\\\/01\\\/24\\\/adanada-fabrika-yangini\\\/#primaryimage\",\"url\":\"https:\\\/\\\/memurunsesi.net\\\/wp-content\\\/uploads\\\/2026\\\/01\\\/adana-scaled.jpg\",\"contentUrl\":\"https:\\\/\\\/memurunsesi.net\\\/wp-content\\\/uploads\\\/2026\\\/01\\\/adana-scaled.jpg\",\"width\":2560,\"height\":1707,\"caption\":\"ADANA'DA D\u0130P\u00c7\u0130K, PARKE, PANEL \u00dcRET\u0130M\u0130 YAPAN B\u0130R FABR\u0130KADA YANGIN \u00c7IKTI. \u0130TFA\u0130YE EK\u0130PLER\u0130 YANGINI KONTROL ALTINA ALIRKEN SO\u011eUTMA \u00c7ALI\u015eMASI S\u00dcR\u00dcYOR. (S\u00dcLEYMAN CENK \u0130DAYE\\\/ADANA-\u0130HA) Adana'da dip\u00e7ik, parke, panel \u00fcretimi yapan bir fabrikada yang\u0131n \u00e7\u0131kt\u0131. \u0130tfaiye ekipleri yang\u0131n\u0131 kontrol alt\u0131na al\u0131rken so\u011futma \u00e7al\u0131\u015fmas\u0131 s\u00fcr\u00fcyor.\"},{\"@type\":\"BreadcrumbList\",\"@id\":\"https:\\\/\\\/memurunsesi.net\\\/index.php\\\/2026\\\/01\\\/24\\\/adanada-fabrika-yangini\\\/#breadcrumb\",\"itemListElement\":[{\"@type\":\"ListItem\",\"position\":1,\"name\":\"Anasayfa\",\"item\":\"https:\\\/\\\/memurunsesi.net\\\/\"},{\"@type\":\"ListItem\",\"position\":2,\"name\":\"Adana\u2019da fabrika yang\u0131n\u0131\"}]},{\"@type\":\"WebSite\",\"@id\":\"https:\\\/\\\/memurunsesi.net\\\/#website\",\"url\":\"https:\\\/\\\/memurunsesi.net\\\/\",\"name\":\"Memurun Sesi\",\"description\":\"G\u00fcncel ve Do\u011fru Haber\",\"publisher\":{\"@id\":\"https:\\\/\\\/memurunsesi.net\\\/#organization\"},\"potentialAction\":[{\"@type\":\"SearchAction\",\"target\":{\"@type\":\"EntryPoint\",\"urlTemplate\":\"https:\\\/\\\/memurunsesi.net\\\/?s={search_term_string}\"},\"query-input\":{\"@type\":\"PropertyValueSpecification\",\"valueRequired\":true,\"valueName\":\"search_term_string\"}}],\"inLanguage\":\"tr\"},{\"@type\":\"Organization\",\"@id\":\"https:\\\/\\\/memurunsesi.net\\\/#organization\",\"name\":\"Memurun Sesi\",\"url\":\"https:\\\/\\\/memurunsesi.net\\\/\",\"logo\":{\"@type\":\"ImageObject\",\"inLanguage\":\"tr\",\"@id\":\"https:\\\/\\\/memurunsesi.net\\\/#\\\/schema\\\/logo\\\/image\\\/\",\"url\":\"https:\\\/\\\/memurunsesi.net\\\/wp-content\\\/uploads\\\/2025\\\/11\\\/cropped-MEMURUN-SESI.png\",\"contentUrl\":\"https:\\\/\\\/memurunsesi.net\\\/wp-content\\\/uploads\\\/2025\\\/11\\\/cropped-MEMURUN-SESI.png\",\"width\":238,\"height\":57,\"caption\":\"Memurun Sesi\"},\"image\":{\"@id\":\"https:\\\/\\\/memurunsesi.net\\\/#\\\/schema\\\/logo\\\/image\\\/\"},\"sameAs\":[\"https:\\\/\\\/www.facebook.com\\\/unipersen\\\/?locale=tr_TR\",\"https:\\\/\\\/x.com\\\/unipersen\"]},{\"@type\":\"Person\",\"@id\":\"https:\\\/\\\/memurunsesi.net\\\/#\\\/schema\\\/person\\\/f21c2d73b89f6ee1d80b0a1803e38587\",\"name\":\"Memurun Sesi Haber Merkezi\",\"image\":{\"@type\":\"ImageObject\",\"inLanguage\":\"tr\",\"@id\":\"https:\\\/\\\/secure.gravatar.com\\\/avatar\\\/6cf0505f452ee753f485014986fab09a434671d2b919ee76fc541025c5876a70?s=96&d=mm&r=g\",\"url\":\"https:\\\/\\\/secure.gravatar.com\\\/avatar\\\/6cf0505f452ee753f485014986fab09a434671d2b919ee76fc541025c5876a70?s=96&d=mm&r=g\",\"contentUrl\":\"https:\\\/\\\/secure.gravatar.com\\\/avatar\\\/6cf0505f452ee753f485014986fab09a434671d2b919ee76fc541025c5876a70?s=96&d=mm&r=g\",\"caption\":\"Memurun Sesi Haber Merkezi\"},\"sameAs\":[\"https:\\\/\\\/memurunsesi.net\"],\"url\":\"https:\\\/\\\/memurunsesi.net\\\/index.php\\\/author\\\/uniper\\\/\"}]}<\/script>\n<!-- \/ Yoast SEO plugin. -->","yoast_head_json":{"title":"Adana\u2019da fabrika yang\u0131n\u0131 - Memurun Sesi","description":"\u00a0Adana\u2019da dip\u00e7ik, parke, panel \u00fcretimi yapan bir fabrikada yang\u0131n \u00e7\u0131kt\u0131. \u0130tfaiye ekipleri yang\u0131n\u0131 kontrol alt\u0131na al\u0131rken so\u011futma \u00e7al\u0131\u015fmas\u0131 s\u00fcr\u00fcyor.","robots":{"index":"index","follow":"follow","max-snippet":"max-snippet:-1","max-image-preview":"max-image-preview:large","max-video-preview":"max-video-preview:-1"},"canonical":"https:\/\/memurunsesi.net\/index.php\/2026\/01\/24\/adanada-fabrika-yangini\/","og_locale":"tr_TR","og_type":"article","og_title":"Adana\u2019da fabrika yang\u0131n\u0131 - Memurun Sesi","og_description":"\u00a0Adana\u2019da dip\u00e7ik, parke, panel \u00fcretimi yapan bir fabrikada yang\u0131n \u00e7\u0131kt\u0131. \u0130tfaiye ekipleri yang\u0131n\u0131 kontrol alt\u0131na al\u0131rken so\u011futma \u00e7al\u0131\u015fmas\u0131 s\u00fcr\u00fcyor.","og_url":"https:\/\/memurunsesi.net\/index.php\/2026\/01\/24\/adanada-fabrika-yangini\/","og_site_name":"Memurun Sesi","article_publisher":"https:\/\/www.facebook.com\/unipersen\/?locale=tr_TR","article_published_time":"2026-01-24T06:06:14+00:00","og_image":[{"width":2560,"height":1707,"url":"https:\/\/memurunsesi.net\/wp-content\/uploads\/2026\/01\/adana-scaled.jpg","type":"image\/jpeg"}],"author":"Memurun Sesi Haber Merkezi","twitter_card":"summary_large_image","twitter_creator":"@unipersen","twitter_site":"@unipersen","twitter_misc":{"Yazan:":"Memurun Sesi Haber Merkezi","Tahmini okuma s\u00fcresi":"1 dakika"},"schema":{"@context":"https:\/\/schema.org","@graph":[{"@type":"Article","@id":"https:\/\/memurunsesi.net\/index.php\/2026\/01\/24\/adanada-fabrika-yangini\/#article","isPartOf":{"@id":"https:\/\/memurunsesi.net\/index.php\/2026\/01\/24\/adanada-fabrika-yangini\/"},"author":{"name":"Memurun Sesi Haber Merkezi","@id":"https:\/\/memurunsesi.net\/#\/schema\/person\/f21c2d73b89f6ee1d80b0a1803e38587"},"headline":"Adana\u2019da fabrika yang\u0131n\u0131","datePublished":"2026-01-24T06:06:14+00:00","mainEntityOfPage":{"@id":"https:\/\/memurunsesi.net\/index.php\/2026\/01\/24\/adanada-fabrika-yangini\/"},"wordCount":163,"commentCount":0,"publisher":{"@id":"https:\/\/memurunsesi.net\/#organization"},"image":{"@id":"https:\/\/memurunsesi.net\/index.php\/2026\/01\/24\/adanada-fabrika-yangini\/#primaryimage"},"thumbnailUrl":"https:\/\/memurunsesi.net\/wp-content\/uploads\/2026\/01\/adana-scaled.jpg","keywords":["yang\u0131n"],"inLanguage":"tr","potentialAction":[{"@type":"CommentAction","name":"Comment","target":["https:\/\/memurunsesi.net\/index.php\/2026\/01\/24\/adanada-fabrika-yangini\/#respond"]}]},{"@type":"WebPage","@id":"https:\/\/memurunsesi.net\/index.php\/2026\/01\/24\/adanada-fabrika-yangini\/","url":"https:\/\/memurunsesi.net\/index.php\/2026\/01\/24\/adanada-fabrika-yangini\/","name":"Adana\u2019da fabrika yang\u0131n\u0131 - Memurun Sesi","isPartOf":{"@id":"https:\/\/memurunsesi.net\/#website"},"primaryImageOfPage":{"@id":"https:\/\/memurunsesi.net\/index.php\/2026\/01\/24\/adanada-fabrika-yangini\/#primaryimage"},"image":{"@id":"https:\/\/memurunsesi.net\/index.php\/2026\/01\/24\/adanada-fabrika-yangini\/#primaryimage"},"thumbnailUrl":"https:\/\/memurunsesi.net\/wp-content\/uploads\/2026\/01\/adana-scaled.jpg","datePublished":"2026-01-24T06:06:14+00:00","description":"\u00a0Adana\u2019da dip\u00e7ik, parke, panel \u00fcretimi yapan bir fabrikada yang\u0131n \u00e7\u0131kt\u0131. \u0130tfaiye ekipleri yang\u0131n\u0131 kontrol alt\u0131na al\u0131rken so\u011futma \u00e7al\u0131\u015fmas\u0131 s\u00fcr\u00fcyor.","breadcrumb":{"@id":"https:\/\/memurunsesi.net\/index.php\/2026\/01\/24\/adanada-fabrika-yangini\/#breadcrumb"},"inLanguage":"tr","potentialAction":[{"@type":"ReadAction","target":["https:\/\/memurunsesi.net\/index.php\/2026\/01\/24\/adanada-fabrika-yangini\/"]}]},{"@type":"ImageObject","inLanguage":"tr","@id":"https:\/\/memurunsesi.net\/index.php\/2026\/01\/24\/adanada-fabrika-yangini\/#primaryimage","url":"https:\/\/memurunsesi.net\/wp-content\/uploads\/2026\/01\/adana-scaled.jpg","contentUrl":"https:\/\/memurunsesi.net\/wp-content\/uploads\/2026\/01\/adana-scaled.jpg","width":2560,"height":1707,"caption":"ADANA'DA D\u0130P\u00c7\u0130K, PARKE, PANEL \u00dcRET\u0130M\u0130 YAPAN B\u0130R FABR\u0130KADA YANGIN \u00c7IKTI. \u0130TFA\u0130YE EK\u0130PLER\u0130 YANGINI KONTROL ALTINA ALIRKEN SO\u011eUTMA \u00c7ALI\u015eMASI S\u00dcR\u00dcYOR. (S\u00dcLEYMAN CENK \u0130DAYE\/ADANA-\u0130HA) Adana'da dip\u00e7ik, parke, panel \u00fcretimi yapan bir fabrikada yang\u0131n \u00e7\u0131kt\u0131. \u0130tfaiye ekipleri yang\u0131n\u0131 kontrol alt\u0131na al\u0131rken so\u011futma \u00e7al\u0131\u015fmas\u0131 s\u00fcr\u00fcyor."},{"@type":"BreadcrumbList","@id":"https:\/\/memurunsesi.net\/index.php\/2026\/01\/24\/adanada-fabrika-yangini\/#breadcrumb","itemListElement":[{"@type":"ListItem","position":1,"name":"Anasayfa","item":"https:\/\/memurunsesi.net\/"},{"@type":"ListItem","position":2,"name":"Adana\u2019da fabrika yang\u0131n\u0131"}]},{"@type":"WebSite","@id":"https:\/\/memurunsesi.net\/#website","url":"https:\/\/memurunsesi.net\/","name":"Memurun Sesi","description":"G\u00fcncel ve Do\u011fru Haber","publisher":{"@id":"https:\/\/memurunsesi.net\/#organization"},"potentialAction":[{"@type":"SearchAction","target":{"@type":"EntryPoint","urlTemplate":"https:\/\/memurunsesi.net\/?s={search_term_string}"},"query-input":{"@type":"PropertyValueSpecification","valueRequired":true,"valueName":"search_term_string"}}],"inLanguage":"tr"},{"@type":"Organization","@id":"https:\/\/memurunsesi.net\/#organization","name":"Memurun Sesi","url":"https:\/\/memurunsesi.net\/","logo":{"@type":"ImageObject","inLanguage":"tr","@id":"https:\/\/memurunsesi.net\/#\/schema\/logo\/image\/","url":"https:\/\/memurunsesi.net\/wp-content\/uploads\/2025\/11\/cropped-MEMURUN-SESI.png","contentUrl":"https:\/\/memurunsesi.net\/wp-content\/uploads\/2025\/11\/cropped-MEMURUN-SESI.png","width":238,"height":57,"caption":"Memurun Sesi"},"image":{"@id":"https:\/\/memurunsesi.net\/#\/schema\/logo\/image\/"},"sameAs":["https:\/\/www.facebook.com\/unipersen\/?locale=tr_TR","https:\/\/x.com\/unipersen"]},{"@type":"Person","@id":"https:\/\/memurunsesi.net\/#\/schema\/person\/f21c2d73b89f6ee1d80b0a1803e38587","name":"Memurun Sesi Haber Merkezi","image":{"@type":"ImageObject","inLanguage":"tr","@id":"https:\/\/secure.gravatar.com\/avatar\/6cf0505f452ee753f485014986fab09a434671d2b919ee76fc541025c5876a70?s=96&d=mm&r=g","url":"https:\/\/secure.gravatar.com\/avatar\/6cf0505f452ee753f485014986fab09a434671d2b919ee76fc541025c5876a70?s=96&d=mm&r=g","contentUrl":"https:\/\/secure.gravatar.com\/avatar\/6cf0505f452ee753f485014986fab09a434671d2b919ee76fc541025c5876a70?s=96&d=mm&r=g","caption":"Memurun Sesi Haber Merkezi"},"sameAs":["https:\/\/memurunsesi.net"],"url":"https:\/\/memurunsesi.net\/index.php\/author\/uniper\/"}]}},"_links":{"self":[{"href":"https:\/\/memurunsesi.net\/index.php\/wp-json\/wp\/v2\/posts\/16735","targetHints":{"allow":["GET"]}}],"collection":[{"href":"https:\/\/memurunsesi.net\/index.php\/wp-json\/wp\/v2\/posts"}],"about":[{"href":"https:\/\/memurunsesi.net\/index.php\/wp-json\/wp\/v2\/types\/post"}],"author":[{"embeddable":true,"href":"https:\/\/memurunsesi.net\/index.php\/wp-json\/wp\/v2\/users\/1"}],"replies":[{"embeddable":true,"href":"https:\/\/memurunsesi.net\/index.php\/wp-json\/wp\/v2\/comments?post=16735"}],"version-history":[{"count":1,"href":"https:\/\/memurunsesi.net\/index.php\/wp-json\/wp\/v2\/posts\/16735\/revisions"}],"predecessor-version":[{"id":16737,"href":"https:\/\/memurunsesi.net\/index.php\/wp-json\/wp\/v2\/posts\/16735\/revisions\/16737"}],"wp:featuredmedia":[{"embeddable":true,"href":"https:\/\/memurunsesi.net\/index.php\/wp-json\/wp\/v2\/media\/16736"}],"wp:attachment":[{"href":"https:\/\/memurunsesi.net\/index.php\/wp-json\/wp\/v2\/media?parent=16735"}],"wp:term":[{"taxonomy":"category","embeddable":true,"href":"https:\/\/memurunsesi.net\/index.php\/wp-json\/wp\/v2\/categories?post=16735"},{"taxonomy":"post_tag","embeddable":true,"href":"https:\/\/memurunsesi.net\/index.php\/wp-json\/wp\/v2\/tags?post=16735"}],"curies":[{"name":"wp","href":"https:\/\/api.w.org\/{rel}","templated":true}]}}