{"id":16744,"date":"2026-01-24T09:18:39","date_gmt":"2026-01-24T06:18:39","guid":{"rendered":"https:\/\/memurunsesi.net\/?p=16744"},"modified":"2026-01-24T09:18:39","modified_gmt":"2026-01-24T06:18:39","slug":"dicle-universitesi-rektorlugunden","status":"publish","type":"post","link":"https:\/\/memurunsesi.net\/index.php\/2026\/01\/24\/dicle-universitesi-rektorlugunden\/","title":{"rendered":"Dicle\u00a0\u00dcniversitesi\u00a0Rekt\u00f6rl\u00fc\u011f\u00fcnden"},"content":{"rendered":"<div>S\u00d6ZLE\u015eMEL\u0130 PERSONEL ALIM \u0130LANI<\/div>\n<div>\u00dcniversitemizde istihdam edilmek ve giderleri \u00d6zel B\u00fct\u00e7eden kar\u015f\u0131lanmak suretiyle; 657 say\u0131l\u0131 \u00a0Devlet \u00a0Memurlar\u0131 \u00a0Kanunu\u2019nun \u00a04. \u00a0maddesinin \u00a0(B) \u00a0f\u0131kras\u0131na \u00a0g\u00f6re tam \u00a0zamanl\u0131 \u00a0olarak \u00e7al\u0131\u015ft\u0131r\u0131lmak \u00fczere 28.06.2007 tarihli ve 26566 \u00a0say\u0131l\u0131 \u00a0Resm\u00ee \u00a0Gazete\u2019 de yay\u0131mlanan \u00a0S\u00f6zle\u015fmeli Personel \u00c7al\u0131\u015ft\u0131r\u0131lmas\u0131na \u0130li\u015fkin Esaslarda De\u011fi\u015fiklik Yap\u0131lmas\u0131na Dair Esaslarda yer alan Ek 2. maddesinin (b) f\u0131kras\u0131na g\u00f6re KPSS (B) grubu puan s\u0131ras\u0131 esas al\u0131nmak suretiyle a\u015fa\u011f\u0131da belirtilen unvan ve nitelikle s\u00f6zle\u015fmeli personel al\u0131m\u0131 yap\u0131lacakt\u0131r.<\/div>\n<p>&nbsp;<\/p>\n<table dir=\"ltr\" border=\"6\" cellspacing=\"2\" cellpadding=\"3\" data-sheets-baot=\"1\" data-sheets-root=\"1\">\n<tbody>\n<tr>\n<td><strong>KODU<\/strong><\/td>\n<td><strong>\u00dcNVANI<\/strong><\/td>\n<td><strong>\u00d6\u011eREN\u0130M<br \/>\nDURUMU<\/strong><\/td>\n<td><strong>PUAN<br \/>\nT\u00dcR\u00dc<\/strong><\/td>\n<td><strong>ADET<\/strong><\/td>\n<td><strong>C\u0130NS\u0130YET<\/strong><\/td>\n<td><strong>N\u0130TEL\u0130KLER\u0130<\/strong><\/td>\n<\/tr>\n<tr>\n<td>KG 01<\/td>\n<td>Koruma ve G\u00fcvenlik G\u00f6revlisi<\/td>\n<td>\u00d6n Lisans<\/td>\n<td>KPSS (P93)<\/td>\n<td>3<\/td>\n<td>E<\/td>\n<td>a) Herhangi bir \u00d6nlisans program\u0131ndan mezun olmak.<br \/>\nb) Son ba\u015fvuru tarihi itibar\u0131yla ge\u00e7erlilik s\u00fcresi dolmam\u0131\u015f olan silahs\u0131z \u00f6zel g\u00fcvenlik g\u00f6revlisi kimlik kart\u0131na sahip olmak.<br \/>\nc) 5188 say\u0131l\u0131 \u00d6zel G\u00fcvenlik Hizmetlerine Dair Kanunu\u2019nun 10 uncu maddesinde say\u0131lan \u015fartlara haiz olmak.<br \/>\n\u00e7) 170 cm\u2019den k\u0131sa olmamak ve boy uzunlu\u011funun cm cinsinden son 2 rakam\u0131 ile kilosu aras\u0131nda fark\u0131n 15\u2019den fazla 13\u2019den az olmamas\u0131. (\u00d6rne\u011fin boy uzunlu\u011fu 170 cm ise kilosu en fazla 70+15=85 kg ve en az 70-13=57 kg olmal\u0131d\u0131r.)<br \/>\nd) 2024 KPSS\u2019den en az 60 puan alm\u0131\u015f olmak.<br \/>\ne) Son ba\u015fvuru tarihi itibariyle 40 ya\u015f\u0131n\u0131 doldurmam\u0131\u015f olmak.<br \/>\nf) \u00dcniversitemiz ve ba\u011fl\u0131 birimlerinde g\u00f6revlendirilecektir.<\/td>\n<\/tr>\n<tr>\n<td>DES 01<\/td>\n<td>Destek Personeli<\/td>\n<td>Orta\u00f6\u011fretim<\/td>\n<td>KPSS (P94)<\/td>\n<td>2<\/td>\n<td>E<\/td>\n<td>a) Orta\u00f6\u011fretim kurumlar\u0131ndan (lise ve dengi okul) mezun olmak.<br \/>\nb) \u00dcniversitemiz birimlerinin a\u00e7\u0131k, kapal\u0131 (t\u00fcm merkezlerde) alanlar\u0131n temizli\u011fi, basit bak\u0131m ve onar\u0131m, \u0131s\u0131tma, so\u011futma gibi iklimlendirme hizmetleri, bah\u00e7e bak\u0131m\u0131 ve d\u00fczenlenmesi, da\u011f\u0131t\u0131m ve ta\u015f\u0131ma gibi hizmetleri yapmak.<br \/>\nc) &#8220;Hizmetli&#8221; kadrosuna ait benzeri i\u015f ve i\u015flemleri yapmas\u0131na engel olabilecek bir mazereti bulunmamak.<br \/>\nd) 2024 y\u0131l\u0131 KPSS\u2019den en az 60 puan alm\u0131\u015f olmak.<br \/>\ne) Son ba\u015fvuru tarihi itibariyle 35 ya\u015f\u0131n\u0131 doldurmam\u0131\u015f olmak.<br \/>\nf) \u00dcniversitemize ba\u011fl\u0131 t\u00fcm birimlerde g\u00f6rev yapacakt\u0131r.<\/td>\n<\/tr>\n<tr>\n<td colspan=\"4\" rowspan=\"1\">TOPLAM<\/td>\n<td>5<\/td>\n<td><\/td>\n<td><\/td>\n<\/tr>\n<\/tbody>\n<\/table>\n<p><strong>I- \u00a0GENEL VE \u00d6ZEL \u015eARTLAR<\/strong><\/p>\n<div>1- 657 say\u0131l\u0131 Devlet Memurlar\u0131 Kanunu\u2019nun 48. maddesinde belirtilen \u015fartlar\u0131 ta\u015f\u0131mak.<br \/>\n2- T\u00fcrk \u00a0Ceza \u00a0Kanunu\u2019nun \u00a053. \u00a0maddesinde \u00a0belirtilen \u00a0s\u00fcreler \u00a0ge\u00e7mi\u015f \u00a0olsa \u00a0bile \u00a0kasten i\u015flenen bir su\u00e7tan dolay\u0131 1 (bir) y\u0131l veya daha fazla s\u00fcre ile hapis cezas\u0131na ya da affa u\u011fram\u0131\u015f olsa bile Devletin g\u00fcvenli\u011fine kar\u015f\u0131 su\u00e7lar Anayasal d\u00fczene ve bu d\u00fczenin i\u015fleyi\u015fine kar\u015f\u0131 su\u00e7lar, Milli Savunmaya \u00a0kar\u015f\u0131 \u00a0su\u00e7lar, \u00a0Devlet \u00a0s\u0131rlar\u0131na \u00a0kar\u015f\u0131 \u00a0su\u00e7lar \u00a0ve \u00a0casusluk, \u00a0zimmet, \u00a0irtik\u00e2p, \u00a0r\u00fc\u015fvet, h\u0131rs\u0131zl\u0131k, \u00a0doland\u0131r\u0131c\u0131l\u0131k, \u00a0sahtecilik, \u00a0g\u00fcveni \u00a0k\u00f6t\u00fcye kullanma, hile \u00a0iflas, \u00a0ihaleye \u00a0fesat \u00a0kar\u0131\u015ft\u0131rma, edimin ifas\u0131na fesat kar\u0131\u015ft\u0131rma, su\u00e7tan kaynaklanan mal varl\u0131\u011f\u0131 de\u011ferlerini aklama veya ka\u00e7ak\u00e7\u0131l\u0131k su\u00e7lar\u0131ndan mahk\u00fbm olmamak.<br \/>\n3- \u00d6n lisans mezunlar\u0131 i\u00e7in 2024 KPSS (P93) ve orta\u00f6\u011fretim mezunlar\u0131 i\u00e7in 2024 KPSS (P94) s\u0131nav\u0131na girmi\u015f olmak.<br \/>\n4- Herhangi \u00a0bir \u00a0Sosyal \u00a0G\u00fcvenlik \u00a0Kurumundan \u00a0emeklilik \u00a0veya \u00a0ya\u015fl\u0131l\u0131k \u00a0ayl\u0131\u011f\u0131 \u00a0alm\u0131yor olmak.<br \/>\n5- Adaylar\u0131n, \u00a0657 \u00a0say\u0131l\u0131 \u00a0Devlet \u00a0Memurlar\u0131 \u00a0Kanunu\u2019nun \u00a04\/B \u00a0maddesinin \u00a0\u201cBu \u00a0\u015fekilde istihdam \u00a0edilenler, \u00a0hizmet \u00a0s\u00f6zle\u015fmesi \u00a0esaslar\u0131na \u00a0ayk\u0131r\u0131 \u00a0hareket \u00a0etmesi nedeniyle \u00a0kurumlar\u0131nca s\u00f6zle\u015fmelerinin \u00a0 feshedilmesi \u00a0 veya \u00a0 s\u00f6zle\u015fme \u00a0 d\u00f6nemi \u00a0 i\u00e7erisinde \u00a0 Cumhurba\u015fkan\u0131 \u00a0 karar\u0131 \u00a0 ile belirlenen istisnalar hari\u00e7 s\u00f6zle\u015fmeyi tek tarafl\u0131 feshetmeleri halinde fesih tarihinden, s\u00f6zle\u015fmeyi yenilememeleri h\u00e2linde s\u00f6zle\u015fmenin bitiminden itibaren bir y\u0131l ge\u00e7medik\u00e7e kurumlar\u0131n s\u00f6zle\u015fmeli personel pozisyonlar\u0131nda istihdam edilemezler.\u201d h\u00fckm\u00fcne uygun olmas\u0131.<br \/>\n6- Erkek adaylar i\u00e7in askerlik hizmetini yapm\u0131\u015f, muaf veya tecilli olmak.<br \/>\n7- Adaylarla \u00a0yap\u0131lacak \u00a0hizmet \u00a0s\u00f6zle\u015fmesinde \u00a0belirtilen \u00a0\u015fartlar\u0131 \u00a0yerine \u00a0getirmeyenlerin s\u00f6zle\u015fmeleri 1 (bir) ay i\u00e7inde feshedilecektir.<br \/>\n8- Kanun H\u00fckm\u00fcnde Kararname kapsam\u0131nda Kurumlar\u0131yla ili\u015fi\u011fi kesilenler ve s\u00f6zle\u015fmesi tek tarafl\u0131 fesih edilenler ba\u015fvuruda bulunamazlar.<br \/>\n9- N\u00f6bet, vardiya usul\u00fc \u00e7al\u0131\u015fmaya engel bir durumunun bulunmamas\u0131.<br \/>\n10-\u00c7e\u015fitli KHK ile kamu g\u00f6revinden \u00e7\u0131kar\u0131lanlar ba\u015fvuruda bulunamazlar.<br \/>\n11- G\u00f6revini devaml\u0131 yapmas\u0131na engel te\u015fkil edecek sa\u011fl\u0131k problemi bulunmad\u0131\u011f\u0131n\u0131 tam te\u015fekk\u00fcll\u00fc \u00a0bir \u00a0sa\u011fl\u0131k \u00a0kurulu\u015fundan \u00a0ald\u0131\u011f\u0131 \u00a0sa\u011fl\u0131k \u00a0raporu \u00a0ile belgelendirmek. (Atanmaya \u00a0hak kazanma durumunda istenecektir.)<br \/>\n12- Staj s\u00fcreleri mesleki deneyim olarak kabul edilmeyecektir.<br \/>\n13- Atanmaya \u00a0 hak \u00a0 kazanan \u00a0 adaylar \u00a0 ar\u015fiv \u00a0 ara\u015ft\u0131rmas\u0131 \u00a0 olumlu \u00a0 gelenlerin \u00a0 atamalar\u0131 yap\u0131lacakt\u0131r.<br \/>\n14-\u00dcniversitemiz, yay\u0131mlanan ilan\u0131 atama yap\u0131l\u0131ncaya kadar her a\u015famas\u0131nda iptal etme ve de\u011fi\u015fiklik yapma hakk\u0131na sahiptir.<br \/>\n15- Destek Personeli Pozisyonuna, ba\u015fvuracak adaylar\u0131n Orta\u00f6\u011fretim mezunu olup Herhangi bir \u00f6rg\u00fcn y\u00fcksek\u00f6\u011fretim kurumunda kayd\u0131 bulunanlar\u0131n ba\u015fvurular\u0131 kabul edilmeyecektir.(a\u00e7\u0131k ve uzaktan e\u011fitim hari\u00e7)<br \/>\n16- Ba\u015fvuruda \u00a0 bulunacak \u00a0 olan \u00a0 adaylar \u00a0 sadece \u00a0 1 \u00a0 (bir) \u00a0 adet \u00a0 pozisyona \u00a0 ba\u015fvuru yapacaklard\u0131r.<\/p>\n<p><strong>II-ONL\u0130NE BA\u015eVURUDA S\u0130STEME EKLENMES\u0130 GEREKEN BELGELER<\/strong><br \/>\n1- \u0130stenilen \u00a0alanda \u00a0diploma \u00a0veya \u00a0ge\u00e7ici \u00a0mezuniyet \u00a0belgesinin \u00a0sisteme \u00a0eklenmesi. \u00a0(e- Devlet Kap\u0131s\u0131ndan otomatik \u00e7ekilecektir. Bilgilerin gelmemesi halinde beyan edilebilecektir.)<br \/>\n2- Koruma ve G\u00fcvenlik G\u00f6revlisi i\u00e7in \u00f6zel g\u00fcvenlik g\u00f6revlisi \u00f6n ve arka y\u00fcz kimlik kart\u0131 eklenmesi.<br \/>\n3- Koruma ve G\u00fcvenlik G\u00f6revlisi i\u00e7in sa\u011fl\u0131k kurulu\u015fundan al\u0131nm\u0131\u015f hekim onayl\u0131 boy ve kilo \u00f6l\u00e7\u00fcm\u00fcn\u00fc g\u00f6sterir belgelerin eklenmesi.<br \/>\nBa\u015fvurular, \u00a0ilan\u0131n \u00a0Resm\u00ee \u00a0Gazete\u2019 \u00a0de \u00a0yay\u0131mland\u0131\u011f\u0131 \u00a0tarihten \u00a0itibaren \u00a015 \u00a0(onbe\u015f) \u00a0g\u00fcn i\u00e7erisinde \u00a0e-Devlet \u00a0Kap\u0131s\u0131 \u00a0\u201cDicle \u00a0\u00dcniversitesi-Kariyer \u00a0Kap\u0131s\u0131 \u00a0Kamu \u00a0\u0130\u015fe Al\u0131m\u201d \u00a0hizmeti \u00a0veya \u201cKariyer \u00a0Kap\u0131s\u0131\u201d\u00a0<strong><a href=\"https:\/\/kariyerkapisi.gov.tr\/isealim\" target=\"_blank\" rel=\"noopener\">https:\/\/kariyerkapisi.gov.tr\/isealim<\/a><\/strong>\u00a0\u00a0internet \u00a0adresi \u00a0\u00fczerinden \u00a0yap\u0131lacakt\u0131r. \u00a0(Son ba\u015fvuru g\u00fcn\u00fc saat 23.59\u2019a kadard\u0131r.)<br \/>\nAdaylar\u0131n \u015fahsen veya posta yolu ile yapacaklar\u0131 ba\u015fvurular kabul edilmeyecektir.<br \/>\nBa\u015fvuru \u00a0s\u00fcresince \u00a0adaylar \u00a0mevcut \u00a0ba\u015fvurular\u0131nda \u00a0g\u00fcncelleme \u00a0yap\u0131labilecek \u00a0olup, \u00a0t\u00fcm sorumluluk ki\u015fiye aittir. (yanl\u0131\u015f \/ eksik belge y\u00fckleme, farkl\u0131 mezuniyetle ba\u015fvurma vb.)<\/p>\n<p><strong>III- BA\u015eVURULARIN DE\u011eERLEND\u0130R\u0130LMES\u0130 VE SONU\u00c7LARININ DUYURULMASI<\/strong><br \/>\nElektronik \u00a0 ortamda \u00a0 yap\u0131lan \u00a0 ba\u015fvurular \u00a0 incelendikten \u00a0 sonra, \u00a0 yaz\u0131l\u0131 \u00a0 ve \u00a0 s\u00f6zl\u00fc \u00a0 s\u0131nav yap\u0131lmaks\u0131z\u0131n \u00a0\u00f6n \u00a0lisans \u00a0mezunlar\u0131 \u00a0i\u00e7in \u00a02024 \u00a0KPSS \u00a0(P93) \u00a0ve orta\u00f6\u011fretim \u00a0mezunlar\u0131 \u00a0i\u00e7in \u00a02024 KPSS (P94) puan s\u0131ralamas\u0131 esas al\u0131narak atanmaya hak kazanan ilan edilen pozisyon say\u0131s\u0131 kadar as\u0131l ve 2 (iki) kat\u0131 kadar yedek aday belirlenecektir.<br \/>\nAdaylar\u0131n puanlar\u0131n\u0131n e\u015fit olmas\u0131 halinde mezuniyet tarihi \u00f6nce olan, bunun da e\u015fit olmas\u0131 halinde do\u011fum tarihi b\u00fcy\u00fck olan adaya \u00f6ncelik tan\u0131nacakt\u0131r.<br \/>\nYerle\u015ftirme sonu\u00e7lar\u0131 15 (onbe\u015f) i\u015f g\u00fcn\u00fc i\u00e7erisinde \u00dcniversitemiz http:\/\/www.dicle.edu.tr\/ web \u00a0adresi \u00a0duyurular \u00a0b\u00f6l\u00fcm\u00fcnde \u00a0ilan \u00a0edilecektir. \u00a0Ayr\u0131ca \u00a0adaylar sonu\u00e7lar\u0131n\u0131 \u00a0Kariyer \u00a0Kap\u0131s\u0131 \u00fczerinden g\u00f6r\u00fcnt\u00fcleyebilecektir. As\u0131l adaylar atanmak \u00fczere ba\u015fvuru yapmad\u0131\u011f\u0131 takdirde, yedek kazananlar s\u0131ras\u0131 ile \u00e7a\u011fr\u0131lacakt\u0131r. As\u0131l kazananlardan s\u00fcresi i\u00e7erisinde ba\u015fvuran olmad\u0131\u011f\u0131 takdirde veya \u00a0aranan \u00a0\u015fartlar\u0131 \u00a0ta\u015f\u0131mad\u0131\u011f\u0131 \u00a0tespit \u00a0edilenlerin \u00a0yerine yedek \u00a0adaylardan \u00a0s\u0131ras\u0131yla \u00a0yerle\u015ftirme yap\u0131lacakt\u0131r.<br \/>\nBu \u00a0ilan \u00a0tebli\u011f \u00a0mahiyetinde \u00a0olaca\u011f\u0131ndan \u00a0ayr\u0131ca \u00a0tebligat \u00a0yap\u0131lmayacakt\u0131r. \u00a0Atanmaya \u00a0hak kazanan adaylar sonu\u00e7lar\u0131n www.dicle.edu.tr adresinde yay\u0131mland\u0131\u011f\u0131 tarihten itibaren 7 (yedi) i\u015f g\u00fcn\u00fc \u00a0 i\u00e7erisinde \u00a0 i\u015fe \u00a0 ba\u015flamalar\u0131 i\u00e7in gerekli evraklar\u0131 tamamlayarak \u00a0 \u015fahsen \u00a0 \u00dcniversitemiz Personel Daire Ba\u015fkanl\u0131\u011f\u0131na teslim etmeleri gerekmektedir.<br \/>\nG\u00f6reve ba\u015flayanlardan, aranan \u015fartlar\u0131 ta\u015f\u0131mad\u0131\u011f\u0131 sonradan tespit edilenlerin s\u00f6zle\u015fmeleri 1 (bir) ay i\u00e7inde feshedilecektir. \u0130daremiz taraf\u0131ndan kendilerine bir bedel \u00f6denmi\u015f ise bu bedel yasal \u00a0faizi \u00a0ile \u00a0birlikte \u00a0tazmin edilecektir. \u00a0\u0130landa \u00a0bulunmayan \u00a0h\u00fck\u00fcmler \u00a0i\u00e7in \u00a0genel \u00a0mevzuat h\u00fck\u00fcmleri uygulan\u0131r.<br \/>\nBa\u015fvuru \u00a0yapan adaylara evrak iadesi yap\u0131lmayacakt\u0131r. De\u011ferlendirme sonras\u0131nda as\u0131l ve yedek olarak belirlenen adaylar web sayfam\u0131zda yay\u0131mlanacakt\u0131r.<\/p>\n<p><strong>ADRES :<\/strong><br \/>\nDicle \u00dcniversitesi Personel Daire Ba\u015fkanl\u0131\u011f\u0131 \u00dcniversite Kamp\u00fcs\u00fc\/D\u0130YARBAKIR<br \/>\n<strong>\u0130rtibat Tel:<\/strong>\u00a00 412 241 10 15 \/ Destek Tel: 2308- 2320- 5182-5136-5162<br \/>\n<strong>\u0130lk ba\u015fvuru Tarihi \u00a0 : 21.01.2026<br \/>\nSon Ba\u015fvuru Tarihi: 04.02.2026<\/strong><\/div>\n","protected":false},"excerpt":{"rendered":"<p>S\u00d6ZLE\u015eMEL\u0130 PERSONEL ALIM \u0130LANI \u00dcniversitemizde istihdam edilmek ve giderleri \u00d6zel B\u00fct\u00e7eden kar\u015f\u0131lanmak suretiyle; 657 say\u0131l\u0131 \u00a0Devlet \u00a0Memurlar\u0131 \u00a0Kanunu\u2019nun \u00a04. \u00a0maddesinin \u00a0(B) \u00a0f\u0131kras\u0131na \u00a0g\u00f6re tam \u00a0zamanl\u0131 \u00a0olarak \u00e7al\u0131\u015ft\u0131r\u0131lmak \u00fczere 28.06.2007 tarihli ve 26566 \u00a0say\u0131l\u0131 \u00a0Resm\u00ee \u00a0Gazete\u2019 de yay\u0131mlanan \u00a0S\u00f6zle\u015fmeli Personel \u00c7al\u0131\u015ft\u0131r\u0131lmas\u0131na \u0130li\u015fkin Esaslarda De\u011fi\u015fiklik Yap\u0131lmas\u0131na Dair Esaslarda yer alan Ek 2. maddesinin (b) f\u0131kras\u0131na g\u00f6re KPSS [&hellip;]<\/p>\n","protected":false},"author":1,"featured_media":16745,"comment_status":"open","ping_status":"open","sticky":false,"template":"","format":"standard","meta":{"footnotes":""},"categories":[55],"tags":[114],"class_list":["post-16744","post","type-post","status-publish","format-standard","has-post-thumbnail","hentry","category-is-ilanlari","tag-is-ilani"],"yoast_head":"<!-- This site is optimized with the Yoast SEO plugin v27.4 - https:\/\/yoast.com\/product\/yoast-seo-wordpress\/ -->\n<title>Dicle\u00a0\u00dcniversitesi\u00a0Rekt\u00f6rl\u00fc\u011f\u00fcnden - Memurun Sesi<\/title>\n<meta name=\"description\" content=\"Dicle\u00a0\u00dcniversitesi\u00a0Rekt\u00f6rl\u00fc\u011f\u00fcnden:\" \/>\n<meta name=\"robots\" content=\"index, follow, max-snippet:-1, max-image-preview:large, max-video-preview:-1\" \/>\n<link rel=\"canonical\" href=\"https:\/\/memurunsesi.net\/index.php\/2026\/01\/24\/dicle-universitesi-rektorlugunden\/\" \/>\n<meta property=\"og:locale\" content=\"tr_TR\" \/>\n<meta property=\"og:type\" content=\"article\" \/>\n<meta property=\"og:title\" content=\"Dicle\u00a0\u00dcniversitesi\u00a0Rekt\u00f6rl\u00fc\u011f\u00fcnden - Memurun Sesi\" \/>\n<meta property=\"og:description\" content=\"Dicle\u00a0\u00dcniversitesi\u00a0Rekt\u00f6rl\u00fc\u011f\u00fcnden:\" \/>\n<meta property=\"og:url\" content=\"https:\/\/memurunsesi.net\/index.php\/2026\/01\/24\/dicle-universitesi-rektorlugunden\/\" \/>\n<meta property=\"og:site_name\" content=\"Memurun Sesi\" \/>\n<meta property=\"article:publisher\" content=\"https:\/\/www.facebook.com\/unipersen\/?locale=tr_TR\" \/>\n<meta property=\"article:published_time\" content=\"2026-01-24T06:18:39+00:00\" \/>\n<meta property=\"og:image\" content=\"https:\/\/memurunsesi.net\/wp-content\/uploads\/2026\/01\/dicle.webp\" \/>\n\t<meta property=\"og:image:width\" content=\"204\" \/>\n\t<meta property=\"og:image:height\" content=\"203\" \/>\n\t<meta property=\"og:image:type\" content=\"image\/webp\" \/>\n<meta name=\"author\" content=\"Memurun Sesi Haber Merkezi\" \/>\n<meta name=\"twitter:card\" content=\"summary_large_image\" \/>\n<meta name=\"twitter:creator\" content=\"@unipersen\" \/>\n<meta name=\"twitter:site\" content=\"@unipersen\" \/>\n<meta name=\"twitter:label1\" content=\"Yazan:\" \/>\n\t<meta name=\"twitter:data1\" content=\"Memurun Sesi Haber Merkezi\" \/>\n\t<meta name=\"twitter:label2\" content=\"Tahmini okuma s\u00fcresi\" \/>\n\t<meta name=\"twitter:data2\" content=\"7 dakika\" \/>\n<script type=\"application\/ld+json\" class=\"yoast-schema-graph\">{\"@context\":\"https:\\\/\\\/schema.org\",\"@graph\":[{\"@type\":\"Article\",\"@id\":\"https:\\\/\\\/memurunsesi.net\\\/index.php\\\/2026\\\/01\\\/24\\\/dicle-universitesi-rektorlugunden\\\/#article\",\"isPartOf\":{\"@id\":\"https:\\\/\\\/memurunsesi.net\\\/index.php\\\/2026\\\/01\\\/24\\\/dicle-universitesi-rektorlugunden\\\/\"},\"author\":{\"name\":\"Memurun Sesi Haber Merkezi\",\"@id\":\"https:\\\/\\\/memurunsesi.net\\\/#\\\/schema\\\/person\\\/f21c2d73b89f6ee1d80b0a1803e38587\"},\"headline\":\"Dicle\u00a0\u00dcniversitesi\u00a0Rekt\u00f6rl\u00fc\u011f\u00fcnden\",\"datePublished\":\"2026-01-24T06:18:39+00:00\",\"mainEntityOfPage\":{\"@id\":\"https:\\\/\\\/memurunsesi.net\\\/index.php\\\/2026\\\/01\\\/24\\\/dicle-universitesi-rektorlugunden\\\/\"},\"wordCount\":1370,\"commentCount\":0,\"publisher\":{\"@id\":\"https:\\\/\\\/memurunsesi.net\\\/#organization\"},\"image\":{\"@id\":\"https:\\\/\\\/memurunsesi.net\\\/index.php\\\/2026\\\/01\\\/24\\\/dicle-universitesi-rektorlugunden\\\/#primaryimage\"},\"thumbnailUrl\":\"https:\\\/\\\/memurunsesi.net\\\/wp-content\\\/uploads\\\/2026\\\/01\\\/dicle.webp\",\"keywords\":[\"i\u015f ilan\u0131\"],\"articleSection\":[\"\u0130\u015f \u0130lanlar\u0131\"],\"inLanguage\":\"tr\",\"potentialAction\":[{\"@type\":\"CommentAction\",\"name\":\"Comment\",\"target\":[\"https:\\\/\\\/memurunsesi.net\\\/index.php\\\/2026\\\/01\\\/24\\\/dicle-universitesi-rektorlugunden\\\/#respond\"]}]},{\"@type\":\"WebPage\",\"@id\":\"https:\\\/\\\/memurunsesi.net\\\/index.php\\\/2026\\\/01\\\/24\\\/dicle-universitesi-rektorlugunden\\\/\",\"url\":\"https:\\\/\\\/memurunsesi.net\\\/index.php\\\/2026\\\/01\\\/24\\\/dicle-universitesi-rektorlugunden\\\/\",\"name\":\"Dicle\u00a0\u00dcniversitesi\u00a0Rekt\u00f6rl\u00fc\u011f\u00fcnden - Memurun Sesi\",\"isPartOf\":{\"@id\":\"https:\\\/\\\/memurunsesi.net\\\/#website\"},\"primaryImageOfPage\":{\"@id\":\"https:\\\/\\\/memurunsesi.net\\\/index.php\\\/2026\\\/01\\\/24\\\/dicle-universitesi-rektorlugunden\\\/#primaryimage\"},\"image\":{\"@id\":\"https:\\\/\\\/memurunsesi.net\\\/index.php\\\/2026\\\/01\\\/24\\\/dicle-universitesi-rektorlugunden\\\/#primaryimage\"},\"thumbnailUrl\":\"https:\\\/\\\/memurunsesi.net\\\/wp-content\\\/uploads\\\/2026\\\/01\\\/dicle.webp\",\"datePublished\":\"2026-01-24T06:18:39+00:00\",\"description\":\"Dicle\u00a0\u00dcniversitesi\u00a0Rekt\u00f6rl\u00fc\u011f\u00fcnden:\",\"breadcrumb\":{\"@id\":\"https:\\\/\\\/memurunsesi.net\\\/index.php\\\/2026\\\/01\\\/24\\\/dicle-universitesi-rektorlugunden\\\/#breadcrumb\"},\"inLanguage\":\"tr\",\"potentialAction\":[{\"@type\":\"ReadAction\",\"target\":[\"https:\\\/\\\/memurunsesi.net\\\/index.php\\\/2026\\\/01\\\/24\\\/dicle-universitesi-rektorlugunden\\\/\"]}]},{\"@type\":\"ImageObject\",\"inLanguage\":\"tr\",\"@id\":\"https:\\\/\\\/memurunsesi.net\\\/index.php\\\/2026\\\/01\\\/24\\\/dicle-universitesi-rektorlugunden\\\/#primaryimage\",\"url\":\"https:\\\/\\\/memurunsesi.net\\\/wp-content\\\/uploads\\\/2026\\\/01\\\/dicle.webp\",\"contentUrl\":\"https:\\\/\\\/memurunsesi.net\\\/wp-content\\\/uploads\\\/2026\\\/01\\\/dicle.webp\",\"width\":204,\"height\":203},{\"@type\":\"BreadcrumbList\",\"@id\":\"https:\\\/\\\/memurunsesi.net\\\/index.php\\\/2026\\\/01\\\/24\\\/dicle-universitesi-rektorlugunden\\\/#breadcrumb\",\"itemListElement\":[{\"@type\":\"ListItem\",\"position\":1,\"name\":\"Anasayfa\",\"item\":\"https:\\\/\\\/memurunsesi.net\\\/\"},{\"@type\":\"ListItem\",\"position\":2,\"name\":\"Dicle\u00a0\u00dcniversitesi\u00a0Rekt\u00f6rl\u00fc\u011f\u00fcnden\"}]},{\"@type\":\"WebSite\",\"@id\":\"https:\\\/\\\/memurunsesi.net\\\/#website\",\"url\":\"https:\\\/\\\/memurunsesi.net\\\/\",\"name\":\"Memurun Sesi\",\"description\":\"G\u00fcncel ve Do\u011fru Haber\",\"publisher\":{\"@id\":\"https:\\\/\\\/memurunsesi.net\\\/#organization\"},\"potentialAction\":[{\"@type\":\"SearchAction\",\"target\":{\"@type\":\"EntryPoint\",\"urlTemplate\":\"https:\\\/\\\/memurunsesi.net\\\/?s={search_term_string}\"},\"query-input\":{\"@type\":\"PropertyValueSpecification\",\"valueRequired\":true,\"valueName\":\"search_term_string\"}}],\"inLanguage\":\"tr\"},{\"@type\":\"Organization\",\"@id\":\"https:\\\/\\\/memurunsesi.net\\\/#organization\",\"name\":\"Memurun Sesi\",\"url\":\"https:\\\/\\\/memurunsesi.net\\\/\",\"logo\":{\"@type\":\"ImageObject\",\"inLanguage\":\"tr\",\"@id\":\"https:\\\/\\\/memurunsesi.net\\\/#\\\/schema\\\/logo\\\/image\\\/\",\"url\":\"https:\\\/\\\/memurunsesi.net\\\/wp-content\\\/uploads\\\/2025\\\/11\\\/cropped-MEMURUN-SESI.png\",\"contentUrl\":\"https:\\\/\\\/memurunsesi.net\\\/wp-content\\\/uploads\\\/2025\\\/11\\\/cropped-MEMURUN-SESI.png\",\"width\":238,\"height\":57,\"caption\":\"Memurun Sesi\"},\"image\":{\"@id\":\"https:\\\/\\\/memurunsesi.net\\\/#\\\/schema\\\/logo\\\/image\\\/\"},\"sameAs\":[\"https:\\\/\\\/www.facebook.com\\\/unipersen\\\/?locale=tr_TR\",\"https:\\\/\\\/x.com\\\/unipersen\"]},{\"@type\":\"Person\",\"@id\":\"https:\\\/\\\/memurunsesi.net\\\/#\\\/schema\\\/person\\\/f21c2d73b89f6ee1d80b0a1803e38587\",\"name\":\"Memurun Sesi Haber Merkezi\",\"image\":{\"@type\":\"ImageObject\",\"inLanguage\":\"tr\",\"@id\":\"https:\\\/\\\/secure.gravatar.com\\\/avatar\\\/6cf0505f452ee753f485014986fab09a434671d2b919ee76fc541025c5876a70?s=96&d=mm&r=g\",\"url\":\"https:\\\/\\\/secure.gravatar.com\\\/avatar\\\/6cf0505f452ee753f485014986fab09a434671d2b919ee76fc541025c5876a70?s=96&d=mm&r=g\",\"contentUrl\":\"https:\\\/\\\/secure.gravatar.com\\\/avatar\\\/6cf0505f452ee753f485014986fab09a434671d2b919ee76fc541025c5876a70?s=96&d=mm&r=g\",\"caption\":\"Memurun Sesi Haber Merkezi\"},\"sameAs\":[\"https:\\\/\\\/memurunsesi.net\"],\"url\":\"https:\\\/\\\/memurunsesi.net\\\/index.php\\\/author\\\/uniper\\\/\"}]}<\/script>\n<!-- \/ Yoast SEO plugin. -->","yoast_head_json":{"title":"Dicle\u00a0\u00dcniversitesi\u00a0Rekt\u00f6rl\u00fc\u011f\u00fcnden - Memurun Sesi","description":"Dicle\u00a0\u00dcniversitesi\u00a0Rekt\u00f6rl\u00fc\u011f\u00fcnden:","robots":{"index":"index","follow":"follow","max-snippet":"max-snippet:-1","max-image-preview":"max-image-preview:large","max-video-preview":"max-video-preview:-1"},"canonical":"https:\/\/memurunsesi.net\/index.php\/2026\/01\/24\/dicle-universitesi-rektorlugunden\/","og_locale":"tr_TR","og_type":"article","og_title":"Dicle\u00a0\u00dcniversitesi\u00a0Rekt\u00f6rl\u00fc\u011f\u00fcnden - Memurun Sesi","og_description":"Dicle\u00a0\u00dcniversitesi\u00a0Rekt\u00f6rl\u00fc\u011f\u00fcnden:","og_url":"https:\/\/memurunsesi.net\/index.php\/2026\/01\/24\/dicle-universitesi-rektorlugunden\/","og_site_name":"Memurun Sesi","article_publisher":"https:\/\/www.facebook.com\/unipersen\/?locale=tr_TR","article_published_time":"2026-01-24T06:18:39+00:00","og_image":[{"width":204,"height":203,"url":"https:\/\/memurunsesi.net\/wp-content\/uploads\/2026\/01\/dicle.webp","type":"image\/webp"}],"author":"Memurun Sesi Haber Merkezi","twitter_card":"summary_large_image","twitter_creator":"@unipersen","twitter_site":"@unipersen","twitter_misc":{"Yazan:":"Memurun Sesi Haber Merkezi","Tahmini okuma s\u00fcresi":"7 dakika"},"schema":{"@context":"https:\/\/schema.org","@graph":[{"@type":"Article","@id":"https:\/\/memurunsesi.net\/index.php\/2026\/01\/24\/dicle-universitesi-rektorlugunden\/#article","isPartOf":{"@id":"https:\/\/memurunsesi.net\/index.php\/2026\/01\/24\/dicle-universitesi-rektorlugunden\/"},"author":{"name":"Memurun Sesi Haber Merkezi","@id":"https:\/\/memurunsesi.net\/#\/schema\/person\/f21c2d73b89f6ee1d80b0a1803e38587"},"headline":"Dicle\u00a0\u00dcniversitesi\u00a0Rekt\u00f6rl\u00fc\u011f\u00fcnden","datePublished":"2026-01-24T06:18:39+00:00","mainEntityOfPage":{"@id":"https:\/\/memurunsesi.net\/index.php\/2026\/01\/24\/dicle-universitesi-rektorlugunden\/"},"wordCount":1370,"commentCount":0,"publisher":{"@id":"https:\/\/memurunsesi.net\/#organization"},"image":{"@id":"https:\/\/memurunsesi.net\/index.php\/2026\/01\/24\/dicle-universitesi-rektorlugunden\/#primaryimage"},"thumbnailUrl":"https:\/\/memurunsesi.net\/wp-content\/uploads\/2026\/01\/dicle.webp","keywords":["i\u015f ilan\u0131"],"articleSection":["\u0130\u015f \u0130lanlar\u0131"],"inLanguage":"tr","potentialAction":[{"@type":"CommentAction","name":"Comment","target":["https:\/\/memurunsesi.net\/index.php\/2026\/01\/24\/dicle-universitesi-rektorlugunden\/#respond"]}]},{"@type":"WebPage","@id":"https:\/\/memurunsesi.net\/index.php\/2026\/01\/24\/dicle-universitesi-rektorlugunden\/","url":"https:\/\/memurunsesi.net\/index.php\/2026\/01\/24\/dicle-universitesi-rektorlugunden\/","name":"Dicle\u00a0\u00dcniversitesi\u00a0Rekt\u00f6rl\u00fc\u011f\u00fcnden - Memurun Sesi","isPartOf":{"@id":"https:\/\/memurunsesi.net\/#website"},"primaryImageOfPage":{"@id":"https:\/\/memurunsesi.net\/index.php\/2026\/01\/24\/dicle-universitesi-rektorlugunden\/#primaryimage"},"image":{"@id":"https:\/\/memurunsesi.net\/index.php\/2026\/01\/24\/dicle-universitesi-rektorlugunden\/#primaryimage"},"thumbnailUrl":"https:\/\/memurunsesi.net\/wp-content\/uploads\/2026\/01\/dicle.webp","datePublished":"2026-01-24T06:18:39+00:00","description":"Dicle\u00a0\u00dcniversitesi\u00a0Rekt\u00f6rl\u00fc\u011f\u00fcnden:","breadcrumb":{"@id":"https:\/\/memurunsesi.net\/index.php\/2026\/01\/24\/dicle-universitesi-rektorlugunden\/#breadcrumb"},"inLanguage":"tr","potentialAction":[{"@type":"ReadAction","target":["https:\/\/memurunsesi.net\/index.php\/2026\/01\/24\/dicle-universitesi-rektorlugunden\/"]}]},{"@type":"ImageObject","inLanguage":"tr","@id":"https:\/\/memurunsesi.net\/index.php\/2026\/01\/24\/dicle-universitesi-rektorlugunden\/#primaryimage","url":"https:\/\/memurunsesi.net\/wp-content\/uploads\/2026\/01\/dicle.webp","contentUrl":"https:\/\/memurunsesi.net\/wp-content\/uploads\/2026\/01\/dicle.webp","width":204,"height":203},{"@type":"BreadcrumbList","@id":"https:\/\/memurunsesi.net\/index.php\/2026\/01\/24\/dicle-universitesi-rektorlugunden\/#breadcrumb","itemListElement":[{"@type":"ListItem","position":1,"name":"Anasayfa","item":"https:\/\/memurunsesi.net\/"},{"@type":"ListItem","position":2,"name":"Dicle\u00a0\u00dcniversitesi\u00a0Rekt\u00f6rl\u00fc\u011f\u00fcnden"}]},{"@type":"WebSite","@id":"https:\/\/memurunsesi.net\/#website","url":"https:\/\/memurunsesi.net\/","name":"Memurun Sesi","description":"G\u00fcncel ve Do\u011fru Haber","publisher":{"@id":"https:\/\/memurunsesi.net\/#organization"},"potentialAction":[{"@type":"SearchAction","target":{"@type":"EntryPoint","urlTemplate":"https:\/\/memurunsesi.net\/?s={search_term_string}"},"query-input":{"@type":"PropertyValueSpecification","valueRequired":true,"valueName":"search_term_string"}}],"inLanguage":"tr"},{"@type":"Organization","@id":"https:\/\/memurunsesi.net\/#organization","name":"Memurun Sesi","url":"https:\/\/memurunsesi.net\/","logo":{"@type":"ImageObject","inLanguage":"tr","@id":"https:\/\/memurunsesi.net\/#\/schema\/logo\/image\/","url":"https:\/\/memurunsesi.net\/wp-content\/uploads\/2025\/11\/cropped-MEMURUN-SESI.png","contentUrl":"https:\/\/memurunsesi.net\/wp-content\/uploads\/2025\/11\/cropped-MEMURUN-SESI.png","width":238,"height":57,"caption":"Memurun Sesi"},"image":{"@id":"https:\/\/memurunsesi.net\/#\/schema\/logo\/image\/"},"sameAs":["https:\/\/www.facebook.com\/unipersen\/?locale=tr_TR","https:\/\/x.com\/unipersen"]},{"@type":"Person","@id":"https:\/\/memurunsesi.net\/#\/schema\/person\/f21c2d73b89f6ee1d80b0a1803e38587","name":"Memurun Sesi Haber Merkezi","image":{"@type":"ImageObject","inLanguage":"tr","@id":"https:\/\/secure.gravatar.com\/avatar\/6cf0505f452ee753f485014986fab09a434671d2b919ee76fc541025c5876a70?s=96&d=mm&r=g","url":"https:\/\/secure.gravatar.com\/avatar\/6cf0505f452ee753f485014986fab09a434671d2b919ee76fc541025c5876a70?s=96&d=mm&r=g","contentUrl":"https:\/\/secure.gravatar.com\/avatar\/6cf0505f452ee753f485014986fab09a434671d2b919ee76fc541025c5876a70?s=96&d=mm&r=g","caption":"Memurun Sesi Haber Merkezi"},"sameAs":["https:\/\/memurunsesi.net"],"url":"https:\/\/memurunsesi.net\/index.php\/author\/uniper\/"}]}},"_links":{"self":[{"href":"https:\/\/memurunsesi.net\/index.php\/wp-json\/wp\/v2\/posts\/16744","targetHints":{"allow":["GET"]}}],"collection":[{"href":"https:\/\/memurunsesi.net\/index.php\/wp-json\/wp\/v2\/posts"}],"about":[{"href":"https:\/\/memurunsesi.net\/index.php\/wp-json\/wp\/v2\/types\/post"}],"author":[{"embeddable":true,"href":"https:\/\/memurunsesi.net\/index.php\/wp-json\/wp\/v2\/users\/1"}],"replies":[{"embeddable":true,"href":"https:\/\/memurunsesi.net\/index.php\/wp-json\/wp\/v2\/comments?post=16744"}],"version-history":[{"count":1,"href":"https:\/\/memurunsesi.net\/index.php\/wp-json\/wp\/v2\/posts\/16744\/revisions"}],"predecessor-version":[{"id":16746,"href":"https:\/\/memurunsesi.net\/index.php\/wp-json\/wp\/v2\/posts\/16744\/revisions\/16746"}],"wp:featuredmedia":[{"embeddable":true,"href":"https:\/\/memurunsesi.net\/index.php\/wp-json\/wp\/v2\/media\/16745"}],"wp:attachment":[{"href":"https:\/\/memurunsesi.net\/index.php\/wp-json\/wp\/v2\/media?parent=16744"}],"wp:term":[{"taxonomy":"category","embeddable":true,"href":"https:\/\/memurunsesi.net\/index.php\/wp-json\/wp\/v2\/categories?post=16744"},{"taxonomy":"post_tag","embeddable":true,"href":"https:\/\/memurunsesi.net\/index.php\/wp-json\/wp\/v2\/tags?post=16744"}],"curies":[{"name":"wp","href":"https:\/\/api.w.org\/{rel}","templated":true}]}}