{"id":16747,"date":"2026-01-24T09:29:30","date_gmt":"2026-01-24T06:29:30","guid":{"rendered":"https:\/\/memurunsesi.net\/?p=16747"},"modified":"2026-01-24T09:29:30","modified_gmt":"2026-01-24T06:29:30","slug":"ankara-21-idare-mahkemesinden-tegmen-demirtas-icin-ihrac-kararina-iptal","status":"publish","type":"post","link":"https:\/\/memurunsesi.net\/index.php\/2026\/01\/24\/ankara-21-idare-mahkemesinden-tegmen-demirtas-icin-ihrac-kararina-iptal\/","title":{"rendered":"Ankara 21. \u0130dare Mahkemesi\u2019nden Te\u011fmen Demirta\u015f \u0130\u00e7in \u0130hra\u00e7 Karar\u0131na \u0130ptal"},"content":{"rendered":"<div class=\"flex flex-col text-sm pb-25\">\n<article class=\"text-token-text-primary w-full focus:outline-none [--shadow-height:45px] has-data-writing-block:pointer-events-none has-data-writing-block:-mt-(--shadow-height) has-data-writing-block:pt-(--shadow-height) [&amp;:has([data-writing-block])&gt;*]:pointer-events-auto [content-visibility:auto] supports-[content-visibility:auto]:[contain-intrinsic-size:auto_100lvh] scroll-mt-[calc(var(--header-height)+min(200px,max(70px,20svh)))]\" dir=\"auto\" tabindex=\"-1\" data-turn-id=\"request-WEB:a1e1689b-52dd-46d4-99b6-539bac03f0ef-0\" data-testid=\"conversation-turn-2\" data-scroll-anchor=\"true\" data-turn=\"assistant\">\n<div class=\"text-base my-auto mx-auto pb-10 [--thread-content-margin:--spacing(4)] @w-sm\/main:[--thread-content-margin:--spacing(6)] @w-lg\/main:[--thread-content-margin:--spacing(16)] px-(--thread-content-margin)\">\n<div class=\"[--thread-content-max-width:40rem] @w-lg\/main:[--thread-content-max-width:48rem] mx-auto max-w-(--thread-content-max-width) flex-1 group\/turn-messages focus-visible:outline-hidden relative flex w-full min-w-0 flex-col agent-turn\" tabindex=\"-1\">\n<div class=\"flex max-w-full flex-col grow\">\n<div class=\"min-h-8 text-message relative flex w-full flex-col items-end gap-2 text-start break-words whitespace-normal [.text-message+&amp;]:mt-1\" dir=\"auto\" data-message-author-role=\"assistant\" data-message-id=\"343bc1d6-5944-407c-8fab-7a46649c4f67\" data-message-model-slug=\"gpt-5-2\">\n<div class=\"flex w-full flex-col gap-1 empty:hidden first:pt-[1px]\">\n<div class=\"markdown prose dark:prose-invert w-full wrap-break-word light markdown-new-styling\">\n<p data-start=\"178\" data-end=\"490\">\u00a0 \u00a0 \u00a0 Ankara 21. \u0130dare Mahkemesi, Kara Harp Okulu\u2019nun 30 A\u011fustos 2024 tarihinde ger\u00e7ekle\u015ftirilen resmi mezuniyet t\u00f6reninin ard\u0131ndan \u201cMustafa Kemal\u2019in askerleriyiz\u201d slogan\u0131 att\u0131\u011f\u0131 gerek\u00e7esiyle T\u00fcrk Silahl\u0131 Kuvvetleri\u2019nden ihra\u00e7 edilen te\u011fmenlerden Deniz Demirta\u015f hakk\u0131nda verilen ihra\u00e7 karar\u0131n\u0131 oybirli\u011fiyle iptal etti.<\/p>\n<p data-start=\"492\" data-end=\"967\">Mezuniyet t\u00f6reni sonras\u0131 baz\u0131 te\u011fmenlerin t\u00f6ren alan\u0131nda k\u0131l\u0131\u00e7 \u00e7atarak slogan atmas\u0131 kamuoyunda geni\u015f yank\u0131 uyand\u0131rm\u0131\u015f, g\u00f6r\u00fcnt\u00fclerin yay\u0131lmas\u0131n\u0131n ard\u0131ndan Milli Savunma Bakanl\u0131\u011f\u0131 taraf\u0131ndan disiplin soru\u015fturmas\u0131 ba\u015flat\u0131lm\u0131\u015ft\u0131. Soru\u015fturma sonucunda Kara Kuvvetleri Komutanl\u0131\u011f\u0131 Y\u00fcksek Disiplin Kurulu, s\u00f6z konusu eylemin TSK\u2019n\u0131n disiplin anlay\u0131\u015f\u0131 ve kurumsal itibar\u0131na zarar verdi\u011fi gerek\u00e7esiyle be\u015f te\u011fmen hakk\u0131nda \u201cSilahl\u0131 Kuvvetlerden ay\u0131rma\u201d cezas\u0131 verilmesine h\u00fckmetmi\u015fti.<\/p>\n<p data-start=\"969\" data-end=\"1386\">\u0130hra\u00e7 karar\u0131na kar\u015f\u0131 yarg\u0131 yoluna ba\u015fvuran Deniz Demirta\u015f\u2019\u0131n dosyas\u0131n\u0131 inceleyen mahkeme, verilen cezan\u0131n hukuka uygun olmad\u0131\u011f\u0131 sonucuna vard\u0131. Kararda, Demirta\u015f\u2019a isnat edilen \u201chizmete engel davran\u0131\u015flarda bulunmak\u201d fiilinin somut, a\u00e7\u0131k ve net \u015fekilde ortaya konulamad\u0131\u011f\u0131 belirtildi. Ayr\u0131ca Y\u00fcksek Disiplin Kurulu\u2019nun 16 Ocak 2025 tarihli ve 2025\/23 say\u0131l\u0131 karar\u0131n\u0131n yeterli hukuki dayana\u011fa sahip olmad\u0131\u011f\u0131 vurguland\u0131.<\/p>\n<p data-start=\"1388\" data-end=\"1739\">Mahkeme, hukuka ayk\u0131r\u0131 oldu\u011fu tespit edilen idari i\u015flem nedeniyle olu\u015fan maddi kay\u0131plar\u0131n telafi edilmesi gerekti\u011fine de h\u00fckmetti. Anayasa\u2019n\u0131n 125. maddesine at\u0131f yap\u0131lan kararda, Demirta\u015f\u2019\u0131n ihra\u00e7 s\u00fcreci nedeniyle mahrum kald\u0131\u011f\u0131 t\u00fcm mali haklar\u0131n, hak edi\u015f tarihinden itibaren yasal faiziyle birlikte idare taraf\u0131ndan \u00f6denmesi gerekti\u011fi ifade edildi.<\/p>\n<p data-start=\"1741\" data-end=\"1875\">\u00d6te yandan karar hen\u00fcz kesinle\u015fmi\u015f de\u011fil. Milli Savunma Bakanl\u0131\u011f\u0131\u2019n\u0131n, mahkeme karar\u0131na kar\u015f\u0131 istinaf yoluna ba\u015fvurma hakk\u0131 bulunuyor.<\/p>\n<p data-start=\"1877\" data-end=\"2046\">Ayn\u0131 olay kapsam\u0131nda ihra\u00e7 edilen di\u011fer te\u011fmenler Ebru Ero\u011flu, \u0130zzet Talip Akarsu, Batuhan Gazi K\u0131l\u0131\u00e7 ve Serhat G\u00fcndar\u2019\u0131n a\u00e7t\u0131\u011f\u0131 davalarda ise yarg\u0131 s\u00fcreci devam ediyor.<\/p>\n<p data-start=\"1877\" data-end=\"2046\">24.01.2026<\/p>\n<\/div>\n<\/div>\n<\/div>\n<\/div>\n<div class=\"z-0 flex min-h-[46px] justify-start\"><\/div>\n<\/div>\n<\/div>\n<\/article>\n<\/div>\n","protected":false},"excerpt":{"rendered":"<p>\u00a0 \u00a0 \u00a0 Ankara 21. \u0130dare Mahkemesi, Kara Harp Okulu\u2019nun 30 A\u011fustos 2024 tarihinde ger\u00e7ekle\u015ftirilen resmi mezuniyet t\u00f6reninin ard\u0131ndan \u201cMustafa Kemal\u2019in askerleriyiz\u201d slogan\u0131 att\u0131\u011f\u0131 gerek\u00e7esiyle T\u00fcrk Silahl\u0131 Kuvvetleri\u2019nden ihra\u00e7 edilen te\u011fmenlerden Deniz Demirta\u015f hakk\u0131nda verilen ihra\u00e7 karar\u0131n\u0131 oybirli\u011fiyle iptal etti. Mezuniyet t\u00f6reni sonras\u0131 baz\u0131 te\u011fmenlerin t\u00f6ren alan\u0131nda k\u0131l\u0131\u00e7 \u00e7atarak slogan atmas\u0131 kamuoyunda geni\u015f yank\u0131 uyand\u0131rm\u0131\u015f, [&hellip;]<\/p>\n","protected":false},"author":1,"featured_media":16748,"comment_status":"open","ping_status":"open","sticky":false,"template":"","format":"standard","meta":{"footnotes":""},"categories":[1],"tags":[945],"class_list":["post-16747","post","type-post","status-publish","format-standard","has-post-thumbnail","hentry","category-genel","tag-ihrac-kararina-iptal"],"yoast_head":"<!-- This site is optimized with the Yoast SEO plugin v27.4 - https:\/\/yoast.com\/product\/yoast-seo-wordpress\/ -->\n<title>Ankara 21. \u0130dare Mahkemesi\u2019nden Te\u011fmen Demirta\u015f \u0130\u00e7in \u0130hra\u00e7 Karar\u0131na \u0130ptal - Memurun Sesi<\/title>\n<meta name=\"description\" content=\"Ankara 21. \u0130dare Mahkemesi, Kara Harp Okulu mezuniyet t\u00f6reni sonras\u0131 ihra\u00e7 edilen te\u011fmen Deniz Demirta\u015f hakk\u0131nda verilen ihra\u00e7 karar\u0131n\u0131 oybirli\u011fiyle iptal etti. Parasal haklar\u0131n faiziyle \u00f6denmesine h\u00fckmedildi.\" \/>\n<meta name=\"robots\" content=\"index, follow, max-snippet:-1, max-image-preview:large, max-video-preview:-1\" \/>\n<link rel=\"canonical\" href=\"https:\/\/memurunsesi.net\/index.php\/2026\/01\/24\/ankara-21-idare-mahkemesinden-tegmen-demirtas-icin-ihrac-kararina-iptal\/\" \/>\n<meta property=\"og:locale\" content=\"tr_TR\" \/>\n<meta property=\"og:type\" content=\"article\" \/>\n<meta property=\"og:title\" content=\"Ankara 21. \u0130dare Mahkemesi\u2019nden Te\u011fmen Demirta\u015f \u0130\u00e7in \u0130hra\u00e7 Karar\u0131na \u0130ptal - Memurun Sesi\" \/>\n<meta property=\"og:description\" content=\"Ankara 21. \u0130dare Mahkemesi, Kara Harp Okulu mezuniyet t\u00f6reni sonras\u0131 ihra\u00e7 edilen te\u011fmen Deniz Demirta\u015f hakk\u0131nda verilen ihra\u00e7 karar\u0131n\u0131 oybirli\u011fiyle iptal etti. Parasal haklar\u0131n faiziyle \u00f6denmesine h\u00fckmedildi.\" \/>\n<meta property=\"og:url\" content=\"https:\/\/memurunsesi.net\/index.php\/2026\/01\/24\/ankara-21-idare-mahkemesinden-tegmen-demirtas-icin-ihrac-kararina-iptal\/\" \/>\n<meta property=\"og:site_name\" content=\"Memurun Sesi\" \/>\n<meta property=\"article:publisher\" content=\"https:\/\/www.facebook.com\/unipersen\/?locale=tr_TR\" \/>\n<meta property=\"article:published_time\" content=\"2026-01-24T06:29:30+00:00\" \/>\n<meta property=\"og:image\" content=\"https:\/\/memurunsesi.net\/wp-content\/uploads\/2026\/01\/kilic.jpg\" \/>\n\t<meta property=\"og:image:width\" content=\"275\" \/>\n\t<meta property=\"og:image:height\" content=\"183\" \/>\n\t<meta property=\"og:image:type\" content=\"image\/jpeg\" \/>\n<meta name=\"author\" content=\"Memurun Sesi Haber Merkezi\" \/>\n<meta name=\"twitter:card\" content=\"summary_large_image\" \/>\n<meta name=\"twitter:creator\" content=\"@unipersen\" \/>\n<meta name=\"twitter:site\" content=\"@unipersen\" \/>\n<meta name=\"twitter:label1\" content=\"Yazan:\" \/>\n\t<meta name=\"twitter:data1\" content=\"Memurun Sesi Haber Merkezi\" \/>\n\t<meta name=\"twitter:label2\" content=\"Tahmini okuma s\u00fcresi\" \/>\n\t<meta name=\"twitter:data2\" content=\"2 dakika\" \/>\n<script type=\"application\/ld+json\" class=\"yoast-schema-graph\">{\"@context\":\"https:\\\/\\\/schema.org\",\"@graph\":[{\"@type\":\"Article\",\"@id\":\"https:\\\/\\\/memurunsesi.net\\\/index.php\\\/2026\\\/01\\\/24\\\/ankara-21-idare-mahkemesinden-tegmen-demirtas-icin-ihrac-kararina-iptal\\\/#article\",\"isPartOf\":{\"@id\":\"https:\\\/\\\/memurunsesi.net\\\/index.php\\\/2026\\\/01\\\/24\\\/ankara-21-idare-mahkemesinden-tegmen-demirtas-icin-ihrac-kararina-iptal\\\/\"},\"author\":{\"name\":\"Memurun Sesi Haber Merkezi\",\"@id\":\"https:\\\/\\\/memurunsesi.net\\\/#\\\/schema\\\/person\\\/f21c2d73b89f6ee1d80b0a1803e38587\"},\"headline\":\"Ankara 21. \u0130dare Mahkemesi\u2019nden Te\u011fmen Demirta\u015f \u0130\u00e7in \u0130hra\u00e7 Karar\u0131na \u0130ptal\",\"datePublished\":\"2026-01-24T06:29:30+00:00\",\"mainEntityOfPage\":{\"@id\":\"https:\\\/\\\/memurunsesi.net\\\/index.php\\\/2026\\\/01\\\/24\\\/ankara-21-idare-mahkemesinden-tegmen-demirtas-icin-ihrac-kararina-iptal\\\/\"},\"wordCount\":330,\"commentCount\":0,\"publisher\":{\"@id\":\"https:\\\/\\\/memurunsesi.net\\\/#organization\"},\"image\":{\"@id\":\"https:\\\/\\\/memurunsesi.net\\\/index.php\\\/2026\\\/01\\\/24\\\/ankara-21-idare-mahkemesinden-tegmen-demirtas-icin-ihrac-kararina-iptal\\\/#primaryimage\"},\"thumbnailUrl\":\"https:\\\/\\\/memurunsesi.net\\\/wp-content\\\/uploads\\\/2026\\\/01\\\/kilic.jpg\",\"keywords\":[\"\u0130hra\u00e7 Karar\u0131na \u0130ptal\"],\"inLanguage\":\"tr\",\"potentialAction\":[{\"@type\":\"CommentAction\",\"name\":\"Comment\",\"target\":[\"https:\\\/\\\/memurunsesi.net\\\/index.php\\\/2026\\\/01\\\/24\\\/ankara-21-idare-mahkemesinden-tegmen-demirtas-icin-ihrac-kararina-iptal\\\/#respond\"]}]},{\"@type\":\"WebPage\",\"@id\":\"https:\\\/\\\/memurunsesi.net\\\/index.php\\\/2026\\\/01\\\/24\\\/ankara-21-idare-mahkemesinden-tegmen-demirtas-icin-ihrac-kararina-iptal\\\/\",\"url\":\"https:\\\/\\\/memurunsesi.net\\\/index.php\\\/2026\\\/01\\\/24\\\/ankara-21-idare-mahkemesinden-tegmen-demirtas-icin-ihrac-kararina-iptal\\\/\",\"name\":\"Ankara 21. \u0130dare Mahkemesi\u2019nden Te\u011fmen Demirta\u015f \u0130\u00e7in \u0130hra\u00e7 Karar\u0131na \u0130ptal - Memurun Sesi\",\"isPartOf\":{\"@id\":\"https:\\\/\\\/memurunsesi.net\\\/#website\"},\"primaryImageOfPage\":{\"@id\":\"https:\\\/\\\/memurunsesi.net\\\/index.php\\\/2026\\\/01\\\/24\\\/ankara-21-idare-mahkemesinden-tegmen-demirtas-icin-ihrac-kararina-iptal\\\/#primaryimage\"},\"image\":{\"@id\":\"https:\\\/\\\/memurunsesi.net\\\/index.php\\\/2026\\\/01\\\/24\\\/ankara-21-idare-mahkemesinden-tegmen-demirtas-icin-ihrac-kararina-iptal\\\/#primaryimage\"},\"thumbnailUrl\":\"https:\\\/\\\/memurunsesi.net\\\/wp-content\\\/uploads\\\/2026\\\/01\\\/kilic.jpg\",\"datePublished\":\"2026-01-24T06:29:30+00:00\",\"description\":\"Ankara 21. \u0130dare Mahkemesi, Kara Harp Okulu mezuniyet t\u00f6reni sonras\u0131 ihra\u00e7 edilen te\u011fmen Deniz Demirta\u015f hakk\u0131nda verilen ihra\u00e7 karar\u0131n\u0131 oybirli\u011fiyle iptal etti. Parasal haklar\u0131n faiziyle \u00f6denmesine h\u00fckmedildi.\",\"breadcrumb\":{\"@id\":\"https:\\\/\\\/memurunsesi.net\\\/index.php\\\/2026\\\/01\\\/24\\\/ankara-21-idare-mahkemesinden-tegmen-demirtas-icin-ihrac-kararina-iptal\\\/#breadcrumb\"},\"inLanguage\":\"tr\",\"potentialAction\":[{\"@type\":\"ReadAction\",\"target\":[\"https:\\\/\\\/memurunsesi.net\\\/index.php\\\/2026\\\/01\\\/24\\\/ankara-21-idare-mahkemesinden-tegmen-demirtas-icin-ihrac-kararina-iptal\\\/\"]}]},{\"@type\":\"ImageObject\",\"inLanguage\":\"tr\",\"@id\":\"https:\\\/\\\/memurunsesi.net\\\/index.php\\\/2026\\\/01\\\/24\\\/ankara-21-idare-mahkemesinden-tegmen-demirtas-icin-ihrac-kararina-iptal\\\/#primaryimage\",\"url\":\"https:\\\/\\\/memurunsesi.net\\\/wp-content\\\/uploads\\\/2026\\\/01\\\/kilic.jpg\",\"contentUrl\":\"https:\\\/\\\/memurunsesi.net\\\/wp-content\\\/uploads\\\/2026\\\/01\\\/kilic.jpg\",\"width\":275,\"height\":183},{\"@type\":\"BreadcrumbList\",\"@id\":\"https:\\\/\\\/memurunsesi.net\\\/index.php\\\/2026\\\/01\\\/24\\\/ankara-21-idare-mahkemesinden-tegmen-demirtas-icin-ihrac-kararina-iptal\\\/#breadcrumb\",\"itemListElement\":[{\"@type\":\"ListItem\",\"position\":1,\"name\":\"Anasayfa\",\"item\":\"https:\\\/\\\/memurunsesi.net\\\/\"},{\"@type\":\"ListItem\",\"position\":2,\"name\":\"Ankara 21. \u0130dare Mahkemesi\u2019nden Te\u011fmen Demirta\u015f \u0130\u00e7in \u0130hra\u00e7 Karar\u0131na \u0130ptal\"}]},{\"@type\":\"WebSite\",\"@id\":\"https:\\\/\\\/memurunsesi.net\\\/#website\",\"url\":\"https:\\\/\\\/memurunsesi.net\\\/\",\"name\":\"Memurun Sesi\",\"description\":\"G\u00fcncel ve Do\u011fru Haber\",\"publisher\":{\"@id\":\"https:\\\/\\\/memurunsesi.net\\\/#organization\"},\"potentialAction\":[{\"@type\":\"SearchAction\",\"target\":{\"@type\":\"EntryPoint\",\"urlTemplate\":\"https:\\\/\\\/memurunsesi.net\\\/?s={search_term_string}\"},\"query-input\":{\"@type\":\"PropertyValueSpecification\",\"valueRequired\":true,\"valueName\":\"search_term_string\"}}],\"inLanguage\":\"tr\"},{\"@type\":\"Organization\",\"@id\":\"https:\\\/\\\/memurunsesi.net\\\/#organization\",\"name\":\"Memurun Sesi\",\"url\":\"https:\\\/\\\/memurunsesi.net\\\/\",\"logo\":{\"@type\":\"ImageObject\",\"inLanguage\":\"tr\",\"@id\":\"https:\\\/\\\/memurunsesi.net\\\/#\\\/schema\\\/logo\\\/image\\\/\",\"url\":\"https:\\\/\\\/memurunsesi.net\\\/wp-content\\\/uploads\\\/2025\\\/11\\\/cropped-MEMURUN-SESI.png\",\"contentUrl\":\"https:\\\/\\\/memurunsesi.net\\\/wp-content\\\/uploads\\\/2025\\\/11\\\/cropped-MEMURUN-SESI.png\",\"width\":238,\"height\":57,\"caption\":\"Memurun Sesi\"},\"image\":{\"@id\":\"https:\\\/\\\/memurunsesi.net\\\/#\\\/schema\\\/logo\\\/image\\\/\"},\"sameAs\":[\"https:\\\/\\\/www.facebook.com\\\/unipersen\\\/?locale=tr_TR\",\"https:\\\/\\\/x.com\\\/unipersen\"]},{\"@type\":\"Person\",\"@id\":\"https:\\\/\\\/memurunsesi.net\\\/#\\\/schema\\\/person\\\/f21c2d73b89f6ee1d80b0a1803e38587\",\"name\":\"Memurun Sesi Haber Merkezi\",\"image\":{\"@type\":\"ImageObject\",\"inLanguage\":\"tr\",\"@id\":\"https:\\\/\\\/secure.gravatar.com\\\/avatar\\\/6cf0505f452ee753f485014986fab09a434671d2b919ee76fc541025c5876a70?s=96&d=mm&r=g\",\"url\":\"https:\\\/\\\/secure.gravatar.com\\\/avatar\\\/6cf0505f452ee753f485014986fab09a434671d2b919ee76fc541025c5876a70?s=96&d=mm&r=g\",\"contentUrl\":\"https:\\\/\\\/secure.gravatar.com\\\/avatar\\\/6cf0505f452ee753f485014986fab09a434671d2b919ee76fc541025c5876a70?s=96&d=mm&r=g\",\"caption\":\"Memurun Sesi Haber Merkezi\"},\"sameAs\":[\"https:\\\/\\\/memurunsesi.net\"],\"url\":\"https:\\\/\\\/memurunsesi.net\\\/index.php\\\/author\\\/uniper\\\/\"}]}<\/script>\n<!-- \/ Yoast SEO plugin. -->","yoast_head_json":{"title":"Ankara 21. \u0130dare Mahkemesi\u2019nden Te\u011fmen Demirta\u015f \u0130\u00e7in \u0130hra\u00e7 Karar\u0131na \u0130ptal - Memurun Sesi","description":"Ankara 21. \u0130dare Mahkemesi, Kara Harp Okulu mezuniyet t\u00f6reni sonras\u0131 ihra\u00e7 edilen te\u011fmen Deniz Demirta\u015f hakk\u0131nda verilen ihra\u00e7 karar\u0131n\u0131 oybirli\u011fiyle iptal etti. Parasal haklar\u0131n faiziyle \u00f6denmesine h\u00fckmedildi.","robots":{"index":"index","follow":"follow","max-snippet":"max-snippet:-1","max-image-preview":"max-image-preview:large","max-video-preview":"max-video-preview:-1"},"canonical":"https:\/\/memurunsesi.net\/index.php\/2026\/01\/24\/ankara-21-idare-mahkemesinden-tegmen-demirtas-icin-ihrac-kararina-iptal\/","og_locale":"tr_TR","og_type":"article","og_title":"Ankara 21. \u0130dare Mahkemesi\u2019nden Te\u011fmen Demirta\u015f \u0130\u00e7in \u0130hra\u00e7 Karar\u0131na \u0130ptal - Memurun Sesi","og_description":"Ankara 21. \u0130dare Mahkemesi, Kara Harp Okulu mezuniyet t\u00f6reni sonras\u0131 ihra\u00e7 edilen te\u011fmen Deniz Demirta\u015f hakk\u0131nda verilen ihra\u00e7 karar\u0131n\u0131 oybirli\u011fiyle iptal etti. Parasal haklar\u0131n faiziyle \u00f6denmesine h\u00fckmedildi.","og_url":"https:\/\/memurunsesi.net\/index.php\/2026\/01\/24\/ankara-21-idare-mahkemesinden-tegmen-demirtas-icin-ihrac-kararina-iptal\/","og_site_name":"Memurun Sesi","article_publisher":"https:\/\/www.facebook.com\/unipersen\/?locale=tr_TR","article_published_time":"2026-01-24T06:29:30+00:00","og_image":[{"width":275,"height":183,"url":"https:\/\/memurunsesi.net\/wp-content\/uploads\/2026\/01\/kilic.jpg","type":"image\/jpeg"}],"author":"Memurun Sesi Haber Merkezi","twitter_card":"summary_large_image","twitter_creator":"@unipersen","twitter_site":"@unipersen","twitter_misc":{"Yazan:":"Memurun Sesi Haber Merkezi","Tahmini okuma s\u00fcresi":"2 dakika"},"schema":{"@context":"https:\/\/schema.org","@graph":[{"@type":"Article","@id":"https:\/\/memurunsesi.net\/index.php\/2026\/01\/24\/ankara-21-idare-mahkemesinden-tegmen-demirtas-icin-ihrac-kararina-iptal\/#article","isPartOf":{"@id":"https:\/\/memurunsesi.net\/index.php\/2026\/01\/24\/ankara-21-idare-mahkemesinden-tegmen-demirtas-icin-ihrac-kararina-iptal\/"},"author":{"name":"Memurun Sesi Haber Merkezi","@id":"https:\/\/memurunsesi.net\/#\/schema\/person\/f21c2d73b89f6ee1d80b0a1803e38587"},"headline":"Ankara 21. \u0130dare Mahkemesi\u2019nden Te\u011fmen Demirta\u015f \u0130\u00e7in \u0130hra\u00e7 Karar\u0131na \u0130ptal","datePublished":"2026-01-24T06:29:30+00:00","mainEntityOfPage":{"@id":"https:\/\/memurunsesi.net\/index.php\/2026\/01\/24\/ankara-21-idare-mahkemesinden-tegmen-demirtas-icin-ihrac-kararina-iptal\/"},"wordCount":330,"commentCount":0,"publisher":{"@id":"https:\/\/memurunsesi.net\/#organization"},"image":{"@id":"https:\/\/memurunsesi.net\/index.php\/2026\/01\/24\/ankara-21-idare-mahkemesinden-tegmen-demirtas-icin-ihrac-kararina-iptal\/#primaryimage"},"thumbnailUrl":"https:\/\/memurunsesi.net\/wp-content\/uploads\/2026\/01\/kilic.jpg","keywords":["\u0130hra\u00e7 Karar\u0131na \u0130ptal"],"inLanguage":"tr","potentialAction":[{"@type":"CommentAction","name":"Comment","target":["https:\/\/memurunsesi.net\/index.php\/2026\/01\/24\/ankara-21-idare-mahkemesinden-tegmen-demirtas-icin-ihrac-kararina-iptal\/#respond"]}]},{"@type":"WebPage","@id":"https:\/\/memurunsesi.net\/index.php\/2026\/01\/24\/ankara-21-idare-mahkemesinden-tegmen-demirtas-icin-ihrac-kararina-iptal\/","url":"https:\/\/memurunsesi.net\/index.php\/2026\/01\/24\/ankara-21-idare-mahkemesinden-tegmen-demirtas-icin-ihrac-kararina-iptal\/","name":"Ankara 21. \u0130dare Mahkemesi\u2019nden Te\u011fmen Demirta\u015f \u0130\u00e7in \u0130hra\u00e7 Karar\u0131na \u0130ptal - Memurun Sesi","isPartOf":{"@id":"https:\/\/memurunsesi.net\/#website"},"primaryImageOfPage":{"@id":"https:\/\/memurunsesi.net\/index.php\/2026\/01\/24\/ankara-21-idare-mahkemesinden-tegmen-demirtas-icin-ihrac-kararina-iptal\/#primaryimage"},"image":{"@id":"https:\/\/memurunsesi.net\/index.php\/2026\/01\/24\/ankara-21-idare-mahkemesinden-tegmen-demirtas-icin-ihrac-kararina-iptal\/#primaryimage"},"thumbnailUrl":"https:\/\/memurunsesi.net\/wp-content\/uploads\/2026\/01\/kilic.jpg","datePublished":"2026-01-24T06:29:30+00:00","description":"Ankara 21. \u0130dare Mahkemesi, Kara Harp Okulu mezuniyet t\u00f6reni sonras\u0131 ihra\u00e7 edilen te\u011fmen Deniz Demirta\u015f hakk\u0131nda verilen ihra\u00e7 karar\u0131n\u0131 oybirli\u011fiyle iptal etti. Parasal haklar\u0131n faiziyle \u00f6denmesine h\u00fckmedildi.","breadcrumb":{"@id":"https:\/\/memurunsesi.net\/index.php\/2026\/01\/24\/ankara-21-idare-mahkemesinden-tegmen-demirtas-icin-ihrac-kararina-iptal\/#breadcrumb"},"inLanguage":"tr","potentialAction":[{"@type":"ReadAction","target":["https:\/\/memurunsesi.net\/index.php\/2026\/01\/24\/ankara-21-idare-mahkemesinden-tegmen-demirtas-icin-ihrac-kararina-iptal\/"]}]},{"@type":"ImageObject","inLanguage":"tr","@id":"https:\/\/memurunsesi.net\/index.php\/2026\/01\/24\/ankara-21-idare-mahkemesinden-tegmen-demirtas-icin-ihrac-kararina-iptal\/#primaryimage","url":"https:\/\/memurunsesi.net\/wp-content\/uploads\/2026\/01\/kilic.jpg","contentUrl":"https:\/\/memurunsesi.net\/wp-content\/uploads\/2026\/01\/kilic.jpg","width":275,"height":183},{"@type":"BreadcrumbList","@id":"https:\/\/memurunsesi.net\/index.php\/2026\/01\/24\/ankara-21-idare-mahkemesinden-tegmen-demirtas-icin-ihrac-kararina-iptal\/#breadcrumb","itemListElement":[{"@type":"ListItem","position":1,"name":"Anasayfa","item":"https:\/\/memurunsesi.net\/"},{"@type":"ListItem","position":2,"name":"Ankara 21. \u0130dare Mahkemesi\u2019nden Te\u011fmen Demirta\u015f \u0130\u00e7in \u0130hra\u00e7 Karar\u0131na \u0130ptal"}]},{"@type":"WebSite","@id":"https:\/\/memurunsesi.net\/#website","url":"https:\/\/memurunsesi.net\/","name":"Memurun Sesi","description":"G\u00fcncel ve Do\u011fru Haber","publisher":{"@id":"https:\/\/memurunsesi.net\/#organization"},"potentialAction":[{"@type":"SearchAction","target":{"@type":"EntryPoint","urlTemplate":"https:\/\/memurunsesi.net\/?s={search_term_string}"},"query-input":{"@type":"PropertyValueSpecification","valueRequired":true,"valueName":"search_term_string"}}],"inLanguage":"tr"},{"@type":"Organization","@id":"https:\/\/memurunsesi.net\/#organization","name":"Memurun Sesi","url":"https:\/\/memurunsesi.net\/","logo":{"@type":"ImageObject","inLanguage":"tr","@id":"https:\/\/memurunsesi.net\/#\/schema\/logo\/image\/","url":"https:\/\/memurunsesi.net\/wp-content\/uploads\/2025\/11\/cropped-MEMURUN-SESI.png","contentUrl":"https:\/\/memurunsesi.net\/wp-content\/uploads\/2025\/11\/cropped-MEMURUN-SESI.png","width":238,"height":57,"caption":"Memurun Sesi"},"image":{"@id":"https:\/\/memurunsesi.net\/#\/schema\/logo\/image\/"},"sameAs":["https:\/\/www.facebook.com\/unipersen\/?locale=tr_TR","https:\/\/x.com\/unipersen"]},{"@type":"Person","@id":"https:\/\/memurunsesi.net\/#\/schema\/person\/f21c2d73b89f6ee1d80b0a1803e38587","name":"Memurun Sesi Haber Merkezi","image":{"@type":"ImageObject","inLanguage":"tr","@id":"https:\/\/secure.gravatar.com\/avatar\/6cf0505f452ee753f485014986fab09a434671d2b919ee76fc541025c5876a70?s=96&d=mm&r=g","url":"https:\/\/secure.gravatar.com\/avatar\/6cf0505f452ee753f485014986fab09a434671d2b919ee76fc541025c5876a70?s=96&d=mm&r=g","contentUrl":"https:\/\/secure.gravatar.com\/avatar\/6cf0505f452ee753f485014986fab09a434671d2b919ee76fc541025c5876a70?s=96&d=mm&r=g","caption":"Memurun Sesi Haber Merkezi"},"sameAs":["https:\/\/memurunsesi.net"],"url":"https:\/\/memurunsesi.net\/index.php\/author\/uniper\/"}]}},"_links":{"self":[{"href":"https:\/\/memurunsesi.net\/index.php\/wp-json\/wp\/v2\/posts\/16747","targetHints":{"allow":["GET"]}}],"collection":[{"href":"https:\/\/memurunsesi.net\/index.php\/wp-json\/wp\/v2\/posts"}],"about":[{"href":"https:\/\/memurunsesi.net\/index.php\/wp-json\/wp\/v2\/types\/post"}],"author":[{"embeddable":true,"href":"https:\/\/memurunsesi.net\/index.php\/wp-json\/wp\/v2\/users\/1"}],"replies":[{"embeddable":true,"href":"https:\/\/memurunsesi.net\/index.php\/wp-json\/wp\/v2\/comments?post=16747"}],"version-history":[{"count":1,"href":"https:\/\/memurunsesi.net\/index.php\/wp-json\/wp\/v2\/posts\/16747\/revisions"}],"predecessor-version":[{"id":16749,"href":"https:\/\/memurunsesi.net\/index.php\/wp-json\/wp\/v2\/posts\/16747\/revisions\/16749"}],"wp:featuredmedia":[{"embeddable":true,"href":"https:\/\/memurunsesi.net\/index.php\/wp-json\/wp\/v2\/media\/16748"}],"wp:attachment":[{"href":"https:\/\/memurunsesi.net\/index.php\/wp-json\/wp\/v2\/media?parent=16747"}],"wp:term":[{"taxonomy":"category","embeddable":true,"href":"https:\/\/memurunsesi.net\/index.php\/wp-json\/wp\/v2\/categories?post=16747"},{"taxonomy":"post_tag","embeddable":true,"href":"https:\/\/memurunsesi.net\/index.php\/wp-json\/wp\/v2\/tags?post=16747"}],"curies":[{"name":"wp","href":"https:\/\/api.w.org\/{rel}","templated":true}]}}