{"id":16756,"date":"2026-01-24T19:31:33","date_gmt":"2026-01-24T16:31:33","guid":{"rendered":"https:\/\/memurunsesi.net\/?p=16756"},"modified":"2026-01-24T19:31:33","modified_gmt":"2026-01-24T16:31:33","slug":"tir-karsi-seride-gecip-araclara-daldi-1-olu-3-yarali","status":"publish","type":"post","link":"https:\/\/memurunsesi.net\/index.php\/2026\/01\/24\/tir-karsi-seride-gecip-araclara-daldi-1-olu-3-yarali\/","title":{"rendered":"T\u0131r kar\u015f\u0131 \u015feride ge\u00e7ip ara\u00e7lara dald\u0131: 1 \u00f6l\u00fc, 3 yaral\u0131"},"content":{"rendered":"<p>Samsun\u2019un Canik il\u00e7esinde kontrolden \u00e7\u0131kan t\u0131r\u0131n kar\u015f\u0131 \u015feride ge\u00e7erek otomobil ve SUV araca \u00e7arpmas\u0131 sonucu t\u0131r s\u00fcr\u00fcc\u00fcs\u00fc hayat\u0131n\u0131 kaybetti, 3 ki\u015fi yaraland\u0131.<br \/>\nKaza, \u00c7evre Yolu \u0130\u015fgem Kav\u015fa\u011f\u0131 Otogar istikameti \u00fczerinde meydana geldi. Edinilen bilgiye g\u00f6re, T\u00fcrkmenistan plakal\u0131 demir malzemesi y\u00fckl\u00fc 5414 TAG plakal\u0131 t\u0131r\u0131 kullanan T\u00fcrkmenistan uyruklu 61 ya\u015f\u0131ndaki Allaberdi Hojakov, \u00c7evre yolundan Ordu istikametine seyir halindeyken direksiyon hakimiyetini kaybederek yolu kar\u015f\u0131 \u015feride ge\u00e7ti. Kontrolden \u00e7\u0131kan t\u0131r, kar\u015f\u0131 y\u00f6nden gelen 17 AAP 069 plakal\u0131 SUV tipi ara\u00e7 ile 55 AST 613 plakal\u0131 otomobile \u00e7arpt\u0131.<br \/>\n\u00c7arpman\u0131n etkisiyle SUV tipi ara\u00e7ta bulunan Tolga Sevindik ve Egemen An\u0131l ile otomobilde bulunan Ak\u0131n Karako\u00e7 yaraland\u0131. Yaral\u0131lar, olay yerine sevk edilen sa\u011fl\u0131k ekiplerince Samsun \u015eehir Hastanesi E\u011fitim ve Ara\u015ft\u0131rma Hastanesi Ek Hizmet Binas\u0131\u2019na kald\u0131r\u0131ld\u0131.<br \/>\nKazada t\u0131rda s\u0131k\u0131\u015fan s\u00fcr\u00fcc\u00fc Allaberdi Hojakov, itfaiye ekiplerinin \u00e7al\u0131\u015fmas\u0131yla ara\u00e7tan \u00e7\u0131kar\u0131ld\u0131. Sa\u011fl\u0131k ekiplerinin yapt\u0131\u011f\u0131 kontrolde Hojakov\u2019un hayat\u0131n\u0131 kaybetti\u011fi belirlendi.<br \/>\nKazayla ilgili inceleme ba\u015flat\u0131ld\u0131.<\/p>\n<p>24.01.2026<\/p>\n","protected":false},"excerpt":{"rendered":"<p>Samsun\u2019un Canik il\u00e7esinde kontrolden \u00e7\u0131kan t\u0131r\u0131n kar\u015f\u0131 \u015feride ge\u00e7erek otomobil ve SUV araca \u00e7arpmas\u0131 sonucu t\u0131r s\u00fcr\u00fcc\u00fcs\u00fc hayat\u0131n\u0131 kaybetti, 3 ki\u015fi yaraland\u0131. Kaza, \u00c7evre Yolu \u0130\u015fgem Kav\u015fa\u011f\u0131 Otogar istikameti \u00fczerinde meydana geldi. Edinilen bilgiye g\u00f6re, T\u00fcrkmenistan plakal\u0131 demir malzemesi y\u00fckl\u00fc 5414 TAG plakal\u0131 t\u0131r\u0131 kullanan T\u00fcrkmenistan uyruklu 61 ya\u015f\u0131ndaki Allaberdi Hojakov, \u00c7evre yolundan Ordu istikametine [&hellip;]<\/p>\n","protected":false},"author":1,"featured_media":16757,"comment_status":"open","ping_status":"open","sticky":false,"template":"","format":"standard","meta":{"footnotes":""},"categories":[1],"tags":[],"class_list":["post-16756","post","type-post","status-publish","format-standard","has-post-thumbnail","hentry","category-genel"],"yoast_head":"<!-- This site is optimized with the Yoast SEO plugin v27.4 - https:\/\/yoast.com\/product\/yoast-seo-wordpress\/ -->\n<title>T\u0131r kar\u015f\u0131 \u015feride ge\u00e7ip ara\u00e7lara dald\u0131: 1 \u00f6l\u00fc, 3 yaral\u0131 - Memurun Sesi<\/title>\n<meta name=\"description\" content=\"T\u0131r kar\u015f\u0131 \u015feride ge\u00e7ip ara\u00e7lara dald\u0131: 1 \u00f6l\u00fc, 3 yaral\u0131\" \/>\n<meta name=\"robots\" content=\"index, follow, max-snippet:-1, max-image-preview:large, max-video-preview:-1\" \/>\n<link rel=\"canonical\" href=\"https:\/\/memurunsesi.net\/index.php\/2026\/01\/24\/tir-karsi-seride-gecip-araclara-daldi-1-olu-3-yarali\/\" \/>\n<meta property=\"og:locale\" content=\"tr_TR\" \/>\n<meta property=\"og:type\" content=\"article\" \/>\n<meta property=\"og:title\" content=\"T\u0131r kar\u015f\u0131 \u015feride ge\u00e7ip ara\u00e7lara dald\u0131: 1 \u00f6l\u00fc, 3 yaral\u0131 - Memurun Sesi\" \/>\n<meta property=\"og:description\" content=\"T\u0131r kar\u015f\u0131 \u015feride ge\u00e7ip ara\u00e7lara dald\u0131: 1 \u00f6l\u00fc, 3 yaral\u0131\" \/>\n<meta property=\"og:url\" content=\"https:\/\/memurunsesi.net\/index.php\/2026\/01\/24\/tir-karsi-seride-gecip-araclara-daldi-1-olu-3-yarali\/\" \/>\n<meta property=\"og:site_name\" content=\"Memurun Sesi\" \/>\n<meta property=\"article:publisher\" content=\"https:\/\/www.facebook.com\/unipersen\/?locale=tr_TR\" \/>\n<meta property=\"article:published_time\" content=\"2026-01-24T16:31:33+00:00\" \/>\n<meta property=\"og:image\" content=\"https:\/\/memurunsesi.net\/wp-content\/uploads\/2026\/01\/tir-3-scaled.jpg\" \/>\n\t<meta property=\"og:image:width\" content=\"2560\" \/>\n\t<meta property=\"og:image:height\" content=\"1440\" \/>\n\t<meta property=\"og:image:type\" content=\"image\/jpeg\" \/>\n<meta name=\"author\" content=\"Memurun Sesi Haber Merkezi\" \/>\n<meta name=\"twitter:card\" content=\"summary_large_image\" \/>\n<meta name=\"twitter:creator\" content=\"@unipersen\" \/>\n<meta name=\"twitter:site\" content=\"@unipersen\" \/>\n<meta name=\"twitter:label1\" content=\"Yazan:\" \/>\n\t<meta name=\"twitter:data1\" content=\"Memurun Sesi Haber Merkezi\" \/>\n\t<meta name=\"twitter:label2\" content=\"Tahmini okuma s\u00fcresi\" \/>\n\t<meta name=\"twitter:data2\" content=\"2 dakika\" \/>\n<script type=\"application\/ld+json\" class=\"yoast-schema-graph\">{\"@context\":\"https:\\\/\\\/schema.org\",\"@graph\":[{\"@type\":\"Article\",\"@id\":\"https:\\\/\\\/memurunsesi.net\\\/index.php\\\/2026\\\/01\\\/24\\\/tir-karsi-seride-gecip-araclara-daldi-1-olu-3-yarali\\\/#article\",\"isPartOf\":{\"@id\":\"https:\\\/\\\/memurunsesi.net\\\/index.php\\\/2026\\\/01\\\/24\\\/tir-karsi-seride-gecip-araclara-daldi-1-olu-3-yarali\\\/\"},\"author\":{\"name\":\"Memurun Sesi Haber Merkezi\",\"@id\":\"https:\\\/\\\/memurunsesi.net\\\/#\\\/schema\\\/person\\\/f21c2d73b89f6ee1d80b0a1803e38587\"},\"headline\":\"T\u0131r kar\u015f\u0131 \u015feride ge\u00e7ip ara\u00e7lara dald\u0131: 1 \u00f6l\u00fc, 3 yaral\u0131\",\"datePublished\":\"2026-01-24T16:31:33+00:00\",\"mainEntityOfPage\":{\"@id\":\"https:\\\/\\\/memurunsesi.net\\\/index.php\\\/2026\\\/01\\\/24\\\/tir-karsi-seride-gecip-araclara-daldi-1-olu-3-yarali\\\/\"},\"wordCount\":196,\"commentCount\":0,\"publisher\":{\"@id\":\"https:\\\/\\\/memurunsesi.net\\\/#organization\"},\"image\":{\"@id\":\"https:\\\/\\\/memurunsesi.net\\\/index.php\\\/2026\\\/01\\\/24\\\/tir-karsi-seride-gecip-araclara-daldi-1-olu-3-yarali\\\/#primaryimage\"},\"thumbnailUrl\":\"https:\\\/\\\/memurunsesi.net\\\/wp-content\\\/uploads\\\/2026\\\/01\\\/tir-3-scaled.jpg\",\"inLanguage\":\"tr\",\"potentialAction\":[{\"@type\":\"CommentAction\",\"name\":\"Comment\",\"target\":[\"https:\\\/\\\/memurunsesi.net\\\/index.php\\\/2026\\\/01\\\/24\\\/tir-karsi-seride-gecip-araclara-daldi-1-olu-3-yarali\\\/#respond\"]}]},{\"@type\":\"WebPage\",\"@id\":\"https:\\\/\\\/memurunsesi.net\\\/index.php\\\/2026\\\/01\\\/24\\\/tir-karsi-seride-gecip-araclara-daldi-1-olu-3-yarali\\\/\",\"url\":\"https:\\\/\\\/memurunsesi.net\\\/index.php\\\/2026\\\/01\\\/24\\\/tir-karsi-seride-gecip-araclara-daldi-1-olu-3-yarali\\\/\",\"name\":\"T\u0131r kar\u015f\u0131 \u015feride ge\u00e7ip ara\u00e7lara dald\u0131: 1 \u00f6l\u00fc, 3 yaral\u0131 - Memurun Sesi\",\"isPartOf\":{\"@id\":\"https:\\\/\\\/memurunsesi.net\\\/#website\"},\"primaryImageOfPage\":{\"@id\":\"https:\\\/\\\/memurunsesi.net\\\/index.php\\\/2026\\\/01\\\/24\\\/tir-karsi-seride-gecip-araclara-daldi-1-olu-3-yarali\\\/#primaryimage\"},\"image\":{\"@id\":\"https:\\\/\\\/memurunsesi.net\\\/index.php\\\/2026\\\/01\\\/24\\\/tir-karsi-seride-gecip-araclara-daldi-1-olu-3-yarali\\\/#primaryimage\"},\"thumbnailUrl\":\"https:\\\/\\\/memurunsesi.net\\\/wp-content\\\/uploads\\\/2026\\\/01\\\/tir-3-scaled.jpg\",\"datePublished\":\"2026-01-24T16:31:33+00:00\",\"description\":\"T\u0131r kar\u015f\u0131 \u015feride ge\u00e7ip ara\u00e7lara dald\u0131: 1 \u00f6l\u00fc, 3 yaral\u0131\",\"breadcrumb\":{\"@id\":\"https:\\\/\\\/memurunsesi.net\\\/index.php\\\/2026\\\/01\\\/24\\\/tir-karsi-seride-gecip-araclara-daldi-1-olu-3-yarali\\\/#breadcrumb\"},\"inLanguage\":\"tr\",\"potentialAction\":[{\"@type\":\"ReadAction\",\"target\":[\"https:\\\/\\\/memurunsesi.net\\\/index.php\\\/2026\\\/01\\\/24\\\/tir-karsi-seride-gecip-araclara-daldi-1-olu-3-yarali\\\/\"]}]},{\"@type\":\"ImageObject\",\"inLanguage\":\"tr\",\"@id\":\"https:\\\/\\\/memurunsesi.net\\\/index.php\\\/2026\\\/01\\\/24\\\/tir-karsi-seride-gecip-araclara-daldi-1-olu-3-yarali\\\/#primaryimage\",\"url\":\"https:\\\/\\\/memurunsesi.net\\\/wp-content\\\/uploads\\\/2026\\\/01\\\/tir-3-scaled.jpg\",\"contentUrl\":\"https:\\\/\\\/memurunsesi.net\\\/wp-content\\\/uploads\\\/2026\\\/01\\\/tir-3-scaled.jpg\",\"width\":2560,\"height\":1440,\"caption\":\"SAMSUN'UN CAN\u0130K \u0130L\u00c7ES\u0130NDE KONTROLDEN \u00c7IKAN TIRIN KAR\u015eI \u015eER\u0130DE GE\u00c7EREK OTOMOB\u0130L VE SUV ARACA \u00c7ARPMASI SONUCU TIR S\u00dcR\u00dcC\u00dcS\u00dc HAYATINI KAYBETT\u0130, 3 K\u0130\u015e\u0130 YARALANDI. (FURKAN ABREK \u00dcNAL\\\/SAMSUN-\u0130HA) Samsun'un Canik il\u00e7esinde kontrolden \u00e7\u0131kan t\u0131r\u0131n kar\u015f\u0131 \u015feride ge\u00e7erek otomobil ve SUV araca \u00e7arpmas\u0131 sonucu t\u0131r s\u00fcr\u00fcc\u00fcs\u00fc hayat\u0131n\u0131 kaybetti, 3 ki\u015fi yaraland\u0131.\"},{\"@type\":\"BreadcrumbList\",\"@id\":\"https:\\\/\\\/memurunsesi.net\\\/index.php\\\/2026\\\/01\\\/24\\\/tir-karsi-seride-gecip-araclara-daldi-1-olu-3-yarali\\\/#breadcrumb\",\"itemListElement\":[{\"@type\":\"ListItem\",\"position\":1,\"name\":\"Anasayfa\",\"item\":\"https:\\\/\\\/memurunsesi.net\\\/\"},{\"@type\":\"ListItem\",\"position\":2,\"name\":\"T\u0131r kar\u015f\u0131 \u015feride ge\u00e7ip ara\u00e7lara dald\u0131: 1 \u00f6l\u00fc, 3 yaral\u0131\"}]},{\"@type\":\"WebSite\",\"@id\":\"https:\\\/\\\/memurunsesi.net\\\/#website\",\"url\":\"https:\\\/\\\/memurunsesi.net\\\/\",\"name\":\"Memurun Sesi\",\"description\":\"G\u00fcncel ve Do\u011fru Haber\",\"publisher\":{\"@id\":\"https:\\\/\\\/memurunsesi.net\\\/#organization\"},\"potentialAction\":[{\"@type\":\"SearchAction\",\"target\":{\"@type\":\"EntryPoint\",\"urlTemplate\":\"https:\\\/\\\/memurunsesi.net\\\/?s={search_term_string}\"},\"query-input\":{\"@type\":\"PropertyValueSpecification\",\"valueRequired\":true,\"valueName\":\"search_term_string\"}}],\"inLanguage\":\"tr\"},{\"@type\":\"Organization\",\"@id\":\"https:\\\/\\\/memurunsesi.net\\\/#organization\",\"name\":\"Memurun Sesi\",\"url\":\"https:\\\/\\\/memurunsesi.net\\\/\",\"logo\":{\"@type\":\"ImageObject\",\"inLanguage\":\"tr\",\"@id\":\"https:\\\/\\\/memurunsesi.net\\\/#\\\/schema\\\/logo\\\/image\\\/\",\"url\":\"https:\\\/\\\/memurunsesi.net\\\/wp-content\\\/uploads\\\/2025\\\/11\\\/cropped-MEMURUN-SESI.png\",\"contentUrl\":\"https:\\\/\\\/memurunsesi.net\\\/wp-content\\\/uploads\\\/2025\\\/11\\\/cropped-MEMURUN-SESI.png\",\"width\":238,\"height\":57,\"caption\":\"Memurun Sesi\"},\"image\":{\"@id\":\"https:\\\/\\\/memurunsesi.net\\\/#\\\/schema\\\/logo\\\/image\\\/\"},\"sameAs\":[\"https:\\\/\\\/www.facebook.com\\\/unipersen\\\/?locale=tr_TR\",\"https:\\\/\\\/x.com\\\/unipersen\"]},{\"@type\":\"Person\",\"@id\":\"https:\\\/\\\/memurunsesi.net\\\/#\\\/schema\\\/person\\\/f21c2d73b89f6ee1d80b0a1803e38587\",\"name\":\"Memurun Sesi Haber Merkezi\",\"image\":{\"@type\":\"ImageObject\",\"inLanguage\":\"tr\",\"@id\":\"https:\\\/\\\/secure.gravatar.com\\\/avatar\\\/6cf0505f452ee753f485014986fab09a434671d2b919ee76fc541025c5876a70?s=96&d=mm&r=g\",\"url\":\"https:\\\/\\\/secure.gravatar.com\\\/avatar\\\/6cf0505f452ee753f485014986fab09a434671d2b919ee76fc541025c5876a70?s=96&d=mm&r=g\",\"contentUrl\":\"https:\\\/\\\/secure.gravatar.com\\\/avatar\\\/6cf0505f452ee753f485014986fab09a434671d2b919ee76fc541025c5876a70?s=96&d=mm&r=g\",\"caption\":\"Memurun Sesi Haber Merkezi\"},\"sameAs\":[\"https:\\\/\\\/memurunsesi.net\"],\"url\":\"https:\\\/\\\/memurunsesi.net\\\/index.php\\\/author\\\/uniper\\\/\"}]}<\/script>\n<!-- \/ Yoast SEO plugin. -->","yoast_head_json":{"title":"T\u0131r kar\u015f\u0131 \u015feride ge\u00e7ip ara\u00e7lara dald\u0131: 1 \u00f6l\u00fc, 3 yaral\u0131 - Memurun Sesi","description":"T\u0131r kar\u015f\u0131 \u015feride ge\u00e7ip ara\u00e7lara dald\u0131: 1 \u00f6l\u00fc, 3 yaral\u0131","robots":{"index":"index","follow":"follow","max-snippet":"max-snippet:-1","max-image-preview":"max-image-preview:large","max-video-preview":"max-video-preview:-1"},"canonical":"https:\/\/memurunsesi.net\/index.php\/2026\/01\/24\/tir-karsi-seride-gecip-araclara-daldi-1-olu-3-yarali\/","og_locale":"tr_TR","og_type":"article","og_title":"T\u0131r kar\u015f\u0131 \u015feride ge\u00e7ip ara\u00e7lara dald\u0131: 1 \u00f6l\u00fc, 3 yaral\u0131 - Memurun Sesi","og_description":"T\u0131r kar\u015f\u0131 \u015feride ge\u00e7ip ara\u00e7lara dald\u0131: 1 \u00f6l\u00fc, 3 yaral\u0131","og_url":"https:\/\/memurunsesi.net\/index.php\/2026\/01\/24\/tir-karsi-seride-gecip-araclara-daldi-1-olu-3-yarali\/","og_site_name":"Memurun Sesi","article_publisher":"https:\/\/www.facebook.com\/unipersen\/?locale=tr_TR","article_published_time":"2026-01-24T16:31:33+00:00","og_image":[{"width":2560,"height":1440,"url":"https:\/\/memurunsesi.net\/wp-content\/uploads\/2026\/01\/tir-3-scaled.jpg","type":"image\/jpeg"}],"author":"Memurun Sesi Haber Merkezi","twitter_card":"summary_large_image","twitter_creator":"@unipersen","twitter_site":"@unipersen","twitter_misc":{"Yazan:":"Memurun Sesi Haber Merkezi","Tahmini okuma s\u00fcresi":"2 dakika"},"schema":{"@context":"https:\/\/schema.org","@graph":[{"@type":"Article","@id":"https:\/\/memurunsesi.net\/index.php\/2026\/01\/24\/tir-karsi-seride-gecip-araclara-daldi-1-olu-3-yarali\/#article","isPartOf":{"@id":"https:\/\/memurunsesi.net\/index.php\/2026\/01\/24\/tir-karsi-seride-gecip-araclara-daldi-1-olu-3-yarali\/"},"author":{"name":"Memurun Sesi Haber Merkezi","@id":"https:\/\/memurunsesi.net\/#\/schema\/person\/f21c2d73b89f6ee1d80b0a1803e38587"},"headline":"T\u0131r kar\u015f\u0131 \u015feride ge\u00e7ip ara\u00e7lara dald\u0131: 1 \u00f6l\u00fc, 3 yaral\u0131","datePublished":"2026-01-24T16:31:33+00:00","mainEntityOfPage":{"@id":"https:\/\/memurunsesi.net\/index.php\/2026\/01\/24\/tir-karsi-seride-gecip-araclara-daldi-1-olu-3-yarali\/"},"wordCount":196,"commentCount":0,"publisher":{"@id":"https:\/\/memurunsesi.net\/#organization"},"image":{"@id":"https:\/\/memurunsesi.net\/index.php\/2026\/01\/24\/tir-karsi-seride-gecip-araclara-daldi-1-olu-3-yarali\/#primaryimage"},"thumbnailUrl":"https:\/\/memurunsesi.net\/wp-content\/uploads\/2026\/01\/tir-3-scaled.jpg","inLanguage":"tr","potentialAction":[{"@type":"CommentAction","name":"Comment","target":["https:\/\/memurunsesi.net\/index.php\/2026\/01\/24\/tir-karsi-seride-gecip-araclara-daldi-1-olu-3-yarali\/#respond"]}]},{"@type":"WebPage","@id":"https:\/\/memurunsesi.net\/index.php\/2026\/01\/24\/tir-karsi-seride-gecip-araclara-daldi-1-olu-3-yarali\/","url":"https:\/\/memurunsesi.net\/index.php\/2026\/01\/24\/tir-karsi-seride-gecip-araclara-daldi-1-olu-3-yarali\/","name":"T\u0131r kar\u015f\u0131 \u015feride ge\u00e7ip ara\u00e7lara dald\u0131: 1 \u00f6l\u00fc, 3 yaral\u0131 - Memurun Sesi","isPartOf":{"@id":"https:\/\/memurunsesi.net\/#website"},"primaryImageOfPage":{"@id":"https:\/\/memurunsesi.net\/index.php\/2026\/01\/24\/tir-karsi-seride-gecip-araclara-daldi-1-olu-3-yarali\/#primaryimage"},"image":{"@id":"https:\/\/memurunsesi.net\/index.php\/2026\/01\/24\/tir-karsi-seride-gecip-araclara-daldi-1-olu-3-yarali\/#primaryimage"},"thumbnailUrl":"https:\/\/memurunsesi.net\/wp-content\/uploads\/2026\/01\/tir-3-scaled.jpg","datePublished":"2026-01-24T16:31:33+00:00","description":"T\u0131r kar\u015f\u0131 \u015feride ge\u00e7ip ara\u00e7lara dald\u0131: 1 \u00f6l\u00fc, 3 yaral\u0131","breadcrumb":{"@id":"https:\/\/memurunsesi.net\/index.php\/2026\/01\/24\/tir-karsi-seride-gecip-araclara-daldi-1-olu-3-yarali\/#breadcrumb"},"inLanguage":"tr","potentialAction":[{"@type":"ReadAction","target":["https:\/\/memurunsesi.net\/index.php\/2026\/01\/24\/tir-karsi-seride-gecip-araclara-daldi-1-olu-3-yarali\/"]}]},{"@type":"ImageObject","inLanguage":"tr","@id":"https:\/\/memurunsesi.net\/index.php\/2026\/01\/24\/tir-karsi-seride-gecip-araclara-daldi-1-olu-3-yarali\/#primaryimage","url":"https:\/\/memurunsesi.net\/wp-content\/uploads\/2026\/01\/tir-3-scaled.jpg","contentUrl":"https:\/\/memurunsesi.net\/wp-content\/uploads\/2026\/01\/tir-3-scaled.jpg","width":2560,"height":1440,"caption":"SAMSUN'UN CAN\u0130K \u0130L\u00c7ES\u0130NDE KONTROLDEN \u00c7IKAN TIRIN KAR\u015eI \u015eER\u0130DE GE\u00c7EREK OTOMOB\u0130L VE SUV ARACA \u00c7ARPMASI SONUCU TIR S\u00dcR\u00dcC\u00dcS\u00dc HAYATINI KAYBETT\u0130, 3 K\u0130\u015e\u0130 YARALANDI. (FURKAN ABREK \u00dcNAL\/SAMSUN-\u0130HA) Samsun'un Canik il\u00e7esinde kontrolden \u00e7\u0131kan t\u0131r\u0131n kar\u015f\u0131 \u015feride ge\u00e7erek otomobil ve SUV araca \u00e7arpmas\u0131 sonucu t\u0131r s\u00fcr\u00fcc\u00fcs\u00fc hayat\u0131n\u0131 kaybetti, 3 ki\u015fi yaraland\u0131."},{"@type":"BreadcrumbList","@id":"https:\/\/memurunsesi.net\/index.php\/2026\/01\/24\/tir-karsi-seride-gecip-araclara-daldi-1-olu-3-yarali\/#breadcrumb","itemListElement":[{"@type":"ListItem","position":1,"name":"Anasayfa","item":"https:\/\/memurunsesi.net\/"},{"@type":"ListItem","position":2,"name":"T\u0131r kar\u015f\u0131 \u015feride ge\u00e7ip ara\u00e7lara dald\u0131: 1 \u00f6l\u00fc, 3 yaral\u0131"}]},{"@type":"WebSite","@id":"https:\/\/memurunsesi.net\/#website","url":"https:\/\/memurunsesi.net\/","name":"Memurun Sesi","description":"G\u00fcncel ve Do\u011fru Haber","publisher":{"@id":"https:\/\/memurunsesi.net\/#organization"},"potentialAction":[{"@type":"SearchAction","target":{"@type":"EntryPoint","urlTemplate":"https:\/\/memurunsesi.net\/?s={search_term_string}"},"query-input":{"@type":"PropertyValueSpecification","valueRequired":true,"valueName":"search_term_string"}}],"inLanguage":"tr"},{"@type":"Organization","@id":"https:\/\/memurunsesi.net\/#organization","name":"Memurun Sesi","url":"https:\/\/memurunsesi.net\/","logo":{"@type":"ImageObject","inLanguage":"tr","@id":"https:\/\/memurunsesi.net\/#\/schema\/logo\/image\/","url":"https:\/\/memurunsesi.net\/wp-content\/uploads\/2025\/11\/cropped-MEMURUN-SESI.png","contentUrl":"https:\/\/memurunsesi.net\/wp-content\/uploads\/2025\/11\/cropped-MEMURUN-SESI.png","width":238,"height":57,"caption":"Memurun Sesi"},"image":{"@id":"https:\/\/memurunsesi.net\/#\/schema\/logo\/image\/"},"sameAs":["https:\/\/www.facebook.com\/unipersen\/?locale=tr_TR","https:\/\/x.com\/unipersen"]},{"@type":"Person","@id":"https:\/\/memurunsesi.net\/#\/schema\/person\/f21c2d73b89f6ee1d80b0a1803e38587","name":"Memurun Sesi Haber Merkezi","image":{"@type":"ImageObject","inLanguage":"tr","@id":"https:\/\/secure.gravatar.com\/avatar\/6cf0505f452ee753f485014986fab09a434671d2b919ee76fc541025c5876a70?s=96&d=mm&r=g","url":"https:\/\/secure.gravatar.com\/avatar\/6cf0505f452ee753f485014986fab09a434671d2b919ee76fc541025c5876a70?s=96&d=mm&r=g","contentUrl":"https:\/\/secure.gravatar.com\/avatar\/6cf0505f452ee753f485014986fab09a434671d2b919ee76fc541025c5876a70?s=96&d=mm&r=g","caption":"Memurun Sesi Haber Merkezi"},"sameAs":["https:\/\/memurunsesi.net"],"url":"https:\/\/memurunsesi.net\/index.php\/author\/uniper\/"}]}},"_links":{"self":[{"href":"https:\/\/memurunsesi.net\/index.php\/wp-json\/wp\/v2\/posts\/16756","targetHints":{"allow":["GET"]}}],"collection":[{"href":"https:\/\/memurunsesi.net\/index.php\/wp-json\/wp\/v2\/posts"}],"about":[{"href":"https:\/\/memurunsesi.net\/index.php\/wp-json\/wp\/v2\/types\/post"}],"author":[{"embeddable":true,"href":"https:\/\/memurunsesi.net\/index.php\/wp-json\/wp\/v2\/users\/1"}],"replies":[{"embeddable":true,"href":"https:\/\/memurunsesi.net\/index.php\/wp-json\/wp\/v2\/comments?post=16756"}],"version-history":[{"count":1,"href":"https:\/\/memurunsesi.net\/index.php\/wp-json\/wp\/v2\/posts\/16756\/revisions"}],"predecessor-version":[{"id":16758,"href":"https:\/\/memurunsesi.net\/index.php\/wp-json\/wp\/v2\/posts\/16756\/revisions\/16758"}],"wp:featuredmedia":[{"embeddable":true,"href":"https:\/\/memurunsesi.net\/index.php\/wp-json\/wp\/v2\/media\/16757"}],"wp:attachment":[{"href":"https:\/\/memurunsesi.net\/index.php\/wp-json\/wp\/v2\/media?parent=16756"}],"wp:term":[{"taxonomy":"category","embeddable":true,"href":"https:\/\/memurunsesi.net\/index.php\/wp-json\/wp\/v2\/categories?post=16756"},{"taxonomy":"post_tag","embeddable":true,"href":"https:\/\/memurunsesi.net\/index.php\/wp-json\/wp\/v2\/tags?post=16756"}],"curies":[{"name":"wp","href":"https:\/\/api.w.org\/{rel}","templated":true}]}}