{"id":16892,"date":"2026-01-28T10:52:57","date_gmt":"2026-01-28T07:52:57","guid":{"rendered":"https:\/\/memurunsesi.net\/?p=16892"},"modified":"2026-01-28T10:52:57","modified_gmt":"2026-01-28T07:52:57","slug":"uzman-egitimci-yolcu-su-anda-konusulan-ogrenci-affi-aslinda-genel-bir-ogrenci-affi-degil","status":"publish","type":"post","link":"https:\/\/memurunsesi.net\/index.php\/2026\/01\/28\/uzman-egitimci-yolcu-su-anda-konusulan-ogrenci-affi-aslinda-genel-bir-ogrenci-affi-degil\/","title":{"rendered":"Uzman e\u011fitimci Yolcu: &#8220;\u015eu anda konu\u015fulan \u00f6\u011frenci aff\u0131 asl\u0131nda genel bir \u00f6\u011frenci aff\u0131 de\u011fil&#8221;"},"content":{"rendered":"<p>\u00c7ankaya \u00dcniversitesi \u0130leti\u015fim Koordinat\u00f6r\u00fc ve Yazar \u0130smail Yolcu, Y\u00fcksek\u00f6\u011fretim Kurulu (Y\u00d6K) taraf\u0131ndan g\u00fcndeme al\u0131nan \u00f6\u011frenci aff\u0131yla ilgili, &#8220;2018 y\u0131l\u0131ndan bu yana \u015fu anda konu\u015fulan \u00f6\u011frenci aff\u0131 asl\u0131nda genel bir \u00f6\u011frenci aff\u0131 de\u011fil. Yap\u0131lmas\u0131 planlanan, haz\u0131rl\u0131k a\u015famas\u0131nda olan bir \u00f6\u011frenci aff\u0131&#8221; dedi.<br \/>\nY\u00d6K taraf\u0131ndan son d\u00f6nemde yeniden g\u00fcndeme al\u0131nan \u00f6\u011frenci aff\u0131 d\u00fczenlemesi, \u00fcniversiteyle ili\u015fi\u011fi kesilen \u00f6\u011frenciler a\u00e7\u0131s\u0131ndan \u00f6nemli bir beklenti olu\u015fturdu. Konuya ili\u015fkin de\u011ferlendirmelerde bulunan uzman e\u011fitimci \u0130smail Yolcu, \u00f6\u011frenci aff\u0131n\u0131n e\u011fitimde f\u0131rsat e\u015fitli\u011fi a\u00e7\u0131s\u0131ndan dikkatle ele al\u0131nmas\u0131 gereken bir ba\u015fl\u0131k oldu\u011funu belirtti. \u00d6\u011frenci aff\u0131 uygulamas\u0131n\u0131n \u00e7e\u015fitli nedenlerle y\u00fcksek\u00f6\u011fretim hayat\u0131 yar\u0131m kalan bireylerin yeniden sisteme dahil edilmesini ama\u00e7lad\u0131\u011f\u0131na dikkat \u00e7eken Yolcu, bu d\u00fczenlemenin sosyal ve akademik boyutlar\u0131yla ele al\u0131nmas\u0131 gerekti\u011fini ifade etti. \u00d6zellikle ekonomik zorluklar, ailevi sorunlar ve psikolojik nedenlerle \u00fcniversiteden ayr\u0131lmak zorunda kalan \u00f6\u011frencilerin say\u0131s\u0131n\u0131n az\u0131msanmayacak d\u00fczeyde oldu\u011funu vurgulayan Yolcu, \u00f6\u011frenci aff\u0131n\u0131 yaln\u0131zca bireysel bir hak d\u00fczenlemesi olarak de\u011fil, ayn\u0131 zamanda toplumsal bir kazan\u0131m olarak g\u00f6rd\u00fc\u011f\u00fcn\u00fc vurgulad\u0131. E\u011fitimini tamamlayamayan bireylerin yeniden y\u00fcksek\u00f6\u011fretim sistemine kazand\u0131r\u0131lmas\u0131n\u0131n istihdamdan sosyal uyuma kadar bir\u00e7ok alanda olumlu etkiler olu\u015fturabilece\u011fini belirten Yolcu, d\u00fczenlemenin hayata ge\u00e7irilmesi durumunda kapsam, ba\u015fvuru \u015fartlar\u0131 ve uygulanma takviminin \u00f6n\u00fcm\u00fczdeki s\u00fcre\u00e7te netlik kazanmas\u0131 bekledi\u011fini ifade etti.<\/p>\n<p>&#8220;Bu genel bir \u00f6\u011frenci aff\u0131 de\u011fil&#8221;<br \/>\nY\u00d6K taraf\u0131ndan g\u00fcndeme al\u0131nan \u00f6\u011frenci aff\u0131n\u0131n genel bir af olmad\u0131\u011f\u0131n\u0131, sadece belirli bir kesimi ilgilendirdi\u011fini belirten Yolcu, &#8220;\u00d6\u011frenci aff\u0131, son g\u00fcnlerde \u00e7ok\u00e7a konu\u015fuldu. Bunun birka\u00e7 sebebi var. En son \u00f6\u011frenci aff\u0131 2018 y\u0131l\u0131nda \u00e7\u0131km\u0131\u015ft\u0131. 2018 y\u0131l\u0131ndan bu yana \u015fu anda konu\u015fulan \u00f6\u011frenci aff\u0131 asl\u0131nda genel bir \u00f6\u011frenci aff\u0131 de\u011fil. Yap\u0131lmas\u0131 planlanan, haz\u0131rl\u0131k a\u015famas\u0131nda olan bir \u00f6\u011frenci aff\u0131. D\u00fcnyayla birlikte \u00e7ok b\u00fcy\u00fck iki olay ya\u015fad\u0131k. \u0130lk ya\u015fad\u0131\u011f\u0131m\u0131z pandemiydi, ikincisi de T\u00fcrkiye&#8217;de ya\u015fad\u0131\u011f\u0131m\u0131z ac\u0131 bir depremdi. \u00d6\u011frenciler, \u00f6zellikle pandemi d\u00f6neminde babas\u0131n\u0131n i\u015f yeri iflas etmi\u015f, kapanm\u0131\u015f, ekonomik sebeplerden dolay\u0131 e\u011fitimine ara vermi\u015f olabilir. Ya da ya\u015fad\u0131\u011f\u0131m\u0131z 6 \u015eubat 2023 y\u0131l\u0131ndaki depremde ailesini kaybetmi\u015f olabilir. Ya da bir \u00f6\u011frenci d\u00fc\u015f\u00fcn\u00fcn, kendisi engelli duruma d\u00fc\u015fm\u00fc\u015f olabilir, uzun bir hastane s\u00fcreci ya\u015fayabilir. Y\u00d6K diyor ki madem bir ma\u011fduriyet ya\u015f\u0131yorsunuz, bize belgeli bir \u015fekilde bunu ispat edin. Sa\u011fl\u0131k raporu veya haciz belgesi olabilir. Ya da depremde y\u0131k\u0131lan bir ev olabilir. Enkaz\u0131n alt\u0131nda kal\u0131nm\u0131\u015ft\u0131r, hastanede yat\u0131lm\u0131\u015ft\u0131r veya evde bir hasta var ama bak\u0131ma muhta\u00e7t\u0131r. \u0130\u015fte bu gibi sebeplerden dolay\u0131 \u00fcniversiteyle ili\u015fi\u011fi kesilen \u00f6\u011frencilere Y\u00d6K \u2018Bize belgelemeniz ko\u015fuluyla size af getiriyoruz&#8217; diyor&#8221; diye konu\u015ftu.<\/p>\n<p>&#8220;Buradaki birinci ana \u00e7at\u0131 deprem&#8221;<br \/>\n\u00d6\u011frenci aff\u0131n\u0131n ana nedenlerinden birisinin 6 \u015eubat 2023&#8217;te ya\u015fanan deprem oldu\u011funun alt\u0131n\u0131 \u00e7izen Yolcu, bu uygulaman\u0131n yerinde bir karar oldu\u011funu ifade ederek, s\u00f6zlerini \u015f\u00f6yle s\u00fcrd\u00fcrd\u00fc:<br \/>\n&#8220;Buradaki birinci ana \u00e7at\u0131 deprem, ikincisi pandemi, \u00fc\u00e7\u00fcnc\u00fcs\u00fc de hayat\u0131n ola\u011fan ak\u0131\u015f\u0131nda gelebilecek hastal\u0131klar, ameliyatlar gibi sebepler. Peki bu \u00f6\u011frenci aff\u0131 kimleri kapsayacak? Deprem d\u00f6neminde, e\u011fer depremi ya\u015fayan bir \u00f6\u011frenci varsa belgelendirme \u015fart\u0131yla olabilir. Pandemi d\u00f6neminde T\u00fcrkiye&#8217;de ya\u015fanan zorluklar d\u00fcnyayla birlikte ortadayd\u0131. \u0130flaslar, hacizler olabilir.&#8221;<\/p>\n<p>28.01.2026<\/p>\n","protected":false},"excerpt":{"rendered":"<p>\u00c7ankaya \u00dcniversitesi \u0130leti\u015fim Koordinat\u00f6r\u00fc ve Yazar \u0130smail Yolcu, Y\u00fcksek\u00f6\u011fretim Kurulu (Y\u00d6K) taraf\u0131ndan g\u00fcndeme al\u0131nan \u00f6\u011frenci aff\u0131yla ilgili, &#8220;2018 y\u0131l\u0131ndan bu yana \u015fu anda konu\u015fulan \u00f6\u011frenci aff\u0131 asl\u0131nda genel bir \u00f6\u011frenci aff\u0131 de\u011fil. Yap\u0131lmas\u0131 planlanan, haz\u0131rl\u0131k a\u015famas\u0131nda olan bir \u00f6\u011frenci aff\u0131&#8221; dedi. Y\u00d6K taraf\u0131ndan son d\u00f6nemde yeniden g\u00fcndeme al\u0131nan \u00f6\u011frenci aff\u0131 d\u00fczenlemesi, \u00fcniversiteyle ili\u015fi\u011fi kesilen \u00f6\u011frenciler [&hellip;]<\/p>\n","protected":false},"author":1,"featured_media":16893,"comment_status":"open","ping_status":"open","sticky":false,"template":"","format":"standard","meta":{"footnotes":""},"categories":[45],"tags":[985],"class_list":["post-16892","post","type-post","status-publish","format-standard","has-post-thumbnail","hentry","category-gundem","tag-genel-bir-ogrenci-affi-degil"],"yoast_head":"<!-- This site is optimized with the Yoast SEO plugin v27.4 - https:\/\/yoast.com\/product\/yoast-seo-wordpress\/ -->\n<title>Uzman e\u011fitimci Yolcu: &quot;\u015eu anda konu\u015fulan \u00f6\u011frenci aff\u0131 asl\u0131nda genel bir \u00f6\u011frenci aff\u0131 de\u011fil&quot; - Memurun Sesi<\/title>\n<meta name=\"description\" content=\"Uzman e\u011fitimci Yolcu: &quot;\u015eu anda konu\u015fulan \u00f6\u011frenci aff\u0131 asl\u0131nda genel bir \u00f6\u011frenci aff\u0131 de\u011fil&quot;\" \/>\n<meta name=\"robots\" content=\"index, follow, max-snippet:-1, max-image-preview:large, max-video-preview:-1\" \/>\n<link rel=\"canonical\" href=\"https:\/\/memurunsesi.net\/index.php\/2026\/01\/28\/uzman-egitimci-yolcu-su-anda-konusulan-ogrenci-affi-aslinda-genel-bir-ogrenci-affi-degil\/\" \/>\n<meta property=\"og:locale\" content=\"tr_TR\" \/>\n<meta property=\"og:type\" content=\"article\" \/>\n<meta property=\"og:title\" content=\"Uzman e\u011fitimci Yolcu: &quot;\u015eu anda konu\u015fulan \u00f6\u011frenci aff\u0131 asl\u0131nda genel bir \u00f6\u011frenci aff\u0131 de\u011fil&quot; - Memurun Sesi\" \/>\n<meta property=\"og:description\" content=\"Uzman e\u011fitimci Yolcu: &quot;\u015eu anda konu\u015fulan \u00f6\u011frenci aff\u0131 asl\u0131nda genel bir \u00f6\u011frenci aff\u0131 de\u011fil&quot;\" \/>\n<meta property=\"og:url\" content=\"https:\/\/memurunsesi.net\/index.php\/2026\/01\/28\/uzman-egitimci-yolcu-su-anda-konusulan-ogrenci-affi-aslinda-genel-bir-ogrenci-affi-degil\/\" \/>\n<meta property=\"og:site_name\" content=\"Memurun Sesi\" \/>\n<meta property=\"article:publisher\" content=\"https:\/\/www.facebook.com\/unipersen\/?locale=tr_TR\" \/>\n<meta property=\"article:published_time\" content=\"2026-01-28T07:52:57+00:00\" \/>\n<meta property=\"og:image\" content=\"https:\/\/memurunsesi.net\/wp-content\/uploads\/2026\/01\/AF.jpg\" \/>\n\t<meta property=\"og:image:width\" content=\"1573\" \/>\n\t<meta property=\"og:image:height\" content=\"792\" \/>\n\t<meta property=\"og:image:type\" content=\"image\/jpeg\" \/>\n<meta name=\"author\" content=\"Memurun Sesi Haber Merkezi\" \/>\n<meta name=\"twitter:card\" content=\"summary_large_image\" \/>\n<meta name=\"twitter:creator\" content=\"@unipersen\" \/>\n<meta name=\"twitter:site\" content=\"@unipersen\" \/>\n<meta name=\"twitter:label1\" content=\"Yazan:\" \/>\n\t<meta name=\"twitter:data1\" content=\"Memurun Sesi Haber Merkezi\" \/>\n\t<meta name=\"twitter:label2\" content=\"Tahmini okuma s\u00fcresi\" \/>\n\t<meta name=\"twitter:data2\" content=\"3 dakika\" \/>\n<script type=\"application\/ld+json\" class=\"yoast-schema-graph\">{\"@context\":\"https:\\\/\\\/schema.org\",\"@graph\":[{\"@type\":\"Article\",\"@id\":\"https:\\\/\\\/memurunsesi.net\\\/index.php\\\/2026\\\/01\\\/28\\\/uzman-egitimci-yolcu-su-anda-konusulan-ogrenci-affi-aslinda-genel-bir-ogrenci-affi-degil\\\/#article\",\"isPartOf\":{\"@id\":\"https:\\\/\\\/memurunsesi.net\\\/index.php\\\/2026\\\/01\\\/28\\\/uzman-egitimci-yolcu-su-anda-konusulan-ogrenci-affi-aslinda-genel-bir-ogrenci-affi-degil\\\/\"},\"author\":{\"name\":\"Memurun Sesi Haber Merkezi\",\"@id\":\"https:\\\/\\\/memurunsesi.net\\\/#\\\/schema\\\/person\\\/f21c2d73b89f6ee1d80b0a1803e38587\"},\"headline\":\"Uzman e\u011fitimci Yolcu: &#8220;\u015eu anda konu\u015fulan \u00f6\u011frenci aff\u0131 asl\u0131nda genel bir \u00f6\u011frenci aff\u0131 de\u011fil&#8221;\",\"datePublished\":\"2026-01-28T07:52:57+00:00\",\"mainEntityOfPage\":{\"@id\":\"https:\\\/\\\/memurunsesi.net\\\/index.php\\\/2026\\\/01\\\/28\\\/uzman-egitimci-yolcu-su-anda-konusulan-ogrenci-affi-aslinda-genel-bir-ogrenci-affi-degil\\\/\"},\"wordCount\":639,\"commentCount\":0,\"publisher\":{\"@id\":\"https:\\\/\\\/memurunsesi.net\\\/#organization\"},\"image\":{\"@id\":\"https:\\\/\\\/memurunsesi.net\\\/index.php\\\/2026\\\/01\\\/28\\\/uzman-egitimci-yolcu-su-anda-konusulan-ogrenci-affi-aslinda-genel-bir-ogrenci-affi-degil\\\/#primaryimage\"},\"thumbnailUrl\":\"https:\\\/\\\/memurunsesi.net\\\/wp-content\\\/uploads\\\/2026\\\/01\\\/AF.jpg\",\"keywords\":[\"genel bir \u00f6\u011frenci aff\u0131 de\u011fil\"],\"articleSection\":[\"G\u00fcndem\"],\"inLanguage\":\"tr\",\"potentialAction\":[{\"@type\":\"CommentAction\",\"name\":\"Comment\",\"target\":[\"https:\\\/\\\/memurunsesi.net\\\/index.php\\\/2026\\\/01\\\/28\\\/uzman-egitimci-yolcu-su-anda-konusulan-ogrenci-affi-aslinda-genel-bir-ogrenci-affi-degil\\\/#respond\"]}]},{\"@type\":\"WebPage\",\"@id\":\"https:\\\/\\\/memurunsesi.net\\\/index.php\\\/2026\\\/01\\\/28\\\/uzman-egitimci-yolcu-su-anda-konusulan-ogrenci-affi-aslinda-genel-bir-ogrenci-affi-degil\\\/\",\"url\":\"https:\\\/\\\/memurunsesi.net\\\/index.php\\\/2026\\\/01\\\/28\\\/uzman-egitimci-yolcu-su-anda-konusulan-ogrenci-affi-aslinda-genel-bir-ogrenci-affi-degil\\\/\",\"name\":\"Uzman e\u011fitimci Yolcu: \\\"\u015eu anda konu\u015fulan \u00f6\u011frenci aff\u0131 asl\u0131nda genel bir \u00f6\u011frenci aff\u0131 de\u011fil\\\" - Memurun Sesi\",\"isPartOf\":{\"@id\":\"https:\\\/\\\/memurunsesi.net\\\/#website\"},\"primaryImageOfPage\":{\"@id\":\"https:\\\/\\\/memurunsesi.net\\\/index.php\\\/2026\\\/01\\\/28\\\/uzman-egitimci-yolcu-su-anda-konusulan-ogrenci-affi-aslinda-genel-bir-ogrenci-affi-degil\\\/#primaryimage\"},\"image\":{\"@id\":\"https:\\\/\\\/memurunsesi.net\\\/index.php\\\/2026\\\/01\\\/28\\\/uzman-egitimci-yolcu-su-anda-konusulan-ogrenci-affi-aslinda-genel-bir-ogrenci-affi-degil\\\/#primaryimage\"},\"thumbnailUrl\":\"https:\\\/\\\/memurunsesi.net\\\/wp-content\\\/uploads\\\/2026\\\/01\\\/AF.jpg\",\"datePublished\":\"2026-01-28T07:52:57+00:00\",\"description\":\"Uzman e\u011fitimci Yolcu: \\\"\u015eu anda konu\u015fulan \u00f6\u011frenci aff\u0131 asl\u0131nda genel bir \u00f6\u011frenci aff\u0131 de\u011fil\\\"\",\"breadcrumb\":{\"@id\":\"https:\\\/\\\/memurunsesi.net\\\/index.php\\\/2026\\\/01\\\/28\\\/uzman-egitimci-yolcu-su-anda-konusulan-ogrenci-affi-aslinda-genel-bir-ogrenci-affi-degil\\\/#breadcrumb\"},\"inLanguage\":\"tr\",\"potentialAction\":[{\"@type\":\"ReadAction\",\"target\":[\"https:\\\/\\\/memurunsesi.net\\\/index.php\\\/2026\\\/01\\\/28\\\/uzman-egitimci-yolcu-su-anda-konusulan-ogrenci-affi-aslinda-genel-bir-ogrenci-affi-degil\\\/\"]}]},{\"@type\":\"ImageObject\",\"inLanguage\":\"tr\",\"@id\":\"https:\\\/\\\/memurunsesi.net\\\/index.php\\\/2026\\\/01\\\/28\\\/uzman-egitimci-yolcu-su-anda-konusulan-ogrenci-affi-aslinda-genel-bir-ogrenci-affi-degil\\\/#primaryimage\",\"url\":\"https:\\\/\\\/memurunsesi.net\\\/wp-content\\\/uploads\\\/2026\\\/01\\\/AF.jpg\",\"contentUrl\":\"https:\\\/\\\/memurunsesi.net\\\/wp-content\\\/uploads\\\/2026\\\/01\\\/AF.jpg\",\"width\":1573,\"height\":792,\"caption\":\"\u00c7ANKAYA \u00dcN\u0130VERS\u0130TES\u0130 \u0130LET\u0130\u015e\u0130M KOORD\u0130NAT\u00d6R\u00dc VE YAZAR \u0130SMA\u0130L YOLCU, Y\u00dcKSEK\u00d6\u011eRET\u0130M KURULU (Y\u00d6K) TARAFINDAN G\u00dcNDEME ALINAN \u00d6\u011eRENC\u0130 AFFIYLA \u0130LG\u0130L\u0130, \\\"2018 YILINDAN BU YANA \u015eU ANDA KONU\u015eULAN \u00d6\u011eRENC\u0130 AFFI ASLINDA GENEL B\u0130R \u00d6\u011eRENC\u0130 AFFI DE\u011e\u0130L. YAPILMASI PLANLANAN, HAZIRLIK A\u015eAMASINDA OLAN B\u0130R \u00d6\u011eRENC\u0130 AFFI\\\" DED\u0130. (AHMET MERT FIRAT\\\/ANKARA-\u0130HA) \u00c7ankaya \u00dcniversitesi \u0130leti\u015fim Koordinat\u00f6r\u00fc ve Yazar \u0130smail Yolcu, Y\u00fcksek\u00f6\u011fretim Kurulu (Y\u00d6K) taraf\u0131ndan g\u00fcndeme al\u0131nan \u00f6\u011frenci aff\u0131yla ilgili, \\\"2018 y\u0131l\u0131ndan bu yana \u015fu anda konu\u015fulan \u00f6\u011frenci aff\u0131 asl\u0131nda genel bir \u00f6\u011frenci aff\u0131 de\u011fil. Yap\u0131lmas\u0131 planlanan, haz\u0131rl\u0131k a\u015famas\u0131nda olan bir \u00f6\u011frenci aff\u0131\\\" dedi.\"},{\"@type\":\"BreadcrumbList\",\"@id\":\"https:\\\/\\\/memurunsesi.net\\\/index.php\\\/2026\\\/01\\\/28\\\/uzman-egitimci-yolcu-su-anda-konusulan-ogrenci-affi-aslinda-genel-bir-ogrenci-affi-degil\\\/#breadcrumb\",\"itemListElement\":[{\"@type\":\"ListItem\",\"position\":1,\"name\":\"Anasayfa\",\"item\":\"https:\\\/\\\/memurunsesi.net\\\/\"},{\"@type\":\"ListItem\",\"position\":2,\"name\":\"Uzman e\u011fitimci Yolcu: &#8220;\u015eu anda konu\u015fulan \u00f6\u011frenci aff\u0131 asl\u0131nda genel bir \u00f6\u011frenci aff\u0131 de\u011fil&#8221;\"}]},{\"@type\":\"WebSite\",\"@id\":\"https:\\\/\\\/memurunsesi.net\\\/#website\",\"url\":\"https:\\\/\\\/memurunsesi.net\\\/\",\"name\":\"Memurun Sesi\",\"description\":\"G\u00fcncel ve Do\u011fru Haber\",\"publisher\":{\"@id\":\"https:\\\/\\\/memurunsesi.net\\\/#organization\"},\"potentialAction\":[{\"@type\":\"SearchAction\",\"target\":{\"@type\":\"EntryPoint\",\"urlTemplate\":\"https:\\\/\\\/memurunsesi.net\\\/?s={search_term_string}\"},\"query-input\":{\"@type\":\"PropertyValueSpecification\",\"valueRequired\":true,\"valueName\":\"search_term_string\"}}],\"inLanguage\":\"tr\"},{\"@type\":\"Organization\",\"@id\":\"https:\\\/\\\/memurunsesi.net\\\/#organization\",\"name\":\"Memurun Sesi\",\"url\":\"https:\\\/\\\/memurunsesi.net\\\/\",\"logo\":{\"@type\":\"ImageObject\",\"inLanguage\":\"tr\",\"@id\":\"https:\\\/\\\/memurunsesi.net\\\/#\\\/schema\\\/logo\\\/image\\\/\",\"url\":\"https:\\\/\\\/memurunsesi.net\\\/wp-content\\\/uploads\\\/2025\\\/11\\\/cropped-MEMURUN-SESI.png\",\"contentUrl\":\"https:\\\/\\\/memurunsesi.net\\\/wp-content\\\/uploads\\\/2025\\\/11\\\/cropped-MEMURUN-SESI.png\",\"width\":238,\"height\":57,\"caption\":\"Memurun Sesi\"},\"image\":{\"@id\":\"https:\\\/\\\/memurunsesi.net\\\/#\\\/schema\\\/logo\\\/image\\\/\"},\"sameAs\":[\"https:\\\/\\\/www.facebook.com\\\/unipersen\\\/?locale=tr_TR\",\"https:\\\/\\\/x.com\\\/unipersen\"]},{\"@type\":\"Person\",\"@id\":\"https:\\\/\\\/memurunsesi.net\\\/#\\\/schema\\\/person\\\/f21c2d73b89f6ee1d80b0a1803e38587\",\"name\":\"Memurun Sesi Haber Merkezi\",\"image\":{\"@type\":\"ImageObject\",\"inLanguage\":\"tr\",\"@id\":\"https:\\\/\\\/secure.gravatar.com\\\/avatar\\\/6cf0505f452ee753f485014986fab09a434671d2b919ee76fc541025c5876a70?s=96&d=mm&r=g\",\"url\":\"https:\\\/\\\/secure.gravatar.com\\\/avatar\\\/6cf0505f452ee753f485014986fab09a434671d2b919ee76fc541025c5876a70?s=96&d=mm&r=g\",\"contentUrl\":\"https:\\\/\\\/secure.gravatar.com\\\/avatar\\\/6cf0505f452ee753f485014986fab09a434671d2b919ee76fc541025c5876a70?s=96&d=mm&r=g\",\"caption\":\"Memurun Sesi Haber Merkezi\"},\"sameAs\":[\"https:\\\/\\\/memurunsesi.net\"],\"url\":\"https:\\\/\\\/memurunsesi.net\\\/index.php\\\/author\\\/uniper\\\/\"}]}<\/script>\n<!-- \/ Yoast SEO plugin. -->","yoast_head_json":{"title":"Uzman e\u011fitimci Yolcu: \"\u015eu anda konu\u015fulan \u00f6\u011frenci aff\u0131 asl\u0131nda genel bir \u00f6\u011frenci aff\u0131 de\u011fil\" - Memurun Sesi","description":"Uzman e\u011fitimci Yolcu: \"\u015eu anda konu\u015fulan \u00f6\u011frenci aff\u0131 asl\u0131nda genel bir \u00f6\u011frenci aff\u0131 de\u011fil\"","robots":{"index":"index","follow":"follow","max-snippet":"max-snippet:-1","max-image-preview":"max-image-preview:large","max-video-preview":"max-video-preview:-1"},"canonical":"https:\/\/memurunsesi.net\/index.php\/2026\/01\/28\/uzman-egitimci-yolcu-su-anda-konusulan-ogrenci-affi-aslinda-genel-bir-ogrenci-affi-degil\/","og_locale":"tr_TR","og_type":"article","og_title":"Uzman e\u011fitimci Yolcu: \"\u015eu anda konu\u015fulan \u00f6\u011frenci aff\u0131 asl\u0131nda genel bir \u00f6\u011frenci aff\u0131 de\u011fil\" - Memurun Sesi","og_description":"Uzman e\u011fitimci Yolcu: \"\u015eu anda konu\u015fulan \u00f6\u011frenci aff\u0131 asl\u0131nda genel bir \u00f6\u011frenci aff\u0131 de\u011fil\"","og_url":"https:\/\/memurunsesi.net\/index.php\/2026\/01\/28\/uzman-egitimci-yolcu-su-anda-konusulan-ogrenci-affi-aslinda-genel-bir-ogrenci-affi-degil\/","og_site_name":"Memurun Sesi","article_publisher":"https:\/\/www.facebook.com\/unipersen\/?locale=tr_TR","article_published_time":"2026-01-28T07:52:57+00:00","og_image":[{"width":1573,"height":792,"url":"https:\/\/memurunsesi.net\/wp-content\/uploads\/2026\/01\/AF.jpg","type":"image\/jpeg"}],"author":"Memurun Sesi Haber Merkezi","twitter_card":"summary_large_image","twitter_creator":"@unipersen","twitter_site":"@unipersen","twitter_misc":{"Yazan:":"Memurun Sesi Haber Merkezi","Tahmini okuma s\u00fcresi":"3 dakika"},"schema":{"@context":"https:\/\/schema.org","@graph":[{"@type":"Article","@id":"https:\/\/memurunsesi.net\/index.php\/2026\/01\/28\/uzman-egitimci-yolcu-su-anda-konusulan-ogrenci-affi-aslinda-genel-bir-ogrenci-affi-degil\/#article","isPartOf":{"@id":"https:\/\/memurunsesi.net\/index.php\/2026\/01\/28\/uzman-egitimci-yolcu-su-anda-konusulan-ogrenci-affi-aslinda-genel-bir-ogrenci-affi-degil\/"},"author":{"name":"Memurun Sesi Haber Merkezi","@id":"https:\/\/memurunsesi.net\/#\/schema\/person\/f21c2d73b89f6ee1d80b0a1803e38587"},"headline":"Uzman e\u011fitimci Yolcu: &#8220;\u015eu anda konu\u015fulan \u00f6\u011frenci aff\u0131 asl\u0131nda genel bir \u00f6\u011frenci aff\u0131 de\u011fil&#8221;","datePublished":"2026-01-28T07:52:57+00:00","mainEntityOfPage":{"@id":"https:\/\/memurunsesi.net\/index.php\/2026\/01\/28\/uzman-egitimci-yolcu-su-anda-konusulan-ogrenci-affi-aslinda-genel-bir-ogrenci-affi-degil\/"},"wordCount":639,"commentCount":0,"publisher":{"@id":"https:\/\/memurunsesi.net\/#organization"},"image":{"@id":"https:\/\/memurunsesi.net\/index.php\/2026\/01\/28\/uzman-egitimci-yolcu-su-anda-konusulan-ogrenci-affi-aslinda-genel-bir-ogrenci-affi-degil\/#primaryimage"},"thumbnailUrl":"https:\/\/memurunsesi.net\/wp-content\/uploads\/2026\/01\/AF.jpg","keywords":["genel bir \u00f6\u011frenci aff\u0131 de\u011fil"],"articleSection":["G\u00fcndem"],"inLanguage":"tr","potentialAction":[{"@type":"CommentAction","name":"Comment","target":["https:\/\/memurunsesi.net\/index.php\/2026\/01\/28\/uzman-egitimci-yolcu-su-anda-konusulan-ogrenci-affi-aslinda-genel-bir-ogrenci-affi-degil\/#respond"]}]},{"@type":"WebPage","@id":"https:\/\/memurunsesi.net\/index.php\/2026\/01\/28\/uzman-egitimci-yolcu-su-anda-konusulan-ogrenci-affi-aslinda-genel-bir-ogrenci-affi-degil\/","url":"https:\/\/memurunsesi.net\/index.php\/2026\/01\/28\/uzman-egitimci-yolcu-su-anda-konusulan-ogrenci-affi-aslinda-genel-bir-ogrenci-affi-degil\/","name":"Uzman e\u011fitimci Yolcu: \"\u015eu anda konu\u015fulan \u00f6\u011frenci aff\u0131 asl\u0131nda genel bir \u00f6\u011frenci aff\u0131 de\u011fil\" - Memurun Sesi","isPartOf":{"@id":"https:\/\/memurunsesi.net\/#website"},"primaryImageOfPage":{"@id":"https:\/\/memurunsesi.net\/index.php\/2026\/01\/28\/uzman-egitimci-yolcu-su-anda-konusulan-ogrenci-affi-aslinda-genel-bir-ogrenci-affi-degil\/#primaryimage"},"image":{"@id":"https:\/\/memurunsesi.net\/index.php\/2026\/01\/28\/uzman-egitimci-yolcu-su-anda-konusulan-ogrenci-affi-aslinda-genel-bir-ogrenci-affi-degil\/#primaryimage"},"thumbnailUrl":"https:\/\/memurunsesi.net\/wp-content\/uploads\/2026\/01\/AF.jpg","datePublished":"2026-01-28T07:52:57+00:00","description":"Uzman e\u011fitimci Yolcu: \"\u015eu anda konu\u015fulan \u00f6\u011frenci aff\u0131 asl\u0131nda genel bir \u00f6\u011frenci aff\u0131 de\u011fil\"","breadcrumb":{"@id":"https:\/\/memurunsesi.net\/index.php\/2026\/01\/28\/uzman-egitimci-yolcu-su-anda-konusulan-ogrenci-affi-aslinda-genel-bir-ogrenci-affi-degil\/#breadcrumb"},"inLanguage":"tr","potentialAction":[{"@type":"ReadAction","target":["https:\/\/memurunsesi.net\/index.php\/2026\/01\/28\/uzman-egitimci-yolcu-su-anda-konusulan-ogrenci-affi-aslinda-genel-bir-ogrenci-affi-degil\/"]}]},{"@type":"ImageObject","inLanguage":"tr","@id":"https:\/\/memurunsesi.net\/index.php\/2026\/01\/28\/uzman-egitimci-yolcu-su-anda-konusulan-ogrenci-affi-aslinda-genel-bir-ogrenci-affi-degil\/#primaryimage","url":"https:\/\/memurunsesi.net\/wp-content\/uploads\/2026\/01\/AF.jpg","contentUrl":"https:\/\/memurunsesi.net\/wp-content\/uploads\/2026\/01\/AF.jpg","width":1573,"height":792,"caption":"\u00c7ANKAYA \u00dcN\u0130VERS\u0130TES\u0130 \u0130LET\u0130\u015e\u0130M KOORD\u0130NAT\u00d6R\u00dc VE YAZAR \u0130SMA\u0130L YOLCU, Y\u00dcKSEK\u00d6\u011eRET\u0130M KURULU (Y\u00d6K) TARAFINDAN G\u00dcNDEME ALINAN \u00d6\u011eRENC\u0130 AFFIYLA \u0130LG\u0130L\u0130, \"2018 YILINDAN BU YANA \u015eU ANDA KONU\u015eULAN \u00d6\u011eRENC\u0130 AFFI ASLINDA GENEL B\u0130R \u00d6\u011eRENC\u0130 AFFI DE\u011e\u0130L. YAPILMASI PLANLANAN, HAZIRLIK A\u015eAMASINDA OLAN B\u0130R \u00d6\u011eRENC\u0130 AFFI\" DED\u0130. (AHMET MERT FIRAT\/ANKARA-\u0130HA) \u00c7ankaya \u00dcniversitesi \u0130leti\u015fim Koordinat\u00f6r\u00fc ve Yazar \u0130smail Yolcu, Y\u00fcksek\u00f6\u011fretim Kurulu (Y\u00d6K) taraf\u0131ndan g\u00fcndeme al\u0131nan \u00f6\u011frenci aff\u0131yla ilgili, \"2018 y\u0131l\u0131ndan bu yana \u015fu anda konu\u015fulan \u00f6\u011frenci aff\u0131 asl\u0131nda genel bir \u00f6\u011frenci aff\u0131 de\u011fil. Yap\u0131lmas\u0131 planlanan, haz\u0131rl\u0131k a\u015famas\u0131nda olan bir \u00f6\u011frenci aff\u0131\" dedi."},{"@type":"BreadcrumbList","@id":"https:\/\/memurunsesi.net\/index.php\/2026\/01\/28\/uzman-egitimci-yolcu-su-anda-konusulan-ogrenci-affi-aslinda-genel-bir-ogrenci-affi-degil\/#breadcrumb","itemListElement":[{"@type":"ListItem","position":1,"name":"Anasayfa","item":"https:\/\/memurunsesi.net\/"},{"@type":"ListItem","position":2,"name":"Uzman e\u011fitimci Yolcu: &#8220;\u015eu anda konu\u015fulan \u00f6\u011frenci aff\u0131 asl\u0131nda genel bir \u00f6\u011frenci aff\u0131 de\u011fil&#8221;"}]},{"@type":"WebSite","@id":"https:\/\/memurunsesi.net\/#website","url":"https:\/\/memurunsesi.net\/","name":"Memurun Sesi","description":"G\u00fcncel ve Do\u011fru Haber","publisher":{"@id":"https:\/\/memurunsesi.net\/#organization"},"potentialAction":[{"@type":"SearchAction","target":{"@type":"EntryPoint","urlTemplate":"https:\/\/memurunsesi.net\/?s={search_term_string}"},"query-input":{"@type":"PropertyValueSpecification","valueRequired":true,"valueName":"search_term_string"}}],"inLanguage":"tr"},{"@type":"Organization","@id":"https:\/\/memurunsesi.net\/#organization","name":"Memurun Sesi","url":"https:\/\/memurunsesi.net\/","logo":{"@type":"ImageObject","inLanguage":"tr","@id":"https:\/\/memurunsesi.net\/#\/schema\/logo\/image\/","url":"https:\/\/memurunsesi.net\/wp-content\/uploads\/2025\/11\/cropped-MEMURUN-SESI.png","contentUrl":"https:\/\/memurunsesi.net\/wp-content\/uploads\/2025\/11\/cropped-MEMURUN-SESI.png","width":238,"height":57,"caption":"Memurun Sesi"},"image":{"@id":"https:\/\/memurunsesi.net\/#\/schema\/logo\/image\/"},"sameAs":["https:\/\/www.facebook.com\/unipersen\/?locale=tr_TR","https:\/\/x.com\/unipersen"]},{"@type":"Person","@id":"https:\/\/memurunsesi.net\/#\/schema\/person\/f21c2d73b89f6ee1d80b0a1803e38587","name":"Memurun Sesi Haber Merkezi","image":{"@type":"ImageObject","inLanguage":"tr","@id":"https:\/\/secure.gravatar.com\/avatar\/6cf0505f452ee753f485014986fab09a434671d2b919ee76fc541025c5876a70?s=96&d=mm&r=g","url":"https:\/\/secure.gravatar.com\/avatar\/6cf0505f452ee753f485014986fab09a434671d2b919ee76fc541025c5876a70?s=96&d=mm&r=g","contentUrl":"https:\/\/secure.gravatar.com\/avatar\/6cf0505f452ee753f485014986fab09a434671d2b919ee76fc541025c5876a70?s=96&d=mm&r=g","caption":"Memurun Sesi Haber Merkezi"},"sameAs":["https:\/\/memurunsesi.net"],"url":"https:\/\/memurunsesi.net\/index.php\/author\/uniper\/"}]}},"_links":{"self":[{"href":"https:\/\/memurunsesi.net\/index.php\/wp-json\/wp\/v2\/posts\/16892","targetHints":{"allow":["GET"]}}],"collection":[{"href":"https:\/\/memurunsesi.net\/index.php\/wp-json\/wp\/v2\/posts"}],"about":[{"href":"https:\/\/memurunsesi.net\/index.php\/wp-json\/wp\/v2\/types\/post"}],"author":[{"embeddable":true,"href":"https:\/\/memurunsesi.net\/index.php\/wp-json\/wp\/v2\/users\/1"}],"replies":[{"embeddable":true,"href":"https:\/\/memurunsesi.net\/index.php\/wp-json\/wp\/v2\/comments?post=16892"}],"version-history":[{"count":1,"href":"https:\/\/memurunsesi.net\/index.php\/wp-json\/wp\/v2\/posts\/16892\/revisions"}],"predecessor-version":[{"id":16894,"href":"https:\/\/memurunsesi.net\/index.php\/wp-json\/wp\/v2\/posts\/16892\/revisions\/16894"}],"wp:featuredmedia":[{"embeddable":true,"href":"https:\/\/memurunsesi.net\/index.php\/wp-json\/wp\/v2\/media\/16893"}],"wp:attachment":[{"href":"https:\/\/memurunsesi.net\/index.php\/wp-json\/wp\/v2\/media?parent=16892"}],"wp:term":[{"taxonomy":"category","embeddable":true,"href":"https:\/\/memurunsesi.net\/index.php\/wp-json\/wp\/v2\/categories?post=16892"},{"taxonomy":"post_tag","embeddable":true,"href":"https:\/\/memurunsesi.net\/index.php\/wp-json\/wp\/v2\/tags?post=16892"}],"curies":[{"name":"wp","href":"https:\/\/api.w.org\/{rel}","templated":true}]}}