{"id":16895,"date":"2026-01-28T10:54:31","date_gmt":"2026-01-28T07:54:31","guid":{"rendered":"https:\/\/memurunsesi.net\/?p=16895"},"modified":"2026-01-28T10:54:31","modified_gmt":"2026-01-28T07:54:31","slug":"musta-tarihi-eser-kacakciligi","status":"publish","type":"post","link":"https:\/\/memurunsesi.net\/index.php\/2026\/01\/28\/musta-tarihi-eser-kacakciligi\/","title":{"rendered":"Mu\u015f\u2019ta tarihi eser ka\u00e7ak\u00e7\u0131l\u0131\u011f\u0131"},"content":{"rendered":"<p>Mu\u015f\u2019ta jandarma ekiplerince bir evde yap\u0131lan aramada Osmanl\u0131 d\u00f6nemine ait oldu\u011fu de\u011ferlendirilen tarihi eserler ele ge\u00e7irildi.<br \/>\nMu\u015f \u0130l Jandarma Komutanl\u0131\u011f\u0131 Ka\u00e7ak\u00e7\u0131l\u0131k ve Organize Su\u00e7larla M\u00fccadele (KOM) ile \u0130stihbarat \u015eube M\u00fcd\u00fcrl\u00fcklerince y\u00fcr\u00fct\u00fclen istihbari \u00e7al\u0131\u015fmalar sonucu, merkez il\u00e7ede ikamet eden \u00dc.T. isimli \u015fahs\u0131n elinde bulunan tarihi eserleri satmak amac\u0131yla m\u00fc\u015fteri arad\u0131\u011f\u0131 bilgisine ula\u015f\u0131ld\u0131. Elde edilen bilgiler do\u011frultusunda Mu\u015f Sulh Ceza Hakimli\u011finden al\u0131nan arama karar\u0131na istinaden \u015f\u00fcphelinin ikametinde arama yap\u0131ld\u0131. Aramada, M\u00fcze M\u00fcd\u00fcrl\u00fc\u011f\u00fc taraf\u0131ndan Osmanl\u0131 d\u00f6nemine ait oldu\u011fu de\u011ferlendirilen 1 han\u00e7er\/kama, 5 sikke, 6 y\u00fcz\u00fck ve 1 ta\u015f obje ele ge\u00e7irildi. Ayr\u0131ca ka\u00e7ak kaz\u0131larda kullan\u0131ld\u0131\u011f\u0131 de\u011ferlendirilen 2 metal dedekt\u00f6r ba\u015fl\u0131\u011f\u0131na da el konuldu. Ele ge\u00e7irilen tarihi eserlere muhafaza alt\u0131na al\u0131nmak \u00fczere el konulurken, Mu\u015f Cumhuriyet Savc\u0131s\u0131n\u0131n talimat\u0131yla olayla ilgili adli tahkikat ba\u015flat\u0131ld\u0131. \u015e\u00fcpheli \u015fah\u0131s, ifadesinin al\u0131nmas\u0131n\u0131n ard\u0131ndan serbest b\u0131rak\u0131ld\u0131.<\/p>\n<p>28.01.2026<\/p>\n","protected":false},"excerpt":{"rendered":"<p>Mu\u015f\u2019ta jandarma ekiplerince bir evde yap\u0131lan aramada Osmanl\u0131 d\u00f6nemine ait oldu\u011fu de\u011ferlendirilen tarihi eserler ele ge\u00e7irildi. Mu\u015f \u0130l Jandarma Komutanl\u0131\u011f\u0131 Ka\u00e7ak\u00e7\u0131l\u0131k ve Organize Su\u00e7larla M\u00fccadele (KOM) ile \u0130stihbarat \u015eube M\u00fcd\u00fcrl\u00fcklerince y\u00fcr\u00fct\u00fclen istihbari \u00e7al\u0131\u015fmalar sonucu, merkez il\u00e7ede ikamet eden \u00dc.T. isimli \u015fahs\u0131n elinde bulunan tarihi eserleri satmak amac\u0131yla m\u00fc\u015fteri arad\u0131\u011f\u0131 bilgisine ula\u015f\u0131ld\u0131. Elde edilen bilgiler do\u011frultusunda [&hellip;]<\/p>\n","protected":false},"author":1,"featured_media":16896,"comment_status":"open","ping_status":"open","sticky":false,"template":"","format":"standard","meta":{"footnotes":""},"categories":[1],"tags":[374],"class_list":["post-16895","post","type-post","status-publish","format-standard","has-post-thumbnail","hentry","category-genel","tag-kacakcilik"],"yoast_head":"<!-- This site is optimized with the Yoast SEO plugin v27.4 - https:\/\/yoast.com\/product\/yoast-seo-wordpress\/ -->\n<title>Mu\u015f\u2019ta tarihi eser ka\u00e7ak\u00e7\u0131l\u0131\u011f\u0131 - Memurun Sesi<\/title>\n<meta name=\"description\" content=\"Mu\u015f\u2019ta jandarma ekiplerince bir evde yap\u0131lan aramada Osmanl\u0131 d\u00f6nemine ait oldu\u011fu de\u011ferlendirilen tarihi eserler ele ge\u00e7irildi.\" \/>\n<meta name=\"robots\" content=\"index, follow, max-snippet:-1, max-image-preview:large, max-video-preview:-1\" \/>\n<link rel=\"canonical\" href=\"https:\/\/memurunsesi.net\/index.php\/2026\/01\/28\/musta-tarihi-eser-kacakciligi\/\" \/>\n<meta property=\"og:locale\" content=\"tr_TR\" \/>\n<meta property=\"og:type\" content=\"article\" \/>\n<meta property=\"og:title\" content=\"Mu\u015f\u2019ta tarihi eser ka\u00e7ak\u00e7\u0131l\u0131\u011f\u0131 - Memurun Sesi\" \/>\n<meta property=\"og:description\" content=\"Mu\u015f\u2019ta jandarma ekiplerince bir evde yap\u0131lan aramada Osmanl\u0131 d\u00f6nemine ait oldu\u011fu de\u011ferlendirilen tarihi eserler ele ge\u00e7irildi.\" \/>\n<meta property=\"og:url\" content=\"https:\/\/memurunsesi.net\/index.php\/2026\/01\/28\/musta-tarihi-eser-kacakciligi\/\" \/>\n<meta property=\"og:site_name\" content=\"Memurun Sesi\" \/>\n<meta property=\"article:publisher\" content=\"https:\/\/www.facebook.com\/unipersen\/?locale=tr_TR\" \/>\n<meta property=\"article:published_time\" content=\"2026-01-28T07:54:31+00:00\" \/>\n<meta property=\"og:image\" content=\"https:\/\/memurunsesi.net\/wp-content\/uploads\/2026\/01\/Kacakcilik.jpg\" \/>\n\t<meta property=\"og:image:width\" content=\"1251\" \/>\n\t<meta property=\"og:image:height\" content=\"567\" \/>\n\t<meta property=\"og:image:type\" content=\"image\/jpeg\" \/>\n<meta name=\"author\" content=\"Memurun Sesi Haber Merkezi\" \/>\n<meta name=\"twitter:card\" content=\"summary_large_image\" \/>\n<meta name=\"twitter:creator\" content=\"@unipersen\" \/>\n<meta name=\"twitter:site\" content=\"@unipersen\" \/>\n<meta name=\"twitter:label1\" content=\"Yazan:\" \/>\n\t<meta name=\"twitter:data1\" content=\"Memurun Sesi Haber Merkezi\" \/>\n\t<meta name=\"twitter:label2\" content=\"Tahmini okuma s\u00fcresi\" \/>\n\t<meta name=\"twitter:data2\" content=\"1 dakika\" \/>\n<script type=\"application\/ld+json\" class=\"yoast-schema-graph\">{\"@context\":\"https:\\\/\\\/schema.org\",\"@graph\":[{\"@type\":\"Article\",\"@id\":\"https:\\\/\\\/memurunsesi.net\\\/index.php\\\/2026\\\/01\\\/28\\\/musta-tarihi-eser-kacakciligi\\\/#article\",\"isPartOf\":{\"@id\":\"https:\\\/\\\/memurunsesi.net\\\/index.php\\\/2026\\\/01\\\/28\\\/musta-tarihi-eser-kacakciligi\\\/\"},\"author\":{\"name\":\"Memurun Sesi Haber Merkezi\",\"@id\":\"https:\\\/\\\/memurunsesi.net\\\/#\\\/schema\\\/person\\\/f21c2d73b89f6ee1d80b0a1803e38587\"},\"headline\":\"Mu\u015f\u2019ta tarihi eser ka\u00e7ak\u00e7\u0131l\u0131\u011f\u0131\",\"datePublished\":\"2026-01-28T07:54:31+00:00\",\"mainEntityOfPage\":{\"@id\":\"https:\\\/\\\/memurunsesi.net\\\/index.php\\\/2026\\\/01\\\/28\\\/musta-tarihi-eser-kacakciligi\\\/\"},\"wordCount\":192,\"commentCount\":0,\"publisher\":{\"@id\":\"https:\\\/\\\/memurunsesi.net\\\/#organization\"},\"image\":{\"@id\":\"https:\\\/\\\/memurunsesi.net\\\/index.php\\\/2026\\\/01\\\/28\\\/musta-tarihi-eser-kacakciligi\\\/#primaryimage\"},\"thumbnailUrl\":\"https:\\\/\\\/memurunsesi.net\\\/wp-content\\\/uploads\\\/2026\\\/01\\\/Kacakcilik.jpg\",\"keywords\":[\"ka\u00e7akc\u0131l\u0131k\"],\"inLanguage\":\"tr\",\"potentialAction\":[{\"@type\":\"CommentAction\",\"name\":\"Comment\",\"target\":[\"https:\\\/\\\/memurunsesi.net\\\/index.php\\\/2026\\\/01\\\/28\\\/musta-tarihi-eser-kacakciligi\\\/#respond\"]}]},{\"@type\":\"WebPage\",\"@id\":\"https:\\\/\\\/memurunsesi.net\\\/index.php\\\/2026\\\/01\\\/28\\\/musta-tarihi-eser-kacakciligi\\\/\",\"url\":\"https:\\\/\\\/memurunsesi.net\\\/index.php\\\/2026\\\/01\\\/28\\\/musta-tarihi-eser-kacakciligi\\\/\",\"name\":\"Mu\u015f\u2019ta tarihi eser ka\u00e7ak\u00e7\u0131l\u0131\u011f\u0131 - Memurun Sesi\",\"isPartOf\":{\"@id\":\"https:\\\/\\\/memurunsesi.net\\\/#website\"},\"primaryImageOfPage\":{\"@id\":\"https:\\\/\\\/memurunsesi.net\\\/index.php\\\/2026\\\/01\\\/28\\\/musta-tarihi-eser-kacakciligi\\\/#primaryimage\"},\"image\":{\"@id\":\"https:\\\/\\\/memurunsesi.net\\\/index.php\\\/2026\\\/01\\\/28\\\/musta-tarihi-eser-kacakciligi\\\/#primaryimage\"},\"thumbnailUrl\":\"https:\\\/\\\/memurunsesi.net\\\/wp-content\\\/uploads\\\/2026\\\/01\\\/Kacakcilik.jpg\",\"datePublished\":\"2026-01-28T07:54:31+00:00\",\"description\":\"Mu\u015f\u2019ta jandarma ekiplerince bir evde yap\u0131lan aramada Osmanl\u0131 d\u00f6nemine ait oldu\u011fu de\u011ferlendirilen tarihi eserler ele ge\u00e7irildi.\",\"breadcrumb\":{\"@id\":\"https:\\\/\\\/memurunsesi.net\\\/index.php\\\/2026\\\/01\\\/28\\\/musta-tarihi-eser-kacakciligi\\\/#breadcrumb\"},\"inLanguage\":\"tr\",\"potentialAction\":[{\"@type\":\"ReadAction\",\"target\":[\"https:\\\/\\\/memurunsesi.net\\\/index.php\\\/2026\\\/01\\\/28\\\/musta-tarihi-eser-kacakciligi\\\/\"]}]},{\"@type\":\"ImageObject\",\"inLanguage\":\"tr\",\"@id\":\"https:\\\/\\\/memurunsesi.net\\\/index.php\\\/2026\\\/01\\\/28\\\/musta-tarihi-eser-kacakciligi\\\/#primaryimage\",\"url\":\"https:\\\/\\\/memurunsesi.net\\\/wp-content\\\/uploads\\\/2026\\\/01\\\/Kacakcilik.jpg\",\"contentUrl\":\"https:\\\/\\\/memurunsesi.net\\\/wp-content\\\/uploads\\\/2026\\\/01\\\/Kacakcilik.jpg\",\"width\":1251,\"height\":567,\"caption\":\"MU\u015e'TA JANDARMA EK\u0130PLER\u0130NCE B\u0130R EVDE YAPILAN ARAMADA OSMANLI D\u00d6NEM\u0130NE A\u0130T OLDU\u011eU DE\u011eERLEND\u0130R\u0130LEN TAR\u0130H\u0130 ESERLER ELE GE\u00c7\u0130R\u0130LD\u0130. (\u0130SHAK G\u00dcNG\u00d6R\\\/MU\u015e-\u0130HA) Mu\u015f'ta jandarma ekiplerince bir evde yap\u0131lan aramada Osmanl\u0131 d\u00f6nemine ait oldu\u011fu de\u011ferlendirilen tarihi eserler ele ge\u00e7irildi.\"},{\"@type\":\"BreadcrumbList\",\"@id\":\"https:\\\/\\\/memurunsesi.net\\\/index.php\\\/2026\\\/01\\\/28\\\/musta-tarihi-eser-kacakciligi\\\/#breadcrumb\",\"itemListElement\":[{\"@type\":\"ListItem\",\"position\":1,\"name\":\"Anasayfa\",\"item\":\"https:\\\/\\\/memurunsesi.net\\\/\"},{\"@type\":\"ListItem\",\"position\":2,\"name\":\"Mu\u015f\u2019ta tarihi eser ka\u00e7ak\u00e7\u0131l\u0131\u011f\u0131\"}]},{\"@type\":\"WebSite\",\"@id\":\"https:\\\/\\\/memurunsesi.net\\\/#website\",\"url\":\"https:\\\/\\\/memurunsesi.net\\\/\",\"name\":\"Memurun Sesi\",\"description\":\"G\u00fcncel ve Do\u011fru Haber\",\"publisher\":{\"@id\":\"https:\\\/\\\/memurunsesi.net\\\/#organization\"},\"potentialAction\":[{\"@type\":\"SearchAction\",\"target\":{\"@type\":\"EntryPoint\",\"urlTemplate\":\"https:\\\/\\\/memurunsesi.net\\\/?s={search_term_string}\"},\"query-input\":{\"@type\":\"PropertyValueSpecification\",\"valueRequired\":true,\"valueName\":\"search_term_string\"}}],\"inLanguage\":\"tr\"},{\"@type\":\"Organization\",\"@id\":\"https:\\\/\\\/memurunsesi.net\\\/#organization\",\"name\":\"Memurun Sesi\",\"url\":\"https:\\\/\\\/memurunsesi.net\\\/\",\"logo\":{\"@type\":\"ImageObject\",\"inLanguage\":\"tr\",\"@id\":\"https:\\\/\\\/memurunsesi.net\\\/#\\\/schema\\\/logo\\\/image\\\/\",\"url\":\"https:\\\/\\\/memurunsesi.net\\\/wp-content\\\/uploads\\\/2025\\\/11\\\/cropped-MEMURUN-SESI.png\",\"contentUrl\":\"https:\\\/\\\/memurunsesi.net\\\/wp-content\\\/uploads\\\/2025\\\/11\\\/cropped-MEMURUN-SESI.png\",\"width\":238,\"height\":57,\"caption\":\"Memurun Sesi\"},\"image\":{\"@id\":\"https:\\\/\\\/memurunsesi.net\\\/#\\\/schema\\\/logo\\\/image\\\/\"},\"sameAs\":[\"https:\\\/\\\/www.facebook.com\\\/unipersen\\\/?locale=tr_TR\",\"https:\\\/\\\/x.com\\\/unipersen\"]},{\"@type\":\"Person\",\"@id\":\"https:\\\/\\\/memurunsesi.net\\\/#\\\/schema\\\/person\\\/f21c2d73b89f6ee1d80b0a1803e38587\",\"name\":\"Memurun Sesi Haber Merkezi\",\"image\":{\"@type\":\"ImageObject\",\"inLanguage\":\"tr\",\"@id\":\"https:\\\/\\\/secure.gravatar.com\\\/avatar\\\/6cf0505f452ee753f485014986fab09a434671d2b919ee76fc541025c5876a70?s=96&d=mm&r=g\",\"url\":\"https:\\\/\\\/secure.gravatar.com\\\/avatar\\\/6cf0505f452ee753f485014986fab09a434671d2b919ee76fc541025c5876a70?s=96&d=mm&r=g\",\"contentUrl\":\"https:\\\/\\\/secure.gravatar.com\\\/avatar\\\/6cf0505f452ee753f485014986fab09a434671d2b919ee76fc541025c5876a70?s=96&d=mm&r=g\",\"caption\":\"Memurun Sesi Haber Merkezi\"},\"sameAs\":[\"https:\\\/\\\/memurunsesi.net\"],\"url\":\"https:\\\/\\\/memurunsesi.net\\\/index.php\\\/author\\\/uniper\\\/\"}]}<\/script>\n<!-- \/ Yoast SEO plugin. -->","yoast_head_json":{"title":"Mu\u015f\u2019ta tarihi eser ka\u00e7ak\u00e7\u0131l\u0131\u011f\u0131 - Memurun Sesi","description":"Mu\u015f\u2019ta jandarma ekiplerince bir evde yap\u0131lan aramada Osmanl\u0131 d\u00f6nemine ait oldu\u011fu de\u011ferlendirilen tarihi eserler ele ge\u00e7irildi.","robots":{"index":"index","follow":"follow","max-snippet":"max-snippet:-1","max-image-preview":"max-image-preview:large","max-video-preview":"max-video-preview:-1"},"canonical":"https:\/\/memurunsesi.net\/index.php\/2026\/01\/28\/musta-tarihi-eser-kacakciligi\/","og_locale":"tr_TR","og_type":"article","og_title":"Mu\u015f\u2019ta tarihi eser ka\u00e7ak\u00e7\u0131l\u0131\u011f\u0131 - Memurun Sesi","og_description":"Mu\u015f\u2019ta jandarma ekiplerince bir evde yap\u0131lan aramada Osmanl\u0131 d\u00f6nemine ait oldu\u011fu de\u011ferlendirilen tarihi eserler ele ge\u00e7irildi.","og_url":"https:\/\/memurunsesi.net\/index.php\/2026\/01\/28\/musta-tarihi-eser-kacakciligi\/","og_site_name":"Memurun Sesi","article_publisher":"https:\/\/www.facebook.com\/unipersen\/?locale=tr_TR","article_published_time":"2026-01-28T07:54:31+00:00","og_image":[{"width":1251,"height":567,"url":"https:\/\/memurunsesi.net\/wp-content\/uploads\/2026\/01\/Kacakcilik.jpg","type":"image\/jpeg"}],"author":"Memurun Sesi Haber Merkezi","twitter_card":"summary_large_image","twitter_creator":"@unipersen","twitter_site":"@unipersen","twitter_misc":{"Yazan:":"Memurun Sesi Haber Merkezi","Tahmini okuma s\u00fcresi":"1 dakika"},"schema":{"@context":"https:\/\/schema.org","@graph":[{"@type":"Article","@id":"https:\/\/memurunsesi.net\/index.php\/2026\/01\/28\/musta-tarihi-eser-kacakciligi\/#article","isPartOf":{"@id":"https:\/\/memurunsesi.net\/index.php\/2026\/01\/28\/musta-tarihi-eser-kacakciligi\/"},"author":{"name":"Memurun Sesi Haber Merkezi","@id":"https:\/\/memurunsesi.net\/#\/schema\/person\/f21c2d73b89f6ee1d80b0a1803e38587"},"headline":"Mu\u015f\u2019ta tarihi eser ka\u00e7ak\u00e7\u0131l\u0131\u011f\u0131","datePublished":"2026-01-28T07:54:31+00:00","mainEntityOfPage":{"@id":"https:\/\/memurunsesi.net\/index.php\/2026\/01\/28\/musta-tarihi-eser-kacakciligi\/"},"wordCount":192,"commentCount":0,"publisher":{"@id":"https:\/\/memurunsesi.net\/#organization"},"image":{"@id":"https:\/\/memurunsesi.net\/index.php\/2026\/01\/28\/musta-tarihi-eser-kacakciligi\/#primaryimage"},"thumbnailUrl":"https:\/\/memurunsesi.net\/wp-content\/uploads\/2026\/01\/Kacakcilik.jpg","keywords":["ka\u00e7akc\u0131l\u0131k"],"inLanguage":"tr","potentialAction":[{"@type":"CommentAction","name":"Comment","target":["https:\/\/memurunsesi.net\/index.php\/2026\/01\/28\/musta-tarihi-eser-kacakciligi\/#respond"]}]},{"@type":"WebPage","@id":"https:\/\/memurunsesi.net\/index.php\/2026\/01\/28\/musta-tarihi-eser-kacakciligi\/","url":"https:\/\/memurunsesi.net\/index.php\/2026\/01\/28\/musta-tarihi-eser-kacakciligi\/","name":"Mu\u015f\u2019ta tarihi eser ka\u00e7ak\u00e7\u0131l\u0131\u011f\u0131 - Memurun Sesi","isPartOf":{"@id":"https:\/\/memurunsesi.net\/#website"},"primaryImageOfPage":{"@id":"https:\/\/memurunsesi.net\/index.php\/2026\/01\/28\/musta-tarihi-eser-kacakciligi\/#primaryimage"},"image":{"@id":"https:\/\/memurunsesi.net\/index.php\/2026\/01\/28\/musta-tarihi-eser-kacakciligi\/#primaryimage"},"thumbnailUrl":"https:\/\/memurunsesi.net\/wp-content\/uploads\/2026\/01\/Kacakcilik.jpg","datePublished":"2026-01-28T07:54:31+00:00","description":"Mu\u015f\u2019ta jandarma ekiplerince bir evde yap\u0131lan aramada Osmanl\u0131 d\u00f6nemine ait oldu\u011fu de\u011ferlendirilen tarihi eserler ele ge\u00e7irildi.","breadcrumb":{"@id":"https:\/\/memurunsesi.net\/index.php\/2026\/01\/28\/musta-tarihi-eser-kacakciligi\/#breadcrumb"},"inLanguage":"tr","potentialAction":[{"@type":"ReadAction","target":["https:\/\/memurunsesi.net\/index.php\/2026\/01\/28\/musta-tarihi-eser-kacakciligi\/"]}]},{"@type":"ImageObject","inLanguage":"tr","@id":"https:\/\/memurunsesi.net\/index.php\/2026\/01\/28\/musta-tarihi-eser-kacakciligi\/#primaryimage","url":"https:\/\/memurunsesi.net\/wp-content\/uploads\/2026\/01\/Kacakcilik.jpg","contentUrl":"https:\/\/memurunsesi.net\/wp-content\/uploads\/2026\/01\/Kacakcilik.jpg","width":1251,"height":567,"caption":"MU\u015e'TA JANDARMA EK\u0130PLER\u0130NCE B\u0130R EVDE YAPILAN ARAMADA OSMANLI D\u00d6NEM\u0130NE A\u0130T OLDU\u011eU DE\u011eERLEND\u0130R\u0130LEN TAR\u0130H\u0130 ESERLER ELE GE\u00c7\u0130R\u0130LD\u0130. (\u0130SHAK G\u00dcNG\u00d6R\/MU\u015e-\u0130HA) Mu\u015f'ta jandarma ekiplerince bir evde yap\u0131lan aramada Osmanl\u0131 d\u00f6nemine ait oldu\u011fu de\u011ferlendirilen tarihi eserler ele ge\u00e7irildi."},{"@type":"BreadcrumbList","@id":"https:\/\/memurunsesi.net\/index.php\/2026\/01\/28\/musta-tarihi-eser-kacakciligi\/#breadcrumb","itemListElement":[{"@type":"ListItem","position":1,"name":"Anasayfa","item":"https:\/\/memurunsesi.net\/"},{"@type":"ListItem","position":2,"name":"Mu\u015f\u2019ta tarihi eser ka\u00e7ak\u00e7\u0131l\u0131\u011f\u0131"}]},{"@type":"WebSite","@id":"https:\/\/memurunsesi.net\/#website","url":"https:\/\/memurunsesi.net\/","name":"Memurun Sesi","description":"G\u00fcncel ve Do\u011fru Haber","publisher":{"@id":"https:\/\/memurunsesi.net\/#organization"},"potentialAction":[{"@type":"SearchAction","target":{"@type":"EntryPoint","urlTemplate":"https:\/\/memurunsesi.net\/?s={search_term_string}"},"query-input":{"@type":"PropertyValueSpecification","valueRequired":true,"valueName":"search_term_string"}}],"inLanguage":"tr"},{"@type":"Organization","@id":"https:\/\/memurunsesi.net\/#organization","name":"Memurun Sesi","url":"https:\/\/memurunsesi.net\/","logo":{"@type":"ImageObject","inLanguage":"tr","@id":"https:\/\/memurunsesi.net\/#\/schema\/logo\/image\/","url":"https:\/\/memurunsesi.net\/wp-content\/uploads\/2025\/11\/cropped-MEMURUN-SESI.png","contentUrl":"https:\/\/memurunsesi.net\/wp-content\/uploads\/2025\/11\/cropped-MEMURUN-SESI.png","width":238,"height":57,"caption":"Memurun Sesi"},"image":{"@id":"https:\/\/memurunsesi.net\/#\/schema\/logo\/image\/"},"sameAs":["https:\/\/www.facebook.com\/unipersen\/?locale=tr_TR","https:\/\/x.com\/unipersen"]},{"@type":"Person","@id":"https:\/\/memurunsesi.net\/#\/schema\/person\/f21c2d73b89f6ee1d80b0a1803e38587","name":"Memurun Sesi Haber Merkezi","image":{"@type":"ImageObject","inLanguage":"tr","@id":"https:\/\/secure.gravatar.com\/avatar\/6cf0505f452ee753f485014986fab09a434671d2b919ee76fc541025c5876a70?s=96&d=mm&r=g","url":"https:\/\/secure.gravatar.com\/avatar\/6cf0505f452ee753f485014986fab09a434671d2b919ee76fc541025c5876a70?s=96&d=mm&r=g","contentUrl":"https:\/\/secure.gravatar.com\/avatar\/6cf0505f452ee753f485014986fab09a434671d2b919ee76fc541025c5876a70?s=96&d=mm&r=g","caption":"Memurun Sesi Haber Merkezi"},"sameAs":["https:\/\/memurunsesi.net"],"url":"https:\/\/memurunsesi.net\/index.php\/author\/uniper\/"}]}},"_links":{"self":[{"href":"https:\/\/memurunsesi.net\/index.php\/wp-json\/wp\/v2\/posts\/16895","targetHints":{"allow":["GET"]}}],"collection":[{"href":"https:\/\/memurunsesi.net\/index.php\/wp-json\/wp\/v2\/posts"}],"about":[{"href":"https:\/\/memurunsesi.net\/index.php\/wp-json\/wp\/v2\/types\/post"}],"author":[{"embeddable":true,"href":"https:\/\/memurunsesi.net\/index.php\/wp-json\/wp\/v2\/users\/1"}],"replies":[{"embeddable":true,"href":"https:\/\/memurunsesi.net\/index.php\/wp-json\/wp\/v2\/comments?post=16895"}],"version-history":[{"count":1,"href":"https:\/\/memurunsesi.net\/index.php\/wp-json\/wp\/v2\/posts\/16895\/revisions"}],"predecessor-version":[{"id":16897,"href":"https:\/\/memurunsesi.net\/index.php\/wp-json\/wp\/v2\/posts\/16895\/revisions\/16897"}],"wp:featuredmedia":[{"embeddable":true,"href":"https:\/\/memurunsesi.net\/index.php\/wp-json\/wp\/v2\/media\/16896"}],"wp:attachment":[{"href":"https:\/\/memurunsesi.net\/index.php\/wp-json\/wp\/v2\/media?parent=16895"}],"wp:term":[{"taxonomy":"category","embeddable":true,"href":"https:\/\/memurunsesi.net\/index.php\/wp-json\/wp\/v2\/categories?post=16895"},{"taxonomy":"post_tag","embeddable":true,"href":"https:\/\/memurunsesi.net\/index.php\/wp-json\/wp\/v2\/tags?post=16895"}],"curies":[{"name":"wp","href":"https:\/\/api.w.org\/{rel}","templated":true}]}}