{"id":16911,"date":"2026-01-29T09:20:36","date_gmt":"2026-01-29T06:20:36","guid":{"rendered":"https:\/\/memurunsesi.net\/?p=16911"},"modified":"2026-01-29T09:20:36","modified_gmt":"2026-01-29T06:20:36","slug":"heyelanla-gelen-facia-ucuz-atlatildi","status":"publish","type":"post","link":"https:\/\/memurunsesi.net\/index.php\/2026\/01\/29\/heyelanla-gelen-facia-ucuz-atlatildi\/","title":{"rendered":"Heyelanla gelen facia ucuz atlat\u0131ld\u0131"},"content":{"rendered":"<p>&#8211; Bal\u0131kesir&#8217;de heyelan dolay\u0131s\u0131 ile trenin 2 vagonu raydan \u00e7\u0131kt\u0131<\/p>\n<p>Bal\u0131kesir&#8217;de toprak kaymas\u0131 nedeni ile Sava\u015ftepe il\u00e7esi yak\u0131nlar\u0131nda yolcu treninin Lokomotifi ve bir vagonu raydan \u00e7\u0131kt\u0131. Heyelan dolay\u0131s\u0131 ile olan kazada kimsenin yaralanmamas\u0131 tek teselli oldu. Lokomotifi ve bir vagonu raydan \u00e7\u0131kan trenin yolcular\u0131 otob\u00fcslerle nakledildi.<br \/>\nBand\u0131rma-\u0130zmir seferini yapan 6 Eyl\u00fcl Ekspresi&#8217;nin lokomotifi ile bir vagonu, Bal\u0131kesir&#8217;in Sava\u015ftepe il\u00e7esi Kocab\u0131y\u0131klar Mahallesi yak\u0131nlar\u0131nda meydana gelen toprak kaymas\u0131 nedeniyle raydan \u00e7\u0131kt\u0131. \u0130hbar \u00fczerine olay yerine \u00e7ok say\u0131da jandarma, AFAD ve 112 Acil Sa\u011fl\u0131k ekipleri sevk edildi. Trenin yakla\u015f\u0131k 145 yolcusu, b\u00f6lgeye sevk edilen otob\u00fcslerle nakledildi. Kaza sonras\u0131nda heyelan dolay\u0131s\u0131 ile demiryoluna d\u00f6k\u00fclen kayalar kald\u0131r\u0131l\u0131rken, lokomotif ve vagonlar\u0131n en yak\u0131n istasyona \u00e7ekilmesi i\u00e7in \u00e7al\u0131\u015fma ba\u015flat\u0131ld\u0131.<\/p>\n<p>29.01.2026<\/p>\n","protected":false},"excerpt":{"rendered":"<p>&#8211; Bal\u0131kesir&#8217;de heyelan dolay\u0131s\u0131 ile trenin 2 vagonu raydan \u00e7\u0131kt\u0131 Bal\u0131kesir&#8217;de toprak kaymas\u0131 nedeni ile Sava\u015ftepe il\u00e7esi yak\u0131nlar\u0131nda yolcu treninin Lokomotifi ve bir vagonu raydan \u00e7\u0131kt\u0131. Heyelan dolay\u0131s\u0131 ile olan kazada kimsenin yaralanmamas\u0131 tek teselli oldu. Lokomotifi ve bir vagonu raydan \u00e7\u0131kan trenin yolcular\u0131 otob\u00fcslerle nakledildi. Band\u0131rma-\u0130zmir seferini yapan 6 Eyl\u00fcl Ekspresi&#8217;nin lokomotifi ile bir [&hellip;]<\/p>\n","protected":false},"author":1,"featured_media":16912,"comment_status":"open","ping_status":"open","sticky":false,"template":"","format":"standard","meta":{"footnotes":""},"categories":[50],"tags":[989],"class_list":["post-16911","post","type-post","status-publish","format-standard","has-post-thumbnail","hentry","category-tum-haberler","tag-heyelanla-gelen-facia-ucuz-atlatildi"],"yoast_head":"<!-- This site is optimized with the Yoast SEO plugin v27.4 - https:\/\/yoast.com\/product\/yoast-seo-wordpress\/ -->\n<title>Heyelanla gelen facia ucuz atlat\u0131ld\u0131 - Memurun Sesi<\/title>\n<meta name=\"description\" content=\"Bal\u0131kesir&#039;de toprak kaymas\u0131 nedeni ile Sava\u015ftepe il\u00e7esi yak\u0131nlar\u0131nda yolcu treninin Lokomotifi ve bir vagonu raydan \u00e7\u0131kt\u0131. Heyelan dolay\u0131s\u0131 ile olan kazada kimsenin yaralanmamas\u0131 tek teselli oldu.\" \/>\n<meta name=\"robots\" content=\"index, follow, max-snippet:-1, max-image-preview:large, max-video-preview:-1\" \/>\n<link rel=\"canonical\" href=\"https:\/\/memurunsesi.net\/index.php\/2026\/01\/29\/heyelanla-gelen-facia-ucuz-atlatildi\/\" \/>\n<meta property=\"og:locale\" content=\"tr_TR\" \/>\n<meta property=\"og:type\" content=\"article\" \/>\n<meta property=\"og:title\" content=\"Heyelanla gelen facia ucuz atlat\u0131ld\u0131 - Memurun Sesi\" \/>\n<meta property=\"og:description\" content=\"Bal\u0131kesir&#039;de toprak kaymas\u0131 nedeni ile Sava\u015ftepe il\u00e7esi yak\u0131nlar\u0131nda yolcu treninin Lokomotifi ve bir vagonu raydan \u00e7\u0131kt\u0131. Heyelan dolay\u0131s\u0131 ile olan kazada kimsenin yaralanmamas\u0131 tek teselli oldu.\" \/>\n<meta property=\"og:url\" content=\"https:\/\/memurunsesi.net\/index.php\/2026\/01\/29\/heyelanla-gelen-facia-ucuz-atlatildi\/\" \/>\n<meta property=\"og:site_name\" content=\"Memurun Sesi\" \/>\n<meta property=\"article:publisher\" content=\"https:\/\/www.facebook.com\/unipersen\/?locale=tr_TR\" \/>\n<meta property=\"article:published_time\" content=\"2026-01-29T06:20:36+00:00\" \/>\n<meta property=\"og:image\" content=\"https:\/\/memurunsesi.net\/wp-content\/uploads\/2026\/01\/heyelan.jpg\" \/>\n\t<meta property=\"og:image:width\" content=\"2048\" \/>\n\t<meta property=\"og:image:height\" content=\"1536\" \/>\n\t<meta property=\"og:image:type\" content=\"image\/jpeg\" \/>\n<meta name=\"author\" content=\"Memurun Sesi Haber Merkezi\" \/>\n<meta name=\"twitter:card\" content=\"summary_large_image\" \/>\n<meta name=\"twitter:creator\" content=\"@unipersen\" \/>\n<meta name=\"twitter:site\" content=\"@unipersen\" \/>\n<meta name=\"twitter:label1\" content=\"Yazan:\" \/>\n\t<meta name=\"twitter:data1\" content=\"Memurun Sesi Haber Merkezi\" \/>\n\t<meta name=\"twitter:label2\" content=\"Tahmini okuma s\u00fcresi\" \/>\n\t<meta name=\"twitter:data2\" content=\"1 dakika\" \/>\n<script type=\"application\/ld+json\" class=\"yoast-schema-graph\">{\"@context\":\"https:\\\/\\\/schema.org\",\"@graph\":[{\"@type\":\"Article\",\"@id\":\"https:\\\/\\\/memurunsesi.net\\\/index.php\\\/2026\\\/01\\\/29\\\/heyelanla-gelen-facia-ucuz-atlatildi\\\/#article\",\"isPartOf\":{\"@id\":\"https:\\\/\\\/memurunsesi.net\\\/index.php\\\/2026\\\/01\\\/29\\\/heyelanla-gelen-facia-ucuz-atlatildi\\\/\"},\"author\":{\"name\":\"Memurun Sesi Haber Merkezi\",\"@id\":\"https:\\\/\\\/memurunsesi.net\\\/#\\\/schema\\\/person\\\/f21c2d73b89f6ee1d80b0a1803e38587\"},\"headline\":\"Heyelanla gelen facia ucuz atlat\u0131ld\u0131\",\"datePublished\":\"2026-01-29T06:20:36+00:00\",\"mainEntityOfPage\":{\"@id\":\"https:\\\/\\\/memurunsesi.net\\\/index.php\\\/2026\\\/01\\\/29\\\/heyelanla-gelen-facia-ucuz-atlatildi\\\/\"},\"wordCount\":156,\"commentCount\":0,\"publisher\":{\"@id\":\"https:\\\/\\\/memurunsesi.net\\\/#organization\"},\"image\":{\"@id\":\"https:\\\/\\\/memurunsesi.net\\\/index.php\\\/2026\\\/01\\\/29\\\/heyelanla-gelen-facia-ucuz-atlatildi\\\/#primaryimage\"},\"thumbnailUrl\":\"https:\\\/\\\/memurunsesi.net\\\/wp-content\\\/uploads\\\/2026\\\/01\\\/heyelan.jpg\",\"keywords\":[\"Heyelanla gelen facia ucuz atlat\u0131ld\u0131\"],\"articleSection\":[\"T\u00fcm Haberler\"],\"inLanguage\":\"tr\",\"potentialAction\":[{\"@type\":\"CommentAction\",\"name\":\"Comment\",\"target\":[\"https:\\\/\\\/memurunsesi.net\\\/index.php\\\/2026\\\/01\\\/29\\\/heyelanla-gelen-facia-ucuz-atlatildi\\\/#respond\"]}]},{\"@type\":\"WebPage\",\"@id\":\"https:\\\/\\\/memurunsesi.net\\\/index.php\\\/2026\\\/01\\\/29\\\/heyelanla-gelen-facia-ucuz-atlatildi\\\/\",\"url\":\"https:\\\/\\\/memurunsesi.net\\\/index.php\\\/2026\\\/01\\\/29\\\/heyelanla-gelen-facia-ucuz-atlatildi\\\/\",\"name\":\"Heyelanla gelen facia ucuz atlat\u0131ld\u0131 - Memurun Sesi\",\"isPartOf\":{\"@id\":\"https:\\\/\\\/memurunsesi.net\\\/#website\"},\"primaryImageOfPage\":{\"@id\":\"https:\\\/\\\/memurunsesi.net\\\/index.php\\\/2026\\\/01\\\/29\\\/heyelanla-gelen-facia-ucuz-atlatildi\\\/#primaryimage\"},\"image\":{\"@id\":\"https:\\\/\\\/memurunsesi.net\\\/index.php\\\/2026\\\/01\\\/29\\\/heyelanla-gelen-facia-ucuz-atlatildi\\\/#primaryimage\"},\"thumbnailUrl\":\"https:\\\/\\\/memurunsesi.net\\\/wp-content\\\/uploads\\\/2026\\\/01\\\/heyelan.jpg\",\"datePublished\":\"2026-01-29T06:20:36+00:00\",\"description\":\"Bal\u0131kesir'de toprak kaymas\u0131 nedeni ile Sava\u015ftepe il\u00e7esi yak\u0131nlar\u0131nda yolcu treninin Lokomotifi ve bir vagonu raydan \u00e7\u0131kt\u0131. Heyelan dolay\u0131s\u0131 ile olan kazada kimsenin yaralanmamas\u0131 tek teselli oldu.\",\"breadcrumb\":{\"@id\":\"https:\\\/\\\/memurunsesi.net\\\/index.php\\\/2026\\\/01\\\/29\\\/heyelanla-gelen-facia-ucuz-atlatildi\\\/#breadcrumb\"},\"inLanguage\":\"tr\",\"potentialAction\":[{\"@type\":\"ReadAction\",\"target\":[\"https:\\\/\\\/memurunsesi.net\\\/index.php\\\/2026\\\/01\\\/29\\\/heyelanla-gelen-facia-ucuz-atlatildi\\\/\"]}]},{\"@type\":\"ImageObject\",\"inLanguage\":\"tr\",\"@id\":\"https:\\\/\\\/memurunsesi.net\\\/index.php\\\/2026\\\/01\\\/29\\\/heyelanla-gelen-facia-ucuz-atlatildi\\\/#primaryimage\",\"url\":\"https:\\\/\\\/memurunsesi.net\\\/wp-content\\\/uploads\\\/2026\\\/01\\\/heyelan.jpg\",\"contentUrl\":\"https:\\\/\\\/memurunsesi.net\\\/wp-content\\\/uploads\\\/2026\\\/01\\\/heyelan.jpg\",\"width\":2048,\"height\":1536,\"caption\":\"BALIKES\u0130R'DE TOPRAK KAYMASI NEDEN\u0130 \u0130LE SAVA\u015eTEPE \u0130L\u00c7ES\u0130 YAKINLARINDA YOLCU TREN\u0130N\u0130N 2 VAGONU YOLDAN \u00c7IKTI. (BAHADIR DEM\u0130R\u00c7EV\u0130REN\\\/BALIKES\u0130R-\u0130HA) Bal\u0131kesir'de toprak kaymas\u0131 nedeni ile Sava\u015ftepe il\u00e7esi yak\u0131nlar\u0131nda yolcu treninin Lokomotifi ve bir vagonu raydan \u00e7\u0131kt\u0131. Heyelan dolay\u0131s\u0131 ile olan kazada kimsenin yaralanmamas\u0131 tek teselli oldu. Lokomotifi ve bir vagonu raydan \u00e7\u0131kan trenin yolcular\u0131 otob\u00fcslerle nakledildi.\"},{\"@type\":\"BreadcrumbList\",\"@id\":\"https:\\\/\\\/memurunsesi.net\\\/index.php\\\/2026\\\/01\\\/29\\\/heyelanla-gelen-facia-ucuz-atlatildi\\\/#breadcrumb\",\"itemListElement\":[{\"@type\":\"ListItem\",\"position\":1,\"name\":\"Anasayfa\",\"item\":\"https:\\\/\\\/memurunsesi.net\\\/\"},{\"@type\":\"ListItem\",\"position\":2,\"name\":\"Heyelanla gelen facia ucuz atlat\u0131ld\u0131\"}]},{\"@type\":\"WebSite\",\"@id\":\"https:\\\/\\\/memurunsesi.net\\\/#website\",\"url\":\"https:\\\/\\\/memurunsesi.net\\\/\",\"name\":\"Memurun Sesi\",\"description\":\"G\u00fcncel ve Do\u011fru Haber\",\"publisher\":{\"@id\":\"https:\\\/\\\/memurunsesi.net\\\/#organization\"},\"potentialAction\":[{\"@type\":\"SearchAction\",\"target\":{\"@type\":\"EntryPoint\",\"urlTemplate\":\"https:\\\/\\\/memurunsesi.net\\\/?s={search_term_string}\"},\"query-input\":{\"@type\":\"PropertyValueSpecification\",\"valueRequired\":true,\"valueName\":\"search_term_string\"}}],\"inLanguage\":\"tr\"},{\"@type\":\"Organization\",\"@id\":\"https:\\\/\\\/memurunsesi.net\\\/#organization\",\"name\":\"Memurun Sesi\",\"url\":\"https:\\\/\\\/memurunsesi.net\\\/\",\"logo\":{\"@type\":\"ImageObject\",\"inLanguage\":\"tr\",\"@id\":\"https:\\\/\\\/memurunsesi.net\\\/#\\\/schema\\\/logo\\\/image\\\/\",\"url\":\"https:\\\/\\\/memurunsesi.net\\\/wp-content\\\/uploads\\\/2025\\\/11\\\/cropped-MEMURUN-SESI.png\",\"contentUrl\":\"https:\\\/\\\/memurunsesi.net\\\/wp-content\\\/uploads\\\/2025\\\/11\\\/cropped-MEMURUN-SESI.png\",\"width\":238,\"height\":57,\"caption\":\"Memurun Sesi\"},\"image\":{\"@id\":\"https:\\\/\\\/memurunsesi.net\\\/#\\\/schema\\\/logo\\\/image\\\/\"},\"sameAs\":[\"https:\\\/\\\/www.facebook.com\\\/unipersen\\\/?locale=tr_TR\",\"https:\\\/\\\/x.com\\\/unipersen\"]},{\"@type\":\"Person\",\"@id\":\"https:\\\/\\\/memurunsesi.net\\\/#\\\/schema\\\/person\\\/f21c2d73b89f6ee1d80b0a1803e38587\",\"name\":\"Memurun Sesi Haber Merkezi\",\"image\":{\"@type\":\"ImageObject\",\"inLanguage\":\"tr\",\"@id\":\"https:\\\/\\\/secure.gravatar.com\\\/avatar\\\/6cf0505f452ee753f485014986fab09a434671d2b919ee76fc541025c5876a70?s=96&d=mm&r=g\",\"url\":\"https:\\\/\\\/secure.gravatar.com\\\/avatar\\\/6cf0505f452ee753f485014986fab09a434671d2b919ee76fc541025c5876a70?s=96&d=mm&r=g\",\"contentUrl\":\"https:\\\/\\\/secure.gravatar.com\\\/avatar\\\/6cf0505f452ee753f485014986fab09a434671d2b919ee76fc541025c5876a70?s=96&d=mm&r=g\",\"caption\":\"Memurun Sesi Haber Merkezi\"},\"sameAs\":[\"https:\\\/\\\/memurunsesi.net\"],\"url\":\"https:\\\/\\\/memurunsesi.net\\\/index.php\\\/author\\\/uniper\\\/\"}]}<\/script>\n<!-- \/ Yoast SEO plugin. -->","yoast_head_json":{"title":"Heyelanla gelen facia ucuz atlat\u0131ld\u0131 - Memurun Sesi","description":"Bal\u0131kesir'de toprak kaymas\u0131 nedeni ile Sava\u015ftepe il\u00e7esi yak\u0131nlar\u0131nda yolcu treninin Lokomotifi ve bir vagonu raydan \u00e7\u0131kt\u0131. Heyelan dolay\u0131s\u0131 ile olan kazada kimsenin yaralanmamas\u0131 tek teselli oldu.","robots":{"index":"index","follow":"follow","max-snippet":"max-snippet:-1","max-image-preview":"max-image-preview:large","max-video-preview":"max-video-preview:-1"},"canonical":"https:\/\/memurunsesi.net\/index.php\/2026\/01\/29\/heyelanla-gelen-facia-ucuz-atlatildi\/","og_locale":"tr_TR","og_type":"article","og_title":"Heyelanla gelen facia ucuz atlat\u0131ld\u0131 - Memurun Sesi","og_description":"Bal\u0131kesir'de toprak kaymas\u0131 nedeni ile Sava\u015ftepe il\u00e7esi yak\u0131nlar\u0131nda yolcu treninin Lokomotifi ve bir vagonu raydan \u00e7\u0131kt\u0131. Heyelan dolay\u0131s\u0131 ile olan kazada kimsenin yaralanmamas\u0131 tek teselli oldu.","og_url":"https:\/\/memurunsesi.net\/index.php\/2026\/01\/29\/heyelanla-gelen-facia-ucuz-atlatildi\/","og_site_name":"Memurun Sesi","article_publisher":"https:\/\/www.facebook.com\/unipersen\/?locale=tr_TR","article_published_time":"2026-01-29T06:20:36+00:00","og_image":[{"width":2048,"height":1536,"url":"https:\/\/memurunsesi.net\/wp-content\/uploads\/2026\/01\/heyelan.jpg","type":"image\/jpeg"}],"author":"Memurun Sesi Haber Merkezi","twitter_card":"summary_large_image","twitter_creator":"@unipersen","twitter_site":"@unipersen","twitter_misc":{"Yazan:":"Memurun Sesi Haber Merkezi","Tahmini okuma s\u00fcresi":"1 dakika"},"schema":{"@context":"https:\/\/schema.org","@graph":[{"@type":"Article","@id":"https:\/\/memurunsesi.net\/index.php\/2026\/01\/29\/heyelanla-gelen-facia-ucuz-atlatildi\/#article","isPartOf":{"@id":"https:\/\/memurunsesi.net\/index.php\/2026\/01\/29\/heyelanla-gelen-facia-ucuz-atlatildi\/"},"author":{"name":"Memurun Sesi Haber Merkezi","@id":"https:\/\/memurunsesi.net\/#\/schema\/person\/f21c2d73b89f6ee1d80b0a1803e38587"},"headline":"Heyelanla gelen facia ucuz atlat\u0131ld\u0131","datePublished":"2026-01-29T06:20:36+00:00","mainEntityOfPage":{"@id":"https:\/\/memurunsesi.net\/index.php\/2026\/01\/29\/heyelanla-gelen-facia-ucuz-atlatildi\/"},"wordCount":156,"commentCount":0,"publisher":{"@id":"https:\/\/memurunsesi.net\/#organization"},"image":{"@id":"https:\/\/memurunsesi.net\/index.php\/2026\/01\/29\/heyelanla-gelen-facia-ucuz-atlatildi\/#primaryimage"},"thumbnailUrl":"https:\/\/memurunsesi.net\/wp-content\/uploads\/2026\/01\/heyelan.jpg","keywords":["Heyelanla gelen facia ucuz atlat\u0131ld\u0131"],"articleSection":["T\u00fcm Haberler"],"inLanguage":"tr","potentialAction":[{"@type":"CommentAction","name":"Comment","target":["https:\/\/memurunsesi.net\/index.php\/2026\/01\/29\/heyelanla-gelen-facia-ucuz-atlatildi\/#respond"]}]},{"@type":"WebPage","@id":"https:\/\/memurunsesi.net\/index.php\/2026\/01\/29\/heyelanla-gelen-facia-ucuz-atlatildi\/","url":"https:\/\/memurunsesi.net\/index.php\/2026\/01\/29\/heyelanla-gelen-facia-ucuz-atlatildi\/","name":"Heyelanla gelen facia ucuz atlat\u0131ld\u0131 - Memurun Sesi","isPartOf":{"@id":"https:\/\/memurunsesi.net\/#website"},"primaryImageOfPage":{"@id":"https:\/\/memurunsesi.net\/index.php\/2026\/01\/29\/heyelanla-gelen-facia-ucuz-atlatildi\/#primaryimage"},"image":{"@id":"https:\/\/memurunsesi.net\/index.php\/2026\/01\/29\/heyelanla-gelen-facia-ucuz-atlatildi\/#primaryimage"},"thumbnailUrl":"https:\/\/memurunsesi.net\/wp-content\/uploads\/2026\/01\/heyelan.jpg","datePublished":"2026-01-29T06:20:36+00:00","description":"Bal\u0131kesir'de toprak kaymas\u0131 nedeni ile Sava\u015ftepe il\u00e7esi yak\u0131nlar\u0131nda yolcu treninin Lokomotifi ve bir vagonu raydan \u00e7\u0131kt\u0131. Heyelan dolay\u0131s\u0131 ile olan kazada kimsenin yaralanmamas\u0131 tek teselli oldu.","breadcrumb":{"@id":"https:\/\/memurunsesi.net\/index.php\/2026\/01\/29\/heyelanla-gelen-facia-ucuz-atlatildi\/#breadcrumb"},"inLanguage":"tr","potentialAction":[{"@type":"ReadAction","target":["https:\/\/memurunsesi.net\/index.php\/2026\/01\/29\/heyelanla-gelen-facia-ucuz-atlatildi\/"]}]},{"@type":"ImageObject","inLanguage":"tr","@id":"https:\/\/memurunsesi.net\/index.php\/2026\/01\/29\/heyelanla-gelen-facia-ucuz-atlatildi\/#primaryimage","url":"https:\/\/memurunsesi.net\/wp-content\/uploads\/2026\/01\/heyelan.jpg","contentUrl":"https:\/\/memurunsesi.net\/wp-content\/uploads\/2026\/01\/heyelan.jpg","width":2048,"height":1536,"caption":"BALIKES\u0130R'DE TOPRAK KAYMASI NEDEN\u0130 \u0130LE SAVA\u015eTEPE \u0130L\u00c7ES\u0130 YAKINLARINDA YOLCU TREN\u0130N\u0130N 2 VAGONU YOLDAN \u00c7IKTI. (BAHADIR DEM\u0130R\u00c7EV\u0130REN\/BALIKES\u0130R-\u0130HA) Bal\u0131kesir'de toprak kaymas\u0131 nedeni ile Sava\u015ftepe il\u00e7esi yak\u0131nlar\u0131nda yolcu treninin Lokomotifi ve bir vagonu raydan \u00e7\u0131kt\u0131. Heyelan dolay\u0131s\u0131 ile olan kazada kimsenin yaralanmamas\u0131 tek teselli oldu. Lokomotifi ve bir vagonu raydan \u00e7\u0131kan trenin yolcular\u0131 otob\u00fcslerle nakledildi."},{"@type":"BreadcrumbList","@id":"https:\/\/memurunsesi.net\/index.php\/2026\/01\/29\/heyelanla-gelen-facia-ucuz-atlatildi\/#breadcrumb","itemListElement":[{"@type":"ListItem","position":1,"name":"Anasayfa","item":"https:\/\/memurunsesi.net\/"},{"@type":"ListItem","position":2,"name":"Heyelanla gelen facia ucuz atlat\u0131ld\u0131"}]},{"@type":"WebSite","@id":"https:\/\/memurunsesi.net\/#website","url":"https:\/\/memurunsesi.net\/","name":"Memurun Sesi","description":"G\u00fcncel ve Do\u011fru Haber","publisher":{"@id":"https:\/\/memurunsesi.net\/#organization"},"potentialAction":[{"@type":"SearchAction","target":{"@type":"EntryPoint","urlTemplate":"https:\/\/memurunsesi.net\/?s={search_term_string}"},"query-input":{"@type":"PropertyValueSpecification","valueRequired":true,"valueName":"search_term_string"}}],"inLanguage":"tr"},{"@type":"Organization","@id":"https:\/\/memurunsesi.net\/#organization","name":"Memurun Sesi","url":"https:\/\/memurunsesi.net\/","logo":{"@type":"ImageObject","inLanguage":"tr","@id":"https:\/\/memurunsesi.net\/#\/schema\/logo\/image\/","url":"https:\/\/memurunsesi.net\/wp-content\/uploads\/2025\/11\/cropped-MEMURUN-SESI.png","contentUrl":"https:\/\/memurunsesi.net\/wp-content\/uploads\/2025\/11\/cropped-MEMURUN-SESI.png","width":238,"height":57,"caption":"Memurun Sesi"},"image":{"@id":"https:\/\/memurunsesi.net\/#\/schema\/logo\/image\/"},"sameAs":["https:\/\/www.facebook.com\/unipersen\/?locale=tr_TR","https:\/\/x.com\/unipersen"]},{"@type":"Person","@id":"https:\/\/memurunsesi.net\/#\/schema\/person\/f21c2d73b89f6ee1d80b0a1803e38587","name":"Memurun Sesi Haber Merkezi","image":{"@type":"ImageObject","inLanguage":"tr","@id":"https:\/\/secure.gravatar.com\/avatar\/6cf0505f452ee753f485014986fab09a434671d2b919ee76fc541025c5876a70?s=96&d=mm&r=g","url":"https:\/\/secure.gravatar.com\/avatar\/6cf0505f452ee753f485014986fab09a434671d2b919ee76fc541025c5876a70?s=96&d=mm&r=g","contentUrl":"https:\/\/secure.gravatar.com\/avatar\/6cf0505f452ee753f485014986fab09a434671d2b919ee76fc541025c5876a70?s=96&d=mm&r=g","caption":"Memurun Sesi Haber Merkezi"},"sameAs":["https:\/\/memurunsesi.net"],"url":"https:\/\/memurunsesi.net\/index.php\/author\/uniper\/"}]}},"_links":{"self":[{"href":"https:\/\/memurunsesi.net\/index.php\/wp-json\/wp\/v2\/posts\/16911","targetHints":{"allow":["GET"]}}],"collection":[{"href":"https:\/\/memurunsesi.net\/index.php\/wp-json\/wp\/v2\/posts"}],"about":[{"href":"https:\/\/memurunsesi.net\/index.php\/wp-json\/wp\/v2\/types\/post"}],"author":[{"embeddable":true,"href":"https:\/\/memurunsesi.net\/index.php\/wp-json\/wp\/v2\/users\/1"}],"replies":[{"embeddable":true,"href":"https:\/\/memurunsesi.net\/index.php\/wp-json\/wp\/v2\/comments?post=16911"}],"version-history":[{"count":1,"href":"https:\/\/memurunsesi.net\/index.php\/wp-json\/wp\/v2\/posts\/16911\/revisions"}],"predecessor-version":[{"id":16913,"href":"https:\/\/memurunsesi.net\/index.php\/wp-json\/wp\/v2\/posts\/16911\/revisions\/16913"}],"wp:featuredmedia":[{"embeddable":true,"href":"https:\/\/memurunsesi.net\/index.php\/wp-json\/wp\/v2\/media\/16912"}],"wp:attachment":[{"href":"https:\/\/memurunsesi.net\/index.php\/wp-json\/wp\/v2\/media?parent=16911"}],"wp:term":[{"taxonomy":"category","embeddable":true,"href":"https:\/\/memurunsesi.net\/index.php\/wp-json\/wp\/v2\/categories?post=16911"},{"taxonomy":"post_tag","embeddable":true,"href":"https:\/\/memurunsesi.net\/index.php\/wp-json\/wp\/v2\/tags?post=16911"}],"curies":[{"name":"wp","href":"https:\/\/api.w.org\/{rel}","templated":true}]}}