{"id":16935,"date":"2026-01-29T09:39:27","date_gmt":"2026-01-29T06:39:27","guid":{"rendered":"https:\/\/memurunsesi.net\/?p=16935"},"modified":"2026-01-29T16:07:41","modified_gmt":"2026-01-29T13:07:41","slug":"sanliurfada-isci-servisi-agaca-carpti-7-yarali","status":"publish","type":"post","link":"https:\/\/memurunsesi.net\/index.php\/2026\/01\/29\/sanliurfada-isci-servisi-agaca-carpti-7-yarali\/","title":{"rendered":"\u015eanl\u0131urfa\u2019da Gizli Buzlanma Kazaya Neden Oldu: 7 \u0130\u015f\u00e7i Yaraland\u0131"},"content":{"rendered":"<p data-start=\"1088\" data-end=\"1196\">\u015eanl\u0131urfa\u2019da gizli buzlanma nedeniyle kontrolden \u00e7\u0131kan i\u015f\u00e7i servisi a\u011faca \u00e7arpt\u0131. Kazada 7 ki\u015fi yaraland\u0131.<\/p>\n<p data-start=\"1203\" data-end=\"1498\">Kaza, Hilvan\u2013\u015eanl\u0131urfa karayolunda meydana geldi. Edinilen bilgilere g\u00f6re, Hilvan il\u00e7esinden \u015eanl\u0131urfa\u2019ya i\u015f\u00e7i ta\u015f\u0131yan ve s\u00fcr\u00fcc\u00fcs\u00fcn\u00fcn kimli\u011fi hen\u00fcz belirlenemeyen 63 RD 496 plakal\u0131 minib\u00fcs, gizli buzlanma nedeniyle yoldan \u00e7\u0131kt\u0131. Yol kenar\u0131ndaki a\u011faca \u00e7arpan minib\u00fcste bulunan 7 i\u015f\u00e7i yaraland\u0131.<\/p>\n<p data-start=\"1505\" data-end=\"1660\">\u0130hbar \u00fczerine olay yerine sa\u011fl\u0131k ve jandarma ekipleri sevk edildi. Yaral\u0131lar ambulanslarla hastanelere kald\u0131r\u0131l\u0131rken, kazayla ilgili inceleme ba\u015flat\u0131ld\u0131.<\/p>\n<p data-start=\"1667\" data-end=\"1848\">\u00d6te yandan, ayn\u0131 g\u00fczergahta gizli buzlanma nedeniyle 1 kamyonet ile 2 otomobilin daha yoldan \u00e7\u0131karak ref\u00fcje \u00e7arpt\u0131\u011f\u0131, otomobil s\u00fcr\u00fcc\u00fclerinin kazay\u0131 yara almadan atlatt\u0131\u011f\u0131 \u00f6\u011frenildi.<\/p>\n<p>29.01.2026<\/p>\n","protected":false},"excerpt":{"rendered":"<p>\u015eanl\u0131urfa\u2019da gizli buzlanma nedeniyle kontrolden \u00e7\u0131kan i\u015f\u00e7i servisi a\u011faca \u00e7arpt\u0131. Kazada 7 ki\u015fi yaraland\u0131. Kaza, Hilvan\u2013\u015eanl\u0131urfa karayolunda meydana geldi. Edinilen bilgilere g\u00f6re, Hilvan il\u00e7esinden \u015eanl\u0131urfa\u2019ya i\u015f\u00e7i ta\u015f\u0131yan ve s\u00fcr\u00fcc\u00fcs\u00fcn\u00fcn kimli\u011fi hen\u00fcz belirlenemeyen 63 RD 496 plakal\u0131 minib\u00fcs, gizli buzlanma nedeniyle yoldan \u00e7\u0131kt\u0131. Yol kenar\u0131ndaki a\u011faca \u00e7arpan minib\u00fcste bulunan 7 i\u015f\u00e7i yaraland\u0131. \u0130hbar \u00fczerine olay yerine [&hellip;]<\/p>\n","protected":false},"author":1,"featured_media":16936,"comment_status":"open","ping_status":"open","sticky":false,"template":"","format":"standard","meta":{"footnotes":""},"categories":[1],"tags":[701],"class_list":["post-16935","post","type-post","status-publish","format-standard","has-post-thumbnail","hentry","category-genel","tag-buzlanma-kazalari-da-beraberinde-getirdi"],"yoast_head":"<!-- This site is optimized with the Yoast SEO plugin v27.4 - https:\/\/yoast.com\/product\/yoast-seo-wordpress\/ -->\n<title>\u015eanl\u0131urfa\u2019da Gizli Buzlanma Kazaya Neden Oldu: 7 \u0130\u015f\u00e7i Yaraland\u0131 - Memurun Sesi<\/title>\n<meta name=\"description\" content=\"\u015eanl\u0131urfa\u00b4da gizli buzlanma nedeniyle yolda \u00e7\u0131karak a\u011faca \u00e7arpan i\u015f\u00e7i servisindeki 7 ki\u015fi yaraland\u0131.\" \/>\n<meta name=\"robots\" content=\"index, follow, max-snippet:-1, max-image-preview:large, max-video-preview:-1\" \/>\n<link rel=\"canonical\" href=\"https:\/\/memurunsesi.net\/index.php\/2026\/01\/29\/sanliurfada-isci-servisi-agaca-carpti-7-yarali\/\" \/>\n<meta property=\"og:locale\" content=\"tr_TR\" \/>\n<meta property=\"og:type\" content=\"article\" \/>\n<meta property=\"og:title\" content=\"\u015eanl\u0131urfa\u2019da Gizli Buzlanma Kazaya Neden Oldu: 7 \u0130\u015f\u00e7i Yaraland\u0131 - Memurun Sesi\" \/>\n<meta property=\"og:description\" content=\"\u015eanl\u0131urfa\u00b4da gizli buzlanma nedeniyle yolda \u00e7\u0131karak a\u011faca \u00e7arpan i\u015f\u00e7i servisindeki 7 ki\u015fi yaraland\u0131.\" \/>\n<meta property=\"og:url\" content=\"https:\/\/memurunsesi.net\/index.php\/2026\/01\/29\/sanliurfada-isci-servisi-agaca-carpti-7-yarali\/\" \/>\n<meta property=\"og:site_name\" content=\"Memurun Sesi\" \/>\n<meta property=\"article:publisher\" content=\"https:\/\/www.facebook.com\/unipersen\/?locale=tr_TR\" \/>\n<meta property=\"article:published_time\" content=\"2026-01-29T06:39:27+00:00\" \/>\n<meta property=\"article:modified_time\" content=\"2026-01-29T13:07:41+00:00\" \/>\n<meta property=\"og:image\" content=\"https:\/\/memurunsesi.net\/wp-content\/uploads\/2026\/01\/buzlanma.jpg\" \/>\n\t<meta property=\"og:image:width\" content=\"1600\" \/>\n\t<meta property=\"og:image:height\" content=\"1200\" \/>\n\t<meta property=\"og:image:type\" content=\"image\/jpeg\" \/>\n<meta name=\"author\" content=\"Memurun Sesi Haber Merkezi\" \/>\n<meta name=\"twitter:card\" content=\"summary_large_image\" \/>\n<meta name=\"twitter:creator\" content=\"@unipersen\" \/>\n<meta name=\"twitter:site\" content=\"@unipersen\" \/>\n<meta name=\"twitter:label1\" content=\"Yazan:\" \/>\n\t<meta name=\"twitter:data1\" content=\"Memurun Sesi Haber Merkezi\" \/>\n\t<meta name=\"twitter:label2\" content=\"Tahmini okuma s\u00fcresi\" \/>\n\t<meta name=\"twitter:data2\" content=\"1 dakika\" \/>\n<script type=\"application\/ld+json\" class=\"yoast-schema-graph\">{\"@context\":\"https:\\\/\\\/schema.org\",\"@graph\":[{\"@type\":\"Article\",\"@id\":\"https:\\\/\\\/memurunsesi.net\\\/index.php\\\/2026\\\/01\\\/29\\\/sanliurfada-isci-servisi-agaca-carpti-7-yarali\\\/#article\",\"isPartOf\":{\"@id\":\"https:\\\/\\\/memurunsesi.net\\\/index.php\\\/2026\\\/01\\\/29\\\/sanliurfada-isci-servisi-agaca-carpti-7-yarali\\\/\"},\"author\":{\"name\":\"Memurun Sesi Haber Merkezi\",\"@id\":\"https:\\\/\\\/memurunsesi.net\\\/#\\\/schema\\\/person\\\/f21c2d73b89f6ee1d80b0a1803e38587\"},\"headline\":\"\u015eanl\u0131urfa\u2019da Gizli Buzlanma Kazaya Neden Oldu: 7 \u0130\u015f\u00e7i Yaraland\u0131\",\"datePublished\":\"2026-01-29T06:39:27+00:00\",\"dateModified\":\"2026-01-29T13:07:41+00:00\",\"mainEntityOfPage\":{\"@id\":\"https:\\\/\\\/memurunsesi.net\\\/index.php\\\/2026\\\/01\\\/29\\\/sanliurfada-isci-servisi-agaca-carpti-7-yarali\\\/\"},\"wordCount\":135,\"commentCount\":0,\"publisher\":{\"@id\":\"https:\\\/\\\/memurunsesi.net\\\/#organization\"},\"image\":{\"@id\":\"https:\\\/\\\/memurunsesi.net\\\/index.php\\\/2026\\\/01\\\/29\\\/sanliurfada-isci-servisi-agaca-carpti-7-yarali\\\/#primaryimage\"},\"thumbnailUrl\":\"https:\\\/\\\/memurunsesi.net\\\/wp-content\\\/uploads\\\/2026\\\/01\\\/buzlanma.jpg\",\"keywords\":[\"Buzlanma kazalar\u0131 da beraberinde getirdi\"],\"inLanguage\":\"tr\",\"potentialAction\":[{\"@type\":\"CommentAction\",\"name\":\"Comment\",\"target\":[\"https:\\\/\\\/memurunsesi.net\\\/index.php\\\/2026\\\/01\\\/29\\\/sanliurfada-isci-servisi-agaca-carpti-7-yarali\\\/#respond\"]}]},{\"@type\":\"WebPage\",\"@id\":\"https:\\\/\\\/memurunsesi.net\\\/index.php\\\/2026\\\/01\\\/29\\\/sanliurfada-isci-servisi-agaca-carpti-7-yarali\\\/\",\"url\":\"https:\\\/\\\/memurunsesi.net\\\/index.php\\\/2026\\\/01\\\/29\\\/sanliurfada-isci-servisi-agaca-carpti-7-yarali\\\/\",\"name\":\"\u015eanl\u0131urfa\u2019da Gizli Buzlanma Kazaya Neden Oldu: 7 \u0130\u015f\u00e7i Yaraland\u0131 - Memurun Sesi\",\"isPartOf\":{\"@id\":\"https:\\\/\\\/memurunsesi.net\\\/#website\"},\"primaryImageOfPage\":{\"@id\":\"https:\\\/\\\/memurunsesi.net\\\/index.php\\\/2026\\\/01\\\/29\\\/sanliurfada-isci-servisi-agaca-carpti-7-yarali\\\/#primaryimage\"},\"image\":{\"@id\":\"https:\\\/\\\/memurunsesi.net\\\/index.php\\\/2026\\\/01\\\/29\\\/sanliurfada-isci-servisi-agaca-carpti-7-yarali\\\/#primaryimage\"},\"thumbnailUrl\":\"https:\\\/\\\/memurunsesi.net\\\/wp-content\\\/uploads\\\/2026\\\/01\\\/buzlanma.jpg\",\"datePublished\":\"2026-01-29T06:39:27+00:00\",\"dateModified\":\"2026-01-29T13:07:41+00:00\",\"description\":\"\u015eanl\u0131urfa\u00b4da gizli buzlanma nedeniyle yolda \u00e7\u0131karak a\u011faca \u00e7arpan i\u015f\u00e7i servisindeki 7 ki\u015fi yaraland\u0131.\",\"breadcrumb\":{\"@id\":\"https:\\\/\\\/memurunsesi.net\\\/index.php\\\/2026\\\/01\\\/29\\\/sanliurfada-isci-servisi-agaca-carpti-7-yarali\\\/#breadcrumb\"},\"inLanguage\":\"tr\",\"potentialAction\":[{\"@type\":\"ReadAction\",\"target\":[\"https:\\\/\\\/memurunsesi.net\\\/index.php\\\/2026\\\/01\\\/29\\\/sanliurfada-isci-servisi-agaca-carpti-7-yarali\\\/\"]}]},{\"@type\":\"ImageObject\",\"inLanguage\":\"tr\",\"@id\":\"https:\\\/\\\/memurunsesi.net\\\/index.php\\\/2026\\\/01\\\/29\\\/sanliurfada-isci-servisi-agaca-carpti-7-yarali\\\/#primaryimage\",\"url\":\"https:\\\/\\\/memurunsesi.net\\\/wp-content\\\/uploads\\\/2026\\\/01\\\/buzlanma.jpg\",\"contentUrl\":\"https:\\\/\\\/memurunsesi.net\\\/wp-content\\\/uploads\\\/2026\\\/01\\\/buzlanma.jpg\",\"width\":1600,\"height\":1200,\"caption\":\"\u015eANLIURFA'DA G\u0130ZL\u0130 BUZLANMA NEDEN\u0130YLE YOLDA \u00c7IKARAK A\u011eACA \u00c7ARPAN \u0130\u015e\u00c7\u0130 SERV\u0130S\u0130NDEK\u0130 7 K\u0130\u015e\u0130 YARALANDI. (BEK\u0130R \u015eEYHANLI\\\/\u015eANLIURFA-\u0130HA) \u015eanl\u0131urfa'da gizli buzlanma nedeniyle yolda \u00e7\u0131karak a\u011faca \u00e7arpan i\u015f\u00e7i servisindeki 7 ki\u015fi yaraland\u0131.\"},{\"@type\":\"BreadcrumbList\",\"@id\":\"https:\\\/\\\/memurunsesi.net\\\/index.php\\\/2026\\\/01\\\/29\\\/sanliurfada-isci-servisi-agaca-carpti-7-yarali\\\/#breadcrumb\",\"itemListElement\":[{\"@type\":\"ListItem\",\"position\":1,\"name\":\"Anasayfa\",\"item\":\"https:\\\/\\\/memurunsesi.net\\\/\"},{\"@type\":\"ListItem\",\"position\":2,\"name\":\"\u015eanl\u0131urfa\u2019da Gizli Buzlanma Kazaya Neden Oldu: 7 \u0130\u015f\u00e7i Yaraland\u0131\"}]},{\"@type\":\"WebSite\",\"@id\":\"https:\\\/\\\/memurunsesi.net\\\/#website\",\"url\":\"https:\\\/\\\/memurunsesi.net\\\/\",\"name\":\"Memurun Sesi\",\"description\":\"G\u00fcncel ve Do\u011fru Haber\",\"publisher\":{\"@id\":\"https:\\\/\\\/memurunsesi.net\\\/#organization\"},\"potentialAction\":[{\"@type\":\"SearchAction\",\"target\":{\"@type\":\"EntryPoint\",\"urlTemplate\":\"https:\\\/\\\/memurunsesi.net\\\/?s={search_term_string}\"},\"query-input\":{\"@type\":\"PropertyValueSpecification\",\"valueRequired\":true,\"valueName\":\"search_term_string\"}}],\"inLanguage\":\"tr\"},{\"@type\":\"Organization\",\"@id\":\"https:\\\/\\\/memurunsesi.net\\\/#organization\",\"name\":\"Memurun Sesi\",\"url\":\"https:\\\/\\\/memurunsesi.net\\\/\",\"logo\":{\"@type\":\"ImageObject\",\"inLanguage\":\"tr\",\"@id\":\"https:\\\/\\\/memurunsesi.net\\\/#\\\/schema\\\/logo\\\/image\\\/\",\"url\":\"https:\\\/\\\/memurunsesi.net\\\/wp-content\\\/uploads\\\/2025\\\/11\\\/cropped-MEMURUN-SESI.png\",\"contentUrl\":\"https:\\\/\\\/memurunsesi.net\\\/wp-content\\\/uploads\\\/2025\\\/11\\\/cropped-MEMURUN-SESI.png\",\"width\":238,\"height\":57,\"caption\":\"Memurun Sesi\"},\"image\":{\"@id\":\"https:\\\/\\\/memurunsesi.net\\\/#\\\/schema\\\/logo\\\/image\\\/\"},\"sameAs\":[\"https:\\\/\\\/www.facebook.com\\\/unipersen\\\/?locale=tr_TR\",\"https:\\\/\\\/x.com\\\/unipersen\"]},{\"@type\":\"Person\",\"@id\":\"https:\\\/\\\/memurunsesi.net\\\/#\\\/schema\\\/person\\\/f21c2d73b89f6ee1d80b0a1803e38587\",\"name\":\"Memurun Sesi Haber Merkezi\",\"image\":{\"@type\":\"ImageObject\",\"inLanguage\":\"tr\",\"@id\":\"https:\\\/\\\/secure.gravatar.com\\\/avatar\\\/6cf0505f452ee753f485014986fab09a434671d2b919ee76fc541025c5876a70?s=96&d=mm&r=g\",\"url\":\"https:\\\/\\\/secure.gravatar.com\\\/avatar\\\/6cf0505f452ee753f485014986fab09a434671d2b919ee76fc541025c5876a70?s=96&d=mm&r=g\",\"contentUrl\":\"https:\\\/\\\/secure.gravatar.com\\\/avatar\\\/6cf0505f452ee753f485014986fab09a434671d2b919ee76fc541025c5876a70?s=96&d=mm&r=g\",\"caption\":\"Memurun Sesi Haber Merkezi\"},\"sameAs\":[\"https:\\\/\\\/memurunsesi.net\"],\"url\":\"https:\\\/\\\/memurunsesi.net\\\/index.php\\\/author\\\/uniper\\\/\"}]}<\/script>\n<!-- \/ Yoast SEO plugin. -->","yoast_head_json":{"title":"\u015eanl\u0131urfa\u2019da Gizli Buzlanma Kazaya Neden Oldu: 7 \u0130\u015f\u00e7i Yaraland\u0131 - Memurun Sesi","description":"\u015eanl\u0131urfa\u00b4da gizli buzlanma nedeniyle yolda \u00e7\u0131karak a\u011faca \u00e7arpan i\u015f\u00e7i servisindeki 7 ki\u015fi yaraland\u0131.","robots":{"index":"index","follow":"follow","max-snippet":"max-snippet:-1","max-image-preview":"max-image-preview:large","max-video-preview":"max-video-preview:-1"},"canonical":"https:\/\/memurunsesi.net\/index.php\/2026\/01\/29\/sanliurfada-isci-servisi-agaca-carpti-7-yarali\/","og_locale":"tr_TR","og_type":"article","og_title":"\u015eanl\u0131urfa\u2019da Gizli Buzlanma Kazaya Neden Oldu: 7 \u0130\u015f\u00e7i Yaraland\u0131 - Memurun Sesi","og_description":"\u015eanl\u0131urfa\u00b4da gizli buzlanma nedeniyle yolda \u00e7\u0131karak a\u011faca \u00e7arpan i\u015f\u00e7i servisindeki 7 ki\u015fi yaraland\u0131.","og_url":"https:\/\/memurunsesi.net\/index.php\/2026\/01\/29\/sanliurfada-isci-servisi-agaca-carpti-7-yarali\/","og_site_name":"Memurun Sesi","article_publisher":"https:\/\/www.facebook.com\/unipersen\/?locale=tr_TR","article_published_time":"2026-01-29T06:39:27+00:00","article_modified_time":"2026-01-29T13:07:41+00:00","og_image":[{"width":1600,"height":1200,"url":"https:\/\/memurunsesi.net\/wp-content\/uploads\/2026\/01\/buzlanma.jpg","type":"image\/jpeg"}],"author":"Memurun Sesi Haber Merkezi","twitter_card":"summary_large_image","twitter_creator":"@unipersen","twitter_site":"@unipersen","twitter_misc":{"Yazan:":"Memurun Sesi Haber Merkezi","Tahmini okuma s\u00fcresi":"1 dakika"},"schema":{"@context":"https:\/\/schema.org","@graph":[{"@type":"Article","@id":"https:\/\/memurunsesi.net\/index.php\/2026\/01\/29\/sanliurfada-isci-servisi-agaca-carpti-7-yarali\/#article","isPartOf":{"@id":"https:\/\/memurunsesi.net\/index.php\/2026\/01\/29\/sanliurfada-isci-servisi-agaca-carpti-7-yarali\/"},"author":{"name":"Memurun Sesi Haber Merkezi","@id":"https:\/\/memurunsesi.net\/#\/schema\/person\/f21c2d73b89f6ee1d80b0a1803e38587"},"headline":"\u015eanl\u0131urfa\u2019da Gizli Buzlanma Kazaya Neden Oldu: 7 \u0130\u015f\u00e7i Yaraland\u0131","datePublished":"2026-01-29T06:39:27+00:00","dateModified":"2026-01-29T13:07:41+00:00","mainEntityOfPage":{"@id":"https:\/\/memurunsesi.net\/index.php\/2026\/01\/29\/sanliurfada-isci-servisi-agaca-carpti-7-yarali\/"},"wordCount":135,"commentCount":0,"publisher":{"@id":"https:\/\/memurunsesi.net\/#organization"},"image":{"@id":"https:\/\/memurunsesi.net\/index.php\/2026\/01\/29\/sanliurfada-isci-servisi-agaca-carpti-7-yarali\/#primaryimage"},"thumbnailUrl":"https:\/\/memurunsesi.net\/wp-content\/uploads\/2026\/01\/buzlanma.jpg","keywords":["Buzlanma kazalar\u0131 da beraberinde getirdi"],"inLanguage":"tr","potentialAction":[{"@type":"CommentAction","name":"Comment","target":["https:\/\/memurunsesi.net\/index.php\/2026\/01\/29\/sanliurfada-isci-servisi-agaca-carpti-7-yarali\/#respond"]}]},{"@type":"WebPage","@id":"https:\/\/memurunsesi.net\/index.php\/2026\/01\/29\/sanliurfada-isci-servisi-agaca-carpti-7-yarali\/","url":"https:\/\/memurunsesi.net\/index.php\/2026\/01\/29\/sanliurfada-isci-servisi-agaca-carpti-7-yarali\/","name":"\u015eanl\u0131urfa\u2019da Gizli Buzlanma Kazaya Neden Oldu: 7 \u0130\u015f\u00e7i Yaraland\u0131 - Memurun Sesi","isPartOf":{"@id":"https:\/\/memurunsesi.net\/#website"},"primaryImageOfPage":{"@id":"https:\/\/memurunsesi.net\/index.php\/2026\/01\/29\/sanliurfada-isci-servisi-agaca-carpti-7-yarali\/#primaryimage"},"image":{"@id":"https:\/\/memurunsesi.net\/index.php\/2026\/01\/29\/sanliurfada-isci-servisi-agaca-carpti-7-yarali\/#primaryimage"},"thumbnailUrl":"https:\/\/memurunsesi.net\/wp-content\/uploads\/2026\/01\/buzlanma.jpg","datePublished":"2026-01-29T06:39:27+00:00","dateModified":"2026-01-29T13:07:41+00:00","description":"\u015eanl\u0131urfa\u00b4da gizli buzlanma nedeniyle yolda \u00e7\u0131karak a\u011faca \u00e7arpan i\u015f\u00e7i servisindeki 7 ki\u015fi yaraland\u0131.","breadcrumb":{"@id":"https:\/\/memurunsesi.net\/index.php\/2026\/01\/29\/sanliurfada-isci-servisi-agaca-carpti-7-yarali\/#breadcrumb"},"inLanguage":"tr","potentialAction":[{"@type":"ReadAction","target":["https:\/\/memurunsesi.net\/index.php\/2026\/01\/29\/sanliurfada-isci-servisi-agaca-carpti-7-yarali\/"]}]},{"@type":"ImageObject","inLanguage":"tr","@id":"https:\/\/memurunsesi.net\/index.php\/2026\/01\/29\/sanliurfada-isci-servisi-agaca-carpti-7-yarali\/#primaryimage","url":"https:\/\/memurunsesi.net\/wp-content\/uploads\/2026\/01\/buzlanma.jpg","contentUrl":"https:\/\/memurunsesi.net\/wp-content\/uploads\/2026\/01\/buzlanma.jpg","width":1600,"height":1200,"caption":"\u015eANLIURFA'DA G\u0130ZL\u0130 BUZLANMA NEDEN\u0130YLE YOLDA \u00c7IKARAK A\u011eACA \u00c7ARPAN \u0130\u015e\u00c7\u0130 SERV\u0130S\u0130NDEK\u0130 7 K\u0130\u015e\u0130 YARALANDI. (BEK\u0130R \u015eEYHANLI\/\u015eANLIURFA-\u0130HA) \u015eanl\u0131urfa'da gizli buzlanma nedeniyle yolda \u00e7\u0131karak a\u011faca \u00e7arpan i\u015f\u00e7i servisindeki 7 ki\u015fi yaraland\u0131."},{"@type":"BreadcrumbList","@id":"https:\/\/memurunsesi.net\/index.php\/2026\/01\/29\/sanliurfada-isci-servisi-agaca-carpti-7-yarali\/#breadcrumb","itemListElement":[{"@type":"ListItem","position":1,"name":"Anasayfa","item":"https:\/\/memurunsesi.net\/"},{"@type":"ListItem","position":2,"name":"\u015eanl\u0131urfa\u2019da Gizli Buzlanma Kazaya Neden Oldu: 7 \u0130\u015f\u00e7i Yaraland\u0131"}]},{"@type":"WebSite","@id":"https:\/\/memurunsesi.net\/#website","url":"https:\/\/memurunsesi.net\/","name":"Memurun Sesi","description":"G\u00fcncel ve Do\u011fru Haber","publisher":{"@id":"https:\/\/memurunsesi.net\/#organization"},"potentialAction":[{"@type":"SearchAction","target":{"@type":"EntryPoint","urlTemplate":"https:\/\/memurunsesi.net\/?s={search_term_string}"},"query-input":{"@type":"PropertyValueSpecification","valueRequired":true,"valueName":"search_term_string"}}],"inLanguage":"tr"},{"@type":"Organization","@id":"https:\/\/memurunsesi.net\/#organization","name":"Memurun Sesi","url":"https:\/\/memurunsesi.net\/","logo":{"@type":"ImageObject","inLanguage":"tr","@id":"https:\/\/memurunsesi.net\/#\/schema\/logo\/image\/","url":"https:\/\/memurunsesi.net\/wp-content\/uploads\/2025\/11\/cropped-MEMURUN-SESI.png","contentUrl":"https:\/\/memurunsesi.net\/wp-content\/uploads\/2025\/11\/cropped-MEMURUN-SESI.png","width":238,"height":57,"caption":"Memurun Sesi"},"image":{"@id":"https:\/\/memurunsesi.net\/#\/schema\/logo\/image\/"},"sameAs":["https:\/\/www.facebook.com\/unipersen\/?locale=tr_TR","https:\/\/x.com\/unipersen"]},{"@type":"Person","@id":"https:\/\/memurunsesi.net\/#\/schema\/person\/f21c2d73b89f6ee1d80b0a1803e38587","name":"Memurun Sesi Haber Merkezi","image":{"@type":"ImageObject","inLanguage":"tr","@id":"https:\/\/secure.gravatar.com\/avatar\/6cf0505f452ee753f485014986fab09a434671d2b919ee76fc541025c5876a70?s=96&d=mm&r=g","url":"https:\/\/secure.gravatar.com\/avatar\/6cf0505f452ee753f485014986fab09a434671d2b919ee76fc541025c5876a70?s=96&d=mm&r=g","contentUrl":"https:\/\/secure.gravatar.com\/avatar\/6cf0505f452ee753f485014986fab09a434671d2b919ee76fc541025c5876a70?s=96&d=mm&r=g","caption":"Memurun Sesi Haber Merkezi"},"sameAs":["https:\/\/memurunsesi.net"],"url":"https:\/\/memurunsesi.net\/index.php\/author\/uniper\/"}]}},"_links":{"self":[{"href":"https:\/\/memurunsesi.net\/index.php\/wp-json\/wp\/v2\/posts\/16935","targetHints":{"allow":["GET"]}}],"collection":[{"href":"https:\/\/memurunsesi.net\/index.php\/wp-json\/wp\/v2\/posts"}],"about":[{"href":"https:\/\/memurunsesi.net\/index.php\/wp-json\/wp\/v2\/types\/post"}],"author":[{"embeddable":true,"href":"https:\/\/memurunsesi.net\/index.php\/wp-json\/wp\/v2\/users\/1"}],"replies":[{"embeddable":true,"href":"https:\/\/memurunsesi.net\/index.php\/wp-json\/wp\/v2\/comments?post=16935"}],"version-history":[{"count":2,"href":"https:\/\/memurunsesi.net\/index.php\/wp-json\/wp\/v2\/posts\/16935\/revisions"}],"predecessor-version":[{"id":16959,"href":"https:\/\/memurunsesi.net\/index.php\/wp-json\/wp\/v2\/posts\/16935\/revisions\/16959"}],"wp:featuredmedia":[{"embeddable":true,"href":"https:\/\/memurunsesi.net\/index.php\/wp-json\/wp\/v2\/media\/16936"}],"wp:attachment":[{"href":"https:\/\/memurunsesi.net\/index.php\/wp-json\/wp\/v2\/media?parent=16935"}],"wp:term":[{"taxonomy":"category","embeddable":true,"href":"https:\/\/memurunsesi.net\/index.php\/wp-json\/wp\/v2\/categories?post=16935"},{"taxonomy":"post_tag","embeddable":true,"href":"https:\/\/memurunsesi.net\/index.php\/wp-json\/wp\/v2\/tags?post=16935"}],"curies":[{"name":"wp","href":"https:\/\/api.w.org\/{rel}","templated":true}]}}