{"id":16938,"date":"2026-01-29T09:55:19","date_gmt":"2026-01-29T06:55:19","guid":{"rendered":"https:\/\/memurunsesi.net\/?p=16938"},"modified":"2026-01-29T09:55:19","modified_gmt":"2026-01-29T06:55:19","slug":"yokten-universiteler-icin-yeni-bolum-program-acma-duyurusu","status":"publish","type":"post","link":"https:\/\/memurunsesi.net\/index.php\/2026\/01\/29\/yokten-universiteler-icin-yeni-bolum-program-acma-duyurusu\/","title":{"rendered":"Y\u00d6K\u2019ten \u00dcniversiteler \u0130\u00e7in Yeni B\u00f6l\u00fcm\/Program A\u00e7ma Duyurusu!"},"content":{"rendered":"<p><strong>Son G\u00fcn 8 \u015eubat<\/strong><\/p>\n<p>Y\u00fcksek\u00f6\u011fretim Kurulu (Y\u00d6K), \u00fcniversitelerin yeni b\u00f6l\u00fcm, anabilim dal\u0131 ve program a\u00e7ma taleplerine ili\u015fkin takvimi duyurdu. Yap\u0131lan resmi a\u00e7\u0131klamaya g\u00f6re, akademik birimlerin geni\u015fletilmesi i\u00e7in ba\u015fvurular dijital sistem \u00fczerinden 8 \u015eubat\u2019a kadar yap\u0131labilecek.<\/p>\n<p>Y\u00fcksek\u00f6\u011fretim Kurulu Ba\u015fkanl\u0131\u011f\u0131 E\u011fitim-\u00d6\u011fretim Dairesi Ba\u015fkanl\u0131\u011f\u0131 taraf\u0131ndan &#8220;G\u00fcnl\u00fcd\u00fcr&#8221; ibaresiyle yay\u0131mlanan resmi yaz\u0131da, \u00fcniversitelerdeki akademik yap\u0131lanma s\u00fcre\u00e7lerine dair \u00f6nemli detaylara yer verildi. Prof. Dr. Naci G\u00fcndo\u011fan imzal\u0131 duyuruda, y\u00fcksek\u00f6\u011fretim kurumlar\u0131n\u0131n b\u00fcy\u00fcme taleplerinin de\u011ferlendirme s\u00fcreci ba\u015flat\u0131ld\u0131.<\/p>\n<p><strong>Ba\u015fvurular Sadece Dijital Sistem \u00dczerinden Yap\u0131lacak<\/strong><\/p>\n<p>Haber kaynaklar\u0131na ula\u015fan bilgilere g\u00f6re, fak\u00fclte, y\u00fcksekokul ve konservatuvarlar b\u00fcnyesinde a\u00e7\u0131lacak b\u00f6l\u00fcmler ile meslek y\u00fcksekokullar\u0131ndaki \u00f6nlisans programlar\u0131 i\u00e7in taleplerin tamam\u0131 dijital ortamda toplanacak. Y\u00d6K, ba\u015fvuru kanal\u0131 olarak yaln\u0131zca Y\u00fcksek\u00f6\u011fretim Bilgi Sistemi (Y\u00d6KS\u0130S) \/ Akademik Birim A\u011fac\u0131 Y\u00f6netim Sistemi (ABAYS) veri taban\u0131n\u0131 adres g\u00f6sterdi.<\/p>\n<p><strong>8 \u015eubat Gece Yar\u0131s\u0131na Kadar S\u00fcre Tan\u0131nd\u0131<\/strong><\/p>\n<p>\u00dcniversitelerin yeni program a\u00e7ma taleplerini iletmeleri i\u00e7in belirlenen takvim \u015fu \u015fekilde:<\/p>\n<p>Son Tarih: 8 \u015eubat 2026, Pazar.<\/p>\n<p>Saat S\u0131n\u0131r\u0131: 23.59.<\/p>\n<p>Kapsam\u0131: B\u00f6l\u00fcm, Anabilim Dal\u0131, Anasanat Dal\u0131 ve \u00d6nlisans programlar\u0131.<\/p>\n<p>Y\u00d6K\u2019ten Uyar\u0131: Manuel Ba\u015fvurular Ge\u00e7ersiz Say\u0131lacak<\/p>\n<p>Ba\u015fkanl\u0131k taraf\u0131ndan yap\u0131lan uyar\u0131da, Y\u00d6KS\u0130S\/ABAYS veri taban\u0131 haricinde yap\u0131lacak olan ba\u015fvurular\u0131n hi\u00e7bir \u015fekilde i\u015fleme al\u0131nmayaca\u011f\u0131 vurguland\u0131. Bu ad\u0131m\u0131n, akademik s\u00fcre\u00e7lerin daha \u015feffaf ve h\u0131zl\u0131 y\u00fcr\u00fct\u00fclmesi amac\u0131yla at\u0131ld\u0131\u011f\u0131 ifade edildi.<\/p>\n<p>S\u00f6z konusu talimatnamenin, t\u00fcm \u00fcniversite rekt\u00f6rl\u00fcklerine ve ilgili daire ba\u015fkanl\u0131klar\u0131na 22 Ocak 2026 tarihi itibar\u0131yla tebli\u011f edildi\u011fi \u00f6\u011frenildi.<\/p>\n<p>Erhan ARAN<\/p>\n<p>29.01.2026<\/p>\n","protected":false},"excerpt":{"rendered":"<p>Son G\u00fcn 8 \u015eubat Y\u00fcksek\u00f6\u011fretim Kurulu (Y\u00d6K), \u00fcniversitelerin yeni b\u00f6l\u00fcm, anabilim dal\u0131 ve program a\u00e7ma taleplerine ili\u015fkin takvimi duyurdu. Yap\u0131lan resmi a\u00e7\u0131klamaya g\u00f6re, akademik birimlerin geni\u015fletilmesi i\u00e7in ba\u015fvurular dijital sistem \u00fczerinden 8 \u015eubat\u2019a kadar yap\u0131labilecek. Y\u00fcksek\u00f6\u011fretim Kurulu Ba\u015fkanl\u0131\u011f\u0131 E\u011fitim-\u00d6\u011fretim Dairesi Ba\u015fkanl\u0131\u011f\u0131 taraf\u0131ndan &#8220;G\u00fcnl\u00fcd\u00fcr&#8221; ibaresiyle yay\u0131mlanan resmi yaz\u0131da, \u00fcniversitelerdeki akademik yap\u0131lanma s\u00fcre\u00e7lerine dair \u00f6nemli detaylara yer [&hellip;]<\/p>\n","protected":false},"author":1,"featured_media":14187,"comment_status":"open","ping_status":"open","sticky":false,"template":"","format":"standard","meta":{"footnotes":""},"categories":[49,47],"tags":[997,996],"class_list":["post-16938","post","type-post","status-publish","format-standard","has-post-thumbnail","hentry","category-kose-yazilari","category-universiteden-haberler","tag-program-acma-duyurusu","tag-yeni-bolum"],"yoast_head":"<!-- This site is optimized with the Yoast SEO plugin v27.4 - https:\/\/yoast.com\/product\/yoast-seo-wordpress\/ -->\n<title>Y\u00d6K\u2019ten \u00dcniversiteler \u0130\u00e7in Yeni B\u00f6l\u00fcm\/Program A\u00e7ma Duyurusu! - Memurun Sesi<\/title>\n<meta name=\"description\" content=\"Y\u00fcksek\u00f6\u011fretim Kurulu (Y\u00d6K), \u00fcniversitelerin yeni b\u00f6l\u00fcm, anabilim dal\u0131 ve program a\u00e7ma taleplerine ili\u015fkin takvimi duyurdu. Yap\u0131lan resmi a\u00e7\u0131klamaya g\u00f6re, akademik birimlerin geni\u015fletilmesi i\u00e7in ba\u015fvurular dijital sistem \u00fczerinden 8 \u015eubat\u2019a kadar yap\u0131labilecek.\" \/>\n<meta name=\"robots\" content=\"index, follow, max-snippet:-1, max-image-preview:large, max-video-preview:-1\" \/>\n<link rel=\"canonical\" href=\"https:\/\/memurunsesi.net\/index.php\/2026\/01\/29\/yokten-universiteler-icin-yeni-bolum-program-acma-duyurusu\/\" \/>\n<meta property=\"og:locale\" content=\"tr_TR\" \/>\n<meta property=\"og:type\" content=\"article\" \/>\n<meta property=\"og:title\" content=\"Y\u00d6K\u2019ten \u00dcniversiteler \u0130\u00e7in Yeni B\u00f6l\u00fcm\/Program A\u00e7ma Duyurusu! - Memurun Sesi\" \/>\n<meta property=\"og:description\" content=\"Y\u00fcksek\u00f6\u011fretim Kurulu (Y\u00d6K), \u00fcniversitelerin yeni b\u00f6l\u00fcm, anabilim dal\u0131 ve program a\u00e7ma taleplerine ili\u015fkin takvimi duyurdu. Yap\u0131lan resmi a\u00e7\u0131klamaya g\u00f6re, akademik birimlerin geni\u015fletilmesi i\u00e7in ba\u015fvurular dijital sistem \u00fczerinden 8 \u015eubat\u2019a kadar yap\u0131labilecek.\" \/>\n<meta property=\"og:url\" content=\"https:\/\/memurunsesi.net\/index.php\/2026\/01\/29\/yokten-universiteler-icin-yeni-bolum-program-acma-duyurusu\/\" \/>\n<meta property=\"og:site_name\" content=\"Memurun Sesi\" \/>\n<meta property=\"article:publisher\" content=\"https:\/\/www.facebook.com\/unipersen\/?locale=tr_TR\" \/>\n<meta property=\"article:published_time\" content=\"2026-01-29T06:55:19+00:00\" \/>\n<meta property=\"og:image\" content=\"https:\/\/memurunsesi.net\/wp-content\/uploads\/2025\/11\/UNIVERSITE-scaled.jpg\" \/>\n\t<meta property=\"og:image:width\" content=\"2560\" \/>\n\t<meta property=\"og:image:height\" content=\"1707\" \/>\n\t<meta property=\"og:image:type\" content=\"image\/jpeg\" \/>\n<meta name=\"author\" content=\"Memurun Sesi Haber Merkezi\" \/>\n<meta name=\"twitter:card\" content=\"summary_large_image\" \/>\n<meta name=\"twitter:creator\" content=\"@unipersen\" \/>\n<meta name=\"twitter:site\" content=\"@unipersen\" \/>\n<meta name=\"twitter:label1\" content=\"Yazan:\" \/>\n\t<meta name=\"twitter:data1\" content=\"Memurun Sesi Haber Merkezi\" \/>\n\t<meta name=\"twitter:label2\" content=\"Tahmini okuma s\u00fcresi\" \/>\n\t<meta name=\"twitter:data2\" content=\"2 dakika\" \/>\n<script type=\"application\/ld+json\" class=\"yoast-schema-graph\">{\"@context\":\"https:\\\/\\\/schema.org\",\"@graph\":[{\"@type\":\"Article\",\"@id\":\"https:\\\/\\\/memurunsesi.net\\\/index.php\\\/2026\\\/01\\\/29\\\/yokten-universiteler-icin-yeni-bolum-program-acma-duyurusu\\\/#article\",\"isPartOf\":{\"@id\":\"https:\\\/\\\/memurunsesi.net\\\/index.php\\\/2026\\\/01\\\/29\\\/yokten-universiteler-icin-yeni-bolum-program-acma-duyurusu\\\/\"},\"author\":{\"name\":\"Memurun Sesi Haber Merkezi\",\"@id\":\"https:\\\/\\\/memurunsesi.net\\\/#\\\/schema\\\/person\\\/f21c2d73b89f6ee1d80b0a1803e38587\"},\"headline\":\"Y\u00d6K\u2019ten \u00dcniversiteler \u0130\u00e7in Yeni B\u00f6l\u00fcm\\\/Program A\u00e7ma Duyurusu!\",\"datePublished\":\"2026-01-29T06:55:19+00:00\",\"mainEntityOfPage\":{\"@id\":\"https:\\\/\\\/memurunsesi.net\\\/index.php\\\/2026\\\/01\\\/29\\\/yokten-universiteler-icin-yeni-bolum-program-acma-duyurusu\\\/\"},\"wordCount\":329,\"commentCount\":0,\"publisher\":{\"@id\":\"https:\\\/\\\/memurunsesi.net\\\/#organization\"},\"image\":{\"@id\":\"https:\\\/\\\/memurunsesi.net\\\/index.php\\\/2026\\\/01\\\/29\\\/yokten-universiteler-icin-yeni-bolum-program-acma-duyurusu\\\/#primaryimage\"},\"thumbnailUrl\":\"https:\\\/\\\/memurunsesi.net\\\/wp-content\\\/uploads\\\/2025\\\/11\\\/UNIVERSITE-scaled.jpg\",\"keywords\":[\"Program A\u00e7ma Duyurusu\",\"Yeni B\u00f6l\u00fcm\"],\"articleSection\":[\"K\u00f6\u015fe Yaz\u0131lar\u0131\",\"\u00dcniversiteden Haberler\"],\"inLanguage\":\"tr\",\"potentialAction\":[{\"@type\":\"CommentAction\",\"name\":\"Comment\",\"target\":[\"https:\\\/\\\/memurunsesi.net\\\/index.php\\\/2026\\\/01\\\/29\\\/yokten-universiteler-icin-yeni-bolum-program-acma-duyurusu\\\/#respond\"]}]},{\"@type\":\"WebPage\",\"@id\":\"https:\\\/\\\/memurunsesi.net\\\/index.php\\\/2026\\\/01\\\/29\\\/yokten-universiteler-icin-yeni-bolum-program-acma-duyurusu\\\/\",\"url\":\"https:\\\/\\\/memurunsesi.net\\\/index.php\\\/2026\\\/01\\\/29\\\/yokten-universiteler-icin-yeni-bolum-program-acma-duyurusu\\\/\",\"name\":\"Y\u00d6K\u2019ten \u00dcniversiteler \u0130\u00e7in Yeni B\u00f6l\u00fcm\\\/Program A\u00e7ma Duyurusu! - Memurun Sesi\",\"isPartOf\":{\"@id\":\"https:\\\/\\\/memurunsesi.net\\\/#website\"},\"primaryImageOfPage\":{\"@id\":\"https:\\\/\\\/memurunsesi.net\\\/index.php\\\/2026\\\/01\\\/29\\\/yokten-universiteler-icin-yeni-bolum-program-acma-duyurusu\\\/#primaryimage\"},\"image\":{\"@id\":\"https:\\\/\\\/memurunsesi.net\\\/index.php\\\/2026\\\/01\\\/29\\\/yokten-universiteler-icin-yeni-bolum-program-acma-duyurusu\\\/#primaryimage\"},\"thumbnailUrl\":\"https:\\\/\\\/memurunsesi.net\\\/wp-content\\\/uploads\\\/2025\\\/11\\\/UNIVERSITE-scaled.jpg\",\"datePublished\":\"2026-01-29T06:55:19+00:00\",\"description\":\"Y\u00fcksek\u00f6\u011fretim Kurulu (Y\u00d6K), \u00fcniversitelerin yeni b\u00f6l\u00fcm, anabilim dal\u0131 ve program a\u00e7ma taleplerine ili\u015fkin takvimi duyurdu. Yap\u0131lan resmi a\u00e7\u0131klamaya g\u00f6re, akademik birimlerin geni\u015fletilmesi i\u00e7in ba\u015fvurular dijital sistem \u00fczerinden 8 \u015eubat\u2019a kadar yap\u0131labilecek.\",\"breadcrumb\":{\"@id\":\"https:\\\/\\\/memurunsesi.net\\\/index.php\\\/2026\\\/01\\\/29\\\/yokten-universiteler-icin-yeni-bolum-program-acma-duyurusu\\\/#breadcrumb\"},\"inLanguage\":\"tr\",\"potentialAction\":[{\"@type\":\"ReadAction\",\"target\":[\"https:\\\/\\\/memurunsesi.net\\\/index.php\\\/2026\\\/01\\\/29\\\/yokten-universiteler-icin-yeni-bolum-program-acma-duyurusu\\\/\"]}]},{\"@type\":\"ImageObject\",\"inLanguage\":\"tr\",\"@id\":\"https:\\\/\\\/memurunsesi.net\\\/index.php\\\/2026\\\/01\\\/29\\\/yokten-universiteler-icin-yeni-bolum-program-acma-duyurusu\\\/#primaryimage\",\"url\":\"https:\\\/\\\/memurunsesi.net\\\/wp-content\\\/uploads\\\/2025\\\/11\\\/UNIVERSITE-scaled.jpg\",\"contentUrl\":\"https:\\\/\\\/memurunsesi.net\\\/wp-content\\\/uploads\\\/2025\\\/11\\\/UNIVERSITE-scaled.jpg\",\"width\":2560,\"height\":1707,\"caption\":\"Y\u00dcKSEK\u00d6\u011eRET\u0130M KURULU BA\u015eKANI EROL \u00d6ZVAR, \u0130STEYEN VE BA\u015eARILI OLAN \u00d6\u011eRENC\u0130LER\u0130N \u00dcN\u0130VERS\u0130TEY\u0130 \u00dc\u00c7 YILDA B\u0130T\u0130REB\u0130LMELER\u0130NE \u0130MKAN SA\u011eLAYACAK D\u00dcZENLEMEN\u0130N \u00d6N\u00dcM\u00dcZDEK\u0130 YILDAN\u0130T\u0130BAREN HAYATA GE\u00c7\u0130R\u0130LECE\u011e\u0130N\u0130 A\u00c7IKLADI. (MUSA ERDO\u011eAN\\\/ANKARA-\u0130HA) Y\u00fcksek\u00f6\u011fretim Kurulu (Y\u00d6K) Ba\u015fkan\u0131 Erol \u00d6zvar, isteyen ve ba\u015far\u0131l\u0131 olan \u00f6\u011frencilerin \u00fcniversiteyi 3 y\u0131lda bitirebilmelerine imkan sa\u011flayacak d\u00fczenlemenin \u00f6n\u00fcm\u00fczdeki y\u0131ldan itibaren hayata ge\u00e7irilece\u011fini a\u00e7\u0131klad\u0131.\"},{\"@type\":\"BreadcrumbList\",\"@id\":\"https:\\\/\\\/memurunsesi.net\\\/index.php\\\/2026\\\/01\\\/29\\\/yokten-universiteler-icin-yeni-bolum-program-acma-duyurusu\\\/#breadcrumb\",\"itemListElement\":[{\"@type\":\"ListItem\",\"position\":1,\"name\":\"Anasayfa\",\"item\":\"https:\\\/\\\/memurunsesi.net\\\/\"},{\"@type\":\"ListItem\",\"position\":2,\"name\":\"Y\u00d6K\u2019ten \u00dcniversiteler \u0130\u00e7in Yeni B\u00f6l\u00fcm\\\/Program A\u00e7ma Duyurusu!\"}]},{\"@type\":\"WebSite\",\"@id\":\"https:\\\/\\\/memurunsesi.net\\\/#website\",\"url\":\"https:\\\/\\\/memurunsesi.net\\\/\",\"name\":\"Memurun Sesi\",\"description\":\"G\u00fcncel ve Do\u011fru Haber\",\"publisher\":{\"@id\":\"https:\\\/\\\/memurunsesi.net\\\/#organization\"},\"potentialAction\":[{\"@type\":\"SearchAction\",\"target\":{\"@type\":\"EntryPoint\",\"urlTemplate\":\"https:\\\/\\\/memurunsesi.net\\\/?s={search_term_string}\"},\"query-input\":{\"@type\":\"PropertyValueSpecification\",\"valueRequired\":true,\"valueName\":\"search_term_string\"}}],\"inLanguage\":\"tr\"},{\"@type\":\"Organization\",\"@id\":\"https:\\\/\\\/memurunsesi.net\\\/#organization\",\"name\":\"Memurun Sesi\",\"url\":\"https:\\\/\\\/memurunsesi.net\\\/\",\"logo\":{\"@type\":\"ImageObject\",\"inLanguage\":\"tr\",\"@id\":\"https:\\\/\\\/memurunsesi.net\\\/#\\\/schema\\\/logo\\\/image\\\/\",\"url\":\"https:\\\/\\\/memurunsesi.net\\\/wp-content\\\/uploads\\\/2025\\\/11\\\/cropped-MEMURUN-SESI.png\",\"contentUrl\":\"https:\\\/\\\/memurunsesi.net\\\/wp-content\\\/uploads\\\/2025\\\/11\\\/cropped-MEMURUN-SESI.png\",\"width\":238,\"height\":57,\"caption\":\"Memurun Sesi\"},\"image\":{\"@id\":\"https:\\\/\\\/memurunsesi.net\\\/#\\\/schema\\\/logo\\\/image\\\/\"},\"sameAs\":[\"https:\\\/\\\/www.facebook.com\\\/unipersen\\\/?locale=tr_TR\",\"https:\\\/\\\/x.com\\\/unipersen\"]},{\"@type\":\"Person\",\"@id\":\"https:\\\/\\\/memurunsesi.net\\\/#\\\/schema\\\/person\\\/f21c2d73b89f6ee1d80b0a1803e38587\",\"name\":\"Memurun Sesi Haber Merkezi\",\"image\":{\"@type\":\"ImageObject\",\"inLanguage\":\"tr\",\"@id\":\"https:\\\/\\\/secure.gravatar.com\\\/avatar\\\/6cf0505f452ee753f485014986fab09a434671d2b919ee76fc541025c5876a70?s=96&d=mm&r=g\",\"url\":\"https:\\\/\\\/secure.gravatar.com\\\/avatar\\\/6cf0505f452ee753f485014986fab09a434671d2b919ee76fc541025c5876a70?s=96&d=mm&r=g\",\"contentUrl\":\"https:\\\/\\\/secure.gravatar.com\\\/avatar\\\/6cf0505f452ee753f485014986fab09a434671d2b919ee76fc541025c5876a70?s=96&d=mm&r=g\",\"caption\":\"Memurun Sesi Haber Merkezi\"},\"sameAs\":[\"https:\\\/\\\/memurunsesi.net\"],\"url\":\"https:\\\/\\\/memurunsesi.net\\\/index.php\\\/author\\\/uniper\\\/\"}]}<\/script>\n<!-- \/ Yoast SEO plugin. -->","yoast_head_json":{"title":"Y\u00d6K\u2019ten \u00dcniversiteler \u0130\u00e7in Yeni B\u00f6l\u00fcm\/Program A\u00e7ma Duyurusu! - Memurun Sesi","description":"Y\u00fcksek\u00f6\u011fretim Kurulu (Y\u00d6K), \u00fcniversitelerin yeni b\u00f6l\u00fcm, anabilim dal\u0131 ve program a\u00e7ma taleplerine ili\u015fkin takvimi duyurdu. Yap\u0131lan resmi a\u00e7\u0131klamaya g\u00f6re, akademik birimlerin geni\u015fletilmesi i\u00e7in ba\u015fvurular dijital sistem \u00fczerinden 8 \u015eubat\u2019a kadar yap\u0131labilecek.","robots":{"index":"index","follow":"follow","max-snippet":"max-snippet:-1","max-image-preview":"max-image-preview:large","max-video-preview":"max-video-preview:-1"},"canonical":"https:\/\/memurunsesi.net\/index.php\/2026\/01\/29\/yokten-universiteler-icin-yeni-bolum-program-acma-duyurusu\/","og_locale":"tr_TR","og_type":"article","og_title":"Y\u00d6K\u2019ten \u00dcniversiteler \u0130\u00e7in Yeni B\u00f6l\u00fcm\/Program A\u00e7ma Duyurusu! - Memurun Sesi","og_description":"Y\u00fcksek\u00f6\u011fretim Kurulu (Y\u00d6K), \u00fcniversitelerin yeni b\u00f6l\u00fcm, anabilim dal\u0131 ve program a\u00e7ma taleplerine ili\u015fkin takvimi duyurdu. Yap\u0131lan resmi a\u00e7\u0131klamaya g\u00f6re, akademik birimlerin geni\u015fletilmesi i\u00e7in ba\u015fvurular dijital sistem \u00fczerinden 8 \u015eubat\u2019a kadar yap\u0131labilecek.","og_url":"https:\/\/memurunsesi.net\/index.php\/2026\/01\/29\/yokten-universiteler-icin-yeni-bolum-program-acma-duyurusu\/","og_site_name":"Memurun Sesi","article_publisher":"https:\/\/www.facebook.com\/unipersen\/?locale=tr_TR","article_published_time":"2026-01-29T06:55:19+00:00","og_image":[{"width":2560,"height":1707,"url":"https:\/\/memurunsesi.net\/wp-content\/uploads\/2025\/11\/UNIVERSITE-scaled.jpg","type":"image\/jpeg"}],"author":"Memurun Sesi Haber Merkezi","twitter_card":"summary_large_image","twitter_creator":"@unipersen","twitter_site":"@unipersen","twitter_misc":{"Yazan:":"Memurun Sesi Haber Merkezi","Tahmini okuma s\u00fcresi":"2 dakika"},"schema":{"@context":"https:\/\/schema.org","@graph":[{"@type":"Article","@id":"https:\/\/memurunsesi.net\/index.php\/2026\/01\/29\/yokten-universiteler-icin-yeni-bolum-program-acma-duyurusu\/#article","isPartOf":{"@id":"https:\/\/memurunsesi.net\/index.php\/2026\/01\/29\/yokten-universiteler-icin-yeni-bolum-program-acma-duyurusu\/"},"author":{"name":"Memurun Sesi Haber Merkezi","@id":"https:\/\/memurunsesi.net\/#\/schema\/person\/f21c2d73b89f6ee1d80b0a1803e38587"},"headline":"Y\u00d6K\u2019ten \u00dcniversiteler \u0130\u00e7in Yeni B\u00f6l\u00fcm\/Program A\u00e7ma Duyurusu!","datePublished":"2026-01-29T06:55:19+00:00","mainEntityOfPage":{"@id":"https:\/\/memurunsesi.net\/index.php\/2026\/01\/29\/yokten-universiteler-icin-yeni-bolum-program-acma-duyurusu\/"},"wordCount":329,"commentCount":0,"publisher":{"@id":"https:\/\/memurunsesi.net\/#organization"},"image":{"@id":"https:\/\/memurunsesi.net\/index.php\/2026\/01\/29\/yokten-universiteler-icin-yeni-bolum-program-acma-duyurusu\/#primaryimage"},"thumbnailUrl":"https:\/\/memurunsesi.net\/wp-content\/uploads\/2025\/11\/UNIVERSITE-scaled.jpg","keywords":["Program A\u00e7ma Duyurusu","Yeni B\u00f6l\u00fcm"],"articleSection":["K\u00f6\u015fe Yaz\u0131lar\u0131","\u00dcniversiteden Haberler"],"inLanguage":"tr","potentialAction":[{"@type":"CommentAction","name":"Comment","target":["https:\/\/memurunsesi.net\/index.php\/2026\/01\/29\/yokten-universiteler-icin-yeni-bolum-program-acma-duyurusu\/#respond"]}]},{"@type":"WebPage","@id":"https:\/\/memurunsesi.net\/index.php\/2026\/01\/29\/yokten-universiteler-icin-yeni-bolum-program-acma-duyurusu\/","url":"https:\/\/memurunsesi.net\/index.php\/2026\/01\/29\/yokten-universiteler-icin-yeni-bolum-program-acma-duyurusu\/","name":"Y\u00d6K\u2019ten \u00dcniversiteler \u0130\u00e7in Yeni B\u00f6l\u00fcm\/Program A\u00e7ma Duyurusu! - Memurun Sesi","isPartOf":{"@id":"https:\/\/memurunsesi.net\/#website"},"primaryImageOfPage":{"@id":"https:\/\/memurunsesi.net\/index.php\/2026\/01\/29\/yokten-universiteler-icin-yeni-bolum-program-acma-duyurusu\/#primaryimage"},"image":{"@id":"https:\/\/memurunsesi.net\/index.php\/2026\/01\/29\/yokten-universiteler-icin-yeni-bolum-program-acma-duyurusu\/#primaryimage"},"thumbnailUrl":"https:\/\/memurunsesi.net\/wp-content\/uploads\/2025\/11\/UNIVERSITE-scaled.jpg","datePublished":"2026-01-29T06:55:19+00:00","description":"Y\u00fcksek\u00f6\u011fretim Kurulu (Y\u00d6K), \u00fcniversitelerin yeni b\u00f6l\u00fcm, anabilim dal\u0131 ve program a\u00e7ma taleplerine ili\u015fkin takvimi duyurdu. Yap\u0131lan resmi a\u00e7\u0131klamaya g\u00f6re, akademik birimlerin geni\u015fletilmesi i\u00e7in ba\u015fvurular dijital sistem \u00fczerinden 8 \u015eubat\u2019a kadar yap\u0131labilecek.","breadcrumb":{"@id":"https:\/\/memurunsesi.net\/index.php\/2026\/01\/29\/yokten-universiteler-icin-yeni-bolum-program-acma-duyurusu\/#breadcrumb"},"inLanguage":"tr","potentialAction":[{"@type":"ReadAction","target":["https:\/\/memurunsesi.net\/index.php\/2026\/01\/29\/yokten-universiteler-icin-yeni-bolum-program-acma-duyurusu\/"]}]},{"@type":"ImageObject","inLanguage":"tr","@id":"https:\/\/memurunsesi.net\/index.php\/2026\/01\/29\/yokten-universiteler-icin-yeni-bolum-program-acma-duyurusu\/#primaryimage","url":"https:\/\/memurunsesi.net\/wp-content\/uploads\/2025\/11\/UNIVERSITE-scaled.jpg","contentUrl":"https:\/\/memurunsesi.net\/wp-content\/uploads\/2025\/11\/UNIVERSITE-scaled.jpg","width":2560,"height":1707,"caption":"Y\u00dcKSEK\u00d6\u011eRET\u0130M KURULU BA\u015eKANI EROL \u00d6ZVAR, \u0130STEYEN VE BA\u015eARILI OLAN \u00d6\u011eRENC\u0130LER\u0130N \u00dcN\u0130VERS\u0130TEY\u0130 \u00dc\u00c7 YILDA B\u0130T\u0130REB\u0130LMELER\u0130NE \u0130MKAN SA\u011eLAYACAK D\u00dcZENLEMEN\u0130N \u00d6N\u00dcM\u00dcZDEK\u0130 YILDAN\u0130T\u0130BAREN HAYATA GE\u00c7\u0130R\u0130LECE\u011e\u0130N\u0130 A\u00c7IKLADI. (MUSA ERDO\u011eAN\/ANKARA-\u0130HA) Y\u00fcksek\u00f6\u011fretim Kurulu (Y\u00d6K) Ba\u015fkan\u0131 Erol \u00d6zvar, isteyen ve ba\u015far\u0131l\u0131 olan \u00f6\u011frencilerin \u00fcniversiteyi 3 y\u0131lda bitirebilmelerine imkan sa\u011flayacak d\u00fczenlemenin \u00f6n\u00fcm\u00fczdeki y\u0131ldan itibaren hayata ge\u00e7irilece\u011fini a\u00e7\u0131klad\u0131."},{"@type":"BreadcrumbList","@id":"https:\/\/memurunsesi.net\/index.php\/2026\/01\/29\/yokten-universiteler-icin-yeni-bolum-program-acma-duyurusu\/#breadcrumb","itemListElement":[{"@type":"ListItem","position":1,"name":"Anasayfa","item":"https:\/\/memurunsesi.net\/"},{"@type":"ListItem","position":2,"name":"Y\u00d6K\u2019ten \u00dcniversiteler \u0130\u00e7in Yeni B\u00f6l\u00fcm\/Program A\u00e7ma Duyurusu!"}]},{"@type":"WebSite","@id":"https:\/\/memurunsesi.net\/#website","url":"https:\/\/memurunsesi.net\/","name":"Memurun Sesi","description":"G\u00fcncel ve Do\u011fru Haber","publisher":{"@id":"https:\/\/memurunsesi.net\/#organization"},"potentialAction":[{"@type":"SearchAction","target":{"@type":"EntryPoint","urlTemplate":"https:\/\/memurunsesi.net\/?s={search_term_string}"},"query-input":{"@type":"PropertyValueSpecification","valueRequired":true,"valueName":"search_term_string"}}],"inLanguage":"tr"},{"@type":"Organization","@id":"https:\/\/memurunsesi.net\/#organization","name":"Memurun Sesi","url":"https:\/\/memurunsesi.net\/","logo":{"@type":"ImageObject","inLanguage":"tr","@id":"https:\/\/memurunsesi.net\/#\/schema\/logo\/image\/","url":"https:\/\/memurunsesi.net\/wp-content\/uploads\/2025\/11\/cropped-MEMURUN-SESI.png","contentUrl":"https:\/\/memurunsesi.net\/wp-content\/uploads\/2025\/11\/cropped-MEMURUN-SESI.png","width":238,"height":57,"caption":"Memurun Sesi"},"image":{"@id":"https:\/\/memurunsesi.net\/#\/schema\/logo\/image\/"},"sameAs":["https:\/\/www.facebook.com\/unipersen\/?locale=tr_TR","https:\/\/x.com\/unipersen"]},{"@type":"Person","@id":"https:\/\/memurunsesi.net\/#\/schema\/person\/f21c2d73b89f6ee1d80b0a1803e38587","name":"Memurun Sesi Haber Merkezi","image":{"@type":"ImageObject","inLanguage":"tr","@id":"https:\/\/secure.gravatar.com\/avatar\/6cf0505f452ee753f485014986fab09a434671d2b919ee76fc541025c5876a70?s=96&d=mm&r=g","url":"https:\/\/secure.gravatar.com\/avatar\/6cf0505f452ee753f485014986fab09a434671d2b919ee76fc541025c5876a70?s=96&d=mm&r=g","contentUrl":"https:\/\/secure.gravatar.com\/avatar\/6cf0505f452ee753f485014986fab09a434671d2b919ee76fc541025c5876a70?s=96&d=mm&r=g","caption":"Memurun Sesi Haber Merkezi"},"sameAs":["https:\/\/memurunsesi.net"],"url":"https:\/\/memurunsesi.net\/index.php\/author\/uniper\/"}]}},"_links":{"self":[{"href":"https:\/\/memurunsesi.net\/index.php\/wp-json\/wp\/v2\/posts\/16938","targetHints":{"allow":["GET"]}}],"collection":[{"href":"https:\/\/memurunsesi.net\/index.php\/wp-json\/wp\/v2\/posts"}],"about":[{"href":"https:\/\/memurunsesi.net\/index.php\/wp-json\/wp\/v2\/types\/post"}],"author":[{"embeddable":true,"href":"https:\/\/memurunsesi.net\/index.php\/wp-json\/wp\/v2\/users\/1"}],"replies":[{"embeddable":true,"href":"https:\/\/memurunsesi.net\/index.php\/wp-json\/wp\/v2\/comments?post=16938"}],"version-history":[{"count":1,"href":"https:\/\/memurunsesi.net\/index.php\/wp-json\/wp\/v2\/posts\/16938\/revisions"}],"predecessor-version":[{"id":16939,"href":"https:\/\/memurunsesi.net\/index.php\/wp-json\/wp\/v2\/posts\/16938\/revisions\/16939"}],"wp:featuredmedia":[{"embeddable":true,"href":"https:\/\/memurunsesi.net\/index.php\/wp-json\/wp\/v2\/media\/14187"}],"wp:attachment":[{"href":"https:\/\/memurunsesi.net\/index.php\/wp-json\/wp\/v2\/media?parent=16938"}],"wp:term":[{"taxonomy":"category","embeddable":true,"href":"https:\/\/memurunsesi.net\/index.php\/wp-json\/wp\/v2\/categories?post=16938"},{"taxonomy":"post_tag","embeddable":true,"href":"https:\/\/memurunsesi.net\/index.php\/wp-json\/wp\/v2\/tags?post=16938"}],"curies":[{"name":"wp","href":"https:\/\/api.w.org\/{rel}","templated":true}]}}