{"id":17010,"date":"2026-01-31T08:37:40","date_gmt":"2026-01-31T05:37:40","guid":{"rendered":"https:\/\/memurunsesi.net\/?p=17010"},"modified":"2026-01-31T08:37:40","modified_gmt":"2026-01-31T05:37:40","slug":"maltepede-seyir-halindeki-otomobil-alev-alev-yandi","status":"publish","type":"post","link":"https:\/\/memurunsesi.net\/index.php\/2026\/01\/31\/maltepede-seyir-halindeki-otomobil-alev-alev-yandi\/","title":{"rendered":"Maltepe&#8217;de seyir halindeki otomobil alev alev yand\u0131"},"content":{"rendered":"<p>&nbsp;<\/p>\n<p>Maltepe&#8217;de seyir halinde alevlere teslim olan otomobil kullan\u0131lamaz hale geldi.\u00a0 \u00a0Olay, saat 07.10 s\u0131ralar\u0131nda Maltepe Turgut \u00d6zal Bulvar\u0131 K\u00fc\u00e7\u00fckyal\u0131 mevkiinde meydana geldi. Edinilen bilgilere g\u00f6re 41 AVZ 336 plakal\u0131 Peugeot marka otomobil seyir halindeyken hen\u00fcz bilinmeyen bir sebeple yanmaya ba\u015flad\u0131. Yang\u0131n\u0131 fark eden s\u00fcr\u00fcc\u00fc, otomobili yol kenar\u0131na \u00e7ekerek ara\u00e7tan indi. Yap\u0131lan ihbarlar \u00fczerine olay yerine itfaiye ve polis ekipleri sevk edildi. \u0130tfaiye ekiplerinin \u00e7al\u0131\u015fmas\u0131 sonucu yang\u0131n kontrol alt\u0131na al\u0131n\u0131rken, polis ekipleri yolu bir s\u00fcreli\u011fine trafi\u011fe kapatarak g\u00fcvenlik \u00f6nlemi ald\u0131. Yang\u0131n esnas\u0131nda otomobilden patlama sesleri de geldi\u011fi bildirildi. K\u00fcle d\u00f6nen otomobil kullan\u0131lamaz hale gelirken, yang\u0131n\u0131n \u00e7\u0131k\u0131\u015f sebebine ili\u015fkin \u00e7al\u0131\u015fma<br \/>\nba\u015flat\u0131ld\u0131.<\/p>\n<p>31.01.2026<\/p>\n","protected":false},"excerpt":{"rendered":"<p>&nbsp; Maltepe&#8217;de seyir halinde alevlere teslim olan otomobil kullan\u0131lamaz hale geldi.\u00a0 \u00a0Olay, saat 07.10 s\u0131ralar\u0131nda Maltepe Turgut \u00d6zal Bulvar\u0131 K\u00fc\u00e7\u00fckyal\u0131 mevkiinde meydana geldi. Edinilen bilgilere g\u00f6re 41 AVZ 336 plakal\u0131 Peugeot marka otomobil seyir halindeyken hen\u00fcz bilinmeyen bir sebeple yanmaya ba\u015flad\u0131. Yang\u0131n\u0131 fark eden s\u00fcr\u00fcc\u00fc, otomobili yol kenar\u0131na \u00e7ekerek ara\u00e7tan indi. Yap\u0131lan ihbarlar \u00fczerine olay [&hellip;]<\/p>\n","protected":false},"author":1,"featured_media":17011,"comment_status":"open","ping_status":"open","sticky":false,"template":"","format":"standard","meta":{"footnotes":""},"categories":[50],"tags":[1010],"class_list":["post-17010","post","type-post","status-publish","format-standard","has-post-thumbnail","hentry","category-tum-haberler","tag-alevlere-teslim-olan-otomobil-kullanilamaz-hale-geldi"],"yoast_head":"<!-- This site is optimized with the Yoast SEO plugin v27.4 - https:\/\/yoast.com\/product\/yoast-seo-wordpress\/ -->\n<title>Maltepe&#039;de seyir halindeki otomobil alev alev yand\u0131 - Memurun Sesi<\/title>\n<meta name=\"description\" content=\"Maltepe&#039;de seyir halinde alevlere teslim olan otomobil kullan\u0131lamaz hale geldi.\" \/>\n<meta name=\"robots\" content=\"index, follow, max-snippet:-1, max-image-preview:large, max-video-preview:-1\" \/>\n<link rel=\"canonical\" href=\"https:\/\/memurunsesi.net\/index.php\/2026\/01\/31\/maltepede-seyir-halindeki-otomobil-alev-alev-yandi\/\" \/>\n<meta property=\"og:locale\" content=\"tr_TR\" \/>\n<meta property=\"og:type\" content=\"article\" \/>\n<meta property=\"og:title\" content=\"Maltepe&#039;de seyir halindeki otomobil alev alev yand\u0131 - Memurun Sesi\" \/>\n<meta property=\"og:description\" content=\"Maltepe&#039;de seyir halinde alevlere teslim olan otomobil kullan\u0131lamaz hale geldi.\" \/>\n<meta property=\"og:url\" content=\"https:\/\/memurunsesi.net\/index.php\/2026\/01\/31\/maltepede-seyir-halindeki-otomobil-alev-alev-yandi\/\" \/>\n<meta property=\"og:site_name\" content=\"Memurun Sesi\" \/>\n<meta property=\"article:publisher\" content=\"https:\/\/www.facebook.com\/unipersen\/?locale=tr_TR\" \/>\n<meta property=\"article:published_time\" content=\"2026-01-31T05:37:40+00:00\" \/>\n<meta property=\"og:image\" content=\"https:\/\/memurunsesi.net\/wp-content\/uploads\/2026\/01\/alevlere-teslim-olan-otomobil-kullanilamaz-hale-geldi.jpg\" \/>\n\t<meta property=\"og:image:width\" content=\"1920\" \/>\n\t<meta property=\"og:image:height\" content=\"1080\" \/>\n\t<meta property=\"og:image:type\" content=\"image\/jpeg\" \/>\n<meta name=\"author\" content=\"Memurun Sesi Haber Merkezi\" \/>\n<meta name=\"twitter:card\" content=\"summary_large_image\" \/>\n<meta name=\"twitter:creator\" content=\"@unipersen\" \/>\n<meta name=\"twitter:site\" content=\"@unipersen\" \/>\n<meta name=\"twitter:label1\" content=\"Yazan:\" \/>\n\t<meta name=\"twitter:data1\" content=\"Memurun Sesi Haber Merkezi\" \/>\n\t<meta name=\"twitter:label2\" content=\"Tahmini okuma s\u00fcresi\" \/>\n\t<meta name=\"twitter:data2\" content=\"1 dakika\" \/>\n<script type=\"application\/ld+json\" class=\"yoast-schema-graph\">{\"@context\":\"https:\\\/\\\/schema.org\",\"@graph\":[{\"@type\":\"Article\",\"@id\":\"https:\\\/\\\/memurunsesi.net\\\/index.php\\\/2026\\\/01\\\/31\\\/maltepede-seyir-halindeki-otomobil-alev-alev-yandi\\\/#article\",\"isPartOf\":{\"@id\":\"https:\\\/\\\/memurunsesi.net\\\/index.php\\\/2026\\\/01\\\/31\\\/maltepede-seyir-halindeki-otomobil-alev-alev-yandi\\\/\"},\"author\":{\"name\":\"Memurun Sesi Haber Merkezi\",\"@id\":\"https:\\\/\\\/memurunsesi.net\\\/#\\\/schema\\\/person\\\/f21c2d73b89f6ee1d80b0a1803e38587\"},\"headline\":\"Maltepe&#8217;de seyir halindeki otomobil alev alev yand\u0131\",\"datePublished\":\"2026-01-31T05:37:40+00:00\",\"mainEntityOfPage\":{\"@id\":\"https:\\\/\\\/memurunsesi.net\\\/index.php\\\/2026\\\/01\\\/31\\\/maltepede-seyir-halindeki-otomobil-alev-alev-yandi\\\/\"},\"wordCount\":140,\"commentCount\":0,\"publisher\":{\"@id\":\"https:\\\/\\\/memurunsesi.net\\\/#organization\"},\"image\":{\"@id\":\"https:\\\/\\\/memurunsesi.net\\\/index.php\\\/2026\\\/01\\\/31\\\/maltepede-seyir-halindeki-otomobil-alev-alev-yandi\\\/#primaryimage\"},\"thumbnailUrl\":\"https:\\\/\\\/memurunsesi.net\\\/wp-content\\\/uploads\\\/2026\\\/01\\\/alevlere-teslim-olan-otomobil-kullanilamaz-hale-geldi.jpg\",\"keywords\":[\"alevlere teslim olan otomobil kullan\u0131lamaz hale geldi\"],\"articleSection\":[\"T\u00fcm Haberler\"],\"inLanguage\":\"tr\",\"potentialAction\":[{\"@type\":\"CommentAction\",\"name\":\"Comment\",\"target\":[\"https:\\\/\\\/memurunsesi.net\\\/index.php\\\/2026\\\/01\\\/31\\\/maltepede-seyir-halindeki-otomobil-alev-alev-yandi\\\/#respond\"]}]},{\"@type\":\"WebPage\",\"@id\":\"https:\\\/\\\/memurunsesi.net\\\/index.php\\\/2026\\\/01\\\/31\\\/maltepede-seyir-halindeki-otomobil-alev-alev-yandi\\\/\",\"url\":\"https:\\\/\\\/memurunsesi.net\\\/index.php\\\/2026\\\/01\\\/31\\\/maltepede-seyir-halindeki-otomobil-alev-alev-yandi\\\/\",\"name\":\"Maltepe'de seyir halindeki otomobil alev alev yand\u0131 - Memurun Sesi\",\"isPartOf\":{\"@id\":\"https:\\\/\\\/memurunsesi.net\\\/#website\"},\"primaryImageOfPage\":{\"@id\":\"https:\\\/\\\/memurunsesi.net\\\/index.php\\\/2026\\\/01\\\/31\\\/maltepede-seyir-halindeki-otomobil-alev-alev-yandi\\\/#primaryimage\"},\"image\":{\"@id\":\"https:\\\/\\\/memurunsesi.net\\\/index.php\\\/2026\\\/01\\\/31\\\/maltepede-seyir-halindeki-otomobil-alev-alev-yandi\\\/#primaryimage\"},\"thumbnailUrl\":\"https:\\\/\\\/memurunsesi.net\\\/wp-content\\\/uploads\\\/2026\\\/01\\\/alevlere-teslim-olan-otomobil-kullanilamaz-hale-geldi.jpg\",\"datePublished\":\"2026-01-31T05:37:40+00:00\",\"description\":\"Maltepe'de seyir halinde alevlere teslim olan otomobil kullan\u0131lamaz hale geldi.\",\"breadcrumb\":{\"@id\":\"https:\\\/\\\/memurunsesi.net\\\/index.php\\\/2026\\\/01\\\/31\\\/maltepede-seyir-halindeki-otomobil-alev-alev-yandi\\\/#breadcrumb\"},\"inLanguage\":\"tr\",\"potentialAction\":[{\"@type\":\"ReadAction\",\"target\":[\"https:\\\/\\\/memurunsesi.net\\\/index.php\\\/2026\\\/01\\\/31\\\/maltepede-seyir-halindeki-otomobil-alev-alev-yandi\\\/\"]}]},{\"@type\":\"ImageObject\",\"inLanguage\":\"tr\",\"@id\":\"https:\\\/\\\/memurunsesi.net\\\/index.php\\\/2026\\\/01\\\/31\\\/maltepede-seyir-halindeki-otomobil-alev-alev-yandi\\\/#primaryimage\",\"url\":\"https:\\\/\\\/memurunsesi.net\\\/wp-content\\\/uploads\\\/2026\\\/01\\\/alevlere-teslim-olan-otomobil-kullanilamaz-hale-geldi.jpg\",\"contentUrl\":\"https:\\\/\\\/memurunsesi.net\\\/wp-content\\\/uploads\\\/2026\\\/01\\\/alevlere-teslim-olan-otomobil-kullanilamaz-hale-geldi.jpg\",\"width\":1920,\"height\":1080,\"caption\":\"\u0130STANBUL (\u0130HA) - MALTEPE'DE SEY\u0130R HAL\u0130NDE ALEVLERE TESL\u0130M OLAN OTOMOB\u0130L KULLANILAMAZ HALE GELD\u0130. (MET\u0130N BA\u015eAR - SELAM\u0130 BERKE KAYA\\\/\u0130STANBUL-\u0130HA) Maltepe'de seyir halinde alevlere teslim olan otomobil kullan\u0131lamaz hale geldi.\"},{\"@type\":\"BreadcrumbList\",\"@id\":\"https:\\\/\\\/memurunsesi.net\\\/index.php\\\/2026\\\/01\\\/31\\\/maltepede-seyir-halindeki-otomobil-alev-alev-yandi\\\/#breadcrumb\",\"itemListElement\":[{\"@type\":\"ListItem\",\"position\":1,\"name\":\"Anasayfa\",\"item\":\"https:\\\/\\\/memurunsesi.net\\\/\"},{\"@type\":\"ListItem\",\"position\":2,\"name\":\"Maltepe&#8217;de seyir halindeki otomobil alev alev yand\u0131\"}]},{\"@type\":\"WebSite\",\"@id\":\"https:\\\/\\\/memurunsesi.net\\\/#website\",\"url\":\"https:\\\/\\\/memurunsesi.net\\\/\",\"name\":\"Memurun Sesi\",\"description\":\"G\u00fcncel ve Do\u011fru Haber\",\"publisher\":{\"@id\":\"https:\\\/\\\/memurunsesi.net\\\/#organization\"},\"potentialAction\":[{\"@type\":\"SearchAction\",\"target\":{\"@type\":\"EntryPoint\",\"urlTemplate\":\"https:\\\/\\\/memurunsesi.net\\\/?s={search_term_string}\"},\"query-input\":{\"@type\":\"PropertyValueSpecification\",\"valueRequired\":true,\"valueName\":\"search_term_string\"}}],\"inLanguage\":\"tr\"},{\"@type\":\"Organization\",\"@id\":\"https:\\\/\\\/memurunsesi.net\\\/#organization\",\"name\":\"Memurun Sesi\",\"url\":\"https:\\\/\\\/memurunsesi.net\\\/\",\"logo\":{\"@type\":\"ImageObject\",\"inLanguage\":\"tr\",\"@id\":\"https:\\\/\\\/memurunsesi.net\\\/#\\\/schema\\\/logo\\\/image\\\/\",\"url\":\"https:\\\/\\\/memurunsesi.net\\\/wp-content\\\/uploads\\\/2025\\\/11\\\/cropped-MEMURUN-SESI.png\",\"contentUrl\":\"https:\\\/\\\/memurunsesi.net\\\/wp-content\\\/uploads\\\/2025\\\/11\\\/cropped-MEMURUN-SESI.png\",\"width\":238,\"height\":57,\"caption\":\"Memurun Sesi\"},\"image\":{\"@id\":\"https:\\\/\\\/memurunsesi.net\\\/#\\\/schema\\\/logo\\\/image\\\/\"},\"sameAs\":[\"https:\\\/\\\/www.facebook.com\\\/unipersen\\\/?locale=tr_TR\",\"https:\\\/\\\/x.com\\\/unipersen\"]},{\"@type\":\"Person\",\"@id\":\"https:\\\/\\\/memurunsesi.net\\\/#\\\/schema\\\/person\\\/f21c2d73b89f6ee1d80b0a1803e38587\",\"name\":\"Memurun Sesi Haber Merkezi\",\"image\":{\"@type\":\"ImageObject\",\"inLanguage\":\"tr\",\"@id\":\"https:\\\/\\\/secure.gravatar.com\\\/avatar\\\/6cf0505f452ee753f485014986fab09a434671d2b919ee76fc541025c5876a70?s=96&d=mm&r=g\",\"url\":\"https:\\\/\\\/secure.gravatar.com\\\/avatar\\\/6cf0505f452ee753f485014986fab09a434671d2b919ee76fc541025c5876a70?s=96&d=mm&r=g\",\"contentUrl\":\"https:\\\/\\\/secure.gravatar.com\\\/avatar\\\/6cf0505f452ee753f485014986fab09a434671d2b919ee76fc541025c5876a70?s=96&d=mm&r=g\",\"caption\":\"Memurun Sesi Haber Merkezi\"},\"sameAs\":[\"https:\\\/\\\/memurunsesi.net\"],\"url\":\"https:\\\/\\\/memurunsesi.net\\\/index.php\\\/author\\\/uniper\\\/\"}]}<\/script>\n<!-- \/ Yoast SEO plugin. -->","yoast_head_json":{"title":"Maltepe'de seyir halindeki otomobil alev alev yand\u0131 - Memurun Sesi","description":"Maltepe'de seyir halinde alevlere teslim olan otomobil kullan\u0131lamaz hale geldi.","robots":{"index":"index","follow":"follow","max-snippet":"max-snippet:-1","max-image-preview":"max-image-preview:large","max-video-preview":"max-video-preview:-1"},"canonical":"https:\/\/memurunsesi.net\/index.php\/2026\/01\/31\/maltepede-seyir-halindeki-otomobil-alev-alev-yandi\/","og_locale":"tr_TR","og_type":"article","og_title":"Maltepe'de seyir halindeki otomobil alev alev yand\u0131 - Memurun Sesi","og_description":"Maltepe'de seyir halinde alevlere teslim olan otomobil kullan\u0131lamaz hale geldi.","og_url":"https:\/\/memurunsesi.net\/index.php\/2026\/01\/31\/maltepede-seyir-halindeki-otomobil-alev-alev-yandi\/","og_site_name":"Memurun Sesi","article_publisher":"https:\/\/www.facebook.com\/unipersen\/?locale=tr_TR","article_published_time":"2026-01-31T05:37:40+00:00","og_image":[{"width":1920,"height":1080,"url":"https:\/\/memurunsesi.net\/wp-content\/uploads\/2026\/01\/alevlere-teslim-olan-otomobil-kullanilamaz-hale-geldi.jpg","type":"image\/jpeg"}],"author":"Memurun Sesi Haber Merkezi","twitter_card":"summary_large_image","twitter_creator":"@unipersen","twitter_site":"@unipersen","twitter_misc":{"Yazan:":"Memurun Sesi Haber Merkezi","Tahmini okuma s\u00fcresi":"1 dakika"},"schema":{"@context":"https:\/\/schema.org","@graph":[{"@type":"Article","@id":"https:\/\/memurunsesi.net\/index.php\/2026\/01\/31\/maltepede-seyir-halindeki-otomobil-alev-alev-yandi\/#article","isPartOf":{"@id":"https:\/\/memurunsesi.net\/index.php\/2026\/01\/31\/maltepede-seyir-halindeki-otomobil-alev-alev-yandi\/"},"author":{"name":"Memurun Sesi Haber Merkezi","@id":"https:\/\/memurunsesi.net\/#\/schema\/person\/f21c2d73b89f6ee1d80b0a1803e38587"},"headline":"Maltepe&#8217;de seyir halindeki otomobil alev alev yand\u0131","datePublished":"2026-01-31T05:37:40+00:00","mainEntityOfPage":{"@id":"https:\/\/memurunsesi.net\/index.php\/2026\/01\/31\/maltepede-seyir-halindeki-otomobil-alev-alev-yandi\/"},"wordCount":140,"commentCount":0,"publisher":{"@id":"https:\/\/memurunsesi.net\/#organization"},"image":{"@id":"https:\/\/memurunsesi.net\/index.php\/2026\/01\/31\/maltepede-seyir-halindeki-otomobil-alev-alev-yandi\/#primaryimage"},"thumbnailUrl":"https:\/\/memurunsesi.net\/wp-content\/uploads\/2026\/01\/alevlere-teslim-olan-otomobil-kullanilamaz-hale-geldi.jpg","keywords":["alevlere teslim olan otomobil kullan\u0131lamaz hale geldi"],"articleSection":["T\u00fcm Haberler"],"inLanguage":"tr","potentialAction":[{"@type":"CommentAction","name":"Comment","target":["https:\/\/memurunsesi.net\/index.php\/2026\/01\/31\/maltepede-seyir-halindeki-otomobil-alev-alev-yandi\/#respond"]}]},{"@type":"WebPage","@id":"https:\/\/memurunsesi.net\/index.php\/2026\/01\/31\/maltepede-seyir-halindeki-otomobil-alev-alev-yandi\/","url":"https:\/\/memurunsesi.net\/index.php\/2026\/01\/31\/maltepede-seyir-halindeki-otomobil-alev-alev-yandi\/","name":"Maltepe'de seyir halindeki otomobil alev alev yand\u0131 - Memurun Sesi","isPartOf":{"@id":"https:\/\/memurunsesi.net\/#website"},"primaryImageOfPage":{"@id":"https:\/\/memurunsesi.net\/index.php\/2026\/01\/31\/maltepede-seyir-halindeki-otomobil-alev-alev-yandi\/#primaryimage"},"image":{"@id":"https:\/\/memurunsesi.net\/index.php\/2026\/01\/31\/maltepede-seyir-halindeki-otomobil-alev-alev-yandi\/#primaryimage"},"thumbnailUrl":"https:\/\/memurunsesi.net\/wp-content\/uploads\/2026\/01\/alevlere-teslim-olan-otomobil-kullanilamaz-hale-geldi.jpg","datePublished":"2026-01-31T05:37:40+00:00","description":"Maltepe'de seyir halinde alevlere teslim olan otomobil kullan\u0131lamaz hale geldi.","breadcrumb":{"@id":"https:\/\/memurunsesi.net\/index.php\/2026\/01\/31\/maltepede-seyir-halindeki-otomobil-alev-alev-yandi\/#breadcrumb"},"inLanguage":"tr","potentialAction":[{"@type":"ReadAction","target":["https:\/\/memurunsesi.net\/index.php\/2026\/01\/31\/maltepede-seyir-halindeki-otomobil-alev-alev-yandi\/"]}]},{"@type":"ImageObject","inLanguage":"tr","@id":"https:\/\/memurunsesi.net\/index.php\/2026\/01\/31\/maltepede-seyir-halindeki-otomobil-alev-alev-yandi\/#primaryimage","url":"https:\/\/memurunsesi.net\/wp-content\/uploads\/2026\/01\/alevlere-teslim-olan-otomobil-kullanilamaz-hale-geldi.jpg","contentUrl":"https:\/\/memurunsesi.net\/wp-content\/uploads\/2026\/01\/alevlere-teslim-olan-otomobil-kullanilamaz-hale-geldi.jpg","width":1920,"height":1080,"caption":"\u0130STANBUL (\u0130HA) - MALTEPE'DE SEY\u0130R HAL\u0130NDE ALEVLERE TESL\u0130M OLAN OTOMOB\u0130L KULLANILAMAZ HALE GELD\u0130. (MET\u0130N BA\u015eAR - SELAM\u0130 BERKE KAYA\/\u0130STANBUL-\u0130HA) Maltepe'de seyir halinde alevlere teslim olan otomobil kullan\u0131lamaz hale geldi."},{"@type":"BreadcrumbList","@id":"https:\/\/memurunsesi.net\/index.php\/2026\/01\/31\/maltepede-seyir-halindeki-otomobil-alev-alev-yandi\/#breadcrumb","itemListElement":[{"@type":"ListItem","position":1,"name":"Anasayfa","item":"https:\/\/memurunsesi.net\/"},{"@type":"ListItem","position":2,"name":"Maltepe&#8217;de seyir halindeki otomobil alev alev yand\u0131"}]},{"@type":"WebSite","@id":"https:\/\/memurunsesi.net\/#website","url":"https:\/\/memurunsesi.net\/","name":"Memurun Sesi","description":"G\u00fcncel ve Do\u011fru Haber","publisher":{"@id":"https:\/\/memurunsesi.net\/#organization"},"potentialAction":[{"@type":"SearchAction","target":{"@type":"EntryPoint","urlTemplate":"https:\/\/memurunsesi.net\/?s={search_term_string}"},"query-input":{"@type":"PropertyValueSpecification","valueRequired":true,"valueName":"search_term_string"}}],"inLanguage":"tr"},{"@type":"Organization","@id":"https:\/\/memurunsesi.net\/#organization","name":"Memurun Sesi","url":"https:\/\/memurunsesi.net\/","logo":{"@type":"ImageObject","inLanguage":"tr","@id":"https:\/\/memurunsesi.net\/#\/schema\/logo\/image\/","url":"https:\/\/memurunsesi.net\/wp-content\/uploads\/2025\/11\/cropped-MEMURUN-SESI.png","contentUrl":"https:\/\/memurunsesi.net\/wp-content\/uploads\/2025\/11\/cropped-MEMURUN-SESI.png","width":238,"height":57,"caption":"Memurun Sesi"},"image":{"@id":"https:\/\/memurunsesi.net\/#\/schema\/logo\/image\/"},"sameAs":["https:\/\/www.facebook.com\/unipersen\/?locale=tr_TR","https:\/\/x.com\/unipersen"]},{"@type":"Person","@id":"https:\/\/memurunsesi.net\/#\/schema\/person\/f21c2d73b89f6ee1d80b0a1803e38587","name":"Memurun Sesi Haber Merkezi","image":{"@type":"ImageObject","inLanguage":"tr","@id":"https:\/\/secure.gravatar.com\/avatar\/6cf0505f452ee753f485014986fab09a434671d2b919ee76fc541025c5876a70?s=96&d=mm&r=g","url":"https:\/\/secure.gravatar.com\/avatar\/6cf0505f452ee753f485014986fab09a434671d2b919ee76fc541025c5876a70?s=96&d=mm&r=g","contentUrl":"https:\/\/secure.gravatar.com\/avatar\/6cf0505f452ee753f485014986fab09a434671d2b919ee76fc541025c5876a70?s=96&d=mm&r=g","caption":"Memurun Sesi Haber Merkezi"},"sameAs":["https:\/\/memurunsesi.net"],"url":"https:\/\/memurunsesi.net\/index.php\/author\/uniper\/"}]}},"_links":{"self":[{"href":"https:\/\/memurunsesi.net\/index.php\/wp-json\/wp\/v2\/posts\/17010","targetHints":{"allow":["GET"]}}],"collection":[{"href":"https:\/\/memurunsesi.net\/index.php\/wp-json\/wp\/v2\/posts"}],"about":[{"href":"https:\/\/memurunsesi.net\/index.php\/wp-json\/wp\/v2\/types\/post"}],"author":[{"embeddable":true,"href":"https:\/\/memurunsesi.net\/index.php\/wp-json\/wp\/v2\/users\/1"}],"replies":[{"embeddable":true,"href":"https:\/\/memurunsesi.net\/index.php\/wp-json\/wp\/v2\/comments?post=17010"}],"version-history":[{"count":1,"href":"https:\/\/memurunsesi.net\/index.php\/wp-json\/wp\/v2\/posts\/17010\/revisions"}],"predecessor-version":[{"id":17012,"href":"https:\/\/memurunsesi.net\/index.php\/wp-json\/wp\/v2\/posts\/17010\/revisions\/17012"}],"wp:featuredmedia":[{"embeddable":true,"href":"https:\/\/memurunsesi.net\/index.php\/wp-json\/wp\/v2\/media\/17011"}],"wp:attachment":[{"href":"https:\/\/memurunsesi.net\/index.php\/wp-json\/wp\/v2\/media?parent=17010"}],"wp:term":[{"taxonomy":"category","embeddable":true,"href":"https:\/\/memurunsesi.net\/index.php\/wp-json\/wp\/v2\/categories?post=17010"},{"taxonomy":"post_tag","embeddable":true,"href":"https:\/\/memurunsesi.net\/index.php\/wp-json\/wp\/v2\/tags?post=17010"}],"curies":[{"name":"wp","href":"https:\/\/api.w.org\/{rel}","templated":true}]}}