{"id":17020,"date":"2026-01-31T08:49:22","date_gmt":"2026-01-31T05:49:22","guid":{"rendered":"https:\/\/memurunsesi.net\/?p=17020"},"modified":"2026-01-31T08:49:22","modified_gmt":"2026-01-31T05:49:22","slug":"vali-makas-konuralpde-yapilan-denetime-katilarak-esnaflari-ziyaret-etti","status":"publish","type":"post","link":"https:\/\/memurunsesi.net\/index.php\/2026\/01\/31\/vali-makas-konuralpde-yapilan-denetime-katilarak-esnaflari-ziyaret-etti\/","title":{"rendered":"Vali Makas, Konuralp\u2019de yap\u0131lan denetime kat\u0131larak esnaflar\u0131 ziyaret etti"},"content":{"rendered":"<p>D\u00fczce Valisi Mehmet Makas, Konuralp b\u00f6lgesinde y\u00fcr\u00fct\u00fclen g\u00fcvenlik ve asayi\u015f uygulamalar\u0131n\u0131 yerinde incelemek amac\u0131yla trafik ve jandarma ekiplerinin denetim noktalar\u0131n\u0131 ziyaret etti.<br \/>\nDenetim noktalar\u0131nda g\u00f6revli personelden yap\u0131lan \u00e7al\u0131\u015fmalar hakk\u0131nda bilgi alan Vali Mehmet Makas, vatanda\u015flar\u0131n huzur ve g\u00fcvenli\u011fini sa\u011flamak ad\u0131na y\u00fcr\u00fct\u00fclen uygulamalar\u0131n aral\u0131ks\u0131z s\u00fcrd\u00fcr\u00fcld\u00fc\u011f\u00fcn\u00fc vurgulad\u0131. \u00d6zellikle trafik g\u00fcvenli\u011fi, asayi\u015f ve kamu d\u00fczeninin korunmas\u0131na y\u00f6nelik denetimlerin \u00f6nemine dikkat \u00e7eken Makas, sahada g\u00f6rev yapan ekiplere \u00e7al\u0131\u015fmalar\u0131nda kolayl\u0131klar diledi. Program\u0131 kapsam\u0131nda Konuralp b\u00f6lgesindeki esnaflar\u0131 da ziyaret eden Vali Makas, i\u015fletme sahipleriyle bir araya gelerek talep ve \u00f6nerilerini dinledi. Esnaflarla kar\u015f\u0131l\u0131kl\u0131 g\u00f6r\u00fc\u015f al\u0131\u015fveri\u015finde bulunan Makas, devletin her zaman vatanda\u015f\u0131n yan\u0131nda oldu\u011funu ifade etti. Vali Makas, ziyaretleri s\u0131ras\u0131nda b\u00f6lgede bulunan D\u00fczce \u00dcniversitesi \u00f6\u011frencileri ve vatanda\u015flarla da sohbet ederek hal ve hat\u0131rlar\u0131n\u0131 sordu. \u00d6\u011frencilerin ve vatanda\u015flar\u0131n g\u00f6r\u00fc\u015flerini dinleyen Makas, Konuralp\u2019in hem tarihi hem de sosyal yap\u0131s\u0131yla D\u00fczce i\u00e7in \u00f6nemli bir merkez oldu\u011funu belirterek, b\u00f6lgenin geli\u015fimine y\u00f6nelik \u00e7al\u0131\u015fmalar\u0131n s\u00fcrd\u00fcr\u00fclece\u011fini kaydetti.<\/p>\n<p>31.01.2026<\/p>\n","protected":false},"excerpt":{"rendered":"<p>D\u00fczce Valisi Mehmet Makas, Konuralp b\u00f6lgesinde y\u00fcr\u00fct\u00fclen g\u00fcvenlik ve asayi\u015f uygulamalar\u0131n\u0131 yerinde incelemek amac\u0131yla trafik ve jandarma ekiplerinin denetim noktalar\u0131n\u0131 ziyaret etti. Denetim noktalar\u0131nda g\u00f6revli personelden yap\u0131lan \u00e7al\u0131\u015fmalar hakk\u0131nda bilgi alan Vali Mehmet Makas, vatanda\u015flar\u0131n huzur ve g\u00fcvenli\u011fini sa\u011flamak ad\u0131na y\u00fcr\u00fct\u00fclen uygulamalar\u0131n aral\u0131ks\u0131z s\u00fcrd\u00fcr\u00fcld\u00fc\u011f\u00fcn\u00fc vurgulad\u0131. \u00d6zellikle trafik g\u00fcvenli\u011fi, asayi\u015f ve kamu d\u00fczeninin korunmas\u0131na y\u00f6nelik denetimlerin [&hellip;]<\/p>\n","protected":false},"author":1,"featured_media":17021,"comment_status":"open","ping_status":"open","sticky":false,"template":"","format":"standard","meta":{"footnotes":""},"categories":[50],"tags":[369],"class_list":["post-17020","post","type-post","status-publish","format-standard","has-post-thumbnail","hentry","category-tum-haberler","tag-denetim"],"yoast_head":"<!-- This site is optimized with the Yoast SEO plugin v27.4 - https:\/\/yoast.com\/product\/yoast-seo-wordpress\/ -->\n<title>Vali Makas, Konuralp\u2019de yap\u0131lan denetime kat\u0131larak esnaflar\u0131 ziyaret etti - Memurun Sesi<\/title>\n<meta name=\"description\" content=\"D\u00fczce Valisi Mehmet Makas, Konuralp b\u00f6lgesinde y\u00fcr\u00fct\u00fclen g\u00fcvenlik ve asayi\u015f uygulamalar\u0131n\u0131 yerinde incelemek amac\u0131yla trafik ve jandarma ekiplerinin denetim noktalar\u0131n\u0131 ziyaret etti.\" \/>\n<meta name=\"robots\" content=\"index, follow, max-snippet:-1, max-image-preview:large, max-video-preview:-1\" \/>\n<link rel=\"canonical\" href=\"https:\/\/memurunsesi.net\/index.php\/2026\/01\/31\/vali-makas-konuralpde-yapilan-denetime-katilarak-esnaflari-ziyaret-etti\/\" \/>\n<meta property=\"og:locale\" content=\"tr_TR\" \/>\n<meta property=\"og:type\" content=\"article\" \/>\n<meta property=\"og:title\" content=\"Vali Makas, Konuralp\u2019de yap\u0131lan denetime kat\u0131larak esnaflar\u0131 ziyaret etti - Memurun Sesi\" \/>\n<meta property=\"og:description\" content=\"D\u00fczce Valisi Mehmet Makas, Konuralp b\u00f6lgesinde y\u00fcr\u00fct\u00fclen g\u00fcvenlik ve asayi\u015f uygulamalar\u0131n\u0131 yerinde incelemek amac\u0131yla trafik ve jandarma ekiplerinin denetim noktalar\u0131n\u0131 ziyaret etti.\" \/>\n<meta property=\"og:url\" content=\"https:\/\/memurunsesi.net\/index.php\/2026\/01\/31\/vali-makas-konuralpde-yapilan-denetime-katilarak-esnaflari-ziyaret-etti\/\" \/>\n<meta property=\"og:site_name\" content=\"Memurun Sesi\" \/>\n<meta property=\"article:publisher\" content=\"https:\/\/www.facebook.com\/unipersen\/?locale=tr_TR\" \/>\n<meta property=\"article:published_time\" content=\"2026-01-31T05:49:22+00:00\" \/>\n<meta property=\"og:image\" content=\"https:\/\/memurunsesi.net\/wp-content\/uploads\/2026\/01\/denetim-3-1.jpg\" \/>\n\t<meta property=\"og:image:width\" content=\"1600\" \/>\n\t<meta property=\"og:image:height\" content=\"1066\" \/>\n\t<meta property=\"og:image:type\" content=\"image\/jpeg\" \/>\n<meta name=\"author\" content=\"Memurun Sesi Haber Merkezi\" \/>\n<meta name=\"twitter:card\" content=\"summary_large_image\" \/>\n<meta name=\"twitter:creator\" content=\"@unipersen\" \/>\n<meta name=\"twitter:site\" content=\"@unipersen\" \/>\n<meta name=\"twitter:label1\" content=\"Yazan:\" \/>\n\t<meta name=\"twitter:data1\" content=\"Memurun Sesi Haber Merkezi\" \/>\n\t<meta name=\"twitter:label2\" content=\"Tahmini okuma s\u00fcresi\" \/>\n\t<meta name=\"twitter:data2\" content=\"2 dakika\" \/>\n<script type=\"application\/ld+json\" class=\"yoast-schema-graph\">{\"@context\":\"https:\\\/\\\/schema.org\",\"@graph\":[{\"@type\":\"Article\",\"@id\":\"https:\\\/\\\/memurunsesi.net\\\/index.php\\\/2026\\\/01\\\/31\\\/vali-makas-konuralpde-yapilan-denetime-katilarak-esnaflari-ziyaret-etti\\\/#article\",\"isPartOf\":{\"@id\":\"https:\\\/\\\/memurunsesi.net\\\/index.php\\\/2026\\\/01\\\/31\\\/vali-makas-konuralpde-yapilan-denetime-katilarak-esnaflari-ziyaret-etti\\\/\"},\"author\":{\"name\":\"Memurun Sesi Haber Merkezi\",\"@id\":\"https:\\\/\\\/memurunsesi.net\\\/#\\\/schema\\\/person\\\/f21c2d73b89f6ee1d80b0a1803e38587\"},\"headline\":\"Vali Makas, Konuralp\u2019de yap\u0131lan denetime kat\u0131larak esnaflar\u0131 ziyaret etti\",\"datePublished\":\"2026-01-31T05:49:22+00:00\",\"mainEntityOfPage\":{\"@id\":\"https:\\\/\\\/memurunsesi.net\\\/index.php\\\/2026\\\/01\\\/31\\\/vali-makas-konuralpde-yapilan-denetime-katilarak-esnaflari-ziyaret-etti\\\/\"},\"wordCount\":231,\"commentCount\":0,\"publisher\":{\"@id\":\"https:\\\/\\\/memurunsesi.net\\\/#organization\"},\"image\":{\"@id\":\"https:\\\/\\\/memurunsesi.net\\\/index.php\\\/2026\\\/01\\\/31\\\/vali-makas-konuralpde-yapilan-denetime-katilarak-esnaflari-ziyaret-etti\\\/#primaryimage\"},\"thumbnailUrl\":\"https:\\\/\\\/memurunsesi.net\\\/wp-content\\\/uploads\\\/2026\\\/01\\\/denetim-3-1.jpg\",\"keywords\":[\"denetim\"],\"articleSection\":[\"T\u00fcm Haberler\"],\"inLanguage\":\"tr\",\"potentialAction\":[{\"@type\":\"CommentAction\",\"name\":\"Comment\",\"target\":[\"https:\\\/\\\/memurunsesi.net\\\/index.php\\\/2026\\\/01\\\/31\\\/vali-makas-konuralpde-yapilan-denetime-katilarak-esnaflari-ziyaret-etti\\\/#respond\"]}]},{\"@type\":\"WebPage\",\"@id\":\"https:\\\/\\\/memurunsesi.net\\\/index.php\\\/2026\\\/01\\\/31\\\/vali-makas-konuralpde-yapilan-denetime-katilarak-esnaflari-ziyaret-etti\\\/\",\"url\":\"https:\\\/\\\/memurunsesi.net\\\/index.php\\\/2026\\\/01\\\/31\\\/vali-makas-konuralpde-yapilan-denetime-katilarak-esnaflari-ziyaret-etti\\\/\",\"name\":\"Vali Makas, Konuralp\u2019de yap\u0131lan denetime kat\u0131larak esnaflar\u0131 ziyaret etti - Memurun Sesi\",\"isPartOf\":{\"@id\":\"https:\\\/\\\/memurunsesi.net\\\/#website\"},\"primaryImageOfPage\":{\"@id\":\"https:\\\/\\\/memurunsesi.net\\\/index.php\\\/2026\\\/01\\\/31\\\/vali-makas-konuralpde-yapilan-denetime-katilarak-esnaflari-ziyaret-etti\\\/#primaryimage\"},\"image\":{\"@id\":\"https:\\\/\\\/memurunsesi.net\\\/index.php\\\/2026\\\/01\\\/31\\\/vali-makas-konuralpde-yapilan-denetime-katilarak-esnaflari-ziyaret-etti\\\/#primaryimage\"},\"thumbnailUrl\":\"https:\\\/\\\/memurunsesi.net\\\/wp-content\\\/uploads\\\/2026\\\/01\\\/denetim-3-1.jpg\",\"datePublished\":\"2026-01-31T05:49:22+00:00\",\"description\":\"D\u00fczce Valisi Mehmet Makas, Konuralp b\u00f6lgesinde y\u00fcr\u00fct\u00fclen g\u00fcvenlik ve asayi\u015f uygulamalar\u0131n\u0131 yerinde incelemek amac\u0131yla trafik ve jandarma ekiplerinin denetim noktalar\u0131n\u0131 ziyaret etti.\",\"breadcrumb\":{\"@id\":\"https:\\\/\\\/memurunsesi.net\\\/index.php\\\/2026\\\/01\\\/31\\\/vali-makas-konuralpde-yapilan-denetime-katilarak-esnaflari-ziyaret-etti\\\/#breadcrumb\"},\"inLanguage\":\"tr\",\"potentialAction\":[{\"@type\":\"ReadAction\",\"target\":[\"https:\\\/\\\/memurunsesi.net\\\/index.php\\\/2026\\\/01\\\/31\\\/vali-makas-konuralpde-yapilan-denetime-katilarak-esnaflari-ziyaret-etti\\\/\"]}]},{\"@type\":\"ImageObject\",\"inLanguage\":\"tr\",\"@id\":\"https:\\\/\\\/memurunsesi.net\\\/index.php\\\/2026\\\/01\\\/31\\\/vali-makas-konuralpde-yapilan-denetime-katilarak-esnaflari-ziyaret-etti\\\/#primaryimage\",\"url\":\"https:\\\/\\\/memurunsesi.net\\\/wp-content\\\/uploads\\\/2026\\\/01\\\/denetim-3-1.jpg\",\"contentUrl\":\"https:\\\/\\\/memurunsesi.net\\\/wp-content\\\/uploads\\\/2026\\\/01\\\/denetim-3-1.jpg\",\"width\":1600,\"height\":1066,\"caption\":\"D\u00dcZCE VAL\u0130S\u0130 MEHMET MAKAS, KONURALP B\u00d6LGES\u0130NDE Y\u00dcR\u00dcT\u00dcLEN G\u00dcVENL\u0130K VE ASAY\u0130\u015e UYGULAMALARINI YER\u0130NDE \u0130NCELEMEK AMACIYLA TRAF\u0130K VE JANDARMA EK\u0130PLER\u0130N\u0130N DENET\u0130M NOKTALARINI Z\u0130YARET ETT\u0130. (ENES BEKTA\u015e\\\/D\u00dcZCE-\u0130HA) D\u00fczce Valisi Mehmet Makas, Konuralp b\u00f6lgesinde y\u00fcr\u00fct\u00fclen g\u00fcvenlik ve asayi\u015f uygulamalar\u0131n\u0131 yerinde incelemek amac\u0131yla trafik ve jandarma ekiplerinin denetim noktalar\u0131n\u0131 ziyaret etti.\"},{\"@type\":\"BreadcrumbList\",\"@id\":\"https:\\\/\\\/memurunsesi.net\\\/index.php\\\/2026\\\/01\\\/31\\\/vali-makas-konuralpde-yapilan-denetime-katilarak-esnaflari-ziyaret-etti\\\/#breadcrumb\",\"itemListElement\":[{\"@type\":\"ListItem\",\"position\":1,\"name\":\"Anasayfa\",\"item\":\"https:\\\/\\\/memurunsesi.net\\\/\"},{\"@type\":\"ListItem\",\"position\":2,\"name\":\"Vali Makas, Konuralp\u2019de yap\u0131lan denetime kat\u0131larak esnaflar\u0131 ziyaret etti\"}]},{\"@type\":\"WebSite\",\"@id\":\"https:\\\/\\\/memurunsesi.net\\\/#website\",\"url\":\"https:\\\/\\\/memurunsesi.net\\\/\",\"name\":\"Memurun Sesi\",\"description\":\"G\u00fcncel ve Do\u011fru Haber\",\"publisher\":{\"@id\":\"https:\\\/\\\/memurunsesi.net\\\/#organization\"},\"potentialAction\":[{\"@type\":\"SearchAction\",\"target\":{\"@type\":\"EntryPoint\",\"urlTemplate\":\"https:\\\/\\\/memurunsesi.net\\\/?s={search_term_string}\"},\"query-input\":{\"@type\":\"PropertyValueSpecification\",\"valueRequired\":true,\"valueName\":\"search_term_string\"}}],\"inLanguage\":\"tr\"},{\"@type\":\"Organization\",\"@id\":\"https:\\\/\\\/memurunsesi.net\\\/#organization\",\"name\":\"Memurun Sesi\",\"url\":\"https:\\\/\\\/memurunsesi.net\\\/\",\"logo\":{\"@type\":\"ImageObject\",\"inLanguage\":\"tr\",\"@id\":\"https:\\\/\\\/memurunsesi.net\\\/#\\\/schema\\\/logo\\\/image\\\/\",\"url\":\"https:\\\/\\\/memurunsesi.net\\\/wp-content\\\/uploads\\\/2025\\\/11\\\/cropped-MEMURUN-SESI.png\",\"contentUrl\":\"https:\\\/\\\/memurunsesi.net\\\/wp-content\\\/uploads\\\/2025\\\/11\\\/cropped-MEMURUN-SESI.png\",\"width\":238,\"height\":57,\"caption\":\"Memurun Sesi\"},\"image\":{\"@id\":\"https:\\\/\\\/memurunsesi.net\\\/#\\\/schema\\\/logo\\\/image\\\/\"},\"sameAs\":[\"https:\\\/\\\/www.facebook.com\\\/unipersen\\\/?locale=tr_TR\",\"https:\\\/\\\/x.com\\\/unipersen\"]},{\"@type\":\"Person\",\"@id\":\"https:\\\/\\\/memurunsesi.net\\\/#\\\/schema\\\/person\\\/f21c2d73b89f6ee1d80b0a1803e38587\",\"name\":\"Memurun Sesi Haber Merkezi\",\"image\":{\"@type\":\"ImageObject\",\"inLanguage\":\"tr\",\"@id\":\"https:\\\/\\\/secure.gravatar.com\\\/avatar\\\/6cf0505f452ee753f485014986fab09a434671d2b919ee76fc541025c5876a70?s=96&d=mm&r=g\",\"url\":\"https:\\\/\\\/secure.gravatar.com\\\/avatar\\\/6cf0505f452ee753f485014986fab09a434671d2b919ee76fc541025c5876a70?s=96&d=mm&r=g\",\"contentUrl\":\"https:\\\/\\\/secure.gravatar.com\\\/avatar\\\/6cf0505f452ee753f485014986fab09a434671d2b919ee76fc541025c5876a70?s=96&d=mm&r=g\",\"caption\":\"Memurun Sesi Haber Merkezi\"},\"sameAs\":[\"https:\\\/\\\/memurunsesi.net\"],\"url\":\"https:\\\/\\\/memurunsesi.net\\\/index.php\\\/author\\\/uniper\\\/\"}]}<\/script>\n<!-- \/ Yoast SEO plugin. -->","yoast_head_json":{"title":"Vali Makas, Konuralp\u2019de yap\u0131lan denetime kat\u0131larak esnaflar\u0131 ziyaret etti - Memurun Sesi","description":"D\u00fczce Valisi Mehmet Makas, Konuralp b\u00f6lgesinde y\u00fcr\u00fct\u00fclen g\u00fcvenlik ve asayi\u015f uygulamalar\u0131n\u0131 yerinde incelemek amac\u0131yla trafik ve jandarma ekiplerinin denetim noktalar\u0131n\u0131 ziyaret etti.","robots":{"index":"index","follow":"follow","max-snippet":"max-snippet:-1","max-image-preview":"max-image-preview:large","max-video-preview":"max-video-preview:-1"},"canonical":"https:\/\/memurunsesi.net\/index.php\/2026\/01\/31\/vali-makas-konuralpde-yapilan-denetime-katilarak-esnaflari-ziyaret-etti\/","og_locale":"tr_TR","og_type":"article","og_title":"Vali Makas, Konuralp\u2019de yap\u0131lan denetime kat\u0131larak esnaflar\u0131 ziyaret etti - Memurun Sesi","og_description":"D\u00fczce Valisi Mehmet Makas, Konuralp b\u00f6lgesinde y\u00fcr\u00fct\u00fclen g\u00fcvenlik ve asayi\u015f uygulamalar\u0131n\u0131 yerinde incelemek amac\u0131yla trafik ve jandarma ekiplerinin denetim noktalar\u0131n\u0131 ziyaret etti.","og_url":"https:\/\/memurunsesi.net\/index.php\/2026\/01\/31\/vali-makas-konuralpde-yapilan-denetime-katilarak-esnaflari-ziyaret-etti\/","og_site_name":"Memurun Sesi","article_publisher":"https:\/\/www.facebook.com\/unipersen\/?locale=tr_TR","article_published_time":"2026-01-31T05:49:22+00:00","og_image":[{"width":1600,"height":1066,"url":"https:\/\/memurunsesi.net\/wp-content\/uploads\/2026\/01\/denetim-3-1.jpg","type":"image\/jpeg"}],"author":"Memurun Sesi Haber Merkezi","twitter_card":"summary_large_image","twitter_creator":"@unipersen","twitter_site":"@unipersen","twitter_misc":{"Yazan:":"Memurun Sesi Haber Merkezi","Tahmini okuma s\u00fcresi":"2 dakika"},"schema":{"@context":"https:\/\/schema.org","@graph":[{"@type":"Article","@id":"https:\/\/memurunsesi.net\/index.php\/2026\/01\/31\/vali-makas-konuralpde-yapilan-denetime-katilarak-esnaflari-ziyaret-etti\/#article","isPartOf":{"@id":"https:\/\/memurunsesi.net\/index.php\/2026\/01\/31\/vali-makas-konuralpde-yapilan-denetime-katilarak-esnaflari-ziyaret-etti\/"},"author":{"name":"Memurun Sesi Haber Merkezi","@id":"https:\/\/memurunsesi.net\/#\/schema\/person\/f21c2d73b89f6ee1d80b0a1803e38587"},"headline":"Vali Makas, Konuralp\u2019de yap\u0131lan denetime kat\u0131larak esnaflar\u0131 ziyaret etti","datePublished":"2026-01-31T05:49:22+00:00","mainEntityOfPage":{"@id":"https:\/\/memurunsesi.net\/index.php\/2026\/01\/31\/vali-makas-konuralpde-yapilan-denetime-katilarak-esnaflari-ziyaret-etti\/"},"wordCount":231,"commentCount":0,"publisher":{"@id":"https:\/\/memurunsesi.net\/#organization"},"image":{"@id":"https:\/\/memurunsesi.net\/index.php\/2026\/01\/31\/vali-makas-konuralpde-yapilan-denetime-katilarak-esnaflari-ziyaret-etti\/#primaryimage"},"thumbnailUrl":"https:\/\/memurunsesi.net\/wp-content\/uploads\/2026\/01\/denetim-3-1.jpg","keywords":["denetim"],"articleSection":["T\u00fcm Haberler"],"inLanguage":"tr","potentialAction":[{"@type":"CommentAction","name":"Comment","target":["https:\/\/memurunsesi.net\/index.php\/2026\/01\/31\/vali-makas-konuralpde-yapilan-denetime-katilarak-esnaflari-ziyaret-etti\/#respond"]}]},{"@type":"WebPage","@id":"https:\/\/memurunsesi.net\/index.php\/2026\/01\/31\/vali-makas-konuralpde-yapilan-denetime-katilarak-esnaflari-ziyaret-etti\/","url":"https:\/\/memurunsesi.net\/index.php\/2026\/01\/31\/vali-makas-konuralpde-yapilan-denetime-katilarak-esnaflari-ziyaret-etti\/","name":"Vali Makas, Konuralp\u2019de yap\u0131lan denetime kat\u0131larak esnaflar\u0131 ziyaret etti - Memurun Sesi","isPartOf":{"@id":"https:\/\/memurunsesi.net\/#website"},"primaryImageOfPage":{"@id":"https:\/\/memurunsesi.net\/index.php\/2026\/01\/31\/vali-makas-konuralpde-yapilan-denetime-katilarak-esnaflari-ziyaret-etti\/#primaryimage"},"image":{"@id":"https:\/\/memurunsesi.net\/index.php\/2026\/01\/31\/vali-makas-konuralpde-yapilan-denetime-katilarak-esnaflari-ziyaret-etti\/#primaryimage"},"thumbnailUrl":"https:\/\/memurunsesi.net\/wp-content\/uploads\/2026\/01\/denetim-3-1.jpg","datePublished":"2026-01-31T05:49:22+00:00","description":"D\u00fczce Valisi Mehmet Makas, Konuralp b\u00f6lgesinde y\u00fcr\u00fct\u00fclen g\u00fcvenlik ve asayi\u015f uygulamalar\u0131n\u0131 yerinde incelemek amac\u0131yla trafik ve jandarma ekiplerinin denetim noktalar\u0131n\u0131 ziyaret etti.","breadcrumb":{"@id":"https:\/\/memurunsesi.net\/index.php\/2026\/01\/31\/vali-makas-konuralpde-yapilan-denetime-katilarak-esnaflari-ziyaret-etti\/#breadcrumb"},"inLanguage":"tr","potentialAction":[{"@type":"ReadAction","target":["https:\/\/memurunsesi.net\/index.php\/2026\/01\/31\/vali-makas-konuralpde-yapilan-denetime-katilarak-esnaflari-ziyaret-etti\/"]}]},{"@type":"ImageObject","inLanguage":"tr","@id":"https:\/\/memurunsesi.net\/index.php\/2026\/01\/31\/vali-makas-konuralpde-yapilan-denetime-katilarak-esnaflari-ziyaret-etti\/#primaryimage","url":"https:\/\/memurunsesi.net\/wp-content\/uploads\/2026\/01\/denetim-3-1.jpg","contentUrl":"https:\/\/memurunsesi.net\/wp-content\/uploads\/2026\/01\/denetim-3-1.jpg","width":1600,"height":1066,"caption":"D\u00dcZCE VAL\u0130S\u0130 MEHMET MAKAS, KONURALP B\u00d6LGES\u0130NDE Y\u00dcR\u00dcT\u00dcLEN G\u00dcVENL\u0130K VE ASAY\u0130\u015e UYGULAMALARINI YER\u0130NDE \u0130NCELEMEK AMACIYLA TRAF\u0130K VE JANDARMA EK\u0130PLER\u0130N\u0130N DENET\u0130M NOKTALARINI Z\u0130YARET ETT\u0130. (ENES BEKTA\u015e\/D\u00dcZCE-\u0130HA) D\u00fczce Valisi Mehmet Makas, Konuralp b\u00f6lgesinde y\u00fcr\u00fct\u00fclen g\u00fcvenlik ve asayi\u015f uygulamalar\u0131n\u0131 yerinde incelemek amac\u0131yla trafik ve jandarma ekiplerinin denetim noktalar\u0131n\u0131 ziyaret etti."},{"@type":"BreadcrumbList","@id":"https:\/\/memurunsesi.net\/index.php\/2026\/01\/31\/vali-makas-konuralpde-yapilan-denetime-katilarak-esnaflari-ziyaret-etti\/#breadcrumb","itemListElement":[{"@type":"ListItem","position":1,"name":"Anasayfa","item":"https:\/\/memurunsesi.net\/"},{"@type":"ListItem","position":2,"name":"Vali Makas, Konuralp\u2019de yap\u0131lan denetime kat\u0131larak esnaflar\u0131 ziyaret etti"}]},{"@type":"WebSite","@id":"https:\/\/memurunsesi.net\/#website","url":"https:\/\/memurunsesi.net\/","name":"Memurun Sesi","description":"G\u00fcncel ve Do\u011fru Haber","publisher":{"@id":"https:\/\/memurunsesi.net\/#organization"},"potentialAction":[{"@type":"SearchAction","target":{"@type":"EntryPoint","urlTemplate":"https:\/\/memurunsesi.net\/?s={search_term_string}"},"query-input":{"@type":"PropertyValueSpecification","valueRequired":true,"valueName":"search_term_string"}}],"inLanguage":"tr"},{"@type":"Organization","@id":"https:\/\/memurunsesi.net\/#organization","name":"Memurun Sesi","url":"https:\/\/memurunsesi.net\/","logo":{"@type":"ImageObject","inLanguage":"tr","@id":"https:\/\/memurunsesi.net\/#\/schema\/logo\/image\/","url":"https:\/\/memurunsesi.net\/wp-content\/uploads\/2025\/11\/cropped-MEMURUN-SESI.png","contentUrl":"https:\/\/memurunsesi.net\/wp-content\/uploads\/2025\/11\/cropped-MEMURUN-SESI.png","width":238,"height":57,"caption":"Memurun Sesi"},"image":{"@id":"https:\/\/memurunsesi.net\/#\/schema\/logo\/image\/"},"sameAs":["https:\/\/www.facebook.com\/unipersen\/?locale=tr_TR","https:\/\/x.com\/unipersen"]},{"@type":"Person","@id":"https:\/\/memurunsesi.net\/#\/schema\/person\/f21c2d73b89f6ee1d80b0a1803e38587","name":"Memurun Sesi Haber Merkezi","image":{"@type":"ImageObject","inLanguage":"tr","@id":"https:\/\/secure.gravatar.com\/avatar\/6cf0505f452ee753f485014986fab09a434671d2b919ee76fc541025c5876a70?s=96&d=mm&r=g","url":"https:\/\/secure.gravatar.com\/avatar\/6cf0505f452ee753f485014986fab09a434671d2b919ee76fc541025c5876a70?s=96&d=mm&r=g","contentUrl":"https:\/\/secure.gravatar.com\/avatar\/6cf0505f452ee753f485014986fab09a434671d2b919ee76fc541025c5876a70?s=96&d=mm&r=g","caption":"Memurun Sesi Haber Merkezi"},"sameAs":["https:\/\/memurunsesi.net"],"url":"https:\/\/memurunsesi.net\/index.php\/author\/uniper\/"}]}},"_links":{"self":[{"href":"https:\/\/memurunsesi.net\/index.php\/wp-json\/wp\/v2\/posts\/17020","targetHints":{"allow":["GET"]}}],"collection":[{"href":"https:\/\/memurunsesi.net\/index.php\/wp-json\/wp\/v2\/posts"}],"about":[{"href":"https:\/\/memurunsesi.net\/index.php\/wp-json\/wp\/v2\/types\/post"}],"author":[{"embeddable":true,"href":"https:\/\/memurunsesi.net\/index.php\/wp-json\/wp\/v2\/users\/1"}],"replies":[{"embeddable":true,"href":"https:\/\/memurunsesi.net\/index.php\/wp-json\/wp\/v2\/comments?post=17020"}],"version-history":[{"count":1,"href":"https:\/\/memurunsesi.net\/index.php\/wp-json\/wp\/v2\/posts\/17020\/revisions"}],"predecessor-version":[{"id":17022,"href":"https:\/\/memurunsesi.net\/index.php\/wp-json\/wp\/v2\/posts\/17020\/revisions\/17022"}],"wp:featuredmedia":[{"embeddable":true,"href":"https:\/\/memurunsesi.net\/index.php\/wp-json\/wp\/v2\/media\/17021"}],"wp:attachment":[{"href":"https:\/\/memurunsesi.net\/index.php\/wp-json\/wp\/v2\/media?parent=17020"}],"wp:term":[{"taxonomy":"category","embeddable":true,"href":"https:\/\/memurunsesi.net\/index.php\/wp-json\/wp\/v2\/categories?post=17020"},{"taxonomy":"post_tag","embeddable":true,"href":"https:\/\/memurunsesi.net\/index.php\/wp-json\/wp\/v2\/tags?post=17020"}],"curies":[{"name":"wp","href":"https:\/\/api.w.org\/{rel}","templated":true}]}}