{"id":17023,"date":"2026-01-31T08:52:28","date_gmt":"2026-01-31T05:52:28","guid":{"rendered":"https:\/\/memurunsesi.net\/?p=17023"},"modified":"2026-01-31T08:52:28","modified_gmt":"2026-01-31T05:52:28","slug":"hurdaya-donen-otomobil-ogretmene-mezar-oldu","status":"publish","type":"post","link":"https:\/\/memurunsesi.net\/index.php\/2026\/01\/31\/hurdaya-donen-otomobil-ogretmene-mezar-oldu\/","title":{"rendered":"Hurdaya d\u00f6nen otomobil \u00f6\u011fretmene mezar oldu"},"content":{"rendered":"<p>Hatay&#8217;da kontrolden \u00e7\u0131kan minib\u00fcs\u00fcn kar\u015f\u0131 \u015feride ge\u00e7erek F\u0130AT marka otomobille \u00e7arp\u0131\u015ft\u0131\u011f\u0131 kazada a\u011f\u0131r yaralanan ilkokul \u00f6\u011fretmeni Hasan \u00c7ak\u0131r hayat\u0131n\u0131 kaybetti.<\/p>\n<p>Kaza, Antakya il\u00e7esi Ekinci Mahallesi otogar \u00fcst ge\u00e7itte ya\u015fand\u0131. S\u00fcr\u00fcc\u00fcs\u00fcn\u00fcn direksiyon hakimiyetini kaybetti\u011fi E.S. idaresindeki 31 AU 991 plakal\u0131 minib\u00fcs, kar\u015f\u0131 \u015feride ge\u00e7erek Hasan \u00c7ak\u0131r y\u00f6netimindeki 31 AAT 79 plakal\u0131 Fiat marka otomobille \u00e7arp\u0131\u015ft\u0131. Otomobilin hurdaya d\u00f6nd\u00fc\u011f\u00fc kazada Hasan \u00c7ak\u0131r a\u011f\u0131r olmak \u00fczere 5 ki\u015fi yaraland\u0131. \u0130hbar \u00fczerine olay yerine polis, ambulans ve itfaiye ekipleri sevk edildi. K\u0131sa s\u00fcrede b\u00f6lgeye gelen Hatay B\u00fcy\u00fck\u015fehir Belediyesine ba\u011fl\u0131 itfaiye ekipleri, ara\u00e7larda s\u0131k\u0131\u015fan 5 ki\u015fi kurtararak sa\u011fl\u0131k ekiplerine teslim edildi. Sa\u011fl\u0131k ekiplerin ilk m\u00fcdahalesinin ard\u0131ndan yaral\u0131lar Hatay E\u011fitim ve Ara\u015ft\u0131rma Hastanesi&#8217;ne kald\u0131r\u0131ld\u0131. Hastanede yap\u0131lan t\u00fcm m\u00fcdahalelere ra\u011fmen Hasan \u00c7ak\u0131r, hayat\u0131n\u0131 kaybetti. Kazada \u00f6len Hasan \u00c7ak\u0131r&#8217;\u0131n Alt\u0131n\u00f6z\u00fc il\u00e7esi Sofular Mahallesi&#8217;nde bulunan Sofular \u0130lkokulu&#8217;nda \u00f6\u011fretmen olarak g\u00f6rev yapt\u0131\u011f\u0131 \u00f6\u011frenildi.<br \/>\nPolis ekipleri kazayla inceleme ba\u015flatt\u0131.<\/p>\n<p>31.01.2026<\/p>\n","protected":false},"excerpt":{"rendered":"<p>Hatay&#8217;da kontrolden \u00e7\u0131kan minib\u00fcs\u00fcn kar\u015f\u0131 \u015feride ge\u00e7erek F\u0130AT marka otomobille \u00e7arp\u0131\u015ft\u0131\u011f\u0131 kazada a\u011f\u0131r yaralanan ilkokul \u00f6\u011fretmeni Hasan \u00c7ak\u0131r hayat\u0131n\u0131 kaybetti. Kaza, Antakya il\u00e7esi Ekinci Mahallesi otogar \u00fcst ge\u00e7itte ya\u015fand\u0131. S\u00fcr\u00fcc\u00fcs\u00fcn\u00fcn direksiyon hakimiyetini kaybetti\u011fi E.S. idaresindeki 31 AU 991 plakal\u0131 minib\u00fcs, kar\u015f\u0131 \u015feride ge\u00e7erek Hasan \u00c7ak\u0131r y\u00f6netimindeki 31 AAT 79 plakal\u0131 Fiat marka otomobille \u00e7arp\u0131\u015ft\u0131. Otomobilin [&hellip;]<\/p>\n","protected":false},"author":1,"featured_media":17024,"comment_status":"open","ping_status":"open","sticky":false,"template":"","format":"standard","meta":{"footnotes":""},"categories":[1],"tags":[675],"class_list":["post-17023","post","type-post","status-publish","format-standard","has-post-thumbnail","hentry","category-genel","tag-hurda-yiginina-dondu"],"yoast_head":"<!-- This site is optimized with the Yoast SEO plugin v27.4 - https:\/\/yoast.com\/product\/yoast-seo-wordpress\/ -->\n<title>Hurdaya d\u00f6nen otomobil \u00f6\u011fretmene mezar oldu - Memurun Sesi<\/title>\n<meta name=\"description\" content=\"Hatay&#039;da kontrolden \u00e7\u0131kan minib\u00fcs\u00fcn kar\u015f\u0131 \u015feride ge\u00e7erek F\u0130AT marka otomobille \u00e7arp\u0131\u015ft\u0131\u011f\u0131 kazada a\u011f\u0131r yaralanan ilkokul \u00f6\u011fretmeni Hasan \u00c7ak\u0131r hayat\u0131n\u0131 kaybetti.\" \/>\n<meta name=\"robots\" content=\"index, follow, max-snippet:-1, max-image-preview:large, max-video-preview:-1\" \/>\n<link rel=\"canonical\" href=\"https:\/\/memurunsesi.net\/index.php\/2026\/01\/31\/hurdaya-donen-otomobil-ogretmene-mezar-oldu\/\" \/>\n<meta property=\"og:locale\" content=\"tr_TR\" \/>\n<meta property=\"og:type\" content=\"article\" \/>\n<meta property=\"og:title\" content=\"Hurdaya d\u00f6nen otomobil \u00f6\u011fretmene mezar oldu - Memurun Sesi\" \/>\n<meta property=\"og:description\" content=\"Hatay&#039;da kontrolden \u00e7\u0131kan minib\u00fcs\u00fcn kar\u015f\u0131 \u015feride ge\u00e7erek F\u0130AT marka otomobille \u00e7arp\u0131\u015ft\u0131\u011f\u0131 kazada a\u011f\u0131r yaralanan ilkokul \u00f6\u011fretmeni Hasan \u00c7ak\u0131r hayat\u0131n\u0131 kaybetti.\" \/>\n<meta property=\"og:url\" content=\"https:\/\/memurunsesi.net\/index.php\/2026\/01\/31\/hurdaya-donen-otomobil-ogretmene-mezar-oldu\/\" \/>\n<meta property=\"og:site_name\" content=\"Memurun Sesi\" \/>\n<meta property=\"article:publisher\" content=\"https:\/\/www.facebook.com\/unipersen\/?locale=tr_TR\" \/>\n<meta property=\"article:published_time\" content=\"2026-01-31T05:52:28+00:00\" \/>\n<meta property=\"og:image\" content=\"https:\/\/memurunsesi.net\/wp-content\/uploads\/2026\/01\/hurda-3-scaled.jpg\" \/>\n\t<meta property=\"og:image:width\" content=\"2560\" \/>\n\t<meta property=\"og:image:height\" content=\"1920\" \/>\n\t<meta property=\"og:image:type\" content=\"image\/jpeg\" \/>\n<meta name=\"author\" content=\"Memurun Sesi Haber Merkezi\" \/>\n<meta name=\"twitter:card\" content=\"summary_large_image\" \/>\n<meta name=\"twitter:creator\" content=\"@unipersen\" \/>\n<meta name=\"twitter:site\" content=\"@unipersen\" \/>\n<meta name=\"twitter:label1\" content=\"Yazan:\" \/>\n\t<meta name=\"twitter:data1\" content=\"Memurun Sesi Haber Merkezi\" \/>\n\t<meta name=\"twitter:label2\" content=\"Tahmini okuma s\u00fcresi\" \/>\n\t<meta name=\"twitter:data2\" content=\"2 dakika\" \/>\n<script type=\"application\/ld+json\" class=\"yoast-schema-graph\">{\"@context\":\"https:\\\/\\\/schema.org\",\"@graph\":[{\"@type\":\"Article\",\"@id\":\"https:\\\/\\\/memurunsesi.net\\\/index.php\\\/2026\\\/01\\\/31\\\/hurdaya-donen-otomobil-ogretmene-mezar-oldu\\\/#article\",\"isPartOf\":{\"@id\":\"https:\\\/\\\/memurunsesi.net\\\/index.php\\\/2026\\\/01\\\/31\\\/hurdaya-donen-otomobil-ogretmene-mezar-oldu\\\/\"},\"author\":{\"name\":\"Memurun Sesi Haber Merkezi\",\"@id\":\"https:\\\/\\\/memurunsesi.net\\\/#\\\/schema\\\/person\\\/f21c2d73b89f6ee1d80b0a1803e38587\"},\"headline\":\"Hurdaya d\u00f6nen otomobil \u00f6\u011fretmene mezar oldu\",\"datePublished\":\"2026-01-31T05:52:28+00:00\",\"mainEntityOfPage\":{\"@id\":\"https:\\\/\\\/memurunsesi.net\\\/index.php\\\/2026\\\/01\\\/31\\\/hurdaya-donen-otomobil-ogretmene-mezar-oldu\\\/\"},\"wordCount\":206,\"commentCount\":0,\"publisher\":{\"@id\":\"https:\\\/\\\/memurunsesi.net\\\/#organization\"},\"image\":{\"@id\":\"https:\\\/\\\/memurunsesi.net\\\/index.php\\\/2026\\\/01\\\/31\\\/hurdaya-donen-otomobil-ogretmene-mezar-oldu\\\/#primaryimage\"},\"thumbnailUrl\":\"https:\\\/\\\/memurunsesi.net\\\/wp-content\\\/uploads\\\/2026\\\/01\\\/hurda-3-scaled.jpg\",\"keywords\":[\"hurda y\u0131\u011f\u0131n\u0131na d\u00f6nd\u00fc\"],\"inLanguage\":\"tr\",\"potentialAction\":[{\"@type\":\"CommentAction\",\"name\":\"Comment\",\"target\":[\"https:\\\/\\\/memurunsesi.net\\\/index.php\\\/2026\\\/01\\\/31\\\/hurdaya-donen-otomobil-ogretmene-mezar-oldu\\\/#respond\"]}]},{\"@type\":\"WebPage\",\"@id\":\"https:\\\/\\\/memurunsesi.net\\\/index.php\\\/2026\\\/01\\\/31\\\/hurdaya-donen-otomobil-ogretmene-mezar-oldu\\\/\",\"url\":\"https:\\\/\\\/memurunsesi.net\\\/index.php\\\/2026\\\/01\\\/31\\\/hurdaya-donen-otomobil-ogretmene-mezar-oldu\\\/\",\"name\":\"Hurdaya d\u00f6nen otomobil \u00f6\u011fretmene mezar oldu - Memurun Sesi\",\"isPartOf\":{\"@id\":\"https:\\\/\\\/memurunsesi.net\\\/#website\"},\"primaryImageOfPage\":{\"@id\":\"https:\\\/\\\/memurunsesi.net\\\/index.php\\\/2026\\\/01\\\/31\\\/hurdaya-donen-otomobil-ogretmene-mezar-oldu\\\/#primaryimage\"},\"image\":{\"@id\":\"https:\\\/\\\/memurunsesi.net\\\/index.php\\\/2026\\\/01\\\/31\\\/hurdaya-donen-otomobil-ogretmene-mezar-oldu\\\/#primaryimage\"},\"thumbnailUrl\":\"https:\\\/\\\/memurunsesi.net\\\/wp-content\\\/uploads\\\/2026\\\/01\\\/hurda-3-scaled.jpg\",\"datePublished\":\"2026-01-31T05:52:28+00:00\",\"description\":\"Hatay'da kontrolden \u00e7\u0131kan minib\u00fcs\u00fcn kar\u015f\u0131 \u015feride ge\u00e7erek F\u0130AT marka otomobille \u00e7arp\u0131\u015ft\u0131\u011f\u0131 kazada a\u011f\u0131r yaralanan ilkokul \u00f6\u011fretmeni Hasan \u00c7ak\u0131r hayat\u0131n\u0131 kaybetti.\",\"breadcrumb\":{\"@id\":\"https:\\\/\\\/memurunsesi.net\\\/index.php\\\/2026\\\/01\\\/31\\\/hurdaya-donen-otomobil-ogretmene-mezar-oldu\\\/#breadcrumb\"},\"inLanguage\":\"tr\",\"potentialAction\":[{\"@type\":\"ReadAction\",\"target\":[\"https:\\\/\\\/memurunsesi.net\\\/index.php\\\/2026\\\/01\\\/31\\\/hurdaya-donen-otomobil-ogretmene-mezar-oldu\\\/\"]}]},{\"@type\":\"ImageObject\",\"inLanguage\":\"tr\",\"@id\":\"https:\\\/\\\/memurunsesi.net\\\/index.php\\\/2026\\\/01\\\/31\\\/hurdaya-donen-otomobil-ogretmene-mezar-oldu\\\/#primaryimage\",\"url\":\"https:\\\/\\\/memurunsesi.net\\\/wp-content\\\/uploads\\\/2026\\\/01\\\/hurda-3-scaled.jpg\",\"contentUrl\":\"https:\\\/\\\/memurunsesi.net\\\/wp-content\\\/uploads\\\/2026\\\/01\\\/hurda-3-scaled.jpg\",\"width\":2560,\"height\":1920,\"caption\":\"HATAY'DA KONTROLDEN \u00c7IKAN M\u0130N\u0130B\u00dcS\u00dcN KAR\u015eI \u015eER\u0130DE GE\u00c7EREK OTOMOB\u0130LLE \u00c7ARPI\u015eTI\u011eI KAZADA 1'\u0130 \u00d6L 4 K\u0130\u015e\u0130 YARALANDI. M\u0130N\u0130B\u00dcS\u00dcN \u00c7ARPTI\u011eI OTOMOB\u0130LDE BULUNAN \u0130LKOKUL \u00d6\u011eRETMEN\u0130 HASAN \u00c7AKIR, HASTANEDE YAPILAN M\u00dcDAHALELERE RA\u011eMEN HAYATINI KAYBETT\u0130. (RAMAZAN \u0130LIN\\\/HATAY-\u0130HA) Hatay'da kontrolden \u00e7\u0131kan minib\u00fcs\u00fcn kar\u015f\u0131 \u015feride ge\u00e7erek F\u0130AT marka otomobille \u00e7arp\u0131\u015ft\u0131\u011f\u0131 kazada a\u011f\u0131r yaralanan ilkokul \u00f6\u011fretmeni Hasan \u00c7ak\u0131r hayat\u0131n\u0131 kaybetti.\"},{\"@type\":\"BreadcrumbList\",\"@id\":\"https:\\\/\\\/memurunsesi.net\\\/index.php\\\/2026\\\/01\\\/31\\\/hurdaya-donen-otomobil-ogretmene-mezar-oldu\\\/#breadcrumb\",\"itemListElement\":[{\"@type\":\"ListItem\",\"position\":1,\"name\":\"Anasayfa\",\"item\":\"https:\\\/\\\/memurunsesi.net\\\/\"},{\"@type\":\"ListItem\",\"position\":2,\"name\":\"Hurdaya d\u00f6nen otomobil \u00f6\u011fretmene mezar oldu\"}]},{\"@type\":\"WebSite\",\"@id\":\"https:\\\/\\\/memurunsesi.net\\\/#website\",\"url\":\"https:\\\/\\\/memurunsesi.net\\\/\",\"name\":\"Memurun Sesi\",\"description\":\"G\u00fcncel ve Do\u011fru Haber\",\"publisher\":{\"@id\":\"https:\\\/\\\/memurunsesi.net\\\/#organization\"},\"potentialAction\":[{\"@type\":\"SearchAction\",\"target\":{\"@type\":\"EntryPoint\",\"urlTemplate\":\"https:\\\/\\\/memurunsesi.net\\\/?s={search_term_string}\"},\"query-input\":{\"@type\":\"PropertyValueSpecification\",\"valueRequired\":true,\"valueName\":\"search_term_string\"}}],\"inLanguage\":\"tr\"},{\"@type\":\"Organization\",\"@id\":\"https:\\\/\\\/memurunsesi.net\\\/#organization\",\"name\":\"Memurun Sesi\",\"url\":\"https:\\\/\\\/memurunsesi.net\\\/\",\"logo\":{\"@type\":\"ImageObject\",\"inLanguage\":\"tr\",\"@id\":\"https:\\\/\\\/memurunsesi.net\\\/#\\\/schema\\\/logo\\\/image\\\/\",\"url\":\"https:\\\/\\\/memurunsesi.net\\\/wp-content\\\/uploads\\\/2025\\\/11\\\/cropped-MEMURUN-SESI.png\",\"contentUrl\":\"https:\\\/\\\/memurunsesi.net\\\/wp-content\\\/uploads\\\/2025\\\/11\\\/cropped-MEMURUN-SESI.png\",\"width\":238,\"height\":57,\"caption\":\"Memurun Sesi\"},\"image\":{\"@id\":\"https:\\\/\\\/memurunsesi.net\\\/#\\\/schema\\\/logo\\\/image\\\/\"},\"sameAs\":[\"https:\\\/\\\/www.facebook.com\\\/unipersen\\\/?locale=tr_TR\",\"https:\\\/\\\/x.com\\\/unipersen\"]},{\"@type\":\"Person\",\"@id\":\"https:\\\/\\\/memurunsesi.net\\\/#\\\/schema\\\/person\\\/f21c2d73b89f6ee1d80b0a1803e38587\",\"name\":\"Memurun Sesi Haber Merkezi\",\"image\":{\"@type\":\"ImageObject\",\"inLanguage\":\"tr\",\"@id\":\"https:\\\/\\\/secure.gravatar.com\\\/avatar\\\/6cf0505f452ee753f485014986fab09a434671d2b919ee76fc541025c5876a70?s=96&d=mm&r=g\",\"url\":\"https:\\\/\\\/secure.gravatar.com\\\/avatar\\\/6cf0505f452ee753f485014986fab09a434671d2b919ee76fc541025c5876a70?s=96&d=mm&r=g\",\"contentUrl\":\"https:\\\/\\\/secure.gravatar.com\\\/avatar\\\/6cf0505f452ee753f485014986fab09a434671d2b919ee76fc541025c5876a70?s=96&d=mm&r=g\",\"caption\":\"Memurun Sesi Haber Merkezi\"},\"sameAs\":[\"https:\\\/\\\/memurunsesi.net\"],\"url\":\"https:\\\/\\\/memurunsesi.net\\\/index.php\\\/author\\\/uniper\\\/\"}]}<\/script>\n<!-- \/ Yoast SEO plugin. -->","yoast_head_json":{"title":"Hurdaya d\u00f6nen otomobil \u00f6\u011fretmene mezar oldu - Memurun Sesi","description":"Hatay'da kontrolden \u00e7\u0131kan minib\u00fcs\u00fcn kar\u015f\u0131 \u015feride ge\u00e7erek F\u0130AT marka otomobille \u00e7arp\u0131\u015ft\u0131\u011f\u0131 kazada a\u011f\u0131r yaralanan ilkokul \u00f6\u011fretmeni Hasan \u00c7ak\u0131r hayat\u0131n\u0131 kaybetti.","robots":{"index":"index","follow":"follow","max-snippet":"max-snippet:-1","max-image-preview":"max-image-preview:large","max-video-preview":"max-video-preview:-1"},"canonical":"https:\/\/memurunsesi.net\/index.php\/2026\/01\/31\/hurdaya-donen-otomobil-ogretmene-mezar-oldu\/","og_locale":"tr_TR","og_type":"article","og_title":"Hurdaya d\u00f6nen otomobil \u00f6\u011fretmene mezar oldu - Memurun Sesi","og_description":"Hatay'da kontrolden \u00e7\u0131kan minib\u00fcs\u00fcn kar\u015f\u0131 \u015feride ge\u00e7erek F\u0130AT marka otomobille \u00e7arp\u0131\u015ft\u0131\u011f\u0131 kazada a\u011f\u0131r yaralanan ilkokul \u00f6\u011fretmeni Hasan \u00c7ak\u0131r hayat\u0131n\u0131 kaybetti.","og_url":"https:\/\/memurunsesi.net\/index.php\/2026\/01\/31\/hurdaya-donen-otomobil-ogretmene-mezar-oldu\/","og_site_name":"Memurun Sesi","article_publisher":"https:\/\/www.facebook.com\/unipersen\/?locale=tr_TR","article_published_time":"2026-01-31T05:52:28+00:00","og_image":[{"width":2560,"height":1920,"url":"https:\/\/memurunsesi.net\/wp-content\/uploads\/2026\/01\/hurda-3-scaled.jpg","type":"image\/jpeg"}],"author":"Memurun Sesi Haber Merkezi","twitter_card":"summary_large_image","twitter_creator":"@unipersen","twitter_site":"@unipersen","twitter_misc":{"Yazan:":"Memurun Sesi Haber Merkezi","Tahmini okuma s\u00fcresi":"2 dakika"},"schema":{"@context":"https:\/\/schema.org","@graph":[{"@type":"Article","@id":"https:\/\/memurunsesi.net\/index.php\/2026\/01\/31\/hurdaya-donen-otomobil-ogretmene-mezar-oldu\/#article","isPartOf":{"@id":"https:\/\/memurunsesi.net\/index.php\/2026\/01\/31\/hurdaya-donen-otomobil-ogretmene-mezar-oldu\/"},"author":{"name":"Memurun Sesi Haber Merkezi","@id":"https:\/\/memurunsesi.net\/#\/schema\/person\/f21c2d73b89f6ee1d80b0a1803e38587"},"headline":"Hurdaya d\u00f6nen otomobil \u00f6\u011fretmene mezar oldu","datePublished":"2026-01-31T05:52:28+00:00","mainEntityOfPage":{"@id":"https:\/\/memurunsesi.net\/index.php\/2026\/01\/31\/hurdaya-donen-otomobil-ogretmene-mezar-oldu\/"},"wordCount":206,"commentCount":0,"publisher":{"@id":"https:\/\/memurunsesi.net\/#organization"},"image":{"@id":"https:\/\/memurunsesi.net\/index.php\/2026\/01\/31\/hurdaya-donen-otomobil-ogretmene-mezar-oldu\/#primaryimage"},"thumbnailUrl":"https:\/\/memurunsesi.net\/wp-content\/uploads\/2026\/01\/hurda-3-scaled.jpg","keywords":["hurda y\u0131\u011f\u0131n\u0131na d\u00f6nd\u00fc"],"inLanguage":"tr","potentialAction":[{"@type":"CommentAction","name":"Comment","target":["https:\/\/memurunsesi.net\/index.php\/2026\/01\/31\/hurdaya-donen-otomobil-ogretmene-mezar-oldu\/#respond"]}]},{"@type":"WebPage","@id":"https:\/\/memurunsesi.net\/index.php\/2026\/01\/31\/hurdaya-donen-otomobil-ogretmene-mezar-oldu\/","url":"https:\/\/memurunsesi.net\/index.php\/2026\/01\/31\/hurdaya-donen-otomobil-ogretmene-mezar-oldu\/","name":"Hurdaya d\u00f6nen otomobil \u00f6\u011fretmene mezar oldu - Memurun Sesi","isPartOf":{"@id":"https:\/\/memurunsesi.net\/#website"},"primaryImageOfPage":{"@id":"https:\/\/memurunsesi.net\/index.php\/2026\/01\/31\/hurdaya-donen-otomobil-ogretmene-mezar-oldu\/#primaryimage"},"image":{"@id":"https:\/\/memurunsesi.net\/index.php\/2026\/01\/31\/hurdaya-donen-otomobil-ogretmene-mezar-oldu\/#primaryimage"},"thumbnailUrl":"https:\/\/memurunsesi.net\/wp-content\/uploads\/2026\/01\/hurda-3-scaled.jpg","datePublished":"2026-01-31T05:52:28+00:00","description":"Hatay'da kontrolden \u00e7\u0131kan minib\u00fcs\u00fcn kar\u015f\u0131 \u015feride ge\u00e7erek F\u0130AT marka otomobille \u00e7arp\u0131\u015ft\u0131\u011f\u0131 kazada a\u011f\u0131r yaralanan ilkokul \u00f6\u011fretmeni Hasan \u00c7ak\u0131r hayat\u0131n\u0131 kaybetti.","breadcrumb":{"@id":"https:\/\/memurunsesi.net\/index.php\/2026\/01\/31\/hurdaya-donen-otomobil-ogretmene-mezar-oldu\/#breadcrumb"},"inLanguage":"tr","potentialAction":[{"@type":"ReadAction","target":["https:\/\/memurunsesi.net\/index.php\/2026\/01\/31\/hurdaya-donen-otomobil-ogretmene-mezar-oldu\/"]}]},{"@type":"ImageObject","inLanguage":"tr","@id":"https:\/\/memurunsesi.net\/index.php\/2026\/01\/31\/hurdaya-donen-otomobil-ogretmene-mezar-oldu\/#primaryimage","url":"https:\/\/memurunsesi.net\/wp-content\/uploads\/2026\/01\/hurda-3-scaled.jpg","contentUrl":"https:\/\/memurunsesi.net\/wp-content\/uploads\/2026\/01\/hurda-3-scaled.jpg","width":2560,"height":1920,"caption":"HATAY'DA KONTROLDEN \u00c7IKAN M\u0130N\u0130B\u00dcS\u00dcN KAR\u015eI \u015eER\u0130DE GE\u00c7EREK OTOMOB\u0130LLE \u00c7ARPI\u015eTI\u011eI KAZADA 1'\u0130 \u00d6L 4 K\u0130\u015e\u0130 YARALANDI. M\u0130N\u0130B\u00dcS\u00dcN \u00c7ARPTI\u011eI OTOMOB\u0130LDE BULUNAN \u0130LKOKUL \u00d6\u011eRETMEN\u0130 HASAN \u00c7AKIR, HASTANEDE YAPILAN M\u00dcDAHALELERE RA\u011eMEN HAYATINI KAYBETT\u0130. (RAMAZAN \u0130LIN\/HATAY-\u0130HA) Hatay'da kontrolden \u00e7\u0131kan minib\u00fcs\u00fcn kar\u015f\u0131 \u015feride ge\u00e7erek F\u0130AT marka otomobille \u00e7arp\u0131\u015ft\u0131\u011f\u0131 kazada a\u011f\u0131r yaralanan ilkokul \u00f6\u011fretmeni Hasan \u00c7ak\u0131r hayat\u0131n\u0131 kaybetti."},{"@type":"BreadcrumbList","@id":"https:\/\/memurunsesi.net\/index.php\/2026\/01\/31\/hurdaya-donen-otomobil-ogretmene-mezar-oldu\/#breadcrumb","itemListElement":[{"@type":"ListItem","position":1,"name":"Anasayfa","item":"https:\/\/memurunsesi.net\/"},{"@type":"ListItem","position":2,"name":"Hurdaya d\u00f6nen otomobil \u00f6\u011fretmene mezar oldu"}]},{"@type":"WebSite","@id":"https:\/\/memurunsesi.net\/#website","url":"https:\/\/memurunsesi.net\/","name":"Memurun Sesi","description":"G\u00fcncel ve Do\u011fru Haber","publisher":{"@id":"https:\/\/memurunsesi.net\/#organization"},"potentialAction":[{"@type":"SearchAction","target":{"@type":"EntryPoint","urlTemplate":"https:\/\/memurunsesi.net\/?s={search_term_string}"},"query-input":{"@type":"PropertyValueSpecification","valueRequired":true,"valueName":"search_term_string"}}],"inLanguage":"tr"},{"@type":"Organization","@id":"https:\/\/memurunsesi.net\/#organization","name":"Memurun Sesi","url":"https:\/\/memurunsesi.net\/","logo":{"@type":"ImageObject","inLanguage":"tr","@id":"https:\/\/memurunsesi.net\/#\/schema\/logo\/image\/","url":"https:\/\/memurunsesi.net\/wp-content\/uploads\/2025\/11\/cropped-MEMURUN-SESI.png","contentUrl":"https:\/\/memurunsesi.net\/wp-content\/uploads\/2025\/11\/cropped-MEMURUN-SESI.png","width":238,"height":57,"caption":"Memurun Sesi"},"image":{"@id":"https:\/\/memurunsesi.net\/#\/schema\/logo\/image\/"},"sameAs":["https:\/\/www.facebook.com\/unipersen\/?locale=tr_TR","https:\/\/x.com\/unipersen"]},{"@type":"Person","@id":"https:\/\/memurunsesi.net\/#\/schema\/person\/f21c2d73b89f6ee1d80b0a1803e38587","name":"Memurun Sesi Haber Merkezi","image":{"@type":"ImageObject","inLanguage":"tr","@id":"https:\/\/secure.gravatar.com\/avatar\/6cf0505f452ee753f485014986fab09a434671d2b919ee76fc541025c5876a70?s=96&d=mm&r=g","url":"https:\/\/secure.gravatar.com\/avatar\/6cf0505f452ee753f485014986fab09a434671d2b919ee76fc541025c5876a70?s=96&d=mm&r=g","contentUrl":"https:\/\/secure.gravatar.com\/avatar\/6cf0505f452ee753f485014986fab09a434671d2b919ee76fc541025c5876a70?s=96&d=mm&r=g","caption":"Memurun Sesi Haber Merkezi"},"sameAs":["https:\/\/memurunsesi.net"],"url":"https:\/\/memurunsesi.net\/index.php\/author\/uniper\/"}]}},"_links":{"self":[{"href":"https:\/\/memurunsesi.net\/index.php\/wp-json\/wp\/v2\/posts\/17023","targetHints":{"allow":["GET"]}}],"collection":[{"href":"https:\/\/memurunsesi.net\/index.php\/wp-json\/wp\/v2\/posts"}],"about":[{"href":"https:\/\/memurunsesi.net\/index.php\/wp-json\/wp\/v2\/types\/post"}],"author":[{"embeddable":true,"href":"https:\/\/memurunsesi.net\/index.php\/wp-json\/wp\/v2\/users\/1"}],"replies":[{"embeddable":true,"href":"https:\/\/memurunsesi.net\/index.php\/wp-json\/wp\/v2\/comments?post=17023"}],"version-history":[{"count":1,"href":"https:\/\/memurunsesi.net\/index.php\/wp-json\/wp\/v2\/posts\/17023\/revisions"}],"predecessor-version":[{"id":17025,"href":"https:\/\/memurunsesi.net\/index.php\/wp-json\/wp\/v2\/posts\/17023\/revisions\/17025"}],"wp:featuredmedia":[{"embeddable":true,"href":"https:\/\/memurunsesi.net\/index.php\/wp-json\/wp\/v2\/media\/17024"}],"wp:attachment":[{"href":"https:\/\/memurunsesi.net\/index.php\/wp-json\/wp\/v2\/media?parent=17023"}],"wp:term":[{"taxonomy":"category","embeddable":true,"href":"https:\/\/memurunsesi.net\/index.php\/wp-json\/wp\/v2\/categories?post=17023"},{"taxonomy":"post_tag","embeddable":true,"href":"https:\/\/memurunsesi.net\/index.php\/wp-json\/wp\/v2\/tags?post=17023"}],"curies":[{"name":"wp","href":"https:\/\/api.w.org\/{rel}","templated":true}]}}