{"id":17039,"date":"2026-01-31T09:16:58","date_gmt":"2026-01-31T06:16:58","guid":{"rendered":"https:\/\/memurunsesi.net\/?p=17039"},"modified":"2026-01-31T09:16:58","modified_gmt":"2026-01-31T06:16:58","slug":"kbu-cevre-dostu-faz-degistiren-malzeme-gelistirdi","status":"publish","type":"post","link":"https:\/\/memurunsesi.net\/index.php\/2026\/01\/31\/kbu-cevre-dostu-faz-degistiren-malzeme-gelistirdi\/","title":{"rendered":"KB\u00dc \u00e7evre dostu faz de\u011fi\u015ftiren malzeme geli\u015ftirdi"},"content":{"rendered":"<p>Karab\u00fck \u00dcniversitesi(KB\u00dc), Kardemir\u2019den \u00e7\u0131kan sanayi at\u0131klar\u0131n\u0131 enerji verimli yap\u0131 malzemesine d\u00f6n\u00fc\u015ft\u00fcrmeyi hedefleyen projesiyle s\u00fcrd\u00fcr\u00fclebilir mimarl\u0131\u011fa katk\u0131 sunmay\u0131 ama\u00e7l\u0131yor.<br \/>\nKarab\u00fck \u00dcniversitesi, sanayi at\u0131klar\u0131n\u0131n yap\u0131 sekt\u00f6r\u00fcnde yeniden de\u011ferlendirilmesine y\u00f6nelik bir ara\u015ft\u0131rma y\u00fcr\u00fct\u00fcyor. \u00c7al\u0131\u015fma, enerji verimlili\u011fi ve d\u00f6ng\u00fcsel ekonomi oda\u011f\u0131nda geli\u015ftiriliyor.<br \/>\nMimarl\u0131k Fak\u00fcltesi \u00d6\u011fretim \u00dcyesi Do\u00e7. Dr. Merve Tuna Kay\u0131l\u0131 dan\u0131\u015fmanl\u0131\u011f\u0131nda, Ar\u015f. G\u00f6r. Ebru K\u0131l\u0131\u00e7 Bak\u0131rhan taraf\u0131ndan y\u00fcr\u00fct\u00fclen proje, T\u00fcrkiye Bilimsel ve Teknolojik Ara\u015ft\u0131rma Kurumu (T\u00dcB\u0130TAK) 1002 H\u0131zl\u0131 Destek Program\u0131 ve 1002-A Mod\u00fcl\u00fc kapsam\u0131nda destek almaya hak kazand\u0131.<br \/>\nProje, Kardemir Demir \u00c7elik Fabrikas\u0131n\u0131n sinter tesislerinden \u00e7\u0131kan ve y\u0131ll\u0131k yakla\u015f\u0131k 50 bin ton \u00fcretilen MEROS at\u0131\u011f\u0131n\u0131n (sinter k\u00fcl\u00fc) yeniden kullan\u0131m\u0131na odaklan\u0131yor. At\u0131\u011f\u0131n, enerji verimlili\u011fi sa\u011flayan bir yap\u0131 malzemesine d\u00f6n\u00fc\u015ft\u00fcr\u00fclmesi hedefleniyor.<br \/>\n\u00d6n testlerde, MEROS at\u0131\u011f\u0131n\u0131n \u0131s\u0131y\u0131 depolay\u0131p geri salma \u00f6zelli\u011finin malzeme geli\u015ftirme s\u00fcrecinde kullan\u0131labilece\u011fi belirlendi. Geli\u015ftirilecek malzemenin duvar ve cephe sistemlerine entegre edilmesi planlan\u0131yor.<br \/>\nBu sayede i\u00e7 mek\u00e2n s\u0131cakl\u0131\u011f\u0131n\u0131n dengelenmesi ve pasif \u0131s\u0131tma-so\u011futma sa\u011flanmas\u0131 ama\u00e7lan\u0131yor. Uygulaman\u0131n, binalarda enerji t\u00fcketimini azaltmas\u0131 bekleniyor.<br \/>\nDo\u00e7. Dr. Merve Tuna Kay\u0131l\u0131, \u00e7al\u0131\u015fman\u0131n hem enerji verimlili\u011fi hem de d\u00f6ng\u00fcsel ekonomi a\u00e7\u0131s\u0131ndan \u00f6nem ta\u015f\u0131d\u0131\u011f\u0131n\u0131 belirtti. Kay\u0131l\u0131, sanayi at\u0131klar\u0131n\u0131n yeniden de\u011ferlendirilmesinin s\u00fcrd\u00fcr\u00fclebilir mimarl\u0131k i\u00e7in \u00f6nemli bir ad\u0131m oldu\u011funu ifade etti.<br \/>\n\u00c7al\u0131\u015fman\u0131n tamamlanmas\u0131yla enerji verimlili\u011fi y\u00fcksek ve \u00e7evresel etkisi azalt\u0131lm\u0131\u015f yap\u0131 malzemelerinin geli\u015ftirilmesi planlan\u0131yor. Projenin, at\u0131k y\u00f6netimine y\u00f6nelik \u00f6rnek bir model olu\u015fturmas\u0131 hedefleniyor.<\/p>\n<p>30.01.2026<\/p>\n","protected":false},"excerpt":{"rendered":"<p>Karab\u00fck \u00dcniversitesi(KB\u00dc), Kardemir\u2019den \u00e7\u0131kan sanayi at\u0131klar\u0131n\u0131 enerji verimli yap\u0131 malzemesine d\u00f6n\u00fc\u015ft\u00fcrmeyi hedefleyen projesiyle s\u00fcrd\u00fcr\u00fclebilir mimarl\u0131\u011fa katk\u0131 sunmay\u0131 ama\u00e7l\u0131yor. Karab\u00fck \u00dcniversitesi, sanayi at\u0131klar\u0131n\u0131n yap\u0131 sekt\u00f6r\u00fcnde yeniden de\u011ferlendirilmesine y\u00f6nelik bir ara\u015ft\u0131rma y\u00fcr\u00fct\u00fcyor. \u00c7al\u0131\u015fma, enerji verimlili\u011fi ve d\u00f6ng\u00fcsel ekonomi oda\u011f\u0131nda geli\u015ftiriliyor. Mimarl\u0131k Fak\u00fcltesi \u00d6\u011fretim \u00dcyesi Do\u00e7. Dr. Merve Tuna Kay\u0131l\u0131 dan\u0131\u015fmanl\u0131\u011f\u0131nda, Ar\u015f. G\u00f6r. Ebru K\u0131l\u0131\u00e7 Bak\u0131rhan taraf\u0131ndan y\u00fcr\u00fct\u00fclen [&hellip;]<\/p>\n","protected":false},"author":1,"featured_media":17040,"comment_status":"open","ping_status":"open","sticky":false,"template":"","format":"standard","meta":{"footnotes":""},"categories":[47],"tags":[1015],"class_list":["post-17039","post","type-post","status-publish","format-standard","has-post-thumbnail","hentry","category-universiteden-haberler","tag-universiteden-haberler"],"yoast_head":"<!-- This site is optimized with the Yoast SEO plugin v27.4 - https:\/\/yoast.com\/product\/yoast-seo-wordpress\/ -->\n<title>KB\u00dc \u00e7evre dostu faz de\u011fi\u015ftiren malzeme geli\u015ftirdi - Memurun Sesi<\/title>\n<meta name=\"description\" content=\"Karab\u00fck \u00dcniversitesi(KB\u00dc), Kardemir\u2019den \u00e7\u0131kan sanayi at\u0131klar\u0131n\u0131 enerji verimli yap\u0131 malzemesine d\u00f6n\u00fc\u015ft\u00fcrmeyi hedefleyen projesiyle s\u00fcrd\u00fcr\u00fclebilir mimarl\u0131\u011fa katk\u0131 sunmay\u0131 ama\u00e7l\u0131yor.\" \/>\n<meta name=\"robots\" content=\"index, follow, max-snippet:-1, max-image-preview:large, max-video-preview:-1\" \/>\n<link rel=\"canonical\" href=\"https:\/\/memurunsesi.net\/index.php\/2026\/01\/31\/kbu-cevre-dostu-faz-degistiren-malzeme-gelistirdi\/\" \/>\n<meta property=\"og:locale\" content=\"tr_TR\" \/>\n<meta property=\"og:type\" content=\"article\" \/>\n<meta property=\"og:title\" content=\"KB\u00dc \u00e7evre dostu faz de\u011fi\u015ftiren malzeme geli\u015ftirdi - Memurun Sesi\" \/>\n<meta property=\"og:description\" content=\"Karab\u00fck \u00dcniversitesi(KB\u00dc), Kardemir\u2019den \u00e7\u0131kan sanayi at\u0131klar\u0131n\u0131 enerji verimli yap\u0131 malzemesine d\u00f6n\u00fc\u015ft\u00fcrmeyi hedefleyen projesiyle s\u00fcrd\u00fcr\u00fclebilir mimarl\u0131\u011fa katk\u0131 sunmay\u0131 ama\u00e7l\u0131yor.\" \/>\n<meta property=\"og:url\" content=\"https:\/\/memurunsesi.net\/index.php\/2026\/01\/31\/kbu-cevre-dostu-faz-degistiren-malzeme-gelistirdi\/\" \/>\n<meta property=\"og:site_name\" content=\"Memurun Sesi\" \/>\n<meta property=\"article:publisher\" content=\"https:\/\/www.facebook.com\/unipersen\/?locale=tr_TR\" \/>\n<meta property=\"article:published_time\" content=\"2026-01-31T06:16:58+00:00\" \/>\n<meta property=\"og:image\" content=\"https:\/\/memurunsesi.net\/wp-content\/uploads\/2026\/01\/karabuk-3.jpg\" \/>\n\t<meta property=\"og:image:width\" content=\"1920\" \/>\n\t<meta property=\"og:image:height\" content=\"1080\" \/>\n\t<meta property=\"og:image:type\" content=\"image\/jpeg\" \/>\n<meta name=\"author\" content=\"Memurun Sesi Haber Merkezi\" \/>\n<meta name=\"twitter:card\" content=\"summary_large_image\" \/>\n<meta name=\"twitter:creator\" content=\"@unipersen\" \/>\n<meta name=\"twitter:site\" content=\"@unipersen\" \/>\n<meta name=\"twitter:label1\" content=\"Yazan:\" \/>\n\t<meta name=\"twitter:data1\" content=\"Memurun Sesi Haber Merkezi\" \/>\n\t<meta name=\"twitter:label2\" content=\"Tahmini okuma s\u00fcresi\" \/>\n\t<meta name=\"twitter:data2\" content=\"2 dakika\" \/>\n<script type=\"application\/ld+json\" class=\"yoast-schema-graph\">{\"@context\":\"https:\\\/\\\/schema.org\",\"@graph\":[{\"@type\":\"Article\",\"@id\":\"https:\\\/\\\/memurunsesi.net\\\/index.php\\\/2026\\\/01\\\/31\\\/kbu-cevre-dostu-faz-degistiren-malzeme-gelistirdi\\\/#article\",\"isPartOf\":{\"@id\":\"https:\\\/\\\/memurunsesi.net\\\/index.php\\\/2026\\\/01\\\/31\\\/kbu-cevre-dostu-faz-degistiren-malzeme-gelistirdi\\\/\"},\"author\":{\"name\":\"Memurun Sesi Haber Merkezi\",\"@id\":\"https:\\\/\\\/memurunsesi.net\\\/#\\\/schema\\\/person\\\/f21c2d73b89f6ee1d80b0a1803e38587\"},\"headline\":\"KB\u00dc \u00e7evre dostu faz de\u011fi\u015ftiren malzeme geli\u015ftirdi\",\"datePublished\":\"2026-01-31T06:16:58+00:00\",\"mainEntityOfPage\":{\"@id\":\"https:\\\/\\\/memurunsesi.net\\\/index.php\\\/2026\\\/01\\\/31\\\/kbu-cevre-dostu-faz-degistiren-malzeme-gelistirdi\\\/\"},\"wordCount\":334,\"commentCount\":0,\"publisher\":{\"@id\":\"https:\\\/\\\/memurunsesi.net\\\/#organization\"},\"image\":{\"@id\":\"https:\\\/\\\/memurunsesi.net\\\/index.php\\\/2026\\\/01\\\/31\\\/kbu-cevre-dostu-faz-degistiren-malzeme-gelistirdi\\\/#primaryimage\"},\"thumbnailUrl\":\"https:\\\/\\\/memurunsesi.net\\\/wp-content\\\/uploads\\\/2026\\\/01\\\/karabuk-3.jpg\",\"keywords\":[\"\u00fcniversiteden haberler\"],\"articleSection\":[\"\u00dcniversiteden Haberler\"],\"inLanguage\":\"tr\",\"potentialAction\":[{\"@type\":\"CommentAction\",\"name\":\"Comment\",\"target\":[\"https:\\\/\\\/memurunsesi.net\\\/index.php\\\/2026\\\/01\\\/31\\\/kbu-cevre-dostu-faz-degistiren-malzeme-gelistirdi\\\/#respond\"]}]},{\"@type\":\"WebPage\",\"@id\":\"https:\\\/\\\/memurunsesi.net\\\/index.php\\\/2026\\\/01\\\/31\\\/kbu-cevre-dostu-faz-degistiren-malzeme-gelistirdi\\\/\",\"url\":\"https:\\\/\\\/memurunsesi.net\\\/index.php\\\/2026\\\/01\\\/31\\\/kbu-cevre-dostu-faz-degistiren-malzeme-gelistirdi\\\/\",\"name\":\"KB\u00dc \u00e7evre dostu faz de\u011fi\u015ftiren malzeme geli\u015ftirdi - Memurun Sesi\",\"isPartOf\":{\"@id\":\"https:\\\/\\\/memurunsesi.net\\\/#website\"},\"primaryImageOfPage\":{\"@id\":\"https:\\\/\\\/memurunsesi.net\\\/index.php\\\/2026\\\/01\\\/31\\\/kbu-cevre-dostu-faz-degistiren-malzeme-gelistirdi\\\/#primaryimage\"},\"image\":{\"@id\":\"https:\\\/\\\/memurunsesi.net\\\/index.php\\\/2026\\\/01\\\/31\\\/kbu-cevre-dostu-faz-degistiren-malzeme-gelistirdi\\\/#primaryimage\"},\"thumbnailUrl\":\"https:\\\/\\\/memurunsesi.net\\\/wp-content\\\/uploads\\\/2026\\\/01\\\/karabuk-3.jpg\",\"datePublished\":\"2026-01-31T06:16:58+00:00\",\"description\":\"Karab\u00fck \u00dcniversitesi(KB\u00dc), Kardemir\u2019den \u00e7\u0131kan sanayi at\u0131klar\u0131n\u0131 enerji verimli yap\u0131 malzemesine d\u00f6n\u00fc\u015ft\u00fcrmeyi hedefleyen projesiyle s\u00fcrd\u00fcr\u00fclebilir mimarl\u0131\u011fa katk\u0131 sunmay\u0131 ama\u00e7l\u0131yor.\",\"breadcrumb\":{\"@id\":\"https:\\\/\\\/memurunsesi.net\\\/index.php\\\/2026\\\/01\\\/31\\\/kbu-cevre-dostu-faz-degistiren-malzeme-gelistirdi\\\/#breadcrumb\"},\"inLanguage\":\"tr\",\"potentialAction\":[{\"@type\":\"ReadAction\",\"target\":[\"https:\\\/\\\/memurunsesi.net\\\/index.php\\\/2026\\\/01\\\/31\\\/kbu-cevre-dostu-faz-degistiren-malzeme-gelistirdi\\\/\"]}]},{\"@type\":\"ImageObject\",\"inLanguage\":\"tr\",\"@id\":\"https:\\\/\\\/memurunsesi.net\\\/index.php\\\/2026\\\/01\\\/31\\\/kbu-cevre-dostu-faz-degistiren-malzeme-gelistirdi\\\/#primaryimage\",\"url\":\"https:\\\/\\\/memurunsesi.net\\\/wp-content\\\/uploads\\\/2026\\\/01\\\/karabuk-3.jpg\",\"contentUrl\":\"https:\\\/\\\/memurunsesi.net\\\/wp-content\\\/uploads\\\/2026\\\/01\\\/karabuk-3.jpg\",\"width\":1920,\"height\":1080,\"caption\":\"DO\u00c7. DR. MERVE TUNA KAYILI, \u00c7ALI\u015eMANIN HEM ENERJ\u0130 VER\u0130ML\u0130L\u0130\u011e\u0130 HEM DE D\u00d6NG\u00dcSEL EKONOM\u0130 A\u00c7ISINDAN \u00d6NEM TA\u015eIDI\u011eINI BEL\u0130RTT\u0130. KAYILI, SANAY\u0130 ATIKLARININ YEN\u0130DEN DE\u011eERLEND\u0130R\u0130LMES\u0130N\u0130N S\u00dcRD\u00dcR\u00dcLEB\u0130L\u0130R M\u0130MARLIK \u0130\u00c7\u0130N \u00d6NEML\u0130 B\u0130R ADIM OLDU\u011eUNU \u0130FADE ETT\u0130. (FAT\u0130H \u00dcNL\u00dc\\\/KARAB\u00dcK-\u0130HA) Karab\u00fck \u00dcniversitesi(KB\u00dc), Kardemir'den \u00e7\u0131kan sanayi at\u0131klar\u0131n\u0131 enerji verimli yap\u0131 malzemesine d\u00f6n\u00fc\u015ft\u00fcrmeyi hedefleyen projesiyle s\u00fcrd\u00fcr\u00fclebilir mimarl\u0131\u011fa katk\u0131 sunmay\u0131 ama\u00e7l\u0131yor.\"},{\"@type\":\"BreadcrumbList\",\"@id\":\"https:\\\/\\\/memurunsesi.net\\\/index.php\\\/2026\\\/01\\\/31\\\/kbu-cevre-dostu-faz-degistiren-malzeme-gelistirdi\\\/#breadcrumb\",\"itemListElement\":[{\"@type\":\"ListItem\",\"position\":1,\"name\":\"Anasayfa\",\"item\":\"https:\\\/\\\/memurunsesi.net\\\/\"},{\"@type\":\"ListItem\",\"position\":2,\"name\":\"KB\u00dc \u00e7evre dostu faz de\u011fi\u015ftiren malzeme geli\u015ftirdi\"}]},{\"@type\":\"WebSite\",\"@id\":\"https:\\\/\\\/memurunsesi.net\\\/#website\",\"url\":\"https:\\\/\\\/memurunsesi.net\\\/\",\"name\":\"Memurun Sesi\",\"description\":\"G\u00fcncel ve Do\u011fru Haber\",\"publisher\":{\"@id\":\"https:\\\/\\\/memurunsesi.net\\\/#organization\"},\"potentialAction\":[{\"@type\":\"SearchAction\",\"target\":{\"@type\":\"EntryPoint\",\"urlTemplate\":\"https:\\\/\\\/memurunsesi.net\\\/?s={search_term_string}\"},\"query-input\":{\"@type\":\"PropertyValueSpecification\",\"valueRequired\":true,\"valueName\":\"search_term_string\"}}],\"inLanguage\":\"tr\"},{\"@type\":\"Organization\",\"@id\":\"https:\\\/\\\/memurunsesi.net\\\/#organization\",\"name\":\"Memurun Sesi\",\"url\":\"https:\\\/\\\/memurunsesi.net\\\/\",\"logo\":{\"@type\":\"ImageObject\",\"inLanguage\":\"tr\",\"@id\":\"https:\\\/\\\/memurunsesi.net\\\/#\\\/schema\\\/logo\\\/image\\\/\",\"url\":\"https:\\\/\\\/memurunsesi.net\\\/wp-content\\\/uploads\\\/2025\\\/11\\\/cropped-MEMURUN-SESI.png\",\"contentUrl\":\"https:\\\/\\\/memurunsesi.net\\\/wp-content\\\/uploads\\\/2025\\\/11\\\/cropped-MEMURUN-SESI.png\",\"width\":238,\"height\":57,\"caption\":\"Memurun Sesi\"},\"image\":{\"@id\":\"https:\\\/\\\/memurunsesi.net\\\/#\\\/schema\\\/logo\\\/image\\\/\"},\"sameAs\":[\"https:\\\/\\\/www.facebook.com\\\/unipersen\\\/?locale=tr_TR\",\"https:\\\/\\\/x.com\\\/unipersen\"]},{\"@type\":\"Person\",\"@id\":\"https:\\\/\\\/memurunsesi.net\\\/#\\\/schema\\\/person\\\/f21c2d73b89f6ee1d80b0a1803e38587\",\"name\":\"Memurun Sesi Haber Merkezi\",\"image\":{\"@type\":\"ImageObject\",\"inLanguage\":\"tr\",\"@id\":\"https:\\\/\\\/secure.gravatar.com\\\/avatar\\\/6cf0505f452ee753f485014986fab09a434671d2b919ee76fc541025c5876a70?s=96&d=mm&r=g\",\"url\":\"https:\\\/\\\/secure.gravatar.com\\\/avatar\\\/6cf0505f452ee753f485014986fab09a434671d2b919ee76fc541025c5876a70?s=96&d=mm&r=g\",\"contentUrl\":\"https:\\\/\\\/secure.gravatar.com\\\/avatar\\\/6cf0505f452ee753f485014986fab09a434671d2b919ee76fc541025c5876a70?s=96&d=mm&r=g\",\"caption\":\"Memurun Sesi Haber Merkezi\"},\"sameAs\":[\"https:\\\/\\\/memurunsesi.net\"],\"url\":\"https:\\\/\\\/memurunsesi.net\\\/index.php\\\/author\\\/uniper\\\/\"}]}<\/script>\n<!-- \/ Yoast SEO plugin. -->","yoast_head_json":{"title":"KB\u00dc \u00e7evre dostu faz de\u011fi\u015ftiren malzeme geli\u015ftirdi - Memurun Sesi","description":"Karab\u00fck \u00dcniversitesi(KB\u00dc), Kardemir\u2019den \u00e7\u0131kan sanayi at\u0131klar\u0131n\u0131 enerji verimli yap\u0131 malzemesine d\u00f6n\u00fc\u015ft\u00fcrmeyi hedefleyen projesiyle s\u00fcrd\u00fcr\u00fclebilir mimarl\u0131\u011fa katk\u0131 sunmay\u0131 ama\u00e7l\u0131yor.","robots":{"index":"index","follow":"follow","max-snippet":"max-snippet:-1","max-image-preview":"max-image-preview:large","max-video-preview":"max-video-preview:-1"},"canonical":"https:\/\/memurunsesi.net\/index.php\/2026\/01\/31\/kbu-cevre-dostu-faz-degistiren-malzeme-gelistirdi\/","og_locale":"tr_TR","og_type":"article","og_title":"KB\u00dc \u00e7evre dostu faz de\u011fi\u015ftiren malzeme geli\u015ftirdi - Memurun Sesi","og_description":"Karab\u00fck \u00dcniversitesi(KB\u00dc), Kardemir\u2019den \u00e7\u0131kan sanayi at\u0131klar\u0131n\u0131 enerji verimli yap\u0131 malzemesine d\u00f6n\u00fc\u015ft\u00fcrmeyi hedefleyen projesiyle s\u00fcrd\u00fcr\u00fclebilir mimarl\u0131\u011fa katk\u0131 sunmay\u0131 ama\u00e7l\u0131yor.","og_url":"https:\/\/memurunsesi.net\/index.php\/2026\/01\/31\/kbu-cevre-dostu-faz-degistiren-malzeme-gelistirdi\/","og_site_name":"Memurun Sesi","article_publisher":"https:\/\/www.facebook.com\/unipersen\/?locale=tr_TR","article_published_time":"2026-01-31T06:16:58+00:00","og_image":[{"width":1920,"height":1080,"url":"https:\/\/memurunsesi.net\/wp-content\/uploads\/2026\/01\/karabuk-3.jpg","type":"image\/jpeg"}],"author":"Memurun Sesi Haber Merkezi","twitter_card":"summary_large_image","twitter_creator":"@unipersen","twitter_site":"@unipersen","twitter_misc":{"Yazan:":"Memurun Sesi Haber Merkezi","Tahmini okuma s\u00fcresi":"2 dakika"},"schema":{"@context":"https:\/\/schema.org","@graph":[{"@type":"Article","@id":"https:\/\/memurunsesi.net\/index.php\/2026\/01\/31\/kbu-cevre-dostu-faz-degistiren-malzeme-gelistirdi\/#article","isPartOf":{"@id":"https:\/\/memurunsesi.net\/index.php\/2026\/01\/31\/kbu-cevre-dostu-faz-degistiren-malzeme-gelistirdi\/"},"author":{"name":"Memurun Sesi Haber Merkezi","@id":"https:\/\/memurunsesi.net\/#\/schema\/person\/f21c2d73b89f6ee1d80b0a1803e38587"},"headline":"KB\u00dc \u00e7evre dostu faz de\u011fi\u015ftiren malzeme geli\u015ftirdi","datePublished":"2026-01-31T06:16:58+00:00","mainEntityOfPage":{"@id":"https:\/\/memurunsesi.net\/index.php\/2026\/01\/31\/kbu-cevre-dostu-faz-degistiren-malzeme-gelistirdi\/"},"wordCount":334,"commentCount":0,"publisher":{"@id":"https:\/\/memurunsesi.net\/#organization"},"image":{"@id":"https:\/\/memurunsesi.net\/index.php\/2026\/01\/31\/kbu-cevre-dostu-faz-degistiren-malzeme-gelistirdi\/#primaryimage"},"thumbnailUrl":"https:\/\/memurunsesi.net\/wp-content\/uploads\/2026\/01\/karabuk-3.jpg","keywords":["\u00fcniversiteden haberler"],"articleSection":["\u00dcniversiteden Haberler"],"inLanguage":"tr","potentialAction":[{"@type":"CommentAction","name":"Comment","target":["https:\/\/memurunsesi.net\/index.php\/2026\/01\/31\/kbu-cevre-dostu-faz-degistiren-malzeme-gelistirdi\/#respond"]}]},{"@type":"WebPage","@id":"https:\/\/memurunsesi.net\/index.php\/2026\/01\/31\/kbu-cevre-dostu-faz-degistiren-malzeme-gelistirdi\/","url":"https:\/\/memurunsesi.net\/index.php\/2026\/01\/31\/kbu-cevre-dostu-faz-degistiren-malzeme-gelistirdi\/","name":"KB\u00dc \u00e7evre dostu faz de\u011fi\u015ftiren malzeme geli\u015ftirdi - Memurun Sesi","isPartOf":{"@id":"https:\/\/memurunsesi.net\/#website"},"primaryImageOfPage":{"@id":"https:\/\/memurunsesi.net\/index.php\/2026\/01\/31\/kbu-cevre-dostu-faz-degistiren-malzeme-gelistirdi\/#primaryimage"},"image":{"@id":"https:\/\/memurunsesi.net\/index.php\/2026\/01\/31\/kbu-cevre-dostu-faz-degistiren-malzeme-gelistirdi\/#primaryimage"},"thumbnailUrl":"https:\/\/memurunsesi.net\/wp-content\/uploads\/2026\/01\/karabuk-3.jpg","datePublished":"2026-01-31T06:16:58+00:00","description":"Karab\u00fck \u00dcniversitesi(KB\u00dc), Kardemir\u2019den \u00e7\u0131kan sanayi at\u0131klar\u0131n\u0131 enerji verimli yap\u0131 malzemesine d\u00f6n\u00fc\u015ft\u00fcrmeyi hedefleyen projesiyle s\u00fcrd\u00fcr\u00fclebilir mimarl\u0131\u011fa katk\u0131 sunmay\u0131 ama\u00e7l\u0131yor.","breadcrumb":{"@id":"https:\/\/memurunsesi.net\/index.php\/2026\/01\/31\/kbu-cevre-dostu-faz-degistiren-malzeme-gelistirdi\/#breadcrumb"},"inLanguage":"tr","potentialAction":[{"@type":"ReadAction","target":["https:\/\/memurunsesi.net\/index.php\/2026\/01\/31\/kbu-cevre-dostu-faz-degistiren-malzeme-gelistirdi\/"]}]},{"@type":"ImageObject","inLanguage":"tr","@id":"https:\/\/memurunsesi.net\/index.php\/2026\/01\/31\/kbu-cevre-dostu-faz-degistiren-malzeme-gelistirdi\/#primaryimage","url":"https:\/\/memurunsesi.net\/wp-content\/uploads\/2026\/01\/karabuk-3.jpg","contentUrl":"https:\/\/memurunsesi.net\/wp-content\/uploads\/2026\/01\/karabuk-3.jpg","width":1920,"height":1080,"caption":"DO\u00c7. DR. MERVE TUNA KAYILI, \u00c7ALI\u015eMANIN HEM ENERJ\u0130 VER\u0130ML\u0130L\u0130\u011e\u0130 HEM DE D\u00d6NG\u00dcSEL EKONOM\u0130 A\u00c7ISINDAN \u00d6NEM TA\u015eIDI\u011eINI BEL\u0130RTT\u0130. KAYILI, SANAY\u0130 ATIKLARININ YEN\u0130DEN DE\u011eERLEND\u0130R\u0130LMES\u0130N\u0130N S\u00dcRD\u00dcR\u00dcLEB\u0130L\u0130R M\u0130MARLIK \u0130\u00c7\u0130N \u00d6NEML\u0130 B\u0130R ADIM OLDU\u011eUNU \u0130FADE ETT\u0130. (FAT\u0130H \u00dcNL\u00dc\/KARAB\u00dcK-\u0130HA) Karab\u00fck \u00dcniversitesi(KB\u00dc), Kardemir'den \u00e7\u0131kan sanayi at\u0131klar\u0131n\u0131 enerji verimli yap\u0131 malzemesine d\u00f6n\u00fc\u015ft\u00fcrmeyi hedefleyen projesiyle s\u00fcrd\u00fcr\u00fclebilir mimarl\u0131\u011fa katk\u0131 sunmay\u0131 ama\u00e7l\u0131yor."},{"@type":"BreadcrumbList","@id":"https:\/\/memurunsesi.net\/index.php\/2026\/01\/31\/kbu-cevre-dostu-faz-degistiren-malzeme-gelistirdi\/#breadcrumb","itemListElement":[{"@type":"ListItem","position":1,"name":"Anasayfa","item":"https:\/\/memurunsesi.net\/"},{"@type":"ListItem","position":2,"name":"KB\u00dc \u00e7evre dostu faz de\u011fi\u015ftiren malzeme geli\u015ftirdi"}]},{"@type":"WebSite","@id":"https:\/\/memurunsesi.net\/#website","url":"https:\/\/memurunsesi.net\/","name":"Memurun Sesi","description":"G\u00fcncel ve Do\u011fru Haber","publisher":{"@id":"https:\/\/memurunsesi.net\/#organization"},"potentialAction":[{"@type":"SearchAction","target":{"@type":"EntryPoint","urlTemplate":"https:\/\/memurunsesi.net\/?s={search_term_string}"},"query-input":{"@type":"PropertyValueSpecification","valueRequired":true,"valueName":"search_term_string"}}],"inLanguage":"tr"},{"@type":"Organization","@id":"https:\/\/memurunsesi.net\/#organization","name":"Memurun Sesi","url":"https:\/\/memurunsesi.net\/","logo":{"@type":"ImageObject","inLanguage":"tr","@id":"https:\/\/memurunsesi.net\/#\/schema\/logo\/image\/","url":"https:\/\/memurunsesi.net\/wp-content\/uploads\/2025\/11\/cropped-MEMURUN-SESI.png","contentUrl":"https:\/\/memurunsesi.net\/wp-content\/uploads\/2025\/11\/cropped-MEMURUN-SESI.png","width":238,"height":57,"caption":"Memurun Sesi"},"image":{"@id":"https:\/\/memurunsesi.net\/#\/schema\/logo\/image\/"},"sameAs":["https:\/\/www.facebook.com\/unipersen\/?locale=tr_TR","https:\/\/x.com\/unipersen"]},{"@type":"Person","@id":"https:\/\/memurunsesi.net\/#\/schema\/person\/f21c2d73b89f6ee1d80b0a1803e38587","name":"Memurun Sesi Haber Merkezi","image":{"@type":"ImageObject","inLanguage":"tr","@id":"https:\/\/secure.gravatar.com\/avatar\/6cf0505f452ee753f485014986fab09a434671d2b919ee76fc541025c5876a70?s=96&d=mm&r=g","url":"https:\/\/secure.gravatar.com\/avatar\/6cf0505f452ee753f485014986fab09a434671d2b919ee76fc541025c5876a70?s=96&d=mm&r=g","contentUrl":"https:\/\/secure.gravatar.com\/avatar\/6cf0505f452ee753f485014986fab09a434671d2b919ee76fc541025c5876a70?s=96&d=mm&r=g","caption":"Memurun Sesi Haber Merkezi"},"sameAs":["https:\/\/memurunsesi.net"],"url":"https:\/\/memurunsesi.net\/index.php\/author\/uniper\/"}]}},"_links":{"self":[{"href":"https:\/\/memurunsesi.net\/index.php\/wp-json\/wp\/v2\/posts\/17039","targetHints":{"allow":["GET"]}}],"collection":[{"href":"https:\/\/memurunsesi.net\/index.php\/wp-json\/wp\/v2\/posts"}],"about":[{"href":"https:\/\/memurunsesi.net\/index.php\/wp-json\/wp\/v2\/types\/post"}],"author":[{"embeddable":true,"href":"https:\/\/memurunsesi.net\/index.php\/wp-json\/wp\/v2\/users\/1"}],"replies":[{"embeddable":true,"href":"https:\/\/memurunsesi.net\/index.php\/wp-json\/wp\/v2\/comments?post=17039"}],"version-history":[{"count":1,"href":"https:\/\/memurunsesi.net\/index.php\/wp-json\/wp\/v2\/posts\/17039\/revisions"}],"predecessor-version":[{"id":17041,"href":"https:\/\/memurunsesi.net\/index.php\/wp-json\/wp\/v2\/posts\/17039\/revisions\/17041"}],"wp:featuredmedia":[{"embeddable":true,"href":"https:\/\/memurunsesi.net\/index.php\/wp-json\/wp\/v2\/media\/17040"}],"wp:attachment":[{"href":"https:\/\/memurunsesi.net\/index.php\/wp-json\/wp\/v2\/media?parent=17039"}],"wp:term":[{"taxonomy":"category","embeddable":true,"href":"https:\/\/memurunsesi.net\/index.php\/wp-json\/wp\/v2\/categories?post=17039"},{"taxonomy":"post_tag","embeddable":true,"href":"https:\/\/memurunsesi.net\/index.php\/wp-json\/wp\/v2\/tags?post=17039"}],"curies":[{"name":"wp","href":"https:\/\/api.w.org\/{rel}","templated":true}]}}