{"id":17042,"date":"2026-01-31T09:29:10","date_gmt":"2026-01-31T06:29:10","guid":{"rendered":"https:\/\/memurunsesi.net\/?p=17042"},"modified":"2026-01-31T09:29:10","modified_gmt":"2026-01-31T06:29:10","slug":"cumhurbaskanligi-karariyla-kamu-yonetiminde-kapsamli-atama-ve-gorev-degisikligi","status":"publish","type":"post","link":"https:\/\/memurunsesi.net\/index.php\/2026\/01\/31\/cumhurbaskanligi-karariyla-kamu-yonetiminde-kapsamli-atama-ve-gorev-degisikligi\/","title":{"rendered":"Cumhurba\u015fkanl\u0131\u011f\u0131 Karar\u0131yla Kamu Y\u00f6netiminde Kapsaml\u0131 Atama ve G\u00f6rev De\u011fi\u015fikli\u011fi"},"content":{"rendered":"<p data-start=\"252\" data-end=\"623\">\u00a0 \u00a0 \u00a0Cumhurba\u015fkan\u0131 Recep Tayyip Erdo\u011fan\u2019\u0131n imzas\u0131yla yay\u0131mlanan Cumhurba\u015fkanl\u0131\u011f\u0131 kararlar\u0131yla kamu y\u00f6netiminde geni\u015f kapsaml\u0131 bir g\u00f6rev de\u011fi\u015fimi ger\u00e7ekle\u015ftirildi. 31 Ocak 2026 tarihli Resmi Gazete\u2019de yay\u0131mlanarak y\u00fcr\u00fcrl\u00fc\u011fe giren d\u00fczenlemelerle, Cumhurba\u015fkanl\u0131\u011f\u0131\u2019ndan bakanl\u0131klara, il m\u00fcft\u00fcl\u00fcklerinden b\u00fcy\u00fckel\u00e7iliklere kadar bir\u00e7ok kritik kadroda yeni g\u00f6revlendirmeler yap\u0131ld\u0131.<\/p>\n<h3 data-start=\"625\" data-end=\"685\"><strong data-start=\"629\" data-end=\"685\">Cumhurba\u015fkanl\u0131\u011f\u0131 ve Merkez Te\u015fkilat\u0131nda Yeni \u0130simler<\/strong><\/h3>\n<p data-start=\"687\" data-end=\"866\">Cumhurba\u015fkanl\u0131\u011f\u0131 Ba\u015fdan\u0131\u015fmanl\u0131\u011f\u0131 g\u00f6revine <strong data-start=\"729\" data-end=\"744\">Hasan Suver<\/strong> getirildi. Suver ayn\u0131 zamanda <strong data-start=\"775\" data-end=\"846\">\u00c7evre, \u015eehircilik ve \u0130klim De\u011fi\u015fikli\u011fi Bakanl\u0131\u011f\u0131 Bakan Yard\u0131mc\u0131l\u0131\u011f\u0131<\/strong> g\u00f6revine de atand\u0131.<\/p>\n<p data-start=\"868\" data-end=\"1106\"><strong data-start=\"868\" data-end=\"888\">Adalet Bakanl\u0131\u011f\u0131<\/strong> b\u00fcnyesinde a\u00e7\u0131k bulunan <strong data-start=\"913\" data-end=\"939\">Adalet Ba\u015fm\u00fcfetti\u015fli\u011fi<\/strong> g\u00f6revine <strong data-start=\"949\" data-end=\"967\">\u0130brahim Atakur<\/strong> atan\u0131rken,<br data-start=\"978\" data-end=\"981\" \/><strong data-start=\"981\" data-end=\"1007\">Milli E\u011fitim Bakanl\u0131\u011f\u0131<\/strong>nda bo\u015f bulunan <strong data-start=\"1023\" data-end=\"1041\">Ba\u015fm\u00fcfetti\u015flik<\/strong> kadrolar\u0131na <strong data-start=\"1054\" data-end=\"1069\">Soner Uluay<\/strong> ve <strong data-start=\"1073\" data-end=\"1089\">Z\u00fclk\u00fcf Temin<\/strong> g\u00f6revlendirildi.<\/p>\n<p data-start=\"1108\" data-end=\"1298\"><strong data-start=\"1108\" data-end=\"1162\">T\u00fcrk Patent ve Marka Kurumu Y\u00f6netim Kurulu \u00dcyeli\u011fi<\/strong> g\u00f6revine <strong data-start=\"1172\" data-end=\"1198\">Yusuf Soner \u00c7ift\u00e7io\u011flu<\/strong>,<br data-start=\"1199\" data-end=\"1202\" \/><strong data-start=\"1202\" data-end=\"1253\">Adli T\u0131p Kurumu Onuncu \u0130htisas Kurulu \u00fcyeli\u011fine<\/strong> ise <strong data-start=\"1258\" data-end=\"1290\">Uzm. Dr. H\u00fcseyin \u00c7a\u011fr\u0131 \u015eahin<\/strong> atand\u0131.<\/p>\n<h3 data-start=\"1305\" data-end=\"1371\"><strong data-start=\"1309\" data-end=\"1371\">Diyanet \u0130\u015fleri Ba\u015fkanl\u0131\u011f\u0131nda \u0130l M\u00fcft\u00fcl\u00fcklerinde De\u011fi\u015fiklik<\/strong><\/h3>\n<p data-start=\"1373\" data-end=\"1458\">Diyanet \u0130\u015fleri Ba\u015fkanl\u0131\u011f\u0131 b\u00fcnyesinde bir\u00e7ok ilin m\u00fcft\u00fcs\u00fc de\u011fi\u015fti. Yap\u0131lan atamalarla;<\/p>\n<ul data-start=\"1460\" data-end=\"1887\">\n<li data-start=\"1460\" data-end=\"1489\">\n<p data-start=\"1462\" data-end=\"1489\"><strong data-start=\"1462\" data-end=\"1472\">Amasya<\/strong>: \u0130brahim Yavuz<\/p>\n<\/li>\n<li data-start=\"1490\" data-end=\"1518\">\n<p data-start=\"1492\" data-end=\"1518\"><strong data-start=\"1492\" data-end=\"1499\">Mu\u015f<\/strong>: Nurullah Ko\u00e7han<\/p>\n<\/li>\n<li data-start=\"1519\" data-end=\"1548\">\n<p data-start=\"1521\" data-end=\"1548\"><strong data-start=\"1521\" data-end=\"1531\">Mersin<\/strong>: Mustafa Topal<\/p>\n<\/li>\n<li data-start=\"1549\" data-end=\"1585\">\n<p data-start=\"1551\" data-end=\"1585\"><strong data-start=\"1551\" data-end=\"1564\">K\u0131r\u0131kkale<\/strong>: Abdurrahman Kotan<\/p>\n<\/li>\n<li data-start=\"1586\" data-end=\"1629\">\n<p data-start=\"1588\" data-end=\"1629\"><strong data-start=\"1588\" data-end=\"1605\">Kahramanmara\u015f<\/strong>: Hasan H\u00fcseyin G\u00fcller<\/p>\n<\/li>\n<li data-start=\"1630\" data-end=\"1663\">\n<p data-start=\"1632\" data-end=\"1663\"><strong data-start=\"1632\" data-end=\"1645\">Gaziantep<\/strong>: Mustafa Soyk\u00f6k<\/p>\n<\/li>\n<li data-start=\"1664\" data-end=\"1696\">\n<p data-start=\"1666\" data-end=\"1696\"><strong data-start=\"1666\" data-end=\"1678\">Tekirda\u011f<\/strong>: Mustafa Bilgi\u00e7<\/p>\n<\/li>\n<li data-start=\"1697\" data-end=\"1728\">\n<p data-start=\"1699\" data-end=\"1728\"><strong data-start=\"1699\" data-end=\"1712\">\u00c7anakkale<\/strong>: Mevl\u00fct Top\u00e7u<\/p>\n<\/li>\n<li data-start=\"1729\" data-end=\"1755\">\n<p data-start=\"1731\" data-end=\"1755\"><strong data-start=\"1731\" data-end=\"1740\">Hatay<\/strong>: Ahmet Dilek<\/p>\n<\/li>\n<li data-start=\"1756\" data-end=\"1789\">\n<p data-start=\"1758\" data-end=\"1789\"><strong data-start=\"1758\" data-end=\"1769\">Bilecik<\/strong>: Ahmet Akt\u00fcrko\u011flu<\/p>\n<\/li>\n<li data-start=\"1790\" data-end=\"1821\">\n<p data-start=\"1792\" data-end=\"1821\"><strong data-start=\"1792\" data-end=\"1801\">\u0130zmir<\/strong>: Mevl\u00fct Halilo\u011flu<\/p>\n<\/li>\n<li data-start=\"1822\" data-end=\"1856\">\n<p data-start=\"1824\" data-end=\"1856\"><strong data-start=\"1824\" data-end=\"1836\">Ad\u0131yaman<\/strong>: Mustafa D\u00fczg\u00fcney<\/p>\n<\/li>\n<li data-start=\"1857\" data-end=\"1887\">\n<p data-start=\"1859\" data-end=\"1887\"><strong data-start=\"1859\" data-end=\"1869\">\u015e\u0131rnak<\/strong>: Arif Ye\u015filo\u011flu<\/p>\n<\/li>\n<\/ul>\n<p data-start=\"1889\" data-end=\"1930\">yeni il m\u00fcft\u00fcleri olarak g\u00f6revlendirildi.<\/p>\n<h3 data-start=\"1937\" data-end=\"2003\"><strong data-start=\"1941\" data-end=\"2003\">Aile ve Sosyal Hizmetler Bakanl\u0131\u011f\u0131nda \u0130l M\u00fcd\u00fcrleri De\u011fi\u015fti<\/strong><\/h3>\n<p data-start=\"2005\" data-end=\"2089\">Aile ve Sosyal Hizmetler Bakanl\u0131\u011f\u0131\u2019nda da g\u00f6rev de\u011fi\u015fiklikleri yap\u0131ld\u0131. Bu kapsamda:<\/p>\n<ul data-start=\"2091\" data-end=\"2363\">\n<li data-start=\"2091\" data-end=\"2147\">\n<p data-start=\"2093\" data-end=\"2147\"><strong data-start=\"2093\" data-end=\"2128\">Konya \u0130l M\u00fcd\u00fcr\u00fc Abdullah Ne\u015feli<\/strong> g\u00f6revden al\u0131nd\u0131.<\/p>\n<\/li>\n<li data-start=\"2148\" data-end=\"2209\">\n<p data-start=\"2150\" data-end=\"2209\"><strong data-start=\"2150\" data-end=\"2174\">Konya \u0130l M\u00fcd\u00fcrl\u00fc\u011f\u00fcne<\/strong> Yozgat \u0130l M\u00fcd\u00fcr\u00fc <strong data-start=\"2192\" data-end=\"2206\">Arif Topal<\/strong>,<\/p>\n<\/li>\n<li data-start=\"2210\" data-end=\"2288\">\n<p data-start=\"2212\" data-end=\"2288\"><strong data-start=\"2212\" data-end=\"2236\">Kilis \u0130l M\u00fcd\u00fcrl\u00fc\u011f\u00fcne<\/strong> Kahramanmara\u015f \u0130l M\u00fcd\u00fcr\u00fc <strong data-start=\"2261\" data-end=\"2285\">M\u00fcsl\u00fcm Ferdi Bozkurt<\/strong>,<\/p>\n<\/li>\n<li data-start=\"2289\" data-end=\"2363\">\n<p data-start=\"2291\" data-end=\"2363\"><strong data-start=\"2291\" data-end=\"2323\">Kahramanmara\u015f \u0130l M\u00fcd\u00fcrl\u00fc\u011f\u00fcne<\/strong> Kilis \u0130l M\u00fcd\u00fcr\u00fc <strong data-start=\"2340\" data-end=\"2355\">Emre \u00c7al\u011fan<\/strong> atand\u0131.<\/p>\n<\/li>\n<\/ul>\n<h3 data-start=\"2370\" data-end=\"2424\"><strong data-start=\"2374\" data-end=\"2424\">K\u00fclt\u00fcr ve Turizm Bakanl\u0131\u011f\u0131nda G\u00f6revden Almalar<\/strong><\/h3>\n<p data-start=\"2426\" data-end=\"2627\">K\u00fclt\u00fcr ve Turizm Bakanl\u0131\u011f\u0131\u2019nda iki il m\u00fcd\u00fcr\u00fc g\u00f6revden al\u0131nd\u0131.<br data-start=\"2487\" data-end=\"2490\" \/><strong data-start=\"2490\" data-end=\"2542\">Elaz\u0131\u011f \u0130l K\u00fclt\u00fcr ve Turizm M\u00fcd\u00fcr\u00fc Ahmet Demirda\u011f<\/strong> ile<br data-start=\"2546\" data-end=\"2549\" \/><strong data-start=\"2549\" data-end=\"2605\">Ni\u011fde \u0130l K\u00fclt\u00fcr ve Turizm M\u00fcd\u00fcr\u00fc Elif Belk\u0131s Ba\u015ft\u00fcrk<\/strong> g\u00f6revlerinden al\u0131nd\u0131.<\/p>\n<h3 data-start=\"2634\" data-end=\"2666\"><strong data-start=\"2638\" data-end=\"2666\">Yeni B\u00fcy\u00fckel\u00e7iler Atand\u0131<\/strong><\/h3>\n<p data-start=\"2668\" data-end=\"2724\">D\u0131\u015f temsilciliklerde de \u00f6nemli g\u00f6revlendirmeler yap\u0131ld\u0131.<\/p>\n<ul data-start=\"2726\" data-end=\"2990\">\n<li data-start=\"2726\" data-end=\"2849\">\n<p data-start=\"2728\" data-end=\"2849\"><strong data-start=\"2728\" data-end=\"2794\">Malta Cumhuriyeti Nezdinde T\u00fcrkiye Cumhuriyeti B\u00fcy\u00fckel\u00e7ili\u011fine<\/strong> Protokol Genel M\u00fcd\u00fcr Yard\u0131mc\u0131s\u0131 <strong data-start=\"2827\" data-end=\"2846\">Bark\u0131n Kayao\u011flu<\/strong>,<\/p>\n<\/li>\n<li data-start=\"2850\" data-end=\"2990\">\n<p data-start=\"2852\" data-end=\"2990\"><strong data-start=\"2852\" data-end=\"2916\">Papua Yeni Gine Nezdinde T\u00fcrkiye Cumhuriyeti B\u00fcy\u00fckel\u00e7ili\u011fine<\/strong> G\u00fcneydo\u011fu Asya ve Pasifik Genel M\u00fcd\u00fcr Yard\u0131mc\u0131s\u0131 <strong data-start=\"2966\" data-end=\"2982\">Bilgin \u00d6zkan<\/strong> atand\u0131.<\/p>\n<\/li>\n<\/ul>\n<p data-start=\"2997\" data-end=\"3151\">Cumhurba\u015fkanl\u0131\u011f\u0131 taraf\u0131ndan yay\u0131mlanan bu atama, g\u00f6revden alma ve g\u00f6revlendirme kararlar\u0131, <strong data-start=\"3088\" data-end=\"3104\">31 Ocak 2026<\/strong> itibar\u0131yla y\u00fcr\u00fcrl\u00fc\u011fe girerek resmiyet kazand\u0131.<\/p>\n<p data-start=\"2997\" data-end=\"3151\">31.01.2026<\/p>\n","protected":false},"excerpt":{"rendered":"<p>\u00a0 \u00a0 \u00a0Cumhurba\u015fkan\u0131 Recep Tayyip Erdo\u011fan\u2019\u0131n imzas\u0131yla yay\u0131mlanan Cumhurba\u015fkanl\u0131\u011f\u0131 kararlar\u0131yla kamu y\u00f6netiminde geni\u015f kapsaml\u0131 bir g\u00f6rev de\u011fi\u015fimi ger\u00e7ekle\u015ftirildi. 31 Ocak 2026 tarihli Resmi Gazete\u2019de yay\u0131mlanarak y\u00fcr\u00fcrl\u00fc\u011fe giren d\u00fczenlemelerle, Cumhurba\u015fkanl\u0131\u011f\u0131\u2019ndan bakanl\u0131klara, il m\u00fcft\u00fcl\u00fcklerinden b\u00fcy\u00fckel\u00e7iliklere kadar bir\u00e7ok kritik kadroda yeni g\u00f6revlendirmeler yap\u0131ld\u0131. Cumhurba\u015fkanl\u0131\u011f\u0131 ve Merkez Te\u015fkilat\u0131nda Yeni \u0130simler Cumhurba\u015fkanl\u0131\u011f\u0131 Ba\u015fdan\u0131\u015fmanl\u0131\u011f\u0131 g\u00f6revine Hasan Suver getirildi. Suver ayn\u0131 zamanda [&hellip;]<\/p>\n","protected":false},"author":1,"featured_media":16696,"comment_status":"open","ping_status":"open","sticky":false,"template":"","format":"standard","meta":{"footnotes":""},"categories":[46],"tags":[1016],"class_list":["post-17042","post","type-post","status-publish","format-standard","has-post-thumbnail","hentry","category-mevzuat","tag-atama-ve-gorev-degisikligi"],"yoast_head":"<!-- This site is optimized with the Yoast SEO plugin v27.4 - https:\/\/yoast.com\/product\/yoast-seo-wordpress\/ -->\n<title>Cumhurba\u015fkanl\u0131\u011f\u0131 Karar\u0131yla Kamu Y\u00f6netiminde Kapsaml\u0131 Atama ve G\u00f6rev De\u011fi\u015fikli\u011fi - Memurun Sesi<\/title>\n<meta name=\"description\" content=\"Cumhurba\u015fkan\u0131 Recep Tayyip Erdo\u011fan\u2019\u0131n imzas\u0131yla yay\u0131mlanan Cumhurba\u015fkanl\u0131\u011f\u0131 kararlar\u0131yla kamu y\u00f6netiminde geni\u015f kapsaml\u0131 bir g\u00f6rev de\u011fi\u015fimi ger\u00e7ekle\u015ftirildi.\" \/>\n<meta name=\"robots\" content=\"index, follow, max-snippet:-1, max-image-preview:large, max-video-preview:-1\" \/>\n<link rel=\"canonical\" href=\"https:\/\/memurunsesi.net\/index.php\/2026\/01\/31\/cumhurbaskanligi-karariyla-kamu-yonetiminde-kapsamli-atama-ve-gorev-degisikligi\/\" \/>\n<meta property=\"og:locale\" content=\"tr_TR\" \/>\n<meta property=\"og:type\" content=\"article\" \/>\n<meta property=\"og:title\" content=\"Cumhurba\u015fkanl\u0131\u011f\u0131 Karar\u0131yla Kamu Y\u00f6netiminde Kapsaml\u0131 Atama ve G\u00f6rev De\u011fi\u015fikli\u011fi - Memurun Sesi\" \/>\n<meta property=\"og:description\" content=\"Cumhurba\u015fkan\u0131 Recep Tayyip Erdo\u011fan\u2019\u0131n imzas\u0131yla yay\u0131mlanan Cumhurba\u015fkanl\u0131\u011f\u0131 kararlar\u0131yla kamu y\u00f6netiminde geni\u015f kapsaml\u0131 bir g\u00f6rev de\u011fi\u015fimi ger\u00e7ekle\u015ftirildi.\" \/>\n<meta property=\"og:url\" content=\"https:\/\/memurunsesi.net\/index.php\/2026\/01\/31\/cumhurbaskanligi-karariyla-kamu-yonetiminde-kapsamli-atama-ve-gorev-degisikligi\/\" \/>\n<meta property=\"og:site_name\" content=\"Memurun Sesi\" \/>\n<meta property=\"article:publisher\" content=\"https:\/\/www.facebook.com\/unipersen\/?locale=tr_TR\" \/>\n<meta property=\"article:published_time\" content=\"2026-01-31T06:29:10+00:00\" \/>\n<meta property=\"og:image\" content=\"https:\/\/memurunsesi.net\/wp-content\/uploads\/2026\/01\/resmi-gazete-1.webp\" \/>\n\t<meta property=\"og:image:width\" content=\"1280\" \/>\n\t<meta property=\"og:image:height\" content=\"720\" \/>\n\t<meta property=\"og:image:type\" content=\"image\/webp\" \/>\n<meta name=\"author\" content=\"Memurun Sesi Haber Merkezi\" \/>\n<meta name=\"twitter:card\" content=\"summary_large_image\" \/>\n<meta name=\"twitter:creator\" content=\"@unipersen\" \/>\n<meta name=\"twitter:site\" content=\"@unipersen\" \/>\n<meta name=\"twitter:label1\" content=\"Yazan:\" \/>\n\t<meta name=\"twitter:data1\" content=\"Memurun Sesi Haber Merkezi\" \/>\n\t<meta name=\"twitter:label2\" content=\"Tahmini okuma s\u00fcresi\" \/>\n\t<meta name=\"twitter:data2\" content=\"3 dakika\" \/>\n<script type=\"application\/ld+json\" class=\"yoast-schema-graph\">{\"@context\":\"https:\\\/\\\/schema.org\",\"@graph\":[{\"@type\":\"Article\",\"@id\":\"https:\\\/\\\/memurunsesi.net\\\/index.php\\\/2026\\\/01\\\/31\\\/cumhurbaskanligi-karariyla-kamu-yonetiminde-kapsamli-atama-ve-gorev-degisikligi\\\/#article\",\"isPartOf\":{\"@id\":\"https:\\\/\\\/memurunsesi.net\\\/index.php\\\/2026\\\/01\\\/31\\\/cumhurbaskanligi-karariyla-kamu-yonetiminde-kapsamli-atama-ve-gorev-degisikligi\\\/\"},\"author\":{\"name\":\"Memurun Sesi Haber Merkezi\",\"@id\":\"https:\\\/\\\/memurunsesi.net\\\/#\\\/schema\\\/person\\\/f21c2d73b89f6ee1d80b0a1803e38587\"},\"headline\":\"Cumhurba\u015fkanl\u0131\u011f\u0131 Karar\u0131yla Kamu Y\u00f6netiminde Kapsaml\u0131 Atama ve G\u00f6rev De\u011fi\u015fikli\u011fi\",\"datePublished\":\"2026-01-31T06:29:10+00:00\",\"mainEntityOfPage\":{\"@id\":\"https:\\\/\\\/memurunsesi.net\\\/index.php\\\/2026\\\/01\\\/31\\\/cumhurbaskanligi-karariyla-kamu-yonetiminde-kapsamli-atama-ve-gorev-degisikligi\\\/\"},\"wordCount\":530,\"commentCount\":0,\"publisher\":{\"@id\":\"https:\\\/\\\/memurunsesi.net\\\/#organization\"},\"image\":{\"@id\":\"https:\\\/\\\/memurunsesi.net\\\/index.php\\\/2026\\\/01\\\/31\\\/cumhurbaskanligi-karariyla-kamu-yonetiminde-kapsamli-atama-ve-gorev-degisikligi\\\/#primaryimage\"},\"thumbnailUrl\":\"https:\\\/\\\/memurunsesi.net\\\/wp-content\\\/uploads\\\/2026\\\/01\\\/resmi-gazete-1.webp\",\"keywords\":[\"Atama ve G\u00f6rev De\u011fi\u015fikli\u011fi\"],\"articleSection\":[\"Mevzuat\"],\"inLanguage\":\"tr\",\"potentialAction\":[{\"@type\":\"CommentAction\",\"name\":\"Comment\",\"target\":[\"https:\\\/\\\/memurunsesi.net\\\/index.php\\\/2026\\\/01\\\/31\\\/cumhurbaskanligi-karariyla-kamu-yonetiminde-kapsamli-atama-ve-gorev-degisikligi\\\/#respond\"]}]},{\"@type\":\"WebPage\",\"@id\":\"https:\\\/\\\/memurunsesi.net\\\/index.php\\\/2026\\\/01\\\/31\\\/cumhurbaskanligi-karariyla-kamu-yonetiminde-kapsamli-atama-ve-gorev-degisikligi\\\/\",\"url\":\"https:\\\/\\\/memurunsesi.net\\\/index.php\\\/2026\\\/01\\\/31\\\/cumhurbaskanligi-karariyla-kamu-yonetiminde-kapsamli-atama-ve-gorev-degisikligi\\\/\",\"name\":\"Cumhurba\u015fkanl\u0131\u011f\u0131 Karar\u0131yla Kamu Y\u00f6netiminde Kapsaml\u0131 Atama ve G\u00f6rev De\u011fi\u015fikli\u011fi - Memurun Sesi\",\"isPartOf\":{\"@id\":\"https:\\\/\\\/memurunsesi.net\\\/#website\"},\"primaryImageOfPage\":{\"@id\":\"https:\\\/\\\/memurunsesi.net\\\/index.php\\\/2026\\\/01\\\/31\\\/cumhurbaskanligi-karariyla-kamu-yonetiminde-kapsamli-atama-ve-gorev-degisikligi\\\/#primaryimage\"},\"image\":{\"@id\":\"https:\\\/\\\/memurunsesi.net\\\/index.php\\\/2026\\\/01\\\/31\\\/cumhurbaskanligi-karariyla-kamu-yonetiminde-kapsamli-atama-ve-gorev-degisikligi\\\/#primaryimage\"},\"thumbnailUrl\":\"https:\\\/\\\/memurunsesi.net\\\/wp-content\\\/uploads\\\/2026\\\/01\\\/resmi-gazete-1.webp\",\"datePublished\":\"2026-01-31T06:29:10+00:00\",\"description\":\"Cumhurba\u015fkan\u0131 Recep Tayyip Erdo\u011fan\u2019\u0131n imzas\u0131yla yay\u0131mlanan Cumhurba\u015fkanl\u0131\u011f\u0131 kararlar\u0131yla kamu y\u00f6netiminde geni\u015f kapsaml\u0131 bir g\u00f6rev de\u011fi\u015fimi ger\u00e7ekle\u015ftirildi.\",\"breadcrumb\":{\"@id\":\"https:\\\/\\\/memurunsesi.net\\\/index.php\\\/2026\\\/01\\\/31\\\/cumhurbaskanligi-karariyla-kamu-yonetiminde-kapsamli-atama-ve-gorev-degisikligi\\\/#breadcrumb\"},\"inLanguage\":\"tr\",\"potentialAction\":[{\"@type\":\"ReadAction\",\"target\":[\"https:\\\/\\\/memurunsesi.net\\\/index.php\\\/2026\\\/01\\\/31\\\/cumhurbaskanligi-karariyla-kamu-yonetiminde-kapsamli-atama-ve-gorev-degisikligi\\\/\"]}]},{\"@type\":\"ImageObject\",\"inLanguage\":\"tr\",\"@id\":\"https:\\\/\\\/memurunsesi.net\\\/index.php\\\/2026\\\/01\\\/31\\\/cumhurbaskanligi-karariyla-kamu-yonetiminde-kapsamli-atama-ve-gorev-degisikligi\\\/#primaryimage\",\"url\":\"https:\\\/\\\/memurunsesi.net\\\/wp-content\\\/uploads\\\/2026\\\/01\\\/resmi-gazete-1.webp\",\"contentUrl\":\"https:\\\/\\\/memurunsesi.net\\\/wp-content\\\/uploads\\\/2026\\\/01\\\/resmi-gazete-1.webp\",\"width\":1280,\"height\":720},{\"@type\":\"BreadcrumbList\",\"@id\":\"https:\\\/\\\/memurunsesi.net\\\/index.php\\\/2026\\\/01\\\/31\\\/cumhurbaskanligi-karariyla-kamu-yonetiminde-kapsamli-atama-ve-gorev-degisikligi\\\/#breadcrumb\",\"itemListElement\":[{\"@type\":\"ListItem\",\"position\":1,\"name\":\"Anasayfa\",\"item\":\"https:\\\/\\\/memurunsesi.net\\\/\"},{\"@type\":\"ListItem\",\"position\":2,\"name\":\"Cumhurba\u015fkanl\u0131\u011f\u0131 Karar\u0131yla Kamu Y\u00f6netiminde Kapsaml\u0131 Atama ve G\u00f6rev De\u011fi\u015fikli\u011fi\"}]},{\"@type\":\"WebSite\",\"@id\":\"https:\\\/\\\/memurunsesi.net\\\/#website\",\"url\":\"https:\\\/\\\/memurunsesi.net\\\/\",\"name\":\"Memurun Sesi\",\"description\":\"G\u00fcncel ve Do\u011fru Haber\",\"publisher\":{\"@id\":\"https:\\\/\\\/memurunsesi.net\\\/#organization\"},\"potentialAction\":[{\"@type\":\"SearchAction\",\"target\":{\"@type\":\"EntryPoint\",\"urlTemplate\":\"https:\\\/\\\/memurunsesi.net\\\/?s={search_term_string}\"},\"query-input\":{\"@type\":\"PropertyValueSpecification\",\"valueRequired\":true,\"valueName\":\"search_term_string\"}}],\"inLanguage\":\"tr\"},{\"@type\":\"Organization\",\"@id\":\"https:\\\/\\\/memurunsesi.net\\\/#organization\",\"name\":\"Memurun Sesi\",\"url\":\"https:\\\/\\\/memurunsesi.net\\\/\",\"logo\":{\"@type\":\"ImageObject\",\"inLanguage\":\"tr\",\"@id\":\"https:\\\/\\\/memurunsesi.net\\\/#\\\/schema\\\/logo\\\/image\\\/\",\"url\":\"https:\\\/\\\/memurunsesi.net\\\/wp-content\\\/uploads\\\/2025\\\/11\\\/cropped-MEMURUN-SESI.png\",\"contentUrl\":\"https:\\\/\\\/memurunsesi.net\\\/wp-content\\\/uploads\\\/2025\\\/11\\\/cropped-MEMURUN-SESI.png\",\"width\":238,\"height\":57,\"caption\":\"Memurun Sesi\"},\"image\":{\"@id\":\"https:\\\/\\\/memurunsesi.net\\\/#\\\/schema\\\/logo\\\/image\\\/\"},\"sameAs\":[\"https:\\\/\\\/www.facebook.com\\\/unipersen\\\/?locale=tr_TR\",\"https:\\\/\\\/x.com\\\/unipersen\"]},{\"@type\":\"Person\",\"@id\":\"https:\\\/\\\/memurunsesi.net\\\/#\\\/schema\\\/person\\\/f21c2d73b89f6ee1d80b0a1803e38587\",\"name\":\"Memurun Sesi Haber Merkezi\",\"image\":{\"@type\":\"ImageObject\",\"inLanguage\":\"tr\",\"@id\":\"https:\\\/\\\/secure.gravatar.com\\\/avatar\\\/6cf0505f452ee753f485014986fab09a434671d2b919ee76fc541025c5876a70?s=96&d=mm&r=g\",\"url\":\"https:\\\/\\\/secure.gravatar.com\\\/avatar\\\/6cf0505f452ee753f485014986fab09a434671d2b919ee76fc541025c5876a70?s=96&d=mm&r=g\",\"contentUrl\":\"https:\\\/\\\/secure.gravatar.com\\\/avatar\\\/6cf0505f452ee753f485014986fab09a434671d2b919ee76fc541025c5876a70?s=96&d=mm&r=g\",\"caption\":\"Memurun Sesi Haber Merkezi\"},\"sameAs\":[\"https:\\\/\\\/memurunsesi.net\"],\"url\":\"https:\\\/\\\/memurunsesi.net\\\/index.php\\\/author\\\/uniper\\\/\"}]}<\/script>\n<!-- \/ Yoast SEO plugin. -->","yoast_head_json":{"title":"Cumhurba\u015fkanl\u0131\u011f\u0131 Karar\u0131yla Kamu Y\u00f6netiminde Kapsaml\u0131 Atama ve G\u00f6rev De\u011fi\u015fikli\u011fi - Memurun Sesi","description":"Cumhurba\u015fkan\u0131 Recep Tayyip Erdo\u011fan\u2019\u0131n imzas\u0131yla yay\u0131mlanan Cumhurba\u015fkanl\u0131\u011f\u0131 kararlar\u0131yla kamu y\u00f6netiminde geni\u015f kapsaml\u0131 bir g\u00f6rev de\u011fi\u015fimi ger\u00e7ekle\u015ftirildi.","robots":{"index":"index","follow":"follow","max-snippet":"max-snippet:-1","max-image-preview":"max-image-preview:large","max-video-preview":"max-video-preview:-1"},"canonical":"https:\/\/memurunsesi.net\/index.php\/2026\/01\/31\/cumhurbaskanligi-karariyla-kamu-yonetiminde-kapsamli-atama-ve-gorev-degisikligi\/","og_locale":"tr_TR","og_type":"article","og_title":"Cumhurba\u015fkanl\u0131\u011f\u0131 Karar\u0131yla Kamu Y\u00f6netiminde Kapsaml\u0131 Atama ve G\u00f6rev De\u011fi\u015fikli\u011fi - Memurun Sesi","og_description":"Cumhurba\u015fkan\u0131 Recep Tayyip Erdo\u011fan\u2019\u0131n imzas\u0131yla yay\u0131mlanan Cumhurba\u015fkanl\u0131\u011f\u0131 kararlar\u0131yla kamu y\u00f6netiminde geni\u015f kapsaml\u0131 bir g\u00f6rev de\u011fi\u015fimi ger\u00e7ekle\u015ftirildi.","og_url":"https:\/\/memurunsesi.net\/index.php\/2026\/01\/31\/cumhurbaskanligi-karariyla-kamu-yonetiminde-kapsamli-atama-ve-gorev-degisikligi\/","og_site_name":"Memurun Sesi","article_publisher":"https:\/\/www.facebook.com\/unipersen\/?locale=tr_TR","article_published_time":"2026-01-31T06:29:10+00:00","og_image":[{"width":1280,"height":720,"url":"https:\/\/memurunsesi.net\/wp-content\/uploads\/2026\/01\/resmi-gazete-1.webp","type":"image\/webp"}],"author":"Memurun Sesi Haber Merkezi","twitter_card":"summary_large_image","twitter_creator":"@unipersen","twitter_site":"@unipersen","twitter_misc":{"Yazan:":"Memurun Sesi Haber Merkezi","Tahmini okuma s\u00fcresi":"3 dakika"},"schema":{"@context":"https:\/\/schema.org","@graph":[{"@type":"Article","@id":"https:\/\/memurunsesi.net\/index.php\/2026\/01\/31\/cumhurbaskanligi-karariyla-kamu-yonetiminde-kapsamli-atama-ve-gorev-degisikligi\/#article","isPartOf":{"@id":"https:\/\/memurunsesi.net\/index.php\/2026\/01\/31\/cumhurbaskanligi-karariyla-kamu-yonetiminde-kapsamli-atama-ve-gorev-degisikligi\/"},"author":{"name":"Memurun Sesi Haber Merkezi","@id":"https:\/\/memurunsesi.net\/#\/schema\/person\/f21c2d73b89f6ee1d80b0a1803e38587"},"headline":"Cumhurba\u015fkanl\u0131\u011f\u0131 Karar\u0131yla Kamu Y\u00f6netiminde Kapsaml\u0131 Atama ve G\u00f6rev De\u011fi\u015fikli\u011fi","datePublished":"2026-01-31T06:29:10+00:00","mainEntityOfPage":{"@id":"https:\/\/memurunsesi.net\/index.php\/2026\/01\/31\/cumhurbaskanligi-karariyla-kamu-yonetiminde-kapsamli-atama-ve-gorev-degisikligi\/"},"wordCount":530,"commentCount":0,"publisher":{"@id":"https:\/\/memurunsesi.net\/#organization"},"image":{"@id":"https:\/\/memurunsesi.net\/index.php\/2026\/01\/31\/cumhurbaskanligi-karariyla-kamu-yonetiminde-kapsamli-atama-ve-gorev-degisikligi\/#primaryimage"},"thumbnailUrl":"https:\/\/memurunsesi.net\/wp-content\/uploads\/2026\/01\/resmi-gazete-1.webp","keywords":["Atama ve G\u00f6rev De\u011fi\u015fikli\u011fi"],"articleSection":["Mevzuat"],"inLanguage":"tr","potentialAction":[{"@type":"CommentAction","name":"Comment","target":["https:\/\/memurunsesi.net\/index.php\/2026\/01\/31\/cumhurbaskanligi-karariyla-kamu-yonetiminde-kapsamli-atama-ve-gorev-degisikligi\/#respond"]}]},{"@type":"WebPage","@id":"https:\/\/memurunsesi.net\/index.php\/2026\/01\/31\/cumhurbaskanligi-karariyla-kamu-yonetiminde-kapsamli-atama-ve-gorev-degisikligi\/","url":"https:\/\/memurunsesi.net\/index.php\/2026\/01\/31\/cumhurbaskanligi-karariyla-kamu-yonetiminde-kapsamli-atama-ve-gorev-degisikligi\/","name":"Cumhurba\u015fkanl\u0131\u011f\u0131 Karar\u0131yla Kamu Y\u00f6netiminde Kapsaml\u0131 Atama ve G\u00f6rev De\u011fi\u015fikli\u011fi - Memurun Sesi","isPartOf":{"@id":"https:\/\/memurunsesi.net\/#website"},"primaryImageOfPage":{"@id":"https:\/\/memurunsesi.net\/index.php\/2026\/01\/31\/cumhurbaskanligi-karariyla-kamu-yonetiminde-kapsamli-atama-ve-gorev-degisikligi\/#primaryimage"},"image":{"@id":"https:\/\/memurunsesi.net\/index.php\/2026\/01\/31\/cumhurbaskanligi-karariyla-kamu-yonetiminde-kapsamli-atama-ve-gorev-degisikligi\/#primaryimage"},"thumbnailUrl":"https:\/\/memurunsesi.net\/wp-content\/uploads\/2026\/01\/resmi-gazete-1.webp","datePublished":"2026-01-31T06:29:10+00:00","description":"Cumhurba\u015fkan\u0131 Recep Tayyip Erdo\u011fan\u2019\u0131n imzas\u0131yla yay\u0131mlanan Cumhurba\u015fkanl\u0131\u011f\u0131 kararlar\u0131yla kamu y\u00f6netiminde geni\u015f kapsaml\u0131 bir g\u00f6rev de\u011fi\u015fimi ger\u00e7ekle\u015ftirildi.","breadcrumb":{"@id":"https:\/\/memurunsesi.net\/index.php\/2026\/01\/31\/cumhurbaskanligi-karariyla-kamu-yonetiminde-kapsamli-atama-ve-gorev-degisikligi\/#breadcrumb"},"inLanguage":"tr","potentialAction":[{"@type":"ReadAction","target":["https:\/\/memurunsesi.net\/index.php\/2026\/01\/31\/cumhurbaskanligi-karariyla-kamu-yonetiminde-kapsamli-atama-ve-gorev-degisikligi\/"]}]},{"@type":"ImageObject","inLanguage":"tr","@id":"https:\/\/memurunsesi.net\/index.php\/2026\/01\/31\/cumhurbaskanligi-karariyla-kamu-yonetiminde-kapsamli-atama-ve-gorev-degisikligi\/#primaryimage","url":"https:\/\/memurunsesi.net\/wp-content\/uploads\/2026\/01\/resmi-gazete-1.webp","contentUrl":"https:\/\/memurunsesi.net\/wp-content\/uploads\/2026\/01\/resmi-gazete-1.webp","width":1280,"height":720},{"@type":"BreadcrumbList","@id":"https:\/\/memurunsesi.net\/index.php\/2026\/01\/31\/cumhurbaskanligi-karariyla-kamu-yonetiminde-kapsamli-atama-ve-gorev-degisikligi\/#breadcrumb","itemListElement":[{"@type":"ListItem","position":1,"name":"Anasayfa","item":"https:\/\/memurunsesi.net\/"},{"@type":"ListItem","position":2,"name":"Cumhurba\u015fkanl\u0131\u011f\u0131 Karar\u0131yla Kamu Y\u00f6netiminde Kapsaml\u0131 Atama ve G\u00f6rev De\u011fi\u015fikli\u011fi"}]},{"@type":"WebSite","@id":"https:\/\/memurunsesi.net\/#website","url":"https:\/\/memurunsesi.net\/","name":"Memurun Sesi","description":"G\u00fcncel ve Do\u011fru Haber","publisher":{"@id":"https:\/\/memurunsesi.net\/#organization"},"potentialAction":[{"@type":"SearchAction","target":{"@type":"EntryPoint","urlTemplate":"https:\/\/memurunsesi.net\/?s={search_term_string}"},"query-input":{"@type":"PropertyValueSpecification","valueRequired":true,"valueName":"search_term_string"}}],"inLanguage":"tr"},{"@type":"Organization","@id":"https:\/\/memurunsesi.net\/#organization","name":"Memurun Sesi","url":"https:\/\/memurunsesi.net\/","logo":{"@type":"ImageObject","inLanguage":"tr","@id":"https:\/\/memurunsesi.net\/#\/schema\/logo\/image\/","url":"https:\/\/memurunsesi.net\/wp-content\/uploads\/2025\/11\/cropped-MEMURUN-SESI.png","contentUrl":"https:\/\/memurunsesi.net\/wp-content\/uploads\/2025\/11\/cropped-MEMURUN-SESI.png","width":238,"height":57,"caption":"Memurun Sesi"},"image":{"@id":"https:\/\/memurunsesi.net\/#\/schema\/logo\/image\/"},"sameAs":["https:\/\/www.facebook.com\/unipersen\/?locale=tr_TR","https:\/\/x.com\/unipersen"]},{"@type":"Person","@id":"https:\/\/memurunsesi.net\/#\/schema\/person\/f21c2d73b89f6ee1d80b0a1803e38587","name":"Memurun Sesi Haber Merkezi","image":{"@type":"ImageObject","inLanguage":"tr","@id":"https:\/\/secure.gravatar.com\/avatar\/6cf0505f452ee753f485014986fab09a434671d2b919ee76fc541025c5876a70?s=96&d=mm&r=g","url":"https:\/\/secure.gravatar.com\/avatar\/6cf0505f452ee753f485014986fab09a434671d2b919ee76fc541025c5876a70?s=96&d=mm&r=g","contentUrl":"https:\/\/secure.gravatar.com\/avatar\/6cf0505f452ee753f485014986fab09a434671d2b919ee76fc541025c5876a70?s=96&d=mm&r=g","caption":"Memurun Sesi Haber Merkezi"},"sameAs":["https:\/\/memurunsesi.net"],"url":"https:\/\/memurunsesi.net\/index.php\/author\/uniper\/"}]}},"_links":{"self":[{"href":"https:\/\/memurunsesi.net\/index.php\/wp-json\/wp\/v2\/posts\/17042","targetHints":{"allow":["GET"]}}],"collection":[{"href":"https:\/\/memurunsesi.net\/index.php\/wp-json\/wp\/v2\/posts"}],"about":[{"href":"https:\/\/memurunsesi.net\/index.php\/wp-json\/wp\/v2\/types\/post"}],"author":[{"embeddable":true,"href":"https:\/\/memurunsesi.net\/index.php\/wp-json\/wp\/v2\/users\/1"}],"replies":[{"embeddable":true,"href":"https:\/\/memurunsesi.net\/index.php\/wp-json\/wp\/v2\/comments?post=17042"}],"version-history":[{"count":1,"href":"https:\/\/memurunsesi.net\/index.php\/wp-json\/wp\/v2\/posts\/17042\/revisions"}],"predecessor-version":[{"id":17043,"href":"https:\/\/memurunsesi.net\/index.php\/wp-json\/wp\/v2\/posts\/17042\/revisions\/17043"}],"wp:featuredmedia":[{"embeddable":true,"href":"https:\/\/memurunsesi.net\/index.php\/wp-json\/wp\/v2\/media\/16696"}],"wp:attachment":[{"href":"https:\/\/memurunsesi.net\/index.php\/wp-json\/wp\/v2\/media?parent=17042"}],"wp:term":[{"taxonomy":"category","embeddable":true,"href":"https:\/\/memurunsesi.net\/index.php\/wp-json\/wp\/v2\/categories?post=17042"},{"taxonomy":"post_tag","embeddable":true,"href":"https:\/\/memurunsesi.net\/index.php\/wp-json\/wp\/v2\/tags?post=17042"}],"curies":[{"name":"wp","href":"https:\/\/api.w.org\/{rel}","templated":true}]}}