{"id":17072,"date":"2026-02-01T08:33:52","date_gmt":"2026-02-01T05:33:52","guid":{"rendered":"https:\/\/memurunsesi.net\/?p=17072"},"modified":"2026-02-01T08:33:52","modified_gmt":"2026-02-01T05:33:52","slug":"fenerbahcenin-yeni-transferi-sidiki-cherif-istanbulda","status":"publish","type":"post","link":"https:\/\/memurunsesi.net\/index.php\/2026\/02\/01\/fenerbahcenin-yeni-transferi-sidiki-cherif-istanbulda\/","title":{"rendered":"Fenerbah\u00e7e&#8217;nin yeni transferi Sidiki Cherif, \u0130stanbul&#8217;da"},"content":{"rendered":"<p>Fenerbah\u00e7e\u2019nin transfer g\u00f6r\u00fc\u015fmelerinde bulundu\u011fu Frans\u0131z futbolcu Sidiki Cherif, \u0130stanbul\u2019a geldi.<br \/>\nTransfer \u00e7al\u0131\u015fmalar\u0131n\u0131 s\u00fcrd\u00fcren Fenerbah\u00e7e forvet hatt\u0131na takviye yapt\u0131. Sar\u0131-lacivertliler, bu kapsamda Fransa Ligue1 ekibi Angers formas\u0131 giyen Sidiki Cherif ile anla\u015fma sa\u011flad\u0131. 19 ya\u015f\u0131ndaki futbolcu transfer g\u00f6r\u00fc\u015fmelerini ilerletmek \u00fczere Paris&#8217;ten kalkan \u00f6zel u\u00e7akla \u0130stanbul&#8217;a indi. Frans\u0131z futbolcu ailesiyle birlikte pasaport kontrollerinin ard\u0131ndan Atat\u00fcrk Havaliman\u0131 Genel Havac\u0131l\u0131k Terminali\u2019nden \u015fehre giri\u015f yapt\u0131. Gen\u00e7 oyuncuya Fenerbah\u00e7e Y\u00f6netim Kurulu \u00dcyesi Taner S\u00f6nmezer e\u015flik etti.<br \/>\nBir grup Fenerbah\u00e7e taraftar\u0131n\u0131n tezah\u00fcratlarla kar\u015f\u0131lad\u0131\u011f\u0131 Frans\u0131z futbolcu daha sonra havaliman\u0131nda kendisini bekleyen ara\u00e7la alandan ayr\u0131ld\u0131.<br \/>\nSidiki Cherif, sa\u011fl\u0131k kontrol\u00fcnden ge\u00e7tikten sonra Fenerbah\u00e7e ile 4.5 y\u0131ll\u0131k s\u00f6zle\u015fme imzalayacak.<\/p>\n<p>1.02.2026<\/p>\n","protected":false},"excerpt":{"rendered":"<p>Fenerbah\u00e7e\u2019nin transfer g\u00f6r\u00fc\u015fmelerinde bulundu\u011fu Frans\u0131z futbolcu Sidiki Cherif, \u0130stanbul\u2019a geldi. Transfer \u00e7al\u0131\u015fmalar\u0131n\u0131 s\u00fcrd\u00fcren Fenerbah\u00e7e forvet hatt\u0131na takviye yapt\u0131. Sar\u0131-lacivertliler, bu kapsamda Fransa Ligue1 ekibi Angers formas\u0131 giyen Sidiki Cherif ile anla\u015fma sa\u011flad\u0131. 19 ya\u015f\u0131ndaki futbolcu transfer g\u00f6r\u00fc\u015fmelerini ilerletmek \u00fczere Paris&#8217;ten kalkan \u00f6zel u\u00e7akla \u0130stanbul&#8217;a indi. Frans\u0131z futbolcu ailesiyle birlikte pasaport kontrollerinin ard\u0131ndan Atat\u00fcrk Havaliman\u0131 Genel [&hellip;]<\/p>\n","protected":false},"author":1,"featured_media":17073,"comment_status":"open","ping_status":"open","sticky":false,"template":"","format":"standard","meta":{"footnotes":""},"categories":[57],"tags":[1030,1031],"class_list":["post-17072","post","type-post","status-publish","format-standard","has-post-thumbnail","hentry","category-spor","tag-fenerbahce","tag-taraftar"],"yoast_head":"<!-- This site is optimized with the Yoast SEO plugin v27.4 - https:\/\/yoast.com\/product\/yoast-seo-wordpress\/ -->\n<title>Fenerbah\u00e7e&#039;nin yeni transferi Sidiki Cherif, \u0130stanbul&#039;da - Memurun Sesi<\/title>\n<meta name=\"description\" content=\"Frans\u0131z futbolcu Sidiki Cherif, \u0130stanbul\u2019a geldi.Transfer \u00e7al\u0131\u015fmalar\u0131n\u0131 s\u00fcrd\u00fcren Fenerbah\u00e7e forvet hatt\u0131na takviye yapt\u0131. Sar\u0131-lacivertliler, bu kapsamda Fransa Ligue1 ekibi Angers formas\u0131 giyen Sidiki Cherif ile anla\u015fma sa\u011flad\u0131.\" \/>\n<meta name=\"robots\" content=\"index, follow, max-snippet:-1, max-image-preview:large, max-video-preview:-1\" \/>\n<link rel=\"canonical\" href=\"https:\/\/memurunsesi.net\/index.php\/2026\/02\/01\/fenerbahcenin-yeni-transferi-sidiki-cherif-istanbulda\/\" \/>\n<meta property=\"og:locale\" content=\"tr_TR\" \/>\n<meta property=\"og:type\" content=\"article\" \/>\n<meta property=\"og:title\" content=\"Fenerbah\u00e7e&#039;nin yeni transferi Sidiki Cherif, \u0130stanbul&#039;da - Memurun Sesi\" \/>\n<meta property=\"og:description\" content=\"Frans\u0131z futbolcu Sidiki Cherif, \u0130stanbul\u2019a geldi.Transfer \u00e7al\u0131\u015fmalar\u0131n\u0131 s\u00fcrd\u00fcren Fenerbah\u00e7e forvet hatt\u0131na takviye yapt\u0131. Sar\u0131-lacivertliler, bu kapsamda Fransa Ligue1 ekibi Angers formas\u0131 giyen Sidiki Cherif ile anla\u015fma sa\u011flad\u0131.\" \/>\n<meta property=\"og:url\" content=\"https:\/\/memurunsesi.net\/index.php\/2026\/02\/01\/fenerbahcenin-yeni-transferi-sidiki-cherif-istanbulda\/\" \/>\n<meta property=\"og:site_name\" content=\"Memurun Sesi\" \/>\n<meta property=\"article:publisher\" content=\"https:\/\/www.facebook.com\/unipersen\/?locale=tr_TR\" \/>\n<meta property=\"article:published_time\" content=\"2026-02-01T05:33:52+00:00\" \/>\n<meta property=\"og:image\" content=\"https:\/\/memurunsesi.net\/wp-content\/uploads\/2026\/02\/fenerbahce.jpg\" \/>\n\t<meta property=\"og:image:width\" content=\"1920\" \/>\n\t<meta property=\"og:image:height\" content=\"1080\" \/>\n\t<meta property=\"og:image:type\" content=\"image\/jpeg\" \/>\n<meta name=\"author\" content=\"Memurun Sesi Haber Merkezi\" \/>\n<meta name=\"twitter:card\" content=\"summary_large_image\" \/>\n<meta name=\"twitter:creator\" content=\"@unipersen\" \/>\n<meta name=\"twitter:site\" content=\"@unipersen\" \/>\n<meta name=\"twitter:label1\" content=\"Yazan:\" \/>\n\t<meta name=\"twitter:data1\" content=\"Memurun Sesi Haber Merkezi\" \/>\n\t<meta name=\"twitter:label2\" content=\"Tahmini okuma s\u00fcresi\" \/>\n\t<meta name=\"twitter:data2\" content=\"1 dakika\" \/>\n<script type=\"application\/ld+json\" class=\"yoast-schema-graph\">{\"@context\":\"https:\\\/\\\/schema.org\",\"@graph\":[{\"@type\":\"Article\",\"@id\":\"https:\\\/\\\/memurunsesi.net\\\/index.php\\\/2026\\\/02\\\/01\\\/fenerbahcenin-yeni-transferi-sidiki-cherif-istanbulda\\\/#article\",\"isPartOf\":{\"@id\":\"https:\\\/\\\/memurunsesi.net\\\/index.php\\\/2026\\\/02\\\/01\\\/fenerbahcenin-yeni-transferi-sidiki-cherif-istanbulda\\\/\"},\"author\":{\"name\":\"Memurun Sesi Haber Merkezi\",\"@id\":\"https:\\\/\\\/memurunsesi.net\\\/#\\\/schema\\\/person\\\/f21c2d73b89f6ee1d80b0a1803e38587\"},\"headline\":\"Fenerbah\u00e7e&#8217;nin yeni transferi Sidiki Cherif, \u0130stanbul&#8217;da\",\"datePublished\":\"2026-02-01T05:33:52+00:00\",\"mainEntityOfPage\":{\"@id\":\"https:\\\/\\\/memurunsesi.net\\\/index.php\\\/2026\\\/02\\\/01\\\/fenerbahcenin-yeni-transferi-sidiki-cherif-istanbulda\\\/\"},\"wordCount\":155,\"commentCount\":0,\"publisher\":{\"@id\":\"https:\\\/\\\/memurunsesi.net\\\/#organization\"},\"image\":{\"@id\":\"https:\\\/\\\/memurunsesi.net\\\/index.php\\\/2026\\\/02\\\/01\\\/fenerbahcenin-yeni-transferi-sidiki-cherif-istanbulda\\\/#primaryimage\"},\"thumbnailUrl\":\"https:\\\/\\\/memurunsesi.net\\\/wp-content\\\/uploads\\\/2026\\\/02\\\/fenerbahce.jpg\",\"keywords\":[\"fenerbah\u00e7e\",\"taraftar\"],\"articleSection\":[\"Spor\"],\"inLanguage\":\"tr\",\"potentialAction\":[{\"@type\":\"CommentAction\",\"name\":\"Comment\",\"target\":[\"https:\\\/\\\/memurunsesi.net\\\/index.php\\\/2026\\\/02\\\/01\\\/fenerbahcenin-yeni-transferi-sidiki-cherif-istanbulda\\\/#respond\"]}]},{\"@type\":\"WebPage\",\"@id\":\"https:\\\/\\\/memurunsesi.net\\\/index.php\\\/2026\\\/02\\\/01\\\/fenerbahcenin-yeni-transferi-sidiki-cherif-istanbulda\\\/\",\"url\":\"https:\\\/\\\/memurunsesi.net\\\/index.php\\\/2026\\\/02\\\/01\\\/fenerbahcenin-yeni-transferi-sidiki-cherif-istanbulda\\\/\",\"name\":\"Fenerbah\u00e7e'nin yeni transferi Sidiki Cherif, \u0130stanbul'da - Memurun Sesi\",\"isPartOf\":{\"@id\":\"https:\\\/\\\/memurunsesi.net\\\/#website\"},\"primaryImageOfPage\":{\"@id\":\"https:\\\/\\\/memurunsesi.net\\\/index.php\\\/2026\\\/02\\\/01\\\/fenerbahcenin-yeni-transferi-sidiki-cherif-istanbulda\\\/#primaryimage\"},\"image\":{\"@id\":\"https:\\\/\\\/memurunsesi.net\\\/index.php\\\/2026\\\/02\\\/01\\\/fenerbahcenin-yeni-transferi-sidiki-cherif-istanbulda\\\/#primaryimage\"},\"thumbnailUrl\":\"https:\\\/\\\/memurunsesi.net\\\/wp-content\\\/uploads\\\/2026\\\/02\\\/fenerbahce.jpg\",\"datePublished\":\"2026-02-01T05:33:52+00:00\",\"description\":\"Frans\u0131z futbolcu Sidiki Cherif, \u0130stanbul\u2019a geldi.Transfer \u00e7al\u0131\u015fmalar\u0131n\u0131 s\u00fcrd\u00fcren Fenerbah\u00e7e forvet hatt\u0131na takviye yapt\u0131. Sar\u0131-lacivertliler, bu kapsamda Fransa Ligue1 ekibi Angers formas\u0131 giyen Sidiki Cherif ile anla\u015fma sa\u011flad\u0131.\",\"breadcrumb\":{\"@id\":\"https:\\\/\\\/memurunsesi.net\\\/index.php\\\/2026\\\/02\\\/01\\\/fenerbahcenin-yeni-transferi-sidiki-cherif-istanbulda\\\/#breadcrumb\"},\"inLanguage\":\"tr\",\"potentialAction\":[{\"@type\":\"ReadAction\",\"target\":[\"https:\\\/\\\/memurunsesi.net\\\/index.php\\\/2026\\\/02\\\/01\\\/fenerbahcenin-yeni-transferi-sidiki-cherif-istanbulda\\\/\"]}]},{\"@type\":\"ImageObject\",\"inLanguage\":\"tr\",\"@id\":\"https:\\\/\\\/memurunsesi.net\\\/index.php\\\/2026\\\/02\\\/01\\\/fenerbahcenin-yeni-transferi-sidiki-cherif-istanbulda\\\/#primaryimage\",\"url\":\"https:\\\/\\\/memurunsesi.net\\\/wp-content\\\/uploads\\\/2026\\\/02\\\/fenerbahce.jpg\",\"contentUrl\":\"https:\\\/\\\/memurunsesi.net\\\/wp-content\\\/uploads\\\/2026\\\/02\\\/fenerbahce.jpg\",\"width\":1920,\"height\":1080,\"caption\":\"FENERBAH\u00c7E'N\u0130N YEN\u0130 TRANSFER\u0130 S\u0130D\u0130K\u0130 CHER\u0130F, \u0130STANBUL'DA (ENES G\u00dcM\u00dc\u015e\\\/\u0130STANBUL-\u0130HA) Fenerbah\u00e7e'nin transfer g\u00f6r\u00fc\u015fmelerinde bulundu\u011fu Frans\u0131z futbolcu Sidiki Cherif, \u0130stanbul'a geldi.\"},{\"@type\":\"BreadcrumbList\",\"@id\":\"https:\\\/\\\/memurunsesi.net\\\/index.php\\\/2026\\\/02\\\/01\\\/fenerbahcenin-yeni-transferi-sidiki-cherif-istanbulda\\\/#breadcrumb\",\"itemListElement\":[{\"@type\":\"ListItem\",\"position\":1,\"name\":\"Anasayfa\",\"item\":\"https:\\\/\\\/memurunsesi.net\\\/\"},{\"@type\":\"ListItem\",\"position\":2,\"name\":\"Fenerbah\u00e7e&#8217;nin yeni transferi Sidiki Cherif, \u0130stanbul&#8217;da\"}]},{\"@type\":\"WebSite\",\"@id\":\"https:\\\/\\\/memurunsesi.net\\\/#website\",\"url\":\"https:\\\/\\\/memurunsesi.net\\\/\",\"name\":\"Memurun Sesi\",\"description\":\"G\u00fcncel ve Do\u011fru Haber\",\"publisher\":{\"@id\":\"https:\\\/\\\/memurunsesi.net\\\/#organization\"},\"potentialAction\":[{\"@type\":\"SearchAction\",\"target\":{\"@type\":\"EntryPoint\",\"urlTemplate\":\"https:\\\/\\\/memurunsesi.net\\\/?s={search_term_string}\"},\"query-input\":{\"@type\":\"PropertyValueSpecification\",\"valueRequired\":true,\"valueName\":\"search_term_string\"}}],\"inLanguage\":\"tr\"},{\"@type\":\"Organization\",\"@id\":\"https:\\\/\\\/memurunsesi.net\\\/#organization\",\"name\":\"Memurun Sesi\",\"url\":\"https:\\\/\\\/memurunsesi.net\\\/\",\"logo\":{\"@type\":\"ImageObject\",\"inLanguage\":\"tr\",\"@id\":\"https:\\\/\\\/memurunsesi.net\\\/#\\\/schema\\\/logo\\\/image\\\/\",\"url\":\"https:\\\/\\\/memurunsesi.net\\\/wp-content\\\/uploads\\\/2025\\\/11\\\/cropped-MEMURUN-SESI.png\",\"contentUrl\":\"https:\\\/\\\/memurunsesi.net\\\/wp-content\\\/uploads\\\/2025\\\/11\\\/cropped-MEMURUN-SESI.png\",\"width\":238,\"height\":57,\"caption\":\"Memurun Sesi\"},\"image\":{\"@id\":\"https:\\\/\\\/memurunsesi.net\\\/#\\\/schema\\\/logo\\\/image\\\/\"},\"sameAs\":[\"https:\\\/\\\/www.facebook.com\\\/unipersen\\\/?locale=tr_TR\",\"https:\\\/\\\/x.com\\\/unipersen\"]},{\"@type\":\"Person\",\"@id\":\"https:\\\/\\\/memurunsesi.net\\\/#\\\/schema\\\/person\\\/f21c2d73b89f6ee1d80b0a1803e38587\",\"name\":\"Memurun Sesi Haber Merkezi\",\"image\":{\"@type\":\"ImageObject\",\"inLanguage\":\"tr\",\"@id\":\"https:\\\/\\\/secure.gravatar.com\\\/avatar\\\/6cf0505f452ee753f485014986fab09a434671d2b919ee76fc541025c5876a70?s=96&d=mm&r=g\",\"url\":\"https:\\\/\\\/secure.gravatar.com\\\/avatar\\\/6cf0505f452ee753f485014986fab09a434671d2b919ee76fc541025c5876a70?s=96&d=mm&r=g\",\"contentUrl\":\"https:\\\/\\\/secure.gravatar.com\\\/avatar\\\/6cf0505f452ee753f485014986fab09a434671d2b919ee76fc541025c5876a70?s=96&d=mm&r=g\",\"caption\":\"Memurun Sesi Haber Merkezi\"},\"sameAs\":[\"https:\\\/\\\/memurunsesi.net\"],\"url\":\"https:\\\/\\\/memurunsesi.net\\\/index.php\\\/author\\\/uniper\\\/\"}]}<\/script>\n<!-- \/ Yoast SEO plugin. -->","yoast_head_json":{"title":"Fenerbah\u00e7e'nin yeni transferi Sidiki Cherif, \u0130stanbul'da - Memurun Sesi","description":"Frans\u0131z futbolcu Sidiki Cherif, \u0130stanbul\u2019a geldi.Transfer \u00e7al\u0131\u015fmalar\u0131n\u0131 s\u00fcrd\u00fcren Fenerbah\u00e7e forvet hatt\u0131na takviye yapt\u0131. Sar\u0131-lacivertliler, bu kapsamda Fransa Ligue1 ekibi Angers formas\u0131 giyen Sidiki Cherif ile anla\u015fma sa\u011flad\u0131.","robots":{"index":"index","follow":"follow","max-snippet":"max-snippet:-1","max-image-preview":"max-image-preview:large","max-video-preview":"max-video-preview:-1"},"canonical":"https:\/\/memurunsesi.net\/index.php\/2026\/02\/01\/fenerbahcenin-yeni-transferi-sidiki-cherif-istanbulda\/","og_locale":"tr_TR","og_type":"article","og_title":"Fenerbah\u00e7e'nin yeni transferi Sidiki Cherif, \u0130stanbul'da - Memurun Sesi","og_description":"Frans\u0131z futbolcu Sidiki Cherif, \u0130stanbul\u2019a geldi.Transfer \u00e7al\u0131\u015fmalar\u0131n\u0131 s\u00fcrd\u00fcren Fenerbah\u00e7e forvet hatt\u0131na takviye yapt\u0131. Sar\u0131-lacivertliler, bu kapsamda Fransa Ligue1 ekibi Angers formas\u0131 giyen Sidiki Cherif ile anla\u015fma sa\u011flad\u0131.","og_url":"https:\/\/memurunsesi.net\/index.php\/2026\/02\/01\/fenerbahcenin-yeni-transferi-sidiki-cherif-istanbulda\/","og_site_name":"Memurun Sesi","article_publisher":"https:\/\/www.facebook.com\/unipersen\/?locale=tr_TR","article_published_time":"2026-02-01T05:33:52+00:00","og_image":[{"width":1920,"height":1080,"url":"https:\/\/memurunsesi.net\/wp-content\/uploads\/2026\/02\/fenerbahce.jpg","type":"image\/jpeg"}],"author":"Memurun Sesi Haber Merkezi","twitter_card":"summary_large_image","twitter_creator":"@unipersen","twitter_site":"@unipersen","twitter_misc":{"Yazan:":"Memurun Sesi Haber Merkezi","Tahmini okuma s\u00fcresi":"1 dakika"},"schema":{"@context":"https:\/\/schema.org","@graph":[{"@type":"Article","@id":"https:\/\/memurunsesi.net\/index.php\/2026\/02\/01\/fenerbahcenin-yeni-transferi-sidiki-cherif-istanbulda\/#article","isPartOf":{"@id":"https:\/\/memurunsesi.net\/index.php\/2026\/02\/01\/fenerbahcenin-yeni-transferi-sidiki-cherif-istanbulda\/"},"author":{"name":"Memurun Sesi Haber Merkezi","@id":"https:\/\/memurunsesi.net\/#\/schema\/person\/f21c2d73b89f6ee1d80b0a1803e38587"},"headline":"Fenerbah\u00e7e&#8217;nin yeni transferi Sidiki Cherif, \u0130stanbul&#8217;da","datePublished":"2026-02-01T05:33:52+00:00","mainEntityOfPage":{"@id":"https:\/\/memurunsesi.net\/index.php\/2026\/02\/01\/fenerbahcenin-yeni-transferi-sidiki-cherif-istanbulda\/"},"wordCount":155,"commentCount":0,"publisher":{"@id":"https:\/\/memurunsesi.net\/#organization"},"image":{"@id":"https:\/\/memurunsesi.net\/index.php\/2026\/02\/01\/fenerbahcenin-yeni-transferi-sidiki-cherif-istanbulda\/#primaryimage"},"thumbnailUrl":"https:\/\/memurunsesi.net\/wp-content\/uploads\/2026\/02\/fenerbahce.jpg","keywords":["fenerbah\u00e7e","taraftar"],"articleSection":["Spor"],"inLanguage":"tr","potentialAction":[{"@type":"CommentAction","name":"Comment","target":["https:\/\/memurunsesi.net\/index.php\/2026\/02\/01\/fenerbahcenin-yeni-transferi-sidiki-cherif-istanbulda\/#respond"]}]},{"@type":"WebPage","@id":"https:\/\/memurunsesi.net\/index.php\/2026\/02\/01\/fenerbahcenin-yeni-transferi-sidiki-cherif-istanbulda\/","url":"https:\/\/memurunsesi.net\/index.php\/2026\/02\/01\/fenerbahcenin-yeni-transferi-sidiki-cherif-istanbulda\/","name":"Fenerbah\u00e7e'nin yeni transferi Sidiki Cherif, \u0130stanbul'da - Memurun Sesi","isPartOf":{"@id":"https:\/\/memurunsesi.net\/#website"},"primaryImageOfPage":{"@id":"https:\/\/memurunsesi.net\/index.php\/2026\/02\/01\/fenerbahcenin-yeni-transferi-sidiki-cherif-istanbulda\/#primaryimage"},"image":{"@id":"https:\/\/memurunsesi.net\/index.php\/2026\/02\/01\/fenerbahcenin-yeni-transferi-sidiki-cherif-istanbulda\/#primaryimage"},"thumbnailUrl":"https:\/\/memurunsesi.net\/wp-content\/uploads\/2026\/02\/fenerbahce.jpg","datePublished":"2026-02-01T05:33:52+00:00","description":"Frans\u0131z futbolcu Sidiki Cherif, \u0130stanbul\u2019a geldi.Transfer \u00e7al\u0131\u015fmalar\u0131n\u0131 s\u00fcrd\u00fcren Fenerbah\u00e7e forvet hatt\u0131na takviye yapt\u0131. Sar\u0131-lacivertliler, bu kapsamda Fransa Ligue1 ekibi Angers formas\u0131 giyen Sidiki Cherif ile anla\u015fma sa\u011flad\u0131.","breadcrumb":{"@id":"https:\/\/memurunsesi.net\/index.php\/2026\/02\/01\/fenerbahcenin-yeni-transferi-sidiki-cherif-istanbulda\/#breadcrumb"},"inLanguage":"tr","potentialAction":[{"@type":"ReadAction","target":["https:\/\/memurunsesi.net\/index.php\/2026\/02\/01\/fenerbahcenin-yeni-transferi-sidiki-cherif-istanbulda\/"]}]},{"@type":"ImageObject","inLanguage":"tr","@id":"https:\/\/memurunsesi.net\/index.php\/2026\/02\/01\/fenerbahcenin-yeni-transferi-sidiki-cherif-istanbulda\/#primaryimage","url":"https:\/\/memurunsesi.net\/wp-content\/uploads\/2026\/02\/fenerbahce.jpg","contentUrl":"https:\/\/memurunsesi.net\/wp-content\/uploads\/2026\/02\/fenerbahce.jpg","width":1920,"height":1080,"caption":"FENERBAH\u00c7E'N\u0130N YEN\u0130 TRANSFER\u0130 S\u0130D\u0130K\u0130 CHER\u0130F, \u0130STANBUL'DA (ENES G\u00dcM\u00dc\u015e\/\u0130STANBUL-\u0130HA) Fenerbah\u00e7e'nin transfer g\u00f6r\u00fc\u015fmelerinde bulundu\u011fu Frans\u0131z futbolcu Sidiki Cherif, \u0130stanbul'a geldi."},{"@type":"BreadcrumbList","@id":"https:\/\/memurunsesi.net\/index.php\/2026\/02\/01\/fenerbahcenin-yeni-transferi-sidiki-cherif-istanbulda\/#breadcrumb","itemListElement":[{"@type":"ListItem","position":1,"name":"Anasayfa","item":"https:\/\/memurunsesi.net\/"},{"@type":"ListItem","position":2,"name":"Fenerbah\u00e7e&#8217;nin yeni transferi Sidiki Cherif, \u0130stanbul&#8217;da"}]},{"@type":"WebSite","@id":"https:\/\/memurunsesi.net\/#website","url":"https:\/\/memurunsesi.net\/","name":"Memurun Sesi","description":"G\u00fcncel ve Do\u011fru Haber","publisher":{"@id":"https:\/\/memurunsesi.net\/#organization"},"potentialAction":[{"@type":"SearchAction","target":{"@type":"EntryPoint","urlTemplate":"https:\/\/memurunsesi.net\/?s={search_term_string}"},"query-input":{"@type":"PropertyValueSpecification","valueRequired":true,"valueName":"search_term_string"}}],"inLanguage":"tr"},{"@type":"Organization","@id":"https:\/\/memurunsesi.net\/#organization","name":"Memurun Sesi","url":"https:\/\/memurunsesi.net\/","logo":{"@type":"ImageObject","inLanguage":"tr","@id":"https:\/\/memurunsesi.net\/#\/schema\/logo\/image\/","url":"https:\/\/memurunsesi.net\/wp-content\/uploads\/2025\/11\/cropped-MEMURUN-SESI.png","contentUrl":"https:\/\/memurunsesi.net\/wp-content\/uploads\/2025\/11\/cropped-MEMURUN-SESI.png","width":238,"height":57,"caption":"Memurun Sesi"},"image":{"@id":"https:\/\/memurunsesi.net\/#\/schema\/logo\/image\/"},"sameAs":["https:\/\/www.facebook.com\/unipersen\/?locale=tr_TR","https:\/\/x.com\/unipersen"]},{"@type":"Person","@id":"https:\/\/memurunsesi.net\/#\/schema\/person\/f21c2d73b89f6ee1d80b0a1803e38587","name":"Memurun Sesi Haber Merkezi","image":{"@type":"ImageObject","inLanguage":"tr","@id":"https:\/\/secure.gravatar.com\/avatar\/6cf0505f452ee753f485014986fab09a434671d2b919ee76fc541025c5876a70?s=96&d=mm&r=g","url":"https:\/\/secure.gravatar.com\/avatar\/6cf0505f452ee753f485014986fab09a434671d2b919ee76fc541025c5876a70?s=96&d=mm&r=g","contentUrl":"https:\/\/secure.gravatar.com\/avatar\/6cf0505f452ee753f485014986fab09a434671d2b919ee76fc541025c5876a70?s=96&d=mm&r=g","caption":"Memurun Sesi Haber Merkezi"},"sameAs":["https:\/\/memurunsesi.net"],"url":"https:\/\/memurunsesi.net\/index.php\/author\/uniper\/"}]}},"_links":{"self":[{"href":"https:\/\/memurunsesi.net\/index.php\/wp-json\/wp\/v2\/posts\/17072","targetHints":{"allow":["GET"]}}],"collection":[{"href":"https:\/\/memurunsesi.net\/index.php\/wp-json\/wp\/v2\/posts"}],"about":[{"href":"https:\/\/memurunsesi.net\/index.php\/wp-json\/wp\/v2\/types\/post"}],"author":[{"embeddable":true,"href":"https:\/\/memurunsesi.net\/index.php\/wp-json\/wp\/v2\/users\/1"}],"replies":[{"embeddable":true,"href":"https:\/\/memurunsesi.net\/index.php\/wp-json\/wp\/v2\/comments?post=17072"}],"version-history":[{"count":1,"href":"https:\/\/memurunsesi.net\/index.php\/wp-json\/wp\/v2\/posts\/17072\/revisions"}],"predecessor-version":[{"id":17074,"href":"https:\/\/memurunsesi.net\/index.php\/wp-json\/wp\/v2\/posts\/17072\/revisions\/17074"}],"wp:featuredmedia":[{"embeddable":true,"href":"https:\/\/memurunsesi.net\/index.php\/wp-json\/wp\/v2\/media\/17073"}],"wp:attachment":[{"href":"https:\/\/memurunsesi.net\/index.php\/wp-json\/wp\/v2\/media?parent=17072"}],"wp:term":[{"taxonomy":"category","embeddable":true,"href":"https:\/\/memurunsesi.net\/index.php\/wp-json\/wp\/v2\/categories?post=17072"},{"taxonomy":"post_tag","embeddable":true,"href":"https:\/\/memurunsesi.net\/index.php\/wp-json\/wp\/v2\/tags?post=17072"}],"curies":[{"name":"wp","href":"https:\/\/api.w.org\/{rel}","templated":true}]}}