{"id":17100,"date":"2026-02-01T16:30:23","date_gmt":"2026-02-01T13:30:23","guid":{"rendered":"https:\/\/memurunsesi.net\/?p=17100"},"modified":"2026-02-01T16:30:23","modified_gmt":"2026-02-01T13:30:23","slug":"kazada-yaralanan-yolcu-o-anlari-anlatti-once-yan-yatip-surunduk-sonra-bariyer-saplandi","status":"publish","type":"post","link":"https:\/\/memurunsesi.net\/index.php\/2026\/02\/01\/kazada-yaralanan-yolcu-o-anlari-anlatti-once-yan-yatip-surunduk-sonra-bariyer-saplandi\/","title":{"rendered":"Kazada yaralanan yolcu o anlar\u0131 anlatt\u0131: &#8220;\u00d6nce yan yat\u0131p s\u00fcr\u00fcnd\u00fck, sonra bariyer sapland\u0131&#8221;"},"content":{"rendered":"<p>&#8211; &#8220;\u015eof\u00f6r \u00e7ok h\u0131zl\u0131 geliyordu viraj\u0131 alamad\u0131, otob\u00fcs doluydu&#8221;<br \/>\n&#8211; &#8220;Bu yol \u00f6l\u00fcm makinesi gibi, ka\u00e7 defa kaza oldu, haddi hesab\u0131 yok&#8221;<\/p>\n<p>Antalya&#8217;n\u0131n D\u00f6\u015femealt\u0131 il\u00e7esinde 9 ki\u015finin hayat\u0131n\u0131 kaybetmesi ve 7&#8217;si a\u011f\u0131r 22 ki\u015finin yaralanmas\u0131yla sonu\u00e7lanan kazadan hafif yaral\u0131 kurtulan yolcu, &#8220;\u015eof\u00f6r \u00e7ok h\u0131zl\u0131 geliyordu. Viraja gelince viraj\u0131 alamad\u0131, \u00f6nce yan yat\u0131p s\u00fcr\u00fcnd\u00fck, sonra bariyer sapland\u0131&#8221; dedi.<br \/>\nAntalya&#8217;n\u0131n D\u00f6\u015femealt\u0131 il\u00e7esi K\u00f6m\u00fcrc\u00fcler Mahallesi Kuzey \u00c7evreyolu giri\u015finde sabah saat 10.30 s\u0131ralar\u0131nda meydana trafik kazas\u0131nda d\u00fcn ak\u015fam Tekirda\u011f&#8217;dan Antalya&#8217;ya do\u011fru yola \u00e7\u0131kan, i\u00e7erisinde 34 yolcu ve m\u00fcrettebat\u0131n bulundu\u011fu \u0130zzet Karaa\u011fa\u00e7 idaresindeki 26 ABG 022 plakal\u0131 yolcu otob\u00fcs\u00fc, \u00e7ok katl\u0131 kav\u015fa\u011fa geldi\u011fi s\u0131rada yo\u011fun sis ve kayganla\u015fan yol sebebiyle s\u00fcr\u00fcc\u00fcs\u00fcn\u00fcn direksiyon hakimiyetini kaybetmesi sonucu \u00f6nce yol kenar\u0131nda bulunan beton bariyerlere \u00e7arpt\u0131. Ard\u0131ndan yan yatarak yakla\u015f\u0131k 90 metre s\u00fcr\u00fcklenen otob\u00fcs, bariyerleri a\u015farak yakla\u015f\u0131k 15 metrelik \u015farampole devrildi.<\/p>\n<p>Ekipler seferber oldu<br \/>\nDevrilen otob\u00fcs\u00fcn i\u00e7erisinde ve alt\u0131nda \u00e7ok say\u0131da yolcu kal\u0131rken kazay\u0131 g\u00f6ren di\u011fer s\u00fcr\u00fcc\u00fclerin 112 Acil \u00c7a\u011fr\u0131 Merkezi&#8217;ne ihbar\u0131 ile olay yerine AFAD, jandarma, polis, itfaiye ve \u00e7ok say\u0131da ambulans sevk edildi. Kaza yerine, gelen ekipler ara\u00e7 i\u00e7erisinde ve alt\u0131nda kalan yolcular\u0131 \u00e7\u0131karmak i\u00e7in \u00e7al\u0131\u015fma ba\u015flatt\u0131. Yaral\u0131lar olay yerine gelen sa\u011fl\u0131k ekipleri taraf\u0131ndan ilk m\u00fcdahalelerinin ard\u0131ndan Antalya \u015eehir Hastanesi, D\u00f6\u015femealt\u0131 Devlet Hastanesi, Antalya E\u011fitim ve Ara\u015ft\u0131rma Hastanesi ile Akdeniz \u00dcniversitesi Hastanesi&#8217;ne sevk edildi. \u0130lk belirlemelere g\u00f6re 8 ki\u015finin hayat\u0131n\u0131 kaybetti\u011fi, 26 ki\u015finin yaraland\u0131\u011f\u0131 kaza yerine gelen Antalya Valisi Hulusi \u015eahin incelemelerde bulundu.<\/p>\n<p>\u00d6l\u00fc say\u0131s\u0131 9&#8217;a y\u00fckseldi<br \/>\nKazan\u0131n ard\u0131ndan a\u011f\u0131r yaral\u0131 olarak hastaneye kald\u0131r\u0131lan otob\u00fcs s\u00fcr\u00fcc\u00fcs\u00fc \u0130zzet Karaa\u011fa\u00e7 da hastanede hayat\u0131n\u0131 kaybetti. B\u00f6ylece kazada hayat\u0131n\u0131 kaybedenlerin say\u0131s\u0131 9&#8217;a y\u00fckseldi. Otob\u00fcse Isparta&#8217;da binen yolculardan Ahmet Kodaz, &#8220;Isparta&#8217;dan Antalya&#8217;ya geliyorduk. Yolda zaten \u00e7ok fazla sis vard\u0131. \u015eof\u00f6r \u00e7ok h\u0131zl\u0131 geliyordu. Viraja gelince viraj\u0131 alamad\u0131, \u00f6nce yan yat\u0131p s\u00fcr\u00fcnd\u00fck, sonra bariyer sapland\u0131. Yolcularla birlikte a\u015fa\u011f\u0131ya u\u00e7tuk. Otob\u00fcs\u00fcn \u00e7o\u011funlu\u011fu doluydu&#8221; dedi.<\/p>\n<p>&#8220;Bu yol \u00f6l\u00fcm makinesi&#8221;<br \/>\nKazan\u0131n ya\u015fand\u0131\u011f\u0131 b\u00f6lgede ya\u015fayan Fatma \u0130nce isimli vatanda\u015f ise s\u00fcrekli kazalar\u0131n meydana geldi\u011fini belirterek, &#8220;Ben bu yoldan g\u00fcnde 8-9 defa ge\u00e7iyorum. Bu yol \u00e7ok tehlikeli, bu yol \u00f6l\u00fcm makinesi. Devaml\u0131 bu yolda kaza oluyor insanlar \u00f6l\u00fcyor. Ka\u00e7 defa kaza oldu, haddi hesab\u0131 yok burada. \u00d6l\u00fcm makinesi gibi bu yola bir \u00e7\u00f6z\u00fcm bulsunlar. Ne anneler babalar yan\u0131yor \u015fu anda, ne aileler ocaklar s\u00f6nd\u00fc&#8221; ifadelerini kulland\u0131.<br \/>\n\u00d6te yandan, kaza yapan otob\u00fcs yaral\u0131lar\u0131n hastaneye sevk edilmesi ve olay yeri inceleme ekibinin \u00e7al\u0131\u015fmas\u0131n\u0131n ard\u0131ndan vin\u00e7ler yard\u0131m\u0131yla \u00e7ekiciye y\u00fcklenerek olay yerinden kald\u0131r\u0131ld\u0131. Otob\u00fcs\u00fcn kald\u0131r\u0131lmas\u0131n\u0131n ard\u0131ndan jandarma ekipleri otob\u00fcs\u00fcn alt\u0131nda kalan ba\u015fka cesetler olma ihtimaline kar\u015f\u0131 arama yapt\u0131.<\/p>\n<p>1.02.2026<\/p>\n","protected":false},"excerpt":{"rendered":"<p>&#8211; &#8220;\u015eof\u00f6r \u00e7ok h\u0131zl\u0131 geliyordu viraj\u0131 alamad\u0131, otob\u00fcs doluydu&#8221; &#8211; &#8220;Bu yol \u00f6l\u00fcm makinesi gibi, ka\u00e7 defa kaza oldu, haddi hesab\u0131 yok&#8221; Antalya&#8217;n\u0131n D\u00f6\u015femealt\u0131 il\u00e7esinde 9 ki\u015finin hayat\u0131n\u0131 kaybetmesi ve 7&#8217;si a\u011f\u0131r 22 ki\u015finin yaralanmas\u0131yla sonu\u00e7lanan kazadan hafif yaral\u0131 kurtulan yolcu, &#8220;\u015eof\u00f6r \u00e7ok h\u0131zl\u0131 geliyordu. Viraja gelince viraj\u0131 alamad\u0131, \u00f6nce yan yat\u0131p s\u00fcr\u00fcnd\u00fck, sonra bariyer [&hellip;]<\/p>\n","protected":false},"author":1,"featured_media":17101,"comment_status":"open","ping_status":"open","sticky":false,"template":"","format":"standard","meta":{"footnotes":""},"categories":[1],"tags":[1055,327,1057,1056],"class_list":["post-17100","post","type-post","status-publish","format-standard","has-post-thumbnail","hentry","category-genel","tag-cok-hizli","tag-feci-kaza","tag-otobus-dolu","tag-viraji-alamadi"],"yoast_head":"<!-- This site is optimized with the Yoast SEO plugin v27.4 - https:\/\/yoast.com\/product\/yoast-seo-wordpress\/ -->\n<title>Kazada yaralanan yolcu o anlar\u0131 anlatt\u0131: &quot;\u00d6nce yan yat\u0131p s\u00fcr\u00fcnd\u00fck, sonra bariyer sapland\u0131&quot; - Memurun Sesi<\/title>\n<meta name=\"description\" content=\"\u00a0Antalya&#039;n\u0131n D\u00f6\u015femealt\u0131 il\u00e7esinde 9 ki\u015finin hayat\u0131n\u0131 kaybetmesi ve 7&#039;si a\u011f\u0131r 22 ki\u015finin yaralanmas\u0131yla sonu\u00e7lanan kazadan hafif yaral\u0131 kurtulan yolcu, &quot;\u015eof\u00f6r \u00e7ok h\u0131zl\u0131 geliyordu.\" \/>\n<meta name=\"robots\" content=\"index, follow, max-snippet:-1, max-image-preview:large, max-video-preview:-1\" \/>\n<link rel=\"canonical\" href=\"https:\/\/memurunsesi.net\/index.php\/2026\/02\/01\/kazada-yaralanan-yolcu-o-anlari-anlatti-once-yan-yatip-surunduk-sonra-bariyer-saplandi\/\" \/>\n<meta property=\"og:locale\" content=\"tr_TR\" \/>\n<meta property=\"og:type\" content=\"article\" \/>\n<meta property=\"og:title\" content=\"Kazada yaralanan yolcu o anlar\u0131 anlatt\u0131: &quot;\u00d6nce yan yat\u0131p s\u00fcr\u00fcnd\u00fck, sonra bariyer sapland\u0131&quot; - Memurun Sesi\" \/>\n<meta property=\"og:description\" content=\"\u00a0Antalya&#039;n\u0131n D\u00f6\u015femealt\u0131 il\u00e7esinde 9 ki\u015finin hayat\u0131n\u0131 kaybetmesi ve 7&#039;si a\u011f\u0131r 22 ki\u015finin yaralanmas\u0131yla sonu\u00e7lanan kazadan hafif yaral\u0131 kurtulan yolcu, &quot;\u015eof\u00f6r \u00e7ok h\u0131zl\u0131 geliyordu.\" \/>\n<meta property=\"og:url\" content=\"https:\/\/memurunsesi.net\/index.php\/2026\/02\/01\/kazada-yaralanan-yolcu-o-anlari-anlatti-once-yan-yatip-surunduk-sonra-bariyer-saplandi\/\" \/>\n<meta property=\"og:site_name\" content=\"Memurun Sesi\" \/>\n<meta property=\"article:publisher\" content=\"https:\/\/www.facebook.com\/unipersen\/?locale=tr_TR\" \/>\n<meta property=\"article:published_time\" content=\"2026-02-01T13:30:23+00:00\" \/>\n<meta property=\"og:image\" content=\"https:\/\/memurunsesi.net\/wp-content\/uploads\/2026\/02\/feci-kaza-4-scaled.jpg\" \/>\n\t<meta property=\"og:image:width\" content=\"2560\" \/>\n\t<meta property=\"og:image:height\" content=\"1707\" \/>\n\t<meta property=\"og:image:type\" content=\"image\/jpeg\" \/>\n<meta name=\"author\" content=\"Memurun Sesi Haber Merkezi\" \/>\n<meta name=\"twitter:card\" content=\"summary_large_image\" \/>\n<meta name=\"twitter:creator\" content=\"@unipersen\" \/>\n<meta name=\"twitter:site\" content=\"@unipersen\" \/>\n<meta name=\"twitter:label1\" content=\"Yazan:\" \/>\n\t<meta name=\"twitter:data1\" content=\"Memurun Sesi Haber Merkezi\" \/>\n\t<meta name=\"twitter:label2\" content=\"Tahmini okuma s\u00fcresi\" \/>\n\t<meta name=\"twitter:data2\" content=\"3 dakika\" \/>\n<script type=\"application\/ld+json\" class=\"yoast-schema-graph\">{\"@context\":\"https:\\\/\\\/schema.org\",\"@graph\":[{\"@type\":\"Article\",\"@id\":\"https:\\\/\\\/memurunsesi.net\\\/index.php\\\/2026\\\/02\\\/01\\\/kazada-yaralanan-yolcu-o-anlari-anlatti-once-yan-yatip-surunduk-sonra-bariyer-saplandi\\\/#article\",\"isPartOf\":{\"@id\":\"https:\\\/\\\/memurunsesi.net\\\/index.php\\\/2026\\\/02\\\/01\\\/kazada-yaralanan-yolcu-o-anlari-anlatti-once-yan-yatip-surunduk-sonra-bariyer-saplandi\\\/\"},\"author\":{\"name\":\"Memurun Sesi Haber Merkezi\",\"@id\":\"https:\\\/\\\/memurunsesi.net\\\/#\\\/schema\\\/person\\\/f21c2d73b89f6ee1d80b0a1803e38587\"},\"headline\":\"Kazada yaralanan yolcu o anlar\u0131 anlatt\u0131: &#8220;\u00d6nce yan yat\u0131p s\u00fcr\u00fcnd\u00fck, sonra bariyer sapland\u0131&#8221;\",\"datePublished\":\"2026-02-01T13:30:23+00:00\",\"mainEntityOfPage\":{\"@id\":\"https:\\\/\\\/memurunsesi.net\\\/index.php\\\/2026\\\/02\\\/01\\\/kazada-yaralanan-yolcu-o-anlari-anlatti-once-yan-yatip-surunduk-sonra-bariyer-saplandi\\\/\"},\"wordCount\":572,\"commentCount\":0,\"publisher\":{\"@id\":\"https:\\\/\\\/memurunsesi.net\\\/#organization\"},\"image\":{\"@id\":\"https:\\\/\\\/memurunsesi.net\\\/index.php\\\/2026\\\/02\\\/01\\\/kazada-yaralanan-yolcu-o-anlari-anlatti-once-yan-yatip-surunduk-sonra-bariyer-saplandi\\\/#primaryimage\"},\"thumbnailUrl\":\"https:\\\/\\\/memurunsesi.net\\\/wp-content\\\/uploads\\\/2026\\\/02\\\/feci-kaza-4-scaled.jpg\",\"keywords\":[\"\u00e7ok h\u0131zl\u0131\",\"feci kaza\",\"otob\u00fcs dolu\",\"viraj\u0131 alamad\u0131\"],\"inLanguage\":\"tr\",\"potentialAction\":[{\"@type\":\"CommentAction\",\"name\":\"Comment\",\"target\":[\"https:\\\/\\\/memurunsesi.net\\\/index.php\\\/2026\\\/02\\\/01\\\/kazada-yaralanan-yolcu-o-anlari-anlatti-once-yan-yatip-surunduk-sonra-bariyer-saplandi\\\/#respond\"]}]},{\"@type\":\"WebPage\",\"@id\":\"https:\\\/\\\/memurunsesi.net\\\/index.php\\\/2026\\\/02\\\/01\\\/kazada-yaralanan-yolcu-o-anlari-anlatti-once-yan-yatip-surunduk-sonra-bariyer-saplandi\\\/\",\"url\":\"https:\\\/\\\/memurunsesi.net\\\/index.php\\\/2026\\\/02\\\/01\\\/kazada-yaralanan-yolcu-o-anlari-anlatti-once-yan-yatip-surunduk-sonra-bariyer-saplandi\\\/\",\"name\":\"Kazada yaralanan yolcu o anlar\u0131 anlatt\u0131: \\\"\u00d6nce yan yat\u0131p s\u00fcr\u00fcnd\u00fck, sonra bariyer sapland\u0131\\\" - Memurun Sesi\",\"isPartOf\":{\"@id\":\"https:\\\/\\\/memurunsesi.net\\\/#website\"},\"primaryImageOfPage\":{\"@id\":\"https:\\\/\\\/memurunsesi.net\\\/index.php\\\/2026\\\/02\\\/01\\\/kazada-yaralanan-yolcu-o-anlari-anlatti-once-yan-yatip-surunduk-sonra-bariyer-saplandi\\\/#primaryimage\"},\"image\":{\"@id\":\"https:\\\/\\\/memurunsesi.net\\\/index.php\\\/2026\\\/02\\\/01\\\/kazada-yaralanan-yolcu-o-anlari-anlatti-once-yan-yatip-surunduk-sonra-bariyer-saplandi\\\/#primaryimage\"},\"thumbnailUrl\":\"https:\\\/\\\/memurunsesi.net\\\/wp-content\\\/uploads\\\/2026\\\/02\\\/feci-kaza-4-scaled.jpg\",\"datePublished\":\"2026-02-01T13:30:23+00:00\",\"description\":\"\u00a0Antalya'n\u0131n D\u00f6\u015femealt\u0131 il\u00e7esinde 9 ki\u015finin hayat\u0131n\u0131 kaybetmesi ve 7'si a\u011f\u0131r 22 ki\u015finin yaralanmas\u0131yla sonu\u00e7lanan kazadan hafif yaral\u0131 kurtulan yolcu, \\\"\u015eof\u00f6r \u00e7ok h\u0131zl\u0131 geliyordu.\",\"breadcrumb\":{\"@id\":\"https:\\\/\\\/memurunsesi.net\\\/index.php\\\/2026\\\/02\\\/01\\\/kazada-yaralanan-yolcu-o-anlari-anlatti-once-yan-yatip-surunduk-sonra-bariyer-saplandi\\\/#breadcrumb\"},\"inLanguage\":\"tr\",\"potentialAction\":[{\"@type\":\"ReadAction\",\"target\":[\"https:\\\/\\\/memurunsesi.net\\\/index.php\\\/2026\\\/02\\\/01\\\/kazada-yaralanan-yolcu-o-anlari-anlatti-once-yan-yatip-surunduk-sonra-bariyer-saplandi\\\/\"]}]},{\"@type\":\"ImageObject\",\"inLanguage\":\"tr\",\"@id\":\"https:\\\/\\\/memurunsesi.net\\\/index.php\\\/2026\\\/02\\\/01\\\/kazada-yaralanan-yolcu-o-anlari-anlatti-once-yan-yatip-surunduk-sonra-bariyer-saplandi\\\/#primaryimage\",\"url\":\"https:\\\/\\\/memurunsesi.net\\\/wp-content\\\/uploads\\\/2026\\\/02\\\/feci-kaza-4-scaled.jpg\",\"contentUrl\":\"https:\\\/\\\/memurunsesi.net\\\/wp-content\\\/uploads\\\/2026\\\/02\\\/feci-kaza-4-scaled.jpg\",\"width\":2560,\"height\":1707,\"caption\":\"ANTALYA'DA YOLCU OTOB\u00dcS\u00dcN\u00dcN KONTROLDEN \u00c7IKARAK DEVR\u0130LMES\u0130 SONUCU 8 K\u0130\u015e\u0130 HAYATINI KAYBETT\u0130, 26 K\u0130\u015e\u0130 YARALANDI. (\u0130BRAH\u0130M S\u00d6NMEZ\\\/ANTALYA-\u0130HA) Antalya'n\u0131n D\u00f6\u015femealt\u0131 il\u00e7esinde 9 ki\u015finin hayat\u0131n\u0131 kaybetmesi ve 7'si a\u011f\u0131r 22 ki\u015finin yaralanmas\u0131yla sonu\u00e7lanan kazadan hafif yaral\u0131 kurtulan yolcu, \\\"\u015eof\u00f6r \u00e7ok h\u0131zl\u0131 geliyordu. Viraja gelince viraj\u0131 alamad\u0131, \u00f6nce yan yat\u0131p s\u00fcr\u00fcnd\u00fck, sonra bariyer sapland\u0131\\\" dedi.\"},{\"@type\":\"BreadcrumbList\",\"@id\":\"https:\\\/\\\/memurunsesi.net\\\/index.php\\\/2026\\\/02\\\/01\\\/kazada-yaralanan-yolcu-o-anlari-anlatti-once-yan-yatip-surunduk-sonra-bariyer-saplandi\\\/#breadcrumb\",\"itemListElement\":[{\"@type\":\"ListItem\",\"position\":1,\"name\":\"Anasayfa\",\"item\":\"https:\\\/\\\/memurunsesi.net\\\/\"},{\"@type\":\"ListItem\",\"position\":2,\"name\":\"Kazada yaralanan yolcu o anlar\u0131 anlatt\u0131: &#8220;\u00d6nce yan yat\u0131p s\u00fcr\u00fcnd\u00fck, sonra bariyer sapland\u0131&#8221;\"}]},{\"@type\":\"WebSite\",\"@id\":\"https:\\\/\\\/memurunsesi.net\\\/#website\",\"url\":\"https:\\\/\\\/memurunsesi.net\\\/\",\"name\":\"Memurun Sesi\",\"description\":\"G\u00fcncel ve Do\u011fru Haber\",\"publisher\":{\"@id\":\"https:\\\/\\\/memurunsesi.net\\\/#organization\"},\"potentialAction\":[{\"@type\":\"SearchAction\",\"target\":{\"@type\":\"EntryPoint\",\"urlTemplate\":\"https:\\\/\\\/memurunsesi.net\\\/?s={search_term_string}\"},\"query-input\":{\"@type\":\"PropertyValueSpecification\",\"valueRequired\":true,\"valueName\":\"search_term_string\"}}],\"inLanguage\":\"tr\"},{\"@type\":\"Organization\",\"@id\":\"https:\\\/\\\/memurunsesi.net\\\/#organization\",\"name\":\"Memurun Sesi\",\"url\":\"https:\\\/\\\/memurunsesi.net\\\/\",\"logo\":{\"@type\":\"ImageObject\",\"inLanguage\":\"tr\",\"@id\":\"https:\\\/\\\/memurunsesi.net\\\/#\\\/schema\\\/logo\\\/image\\\/\",\"url\":\"https:\\\/\\\/memurunsesi.net\\\/wp-content\\\/uploads\\\/2025\\\/11\\\/cropped-MEMURUN-SESI.png\",\"contentUrl\":\"https:\\\/\\\/memurunsesi.net\\\/wp-content\\\/uploads\\\/2025\\\/11\\\/cropped-MEMURUN-SESI.png\",\"width\":238,\"height\":57,\"caption\":\"Memurun Sesi\"},\"image\":{\"@id\":\"https:\\\/\\\/memurunsesi.net\\\/#\\\/schema\\\/logo\\\/image\\\/\"},\"sameAs\":[\"https:\\\/\\\/www.facebook.com\\\/unipersen\\\/?locale=tr_TR\",\"https:\\\/\\\/x.com\\\/unipersen\"]},{\"@type\":\"Person\",\"@id\":\"https:\\\/\\\/memurunsesi.net\\\/#\\\/schema\\\/person\\\/f21c2d73b89f6ee1d80b0a1803e38587\",\"name\":\"Memurun Sesi Haber Merkezi\",\"image\":{\"@type\":\"ImageObject\",\"inLanguage\":\"tr\",\"@id\":\"https:\\\/\\\/secure.gravatar.com\\\/avatar\\\/6cf0505f452ee753f485014986fab09a434671d2b919ee76fc541025c5876a70?s=96&d=mm&r=g\",\"url\":\"https:\\\/\\\/secure.gravatar.com\\\/avatar\\\/6cf0505f452ee753f485014986fab09a434671d2b919ee76fc541025c5876a70?s=96&d=mm&r=g\",\"contentUrl\":\"https:\\\/\\\/secure.gravatar.com\\\/avatar\\\/6cf0505f452ee753f485014986fab09a434671d2b919ee76fc541025c5876a70?s=96&d=mm&r=g\",\"caption\":\"Memurun Sesi Haber Merkezi\"},\"sameAs\":[\"https:\\\/\\\/memurunsesi.net\"],\"url\":\"https:\\\/\\\/memurunsesi.net\\\/index.php\\\/author\\\/uniper\\\/\"}]}<\/script>\n<!-- \/ Yoast SEO plugin. -->","yoast_head_json":{"title":"Kazada yaralanan yolcu o anlar\u0131 anlatt\u0131: \"\u00d6nce yan yat\u0131p s\u00fcr\u00fcnd\u00fck, sonra bariyer sapland\u0131\" - Memurun Sesi","description":"\u00a0Antalya'n\u0131n D\u00f6\u015femealt\u0131 il\u00e7esinde 9 ki\u015finin hayat\u0131n\u0131 kaybetmesi ve 7'si a\u011f\u0131r 22 ki\u015finin yaralanmas\u0131yla sonu\u00e7lanan kazadan hafif yaral\u0131 kurtulan yolcu, \"\u015eof\u00f6r \u00e7ok h\u0131zl\u0131 geliyordu.","robots":{"index":"index","follow":"follow","max-snippet":"max-snippet:-1","max-image-preview":"max-image-preview:large","max-video-preview":"max-video-preview:-1"},"canonical":"https:\/\/memurunsesi.net\/index.php\/2026\/02\/01\/kazada-yaralanan-yolcu-o-anlari-anlatti-once-yan-yatip-surunduk-sonra-bariyer-saplandi\/","og_locale":"tr_TR","og_type":"article","og_title":"Kazada yaralanan yolcu o anlar\u0131 anlatt\u0131: \"\u00d6nce yan yat\u0131p s\u00fcr\u00fcnd\u00fck, sonra bariyer sapland\u0131\" - Memurun Sesi","og_description":"\u00a0Antalya'n\u0131n D\u00f6\u015femealt\u0131 il\u00e7esinde 9 ki\u015finin hayat\u0131n\u0131 kaybetmesi ve 7'si a\u011f\u0131r 22 ki\u015finin yaralanmas\u0131yla sonu\u00e7lanan kazadan hafif yaral\u0131 kurtulan yolcu, \"\u015eof\u00f6r \u00e7ok h\u0131zl\u0131 geliyordu.","og_url":"https:\/\/memurunsesi.net\/index.php\/2026\/02\/01\/kazada-yaralanan-yolcu-o-anlari-anlatti-once-yan-yatip-surunduk-sonra-bariyer-saplandi\/","og_site_name":"Memurun Sesi","article_publisher":"https:\/\/www.facebook.com\/unipersen\/?locale=tr_TR","article_published_time":"2026-02-01T13:30:23+00:00","og_image":[{"width":2560,"height":1707,"url":"https:\/\/memurunsesi.net\/wp-content\/uploads\/2026\/02\/feci-kaza-4-scaled.jpg","type":"image\/jpeg"}],"author":"Memurun Sesi Haber Merkezi","twitter_card":"summary_large_image","twitter_creator":"@unipersen","twitter_site":"@unipersen","twitter_misc":{"Yazan:":"Memurun Sesi Haber Merkezi","Tahmini okuma s\u00fcresi":"3 dakika"},"schema":{"@context":"https:\/\/schema.org","@graph":[{"@type":"Article","@id":"https:\/\/memurunsesi.net\/index.php\/2026\/02\/01\/kazada-yaralanan-yolcu-o-anlari-anlatti-once-yan-yatip-surunduk-sonra-bariyer-saplandi\/#article","isPartOf":{"@id":"https:\/\/memurunsesi.net\/index.php\/2026\/02\/01\/kazada-yaralanan-yolcu-o-anlari-anlatti-once-yan-yatip-surunduk-sonra-bariyer-saplandi\/"},"author":{"name":"Memurun Sesi Haber Merkezi","@id":"https:\/\/memurunsesi.net\/#\/schema\/person\/f21c2d73b89f6ee1d80b0a1803e38587"},"headline":"Kazada yaralanan yolcu o anlar\u0131 anlatt\u0131: &#8220;\u00d6nce yan yat\u0131p s\u00fcr\u00fcnd\u00fck, sonra bariyer sapland\u0131&#8221;","datePublished":"2026-02-01T13:30:23+00:00","mainEntityOfPage":{"@id":"https:\/\/memurunsesi.net\/index.php\/2026\/02\/01\/kazada-yaralanan-yolcu-o-anlari-anlatti-once-yan-yatip-surunduk-sonra-bariyer-saplandi\/"},"wordCount":572,"commentCount":0,"publisher":{"@id":"https:\/\/memurunsesi.net\/#organization"},"image":{"@id":"https:\/\/memurunsesi.net\/index.php\/2026\/02\/01\/kazada-yaralanan-yolcu-o-anlari-anlatti-once-yan-yatip-surunduk-sonra-bariyer-saplandi\/#primaryimage"},"thumbnailUrl":"https:\/\/memurunsesi.net\/wp-content\/uploads\/2026\/02\/feci-kaza-4-scaled.jpg","keywords":["\u00e7ok h\u0131zl\u0131","feci kaza","otob\u00fcs dolu","viraj\u0131 alamad\u0131"],"inLanguage":"tr","potentialAction":[{"@type":"CommentAction","name":"Comment","target":["https:\/\/memurunsesi.net\/index.php\/2026\/02\/01\/kazada-yaralanan-yolcu-o-anlari-anlatti-once-yan-yatip-surunduk-sonra-bariyer-saplandi\/#respond"]}]},{"@type":"WebPage","@id":"https:\/\/memurunsesi.net\/index.php\/2026\/02\/01\/kazada-yaralanan-yolcu-o-anlari-anlatti-once-yan-yatip-surunduk-sonra-bariyer-saplandi\/","url":"https:\/\/memurunsesi.net\/index.php\/2026\/02\/01\/kazada-yaralanan-yolcu-o-anlari-anlatti-once-yan-yatip-surunduk-sonra-bariyer-saplandi\/","name":"Kazada yaralanan yolcu o anlar\u0131 anlatt\u0131: \"\u00d6nce yan yat\u0131p s\u00fcr\u00fcnd\u00fck, sonra bariyer sapland\u0131\" - Memurun Sesi","isPartOf":{"@id":"https:\/\/memurunsesi.net\/#website"},"primaryImageOfPage":{"@id":"https:\/\/memurunsesi.net\/index.php\/2026\/02\/01\/kazada-yaralanan-yolcu-o-anlari-anlatti-once-yan-yatip-surunduk-sonra-bariyer-saplandi\/#primaryimage"},"image":{"@id":"https:\/\/memurunsesi.net\/index.php\/2026\/02\/01\/kazada-yaralanan-yolcu-o-anlari-anlatti-once-yan-yatip-surunduk-sonra-bariyer-saplandi\/#primaryimage"},"thumbnailUrl":"https:\/\/memurunsesi.net\/wp-content\/uploads\/2026\/02\/feci-kaza-4-scaled.jpg","datePublished":"2026-02-01T13:30:23+00:00","description":"\u00a0Antalya'n\u0131n D\u00f6\u015femealt\u0131 il\u00e7esinde 9 ki\u015finin hayat\u0131n\u0131 kaybetmesi ve 7'si a\u011f\u0131r 22 ki\u015finin yaralanmas\u0131yla sonu\u00e7lanan kazadan hafif yaral\u0131 kurtulan yolcu, \"\u015eof\u00f6r \u00e7ok h\u0131zl\u0131 geliyordu.","breadcrumb":{"@id":"https:\/\/memurunsesi.net\/index.php\/2026\/02\/01\/kazada-yaralanan-yolcu-o-anlari-anlatti-once-yan-yatip-surunduk-sonra-bariyer-saplandi\/#breadcrumb"},"inLanguage":"tr","potentialAction":[{"@type":"ReadAction","target":["https:\/\/memurunsesi.net\/index.php\/2026\/02\/01\/kazada-yaralanan-yolcu-o-anlari-anlatti-once-yan-yatip-surunduk-sonra-bariyer-saplandi\/"]}]},{"@type":"ImageObject","inLanguage":"tr","@id":"https:\/\/memurunsesi.net\/index.php\/2026\/02\/01\/kazada-yaralanan-yolcu-o-anlari-anlatti-once-yan-yatip-surunduk-sonra-bariyer-saplandi\/#primaryimage","url":"https:\/\/memurunsesi.net\/wp-content\/uploads\/2026\/02\/feci-kaza-4-scaled.jpg","contentUrl":"https:\/\/memurunsesi.net\/wp-content\/uploads\/2026\/02\/feci-kaza-4-scaled.jpg","width":2560,"height":1707,"caption":"ANTALYA'DA YOLCU OTOB\u00dcS\u00dcN\u00dcN KONTROLDEN \u00c7IKARAK DEVR\u0130LMES\u0130 SONUCU 8 K\u0130\u015e\u0130 HAYATINI KAYBETT\u0130, 26 K\u0130\u015e\u0130 YARALANDI. (\u0130BRAH\u0130M S\u00d6NMEZ\/ANTALYA-\u0130HA) Antalya'n\u0131n D\u00f6\u015femealt\u0131 il\u00e7esinde 9 ki\u015finin hayat\u0131n\u0131 kaybetmesi ve 7'si a\u011f\u0131r 22 ki\u015finin yaralanmas\u0131yla sonu\u00e7lanan kazadan hafif yaral\u0131 kurtulan yolcu, \"\u015eof\u00f6r \u00e7ok h\u0131zl\u0131 geliyordu. Viraja gelince viraj\u0131 alamad\u0131, \u00f6nce yan yat\u0131p s\u00fcr\u00fcnd\u00fck, sonra bariyer sapland\u0131\" dedi."},{"@type":"BreadcrumbList","@id":"https:\/\/memurunsesi.net\/index.php\/2026\/02\/01\/kazada-yaralanan-yolcu-o-anlari-anlatti-once-yan-yatip-surunduk-sonra-bariyer-saplandi\/#breadcrumb","itemListElement":[{"@type":"ListItem","position":1,"name":"Anasayfa","item":"https:\/\/memurunsesi.net\/"},{"@type":"ListItem","position":2,"name":"Kazada yaralanan yolcu o anlar\u0131 anlatt\u0131: &#8220;\u00d6nce yan yat\u0131p s\u00fcr\u00fcnd\u00fck, sonra bariyer sapland\u0131&#8221;"}]},{"@type":"WebSite","@id":"https:\/\/memurunsesi.net\/#website","url":"https:\/\/memurunsesi.net\/","name":"Memurun Sesi","description":"G\u00fcncel ve Do\u011fru Haber","publisher":{"@id":"https:\/\/memurunsesi.net\/#organization"},"potentialAction":[{"@type":"SearchAction","target":{"@type":"EntryPoint","urlTemplate":"https:\/\/memurunsesi.net\/?s={search_term_string}"},"query-input":{"@type":"PropertyValueSpecification","valueRequired":true,"valueName":"search_term_string"}}],"inLanguage":"tr"},{"@type":"Organization","@id":"https:\/\/memurunsesi.net\/#organization","name":"Memurun Sesi","url":"https:\/\/memurunsesi.net\/","logo":{"@type":"ImageObject","inLanguage":"tr","@id":"https:\/\/memurunsesi.net\/#\/schema\/logo\/image\/","url":"https:\/\/memurunsesi.net\/wp-content\/uploads\/2025\/11\/cropped-MEMURUN-SESI.png","contentUrl":"https:\/\/memurunsesi.net\/wp-content\/uploads\/2025\/11\/cropped-MEMURUN-SESI.png","width":238,"height":57,"caption":"Memurun Sesi"},"image":{"@id":"https:\/\/memurunsesi.net\/#\/schema\/logo\/image\/"},"sameAs":["https:\/\/www.facebook.com\/unipersen\/?locale=tr_TR","https:\/\/x.com\/unipersen"]},{"@type":"Person","@id":"https:\/\/memurunsesi.net\/#\/schema\/person\/f21c2d73b89f6ee1d80b0a1803e38587","name":"Memurun Sesi Haber Merkezi","image":{"@type":"ImageObject","inLanguage":"tr","@id":"https:\/\/secure.gravatar.com\/avatar\/6cf0505f452ee753f485014986fab09a434671d2b919ee76fc541025c5876a70?s=96&d=mm&r=g","url":"https:\/\/secure.gravatar.com\/avatar\/6cf0505f452ee753f485014986fab09a434671d2b919ee76fc541025c5876a70?s=96&d=mm&r=g","contentUrl":"https:\/\/secure.gravatar.com\/avatar\/6cf0505f452ee753f485014986fab09a434671d2b919ee76fc541025c5876a70?s=96&d=mm&r=g","caption":"Memurun Sesi Haber Merkezi"},"sameAs":["https:\/\/memurunsesi.net"],"url":"https:\/\/memurunsesi.net\/index.php\/author\/uniper\/"}]}},"_links":{"self":[{"href":"https:\/\/memurunsesi.net\/index.php\/wp-json\/wp\/v2\/posts\/17100","targetHints":{"allow":["GET"]}}],"collection":[{"href":"https:\/\/memurunsesi.net\/index.php\/wp-json\/wp\/v2\/posts"}],"about":[{"href":"https:\/\/memurunsesi.net\/index.php\/wp-json\/wp\/v2\/types\/post"}],"author":[{"embeddable":true,"href":"https:\/\/memurunsesi.net\/index.php\/wp-json\/wp\/v2\/users\/1"}],"replies":[{"embeddable":true,"href":"https:\/\/memurunsesi.net\/index.php\/wp-json\/wp\/v2\/comments?post=17100"}],"version-history":[{"count":1,"href":"https:\/\/memurunsesi.net\/index.php\/wp-json\/wp\/v2\/posts\/17100\/revisions"}],"predecessor-version":[{"id":17102,"href":"https:\/\/memurunsesi.net\/index.php\/wp-json\/wp\/v2\/posts\/17100\/revisions\/17102"}],"wp:featuredmedia":[{"embeddable":true,"href":"https:\/\/memurunsesi.net\/index.php\/wp-json\/wp\/v2\/media\/17101"}],"wp:attachment":[{"href":"https:\/\/memurunsesi.net\/index.php\/wp-json\/wp\/v2\/media?parent=17100"}],"wp:term":[{"taxonomy":"category","embeddable":true,"href":"https:\/\/memurunsesi.net\/index.php\/wp-json\/wp\/v2\/categories?post=17100"},{"taxonomy":"post_tag","embeddable":true,"href":"https:\/\/memurunsesi.net\/index.php\/wp-json\/wp\/v2\/tags?post=17100"}],"curies":[{"name":"wp","href":"https:\/\/api.w.org\/{rel}","templated":true}]}}