{"id":17169,"date":"2026-02-03T22:27:02","date_gmt":"2026-02-03T19:27:02","guid":{"rendered":"https:\/\/memurunsesi.net\/?p=17169"},"modified":"2026-02-03T22:27:20","modified_gmt":"2026-02-03T19:27:20","slug":"memur-zamlari-ilk-ayda-enflasyona-yenildi-unipersenden-toplu-sozlesme-tepkisi","status":"publish","type":"post","link":"https:\/\/memurunsesi.net\/index.php\/2026\/02\/03\/memur-zamlari-ilk-ayda-enflasyona-yenildi-unipersenden-toplu-sozlesme-tepkisi\/","title":{"rendered":"Memur Zamlar\u0131 \u0130lk Ayda Enflasyona Yenildi: \u00dcN\u0130PERSEN\u2019den Toplu S\u00f6zle\u015fme Tepkisi"},"content":{"rendered":"<p data-start=\"175\" data-end=\"494\">\u00a0 \u00a0 Memur ve memur emeklilerine 2026 y\u0131l\u0131n\u0131n ilk yar\u0131s\u0131 i\u00e7in verilen maa\u015f art\u0131\u015flar\u0131, y\u0131l\u0131n daha ilk ay\u0131nda enflasyon kar\u015f\u0131s\u0131nda eridi. Ocak 2026 enflasyonunun y\u00fczde <strong data-start=\"336\" data-end=\"344\">4,84<\/strong> olarak a\u00e7\u0131klanmas\u0131n\u0131n ard\u0131ndan, y\u00fczde <strong data-start=\"383\" data-end=\"410\">11 toplu s\u00f6zle\u015fme zamm\u0131<\/strong> ve y\u00fczde <strong data-start=\"420\" data-end=\"444\">6,85 enflasyon fark\u0131<\/strong>, memurlar\u0131n al\u0131m g\u00fcc\u00fcn\u00fc korumakta yetersiz kald\u0131.<\/p>\n<p data-start=\"496\" data-end=\"779\">\u00dcniversite idari personelini temsil eden <strong data-start=\"537\" data-end=\"588\">\u00dcniversite \u0130dari Personel Sendikas\u0131 (\u00dcN\u0130PERSEN)<\/strong>, ortaya \u00e7\u0131kan tabloya sert tepki g\u00f6sterdi. Sendika, yap\u0131lan toplu s\u00f6zle\u015fmenin memuru daha ilk aydan zarara u\u011fratt\u0131\u011f\u0131n\u0131 belirterek, mevcut \u00fccret politikas\u0131n\u0131n s\u00fcrd\u00fcr\u00fclemez oldu\u011funu vurgulad\u0131.<\/p>\n<h3 data-start=\"781\" data-end=\"823\"><strong data-start=\"785\" data-end=\"823\">\u201cMaa\u015flar daha cebe girmeden eridi\u201d<\/strong><\/h3>\n<p data-start=\"825\" data-end=\"1142\">\u00dcN\u0130PERSEN taraf\u0131ndan yap\u0131lan de\u011ferlendirmede, yaln\u0131zca ocak ay\u0131ndaki enflasyon nedeniyle memurlar\u0131n ald\u0131\u011f\u0131 zamm\u0131n yakla\u015f\u0131k yar\u0131s\u0131n\u0131n daha ilk ayda eridi\u011fi ifade edildi. Sendika yetkilileri, bu durumun toplu s\u00f6zle\u015fme masas\u0131nda at\u0131lan imzalar\u0131n memurun al\u0131m g\u00fcc\u00fcn\u00fc koruyamad\u0131\u011f\u0131n\u0131 a\u00e7\u0131k bi\u00e7imde ortaya koydu\u011funu belirtti.<\/p>\n<p data-start=\"1144\" data-end=\"1324\">A\u00e7\u0131klamada, \u201cMemur ad\u0131na masaya oturan yetkili sendika ve masa ortaklar\u0131, daha ilk ayda maa\u015flar\u0131 enflasyona teslim eden bu s\u00f6zle\u015fmenin hesab\u0131n\u0131 vermelidir\u201d ifadelerine yer verildi.<\/p>\n<h3 data-start=\"1326\" data-end=\"1374\"><strong data-start=\"1330\" data-end=\"1374\">\u00dcN\u0130PERSEN\u2019den e\u015fel mobil sistemi \u00e7a\u011fr\u0131s\u0131<\/strong><\/h3>\n<p data-start=\"1376\" data-end=\"1586\">\u00dcN\u0130PERSEN, ya\u015fanan gelir kay\u0131plar\u0131na kar\u015f\u0131 <strong data-start=\"1419\" data-end=\"1441\">E\u015fel Mobil Sistemi<\/strong>nin hayata ge\u00e7irilmesini istedi. Bu sistemle birlikte enflasyon oranlar\u0131n\u0131n maa\u015flara <strong data-start=\"1526\" data-end=\"1564\">ayl\u0131k olarak otomatik yans\u0131t\u0131lmas\u0131<\/strong> gerekti\u011fi vurguland\u0131.<\/p>\n<p data-start=\"1588\" data-end=\"1858\">Sendikaya g\u00f6re, e\u015fel mobil sistemin yer almad\u0131\u011f\u0131 her toplu s\u00f6zle\u015fme, memuru bilin\u00e7li \u015fekilde enflasyona kar\u015f\u0131 savunmas\u0131z b\u0131rak\u0131yor. \u00dcN\u0130PERSEN, toplu s\u00f6zle\u015fmelerde yaln\u0131zca zam oranlar\u0131n\u0131n de\u011fil, al\u0131m g\u00fcc\u00fcn\u00fc koruyacak kal\u0131c\u0131 mekanizmalar\u0131n yer almas\u0131 gerekti\u011fini savundu.<\/p>\n<h3 data-start=\"1860\" data-end=\"1917\"><strong data-start=\"1864\" data-end=\"1917\">\u201cMemurun beklentisi g\u00fcvence alt\u0131na al\u0131nm\u0131\u015f \u00fccret\u201d<\/strong><\/h3>\n<p data-start=\"1919\" data-end=\"2123\">\u00dcN\u0130PERSEN, memurlar\u0131n beklentisinin enflasyonun gerisinde kalan g\u00f6stermelik zamlar de\u011fil; <strong data-start=\"2009\" data-end=\"2103\">e\u015fel mobil sistemle g\u00fcvence alt\u0131na al\u0131nm\u0131\u015f, kal\u0131c\u0131 al\u0131m g\u00fcc\u00fc sa\u011flayan bir \u00fccret politikas\u0131<\/strong> oldu\u011funu vurgulad\u0131.<\/p>\n<p data-start=\"2125\" data-end=\"2316\" data-is-last-node=\"\" data-is-only-node=\"\">Sendika, mevcut s\u00f6zle\u015fmenin ba\u015far\u0131s\u0131z oldu\u011funu belirterek, memur ve memur emeklilerinin ya\u015fad\u0131\u011f\u0131 kay\u0131plar\u0131n sorumlulu\u011funun toplu s\u00f6zle\u015fme masas\u0131nda imza atan sendikalarda oldu\u011funu ifade etti.<\/p>\n<p data-start=\"2125\" data-end=\"2316\" data-is-last-node=\"\" data-is-only-node=\"\">03.02.2026<\/p>\n","protected":false},"excerpt":{"rendered":"<p>\u00a0 \u00a0 Memur ve memur emeklilerine 2026 y\u0131l\u0131n\u0131n ilk yar\u0131s\u0131 i\u00e7in verilen maa\u015f art\u0131\u015flar\u0131, y\u0131l\u0131n daha ilk ay\u0131nda enflasyon kar\u015f\u0131s\u0131nda eridi. Ocak 2026 enflasyonunun y\u00fczde 4,84 olarak a\u00e7\u0131klanmas\u0131n\u0131n ard\u0131ndan, y\u00fczde 11 toplu s\u00f6zle\u015fme zamm\u0131 ve y\u00fczde 6,85 enflasyon fark\u0131, memurlar\u0131n al\u0131m g\u00fcc\u00fcn\u00fc korumakta yetersiz kald\u0131. \u00dcniversite idari personelini temsil eden \u00dcniversite \u0130dari Personel Sendikas\u0131 (\u00dcN\u0130PERSEN), [&hellip;]<\/p>\n","protected":false},"author":1,"featured_media":17170,"comment_status":"open","ping_status":"open","sticky":false,"template":"","format":"standard","meta":{"footnotes":""},"categories":[1],"tags":[257,1019,1085,1086],"class_list":["post-17169","post","type-post","status-publish","format-standard","has-post-thumbnail","hentry","category-genel","tag-enflasyon","tag-memur","tag-memur-zamlari","tag-toplu-sozlesme"],"yoast_head":"<!-- This site is optimized with the Yoast SEO plugin v27.4 - https:\/\/yoast.com\/product\/yoast-seo-wordpress\/ -->\n<title>Memur Zamlar\u0131 \u0130lk Ayda Enflasyona Yenildi: \u00dcN\u0130PERSEN\u2019den Toplu S\u00f6zle\u015fme Tepkisi - Memurun Sesi<\/title>\n<meta name=\"description\" content=\"Memur ve memur emeklilerine 2026 y\u0131l\u0131n\u0131n ilk yar\u0131s\u0131 i\u00e7in verilen maa\u015f art\u0131\u015flar\u0131, y\u0131l\u0131n daha ilk ay\u0131nda enflasyon kar\u015f\u0131s\u0131nda eridi. Ocak 2026 enflasyonunun y\u00fczde 4,84 olarak a\u00e7\u0131klanmas\u0131n\u0131n ard\u0131ndan, y\u00fczde 11 toplu s\u00f6zle\u015fme zamm\u0131 ve y\u00fczde 6,85 enflasyon fark\u0131, memurlar\u0131n al\u0131m g\u00fcc\u00fcn\u00fc korumakta yetersiz kald\u0131.\" \/>\n<meta name=\"robots\" content=\"index, follow, max-snippet:-1, max-image-preview:large, max-video-preview:-1\" \/>\n<link rel=\"canonical\" href=\"https:\/\/memurunsesi.net\/index.php\/2026\/02\/03\/memur-zamlari-ilk-ayda-enflasyona-yenildi-unipersenden-toplu-sozlesme-tepkisi\/\" \/>\n<meta property=\"og:locale\" content=\"tr_TR\" \/>\n<meta property=\"og:type\" content=\"article\" \/>\n<meta property=\"og:title\" content=\"Memur Zamlar\u0131 \u0130lk Ayda Enflasyona Yenildi: \u00dcN\u0130PERSEN\u2019den Toplu S\u00f6zle\u015fme Tepkisi - Memurun Sesi\" \/>\n<meta property=\"og:description\" content=\"Memur ve memur emeklilerine 2026 y\u0131l\u0131n\u0131n ilk yar\u0131s\u0131 i\u00e7in verilen maa\u015f art\u0131\u015flar\u0131, y\u0131l\u0131n daha ilk ay\u0131nda enflasyon kar\u015f\u0131s\u0131nda eridi. Ocak 2026 enflasyonunun y\u00fczde 4,84 olarak a\u00e7\u0131klanmas\u0131n\u0131n ard\u0131ndan, y\u00fczde 11 toplu s\u00f6zle\u015fme zamm\u0131 ve y\u00fczde 6,85 enflasyon fark\u0131, memurlar\u0131n al\u0131m g\u00fcc\u00fcn\u00fc korumakta yetersiz kald\u0131.\" \/>\n<meta property=\"og:url\" content=\"https:\/\/memurunsesi.net\/index.php\/2026\/02\/03\/memur-zamlari-ilk-ayda-enflasyona-yenildi-unipersenden-toplu-sozlesme-tepkisi\/\" \/>\n<meta property=\"og:site_name\" content=\"Memurun Sesi\" \/>\n<meta property=\"article:publisher\" content=\"https:\/\/www.facebook.com\/unipersen\/?locale=tr_TR\" \/>\n<meta property=\"article:published_time\" content=\"2026-02-03T19:27:02+00:00\" \/>\n<meta property=\"article:modified_time\" content=\"2026-02-03T19:27:20+00:00\" \/>\n<meta property=\"og:image\" content=\"https:\/\/memurunsesi.net\/wp-content\/uploads\/2026\/02\/enflasyon.jpeg\" \/>\n\t<meta property=\"og:image:width\" content=\"1080\" \/>\n\t<meta property=\"og:image:height\" content=\"1080\" \/>\n\t<meta property=\"og:image:type\" content=\"image\/jpeg\" \/>\n<meta name=\"author\" content=\"Memurun Sesi Haber Merkezi\" \/>\n<meta name=\"twitter:card\" content=\"summary_large_image\" \/>\n<meta name=\"twitter:creator\" content=\"@unipersen\" \/>\n<meta name=\"twitter:site\" content=\"@unipersen\" \/>\n<meta name=\"twitter:label1\" content=\"Yazan:\" \/>\n\t<meta name=\"twitter:data1\" content=\"Memurun Sesi Haber Merkezi\" \/>\n\t<meta name=\"twitter:label2\" content=\"Tahmini okuma s\u00fcresi\" \/>\n\t<meta name=\"twitter:data2\" content=\"2 dakika\" \/>\n<script type=\"application\/ld+json\" class=\"yoast-schema-graph\">{\"@context\":\"https:\\\/\\\/schema.org\",\"@graph\":[{\"@type\":\"Article\",\"@id\":\"https:\\\/\\\/memurunsesi.net\\\/index.php\\\/2026\\\/02\\\/03\\\/memur-zamlari-ilk-ayda-enflasyona-yenildi-unipersenden-toplu-sozlesme-tepkisi\\\/#article\",\"isPartOf\":{\"@id\":\"https:\\\/\\\/memurunsesi.net\\\/index.php\\\/2026\\\/02\\\/03\\\/memur-zamlari-ilk-ayda-enflasyona-yenildi-unipersenden-toplu-sozlesme-tepkisi\\\/\"},\"author\":{\"name\":\"Memurun Sesi Haber Merkezi\",\"@id\":\"https:\\\/\\\/memurunsesi.net\\\/#\\\/schema\\\/person\\\/f21c2d73b89f6ee1d80b0a1803e38587\"},\"headline\":\"Memur Zamlar\u0131 \u0130lk Ayda Enflasyona Yenildi: \u00dcN\u0130PERSEN\u2019den Toplu S\u00f6zle\u015fme Tepkisi\",\"datePublished\":\"2026-02-03T19:27:02+00:00\",\"dateModified\":\"2026-02-03T19:27:20+00:00\",\"mainEntityOfPage\":{\"@id\":\"https:\\\/\\\/memurunsesi.net\\\/index.php\\\/2026\\\/02\\\/03\\\/memur-zamlari-ilk-ayda-enflasyona-yenildi-unipersenden-toplu-sozlesme-tepkisi\\\/\"},\"wordCount\":403,\"commentCount\":0,\"publisher\":{\"@id\":\"https:\\\/\\\/memurunsesi.net\\\/#organization\"},\"image\":{\"@id\":\"https:\\\/\\\/memurunsesi.net\\\/index.php\\\/2026\\\/02\\\/03\\\/memur-zamlari-ilk-ayda-enflasyona-yenildi-unipersenden-toplu-sozlesme-tepkisi\\\/#primaryimage\"},\"thumbnailUrl\":\"https:\\\/\\\/memurunsesi.net\\\/wp-content\\\/uploads\\\/2026\\\/02\\\/enflasyon.jpeg\",\"keywords\":[\"enflasyon\",\"memur\",\"Memur Zamlar\u0131\",\"toplu s\u00f6zle\u015fme\"],\"inLanguage\":\"tr\",\"potentialAction\":[{\"@type\":\"CommentAction\",\"name\":\"Comment\",\"target\":[\"https:\\\/\\\/memurunsesi.net\\\/index.php\\\/2026\\\/02\\\/03\\\/memur-zamlari-ilk-ayda-enflasyona-yenildi-unipersenden-toplu-sozlesme-tepkisi\\\/#respond\"]}]},{\"@type\":\"WebPage\",\"@id\":\"https:\\\/\\\/memurunsesi.net\\\/index.php\\\/2026\\\/02\\\/03\\\/memur-zamlari-ilk-ayda-enflasyona-yenildi-unipersenden-toplu-sozlesme-tepkisi\\\/\",\"url\":\"https:\\\/\\\/memurunsesi.net\\\/index.php\\\/2026\\\/02\\\/03\\\/memur-zamlari-ilk-ayda-enflasyona-yenildi-unipersenden-toplu-sozlesme-tepkisi\\\/\",\"name\":\"Memur Zamlar\u0131 \u0130lk Ayda Enflasyona Yenildi: \u00dcN\u0130PERSEN\u2019den Toplu S\u00f6zle\u015fme Tepkisi - Memurun Sesi\",\"isPartOf\":{\"@id\":\"https:\\\/\\\/memurunsesi.net\\\/#website\"},\"primaryImageOfPage\":{\"@id\":\"https:\\\/\\\/memurunsesi.net\\\/index.php\\\/2026\\\/02\\\/03\\\/memur-zamlari-ilk-ayda-enflasyona-yenildi-unipersenden-toplu-sozlesme-tepkisi\\\/#primaryimage\"},\"image\":{\"@id\":\"https:\\\/\\\/memurunsesi.net\\\/index.php\\\/2026\\\/02\\\/03\\\/memur-zamlari-ilk-ayda-enflasyona-yenildi-unipersenden-toplu-sozlesme-tepkisi\\\/#primaryimage\"},\"thumbnailUrl\":\"https:\\\/\\\/memurunsesi.net\\\/wp-content\\\/uploads\\\/2026\\\/02\\\/enflasyon.jpeg\",\"datePublished\":\"2026-02-03T19:27:02+00:00\",\"dateModified\":\"2026-02-03T19:27:20+00:00\",\"description\":\"Memur ve memur emeklilerine 2026 y\u0131l\u0131n\u0131n ilk yar\u0131s\u0131 i\u00e7in verilen maa\u015f art\u0131\u015flar\u0131, y\u0131l\u0131n daha ilk ay\u0131nda enflasyon kar\u015f\u0131s\u0131nda eridi. Ocak 2026 enflasyonunun y\u00fczde 4,84 olarak a\u00e7\u0131klanmas\u0131n\u0131n ard\u0131ndan, y\u00fczde 11 toplu s\u00f6zle\u015fme zamm\u0131 ve y\u00fczde 6,85 enflasyon fark\u0131, memurlar\u0131n al\u0131m g\u00fcc\u00fcn\u00fc korumakta yetersiz kald\u0131.\",\"breadcrumb\":{\"@id\":\"https:\\\/\\\/memurunsesi.net\\\/index.php\\\/2026\\\/02\\\/03\\\/memur-zamlari-ilk-ayda-enflasyona-yenildi-unipersenden-toplu-sozlesme-tepkisi\\\/#breadcrumb\"},\"inLanguage\":\"tr\",\"potentialAction\":[{\"@type\":\"ReadAction\",\"target\":[\"https:\\\/\\\/memurunsesi.net\\\/index.php\\\/2026\\\/02\\\/03\\\/memur-zamlari-ilk-ayda-enflasyona-yenildi-unipersenden-toplu-sozlesme-tepkisi\\\/\"]}]},{\"@type\":\"ImageObject\",\"inLanguage\":\"tr\",\"@id\":\"https:\\\/\\\/memurunsesi.net\\\/index.php\\\/2026\\\/02\\\/03\\\/memur-zamlari-ilk-ayda-enflasyona-yenildi-unipersenden-toplu-sozlesme-tepkisi\\\/#primaryimage\",\"url\":\"https:\\\/\\\/memurunsesi.net\\\/wp-content\\\/uploads\\\/2026\\\/02\\\/enflasyon.jpeg\",\"contentUrl\":\"https:\\\/\\\/memurunsesi.net\\\/wp-content\\\/uploads\\\/2026\\\/02\\\/enflasyon.jpeg\",\"width\":1080,\"height\":1080},{\"@type\":\"BreadcrumbList\",\"@id\":\"https:\\\/\\\/memurunsesi.net\\\/index.php\\\/2026\\\/02\\\/03\\\/memur-zamlari-ilk-ayda-enflasyona-yenildi-unipersenden-toplu-sozlesme-tepkisi\\\/#breadcrumb\",\"itemListElement\":[{\"@type\":\"ListItem\",\"position\":1,\"name\":\"Anasayfa\",\"item\":\"https:\\\/\\\/memurunsesi.net\\\/\"},{\"@type\":\"ListItem\",\"position\":2,\"name\":\"Memur Zamlar\u0131 \u0130lk Ayda Enflasyona Yenildi: \u00dcN\u0130PERSEN\u2019den Toplu S\u00f6zle\u015fme Tepkisi\"}]},{\"@type\":\"WebSite\",\"@id\":\"https:\\\/\\\/memurunsesi.net\\\/#website\",\"url\":\"https:\\\/\\\/memurunsesi.net\\\/\",\"name\":\"Memurun Sesi\",\"description\":\"G\u00fcncel ve Do\u011fru Haber\",\"publisher\":{\"@id\":\"https:\\\/\\\/memurunsesi.net\\\/#organization\"},\"potentialAction\":[{\"@type\":\"SearchAction\",\"target\":{\"@type\":\"EntryPoint\",\"urlTemplate\":\"https:\\\/\\\/memurunsesi.net\\\/?s={search_term_string}\"},\"query-input\":{\"@type\":\"PropertyValueSpecification\",\"valueRequired\":true,\"valueName\":\"search_term_string\"}}],\"inLanguage\":\"tr\"},{\"@type\":\"Organization\",\"@id\":\"https:\\\/\\\/memurunsesi.net\\\/#organization\",\"name\":\"Memurun Sesi\",\"url\":\"https:\\\/\\\/memurunsesi.net\\\/\",\"logo\":{\"@type\":\"ImageObject\",\"inLanguage\":\"tr\",\"@id\":\"https:\\\/\\\/memurunsesi.net\\\/#\\\/schema\\\/logo\\\/image\\\/\",\"url\":\"https:\\\/\\\/memurunsesi.net\\\/wp-content\\\/uploads\\\/2025\\\/11\\\/cropped-MEMURUN-SESI.png\",\"contentUrl\":\"https:\\\/\\\/memurunsesi.net\\\/wp-content\\\/uploads\\\/2025\\\/11\\\/cropped-MEMURUN-SESI.png\",\"width\":238,\"height\":57,\"caption\":\"Memurun Sesi\"},\"image\":{\"@id\":\"https:\\\/\\\/memurunsesi.net\\\/#\\\/schema\\\/logo\\\/image\\\/\"},\"sameAs\":[\"https:\\\/\\\/www.facebook.com\\\/unipersen\\\/?locale=tr_TR\",\"https:\\\/\\\/x.com\\\/unipersen\"]},{\"@type\":\"Person\",\"@id\":\"https:\\\/\\\/memurunsesi.net\\\/#\\\/schema\\\/person\\\/f21c2d73b89f6ee1d80b0a1803e38587\",\"name\":\"Memurun Sesi Haber Merkezi\",\"image\":{\"@type\":\"ImageObject\",\"inLanguage\":\"tr\",\"@id\":\"https:\\\/\\\/secure.gravatar.com\\\/avatar\\\/6cf0505f452ee753f485014986fab09a434671d2b919ee76fc541025c5876a70?s=96&d=mm&r=g\",\"url\":\"https:\\\/\\\/secure.gravatar.com\\\/avatar\\\/6cf0505f452ee753f485014986fab09a434671d2b919ee76fc541025c5876a70?s=96&d=mm&r=g\",\"contentUrl\":\"https:\\\/\\\/secure.gravatar.com\\\/avatar\\\/6cf0505f452ee753f485014986fab09a434671d2b919ee76fc541025c5876a70?s=96&d=mm&r=g\",\"caption\":\"Memurun Sesi Haber Merkezi\"},\"sameAs\":[\"https:\\\/\\\/memurunsesi.net\"],\"url\":\"https:\\\/\\\/memurunsesi.net\\\/index.php\\\/author\\\/uniper\\\/\"}]}<\/script>\n<!-- \/ Yoast SEO plugin. -->","yoast_head_json":{"title":"Memur Zamlar\u0131 \u0130lk Ayda Enflasyona Yenildi: \u00dcN\u0130PERSEN\u2019den Toplu S\u00f6zle\u015fme Tepkisi - Memurun Sesi","description":"Memur ve memur emeklilerine 2026 y\u0131l\u0131n\u0131n ilk yar\u0131s\u0131 i\u00e7in verilen maa\u015f art\u0131\u015flar\u0131, y\u0131l\u0131n daha ilk ay\u0131nda enflasyon kar\u015f\u0131s\u0131nda eridi. Ocak 2026 enflasyonunun y\u00fczde 4,84 olarak a\u00e7\u0131klanmas\u0131n\u0131n ard\u0131ndan, y\u00fczde 11 toplu s\u00f6zle\u015fme zamm\u0131 ve y\u00fczde 6,85 enflasyon fark\u0131, memurlar\u0131n al\u0131m g\u00fcc\u00fcn\u00fc korumakta yetersiz kald\u0131.","robots":{"index":"index","follow":"follow","max-snippet":"max-snippet:-1","max-image-preview":"max-image-preview:large","max-video-preview":"max-video-preview:-1"},"canonical":"https:\/\/memurunsesi.net\/index.php\/2026\/02\/03\/memur-zamlari-ilk-ayda-enflasyona-yenildi-unipersenden-toplu-sozlesme-tepkisi\/","og_locale":"tr_TR","og_type":"article","og_title":"Memur Zamlar\u0131 \u0130lk Ayda Enflasyona Yenildi: \u00dcN\u0130PERSEN\u2019den Toplu S\u00f6zle\u015fme Tepkisi - Memurun Sesi","og_description":"Memur ve memur emeklilerine 2026 y\u0131l\u0131n\u0131n ilk yar\u0131s\u0131 i\u00e7in verilen maa\u015f art\u0131\u015flar\u0131, y\u0131l\u0131n daha ilk ay\u0131nda enflasyon kar\u015f\u0131s\u0131nda eridi. Ocak 2026 enflasyonunun y\u00fczde 4,84 olarak a\u00e7\u0131klanmas\u0131n\u0131n ard\u0131ndan, y\u00fczde 11 toplu s\u00f6zle\u015fme zamm\u0131 ve y\u00fczde 6,85 enflasyon fark\u0131, memurlar\u0131n al\u0131m g\u00fcc\u00fcn\u00fc korumakta yetersiz kald\u0131.","og_url":"https:\/\/memurunsesi.net\/index.php\/2026\/02\/03\/memur-zamlari-ilk-ayda-enflasyona-yenildi-unipersenden-toplu-sozlesme-tepkisi\/","og_site_name":"Memurun Sesi","article_publisher":"https:\/\/www.facebook.com\/unipersen\/?locale=tr_TR","article_published_time":"2026-02-03T19:27:02+00:00","article_modified_time":"2026-02-03T19:27:20+00:00","og_image":[{"width":1080,"height":1080,"url":"https:\/\/memurunsesi.net\/wp-content\/uploads\/2026\/02\/enflasyon.jpeg","type":"image\/jpeg"}],"author":"Memurun Sesi Haber Merkezi","twitter_card":"summary_large_image","twitter_creator":"@unipersen","twitter_site":"@unipersen","twitter_misc":{"Yazan:":"Memurun Sesi Haber Merkezi","Tahmini okuma s\u00fcresi":"2 dakika"},"schema":{"@context":"https:\/\/schema.org","@graph":[{"@type":"Article","@id":"https:\/\/memurunsesi.net\/index.php\/2026\/02\/03\/memur-zamlari-ilk-ayda-enflasyona-yenildi-unipersenden-toplu-sozlesme-tepkisi\/#article","isPartOf":{"@id":"https:\/\/memurunsesi.net\/index.php\/2026\/02\/03\/memur-zamlari-ilk-ayda-enflasyona-yenildi-unipersenden-toplu-sozlesme-tepkisi\/"},"author":{"name":"Memurun Sesi Haber Merkezi","@id":"https:\/\/memurunsesi.net\/#\/schema\/person\/f21c2d73b89f6ee1d80b0a1803e38587"},"headline":"Memur Zamlar\u0131 \u0130lk Ayda Enflasyona Yenildi: \u00dcN\u0130PERSEN\u2019den Toplu S\u00f6zle\u015fme Tepkisi","datePublished":"2026-02-03T19:27:02+00:00","dateModified":"2026-02-03T19:27:20+00:00","mainEntityOfPage":{"@id":"https:\/\/memurunsesi.net\/index.php\/2026\/02\/03\/memur-zamlari-ilk-ayda-enflasyona-yenildi-unipersenden-toplu-sozlesme-tepkisi\/"},"wordCount":403,"commentCount":0,"publisher":{"@id":"https:\/\/memurunsesi.net\/#organization"},"image":{"@id":"https:\/\/memurunsesi.net\/index.php\/2026\/02\/03\/memur-zamlari-ilk-ayda-enflasyona-yenildi-unipersenden-toplu-sozlesme-tepkisi\/#primaryimage"},"thumbnailUrl":"https:\/\/memurunsesi.net\/wp-content\/uploads\/2026\/02\/enflasyon.jpeg","keywords":["enflasyon","memur","Memur Zamlar\u0131","toplu s\u00f6zle\u015fme"],"inLanguage":"tr","potentialAction":[{"@type":"CommentAction","name":"Comment","target":["https:\/\/memurunsesi.net\/index.php\/2026\/02\/03\/memur-zamlari-ilk-ayda-enflasyona-yenildi-unipersenden-toplu-sozlesme-tepkisi\/#respond"]}]},{"@type":"WebPage","@id":"https:\/\/memurunsesi.net\/index.php\/2026\/02\/03\/memur-zamlari-ilk-ayda-enflasyona-yenildi-unipersenden-toplu-sozlesme-tepkisi\/","url":"https:\/\/memurunsesi.net\/index.php\/2026\/02\/03\/memur-zamlari-ilk-ayda-enflasyona-yenildi-unipersenden-toplu-sozlesme-tepkisi\/","name":"Memur Zamlar\u0131 \u0130lk Ayda Enflasyona Yenildi: \u00dcN\u0130PERSEN\u2019den Toplu S\u00f6zle\u015fme Tepkisi - Memurun Sesi","isPartOf":{"@id":"https:\/\/memurunsesi.net\/#website"},"primaryImageOfPage":{"@id":"https:\/\/memurunsesi.net\/index.php\/2026\/02\/03\/memur-zamlari-ilk-ayda-enflasyona-yenildi-unipersenden-toplu-sozlesme-tepkisi\/#primaryimage"},"image":{"@id":"https:\/\/memurunsesi.net\/index.php\/2026\/02\/03\/memur-zamlari-ilk-ayda-enflasyona-yenildi-unipersenden-toplu-sozlesme-tepkisi\/#primaryimage"},"thumbnailUrl":"https:\/\/memurunsesi.net\/wp-content\/uploads\/2026\/02\/enflasyon.jpeg","datePublished":"2026-02-03T19:27:02+00:00","dateModified":"2026-02-03T19:27:20+00:00","description":"Memur ve memur emeklilerine 2026 y\u0131l\u0131n\u0131n ilk yar\u0131s\u0131 i\u00e7in verilen maa\u015f art\u0131\u015flar\u0131, y\u0131l\u0131n daha ilk ay\u0131nda enflasyon kar\u015f\u0131s\u0131nda eridi. Ocak 2026 enflasyonunun y\u00fczde 4,84 olarak a\u00e7\u0131klanmas\u0131n\u0131n ard\u0131ndan, y\u00fczde 11 toplu s\u00f6zle\u015fme zamm\u0131 ve y\u00fczde 6,85 enflasyon fark\u0131, memurlar\u0131n al\u0131m g\u00fcc\u00fcn\u00fc korumakta yetersiz kald\u0131.","breadcrumb":{"@id":"https:\/\/memurunsesi.net\/index.php\/2026\/02\/03\/memur-zamlari-ilk-ayda-enflasyona-yenildi-unipersenden-toplu-sozlesme-tepkisi\/#breadcrumb"},"inLanguage":"tr","potentialAction":[{"@type":"ReadAction","target":["https:\/\/memurunsesi.net\/index.php\/2026\/02\/03\/memur-zamlari-ilk-ayda-enflasyona-yenildi-unipersenden-toplu-sozlesme-tepkisi\/"]}]},{"@type":"ImageObject","inLanguage":"tr","@id":"https:\/\/memurunsesi.net\/index.php\/2026\/02\/03\/memur-zamlari-ilk-ayda-enflasyona-yenildi-unipersenden-toplu-sozlesme-tepkisi\/#primaryimage","url":"https:\/\/memurunsesi.net\/wp-content\/uploads\/2026\/02\/enflasyon.jpeg","contentUrl":"https:\/\/memurunsesi.net\/wp-content\/uploads\/2026\/02\/enflasyon.jpeg","width":1080,"height":1080},{"@type":"BreadcrumbList","@id":"https:\/\/memurunsesi.net\/index.php\/2026\/02\/03\/memur-zamlari-ilk-ayda-enflasyona-yenildi-unipersenden-toplu-sozlesme-tepkisi\/#breadcrumb","itemListElement":[{"@type":"ListItem","position":1,"name":"Anasayfa","item":"https:\/\/memurunsesi.net\/"},{"@type":"ListItem","position":2,"name":"Memur Zamlar\u0131 \u0130lk Ayda Enflasyona Yenildi: \u00dcN\u0130PERSEN\u2019den Toplu S\u00f6zle\u015fme Tepkisi"}]},{"@type":"WebSite","@id":"https:\/\/memurunsesi.net\/#website","url":"https:\/\/memurunsesi.net\/","name":"Memurun Sesi","description":"G\u00fcncel ve Do\u011fru Haber","publisher":{"@id":"https:\/\/memurunsesi.net\/#organization"},"potentialAction":[{"@type":"SearchAction","target":{"@type":"EntryPoint","urlTemplate":"https:\/\/memurunsesi.net\/?s={search_term_string}"},"query-input":{"@type":"PropertyValueSpecification","valueRequired":true,"valueName":"search_term_string"}}],"inLanguage":"tr"},{"@type":"Organization","@id":"https:\/\/memurunsesi.net\/#organization","name":"Memurun Sesi","url":"https:\/\/memurunsesi.net\/","logo":{"@type":"ImageObject","inLanguage":"tr","@id":"https:\/\/memurunsesi.net\/#\/schema\/logo\/image\/","url":"https:\/\/memurunsesi.net\/wp-content\/uploads\/2025\/11\/cropped-MEMURUN-SESI.png","contentUrl":"https:\/\/memurunsesi.net\/wp-content\/uploads\/2025\/11\/cropped-MEMURUN-SESI.png","width":238,"height":57,"caption":"Memurun Sesi"},"image":{"@id":"https:\/\/memurunsesi.net\/#\/schema\/logo\/image\/"},"sameAs":["https:\/\/www.facebook.com\/unipersen\/?locale=tr_TR","https:\/\/x.com\/unipersen"]},{"@type":"Person","@id":"https:\/\/memurunsesi.net\/#\/schema\/person\/f21c2d73b89f6ee1d80b0a1803e38587","name":"Memurun Sesi Haber Merkezi","image":{"@type":"ImageObject","inLanguage":"tr","@id":"https:\/\/secure.gravatar.com\/avatar\/6cf0505f452ee753f485014986fab09a434671d2b919ee76fc541025c5876a70?s=96&d=mm&r=g","url":"https:\/\/secure.gravatar.com\/avatar\/6cf0505f452ee753f485014986fab09a434671d2b919ee76fc541025c5876a70?s=96&d=mm&r=g","contentUrl":"https:\/\/secure.gravatar.com\/avatar\/6cf0505f452ee753f485014986fab09a434671d2b919ee76fc541025c5876a70?s=96&d=mm&r=g","caption":"Memurun Sesi Haber Merkezi"},"sameAs":["https:\/\/memurunsesi.net"],"url":"https:\/\/memurunsesi.net\/index.php\/author\/uniper\/"}]}},"_links":{"self":[{"href":"https:\/\/memurunsesi.net\/index.php\/wp-json\/wp\/v2\/posts\/17169","targetHints":{"allow":["GET"]}}],"collection":[{"href":"https:\/\/memurunsesi.net\/index.php\/wp-json\/wp\/v2\/posts"}],"about":[{"href":"https:\/\/memurunsesi.net\/index.php\/wp-json\/wp\/v2\/types\/post"}],"author":[{"embeddable":true,"href":"https:\/\/memurunsesi.net\/index.php\/wp-json\/wp\/v2\/users\/1"}],"replies":[{"embeddable":true,"href":"https:\/\/memurunsesi.net\/index.php\/wp-json\/wp\/v2\/comments?post=17169"}],"version-history":[{"count":2,"href":"https:\/\/memurunsesi.net\/index.php\/wp-json\/wp\/v2\/posts\/17169\/revisions"}],"predecessor-version":[{"id":17172,"href":"https:\/\/memurunsesi.net\/index.php\/wp-json\/wp\/v2\/posts\/17169\/revisions\/17172"}],"wp:featuredmedia":[{"embeddable":true,"href":"https:\/\/memurunsesi.net\/index.php\/wp-json\/wp\/v2\/media\/17170"}],"wp:attachment":[{"href":"https:\/\/memurunsesi.net\/index.php\/wp-json\/wp\/v2\/media?parent=17169"}],"wp:term":[{"taxonomy":"category","embeddable":true,"href":"https:\/\/memurunsesi.net\/index.php\/wp-json\/wp\/v2\/categories?post=17169"},{"taxonomy":"post_tag","embeddable":true,"href":"https:\/\/memurunsesi.net\/index.php\/wp-json\/wp\/v2\/tags?post=17169"}],"curies":[{"name":"wp","href":"https:\/\/api.w.org\/{rel}","templated":true}]}}