{"id":17175,"date":"2026-02-03T23:08:25","date_gmt":"2026-02-03T20:08:25","guid":{"rendered":"https:\/\/memurunsesi.net\/?p=17175"},"modified":"2026-02-03T23:08:25","modified_gmt":"2026-02-03T20:08:25","slug":"universite-personelinin-tayin-beklentisi-verilerle-gundemde","status":"publish","type":"post","link":"https:\/\/memurunsesi.net\/index.php\/2026\/02\/03\/universite-personelinin-tayin-beklentisi-verilerle-gundemde\/","title":{"rendered":"\u00dcniversite Personelinin Tayin Beklentisi Verilerle G\u00fcndemde"},"content":{"rendered":"<p data-start=\"215\" data-end=\"657\">\u00a0 \u00a0\u00dcniversitelerde g\u00f6rev yapan idari personelin uzun s\u00fcredir ya\u015fad\u0131\u011f\u0131 tayin ve becayi\u015f sorunu yeniden g\u00fcndeme ta\u015f\u0131nd\u0131. \u00dcniversite \u0130dari Personel Sendikas\u0131 (\u00dcN\u0130PERSEN), devlet \u00fcniversitelerinde g\u00f6rev yapan memurlar\u0131n kar\u015f\u0131l\u0131kl\u0131 naklen atanma ve becayi\u015f taleplerine ili\u015fkin verileri i\u00e7eren \u00f6zel bir istatistik setini kamuoyunun eri\u015fimine a\u00e7t\u0131. Verilerin sendikan\u0131n resmi internet sitesinde yay\u0131mland\u0131\u011f\u0131 ve d\u00fczenli olarak g\u00fcncellenece\u011fi bildirildi.<\/p>\n<p data-start=\"659\" data-end=\"1003\">Sendika taraf\u0131ndan payla\u015f\u0131lan istatistikler, \u00fcniversitelerde tayin talebinin istisnai de\u011fil yayg\u0131n bir ihtiya\u00e7 oldu\u011funu ortaya koyarken, mevcut uygulamalar\u0131n sorunu kal\u0131c\u0131 bi\u00e7imde \u00e7\u00f6zemedi\u011fine i\u015faret ediyor. \u00dcN\u0130PERSEN, bu verilerin Y\u00fcksek\u00f6\u011fretim Kurulu (Y\u00d6K) ve ilgili kurumlar nezdinde y\u00fcr\u00fct\u00fclecek giri\u015fimlerde temel dayanak olaca\u011f\u0131n\u0131 duyurdu.<\/p>\n<h3 data-start=\"1005\" data-end=\"1035\"><strong data-start=\"1009\" data-end=\"1035\">2026 s\u00fcreci i\u00e7in \u00e7a\u011fr\u0131<\/strong><\/h3>\n<p data-start=\"1037\" data-end=\"1491\">\u00d6te yandan, ge\u00e7ti\u011fimiz y\u0131l Y\u00fcksek\u00f6\u011fretim Kurulu Ba\u015fkanl\u0131\u011f\u0131 taraf\u0131ndan ilk kez hayata ge\u00e7irilen devlet \u00fcniversiteleri aras\u0131nda kar\u015f\u0131l\u0131kl\u0131 naklen atanma uygulamas\u0131n\u0131n, y\u0131llard\u0131r \u00e7\u00f6z\u00fclemeyen tayin sorununa s\u0131n\u0131rl\u0131 da olsa bir kap\u0131 aralad\u0131\u011f\u0131 belirtiliyor. Bu kapsamda \u00fcniversite memurlar\u0131 en fazla iki tercih yaparak gitmek istedikleri illerdeki \u00fcniversitelere ba\u015fvuru yapm\u0131\u015f, e\u015fle\u015fen personel ise kurumlar\u0131n onay\u0131yla g\u00f6rev de\u011fi\u015fikli\u011fi ger\u00e7ekle\u015ftirebilmi\u015fti.<\/p>\n<p data-start=\"1493\" data-end=\"1782\">\u0130lk kez uygulanan bu model, baz\u0131 eksikliklerine ra\u011fmen binlerce idari personel i\u00e7in \u00f6nemli bir umut kayna\u011f\u0131 oldu. Ancak sendikalara ve personel temsilcilerine g\u00f6re sistemin kal\u0131c\u0131 ve adil hale gelebilmesi i\u00e7in 2026 y\u0131l\u0131 s\u00fcrecinin daha planl\u0131 ve \u00f6ng\u00f6r\u00fclebilir \u015fekilde y\u00fcr\u00fct\u00fclmesi gerekiyor.<\/p>\n<h3 data-start=\"1784\" data-end=\"1818\"><strong data-start=\"1788\" data-end=\"1818\">Takvim ve \u015feffafl\u0131k talebi<\/strong><\/h3>\n<p data-start=\"1820\" data-end=\"2188\">\u00dcN\u0130PERSEN, Y\u00d6K\u2019e \u00e7a\u011fr\u0131da bulunarak 2026 y\u0131l\u0131 kar\u015f\u0131l\u0131kl\u0131 naklen atanma ve becayi\u015f s\u00fcrecinin bir takvime ba\u011flanmas\u0131n\u0131 istedi. Buna g\u00f6re ba\u015fvuru tarihleri, de\u011ferlendirme ve e\u015fle\u015fme sonu\u00e7lar\u0131n\u0131n ilan edilece\u011fi g\u00fcnler ile personelin yeni g\u00f6rev yerlerine atanaca\u011f\u0131 tarihin \u00f6nceden a\u00e7\u0131klanmas\u0131n\u0131n hem belirsizli\u011fi azaltaca\u011f\u0131 hem de s\u00fcrece olan g\u00fcveni art\u0131raca\u011f\u0131 ifade edildi.<\/p>\n<p data-start=\"2190\" data-end=\"2459\" data-is-last-node=\"\" data-is-only-node=\"\">Sendika yetkilileri, veri temelli \u00e7al\u0131\u015fmalarla desteklenen bu \u00e7a\u011fr\u0131n\u0131n, \u00fcniversite idari personelinin aile birli\u011fi, sa\u011fl\u0131k ve sosyal nedenlerle ya\u015fad\u0131\u011f\u0131 tayin sorunlar\u0131n\u0131n daha adil ve s\u00fcrd\u00fcr\u00fclebilir bir yap\u0131ya kavu\u015fturulmas\u0131 a\u00e7\u0131s\u0131ndan kritik \u00f6nemde oldu\u011funu vurgulad\u0131.<\/p>\n","protected":false},"excerpt":{"rendered":"<p>\u00a0 \u00a0\u00dcniversitelerde g\u00f6rev yapan idari personelin uzun s\u00fcredir ya\u015fad\u0131\u011f\u0131 tayin ve becayi\u015f sorunu yeniden g\u00fcndeme ta\u015f\u0131nd\u0131. \u00dcniversite \u0130dari Personel Sendikas\u0131 (\u00dcN\u0130PERSEN), devlet \u00fcniversitelerinde g\u00f6rev yapan memurlar\u0131n kar\u015f\u0131l\u0131kl\u0131 naklen atanma ve becayi\u015f taleplerine ili\u015fkin verileri i\u00e7eren \u00f6zel bir istatistik setini kamuoyunun eri\u015fimine a\u00e7t\u0131. Verilerin sendikan\u0131n resmi internet sitesinde yay\u0131mland\u0131\u011f\u0131 ve d\u00fczenli olarak g\u00fcncellenece\u011fi bildirildi. Sendika taraf\u0131ndan [&hellip;]<\/p>\n","protected":false},"author":1,"featured_media":17176,"comment_status":"open","ping_status":"open","sticky":false,"template":"","format":"standard","meta":{"footnotes":""},"categories":[1],"tags":[282,1019,1087,1088],"class_list":["post-17175","post","type-post","status-publish","format-standard","has-post-thumbnail","hentry","category-genel","tag-idari-personel","tag-memur","tag-tayin","tag-yer-degisikligi"],"yoast_head":"<!-- This site is optimized with the Yoast SEO plugin v27.4 - https:\/\/yoast.com\/product\/yoast-seo-wordpress\/ -->\n<title>\u00dcniversite Personelinin Tayin Beklentisi Verilerle G\u00fcndemde - Memurun Sesi<\/title>\n<meta name=\"description\" content=\"\u00dcniversitelerde g\u00f6rev yapan idari personelin uzun s\u00fcredir ya\u015fad\u0131\u011f\u0131 tayin ve becayi\u015f sorunu yeniden g\u00fcndeme ta\u015f\u0131nd\u0131.\" \/>\n<meta name=\"robots\" content=\"index, follow, max-snippet:-1, max-image-preview:large, max-video-preview:-1\" \/>\n<link rel=\"canonical\" href=\"https:\/\/memurunsesi.net\/index.php\/2026\/02\/03\/universite-personelinin-tayin-beklentisi-verilerle-gundemde\/\" \/>\n<meta property=\"og:locale\" content=\"tr_TR\" \/>\n<meta property=\"og:type\" content=\"article\" \/>\n<meta property=\"og:title\" content=\"\u00dcniversite Personelinin Tayin Beklentisi Verilerle G\u00fcndemde - Memurun Sesi\" \/>\n<meta property=\"og:description\" content=\"\u00dcniversitelerde g\u00f6rev yapan idari personelin uzun s\u00fcredir ya\u015fad\u0131\u011f\u0131 tayin ve becayi\u015f sorunu yeniden g\u00fcndeme ta\u015f\u0131nd\u0131.\" \/>\n<meta property=\"og:url\" content=\"https:\/\/memurunsesi.net\/index.php\/2026\/02\/03\/universite-personelinin-tayin-beklentisi-verilerle-gundemde\/\" \/>\n<meta property=\"og:site_name\" content=\"Memurun Sesi\" \/>\n<meta property=\"article:publisher\" content=\"https:\/\/www.facebook.com\/unipersen\/?locale=tr_TR\" \/>\n<meta property=\"article:published_time\" content=\"2026-02-03T20:08:25+00:00\" \/>\n<meta property=\"og:image\" content=\"https:\/\/memurunsesi.net\/wp-content\/uploads\/2026\/02\/becayis.jpeg\" \/>\n\t<meta property=\"og:image:width\" content=\"1080\" \/>\n\t<meta property=\"og:image:height\" content=\"1080\" \/>\n\t<meta property=\"og:image:type\" content=\"image\/jpeg\" \/>\n<meta name=\"author\" content=\"Memurun Sesi Haber Merkezi\" \/>\n<meta name=\"twitter:card\" content=\"summary_large_image\" \/>\n<meta name=\"twitter:creator\" content=\"@unipersen\" \/>\n<meta name=\"twitter:site\" content=\"@unipersen\" \/>\n<meta name=\"twitter:label1\" content=\"Yazan:\" \/>\n\t<meta name=\"twitter:data1\" content=\"Memurun Sesi Haber Merkezi\" \/>\n\t<meta name=\"twitter:label2\" content=\"Tahmini okuma s\u00fcresi\" \/>\n\t<meta name=\"twitter:data2\" content=\"2 dakika\" \/>\n<script type=\"application\/ld+json\" class=\"yoast-schema-graph\">{\"@context\":\"https:\\\/\\\/schema.org\",\"@graph\":[{\"@type\":\"Article\",\"@id\":\"https:\\\/\\\/memurunsesi.net\\\/index.php\\\/2026\\\/02\\\/03\\\/universite-personelinin-tayin-beklentisi-verilerle-gundemde\\\/#article\",\"isPartOf\":{\"@id\":\"https:\\\/\\\/memurunsesi.net\\\/index.php\\\/2026\\\/02\\\/03\\\/universite-personelinin-tayin-beklentisi-verilerle-gundemde\\\/\"},\"author\":{\"name\":\"Memurun Sesi Haber Merkezi\",\"@id\":\"https:\\\/\\\/memurunsesi.net\\\/#\\\/schema\\\/person\\\/f21c2d73b89f6ee1d80b0a1803e38587\"},\"headline\":\"\u00dcniversite Personelinin Tayin Beklentisi Verilerle G\u00fcndemde\",\"datePublished\":\"2026-02-03T20:08:25+00:00\",\"mainEntityOfPage\":{\"@id\":\"https:\\\/\\\/memurunsesi.net\\\/index.php\\\/2026\\\/02\\\/03\\\/universite-personelinin-tayin-beklentisi-verilerle-gundemde\\\/\"},\"wordCount\":406,\"commentCount\":0,\"publisher\":{\"@id\":\"https:\\\/\\\/memurunsesi.net\\\/#organization\"},\"image\":{\"@id\":\"https:\\\/\\\/memurunsesi.net\\\/index.php\\\/2026\\\/02\\\/03\\\/universite-personelinin-tayin-beklentisi-verilerle-gundemde\\\/#primaryimage\"},\"thumbnailUrl\":\"https:\\\/\\\/memurunsesi.net\\\/wp-content\\\/uploads\\\/2026\\\/02\\\/becayis.jpeg\",\"keywords\":[\"idari personel\",\"memur\",\"tayin\",\"yer de\u011fi\u015fikli\u011fi\"],\"inLanguage\":\"tr\",\"potentialAction\":[{\"@type\":\"CommentAction\",\"name\":\"Comment\",\"target\":[\"https:\\\/\\\/memurunsesi.net\\\/index.php\\\/2026\\\/02\\\/03\\\/universite-personelinin-tayin-beklentisi-verilerle-gundemde\\\/#respond\"]}]},{\"@type\":\"WebPage\",\"@id\":\"https:\\\/\\\/memurunsesi.net\\\/index.php\\\/2026\\\/02\\\/03\\\/universite-personelinin-tayin-beklentisi-verilerle-gundemde\\\/\",\"url\":\"https:\\\/\\\/memurunsesi.net\\\/index.php\\\/2026\\\/02\\\/03\\\/universite-personelinin-tayin-beklentisi-verilerle-gundemde\\\/\",\"name\":\"\u00dcniversite Personelinin Tayin Beklentisi Verilerle G\u00fcndemde - Memurun Sesi\",\"isPartOf\":{\"@id\":\"https:\\\/\\\/memurunsesi.net\\\/#website\"},\"primaryImageOfPage\":{\"@id\":\"https:\\\/\\\/memurunsesi.net\\\/index.php\\\/2026\\\/02\\\/03\\\/universite-personelinin-tayin-beklentisi-verilerle-gundemde\\\/#primaryimage\"},\"image\":{\"@id\":\"https:\\\/\\\/memurunsesi.net\\\/index.php\\\/2026\\\/02\\\/03\\\/universite-personelinin-tayin-beklentisi-verilerle-gundemde\\\/#primaryimage\"},\"thumbnailUrl\":\"https:\\\/\\\/memurunsesi.net\\\/wp-content\\\/uploads\\\/2026\\\/02\\\/becayis.jpeg\",\"datePublished\":\"2026-02-03T20:08:25+00:00\",\"description\":\"\u00dcniversitelerde g\u00f6rev yapan idari personelin uzun s\u00fcredir ya\u015fad\u0131\u011f\u0131 tayin ve becayi\u015f sorunu yeniden g\u00fcndeme ta\u015f\u0131nd\u0131.\",\"breadcrumb\":{\"@id\":\"https:\\\/\\\/memurunsesi.net\\\/index.php\\\/2026\\\/02\\\/03\\\/universite-personelinin-tayin-beklentisi-verilerle-gundemde\\\/#breadcrumb\"},\"inLanguage\":\"tr\",\"potentialAction\":[{\"@type\":\"ReadAction\",\"target\":[\"https:\\\/\\\/memurunsesi.net\\\/index.php\\\/2026\\\/02\\\/03\\\/universite-personelinin-tayin-beklentisi-verilerle-gundemde\\\/\"]}]},{\"@type\":\"ImageObject\",\"inLanguage\":\"tr\",\"@id\":\"https:\\\/\\\/memurunsesi.net\\\/index.php\\\/2026\\\/02\\\/03\\\/universite-personelinin-tayin-beklentisi-verilerle-gundemde\\\/#primaryimage\",\"url\":\"https:\\\/\\\/memurunsesi.net\\\/wp-content\\\/uploads\\\/2026\\\/02\\\/becayis.jpeg\",\"contentUrl\":\"https:\\\/\\\/memurunsesi.net\\\/wp-content\\\/uploads\\\/2026\\\/02\\\/becayis.jpeg\",\"width\":1080,\"height\":1080},{\"@type\":\"BreadcrumbList\",\"@id\":\"https:\\\/\\\/memurunsesi.net\\\/index.php\\\/2026\\\/02\\\/03\\\/universite-personelinin-tayin-beklentisi-verilerle-gundemde\\\/#breadcrumb\",\"itemListElement\":[{\"@type\":\"ListItem\",\"position\":1,\"name\":\"Anasayfa\",\"item\":\"https:\\\/\\\/memurunsesi.net\\\/\"},{\"@type\":\"ListItem\",\"position\":2,\"name\":\"\u00dcniversite Personelinin Tayin Beklentisi Verilerle G\u00fcndemde\"}]},{\"@type\":\"WebSite\",\"@id\":\"https:\\\/\\\/memurunsesi.net\\\/#website\",\"url\":\"https:\\\/\\\/memurunsesi.net\\\/\",\"name\":\"Memurun Sesi\",\"description\":\"G\u00fcncel ve Do\u011fru Haber\",\"publisher\":{\"@id\":\"https:\\\/\\\/memurunsesi.net\\\/#organization\"},\"potentialAction\":[{\"@type\":\"SearchAction\",\"target\":{\"@type\":\"EntryPoint\",\"urlTemplate\":\"https:\\\/\\\/memurunsesi.net\\\/?s={search_term_string}\"},\"query-input\":{\"@type\":\"PropertyValueSpecification\",\"valueRequired\":true,\"valueName\":\"search_term_string\"}}],\"inLanguage\":\"tr\"},{\"@type\":\"Organization\",\"@id\":\"https:\\\/\\\/memurunsesi.net\\\/#organization\",\"name\":\"Memurun Sesi\",\"url\":\"https:\\\/\\\/memurunsesi.net\\\/\",\"logo\":{\"@type\":\"ImageObject\",\"inLanguage\":\"tr\",\"@id\":\"https:\\\/\\\/memurunsesi.net\\\/#\\\/schema\\\/logo\\\/image\\\/\",\"url\":\"https:\\\/\\\/memurunsesi.net\\\/wp-content\\\/uploads\\\/2025\\\/11\\\/cropped-MEMURUN-SESI.png\",\"contentUrl\":\"https:\\\/\\\/memurunsesi.net\\\/wp-content\\\/uploads\\\/2025\\\/11\\\/cropped-MEMURUN-SESI.png\",\"width\":238,\"height\":57,\"caption\":\"Memurun Sesi\"},\"image\":{\"@id\":\"https:\\\/\\\/memurunsesi.net\\\/#\\\/schema\\\/logo\\\/image\\\/\"},\"sameAs\":[\"https:\\\/\\\/www.facebook.com\\\/unipersen\\\/?locale=tr_TR\",\"https:\\\/\\\/x.com\\\/unipersen\"]},{\"@type\":\"Person\",\"@id\":\"https:\\\/\\\/memurunsesi.net\\\/#\\\/schema\\\/person\\\/f21c2d73b89f6ee1d80b0a1803e38587\",\"name\":\"Memurun Sesi Haber Merkezi\",\"image\":{\"@type\":\"ImageObject\",\"inLanguage\":\"tr\",\"@id\":\"https:\\\/\\\/secure.gravatar.com\\\/avatar\\\/6cf0505f452ee753f485014986fab09a434671d2b919ee76fc541025c5876a70?s=96&d=mm&r=g\",\"url\":\"https:\\\/\\\/secure.gravatar.com\\\/avatar\\\/6cf0505f452ee753f485014986fab09a434671d2b919ee76fc541025c5876a70?s=96&d=mm&r=g\",\"contentUrl\":\"https:\\\/\\\/secure.gravatar.com\\\/avatar\\\/6cf0505f452ee753f485014986fab09a434671d2b919ee76fc541025c5876a70?s=96&d=mm&r=g\",\"caption\":\"Memurun Sesi Haber Merkezi\"},\"sameAs\":[\"https:\\\/\\\/memurunsesi.net\"],\"url\":\"https:\\\/\\\/memurunsesi.net\\\/index.php\\\/author\\\/uniper\\\/\"}]}<\/script>\n<!-- \/ Yoast SEO plugin. -->","yoast_head_json":{"title":"\u00dcniversite Personelinin Tayin Beklentisi Verilerle G\u00fcndemde - Memurun Sesi","description":"\u00dcniversitelerde g\u00f6rev yapan idari personelin uzun s\u00fcredir ya\u015fad\u0131\u011f\u0131 tayin ve becayi\u015f sorunu yeniden g\u00fcndeme ta\u015f\u0131nd\u0131.","robots":{"index":"index","follow":"follow","max-snippet":"max-snippet:-1","max-image-preview":"max-image-preview:large","max-video-preview":"max-video-preview:-1"},"canonical":"https:\/\/memurunsesi.net\/index.php\/2026\/02\/03\/universite-personelinin-tayin-beklentisi-verilerle-gundemde\/","og_locale":"tr_TR","og_type":"article","og_title":"\u00dcniversite Personelinin Tayin Beklentisi Verilerle G\u00fcndemde - Memurun Sesi","og_description":"\u00dcniversitelerde g\u00f6rev yapan idari personelin uzun s\u00fcredir ya\u015fad\u0131\u011f\u0131 tayin ve becayi\u015f sorunu yeniden g\u00fcndeme ta\u015f\u0131nd\u0131.","og_url":"https:\/\/memurunsesi.net\/index.php\/2026\/02\/03\/universite-personelinin-tayin-beklentisi-verilerle-gundemde\/","og_site_name":"Memurun Sesi","article_publisher":"https:\/\/www.facebook.com\/unipersen\/?locale=tr_TR","article_published_time":"2026-02-03T20:08:25+00:00","og_image":[{"width":1080,"height":1080,"url":"https:\/\/memurunsesi.net\/wp-content\/uploads\/2026\/02\/becayis.jpeg","type":"image\/jpeg"}],"author":"Memurun Sesi Haber Merkezi","twitter_card":"summary_large_image","twitter_creator":"@unipersen","twitter_site":"@unipersen","twitter_misc":{"Yazan:":"Memurun Sesi Haber Merkezi","Tahmini okuma s\u00fcresi":"2 dakika"},"schema":{"@context":"https:\/\/schema.org","@graph":[{"@type":"Article","@id":"https:\/\/memurunsesi.net\/index.php\/2026\/02\/03\/universite-personelinin-tayin-beklentisi-verilerle-gundemde\/#article","isPartOf":{"@id":"https:\/\/memurunsesi.net\/index.php\/2026\/02\/03\/universite-personelinin-tayin-beklentisi-verilerle-gundemde\/"},"author":{"name":"Memurun Sesi Haber Merkezi","@id":"https:\/\/memurunsesi.net\/#\/schema\/person\/f21c2d73b89f6ee1d80b0a1803e38587"},"headline":"\u00dcniversite Personelinin Tayin Beklentisi Verilerle G\u00fcndemde","datePublished":"2026-02-03T20:08:25+00:00","mainEntityOfPage":{"@id":"https:\/\/memurunsesi.net\/index.php\/2026\/02\/03\/universite-personelinin-tayin-beklentisi-verilerle-gundemde\/"},"wordCount":406,"commentCount":0,"publisher":{"@id":"https:\/\/memurunsesi.net\/#organization"},"image":{"@id":"https:\/\/memurunsesi.net\/index.php\/2026\/02\/03\/universite-personelinin-tayin-beklentisi-verilerle-gundemde\/#primaryimage"},"thumbnailUrl":"https:\/\/memurunsesi.net\/wp-content\/uploads\/2026\/02\/becayis.jpeg","keywords":["idari personel","memur","tayin","yer de\u011fi\u015fikli\u011fi"],"inLanguage":"tr","potentialAction":[{"@type":"CommentAction","name":"Comment","target":["https:\/\/memurunsesi.net\/index.php\/2026\/02\/03\/universite-personelinin-tayin-beklentisi-verilerle-gundemde\/#respond"]}]},{"@type":"WebPage","@id":"https:\/\/memurunsesi.net\/index.php\/2026\/02\/03\/universite-personelinin-tayin-beklentisi-verilerle-gundemde\/","url":"https:\/\/memurunsesi.net\/index.php\/2026\/02\/03\/universite-personelinin-tayin-beklentisi-verilerle-gundemde\/","name":"\u00dcniversite Personelinin Tayin Beklentisi Verilerle G\u00fcndemde - Memurun Sesi","isPartOf":{"@id":"https:\/\/memurunsesi.net\/#website"},"primaryImageOfPage":{"@id":"https:\/\/memurunsesi.net\/index.php\/2026\/02\/03\/universite-personelinin-tayin-beklentisi-verilerle-gundemde\/#primaryimage"},"image":{"@id":"https:\/\/memurunsesi.net\/index.php\/2026\/02\/03\/universite-personelinin-tayin-beklentisi-verilerle-gundemde\/#primaryimage"},"thumbnailUrl":"https:\/\/memurunsesi.net\/wp-content\/uploads\/2026\/02\/becayis.jpeg","datePublished":"2026-02-03T20:08:25+00:00","description":"\u00dcniversitelerde g\u00f6rev yapan idari personelin uzun s\u00fcredir ya\u015fad\u0131\u011f\u0131 tayin ve becayi\u015f sorunu yeniden g\u00fcndeme ta\u015f\u0131nd\u0131.","breadcrumb":{"@id":"https:\/\/memurunsesi.net\/index.php\/2026\/02\/03\/universite-personelinin-tayin-beklentisi-verilerle-gundemde\/#breadcrumb"},"inLanguage":"tr","potentialAction":[{"@type":"ReadAction","target":["https:\/\/memurunsesi.net\/index.php\/2026\/02\/03\/universite-personelinin-tayin-beklentisi-verilerle-gundemde\/"]}]},{"@type":"ImageObject","inLanguage":"tr","@id":"https:\/\/memurunsesi.net\/index.php\/2026\/02\/03\/universite-personelinin-tayin-beklentisi-verilerle-gundemde\/#primaryimage","url":"https:\/\/memurunsesi.net\/wp-content\/uploads\/2026\/02\/becayis.jpeg","contentUrl":"https:\/\/memurunsesi.net\/wp-content\/uploads\/2026\/02\/becayis.jpeg","width":1080,"height":1080},{"@type":"BreadcrumbList","@id":"https:\/\/memurunsesi.net\/index.php\/2026\/02\/03\/universite-personelinin-tayin-beklentisi-verilerle-gundemde\/#breadcrumb","itemListElement":[{"@type":"ListItem","position":1,"name":"Anasayfa","item":"https:\/\/memurunsesi.net\/"},{"@type":"ListItem","position":2,"name":"\u00dcniversite Personelinin Tayin Beklentisi Verilerle G\u00fcndemde"}]},{"@type":"WebSite","@id":"https:\/\/memurunsesi.net\/#website","url":"https:\/\/memurunsesi.net\/","name":"Memurun Sesi","description":"G\u00fcncel ve Do\u011fru Haber","publisher":{"@id":"https:\/\/memurunsesi.net\/#organization"},"potentialAction":[{"@type":"SearchAction","target":{"@type":"EntryPoint","urlTemplate":"https:\/\/memurunsesi.net\/?s={search_term_string}"},"query-input":{"@type":"PropertyValueSpecification","valueRequired":true,"valueName":"search_term_string"}}],"inLanguage":"tr"},{"@type":"Organization","@id":"https:\/\/memurunsesi.net\/#organization","name":"Memurun Sesi","url":"https:\/\/memurunsesi.net\/","logo":{"@type":"ImageObject","inLanguage":"tr","@id":"https:\/\/memurunsesi.net\/#\/schema\/logo\/image\/","url":"https:\/\/memurunsesi.net\/wp-content\/uploads\/2025\/11\/cropped-MEMURUN-SESI.png","contentUrl":"https:\/\/memurunsesi.net\/wp-content\/uploads\/2025\/11\/cropped-MEMURUN-SESI.png","width":238,"height":57,"caption":"Memurun Sesi"},"image":{"@id":"https:\/\/memurunsesi.net\/#\/schema\/logo\/image\/"},"sameAs":["https:\/\/www.facebook.com\/unipersen\/?locale=tr_TR","https:\/\/x.com\/unipersen"]},{"@type":"Person","@id":"https:\/\/memurunsesi.net\/#\/schema\/person\/f21c2d73b89f6ee1d80b0a1803e38587","name":"Memurun Sesi Haber Merkezi","image":{"@type":"ImageObject","inLanguage":"tr","@id":"https:\/\/secure.gravatar.com\/avatar\/6cf0505f452ee753f485014986fab09a434671d2b919ee76fc541025c5876a70?s=96&d=mm&r=g","url":"https:\/\/secure.gravatar.com\/avatar\/6cf0505f452ee753f485014986fab09a434671d2b919ee76fc541025c5876a70?s=96&d=mm&r=g","contentUrl":"https:\/\/secure.gravatar.com\/avatar\/6cf0505f452ee753f485014986fab09a434671d2b919ee76fc541025c5876a70?s=96&d=mm&r=g","caption":"Memurun Sesi Haber Merkezi"},"sameAs":["https:\/\/memurunsesi.net"],"url":"https:\/\/memurunsesi.net\/index.php\/author\/uniper\/"}]}},"_links":{"self":[{"href":"https:\/\/memurunsesi.net\/index.php\/wp-json\/wp\/v2\/posts\/17175","targetHints":{"allow":["GET"]}}],"collection":[{"href":"https:\/\/memurunsesi.net\/index.php\/wp-json\/wp\/v2\/posts"}],"about":[{"href":"https:\/\/memurunsesi.net\/index.php\/wp-json\/wp\/v2\/types\/post"}],"author":[{"embeddable":true,"href":"https:\/\/memurunsesi.net\/index.php\/wp-json\/wp\/v2\/users\/1"}],"replies":[{"embeddable":true,"href":"https:\/\/memurunsesi.net\/index.php\/wp-json\/wp\/v2\/comments?post=17175"}],"version-history":[{"count":1,"href":"https:\/\/memurunsesi.net\/index.php\/wp-json\/wp\/v2\/posts\/17175\/revisions"}],"predecessor-version":[{"id":17177,"href":"https:\/\/memurunsesi.net\/index.php\/wp-json\/wp\/v2\/posts\/17175\/revisions\/17177"}],"wp:featuredmedia":[{"embeddable":true,"href":"https:\/\/memurunsesi.net\/index.php\/wp-json\/wp\/v2\/media\/17176"}],"wp:attachment":[{"href":"https:\/\/memurunsesi.net\/index.php\/wp-json\/wp\/v2\/media?parent=17175"}],"wp:term":[{"taxonomy":"category","embeddable":true,"href":"https:\/\/memurunsesi.net\/index.php\/wp-json\/wp\/v2\/categories?post=17175"},{"taxonomy":"post_tag","embeddable":true,"href":"https:\/\/memurunsesi.net\/index.php\/wp-json\/wp\/v2\/tags?post=17175"}],"curies":[{"name":"wp","href":"https:\/\/api.w.org\/{rel}","templated":true}]}}