{"id":17187,"date":"2026-02-04T19:01:41","date_gmt":"2026-02-04T16:01:41","guid":{"rendered":"https:\/\/memurunsesi.net\/?p=17187"},"modified":"2026-02-04T19:01:41","modified_gmt":"2026-02-04T16:01:41","slug":"yuksekova-van-karayolunda-faciadan-donuldu-dev-kayalar-yola-dustu","status":"publish","type":"post","link":"https:\/\/memurunsesi.net\/index.php\/2026\/02\/04\/yuksekova-van-karayolunda-faciadan-donuldu-dev-kayalar-yola-dustu\/","title":{"rendered":"Y\u00fcksekova-Van karayolunda faciadan d\u00f6n\u00fcld\u00fc: Dev kayalar yola d\u00fc\u015ft\u00fc"},"content":{"rendered":"<p>Y\u00fcksekova-Van karayolunda dev kaya par\u00e7alar\u0131 yola d\u00fc\u015ft\u00fc. S\u00fcr\u00fcc\u00fcler facian\u0131n e\u015fi\u011finden d\u00f6nd\u00fc.<br \/>\nEdinilen bilgiye g\u00f6re olay, ak\u015fam saatlerinde Y\u00fcksekova-Van karayolunun 25. kilometresinde meydana geldi. B\u00f6lgede mevsim normallerinin \u00fczerinde seyreden hava s\u0131cakl\u0131\u011f\u0131, da\u011f yama\u00e7lar\u0131ndaki kar \u00f6rt\u00fcs\u00fcn\u00fcn h\u0131zla erimesine yol a\u00e7t\u0131. Eriyen kar sular\u0131n\u0131n gev\u015fetti\u011fi toprak ve kaya k\u00fctleleri, b\u00fcy\u00fck bir g\u00fcr\u00fclt\u00fcyle karayoluna yuvarland\u0131.<br \/>\nHaber verilmesi \u00fczerine b\u00f6lgeye Karayollar\u0131 117. \u015eube \u015eefli\u011fi ekipleri s\u00fcratle sevk edildi. \u0130\u015f makineleri e\u015fli\u011finde ba\u015flat\u0131lan temizlik \u00e7al\u0131\u015fmalar\u0131, devam eden kaya d\u00fc\u015fmesi riski nedeniyle kontroll\u00fc bir \u015fekilde y\u00fcr\u00fct\u00fcl\u00fcyor.<\/p>\n<p>&#8220;B\u00fcy\u00fck bir tehlike atlatt\u0131k&#8221;<br \/>\nOlay an\u0131nda g\u00fczergahta seyir halinde olan Cahit Yi\u011fit, &#8220;Bir anda da\u011fdan kopan dev k\u00fctlelerin yola indi\u011fini g\u00f6rd\u00fck. Ta\u015flar\u0131n hedefi olmaktan saniyelerle kurtulduk, b\u00fcy\u00fck bir tehlike atlatt\u0131k. Ula\u015f\u0131m tamamen durma noktas\u0131na geldi&#8221; dedi.<\/p>\n<p>S\u00fcr\u00fcc\u00fclere &#8220;s\u0131cakl\u0131k&#8221; uyar\u0131s\u0131<br \/>\n\u00d6te yandan yetkililer, b\u00f6lgedeki h\u0131zl\u0131 s\u0131cakl\u0131k art\u0131\u015f\u0131na dikkat \u00e7ekerek, benzer olaylar\u0131n ya\u015fanabilece\u011fi konusunda s\u00fcr\u00fcc\u00fcleri uyard\u0131. Karayolunda ula\u015f\u0131m\u0131n tamamen normale d\u00f6nmesi i\u00e7in \u00e7al\u0131\u015fmalar\u0131n aral\u0131ks\u0131z s\u00fcrd\u00fc\u011f\u00fc bildirildi.<\/p>\n<p>4.02.2026<\/p>\n","protected":false},"excerpt":{"rendered":"<p>Y\u00fcksekova-Van karayolunda dev kaya par\u00e7alar\u0131 yola d\u00fc\u015ft\u00fc. S\u00fcr\u00fcc\u00fcler facian\u0131n e\u015fi\u011finden d\u00f6nd\u00fc. Edinilen bilgiye g\u00f6re olay, ak\u015fam saatlerinde Y\u00fcksekova-Van karayolunun 25. kilometresinde meydana geldi. B\u00f6lgede mevsim normallerinin \u00fczerinde seyreden hava s\u0131cakl\u0131\u011f\u0131, da\u011f yama\u00e7lar\u0131ndaki kar \u00f6rt\u00fcs\u00fcn\u00fcn h\u0131zla erimesine yol a\u00e7t\u0131. Eriyen kar sular\u0131n\u0131n gev\u015fetti\u011fi toprak ve kaya k\u00fctleleri, b\u00fcy\u00fck bir g\u00fcr\u00fclt\u00fcyle karayoluna yuvarland\u0131. Haber verilmesi \u00fczerine b\u00f6lgeye [&hellip;]<\/p>\n","protected":false},"author":1,"featured_media":17188,"comment_status":"open","ping_status":"open","sticky":false,"template":"","format":"standard","meta":{"footnotes":""},"categories":[45],"tags":[1096,1095,1097],"class_list":["post-17187","post","type-post","status-publish","format-standard","has-post-thumbnail","hentry","category-gundem","tag-dev-kaya-parcalari","tag-heyelan","tag-yola-dustu"],"yoast_head":"<!-- This site is optimized with the Yoast SEO plugin v27.4 - https:\/\/yoast.com\/product\/yoast-seo-wordpress\/ -->\n<title>Y\u00fcksekova-Van karayolunda faciadan d\u00f6n\u00fcld\u00fc: Dev kayalar yola d\u00fc\u015ft\u00fc - Memurun Sesi<\/title>\n<meta name=\"description\" content=\"Y\u00fcksekova-Van karayolunda dev kaya par\u00e7alar\u0131 yola d\u00fc\u015ft\u00fc. S\u00fcr\u00fcc\u00fcler facian\u0131n e\u015fi\u011finden d\u00f6nd\u00fc.\" \/>\n<meta name=\"robots\" content=\"index, follow, max-snippet:-1, max-image-preview:large, max-video-preview:-1\" \/>\n<link rel=\"canonical\" href=\"https:\/\/memurunsesi.net\/index.php\/2026\/02\/04\/yuksekova-van-karayolunda-faciadan-donuldu-dev-kayalar-yola-dustu\/\" \/>\n<meta property=\"og:locale\" content=\"tr_TR\" \/>\n<meta property=\"og:type\" content=\"article\" \/>\n<meta property=\"og:title\" content=\"Y\u00fcksekova-Van karayolunda faciadan d\u00f6n\u00fcld\u00fc: Dev kayalar yola d\u00fc\u015ft\u00fc - Memurun Sesi\" \/>\n<meta property=\"og:description\" content=\"Y\u00fcksekova-Van karayolunda dev kaya par\u00e7alar\u0131 yola d\u00fc\u015ft\u00fc. S\u00fcr\u00fcc\u00fcler facian\u0131n e\u015fi\u011finden d\u00f6nd\u00fc.\" \/>\n<meta property=\"og:url\" content=\"https:\/\/memurunsesi.net\/index.php\/2026\/02\/04\/yuksekova-van-karayolunda-faciadan-donuldu-dev-kayalar-yola-dustu\/\" \/>\n<meta property=\"og:site_name\" content=\"Memurun Sesi\" \/>\n<meta property=\"article:publisher\" content=\"https:\/\/www.facebook.com\/unipersen\/?locale=tr_TR\" \/>\n<meta property=\"article:published_time\" content=\"2026-02-04T16:01:41+00:00\" \/>\n<meta property=\"og:image\" content=\"https:\/\/memurunsesi.net\/wp-content\/uploads\/2026\/02\/kaya.jpg\" \/>\n\t<meta property=\"og:image:width\" content=\"1290\" \/>\n\t<meta property=\"og:image:height\" content=\"835\" \/>\n\t<meta property=\"og:image:type\" content=\"image\/jpeg\" \/>\n<meta name=\"author\" content=\"Memurun Sesi Haber Merkezi\" \/>\n<meta name=\"twitter:card\" content=\"summary_large_image\" \/>\n<meta name=\"twitter:creator\" content=\"@unipersen\" \/>\n<meta name=\"twitter:site\" content=\"@unipersen\" \/>\n<meta name=\"twitter:label1\" content=\"Yazan:\" \/>\n\t<meta name=\"twitter:data1\" content=\"Memurun Sesi Haber Merkezi\" \/>\n\t<meta name=\"twitter:label2\" content=\"Tahmini okuma s\u00fcresi\" \/>\n\t<meta name=\"twitter:data2\" content=\"2 dakika\" \/>\n<script type=\"application\/ld+json\" class=\"yoast-schema-graph\">{\"@context\":\"https:\\\/\\\/schema.org\",\"@graph\":[{\"@type\":\"Article\",\"@id\":\"https:\\\/\\\/memurunsesi.net\\\/index.php\\\/2026\\\/02\\\/04\\\/yuksekova-van-karayolunda-faciadan-donuldu-dev-kayalar-yola-dustu\\\/#article\",\"isPartOf\":{\"@id\":\"https:\\\/\\\/memurunsesi.net\\\/index.php\\\/2026\\\/02\\\/04\\\/yuksekova-van-karayolunda-faciadan-donuldu-dev-kayalar-yola-dustu\\\/\"},\"author\":{\"name\":\"Memurun Sesi Haber Merkezi\",\"@id\":\"https:\\\/\\\/memurunsesi.net\\\/#\\\/schema\\\/person\\\/f21c2d73b89f6ee1d80b0a1803e38587\"},\"headline\":\"Y\u00fcksekova-Van karayolunda faciadan d\u00f6n\u00fcld\u00fc: Dev kayalar yola d\u00fc\u015ft\u00fc\",\"datePublished\":\"2026-02-04T16:01:41+00:00\",\"mainEntityOfPage\":{\"@id\":\"https:\\\/\\\/memurunsesi.net\\\/index.php\\\/2026\\\/02\\\/04\\\/yuksekova-van-karayolunda-faciadan-donuldu-dev-kayalar-yola-dustu\\\/\"},\"wordCount\":241,\"commentCount\":0,\"publisher\":{\"@id\":\"https:\\\/\\\/memurunsesi.net\\\/#organization\"},\"image\":{\"@id\":\"https:\\\/\\\/memurunsesi.net\\\/index.php\\\/2026\\\/02\\\/04\\\/yuksekova-van-karayolunda-faciadan-donuldu-dev-kayalar-yola-dustu\\\/#primaryimage\"},\"thumbnailUrl\":\"https:\\\/\\\/memurunsesi.net\\\/wp-content\\\/uploads\\\/2026\\\/02\\\/kaya.jpg\",\"keywords\":[\"dev kaya par\u00e7alar\u0131\",\"heyelan\",\"yola d\u00fc\u015ft\u00fc\"],\"articleSection\":[\"G\u00fcndem\"],\"inLanguage\":\"tr\",\"potentialAction\":[{\"@type\":\"CommentAction\",\"name\":\"Comment\",\"target\":[\"https:\\\/\\\/memurunsesi.net\\\/index.php\\\/2026\\\/02\\\/04\\\/yuksekova-van-karayolunda-faciadan-donuldu-dev-kayalar-yola-dustu\\\/#respond\"]}]},{\"@type\":\"WebPage\",\"@id\":\"https:\\\/\\\/memurunsesi.net\\\/index.php\\\/2026\\\/02\\\/04\\\/yuksekova-van-karayolunda-faciadan-donuldu-dev-kayalar-yola-dustu\\\/\",\"url\":\"https:\\\/\\\/memurunsesi.net\\\/index.php\\\/2026\\\/02\\\/04\\\/yuksekova-van-karayolunda-faciadan-donuldu-dev-kayalar-yola-dustu\\\/\",\"name\":\"Y\u00fcksekova-Van karayolunda faciadan d\u00f6n\u00fcld\u00fc: Dev kayalar yola d\u00fc\u015ft\u00fc - Memurun Sesi\",\"isPartOf\":{\"@id\":\"https:\\\/\\\/memurunsesi.net\\\/#website\"},\"primaryImageOfPage\":{\"@id\":\"https:\\\/\\\/memurunsesi.net\\\/index.php\\\/2026\\\/02\\\/04\\\/yuksekova-van-karayolunda-faciadan-donuldu-dev-kayalar-yola-dustu\\\/#primaryimage\"},\"image\":{\"@id\":\"https:\\\/\\\/memurunsesi.net\\\/index.php\\\/2026\\\/02\\\/04\\\/yuksekova-van-karayolunda-faciadan-donuldu-dev-kayalar-yola-dustu\\\/#primaryimage\"},\"thumbnailUrl\":\"https:\\\/\\\/memurunsesi.net\\\/wp-content\\\/uploads\\\/2026\\\/02\\\/kaya.jpg\",\"datePublished\":\"2026-02-04T16:01:41+00:00\",\"description\":\"Y\u00fcksekova-Van karayolunda dev kaya par\u00e7alar\u0131 yola d\u00fc\u015ft\u00fc. S\u00fcr\u00fcc\u00fcler facian\u0131n e\u015fi\u011finden d\u00f6nd\u00fc.\",\"breadcrumb\":{\"@id\":\"https:\\\/\\\/memurunsesi.net\\\/index.php\\\/2026\\\/02\\\/04\\\/yuksekova-van-karayolunda-faciadan-donuldu-dev-kayalar-yola-dustu\\\/#breadcrumb\"},\"inLanguage\":\"tr\",\"potentialAction\":[{\"@type\":\"ReadAction\",\"target\":[\"https:\\\/\\\/memurunsesi.net\\\/index.php\\\/2026\\\/02\\\/04\\\/yuksekova-van-karayolunda-faciadan-donuldu-dev-kayalar-yola-dustu\\\/\"]}]},{\"@type\":\"ImageObject\",\"inLanguage\":\"tr\",\"@id\":\"https:\\\/\\\/memurunsesi.net\\\/index.php\\\/2026\\\/02\\\/04\\\/yuksekova-van-karayolunda-faciadan-donuldu-dev-kayalar-yola-dustu\\\/#primaryimage\",\"url\":\"https:\\\/\\\/memurunsesi.net\\\/wp-content\\\/uploads\\\/2026\\\/02\\\/kaya.jpg\",\"contentUrl\":\"https:\\\/\\\/memurunsesi.net\\\/wp-content\\\/uploads\\\/2026\\\/02\\\/kaya.jpg\",\"width\":1290,\"height\":835,\"caption\":\"Y\u00dcKSEKOVA-VAN KARAYOLUNDA, ER\u0130YEN KAR SULARININ TET\u0130KLED\u0130\u011e\u0130 HEYELAN SONUCU DEV KAYA PAR\u00c7ALARI YOLA SAVRULDU. \u015eANS ESER\u0130 CAN KAYBI YA\u015eANMAYAN OLAYDA, S\u00dcR\u00dcC\u00dcLER FAC\u0130ANIN E\u015e\u0130\u011e\u0130NDEN D\u00d6ND\u00dc. (MET\u0130N TEK\\\/HAKKAR\u0130-\u0130HA) Y\u00fcksekova-Van karayolunda dev kaya par\u00e7alar\u0131 yola d\u00fc\u015ft\u00fc. S\u00fcr\u00fcc\u00fcler facian\u0131n e\u015fi\u011finden d\u00f6nd\u00fc.\"},{\"@type\":\"BreadcrumbList\",\"@id\":\"https:\\\/\\\/memurunsesi.net\\\/index.php\\\/2026\\\/02\\\/04\\\/yuksekova-van-karayolunda-faciadan-donuldu-dev-kayalar-yola-dustu\\\/#breadcrumb\",\"itemListElement\":[{\"@type\":\"ListItem\",\"position\":1,\"name\":\"Anasayfa\",\"item\":\"https:\\\/\\\/memurunsesi.net\\\/\"},{\"@type\":\"ListItem\",\"position\":2,\"name\":\"Y\u00fcksekova-Van karayolunda faciadan d\u00f6n\u00fcld\u00fc: Dev kayalar yola d\u00fc\u015ft\u00fc\"}]},{\"@type\":\"WebSite\",\"@id\":\"https:\\\/\\\/memurunsesi.net\\\/#website\",\"url\":\"https:\\\/\\\/memurunsesi.net\\\/\",\"name\":\"Memurun Sesi\",\"description\":\"G\u00fcncel ve Do\u011fru Haber\",\"publisher\":{\"@id\":\"https:\\\/\\\/memurunsesi.net\\\/#organization\"},\"potentialAction\":[{\"@type\":\"SearchAction\",\"target\":{\"@type\":\"EntryPoint\",\"urlTemplate\":\"https:\\\/\\\/memurunsesi.net\\\/?s={search_term_string}\"},\"query-input\":{\"@type\":\"PropertyValueSpecification\",\"valueRequired\":true,\"valueName\":\"search_term_string\"}}],\"inLanguage\":\"tr\"},{\"@type\":\"Organization\",\"@id\":\"https:\\\/\\\/memurunsesi.net\\\/#organization\",\"name\":\"Memurun Sesi\",\"url\":\"https:\\\/\\\/memurunsesi.net\\\/\",\"logo\":{\"@type\":\"ImageObject\",\"inLanguage\":\"tr\",\"@id\":\"https:\\\/\\\/memurunsesi.net\\\/#\\\/schema\\\/logo\\\/image\\\/\",\"url\":\"https:\\\/\\\/memurunsesi.net\\\/wp-content\\\/uploads\\\/2025\\\/11\\\/cropped-MEMURUN-SESI.png\",\"contentUrl\":\"https:\\\/\\\/memurunsesi.net\\\/wp-content\\\/uploads\\\/2025\\\/11\\\/cropped-MEMURUN-SESI.png\",\"width\":238,\"height\":57,\"caption\":\"Memurun Sesi\"},\"image\":{\"@id\":\"https:\\\/\\\/memurunsesi.net\\\/#\\\/schema\\\/logo\\\/image\\\/\"},\"sameAs\":[\"https:\\\/\\\/www.facebook.com\\\/unipersen\\\/?locale=tr_TR\",\"https:\\\/\\\/x.com\\\/unipersen\"]},{\"@type\":\"Person\",\"@id\":\"https:\\\/\\\/memurunsesi.net\\\/#\\\/schema\\\/person\\\/f21c2d73b89f6ee1d80b0a1803e38587\",\"name\":\"Memurun Sesi Haber Merkezi\",\"image\":{\"@type\":\"ImageObject\",\"inLanguage\":\"tr\",\"@id\":\"https:\\\/\\\/secure.gravatar.com\\\/avatar\\\/6cf0505f452ee753f485014986fab09a434671d2b919ee76fc541025c5876a70?s=96&d=mm&r=g\",\"url\":\"https:\\\/\\\/secure.gravatar.com\\\/avatar\\\/6cf0505f452ee753f485014986fab09a434671d2b919ee76fc541025c5876a70?s=96&d=mm&r=g\",\"contentUrl\":\"https:\\\/\\\/secure.gravatar.com\\\/avatar\\\/6cf0505f452ee753f485014986fab09a434671d2b919ee76fc541025c5876a70?s=96&d=mm&r=g\",\"caption\":\"Memurun Sesi Haber Merkezi\"},\"sameAs\":[\"https:\\\/\\\/memurunsesi.net\"],\"url\":\"https:\\\/\\\/memurunsesi.net\\\/index.php\\\/author\\\/uniper\\\/\"}]}<\/script>\n<!-- \/ Yoast SEO plugin. -->","yoast_head_json":{"title":"Y\u00fcksekova-Van karayolunda faciadan d\u00f6n\u00fcld\u00fc: Dev kayalar yola d\u00fc\u015ft\u00fc - Memurun Sesi","description":"Y\u00fcksekova-Van karayolunda dev kaya par\u00e7alar\u0131 yola d\u00fc\u015ft\u00fc. S\u00fcr\u00fcc\u00fcler facian\u0131n e\u015fi\u011finden d\u00f6nd\u00fc.","robots":{"index":"index","follow":"follow","max-snippet":"max-snippet:-1","max-image-preview":"max-image-preview:large","max-video-preview":"max-video-preview:-1"},"canonical":"https:\/\/memurunsesi.net\/index.php\/2026\/02\/04\/yuksekova-van-karayolunda-faciadan-donuldu-dev-kayalar-yola-dustu\/","og_locale":"tr_TR","og_type":"article","og_title":"Y\u00fcksekova-Van karayolunda faciadan d\u00f6n\u00fcld\u00fc: Dev kayalar yola d\u00fc\u015ft\u00fc - Memurun Sesi","og_description":"Y\u00fcksekova-Van karayolunda dev kaya par\u00e7alar\u0131 yola d\u00fc\u015ft\u00fc. S\u00fcr\u00fcc\u00fcler facian\u0131n e\u015fi\u011finden d\u00f6nd\u00fc.","og_url":"https:\/\/memurunsesi.net\/index.php\/2026\/02\/04\/yuksekova-van-karayolunda-faciadan-donuldu-dev-kayalar-yola-dustu\/","og_site_name":"Memurun Sesi","article_publisher":"https:\/\/www.facebook.com\/unipersen\/?locale=tr_TR","article_published_time":"2026-02-04T16:01:41+00:00","og_image":[{"width":1290,"height":835,"url":"https:\/\/memurunsesi.net\/wp-content\/uploads\/2026\/02\/kaya.jpg","type":"image\/jpeg"}],"author":"Memurun Sesi Haber Merkezi","twitter_card":"summary_large_image","twitter_creator":"@unipersen","twitter_site":"@unipersen","twitter_misc":{"Yazan:":"Memurun Sesi Haber Merkezi","Tahmini okuma s\u00fcresi":"2 dakika"},"schema":{"@context":"https:\/\/schema.org","@graph":[{"@type":"Article","@id":"https:\/\/memurunsesi.net\/index.php\/2026\/02\/04\/yuksekova-van-karayolunda-faciadan-donuldu-dev-kayalar-yola-dustu\/#article","isPartOf":{"@id":"https:\/\/memurunsesi.net\/index.php\/2026\/02\/04\/yuksekova-van-karayolunda-faciadan-donuldu-dev-kayalar-yola-dustu\/"},"author":{"name":"Memurun Sesi Haber Merkezi","@id":"https:\/\/memurunsesi.net\/#\/schema\/person\/f21c2d73b89f6ee1d80b0a1803e38587"},"headline":"Y\u00fcksekova-Van karayolunda faciadan d\u00f6n\u00fcld\u00fc: Dev kayalar yola d\u00fc\u015ft\u00fc","datePublished":"2026-02-04T16:01:41+00:00","mainEntityOfPage":{"@id":"https:\/\/memurunsesi.net\/index.php\/2026\/02\/04\/yuksekova-van-karayolunda-faciadan-donuldu-dev-kayalar-yola-dustu\/"},"wordCount":241,"commentCount":0,"publisher":{"@id":"https:\/\/memurunsesi.net\/#organization"},"image":{"@id":"https:\/\/memurunsesi.net\/index.php\/2026\/02\/04\/yuksekova-van-karayolunda-faciadan-donuldu-dev-kayalar-yola-dustu\/#primaryimage"},"thumbnailUrl":"https:\/\/memurunsesi.net\/wp-content\/uploads\/2026\/02\/kaya.jpg","keywords":["dev kaya par\u00e7alar\u0131","heyelan","yola d\u00fc\u015ft\u00fc"],"articleSection":["G\u00fcndem"],"inLanguage":"tr","potentialAction":[{"@type":"CommentAction","name":"Comment","target":["https:\/\/memurunsesi.net\/index.php\/2026\/02\/04\/yuksekova-van-karayolunda-faciadan-donuldu-dev-kayalar-yola-dustu\/#respond"]}]},{"@type":"WebPage","@id":"https:\/\/memurunsesi.net\/index.php\/2026\/02\/04\/yuksekova-van-karayolunda-faciadan-donuldu-dev-kayalar-yola-dustu\/","url":"https:\/\/memurunsesi.net\/index.php\/2026\/02\/04\/yuksekova-van-karayolunda-faciadan-donuldu-dev-kayalar-yola-dustu\/","name":"Y\u00fcksekova-Van karayolunda faciadan d\u00f6n\u00fcld\u00fc: Dev kayalar yola d\u00fc\u015ft\u00fc - Memurun Sesi","isPartOf":{"@id":"https:\/\/memurunsesi.net\/#website"},"primaryImageOfPage":{"@id":"https:\/\/memurunsesi.net\/index.php\/2026\/02\/04\/yuksekova-van-karayolunda-faciadan-donuldu-dev-kayalar-yola-dustu\/#primaryimage"},"image":{"@id":"https:\/\/memurunsesi.net\/index.php\/2026\/02\/04\/yuksekova-van-karayolunda-faciadan-donuldu-dev-kayalar-yola-dustu\/#primaryimage"},"thumbnailUrl":"https:\/\/memurunsesi.net\/wp-content\/uploads\/2026\/02\/kaya.jpg","datePublished":"2026-02-04T16:01:41+00:00","description":"Y\u00fcksekova-Van karayolunda dev kaya par\u00e7alar\u0131 yola d\u00fc\u015ft\u00fc. S\u00fcr\u00fcc\u00fcler facian\u0131n e\u015fi\u011finden d\u00f6nd\u00fc.","breadcrumb":{"@id":"https:\/\/memurunsesi.net\/index.php\/2026\/02\/04\/yuksekova-van-karayolunda-faciadan-donuldu-dev-kayalar-yola-dustu\/#breadcrumb"},"inLanguage":"tr","potentialAction":[{"@type":"ReadAction","target":["https:\/\/memurunsesi.net\/index.php\/2026\/02\/04\/yuksekova-van-karayolunda-faciadan-donuldu-dev-kayalar-yola-dustu\/"]}]},{"@type":"ImageObject","inLanguage":"tr","@id":"https:\/\/memurunsesi.net\/index.php\/2026\/02\/04\/yuksekova-van-karayolunda-faciadan-donuldu-dev-kayalar-yola-dustu\/#primaryimage","url":"https:\/\/memurunsesi.net\/wp-content\/uploads\/2026\/02\/kaya.jpg","contentUrl":"https:\/\/memurunsesi.net\/wp-content\/uploads\/2026\/02\/kaya.jpg","width":1290,"height":835,"caption":"Y\u00dcKSEKOVA-VAN KARAYOLUNDA, ER\u0130YEN KAR SULARININ TET\u0130KLED\u0130\u011e\u0130 HEYELAN SONUCU DEV KAYA PAR\u00c7ALARI YOLA SAVRULDU. \u015eANS ESER\u0130 CAN KAYBI YA\u015eANMAYAN OLAYDA, S\u00dcR\u00dcC\u00dcLER FAC\u0130ANIN E\u015e\u0130\u011e\u0130NDEN D\u00d6ND\u00dc. (MET\u0130N TEK\/HAKKAR\u0130-\u0130HA) Y\u00fcksekova-Van karayolunda dev kaya par\u00e7alar\u0131 yola d\u00fc\u015ft\u00fc. S\u00fcr\u00fcc\u00fcler facian\u0131n e\u015fi\u011finden d\u00f6nd\u00fc."},{"@type":"BreadcrumbList","@id":"https:\/\/memurunsesi.net\/index.php\/2026\/02\/04\/yuksekova-van-karayolunda-faciadan-donuldu-dev-kayalar-yola-dustu\/#breadcrumb","itemListElement":[{"@type":"ListItem","position":1,"name":"Anasayfa","item":"https:\/\/memurunsesi.net\/"},{"@type":"ListItem","position":2,"name":"Y\u00fcksekova-Van karayolunda faciadan d\u00f6n\u00fcld\u00fc: Dev kayalar yola d\u00fc\u015ft\u00fc"}]},{"@type":"WebSite","@id":"https:\/\/memurunsesi.net\/#website","url":"https:\/\/memurunsesi.net\/","name":"Memurun Sesi","description":"G\u00fcncel ve Do\u011fru Haber","publisher":{"@id":"https:\/\/memurunsesi.net\/#organization"},"potentialAction":[{"@type":"SearchAction","target":{"@type":"EntryPoint","urlTemplate":"https:\/\/memurunsesi.net\/?s={search_term_string}"},"query-input":{"@type":"PropertyValueSpecification","valueRequired":true,"valueName":"search_term_string"}}],"inLanguage":"tr"},{"@type":"Organization","@id":"https:\/\/memurunsesi.net\/#organization","name":"Memurun Sesi","url":"https:\/\/memurunsesi.net\/","logo":{"@type":"ImageObject","inLanguage":"tr","@id":"https:\/\/memurunsesi.net\/#\/schema\/logo\/image\/","url":"https:\/\/memurunsesi.net\/wp-content\/uploads\/2025\/11\/cropped-MEMURUN-SESI.png","contentUrl":"https:\/\/memurunsesi.net\/wp-content\/uploads\/2025\/11\/cropped-MEMURUN-SESI.png","width":238,"height":57,"caption":"Memurun Sesi"},"image":{"@id":"https:\/\/memurunsesi.net\/#\/schema\/logo\/image\/"},"sameAs":["https:\/\/www.facebook.com\/unipersen\/?locale=tr_TR","https:\/\/x.com\/unipersen"]},{"@type":"Person","@id":"https:\/\/memurunsesi.net\/#\/schema\/person\/f21c2d73b89f6ee1d80b0a1803e38587","name":"Memurun Sesi Haber Merkezi","image":{"@type":"ImageObject","inLanguage":"tr","@id":"https:\/\/secure.gravatar.com\/avatar\/6cf0505f452ee753f485014986fab09a434671d2b919ee76fc541025c5876a70?s=96&d=mm&r=g","url":"https:\/\/secure.gravatar.com\/avatar\/6cf0505f452ee753f485014986fab09a434671d2b919ee76fc541025c5876a70?s=96&d=mm&r=g","contentUrl":"https:\/\/secure.gravatar.com\/avatar\/6cf0505f452ee753f485014986fab09a434671d2b919ee76fc541025c5876a70?s=96&d=mm&r=g","caption":"Memurun Sesi Haber Merkezi"},"sameAs":["https:\/\/memurunsesi.net"],"url":"https:\/\/memurunsesi.net\/index.php\/author\/uniper\/"}]}},"_links":{"self":[{"href":"https:\/\/memurunsesi.net\/index.php\/wp-json\/wp\/v2\/posts\/17187","targetHints":{"allow":["GET"]}}],"collection":[{"href":"https:\/\/memurunsesi.net\/index.php\/wp-json\/wp\/v2\/posts"}],"about":[{"href":"https:\/\/memurunsesi.net\/index.php\/wp-json\/wp\/v2\/types\/post"}],"author":[{"embeddable":true,"href":"https:\/\/memurunsesi.net\/index.php\/wp-json\/wp\/v2\/users\/1"}],"replies":[{"embeddable":true,"href":"https:\/\/memurunsesi.net\/index.php\/wp-json\/wp\/v2\/comments?post=17187"}],"version-history":[{"count":1,"href":"https:\/\/memurunsesi.net\/index.php\/wp-json\/wp\/v2\/posts\/17187\/revisions"}],"predecessor-version":[{"id":17189,"href":"https:\/\/memurunsesi.net\/index.php\/wp-json\/wp\/v2\/posts\/17187\/revisions\/17189"}],"wp:featuredmedia":[{"embeddable":true,"href":"https:\/\/memurunsesi.net\/index.php\/wp-json\/wp\/v2\/media\/17188"}],"wp:attachment":[{"href":"https:\/\/memurunsesi.net\/index.php\/wp-json\/wp\/v2\/media?parent=17187"}],"wp:term":[{"taxonomy":"category","embeddable":true,"href":"https:\/\/memurunsesi.net\/index.php\/wp-json\/wp\/v2\/categories?post=17187"},{"taxonomy":"post_tag","embeddable":true,"href":"https:\/\/memurunsesi.net\/index.php\/wp-json\/wp\/v2\/tags?post=17187"}],"curies":[{"name":"wp","href":"https:\/\/api.w.org\/{rel}","templated":true}]}}