{"id":17190,"date":"2026-02-04T19:04:27","date_gmt":"2026-02-04T16:04:27","guid":{"rendered":"https:\/\/memurunsesi.net\/?p=17190"},"modified":"2026-02-04T19:04:27","modified_gmt":"2026-02-04T16:04:27","slug":"konyasporda-cagdas-atan-ile-yollar-ayrildi","status":"publish","type":"post","link":"https:\/\/memurunsesi.net\/index.php\/2026\/02\/04\/konyasporda-cagdas-atan-ile-yollar-ayrildi\/","title":{"rendered":"Konyaspor&#8217;da, \u00c7a\u011fda\u015f Atan ile yollar ayr\u0131ld\u0131"},"content":{"rendered":"<p>Konyaspor Teknik Direkt\u00f6r \u00c7a\u011fda\u015f Atan ile yollar\u0131n\u0131 ay\u0131rd\u0131.<br \/>\nTrendyol S\u00fcper Lig&#8217;de bu sezon ald\u0131\u011f\u0131 k\u00f6t\u00fc sonu\u00e7larla alt s\u0131ralarda yer alan Konyaspor&#8217;da bir ayr\u0131l\u0131k ya\u015fand\u0131.<br \/>\nLigde son oynanan ma\u00e7ta Be\u015fikta\u015f&#8217;a 2-1 ma\u011flup olan ye\u015fil-beyazl\u0131lar, Teknik Direkt\u00f6r \u00c7a\u011fda\u015f Atan ile yollar\u0131n ayr\u0131lmas\u0131 karar\u0131 ald\u0131.<br \/>\n\u00c7a\u011fda\u015f Atan, S\u00fcper Lig&#8217;de Konyaspor&#8217;un ba\u015f\u0131nda \u00e7\u0131kt\u0131\u011f\u0131 9 ma\u00e7ta 5 beraberlik, 4 ma\u011flubiyet ald\u0131. Konyaspor bu ma\u00e7larda 6 gol atarken, kalesinde ise 15 gol g\u00f6rd\u00fc. \u00c7a\u011fda\u015f Atan&#8217;\u0131n Konyaspor&#8217;u Ziraat T\u00fcrkiye Kupas\u0131 4. Tur ma\u00e7\u0131nda Mu\u015f Spor&#8217;u 4-1 ma\u011flup etti. Grup ma\u00e7lar\u0131nda ise Antalyaspor&#8217;u 1-0, Bodrum FK&#8217;y\u0131 da 2-1 ma\u011flup etti.<\/p>\n<p>4.02.2026<\/p>\n","protected":false},"excerpt":{"rendered":"<p>Konyaspor Teknik Direkt\u00f6r \u00c7a\u011fda\u015f Atan ile yollar\u0131n\u0131 ay\u0131rd\u0131. Trendyol S\u00fcper Lig&#8217;de bu sezon ald\u0131\u011f\u0131 k\u00f6t\u00fc sonu\u00e7larla alt s\u0131ralarda yer alan Konyaspor&#8217;da bir ayr\u0131l\u0131k ya\u015fand\u0131. Ligde son oynanan ma\u00e7ta Be\u015fikta\u015f&#8217;a 2-1 ma\u011flup olan ye\u015fil-beyazl\u0131lar, Teknik Direkt\u00f6r \u00c7a\u011fda\u015f Atan ile yollar\u0131n ayr\u0131lmas\u0131 karar\u0131 ald\u0131. \u00c7a\u011fda\u015f Atan, S\u00fcper Lig&#8217;de Konyaspor&#8217;un ba\u015f\u0131nda \u00e7\u0131kt\u0131\u011f\u0131 9 ma\u00e7ta 5 beraberlik, 4 ma\u011flubiyet [&hellip;]<\/p>\n","protected":false},"author":1,"featured_media":17191,"comment_status":"open","ping_status":"open","sticky":false,"template":"","format":"standard","meta":{"footnotes":""},"categories":[57],"tags":[1099,1098],"class_list":["post-17190","post","type-post","status-publish","format-standard","has-post-thumbnail","hentry","category-spor","tag-ayrilik","tag-konya-spor"],"yoast_head":"<!-- This site is optimized with the Yoast SEO plugin v27.4 - https:\/\/yoast.com\/product\/yoast-seo-wordpress\/ -->\n<title>Konyaspor&#039;da, \u00c7a\u011fda\u015f Atan ile yollar ayr\u0131ld\u0131 - Memurun Sesi<\/title>\n<meta name=\"description\" content=\"Trendyol S\u00fcper Lig&#039;de bu sezon ald\u0131\u011f\u0131 k\u00f6t\u00fc sonu\u00e7larla alt s\u0131ralarda yer alan Konyaspor&#039;da bir ayr\u0131l\u0131k ya\u015fand\u0131.\" \/>\n<meta name=\"robots\" content=\"index, follow, max-snippet:-1, max-image-preview:large, max-video-preview:-1\" \/>\n<link rel=\"canonical\" href=\"https:\/\/memurunsesi.net\/index.php\/2026\/02\/04\/konyasporda-cagdas-atan-ile-yollar-ayrildi\/\" \/>\n<meta property=\"og:locale\" content=\"tr_TR\" \/>\n<meta property=\"og:type\" content=\"article\" \/>\n<meta property=\"og:title\" content=\"Konyaspor&#039;da, \u00c7a\u011fda\u015f Atan ile yollar ayr\u0131ld\u0131 - Memurun Sesi\" \/>\n<meta property=\"og:description\" content=\"Trendyol S\u00fcper Lig&#039;de bu sezon ald\u0131\u011f\u0131 k\u00f6t\u00fc sonu\u00e7larla alt s\u0131ralarda yer alan Konyaspor&#039;da bir ayr\u0131l\u0131k ya\u015fand\u0131.\" \/>\n<meta property=\"og:url\" content=\"https:\/\/memurunsesi.net\/index.php\/2026\/02\/04\/konyasporda-cagdas-atan-ile-yollar-ayrildi\/\" \/>\n<meta property=\"og:site_name\" content=\"Memurun Sesi\" \/>\n<meta property=\"article:publisher\" content=\"https:\/\/www.facebook.com\/unipersen\/?locale=tr_TR\" \/>\n<meta property=\"article:published_time\" content=\"2026-02-04T16:04:27+00:00\" \/>\n<meta property=\"og:image\" content=\"https:\/\/memurunsesi.net\/wp-content\/uploads\/2026\/02\/konya-scaled.jpg\" \/>\n\t<meta property=\"og:image:width\" content=\"2560\" \/>\n\t<meta property=\"og:image:height\" content=\"1707\" \/>\n\t<meta property=\"og:image:type\" content=\"image\/jpeg\" \/>\n<meta name=\"author\" content=\"Memurun Sesi Haber Merkezi\" \/>\n<meta name=\"twitter:card\" content=\"summary_large_image\" \/>\n<meta name=\"twitter:creator\" content=\"@unipersen\" \/>\n<meta name=\"twitter:site\" content=\"@unipersen\" \/>\n<meta name=\"twitter:label1\" content=\"Yazan:\" \/>\n\t<meta name=\"twitter:data1\" content=\"Memurun Sesi Haber Merkezi\" \/>\n\t<meta name=\"twitter:label2\" content=\"Tahmini okuma s\u00fcresi\" \/>\n\t<meta name=\"twitter:data2\" content=\"1 dakika\" \/>\n<script type=\"application\/ld+json\" class=\"yoast-schema-graph\">{\"@context\":\"https:\\\/\\\/schema.org\",\"@graph\":[{\"@type\":\"Article\",\"@id\":\"https:\\\/\\\/memurunsesi.net\\\/index.php\\\/2026\\\/02\\\/04\\\/konyasporda-cagdas-atan-ile-yollar-ayrildi\\\/#article\",\"isPartOf\":{\"@id\":\"https:\\\/\\\/memurunsesi.net\\\/index.php\\\/2026\\\/02\\\/04\\\/konyasporda-cagdas-atan-ile-yollar-ayrildi\\\/\"},\"author\":{\"name\":\"Memurun Sesi Haber Merkezi\",\"@id\":\"https:\\\/\\\/memurunsesi.net\\\/#\\\/schema\\\/person\\\/f21c2d73b89f6ee1d80b0a1803e38587\"},\"headline\":\"Konyaspor&#8217;da, \u00c7a\u011fda\u015f Atan ile yollar ayr\u0131ld\u0131\",\"datePublished\":\"2026-02-04T16:04:27+00:00\",\"mainEntityOfPage\":{\"@id\":\"https:\\\/\\\/memurunsesi.net\\\/index.php\\\/2026\\\/02\\\/04\\\/konyasporda-cagdas-atan-ile-yollar-ayrildi\\\/\"},\"wordCount\":139,\"commentCount\":0,\"publisher\":{\"@id\":\"https:\\\/\\\/memurunsesi.net\\\/#organization\"},\"image\":{\"@id\":\"https:\\\/\\\/memurunsesi.net\\\/index.php\\\/2026\\\/02\\\/04\\\/konyasporda-cagdas-atan-ile-yollar-ayrildi\\\/#primaryimage\"},\"thumbnailUrl\":\"https:\\\/\\\/memurunsesi.net\\\/wp-content\\\/uploads\\\/2026\\\/02\\\/konya-scaled.jpg\",\"keywords\":[\"ayr\u0131l\u0131k\",\"konya spor\"],\"articleSection\":[\"Spor\"],\"inLanguage\":\"tr\",\"potentialAction\":[{\"@type\":\"CommentAction\",\"name\":\"Comment\",\"target\":[\"https:\\\/\\\/memurunsesi.net\\\/index.php\\\/2026\\\/02\\\/04\\\/konyasporda-cagdas-atan-ile-yollar-ayrildi\\\/#respond\"]}]},{\"@type\":\"WebPage\",\"@id\":\"https:\\\/\\\/memurunsesi.net\\\/index.php\\\/2026\\\/02\\\/04\\\/konyasporda-cagdas-atan-ile-yollar-ayrildi\\\/\",\"url\":\"https:\\\/\\\/memurunsesi.net\\\/index.php\\\/2026\\\/02\\\/04\\\/konyasporda-cagdas-atan-ile-yollar-ayrildi\\\/\",\"name\":\"Konyaspor'da, \u00c7a\u011fda\u015f Atan ile yollar ayr\u0131ld\u0131 - Memurun Sesi\",\"isPartOf\":{\"@id\":\"https:\\\/\\\/memurunsesi.net\\\/#website\"},\"primaryImageOfPage\":{\"@id\":\"https:\\\/\\\/memurunsesi.net\\\/index.php\\\/2026\\\/02\\\/04\\\/konyasporda-cagdas-atan-ile-yollar-ayrildi\\\/#primaryimage\"},\"image\":{\"@id\":\"https:\\\/\\\/memurunsesi.net\\\/index.php\\\/2026\\\/02\\\/04\\\/konyasporda-cagdas-atan-ile-yollar-ayrildi\\\/#primaryimage\"},\"thumbnailUrl\":\"https:\\\/\\\/memurunsesi.net\\\/wp-content\\\/uploads\\\/2026\\\/02\\\/konya-scaled.jpg\",\"datePublished\":\"2026-02-04T16:04:27+00:00\",\"description\":\"Trendyol S\u00fcper Lig'de bu sezon ald\u0131\u011f\u0131 k\u00f6t\u00fc sonu\u00e7larla alt s\u0131ralarda yer alan Konyaspor'da bir ayr\u0131l\u0131k ya\u015fand\u0131.\",\"breadcrumb\":{\"@id\":\"https:\\\/\\\/memurunsesi.net\\\/index.php\\\/2026\\\/02\\\/04\\\/konyasporda-cagdas-atan-ile-yollar-ayrildi\\\/#breadcrumb\"},\"inLanguage\":\"tr\",\"potentialAction\":[{\"@type\":\"ReadAction\",\"target\":[\"https:\\\/\\\/memurunsesi.net\\\/index.php\\\/2026\\\/02\\\/04\\\/konyasporda-cagdas-atan-ile-yollar-ayrildi\\\/\"]}]},{\"@type\":\"ImageObject\",\"inLanguage\":\"tr\",\"@id\":\"https:\\\/\\\/memurunsesi.net\\\/index.php\\\/2026\\\/02\\\/04\\\/konyasporda-cagdas-atan-ile-yollar-ayrildi\\\/#primaryimage\",\"url\":\"https:\\\/\\\/memurunsesi.net\\\/wp-content\\\/uploads\\\/2026\\\/02\\\/konya-scaled.jpg\",\"contentUrl\":\"https:\\\/\\\/memurunsesi.net\\\/wp-content\\\/uploads\\\/2026\\\/02\\\/konya-scaled.jpg\",\"width\":2560,\"height\":1707,\"caption\":\"KONYASPOR TEKN\u0130K D\u0130REKT\u00d6R \u00c7A\u011eDA\u015e ATAN \u0130LE YOLLARI AYIRDI. (HAL\u0130L \u0130BRAH\u0130M TAHA TA\u015e\\\/KONYA-\u0130HA) Konyaspor Teknik Direkt\u00f6r \u00c7a\u011fda\u015f Atan ile yollar\u0131n\u0131 ay\u0131rd\u0131.\"},{\"@type\":\"BreadcrumbList\",\"@id\":\"https:\\\/\\\/memurunsesi.net\\\/index.php\\\/2026\\\/02\\\/04\\\/konyasporda-cagdas-atan-ile-yollar-ayrildi\\\/#breadcrumb\",\"itemListElement\":[{\"@type\":\"ListItem\",\"position\":1,\"name\":\"Anasayfa\",\"item\":\"https:\\\/\\\/memurunsesi.net\\\/\"},{\"@type\":\"ListItem\",\"position\":2,\"name\":\"Konyaspor&#8217;da, \u00c7a\u011fda\u015f Atan ile yollar ayr\u0131ld\u0131\"}]},{\"@type\":\"WebSite\",\"@id\":\"https:\\\/\\\/memurunsesi.net\\\/#website\",\"url\":\"https:\\\/\\\/memurunsesi.net\\\/\",\"name\":\"Memurun Sesi\",\"description\":\"G\u00fcncel ve Do\u011fru Haber\",\"publisher\":{\"@id\":\"https:\\\/\\\/memurunsesi.net\\\/#organization\"},\"potentialAction\":[{\"@type\":\"SearchAction\",\"target\":{\"@type\":\"EntryPoint\",\"urlTemplate\":\"https:\\\/\\\/memurunsesi.net\\\/?s={search_term_string}\"},\"query-input\":{\"@type\":\"PropertyValueSpecification\",\"valueRequired\":true,\"valueName\":\"search_term_string\"}}],\"inLanguage\":\"tr\"},{\"@type\":\"Organization\",\"@id\":\"https:\\\/\\\/memurunsesi.net\\\/#organization\",\"name\":\"Memurun Sesi\",\"url\":\"https:\\\/\\\/memurunsesi.net\\\/\",\"logo\":{\"@type\":\"ImageObject\",\"inLanguage\":\"tr\",\"@id\":\"https:\\\/\\\/memurunsesi.net\\\/#\\\/schema\\\/logo\\\/image\\\/\",\"url\":\"https:\\\/\\\/memurunsesi.net\\\/wp-content\\\/uploads\\\/2025\\\/11\\\/cropped-MEMURUN-SESI.png\",\"contentUrl\":\"https:\\\/\\\/memurunsesi.net\\\/wp-content\\\/uploads\\\/2025\\\/11\\\/cropped-MEMURUN-SESI.png\",\"width\":238,\"height\":57,\"caption\":\"Memurun Sesi\"},\"image\":{\"@id\":\"https:\\\/\\\/memurunsesi.net\\\/#\\\/schema\\\/logo\\\/image\\\/\"},\"sameAs\":[\"https:\\\/\\\/www.facebook.com\\\/unipersen\\\/?locale=tr_TR\",\"https:\\\/\\\/x.com\\\/unipersen\"]},{\"@type\":\"Person\",\"@id\":\"https:\\\/\\\/memurunsesi.net\\\/#\\\/schema\\\/person\\\/f21c2d73b89f6ee1d80b0a1803e38587\",\"name\":\"Memurun Sesi Haber Merkezi\",\"image\":{\"@type\":\"ImageObject\",\"inLanguage\":\"tr\",\"@id\":\"https:\\\/\\\/secure.gravatar.com\\\/avatar\\\/6cf0505f452ee753f485014986fab09a434671d2b919ee76fc541025c5876a70?s=96&d=mm&r=g\",\"url\":\"https:\\\/\\\/secure.gravatar.com\\\/avatar\\\/6cf0505f452ee753f485014986fab09a434671d2b919ee76fc541025c5876a70?s=96&d=mm&r=g\",\"contentUrl\":\"https:\\\/\\\/secure.gravatar.com\\\/avatar\\\/6cf0505f452ee753f485014986fab09a434671d2b919ee76fc541025c5876a70?s=96&d=mm&r=g\",\"caption\":\"Memurun Sesi Haber Merkezi\"},\"sameAs\":[\"https:\\\/\\\/memurunsesi.net\"],\"url\":\"https:\\\/\\\/memurunsesi.net\\\/index.php\\\/author\\\/uniper\\\/\"}]}<\/script>\n<!-- \/ Yoast SEO plugin. -->","yoast_head_json":{"title":"Konyaspor'da, \u00c7a\u011fda\u015f Atan ile yollar ayr\u0131ld\u0131 - Memurun Sesi","description":"Trendyol S\u00fcper Lig'de bu sezon ald\u0131\u011f\u0131 k\u00f6t\u00fc sonu\u00e7larla alt s\u0131ralarda yer alan Konyaspor'da bir ayr\u0131l\u0131k ya\u015fand\u0131.","robots":{"index":"index","follow":"follow","max-snippet":"max-snippet:-1","max-image-preview":"max-image-preview:large","max-video-preview":"max-video-preview:-1"},"canonical":"https:\/\/memurunsesi.net\/index.php\/2026\/02\/04\/konyasporda-cagdas-atan-ile-yollar-ayrildi\/","og_locale":"tr_TR","og_type":"article","og_title":"Konyaspor'da, \u00c7a\u011fda\u015f Atan ile yollar ayr\u0131ld\u0131 - Memurun Sesi","og_description":"Trendyol S\u00fcper Lig'de bu sezon ald\u0131\u011f\u0131 k\u00f6t\u00fc sonu\u00e7larla alt s\u0131ralarda yer alan Konyaspor'da bir ayr\u0131l\u0131k ya\u015fand\u0131.","og_url":"https:\/\/memurunsesi.net\/index.php\/2026\/02\/04\/konyasporda-cagdas-atan-ile-yollar-ayrildi\/","og_site_name":"Memurun Sesi","article_publisher":"https:\/\/www.facebook.com\/unipersen\/?locale=tr_TR","article_published_time":"2026-02-04T16:04:27+00:00","og_image":[{"width":2560,"height":1707,"url":"https:\/\/memurunsesi.net\/wp-content\/uploads\/2026\/02\/konya-scaled.jpg","type":"image\/jpeg"}],"author":"Memurun Sesi Haber Merkezi","twitter_card":"summary_large_image","twitter_creator":"@unipersen","twitter_site":"@unipersen","twitter_misc":{"Yazan:":"Memurun Sesi Haber Merkezi","Tahmini okuma s\u00fcresi":"1 dakika"},"schema":{"@context":"https:\/\/schema.org","@graph":[{"@type":"Article","@id":"https:\/\/memurunsesi.net\/index.php\/2026\/02\/04\/konyasporda-cagdas-atan-ile-yollar-ayrildi\/#article","isPartOf":{"@id":"https:\/\/memurunsesi.net\/index.php\/2026\/02\/04\/konyasporda-cagdas-atan-ile-yollar-ayrildi\/"},"author":{"name":"Memurun Sesi Haber Merkezi","@id":"https:\/\/memurunsesi.net\/#\/schema\/person\/f21c2d73b89f6ee1d80b0a1803e38587"},"headline":"Konyaspor&#8217;da, \u00c7a\u011fda\u015f Atan ile yollar ayr\u0131ld\u0131","datePublished":"2026-02-04T16:04:27+00:00","mainEntityOfPage":{"@id":"https:\/\/memurunsesi.net\/index.php\/2026\/02\/04\/konyasporda-cagdas-atan-ile-yollar-ayrildi\/"},"wordCount":139,"commentCount":0,"publisher":{"@id":"https:\/\/memurunsesi.net\/#organization"},"image":{"@id":"https:\/\/memurunsesi.net\/index.php\/2026\/02\/04\/konyasporda-cagdas-atan-ile-yollar-ayrildi\/#primaryimage"},"thumbnailUrl":"https:\/\/memurunsesi.net\/wp-content\/uploads\/2026\/02\/konya-scaled.jpg","keywords":["ayr\u0131l\u0131k","konya spor"],"articleSection":["Spor"],"inLanguage":"tr","potentialAction":[{"@type":"CommentAction","name":"Comment","target":["https:\/\/memurunsesi.net\/index.php\/2026\/02\/04\/konyasporda-cagdas-atan-ile-yollar-ayrildi\/#respond"]}]},{"@type":"WebPage","@id":"https:\/\/memurunsesi.net\/index.php\/2026\/02\/04\/konyasporda-cagdas-atan-ile-yollar-ayrildi\/","url":"https:\/\/memurunsesi.net\/index.php\/2026\/02\/04\/konyasporda-cagdas-atan-ile-yollar-ayrildi\/","name":"Konyaspor'da, \u00c7a\u011fda\u015f Atan ile yollar ayr\u0131ld\u0131 - Memurun Sesi","isPartOf":{"@id":"https:\/\/memurunsesi.net\/#website"},"primaryImageOfPage":{"@id":"https:\/\/memurunsesi.net\/index.php\/2026\/02\/04\/konyasporda-cagdas-atan-ile-yollar-ayrildi\/#primaryimage"},"image":{"@id":"https:\/\/memurunsesi.net\/index.php\/2026\/02\/04\/konyasporda-cagdas-atan-ile-yollar-ayrildi\/#primaryimage"},"thumbnailUrl":"https:\/\/memurunsesi.net\/wp-content\/uploads\/2026\/02\/konya-scaled.jpg","datePublished":"2026-02-04T16:04:27+00:00","description":"Trendyol S\u00fcper Lig'de bu sezon ald\u0131\u011f\u0131 k\u00f6t\u00fc sonu\u00e7larla alt s\u0131ralarda yer alan Konyaspor'da bir ayr\u0131l\u0131k ya\u015fand\u0131.","breadcrumb":{"@id":"https:\/\/memurunsesi.net\/index.php\/2026\/02\/04\/konyasporda-cagdas-atan-ile-yollar-ayrildi\/#breadcrumb"},"inLanguage":"tr","potentialAction":[{"@type":"ReadAction","target":["https:\/\/memurunsesi.net\/index.php\/2026\/02\/04\/konyasporda-cagdas-atan-ile-yollar-ayrildi\/"]}]},{"@type":"ImageObject","inLanguage":"tr","@id":"https:\/\/memurunsesi.net\/index.php\/2026\/02\/04\/konyasporda-cagdas-atan-ile-yollar-ayrildi\/#primaryimage","url":"https:\/\/memurunsesi.net\/wp-content\/uploads\/2026\/02\/konya-scaled.jpg","contentUrl":"https:\/\/memurunsesi.net\/wp-content\/uploads\/2026\/02\/konya-scaled.jpg","width":2560,"height":1707,"caption":"KONYASPOR TEKN\u0130K D\u0130REKT\u00d6R \u00c7A\u011eDA\u015e ATAN \u0130LE YOLLARI AYIRDI. (HAL\u0130L \u0130BRAH\u0130M TAHA TA\u015e\/KONYA-\u0130HA) Konyaspor Teknik Direkt\u00f6r \u00c7a\u011fda\u015f Atan ile yollar\u0131n\u0131 ay\u0131rd\u0131."},{"@type":"BreadcrumbList","@id":"https:\/\/memurunsesi.net\/index.php\/2026\/02\/04\/konyasporda-cagdas-atan-ile-yollar-ayrildi\/#breadcrumb","itemListElement":[{"@type":"ListItem","position":1,"name":"Anasayfa","item":"https:\/\/memurunsesi.net\/"},{"@type":"ListItem","position":2,"name":"Konyaspor&#8217;da, \u00c7a\u011fda\u015f Atan ile yollar ayr\u0131ld\u0131"}]},{"@type":"WebSite","@id":"https:\/\/memurunsesi.net\/#website","url":"https:\/\/memurunsesi.net\/","name":"Memurun Sesi","description":"G\u00fcncel ve Do\u011fru Haber","publisher":{"@id":"https:\/\/memurunsesi.net\/#organization"},"potentialAction":[{"@type":"SearchAction","target":{"@type":"EntryPoint","urlTemplate":"https:\/\/memurunsesi.net\/?s={search_term_string}"},"query-input":{"@type":"PropertyValueSpecification","valueRequired":true,"valueName":"search_term_string"}}],"inLanguage":"tr"},{"@type":"Organization","@id":"https:\/\/memurunsesi.net\/#organization","name":"Memurun Sesi","url":"https:\/\/memurunsesi.net\/","logo":{"@type":"ImageObject","inLanguage":"tr","@id":"https:\/\/memurunsesi.net\/#\/schema\/logo\/image\/","url":"https:\/\/memurunsesi.net\/wp-content\/uploads\/2025\/11\/cropped-MEMURUN-SESI.png","contentUrl":"https:\/\/memurunsesi.net\/wp-content\/uploads\/2025\/11\/cropped-MEMURUN-SESI.png","width":238,"height":57,"caption":"Memurun Sesi"},"image":{"@id":"https:\/\/memurunsesi.net\/#\/schema\/logo\/image\/"},"sameAs":["https:\/\/www.facebook.com\/unipersen\/?locale=tr_TR","https:\/\/x.com\/unipersen"]},{"@type":"Person","@id":"https:\/\/memurunsesi.net\/#\/schema\/person\/f21c2d73b89f6ee1d80b0a1803e38587","name":"Memurun Sesi Haber Merkezi","image":{"@type":"ImageObject","inLanguage":"tr","@id":"https:\/\/secure.gravatar.com\/avatar\/6cf0505f452ee753f485014986fab09a434671d2b919ee76fc541025c5876a70?s=96&d=mm&r=g","url":"https:\/\/secure.gravatar.com\/avatar\/6cf0505f452ee753f485014986fab09a434671d2b919ee76fc541025c5876a70?s=96&d=mm&r=g","contentUrl":"https:\/\/secure.gravatar.com\/avatar\/6cf0505f452ee753f485014986fab09a434671d2b919ee76fc541025c5876a70?s=96&d=mm&r=g","caption":"Memurun Sesi Haber Merkezi"},"sameAs":["https:\/\/memurunsesi.net"],"url":"https:\/\/memurunsesi.net\/index.php\/author\/uniper\/"}]}},"_links":{"self":[{"href":"https:\/\/memurunsesi.net\/index.php\/wp-json\/wp\/v2\/posts\/17190","targetHints":{"allow":["GET"]}}],"collection":[{"href":"https:\/\/memurunsesi.net\/index.php\/wp-json\/wp\/v2\/posts"}],"about":[{"href":"https:\/\/memurunsesi.net\/index.php\/wp-json\/wp\/v2\/types\/post"}],"author":[{"embeddable":true,"href":"https:\/\/memurunsesi.net\/index.php\/wp-json\/wp\/v2\/users\/1"}],"replies":[{"embeddable":true,"href":"https:\/\/memurunsesi.net\/index.php\/wp-json\/wp\/v2\/comments?post=17190"}],"version-history":[{"count":1,"href":"https:\/\/memurunsesi.net\/index.php\/wp-json\/wp\/v2\/posts\/17190\/revisions"}],"predecessor-version":[{"id":17192,"href":"https:\/\/memurunsesi.net\/index.php\/wp-json\/wp\/v2\/posts\/17190\/revisions\/17192"}],"wp:featuredmedia":[{"embeddable":true,"href":"https:\/\/memurunsesi.net\/index.php\/wp-json\/wp\/v2\/media\/17191"}],"wp:attachment":[{"href":"https:\/\/memurunsesi.net\/index.php\/wp-json\/wp\/v2\/media?parent=17190"}],"wp:term":[{"taxonomy":"category","embeddable":true,"href":"https:\/\/memurunsesi.net\/index.php\/wp-json\/wp\/v2\/categories?post=17190"},{"taxonomy":"post_tag","embeddable":true,"href":"https:\/\/memurunsesi.net\/index.php\/wp-json\/wp\/v2\/tags?post=17190"}],"curies":[{"name":"wp","href":"https:\/\/api.w.org\/{rel}","templated":true}]}}