{"id":17259,"date":"2026-02-06T22:01:05","date_gmt":"2026-02-06T19:01:05","guid":{"rendered":"https:\/\/memurunsesi.net\/?p=17259"},"modified":"2026-02-06T22:01:05","modified_gmt":"2026-02-06T19:01:05","slug":"cumhurbaskanligindan-sozlesmeliden-kadroya-gecis-icin-kurumlara-yazi","status":"publish","type":"post","link":"https:\/\/memurunsesi.net\/index.php\/2026\/02\/06\/cumhurbaskanligindan-sozlesmeliden-kadroya-gecis-icin-kurumlara-yazi\/","title":{"rendered":"Cumhurba\u015fkanl\u0131\u011f\u0131ndan s\u00f6zle\u015fmeliden kadroya ge\u00e7i\u015f i\u00e7in kurumlara yaz\u0131"},"content":{"rendered":"<p data-start=\"156\" data-end=\"400\">\u00a0 \u00a0 Cumhurba\u015fkanl\u0131\u011f\u0131 Personel ve Prensipler Genel M\u00fcd\u00fcrl\u00fc\u011f\u00fc, 657 say\u0131l\u0131 Devlet Memurlar\u0131 Kanunu\u2019nun 4\/B maddesi kapsam\u0131nda g\u00f6rev yapan s\u00f6zle\u015fmeli personelin kadroya ge\u00e7irilmesine ili\u015fkin usul ve esaslar\u0131 i\u00e7eren bir yaz\u0131y\u0131 kamu kurumlar\u0131na g\u00f6nderdi.<\/p>\n<p data-start=\"402\" data-end=\"575\">G\u00f6nderilen yaz\u0131da, <strong data-start=\"421\" data-end=\"493\">29 Kas\u0131m 2022 tarihinden sonra g\u00f6reve ba\u015flayan s\u00f6zle\u015fmeli personelin<\/strong> kadroya ge\u00e7i\u015f s\u00fcrecine ili\u015fkin uygulanacak kriterler ayr\u0131nt\u0131l\u0131 \u015fekilde a\u00e7\u0131kland\u0131.<\/p>\n<h3 data-start=\"577\" data-end=\"607\"><strong data-start=\"581\" data-end=\"607\">\u00dc\u00e7 y\u0131l \u015fart\u0131 getirildi<\/strong><\/h3>\n<p data-start=\"609\" data-end=\"667\">Buna g\u00f6re s\u00f6zle\u015fmeli personelin kadroya atanabilmesi i\u00e7in;<\/p>\n<ul data-start=\"669\" data-end=\"869\">\n<li data-start=\"669\" data-end=\"726\">\n<p data-start=\"671\" data-end=\"726\">Ayn\u0131 kurumda <strong data-start=\"684\" data-end=\"723\">en az \u00fc\u00e7 y\u0131l fiilen \u00e7al\u0131\u015fm\u0131\u015f olmas\u0131<\/strong>,<\/p>\n<\/li>\n<li data-start=\"727\" data-end=\"795\">\n<p data-start=\"729\" data-end=\"795\">Kadroya ge\u00e7i\u015f i\u00e7in <strong data-start=\"748\" data-end=\"792\">30 g\u00fcn i\u00e7inde yaz\u0131l\u0131 ba\u015fvuruda bulunmas\u0131<\/strong>,<\/p>\n<\/li>\n<li data-start=\"796\" data-end=\"869\">\n<p data-start=\"798\" data-end=\"869\">Kurumlar\u0131n atama i\u015flemlerini <strong data-start=\"827\" data-end=\"867\">en ge\u00e7 60 g\u00fcn i\u00e7inde sonu\u00e7land\u0131rmas\u0131<\/strong><\/p>\n<\/li>\n<\/ul>\n<p data-start=\"871\" data-end=\"881\">gerekecek.<\/p>\n<h3 data-start=\"883\" data-end=\"919\"><strong data-start=\"887\" data-end=\"919\">Aday memurluk uygulanmayacak<\/strong><\/h3>\n<p data-start=\"921\" data-end=\"1134\">Yaz\u0131da dikkat \u00e7eken bir di\u011fer d\u00fczenleme ise, kadroya ge\u00e7irilen personele <strong data-start=\"994\" data-end=\"1062\">657 say\u0131l\u0131 Kanun\u2019daki aday memurluk h\u00fck\u00fcmlerinin uygulanmayaca\u011f\u0131<\/strong> oldu. Bu ki\u015filer do\u011frudan asil memur stat\u00fcs\u00fcnde g\u00f6revlerine ba\u015flayacak.<\/p>\n<h3 data-start=\"1136\" data-end=\"1174\"><strong data-start=\"1140\" data-end=\"1174\">Bir y\u0131l yer de\u011fi\u015fikli\u011fi k\u0131s\u0131t\u0131<\/strong><\/h3>\n<p data-start=\"1176\" data-end=\"1335\">Memur kadrosuna atanan personelin, <strong data-start=\"1211\" data-end=\"1306\">can g\u00fcvenli\u011fi ve sa\u011fl\u0131k nedenleri d\u0131\u015f\u0131nda bir y\u0131l s\u00fcreyle g\u00f6rev yerinin de\u011fi\u015ftirilemeyece\u011fi<\/strong> de yaz\u0131da a\u00e7\u0131k\u00e7a belirtildi.<\/p>\n<p data-start=\"1337\" data-end=\"1511\">Cumhurba\u015fkanl\u0131\u011f\u0131\u2019n\u0131n g\u00f6nderdi\u011fi bu yaz\u0131yla birlikte, s\u00f6zle\u015fmeli personelin kadroya ge\u00e7i\u015f s\u00fcrecinin \u00fclke genelinde <strong data-start=\"1451\" data-end=\"1486\">tek tip ve ba\u011flay\u0131c\u0131 kurallarla<\/strong> y\u00fcr\u00fct\u00fclmesi ama\u00e7lan\u0131yor.<\/p>\n<p data-start=\"1513\" data-end=\"1632\" data-is-last-node=\"\" data-is-only-node=\"\">D\u00fczenlemenin, uzun s\u00fcredir s\u00f6zle\u015fmeli stat\u00fcde \u00e7al\u0131\u015fan kamu personeli a\u00e7\u0131s\u0131ndan \u00f6nemli bir g\u00fcvence sa\u011flamas\u0131 bekleniyor.<\/p>\n<p data-start=\"1513\" data-end=\"1632\" data-is-last-node=\"\" data-is-only-node=\"\">06.02.2026<\/p>\n","protected":false},"excerpt":{"rendered":"<p>\u00a0 \u00a0 Cumhurba\u015fkanl\u0131\u011f\u0131 Personel ve Prensipler Genel M\u00fcd\u00fcrl\u00fc\u011f\u00fc, 657 say\u0131l\u0131 Devlet Memurlar\u0131 Kanunu\u2019nun 4\/B maddesi kapsam\u0131nda g\u00f6rev yapan s\u00f6zle\u015fmeli personelin kadroya ge\u00e7irilmesine ili\u015fkin usul ve esaslar\u0131 i\u00e7eren bir yaz\u0131y\u0131 kamu kurumlar\u0131na g\u00f6nderdi. G\u00f6nderilen yaz\u0131da, 29 Kas\u0131m 2022 tarihinden sonra g\u00f6reve ba\u015flayan s\u00f6zle\u015fmeli personelin kadroya ge\u00e7i\u015f s\u00fcrecine ili\u015fkin uygulanacak kriterler ayr\u0131nt\u0131l\u0131 \u015fekilde a\u00e7\u0131kland\u0131. \u00dc\u00e7 y\u0131l \u015fart\u0131 [&hellip;]<\/p>\n","protected":false},"author":1,"featured_media":17261,"comment_status":"open","ping_status":"open","sticky":false,"template":"","format":"standard","meta":{"footnotes":""},"categories":[1],"tags":[1132],"class_list":["post-17259","post","type-post","status-publish","format-standard","has-post-thumbnail","hentry","category-genel","tag-4-b-sozlesmeli-personel"],"yoast_head":"<!-- This site is optimized with the Yoast SEO plugin v27.4 - https:\/\/yoast.com\/product\/yoast-seo-wordpress\/ -->\n<title>Cumhurba\u015fkanl\u0131\u011f\u0131ndan s\u00f6zle\u015fmeliden kadroya ge\u00e7i\u015f i\u00e7in kurumlara yaz\u0131 - Memurun Sesi<\/title>\n<meta name=\"description\" content=\"Cumhurba\u015fkanl\u0131\u011f\u0131 Personel ve Prensipler Genel M\u00fcd\u00fcrl\u00fc\u011f\u00fc, 657 say\u0131l\u0131 Devlet Memurlar\u0131 Kanunu\u2019nun 4\/B maddesi kapsam\u0131nda g\u00f6rev yapan s\u00f6zle\u015fmeli personelin kadroya ge\u00e7irilmesine ili\u015fkin usul ve esaslar\u0131 i\u00e7eren bir yaz\u0131y\u0131 kamu kurumlar\u0131na g\u00f6nderdi.\" \/>\n<meta name=\"robots\" content=\"index, follow, max-snippet:-1, max-image-preview:large, max-video-preview:-1\" \/>\n<link rel=\"canonical\" href=\"https:\/\/memurunsesi.net\/index.php\/2026\/02\/06\/cumhurbaskanligindan-sozlesmeliden-kadroya-gecis-icin-kurumlara-yazi\/\" \/>\n<meta property=\"og:locale\" content=\"tr_TR\" \/>\n<meta property=\"og:type\" content=\"article\" \/>\n<meta property=\"og:title\" content=\"Cumhurba\u015fkanl\u0131\u011f\u0131ndan s\u00f6zle\u015fmeliden kadroya ge\u00e7i\u015f i\u00e7in kurumlara yaz\u0131 - Memurun Sesi\" \/>\n<meta property=\"og:description\" content=\"Cumhurba\u015fkanl\u0131\u011f\u0131 Personel ve Prensipler Genel M\u00fcd\u00fcrl\u00fc\u011f\u00fc, 657 say\u0131l\u0131 Devlet Memurlar\u0131 Kanunu\u2019nun 4\/B maddesi kapsam\u0131nda g\u00f6rev yapan s\u00f6zle\u015fmeli personelin kadroya ge\u00e7irilmesine ili\u015fkin usul ve esaslar\u0131 i\u00e7eren bir yaz\u0131y\u0131 kamu kurumlar\u0131na g\u00f6nderdi.\" \/>\n<meta property=\"og:url\" content=\"https:\/\/memurunsesi.net\/index.php\/2026\/02\/06\/cumhurbaskanligindan-sozlesmeliden-kadroya-gecis-icin-kurumlara-yazi\/\" \/>\n<meta property=\"og:site_name\" content=\"Memurun Sesi\" \/>\n<meta property=\"article:publisher\" content=\"https:\/\/www.facebook.com\/unipersen\/?locale=tr_TR\" \/>\n<meta property=\"article:published_time\" content=\"2026-02-06T19:01:05+00:00\" \/>\n<meta property=\"og:image\" content=\"https:\/\/memurunsesi.net\/wp-content\/uploads\/2026\/02\/WhatsApp-Image-2026-02-06-at-21.42.13-1.jpeg\" \/>\n\t<meta property=\"og:image:width\" content=\"1131\" \/>\n\t<meta property=\"og:image:height\" content=\"1600\" \/>\n\t<meta property=\"og:image:type\" content=\"image\/jpeg\" \/>\n<meta name=\"author\" content=\"Memurun Sesi Haber Merkezi\" \/>\n<meta name=\"twitter:card\" content=\"summary_large_image\" \/>\n<meta name=\"twitter:creator\" content=\"@unipersen\" \/>\n<meta name=\"twitter:site\" content=\"@unipersen\" \/>\n<meta name=\"twitter:label1\" content=\"Yazan:\" \/>\n\t<meta name=\"twitter:data1\" content=\"Memurun Sesi Haber Merkezi\" \/>\n\t<meta name=\"twitter:label2\" content=\"Tahmini okuma s\u00fcresi\" \/>\n\t<meta name=\"twitter:data2\" content=\"2 dakika\" \/>\n<script type=\"application\/ld+json\" class=\"yoast-schema-graph\">{\"@context\":\"https:\\\/\\\/schema.org\",\"@graph\":[{\"@type\":\"Article\",\"@id\":\"https:\\\/\\\/memurunsesi.net\\\/index.php\\\/2026\\\/02\\\/06\\\/cumhurbaskanligindan-sozlesmeliden-kadroya-gecis-icin-kurumlara-yazi\\\/#article\",\"isPartOf\":{\"@id\":\"https:\\\/\\\/memurunsesi.net\\\/index.php\\\/2026\\\/02\\\/06\\\/cumhurbaskanligindan-sozlesmeliden-kadroya-gecis-icin-kurumlara-yazi\\\/\"},\"author\":{\"name\":\"Memurun Sesi Haber Merkezi\",\"@id\":\"https:\\\/\\\/memurunsesi.net\\\/#\\\/schema\\\/person\\\/f21c2d73b89f6ee1d80b0a1803e38587\"},\"headline\":\"Cumhurba\u015fkanl\u0131\u011f\u0131ndan s\u00f6zle\u015fmeliden kadroya ge\u00e7i\u015f i\u00e7in kurumlara yaz\u0131\",\"datePublished\":\"2026-02-06T19:01:05+00:00\",\"mainEntityOfPage\":{\"@id\":\"https:\\\/\\\/memurunsesi.net\\\/index.php\\\/2026\\\/02\\\/06\\\/cumhurbaskanligindan-sozlesmeliden-kadroya-gecis-icin-kurumlara-yazi\\\/\"},\"wordCount\":289,\"commentCount\":0,\"publisher\":{\"@id\":\"https:\\\/\\\/memurunsesi.net\\\/#organization\"},\"image\":{\"@id\":\"https:\\\/\\\/memurunsesi.net\\\/index.php\\\/2026\\\/02\\\/06\\\/cumhurbaskanligindan-sozlesmeliden-kadroya-gecis-icin-kurumlara-yazi\\\/#primaryimage\"},\"thumbnailUrl\":\"https:\\\/\\\/memurunsesi.net\\\/wp-content\\\/uploads\\\/2026\\\/02\\\/WhatsApp-Image-2026-02-06-at-21.42.13-1.jpeg\",\"keywords\":[\"4\\\/B s\u00f6zle\u015fmeli personel\"],\"inLanguage\":\"tr\",\"potentialAction\":[{\"@type\":\"CommentAction\",\"name\":\"Comment\",\"target\":[\"https:\\\/\\\/memurunsesi.net\\\/index.php\\\/2026\\\/02\\\/06\\\/cumhurbaskanligindan-sozlesmeliden-kadroya-gecis-icin-kurumlara-yazi\\\/#respond\"]}]},{\"@type\":\"WebPage\",\"@id\":\"https:\\\/\\\/memurunsesi.net\\\/index.php\\\/2026\\\/02\\\/06\\\/cumhurbaskanligindan-sozlesmeliden-kadroya-gecis-icin-kurumlara-yazi\\\/\",\"url\":\"https:\\\/\\\/memurunsesi.net\\\/index.php\\\/2026\\\/02\\\/06\\\/cumhurbaskanligindan-sozlesmeliden-kadroya-gecis-icin-kurumlara-yazi\\\/\",\"name\":\"Cumhurba\u015fkanl\u0131\u011f\u0131ndan s\u00f6zle\u015fmeliden kadroya ge\u00e7i\u015f i\u00e7in kurumlara yaz\u0131 - Memurun Sesi\",\"isPartOf\":{\"@id\":\"https:\\\/\\\/memurunsesi.net\\\/#website\"},\"primaryImageOfPage\":{\"@id\":\"https:\\\/\\\/memurunsesi.net\\\/index.php\\\/2026\\\/02\\\/06\\\/cumhurbaskanligindan-sozlesmeliden-kadroya-gecis-icin-kurumlara-yazi\\\/#primaryimage\"},\"image\":{\"@id\":\"https:\\\/\\\/memurunsesi.net\\\/index.php\\\/2026\\\/02\\\/06\\\/cumhurbaskanligindan-sozlesmeliden-kadroya-gecis-icin-kurumlara-yazi\\\/#primaryimage\"},\"thumbnailUrl\":\"https:\\\/\\\/memurunsesi.net\\\/wp-content\\\/uploads\\\/2026\\\/02\\\/WhatsApp-Image-2026-02-06-at-21.42.13-1.jpeg\",\"datePublished\":\"2026-02-06T19:01:05+00:00\",\"description\":\"Cumhurba\u015fkanl\u0131\u011f\u0131 Personel ve Prensipler Genel M\u00fcd\u00fcrl\u00fc\u011f\u00fc, 657 say\u0131l\u0131 Devlet Memurlar\u0131 Kanunu\u2019nun 4\\\/B maddesi kapsam\u0131nda g\u00f6rev yapan s\u00f6zle\u015fmeli personelin kadroya ge\u00e7irilmesine ili\u015fkin usul ve esaslar\u0131 i\u00e7eren bir yaz\u0131y\u0131 kamu kurumlar\u0131na g\u00f6nderdi.\",\"breadcrumb\":{\"@id\":\"https:\\\/\\\/memurunsesi.net\\\/index.php\\\/2026\\\/02\\\/06\\\/cumhurbaskanligindan-sozlesmeliden-kadroya-gecis-icin-kurumlara-yazi\\\/#breadcrumb\"},\"inLanguage\":\"tr\",\"potentialAction\":[{\"@type\":\"ReadAction\",\"target\":[\"https:\\\/\\\/memurunsesi.net\\\/index.php\\\/2026\\\/02\\\/06\\\/cumhurbaskanligindan-sozlesmeliden-kadroya-gecis-icin-kurumlara-yazi\\\/\"]}]},{\"@type\":\"ImageObject\",\"inLanguage\":\"tr\",\"@id\":\"https:\\\/\\\/memurunsesi.net\\\/index.php\\\/2026\\\/02\\\/06\\\/cumhurbaskanligindan-sozlesmeliden-kadroya-gecis-icin-kurumlara-yazi\\\/#primaryimage\",\"url\":\"https:\\\/\\\/memurunsesi.net\\\/wp-content\\\/uploads\\\/2026\\\/02\\\/WhatsApp-Image-2026-02-06-at-21.42.13-1.jpeg\",\"contentUrl\":\"https:\\\/\\\/memurunsesi.net\\\/wp-content\\\/uploads\\\/2026\\\/02\\\/WhatsApp-Image-2026-02-06-at-21.42.13-1.jpeg\",\"width\":1131,\"height\":1600},{\"@type\":\"BreadcrumbList\",\"@id\":\"https:\\\/\\\/memurunsesi.net\\\/index.php\\\/2026\\\/02\\\/06\\\/cumhurbaskanligindan-sozlesmeliden-kadroya-gecis-icin-kurumlara-yazi\\\/#breadcrumb\",\"itemListElement\":[{\"@type\":\"ListItem\",\"position\":1,\"name\":\"Anasayfa\",\"item\":\"https:\\\/\\\/memurunsesi.net\\\/\"},{\"@type\":\"ListItem\",\"position\":2,\"name\":\"Cumhurba\u015fkanl\u0131\u011f\u0131ndan s\u00f6zle\u015fmeliden kadroya ge\u00e7i\u015f i\u00e7in kurumlara yaz\u0131\"}]},{\"@type\":\"WebSite\",\"@id\":\"https:\\\/\\\/memurunsesi.net\\\/#website\",\"url\":\"https:\\\/\\\/memurunsesi.net\\\/\",\"name\":\"Memurun Sesi\",\"description\":\"G\u00fcncel ve Do\u011fru Haber\",\"publisher\":{\"@id\":\"https:\\\/\\\/memurunsesi.net\\\/#organization\"},\"potentialAction\":[{\"@type\":\"SearchAction\",\"target\":{\"@type\":\"EntryPoint\",\"urlTemplate\":\"https:\\\/\\\/memurunsesi.net\\\/?s={search_term_string}\"},\"query-input\":{\"@type\":\"PropertyValueSpecification\",\"valueRequired\":true,\"valueName\":\"search_term_string\"}}],\"inLanguage\":\"tr\"},{\"@type\":\"Organization\",\"@id\":\"https:\\\/\\\/memurunsesi.net\\\/#organization\",\"name\":\"Memurun Sesi\",\"url\":\"https:\\\/\\\/memurunsesi.net\\\/\",\"logo\":{\"@type\":\"ImageObject\",\"inLanguage\":\"tr\",\"@id\":\"https:\\\/\\\/memurunsesi.net\\\/#\\\/schema\\\/logo\\\/image\\\/\",\"url\":\"https:\\\/\\\/memurunsesi.net\\\/wp-content\\\/uploads\\\/2025\\\/11\\\/cropped-MEMURUN-SESI.png\",\"contentUrl\":\"https:\\\/\\\/memurunsesi.net\\\/wp-content\\\/uploads\\\/2025\\\/11\\\/cropped-MEMURUN-SESI.png\",\"width\":238,\"height\":57,\"caption\":\"Memurun Sesi\"},\"image\":{\"@id\":\"https:\\\/\\\/memurunsesi.net\\\/#\\\/schema\\\/logo\\\/image\\\/\"},\"sameAs\":[\"https:\\\/\\\/www.facebook.com\\\/unipersen\\\/?locale=tr_TR\",\"https:\\\/\\\/x.com\\\/unipersen\"]},{\"@type\":\"Person\",\"@id\":\"https:\\\/\\\/memurunsesi.net\\\/#\\\/schema\\\/person\\\/f21c2d73b89f6ee1d80b0a1803e38587\",\"name\":\"Memurun Sesi Haber Merkezi\",\"image\":{\"@type\":\"ImageObject\",\"inLanguage\":\"tr\",\"@id\":\"https:\\\/\\\/secure.gravatar.com\\\/avatar\\\/6cf0505f452ee753f485014986fab09a434671d2b919ee76fc541025c5876a70?s=96&d=mm&r=g\",\"url\":\"https:\\\/\\\/secure.gravatar.com\\\/avatar\\\/6cf0505f452ee753f485014986fab09a434671d2b919ee76fc541025c5876a70?s=96&d=mm&r=g\",\"contentUrl\":\"https:\\\/\\\/secure.gravatar.com\\\/avatar\\\/6cf0505f452ee753f485014986fab09a434671d2b919ee76fc541025c5876a70?s=96&d=mm&r=g\",\"caption\":\"Memurun Sesi Haber Merkezi\"},\"sameAs\":[\"https:\\\/\\\/memurunsesi.net\"],\"url\":\"https:\\\/\\\/memurunsesi.net\\\/index.php\\\/author\\\/uniper\\\/\"}]}<\/script>\n<!-- \/ Yoast SEO plugin. -->","yoast_head_json":{"title":"Cumhurba\u015fkanl\u0131\u011f\u0131ndan s\u00f6zle\u015fmeliden kadroya ge\u00e7i\u015f i\u00e7in kurumlara yaz\u0131 - Memurun Sesi","description":"Cumhurba\u015fkanl\u0131\u011f\u0131 Personel ve Prensipler Genel M\u00fcd\u00fcrl\u00fc\u011f\u00fc, 657 say\u0131l\u0131 Devlet Memurlar\u0131 Kanunu\u2019nun 4\/B maddesi kapsam\u0131nda g\u00f6rev yapan s\u00f6zle\u015fmeli personelin kadroya ge\u00e7irilmesine ili\u015fkin usul ve esaslar\u0131 i\u00e7eren bir yaz\u0131y\u0131 kamu kurumlar\u0131na g\u00f6nderdi.","robots":{"index":"index","follow":"follow","max-snippet":"max-snippet:-1","max-image-preview":"max-image-preview:large","max-video-preview":"max-video-preview:-1"},"canonical":"https:\/\/memurunsesi.net\/index.php\/2026\/02\/06\/cumhurbaskanligindan-sozlesmeliden-kadroya-gecis-icin-kurumlara-yazi\/","og_locale":"tr_TR","og_type":"article","og_title":"Cumhurba\u015fkanl\u0131\u011f\u0131ndan s\u00f6zle\u015fmeliden kadroya ge\u00e7i\u015f i\u00e7in kurumlara yaz\u0131 - Memurun Sesi","og_description":"Cumhurba\u015fkanl\u0131\u011f\u0131 Personel ve Prensipler Genel M\u00fcd\u00fcrl\u00fc\u011f\u00fc, 657 say\u0131l\u0131 Devlet Memurlar\u0131 Kanunu\u2019nun 4\/B maddesi kapsam\u0131nda g\u00f6rev yapan s\u00f6zle\u015fmeli personelin kadroya ge\u00e7irilmesine ili\u015fkin usul ve esaslar\u0131 i\u00e7eren bir yaz\u0131y\u0131 kamu kurumlar\u0131na g\u00f6nderdi.","og_url":"https:\/\/memurunsesi.net\/index.php\/2026\/02\/06\/cumhurbaskanligindan-sozlesmeliden-kadroya-gecis-icin-kurumlara-yazi\/","og_site_name":"Memurun Sesi","article_publisher":"https:\/\/www.facebook.com\/unipersen\/?locale=tr_TR","article_published_time":"2026-02-06T19:01:05+00:00","og_image":[{"width":1131,"height":1600,"url":"https:\/\/memurunsesi.net\/wp-content\/uploads\/2026\/02\/WhatsApp-Image-2026-02-06-at-21.42.13-1.jpeg","type":"image\/jpeg"}],"author":"Memurun Sesi Haber Merkezi","twitter_card":"summary_large_image","twitter_creator":"@unipersen","twitter_site":"@unipersen","twitter_misc":{"Yazan:":"Memurun Sesi Haber Merkezi","Tahmini okuma s\u00fcresi":"2 dakika"},"schema":{"@context":"https:\/\/schema.org","@graph":[{"@type":"Article","@id":"https:\/\/memurunsesi.net\/index.php\/2026\/02\/06\/cumhurbaskanligindan-sozlesmeliden-kadroya-gecis-icin-kurumlara-yazi\/#article","isPartOf":{"@id":"https:\/\/memurunsesi.net\/index.php\/2026\/02\/06\/cumhurbaskanligindan-sozlesmeliden-kadroya-gecis-icin-kurumlara-yazi\/"},"author":{"name":"Memurun Sesi Haber Merkezi","@id":"https:\/\/memurunsesi.net\/#\/schema\/person\/f21c2d73b89f6ee1d80b0a1803e38587"},"headline":"Cumhurba\u015fkanl\u0131\u011f\u0131ndan s\u00f6zle\u015fmeliden kadroya ge\u00e7i\u015f i\u00e7in kurumlara yaz\u0131","datePublished":"2026-02-06T19:01:05+00:00","mainEntityOfPage":{"@id":"https:\/\/memurunsesi.net\/index.php\/2026\/02\/06\/cumhurbaskanligindan-sozlesmeliden-kadroya-gecis-icin-kurumlara-yazi\/"},"wordCount":289,"commentCount":0,"publisher":{"@id":"https:\/\/memurunsesi.net\/#organization"},"image":{"@id":"https:\/\/memurunsesi.net\/index.php\/2026\/02\/06\/cumhurbaskanligindan-sozlesmeliden-kadroya-gecis-icin-kurumlara-yazi\/#primaryimage"},"thumbnailUrl":"https:\/\/memurunsesi.net\/wp-content\/uploads\/2026\/02\/WhatsApp-Image-2026-02-06-at-21.42.13-1.jpeg","keywords":["4\/B s\u00f6zle\u015fmeli personel"],"inLanguage":"tr","potentialAction":[{"@type":"CommentAction","name":"Comment","target":["https:\/\/memurunsesi.net\/index.php\/2026\/02\/06\/cumhurbaskanligindan-sozlesmeliden-kadroya-gecis-icin-kurumlara-yazi\/#respond"]}]},{"@type":"WebPage","@id":"https:\/\/memurunsesi.net\/index.php\/2026\/02\/06\/cumhurbaskanligindan-sozlesmeliden-kadroya-gecis-icin-kurumlara-yazi\/","url":"https:\/\/memurunsesi.net\/index.php\/2026\/02\/06\/cumhurbaskanligindan-sozlesmeliden-kadroya-gecis-icin-kurumlara-yazi\/","name":"Cumhurba\u015fkanl\u0131\u011f\u0131ndan s\u00f6zle\u015fmeliden kadroya ge\u00e7i\u015f i\u00e7in kurumlara yaz\u0131 - Memurun Sesi","isPartOf":{"@id":"https:\/\/memurunsesi.net\/#website"},"primaryImageOfPage":{"@id":"https:\/\/memurunsesi.net\/index.php\/2026\/02\/06\/cumhurbaskanligindan-sozlesmeliden-kadroya-gecis-icin-kurumlara-yazi\/#primaryimage"},"image":{"@id":"https:\/\/memurunsesi.net\/index.php\/2026\/02\/06\/cumhurbaskanligindan-sozlesmeliden-kadroya-gecis-icin-kurumlara-yazi\/#primaryimage"},"thumbnailUrl":"https:\/\/memurunsesi.net\/wp-content\/uploads\/2026\/02\/WhatsApp-Image-2026-02-06-at-21.42.13-1.jpeg","datePublished":"2026-02-06T19:01:05+00:00","description":"Cumhurba\u015fkanl\u0131\u011f\u0131 Personel ve Prensipler Genel M\u00fcd\u00fcrl\u00fc\u011f\u00fc, 657 say\u0131l\u0131 Devlet Memurlar\u0131 Kanunu\u2019nun 4\/B maddesi kapsam\u0131nda g\u00f6rev yapan s\u00f6zle\u015fmeli personelin kadroya ge\u00e7irilmesine ili\u015fkin usul ve esaslar\u0131 i\u00e7eren bir yaz\u0131y\u0131 kamu kurumlar\u0131na g\u00f6nderdi.","breadcrumb":{"@id":"https:\/\/memurunsesi.net\/index.php\/2026\/02\/06\/cumhurbaskanligindan-sozlesmeliden-kadroya-gecis-icin-kurumlara-yazi\/#breadcrumb"},"inLanguage":"tr","potentialAction":[{"@type":"ReadAction","target":["https:\/\/memurunsesi.net\/index.php\/2026\/02\/06\/cumhurbaskanligindan-sozlesmeliden-kadroya-gecis-icin-kurumlara-yazi\/"]}]},{"@type":"ImageObject","inLanguage":"tr","@id":"https:\/\/memurunsesi.net\/index.php\/2026\/02\/06\/cumhurbaskanligindan-sozlesmeliden-kadroya-gecis-icin-kurumlara-yazi\/#primaryimage","url":"https:\/\/memurunsesi.net\/wp-content\/uploads\/2026\/02\/WhatsApp-Image-2026-02-06-at-21.42.13-1.jpeg","contentUrl":"https:\/\/memurunsesi.net\/wp-content\/uploads\/2026\/02\/WhatsApp-Image-2026-02-06-at-21.42.13-1.jpeg","width":1131,"height":1600},{"@type":"BreadcrumbList","@id":"https:\/\/memurunsesi.net\/index.php\/2026\/02\/06\/cumhurbaskanligindan-sozlesmeliden-kadroya-gecis-icin-kurumlara-yazi\/#breadcrumb","itemListElement":[{"@type":"ListItem","position":1,"name":"Anasayfa","item":"https:\/\/memurunsesi.net\/"},{"@type":"ListItem","position":2,"name":"Cumhurba\u015fkanl\u0131\u011f\u0131ndan s\u00f6zle\u015fmeliden kadroya ge\u00e7i\u015f i\u00e7in kurumlara yaz\u0131"}]},{"@type":"WebSite","@id":"https:\/\/memurunsesi.net\/#website","url":"https:\/\/memurunsesi.net\/","name":"Memurun Sesi","description":"G\u00fcncel ve Do\u011fru Haber","publisher":{"@id":"https:\/\/memurunsesi.net\/#organization"},"potentialAction":[{"@type":"SearchAction","target":{"@type":"EntryPoint","urlTemplate":"https:\/\/memurunsesi.net\/?s={search_term_string}"},"query-input":{"@type":"PropertyValueSpecification","valueRequired":true,"valueName":"search_term_string"}}],"inLanguage":"tr"},{"@type":"Organization","@id":"https:\/\/memurunsesi.net\/#organization","name":"Memurun Sesi","url":"https:\/\/memurunsesi.net\/","logo":{"@type":"ImageObject","inLanguage":"tr","@id":"https:\/\/memurunsesi.net\/#\/schema\/logo\/image\/","url":"https:\/\/memurunsesi.net\/wp-content\/uploads\/2025\/11\/cropped-MEMURUN-SESI.png","contentUrl":"https:\/\/memurunsesi.net\/wp-content\/uploads\/2025\/11\/cropped-MEMURUN-SESI.png","width":238,"height":57,"caption":"Memurun Sesi"},"image":{"@id":"https:\/\/memurunsesi.net\/#\/schema\/logo\/image\/"},"sameAs":["https:\/\/www.facebook.com\/unipersen\/?locale=tr_TR","https:\/\/x.com\/unipersen"]},{"@type":"Person","@id":"https:\/\/memurunsesi.net\/#\/schema\/person\/f21c2d73b89f6ee1d80b0a1803e38587","name":"Memurun Sesi Haber Merkezi","image":{"@type":"ImageObject","inLanguage":"tr","@id":"https:\/\/secure.gravatar.com\/avatar\/6cf0505f452ee753f485014986fab09a434671d2b919ee76fc541025c5876a70?s=96&d=mm&r=g","url":"https:\/\/secure.gravatar.com\/avatar\/6cf0505f452ee753f485014986fab09a434671d2b919ee76fc541025c5876a70?s=96&d=mm&r=g","contentUrl":"https:\/\/secure.gravatar.com\/avatar\/6cf0505f452ee753f485014986fab09a434671d2b919ee76fc541025c5876a70?s=96&d=mm&r=g","caption":"Memurun Sesi Haber Merkezi"},"sameAs":["https:\/\/memurunsesi.net"],"url":"https:\/\/memurunsesi.net\/index.php\/author\/uniper\/"}]}},"_links":{"self":[{"href":"https:\/\/memurunsesi.net\/index.php\/wp-json\/wp\/v2\/posts\/17259","targetHints":{"allow":["GET"]}}],"collection":[{"href":"https:\/\/memurunsesi.net\/index.php\/wp-json\/wp\/v2\/posts"}],"about":[{"href":"https:\/\/memurunsesi.net\/index.php\/wp-json\/wp\/v2\/types\/post"}],"author":[{"embeddable":true,"href":"https:\/\/memurunsesi.net\/index.php\/wp-json\/wp\/v2\/users\/1"}],"replies":[{"embeddable":true,"href":"https:\/\/memurunsesi.net\/index.php\/wp-json\/wp\/v2\/comments?post=17259"}],"version-history":[{"count":1,"href":"https:\/\/memurunsesi.net\/index.php\/wp-json\/wp\/v2\/posts\/17259\/revisions"}],"predecessor-version":[{"id":17262,"href":"https:\/\/memurunsesi.net\/index.php\/wp-json\/wp\/v2\/posts\/17259\/revisions\/17262"}],"wp:featuredmedia":[{"embeddable":true,"href":"https:\/\/memurunsesi.net\/index.php\/wp-json\/wp\/v2\/media\/17261"}],"wp:attachment":[{"href":"https:\/\/memurunsesi.net\/index.php\/wp-json\/wp\/v2\/media?parent=17259"}],"wp:term":[{"taxonomy":"category","embeddable":true,"href":"https:\/\/memurunsesi.net\/index.php\/wp-json\/wp\/v2\/categories?post=17259"},{"taxonomy":"post_tag","embeddable":true,"href":"https:\/\/memurunsesi.net\/index.php\/wp-json\/wp\/v2\/tags?post=17259"}],"curies":[{"name":"wp","href":"https:\/\/api.w.org\/{rel}","templated":true}]}}