{"id":17263,"date":"2026-02-07T09:53:39","date_gmt":"2026-02-07T06:53:39","guid":{"rendered":"https:\/\/memurunsesi.net\/?p=17263"},"modified":"2026-02-07T10:00:21","modified_gmt":"2026-02-07T07:00:21","slug":"galatasaray-caykur-rizespor-deplasmaninda","status":"publish","type":"post","link":"https:\/\/memurunsesi.net\/index.php\/2026\/02\/07\/galatasaray-caykur-rizespor-deplasmaninda\/","title":{"rendered":"Galatasaray, \u00c7aykur Rizespor deplasman\u0131nda"},"content":{"rendered":"<p>&#8211; \u0130ki tak\u0131m 48. randevuda<br \/>\n&#8211; Ligde 8 ma\u00e7l\u0131k yenilmezlik serisi<br \/>\n&#8211; Ligin en golc\u00fc tak\u0131m\u0131<br \/>\n&#8211; Ligde Icardi 10, Osimhen 8 gol att\u0131<br \/>\n&#8211; Gabriel Sara&#8217;dan ligde son 3 ma\u00e7ta 4 gol<br \/>\n&#8211; Mario Lemina cezal\u0131<br \/>\n&#8211; Abd\u00fclkerim Bardakc\u0131 sar\u0131 kart s\u0131n\u0131r\u0131nda<br \/>\n&#8211; Okan Buruk ile Recep U\u00e7ar, 8. kez rakip<br \/>\n&#8211; Ozan Erg\u00fcn d\u00fcd\u00fck \u00e7alacak<\/p>\n<p>Trendyol S\u00fcper Lig&#8217;in 21. haftas\u0131nda Galatasaray yar\u0131n deplasmanda oynayaca\u011f\u0131 \u00c7aykur Rizespor ile ligde 48. kez m\u00fccadele edecek.<br \/>\nTrendyol S\u00fcper Lig&#8217;in 21. haftas\u0131nda Galatasaray yar\u0131n saat 17.00&#8217;de deplasmanda \u00c7aykur Rizespor ile kar\u015f\u0131la\u015facak. Ligde sar\u0131-k\u0131rm\u0131z\u0131l\u0131lar 15 galibiyet, 4 beraberlik ve 1 ma\u011flubiyetle ald\u0131\u011f\u0131 49 puanla liderlik koltu\u011funda bulunuyor. Ye\u015fil-mavililer ise 4 galibiyet, 8 beraberlik ve 8 ma\u011flubiyet sonucunda toplad\u0131\u011f\u0131 20 puanla 12. s\u0131rada yer al\u0131yor.<\/p>\n<p>48. randevu<br \/>\nRizespor ile Galatasaray, S\u00fcper Lig&#8217;de bug\u00fcne kadar 47 kez kar\u015f\u0131 kar\u015f\u0131ya geldi. S\u00f6z konusu m\u00fcsabakalarda sar\u0131-k\u0131rm\u0131z\u0131l\u0131lar 33 kez sahadan 3 puanla ayr\u0131lan taraf oldu. Ye\u015fil-maviler ise rakibini 7 defa ma\u011flup etti. 7 m\u00fccadele de berabere tamamland\u0131. Aslan&#8217;\u0131n 116 gol\u00fcne, Rize ekibi 48 golle kar\u015f\u0131l\u0131k verdi.<br \/>\n\u0130ki tak\u0131m aras\u0131nda ligin ilk yar\u0131s\u0131nda \u0130stanbul&#8217;da oynanan ma\u00e7\u0131 Galatasaray 3-1&#8217;lik skorla kazand\u0131.<\/p>\n<p>Rekabette son 10 m\u00fccadelenin 8&#8217;i Galatasaray&#8217;\u0131n<br \/>\nGalatasaray ile Rizespor aras\u0131ndaki son kar\u015f\u0131la\u015fmalarda sar\u0131-k\u0131rm\u0131z\u0131l\u0131lar\u0131n \u00fcst\u00fcnl\u00fc\u011f\u00fc bulunuyor. \u0130ki tak\u0131m aras\u0131nda S\u00fcper Lig&#8217;de yap\u0131lan son 10 m\u00fcsabakada sar\u0131-k\u0131rm\u0131z\u0131l\u0131lar 8, ye\u015fil-mavililer de 2 galibiyet ald\u0131. Ge\u00e7ti\u011fimiz sezon Rize&#8217;deki m\u00fccadeleden de Okan Buruk&#8217;un \u00f6\u011frencileri, 2-1&#8217;lik skorla sahadan galip ayr\u0131ld\u0131.<\/p>\n<p>Ligde 8 ma\u00e7l\u0131k yenilmezlik serisi<br \/>\nGalatasaray, bu sezon S\u00fcper Lig&#8217;in 12. haftas\u0131nda Kocaelispor&#8217;a deplasmanda 1-0&#8217;l\u0131k skorla kaybettikten sonra yenilmedi. Ligde daha sonra \u00e7\u0131kt\u0131\u011f\u0131 8 kar\u015f\u0131la\u015fmada 6 galibiyet elde eden sar\u0131-k\u0131rm\u0131z\u0131l\u0131lar, 2 kez de berabere kald\u0131. Cimbom, ligde son olarak RAMS Park&#8217;ta Kayserispor&#8217;u 4-0 ma\u011flup etti.<\/p>\n<p>Deplasman karnesi<br \/>\nGalatasaray, S\u00fcper Lig&#8217;de bu sezon deplasmanda 9 ma\u00e7a \u00e7\u0131kt\u0131. Sar\u0131-k\u0131rm\u0131z\u0131l\u0131lar, bu ma\u00e7larda 7 galibiyet, 1 beraberlik ve 1 ma\u011flubiyet al\u0131rken, bu alanda 22 puanla ikinci s\u0131rada yer al\u0131yor. Aslan en son ligde d\u0131\u015f sahada Fatih Karag\u00fcmr\u00fck ile oynad\u0131 ve rakibini 3-1&#8217;lik skorla yendi.<\/p>\n<p>Ligin en golc\u00fc tak\u0131m\u0131<br \/>\nGalatasaray, bu sezon S\u00fcper Lig&#8217;de istatistiklerde de zirvede bulunuyor. Sar\u0131-k\u0131rm\u0131z\u0131l\u0131lar ligde \u00e7\u0131kt\u0131\u011f\u0131 20 m\u00fccadelede rakip fileleri 47 kez havaland\u0131rd\u0131 ve ligin en golc\u00fc tak\u0131m\u0131 olarak yer al\u0131yor. Cimbom, yedi\u011fi 14 golle de G\u00f6ztepe&#8217;nin ard\u0131ndan en az gol yiyen ikinci tak\u0131m konumunda. Aslan ayr\u0131ca +33 ile de en iyi averaja sahip tak\u0131m.<\/p>\n<p>Ligde Icardi 10, Osimhen 8 gol att\u0131<br \/>\nS\u00fcper Lig&#8217;de Galatasaray&#8217;\u0131n golleri, golc\u00fcleri Mauro Icardi ve Victor Osimhen&#8217;den geldi. Sar\u0131-k\u0131rm\u0131z\u0131l\u0131larda Mauro Icardi 10, Victor Osimhen 8, Leroy Sane 6, Bar\u0131\u015f Alper Y\u0131lmaz ve Gabriel Sara 5&#8217;er, Eren Elmal\u0131 ve Yunus Akg\u00fcn 3&#8217;er, \u0130lkay G\u00fcndo\u011fan 2, Lucas Torreira, Davinson Sanchez ve Roland Sallai de 1&#8217;er gol kaydetti. Ayr\u0131ca Fatih Karag\u00fcmr\u00fck ma\u00e7\u0131nda Fatih Kurucuk, Kayserispor kar\u015f\u0131la\u015fmas\u0131nda da Aaron Opoku kendi kalesine att\u0131.<\/p>\n<p>Gabriel Sara&#8217;dan ligde son 3 ma\u00e7ta 4 gol<br \/>\nGalatasaray&#8217;\u0131n Brezilyal\u0131 futbolcusu Gabriel Sara, S\u00fcper Lig&#8217;de g\u00f6rev ald\u0131\u011f\u0131 son 3 m\u00fcsabakada rakip fileleri bo\u015f ge\u00e7medi ve 4 kez havaland\u0131rd\u0131. Bu sezon gol yollar\u0131nda etkili olan Sara, hepsi ligde olmak \u00fczere toplamda 5 kez gol sevinci ya\u015fad\u0131. 26 ya\u015f\u0131ndaki futbolcu ayr\u0131ca 2 de asistle tak\u0131m\u0131na katk\u0131da bulundu.<\/p>\n<p>Mario Lemina cezal\u0131, Abd\u00fclkerim Bardakc\u0131 s\u0131n\u0131rda<br \/>\nGalatasaray&#8217;da Gabonlu futbolcu Mario Lemina, sar\u0131 kart cezas\u0131ndan dolay\u0131 Rizespor kar\u015f\u0131s\u0131nda forma giyemeyecek, Arda \u00dcnyay da sakatl\u0131\u011f\u0131ndan dolay\u0131 kadroda yer almayacak. Sar\u0131-k\u0131rm\u0131z\u0131l\u0131larda ayr\u0131ca Abd\u00fclkerim Bardakc\u0131 da sar\u0131 kart ceza s\u0131n\u0131r\u0131nda yer al\u0131yor. Bardakc\u0131, bu m\u00fccadelede sar\u0131 kart g\u00f6rmesi durumunda 22. haftada RAMS Park&#8217;taki Ey\u00fcpspor ma\u00e7\u0131nda cezal\u0131 olacak. Leroy Sane ile Ahmed Kutucu durumu ise son antrenmandan sonra belli olacak.<\/p>\n<p>Okan Buruk ile Recep U\u00e7ar, 8. kez rakip<br \/>\nGalatasaray Teknik Direkt\u00f6r\u00fc Okan Buruk ile Konyaspor Teknik Direkt\u00f6r\u00fc Recep U\u00e7ar, bug\u00fcne kadar 7 kez rakip oldu. Bu m\u00fccadelelerde Buruk, Galatasaray&#8217;\u0131 \u00e7al\u0131\u015ft\u0131r\u0131rken, U\u00e7ar da \u00dcmraniyespor, Kayserispor ve Konyaspor&#8217;un ba\u015f\u0131ndayd\u0131. Geride kalan 7 ma\u00e7ta Buruk 6 defa kazan\u0131rken, 1 m\u00fcsabakada berabere sona erdi.<\/p>\n<p>Ozan Erg\u00fcn d\u00fcd\u00fck \u00e7alacak<br \/>\n\u00c7aykur Rizespor ile Galatasaray aras\u0131nda oynanacak ma\u00e7\u0131 hakem Ozan Erg\u00fcn y\u00f6netecek. Erg\u00fcn&#8217;\u00fcn yard\u0131mc\u0131l\u0131klar\u0131n\u0131 Bersan Duran ile Suat G\u00fcz yapacak. Ma\u00e7\u0131n d\u00f6rd\u00fcnc\u00fc hakemi ise \u00d6mer Faruk G\u00fcltekin olacak.<\/p>\n<p>7.02.2026<\/p>\n","protected":false},"excerpt":{"rendered":"<p>&#8211; \u0130ki tak\u0131m 48. randevuda &#8211; Ligde 8 ma\u00e7l\u0131k yenilmezlik serisi &#8211; Ligin en golc\u00fc tak\u0131m\u0131 &#8211; Ligde Icardi 10, Osimhen 8 gol att\u0131 &#8211; Gabriel Sara&#8217;dan ligde son 3 ma\u00e7ta 4 gol &#8211; Mario Lemina cezal\u0131 &#8211; Abd\u00fclkerim Bardakc\u0131 sar\u0131 kart s\u0131n\u0131r\u0131nda &#8211; Okan Buruk ile Recep U\u00e7ar, 8. kez rakip &#8211; Ozan Erg\u00fcn [&hellip;]<\/p>\n","protected":false},"author":1,"featured_media":17270,"comment_status":"open","ping_status":"open","sticky":false,"template":"","format":"standard","meta":{"footnotes":""},"categories":[57],"tags":[199,172],"class_list":["post-17263","post","type-post","status-publish","format-standard","has-post-thumbnail","hentry","category-spor","tag-mac","tag-spor"],"yoast_head":"<!-- This site is optimized with the Yoast SEO plugin v27.4 - https:\/\/yoast.com\/product\/yoast-seo-wordpress\/ -->\n<title>Galatasaray, \u00c7aykur Rizespor deplasman\u0131nda - Memurun Sesi<\/title>\n<meta name=\"description\" content=\"Trendyol S\u00fcper Lig&#039;in 21. haftas\u0131nda Galatasaray yar\u0131n deplasmanda oynayaca\u011f\u0131 \u00c7aykur Rizespor ile ligde 48. kez m\u00fccadele edecek.\" \/>\n<meta name=\"robots\" content=\"index, follow, max-snippet:-1, max-image-preview:large, max-video-preview:-1\" \/>\n<link rel=\"canonical\" href=\"https:\/\/memurunsesi.net\/index.php\/2026\/02\/07\/galatasaray-caykur-rizespor-deplasmaninda\/\" \/>\n<meta property=\"og:locale\" content=\"tr_TR\" \/>\n<meta property=\"og:type\" content=\"article\" \/>\n<meta property=\"og:title\" content=\"Galatasaray, \u00c7aykur Rizespor deplasman\u0131nda - Memurun Sesi\" \/>\n<meta property=\"og:description\" content=\"Trendyol S\u00fcper Lig&#039;in 21. haftas\u0131nda Galatasaray yar\u0131n deplasmanda oynayaca\u011f\u0131 \u00c7aykur Rizespor ile ligde 48. kez m\u00fccadele edecek.\" \/>\n<meta property=\"og:url\" content=\"https:\/\/memurunsesi.net\/index.php\/2026\/02\/07\/galatasaray-caykur-rizespor-deplasmaninda\/\" \/>\n<meta property=\"og:site_name\" content=\"Memurun Sesi\" \/>\n<meta property=\"article:publisher\" content=\"https:\/\/www.facebook.com\/unipersen\/?locale=tr_TR\" \/>\n<meta property=\"article:published_time\" content=\"2026-02-07T06:53:39+00:00\" \/>\n<meta property=\"article:modified_time\" content=\"2026-02-07T07:00:21+00:00\" \/>\n<meta property=\"og:image\" content=\"https:\/\/memurunsesi.net\/wp-content\/uploads\/2026\/02\/spor-6-scaled.jpg\" \/>\n\t<meta property=\"og:image:width\" content=\"2560\" \/>\n\t<meta property=\"og:image:height\" content=\"1882\" \/>\n\t<meta property=\"og:image:type\" content=\"image\/jpeg\" \/>\n<meta name=\"author\" content=\"Memurun Sesi Haber Merkezi\" \/>\n<meta name=\"twitter:card\" content=\"summary_large_image\" \/>\n<meta name=\"twitter:creator\" content=\"@unipersen\" \/>\n<meta name=\"twitter:site\" content=\"@unipersen\" \/>\n<meta name=\"twitter:label1\" content=\"Yazan:\" \/>\n\t<meta name=\"twitter:data1\" content=\"Memurun Sesi Haber Merkezi\" \/>\n\t<meta name=\"twitter:label2\" content=\"Tahmini okuma s\u00fcresi\" \/>\n\t<meta name=\"twitter:data2\" content=\"5 dakika\" \/>\n<script type=\"application\/ld+json\" class=\"yoast-schema-graph\">{\"@context\":\"https:\\\/\\\/schema.org\",\"@graph\":[{\"@type\":\"Article\",\"@id\":\"https:\\\/\\\/memurunsesi.net\\\/index.php\\\/2026\\\/02\\\/07\\\/galatasaray-caykur-rizespor-deplasmaninda\\\/#article\",\"isPartOf\":{\"@id\":\"https:\\\/\\\/memurunsesi.net\\\/index.php\\\/2026\\\/02\\\/07\\\/galatasaray-caykur-rizespor-deplasmaninda\\\/\"},\"author\":{\"name\":\"Memurun Sesi Haber Merkezi\",\"@id\":\"https:\\\/\\\/memurunsesi.net\\\/#\\\/schema\\\/person\\\/f21c2d73b89f6ee1d80b0a1803e38587\"},\"headline\":\"Galatasaray, \u00c7aykur Rizespor deplasman\u0131nda\",\"datePublished\":\"2026-02-07T06:53:39+00:00\",\"dateModified\":\"2026-02-07T07:00:21+00:00\",\"mainEntityOfPage\":{\"@id\":\"https:\\\/\\\/memurunsesi.net\\\/index.php\\\/2026\\\/02\\\/07\\\/galatasaray-caykur-rizespor-deplasmaninda\\\/\"},\"wordCount\":818,\"commentCount\":0,\"publisher\":{\"@id\":\"https:\\\/\\\/memurunsesi.net\\\/#organization\"},\"image\":{\"@id\":\"https:\\\/\\\/memurunsesi.net\\\/index.php\\\/2026\\\/02\\\/07\\\/galatasaray-caykur-rizespor-deplasmaninda\\\/#primaryimage\"},\"thumbnailUrl\":\"https:\\\/\\\/memurunsesi.net\\\/wp-content\\\/uploads\\\/2026\\\/02\\\/spor-6-scaled.jpg\",\"keywords\":[\"ma\u00e7\",\"spor\"],\"articleSection\":[\"Spor\"],\"inLanguage\":\"tr\",\"potentialAction\":[{\"@type\":\"CommentAction\",\"name\":\"Comment\",\"target\":[\"https:\\\/\\\/memurunsesi.net\\\/index.php\\\/2026\\\/02\\\/07\\\/galatasaray-caykur-rizespor-deplasmaninda\\\/#respond\"]}]},{\"@type\":\"WebPage\",\"@id\":\"https:\\\/\\\/memurunsesi.net\\\/index.php\\\/2026\\\/02\\\/07\\\/galatasaray-caykur-rizespor-deplasmaninda\\\/\",\"url\":\"https:\\\/\\\/memurunsesi.net\\\/index.php\\\/2026\\\/02\\\/07\\\/galatasaray-caykur-rizespor-deplasmaninda\\\/\",\"name\":\"Galatasaray, \u00c7aykur Rizespor deplasman\u0131nda - Memurun Sesi\",\"isPartOf\":{\"@id\":\"https:\\\/\\\/memurunsesi.net\\\/#website\"},\"primaryImageOfPage\":{\"@id\":\"https:\\\/\\\/memurunsesi.net\\\/index.php\\\/2026\\\/02\\\/07\\\/galatasaray-caykur-rizespor-deplasmaninda\\\/#primaryimage\"},\"image\":{\"@id\":\"https:\\\/\\\/memurunsesi.net\\\/index.php\\\/2026\\\/02\\\/07\\\/galatasaray-caykur-rizespor-deplasmaninda\\\/#primaryimage\"},\"thumbnailUrl\":\"https:\\\/\\\/memurunsesi.net\\\/wp-content\\\/uploads\\\/2026\\\/02\\\/spor-6-scaled.jpg\",\"datePublished\":\"2026-02-07T06:53:39+00:00\",\"dateModified\":\"2026-02-07T07:00:21+00:00\",\"description\":\"Trendyol S\u00fcper Lig'in 21. haftas\u0131nda Galatasaray yar\u0131n deplasmanda oynayaca\u011f\u0131 \u00c7aykur Rizespor ile ligde 48. kez m\u00fccadele edecek.\",\"breadcrumb\":{\"@id\":\"https:\\\/\\\/memurunsesi.net\\\/index.php\\\/2026\\\/02\\\/07\\\/galatasaray-caykur-rizespor-deplasmaninda\\\/#breadcrumb\"},\"inLanguage\":\"tr\",\"potentialAction\":[{\"@type\":\"ReadAction\",\"target\":[\"https:\\\/\\\/memurunsesi.net\\\/index.php\\\/2026\\\/02\\\/07\\\/galatasaray-caykur-rizespor-deplasmaninda\\\/\"]}]},{\"@type\":\"ImageObject\",\"inLanguage\":\"tr\",\"@id\":\"https:\\\/\\\/memurunsesi.net\\\/index.php\\\/2026\\\/02\\\/07\\\/galatasaray-caykur-rizespor-deplasmaninda\\\/#primaryimage\",\"url\":\"https:\\\/\\\/memurunsesi.net\\\/wp-content\\\/uploads\\\/2026\\\/02\\\/spor-6-scaled.jpg\",\"contentUrl\":\"https:\\\/\\\/memurunsesi.net\\\/wp-content\\\/uploads\\\/2026\\\/02\\\/spor-6-scaled.jpg\",\"width\":2560,\"height\":1882,\"caption\":\"TRENDYOL S\u00dcPER L\u0130G'\u0130N 21. HAFTASINDA GALATASARAY YARIN DEPLASMANDA OYNAYACA\u011eI \u00c7AYKUR R\u0130ZESPOR \u0130LE L\u0130GDE 48. KEZ M\u00dcCADELE EDECEK. (SAYCAN SAYIM\\\/\u0130STANBUL-\u0130HA) Trendyol S\u00fcper Lig'in 21. haftas\u0131nda Galatasaray yar\u0131n deplasmanda oynayaca\u011f\u0131 \u00c7aykur Rizespor ile ligde 48. kez m\u00fccadele edecek.\"},{\"@type\":\"BreadcrumbList\",\"@id\":\"https:\\\/\\\/memurunsesi.net\\\/index.php\\\/2026\\\/02\\\/07\\\/galatasaray-caykur-rizespor-deplasmaninda\\\/#breadcrumb\",\"itemListElement\":[{\"@type\":\"ListItem\",\"position\":1,\"name\":\"Anasayfa\",\"item\":\"https:\\\/\\\/memurunsesi.net\\\/\"},{\"@type\":\"ListItem\",\"position\":2,\"name\":\"Galatasaray, \u00c7aykur Rizespor deplasman\u0131nda\"}]},{\"@type\":\"WebSite\",\"@id\":\"https:\\\/\\\/memurunsesi.net\\\/#website\",\"url\":\"https:\\\/\\\/memurunsesi.net\\\/\",\"name\":\"Memurun Sesi\",\"description\":\"G\u00fcncel ve Do\u011fru Haber\",\"publisher\":{\"@id\":\"https:\\\/\\\/memurunsesi.net\\\/#organization\"},\"potentialAction\":[{\"@type\":\"SearchAction\",\"target\":{\"@type\":\"EntryPoint\",\"urlTemplate\":\"https:\\\/\\\/memurunsesi.net\\\/?s={search_term_string}\"},\"query-input\":{\"@type\":\"PropertyValueSpecification\",\"valueRequired\":true,\"valueName\":\"search_term_string\"}}],\"inLanguage\":\"tr\"},{\"@type\":\"Organization\",\"@id\":\"https:\\\/\\\/memurunsesi.net\\\/#organization\",\"name\":\"Memurun Sesi\",\"url\":\"https:\\\/\\\/memurunsesi.net\\\/\",\"logo\":{\"@type\":\"ImageObject\",\"inLanguage\":\"tr\",\"@id\":\"https:\\\/\\\/memurunsesi.net\\\/#\\\/schema\\\/logo\\\/image\\\/\",\"url\":\"https:\\\/\\\/memurunsesi.net\\\/wp-content\\\/uploads\\\/2025\\\/11\\\/cropped-MEMURUN-SESI.png\",\"contentUrl\":\"https:\\\/\\\/memurunsesi.net\\\/wp-content\\\/uploads\\\/2025\\\/11\\\/cropped-MEMURUN-SESI.png\",\"width\":238,\"height\":57,\"caption\":\"Memurun Sesi\"},\"image\":{\"@id\":\"https:\\\/\\\/memurunsesi.net\\\/#\\\/schema\\\/logo\\\/image\\\/\"},\"sameAs\":[\"https:\\\/\\\/www.facebook.com\\\/unipersen\\\/?locale=tr_TR\",\"https:\\\/\\\/x.com\\\/unipersen\"]},{\"@type\":\"Person\",\"@id\":\"https:\\\/\\\/memurunsesi.net\\\/#\\\/schema\\\/person\\\/f21c2d73b89f6ee1d80b0a1803e38587\",\"name\":\"Memurun Sesi Haber Merkezi\",\"image\":{\"@type\":\"ImageObject\",\"inLanguage\":\"tr\",\"@id\":\"https:\\\/\\\/secure.gravatar.com\\\/avatar\\\/6cf0505f452ee753f485014986fab09a434671d2b919ee76fc541025c5876a70?s=96&d=mm&r=g\",\"url\":\"https:\\\/\\\/secure.gravatar.com\\\/avatar\\\/6cf0505f452ee753f485014986fab09a434671d2b919ee76fc541025c5876a70?s=96&d=mm&r=g\",\"contentUrl\":\"https:\\\/\\\/secure.gravatar.com\\\/avatar\\\/6cf0505f452ee753f485014986fab09a434671d2b919ee76fc541025c5876a70?s=96&d=mm&r=g\",\"caption\":\"Memurun Sesi Haber Merkezi\"},\"sameAs\":[\"https:\\\/\\\/memurunsesi.net\"],\"url\":\"https:\\\/\\\/memurunsesi.net\\\/index.php\\\/author\\\/uniper\\\/\"}]}<\/script>\n<!-- \/ Yoast SEO plugin. -->","yoast_head_json":{"title":"Galatasaray, \u00c7aykur Rizespor deplasman\u0131nda - Memurun Sesi","description":"Trendyol S\u00fcper Lig'in 21. haftas\u0131nda Galatasaray yar\u0131n deplasmanda oynayaca\u011f\u0131 \u00c7aykur Rizespor ile ligde 48. kez m\u00fccadele edecek.","robots":{"index":"index","follow":"follow","max-snippet":"max-snippet:-1","max-image-preview":"max-image-preview:large","max-video-preview":"max-video-preview:-1"},"canonical":"https:\/\/memurunsesi.net\/index.php\/2026\/02\/07\/galatasaray-caykur-rizespor-deplasmaninda\/","og_locale":"tr_TR","og_type":"article","og_title":"Galatasaray, \u00c7aykur Rizespor deplasman\u0131nda - Memurun Sesi","og_description":"Trendyol S\u00fcper Lig'in 21. haftas\u0131nda Galatasaray yar\u0131n deplasmanda oynayaca\u011f\u0131 \u00c7aykur Rizespor ile ligde 48. kez m\u00fccadele edecek.","og_url":"https:\/\/memurunsesi.net\/index.php\/2026\/02\/07\/galatasaray-caykur-rizespor-deplasmaninda\/","og_site_name":"Memurun Sesi","article_publisher":"https:\/\/www.facebook.com\/unipersen\/?locale=tr_TR","article_published_time":"2026-02-07T06:53:39+00:00","article_modified_time":"2026-02-07T07:00:21+00:00","og_image":[{"width":2560,"height":1882,"url":"https:\/\/memurunsesi.net\/wp-content\/uploads\/2026\/02\/spor-6-scaled.jpg","type":"image\/jpeg"}],"author":"Memurun Sesi Haber Merkezi","twitter_card":"summary_large_image","twitter_creator":"@unipersen","twitter_site":"@unipersen","twitter_misc":{"Yazan:":"Memurun Sesi Haber Merkezi","Tahmini okuma s\u00fcresi":"5 dakika"},"schema":{"@context":"https:\/\/schema.org","@graph":[{"@type":"Article","@id":"https:\/\/memurunsesi.net\/index.php\/2026\/02\/07\/galatasaray-caykur-rizespor-deplasmaninda\/#article","isPartOf":{"@id":"https:\/\/memurunsesi.net\/index.php\/2026\/02\/07\/galatasaray-caykur-rizespor-deplasmaninda\/"},"author":{"name":"Memurun Sesi Haber Merkezi","@id":"https:\/\/memurunsesi.net\/#\/schema\/person\/f21c2d73b89f6ee1d80b0a1803e38587"},"headline":"Galatasaray, \u00c7aykur Rizespor deplasman\u0131nda","datePublished":"2026-02-07T06:53:39+00:00","dateModified":"2026-02-07T07:00:21+00:00","mainEntityOfPage":{"@id":"https:\/\/memurunsesi.net\/index.php\/2026\/02\/07\/galatasaray-caykur-rizespor-deplasmaninda\/"},"wordCount":818,"commentCount":0,"publisher":{"@id":"https:\/\/memurunsesi.net\/#organization"},"image":{"@id":"https:\/\/memurunsesi.net\/index.php\/2026\/02\/07\/galatasaray-caykur-rizespor-deplasmaninda\/#primaryimage"},"thumbnailUrl":"https:\/\/memurunsesi.net\/wp-content\/uploads\/2026\/02\/spor-6-scaled.jpg","keywords":["ma\u00e7","spor"],"articleSection":["Spor"],"inLanguage":"tr","potentialAction":[{"@type":"CommentAction","name":"Comment","target":["https:\/\/memurunsesi.net\/index.php\/2026\/02\/07\/galatasaray-caykur-rizespor-deplasmaninda\/#respond"]}]},{"@type":"WebPage","@id":"https:\/\/memurunsesi.net\/index.php\/2026\/02\/07\/galatasaray-caykur-rizespor-deplasmaninda\/","url":"https:\/\/memurunsesi.net\/index.php\/2026\/02\/07\/galatasaray-caykur-rizespor-deplasmaninda\/","name":"Galatasaray, \u00c7aykur Rizespor deplasman\u0131nda - Memurun Sesi","isPartOf":{"@id":"https:\/\/memurunsesi.net\/#website"},"primaryImageOfPage":{"@id":"https:\/\/memurunsesi.net\/index.php\/2026\/02\/07\/galatasaray-caykur-rizespor-deplasmaninda\/#primaryimage"},"image":{"@id":"https:\/\/memurunsesi.net\/index.php\/2026\/02\/07\/galatasaray-caykur-rizespor-deplasmaninda\/#primaryimage"},"thumbnailUrl":"https:\/\/memurunsesi.net\/wp-content\/uploads\/2026\/02\/spor-6-scaled.jpg","datePublished":"2026-02-07T06:53:39+00:00","dateModified":"2026-02-07T07:00:21+00:00","description":"Trendyol S\u00fcper Lig'in 21. haftas\u0131nda Galatasaray yar\u0131n deplasmanda oynayaca\u011f\u0131 \u00c7aykur Rizespor ile ligde 48. kez m\u00fccadele edecek.","breadcrumb":{"@id":"https:\/\/memurunsesi.net\/index.php\/2026\/02\/07\/galatasaray-caykur-rizespor-deplasmaninda\/#breadcrumb"},"inLanguage":"tr","potentialAction":[{"@type":"ReadAction","target":["https:\/\/memurunsesi.net\/index.php\/2026\/02\/07\/galatasaray-caykur-rizespor-deplasmaninda\/"]}]},{"@type":"ImageObject","inLanguage":"tr","@id":"https:\/\/memurunsesi.net\/index.php\/2026\/02\/07\/galatasaray-caykur-rizespor-deplasmaninda\/#primaryimage","url":"https:\/\/memurunsesi.net\/wp-content\/uploads\/2026\/02\/spor-6-scaled.jpg","contentUrl":"https:\/\/memurunsesi.net\/wp-content\/uploads\/2026\/02\/spor-6-scaled.jpg","width":2560,"height":1882,"caption":"TRENDYOL S\u00dcPER L\u0130G'\u0130N 21. HAFTASINDA GALATASARAY YARIN DEPLASMANDA OYNAYACA\u011eI \u00c7AYKUR R\u0130ZESPOR \u0130LE L\u0130GDE 48. KEZ M\u00dcCADELE EDECEK. (SAYCAN SAYIM\/\u0130STANBUL-\u0130HA) Trendyol S\u00fcper Lig'in 21. haftas\u0131nda Galatasaray yar\u0131n deplasmanda oynayaca\u011f\u0131 \u00c7aykur Rizespor ile ligde 48. kez m\u00fccadele edecek."},{"@type":"BreadcrumbList","@id":"https:\/\/memurunsesi.net\/index.php\/2026\/02\/07\/galatasaray-caykur-rizespor-deplasmaninda\/#breadcrumb","itemListElement":[{"@type":"ListItem","position":1,"name":"Anasayfa","item":"https:\/\/memurunsesi.net\/"},{"@type":"ListItem","position":2,"name":"Galatasaray, \u00c7aykur Rizespor deplasman\u0131nda"}]},{"@type":"WebSite","@id":"https:\/\/memurunsesi.net\/#website","url":"https:\/\/memurunsesi.net\/","name":"Memurun Sesi","description":"G\u00fcncel ve Do\u011fru Haber","publisher":{"@id":"https:\/\/memurunsesi.net\/#organization"},"potentialAction":[{"@type":"SearchAction","target":{"@type":"EntryPoint","urlTemplate":"https:\/\/memurunsesi.net\/?s={search_term_string}"},"query-input":{"@type":"PropertyValueSpecification","valueRequired":true,"valueName":"search_term_string"}}],"inLanguage":"tr"},{"@type":"Organization","@id":"https:\/\/memurunsesi.net\/#organization","name":"Memurun Sesi","url":"https:\/\/memurunsesi.net\/","logo":{"@type":"ImageObject","inLanguage":"tr","@id":"https:\/\/memurunsesi.net\/#\/schema\/logo\/image\/","url":"https:\/\/memurunsesi.net\/wp-content\/uploads\/2025\/11\/cropped-MEMURUN-SESI.png","contentUrl":"https:\/\/memurunsesi.net\/wp-content\/uploads\/2025\/11\/cropped-MEMURUN-SESI.png","width":238,"height":57,"caption":"Memurun Sesi"},"image":{"@id":"https:\/\/memurunsesi.net\/#\/schema\/logo\/image\/"},"sameAs":["https:\/\/www.facebook.com\/unipersen\/?locale=tr_TR","https:\/\/x.com\/unipersen"]},{"@type":"Person","@id":"https:\/\/memurunsesi.net\/#\/schema\/person\/f21c2d73b89f6ee1d80b0a1803e38587","name":"Memurun Sesi Haber Merkezi","image":{"@type":"ImageObject","inLanguage":"tr","@id":"https:\/\/secure.gravatar.com\/avatar\/6cf0505f452ee753f485014986fab09a434671d2b919ee76fc541025c5876a70?s=96&d=mm&r=g","url":"https:\/\/secure.gravatar.com\/avatar\/6cf0505f452ee753f485014986fab09a434671d2b919ee76fc541025c5876a70?s=96&d=mm&r=g","contentUrl":"https:\/\/secure.gravatar.com\/avatar\/6cf0505f452ee753f485014986fab09a434671d2b919ee76fc541025c5876a70?s=96&d=mm&r=g","caption":"Memurun Sesi Haber Merkezi"},"sameAs":["https:\/\/memurunsesi.net"],"url":"https:\/\/memurunsesi.net\/index.php\/author\/uniper\/"}]}},"_links":{"self":[{"href":"https:\/\/memurunsesi.net\/index.php\/wp-json\/wp\/v2\/posts\/17263","targetHints":{"allow":["GET"]}}],"collection":[{"href":"https:\/\/memurunsesi.net\/index.php\/wp-json\/wp\/v2\/posts"}],"about":[{"href":"https:\/\/memurunsesi.net\/index.php\/wp-json\/wp\/v2\/types\/post"}],"author":[{"embeddable":true,"href":"https:\/\/memurunsesi.net\/index.php\/wp-json\/wp\/v2\/users\/1"}],"replies":[{"embeddable":true,"href":"https:\/\/memurunsesi.net\/index.php\/wp-json\/wp\/v2\/comments?post=17263"}],"version-history":[{"count":1,"href":"https:\/\/memurunsesi.net\/index.php\/wp-json\/wp\/v2\/posts\/17263\/revisions"}],"predecessor-version":[{"id":17264,"href":"https:\/\/memurunsesi.net\/index.php\/wp-json\/wp\/v2\/posts\/17263\/revisions\/17264"}],"wp:featuredmedia":[{"embeddable":true,"href":"https:\/\/memurunsesi.net\/index.php\/wp-json\/wp\/v2\/media\/17270"}],"wp:attachment":[{"href":"https:\/\/memurunsesi.net\/index.php\/wp-json\/wp\/v2\/media?parent=17263"}],"wp:term":[{"taxonomy":"category","embeddable":true,"href":"https:\/\/memurunsesi.net\/index.php\/wp-json\/wp\/v2\/categories?post=17263"},{"taxonomy":"post_tag","embeddable":true,"href":"https:\/\/memurunsesi.net\/index.php\/wp-json\/wp\/v2\/tags?post=17263"}],"curies":[{"name":"wp","href":"https:\/\/api.w.org\/{rel}","templated":true}]}}