{"id":17265,"date":"2026-02-07T09:58:17","date_gmt":"2026-02-07T06:58:17","guid":{"rendered":"https:\/\/memurunsesi.net\/?p=17265"},"modified":"2026-02-07T09:58:17","modified_gmt":"2026-02-07T06:58:17","slug":"anne-karnindayken-milyonda-bir-gorulecek-saglik-sorunuyla-dogdu","status":"publish","type":"post","link":"https:\/\/memurunsesi.net\/index.php\/2026\/02\/07\/anne-karnindayken-milyonda-bir-gorulecek-saglik-sorunuyla-dogdu\/","title":{"rendered":"Anne karn\u0131ndayken milyonda bir g\u00f6r\u00fclecek sa\u011fl\u0131k sorunuyla do\u011fdu"},"content":{"rendered":"<p>&#8211; Doktorlar, ba\u011f\u0131rsa\u011f\u0131 delinen bebe\u011fi kurtarmak i\u00e7in zamanla yar\u0131\u015ft\u0131<\/p>\n<p>Diyarbak\u0131r&#8217;da, anne karn\u0131ndayken milyonda bir g\u00f6r\u00fclecek atreziye ba\u011fl\u0131 ba\u011f\u0131rsak delinmesi sorunuyla d\u00fcnyaya gelen bebek, doktorlar\u0131n zamanla yar\u0131\u015f\u0131p 4 saatlik ameliyat\u0131n ard\u0131ndan sa\u011fl\u0131\u011f\u0131na kavu\u015ftu.<br \/>\nDiyarbak\u0131r&#8217;da bir bebek, anne karn\u0131ndayken atreziye ba\u011fl\u0131 ba\u011f\u0131rsak delinmesi sorunuyla d\u00fcnyaya geldi. Milyonda bir g\u00f6r\u00fclen sorunla g\u00f6zlerini a\u00e7an bebek, Memorial Dicle Hastanesinde \u00c7ocuk Cerrah\u0131 Op. Dr. Taner Kamac\u0131 ve \u00c7ocuk Sa\u011fl\u0131\u011f\u0131 ve Hastal\u0131klar\u0131 Uzman\u0131 Dr. Mehmet Emin G\u00fcnel&#8217;in zamanla yar\u0131\u015fmas\u0131yla 4 saat s\u00fcren ameliyat\u0131n ard\u0131ndan sa\u011fl\u0131\u011f\u0131na kavu\u015ftu.<br \/>\nOp. Dr. Taner Kamac\u0131, \u0130HA muhabirine yapt\u0131\u011f\u0131 a\u00e7\u0131klamada, anne karn\u0131ndayken yap\u0131lan son ultrasonda bebe\u011fin karn\u0131nda s\u0131v\u0131 oldu\u011fu tespit edilmesi \u00fczerine hastadan haberdar olduklar\u0131n\u0131 s\u00f6yledi. Hastan\u0131n, karn\u0131nda yayg\u0131n bir s\u0131v\u0131 ile do\u011fdu\u011funu belirten Kamac\u0131, bebe\u011fin do\u011far do\u011fmaz hemen de\u011ferlendirildi\u011fini ve ultrasonlar\u0131n\u0131 \u00e7ekip muayenesini yapt\u0131klar\u0131n\u0131 ifade etti. Dr. Kamac\u0131, \u00e7ekilen ultrasonda bebe\u011fin karn\u0131nda s\u0131v\u0131 oldu\u011funu, \u00e7ektikleri r\u00f6ntgen filminde de diyafram alt\u0131 serbest hava oldu\u011funu aktararak, &#8220;Bunlar\u0131 bir araya getirdi\u011fimizde hastan\u0131n ba\u011f\u0131rsaklar\u0131nda bir delinme olmu\u015f olabilece\u011fini d\u00fc\u015f\u00fcnd\u00fck. Hastay\u0131 do\u011fdu\u011fu g\u00fcn acil ameliyata ald\u0131k. Yapt\u0131\u011f\u0131m\u0131z ameliyatta ince ba\u011f\u0131rsa\u011f\u0131n\u0131n bitti\u011fi ve kal\u0131n ba\u011f\u0131rsa\u011f\u0131n ba\u015flad\u0131\u011f\u0131 yerde atrezi dedi\u011fimiz do\u011fu\u015ftan ba\u011f\u0131rsa\u011f\u0131n kapal\u0131 oldu\u011fu, bundan kaynakl\u0131 ince ba\u011f\u0131rsa\u011f\u0131n en son k\u0131sm\u0131nda ba\u011f\u0131rsa\u011f\u0131n delindi\u011fini tespit ettik. Delinmeden dolay\u0131 da ba\u011f\u0131rsak i\u00e7eri\u011finin karn\u0131na doldu\u011funu, ultrasondaki s\u0131v\u0131n\u0131n bu s\u0131v\u0131 oldu\u011funu tespit ettik&#8221; dedi.<br \/>\nKar\u0131n i\u00e7erisini temizledikten sonra ba\u011f\u0131rsaktaki yap\u0131\u015f\u0131kl\u0131klar\u0131 a\u00e7t\u0131klar\u0131n\u0131 kaydeden Kamac\u0131, konu\u015fmas\u0131na \u015f\u00f6yle devam etti:<br \/>\n&#8220;Kapal\u0131 olan ba\u011f\u0131rsak k\u0131sm\u0131n\u0131 \u00e7\u0131kard\u0131k. Kar\u0131n i\u00e7inde enfeksiyon oldu\u011fu i\u00e7in ba\u011f\u0131rsa\u011f\u0131n\u0131 a\u00e7t\u0131ktan sonra iki ucu birbirine dikemedik ve ba\u011f\u0131rsa\u011f\u0131n\u0131, ileostomi dedi\u011fimiz bir ameliyat ile kar\u0131n duvar\u0131na a\u00e7t\u0131k. Ameliyattan sonra yo\u011fun bak\u0131mda enfeksiyon tedavisi s\u00fcreci ba\u015flad\u0131. Enfeksiyon de\u011ferleri \u00e7ok y\u00fcksekti, yo\u011fun bak\u0131m tedavileriyle d\u00fc\u015ft\u00fc. Beslenmesine kadar takip ettik. Ameliyatt\u0131n \u00fczerinden 12 g\u00fcn ge\u00e7ti. Bebe\u011fimiz gayet sa\u011fl\u0131kl\u0131. Tamamen a\u011f\u0131zdan beslenebiliyor.&#8221;<\/p>\n<p>&#8220;Erken fark etmeyle, erken yap\u0131lan ba\u015far\u0131l\u0131 ameliyatla hastam\u0131z sa\u011fl\u0131\u011f\u0131na kavu\u015ftu&#8221;<br \/>\nAnnesine de ostomi bak\u0131m e\u011fitimi verdikten sonra hastay\u0131 taburcu ettiklerini s\u00f6yleyen Kamac\u0131, &#8220;Kolostomisi oldu\u011fu i\u00e7in onun takibini yapaca\u011f\u0131z ve 2-3 ay sonra ba\u011f\u0131rsaklar\u0131n\u0131 tekrar ameliyatla kapatt\u0131ktan sonra tamamen normal hayat\u0131na geri d\u00f6nm\u00fc\u015f olacak. \u0130nce ba\u011f\u0131rsak atrezisi her bin bebekte bir, kal\u0131n ba\u011f\u0131rsak atrezisi 2 bin bebekte bir g\u00f6r\u00fclen bir durum. Fakat hastam\u0131zda nadir olan \u015fey \u015fu ki, daha anne karn\u0131ndayken atreziye ba\u011fl\u0131 ba\u011f\u0131rsa\u011f\u0131 delinmi\u015fti. 15 y\u0131ld\u0131r \u00e7ocuk cerrahisinin i\u00e7indeyim, y\u00fczlerce atrezi vakas\u0131 g\u00f6rm\u00fc\u015f\u00fcmd\u00fcr ama hi\u00e7 anne karn\u0131nda delineni g\u00f6rmedim. O kadar nadir. Belki milyonda bir denilecek oranda anne karn\u0131nda bu delinmenin ger\u00e7ekle\u015fmesi \u00e7ok \u00e7ok nadir g\u00f6r\u00fclen bir durum. Erken fark etmeyle, erken yap\u0131lan ba\u015far\u0131l\u0131 ameliyatla hastam\u0131z sa\u011fl\u0131\u011f\u0131na kavu\u015ftu&#8221; diye konu\u015ftu.<br \/>\nMemorial Dicle Hastanesinde \u00c7ocuk Sa\u011fl\u0131\u011f\u0131 ve Hastal\u0131klar\u0131 Uzman\u0131 Dr. Mehmet Emin G\u00fcnel ise hastan\u0131n, anne karn\u0131nda sindirim sistemiyle ilgili \u00e7ok a\u011f\u0131r problem ya\u015fad\u0131\u011f\u0131na dikkat \u00e7ekti. Bu durumun do\u011fum \u00f6ncesinde kad\u0131n do\u011fum hekimleri taraf\u0131ndan anneye iletildi\u011fini s\u00f6yleyen Dr. G\u00fcnel, &#8220;Do\u011fumdan sonra bu bilgilendirme do\u011frultusunda tetkik edip te\u015fhisini \u00e7ocuk cerrah\u0131m\u0131zla beraber koyduk. \u00c7ocuk cerrah\u0131m\u0131z \u00e7ok ba\u015far\u0131l\u0131 bir ameliyat ger\u00e7ekle\u015ftirdi. Yo\u011fun bak\u0131m s\u00fcrecinde de hem\u015firelerimiz olduk\u00e7a \u00f6zverili bir \u015fekilde bug\u00fcnlere kadar getirdiler. Durumu gayet iyi. Ailede olduk\u00e7a mutlu, bizlerde onlarla ayn\u0131 mutlulu\u011fu payla\u015f\u0131yoruz&#8221; ifadelerinde bulundu.<br \/>\nBebe\u011fin babas\u0131 \u0130lker Gergerli de, yap\u0131lan rutin kontrollerde tespit edilen bir durum olu\u015ftu\u011funu s\u00f6yledi. Do\u011fuma kadar bunun ne oldu\u011funu bilmediklerini belirten Gergerli, &#8220;Do\u011fumun ard\u0131ndan diyafram\u0131nda hava g\u00f6r\u00fcld\u00fc\u011f\u00fc s\u00f6ylendi. Taner hocamla tan\u0131\u015ft\u0131k. Ba\u011f\u0131rsa\u011f\u0131nda y\u0131rt\u0131k oldu\u011funu ve ameliyat edilmesi gerekti\u011fini s\u00f6yledi. 4 saatlik bir ameliyat s\u00fcrecinin ard\u0131ndan \u00e7ok \u015f\u00fck\u00fcr, o\u011flum 12 g\u00fcnl\u00fck bir yo\u011fun bak\u0131m s\u00fcrecinin ard\u0131ndan kuca\u011f\u0131m\u0131za almak nasip oldu. Taner hocaya ve Mehmet Emin hocaya te\u015fekk\u00fcrlerimi iletiyorum&#8221; dedi.<\/p>\n<p>7.02.2026<\/p>\n","protected":false},"excerpt":{"rendered":"<p>&#8211; Doktorlar, ba\u011f\u0131rsa\u011f\u0131 delinen bebe\u011fi kurtarmak i\u00e7in zamanla yar\u0131\u015ft\u0131 Diyarbak\u0131r&#8217;da, anne karn\u0131ndayken milyonda bir g\u00f6r\u00fclecek atreziye ba\u011fl\u0131 ba\u011f\u0131rsak delinmesi sorunuyla d\u00fcnyaya gelen bebek, doktorlar\u0131n zamanla yar\u0131\u015f\u0131p 4 saatlik ameliyat\u0131n ard\u0131ndan sa\u011fl\u0131\u011f\u0131na kavu\u015ftu. Diyarbak\u0131r&#8217;da bir bebek, anne karn\u0131ndayken atreziye ba\u011fl\u0131 ba\u011f\u0131rsak delinmesi sorunuyla d\u00fcnyaya geldi. Milyonda bir g\u00f6r\u00fclen sorunla g\u00f6zlerini a\u00e7an bebek, Memorial Dicle Hastanesinde \u00c7ocuk [&hellip;]<\/p>\n","protected":false},"author":1,"featured_media":17266,"comment_status":"open","ping_status":"open","sticky":false,"template":"","format":"standard","meta":{"footnotes":""},"categories":[45],"tags":[1133,1134],"class_list":["post-17265","post","type-post","status-publish","format-standard","has-post-thumbnail","hentry","category-gundem","tag-atreziye-bagli-bagirsak","tag-delinmesi"],"yoast_head":"<!-- This site is optimized with the Yoast SEO plugin v27.4 - https:\/\/yoast.com\/product\/yoast-seo-wordpress\/ -->\n<title>Anne karn\u0131ndayken milyonda bir g\u00f6r\u00fclecek sa\u011fl\u0131k sorunuyla do\u011fdu - Memurun Sesi<\/title>\n<meta name=\"description\" content=\"Anne karn\u0131ndayken ba\u011f\u0131rsa\u011f\u0131 delinen bebek, 4 saatlik acil ameliyatla ya\u015fama tutundu\" \/>\n<meta name=\"robots\" content=\"index, follow, max-snippet:-1, max-image-preview:large, max-video-preview:-1\" \/>\n<link rel=\"canonical\" href=\"https:\/\/memurunsesi.net\/index.php\/2026\/02\/07\/anne-karnindayken-milyonda-bir-gorulecek-saglik-sorunuyla-dogdu\/\" \/>\n<meta property=\"og:locale\" content=\"tr_TR\" \/>\n<meta property=\"og:type\" content=\"article\" \/>\n<meta property=\"og:title\" content=\"Anne karn\u0131ndayken milyonda bir g\u00f6r\u00fclecek sa\u011fl\u0131k sorunuyla do\u011fdu - Memurun Sesi\" \/>\n<meta property=\"og:description\" content=\"Anne karn\u0131ndayken ba\u011f\u0131rsa\u011f\u0131 delinen bebek, 4 saatlik acil ameliyatla ya\u015fama tutundu\" \/>\n<meta property=\"og:url\" content=\"https:\/\/memurunsesi.net\/index.php\/2026\/02\/07\/anne-karnindayken-milyonda-bir-gorulecek-saglik-sorunuyla-dogdu\/\" \/>\n<meta property=\"og:site_name\" content=\"Memurun Sesi\" \/>\n<meta property=\"article:publisher\" content=\"https:\/\/www.facebook.com\/unipersen\/?locale=tr_TR\" \/>\n<meta property=\"article:published_time\" content=\"2026-02-07T06:58:17+00:00\" \/>\n<meta property=\"og:image\" content=\"https:\/\/memurunsesi.net\/wp-content\/uploads\/2026\/02\/bebek-2-scaled.jpg\" \/>\n\t<meta property=\"og:image:width\" content=\"2560\" \/>\n\t<meta property=\"og:image:height\" content=\"1440\" \/>\n\t<meta property=\"og:image:type\" content=\"image\/jpeg\" \/>\n<meta name=\"author\" content=\"Memurun Sesi Haber Merkezi\" \/>\n<meta name=\"twitter:card\" content=\"summary_large_image\" \/>\n<meta name=\"twitter:creator\" content=\"@unipersen\" \/>\n<meta name=\"twitter:site\" content=\"@unipersen\" \/>\n<meta name=\"twitter:label1\" content=\"Yazan:\" \/>\n\t<meta name=\"twitter:data1\" content=\"Memurun Sesi Haber Merkezi\" \/>\n\t<meta name=\"twitter:label2\" content=\"Tahmini okuma s\u00fcresi\" \/>\n\t<meta name=\"twitter:data2\" content=\"4 dakika\" \/>\n<script type=\"application\/ld+json\" class=\"yoast-schema-graph\">{\"@context\":\"https:\\\/\\\/schema.org\",\"@graph\":[{\"@type\":\"Article\",\"@id\":\"https:\\\/\\\/memurunsesi.net\\\/index.php\\\/2026\\\/02\\\/07\\\/anne-karnindayken-milyonda-bir-gorulecek-saglik-sorunuyla-dogdu\\\/#article\",\"isPartOf\":{\"@id\":\"https:\\\/\\\/memurunsesi.net\\\/index.php\\\/2026\\\/02\\\/07\\\/anne-karnindayken-milyonda-bir-gorulecek-saglik-sorunuyla-dogdu\\\/\"},\"author\":{\"name\":\"Memurun Sesi Haber Merkezi\",\"@id\":\"https:\\\/\\\/memurunsesi.net\\\/#\\\/schema\\\/person\\\/f21c2d73b89f6ee1d80b0a1803e38587\"},\"headline\":\"Anne karn\u0131ndayken milyonda bir g\u00f6r\u00fclecek sa\u011fl\u0131k sorunuyla do\u011fdu\",\"datePublished\":\"2026-02-07T06:58:17+00:00\",\"mainEntityOfPage\":{\"@id\":\"https:\\\/\\\/memurunsesi.net\\\/index.php\\\/2026\\\/02\\\/07\\\/anne-karnindayken-milyonda-bir-gorulecek-saglik-sorunuyla-dogdu\\\/\"},\"wordCount\":829,\"commentCount\":0,\"publisher\":{\"@id\":\"https:\\\/\\\/memurunsesi.net\\\/#organization\"},\"image\":{\"@id\":\"https:\\\/\\\/memurunsesi.net\\\/index.php\\\/2026\\\/02\\\/07\\\/anne-karnindayken-milyonda-bir-gorulecek-saglik-sorunuyla-dogdu\\\/#primaryimage\"},\"thumbnailUrl\":\"https:\\\/\\\/memurunsesi.net\\\/wp-content\\\/uploads\\\/2026\\\/02\\\/bebek-2-scaled.jpg\",\"keywords\":[\"atreziye ba\u011fl\u0131 ba\u011f\u0131rsak\",\"delinmesi\"],\"articleSection\":[\"G\u00fcndem\"],\"inLanguage\":\"tr\",\"potentialAction\":[{\"@type\":\"CommentAction\",\"name\":\"Comment\",\"target\":[\"https:\\\/\\\/memurunsesi.net\\\/index.php\\\/2026\\\/02\\\/07\\\/anne-karnindayken-milyonda-bir-gorulecek-saglik-sorunuyla-dogdu\\\/#respond\"]}]},{\"@type\":\"WebPage\",\"@id\":\"https:\\\/\\\/memurunsesi.net\\\/index.php\\\/2026\\\/02\\\/07\\\/anne-karnindayken-milyonda-bir-gorulecek-saglik-sorunuyla-dogdu\\\/\",\"url\":\"https:\\\/\\\/memurunsesi.net\\\/index.php\\\/2026\\\/02\\\/07\\\/anne-karnindayken-milyonda-bir-gorulecek-saglik-sorunuyla-dogdu\\\/\",\"name\":\"Anne karn\u0131ndayken milyonda bir g\u00f6r\u00fclecek sa\u011fl\u0131k sorunuyla do\u011fdu - Memurun Sesi\",\"isPartOf\":{\"@id\":\"https:\\\/\\\/memurunsesi.net\\\/#website\"},\"primaryImageOfPage\":{\"@id\":\"https:\\\/\\\/memurunsesi.net\\\/index.php\\\/2026\\\/02\\\/07\\\/anne-karnindayken-milyonda-bir-gorulecek-saglik-sorunuyla-dogdu\\\/#primaryimage\"},\"image\":{\"@id\":\"https:\\\/\\\/memurunsesi.net\\\/index.php\\\/2026\\\/02\\\/07\\\/anne-karnindayken-milyonda-bir-gorulecek-saglik-sorunuyla-dogdu\\\/#primaryimage\"},\"thumbnailUrl\":\"https:\\\/\\\/memurunsesi.net\\\/wp-content\\\/uploads\\\/2026\\\/02\\\/bebek-2-scaled.jpg\",\"datePublished\":\"2026-02-07T06:58:17+00:00\",\"description\":\"Anne karn\u0131ndayken ba\u011f\u0131rsa\u011f\u0131 delinen bebek, 4 saatlik acil ameliyatla ya\u015fama tutundu\",\"breadcrumb\":{\"@id\":\"https:\\\/\\\/memurunsesi.net\\\/index.php\\\/2026\\\/02\\\/07\\\/anne-karnindayken-milyonda-bir-gorulecek-saglik-sorunuyla-dogdu\\\/#breadcrumb\"},\"inLanguage\":\"tr\",\"potentialAction\":[{\"@type\":\"ReadAction\",\"target\":[\"https:\\\/\\\/memurunsesi.net\\\/index.php\\\/2026\\\/02\\\/07\\\/anne-karnindayken-milyonda-bir-gorulecek-saglik-sorunuyla-dogdu\\\/\"]}]},{\"@type\":\"ImageObject\",\"inLanguage\":\"tr\",\"@id\":\"https:\\\/\\\/memurunsesi.net\\\/index.php\\\/2026\\\/02\\\/07\\\/anne-karnindayken-milyonda-bir-gorulecek-saglik-sorunuyla-dogdu\\\/#primaryimage\",\"url\":\"https:\\\/\\\/memurunsesi.net\\\/wp-content\\\/uploads\\\/2026\\\/02\\\/bebek-2-scaled.jpg\",\"contentUrl\":\"https:\\\/\\\/memurunsesi.net\\\/wp-content\\\/uploads\\\/2026\\\/02\\\/bebek-2-scaled.jpg\",\"width\":2560,\"height\":1440,\"caption\":\"D\u0130YARBAKIR'DA, ANNE KARNINDAYKEN M\u0130LYONDA B\u0130R G\u00d6R\u00dcLECEK ATREZ\u0130YE BA\u011eLI BA\u011eIRSAK DEL\u0130NMES\u0130 SORUNUYLA D\u00dcNYAYA GELEN BEBEK, DOKTORLARIN ZAMANLA YARI\u015eIP 4 SAATL\u0130K AMEL\u0130YATIN ARDINDAN SA\u011eLI\u011eINA KAVU\u015eTU. (RIDVAN KILI\u00c7\\\/D\u0130YARBAKIR-\u0130HA) Diyarbak\u0131r'da, anne karn\u0131ndayken milyonda bir g\u00f6r\u00fclecek atreziye ba\u011fl\u0131 ba\u011f\u0131rsak delinmesi sorunuyla d\u00fcnyaya gelen bebek, doktorlar\u0131n zamanla yar\u0131\u015f\u0131p 4 saatlik ameliyat\u0131n ard\u0131ndan sa\u011fl\u0131\u011f\u0131na kavu\u015ftu.\"},{\"@type\":\"BreadcrumbList\",\"@id\":\"https:\\\/\\\/memurunsesi.net\\\/index.php\\\/2026\\\/02\\\/07\\\/anne-karnindayken-milyonda-bir-gorulecek-saglik-sorunuyla-dogdu\\\/#breadcrumb\",\"itemListElement\":[{\"@type\":\"ListItem\",\"position\":1,\"name\":\"Anasayfa\",\"item\":\"https:\\\/\\\/memurunsesi.net\\\/\"},{\"@type\":\"ListItem\",\"position\":2,\"name\":\"Anne karn\u0131ndayken milyonda bir g\u00f6r\u00fclecek sa\u011fl\u0131k sorunuyla do\u011fdu\"}]},{\"@type\":\"WebSite\",\"@id\":\"https:\\\/\\\/memurunsesi.net\\\/#website\",\"url\":\"https:\\\/\\\/memurunsesi.net\\\/\",\"name\":\"Memurun Sesi\",\"description\":\"G\u00fcncel ve Do\u011fru Haber\",\"publisher\":{\"@id\":\"https:\\\/\\\/memurunsesi.net\\\/#organization\"},\"potentialAction\":[{\"@type\":\"SearchAction\",\"target\":{\"@type\":\"EntryPoint\",\"urlTemplate\":\"https:\\\/\\\/memurunsesi.net\\\/?s={search_term_string}\"},\"query-input\":{\"@type\":\"PropertyValueSpecification\",\"valueRequired\":true,\"valueName\":\"search_term_string\"}}],\"inLanguage\":\"tr\"},{\"@type\":\"Organization\",\"@id\":\"https:\\\/\\\/memurunsesi.net\\\/#organization\",\"name\":\"Memurun Sesi\",\"url\":\"https:\\\/\\\/memurunsesi.net\\\/\",\"logo\":{\"@type\":\"ImageObject\",\"inLanguage\":\"tr\",\"@id\":\"https:\\\/\\\/memurunsesi.net\\\/#\\\/schema\\\/logo\\\/image\\\/\",\"url\":\"https:\\\/\\\/memurunsesi.net\\\/wp-content\\\/uploads\\\/2025\\\/11\\\/cropped-MEMURUN-SESI.png\",\"contentUrl\":\"https:\\\/\\\/memurunsesi.net\\\/wp-content\\\/uploads\\\/2025\\\/11\\\/cropped-MEMURUN-SESI.png\",\"width\":238,\"height\":57,\"caption\":\"Memurun Sesi\"},\"image\":{\"@id\":\"https:\\\/\\\/memurunsesi.net\\\/#\\\/schema\\\/logo\\\/image\\\/\"},\"sameAs\":[\"https:\\\/\\\/www.facebook.com\\\/unipersen\\\/?locale=tr_TR\",\"https:\\\/\\\/x.com\\\/unipersen\"]},{\"@type\":\"Person\",\"@id\":\"https:\\\/\\\/memurunsesi.net\\\/#\\\/schema\\\/person\\\/f21c2d73b89f6ee1d80b0a1803e38587\",\"name\":\"Memurun Sesi Haber Merkezi\",\"image\":{\"@type\":\"ImageObject\",\"inLanguage\":\"tr\",\"@id\":\"https:\\\/\\\/secure.gravatar.com\\\/avatar\\\/6cf0505f452ee753f485014986fab09a434671d2b919ee76fc541025c5876a70?s=96&d=mm&r=g\",\"url\":\"https:\\\/\\\/secure.gravatar.com\\\/avatar\\\/6cf0505f452ee753f485014986fab09a434671d2b919ee76fc541025c5876a70?s=96&d=mm&r=g\",\"contentUrl\":\"https:\\\/\\\/secure.gravatar.com\\\/avatar\\\/6cf0505f452ee753f485014986fab09a434671d2b919ee76fc541025c5876a70?s=96&d=mm&r=g\",\"caption\":\"Memurun Sesi Haber Merkezi\"},\"sameAs\":[\"https:\\\/\\\/memurunsesi.net\"],\"url\":\"https:\\\/\\\/memurunsesi.net\\\/index.php\\\/author\\\/uniper\\\/\"}]}<\/script>\n<!-- \/ Yoast SEO plugin. -->","yoast_head_json":{"title":"Anne karn\u0131ndayken milyonda bir g\u00f6r\u00fclecek sa\u011fl\u0131k sorunuyla do\u011fdu - Memurun Sesi","description":"Anne karn\u0131ndayken ba\u011f\u0131rsa\u011f\u0131 delinen bebek, 4 saatlik acil ameliyatla ya\u015fama tutundu","robots":{"index":"index","follow":"follow","max-snippet":"max-snippet:-1","max-image-preview":"max-image-preview:large","max-video-preview":"max-video-preview:-1"},"canonical":"https:\/\/memurunsesi.net\/index.php\/2026\/02\/07\/anne-karnindayken-milyonda-bir-gorulecek-saglik-sorunuyla-dogdu\/","og_locale":"tr_TR","og_type":"article","og_title":"Anne karn\u0131ndayken milyonda bir g\u00f6r\u00fclecek sa\u011fl\u0131k sorunuyla do\u011fdu - Memurun Sesi","og_description":"Anne karn\u0131ndayken ba\u011f\u0131rsa\u011f\u0131 delinen bebek, 4 saatlik acil ameliyatla ya\u015fama tutundu","og_url":"https:\/\/memurunsesi.net\/index.php\/2026\/02\/07\/anne-karnindayken-milyonda-bir-gorulecek-saglik-sorunuyla-dogdu\/","og_site_name":"Memurun Sesi","article_publisher":"https:\/\/www.facebook.com\/unipersen\/?locale=tr_TR","article_published_time":"2026-02-07T06:58:17+00:00","og_image":[{"width":2560,"height":1440,"url":"https:\/\/memurunsesi.net\/wp-content\/uploads\/2026\/02\/bebek-2-scaled.jpg","type":"image\/jpeg"}],"author":"Memurun Sesi Haber Merkezi","twitter_card":"summary_large_image","twitter_creator":"@unipersen","twitter_site":"@unipersen","twitter_misc":{"Yazan:":"Memurun Sesi Haber Merkezi","Tahmini okuma s\u00fcresi":"4 dakika"},"schema":{"@context":"https:\/\/schema.org","@graph":[{"@type":"Article","@id":"https:\/\/memurunsesi.net\/index.php\/2026\/02\/07\/anne-karnindayken-milyonda-bir-gorulecek-saglik-sorunuyla-dogdu\/#article","isPartOf":{"@id":"https:\/\/memurunsesi.net\/index.php\/2026\/02\/07\/anne-karnindayken-milyonda-bir-gorulecek-saglik-sorunuyla-dogdu\/"},"author":{"name":"Memurun Sesi Haber Merkezi","@id":"https:\/\/memurunsesi.net\/#\/schema\/person\/f21c2d73b89f6ee1d80b0a1803e38587"},"headline":"Anne karn\u0131ndayken milyonda bir g\u00f6r\u00fclecek sa\u011fl\u0131k sorunuyla do\u011fdu","datePublished":"2026-02-07T06:58:17+00:00","mainEntityOfPage":{"@id":"https:\/\/memurunsesi.net\/index.php\/2026\/02\/07\/anne-karnindayken-milyonda-bir-gorulecek-saglik-sorunuyla-dogdu\/"},"wordCount":829,"commentCount":0,"publisher":{"@id":"https:\/\/memurunsesi.net\/#organization"},"image":{"@id":"https:\/\/memurunsesi.net\/index.php\/2026\/02\/07\/anne-karnindayken-milyonda-bir-gorulecek-saglik-sorunuyla-dogdu\/#primaryimage"},"thumbnailUrl":"https:\/\/memurunsesi.net\/wp-content\/uploads\/2026\/02\/bebek-2-scaled.jpg","keywords":["atreziye ba\u011fl\u0131 ba\u011f\u0131rsak","delinmesi"],"articleSection":["G\u00fcndem"],"inLanguage":"tr","potentialAction":[{"@type":"CommentAction","name":"Comment","target":["https:\/\/memurunsesi.net\/index.php\/2026\/02\/07\/anne-karnindayken-milyonda-bir-gorulecek-saglik-sorunuyla-dogdu\/#respond"]}]},{"@type":"WebPage","@id":"https:\/\/memurunsesi.net\/index.php\/2026\/02\/07\/anne-karnindayken-milyonda-bir-gorulecek-saglik-sorunuyla-dogdu\/","url":"https:\/\/memurunsesi.net\/index.php\/2026\/02\/07\/anne-karnindayken-milyonda-bir-gorulecek-saglik-sorunuyla-dogdu\/","name":"Anne karn\u0131ndayken milyonda bir g\u00f6r\u00fclecek sa\u011fl\u0131k sorunuyla do\u011fdu - Memurun Sesi","isPartOf":{"@id":"https:\/\/memurunsesi.net\/#website"},"primaryImageOfPage":{"@id":"https:\/\/memurunsesi.net\/index.php\/2026\/02\/07\/anne-karnindayken-milyonda-bir-gorulecek-saglik-sorunuyla-dogdu\/#primaryimage"},"image":{"@id":"https:\/\/memurunsesi.net\/index.php\/2026\/02\/07\/anne-karnindayken-milyonda-bir-gorulecek-saglik-sorunuyla-dogdu\/#primaryimage"},"thumbnailUrl":"https:\/\/memurunsesi.net\/wp-content\/uploads\/2026\/02\/bebek-2-scaled.jpg","datePublished":"2026-02-07T06:58:17+00:00","description":"Anne karn\u0131ndayken ba\u011f\u0131rsa\u011f\u0131 delinen bebek, 4 saatlik acil ameliyatla ya\u015fama tutundu","breadcrumb":{"@id":"https:\/\/memurunsesi.net\/index.php\/2026\/02\/07\/anne-karnindayken-milyonda-bir-gorulecek-saglik-sorunuyla-dogdu\/#breadcrumb"},"inLanguage":"tr","potentialAction":[{"@type":"ReadAction","target":["https:\/\/memurunsesi.net\/index.php\/2026\/02\/07\/anne-karnindayken-milyonda-bir-gorulecek-saglik-sorunuyla-dogdu\/"]}]},{"@type":"ImageObject","inLanguage":"tr","@id":"https:\/\/memurunsesi.net\/index.php\/2026\/02\/07\/anne-karnindayken-milyonda-bir-gorulecek-saglik-sorunuyla-dogdu\/#primaryimage","url":"https:\/\/memurunsesi.net\/wp-content\/uploads\/2026\/02\/bebek-2-scaled.jpg","contentUrl":"https:\/\/memurunsesi.net\/wp-content\/uploads\/2026\/02\/bebek-2-scaled.jpg","width":2560,"height":1440,"caption":"D\u0130YARBAKIR'DA, ANNE KARNINDAYKEN M\u0130LYONDA B\u0130R G\u00d6R\u00dcLECEK ATREZ\u0130YE BA\u011eLI BA\u011eIRSAK DEL\u0130NMES\u0130 SORUNUYLA D\u00dcNYAYA GELEN BEBEK, DOKTORLARIN ZAMANLA YARI\u015eIP 4 SAATL\u0130K AMEL\u0130YATIN ARDINDAN SA\u011eLI\u011eINA KAVU\u015eTU. (RIDVAN KILI\u00c7\/D\u0130YARBAKIR-\u0130HA) Diyarbak\u0131r'da, anne karn\u0131ndayken milyonda bir g\u00f6r\u00fclecek atreziye ba\u011fl\u0131 ba\u011f\u0131rsak delinmesi sorunuyla d\u00fcnyaya gelen bebek, doktorlar\u0131n zamanla yar\u0131\u015f\u0131p 4 saatlik ameliyat\u0131n ard\u0131ndan sa\u011fl\u0131\u011f\u0131na kavu\u015ftu."},{"@type":"BreadcrumbList","@id":"https:\/\/memurunsesi.net\/index.php\/2026\/02\/07\/anne-karnindayken-milyonda-bir-gorulecek-saglik-sorunuyla-dogdu\/#breadcrumb","itemListElement":[{"@type":"ListItem","position":1,"name":"Anasayfa","item":"https:\/\/memurunsesi.net\/"},{"@type":"ListItem","position":2,"name":"Anne karn\u0131ndayken milyonda bir g\u00f6r\u00fclecek sa\u011fl\u0131k sorunuyla do\u011fdu"}]},{"@type":"WebSite","@id":"https:\/\/memurunsesi.net\/#website","url":"https:\/\/memurunsesi.net\/","name":"Memurun Sesi","description":"G\u00fcncel ve Do\u011fru Haber","publisher":{"@id":"https:\/\/memurunsesi.net\/#organization"},"potentialAction":[{"@type":"SearchAction","target":{"@type":"EntryPoint","urlTemplate":"https:\/\/memurunsesi.net\/?s={search_term_string}"},"query-input":{"@type":"PropertyValueSpecification","valueRequired":true,"valueName":"search_term_string"}}],"inLanguage":"tr"},{"@type":"Organization","@id":"https:\/\/memurunsesi.net\/#organization","name":"Memurun Sesi","url":"https:\/\/memurunsesi.net\/","logo":{"@type":"ImageObject","inLanguage":"tr","@id":"https:\/\/memurunsesi.net\/#\/schema\/logo\/image\/","url":"https:\/\/memurunsesi.net\/wp-content\/uploads\/2025\/11\/cropped-MEMURUN-SESI.png","contentUrl":"https:\/\/memurunsesi.net\/wp-content\/uploads\/2025\/11\/cropped-MEMURUN-SESI.png","width":238,"height":57,"caption":"Memurun Sesi"},"image":{"@id":"https:\/\/memurunsesi.net\/#\/schema\/logo\/image\/"},"sameAs":["https:\/\/www.facebook.com\/unipersen\/?locale=tr_TR","https:\/\/x.com\/unipersen"]},{"@type":"Person","@id":"https:\/\/memurunsesi.net\/#\/schema\/person\/f21c2d73b89f6ee1d80b0a1803e38587","name":"Memurun Sesi Haber Merkezi","image":{"@type":"ImageObject","inLanguage":"tr","@id":"https:\/\/secure.gravatar.com\/avatar\/6cf0505f452ee753f485014986fab09a434671d2b919ee76fc541025c5876a70?s=96&d=mm&r=g","url":"https:\/\/secure.gravatar.com\/avatar\/6cf0505f452ee753f485014986fab09a434671d2b919ee76fc541025c5876a70?s=96&d=mm&r=g","contentUrl":"https:\/\/secure.gravatar.com\/avatar\/6cf0505f452ee753f485014986fab09a434671d2b919ee76fc541025c5876a70?s=96&d=mm&r=g","caption":"Memurun Sesi Haber Merkezi"},"sameAs":["https:\/\/memurunsesi.net"],"url":"https:\/\/memurunsesi.net\/index.php\/author\/uniper\/"}]}},"_links":{"self":[{"href":"https:\/\/memurunsesi.net\/index.php\/wp-json\/wp\/v2\/posts\/17265","targetHints":{"allow":["GET"]}}],"collection":[{"href":"https:\/\/memurunsesi.net\/index.php\/wp-json\/wp\/v2\/posts"}],"about":[{"href":"https:\/\/memurunsesi.net\/index.php\/wp-json\/wp\/v2\/types\/post"}],"author":[{"embeddable":true,"href":"https:\/\/memurunsesi.net\/index.php\/wp-json\/wp\/v2\/users\/1"}],"replies":[{"embeddable":true,"href":"https:\/\/memurunsesi.net\/index.php\/wp-json\/wp\/v2\/comments?post=17265"}],"version-history":[{"count":1,"href":"https:\/\/memurunsesi.net\/index.php\/wp-json\/wp\/v2\/posts\/17265\/revisions"}],"predecessor-version":[{"id":17267,"href":"https:\/\/memurunsesi.net\/index.php\/wp-json\/wp\/v2\/posts\/17265\/revisions\/17267"}],"wp:featuredmedia":[{"embeddable":true,"href":"https:\/\/memurunsesi.net\/index.php\/wp-json\/wp\/v2\/media\/17266"}],"wp:attachment":[{"href":"https:\/\/memurunsesi.net\/index.php\/wp-json\/wp\/v2\/media?parent=17265"}],"wp:term":[{"taxonomy":"category","embeddable":true,"href":"https:\/\/memurunsesi.net\/index.php\/wp-json\/wp\/v2\/categories?post=17265"},{"taxonomy":"post_tag","embeddable":true,"href":"https:\/\/memurunsesi.net\/index.php\/wp-json\/wp\/v2\/tags?post=17265"}],"curies":[{"name":"wp","href":"https:\/\/api.w.org\/{rel}","templated":true}]}}