{"id":17484,"date":"2026-02-15T08:53:10","date_gmt":"2026-02-15T05:53:10","guid":{"rendered":"https:\/\/memurunsesi.net\/?p=17484"},"modified":"2026-02-15T08:53:10","modified_gmt":"2026-02-15T05:53:10","slug":"atasehirde-makas-kazasi-2-hafif-yarali","status":"publish","type":"post","link":"https:\/\/memurunsesi.net\/index.php\/2026\/02\/15\/atasehirde-makas-kazasi-2-hafif-yarali\/","title":{"rendered":"Ata\u015fehir&#8217;de makas kazas\u0131 : 2 hafif yaral\u0131"},"content":{"rendered":"<p>Ata\u015fehir TEM Otoyolu&#8217;nda makas atarak ilerleyen bir otomobil, seyir halindeki ba\u015fka bir araca \u00e7arpt\u0131. Kazada 2 ki\u015fi hafif \u015fekilde yaralan\u0131rken, ara\u00e7lardan biri bariyerlere girerek durabildi.<br \/>\nKaza, TEM Otoyolu Ata\u015fehir mevkii, Ankara istikametinde meydana geldi. Edinilen bilgiye g\u00f6re, gri renkli Honda marka bir otomobil, iddiaya g\u00f6re makas atarak ilerledi\u011fi s\u0131rada ayn\u0131 y\u00f6nde seyir halindeki 34 EGF 240 plakal\u0131 Toyota marka otomobile \u00e7arpt\u0131.<\/p>\n<p>\u00c7arp\u0131\u015fman\u0131n etkisiyle savrulan otomobil, sol \u015feritteki bariyerlere girerek durabildi. Ara\u00e7 i\u00e7erisinde bulunan 4 ki\u015fiden 2&#8217;si hafif \u015fekilde yaralan\u0131rken, di\u011fer 2 yolcu kazay\u0131 yara almadan atlatt\u0131. Kazaya neden oldu\u011fu belirtilen Honda marka otomobilin s\u00fcr\u00fcc\u00fcs\u00fc de hafif \u015fekilde yaraland\u0131.<\/p>\n<p>\u0130hbar \u00fczerine olay yerine gelen sa\u011fl\u0131k ekipleri yaral\u0131lara m\u00fcdahale ederken, polis ekipleri otoyol \u00fczerinde g\u00fcvenlik \u00f6nlemi ald\u0131. Kaza nedeniyle sol \u015feridin trafi\u011fe kapanmas\u0131 sonucu yolda ara\u00e7 kuyruklar\u0131 olu\u015ftu. Kazaya kar\u0131\u015fan ara\u00e7lar\u0131n \u00e7ekiciyle kald\u0131r\u0131lmas\u0131n\u0131n ard\u0131ndan trafik ak\u0131\u015f\u0131 tekrar normale d\u00f6nd\u00fc.<br \/>\nOlayla ilgili inceleme ba\u015flat\u0131ld\u0131.<\/p>\n<p>15.02.2026<\/p>\n","protected":false},"excerpt":{"rendered":"<p>Ata\u015fehir TEM Otoyolu&#8217;nda makas atarak ilerleyen bir otomobil, seyir halindeki ba\u015fka bir araca \u00e7arpt\u0131. Kazada 2 ki\u015fi hafif \u015fekilde yaralan\u0131rken, ara\u00e7lardan biri bariyerlere girerek durabildi. Kaza, TEM Otoyolu Ata\u015fehir mevkii, Ankara istikametinde meydana geldi. Edinilen bilgiye g\u00f6re, gri renkli Honda marka bir otomobil, iddiaya g\u00f6re makas atarak ilerledi\u011fi s\u0131rada ayn\u0131 y\u00f6nde seyir halindeki 34 EGF [&hellip;]<\/p>\n","protected":false},"author":1,"featured_media":17485,"comment_status":"open","ping_status":"open","sticky":false,"template":"","format":"standard","meta":{"footnotes":""},"categories":[50],"tags":[1159,70,1218],"class_list":["post-17484","post","type-post","status-publish","format-standard","has-post-thumbnail","hentry","category-tum-haberler","tag-iki-yarali","tag-kaza","tag-trafikte-makas"],"yoast_head":"<!-- This site is optimized with the Yoast SEO plugin v27.4 - https:\/\/yoast.com\/product\/yoast-seo-wordpress\/ -->\n<title>Ata\u015fehir&#039;de makas kazas\u0131 : 2 hafif yaral\u0131 - Memurun Sesi<\/title>\n<meta name=\"description\" content=\"\u00a0Ata\u015fehir TEM Otoyolu&#039;nda makas atarak ilerleyen bir otomobil, seyir halindeki ba\u015fka bir araca \u00e7arpt\u0131. Kazada 2 ki\u015fi hafif \u015fekilde yaralan\u0131rken, ara\u00e7lardan biri bariyerlere girerek durabildi.\" \/>\n<meta name=\"robots\" content=\"index, follow, max-snippet:-1, max-image-preview:large, max-video-preview:-1\" \/>\n<link rel=\"canonical\" href=\"https:\/\/memurunsesi.net\/index.php\/2026\/02\/15\/atasehirde-makas-kazasi-2-hafif-yarali\/\" \/>\n<meta property=\"og:locale\" content=\"tr_TR\" \/>\n<meta property=\"og:type\" content=\"article\" \/>\n<meta property=\"og:title\" content=\"Ata\u015fehir&#039;de makas kazas\u0131 : 2 hafif yaral\u0131 - Memurun Sesi\" \/>\n<meta property=\"og:description\" content=\"\u00a0Ata\u015fehir TEM Otoyolu&#039;nda makas atarak ilerleyen bir otomobil, seyir halindeki ba\u015fka bir araca \u00e7arpt\u0131. Kazada 2 ki\u015fi hafif \u015fekilde yaralan\u0131rken, ara\u00e7lardan biri bariyerlere girerek durabildi.\" \/>\n<meta property=\"og:url\" content=\"https:\/\/memurunsesi.net\/index.php\/2026\/02\/15\/atasehirde-makas-kazasi-2-hafif-yarali\/\" \/>\n<meta property=\"og:site_name\" content=\"Memurun Sesi\" \/>\n<meta property=\"article:publisher\" content=\"https:\/\/www.facebook.com\/unipersen\/?locale=tr_TR\" \/>\n<meta property=\"article:published_time\" content=\"2026-02-15T05:53:10+00:00\" \/>\n<meta property=\"og:image\" content=\"https:\/\/memurunsesi.net\/wp-content\/uploads\/2026\/02\/makas-2.jpg\" \/>\n\t<meta property=\"og:image:width\" content=\"1080\" \/>\n\t<meta property=\"og:image:height\" content=\"564\" \/>\n\t<meta property=\"og:image:type\" content=\"image\/jpeg\" \/>\n<meta name=\"author\" content=\"Memurun Sesi Haber Merkezi\" \/>\n<meta name=\"twitter:card\" content=\"summary_large_image\" \/>\n<meta name=\"twitter:creator\" content=\"@unipersen\" \/>\n<meta name=\"twitter:site\" content=\"@unipersen\" \/>\n<meta name=\"twitter:label1\" content=\"Yazan:\" \/>\n\t<meta name=\"twitter:data1\" content=\"Memurun Sesi Haber Merkezi\" \/>\n\t<meta name=\"twitter:label2\" content=\"Tahmini okuma s\u00fcresi\" \/>\n\t<meta name=\"twitter:data2\" content=\"2 dakika\" \/>\n<script type=\"application\/ld+json\" class=\"yoast-schema-graph\">{\"@context\":\"https:\\\/\\\/schema.org\",\"@graph\":[{\"@type\":\"Article\",\"@id\":\"https:\\\/\\\/memurunsesi.net\\\/index.php\\\/2026\\\/02\\\/15\\\/atasehirde-makas-kazasi-2-hafif-yarali\\\/#article\",\"isPartOf\":{\"@id\":\"https:\\\/\\\/memurunsesi.net\\\/index.php\\\/2026\\\/02\\\/15\\\/atasehirde-makas-kazasi-2-hafif-yarali\\\/\"},\"author\":{\"name\":\"Memurun Sesi Haber Merkezi\",\"@id\":\"https:\\\/\\\/memurunsesi.net\\\/#\\\/schema\\\/person\\\/f21c2d73b89f6ee1d80b0a1803e38587\"},\"headline\":\"Ata\u015fehir&#8217;de makas kazas\u0131 : 2 hafif yaral\u0131\",\"datePublished\":\"2026-02-15T05:53:10+00:00\",\"mainEntityOfPage\":{\"@id\":\"https:\\\/\\\/memurunsesi.net\\\/index.php\\\/2026\\\/02\\\/15\\\/atasehirde-makas-kazasi-2-hafif-yarali\\\/\"},\"wordCount\":183,\"commentCount\":0,\"publisher\":{\"@id\":\"https:\\\/\\\/memurunsesi.net\\\/#organization\"},\"image\":{\"@id\":\"https:\\\/\\\/memurunsesi.net\\\/index.php\\\/2026\\\/02\\\/15\\\/atasehirde-makas-kazasi-2-hafif-yarali\\\/#primaryimage\"},\"thumbnailUrl\":\"https:\\\/\\\/memurunsesi.net\\\/wp-content\\\/uploads\\\/2026\\\/02\\\/makas-2.jpg\",\"keywords\":[\"iki yaral\u0131\",\"kaza\",\"trafikte makas\"],\"articleSection\":[\"T\u00fcm Haberler\"],\"inLanguage\":\"tr\",\"potentialAction\":[{\"@type\":\"CommentAction\",\"name\":\"Comment\",\"target\":[\"https:\\\/\\\/memurunsesi.net\\\/index.php\\\/2026\\\/02\\\/15\\\/atasehirde-makas-kazasi-2-hafif-yarali\\\/#respond\"]}]},{\"@type\":\"WebPage\",\"@id\":\"https:\\\/\\\/memurunsesi.net\\\/index.php\\\/2026\\\/02\\\/15\\\/atasehirde-makas-kazasi-2-hafif-yarali\\\/\",\"url\":\"https:\\\/\\\/memurunsesi.net\\\/index.php\\\/2026\\\/02\\\/15\\\/atasehirde-makas-kazasi-2-hafif-yarali\\\/\",\"name\":\"Ata\u015fehir'de makas kazas\u0131 : 2 hafif yaral\u0131 - Memurun Sesi\",\"isPartOf\":{\"@id\":\"https:\\\/\\\/memurunsesi.net\\\/#website\"},\"primaryImageOfPage\":{\"@id\":\"https:\\\/\\\/memurunsesi.net\\\/index.php\\\/2026\\\/02\\\/15\\\/atasehirde-makas-kazasi-2-hafif-yarali\\\/#primaryimage\"},\"image\":{\"@id\":\"https:\\\/\\\/memurunsesi.net\\\/index.php\\\/2026\\\/02\\\/15\\\/atasehirde-makas-kazasi-2-hafif-yarali\\\/#primaryimage\"},\"thumbnailUrl\":\"https:\\\/\\\/memurunsesi.net\\\/wp-content\\\/uploads\\\/2026\\\/02\\\/makas-2.jpg\",\"datePublished\":\"2026-02-15T05:53:10+00:00\",\"description\":\"\u00a0Ata\u015fehir TEM Otoyolu'nda makas atarak ilerleyen bir otomobil, seyir halindeki ba\u015fka bir araca \u00e7arpt\u0131. Kazada 2 ki\u015fi hafif \u015fekilde yaralan\u0131rken, ara\u00e7lardan biri bariyerlere girerek durabildi.\",\"breadcrumb\":{\"@id\":\"https:\\\/\\\/memurunsesi.net\\\/index.php\\\/2026\\\/02\\\/15\\\/atasehirde-makas-kazasi-2-hafif-yarali\\\/#breadcrumb\"},\"inLanguage\":\"tr\",\"potentialAction\":[{\"@type\":\"ReadAction\",\"target\":[\"https:\\\/\\\/memurunsesi.net\\\/index.php\\\/2026\\\/02\\\/15\\\/atasehirde-makas-kazasi-2-hafif-yarali\\\/\"]}]},{\"@type\":\"ImageObject\",\"inLanguage\":\"tr\",\"@id\":\"https:\\\/\\\/memurunsesi.net\\\/index.php\\\/2026\\\/02\\\/15\\\/atasehirde-makas-kazasi-2-hafif-yarali\\\/#primaryimage\",\"url\":\"https:\\\/\\\/memurunsesi.net\\\/wp-content\\\/uploads\\\/2026\\\/02\\\/makas-2.jpg\",\"contentUrl\":\"https:\\\/\\\/memurunsesi.net\\\/wp-content\\\/uploads\\\/2026\\\/02\\\/makas-2.jpg\",\"width\":1080,\"height\":564,\"caption\":\"ATA\u015eEH\u0130R'DE MAKAS KAZASI. : 2 HAF\u0130F YARALI (AHMET EM\u0130N \u015eENT\u00dcRK\\\/\u0130STANBUL-\u0130HA) Ata\u015fehir TEM Otoyolu'nda makas atarak ilerleyen bir otomobil, seyir halindeki ba\u015fka bir araca \u00e7arpt\u0131. Kazada 2 ki\u015fi hafif \u015fekilde yaralan\u0131rken, ara\u00e7lardan biri bariyerlere girerek durabildi.\"},{\"@type\":\"BreadcrumbList\",\"@id\":\"https:\\\/\\\/memurunsesi.net\\\/index.php\\\/2026\\\/02\\\/15\\\/atasehirde-makas-kazasi-2-hafif-yarali\\\/#breadcrumb\",\"itemListElement\":[{\"@type\":\"ListItem\",\"position\":1,\"name\":\"Anasayfa\",\"item\":\"https:\\\/\\\/memurunsesi.net\\\/\"},{\"@type\":\"ListItem\",\"position\":2,\"name\":\"Ata\u015fehir&#8217;de makas kazas\u0131 : 2 hafif yaral\u0131\"}]},{\"@type\":\"WebSite\",\"@id\":\"https:\\\/\\\/memurunsesi.net\\\/#website\",\"url\":\"https:\\\/\\\/memurunsesi.net\\\/\",\"name\":\"Memurun Sesi\",\"description\":\"G\u00fcncel ve Do\u011fru Haber\",\"publisher\":{\"@id\":\"https:\\\/\\\/memurunsesi.net\\\/#organization\"},\"potentialAction\":[{\"@type\":\"SearchAction\",\"target\":{\"@type\":\"EntryPoint\",\"urlTemplate\":\"https:\\\/\\\/memurunsesi.net\\\/?s={search_term_string}\"},\"query-input\":{\"@type\":\"PropertyValueSpecification\",\"valueRequired\":true,\"valueName\":\"search_term_string\"}}],\"inLanguage\":\"tr\"},{\"@type\":\"Organization\",\"@id\":\"https:\\\/\\\/memurunsesi.net\\\/#organization\",\"name\":\"Memurun Sesi\",\"url\":\"https:\\\/\\\/memurunsesi.net\\\/\",\"logo\":{\"@type\":\"ImageObject\",\"inLanguage\":\"tr\",\"@id\":\"https:\\\/\\\/memurunsesi.net\\\/#\\\/schema\\\/logo\\\/image\\\/\",\"url\":\"https:\\\/\\\/memurunsesi.net\\\/wp-content\\\/uploads\\\/2025\\\/11\\\/cropped-MEMURUN-SESI.png\",\"contentUrl\":\"https:\\\/\\\/memurunsesi.net\\\/wp-content\\\/uploads\\\/2025\\\/11\\\/cropped-MEMURUN-SESI.png\",\"width\":238,\"height\":57,\"caption\":\"Memurun Sesi\"},\"image\":{\"@id\":\"https:\\\/\\\/memurunsesi.net\\\/#\\\/schema\\\/logo\\\/image\\\/\"},\"sameAs\":[\"https:\\\/\\\/www.facebook.com\\\/unipersen\\\/?locale=tr_TR\",\"https:\\\/\\\/x.com\\\/unipersen\"]},{\"@type\":\"Person\",\"@id\":\"https:\\\/\\\/memurunsesi.net\\\/#\\\/schema\\\/person\\\/f21c2d73b89f6ee1d80b0a1803e38587\",\"name\":\"Memurun Sesi Haber Merkezi\",\"image\":{\"@type\":\"ImageObject\",\"inLanguage\":\"tr\",\"@id\":\"https:\\\/\\\/secure.gravatar.com\\\/avatar\\\/6cf0505f452ee753f485014986fab09a434671d2b919ee76fc541025c5876a70?s=96&d=mm&r=g\",\"url\":\"https:\\\/\\\/secure.gravatar.com\\\/avatar\\\/6cf0505f452ee753f485014986fab09a434671d2b919ee76fc541025c5876a70?s=96&d=mm&r=g\",\"contentUrl\":\"https:\\\/\\\/secure.gravatar.com\\\/avatar\\\/6cf0505f452ee753f485014986fab09a434671d2b919ee76fc541025c5876a70?s=96&d=mm&r=g\",\"caption\":\"Memurun Sesi Haber Merkezi\"},\"sameAs\":[\"https:\\\/\\\/memurunsesi.net\"],\"url\":\"https:\\\/\\\/memurunsesi.net\\\/index.php\\\/author\\\/uniper\\\/\"}]}<\/script>\n<!-- \/ Yoast SEO plugin. -->","yoast_head_json":{"title":"Ata\u015fehir'de makas kazas\u0131 : 2 hafif yaral\u0131 - Memurun Sesi","description":"\u00a0Ata\u015fehir TEM Otoyolu'nda makas atarak ilerleyen bir otomobil, seyir halindeki ba\u015fka bir araca \u00e7arpt\u0131. Kazada 2 ki\u015fi hafif \u015fekilde yaralan\u0131rken, ara\u00e7lardan biri bariyerlere girerek durabildi.","robots":{"index":"index","follow":"follow","max-snippet":"max-snippet:-1","max-image-preview":"max-image-preview:large","max-video-preview":"max-video-preview:-1"},"canonical":"https:\/\/memurunsesi.net\/index.php\/2026\/02\/15\/atasehirde-makas-kazasi-2-hafif-yarali\/","og_locale":"tr_TR","og_type":"article","og_title":"Ata\u015fehir'de makas kazas\u0131 : 2 hafif yaral\u0131 - Memurun Sesi","og_description":"\u00a0Ata\u015fehir TEM Otoyolu'nda makas atarak ilerleyen bir otomobil, seyir halindeki ba\u015fka bir araca \u00e7arpt\u0131. Kazada 2 ki\u015fi hafif \u015fekilde yaralan\u0131rken, ara\u00e7lardan biri bariyerlere girerek durabildi.","og_url":"https:\/\/memurunsesi.net\/index.php\/2026\/02\/15\/atasehirde-makas-kazasi-2-hafif-yarali\/","og_site_name":"Memurun Sesi","article_publisher":"https:\/\/www.facebook.com\/unipersen\/?locale=tr_TR","article_published_time":"2026-02-15T05:53:10+00:00","og_image":[{"width":1080,"height":564,"url":"https:\/\/memurunsesi.net\/wp-content\/uploads\/2026\/02\/makas-2.jpg","type":"image\/jpeg"}],"author":"Memurun Sesi Haber Merkezi","twitter_card":"summary_large_image","twitter_creator":"@unipersen","twitter_site":"@unipersen","twitter_misc":{"Yazan:":"Memurun Sesi Haber Merkezi","Tahmini okuma s\u00fcresi":"2 dakika"},"schema":{"@context":"https:\/\/schema.org","@graph":[{"@type":"Article","@id":"https:\/\/memurunsesi.net\/index.php\/2026\/02\/15\/atasehirde-makas-kazasi-2-hafif-yarali\/#article","isPartOf":{"@id":"https:\/\/memurunsesi.net\/index.php\/2026\/02\/15\/atasehirde-makas-kazasi-2-hafif-yarali\/"},"author":{"name":"Memurun Sesi Haber Merkezi","@id":"https:\/\/memurunsesi.net\/#\/schema\/person\/f21c2d73b89f6ee1d80b0a1803e38587"},"headline":"Ata\u015fehir&#8217;de makas kazas\u0131 : 2 hafif yaral\u0131","datePublished":"2026-02-15T05:53:10+00:00","mainEntityOfPage":{"@id":"https:\/\/memurunsesi.net\/index.php\/2026\/02\/15\/atasehirde-makas-kazasi-2-hafif-yarali\/"},"wordCount":183,"commentCount":0,"publisher":{"@id":"https:\/\/memurunsesi.net\/#organization"},"image":{"@id":"https:\/\/memurunsesi.net\/index.php\/2026\/02\/15\/atasehirde-makas-kazasi-2-hafif-yarali\/#primaryimage"},"thumbnailUrl":"https:\/\/memurunsesi.net\/wp-content\/uploads\/2026\/02\/makas-2.jpg","keywords":["iki yaral\u0131","kaza","trafikte makas"],"articleSection":["T\u00fcm Haberler"],"inLanguage":"tr","potentialAction":[{"@type":"CommentAction","name":"Comment","target":["https:\/\/memurunsesi.net\/index.php\/2026\/02\/15\/atasehirde-makas-kazasi-2-hafif-yarali\/#respond"]}]},{"@type":"WebPage","@id":"https:\/\/memurunsesi.net\/index.php\/2026\/02\/15\/atasehirde-makas-kazasi-2-hafif-yarali\/","url":"https:\/\/memurunsesi.net\/index.php\/2026\/02\/15\/atasehirde-makas-kazasi-2-hafif-yarali\/","name":"Ata\u015fehir'de makas kazas\u0131 : 2 hafif yaral\u0131 - Memurun Sesi","isPartOf":{"@id":"https:\/\/memurunsesi.net\/#website"},"primaryImageOfPage":{"@id":"https:\/\/memurunsesi.net\/index.php\/2026\/02\/15\/atasehirde-makas-kazasi-2-hafif-yarali\/#primaryimage"},"image":{"@id":"https:\/\/memurunsesi.net\/index.php\/2026\/02\/15\/atasehirde-makas-kazasi-2-hafif-yarali\/#primaryimage"},"thumbnailUrl":"https:\/\/memurunsesi.net\/wp-content\/uploads\/2026\/02\/makas-2.jpg","datePublished":"2026-02-15T05:53:10+00:00","description":"\u00a0Ata\u015fehir TEM Otoyolu'nda makas atarak ilerleyen bir otomobil, seyir halindeki ba\u015fka bir araca \u00e7arpt\u0131. Kazada 2 ki\u015fi hafif \u015fekilde yaralan\u0131rken, ara\u00e7lardan biri bariyerlere girerek durabildi.","breadcrumb":{"@id":"https:\/\/memurunsesi.net\/index.php\/2026\/02\/15\/atasehirde-makas-kazasi-2-hafif-yarali\/#breadcrumb"},"inLanguage":"tr","potentialAction":[{"@type":"ReadAction","target":["https:\/\/memurunsesi.net\/index.php\/2026\/02\/15\/atasehirde-makas-kazasi-2-hafif-yarali\/"]}]},{"@type":"ImageObject","inLanguage":"tr","@id":"https:\/\/memurunsesi.net\/index.php\/2026\/02\/15\/atasehirde-makas-kazasi-2-hafif-yarali\/#primaryimage","url":"https:\/\/memurunsesi.net\/wp-content\/uploads\/2026\/02\/makas-2.jpg","contentUrl":"https:\/\/memurunsesi.net\/wp-content\/uploads\/2026\/02\/makas-2.jpg","width":1080,"height":564,"caption":"ATA\u015eEH\u0130R'DE MAKAS KAZASI. : 2 HAF\u0130F YARALI (AHMET EM\u0130N \u015eENT\u00dcRK\/\u0130STANBUL-\u0130HA) Ata\u015fehir TEM Otoyolu'nda makas atarak ilerleyen bir otomobil, seyir halindeki ba\u015fka bir araca \u00e7arpt\u0131. Kazada 2 ki\u015fi hafif \u015fekilde yaralan\u0131rken, ara\u00e7lardan biri bariyerlere girerek durabildi."},{"@type":"BreadcrumbList","@id":"https:\/\/memurunsesi.net\/index.php\/2026\/02\/15\/atasehirde-makas-kazasi-2-hafif-yarali\/#breadcrumb","itemListElement":[{"@type":"ListItem","position":1,"name":"Anasayfa","item":"https:\/\/memurunsesi.net\/"},{"@type":"ListItem","position":2,"name":"Ata\u015fehir&#8217;de makas kazas\u0131 : 2 hafif yaral\u0131"}]},{"@type":"WebSite","@id":"https:\/\/memurunsesi.net\/#website","url":"https:\/\/memurunsesi.net\/","name":"Memurun Sesi","description":"G\u00fcncel ve Do\u011fru Haber","publisher":{"@id":"https:\/\/memurunsesi.net\/#organization"},"potentialAction":[{"@type":"SearchAction","target":{"@type":"EntryPoint","urlTemplate":"https:\/\/memurunsesi.net\/?s={search_term_string}"},"query-input":{"@type":"PropertyValueSpecification","valueRequired":true,"valueName":"search_term_string"}}],"inLanguage":"tr"},{"@type":"Organization","@id":"https:\/\/memurunsesi.net\/#organization","name":"Memurun Sesi","url":"https:\/\/memurunsesi.net\/","logo":{"@type":"ImageObject","inLanguage":"tr","@id":"https:\/\/memurunsesi.net\/#\/schema\/logo\/image\/","url":"https:\/\/memurunsesi.net\/wp-content\/uploads\/2025\/11\/cropped-MEMURUN-SESI.png","contentUrl":"https:\/\/memurunsesi.net\/wp-content\/uploads\/2025\/11\/cropped-MEMURUN-SESI.png","width":238,"height":57,"caption":"Memurun Sesi"},"image":{"@id":"https:\/\/memurunsesi.net\/#\/schema\/logo\/image\/"},"sameAs":["https:\/\/www.facebook.com\/unipersen\/?locale=tr_TR","https:\/\/x.com\/unipersen"]},{"@type":"Person","@id":"https:\/\/memurunsesi.net\/#\/schema\/person\/f21c2d73b89f6ee1d80b0a1803e38587","name":"Memurun Sesi Haber Merkezi","image":{"@type":"ImageObject","inLanguage":"tr","@id":"https:\/\/secure.gravatar.com\/avatar\/6cf0505f452ee753f485014986fab09a434671d2b919ee76fc541025c5876a70?s=96&d=mm&r=g","url":"https:\/\/secure.gravatar.com\/avatar\/6cf0505f452ee753f485014986fab09a434671d2b919ee76fc541025c5876a70?s=96&d=mm&r=g","contentUrl":"https:\/\/secure.gravatar.com\/avatar\/6cf0505f452ee753f485014986fab09a434671d2b919ee76fc541025c5876a70?s=96&d=mm&r=g","caption":"Memurun Sesi Haber Merkezi"},"sameAs":["https:\/\/memurunsesi.net"],"url":"https:\/\/memurunsesi.net\/index.php\/author\/uniper\/"}]}},"_links":{"self":[{"href":"https:\/\/memurunsesi.net\/index.php\/wp-json\/wp\/v2\/posts\/17484","targetHints":{"allow":["GET"]}}],"collection":[{"href":"https:\/\/memurunsesi.net\/index.php\/wp-json\/wp\/v2\/posts"}],"about":[{"href":"https:\/\/memurunsesi.net\/index.php\/wp-json\/wp\/v2\/types\/post"}],"author":[{"embeddable":true,"href":"https:\/\/memurunsesi.net\/index.php\/wp-json\/wp\/v2\/users\/1"}],"replies":[{"embeddable":true,"href":"https:\/\/memurunsesi.net\/index.php\/wp-json\/wp\/v2\/comments?post=17484"}],"version-history":[{"count":1,"href":"https:\/\/memurunsesi.net\/index.php\/wp-json\/wp\/v2\/posts\/17484\/revisions"}],"predecessor-version":[{"id":17486,"href":"https:\/\/memurunsesi.net\/index.php\/wp-json\/wp\/v2\/posts\/17484\/revisions\/17486"}],"wp:featuredmedia":[{"embeddable":true,"href":"https:\/\/memurunsesi.net\/index.php\/wp-json\/wp\/v2\/media\/17485"}],"wp:attachment":[{"href":"https:\/\/memurunsesi.net\/index.php\/wp-json\/wp\/v2\/media?parent=17484"}],"wp:term":[{"taxonomy":"category","embeddable":true,"href":"https:\/\/memurunsesi.net\/index.php\/wp-json\/wp\/v2\/categories?post=17484"},{"taxonomy":"post_tag","embeddable":true,"href":"https:\/\/memurunsesi.net\/index.php\/wp-json\/wp\/v2\/tags?post=17484"}],"curies":[{"name":"wp","href":"https:\/\/api.w.org\/{rel}","templated":true}]}}