{"id":17489,"date":"2026-02-15T08:56:29","date_gmt":"2026-02-15T05:56:29","guid":{"rendered":"https:\/\/memurunsesi.net\/?p=17489"},"modified":"2026-02-15T08:56:29","modified_gmt":"2026-02-15T05:56:29","slug":"uskudarda-kontrolden-cikan-otomobil-iki-araca-carparak-takla-atti","status":"publish","type":"post","link":"https:\/\/memurunsesi.net\/index.php\/2026\/02\/15\/uskudarda-kontrolden-cikan-otomobil-iki-araca-carparak-takla-atti\/","title":{"rendered":"\u00dcsk\u00fcdar&#8217;da kontrolden \u00e7\u0131kan otomobil iki araca \u00e7arparak takla att\u0131"},"content":{"rendered":"<p>\u00dcsk\u00fcdar&#8217;da s\u00fcr\u00fcc\u00fcs\u00fcn\u00fcn direksiyon hakimiyetini kaybetti\u011fi otomobil, yol kenar\u0131nda park halindeki iki araca \u00e7arparak takla att\u0131. Kazada s\u00fcr\u00fcc\u00fc hafif yaralan\u0131rken, ara\u00e7larda b\u00fcy\u00fck \u00e7apta maddi hasar meydana geldi.<br \/>\nKaza, saat 5.00 s\u0131ralar\u0131nda \u0130cadiye Mahallesi Ayarc\u0131ba\u015f\u0131 Sokak \u00fczerinde meydana geldi. Edinilen bilgiye g\u00f6re, 34 GJT 218 plakal\u0131 otomobilin s\u00fcr\u00fcc\u00fcs\u00fc, sokak \u00fczerinde seyir halindeyken hen\u00fcz bilinmeyen bir nedenle direksiyon hakimiyetini kaybetti. Kontrolden \u00e7\u0131kan otomobil, \u00f6nce yol kenar\u0131nda park halinde bulunan iki araca \u00e7arpt\u0131, ard\u0131ndan \u00e7arpman\u0131n etkisiyle savrularak takla att\u0131.<\/p>\n<p>Takla atan otomobilin i\u00e7erisinden kendi imkanlar\u0131yla \u00e7\u0131kan s\u00fcr\u00fcc\u00fc, kazay\u0131 \u015fans eseri hafif s\u0131yr\u0131klarla atlatt\u0131. \u00c7evredeki vatanda\u015flar\u0131n ihbar\u0131 \u00fczerine olay yerine polis ve sa\u011fl\u0131k ekipleri sevk edildi. Yaral\u0131 s\u00fcr\u00fcc\u00fcye olay yerinde m\u00fcdahale edilirken, tedbir ama\u00e7l\u0131 hastaneye kald\u0131r\u0131ld\u0131\u011f\u0131 \u00f6\u011frenildi.<\/p>\n<p>Ayarc\u0131ba\u015f\u0131 Sokak&#8217;ta b\u00fcy\u00fck bir g\u00fcr\u00fclt\u00fcyle meydana gelen kaza sonras\u0131 mahalle sakinleri k\u0131sa s\u00fcreli panik ya\u015fad\u0131. Park halindeki ara\u00e7larda ve takla atan otomobilde ciddi maddi hasar olu\u015furken, kaza yapan arac\u0131n \u00e7ekici yard\u0131m\u0131yla kald\u0131r\u0131lmas\u0131n\u0131n ard\u0131ndan sokaktaki trafik ak\u0131\u015f\u0131 normale d\u00f6nd\u00fc.<br \/>\nPolis ekipleri kazayla ilgili inceleme ba\u015flatt\u0131.<\/p>\n<p>15.02.2026<\/p>\n","protected":false},"excerpt":{"rendered":"<p>\u00dcsk\u00fcdar&#8217;da s\u00fcr\u00fcc\u00fcs\u00fcn\u00fcn direksiyon hakimiyetini kaybetti\u011fi otomobil, yol kenar\u0131nda park halindeki iki araca \u00e7arparak takla att\u0131. Kazada s\u00fcr\u00fcc\u00fc hafif yaralan\u0131rken, ara\u00e7larda b\u00fcy\u00fck \u00e7apta maddi hasar meydana geldi. Kaza, saat 5.00 s\u0131ralar\u0131nda \u0130cadiye Mahallesi Ayarc\u0131ba\u015f\u0131 Sokak \u00fczerinde meydana geldi. Edinilen bilgiye g\u00f6re, 34 GJT 218 plakal\u0131 otomobilin s\u00fcr\u00fcc\u00fcs\u00fc, sokak \u00fczerinde seyir halindeyken hen\u00fcz bilinmeyen bir nedenle direksiyon [&hellip;]<\/p>\n","protected":false},"author":1,"featured_media":17490,"comment_status":"open","ping_status":"open","sticky":false,"template":"","format":"standard","meta":{"footnotes":""},"categories":[45],"tags":[1220,1219,1221],"class_list":["post-17489","post","type-post","status-publish","format-standard","has-post-thumbnail","hentry","category-gundem","tag-araclara-carpti","tag-park-etmis","tag-takla-atti"],"yoast_head":"<!-- This site is optimized with the Yoast SEO plugin v27.4 - https:\/\/yoast.com\/product\/yoast-seo-wordpress\/ -->\n<title>\u00dcsk\u00fcdar&#039;da kontrolden \u00e7\u0131kan otomobil iki araca \u00e7arparak takla att\u0131 - Memurun Sesi<\/title>\n<meta name=\"description\" content=\"\u00dcsk\u00fcdar&#039;da s\u00fcr\u00fcc\u00fcs\u00fcn\u00fcn direksiyon hakimiyetini kaybetti\u011fi otomobil, yol kenar\u0131nda park halindeki iki araca \u00e7arparak takla att\u0131. Kazada s\u00fcr\u00fcc\u00fc hafif yaralan\u0131rken, ara\u00e7larda b\u00fcy\u00fck \u00e7apta maddi hasar meydana geldi.\" \/>\n<meta name=\"robots\" content=\"index, follow, max-snippet:-1, max-image-preview:large, max-video-preview:-1\" \/>\n<link rel=\"canonical\" href=\"https:\/\/memurunsesi.net\/index.php\/2026\/02\/15\/uskudarda-kontrolden-cikan-otomobil-iki-araca-carparak-takla-atti\/\" \/>\n<meta property=\"og:locale\" content=\"tr_TR\" \/>\n<meta property=\"og:type\" content=\"article\" \/>\n<meta property=\"og:title\" content=\"\u00dcsk\u00fcdar&#039;da kontrolden \u00e7\u0131kan otomobil iki araca \u00e7arparak takla att\u0131 - Memurun Sesi\" \/>\n<meta property=\"og:description\" content=\"\u00dcsk\u00fcdar&#039;da s\u00fcr\u00fcc\u00fcs\u00fcn\u00fcn direksiyon hakimiyetini kaybetti\u011fi otomobil, yol kenar\u0131nda park halindeki iki araca \u00e7arparak takla att\u0131. Kazada s\u00fcr\u00fcc\u00fc hafif yaralan\u0131rken, ara\u00e7larda b\u00fcy\u00fck \u00e7apta maddi hasar meydana geldi.\" \/>\n<meta property=\"og:url\" content=\"https:\/\/memurunsesi.net\/index.php\/2026\/02\/15\/uskudarda-kontrolden-cikan-otomobil-iki-araca-carparak-takla-atti\/\" \/>\n<meta property=\"og:site_name\" content=\"Memurun Sesi\" \/>\n<meta property=\"article:publisher\" content=\"https:\/\/www.facebook.com\/unipersen\/?locale=tr_TR\" \/>\n<meta property=\"article:published_time\" content=\"2026-02-15T05:56:29+00:00\" \/>\n<meta property=\"og:image\" content=\"https:\/\/memurunsesi.net\/wp-content\/uploads\/2026\/02\/park-etmis.jpg\" \/>\n\t<meta property=\"og:image:width\" content=\"1600\" \/>\n\t<meta property=\"og:image:height\" content=\"900\" \/>\n\t<meta property=\"og:image:type\" content=\"image\/jpeg\" \/>\n<meta name=\"author\" content=\"Memurun Sesi Haber Merkezi\" \/>\n<meta name=\"twitter:card\" content=\"summary_large_image\" \/>\n<meta name=\"twitter:creator\" content=\"@unipersen\" \/>\n<meta name=\"twitter:site\" content=\"@unipersen\" \/>\n<meta name=\"twitter:label1\" content=\"Yazan:\" \/>\n\t<meta name=\"twitter:data1\" content=\"Memurun Sesi Haber Merkezi\" \/>\n\t<meta name=\"twitter:label2\" content=\"Tahmini okuma s\u00fcresi\" \/>\n\t<meta name=\"twitter:data2\" content=\"2 dakika\" \/>\n<script type=\"application\/ld+json\" class=\"yoast-schema-graph\">{\"@context\":\"https:\\\/\\\/schema.org\",\"@graph\":[{\"@type\":\"Article\",\"@id\":\"https:\\\/\\\/memurunsesi.net\\\/index.php\\\/2026\\\/02\\\/15\\\/uskudarda-kontrolden-cikan-otomobil-iki-araca-carparak-takla-atti\\\/#article\",\"isPartOf\":{\"@id\":\"https:\\\/\\\/memurunsesi.net\\\/index.php\\\/2026\\\/02\\\/15\\\/uskudarda-kontrolden-cikan-otomobil-iki-araca-carparak-takla-atti\\\/\"},\"author\":{\"name\":\"Memurun Sesi Haber Merkezi\",\"@id\":\"https:\\\/\\\/memurunsesi.net\\\/#\\\/schema\\\/person\\\/f21c2d73b89f6ee1d80b0a1803e38587\"},\"headline\":\"\u00dcsk\u00fcdar&#8217;da kontrolden \u00e7\u0131kan otomobil iki araca \u00e7arparak takla att\u0131\",\"datePublished\":\"2026-02-15T05:56:29+00:00\",\"mainEntityOfPage\":{\"@id\":\"https:\\\/\\\/memurunsesi.net\\\/index.php\\\/2026\\\/02\\\/15\\\/uskudarda-kontrolden-cikan-otomobil-iki-araca-carparak-takla-atti\\\/\"},\"wordCount\":229,\"commentCount\":0,\"publisher\":{\"@id\":\"https:\\\/\\\/memurunsesi.net\\\/#organization\"},\"image\":{\"@id\":\"https:\\\/\\\/memurunsesi.net\\\/index.php\\\/2026\\\/02\\\/15\\\/uskudarda-kontrolden-cikan-otomobil-iki-araca-carparak-takla-atti\\\/#primaryimage\"},\"thumbnailUrl\":\"https:\\\/\\\/memurunsesi.net\\\/wp-content\\\/uploads\\\/2026\\\/02\\\/park-etmis.jpg\",\"keywords\":[\"ara\u00e7lara \u00e7arpt\u0131\",\"park etmi\u015f\",\"takla att\u0131\"],\"articleSection\":[\"G\u00fcndem\"],\"inLanguage\":\"tr\",\"potentialAction\":[{\"@type\":\"CommentAction\",\"name\":\"Comment\",\"target\":[\"https:\\\/\\\/memurunsesi.net\\\/index.php\\\/2026\\\/02\\\/15\\\/uskudarda-kontrolden-cikan-otomobil-iki-araca-carparak-takla-atti\\\/#respond\"]}]},{\"@type\":\"WebPage\",\"@id\":\"https:\\\/\\\/memurunsesi.net\\\/index.php\\\/2026\\\/02\\\/15\\\/uskudarda-kontrolden-cikan-otomobil-iki-araca-carparak-takla-atti\\\/\",\"url\":\"https:\\\/\\\/memurunsesi.net\\\/index.php\\\/2026\\\/02\\\/15\\\/uskudarda-kontrolden-cikan-otomobil-iki-araca-carparak-takla-atti\\\/\",\"name\":\"\u00dcsk\u00fcdar'da kontrolden \u00e7\u0131kan otomobil iki araca \u00e7arparak takla att\u0131 - Memurun Sesi\",\"isPartOf\":{\"@id\":\"https:\\\/\\\/memurunsesi.net\\\/#website\"},\"primaryImageOfPage\":{\"@id\":\"https:\\\/\\\/memurunsesi.net\\\/index.php\\\/2026\\\/02\\\/15\\\/uskudarda-kontrolden-cikan-otomobil-iki-araca-carparak-takla-atti\\\/#primaryimage\"},\"image\":{\"@id\":\"https:\\\/\\\/memurunsesi.net\\\/index.php\\\/2026\\\/02\\\/15\\\/uskudarda-kontrolden-cikan-otomobil-iki-araca-carparak-takla-atti\\\/#primaryimage\"},\"thumbnailUrl\":\"https:\\\/\\\/memurunsesi.net\\\/wp-content\\\/uploads\\\/2026\\\/02\\\/park-etmis.jpg\",\"datePublished\":\"2026-02-15T05:56:29+00:00\",\"description\":\"\u00dcsk\u00fcdar'da s\u00fcr\u00fcc\u00fcs\u00fcn\u00fcn direksiyon hakimiyetini kaybetti\u011fi otomobil, yol kenar\u0131nda park halindeki iki araca \u00e7arparak takla att\u0131. Kazada s\u00fcr\u00fcc\u00fc hafif yaralan\u0131rken, ara\u00e7larda b\u00fcy\u00fck \u00e7apta maddi hasar meydana geldi.\",\"breadcrumb\":{\"@id\":\"https:\\\/\\\/memurunsesi.net\\\/index.php\\\/2026\\\/02\\\/15\\\/uskudarda-kontrolden-cikan-otomobil-iki-araca-carparak-takla-atti\\\/#breadcrumb\"},\"inLanguage\":\"tr\",\"potentialAction\":[{\"@type\":\"ReadAction\",\"target\":[\"https:\\\/\\\/memurunsesi.net\\\/index.php\\\/2026\\\/02\\\/15\\\/uskudarda-kontrolden-cikan-otomobil-iki-araca-carparak-takla-atti\\\/\"]}]},{\"@type\":\"ImageObject\",\"inLanguage\":\"tr\",\"@id\":\"https:\\\/\\\/memurunsesi.net\\\/index.php\\\/2026\\\/02\\\/15\\\/uskudarda-kontrolden-cikan-otomobil-iki-araca-carparak-takla-atti\\\/#primaryimage\",\"url\":\"https:\\\/\\\/memurunsesi.net\\\/wp-content\\\/uploads\\\/2026\\\/02\\\/park-etmis.jpg\",\"contentUrl\":\"https:\\\/\\\/memurunsesi.net\\\/wp-content\\\/uploads\\\/2026\\\/02\\\/park-etmis.jpg\",\"width\":1600,\"height\":900,\"caption\":\"\u00dcSK\u00dcDAR'DA KONTROLDEN \u00c7IKAN OTOMOB\u0130L \u0130K\u0130 ARACA \u00c7ARPARAK TAKLA ATTI (AHMET EM\u0130N \u015eENT\u00dcRK - VAH\u0130T ALDI\\\/\u0130STANBUL-\u0130HA) \u00dcsk\u00fcdar'da s\u00fcr\u00fcc\u00fcs\u00fcn\u00fcn direksiyon hakimiyetini kaybetti\u011fi otomobil, yol kenar\u0131nda park halindeki iki araca \u00e7arparak takla att\u0131. Kazada s\u00fcr\u00fcc\u00fc hafif yaralan\u0131rken, ara\u00e7larda b\u00fcy\u00fck \u00e7apta maddi hasar meydana geldi.\"},{\"@type\":\"BreadcrumbList\",\"@id\":\"https:\\\/\\\/memurunsesi.net\\\/index.php\\\/2026\\\/02\\\/15\\\/uskudarda-kontrolden-cikan-otomobil-iki-araca-carparak-takla-atti\\\/#breadcrumb\",\"itemListElement\":[{\"@type\":\"ListItem\",\"position\":1,\"name\":\"Anasayfa\",\"item\":\"https:\\\/\\\/memurunsesi.net\\\/\"},{\"@type\":\"ListItem\",\"position\":2,\"name\":\"\u00dcsk\u00fcdar&#8217;da kontrolden \u00e7\u0131kan otomobil iki araca \u00e7arparak takla att\u0131\"}]},{\"@type\":\"WebSite\",\"@id\":\"https:\\\/\\\/memurunsesi.net\\\/#website\",\"url\":\"https:\\\/\\\/memurunsesi.net\\\/\",\"name\":\"Memurun Sesi\",\"description\":\"G\u00fcncel ve Do\u011fru Haber\",\"publisher\":{\"@id\":\"https:\\\/\\\/memurunsesi.net\\\/#organization\"},\"potentialAction\":[{\"@type\":\"SearchAction\",\"target\":{\"@type\":\"EntryPoint\",\"urlTemplate\":\"https:\\\/\\\/memurunsesi.net\\\/?s={search_term_string}\"},\"query-input\":{\"@type\":\"PropertyValueSpecification\",\"valueRequired\":true,\"valueName\":\"search_term_string\"}}],\"inLanguage\":\"tr\"},{\"@type\":\"Organization\",\"@id\":\"https:\\\/\\\/memurunsesi.net\\\/#organization\",\"name\":\"Memurun Sesi\",\"url\":\"https:\\\/\\\/memurunsesi.net\\\/\",\"logo\":{\"@type\":\"ImageObject\",\"inLanguage\":\"tr\",\"@id\":\"https:\\\/\\\/memurunsesi.net\\\/#\\\/schema\\\/logo\\\/image\\\/\",\"url\":\"https:\\\/\\\/memurunsesi.net\\\/wp-content\\\/uploads\\\/2025\\\/11\\\/cropped-MEMURUN-SESI.png\",\"contentUrl\":\"https:\\\/\\\/memurunsesi.net\\\/wp-content\\\/uploads\\\/2025\\\/11\\\/cropped-MEMURUN-SESI.png\",\"width\":238,\"height\":57,\"caption\":\"Memurun Sesi\"},\"image\":{\"@id\":\"https:\\\/\\\/memurunsesi.net\\\/#\\\/schema\\\/logo\\\/image\\\/\"},\"sameAs\":[\"https:\\\/\\\/www.facebook.com\\\/unipersen\\\/?locale=tr_TR\",\"https:\\\/\\\/x.com\\\/unipersen\"]},{\"@type\":\"Person\",\"@id\":\"https:\\\/\\\/memurunsesi.net\\\/#\\\/schema\\\/person\\\/f21c2d73b89f6ee1d80b0a1803e38587\",\"name\":\"Memurun Sesi Haber Merkezi\",\"image\":{\"@type\":\"ImageObject\",\"inLanguage\":\"tr\",\"@id\":\"https:\\\/\\\/secure.gravatar.com\\\/avatar\\\/6cf0505f452ee753f485014986fab09a434671d2b919ee76fc541025c5876a70?s=96&d=mm&r=g\",\"url\":\"https:\\\/\\\/secure.gravatar.com\\\/avatar\\\/6cf0505f452ee753f485014986fab09a434671d2b919ee76fc541025c5876a70?s=96&d=mm&r=g\",\"contentUrl\":\"https:\\\/\\\/secure.gravatar.com\\\/avatar\\\/6cf0505f452ee753f485014986fab09a434671d2b919ee76fc541025c5876a70?s=96&d=mm&r=g\",\"caption\":\"Memurun Sesi Haber Merkezi\"},\"sameAs\":[\"https:\\\/\\\/memurunsesi.net\"],\"url\":\"https:\\\/\\\/memurunsesi.net\\\/index.php\\\/author\\\/uniper\\\/\"}]}<\/script>\n<!-- \/ Yoast SEO plugin. -->","yoast_head_json":{"title":"\u00dcsk\u00fcdar'da kontrolden \u00e7\u0131kan otomobil iki araca \u00e7arparak takla att\u0131 - Memurun Sesi","description":"\u00dcsk\u00fcdar'da s\u00fcr\u00fcc\u00fcs\u00fcn\u00fcn direksiyon hakimiyetini kaybetti\u011fi otomobil, yol kenar\u0131nda park halindeki iki araca \u00e7arparak takla att\u0131. Kazada s\u00fcr\u00fcc\u00fc hafif yaralan\u0131rken, ara\u00e7larda b\u00fcy\u00fck \u00e7apta maddi hasar meydana geldi.","robots":{"index":"index","follow":"follow","max-snippet":"max-snippet:-1","max-image-preview":"max-image-preview:large","max-video-preview":"max-video-preview:-1"},"canonical":"https:\/\/memurunsesi.net\/index.php\/2026\/02\/15\/uskudarda-kontrolden-cikan-otomobil-iki-araca-carparak-takla-atti\/","og_locale":"tr_TR","og_type":"article","og_title":"\u00dcsk\u00fcdar'da kontrolden \u00e7\u0131kan otomobil iki araca \u00e7arparak takla att\u0131 - Memurun Sesi","og_description":"\u00dcsk\u00fcdar'da s\u00fcr\u00fcc\u00fcs\u00fcn\u00fcn direksiyon hakimiyetini kaybetti\u011fi otomobil, yol kenar\u0131nda park halindeki iki araca \u00e7arparak takla att\u0131. Kazada s\u00fcr\u00fcc\u00fc hafif yaralan\u0131rken, ara\u00e7larda b\u00fcy\u00fck \u00e7apta maddi hasar meydana geldi.","og_url":"https:\/\/memurunsesi.net\/index.php\/2026\/02\/15\/uskudarda-kontrolden-cikan-otomobil-iki-araca-carparak-takla-atti\/","og_site_name":"Memurun Sesi","article_publisher":"https:\/\/www.facebook.com\/unipersen\/?locale=tr_TR","article_published_time":"2026-02-15T05:56:29+00:00","og_image":[{"width":1600,"height":900,"url":"https:\/\/memurunsesi.net\/wp-content\/uploads\/2026\/02\/park-etmis.jpg","type":"image\/jpeg"}],"author":"Memurun Sesi Haber Merkezi","twitter_card":"summary_large_image","twitter_creator":"@unipersen","twitter_site":"@unipersen","twitter_misc":{"Yazan:":"Memurun Sesi Haber Merkezi","Tahmini okuma s\u00fcresi":"2 dakika"},"schema":{"@context":"https:\/\/schema.org","@graph":[{"@type":"Article","@id":"https:\/\/memurunsesi.net\/index.php\/2026\/02\/15\/uskudarda-kontrolden-cikan-otomobil-iki-araca-carparak-takla-atti\/#article","isPartOf":{"@id":"https:\/\/memurunsesi.net\/index.php\/2026\/02\/15\/uskudarda-kontrolden-cikan-otomobil-iki-araca-carparak-takla-atti\/"},"author":{"name":"Memurun Sesi Haber Merkezi","@id":"https:\/\/memurunsesi.net\/#\/schema\/person\/f21c2d73b89f6ee1d80b0a1803e38587"},"headline":"\u00dcsk\u00fcdar&#8217;da kontrolden \u00e7\u0131kan otomobil iki araca \u00e7arparak takla att\u0131","datePublished":"2026-02-15T05:56:29+00:00","mainEntityOfPage":{"@id":"https:\/\/memurunsesi.net\/index.php\/2026\/02\/15\/uskudarda-kontrolden-cikan-otomobil-iki-araca-carparak-takla-atti\/"},"wordCount":229,"commentCount":0,"publisher":{"@id":"https:\/\/memurunsesi.net\/#organization"},"image":{"@id":"https:\/\/memurunsesi.net\/index.php\/2026\/02\/15\/uskudarda-kontrolden-cikan-otomobil-iki-araca-carparak-takla-atti\/#primaryimage"},"thumbnailUrl":"https:\/\/memurunsesi.net\/wp-content\/uploads\/2026\/02\/park-etmis.jpg","keywords":["ara\u00e7lara \u00e7arpt\u0131","park etmi\u015f","takla att\u0131"],"articleSection":["G\u00fcndem"],"inLanguage":"tr","potentialAction":[{"@type":"CommentAction","name":"Comment","target":["https:\/\/memurunsesi.net\/index.php\/2026\/02\/15\/uskudarda-kontrolden-cikan-otomobil-iki-araca-carparak-takla-atti\/#respond"]}]},{"@type":"WebPage","@id":"https:\/\/memurunsesi.net\/index.php\/2026\/02\/15\/uskudarda-kontrolden-cikan-otomobil-iki-araca-carparak-takla-atti\/","url":"https:\/\/memurunsesi.net\/index.php\/2026\/02\/15\/uskudarda-kontrolden-cikan-otomobil-iki-araca-carparak-takla-atti\/","name":"\u00dcsk\u00fcdar'da kontrolden \u00e7\u0131kan otomobil iki araca \u00e7arparak takla att\u0131 - Memurun Sesi","isPartOf":{"@id":"https:\/\/memurunsesi.net\/#website"},"primaryImageOfPage":{"@id":"https:\/\/memurunsesi.net\/index.php\/2026\/02\/15\/uskudarda-kontrolden-cikan-otomobil-iki-araca-carparak-takla-atti\/#primaryimage"},"image":{"@id":"https:\/\/memurunsesi.net\/index.php\/2026\/02\/15\/uskudarda-kontrolden-cikan-otomobil-iki-araca-carparak-takla-atti\/#primaryimage"},"thumbnailUrl":"https:\/\/memurunsesi.net\/wp-content\/uploads\/2026\/02\/park-etmis.jpg","datePublished":"2026-02-15T05:56:29+00:00","description":"\u00dcsk\u00fcdar'da s\u00fcr\u00fcc\u00fcs\u00fcn\u00fcn direksiyon hakimiyetini kaybetti\u011fi otomobil, yol kenar\u0131nda park halindeki iki araca \u00e7arparak takla att\u0131. Kazada s\u00fcr\u00fcc\u00fc hafif yaralan\u0131rken, ara\u00e7larda b\u00fcy\u00fck \u00e7apta maddi hasar meydana geldi.","breadcrumb":{"@id":"https:\/\/memurunsesi.net\/index.php\/2026\/02\/15\/uskudarda-kontrolden-cikan-otomobil-iki-araca-carparak-takla-atti\/#breadcrumb"},"inLanguage":"tr","potentialAction":[{"@type":"ReadAction","target":["https:\/\/memurunsesi.net\/index.php\/2026\/02\/15\/uskudarda-kontrolden-cikan-otomobil-iki-araca-carparak-takla-atti\/"]}]},{"@type":"ImageObject","inLanguage":"tr","@id":"https:\/\/memurunsesi.net\/index.php\/2026\/02\/15\/uskudarda-kontrolden-cikan-otomobil-iki-araca-carparak-takla-atti\/#primaryimage","url":"https:\/\/memurunsesi.net\/wp-content\/uploads\/2026\/02\/park-etmis.jpg","contentUrl":"https:\/\/memurunsesi.net\/wp-content\/uploads\/2026\/02\/park-etmis.jpg","width":1600,"height":900,"caption":"\u00dcSK\u00dcDAR'DA KONTROLDEN \u00c7IKAN OTOMOB\u0130L \u0130K\u0130 ARACA \u00c7ARPARAK TAKLA ATTI (AHMET EM\u0130N \u015eENT\u00dcRK - VAH\u0130T ALDI\/\u0130STANBUL-\u0130HA) \u00dcsk\u00fcdar'da s\u00fcr\u00fcc\u00fcs\u00fcn\u00fcn direksiyon hakimiyetini kaybetti\u011fi otomobil, yol kenar\u0131nda park halindeki iki araca \u00e7arparak takla att\u0131. Kazada s\u00fcr\u00fcc\u00fc hafif yaralan\u0131rken, ara\u00e7larda b\u00fcy\u00fck \u00e7apta maddi hasar meydana geldi."},{"@type":"BreadcrumbList","@id":"https:\/\/memurunsesi.net\/index.php\/2026\/02\/15\/uskudarda-kontrolden-cikan-otomobil-iki-araca-carparak-takla-atti\/#breadcrumb","itemListElement":[{"@type":"ListItem","position":1,"name":"Anasayfa","item":"https:\/\/memurunsesi.net\/"},{"@type":"ListItem","position":2,"name":"\u00dcsk\u00fcdar&#8217;da kontrolden \u00e7\u0131kan otomobil iki araca \u00e7arparak takla att\u0131"}]},{"@type":"WebSite","@id":"https:\/\/memurunsesi.net\/#website","url":"https:\/\/memurunsesi.net\/","name":"Memurun Sesi","description":"G\u00fcncel ve Do\u011fru Haber","publisher":{"@id":"https:\/\/memurunsesi.net\/#organization"},"potentialAction":[{"@type":"SearchAction","target":{"@type":"EntryPoint","urlTemplate":"https:\/\/memurunsesi.net\/?s={search_term_string}"},"query-input":{"@type":"PropertyValueSpecification","valueRequired":true,"valueName":"search_term_string"}}],"inLanguage":"tr"},{"@type":"Organization","@id":"https:\/\/memurunsesi.net\/#organization","name":"Memurun Sesi","url":"https:\/\/memurunsesi.net\/","logo":{"@type":"ImageObject","inLanguage":"tr","@id":"https:\/\/memurunsesi.net\/#\/schema\/logo\/image\/","url":"https:\/\/memurunsesi.net\/wp-content\/uploads\/2025\/11\/cropped-MEMURUN-SESI.png","contentUrl":"https:\/\/memurunsesi.net\/wp-content\/uploads\/2025\/11\/cropped-MEMURUN-SESI.png","width":238,"height":57,"caption":"Memurun Sesi"},"image":{"@id":"https:\/\/memurunsesi.net\/#\/schema\/logo\/image\/"},"sameAs":["https:\/\/www.facebook.com\/unipersen\/?locale=tr_TR","https:\/\/x.com\/unipersen"]},{"@type":"Person","@id":"https:\/\/memurunsesi.net\/#\/schema\/person\/f21c2d73b89f6ee1d80b0a1803e38587","name":"Memurun Sesi Haber Merkezi","image":{"@type":"ImageObject","inLanguage":"tr","@id":"https:\/\/secure.gravatar.com\/avatar\/6cf0505f452ee753f485014986fab09a434671d2b919ee76fc541025c5876a70?s=96&d=mm&r=g","url":"https:\/\/secure.gravatar.com\/avatar\/6cf0505f452ee753f485014986fab09a434671d2b919ee76fc541025c5876a70?s=96&d=mm&r=g","contentUrl":"https:\/\/secure.gravatar.com\/avatar\/6cf0505f452ee753f485014986fab09a434671d2b919ee76fc541025c5876a70?s=96&d=mm&r=g","caption":"Memurun Sesi Haber Merkezi"},"sameAs":["https:\/\/memurunsesi.net"],"url":"https:\/\/memurunsesi.net\/index.php\/author\/uniper\/"}]}},"_links":{"self":[{"href":"https:\/\/memurunsesi.net\/index.php\/wp-json\/wp\/v2\/posts\/17489","targetHints":{"allow":["GET"]}}],"collection":[{"href":"https:\/\/memurunsesi.net\/index.php\/wp-json\/wp\/v2\/posts"}],"about":[{"href":"https:\/\/memurunsesi.net\/index.php\/wp-json\/wp\/v2\/types\/post"}],"author":[{"embeddable":true,"href":"https:\/\/memurunsesi.net\/index.php\/wp-json\/wp\/v2\/users\/1"}],"replies":[{"embeddable":true,"href":"https:\/\/memurunsesi.net\/index.php\/wp-json\/wp\/v2\/comments?post=17489"}],"version-history":[{"count":1,"href":"https:\/\/memurunsesi.net\/index.php\/wp-json\/wp\/v2\/posts\/17489\/revisions"}],"predecessor-version":[{"id":17491,"href":"https:\/\/memurunsesi.net\/index.php\/wp-json\/wp\/v2\/posts\/17489\/revisions\/17491"}],"wp:featuredmedia":[{"embeddable":true,"href":"https:\/\/memurunsesi.net\/index.php\/wp-json\/wp\/v2\/media\/17490"}],"wp:attachment":[{"href":"https:\/\/memurunsesi.net\/index.php\/wp-json\/wp\/v2\/media?parent=17489"}],"wp:term":[{"taxonomy":"category","embeddable":true,"href":"https:\/\/memurunsesi.net\/index.php\/wp-json\/wp\/v2\/categories?post=17489"},{"taxonomy":"post_tag","embeddable":true,"href":"https:\/\/memurunsesi.net\/index.php\/wp-json\/wp\/v2\/tags?post=17489"}],"curies":[{"name":"wp","href":"https:\/\/api.w.org\/{rel}","templated":true}]}}