{"id":17492,"date":"2026-02-15T08:59:11","date_gmt":"2026-02-15T05:59:11","guid":{"rendered":"https:\/\/memurunsesi.net\/?p=17492"},"modified":"2026-02-15T08:59:11","modified_gmt":"2026-02-15T05:59:11","slug":"uskudarda-iki-katli-metruk-bina-alev-alev-yandi","status":"publish","type":"post","link":"https:\/\/memurunsesi.net\/index.php\/2026\/02\/15\/uskudarda-iki-katli-metruk-bina-alev-alev-yandi\/","title":{"rendered":"\u00dcsk\u00fcdar&#8217;da iki katl\u0131 metruk bina alev alev yand\u0131"},"content":{"rendered":"<p>\u00dcsk\u00fcdar\u2019da iki katl\u0131 metruk bir binada \u00e7\u0131kan yang\u0131n pani\u011fe neden oldu. Alevlerin k\u0131sa s\u00fcrede b\u00fcy\u00fcmesiyle sirayet tehlikesinin olu\u015ftu\u011fu yang\u0131n, itfaiye ekiplerinin yakla\u015f\u0131k bir saatlik \u00e7al\u0131\u015fmas\u0131 sonucu kontrol alt\u0131na al\u0131nd\u0131.<br \/>\nOlay, \u00dcsk\u00fcdar \u0130cadiye Mahallesi S\u00f6\u011f\u00fctl\u00fck Sokak \u00fczerinde meydana geldi. Edinilen bilgiye g\u00f6re, sokak i\u00e7erisinde bulunan 2 katl\u0131 metruk bir yap\u0131da hen\u00fcz bilinmeyen bir nedenle yang\u0131n \u00e7\u0131kt\u0131. Binadan y\u00fckselen alevleri g\u00f6ren \u00e7evredeki vatanda\u015flar durumu hemen itfaiye, polis ve sa\u011fl\u0131k ekiplerine bildirdi. \u00d6te yandan, mahalle sakinleri yang\u0131n\u0131n \u00e7\u0131kt\u0131\u011f\u0131 metruk yap\u0131n\u0131n ki\u015fi ya da ki\u015filerce kundakland\u0131\u011f\u0131n\u0131 iddia etti.<br \/>\nK\u0131sa s\u00fcrede b\u00fcy\u00fcyen alevler t\u00fcm binay\u0131 sararken, \u00e7evredeki binalara sirayet etme riski mahallede korku dolu anlar ya\u015fatt\u0131. Olay yerine gelen polis ekipleri \u00e7evrede g\u00fcvenlik \u00f6nlemi al\u0131rken, \u0130GDA\u015e ekipleri de olas\u0131 bir do\u011falgaz patlamas\u0131 riskine kar\u015f\u0131 b\u00f6lgedeki ak\u0131\u015f\u0131 keserek \u00f6nlem ald\u0131.<br \/>\nOlay yerine sevk edilen \u00e7ok say\u0131da itfaiye ekibi, alevlere farkl\u0131 noktalardan m\u00fcdahale etti. Yakla\u015f\u0131k 1 saat s\u00fcren yo\u011fun \u00e7al\u0131\u015fman\u0131n ard\u0131ndan yang\u0131n, \u00e7evredeki sa\u011flam binalara s\u0131\u00e7ramadan s\u00f6nd\u00fcr\u00fcld\u00fc. Yap\u0131lan incelemelerde olayda \u00f6l\u00fc ya da yaral\u0131n\u0131n bulunmad\u0131\u011f\u0131 tespit edildi.<br \/>\nYang\u0131n sonras\u0131 iki katl\u0131 metruk bina kullan\u0131lamaz hale gelirken, polis ekipleri kundaklama iddialar\u0131 \u00fczerine ve yang\u0131n\u0131n \u00e7\u0131k\u0131\u015f sebebine ili\u015fkin inceleme ba\u015flatt\u0131.<\/p>\n<p>15.02.2026<\/p>\n","protected":false},"excerpt":{"rendered":"<p>\u00dcsk\u00fcdar\u2019da iki katl\u0131 metruk bir binada \u00e7\u0131kan yang\u0131n pani\u011fe neden oldu. Alevlerin k\u0131sa s\u00fcrede b\u00fcy\u00fcmesiyle sirayet tehlikesinin olu\u015ftu\u011fu yang\u0131n, itfaiye ekiplerinin yakla\u015f\u0131k bir saatlik \u00e7al\u0131\u015fmas\u0131 sonucu kontrol alt\u0131na al\u0131nd\u0131. Olay, \u00dcsk\u00fcdar \u0130cadiye Mahallesi S\u00f6\u011f\u00fctl\u00fck Sokak \u00fczerinde meydana geldi. Edinilen bilgiye g\u00f6re, sokak i\u00e7erisinde bulunan 2 katl\u0131 metruk bir yap\u0131da hen\u00fcz bilinmeyen bir nedenle yang\u0131n \u00e7\u0131kt\u0131. [&hellip;]<\/p>\n","protected":false},"author":1,"featured_media":17493,"comment_status":"open","ping_status":"open","sticky":false,"template":"","format":"standard","meta":{"footnotes":""},"categories":[50],"tags":[1223,1222],"class_list":["post-17492","post","type-post","status-publish","format-standard","has-post-thumbnail","hentry","category-tum-haberler","tag-alev-aldi","tag-metruk-bina"],"yoast_head":"<!-- This site is optimized with the Yoast SEO plugin v27.4 - https:\/\/yoast.com\/product\/yoast-seo-wordpress\/ -->\n<title>\u00dcsk\u00fcdar&#039;da iki katl\u0131 metruk bina alev alev yand\u0131 - Memurun Sesi<\/title>\n<meta name=\"description\" content=\"\u00dcsk\u00fcdar\u2019da iki katl\u0131 metruk bir binada \u00e7\u0131kan yang\u0131n pani\u011fe neden oldu. Alevlerin k\u0131sa s\u00fcrede b\u00fcy\u00fcmesiyle sirayet tehlikesinin olu\u015ftu\u011fu yang\u0131n, itfaiye ekiplerinin yakla\u015f\u0131k bir saatlik \u00e7al\u0131\u015fmas\u0131 sonucu kontrol alt\u0131na al\u0131nd\u0131.\" \/>\n<meta name=\"robots\" content=\"index, follow, max-snippet:-1, max-image-preview:large, max-video-preview:-1\" \/>\n<link rel=\"canonical\" href=\"https:\/\/memurunsesi.net\/index.php\/2026\/02\/15\/uskudarda-iki-katli-metruk-bina-alev-alev-yandi\/\" \/>\n<meta property=\"og:locale\" content=\"tr_TR\" \/>\n<meta property=\"og:type\" content=\"article\" \/>\n<meta property=\"og:title\" content=\"\u00dcsk\u00fcdar&#039;da iki katl\u0131 metruk bina alev alev yand\u0131 - Memurun Sesi\" \/>\n<meta property=\"og:description\" content=\"\u00dcsk\u00fcdar\u2019da iki katl\u0131 metruk bir binada \u00e7\u0131kan yang\u0131n pani\u011fe neden oldu. Alevlerin k\u0131sa s\u00fcrede b\u00fcy\u00fcmesiyle sirayet tehlikesinin olu\u015ftu\u011fu yang\u0131n, itfaiye ekiplerinin yakla\u015f\u0131k bir saatlik \u00e7al\u0131\u015fmas\u0131 sonucu kontrol alt\u0131na al\u0131nd\u0131.\" \/>\n<meta property=\"og:url\" content=\"https:\/\/memurunsesi.net\/index.php\/2026\/02\/15\/uskudarda-iki-katli-metruk-bina-alev-alev-yandi\/\" \/>\n<meta property=\"og:site_name\" content=\"Memurun Sesi\" \/>\n<meta property=\"article:publisher\" content=\"https:\/\/www.facebook.com\/unipersen\/?locale=tr_TR\" \/>\n<meta property=\"article:published_time\" content=\"2026-02-15T05:59:11+00:00\" \/>\n<meta property=\"og:image\" content=\"https:\/\/memurunsesi.net\/wp-content\/uploads\/2026\/02\/metruk.jpg\" \/>\n\t<meta property=\"og:image:width\" content=\"1524\" \/>\n\t<meta property=\"og:image:height\" content=\"804\" \/>\n\t<meta property=\"og:image:type\" content=\"image\/jpeg\" \/>\n<meta name=\"author\" content=\"Memurun Sesi Haber Merkezi\" \/>\n<meta name=\"twitter:card\" content=\"summary_large_image\" \/>\n<meta name=\"twitter:creator\" content=\"@unipersen\" \/>\n<meta name=\"twitter:site\" content=\"@unipersen\" \/>\n<meta name=\"twitter:label1\" content=\"Yazan:\" \/>\n\t<meta name=\"twitter:data1\" content=\"Memurun Sesi Haber Merkezi\" \/>\n\t<meta name=\"twitter:label2\" content=\"Tahmini okuma s\u00fcresi\" \/>\n\t<meta name=\"twitter:data2\" content=\"2 dakika\" \/>\n<script type=\"application\/ld+json\" class=\"yoast-schema-graph\">{\"@context\":\"https:\\\/\\\/schema.org\",\"@graph\":[{\"@type\":\"Article\",\"@id\":\"https:\\\/\\\/memurunsesi.net\\\/index.php\\\/2026\\\/02\\\/15\\\/uskudarda-iki-katli-metruk-bina-alev-alev-yandi\\\/#article\",\"isPartOf\":{\"@id\":\"https:\\\/\\\/memurunsesi.net\\\/index.php\\\/2026\\\/02\\\/15\\\/uskudarda-iki-katli-metruk-bina-alev-alev-yandi\\\/\"},\"author\":{\"name\":\"Memurun Sesi Haber Merkezi\",\"@id\":\"https:\\\/\\\/memurunsesi.net\\\/#\\\/schema\\\/person\\\/f21c2d73b89f6ee1d80b0a1803e38587\"},\"headline\":\"\u00dcsk\u00fcdar&#8217;da iki katl\u0131 metruk bina alev alev yand\u0131\",\"datePublished\":\"2026-02-15T05:59:11+00:00\",\"mainEntityOfPage\":{\"@id\":\"https:\\\/\\\/memurunsesi.net\\\/index.php\\\/2026\\\/02\\\/15\\\/uskudarda-iki-katli-metruk-bina-alev-alev-yandi\\\/\"},\"wordCount\":257,\"commentCount\":0,\"publisher\":{\"@id\":\"https:\\\/\\\/memurunsesi.net\\\/#organization\"},\"image\":{\"@id\":\"https:\\\/\\\/memurunsesi.net\\\/index.php\\\/2026\\\/02\\\/15\\\/uskudarda-iki-katli-metruk-bina-alev-alev-yandi\\\/#primaryimage\"},\"thumbnailUrl\":\"https:\\\/\\\/memurunsesi.net\\\/wp-content\\\/uploads\\\/2026\\\/02\\\/metruk.jpg\",\"keywords\":[\"alev ald\u0131\",\"metruk bina\"],\"articleSection\":[\"T\u00fcm Haberler\"],\"inLanguage\":\"tr\",\"potentialAction\":[{\"@type\":\"CommentAction\",\"name\":\"Comment\",\"target\":[\"https:\\\/\\\/memurunsesi.net\\\/index.php\\\/2026\\\/02\\\/15\\\/uskudarda-iki-katli-metruk-bina-alev-alev-yandi\\\/#respond\"]}]},{\"@type\":\"WebPage\",\"@id\":\"https:\\\/\\\/memurunsesi.net\\\/index.php\\\/2026\\\/02\\\/15\\\/uskudarda-iki-katli-metruk-bina-alev-alev-yandi\\\/\",\"url\":\"https:\\\/\\\/memurunsesi.net\\\/index.php\\\/2026\\\/02\\\/15\\\/uskudarda-iki-katli-metruk-bina-alev-alev-yandi\\\/\",\"name\":\"\u00dcsk\u00fcdar'da iki katl\u0131 metruk bina alev alev yand\u0131 - Memurun Sesi\",\"isPartOf\":{\"@id\":\"https:\\\/\\\/memurunsesi.net\\\/#website\"},\"primaryImageOfPage\":{\"@id\":\"https:\\\/\\\/memurunsesi.net\\\/index.php\\\/2026\\\/02\\\/15\\\/uskudarda-iki-katli-metruk-bina-alev-alev-yandi\\\/#primaryimage\"},\"image\":{\"@id\":\"https:\\\/\\\/memurunsesi.net\\\/index.php\\\/2026\\\/02\\\/15\\\/uskudarda-iki-katli-metruk-bina-alev-alev-yandi\\\/#primaryimage\"},\"thumbnailUrl\":\"https:\\\/\\\/memurunsesi.net\\\/wp-content\\\/uploads\\\/2026\\\/02\\\/metruk.jpg\",\"datePublished\":\"2026-02-15T05:59:11+00:00\",\"description\":\"\u00dcsk\u00fcdar\u2019da iki katl\u0131 metruk bir binada \u00e7\u0131kan yang\u0131n pani\u011fe neden oldu. Alevlerin k\u0131sa s\u00fcrede b\u00fcy\u00fcmesiyle sirayet tehlikesinin olu\u015ftu\u011fu yang\u0131n, itfaiye ekiplerinin yakla\u015f\u0131k bir saatlik \u00e7al\u0131\u015fmas\u0131 sonucu kontrol alt\u0131na al\u0131nd\u0131.\",\"breadcrumb\":{\"@id\":\"https:\\\/\\\/memurunsesi.net\\\/index.php\\\/2026\\\/02\\\/15\\\/uskudarda-iki-katli-metruk-bina-alev-alev-yandi\\\/#breadcrumb\"},\"inLanguage\":\"tr\",\"potentialAction\":[{\"@type\":\"ReadAction\",\"target\":[\"https:\\\/\\\/memurunsesi.net\\\/index.php\\\/2026\\\/02\\\/15\\\/uskudarda-iki-katli-metruk-bina-alev-alev-yandi\\\/\"]}]},{\"@type\":\"ImageObject\",\"inLanguage\":\"tr\",\"@id\":\"https:\\\/\\\/memurunsesi.net\\\/index.php\\\/2026\\\/02\\\/15\\\/uskudarda-iki-katli-metruk-bina-alev-alev-yandi\\\/#primaryimage\",\"url\":\"https:\\\/\\\/memurunsesi.net\\\/wp-content\\\/uploads\\\/2026\\\/02\\\/metruk.jpg\",\"contentUrl\":\"https:\\\/\\\/memurunsesi.net\\\/wp-content\\\/uploads\\\/2026\\\/02\\\/metruk.jpg\",\"width\":1524,\"height\":804,\"caption\":\"\u00dcSK\u00dcDAR'DA KORKUTAN YANGIN (AHMET EM\u0130N \u015eENT\u00dcRK - VAH\u0130T ALDI\\\/\u0130STANBUL-\u0130HA) \u00dcsk\u00fcdar'da iki katl\u0131 metruk bir binada \u00e7\u0131kan yang\u0131n pani\u011fe neden oldu. Alevlerin k\u0131sa s\u00fcrede b\u00fcy\u00fcmesiyle sirayet tehlikesinin olu\u015ftu\u011fu yang\u0131n, itfaiye ekiplerinin yakla\u015f\u0131k bir saatlik \u00e7al\u0131\u015fmas\u0131 sonucu kontrol alt\u0131na al\u0131nd\u0131.\"},{\"@type\":\"BreadcrumbList\",\"@id\":\"https:\\\/\\\/memurunsesi.net\\\/index.php\\\/2026\\\/02\\\/15\\\/uskudarda-iki-katli-metruk-bina-alev-alev-yandi\\\/#breadcrumb\",\"itemListElement\":[{\"@type\":\"ListItem\",\"position\":1,\"name\":\"Anasayfa\",\"item\":\"https:\\\/\\\/memurunsesi.net\\\/\"},{\"@type\":\"ListItem\",\"position\":2,\"name\":\"\u00dcsk\u00fcdar&#8217;da iki katl\u0131 metruk bina alev alev yand\u0131\"}]},{\"@type\":\"WebSite\",\"@id\":\"https:\\\/\\\/memurunsesi.net\\\/#website\",\"url\":\"https:\\\/\\\/memurunsesi.net\\\/\",\"name\":\"Memurun Sesi\",\"description\":\"G\u00fcncel ve Do\u011fru Haber\",\"publisher\":{\"@id\":\"https:\\\/\\\/memurunsesi.net\\\/#organization\"},\"potentialAction\":[{\"@type\":\"SearchAction\",\"target\":{\"@type\":\"EntryPoint\",\"urlTemplate\":\"https:\\\/\\\/memurunsesi.net\\\/?s={search_term_string}\"},\"query-input\":{\"@type\":\"PropertyValueSpecification\",\"valueRequired\":true,\"valueName\":\"search_term_string\"}}],\"inLanguage\":\"tr\"},{\"@type\":\"Organization\",\"@id\":\"https:\\\/\\\/memurunsesi.net\\\/#organization\",\"name\":\"Memurun Sesi\",\"url\":\"https:\\\/\\\/memurunsesi.net\\\/\",\"logo\":{\"@type\":\"ImageObject\",\"inLanguage\":\"tr\",\"@id\":\"https:\\\/\\\/memurunsesi.net\\\/#\\\/schema\\\/logo\\\/image\\\/\",\"url\":\"https:\\\/\\\/memurunsesi.net\\\/wp-content\\\/uploads\\\/2025\\\/11\\\/cropped-MEMURUN-SESI.png\",\"contentUrl\":\"https:\\\/\\\/memurunsesi.net\\\/wp-content\\\/uploads\\\/2025\\\/11\\\/cropped-MEMURUN-SESI.png\",\"width\":238,\"height\":57,\"caption\":\"Memurun Sesi\"},\"image\":{\"@id\":\"https:\\\/\\\/memurunsesi.net\\\/#\\\/schema\\\/logo\\\/image\\\/\"},\"sameAs\":[\"https:\\\/\\\/www.facebook.com\\\/unipersen\\\/?locale=tr_TR\",\"https:\\\/\\\/x.com\\\/unipersen\"]},{\"@type\":\"Person\",\"@id\":\"https:\\\/\\\/memurunsesi.net\\\/#\\\/schema\\\/person\\\/f21c2d73b89f6ee1d80b0a1803e38587\",\"name\":\"Memurun Sesi Haber Merkezi\",\"image\":{\"@type\":\"ImageObject\",\"inLanguage\":\"tr\",\"@id\":\"https:\\\/\\\/secure.gravatar.com\\\/avatar\\\/6cf0505f452ee753f485014986fab09a434671d2b919ee76fc541025c5876a70?s=96&d=mm&r=g\",\"url\":\"https:\\\/\\\/secure.gravatar.com\\\/avatar\\\/6cf0505f452ee753f485014986fab09a434671d2b919ee76fc541025c5876a70?s=96&d=mm&r=g\",\"contentUrl\":\"https:\\\/\\\/secure.gravatar.com\\\/avatar\\\/6cf0505f452ee753f485014986fab09a434671d2b919ee76fc541025c5876a70?s=96&d=mm&r=g\",\"caption\":\"Memurun Sesi Haber Merkezi\"},\"sameAs\":[\"https:\\\/\\\/memurunsesi.net\"],\"url\":\"https:\\\/\\\/memurunsesi.net\\\/index.php\\\/author\\\/uniper\\\/\"}]}<\/script>\n<!-- \/ Yoast SEO plugin. -->","yoast_head_json":{"title":"\u00dcsk\u00fcdar'da iki katl\u0131 metruk bina alev alev yand\u0131 - Memurun Sesi","description":"\u00dcsk\u00fcdar\u2019da iki katl\u0131 metruk bir binada \u00e7\u0131kan yang\u0131n pani\u011fe neden oldu. Alevlerin k\u0131sa s\u00fcrede b\u00fcy\u00fcmesiyle sirayet tehlikesinin olu\u015ftu\u011fu yang\u0131n, itfaiye ekiplerinin yakla\u015f\u0131k bir saatlik \u00e7al\u0131\u015fmas\u0131 sonucu kontrol alt\u0131na al\u0131nd\u0131.","robots":{"index":"index","follow":"follow","max-snippet":"max-snippet:-1","max-image-preview":"max-image-preview:large","max-video-preview":"max-video-preview:-1"},"canonical":"https:\/\/memurunsesi.net\/index.php\/2026\/02\/15\/uskudarda-iki-katli-metruk-bina-alev-alev-yandi\/","og_locale":"tr_TR","og_type":"article","og_title":"\u00dcsk\u00fcdar'da iki katl\u0131 metruk bina alev alev yand\u0131 - Memurun Sesi","og_description":"\u00dcsk\u00fcdar\u2019da iki katl\u0131 metruk bir binada \u00e7\u0131kan yang\u0131n pani\u011fe neden oldu. Alevlerin k\u0131sa s\u00fcrede b\u00fcy\u00fcmesiyle sirayet tehlikesinin olu\u015ftu\u011fu yang\u0131n, itfaiye ekiplerinin yakla\u015f\u0131k bir saatlik \u00e7al\u0131\u015fmas\u0131 sonucu kontrol alt\u0131na al\u0131nd\u0131.","og_url":"https:\/\/memurunsesi.net\/index.php\/2026\/02\/15\/uskudarda-iki-katli-metruk-bina-alev-alev-yandi\/","og_site_name":"Memurun Sesi","article_publisher":"https:\/\/www.facebook.com\/unipersen\/?locale=tr_TR","article_published_time":"2026-02-15T05:59:11+00:00","og_image":[{"width":1524,"height":804,"url":"https:\/\/memurunsesi.net\/wp-content\/uploads\/2026\/02\/metruk.jpg","type":"image\/jpeg"}],"author":"Memurun Sesi Haber Merkezi","twitter_card":"summary_large_image","twitter_creator":"@unipersen","twitter_site":"@unipersen","twitter_misc":{"Yazan:":"Memurun Sesi Haber Merkezi","Tahmini okuma s\u00fcresi":"2 dakika"},"schema":{"@context":"https:\/\/schema.org","@graph":[{"@type":"Article","@id":"https:\/\/memurunsesi.net\/index.php\/2026\/02\/15\/uskudarda-iki-katli-metruk-bina-alev-alev-yandi\/#article","isPartOf":{"@id":"https:\/\/memurunsesi.net\/index.php\/2026\/02\/15\/uskudarda-iki-katli-metruk-bina-alev-alev-yandi\/"},"author":{"name":"Memurun Sesi Haber Merkezi","@id":"https:\/\/memurunsesi.net\/#\/schema\/person\/f21c2d73b89f6ee1d80b0a1803e38587"},"headline":"\u00dcsk\u00fcdar&#8217;da iki katl\u0131 metruk bina alev alev yand\u0131","datePublished":"2026-02-15T05:59:11+00:00","mainEntityOfPage":{"@id":"https:\/\/memurunsesi.net\/index.php\/2026\/02\/15\/uskudarda-iki-katli-metruk-bina-alev-alev-yandi\/"},"wordCount":257,"commentCount":0,"publisher":{"@id":"https:\/\/memurunsesi.net\/#organization"},"image":{"@id":"https:\/\/memurunsesi.net\/index.php\/2026\/02\/15\/uskudarda-iki-katli-metruk-bina-alev-alev-yandi\/#primaryimage"},"thumbnailUrl":"https:\/\/memurunsesi.net\/wp-content\/uploads\/2026\/02\/metruk.jpg","keywords":["alev ald\u0131","metruk bina"],"articleSection":["T\u00fcm Haberler"],"inLanguage":"tr","potentialAction":[{"@type":"CommentAction","name":"Comment","target":["https:\/\/memurunsesi.net\/index.php\/2026\/02\/15\/uskudarda-iki-katli-metruk-bina-alev-alev-yandi\/#respond"]}]},{"@type":"WebPage","@id":"https:\/\/memurunsesi.net\/index.php\/2026\/02\/15\/uskudarda-iki-katli-metruk-bina-alev-alev-yandi\/","url":"https:\/\/memurunsesi.net\/index.php\/2026\/02\/15\/uskudarda-iki-katli-metruk-bina-alev-alev-yandi\/","name":"\u00dcsk\u00fcdar'da iki katl\u0131 metruk bina alev alev yand\u0131 - Memurun Sesi","isPartOf":{"@id":"https:\/\/memurunsesi.net\/#website"},"primaryImageOfPage":{"@id":"https:\/\/memurunsesi.net\/index.php\/2026\/02\/15\/uskudarda-iki-katli-metruk-bina-alev-alev-yandi\/#primaryimage"},"image":{"@id":"https:\/\/memurunsesi.net\/index.php\/2026\/02\/15\/uskudarda-iki-katli-metruk-bina-alev-alev-yandi\/#primaryimage"},"thumbnailUrl":"https:\/\/memurunsesi.net\/wp-content\/uploads\/2026\/02\/metruk.jpg","datePublished":"2026-02-15T05:59:11+00:00","description":"\u00dcsk\u00fcdar\u2019da iki katl\u0131 metruk bir binada \u00e7\u0131kan yang\u0131n pani\u011fe neden oldu. Alevlerin k\u0131sa s\u00fcrede b\u00fcy\u00fcmesiyle sirayet tehlikesinin olu\u015ftu\u011fu yang\u0131n, itfaiye ekiplerinin yakla\u015f\u0131k bir saatlik \u00e7al\u0131\u015fmas\u0131 sonucu kontrol alt\u0131na al\u0131nd\u0131.","breadcrumb":{"@id":"https:\/\/memurunsesi.net\/index.php\/2026\/02\/15\/uskudarda-iki-katli-metruk-bina-alev-alev-yandi\/#breadcrumb"},"inLanguage":"tr","potentialAction":[{"@type":"ReadAction","target":["https:\/\/memurunsesi.net\/index.php\/2026\/02\/15\/uskudarda-iki-katli-metruk-bina-alev-alev-yandi\/"]}]},{"@type":"ImageObject","inLanguage":"tr","@id":"https:\/\/memurunsesi.net\/index.php\/2026\/02\/15\/uskudarda-iki-katli-metruk-bina-alev-alev-yandi\/#primaryimage","url":"https:\/\/memurunsesi.net\/wp-content\/uploads\/2026\/02\/metruk.jpg","contentUrl":"https:\/\/memurunsesi.net\/wp-content\/uploads\/2026\/02\/metruk.jpg","width":1524,"height":804,"caption":"\u00dcSK\u00dcDAR'DA KORKUTAN YANGIN (AHMET EM\u0130N \u015eENT\u00dcRK - VAH\u0130T ALDI\/\u0130STANBUL-\u0130HA) \u00dcsk\u00fcdar'da iki katl\u0131 metruk bir binada \u00e7\u0131kan yang\u0131n pani\u011fe neden oldu. Alevlerin k\u0131sa s\u00fcrede b\u00fcy\u00fcmesiyle sirayet tehlikesinin olu\u015ftu\u011fu yang\u0131n, itfaiye ekiplerinin yakla\u015f\u0131k bir saatlik \u00e7al\u0131\u015fmas\u0131 sonucu kontrol alt\u0131na al\u0131nd\u0131."},{"@type":"BreadcrumbList","@id":"https:\/\/memurunsesi.net\/index.php\/2026\/02\/15\/uskudarda-iki-katli-metruk-bina-alev-alev-yandi\/#breadcrumb","itemListElement":[{"@type":"ListItem","position":1,"name":"Anasayfa","item":"https:\/\/memurunsesi.net\/"},{"@type":"ListItem","position":2,"name":"\u00dcsk\u00fcdar&#8217;da iki katl\u0131 metruk bina alev alev yand\u0131"}]},{"@type":"WebSite","@id":"https:\/\/memurunsesi.net\/#website","url":"https:\/\/memurunsesi.net\/","name":"Memurun Sesi","description":"G\u00fcncel ve Do\u011fru Haber","publisher":{"@id":"https:\/\/memurunsesi.net\/#organization"},"potentialAction":[{"@type":"SearchAction","target":{"@type":"EntryPoint","urlTemplate":"https:\/\/memurunsesi.net\/?s={search_term_string}"},"query-input":{"@type":"PropertyValueSpecification","valueRequired":true,"valueName":"search_term_string"}}],"inLanguage":"tr"},{"@type":"Organization","@id":"https:\/\/memurunsesi.net\/#organization","name":"Memurun Sesi","url":"https:\/\/memurunsesi.net\/","logo":{"@type":"ImageObject","inLanguage":"tr","@id":"https:\/\/memurunsesi.net\/#\/schema\/logo\/image\/","url":"https:\/\/memurunsesi.net\/wp-content\/uploads\/2025\/11\/cropped-MEMURUN-SESI.png","contentUrl":"https:\/\/memurunsesi.net\/wp-content\/uploads\/2025\/11\/cropped-MEMURUN-SESI.png","width":238,"height":57,"caption":"Memurun Sesi"},"image":{"@id":"https:\/\/memurunsesi.net\/#\/schema\/logo\/image\/"},"sameAs":["https:\/\/www.facebook.com\/unipersen\/?locale=tr_TR","https:\/\/x.com\/unipersen"]},{"@type":"Person","@id":"https:\/\/memurunsesi.net\/#\/schema\/person\/f21c2d73b89f6ee1d80b0a1803e38587","name":"Memurun Sesi Haber Merkezi","image":{"@type":"ImageObject","inLanguage":"tr","@id":"https:\/\/secure.gravatar.com\/avatar\/6cf0505f452ee753f485014986fab09a434671d2b919ee76fc541025c5876a70?s=96&d=mm&r=g","url":"https:\/\/secure.gravatar.com\/avatar\/6cf0505f452ee753f485014986fab09a434671d2b919ee76fc541025c5876a70?s=96&d=mm&r=g","contentUrl":"https:\/\/secure.gravatar.com\/avatar\/6cf0505f452ee753f485014986fab09a434671d2b919ee76fc541025c5876a70?s=96&d=mm&r=g","caption":"Memurun Sesi Haber Merkezi"},"sameAs":["https:\/\/memurunsesi.net"],"url":"https:\/\/memurunsesi.net\/index.php\/author\/uniper\/"}]}},"_links":{"self":[{"href":"https:\/\/memurunsesi.net\/index.php\/wp-json\/wp\/v2\/posts\/17492","targetHints":{"allow":["GET"]}}],"collection":[{"href":"https:\/\/memurunsesi.net\/index.php\/wp-json\/wp\/v2\/posts"}],"about":[{"href":"https:\/\/memurunsesi.net\/index.php\/wp-json\/wp\/v2\/types\/post"}],"author":[{"embeddable":true,"href":"https:\/\/memurunsesi.net\/index.php\/wp-json\/wp\/v2\/users\/1"}],"replies":[{"embeddable":true,"href":"https:\/\/memurunsesi.net\/index.php\/wp-json\/wp\/v2\/comments?post=17492"}],"version-history":[{"count":1,"href":"https:\/\/memurunsesi.net\/index.php\/wp-json\/wp\/v2\/posts\/17492\/revisions"}],"predecessor-version":[{"id":17494,"href":"https:\/\/memurunsesi.net\/index.php\/wp-json\/wp\/v2\/posts\/17492\/revisions\/17494"}],"wp:featuredmedia":[{"embeddable":true,"href":"https:\/\/memurunsesi.net\/index.php\/wp-json\/wp\/v2\/media\/17493"}],"wp:attachment":[{"href":"https:\/\/memurunsesi.net\/index.php\/wp-json\/wp\/v2\/media?parent=17492"}],"wp:term":[{"taxonomy":"category","embeddable":true,"href":"https:\/\/memurunsesi.net\/index.php\/wp-json\/wp\/v2\/categories?post=17492"},{"taxonomy":"post_tag","embeddable":true,"href":"https:\/\/memurunsesi.net\/index.php\/wp-json\/wp\/v2\/tags?post=17492"}],"curies":[{"name":"wp","href":"https:\/\/api.w.org\/{rel}","templated":true}]}}