{"id":17495,"date":"2026-02-15T09:03:04","date_gmt":"2026-02-15T06:03:04","guid":{"rendered":"https:\/\/memurunsesi.net\/?p=17495"},"modified":"2026-02-15T09:03:04","modified_gmt":"2026-02-15T06:03:04","slug":"sele-teslim-olan-yollarda-araclar-mahsur-kaldi-yasanan-zor-anlar-kamerada","status":"publish","type":"post","link":"https:\/\/memurunsesi.net\/index.php\/2026\/02\/15\/sele-teslim-olan-yollarda-araclar-mahsur-kaldi-yasanan-zor-anlar-kamerada\/","title":{"rendered":"Sele teslim olan yollarda ara\u00e7lar mahsur kald\u0131: Ya\u015fanan zor anlar kamerada"},"content":{"rendered":"<p>Hatay&#8217;da \u015fiddetli ya\u011f\u0131\u015fla birlikte sele teslim olan yollarda ara\u00e7lar mahsur kal\u0131rken vatanda\u015flar zor anlar ya\u015fad\u0131.<br \/>\nMeteorolojinin \u015fiddetli ya\u011f\u0131\u015f uyar\u0131s\u0131nda bulundu\u011fu kentin; Yaylada\u011f\u0131, Samanda\u011f, Antakya ve Defne il\u00e7elerinde ya\u011f\u0131\u015f kendini g\u00f6sterdi. Ya\u011f\u0131\u015fla birlikte caddeler ve sokaklar g\u00f6le d\u00f6nd\u00fc. Mahallelerin bulundu\u011fu yerle\u015fim yerlerinde ise sokaklar adeta sele teslim oldu. Selle birlikte ara\u00e7lar su i\u00e7inde mahsur kald\u0131. Yollarda mahsur kalan ara\u00e7lar Hatay B\u00fcy\u00fck\u015fehir Belediyesi itfaiye ekiplerinin yard\u0131mlar\u0131yla kurtar\u0131ld\u0131. Ya\u011f\u0131\u015fl\u0131 havan\u0131n hafta sonu boyunca kent genelinde etkili olaca\u011f\u0131 \u00f6\u011frenildi. Antakya il\u00e7esi G\u00fclderen Mahallesi&#8217;nde sele teslim olan yolda, ah\u0131r\u0131n\u0131 kontrol isteyen Mikail Do\u011fru, sel nedeniyle mahsur kalan arac\u0131n\u0131 trakt\u00f6rle kurtard\u0131.<br \/>\nEtkili olan selle birlikte yolun suyla kapland\u0131\u011f\u0131n\u0131 ifade ederek, &#8221; G\u00f6rd\u00fc\u011f\u00fcn\u00fcz bu yol ya\u011fmurdan sonra b\u00f6yle oldu. Ya\u011fmur y\u00fcz\u00fcnden kayalar devrildi. Ben de ah\u0131r\u0131 kontrol etmeye geldim. Arac\u0131m mahsur kald\u0131. Sa\u011f olsun trakt\u00f6r beni kurtard\u0131. Ge\u00e7en sene \u00f6yle de\u011fildi bu sene \u00e7ok ya\u011fmur ya\u011fmas\u0131yla birlikte bu aralar b\u00f6yle oldu&#8221; dedi.<\/p>\n<p>15.02.2026<\/p>\n","protected":false},"excerpt":{"rendered":"<p>Hatay&#8217;da \u015fiddetli ya\u011f\u0131\u015fla birlikte sele teslim olan yollarda ara\u00e7lar mahsur kal\u0131rken vatanda\u015flar zor anlar ya\u015fad\u0131. Meteorolojinin \u015fiddetli ya\u011f\u0131\u015f uyar\u0131s\u0131nda bulundu\u011fu kentin; Yaylada\u011f\u0131, Samanda\u011f, Antakya ve Defne il\u00e7elerinde ya\u011f\u0131\u015f kendini g\u00f6sterdi. Ya\u011f\u0131\u015fla birlikte caddeler ve sokaklar g\u00f6le d\u00f6nd\u00fc. Mahallelerin bulundu\u011fu yerle\u015fim yerlerinde ise sokaklar adeta sele teslim oldu. Selle birlikte ara\u00e7lar su i\u00e7inde mahsur kald\u0131. Yollarda [&hellip;]<\/p>\n","protected":false},"author":1,"featured_media":0,"comment_status":"open","ping_status":"open","sticky":false,"template":"","format":"standard","meta":{"footnotes":""},"categories":[50],"tags":[1224,1209],"class_list":["post-17495","post","type-post","status-publish","format-standard","hentry","category-tum-haberler","tag-sele-teslim-oldu","tag-siddetli-yagis"],"yoast_head":"<!-- This site is optimized with the Yoast SEO plugin v27.4 - https:\/\/yoast.com\/product\/yoast-seo-wordpress\/ -->\n<title>Sele teslim olan yollarda ara\u00e7lar mahsur kald\u0131: Ya\u015fanan zor anlar kamerada - Memurun Sesi<\/title>\n<meta name=\"description\" content=\"Hatay&#039;da \u015fiddetli ya\u011f\u0131\u015fla birlikte sele teslim olan yollarda ara\u00e7lar mahsur kal\u0131rken vatanda\u015flar zor anlar ya\u015fad\u0131.\" \/>\n<meta name=\"robots\" content=\"index, follow, max-snippet:-1, max-image-preview:large, max-video-preview:-1\" \/>\n<link rel=\"canonical\" href=\"https:\/\/memurunsesi.net\/index.php\/2026\/02\/15\/sele-teslim-olan-yollarda-araclar-mahsur-kaldi-yasanan-zor-anlar-kamerada\/\" \/>\n<meta property=\"og:locale\" content=\"tr_TR\" \/>\n<meta property=\"og:type\" content=\"article\" \/>\n<meta property=\"og:title\" content=\"Sele teslim olan yollarda ara\u00e7lar mahsur kald\u0131: Ya\u015fanan zor anlar kamerada - Memurun Sesi\" \/>\n<meta property=\"og:description\" content=\"Hatay&#039;da \u015fiddetli ya\u011f\u0131\u015fla birlikte sele teslim olan yollarda ara\u00e7lar mahsur kal\u0131rken vatanda\u015flar zor anlar ya\u015fad\u0131.\" \/>\n<meta property=\"og:url\" content=\"https:\/\/memurunsesi.net\/index.php\/2026\/02\/15\/sele-teslim-olan-yollarda-araclar-mahsur-kaldi-yasanan-zor-anlar-kamerada\/\" \/>\n<meta property=\"og:site_name\" content=\"Memurun Sesi\" \/>\n<meta property=\"article:publisher\" content=\"https:\/\/www.facebook.com\/unipersen\/?locale=tr_TR\" \/>\n<meta property=\"article:published_time\" content=\"2026-02-15T06:03:04+00:00\" \/>\n<meta name=\"author\" content=\"Memurun Sesi Haber Merkezi\" \/>\n<meta name=\"twitter:card\" content=\"summary_large_image\" \/>\n<meta name=\"twitter:creator\" content=\"@unipersen\" \/>\n<meta name=\"twitter:site\" content=\"@unipersen\" \/>\n<meta name=\"twitter:label1\" content=\"Yazan:\" \/>\n\t<meta name=\"twitter:data1\" content=\"Memurun Sesi Haber Merkezi\" \/>\n\t<meta name=\"twitter:label2\" content=\"Tahmini okuma s\u00fcresi\" \/>\n\t<meta name=\"twitter:data2\" content=\"2 dakika\" \/>\n<script type=\"application\/ld+json\" class=\"yoast-schema-graph\">{\"@context\":\"https:\\\/\\\/schema.org\",\"@graph\":[{\"@type\":\"Article\",\"@id\":\"https:\\\/\\\/memurunsesi.net\\\/index.php\\\/2026\\\/02\\\/15\\\/sele-teslim-olan-yollarda-araclar-mahsur-kaldi-yasanan-zor-anlar-kamerada\\\/#article\",\"isPartOf\":{\"@id\":\"https:\\\/\\\/memurunsesi.net\\\/index.php\\\/2026\\\/02\\\/15\\\/sele-teslim-olan-yollarda-araclar-mahsur-kaldi-yasanan-zor-anlar-kamerada\\\/\"},\"author\":{\"name\":\"Memurun Sesi Haber Merkezi\",\"@id\":\"https:\\\/\\\/memurunsesi.net\\\/#\\\/schema\\\/person\\\/f21c2d73b89f6ee1d80b0a1803e38587\"},\"headline\":\"Sele teslim olan yollarda ara\u00e7lar mahsur kald\u0131: Ya\u015fanan zor anlar kamerada\",\"datePublished\":\"2026-02-15T06:03:04+00:00\",\"mainEntityOfPage\":{\"@id\":\"https:\\\/\\\/memurunsesi.net\\\/index.php\\\/2026\\\/02\\\/15\\\/sele-teslim-olan-yollarda-araclar-mahsur-kaldi-yasanan-zor-anlar-kamerada\\\/\"},\"wordCount\":210,\"commentCount\":0,\"publisher\":{\"@id\":\"https:\\\/\\\/memurunsesi.net\\\/#organization\"},\"keywords\":[\"sele teslim oldu\",\"\u015fiddetli ya\u011f\u0131\u015f\"],\"articleSection\":[\"T\u00fcm Haberler\"],\"inLanguage\":\"tr\",\"potentialAction\":[{\"@type\":\"CommentAction\",\"name\":\"Comment\",\"target\":[\"https:\\\/\\\/memurunsesi.net\\\/index.php\\\/2026\\\/02\\\/15\\\/sele-teslim-olan-yollarda-araclar-mahsur-kaldi-yasanan-zor-anlar-kamerada\\\/#respond\"]}]},{\"@type\":\"WebPage\",\"@id\":\"https:\\\/\\\/memurunsesi.net\\\/index.php\\\/2026\\\/02\\\/15\\\/sele-teslim-olan-yollarda-araclar-mahsur-kaldi-yasanan-zor-anlar-kamerada\\\/\",\"url\":\"https:\\\/\\\/memurunsesi.net\\\/index.php\\\/2026\\\/02\\\/15\\\/sele-teslim-olan-yollarda-araclar-mahsur-kaldi-yasanan-zor-anlar-kamerada\\\/\",\"name\":\"Sele teslim olan yollarda ara\u00e7lar mahsur kald\u0131: Ya\u015fanan zor anlar kamerada - Memurun Sesi\",\"isPartOf\":{\"@id\":\"https:\\\/\\\/memurunsesi.net\\\/#website\"},\"datePublished\":\"2026-02-15T06:03:04+00:00\",\"description\":\"Hatay'da \u015fiddetli ya\u011f\u0131\u015fla birlikte sele teslim olan yollarda ara\u00e7lar mahsur kal\u0131rken vatanda\u015flar zor anlar ya\u015fad\u0131.\",\"breadcrumb\":{\"@id\":\"https:\\\/\\\/memurunsesi.net\\\/index.php\\\/2026\\\/02\\\/15\\\/sele-teslim-olan-yollarda-araclar-mahsur-kaldi-yasanan-zor-anlar-kamerada\\\/#breadcrumb\"},\"inLanguage\":\"tr\",\"potentialAction\":[{\"@type\":\"ReadAction\",\"target\":[\"https:\\\/\\\/memurunsesi.net\\\/index.php\\\/2026\\\/02\\\/15\\\/sele-teslim-olan-yollarda-araclar-mahsur-kaldi-yasanan-zor-anlar-kamerada\\\/\"]}]},{\"@type\":\"BreadcrumbList\",\"@id\":\"https:\\\/\\\/memurunsesi.net\\\/index.php\\\/2026\\\/02\\\/15\\\/sele-teslim-olan-yollarda-araclar-mahsur-kaldi-yasanan-zor-anlar-kamerada\\\/#breadcrumb\",\"itemListElement\":[{\"@type\":\"ListItem\",\"position\":1,\"name\":\"Anasayfa\",\"item\":\"https:\\\/\\\/memurunsesi.net\\\/\"},{\"@type\":\"ListItem\",\"position\":2,\"name\":\"Sele teslim olan yollarda ara\u00e7lar mahsur kald\u0131: Ya\u015fanan zor anlar kamerada\"}]},{\"@type\":\"WebSite\",\"@id\":\"https:\\\/\\\/memurunsesi.net\\\/#website\",\"url\":\"https:\\\/\\\/memurunsesi.net\\\/\",\"name\":\"Memurun Sesi\",\"description\":\"G\u00fcncel ve Do\u011fru Haber\",\"publisher\":{\"@id\":\"https:\\\/\\\/memurunsesi.net\\\/#organization\"},\"potentialAction\":[{\"@type\":\"SearchAction\",\"target\":{\"@type\":\"EntryPoint\",\"urlTemplate\":\"https:\\\/\\\/memurunsesi.net\\\/?s={search_term_string}\"},\"query-input\":{\"@type\":\"PropertyValueSpecification\",\"valueRequired\":true,\"valueName\":\"search_term_string\"}}],\"inLanguage\":\"tr\"},{\"@type\":\"Organization\",\"@id\":\"https:\\\/\\\/memurunsesi.net\\\/#organization\",\"name\":\"Memurun Sesi\",\"url\":\"https:\\\/\\\/memurunsesi.net\\\/\",\"logo\":{\"@type\":\"ImageObject\",\"inLanguage\":\"tr\",\"@id\":\"https:\\\/\\\/memurunsesi.net\\\/#\\\/schema\\\/logo\\\/image\\\/\",\"url\":\"https:\\\/\\\/memurunsesi.net\\\/wp-content\\\/uploads\\\/2025\\\/11\\\/cropped-MEMURUN-SESI.png\",\"contentUrl\":\"https:\\\/\\\/memurunsesi.net\\\/wp-content\\\/uploads\\\/2025\\\/11\\\/cropped-MEMURUN-SESI.png\",\"width\":238,\"height\":57,\"caption\":\"Memurun Sesi\"},\"image\":{\"@id\":\"https:\\\/\\\/memurunsesi.net\\\/#\\\/schema\\\/logo\\\/image\\\/\"},\"sameAs\":[\"https:\\\/\\\/www.facebook.com\\\/unipersen\\\/?locale=tr_TR\",\"https:\\\/\\\/x.com\\\/unipersen\"]},{\"@type\":\"Person\",\"@id\":\"https:\\\/\\\/memurunsesi.net\\\/#\\\/schema\\\/person\\\/f21c2d73b89f6ee1d80b0a1803e38587\",\"name\":\"Memurun Sesi Haber Merkezi\",\"image\":{\"@type\":\"ImageObject\",\"inLanguage\":\"tr\",\"@id\":\"https:\\\/\\\/secure.gravatar.com\\\/avatar\\\/6cf0505f452ee753f485014986fab09a434671d2b919ee76fc541025c5876a70?s=96&d=mm&r=g\",\"url\":\"https:\\\/\\\/secure.gravatar.com\\\/avatar\\\/6cf0505f452ee753f485014986fab09a434671d2b919ee76fc541025c5876a70?s=96&d=mm&r=g\",\"contentUrl\":\"https:\\\/\\\/secure.gravatar.com\\\/avatar\\\/6cf0505f452ee753f485014986fab09a434671d2b919ee76fc541025c5876a70?s=96&d=mm&r=g\",\"caption\":\"Memurun Sesi Haber Merkezi\"},\"sameAs\":[\"https:\\\/\\\/memurunsesi.net\"],\"url\":\"https:\\\/\\\/memurunsesi.net\\\/index.php\\\/author\\\/uniper\\\/\"}]}<\/script>\n<!-- \/ Yoast SEO plugin. -->","yoast_head_json":{"title":"Sele teslim olan yollarda ara\u00e7lar mahsur kald\u0131: Ya\u015fanan zor anlar kamerada - Memurun Sesi","description":"Hatay'da \u015fiddetli ya\u011f\u0131\u015fla birlikte sele teslim olan yollarda ara\u00e7lar mahsur kal\u0131rken vatanda\u015flar zor anlar ya\u015fad\u0131.","robots":{"index":"index","follow":"follow","max-snippet":"max-snippet:-1","max-image-preview":"max-image-preview:large","max-video-preview":"max-video-preview:-1"},"canonical":"https:\/\/memurunsesi.net\/index.php\/2026\/02\/15\/sele-teslim-olan-yollarda-araclar-mahsur-kaldi-yasanan-zor-anlar-kamerada\/","og_locale":"tr_TR","og_type":"article","og_title":"Sele teslim olan yollarda ara\u00e7lar mahsur kald\u0131: Ya\u015fanan zor anlar kamerada - Memurun Sesi","og_description":"Hatay'da \u015fiddetli ya\u011f\u0131\u015fla birlikte sele teslim olan yollarda ara\u00e7lar mahsur kal\u0131rken vatanda\u015flar zor anlar ya\u015fad\u0131.","og_url":"https:\/\/memurunsesi.net\/index.php\/2026\/02\/15\/sele-teslim-olan-yollarda-araclar-mahsur-kaldi-yasanan-zor-anlar-kamerada\/","og_site_name":"Memurun Sesi","article_publisher":"https:\/\/www.facebook.com\/unipersen\/?locale=tr_TR","article_published_time":"2026-02-15T06:03:04+00:00","author":"Memurun Sesi Haber Merkezi","twitter_card":"summary_large_image","twitter_creator":"@unipersen","twitter_site":"@unipersen","twitter_misc":{"Yazan:":"Memurun Sesi Haber Merkezi","Tahmini okuma s\u00fcresi":"2 dakika"},"schema":{"@context":"https:\/\/schema.org","@graph":[{"@type":"Article","@id":"https:\/\/memurunsesi.net\/index.php\/2026\/02\/15\/sele-teslim-olan-yollarda-araclar-mahsur-kaldi-yasanan-zor-anlar-kamerada\/#article","isPartOf":{"@id":"https:\/\/memurunsesi.net\/index.php\/2026\/02\/15\/sele-teslim-olan-yollarda-araclar-mahsur-kaldi-yasanan-zor-anlar-kamerada\/"},"author":{"name":"Memurun Sesi Haber Merkezi","@id":"https:\/\/memurunsesi.net\/#\/schema\/person\/f21c2d73b89f6ee1d80b0a1803e38587"},"headline":"Sele teslim olan yollarda ara\u00e7lar mahsur kald\u0131: Ya\u015fanan zor anlar kamerada","datePublished":"2026-02-15T06:03:04+00:00","mainEntityOfPage":{"@id":"https:\/\/memurunsesi.net\/index.php\/2026\/02\/15\/sele-teslim-olan-yollarda-araclar-mahsur-kaldi-yasanan-zor-anlar-kamerada\/"},"wordCount":210,"commentCount":0,"publisher":{"@id":"https:\/\/memurunsesi.net\/#organization"},"keywords":["sele teslim oldu","\u015fiddetli ya\u011f\u0131\u015f"],"articleSection":["T\u00fcm Haberler"],"inLanguage":"tr","potentialAction":[{"@type":"CommentAction","name":"Comment","target":["https:\/\/memurunsesi.net\/index.php\/2026\/02\/15\/sele-teslim-olan-yollarda-araclar-mahsur-kaldi-yasanan-zor-anlar-kamerada\/#respond"]}]},{"@type":"WebPage","@id":"https:\/\/memurunsesi.net\/index.php\/2026\/02\/15\/sele-teslim-olan-yollarda-araclar-mahsur-kaldi-yasanan-zor-anlar-kamerada\/","url":"https:\/\/memurunsesi.net\/index.php\/2026\/02\/15\/sele-teslim-olan-yollarda-araclar-mahsur-kaldi-yasanan-zor-anlar-kamerada\/","name":"Sele teslim olan yollarda ara\u00e7lar mahsur kald\u0131: Ya\u015fanan zor anlar kamerada - Memurun Sesi","isPartOf":{"@id":"https:\/\/memurunsesi.net\/#website"},"datePublished":"2026-02-15T06:03:04+00:00","description":"Hatay'da \u015fiddetli ya\u011f\u0131\u015fla birlikte sele teslim olan yollarda ara\u00e7lar mahsur kal\u0131rken vatanda\u015flar zor anlar ya\u015fad\u0131.","breadcrumb":{"@id":"https:\/\/memurunsesi.net\/index.php\/2026\/02\/15\/sele-teslim-olan-yollarda-araclar-mahsur-kaldi-yasanan-zor-anlar-kamerada\/#breadcrumb"},"inLanguage":"tr","potentialAction":[{"@type":"ReadAction","target":["https:\/\/memurunsesi.net\/index.php\/2026\/02\/15\/sele-teslim-olan-yollarda-araclar-mahsur-kaldi-yasanan-zor-anlar-kamerada\/"]}]},{"@type":"BreadcrumbList","@id":"https:\/\/memurunsesi.net\/index.php\/2026\/02\/15\/sele-teslim-olan-yollarda-araclar-mahsur-kaldi-yasanan-zor-anlar-kamerada\/#breadcrumb","itemListElement":[{"@type":"ListItem","position":1,"name":"Anasayfa","item":"https:\/\/memurunsesi.net\/"},{"@type":"ListItem","position":2,"name":"Sele teslim olan yollarda ara\u00e7lar mahsur kald\u0131: Ya\u015fanan zor anlar kamerada"}]},{"@type":"WebSite","@id":"https:\/\/memurunsesi.net\/#website","url":"https:\/\/memurunsesi.net\/","name":"Memurun Sesi","description":"G\u00fcncel ve Do\u011fru Haber","publisher":{"@id":"https:\/\/memurunsesi.net\/#organization"},"potentialAction":[{"@type":"SearchAction","target":{"@type":"EntryPoint","urlTemplate":"https:\/\/memurunsesi.net\/?s={search_term_string}"},"query-input":{"@type":"PropertyValueSpecification","valueRequired":true,"valueName":"search_term_string"}}],"inLanguage":"tr"},{"@type":"Organization","@id":"https:\/\/memurunsesi.net\/#organization","name":"Memurun Sesi","url":"https:\/\/memurunsesi.net\/","logo":{"@type":"ImageObject","inLanguage":"tr","@id":"https:\/\/memurunsesi.net\/#\/schema\/logo\/image\/","url":"https:\/\/memurunsesi.net\/wp-content\/uploads\/2025\/11\/cropped-MEMURUN-SESI.png","contentUrl":"https:\/\/memurunsesi.net\/wp-content\/uploads\/2025\/11\/cropped-MEMURUN-SESI.png","width":238,"height":57,"caption":"Memurun Sesi"},"image":{"@id":"https:\/\/memurunsesi.net\/#\/schema\/logo\/image\/"},"sameAs":["https:\/\/www.facebook.com\/unipersen\/?locale=tr_TR","https:\/\/x.com\/unipersen"]},{"@type":"Person","@id":"https:\/\/memurunsesi.net\/#\/schema\/person\/f21c2d73b89f6ee1d80b0a1803e38587","name":"Memurun Sesi Haber Merkezi","image":{"@type":"ImageObject","inLanguage":"tr","@id":"https:\/\/secure.gravatar.com\/avatar\/6cf0505f452ee753f485014986fab09a434671d2b919ee76fc541025c5876a70?s=96&d=mm&r=g","url":"https:\/\/secure.gravatar.com\/avatar\/6cf0505f452ee753f485014986fab09a434671d2b919ee76fc541025c5876a70?s=96&d=mm&r=g","contentUrl":"https:\/\/secure.gravatar.com\/avatar\/6cf0505f452ee753f485014986fab09a434671d2b919ee76fc541025c5876a70?s=96&d=mm&r=g","caption":"Memurun Sesi Haber Merkezi"},"sameAs":["https:\/\/memurunsesi.net"],"url":"https:\/\/memurunsesi.net\/index.php\/author\/uniper\/"}]}},"_links":{"self":[{"href":"https:\/\/memurunsesi.net\/index.php\/wp-json\/wp\/v2\/posts\/17495","targetHints":{"allow":["GET"]}}],"collection":[{"href":"https:\/\/memurunsesi.net\/index.php\/wp-json\/wp\/v2\/posts"}],"about":[{"href":"https:\/\/memurunsesi.net\/index.php\/wp-json\/wp\/v2\/types\/post"}],"author":[{"embeddable":true,"href":"https:\/\/memurunsesi.net\/index.php\/wp-json\/wp\/v2\/users\/1"}],"replies":[{"embeddable":true,"href":"https:\/\/memurunsesi.net\/index.php\/wp-json\/wp\/v2\/comments?post=17495"}],"version-history":[{"count":1,"href":"https:\/\/memurunsesi.net\/index.php\/wp-json\/wp\/v2\/posts\/17495\/revisions"}],"predecessor-version":[{"id":17497,"href":"https:\/\/memurunsesi.net\/index.php\/wp-json\/wp\/v2\/posts\/17495\/revisions\/17497"}],"wp:attachment":[{"href":"https:\/\/memurunsesi.net\/index.php\/wp-json\/wp\/v2\/media?parent=17495"}],"wp:term":[{"taxonomy":"category","embeddable":true,"href":"https:\/\/memurunsesi.net\/index.php\/wp-json\/wp\/v2\/categories?post=17495"},{"taxonomy":"post_tag","embeddable":true,"href":"https:\/\/memurunsesi.net\/index.php\/wp-json\/wp\/v2\/tags?post=17495"}],"curies":[{"name":"wp","href":"https:\/\/api.w.org\/{rel}","templated":true}]}}