{"id":17541,"date":"2026-02-16T09:01:50","date_gmt":"2026-02-16T06:01:50","guid":{"rendered":"https:\/\/memurunsesi.net\/?p=17541"},"modified":"2026-02-16T09:01:50","modified_gmt":"2026-02-16T06:01:50","slug":"tbmmde-yogun-hafta-komisyon-raporu-ve-milli-parklar-teklifi-gundemde","status":"publish","type":"post","link":"https:\/\/memurunsesi.net\/index.php\/2026\/02\/16\/tbmmde-yogun-hafta-komisyon-raporu-ve-milli-parklar-teklifi-gundemde\/","title":{"rendered":"TBMM\u2019de Yo\u011fun Hafta: Komisyon Raporu ve Milli Parklar Teklifi G\u00fcndemde"},"content":{"rendered":"<div class=\"flex flex-col text-sm pb-25\">\n<article class=\"text-token-text-primary w-full focus:outline-none [--shadow-height:45px] has-data-writing-block:pointer-events-none has-data-writing-block:-mt-(--shadow-height) has-data-writing-block:pt-(--shadow-height) [&amp;:has([data-writing-block])&gt;*]:pointer-events-auto [content-visibility:auto] supports-[content-visibility:auto]:[contain-intrinsic-size:auto_100lvh] scroll-mt-[calc(var(--header-height)+min(200px,max(70px,20svh)))]\" dir=\"auto\" tabindex=\"-1\" data-turn-id=\"request-WEB:efdaa62d-74bd-47fa-9033-71f8b23669ae-0\" data-testid=\"conversation-turn-2\" data-scroll-anchor=\"true\" data-turn=\"assistant\">\n<div class=\"text-base my-auto mx-auto pb-10 [--thread-content-margin:--spacing(4)] @w-sm\/main:[--thread-content-margin:--spacing(6)] @w-lg\/main:[--thread-content-margin:--spacing(16)] px-(--thread-content-margin)\">\n<div class=\"[--thread-content-max-width:40rem] @w-lg\/main:[--thread-content-max-width:48rem] mx-auto max-w-(--thread-content-max-width) flex-1 group\/turn-messages focus-visible:outline-hidden relative flex w-full min-w-0 flex-col agent-turn\" tabindex=\"-1\">\n<div class=\"flex max-w-full flex-col grow\">\n<div class=\"min-h-8 text-message relative flex w-full flex-col items-end gap-2 text-start break-words whitespace-normal [.text-message+&amp;]:mt-1\" dir=\"auto\" data-message-author-role=\"assistant\" data-message-id=\"4a07b927-208e-453c-9416-5a59dda38b6b\" data-message-model-slug=\"gpt-5-2\">\n<div class=\"flex w-full flex-col gap-1 empty:hidden first:pt-[1px]\">\n<div class=\"markdown prose dark:prose-invert w-full wrap-break-word light markdown-new-styling\">\n<p data-start=\"0\" data-end=\"247\">\u00a0 \u00a0 T\u00fcrkiye B\u00fcy\u00fck Millet Meclisi (TBMM) yeni haftaya yo\u011fun bir g\u00fcndemle giriyor. \u00c7\u00f6z\u00fcm s\u00fcreci kapsam\u0131nda Meclis b\u00fcnyesinde kurulan \u201cMilli Dayan\u0131\u015fma Karde\u015flik ve Demokrasi Komisyonu\u201dnun ortak raporunun tamamlanmas\u0131 i\u00e7in kapsaml\u0131 \u00e7al\u0131\u015fmalar y\u00fcr\u00fct\u00fclecek.<\/p>\n<p data-start=\"249\" data-end=\"754\">TBMM Ba\u015fkan\u0131 <span class=\"hover:entity-accent entity-underline inline cursor-pointer align-baseline\"><span class=\"whitespace-normal\">Numan Kurtulmu\u015f<\/span><\/span>, rapor yaz\u0131m s\u00fcrecinde g\u00f6rev alan siyasi parti temsilcileriyle g\u00f6r\u00fc\u015fmeler ger\u00e7ekle\u015ftirecek. Taslak metin; AK Parti Grup Ba\u015fkanvekili Abdulhamit G\u00fcl, CHP Grup Ba\u015fkanvekili Murat Emir, DEM Parti \u0130stanbul Milletvekili Cengiz \u00c7i\u00e7ek, MHP Genel Ba\u015fkan Yard\u0131mc\u0131s\u0131 Feti Y\u0131ld\u0131z ve Yeni Yol Partisi Grup Ba\u015fkanvekili B\u00fclent Kaya\u2019ya iletildi. Tasla\u011f\u0131n, ilgili partilerin yetkili kurullar\u0131nda de\u011ferlendirilmesinin ard\u0131ndan ortak rapor haline getirilmesi planlan\u0131yor.<\/p>\n<p data-start=\"756\" data-end=\"1234\">Kurtulmu\u015f ayr\u0131ca, komisyonda grubu bulunmayan ancak \u00e7al\u0131\u015fmalara kat\u0131lan partilerin temsilcileriyle de bir araya gelecek. Bu kapsamda Yeniden Refah Partisi \u0130stanbul Milletvekili Do\u011fan Bekin, DSP Genel Ba\u015fkan\u0131 \u00d6nder Aksakal, EMEP \u0130stanbul Milletvekili \u0130skender Bayhan, T\u0130P \u0130stanbul Milletvekili Ahmet \u015e\u0131k ve H\u00dcDA PAR Genel Ba\u015fkan\u0131 Zekeriya Yap\u0131c\u0131o\u011flu ile g\u00f6r\u00fc\u015fmeler yap\u0131lmas\u0131 bekleniyor. G\u00f6r\u00fc\u015fmelerin ard\u0131ndan komisyonun toplanarak ortak taslak raporu m\u00fczakere etmesi \u00f6ng\u00f6r\u00fcl\u00fcyor.<\/p>\n<p data-start=\"1236\" data-end=\"1465\">TBMM Genel Kurulu\u2019nda ise Tar\u0131m, Orman ve K\u00f6yi\u015fleri Komisyonu\u2019nda kabul edilen Milli Parklar Kanunu ve Baz\u0131 Kanunlar ile 375 Say\u0131l\u0131 Kanun H\u00fckm\u00fcnde Kararnamede De\u011fi\u015fiklik Yap\u0131lmas\u0131na Dair Kanun Teklifi\u2019nin ele al\u0131nmas\u0131 bekleniyor.<\/p>\n<p data-start=\"1467\" data-end=\"1871\">Teklife g\u00f6re, milli park, tabiat park\u0131, tabiat an\u0131t\u0131 ve tabiat\u0131 koruma alanlar\u0131 i\u00e7in uzun devreli geli\u015fme plan\u0131, geli\u015fme plan\u0131 ve y\u00f6netim planlar\u0131 Do\u011fa Koruma ve Milli Parklar Genel M\u00fcd\u00fcrl\u00fc\u011f\u00fc taraf\u0131ndan haz\u0131rlanacak veya haz\u0131rlatt\u0131r\u0131larak y\u00fcr\u00fcrl\u00fc\u011fe konulacak. Genel M\u00fcd\u00fcrl\u00fc\u011fe, sulak alanlar\u0131n ve biyolojik \u00e7e\u015fitlili\u011fin korunmas\u0131 ile nesli tehlike alt\u0131ndaki t\u00fcrlerin denetimine ili\u015fkin yetkiler veriliyor.<\/p>\n<p data-start=\"1873\" data-end=\"2329\">D\u00fczenlemeyle, milli parklar ve tabiat parklar\u0131nda kamu yarar\u0131 \u015fart\u0131yla ve plan dahilinde turistik ama\u00e7l\u0131 tesisler i\u00e7in izin verilebilmesi \u00f6ng\u00f6r\u00fcl\u00fcyor. Ger\u00e7ek ve \u00f6zel hukuk t\u00fczel ki\u015fileri lehine tesis edilecek intifa hakk\u0131n\u0131n s\u00fcresi 49 y\u0131l ile s\u0131n\u0131rland\u0131r\u0131l\u0131rken, belirli \u015fartlar\u0131n sa\u011flanmas\u0131 halinde bu s\u00fcrenin 99 y\u0131la kadar uzat\u0131labilmesi d\u00fczenleniyor. S\u00fcre sonunda tesislerin Do\u011fa Koruma ve Milli Parklar Genel M\u00fcd\u00fcrl\u00fc\u011f\u00fc\u2019ne devredilmesi h\u00fckme ba\u011flan\u0131yor.<\/p>\n<p data-start=\"2331\" data-end=\"2613\">Ayr\u0131ca, ula\u015f\u0131m, enerji iletim hatlar\u0131, su ve altyap\u0131 tesisleri gibi yat\u0131r\u0131mlar i\u00e7in planlara uygunluk ve kamu yarar\u0131 \u015fart\u0131yla izin verilebilecek. \u0130\u00e7me suyu temini a\u00e7\u0131s\u0131ndan aciliyet ta\u015f\u0131yan ve kamu yarar\u0131 a\u00e7\u0131s\u0131ndan zorunlu tesisler i\u00e7in uzun devreli geli\u015fme plan\u0131 \u015fart\u0131 aranmayacak.<\/p>\n<p data-start=\"2615\" data-end=\"2899\">Teklifte, korunan alanlarda do\u011fal dengeyi bozan, yaban hayat\u0131n\u0131 tahrip eden veya izinsiz yap\u0131la\u015fmaya neden olanlara 1 y\u0131ldan 3 y\u0131la kadar hapis ve adli para cezas\u0131 \u00f6ng\u00f6r\u00fcl\u00fcyor. Milli parklara giri\u015f \u00fccretini \u00f6demeden girenlere ise giri\u015f \u00fccretinin 14 kat\u0131 idari para cezas\u0131 uygulanacak.<\/p>\n<p data-start=\"2901\" data-end=\"3421\">Kanun teklifine y\u00f6nelik baz\u0131 ele\u015ftiriler de g\u00fcndeme geldi. \u0130stanbul Barosu \u00c7evre Kent ve \u0130mar Hukuku Komisyonu taraf\u0131ndan haz\u0131rlanan raporda, d\u00fczenlemenin korunan alanlar\u0131 ekonomik kullan\u0131ma a\u00e7abilece\u011fi ve denetim mekanizmalar\u0131n\u0131 zay\u0131flatabilece\u011fi y\u00f6n\u00fcnde g\u00f6r\u00fc\u015fler dile getirildi. Tar\u0131m ve Orman Bakanl\u0131\u011f\u0131 ise iddialar\u0131n ger\u00e7e\u011fi yans\u0131tmad\u0131\u011f\u0131n\u0131 belirterek teklifin korunan alanlar\u0131n s\u00fcrd\u00fcr\u00fclebilirli\u011fini sa\u011flamak, biyolojik \u00e7e\u015fitlili\u011fi korumak ve yasa d\u0131\u015f\u0131 faaliyetlerle m\u00fccadeleyi g\u00fc\u00e7lendirmek amac\u0131 ta\u015f\u0131d\u0131\u011f\u0131n\u0131 a\u00e7\u0131klad\u0131.<\/p>\n<p data-start=\"3423\" data-end=\"3707\">\u00d6te yandan, Meclis\u2019te Su\u00e7a S\u00fcr\u00fcklenen \u00c7ocuklara \u0130li\u015fkin Ara\u015ft\u0131rma Komisyonu\u2019nda sal\u0131 g\u00fcn\u00fc \u0130nternet Kafeciler Esnaf Odalar\u0131 ile Hazar Derne\u011fi yetkilileri sunum yapacak. Kad\u0131n Erkek F\u0131rsat E\u015fitli\u011fi Komisyonu\u2019nda ise \u00e7ar\u015famba g\u00fcn\u00fc Sa\u011fl\u0131k Bakan\u0131 Kemal Memi\u015fo\u011flu bilgilendirmede bulunacak.<\/p>\n<p data-start=\"3709\" data-end=\"4028\" data-is-last-node=\"\" data-is-only-node=\"\">Ge\u00e7en hafta Genel Kurul\u2019daki yemin t\u00f6reni s\u0131ras\u0131nda ya\u015fanan tart\u0131\u015fma nedeniyle ertelenen Dilek\u00e7e Komisyonu toplant\u0131s\u0131nda da Ba\u015fkanl\u0131k Divan\u0131 kararlar\u0131na yap\u0131lan itirazlar ve Genel Kurul\u2019a sevk edilen dilek\u00e7eler g\u00f6r\u00fc\u015f\u00fclecek. TBMM\u2019de sal\u0131 ve \u00e7ar\u015famba g\u00fcnleri ayr\u0131ca siyasi partilerin grup toplant\u0131lar\u0131 ger\u00e7ekle\u015ftirilecek.<\/p>\n<p data-start=\"3709\" data-end=\"4028\" data-is-last-node=\"\" data-is-only-node=\"\">16.02.2026<\/p>\n<\/div>\n<\/div>\n<\/div>\n<\/div>\n<div class=\"z-0 flex min-h-[46px] justify-start\"><\/div>\n<\/div>\n<\/div>\n<\/article>\n<\/div>\n<div class=\"pointer-events-none h-px w-px absolute bottom-0\" aria-hidden=\"true\" data-edge=\"true\"><\/div>\n","protected":false},"excerpt":{"rendered":"<p>\u00a0 \u00a0 T\u00fcrkiye B\u00fcy\u00fck Millet Meclisi (TBMM) yeni haftaya yo\u011fun bir g\u00fcndemle giriyor. \u00c7\u00f6z\u00fcm s\u00fcreci kapsam\u0131nda Meclis b\u00fcnyesinde kurulan \u201cMilli Dayan\u0131\u015fma Karde\u015flik ve Demokrasi Komisyonu\u201dnun ortak raporunun tamamlanmas\u0131 i\u00e7in kapsaml\u0131 \u00e7al\u0131\u015fmalar y\u00fcr\u00fct\u00fclecek. TBMM Ba\u015fkan\u0131 Numan Kurtulmu\u015f, rapor yaz\u0131m s\u00fcrecinde g\u00f6rev alan siyasi parti temsilcileriyle g\u00f6r\u00fc\u015fmeler ger\u00e7ekle\u015ftirecek. Taslak metin; AK Parti Grup Ba\u015fkanvekili Abdulhamit G\u00fcl, CHP [&hellip;]<\/p>\n","protected":false},"author":1,"featured_media":16007,"comment_status":"open","ping_status":"open","sticky":false,"template":"","format":"standard","meta":{"footnotes":""},"categories":[1],"tags":[958],"class_list":["post-17541","post","type-post","status-publish","format-standard","has-post-thumbnail","hentry","category-genel","tag-meclis-gundemi"],"yoast_head":"<!-- This site is optimized with the Yoast SEO plugin v27.5 - https:\/\/yoast.com\/product\/yoast-seo-wordpress\/ -->\n<title>TBMM\u2019de Yo\u011fun Hafta: Komisyon Raporu ve Milli Parklar Teklifi G\u00fcndemde - Memurun Sesi<\/title>\n<meta name=\"description\" content=\"T\u00fcrkiye B\u00fcy\u00fck Millet Meclisi (TBMM) yeni haftaya yo\u011fun bir g\u00fcndemle giriyor. Komisyon Raporu ve Milli Parklar Teklifi G\u00fcndemde\" \/>\n<meta name=\"robots\" content=\"index, follow, max-snippet:-1, max-image-preview:large, max-video-preview:-1\" \/>\n<link rel=\"canonical\" href=\"https:\/\/memurunsesi.net\/index.php\/2026\/02\/16\/tbmmde-yogun-hafta-komisyon-raporu-ve-milli-parklar-teklifi-gundemde\/\" \/>\n<meta property=\"og:locale\" content=\"tr_TR\" \/>\n<meta property=\"og:type\" content=\"article\" \/>\n<meta property=\"og:title\" content=\"TBMM\u2019de Yo\u011fun Hafta: Komisyon Raporu ve Milli Parklar Teklifi G\u00fcndemde - Memurun Sesi\" \/>\n<meta property=\"og:description\" content=\"T\u00fcrkiye B\u00fcy\u00fck Millet Meclisi (TBMM) yeni haftaya yo\u011fun bir g\u00fcndemle giriyor. Komisyon Raporu ve Milli Parklar Teklifi G\u00fcndemde\" \/>\n<meta property=\"og:url\" content=\"https:\/\/memurunsesi.net\/index.php\/2026\/02\/16\/tbmmde-yogun-hafta-komisyon-raporu-ve-milli-parklar-teklifi-gundemde\/\" \/>\n<meta property=\"og:site_name\" content=\"Memurun Sesi\" \/>\n<meta property=\"article:publisher\" content=\"https:\/\/www.facebook.com\/unipersen\/?locale=tr_TR\" \/>\n<meta property=\"article:published_time\" content=\"2026-02-16T06:01:50+00:00\" \/>\n<meta property=\"og:image\" content=\"https:\/\/memurunsesi.net\/wp-content\/uploads\/2026\/01\/meclis.jpg\" \/>\n\t<meta property=\"og:image:width\" content=\"275\" \/>\n\t<meta property=\"og:image:height\" content=\"183\" \/>\n\t<meta property=\"og:image:type\" content=\"image\/jpeg\" \/>\n<meta name=\"author\" content=\"Memurun Sesi Haber Merkezi\" \/>\n<meta name=\"twitter:card\" content=\"summary_large_image\" \/>\n<meta name=\"twitter:creator\" content=\"@unipersen\" \/>\n<meta name=\"twitter:site\" content=\"@unipersen\" \/>\n<meta name=\"twitter:label1\" content=\"Yazan:\" \/>\n\t<meta name=\"twitter:data1\" content=\"Memurun Sesi Haber Merkezi\" \/>\n\t<meta name=\"twitter:label2\" content=\"Tahmini okuma s\u00fcresi\" \/>\n\t<meta name=\"twitter:data2\" content=\"4 dakika\" \/>\n<script type=\"application\/ld+json\" class=\"yoast-schema-graph\">{\"@context\":\"https:\\\/\\\/schema.org\",\"@graph\":[{\"@type\":\"Article\",\"@id\":\"https:\\\/\\\/memurunsesi.net\\\/index.php\\\/2026\\\/02\\\/16\\\/tbmmde-yogun-hafta-komisyon-raporu-ve-milli-parklar-teklifi-gundemde\\\/#article\",\"isPartOf\":{\"@id\":\"https:\\\/\\\/memurunsesi.net\\\/index.php\\\/2026\\\/02\\\/16\\\/tbmmde-yogun-hafta-komisyon-raporu-ve-milli-parklar-teklifi-gundemde\\\/\"},\"author\":{\"name\":\"Memurun Sesi Haber Merkezi\",\"@id\":\"https:\\\/\\\/memurunsesi.net\\\/#\\\/schema\\\/person\\\/f21c2d73b89f6ee1d80b0a1803e38587\"},\"headline\":\"TBMM\u2019de Yo\u011fun Hafta: Komisyon Raporu ve Milli Parklar Teklifi G\u00fcndemde\",\"datePublished\":\"2026-02-16T06:01:50+00:00\",\"mainEntityOfPage\":{\"@id\":\"https:\\\/\\\/memurunsesi.net\\\/index.php\\\/2026\\\/02\\\/16\\\/tbmmde-yogun-hafta-komisyon-raporu-ve-milli-parklar-teklifi-gundemde\\\/\"},\"wordCount\":750,\"commentCount\":0,\"publisher\":{\"@id\":\"https:\\\/\\\/memurunsesi.net\\\/#organization\"},\"image\":{\"@id\":\"https:\\\/\\\/memurunsesi.net\\\/index.php\\\/2026\\\/02\\\/16\\\/tbmmde-yogun-hafta-komisyon-raporu-ve-milli-parklar-teklifi-gundemde\\\/#primaryimage\"},\"thumbnailUrl\":\"https:\\\/\\\/memurunsesi.net\\\/wp-content\\\/uploads\\\/2026\\\/01\\\/meclis.jpg\",\"keywords\":[\"meclis g\u00fcndemi\"],\"inLanguage\":\"tr\",\"potentialAction\":[{\"@type\":\"CommentAction\",\"name\":\"Comment\",\"target\":[\"https:\\\/\\\/memurunsesi.net\\\/index.php\\\/2026\\\/02\\\/16\\\/tbmmde-yogun-hafta-komisyon-raporu-ve-milli-parklar-teklifi-gundemde\\\/#respond\"]}]},{\"@type\":\"WebPage\",\"@id\":\"https:\\\/\\\/memurunsesi.net\\\/index.php\\\/2026\\\/02\\\/16\\\/tbmmde-yogun-hafta-komisyon-raporu-ve-milli-parklar-teklifi-gundemde\\\/\",\"url\":\"https:\\\/\\\/memurunsesi.net\\\/index.php\\\/2026\\\/02\\\/16\\\/tbmmde-yogun-hafta-komisyon-raporu-ve-milli-parklar-teklifi-gundemde\\\/\",\"name\":\"TBMM\u2019de Yo\u011fun Hafta: Komisyon Raporu ve Milli Parklar Teklifi G\u00fcndemde - Memurun Sesi\",\"isPartOf\":{\"@id\":\"https:\\\/\\\/memurunsesi.net\\\/#website\"},\"primaryImageOfPage\":{\"@id\":\"https:\\\/\\\/memurunsesi.net\\\/index.php\\\/2026\\\/02\\\/16\\\/tbmmde-yogun-hafta-komisyon-raporu-ve-milli-parklar-teklifi-gundemde\\\/#primaryimage\"},\"image\":{\"@id\":\"https:\\\/\\\/memurunsesi.net\\\/index.php\\\/2026\\\/02\\\/16\\\/tbmmde-yogun-hafta-komisyon-raporu-ve-milli-parklar-teklifi-gundemde\\\/#primaryimage\"},\"thumbnailUrl\":\"https:\\\/\\\/memurunsesi.net\\\/wp-content\\\/uploads\\\/2026\\\/01\\\/meclis.jpg\",\"datePublished\":\"2026-02-16T06:01:50+00:00\",\"description\":\"T\u00fcrkiye B\u00fcy\u00fck Millet Meclisi (TBMM) yeni haftaya yo\u011fun bir g\u00fcndemle giriyor. Komisyon Raporu ve Milli Parklar Teklifi G\u00fcndemde\",\"breadcrumb\":{\"@id\":\"https:\\\/\\\/memurunsesi.net\\\/index.php\\\/2026\\\/02\\\/16\\\/tbmmde-yogun-hafta-komisyon-raporu-ve-milli-parklar-teklifi-gundemde\\\/#breadcrumb\"},\"inLanguage\":\"tr\",\"potentialAction\":[{\"@type\":\"ReadAction\",\"target\":[\"https:\\\/\\\/memurunsesi.net\\\/index.php\\\/2026\\\/02\\\/16\\\/tbmmde-yogun-hafta-komisyon-raporu-ve-milli-parklar-teklifi-gundemde\\\/\"]}]},{\"@type\":\"ImageObject\",\"inLanguage\":\"tr\",\"@id\":\"https:\\\/\\\/memurunsesi.net\\\/index.php\\\/2026\\\/02\\\/16\\\/tbmmde-yogun-hafta-komisyon-raporu-ve-milli-parklar-teklifi-gundemde\\\/#primaryimage\",\"url\":\"https:\\\/\\\/memurunsesi.net\\\/wp-content\\\/uploads\\\/2026\\\/01\\\/meclis.jpg\",\"contentUrl\":\"https:\\\/\\\/memurunsesi.net\\\/wp-content\\\/uploads\\\/2026\\\/01\\\/meclis.jpg\",\"width\":275,\"height\":183},{\"@type\":\"BreadcrumbList\",\"@id\":\"https:\\\/\\\/memurunsesi.net\\\/index.php\\\/2026\\\/02\\\/16\\\/tbmmde-yogun-hafta-komisyon-raporu-ve-milli-parklar-teklifi-gundemde\\\/#breadcrumb\",\"itemListElement\":[{\"@type\":\"ListItem\",\"position\":1,\"name\":\"Anasayfa\",\"item\":\"https:\\\/\\\/memurunsesi.net\\\/\"},{\"@type\":\"ListItem\",\"position\":2,\"name\":\"TBMM\u2019de Yo\u011fun Hafta: Komisyon Raporu ve Milli Parklar Teklifi G\u00fcndemde\"}]},{\"@type\":\"WebSite\",\"@id\":\"https:\\\/\\\/memurunsesi.net\\\/#website\",\"url\":\"https:\\\/\\\/memurunsesi.net\\\/\",\"name\":\"Memurun Sesi\",\"description\":\"G\u00fcncel ve Do\u011fru Haber\",\"publisher\":{\"@id\":\"https:\\\/\\\/memurunsesi.net\\\/#organization\"},\"potentialAction\":[{\"@type\":\"SearchAction\",\"target\":{\"@type\":\"EntryPoint\",\"urlTemplate\":\"https:\\\/\\\/memurunsesi.net\\\/?s={search_term_string}\"},\"query-input\":{\"@type\":\"PropertyValueSpecification\",\"valueRequired\":true,\"valueName\":\"search_term_string\"}}],\"inLanguage\":\"tr\"},{\"@type\":\"Organization\",\"@id\":\"https:\\\/\\\/memurunsesi.net\\\/#organization\",\"name\":\"Memurun Sesi\",\"url\":\"https:\\\/\\\/memurunsesi.net\\\/\",\"logo\":{\"@type\":\"ImageObject\",\"inLanguage\":\"tr\",\"@id\":\"https:\\\/\\\/memurunsesi.net\\\/#\\\/schema\\\/logo\\\/image\\\/\",\"url\":\"https:\\\/\\\/memurunsesi.net\\\/wp-content\\\/uploads\\\/2025\\\/11\\\/cropped-MEMURUN-SESI.png\",\"contentUrl\":\"https:\\\/\\\/memurunsesi.net\\\/wp-content\\\/uploads\\\/2025\\\/11\\\/cropped-MEMURUN-SESI.png\",\"width\":238,\"height\":57,\"caption\":\"Memurun Sesi\"},\"image\":{\"@id\":\"https:\\\/\\\/memurunsesi.net\\\/#\\\/schema\\\/logo\\\/image\\\/\"},\"sameAs\":[\"https:\\\/\\\/www.facebook.com\\\/unipersen\\\/?locale=tr_TR\",\"https:\\\/\\\/x.com\\\/unipersen\"]},{\"@type\":\"Person\",\"@id\":\"https:\\\/\\\/memurunsesi.net\\\/#\\\/schema\\\/person\\\/f21c2d73b89f6ee1d80b0a1803e38587\",\"name\":\"Memurun Sesi Haber Merkezi\",\"image\":{\"@type\":\"ImageObject\",\"inLanguage\":\"tr\",\"@id\":\"https:\\\/\\\/secure.gravatar.com\\\/avatar\\\/6cf0505f452ee753f485014986fab09a434671d2b919ee76fc541025c5876a70?s=96&d=mm&r=g\",\"url\":\"https:\\\/\\\/secure.gravatar.com\\\/avatar\\\/6cf0505f452ee753f485014986fab09a434671d2b919ee76fc541025c5876a70?s=96&d=mm&r=g\",\"contentUrl\":\"https:\\\/\\\/secure.gravatar.com\\\/avatar\\\/6cf0505f452ee753f485014986fab09a434671d2b919ee76fc541025c5876a70?s=96&d=mm&r=g\",\"caption\":\"Memurun Sesi Haber Merkezi\"},\"sameAs\":[\"https:\\\/\\\/memurunsesi.net\"],\"url\":\"https:\\\/\\\/memurunsesi.net\\\/index.php\\\/author\\\/uniper\\\/\"}]}<\/script>\n<!-- \/ Yoast SEO plugin. -->","yoast_head_json":{"title":"TBMM\u2019de Yo\u011fun Hafta: Komisyon Raporu ve Milli Parklar Teklifi G\u00fcndemde - Memurun Sesi","description":"T\u00fcrkiye B\u00fcy\u00fck Millet Meclisi (TBMM) yeni haftaya yo\u011fun bir g\u00fcndemle giriyor. Komisyon Raporu ve Milli Parklar Teklifi G\u00fcndemde","robots":{"index":"index","follow":"follow","max-snippet":"max-snippet:-1","max-image-preview":"max-image-preview:large","max-video-preview":"max-video-preview:-1"},"canonical":"https:\/\/memurunsesi.net\/index.php\/2026\/02\/16\/tbmmde-yogun-hafta-komisyon-raporu-ve-milli-parklar-teklifi-gundemde\/","og_locale":"tr_TR","og_type":"article","og_title":"TBMM\u2019de Yo\u011fun Hafta: Komisyon Raporu ve Milli Parklar Teklifi G\u00fcndemde - Memurun Sesi","og_description":"T\u00fcrkiye B\u00fcy\u00fck Millet Meclisi (TBMM) yeni haftaya yo\u011fun bir g\u00fcndemle giriyor. Komisyon Raporu ve Milli Parklar Teklifi G\u00fcndemde","og_url":"https:\/\/memurunsesi.net\/index.php\/2026\/02\/16\/tbmmde-yogun-hafta-komisyon-raporu-ve-milli-parklar-teklifi-gundemde\/","og_site_name":"Memurun Sesi","article_publisher":"https:\/\/www.facebook.com\/unipersen\/?locale=tr_TR","article_published_time":"2026-02-16T06:01:50+00:00","og_image":[{"width":275,"height":183,"url":"https:\/\/memurunsesi.net\/wp-content\/uploads\/2026\/01\/meclis.jpg","type":"image\/jpeg"}],"author":"Memurun Sesi Haber Merkezi","twitter_card":"summary_large_image","twitter_creator":"@unipersen","twitter_site":"@unipersen","twitter_misc":{"Yazan:":"Memurun Sesi Haber Merkezi","Tahmini okuma s\u00fcresi":"4 dakika"},"schema":{"@context":"https:\/\/schema.org","@graph":[{"@type":"Article","@id":"https:\/\/memurunsesi.net\/index.php\/2026\/02\/16\/tbmmde-yogun-hafta-komisyon-raporu-ve-milli-parklar-teklifi-gundemde\/#article","isPartOf":{"@id":"https:\/\/memurunsesi.net\/index.php\/2026\/02\/16\/tbmmde-yogun-hafta-komisyon-raporu-ve-milli-parklar-teklifi-gundemde\/"},"author":{"name":"Memurun Sesi Haber Merkezi","@id":"https:\/\/memurunsesi.net\/#\/schema\/person\/f21c2d73b89f6ee1d80b0a1803e38587"},"headline":"TBMM\u2019de Yo\u011fun Hafta: Komisyon Raporu ve Milli Parklar Teklifi G\u00fcndemde","datePublished":"2026-02-16T06:01:50+00:00","mainEntityOfPage":{"@id":"https:\/\/memurunsesi.net\/index.php\/2026\/02\/16\/tbmmde-yogun-hafta-komisyon-raporu-ve-milli-parklar-teklifi-gundemde\/"},"wordCount":750,"commentCount":0,"publisher":{"@id":"https:\/\/memurunsesi.net\/#organization"},"image":{"@id":"https:\/\/memurunsesi.net\/index.php\/2026\/02\/16\/tbmmde-yogun-hafta-komisyon-raporu-ve-milli-parklar-teklifi-gundemde\/#primaryimage"},"thumbnailUrl":"https:\/\/memurunsesi.net\/wp-content\/uploads\/2026\/01\/meclis.jpg","keywords":["meclis g\u00fcndemi"],"inLanguage":"tr","potentialAction":[{"@type":"CommentAction","name":"Comment","target":["https:\/\/memurunsesi.net\/index.php\/2026\/02\/16\/tbmmde-yogun-hafta-komisyon-raporu-ve-milli-parklar-teklifi-gundemde\/#respond"]}]},{"@type":"WebPage","@id":"https:\/\/memurunsesi.net\/index.php\/2026\/02\/16\/tbmmde-yogun-hafta-komisyon-raporu-ve-milli-parklar-teklifi-gundemde\/","url":"https:\/\/memurunsesi.net\/index.php\/2026\/02\/16\/tbmmde-yogun-hafta-komisyon-raporu-ve-milli-parklar-teklifi-gundemde\/","name":"TBMM\u2019de Yo\u011fun Hafta: Komisyon Raporu ve Milli Parklar Teklifi G\u00fcndemde - Memurun Sesi","isPartOf":{"@id":"https:\/\/memurunsesi.net\/#website"},"primaryImageOfPage":{"@id":"https:\/\/memurunsesi.net\/index.php\/2026\/02\/16\/tbmmde-yogun-hafta-komisyon-raporu-ve-milli-parklar-teklifi-gundemde\/#primaryimage"},"image":{"@id":"https:\/\/memurunsesi.net\/index.php\/2026\/02\/16\/tbmmde-yogun-hafta-komisyon-raporu-ve-milli-parklar-teklifi-gundemde\/#primaryimage"},"thumbnailUrl":"https:\/\/memurunsesi.net\/wp-content\/uploads\/2026\/01\/meclis.jpg","datePublished":"2026-02-16T06:01:50+00:00","description":"T\u00fcrkiye B\u00fcy\u00fck Millet Meclisi (TBMM) yeni haftaya yo\u011fun bir g\u00fcndemle giriyor. Komisyon Raporu ve Milli Parklar Teklifi G\u00fcndemde","breadcrumb":{"@id":"https:\/\/memurunsesi.net\/index.php\/2026\/02\/16\/tbmmde-yogun-hafta-komisyon-raporu-ve-milli-parklar-teklifi-gundemde\/#breadcrumb"},"inLanguage":"tr","potentialAction":[{"@type":"ReadAction","target":["https:\/\/memurunsesi.net\/index.php\/2026\/02\/16\/tbmmde-yogun-hafta-komisyon-raporu-ve-milli-parklar-teklifi-gundemde\/"]}]},{"@type":"ImageObject","inLanguage":"tr","@id":"https:\/\/memurunsesi.net\/index.php\/2026\/02\/16\/tbmmde-yogun-hafta-komisyon-raporu-ve-milli-parklar-teklifi-gundemde\/#primaryimage","url":"https:\/\/memurunsesi.net\/wp-content\/uploads\/2026\/01\/meclis.jpg","contentUrl":"https:\/\/memurunsesi.net\/wp-content\/uploads\/2026\/01\/meclis.jpg","width":275,"height":183},{"@type":"BreadcrumbList","@id":"https:\/\/memurunsesi.net\/index.php\/2026\/02\/16\/tbmmde-yogun-hafta-komisyon-raporu-ve-milli-parklar-teklifi-gundemde\/#breadcrumb","itemListElement":[{"@type":"ListItem","position":1,"name":"Anasayfa","item":"https:\/\/memurunsesi.net\/"},{"@type":"ListItem","position":2,"name":"TBMM\u2019de Yo\u011fun Hafta: Komisyon Raporu ve Milli Parklar Teklifi G\u00fcndemde"}]},{"@type":"WebSite","@id":"https:\/\/memurunsesi.net\/#website","url":"https:\/\/memurunsesi.net\/","name":"Memurun Sesi","description":"G\u00fcncel ve Do\u011fru Haber","publisher":{"@id":"https:\/\/memurunsesi.net\/#organization"},"potentialAction":[{"@type":"SearchAction","target":{"@type":"EntryPoint","urlTemplate":"https:\/\/memurunsesi.net\/?s={search_term_string}"},"query-input":{"@type":"PropertyValueSpecification","valueRequired":true,"valueName":"search_term_string"}}],"inLanguage":"tr"},{"@type":"Organization","@id":"https:\/\/memurunsesi.net\/#organization","name":"Memurun Sesi","url":"https:\/\/memurunsesi.net\/","logo":{"@type":"ImageObject","inLanguage":"tr","@id":"https:\/\/memurunsesi.net\/#\/schema\/logo\/image\/","url":"https:\/\/memurunsesi.net\/wp-content\/uploads\/2025\/11\/cropped-MEMURUN-SESI.png","contentUrl":"https:\/\/memurunsesi.net\/wp-content\/uploads\/2025\/11\/cropped-MEMURUN-SESI.png","width":238,"height":57,"caption":"Memurun Sesi"},"image":{"@id":"https:\/\/memurunsesi.net\/#\/schema\/logo\/image\/"},"sameAs":["https:\/\/www.facebook.com\/unipersen\/?locale=tr_TR","https:\/\/x.com\/unipersen"]},{"@type":"Person","@id":"https:\/\/memurunsesi.net\/#\/schema\/person\/f21c2d73b89f6ee1d80b0a1803e38587","name":"Memurun Sesi Haber Merkezi","image":{"@type":"ImageObject","inLanguage":"tr","@id":"https:\/\/secure.gravatar.com\/avatar\/6cf0505f452ee753f485014986fab09a434671d2b919ee76fc541025c5876a70?s=96&d=mm&r=g","url":"https:\/\/secure.gravatar.com\/avatar\/6cf0505f452ee753f485014986fab09a434671d2b919ee76fc541025c5876a70?s=96&d=mm&r=g","contentUrl":"https:\/\/secure.gravatar.com\/avatar\/6cf0505f452ee753f485014986fab09a434671d2b919ee76fc541025c5876a70?s=96&d=mm&r=g","caption":"Memurun Sesi Haber Merkezi"},"sameAs":["https:\/\/memurunsesi.net"],"url":"https:\/\/memurunsesi.net\/index.php\/author\/uniper\/"}]}},"_links":{"self":[{"href":"https:\/\/memurunsesi.net\/index.php\/wp-json\/wp\/v2\/posts\/17541","targetHints":{"allow":["GET"]}}],"collection":[{"href":"https:\/\/memurunsesi.net\/index.php\/wp-json\/wp\/v2\/posts"}],"about":[{"href":"https:\/\/memurunsesi.net\/index.php\/wp-json\/wp\/v2\/types\/post"}],"author":[{"embeddable":true,"href":"https:\/\/memurunsesi.net\/index.php\/wp-json\/wp\/v2\/users\/1"}],"replies":[{"embeddable":true,"href":"https:\/\/memurunsesi.net\/index.php\/wp-json\/wp\/v2\/comments?post=17541"}],"version-history":[{"count":1,"href":"https:\/\/memurunsesi.net\/index.php\/wp-json\/wp\/v2\/posts\/17541\/revisions"}],"predecessor-version":[{"id":17543,"href":"https:\/\/memurunsesi.net\/index.php\/wp-json\/wp\/v2\/posts\/17541\/revisions\/17543"}],"wp:featuredmedia":[{"embeddable":true,"href":"https:\/\/memurunsesi.net\/index.php\/wp-json\/wp\/v2\/media\/16007"}],"wp:attachment":[{"href":"https:\/\/memurunsesi.net\/index.php\/wp-json\/wp\/v2\/media?parent=17541"}],"wp:term":[{"taxonomy":"category","embeddable":true,"href":"https:\/\/memurunsesi.net\/index.php\/wp-json\/wp\/v2\/categories?post=17541"},{"taxonomy":"post_tag","embeddable":true,"href":"https:\/\/memurunsesi.net\/index.php\/wp-json\/wp\/v2\/tags?post=17541"}],"curies":[{"name":"wp","href":"https:\/\/api.w.org\/{rel}","templated":true}]}}