{"id":17544,"date":"2026-02-16T09:09:10","date_gmt":"2026-02-16T06:09:10","guid":{"rendered":"https:\/\/memurunsesi.net\/?p=17544"},"modified":"2026-02-16T09:09:10","modified_gmt":"2026-02-16T06:09:10","slug":"emekliye-bayram-ikramiyesi-5-bin-tl-olacak-mi-gozler-mecliste","status":"publish","type":"post","link":"https:\/\/memurunsesi.net\/index.php\/2026\/02\/16\/emekliye-bayram-ikramiyesi-5-bin-tl-olacak-mi-gozler-mecliste\/","title":{"rendered":"Emekliye Bayram \u0130kramiyesi 5 Bin TL Olacak m\u0131? G\u00f6zler Meclis\u2019te"},"content":{"rendered":"<p data-start=\"0\" data-end=\"261\">\u00a0 \u00a0 \u00a0 Ramazan ay\u0131n\u0131n ba\u015flamas\u0131na say\u0131l\u0131 g\u00fcnler kala \u00e7al\u0131\u015fma hayat\u0131na ili\u015fkin uygulamalar ve emeklilerin bayram ikramiyesi yeniden g\u00fcndeme geldi. Hem \u00e7al\u0131\u015fanlar\u0131n haklar\u0131 hem de milyonlarca emekliyi ilgilendiren ikramiye art\u0131\u015f\u0131yla ilgili s\u00fcre\u00e7 yak\u0131ndan takip ediliyor.<\/p>\n<p data-start=\"263\" data-end=\"761\"><strong data-start=\"263\" data-end=\"307\">Ara dinlenmesi ve erken \u00e7\u0131k\u0131\u015f m\u00fcmk\u00fcn m\u00fc?<\/strong><br data-start=\"307\" data-end=\"310\" \/>Mevzuata g\u00f6re i\u015f\u00e7ilere \u00e7al\u0131\u015fma s\u00fcrelerine ba\u011fl\u0131 olarak ara dinlenmesi verilmesi zorunlu. G\u00fcnl\u00fck \u00e7al\u0131\u015fma s\u00fcresi 4 saate kadar olan i\u015flerde 15 dakika, 4 saatten fazla ve 7,5 saate kadar olan i\u015flerde en az 30 dakika, 7,5 saati a\u015fan \u00e7al\u0131\u015fmalarda ise en az 1 saat ara dinlenmesi uygulan\u0131yor. Ramazan ay\u0131nda oru\u00e7 tutan \u00e7al\u0131\u015fanlar\u0131n \u00f6\u011fle aras\u0131n\u0131 kullanmamas\u0131 halinde erken \u00e7\u0131k\u0131\u015f yapabilmesi ancak i\u015f\u00e7i ile i\u015fverenin kar\u015f\u0131l\u0131kl\u0131 anla\u015fmas\u0131yla m\u00fcmk\u00fcn olabiliyor.<\/p>\n<p data-start=\"763\" data-end=\"1145\"><strong data-start=\"763\" data-end=\"808\">Ramazan\u2019da y\u0131ll\u0131k izin kullan\u0131labilir mi?<\/strong><br data-start=\"808\" data-end=\"811\" \/>En az bir y\u0131l \u00e7al\u0131\u015fm\u0131\u015f olan i\u015f\u00e7iler y\u0131ll\u0131k \u00fccretli izne hak kazan\u0131yor. Mevzuatta Ramazan ay\u0131nda izin kullan\u0131m\u0131na ili\u015fkin bir k\u0131s\u0131tlama bulunmuyor. Bu nedenle i\u015f\u00e7i, usul\u00fcne uygun \u015fekilde talepte bulunarak Ramazan ay\u0131nda da y\u0131ll\u0131k iznini kullanabiliyor. \u0130\u015fveren de belirli \u015fartlar\u0131n olu\u015fmas\u0131 halinde toplu izin uygulamas\u0131na gidebiliyor.<\/p>\n<p data-start=\"1147\" data-end=\"1607\"><strong data-start=\"1147\" data-end=\"1179\">Oru\u00e7 bilgisi sorulabilir mi?<\/strong><br data-start=\"1179\" data-end=\"1182\" \/>Anayasa gere\u011fi kimse dini inanc\u0131n\u0131 a\u00e7\u0131klamaya zorlanam\u0131yor. Bu nedenle i\u015fveren, \u00e7al\u0131\u015fana oru\u00e7 tutup tutmad\u0131\u011f\u0131n\u0131 sormak zorunda de\u011fil; \u00e7al\u0131\u015fan da bu soruya cevap vermekle y\u00fck\u00fcml\u00fc de\u011fil. Ancak i\u015f sa\u011fl\u0131\u011f\u0131, g\u00fcvenli\u011fi ve vardiya planlamas\u0131 gibi konularda gerekli d\u00fczenlemeleri yapmak amac\u0131yla bilgi talep edilmesi halinde, elde edilen verilerin 6698 say\u0131l\u0131 Ki\u015fisel Verilerin Korunmas\u0131 Kanunu\u2019na uygun \u015fekilde saklanmas\u0131 gerekiyor.<\/p>\n<p data-start=\"1609\" data-end=\"2019\"><strong data-start=\"1609\" data-end=\"1637\">Yemek paras\u0131 kesilir mi?<\/strong><br data-start=\"1637\" data-end=\"1640\" \/>\u0130\u015fyerinde yemek \u00fccreti ya da yemek kart\u0131 uygulamas\u0131 varsa, oru\u00e7 tutulup tutulmad\u0131\u011f\u0131na bak\u0131lmaks\u0131z\u0131n uygulaman\u0131n s\u00fcrd\u00fcr\u00fclmesi esas kabul ediliyor. Yemek hizmetinin i\u015fyeri yemekhanesinde verilmesi durumunda ise oru\u00e7 tutan personele ayr\u0131ca \u00fccret \u00f6denip \u00f6denmeyece\u011fi i\u015fverenin takdirine ba\u011fl\u0131 bulunuyor. Ancak i\u015fyerinde yerle\u015fmi\u015f bir uygulama varsa bunun devam ettirilmesi gerekiyor.<\/p>\n<p data-start=\"2021\" data-end=\"2367\"><strong data-start=\"2021\" data-end=\"2054\">Bayram ikramiyesi artacak m\u0131?<\/strong><br data-start=\"2054\" data-end=\"2057\" \/>Yakla\u015f\u0131k 17 milyon emekliyi ilgilendiren bayram ikramiyesi i\u00e7in art\u0131\u015f haz\u0131rl\u0131\u011f\u0131 yap\u0131l\u0131yor. Halen 4 bin TL olarak uygulanan bayram ikramiyesinin 5 bin TL\u2019ye \u00e7\u0131kar\u0131lmas\u0131 hedefleniyor. D\u00fczenlemenin \u00f6n\u00fcm\u00fczdeki g\u00fcnlerde <span class=\"hover:entity-accent entity-underline inline cursor-pointer align-baseline\"><span class=\"whitespace-normal\">T\u00fcrkiye B\u00fcy\u00fck Millet Meclisi<\/span><\/span>\u2019ne sunulacak torba kanun teklifine eklenmesi planlan\u0131yor.<\/p>\n<p data-start=\"2369\" data-end=\"2556\">Teklifin \u00f6nce Plan ve B\u00fct\u00e7e Komisyonu\u2019nda g\u00f6r\u00fc\u015f\u00fclmesi, ard\u0131ndan Genel Kurul\u2019da kabul edilmesi ve Cumhurba\u015fkan\u0131 onay\u0131n\u0131n ard\u0131ndan Resmi Gazete\u2019de yay\u0131mlanarak y\u00fcr\u00fcrl\u00fc\u011fe girmesi bekleniyor.<\/p>\n<p data-start=\"2558\" data-end=\"2912\"><strong data-start=\"2558\" data-end=\"2585\">Kimler ikramiye alacak?<\/strong><br data-start=\"2585\" data-end=\"2588\" \/>Bayram ikramiyesinden SGK\u2019dan emekli ayl\u0131\u011f\u0131, ya\u015fl\u0131l\u0131k ayl\u0131\u011f\u0131, vazife malull\u00fc\u011f\u00fc ayl\u0131\u011f\u0131, malull\u00fck ayl\u0131\u011f\u0131, \u00f6l\u00fcm ayl\u0131\u011f\u0131 ve s\u00fcrekli i\u015f g\u00f6remezlik geliri alanlar yararlanacak. Ayr\u0131ca \u015fehit yak\u0131nlar\u0131, gaziler, muharip gaziler, g\u00fcvenlik korucular\u0131, \u015fampiyon sporcular, ter\u00f6rden zarar g\u00f6ren siviller ve hak sahipleri de \u00f6deme alacak.<\/p>\n<p data-start=\"2914\" data-end=\"3158\"><strong data-start=\"2914\" data-end=\"2950\">Dul ve yetimler ne kadar alacak?<\/strong><br data-start=\"2950\" data-end=\"2953\" \/>Dul ve yetim ayl\u0131\u011f\u0131 alanlara \u00f6deme, hisse oranlar\u0131na g\u00f6re yap\u0131lacak. E\u015ften maa\u015f alanlara y\u00fczde 75, \u00e7al\u0131\u015fan ya da emekli olup e\u015ften maa\u015f alanlara y\u00fczde 50, yetimlere ise y\u00fczde 25 oran\u0131nda ikramiye \u00f6denecek.<\/p>\n<p data-start=\"3160\" data-end=\"3489\" data-is-last-node=\"\" data-is-only-node=\"\"><strong data-start=\"3160\" data-end=\"3192\">\u00d6demeler ne zaman yap\u0131lacak?<\/strong><br data-start=\"3192\" data-end=\"3195\" \/>Ramazan Bayram\u0131\u2019n\u0131n 20-24 Mart tarihleri aras\u0131nda olmas\u0131 nedeniyle, ge\u00e7mi\u015f y\u0131llardaki uygulamalar dikkate al\u0131nd\u0131\u011f\u0131nda ilk ikramiyenin 9-14 Mart tarihleri aras\u0131nda emeklilerin maa\u015f ald\u0131klar\u0131 banka hesaplar\u0131na yat\u0131r\u0131lmas\u0131 bekleniyor. D\u00fczenlemenin yasala\u015fmas\u0131n\u0131n ard\u0131ndan \u00f6deme takvimi netle\u015fecek.<\/p>\n","protected":false},"excerpt":{"rendered":"<p>\u00a0 \u00a0 \u00a0 Ramazan ay\u0131n\u0131n ba\u015flamas\u0131na say\u0131l\u0131 g\u00fcnler kala \u00e7al\u0131\u015fma hayat\u0131na ili\u015fkin uygulamalar ve emeklilerin bayram ikramiyesi yeniden g\u00fcndeme geldi. Hem \u00e7al\u0131\u015fanlar\u0131n haklar\u0131 hem de milyonlarca emekliyi ilgilendiren ikramiye art\u0131\u015f\u0131yla ilgili s\u00fcre\u00e7 yak\u0131ndan takip ediliyor. Ara dinlenmesi ve erken \u00e7\u0131k\u0131\u015f m\u00fcmk\u00fcn m\u00fc?Mevzuata g\u00f6re i\u015f\u00e7ilere \u00e7al\u0131\u015fma s\u00fcrelerine ba\u011fl\u0131 olarak ara dinlenmesi verilmesi zorunlu. G\u00fcnl\u00fck \u00e7al\u0131\u015fma s\u00fcresi [&hellip;]<\/p>\n","protected":false},"author":1,"featured_media":15978,"comment_status":"open","ping_status":"open","sticky":false,"template":"","format":"standard","meta":{"footnotes":""},"categories":[1],"tags":[1245,1051],"class_list":["post-17544","post","type-post","status-publish","format-standard","has-post-thumbnail","hentry","category-genel","tag-bayram-ikramiyesi","tag-emekli"],"yoast_head":"<!-- This site is optimized with the Yoast SEO plugin v27.5 - https:\/\/yoast.com\/product\/yoast-seo-wordpress\/ -->\n<title>Emekliye Bayram \u0130kramiyesi 5 Bin TL Olacak m\u0131? G\u00f6zler Meclis\u2019te - Memurun Sesi<\/title>\n<meta name=\"description\" content=\"\u00a0 Ramazan ay\u0131n\u0131n ba\u015flamas\u0131na say\u0131l\u0131 g\u00fcnler kala \u00e7al\u0131\u015fma hayat\u0131na ili\u015fkin uygulamalar ve emeklilerin bayram ikramiyesi yeniden g\u00fcndeme geldi.\" \/>\n<meta name=\"robots\" content=\"index, follow, max-snippet:-1, max-image-preview:large, max-video-preview:-1\" \/>\n<link rel=\"canonical\" href=\"https:\/\/memurunsesi.net\/index.php\/2026\/02\/16\/emekliye-bayram-ikramiyesi-5-bin-tl-olacak-mi-gozler-mecliste\/\" \/>\n<meta property=\"og:locale\" content=\"tr_TR\" \/>\n<meta property=\"og:type\" content=\"article\" \/>\n<meta property=\"og:title\" content=\"Emekliye Bayram \u0130kramiyesi 5 Bin TL Olacak m\u0131? G\u00f6zler Meclis\u2019te - Memurun Sesi\" \/>\n<meta property=\"og:description\" content=\"\u00a0 Ramazan ay\u0131n\u0131n ba\u015flamas\u0131na say\u0131l\u0131 g\u00fcnler kala \u00e7al\u0131\u015fma hayat\u0131na ili\u015fkin uygulamalar ve emeklilerin bayram ikramiyesi yeniden g\u00fcndeme geldi.\" \/>\n<meta property=\"og:url\" content=\"https:\/\/memurunsesi.net\/index.php\/2026\/02\/16\/emekliye-bayram-ikramiyesi-5-bin-tl-olacak-mi-gozler-mecliste\/\" \/>\n<meta property=\"og:site_name\" content=\"Memurun Sesi\" \/>\n<meta property=\"article:publisher\" content=\"https:\/\/www.facebook.com\/unipersen\/?locale=tr_TR\" \/>\n<meta property=\"article:published_time\" content=\"2026-02-16T06:09:10+00:00\" \/>\n<meta property=\"og:image\" content=\"https:\/\/memurunsesi.net\/wp-content\/uploads\/2026\/01\/emekli.webp\" \/>\n\t<meta property=\"og:image:width\" content=\"1200\" \/>\n\t<meta property=\"og:image:height\" content=\"800\" \/>\n\t<meta property=\"og:image:type\" content=\"image\/webp\" \/>\n<meta name=\"author\" content=\"Memurun Sesi Haber Merkezi\" \/>\n<meta name=\"twitter:card\" content=\"summary_large_image\" \/>\n<meta name=\"twitter:creator\" content=\"@unipersen\" \/>\n<meta name=\"twitter:site\" content=\"@unipersen\" \/>\n<meta name=\"twitter:label1\" content=\"Yazan:\" \/>\n\t<meta name=\"twitter:data1\" content=\"Memurun Sesi Haber Merkezi\" \/>\n\t<meta name=\"twitter:label2\" content=\"Tahmini okuma s\u00fcresi\" \/>\n\t<meta name=\"twitter:data2\" content=\"3 dakika\" \/>\n<script type=\"application\/ld+json\" class=\"yoast-schema-graph\">{\"@context\":\"https:\\\/\\\/schema.org\",\"@graph\":[{\"@type\":\"Article\",\"@id\":\"https:\\\/\\\/memurunsesi.net\\\/index.php\\\/2026\\\/02\\\/16\\\/emekliye-bayram-ikramiyesi-5-bin-tl-olacak-mi-gozler-mecliste\\\/#article\",\"isPartOf\":{\"@id\":\"https:\\\/\\\/memurunsesi.net\\\/index.php\\\/2026\\\/02\\\/16\\\/emekliye-bayram-ikramiyesi-5-bin-tl-olacak-mi-gozler-mecliste\\\/\"},\"author\":{\"name\":\"Memurun Sesi Haber Merkezi\",\"@id\":\"https:\\\/\\\/memurunsesi.net\\\/#\\\/schema\\\/person\\\/f21c2d73b89f6ee1d80b0a1803e38587\"},\"headline\":\"Emekliye Bayram \u0130kramiyesi 5 Bin TL Olacak m\u0131? G\u00f6zler Meclis\u2019te\",\"datePublished\":\"2026-02-16T06:09:10+00:00\",\"mainEntityOfPage\":{\"@id\":\"https:\\\/\\\/memurunsesi.net\\\/index.php\\\/2026\\\/02\\\/16\\\/emekliye-bayram-ikramiyesi-5-bin-tl-olacak-mi-gozler-mecliste\\\/\"},\"wordCount\":618,\"commentCount\":0,\"publisher\":{\"@id\":\"https:\\\/\\\/memurunsesi.net\\\/#organization\"},\"image\":{\"@id\":\"https:\\\/\\\/memurunsesi.net\\\/index.php\\\/2026\\\/02\\\/16\\\/emekliye-bayram-ikramiyesi-5-bin-tl-olacak-mi-gozler-mecliste\\\/#primaryimage\"},\"thumbnailUrl\":\"https:\\\/\\\/memurunsesi.net\\\/wp-content\\\/uploads\\\/2026\\\/01\\\/emekli.webp\",\"keywords\":[\"bayram ikramiyesi\",\"emekli\"],\"inLanguage\":\"tr\",\"potentialAction\":[{\"@type\":\"CommentAction\",\"name\":\"Comment\",\"target\":[\"https:\\\/\\\/memurunsesi.net\\\/index.php\\\/2026\\\/02\\\/16\\\/emekliye-bayram-ikramiyesi-5-bin-tl-olacak-mi-gozler-mecliste\\\/#respond\"]}]},{\"@type\":\"WebPage\",\"@id\":\"https:\\\/\\\/memurunsesi.net\\\/index.php\\\/2026\\\/02\\\/16\\\/emekliye-bayram-ikramiyesi-5-bin-tl-olacak-mi-gozler-mecliste\\\/\",\"url\":\"https:\\\/\\\/memurunsesi.net\\\/index.php\\\/2026\\\/02\\\/16\\\/emekliye-bayram-ikramiyesi-5-bin-tl-olacak-mi-gozler-mecliste\\\/\",\"name\":\"Emekliye Bayram \u0130kramiyesi 5 Bin TL Olacak m\u0131? G\u00f6zler Meclis\u2019te - Memurun Sesi\",\"isPartOf\":{\"@id\":\"https:\\\/\\\/memurunsesi.net\\\/#website\"},\"primaryImageOfPage\":{\"@id\":\"https:\\\/\\\/memurunsesi.net\\\/index.php\\\/2026\\\/02\\\/16\\\/emekliye-bayram-ikramiyesi-5-bin-tl-olacak-mi-gozler-mecliste\\\/#primaryimage\"},\"image\":{\"@id\":\"https:\\\/\\\/memurunsesi.net\\\/index.php\\\/2026\\\/02\\\/16\\\/emekliye-bayram-ikramiyesi-5-bin-tl-olacak-mi-gozler-mecliste\\\/#primaryimage\"},\"thumbnailUrl\":\"https:\\\/\\\/memurunsesi.net\\\/wp-content\\\/uploads\\\/2026\\\/01\\\/emekli.webp\",\"datePublished\":\"2026-02-16T06:09:10+00:00\",\"description\":\"\u00a0 Ramazan ay\u0131n\u0131n ba\u015flamas\u0131na say\u0131l\u0131 g\u00fcnler kala \u00e7al\u0131\u015fma hayat\u0131na ili\u015fkin uygulamalar ve emeklilerin bayram ikramiyesi yeniden g\u00fcndeme geldi.\",\"breadcrumb\":{\"@id\":\"https:\\\/\\\/memurunsesi.net\\\/index.php\\\/2026\\\/02\\\/16\\\/emekliye-bayram-ikramiyesi-5-bin-tl-olacak-mi-gozler-mecliste\\\/#breadcrumb\"},\"inLanguage\":\"tr\",\"potentialAction\":[{\"@type\":\"ReadAction\",\"target\":[\"https:\\\/\\\/memurunsesi.net\\\/index.php\\\/2026\\\/02\\\/16\\\/emekliye-bayram-ikramiyesi-5-bin-tl-olacak-mi-gozler-mecliste\\\/\"]}]},{\"@type\":\"ImageObject\",\"inLanguage\":\"tr\",\"@id\":\"https:\\\/\\\/memurunsesi.net\\\/index.php\\\/2026\\\/02\\\/16\\\/emekliye-bayram-ikramiyesi-5-bin-tl-olacak-mi-gozler-mecliste\\\/#primaryimage\",\"url\":\"https:\\\/\\\/memurunsesi.net\\\/wp-content\\\/uploads\\\/2026\\\/01\\\/emekli.webp\",\"contentUrl\":\"https:\\\/\\\/memurunsesi.net\\\/wp-content\\\/uploads\\\/2026\\\/01\\\/emekli.webp\",\"width\":1200,\"height\":800},{\"@type\":\"BreadcrumbList\",\"@id\":\"https:\\\/\\\/memurunsesi.net\\\/index.php\\\/2026\\\/02\\\/16\\\/emekliye-bayram-ikramiyesi-5-bin-tl-olacak-mi-gozler-mecliste\\\/#breadcrumb\",\"itemListElement\":[{\"@type\":\"ListItem\",\"position\":1,\"name\":\"Anasayfa\",\"item\":\"https:\\\/\\\/memurunsesi.net\\\/\"},{\"@type\":\"ListItem\",\"position\":2,\"name\":\"Emekliye Bayram \u0130kramiyesi 5 Bin TL Olacak m\u0131? G\u00f6zler Meclis\u2019te\"}]},{\"@type\":\"WebSite\",\"@id\":\"https:\\\/\\\/memurunsesi.net\\\/#website\",\"url\":\"https:\\\/\\\/memurunsesi.net\\\/\",\"name\":\"Memurun Sesi\",\"description\":\"G\u00fcncel ve Do\u011fru Haber\",\"publisher\":{\"@id\":\"https:\\\/\\\/memurunsesi.net\\\/#organization\"},\"potentialAction\":[{\"@type\":\"SearchAction\",\"target\":{\"@type\":\"EntryPoint\",\"urlTemplate\":\"https:\\\/\\\/memurunsesi.net\\\/?s={search_term_string}\"},\"query-input\":{\"@type\":\"PropertyValueSpecification\",\"valueRequired\":true,\"valueName\":\"search_term_string\"}}],\"inLanguage\":\"tr\"},{\"@type\":\"Organization\",\"@id\":\"https:\\\/\\\/memurunsesi.net\\\/#organization\",\"name\":\"Memurun Sesi\",\"url\":\"https:\\\/\\\/memurunsesi.net\\\/\",\"logo\":{\"@type\":\"ImageObject\",\"inLanguage\":\"tr\",\"@id\":\"https:\\\/\\\/memurunsesi.net\\\/#\\\/schema\\\/logo\\\/image\\\/\",\"url\":\"https:\\\/\\\/memurunsesi.net\\\/wp-content\\\/uploads\\\/2025\\\/11\\\/cropped-MEMURUN-SESI.png\",\"contentUrl\":\"https:\\\/\\\/memurunsesi.net\\\/wp-content\\\/uploads\\\/2025\\\/11\\\/cropped-MEMURUN-SESI.png\",\"width\":238,\"height\":57,\"caption\":\"Memurun Sesi\"},\"image\":{\"@id\":\"https:\\\/\\\/memurunsesi.net\\\/#\\\/schema\\\/logo\\\/image\\\/\"},\"sameAs\":[\"https:\\\/\\\/www.facebook.com\\\/unipersen\\\/?locale=tr_TR\",\"https:\\\/\\\/x.com\\\/unipersen\"]},{\"@type\":\"Person\",\"@id\":\"https:\\\/\\\/memurunsesi.net\\\/#\\\/schema\\\/person\\\/f21c2d73b89f6ee1d80b0a1803e38587\",\"name\":\"Memurun Sesi Haber Merkezi\",\"image\":{\"@type\":\"ImageObject\",\"inLanguage\":\"tr\",\"@id\":\"https:\\\/\\\/secure.gravatar.com\\\/avatar\\\/6cf0505f452ee753f485014986fab09a434671d2b919ee76fc541025c5876a70?s=96&d=mm&r=g\",\"url\":\"https:\\\/\\\/secure.gravatar.com\\\/avatar\\\/6cf0505f452ee753f485014986fab09a434671d2b919ee76fc541025c5876a70?s=96&d=mm&r=g\",\"contentUrl\":\"https:\\\/\\\/secure.gravatar.com\\\/avatar\\\/6cf0505f452ee753f485014986fab09a434671d2b919ee76fc541025c5876a70?s=96&d=mm&r=g\",\"caption\":\"Memurun Sesi Haber Merkezi\"},\"sameAs\":[\"https:\\\/\\\/memurunsesi.net\"],\"url\":\"https:\\\/\\\/memurunsesi.net\\\/index.php\\\/author\\\/uniper\\\/\"}]}<\/script>\n<!-- \/ Yoast SEO plugin. -->","yoast_head_json":{"title":"Emekliye Bayram \u0130kramiyesi 5 Bin TL Olacak m\u0131? G\u00f6zler Meclis\u2019te - Memurun Sesi","description":"\u00a0 Ramazan ay\u0131n\u0131n ba\u015flamas\u0131na say\u0131l\u0131 g\u00fcnler kala \u00e7al\u0131\u015fma hayat\u0131na ili\u015fkin uygulamalar ve emeklilerin bayram ikramiyesi yeniden g\u00fcndeme geldi.","robots":{"index":"index","follow":"follow","max-snippet":"max-snippet:-1","max-image-preview":"max-image-preview:large","max-video-preview":"max-video-preview:-1"},"canonical":"https:\/\/memurunsesi.net\/index.php\/2026\/02\/16\/emekliye-bayram-ikramiyesi-5-bin-tl-olacak-mi-gozler-mecliste\/","og_locale":"tr_TR","og_type":"article","og_title":"Emekliye Bayram \u0130kramiyesi 5 Bin TL Olacak m\u0131? G\u00f6zler Meclis\u2019te - Memurun Sesi","og_description":"\u00a0 Ramazan ay\u0131n\u0131n ba\u015flamas\u0131na say\u0131l\u0131 g\u00fcnler kala \u00e7al\u0131\u015fma hayat\u0131na ili\u015fkin uygulamalar ve emeklilerin bayram ikramiyesi yeniden g\u00fcndeme geldi.","og_url":"https:\/\/memurunsesi.net\/index.php\/2026\/02\/16\/emekliye-bayram-ikramiyesi-5-bin-tl-olacak-mi-gozler-mecliste\/","og_site_name":"Memurun Sesi","article_publisher":"https:\/\/www.facebook.com\/unipersen\/?locale=tr_TR","article_published_time":"2026-02-16T06:09:10+00:00","og_image":[{"width":1200,"height":800,"url":"https:\/\/memurunsesi.net\/wp-content\/uploads\/2026\/01\/emekli.webp","type":"image\/webp"}],"author":"Memurun Sesi Haber Merkezi","twitter_card":"summary_large_image","twitter_creator":"@unipersen","twitter_site":"@unipersen","twitter_misc":{"Yazan:":"Memurun Sesi Haber Merkezi","Tahmini okuma s\u00fcresi":"3 dakika"},"schema":{"@context":"https:\/\/schema.org","@graph":[{"@type":"Article","@id":"https:\/\/memurunsesi.net\/index.php\/2026\/02\/16\/emekliye-bayram-ikramiyesi-5-bin-tl-olacak-mi-gozler-mecliste\/#article","isPartOf":{"@id":"https:\/\/memurunsesi.net\/index.php\/2026\/02\/16\/emekliye-bayram-ikramiyesi-5-bin-tl-olacak-mi-gozler-mecliste\/"},"author":{"name":"Memurun Sesi Haber Merkezi","@id":"https:\/\/memurunsesi.net\/#\/schema\/person\/f21c2d73b89f6ee1d80b0a1803e38587"},"headline":"Emekliye Bayram \u0130kramiyesi 5 Bin TL Olacak m\u0131? G\u00f6zler Meclis\u2019te","datePublished":"2026-02-16T06:09:10+00:00","mainEntityOfPage":{"@id":"https:\/\/memurunsesi.net\/index.php\/2026\/02\/16\/emekliye-bayram-ikramiyesi-5-bin-tl-olacak-mi-gozler-mecliste\/"},"wordCount":618,"commentCount":0,"publisher":{"@id":"https:\/\/memurunsesi.net\/#organization"},"image":{"@id":"https:\/\/memurunsesi.net\/index.php\/2026\/02\/16\/emekliye-bayram-ikramiyesi-5-bin-tl-olacak-mi-gozler-mecliste\/#primaryimage"},"thumbnailUrl":"https:\/\/memurunsesi.net\/wp-content\/uploads\/2026\/01\/emekli.webp","keywords":["bayram ikramiyesi","emekli"],"inLanguage":"tr","potentialAction":[{"@type":"CommentAction","name":"Comment","target":["https:\/\/memurunsesi.net\/index.php\/2026\/02\/16\/emekliye-bayram-ikramiyesi-5-bin-tl-olacak-mi-gozler-mecliste\/#respond"]}]},{"@type":"WebPage","@id":"https:\/\/memurunsesi.net\/index.php\/2026\/02\/16\/emekliye-bayram-ikramiyesi-5-bin-tl-olacak-mi-gozler-mecliste\/","url":"https:\/\/memurunsesi.net\/index.php\/2026\/02\/16\/emekliye-bayram-ikramiyesi-5-bin-tl-olacak-mi-gozler-mecliste\/","name":"Emekliye Bayram \u0130kramiyesi 5 Bin TL Olacak m\u0131? G\u00f6zler Meclis\u2019te - Memurun Sesi","isPartOf":{"@id":"https:\/\/memurunsesi.net\/#website"},"primaryImageOfPage":{"@id":"https:\/\/memurunsesi.net\/index.php\/2026\/02\/16\/emekliye-bayram-ikramiyesi-5-bin-tl-olacak-mi-gozler-mecliste\/#primaryimage"},"image":{"@id":"https:\/\/memurunsesi.net\/index.php\/2026\/02\/16\/emekliye-bayram-ikramiyesi-5-bin-tl-olacak-mi-gozler-mecliste\/#primaryimage"},"thumbnailUrl":"https:\/\/memurunsesi.net\/wp-content\/uploads\/2026\/01\/emekli.webp","datePublished":"2026-02-16T06:09:10+00:00","description":"\u00a0 Ramazan ay\u0131n\u0131n ba\u015flamas\u0131na say\u0131l\u0131 g\u00fcnler kala \u00e7al\u0131\u015fma hayat\u0131na ili\u015fkin uygulamalar ve emeklilerin bayram ikramiyesi yeniden g\u00fcndeme geldi.","breadcrumb":{"@id":"https:\/\/memurunsesi.net\/index.php\/2026\/02\/16\/emekliye-bayram-ikramiyesi-5-bin-tl-olacak-mi-gozler-mecliste\/#breadcrumb"},"inLanguage":"tr","potentialAction":[{"@type":"ReadAction","target":["https:\/\/memurunsesi.net\/index.php\/2026\/02\/16\/emekliye-bayram-ikramiyesi-5-bin-tl-olacak-mi-gozler-mecliste\/"]}]},{"@type":"ImageObject","inLanguage":"tr","@id":"https:\/\/memurunsesi.net\/index.php\/2026\/02\/16\/emekliye-bayram-ikramiyesi-5-bin-tl-olacak-mi-gozler-mecliste\/#primaryimage","url":"https:\/\/memurunsesi.net\/wp-content\/uploads\/2026\/01\/emekli.webp","contentUrl":"https:\/\/memurunsesi.net\/wp-content\/uploads\/2026\/01\/emekli.webp","width":1200,"height":800},{"@type":"BreadcrumbList","@id":"https:\/\/memurunsesi.net\/index.php\/2026\/02\/16\/emekliye-bayram-ikramiyesi-5-bin-tl-olacak-mi-gozler-mecliste\/#breadcrumb","itemListElement":[{"@type":"ListItem","position":1,"name":"Anasayfa","item":"https:\/\/memurunsesi.net\/"},{"@type":"ListItem","position":2,"name":"Emekliye Bayram \u0130kramiyesi 5 Bin TL Olacak m\u0131? G\u00f6zler Meclis\u2019te"}]},{"@type":"WebSite","@id":"https:\/\/memurunsesi.net\/#website","url":"https:\/\/memurunsesi.net\/","name":"Memurun Sesi","description":"G\u00fcncel ve Do\u011fru Haber","publisher":{"@id":"https:\/\/memurunsesi.net\/#organization"},"potentialAction":[{"@type":"SearchAction","target":{"@type":"EntryPoint","urlTemplate":"https:\/\/memurunsesi.net\/?s={search_term_string}"},"query-input":{"@type":"PropertyValueSpecification","valueRequired":true,"valueName":"search_term_string"}}],"inLanguage":"tr"},{"@type":"Organization","@id":"https:\/\/memurunsesi.net\/#organization","name":"Memurun Sesi","url":"https:\/\/memurunsesi.net\/","logo":{"@type":"ImageObject","inLanguage":"tr","@id":"https:\/\/memurunsesi.net\/#\/schema\/logo\/image\/","url":"https:\/\/memurunsesi.net\/wp-content\/uploads\/2025\/11\/cropped-MEMURUN-SESI.png","contentUrl":"https:\/\/memurunsesi.net\/wp-content\/uploads\/2025\/11\/cropped-MEMURUN-SESI.png","width":238,"height":57,"caption":"Memurun Sesi"},"image":{"@id":"https:\/\/memurunsesi.net\/#\/schema\/logo\/image\/"},"sameAs":["https:\/\/www.facebook.com\/unipersen\/?locale=tr_TR","https:\/\/x.com\/unipersen"]},{"@type":"Person","@id":"https:\/\/memurunsesi.net\/#\/schema\/person\/f21c2d73b89f6ee1d80b0a1803e38587","name":"Memurun Sesi Haber Merkezi","image":{"@type":"ImageObject","inLanguage":"tr","@id":"https:\/\/secure.gravatar.com\/avatar\/6cf0505f452ee753f485014986fab09a434671d2b919ee76fc541025c5876a70?s=96&d=mm&r=g","url":"https:\/\/secure.gravatar.com\/avatar\/6cf0505f452ee753f485014986fab09a434671d2b919ee76fc541025c5876a70?s=96&d=mm&r=g","contentUrl":"https:\/\/secure.gravatar.com\/avatar\/6cf0505f452ee753f485014986fab09a434671d2b919ee76fc541025c5876a70?s=96&d=mm&r=g","caption":"Memurun Sesi Haber Merkezi"},"sameAs":["https:\/\/memurunsesi.net"],"url":"https:\/\/memurunsesi.net\/index.php\/author\/uniper\/"}]}},"_links":{"self":[{"href":"https:\/\/memurunsesi.net\/index.php\/wp-json\/wp\/v2\/posts\/17544","targetHints":{"allow":["GET"]}}],"collection":[{"href":"https:\/\/memurunsesi.net\/index.php\/wp-json\/wp\/v2\/posts"}],"about":[{"href":"https:\/\/memurunsesi.net\/index.php\/wp-json\/wp\/v2\/types\/post"}],"author":[{"embeddable":true,"href":"https:\/\/memurunsesi.net\/index.php\/wp-json\/wp\/v2\/users\/1"}],"replies":[{"embeddable":true,"href":"https:\/\/memurunsesi.net\/index.php\/wp-json\/wp\/v2\/comments?post=17544"}],"version-history":[{"count":1,"href":"https:\/\/memurunsesi.net\/index.php\/wp-json\/wp\/v2\/posts\/17544\/revisions"}],"predecessor-version":[{"id":17545,"href":"https:\/\/memurunsesi.net\/index.php\/wp-json\/wp\/v2\/posts\/17544\/revisions\/17545"}],"wp:featuredmedia":[{"embeddable":true,"href":"https:\/\/memurunsesi.net\/index.php\/wp-json\/wp\/v2\/media\/15978"}],"wp:attachment":[{"href":"https:\/\/memurunsesi.net\/index.php\/wp-json\/wp\/v2\/media?parent=17544"}],"wp:term":[{"taxonomy":"category","embeddable":true,"href":"https:\/\/memurunsesi.net\/index.php\/wp-json\/wp\/v2\/categories?post=17544"},{"taxonomy":"post_tag","embeddable":true,"href":"https:\/\/memurunsesi.net\/index.php\/wp-json\/wp\/v2\/tags?post=17544"}],"curies":[{"name":"wp","href":"https:\/\/api.w.org\/{rel}","templated":true}]}}