{"id":17552,"date":"2026-02-18T13:15:51","date_gmt":"2026-02-18T10:15:51","guid":{"rendered":"https:\/\/memurunsesi.net\/?p=17552"},"modified":"2026-02-18T13:15:51","modified_gmt":"2026-02-18T10:15:51","slug":"adanada-bir-kadinin-karistigi-sopali-kavga-goruntulendi","status":"publish","type":"post","link":"https:\/\/memurunsesi.net\/index.php\/2026\/02\/18\/adanada-bir-kadinin-karistigi-sopali-kavga-goruntulendi\/","title":{"rendered":"Adana&#8217;da bir kad\u0131n\u0131n kar\u0131\u015ft\u0131\u011f\u0131 sopal\u0131 kavga g\u00f6r\u00fcnt\u00fclendi"},"content":{"rendered":"<p>Adana&#8217;n\u0131n Kozan il\u00e7esinde trafikte ya\u015fanan kavgada bir kad\u0131n\u0131n elindeki sopa dikkat \u00e7ekti.<br \/>\nKozan il\u00e7esi Develi Bulvar\u0131&#8217;nda trafikte gruplar aras\u0131nda ya\u015fanan kavgada bir kad\u0131n\u0131n sopa kullanmas\u0131 dikkat \u00e7ekti. \u0130ki grup aras\u0131nda \u00e7\u0131kan kavgan\u0131n nedeni hen\u00fcz bilinmezken, taraflar birbirinden \u015fikayet\u00e7i de olmad\u0131. \u00c7evredeki vatanda\u015flar\u0131n araya girmesiyle taraflar sakinle\u015ftirildi. Bu anlar cep telefonu kameralar\u0131na yans\u0131d\u0131.<\/p>\n<p>18.02.2026<\/p>\n","protected":false},"excerpt":{"rendered":"<p>Adana&#8217;n\u0131n Kozan il\u00e7esinde trafikte ya\u015fanan kavgada bir kad\u0131n\u0131n elindeki sopa dikkat \u00e7ekti. Kozan il\u00e7esi Develi Bulvar\u0131&#8217;nda trafikte gruplar aras\u0131nda ya\u015fanan kavgada bir kad\u0131n\u0131n sopa kullanmas\u0131 dikkat \u00e7ekti. \u0130ki grup aras\u0131nda \u00e7\u0131kan kavgan\u0131n nedeni hen\u00fcz bilinmezken, taraflar birbirinden \u015fikayet\u00e7i de olmad\u0131. \u00c7evredeki vatanda\u015flar\u0131n araya girmesiyle taraflar sakinle\u015ftirildi. Bu anlar cep telefonu kameralar\u0131na yans\u0131d\u0131. 18.02.2026<\/p>\n","protected":false},"author":1,"featured_media":17553,"comment_status":"open","ping_status":"open","sticky":false,"template":"","format":"standard","meta":{"footnotes":""},"categories":[45],"tags":[149,1249,1248],"class_list":["post-17552","post","type-post","status-publish","format-standard","has-post-thumbnail","hentry","category-gundem","tag-kavga","tag-sopa","tag-trafikte"],"yoast_head":"<!-- This site is optimized with the Yoast SEO plugin v27.5 - https:\/\/yoast.com\/product\/yoast-seo-wordpress\/ -->\n<title>Adana&#039;da bir kad\u0131n\u0131n kar\u0131\u015ft\u0131\u011f\u0131 sopal\u0131 kavga g\u00f6r\u00fcnt\u00fclendi - Memurun Sesi<\/title>\n<meta name=\"description\" content=\"Adana&#039;n\u0131n Kozan il\u00e7esinde trafikte ya\u015fanan kavgada bir kad\u0131n\u0131n elindeki sopa dikkat \u00e7ekti. Develi Bulvar\u0131nda\" \/>\n<meta name=\"robots\" content=\"index, follow, max-snippet:-1, max-image-preview:large, max-video-preview:-1\" \/>\n<link rel=\"canonical\" href=\"https:\/\/memurunsesi.net\/index.php\/2026\/02\/18\/adanada-bir-kadinin-karistigi-sopali-kavga-goruntulendi\/\" \/>\n<meta property=\"og:locale\" content=\"tr_TR\" \/>\n<meta property=\"og:type\" content=\"article\" \/>\n<meta property=\"og:title\" content=\"Adana&#039;da bir kad\u0131n\u0131n kar\u0131\u015ft\u0131\u011f\u0131 sopal\u0131 kavga g\u00f6r\u00fcnt\u00fclendi - Memurun Sesi\" \/>\n<meta property=\"og:description\" content=\"Adana&#039;n\u0131n Kozan il\u00e7esinde trafikte ya\u015fanan kavgada bir kad\u0131n\u0131n elindeki sopa dikkat \u00e7ekti. Develi Bulvar\u0131nda\" \/>\n<meta property=\"og:url\" content=\"https:\/\/memurunsesi.net\/index.php\/2026\/02\/18\/adanada-bir-kadinin-karistigi-sopali-kavga-goruntulendi\/\" \/>\n<meta property=\"og:site_name\" content=\"Memurun Sesi\" \/>\n<meta property=\"article:publisher\" content=\"https:\/\/www.facebook.com\/unipersen\/?locale=tr_TR\" \/>\n<meta property=\"article:published_time\" content=\"2026-02-18T10:15:51+00:00\" \/>\n<meta property=\"og:image\" content=\"https:\/\/memurunsesi.net\/wp-content\/uploads\/2026\/02\/kavga-3.jpg\" \/>\n\t<meta property=\"og:image:width\" content=\"1080\" \/>\n\t<meta property=\"og:image:height\" content=\"1606\" \/>\n\t<meta property=\"og:image:type\" content=\"image\/jpeg\" \/>\n<meta name=\"author\" content=\"Memurun Sesi Haber Merkezi\" \/>\n<meta name=\"twitter:card\" content=\"summary_large_image\" \/>\n<meta name=\"twitter:creator\" content=\"@unipersen\" \/>\n<meta name=\"twitter:site\" content=\"@unipersen\" \/>\n<meta name=\"twitter:label1\" content=\"Yazan:\" \/>\n\t<meta name=\"twitter:data1\" content=\"Memurun Sesi Haber Merkezi\" \/>\n\t<meta name=\"twitter:label2\" content=\"Tahmini okuma s\u00fcresi\" \/>\n\t<meta name=\"twitter:data2\" content=\"1 dakika\" \/>\n<script type=\"application\/ld+json\" class=\"yoast-schema-graph\">{\"@context\":\"https:\\\/\\\/schema.org\",\"@graph\":[{\"@type\":\"Article\",\"@id\":\"https:\\\/\\\/memurunsesi.net\\\/index.php\\\/2026\\\/02\\\/18\\\/adanada-bir-kadinin-karistigi-sopali-kavga-goruntulendi\\\/#article\",\"isPartOf\":{\"@id\":\"https:\\\/\\\/memurunsesi.net\\\/index.php\\\/2026\\\/02\\\/18\\\/adanada-bir-kadinin-karistigi-sopali-kavga-goruntulendi\\\/\"},\"author\":{\"name\":\"Memurun Sesi Haber Merkezi\",\"@id\":\"https:\\\/\\\/memurunsesi.net\\\/#\\\/schema\\\/person\\\/f21c2d73b89f6ee1d80b0a1803e38587\"},\"headline\":\"Adana&#8217;da bir kad\u0131n\u0131n kar\u0131\u015ft\u0131\u011f\u0131 sopal\u0131 kavga g\u00f6r\u00fcnt\u00fclendi\",\"datePublished\":\"2026-02-18T10:15:51+00:00\",\"mainEntityOfPage\":{\"@id\":\"https:\\\/\\\/memurunsesi.net\\\/index.php\\\/2026\\\/02\\\/18\\\/adanada-bir-kadinin-karistigi-sopali-kavga-goruntulendi\\\/\"},\"wordCount\":87,\"commentCount\":0,\"publisher\":{\"@id\":\"https:\\\/\\\/memurunsesi.net\\\/#organization\"},\"image\":{\"@id\":\"https:\\\/\\\/memurunsesi.net\\\/index.php\\\/2026\\\/02\\\/18\\\/adanada-bir-kadinin-karistigi-sopali-kavga-goruntulendi\\\/#primaryimage\"},\"thumbnailUrl\":\"https:\\\/\\\/memurunsesi.net\\\/wp-content\\\/uploads\\\/2026\\\/02\\\/kavga-3.jpg\",\"keywords\":[\"kavga\",\"sopa\",\"trafikte\"],\"articleSection\":[\"G\u00fcndem\"],\"inLanguage\":\"tr\",\"potentialAction\":[{\"@type\":\"CommentAction\",\"name\":\"Comment\",\"target\":[\"https:\\\/\\\/memurunsesi.net\\\/index.php\\\/2026\\\/02\\\/18\\\/adanada-bir-kadinin-karistigi-sopali-kavga-goruntulendi\\\/#respond\"]}]},{\"@type\":\"WebPage\",\"@id\":\"https:\\\/\\\/memurunsesi.net\\\/index.php\\\/2026\\\/02\\\/18\\\/adanada-bir-kadinin-karistigi-sopali-kavga-goruntulendi\\\/\",\"url\":\"https:\\\/\\\/memurunsesi.net\\\/index.php\\\/2026\\\/02\\\/18\\\/adanada-bir-kadinin-karistigi-sopali-kavga-goruntulendi\\\/\",\"name\":\"Adana'da bir kad\u0131n\u0131n kar\u0131\u015ft\u0131\u011f\u0131 sopal\u0131 kavga g\u00f6r\u00fcnt\u00fclendi - Memurun Sesi\",\"isPartOf\":{\"@id\":\"https:\\\/\\\/memurunsesi.net\\\/#website\"},\"primaryImageOfPage\":{\"@id\":\"https:\\\/\\\/memurunsesi.net\\\/index.php\\\/2026\\\/02\\\/18\\\/adanada-bir-kadinin-karistigi-sopali-kavga-goruntulendi\\\/#primaryimage\"},\"image\":{\"@id\":\"https:\\\/\\\/memurunsesi.net\\\/index.php\\\/2026\\\/02\\\/18\\\/adanada-bir-kadinin-karistigi-sopali-kavga-goruntulendi\\\/#primaryimage\"},\"thumbnailUrl\":\"https:\\\/\\\/memurunsesi.net\\\/wp-content\\\/uploads\\\/2026\\\/02\\\/kavga-3.jpg\",\"datePublished\":\"2026-02-18T10:15:51+00:00\",\"description\":\"Adana'n\u0131n Kozan il\u00e7esinde trafikte ya\u015fanan kavgada bir kad\u0131n\u0131n elindeki sopa dikkat \u00e7ekti. Develi Bulvar\u0131nda\",\"breadcrumb\":{\"@id\":\"https:\\\/\\\/memurunsesi.net\\\/index.php\\\/2026\\\/02\\\/18\\\/adanada-bir-kadinin-karistigi-sopali-kavga-goruntulendi\\\/#breadcrumb\"},\"inLanguage\":\"tr\",\"potentialAction\":[{\"@type\":\"ReadAction\",\"target\":[\"https:\\\/\\\/memurunsesi.net\\\/index.php\\\/2026\\\/02\\\/18\\\/adanada-bir-kadinin-karistigi-sopali-kavga-goruntulendi\\\/\"]}]},{\"@type\":\"ImageObject\",\"inLanguage\":\"tr\",\"@id\":\"https:\\\/\\\/memurunsesi.net\\\/index.php\\\/2026\\\/02\\\/18\\\/adanada-bir-kadinin-karistigi-sopali-kavga-goruntulendi\\\/#primaryimage\",\"url\":\"https:\\\/\\\/memurunsesi.net\\\/wp-content\\\/uploads\\\/2026\\\/02\\\/kavga-3.jpg\",\"contentUrl\":\"https:\\\/\\\/memurunsesi.net\\\/wp-content\\\/uploads\\\/2026\\\/02\\\/kavga-3.jpg\",\"width\":1080,\"height\":1606,\"caption\":\"ADANA'NIN KOZAN \u0130L\u00c7ES\u0130NDE DEVEL\u0130 BULVARINDA S\u00dcR\u00dcLER\u0130N MEYDAN KAVGASI CEP TELEFONUNA YANSIDI. (BER\u0130L SOLMU\u015eG\u00dcL\\\/ADANA-\u0130HA) Adana'n\u0131n Kozan il\u00e7esinde trafikte ya\u015fanan kavgada bir kad\u0131n\u0131n elindeki sopa dikkat \u00e7ekti.\"},{\"@type\":\"BreadcrumbList\",\"@id\":\"https:\\\/\\\/memurunsesi.net\\\/index.php\\\/2026\\\/02\\\/18\\\/adanada-bir-kadinin-karistigi-sopali-kavga-goruntulendi\\\/#breadcrumb\",\"itemListElement\":[{\"@type\":\"ListItem\",\"position\":1,\"name\":\"Anasayfa\",\"item\":\"https:\\\/\\\/memurunsesi.net\\\/\"},{\"@type\":\"ListItem\",\"position\":2,\"name\":\"Adana&#8217;da bir kad\u0131n\u0131n kar\u0131\u015ft\u0131\u011f\u0131 sopal\u0131 kavga g\u00f6r\u00fcnt\u00fclendi\"}]},{\"@type\":\"WebSite\",\"@id\":\"https:\\\/\\\/memurunsesi.net\\\/#website\",\"url\":\"https:\\\/\\\/memurunsesi.net\\\/\",\"name\":\"Memurun Sesi\",\"description\":\"G\u00fcncel ve Do\u011fru Haber\",\"publisher\":{\"@id\":\"https:\\\/\\\/memurunsesi.net\\\/#organization\"},\"potentialAction\":[{\"@type\":\"SearchAction\",\"target\":{\"@type\":\"EntryPoint\",\"urlTemplate\":\"https:\\\/\\\/memurunsesi.net\\\/?s={search_term_string}\"},\"query-input\":{\"@type\":\"PropertyValueSpecification\",\"valueRequired\":true,\"valueName\":\"search_term_string\"}}],\"inLanguage\":\"tr\"},{\"@type\":\"Organization\",\"@id\":\"https:\\\/\\\/memurunsesi.net\\\/#organization\",\"name\":\"Memurun Sesi\",\"url\":\"https:\\\/\\\/memurunsesi.net\\\/\",\"logo\":{\"@type\":\"ImageObject\",\"inLanguage\":\"tr\",\"@id\":\"https:\\\/\\\/memurunsesi.net\\\/#\\\/schema\\\/logo\\\/image\\\/\",\"url\":\"https:\\\/\\\/memurunsesi.net\\\/wp-content\\\/uploads\\\/2025\\\/11\\\/cropped-MEMURUN-SESI.png\",\"contentUrl\":\"https:\\\/\\\/memurunsesi.net\\\/wp-content\\\/uploads\\\/2025\\\/11\\\/cropped-MEMURUN-SESI.png\",\"width\":238,\"height\":57,\"caption\":\"Memurun Sesi\"},\"image\":{\"@id\":\"https:\\\/\\\/memurunsesi.net\\\/#\\\/schema\\\/logo\\\/image\\\/\"},\"sameAs\":[\"https:\\\/\\\/www.facebook.com\\\/unipersen\\\/?locale=tr_TR\",\"https:\\\/\\\/x.com\\\/unipersen\"]},{\"@type\":\"Person\",\"@id\":\"https:\\\/\\\/memurunsesi.net\\\/#\\\/schema\\\/person\\\/f21c2d73b89f6ee1d80b0a1803e38587\",\"name\":\"Memurun Sesi Haber Merkezi\",\"image\":{\"@type\":\"ImageObject\",\"inLanguage\":\"tr\",\"@id\":\"https:\\\/\\\/secure.gravatar.com\\\/avatar\\\/6cf0505f452ee753f485014986fab09a434671d2b919ee76fc541025c5876a70?s=96&d=mm&r=g\",\"url\":\"https:\\\/\\\/secure.gravatar.com\\\/avatar\\\/6cf0505f452ee753f485014986fab09a434671d2b919ee76fc541025c5876a70?s=96&d=mm&r=g\",\"contentUrl\":\"https:\\\/\\\/secure.gravatar.com\\\/avatar\\\/6cf0505f452ee753f485014986fab09a434671d2b919ee76fc541025c5876a70?s=96&d=mm&r=g\",\"caption\":\"Memurun Sesi Haber Merkezi\"},\"sameAs\":[\"https:\\\/\\\/memurunsesi.net\"],\"url\":\"https:\\\/\\\/memurunsesi.net\\\/index.php\\\/author\\\/uniper\\\/\"}]}<\/script>\n<!-- \/ Yoast SEO plugin. -->","yoast_head_json":{"title":"Adana'da bir kad\u0131n\u0131n kar\u0131\u015ft\u0131\u011f\u0131 sopal\u0131 kavga g\u00f6r\u00fcnt\u00fclendi - Memurun Sesi","description":"Adana'n\u0131n Kozan il\u00e7esinde trafikte ya\u015fanan kavgada bir kad\u0131n\u0131n elindeki sopa dikkat \u00e7ekti. Develi Bulvar\u0131nda","robots":{"index":"index","follow":"follow","max-snippet":"max-snippet:-1","max-image-preview":"max-image-preview:large","max-video-preview":"max-video-preview:-1"},"canonical":"https:\/\/memurunsesi.net\/index.php\/2026\/02\/18\/adanada-bir-kadinin-karistigi-sopali-kavga-goruntulendi\/","og_locale":"tr_TR","og_type":"article","og_title":"Adana'da bir kad\u0131n\u0131n kar\u0131\u015ft\u0131\u011f\u0131 sopal\u0131 kavga g\u00f6r\u00fcnt\u00fclendi - Memurun Sesi","og_description":"Adana'n\u0131n Kozan il\u00e7esinde trafikte ya\u015fanan kavgada bir kad\u0131n\u0131n elindeki sopa dikkat \u00e7ekti. Develi Bulvar\u0131nda","og_url":"https:\/\/memurunsesi.net\/index.php\/2026\/02\/18\/adanada-bir-kadinin-karistigi-sopali-kavga-goruntulendi\/","og_site_name":"Memurun Sesi","article_publisher":"https:\/\/www.facebook.com\/unipersen\/?locale=tr_TR","article_published_time":"2026-02-18T10:15:51+00:00","og_image":[{"width":1080,"height":1606,"url":"https:\/\/memurunsesi.net\/wp-content\/uploads\/2026\/02\/kavga-3.jpg","type":"image\/jpeg"}],"author":"Memurun Sesi Haber Merkezi","twitter_card":"summary_large_image","twitter_creator":"@unipersen","twitter_site":"@unipersen","twitter_misc":{"Yazan:":"Memurun Sesi Haber Merkezi","Tahmini okuma s\u00fcresi":"1 dakika"},"schema":{"@context":"https:\/\/schema.org","@graph":[{"@type":"Article","@id":"https:\/\/memurunsesi.net\/index.php\/2026\/02\/18\/adanada-bir-kadinin-karistigi-sopali-kavga-goruntulendi\/#article","isPartOf":{"@id":"https:\/\/memurunsesi.net\/index.php\/2026\/02\/18\/adanada-bir-kadinin-karistigi-sopali-kavga-goruntulendi\/"},"author":{"name":"Memurun Sesi Haber Merkezi","@id":"https:\/\/memurunsesi.net\/#\/schema\/person\/f21c2d73b89f6ee1d80b0a1803e38587"},"headline":"Adana&#8217;da bir kad\u0131n\u0131n kar\u0131\u015ft\u0131\u011f\u0131 sopal\u0131 kavga g\u00f6r\u00fcnt\u00fclendi","datePublished":"2026-02-18T10:15:51+00:00","mainEntityOfPage":{"@id":"https:\/\/memurunsesi.net\/index.php\/2026\/02\/18\/adanada-bir-kadinin-karistigi-sopali-kavga-goruntulendi\/"},"wordCount":87,"commentCount":0,"publisher":{"@id":"https:\/\/memurunsesi.net\/#organization"},"image":{"@id":"https:\/\/memurunsesi.net\/index.php\/2026\/02\/18\/adanada-bir-kadinin-karistigi-sopali-kavga-goruntulendi\/#primaryimage"},"thumbnailUrl":"https:\/\/memurunsesi.net\/wp-content\/uploads\/2026\/02\/kavga-3.jpg","keywords":["kavga","sopa","trafikte"],"articleSection":["G\u00fcndem"],"inLanguage":"tr","potentialAction":[{"@type":"CommentAction","name":"Comment","target":["https:\/\/memurunsesi.net\/index.php\/2026\/02\/18\/adanada-bir-kadinin-karistigi-sopali-kavga-goruntulendi\/#respond"]}]},{"@type":"WebPage","@id":"https:\/\/memurunsesi.net\/index.php\/2026\/02\/18\/adanada-bir-kadinin-karistigi-sopali-kavga-goruntulendi\/","url":"https:\/\/memurunsesi.net\/index.php\/2026\/02\/18\/adanada-bir-kadinin-karistigi-sopali-kavga-goruntulendi\/","name":"Adana'da bir kad\u0131n\u0131n kar\u0131\u015ft\u0131\u011f\u0131 sopal\u0131 kavga g\u00f6r\u00fcnt\u00fclendi - Memurun Sesi","isPartOf":{"@id":"https:\/\/memurunsesi.net\/#website"},"primaryImageOfPage":{"@id":"https:\/\/memurunsesi.net\/index.php\/2026\/02\/18\/adanada-bir-kadinin-karistigi-sopali-kavga-goruntulendi\/#primaryimage"},"image":{"@id":"https:\/\/memurunsesi.net\/index.php\/2026\/02\/18\/adanada-bir-kadinin-karistigi-sopali-kavga-goruntulendi\/#primaryimage"},"thumbnailUrl":"https:\/\/memurunsesi.net\/wp-content\/uploads\/2026\/02\/kavga-3.jpg","datePublished":"2026-02-18T10:15:51+00:00","description":"Adana'n\u0131n Kozan il\u00e7esinde trafikte ya\u015fanan kavgada bir kad\u0131n\u0131n elindeki sopa dikkat \u00e7ekti. Develi Bulvar\u0131nda","breadcrumb":{"@id":"https:\/\/memurunsesi.net\/index.php\/2026\/02\/18\/adanada-bir-kadinin-karistigi-sopali-kavga-goruntulendi\/#breadcrumb"},"inLanguage":"tr","potentialAction":[{"@type":"ReadAction","target":["https:\/\/memurunsesi.net\/index.php\/2026\/02\/18\/adanada-bir-kadinin-karistigi-sopali-kavga-goruntulendi\/"]}]},{"@type":"ImageObject","inLanguage":"tr","@id":"https:\/\/memurunsesi.net\/index.php\/2026\/02\/18\/adanada-bir-kadinin-karistigi-sopali-kavga-goruntulendi\/#primaryimage","url":"https:\/\/memurunsesi.net\/wp-content\/uploads\/2026\/02\/kavga-3.jpg","contentUrl":"https:\/\/memurunsesi.net\/wp-content\/uploads\/2026\/02\/kavga-3.jpg","width":1080,"height":1606,"caption":"ADANA'NIN KOZAN \u0130L\u00c7ES\u0130NDE DEVEL\u0130 BULVARINDA S\u00dcR\u00dcLER\u0130N MEYDAN KAVGASI CEP TELEFONUNA YANSIDI. (BER\u0130L SOLMU\u015eG\u00dcL\/ADANA-\u0130HA) Adana'n\u0131n Kozan il\u00e7esinde trafikte ya\u015fanan kavgada bir kad\u0131n\u0131n elindeki sopa dikkat \u00e7ekti."},{"@type":"BreadcrumbList","@id":"https:\/\/memurunsesi.net\/index.php\/2026\/02\/18\/adanada-bir-kadinin-karistigi-sopali-kavga-goruntulendi\/#breadcrumb","itemListElement":[{"@type":"ListItem","position":1,"name":"Anasayfa","item":"https:\/\/memurunsesi.net\/"},{"@type":"ListItem","position":2,"name":"Adana&#8217;da bir kad\u0131n\u0131n kar\u0131\u015ft\u0131\u011f\u0131 sopal\u0131 kavga g\u00f6r\u00fcnt\u00fclendi"}]},{"@type":"WebSite","@id":"https:\/\/memurunsesi.net\/#website","url":"https:\/\/memurunsesi.net\/","name":"Memurun Sesi","description":"G\u00fcncel ve Do\u011fru Haber","publisher":{"@id":"https:\/\/memurunsesi.net\/#organization"},"potentialAction":[{"@type":"SearchAction","target":{"@type":"EntryPoint","urlTemplate":"https:\/\/memurunsesi.net\/?s={search_term_string}"},"query-input":{"@type":"PropertyValueSpecification","valueRequired":true,"valueName":"search_term_string"}}],"inLanguage":"tr"},{"@type":"Organization","@id":"https:\/\/memurunsesi.net\/#organization","name":"Memurun Sesi","url":"https:\/\/memurunsesi.net\/","logo":{"@type":"ImageObject","inLanguage":"tr","@id":"https:\/\/memurunsesi.net\/#\/schema\/logo\/image\/","url":"https:\/\/memurunsesi.net\/wp-content\/uploads\/2025\/11\/cropped-MEMURUN-SESI.png","contentUrl":"https:\/\/memurunsesi.net\/wp-content\/uploads\/2025\/11\/cropped-MEMURUN-SESI.png","width":238,"height":57,"caption":"Memurun Sesi"},"image":{"@id":"https:\/\/memurunsesi.net\/#\/schema\/logo\/image\/"},"sameAs":["https:\/\/www.facebook.com\/unipersen\/?locale=tr_TR","https:\/\/x.com\/unipersen"]},{"@type":"Person","@id":"https:\/\/memurunsesi.net\/#\/schema\/person\/f21c2d73b89f6ee1d80b0a1803e38587","name":"Memurun Sesi Haber Merkezi","image":{"@type":"ImageObject","inLanguage":"tr","@id":"https:\/\/secure.gravatar.com\/avatar\/6cf0505f452ee753f485014986fab09a434671d2b919ee76fc541025c5876a70?s=96&d=mm&r=g","url":"https:\/\/secure.gravatar.com\/avatar\/6cf0505f452ee753f485014986fab09a434671d2b919ee76fc541025c5876a70?s=96&d=mm&r=g","contentUrl":"https:\/\/secure.gravatar.com\/avatar\/6cf0505f452ee753f485014986fab09a434671d2b919ee76fc541025c5876a70?s=96&d=mm&r=g","caption":"Memurun Sesi Haber Merkezi"},"sameAs":["https:\/\/memurunsesi.net"],"url":"https:\/\/memurunsesi.net\/index.php\/author\/uniper\/"}]}},"_links":{"self":[{"href":"https:\/\/memurunsesi.net\/index.php\/wp-json\/wp\/v2\/posts\/17552","targetHints":{"allow":["GET"]}}],"collection":[{"href":"https:\/\/memurunsesi.net\/index.php\/wp-json\/wp\/v2\/posts"}],"about":[{"href":"https:\/\/memurunsesi.net\/index.php\/wp-json\/wp\/v2\/types\/post"}],"author":[{"embeddable":true,"href":"https:\/\/memurunsesi.net\/index.php\/wp-json\/wp\/v2\/users\/1"}],"replies":[{"embeddable":true,"href":"https:\/\/memurunsesi.net\/index.php\/wp-json\/wp\/v2\/comments?post=17552"}],"version-history":[{"count":1,"href":"https:\/\/memurunsesi.net\/index.php\/wp-json\/wp\/v2\/posts\/17552\/revisions"}],"predecessor-version":[{"id":17554,"href":"https:\/\/memurunsesi.net\/index.php\/wp-json\/wp\/v2\/posts\/17552\/revisions\/17554"}],"wp:featuredmedia":[{"embeddable":true,"href":"https:\/\/memurunsesi.net\/index.php\/wp-json\/wp\/v2\/media\/17553"}],"wp:attachment":[{"href":"https:\/\/memurunsesi.net\/index.php\/wp-json\/wp\/v2\/media?parent=17552"}],"wp:term":[{"taxonomy":"category","embeddable":true,"href":"https:\/\/memurunsesi.net\/index.php\/wp-json\/wp\/v2\/categories?post=17552"},{"taxonomy":"post_tag","embeddable":true,"href":"https:\/\/memurunsesi.net\/index.php\/wp-json\/wp\/v2\/tags?post=17552"}],"curies":[{"name":"wp","href":"https:\/\/api.w.org\/{rel}","templated":true}]}}