{"id":17559,"date":"2026-02-18T13:19:53","date_gmt":"2026-02-18T10:19:53","guid":{"rendered":"https:\/\/memurunsesi.net\/?p=17559"},"modified":"2026-02-18T13:19:53","modified_gmt":"2026-02-18T10:19:53","slug":"yalovada-firtinada-dev-dalgalar-esenkoy-kiyilarini-dovdu","status":"publish","type":"post","link":"https:\/\/memurunsesi.net\/index.php\/2026\/02\/18\/yalovada-firtinada-dev-dalgalar-esenkoy-kiyilarini-dovdu\/","title":{"rendered":"Yalova&#8217;da f\u0131rt\u0131nada dev dalgalar Esenk\u00f6y k\u0131y\u0131lar\u0131n\u0131 d\u00f6vd\u00fc"},"content":{"rendered":"<p>Yalova&#8217;n\u0131n \u00c7\u0131narc\u0131k il\u00e7esi Esenk\u00f6y beldesinde etkili olan f\u0131rt\u0131nada dev dalgalar adeta k\u0131y\u0131y\u0131 d\u00f6vd\u00fc. Sular alt\u0131nda kalan sahil yolu trafi\u011fe kapan\u0131rken dalgalar nedeniyle baz\u0131 evlerde su bask\u0131n\u0131 ya\u015fand\u0131.<br \/>\nMarmara Denizi&#8217;nde etkili olan f\u0131rt\u0131na nedeniyle Esenk\u00f6y beldesi k\u0131y\u0131s\u0131n\u0131 dev dalgalar vurdu. Sahil yolu dev dalgalar nedeniyle sular alt\u0131nda kald\u0131. Yol trafi\u011fe kapan\u0131rken k\u0131y\u0131ya vuran dalgalar baz\u0131 evlere ula\u015farak su bask\u0131nlar\u0131na neden oldu. B\u00f6lgede AFAD taraf\u0131ndan durum tespit \u00e7al\u0131\u015fmas\u0131 ger\u00e7ekle\u015ftirildi. B\u00f6lgede Esenk\u00f6y Belediyesi yolun yeniden trafi\u011fe a\u00e7\u0131lmas\u0131 i\u00e7in temizlik \u00e7al\u0131\u015fmas\u0131 ba\u015flatt\u0131.<\/p>\n<p>18.02.2026<\/p>\n","protected":false},"excerpt":{"rendered":"<p>Yalova&#8217;n\u0131n \u00c7\u0131narc\u0131k il\u00e7esi Esenk\u00f6y beldesinde etkili olan f\u0131rt\u0131nada dev dalgalar adeta k\u0131y\u0131y\u0131 d\u00f6vd\u00fc. Sular alt\u0131nda kalan sahil yolu trafi\u011fe kapan\u0131rken dalgalar nedeniyle baz\u0131 evlerde su bask\u0131n\u0131 ya\u015fand\u0131. Marmara Denizi&#8217;nde etkili olan f\u0131rt\u0131na nedeniyle Esenk\u00f6y beldesi k\u0131y\u0131s\u0131n\u0131 dev dalgalar vurdu. Sahil yolu dev dalgalar nedeniyle sular alt\u0131nda kald\u0131. Yol trafi\u011fe kapan\u0131rken k\u0131y\u0131ya vuran dalgalar baz\u0131 evlere [&hellip;]<\/p>\n","protected":false},"author":1,"featured_media":17560,"comment_status":"open","ping_status":"open","sticky":false,"template":"","format":"standard","meta":{"footnotes":""},"categories":[45],"tags":[1251,1252],"class_list":["post-17559","post","type-post","status-publish","format-standard","has-post-thumbnail","hentry","category-gundem","tag-dev-dalga","tag-trafik-kapandi"],"yoast_head":"<!-- This site is optimized with the Yoast SEO plugin v27.5 - https:\/\/yoast.com\/product\/yoast-seo-wordpress\/ -->\n<title>Yalova&#039;da f\u0131rt\u0131nada dev dalgalar Esenk\u00f6y k\u0131y\u0131lar\u0131n\u0131 d\u00f6vd\u00fc - Memurun Sesi<\/title>\n<meta name=\"description\" content=\"\u00a0Yalova&#039;n\u0131n \u00c7\u0131narc\u0131k il\u00e7esi Esenk\u00f6y beldesinde etkili olan f\u0131rt\u0131nada dev dalgalar adeta k\u0131y\u0131y\u0131 d\u00f6vd\u00fc. Sular alt\u0131nda kalan sahil yolu kapand\u0131\" \/>\n<meta name=\"robots\" content=\"index, follow, max-snippet:-1, max-image-preview:large, max-video-preview:-1\" \/>\n<link rel=\"canonical\" href=\"https:\/\/memurunsesi.net\/index.php\/2026\/02\/18\/yalovada-firtinada-dev-dalgalar-esenkoy-kiyilarini-dovdu\/\" \/>\n<meta property=\"og:locale\" content=\"tr_TR\" \/>\n<meta property=\"og:type\" content=\"article\" \/>\n<meta property=\"og:title\" content=\"Yalova&#039;da f\u0131rt\u0131nada dev dalgalar Esenk\u00f6y k\u0131y\u0131lar\u0131n\u0131 d\u00f6vd\u00fc - Memurun Sesi\" \/>\n<meta property=\"og:description\" content=\"\u00a0Yalova&#039;n\u0131n \u00c7\u0131narc\u0131k il\u00e7esi Esenk\u00f6y beldesinde etkili olan f\u0131rt\u0131nada dev dalgalar adeta k\u0131y\u0131y\u0131 d\u00f6vd\u00fc. Sular alt\u0131nda kalan sahil yolu kapand\u0131\" \/>\n<meta property=\"og:url\" content=\"https:\/\/memurunsesi.net\/index.php\/2026\/02\/18\/yalovada-firtinada-dev-dalgalar-esenkoy-kiyilarini-dovdu\/\" \/>\n<meta property=\"og:site_name\" content=\"Memurun Sesi\" \/>\n<meta property=\"article:publisher\" content=\"https:\/\/www.facebook.com\/unipersen\/?locale=tr_TR\" \/>\n<meta property=\"article:published_time\" content=\"2026-02-18T10:19:53+00:00\" \/>\n<meta property=\"og:image\" content=\"https:\/\/memurunsesi.net\/wp-content\/uploads\/2026\/02\/dev-dalga.png\" \/>\n\t<meta property=\"og:image:width\" content=\"1786\" \/>\n\t<meta property=\"og:image:height\" content=\"880\" \/>\n\t<meta property=\"og:image:type\" content=\"image\/png\" \/>\n<meta name=\"author\" content=\"Memurun Sesi Haber Merkezi\" \/>\n<meta name=\"twitter:card\" content=\"summary_large_image\" \/>\n<meta name=\"twitter:creator\" content=\"@unipersen\" \/>\n<meta name=\"twitter:site\" content=\"@unipersen\" \/>\n<meta name=\"twitter:label1\" content=\"Yazan:\" \/>\n\t<meta name=\"twitter:data1\" content=\"Memurun Sesi Haber Merkezi\" \/>\n\t<meta name=\"twitter:label2\" content=\"Tahmini okuma s\u00fcresi\" \/>\n\t<meta name=\"twitter:data2\" content=\"1 dakika\" \/>\n<script type=\"application\/ld+json\" class=\"yoast-schema-graph\">{\"@context\":\"https:\\\/\\\/schema.org\",\"@graph\":[{\"@type\":\"Article\",\"@id\":\"https:\\\/\\\/memurunsesi.net\\\/index.php\\\/2026\\\/02\\\/18\\\/yalovada-firtinada-dev-dalgalar-esenkoy-kiyilarini-dovdu\\\/#article\",\"isPartOf\":{\"@id\":\"https:\\\/\\\/memurunsesi.net\\\/index.php\\\/2026\\\/02\\\/18\\\/yalovada-firtinada-dev-dalgalar-esenkoy-kiyilarini-dovdu\\\/\"},\"author\":{\"name\":\"Memurun Sesi Haber Merkezi\",\"@id\":\"https:\\\/\\\/memurunsesi.net\\\/#\\\/schema\\\/person\\\/f21c2d73b89f6ee1d80b0a1803e38587\"},\"headline\":\"Yalova&#8217;da f\u0131rt\u0131nada dev dalgalar Esenk\u00f6y k\u0131y\u0131lar\u0131n\u0131 d\u00f6vd\u00fc\",\"datePublished\":\"2026-02-18T10:19:53+00:00\",\"mainEntityOfPage\":{\"@id\":\"https:\\\/\\\/memurunsesi.net\\\/index.php\\\/2026\\\/02\\\/18\\\/yalovada-firtinada-dev-dalgalar-esenkoy-kiyilarini-dovdu\\\/\"},\"wordCount\":135,\"commentCount\":0,\"publisher\":{\"@id\":\"https:\\\/\\\/memurunsesi.net\\\/#organization\"},\"image\":{\"@id\":\"https:\\\/\\\/memurunsesi.net\\\/index.php\\\/2026\\\/02\\\/18\\\/yalovada-firtinada-dev-dalgalar-esenkoy-kiyilarini-dovdu\\\/#primaryimage\"},\"thumbnailUrl\":\"https:\\\/\\\/memurunsesi.net\\\/wp-content\\\/uploads\\\/2026\\\/02\\\/dev-dalga.png\",\"keywords\":[\"dev dalga\",\"trafik kapand\u0131\"],\"articleSection\":[\"G\u00fcndem\"],\"inLanguage\":\"tr\",\"potentialAction\":[{\"@type\":\"CommentAction\",\"name\":\"Comment\",\"target\":[\"https:\\\/\\\/memurunsesi.net\\\/index.php\\\/2026\\\/02\\\/18\\\/yalovada-firtinada-dev-dalgalar-esenkoy-kiyilarini-dovdu\\\/#respond\"]}]},{\"@type\":\"WebPage\",\"@id\":\"https:\\\/\\\/memurunsesi.net\\\/index.php\\\/2026\\\/02\\\/18\\\/yalovada-firtinada-dev-dalgalar-esenkoy-kiyilarini-dovdu\\\/\",\"url\":\"https:\\\/\\\/memurunsesi.net\\\/index.php\\\/2026\\\/02\\\/18\\\/yalovada-firtinada-dev-dalgalar-esenkoy-kiyilarini-dovdu\\\/\",\"name\":\"Yalova'da f\u0131rt\u0131nada dev dalgalar Esenk\u00f6y k\u0131y\u0131lar\u0131n\u0131 d\u00f6vd\u00fc - Memurun Sesi\",\"isPartOf\":{\"@id\":\"https:\\\/\\\/memurunsesi.net\\\/#website\"},\"primaryImageOfPage\":{\"@id\":\"https:\\\/\\\/memurunsesi.net\\\/index.php\\\/2026\\\/02\\\/18\\\/yalovada-firtinada-dev-dalgalar-esenkoy-kiyilarini-dovdu\\\/#primaryimage\"},\"image\":{\"@id\":\"https:\\\/\\\/memurunsesi.net\\\/index.php\\\/2026\\\/02\\\/18\\\/yalovada-firtinada-dev-dalgalar-esenkoy-kiyilarini-dovdu\\\/#primaryimage\"},\"thumbnailUrl\":\"https:\\\/\\\/memurunsesi.net\\\/wp-content\\\/uploads\\\/2026\\\/02\\\/dev-dalga.png\",\"datePublished\":\"2026-02-18T10:19:53+00:00\",\"description\":\"\u00a0Yalova'n\u0131n \u00c7\u0131narc\u0131k il\u00e7esi Esenk\u00f6y beldesinde etkili olan f\u0131rt\u0131nada dev dalgalar adeta k\u0131y\u0131y\u0131 d\u00f6vd\u00fc. Sular alt\u0131nda kalan sahil yolu kapand\u0131\",\"breadcrumb\":{\"@id\":\"https:\\\/\\\/memurunsesi.net\\\/index.php\\\/2026\\\/02\\\/18\\\/yalovada-firtinada-dev-dalgalar-esenkoy-kiyilarini-dovdu\\\/#breadcrumb\"},\"inLanguage\":\"tr\",\"potentialAction\":[{\"@type\":\"ReadAction\",\"target\":[\"https:\\\/\\\/memurunsesi.net\\\/index.php\\\/2026\\\/02\\\/18\\\/yalovada-firtinada-dev-dalgalar-esenkoy-kiyilarini-dovdu\\\/\"]}]},{\"@type\":\"ImageObject\",\"inLanguage\":\"tr\",\"@id\":\"https:\\\/\\\/memurunsesi.net\\\/index.php\\\/2026\\\/02\\\/18\\\/yalovada-firtinada-dev-dalgalar-esenkoy-kiyilarini-dovdu\\\/#primaryimage\",\"url\":\"https:\\\/\\\/memurunsesi.net\\\/wp-content\\\/uploads\\\/2026\\\/02\\\/dev-dalga.png\",\"contentUrl\":\"https:\\\/\\\/memurunsesi.net\\\/wp-content\\\/uploads\\\/2026\\\/02\\\/dev-dalga.png\",\"width\":1786,\"height\":880},{\"@type\":\"BreadcrumbList\",\"@id\":\"https:\\\/\\\/memurunsesi.net\\\/index.php\\\/2026\\\/02\\\/18\\\/yalovada-firtinada-dev-dalgalar-esenkoy-kiyilarini-dovdu\\\/#breadcrumb\",\"itemListElement\":[{\"@type\":\"ListItem\",\"position\":1,\"name\":\"Anasayfa\",\"item\":\"https:\\\/\\\/memurunsesi.net\\\/\"},{\"@type\":\"ListItem\",\"position\":2,\"name\":\"Yalova&#8217;da f\u0131rt\u0131nada dev dalgalar Esenk\u00f6y k\u0131y\u0131lar\u0131n\u0131 d\u00f6vd\u00fc\"}]},{\"@type\":\"WebSite\",\"@id\":\"https:\\\/\\\/memurunsesi.net\\\/#website\",\"url\":\"https:\\\/\\\/memurunsesi.net\\\/\",\"name\":\"Memurun Sesi\",\"description\":\"G\u00fcncel ve Do\u011fru Haber\",\"publisher\":{\"@id\":\"https:\\\/\\\/memurunsesi.net\\\/#organization\"},\"potentialAction\":[{\"@type\":\"SearchAction\",\"target\":{\"@type\":\"EntryPoint\",\"urlTemplate\":\"https:\\\/\\\/memurunsesi.net\\\/?s={search_term_string}\"},\"query-input\":{\"@type\":\"PropertyValueSpecification\",\"valueRequired\":true,\"valueName\":\"search_term_string\"}}],\"inLanguage\":\"tr\"},{\"@type\":\"Organization\",\"@id\":\"https:\\\/\\\/memurunsesi.net\\\/#organization\",\"name\":\"Memurun Sesi\",\"url\":\"https:\\\/\\\/memurunsesi.net\\\/\",\"logo\":{\"@type\":\"ImageObject\",\"inLanguage\":\"tr\",\"@id\":\"https:\\\/\\\/memurunsesi.net\\\/#\\\/schema\\\/logo\\\/image\\\/\",\"url\":\"https:\\\/\\\/memurunsesi.net\\\/wp-content\\\/uploads\\\/2025\\\/11\\\/cropped-MEMURUN-SESI.png\",\"contentUrl\":\"https:\\\/\\\/memurunsesi.net\\\/wp-content\\\/uploads\\\/2025\\\/11\\\/cropped-MEMURUN-SESI.png\",\"width\":238,\"height\":57,\"caption\":\"Memurun Sesi\"},\"image\":{\"@id\":\"https:\\\/\\\/memurunsesi.net\\\/#\\\/schema\\\/logo\\\/image\\\/\"},\"sameAs\":[\"https:\\\/\\\/www.facebook.com\\\/unipersen\\\/?locale=tr_TR\",\"https:\\\/\\\/x.com\\\/unipersen\"]},{\"@type\":\"Person\",\"@id\":\"https:\\\/\\\/memurunsesi.net\\\/#\\\/schema\\\/person\\\/f21c2d73b89f6ee1d80b0a1803e38587\",\"name\":\"Memurun Sesi Haber Merkezi\",\"image\":{\"@type\":\"ImageObject\",\"inLanguage\":\"tr\",\"@id\":\"https:\\\/\\\/secure.gravatar.com\\\/avatar\\\/6cf0505f452ee753f485014986fab09a434671d2b919ee76fc541025c5876a70?s=96&d=mm&r=g\",\"url\":\"https:\\\/\\\/secure.gravatar.com\\\/avatar\\\/6cf0505f452ee753f485014986fab09a434671d2b919ee76fc541025c5876a70?s=96&d=mm&r=g\",\"contentUrl\":\"https:\\\/\\\/secure.gravatar.com\\\/avatar\\\/6cf0505f452ee753f485014986fab09a434671d2b919ee76fc541025c5876a70?s=96&d=mm&r=g\",\"caption\":\"Memurun Sesi Haber Merkezi\"},\"sameAs\":[\"https:\\\/\\\/memurunsesi.net\"],\"url\":\"https:\\\/\\\/memurunsesi.net\\\/index.php\\\/author\\\/uniper\\\/\"}]}<\/script>\n<!-- \/ Yoast SEO plugin. -->","yoast_head_json":{"title":"Yalova'da f\u0131rt\u0131nada dev dalgalar Esenk\u00f6y k\u0131y\u0131lar\u0131n\u0131 d\u00f6vd\u00fc - Memurun Sesi","description":"\u00a0Yalova'n\u0131n \u00c7\u0131narc\u0131k il\u00e7esi Esenk\u00f6y beldesinde etkili olan f\u0131rt\u0131nada dev dalgalar adeta k\u0131y\u0131y\u0131 d\u00f6vd\u00fc. Sular alt\u0131nda kalan sahil yolu kapand\u0131","robots":{"index":"index","follow":"follow","max-snippet":"max-snippet:-1","max-image-preview":"max-image-preview:large","max-video-preview":"max-video-preview:-1"},"canonical":"https:\/\/memurunsesi.net\/index.php\/2026\/02\/18\/yalovada-firtinada-dev-dalgalar-esenkoy-kiyilarini-dovdu\/","og_locale":"tr_TR","og_type":"article","og_title":"Yalova'da f\u0131rt\u0131nada dev dalgalar Esenk\u00f6y k\u0131y\u0131lar\u0131n\u0131 d\u00f6vd\u00fc - Memurun Sesi","og_description":"\u00a0Yalova'n\u0131n \u00c7\u0131narc\u0131k il\u00e7esi Esenk\u00f6y beldesinde etkili olan f\u0131rt\u0131nada dev dalgalar adeta k\u0131y\u0131y\u0131 d\u00f6vd\u00fc. Sular alt\u0131nda kalan sahil yolu kapand\u0131","og_url":"https:\/\/memurunsesi.net\/index.php\/2026\/02\/18\/yalovada-firtinada-dev-dalgalar-esenkoy-kiyilarini-dovdu\/","og_site_name":"Memurun Sesi","article_publisher":"https:\/\/www.facebook.com\/unipersen\/?locale=tr_TR","article_published_time":"2026-02-18T10:19:53+00:00","og_image":[{"width":1786,"height":880,"url":"https:\/\/memurunsesi.net\/wp-content\/uploads\/2026\/02\/dev-dalga.png","type":"image\/png"}],"author":"Memurun Sesi Haber Merkezi","twitter_card":"summary_large_image","twitter_creator":"@unipersen","twitter_site":"@unipersen","twitter_misc":{"Yazan:":"Memurun Sesi Haber Merkezi","Tahmini okuma s\u00fcresi":"1 dakika"},"schema":{"@context":"https:\/\/schema.org","@graph":[{"@type":"Article","@id":"https:\/\/memurunsesi.net\/index.php\/2026\/02\/18\/yalovada-firtinada-dev-dalgalar-esenkoy-kiyilarini-dovdu\/#article","isPartOf":{"@id":"https:\/\/memurunsesi.net\/index.php\/2026\/02\/18\/yalovada-firtinada-dev-dalgalar-esenkoy-kiyilarini-dovdu\/"},"author":{"name":"Memurun Sesi Haber Merkezi","@id":"https:\/\/memurunsesi.net\/#\/schema\/person\/f21c2d73b89f6ee1d80b0a1803e38587"},"headline":"Yalova&#8217;da f\u0131rt\u0131nada dev dalgalar Esenk\u00f6y k\u0131y\u0131lar\u0131n\u0131 d\u00f6vd\u00fc","datePublished":"2026-02-18T10:19:53+00:00","mainEntityOfPage":{"@id":"https:\/\/memurunsesi.net\/index.php\/2026\/02\/18\/yalovada-firtinada-dev-dalgalar-esenkoy-kiyilarini-dovdu\/"},"wordCount":135,"commentCount":0,"publisher":{"@id":"https:\/\/memurunsesi.net\/#organization"},"image":{"@id":"https:\/\/memurunsesi.net\/index.php\/2026\/02\/18\/yalovada-firtinada-dev-dalgalar-esenkoy-kiyilarini-dovdu\/#primaryimage"},"thumbnailUrl":"https:\/\/memurunsesi.net\/wp-content\/uploads\/2026\/02\/dev-dalga.png","keywords":["dev dalga","trafik kapand\u0131"],"articleSection":["G\u00fcndem"],"inLanguage":"tr","potentialAction":[{"@type":"CommentAction","name":"Comment","target":["https:\/\/memurunsesi.net\/index.php\/2026\/02\/18\/yalovada-firtinada-dev-dalgalar-esenkoy-kiyilarini-dovdu\/#respond"]}]},{"@type":"WebPage","@id":"https:\/\/memurunsesi.net\/index.php\/2026\/02\/18\/yalovada-firtinada-dev-dalgalar-esenkoy-kiyilarini-dovdu\/","url":"https:\/\/memurunsesi.net\/index.php\/2026\/02\/18\/yalovada-firtinada-dev-dalgalar-esenkoy-kiyilarini-dovdu\/","name":"Yalova'da f\u0131rt\u0131nada dev dalgalar Esenk\u00f6y k\u0131y\u0131lar\u0131n\u0131 d\u00f6vd\u00fc - Memurun Sesi","isPartOf":{"@id":"https:\/\/memurunsesi.net\/#website"},"primaryImageOfPage":{"@id":"https:\/\/memurunsesi.net\/index.php\/2026\/02\/18\/yalovada-firtinada-dev-dalgalar-esenkoy-kiyilarini-dovdu\/#primaryimage"},"image":{"@id":"https:\/\/memurunsesi.net\/index.php\/2026\/02\/18\/yalovada-firtinada-dev-dalgalar-esenkoy-kiyilarini-dovdu\/#primaryimage"},"thumbnailUrl":"https:\/\/memurunsesi.net\/wp-content\/uploads\/2026\/02\/dev-dalga.png","datePublished":"2026-02-18T10:19:53+00:00","description":"\u00a0Yalova'n\u0131n \u00c7\u0131narc\u0131k il\u00e7esi Esenk\u00f6y beldesinde etkili olan f\u0131rt\u0131nada dev dalgalar adeta k\u0131y\u0131y\u0131 d\u00f6vd\u00fc. Sular alt\u0131nda kalan sahil yolu kapand\u0131","breadcrumb":{"@id":"https:\/\/memurunsesi.net\/index.php\/2026\/02\/18\/yalovada-firtinada-dev-dalgalar-esenkoy-kiyilarini-dovdu\/#breadcrumb"},"inLanguage":"tr","potentialAction":[{"@type":"ReadAction","target":["https:\/\/memurunsesi.net\/index.php\/2026\/02\/18\/yalovada-firtinada-dev-dalgalar-esenkoy-kiyilarini-dovdu\/"]}]},{"@type":"ImageObject","inLanguage":"tr","@id":"https:\/\/memurunsesi.net\/index.php\/2026\/02\/18\/yalovada-firtinada-dev-dalgalar-esenkoy-kiyilarini-dovdu\/#primaryimage","url":"https:\/\/memurunsesi.net\/wp-content\/uploads\/2026\/02\/dev-dalga.png","contentUrl":"https:\/\/memurunsesi.net\/wp-content\/uploads\/2026\/02\/dev-dalga.png","width":1786,"height":880},{"@type":"BreadcrumbList","@id":"https:\/\/memurunsesi.net\/index.php\/2026\/02\/18\/yalovada-firtinada-dev-dalgalar-esenkoy-kiyilarini-dovdu\/#breadcrumb","itemListElement":[{"@type":"ListItem","position":1,"name":"Anasayfa","item":"https:\/\/memurunsesi.net\/"},{"@type":"ListItem","position":2,"name":"Yalova&#8217;da f\u0131rt\u0131nada dev dalgalar Esenk\u00f6y k\u0131y\u0131lar\u0131n\u0131 d\u00f6vd\u00fc"}]},{"@type":"WebSite","@id":"https:\/\/memurunsesi.net\/#website","url":"https:\/\/memurunsesi.net\/","name":"Memurun Sesi","description":"G\u00fcncel ve Do\u011fru Haber","publisher":{"@id":"https:\/\/memurunsesi.net\/#organization"},"potentialAction":[{"@type":"SearchAction","target":{"@type":"EntryPoint","urlTemplate":"https:\/\/memurunsesi.net\/?s={search_term_string}"},"query-input":{"@type":"PropertyValueSpecification","valueRequired":true,"valueName":"search_term_string"}}],"inLanguage":"tr"},{"@type":"Organization","@id":"https:\/\/memurunsesi.net\/#organization","name":"Memurun Sesi","url":"https:\/\/memurunsesi.net\/","logo":{"@type":"ImageObject","inLanguage":"tr","@id":"https:\/\/memurunsesi.net\/#\/schema\/logo\/image\/","url":"https:\/\/memurunsesi.net\/wp-content\/uploads\/2025\/11\/cropped-MEMURUN-SESI.png","contentUrl":"https:\/\/memurunsesi.net\/wp-content\/uploads\/2025\/11\/cropped-MEMURUN-SESI.png","width":238,"height":57,"caption":"Memurun Sesi"},"image":{"@id":"https:\/\/memurunsesi.net\/#\/schema\/logo\/image\/"},"sameAs":["https:\/\/www.facebook.com\/unipersen\/?locale=tr_TR","https:\/\/x.com\/unipersen"]},{"@type":"Person","@id":"https:\/\/memurunsesi.net\/#\/schema\/person\/f21c2d73b89f6ee1d80b0a1803e38587","name":"Memurun Sesi Haber Merkezi","image":{"@type":"ImageObject","inLanguage":"tr","@id":"https:\/\/secure.gravatar.com\/avatar\/6cf0505f452ee753f485014986fab09a434671d2b919ee76fc541025c5876a70?s=96&d=mm&r=g","url":"https:\/\/secure.gravatar.com\/avatar\/6cf0505f452ee753f485014986fab09a434671d2b919ee76fc541025c5876a70?s=96&d=mm&r=g","contentUrl":"https:\/\/secure.gravatar.com\/avatar\/6cf0505f452ee753f485014986fab09a434671d2b919ee76fc541025c5876a70?s=96&d=mm&r=g","caption":"Memurun Sesi Haber Merkezi"},"sameAs":["https:\/\/memurunsesi.net"],"url":"https:\/\/memurunsesi.net\/index.php\/author\/uniper\/"}]}},"_links":{"self":[{"href":"https:\/\/memurunsesi.net\/index.php\/wp-json\/wp\/v2\/posts\/17559","targetHints":{"allow":["GET"]}}],"collection":[{"href":"https:\/\/memurunsesi.net\/index.php\/wp-json\/wp\/v2\/posts"}],"about":[{"href":"https:\/\/memurunsesi.net\/index.php\/wp-json\/wp\/v2\/types\/post"}],"author":[{"embeddable":true,"href":"https:\/\/memurunsesi.net\/index.php\/wp-json\/wp\/v2\/users\/1"}],"replies":[{"embeddable":true,"href":"https:\/\/memurunsesi.net\/index.php\/wp-json\/wp\/v2\/comments?post=17559"}],"version-history":[{"count":1,"href":"https:\/\/memurunsesi.net\/index.php\/wp-json\/wp\/v2\/posts\/17559\/revisions"}],"predecessor-version":[{"id":17561,"href":"https:\/\/memurunsesi.net\/index.php\/wp-json\/wp\/v2\/posts\/17559\/revisions\/17561"}],"wp:featuredmedia":[{"embeddable":true,"href":"https:\/\/memurunsesi.net\/index.php\/wp-json\/wp\/v2\/media\/17560"}],"wp:attachment":[{"href":"https:\/\/memurunsesi.net\/index.php\/wp-json\/wp\/v2\/media?parent=17559"}],"wp:term":[{"taxonomy":"category","embeddable":true,"href":"https:\/\/memurunsesi.net\/index.php\/wp-json\/wp\/v2\/categories?post=17559"},{"taxonomy":"post_tag","embeddable":true,"href":"https:\/\/memurunsesi.net\/index.php\/wp-json\/wp\/v2\/tags?post=17559"}],"curies":[{"name":"wp","href":"https:\/\/api.w.org\/{rel}","templated":true}]}}