{"id":17587,"date":"2026-02-18T22:48:36","date_gmt":"2026-02-18T19:48:36","guid":{"rendered":"https:\/\/memurunsesi.net\/?p=17587"},"modified":"2026-02-18T22:48:36","modified_gmt":"2026-02-18T19:48:36","slug":"yok-baskani-erol-ozvar-sektorde-karsiligi-olmayan-programlar-kapatilacak-ihtiyac-duyulan-bolumler-acilacak","status":"publish","type":"post","link":"https:\/\/memurunsesi.net\/index.php\/2026\/02\/18\/yok-baskani-erol-ozvar-sektorde-karsiligi-olmayan-programlar-kapatilacak-ihtiyac-duyulan-bolumler-acilacak\/","title":{"rendered":"Y\u00d6K Ba\u015fkan\u0131 Erol \u00d6zvar: Sekt\u00f6rde kar\u015f\u0131l\u0131\u011f\u0131 olmayan programlar kapat\u0131lacak, ihtiya\u00e7 duyulan b\u00f6l\u00fcmler a\u00e7\u0131lacak"},"content":{"rendered":"<div class=\"flex flex-col text-sm pb-25\">\n<article class=\"text-token-text-primary w-full focus:outline-none [--shadow-height:45px] has-data-writing-block:pointer-events-none has-data-writing-block:-mt-(--shadow-height) has-data-writing-block:pt-(--shadow-height) [&amp;:has([data-writing-block])&gt;*]:pointer-events-auto scroll-mt-[calc(var(--header-height)+min(200px,max(70px,20svh)))]\" dir=\"auto\" tabindex=\"-1\" data-turn-id=\"request-WEB:35d3c99c-599d-46de-bf47-892d7b0f5cb7-1\" data-testid=\"conversation-turn-4\" data-scroll-anchor=\"true\" data-turn=\"assistant\">\n<div class=\"text-base my-auto mx-auto pb-10 [--thread-content-margin:--spacing(4)] @w-sm\/main:[--thread-content-margin:--spacing(6)] @w-lg\/main:[--thread-content-margin:--spacing(16)] px-(--thread-content-margin)\">\n<div class=\"[--thread-content-max-width:40rem] @w-lg\/main:[--thread-content-max-width:48rem] mx-auto max-w-(--thread-content-max-width) flex-1 group\/turn-messages focus-visible:outline-hidden relative flex w-full min-w-0 flex-col agent-turn\" tabindex=\"-1\">\n<div class=\"flex max-w-full flex-col grow\">\n<div class=\"min-h-8 text-message relative flex w-full flex-col items-end gap-2 text-start break-words whitespace-normal [.text-message+&amp;]:mt-1\" dir=\"auto\" data-message-author-role=\"assistant\" data-message-id=\"fa3827d9-fab7-41a1-bdbb-ec470e75449b\" data-message-model-slug=\"gpt-5-2\">\n<div class=\"flex w-full flex-col gap-1 empty:hidden first:pt-[1px]\">\n<div class=\"markdown prose dark:prose-invert w-full wrap-break-word light markdown-new-styling\">\n<p data-start=\"97\" data-end=\"442\"><span class=\"hover:entity-accent entity-underline inline cursor-pointer align-baseline\"><span class=\"whitespace-normal\">\u00a0 \u00a0 Y\u00fcksek\u00f6\u011fretim Kurulu<\/span><\/span> (Y\u00d6K) Ba\u015fkan\u0131 Prof. Dr. Erol \u00d6zvar, Organize Sanayi B\u00f6lgeleriyle Entegre Meslek Y\u00fcksekokulu (OSB-MYO) modelinin T\u00fcrkiye genelinde yayg\u0131nla\u015ft\u0131r\u0131laca\u011f\u0131n\u0131 a\u00e7\u0131klad\u0131. Sekt\u00f6rde kar\u015f\u0131l\u0131\u011f\u0131 kalmayan programlar\u0131n g\u00f6zden ge\u00e7irilece\u011fini belirten \u00d6zvar, ihtiya\u00e7 duyulan alanlarda ise yeni b\u00f6l\u00fcmlerin a\u00e7\u0131laca\u011f\u0131n\u0131 s\u00f6yledi.<\/p>\n<p data-start=\"444\" data-end=\"754\">Y\u00d6K\u2019te d\u00fczenlenen \u201cOrganize Sanayi B\u00f6lgelerinde Meslek Y\u00fcksekokullar\u0131n\u0131n Yayg\u0131nla\u015ft\u0131r\u0131lmas\u0131 Toplant\u0131s\u0131\u201dnda konu\u015fan \u00d6zvar, ama\u00e7lar\u0131n\u0131n organize sanayi b\u00f6lgelerinde meslek y\u00fcksekokullar\u0131n\u0131n say\u0131s\u0131n\u0131 art\u0131rmak, mevcut okullar\u0131n etkinli\u011fini g\u00fc\u00e7lendirmek ve OSB-MYO modelini \u00fclke geneline yaymak oldu\u011funu ifade etti.<\/p>\n<h3 data-start=\"756\" data-end=\"795\">\u201cMezunlar\u0131n istihdam\u0131 temel kriter\u201d<\/h3>\n<p data-start=\"797\" data-end=\"1091\">\u00dcniversitelerin ba\u015far\u0131s\u0131n\u0131n yaln\u0131zca kontenjan doluluk oranlar\u0131yla de\u011fil, mezunlar\u0131n i\u015f g\u00fcc\u00fc piyasas\u0131na kat\u0131l\u0131m s\u00fcresi ve istihdam performans\u0131yla da \u00f6l\u00e7\u00fclmesi gerekti\u011fini vurgulayan \u00d6zvar, istihdam oran\u0131 d\u00fc\u015f\u00fck ve sekt\u00f6r taraf\u0131ndan talep g\u00f6rmeyen programlar\u0131n mercek alt\u0131na al\u0131nd\u0131\u011f\u0131n\u0131 belirtti.<\/p>\n<p data-start=\"1093\" data-end=\"1351\">Bu kapsamda baz\u0131 programlar\u0131n kapat\u0131ld\u0131\u011f\u0131n\u0131, baz\u0131lar\u0131n\u0131n d\u00f6n\u00fc\u015ft\u00fcr\u00fcld\u00fc\u011f\u00fcn\u00fc ya da kontenjanlar\u0131n\u0131n azalt\u0131ld\u0131\u011f\u0131n\u0131 aktaran \u00d6zvar, sanayi ve hizmet sekt\u00f6rlerinin ihtiya\u00e7 duydu\u011fu alanlarda yeni programlar\u0131n a\u00e7\u0131lmas\u0131n\u0131n g\u00fc\u00e7l\u00fc bi\u00e7imde te\u015fvik edildi\u011fini dile getirdi.<\/p>\n<h3 data-start=\"1353\" data-end=\"1378\">22 OSB-MYO faaliyette<\/h3>\n<p data-start=\"1380\" data-end=\"1704\">OSB-MYO modelinin 2018 y\u0131l\u0131nda ba\u015flat\u0131ld\u0131\u011f\u0131n\u0131 hat\u0131rlatan \u00d6zvar, 2025 itibar\u0131yla 21 \u00fcniversitede toplam 22 OSB-MYO\u2019nun faaliyet g\u00f6sterdi\u011fini s\u00f6yledi. Ge\u00e7en y\u0131l bu okullara yakla\u015f\u0131k 110 milyon lira destek sa\u011fland\u0131\u011f\u0131n\u0131 belirten \u00d6zvar, desteklenen program say\u0131s\u0131n\u0131n 119\u2019a, \u00f6\u011frenci say\u0131s\u0131n\u0131n ise 7 bin 327\u2019ye ula\u015ft\u0131\u011f\u0131n\u0131 kaydetti.<\/p>\n<p data-start=\"1706\" data-end=\"2001\">Model kapsam\u0131nda \u00f6\u011frencilerin teorik bilgiyi \u00fcretim ortam\u0131nda uygulama imk\u00e2n\u0131 buldu\u011funu ifade eden \u00d6zvar, s\u0131n\u0131fta edinilen bilgilerin fabrikada, at\u00f6lyede veya laboratuvarda prati\u011fe d\u00f6n\u00fc\u015ft\u00fcr\u00fcld\u00fc\u011f\u00fcn\u00fc belirtti. OSB-MYO mezunlar\u0131n\u0131n istihdama kat\u0131l\u0131m oranlar\u0131n\u0131n y\u00fcksek oldu\u011funu da s\u00f6zlerine ekledi.<\/p>\n<h3 data-start=\"2003\" data-end=\"2028\">7 ilde pilot uygulama<\/h3>\n<p data-start=\"2030\" data-end=\"2267\">Meslek y\u00fcksekokullar\u0131nda uygulamal\u0131 e\u011fitimi g\u00fc\u00e7lendirmek amac\u0131yla 7 pilot ilde yeni bir \u00e7al\u0131\u015fma ba\u015flat\u0131ld\u0131\u011f\u0131n\u0131 a\u00e7\u0131klayan \u00d6zvar, \u00f6n lisans programlar\u0131nda 2+2 veya 3+1 gibi uzun s\u00fcreli uygulama modellerinin hayata ge\u00e7irilece\u011fini bildirdi.<\/p>\n<p data-start=\"2269\" data-end=\"2518\">Ankara, \u0130zmir, Gaziantep, Bursa, Kocaeli, \u0130stanbul ve Konya\u2019da y\u00fcr\u00fct\u00fclen pilot \u00e7al\u0131\u015fmada 185 \u00f6n lisans program\u0131 ile 88 farkl\u0131 sekt\u00f6r kodunun e\u015fle\u015ftirildi\u011fini belirten \u00d6zvar, yakla\u015f\u0131k 120 bin \u00f6\u011frencinin 3+1 modelinden yararlanabilece\u011fini ifade etti.<\/p>\n<p data-start=\"2520\" data-end=\"2748\">K\u0131sa s\u00fcreli staj uygulamalar\u0131n\u0131n yerine daha uzun ve b\u00fct\u00fcnle\u015fik bir uygulama s\u00fcrecinin hedeflendi\u011fini vurgulayan \u00d6zvar, pilot illerde elde edilecek sonu\u00e7lar\u0131n \u00fclke genelindeki yayg\u0131nla\u015ft\u0131rma s\u00fcrecine rehberlik edece\u011fini s\u00f6yledi.<\/p>\n<h3 data-start=\"2750\" data-end=\"2780\">TOBB ve \u0130SO ile i\u015f birli\u011fi<\/h3>\n<p data-start=\"2782\" data-end=\"3098\">Mesleki e\u011fitimin kal\u0131c\u0131 bi\u00e7imde g\u00fc\u00e7lendirilmesi i\u00e7in sekt\u00f6rle kurumsal i\u015f birli\u011finin \u00f6nemine dikkat \u00e7eken \u00d6zvar, <span class=\"hover:entity-accent entity-underline inline cursor-pointer align-baseline\"><span class=\"whitespace-normal\">T\u00fcrkiye Odalar ve Borsalar Birli\u011fi<\/span><\/span> (TOBB) ile imzalanan protokol kapsam\u0131nda her ilde en az bir meslek y\u00fcksekokulunun ticaret veya sanayi odas\u0131yla yap\u0131sal i\u015f birli\u011fi kurmas\u0131n\u0131n hedeflendi\u011fini a\u00e7\u0131klad\u0131.<\/p>\n<p data-start=\"3100\" data-end=\"3359\">Ayr\u0131ca <span class=\"hover:entity-accent entity-underline inline cursor-pointer align-baseline\"><span class=\"whitespace-normal\">\u0130stanbul Sanayi Odas\u0131<\/span><\/span> (\u0130SO) ile y\u00fcr\u00fct\u00fclen \u00e7al\u0131\u015fmalar kapsam\u0131nda sekt\u00f6r\u00fcn teknik beceri beklentilerinin analiz edildi\u011fini belirten \u00d6zvar, benzer bir \u00e7al\u0131\u015fman\u0131n <span class=\"hover:entity-accent entity-underline inline cursor-pointer align-baseline\"><span class=\"whitespace-normal\">T\u00fcrkiye \u0130\u015f Kurumu<\/span><\/span> (\u0130\u015eKUR) ile de s\u00fcrd\u00fcr\u00fcld\u00fc\u011f\u00fcn\u00fc kaydetti.<\/p>\n<p data-start=\"3361\" data-end=\"3545\" data-is-last-node=\"\" data-is-only-node=\"\">\u00d6zvar, Y\u00d6K\u2019\u00fcn hedefinin OSB-MYO modelini belirli b\u00f6lgelerle s\u0131n\u0131rl\u0131 b\u0131rakmadan t\u00fcm organize sanayi b\u00f6lgelerinde uygulanabilir ve s\u00fcrd\u00fcr\u00fclebilir hale getirmek oldu\u011funu s\u00f6zlerine ekledi.<\/p>\n<\/div>\n<\/div>\n<\/div>\n<\/div>\n<div class=\"z-0 flex min-h-[46px] justify-start\"><\/div>\n<div class=\"mt-3 w-full empty:hidden\">\n<div class=\"text-center\"><\/div>\n<\/div>\n<\/div>\n<\/div>\n<\/article>\n<\/div>\n<div class=\"pointer-events-none h-px w-px absolute bottom-0\" aria-hidden=\"true\" data-edge=\"true\"><\/div>\n","protected":false},"excerpt":{"rendered":"<p>\u00a0 \u00a0 Y\u00fcksek\u00f6\u011fretim Kurulu (Y\u00d6K) Ba\u015fkan\u0131 Prof. Dr. Erol \u00d6zvar, Organize Sanayi B\u00f6lgeleriyle Entegre Meslek Y\u00fcksekokulu (OSB-MYO) modelinin T\u00fcrkiye genelinde yayg\u0131nla\u015ft\u0131r\u0131laca\u011f\u0131n\u0131 a\u00e7\u0131klad\u0131. Sekt\u00f6rde kar\u015f\u0131l\u0131\u011f\u0131 kalmayan programlar\u0131n g\u00f6zden ge\u00e7irilece\u011fini belirten \u00d6zvar, ihtiya\u00e7 duyulan alanlarda ise yeni b\u00f6l\u00fcmlerin a\u00e7\u0131laca\u011f\u0131n\u0131 s\u00f6yledi. Y\u00d6K\u2019te d\u00fczenlenen \u201cOrganize Sanayi B\u00f6lgelerinde Meslek Y\u00fcksekokullar\u0131n\u0131n Yayg\u0131nla\u015ft\u0131r\u0131lmas\u0131 Toplant\u0131s\u0131\u201dnda konu\u015fan \u00d6zvar, ama\u00e7lar\u0131n\u0131n organize sanayi b\u00f6lgelerinde meslek y\u00fcksekokullar\u0131n\u0131n [&hellip;]<\/p>\n","protected":false},"author":1,"featured_media":17366,"comment_status":"open","ping_status":"open","sticky":false,"template":"","format":"standard","meta":{"footnotes":""},"categories":[47],"tags":[439,1255],"class_list":["post-17587","post","type-post","status-publish","format-standard","has-post-thumbnail","hentry","category-universiteden-haberler","tag-egitim","tag-yok"],"yoast_head":"<!-- This site is optimized with the Yoast SEO plugin v27.4 - https:\/\/yoast.com\/product\/yoast-seo-wordpress\/ -->\n<title>Y\u00d6K Ba\u015fkan\u0131 Erol \u00d6zvar: Sekt\u00f6rde kar\u015f\u0131l\u0131\u011f\u0131 olmayan programlar kapat\u0131lacak, ihtiya\u00e7 duyulan b\u00f6l\u00fcmler a\u00e7\u0131lacak - Memurun Sesi<\/title>\n<meta name=\"description\" content=\"Y\u00fcksek\u00f6\u011fretim Kurulu (Y\u00d6K) Ba\u015fkan\u0131 Prof. Dr. Erol \u00d6zvar, Organize Sanayi B\u00f6lgeleriyle Entegre Meslek Y\u00fcksekokulu (OSB-MYO) modeli uygulanacak\" \/>\n<meta name=\"robots\" content=\"index, follow, max-snippet:-1, max-image-preview:large, max-video-preview:-1\" \/>\n<link rel=\"canonical\" href=\"https:\/\/memurunsesi.net\/index.php\/2026\/02\/18\/yok-baskani-erol-ozvar-sektorde-karsiligi-olmayan-programlar-kapatilacak-ihtiyac-duyulan-bolumler-acilacak\/\" \/>\n<meta property=\"og:locale\" content=\"tr_TR\" \/>\n<meta property=\"og:type\" content=\"article\" \/>\n<meta property=\"og:title\" content=\"Y\u00d6K Ba\u015fkan\u0131 Erol \u00d6zvar: Sekt\u00f6rde kar\u015f\u0131l\u0131\u011f\u0131 olmayan programlar kapat\u0131lacak, ihtiya\u00e7 duyulan b\u00f6l\u00fcmler a\u00e7\u0131lacak - Memurun Sesi\" \/>\n<meta property=\"og:description\" content=\"Y\u00fcksek\u00f6\u011fretim Kurulu (Y\u00d6K) Ba\u015fkan\u0131 Prof. Dr. Erol \u00d6zvar, Organize Sanayi B\u00f6lgeleriyle Entegre Meslek Y\u00fcksekokulu (OSB-MYO) modeli uygulanacak\" \/>\n<meta property=\"og:url\" content=\"https:\/\/memurunsesi.net\/index.php\/2026\/02\/18\/yok-baskani-erol-ozvar-sektorde-karsiligi-olmayan-programlar-kapatilacak-ihtiyac-duyulan-bolumler-acilacak\/\" \/>\n<meta property=\"og:site_name\" content=\"Memurun Sesi\" \/>\n<meta property=\"article:publisher\" content=\"https:\/\/www.facebook.com\/unipersen\/?locale=tr_TR\" \/>\n<meta property=\"article:published_time\" content=\"2026-02-18T19:48:36+00:00\" \/>\n<meta property=\"og:image\" content=\"https:\/\/memurunsesi.net\/wp-content\/uploads\/2026\/02\/YOK.jpg\" \/>\n\t<meta property=\"og:image:width\" content=\"864\" \/>\n\t<meta property=\"og:image:height\" content=\"486\" \/>\n\t<meta property=\"og:image:type\" content=\"image\/jpeg\" \/>\n<meta name=\"author\" content=\"Memurun Sesi Haber Merkezi\" \/>\n<meta name=\"twitter:card\" content=\"summary_large_image\" \/>\n<meta name=\"twitter:creator\" content=\"@unipersen\" \/>\n<meta name=\"twitter:site\" content=\"@unipersen\" \/>\n<meta name=\"twitter:label1\" content=\"Yazan:\" \/>\n\t<meta name=\"twitter:data1\" content=\"Memurun Sesi Haber Merkezi\" \/>\n\t<meta name=\"twitter:label2\" content=\"Tahmini okuma s\u00fcresi\" \/>\n\t<meta name=\"twitter:data2\" content=\"3 dakika\" \/>\n<script type=\"application\/ld+json\" class=\"yoast-schema-graph\">{\"@context\":\"https:\\\/\\\/schema.org\",\"@graph\":[{\"@type\":\"Article\",\"@id\":\"https:\\\/\\\/memurunsesi.net\\\/index.php\\\/2026\\\/02\\\/18\\\/yok-baskani-erol-ozvar-sektorde-karsiligi-olmayan-programlar-kapatilacak-ihtiyac-duyulan-bolumler-acilacak\\\/#article\",\"isPartOf\":{\"@id\":\"https:\\\/\\\/memurunsesi.net\\\/index.php\\\/2026\\\/02\\\/18\\\/yok-baskani-erol-ozvar-sektorde-karsiligi-olmayan-programlar-kapatilacak-ihtiyac-duyulan-bolumler-acilacak\\\/\"},\"author\":{\"name\":\"Memurun Sesi Haber Merkezi\",\"@id\":\"https:\\\/\\\/memurunsesi.net\\\/#\\\/schema\\\/person\\\/f21c2d73b89f6ee1d80b0a1803e38587\"},\"headline\":\"Y\u00d6K Ba\u015fkan\u0131 Erol \u00d6zvar: Sekt\u00f6rde kar\u015f\u0131l\u0131\u011f\u0131 olmayan programlar kapat\u0131lacak, ihtiya\u00e7 duyulan b\u00f6l\u00fcmler a\u00e7\u0131lacak\",\"datePublished\":\"2026-02-18T19:48:36+00:00\",\"mainEntityOfPage\":{\"@id\":\"https:\\\/\\\/memurunsesi.net\\\/index.php\\\/2026\\\/02\\\/18\\\/yok-baskani-erol-ozvar-sektorde-karsiligi-olmayan-programlar-kapatilacak-ihtiyac-duyulan-bolumler-acilacak\\\/\"},\"wordCount\":643,\"commentCount\":0,\"publisher\":{\"@id\":\"https:\\\/\\\/memurunsesi.net\\\/#organization\"},\"image\":{\"@id\":\"https:\\\/\\\/memurunsesi.net\\\/index.php\\\/2026\\\/02\\\/18\\\/yok-baskani-erol-ozvar-sektorde-karsiligi-olmayan-programlar-kapatilacak-ihtiyac-duyulan-bolumler-acilacak\\\/#primaryimage\"},\"thumbnailUrl\":\"https:\\\/\\\/memurunsesi.net\\\/wp-content\\\/uploads\\\/2026\\\/02\\\/YOK.jpg\",\"keywords\":[\"e\u011fitim\",\"Y\u00d6K\"],\"articleSection\":[\"\u00dcniversiteden Haberler\"],\"inLanguage\":\"tr\",\"potentialAction\":[{\"@type\":\"CommentAction\",\"name\":\"Comment\",\"target\":[\"https:\\\/\\\/memurunsesi.net\\\/index.php\\\/2026\\\/02\\\/18\\\/yok-baskani-erol-ozvar-sektorde-karsiligi-olmayan-programlar-kapatilacak-ihtiyac-duyulan-bolumler-acilacak\\\/#respond\"]}]},{\"@type\":\"WebPage\",\"@id\":\"https:\\\/\\\/memurunsesi.net\\\/index.php\\\/2026\\\/02\\\/18\\\/yok-baskani-erol-ozvar-sektorde-karsiligi-olmayan-programlar-kapatilacak-ihtiyac-duyulan-bolumler-acilacak\\\/\",\"url\":\"https:\\\/\\\/memurunsesi.net\\\/index.php\\\/2026\\\/02\\\/18\\\/yok-baskani-erol-ozvar-sektorde-karsiligi-olmayan-programlar-kapatilacak-ihtiyac-duyulan-bolumler-acilacak\\\/\",\"name\":\"Y\u00d6K Ba\u015fkan\u0131 Erol \u00d6zvar: Sekt\u00f6rde kar\u015f\u0131l\u0131\u011f\u0131 olmayan programlar kapat\u0131lacak, ihtiya\u00e7 duyulan b\u00f6l\u00fcmler a\u00e7\u0131lacak - Memurun Sesi\",\"isPartOf\":{\"@id\":\"https:\\\/\\\/memurunsesi.net\\\/#website\"},\"primaryImageOfPage\":{\"@id\":\"https:\\\/\\\/memurunsesi.net\\\/index.php\\\/2026\\\/02\\\/18\\\/yok-baskani-erol-ozvar-sektorde-karsiligi-olmayan-programlar-kapatilacak-ihtiyac-duyulan-bolumler-acilacak\\\/#primaryimage\"},\"image\":{\"@id\":\"https:\\\/\\\/memurunsesi.net\\\/index.php\\\/2026\\\/02\\\/18\\\/yok-baskani-erol-ozvar-sektorde-karsiligi-olmayan-programlar-kapatilacak-ihtiyac-duyulan-bolumler-acilacak\\\/#primaryimage\"},\"thumbnailUrl\":\"https:\\\/\\\/memurunsesi.net\\\/wp-content\\\/uploads\\\/2026\\\/02\\\/YOK.jpg\",\"datePublished\":\"2026-02-18T19:48:36+00:00\",\"description\":\"Y\u00fcksek\u00f6\u011fretim Kurulu (Y\u00d6K) Ba\u015fkan\u0131 Prof. Dr. Erol \u00d6zvar, Organize Sanayi B\u00f6lgeleriyle Entegre Meslek Y\u00fcksekokulu (OSB-MYO) modeli uygulanacak\",\"breadcrumb\":{\"@id\":\"https:\\\/\\\/memurunsesi.net\\\/index.php\\\/2026\\\/02\\\/18\\\/yok-baskani-erol-ozvar-sektorde-karsiligi-olmayan-programlar-kapatilacak-ihtiyac-duyulan-bolumler-acilacak\\\/#breadcrumb\"},\"inLanguage\":\"tr\",\"potentialAction\":[{\"@type\":\"ReadAction\",\"target\":[\"https:\\\/\\\/memurunsesi.net\\\/index.php\\\/2026\\\/02\\\/18\\\/yok-baskani-erol-ozvar-sektorde-karsiligi-olmayan-programlar-kapatilacak-ihtiyac-duyulan-bolumler-acilacak\\\/\"]}]},{\"@type\":\"ImageObject\",\"inLanguage\":\"tr\",\"@id\":\"https:\\\/\\\/memurunsesi.net\\\/index.php\\\/2026\\\/02\\\/18\\\/yok-baskani-erol-ozvar-sektorde-karsiligi-olmayan-programlar-kapatilacak-ihtiyac-duyulan-bolumler-acilacak\\\/#primaryimage\",\"url\":\"https:\\\/\\\/memurunsesi.net\\\/wp-content\\\/uploads\\\/2026\\\/02\\\/YOK.jpg\",\"contentUrl\":\"https:\\\/\\\/memurunsesi.net\\\/wp-content\\\/uploads\\\/2026\\\/02\\\/YOK.jpg\",\"width\":864,\"height\":486},{\"@type\":\"BreadcrumbList\",\"@id\":\"https:\\\/\\\/memurunsesi.net\\\/index.php\\\/2026\\\/02\\\/18\\\/yok-baskani-erol-ozvar-sektorde-karsiligi-olmayan-programlar-kapatilacak-ihtiyac-duyulan-bolumler-acilacak\\\/#breadcrumb\",\"itemListElement\":[{\"@type\":\"ListItem\",\"position\":1,\"name\":\"Anasayfa\",\"item\":\"https:\\\/\\\/memurunsesi.net\\\/\"},{\"@type\":\"ListItem\",\"position\":2,\"name\":\"Y\u00d6K Ba\u015fkan\u0131 Erol \u00d6zvar: Sekt\u00f6rde kar\u015f\u0131l\u0131\u011f\u0131 olmayan programlar kapat\u0131lacak, ihtiya\u00e7 duyulan b\u00f6l\u00fcmler a\u00e7\u0131lacak\"}]},{\"@type\":\"WebSite\",\"@id\":\"https:\\\/\\\/memurunsesi.net\\\/#website\",\"url\":\"https:\\\/\\\/memurunsesi.net\\\/\",\"name\":\"Memurun Sesi\",\"description\":\"G\u00fcncel ve Do\u011fru Haber\",\"publisher\":{\"@id\":\"https:\\\/\\\/memurunsesi.net\\\/#organization\"},\"potentialAction\":[{\"@type\":\"SearchAction\",\"target\":{\"@type\":\"EntryPoint\",\"urlTemplate\":\"https:\\\/\\\/memurunsesi.net\\\/?s={search_term_string}\"},\"query-input\":{\"@type\":\"PropertyValueSpecification\",\"valueRequired\":true,\"valueName\":\"search_term_string\"}}],\"inLanguage\":\"tr\"},{\"@type\":\"Organization\",\"@id\":\"https:\\\/\\\/memurunsesi.net\\\/#organization\",\"name\":\"Memurun Sesi\",\"url\":\"https:\\\/\\\/memurunsesi.net\\\/\",\"logo\":{\"@type\":\"ImageObject\",\"inLanguage\":\"tr\",\"@id\":\"https:\\\/\\\/memurunsesi.net\\\/#\\\/schema\\\/logo\\\/image\\\/\",\"url\":\"https:\\\/\\\/memurunsesi.net\\\/wp-content\\\/uploads\\\/2025\\\/11\\\/cropped-MEMURUN-SESI.png\",\"contentUrl\":\"https:\\\/\\\/memurunsesi.net\\\/wp-content\\\/uploads\\\/2025\\\/11\\\/cropped-MEMURUN-SESI.png\",\"width\":238,\"height\":57,\"caption\":\"Memurun Sesi\"},\"image\":{\"@id\":\"https:\\\/\\\/memurunsesi.net\\\/#\\\/schema\\\/logo\\\/image\\\/\"},\"sameAs\":[\"https:\\\/\\\/www.facebook.com\\\/unipersen\\\/?locale=tr_TR\",\"https:\\\/\\\/x.com\\\/unipersen\"]},{\"@type\":\"Person\",\"@id\":\"https:\\\/\\\/memurunsesi.net\\\/#\\\/schema\\\/person\\\/f21c2d73b89f6ee1d80b0a1803e38587\",\"name\":\"Memurun Sesi Haber Merkezi\",\"image\":{\"@type\":\"ImageObject\",\"inLanguage\":\"tr\",\"@id\":\"https:\\\/\\\/secure.gravatar.com\\\/avatar\\\/6cf0505f452ee753f485014986fab09a434671d2b919ee76fc541025c5876a70?s=96&d=mm&r=g\",\"url\":\"https:\\\/\\\/secure.gravatar.com\\\/avatar\\\/6cf0505f452ee753f485014986fab09a434671d2b919ee76fc541025c5876a70?s=96&d=mm&r=g\",\"contentUrl\":\"https:\\\/\\\/secure.gravatar.com\\\/avatar\\\/6cf0505f452ee753f485014986fab09a434671d2b919ee76fc541025c5876a70?s=96&d=mm&r=g\",\"caption\":\"Memurun Sesi Haber Merkezi\"},\"sameAs\":[\"https:\\\/\\\/memurunsesi.net\"],\"url\":\"https:\\\/\\\/memurunsesi.net\\\/index.php\\\/author\\\/uniper\\\/\"}]}<\/script>\n<!-- \/ Yoast SEO plugin. -->","yoast_head_json":{"title":"Y\u00d6K Ba\u015fkan\u0131 Erol \u00d6zvar: Sekt\u00f6rde kar\u015f\u0131l\u0131\u011f\u0131 olmayan programlar kapat\u0131lacak, ihtiya\u00e7 duyulan b\u00f6l\u00fcmler a\u00e7\u0131lacak - Memurun Sesi","description":"Y\u00fcksek\u00f6\u011fretim Kurulu (Y\u00d6K) Ba\u015fkan\u0131 Prof. Dr. Erol \u00d6zvar, Organize Sanayi B\u00f6lgeleriyle Entegre Meslek Y\u00fcksekokulu (OSB-MYO) modeli uygulanacak","robots":{"index":"index","follow":"follow","max-snippet":"max-snippet:-1","max-image-preview":"max-image-preview:large","max-video-preview":"max-video-preview:-1"},"canonical":"https:\/\/memurunsesi.net\/index.php\/2026\/02\/18\/yok-baskani-erol-ozvar-sektorde-karsiligi-olmayan-programlar-kapatilacak-ihtiyac-duyulan-bolumler-acilacak\/","og_locale":"tr_TR","og_type":"article","og_title":"Y\u00d6K Ba\u015fkan\u0131 Erol \u00d6zvar: Sekt\u00f6rde kar\u015f\u0131l\u0131\u011f\u0131 olmayan programlar kapat\u0131lacak, ihtiya\u00e7 duyulan b\u00f6l\u00fcmler a\u00e7\u0131lacak - Memurun Sesi","og_description":"Y\u00fcksek\u00f6\u011fretim Kurulu (Y\u00d6K) Ba\u015fkan\u0131 Prof. Dr. Erol \u00d6zvar, Organize Sanayi B\u00f6lgeleriyle Entegre Meslek Y\u00fcksekokulu (OSB-MYO) modeli uygulanacak","og_url":"https:\/\/memurunsesi.net\/index.php\/2026\/02\/18\/yok-baskani-erol-ozvar-sektorde-karsiligi-olmayan-programlar-kapatilacak-ihtiyac-duyulan-bolumler-acilacak\/","og_site_name":"Memurun Sesi","article_publisher":"https:\/\/www.facebook.com\/unipersen\/?locale=tr_TR","article_published_time":"2026-02-18T19:48:36+00:00","og_image":[{"width":864,"height":486,"url":"https:\/\/memurunsesi.net\/wp-content\/uploads\/2026\/02\/YOK.jpg","type":"image\/jpeg"}],"author":"Memurun Sesi Haber Merkezi","twitter_card":"summary_large_image","twitter_creator":"@unipersen","twitter_site":"@unipersen","twitter_misc":{"Yazan:":"Memurun Sesi Haber Merkezi","Tahmini okuma s\u00fcresi":"3 dakika"},"schema":{"@context":"https:\/\/schema.org","@graph":[{"@type":"Article","@id":"https:\/\/memurunsesi.net\/index.php\/2026\/02\/18\/yok-baskani-erol-ozvar-sektorde-karsiligi-olmayan-programlar-kapatilacak-ihtiyac-duyulan-bolumler-acilacak\/#article","isPartOf":{"@id":"https:\/\/memurunsesi.net\/index.php\/2026\/02\/18\/yok-baskani-erol-ozvar-sektorde-karsiligi-olmayan-programlar-kapatilacak-ihtiyac-duyulan-bolumler-acilacak\/"},"author":{"name":"Memurun Sesi Haber Merkezi","@id":"https:\/\/memurunsesi.net\/#\/schema\/person\/f21c2d73b89f6ee1d80b0a1803e38587"},"headline":"Y\u00d6K Ba\u015fkan\u0131 Erol \u00d6zvar: Sekt\u00f6rde kar\u015f\u0131l\u0131\u011f\u0131 olmayan programlar kapat\u0131lacak, ihtiya\u00e7 duyulan b\u00f6l\u00fcmler a\u00e7\u0131lacak","datePublished":"2026-02-18T19:48:36+00:00","mainEntityOfPage":{"@id":"https:\/\/memurunsesi.net\/index.php\/2026\/02\/18\/yok-baskani-erol-ozvar-sektorde-karsiligi-olmayan-programlar-kapatilacak-ihtiyac-duyulan-bolumler-acilacak\/"},"wordCount":643,"commentCount":0,"publisher":{"@id":"https:\/\/memurunsesi.net\/#organization"},"image":{"@id":"https:\/\/memurunsesi.net\/index.php\/2026\/02\/18\/yok-baskani-erol-ozvar-sektorde-karsiligi-olmayan-programlar-kapatilacak-ihtiyac-duyulan-bolumler-acilacak\/#primaryimage"},"thumbnailUrl":"https:\/\/memurunsesi.net\/wp-content\/uploads\/2026\/02\/YOK.jpg","keywords":["e\u011fitim","Y\u00d6K"],"articleSection":["\u00dcniversiteden Haberler"],"inLanguage":"tr","potentialAction":[{"@type":"CommentAction","name":"Comment","target":["https:\/\/memurunsesi.net\/index.php\/2026\/02\/18\/yok-baskani-erol-ozvar-sektorde-karsiligi-olmayan-programlar-kapatilacak-ihtiyac-duyulan-bolumler-acilacak\/#respond"]}]},{"@type":"WebPage","@id":"https:\/\/memurunsesi.net\/index.php\/2026\/02\/18\/yok-baskani-erol-ozvar-sektorde-karsiligi-olmayan-programlar-kapatilacak-ihtiyac-duyulan-bolumler-acilacak\/","url":"https:\/\/memurunsesi.net\/index.php\/2026\/02\/18\/yok-baskani-erol-ozvar-sektorde-karsiligi-olmayan-programlar-kapatilacak-ihtiyac-duyulan-bolumler-acilacak\/","name":"Y\u00d6K Ba\u015fkan\u0131 Erol \u00d6zvar: Sekt\u00f6rde kar\u015f\u0131l\u0131\u011f\u0131 olmayan programlar kapat\u0131lacak, ihtiya\u00e7 duyulan b\u00f6l\u00fcmler a\u00e7\u0131lacak - Memurun Sesi","isPartOf":{"@id":"https:\/\/memurunsesi.net\/#website"},"primaryImageOfPage":{"@id":"https:\/\/memurunsesi.net\/index.php\/2026\/02\/18\/yok-baskani-erol-ozvar-sektorde-karsiligi-olmayan-programlar-kapatilacak-ihtiyac-duyulan-bolumler-acilacak\/#primaryimage"},"image":{"@id":"https:\/\/memurunsesi.net\/index.php\/2026\/02\/18\/yok-baskani-erol-ozvar-sektorde-karsiligi-olmayan-programlar-kapatilacak-ihtiyac-duyulan-bolumler-acilacak\/#primaryimage"},"thumbnailUrl":"https:\/\/memurunsesi.net\/wp-content\/uploads\/2026\/02\/YOK.jpg","datePublished":"2026-02-18T19:48:36+00:00","description":"Y\u00fcksek\u00f6\u011fretim Kurulu (Y\u00d6K) Ba\u015fkan\u0131 Prof. Dr. Erol \u00d6zvar, Organize Sanayi B\u00f6lgeleriyle Entegre Meslek Y\u00fcksekokulu (OSB-MYO) modeli uygulanacak","breadcrumb":{"@id":"https:\/\/memurunsesi.net\/index.php\/2026\/02\/18\/yok-baskani-erol-ozvar-sektorde-karsiligi-olmayan-programlar-kapatilacak-ihtiyac-duyulan-bolumler-acilacak\/#breadcrumb"},"inLanguage":"tr","potentialAction":[{"@type":"ReadAction","target":["https:\/\/memurunsesi.net\/index.php\/2026\/02\/18\/yok-baskani-erol-ozvar-sektorde-karsiligi-olmayan-programlar-kapatilacak-ihtiyac-duyulan-bolumler-acilacak\/"]}]},{"@type":"ImageObject","inLanguage":"tr","@id":"https:\/\/memurunsesi.net\/index.php\/2026\/02\/18\/yok-baskani-erol-ozvar-sektorde-karsiligi-olmayan-programlar-kapatilacak-ihtiyac-duyulan-bolumler-acilacak\/#primaryimage","url":"https:\/\/memurunsesi.net\/wp-content\/uploads\/2026\/02\/YOK.jpg","contentUrl":"https:\/\/memurunsesi.net\/wp-content\/uploads\/2026\/02\/YOK.jpg","width":864,"height":486},{"@type":"BreadcrumbList","@id":"https:\/\/memurunsesi.net\/index.php\/2026\/02\/18\/yok-baskani-erol-ozvar-sektorde-karsiligi-olmayan-programlar-kapatilacak-ihtiyac-duyulan-bolumler-acilacak\/#breadcrumb","itemListElement":[{"@type":"ListItem","position":1,"name":"Anasayfa","item":"https:\/\/memurunsesi.net\/"},{"@type":"ListItem","position":2,"name":"Y\u00d6K Ba\u015fkan\u0131 Erol \u00d6zvar: Sekt\u00f6rde kar\u015f\u0131l\u0131\u011f\u0131 olmayan programlar kapat\u0131lacak, ihtiya\u00e7 duyulan b\u00f6l\u00fcmler a\u00e7\u0131lacak"}]},{"@type":"WebSite","@id":"https:\/\/memurunsesi.net\/#website","url":"https:\/\/memurunsesi.net\/","name":"Memurun Sesi","description":"G\u00fcncel ve Do\u011fru Haber","publisher":{"@id":"https:\/\/memurunsesi.net\/#organization"},"potentialAction":[{"@type":"SearchAction","target":{"@type":"EntryPoint","urlTemplate":"https:\/\/memurunsesi.net\/?s={search_term_string}"},"query-input":{"@type":"PropertyValueSpecification","valueRequired":true,"valueName":"search_term_string"}}],"inLanguage":"tr"},{"@type":"Organization","@id":"https:\/\/memurunsesi.net\/#organization","name":"Memurun Sesi","url":"https:\/\/memurunsesi.net\/","logo":{"@type":"ImageObject","inLanguage":"tr","@id":"https:\/\/memurunsesi.net\/#\/schema\/logo\/image\/","url":"https:\/\/memurunsesi.net\/wp-content\/uploads\/2025\/11\/cropped-MEMURUN-SESI.png","contentUrl":"https:\/\/memurunsesi.net\/wp-content\/uploads\/2025\/11\/cropped-MEMURUN-SESI.png","width":238,"height":57,"caption":"Memurun Sesi"},"image":{"@id":"https:\/\/memurunsesi.net\/#\/schema\/logo\/image\/"},"sameAs":["https:\/\/www.facebook.com\/unipersen\/?locale=tr_TR","https:\/\/x.com\/unipersen"]},{"@type":"Person","@id":"https:\/\/memurunsesi.net\/#\/schema\/person\/f21c2d73b89f6ee1d80b0a1803e38587","name":"Memurun Sesi Haber Merkezi","image":{"@type":"ImageObject","inLanguage":"tr","@id":"https:\/\/secure.gravatar.com\/avatar\/6cf0505f452ee753f485014986fab09a434671d2b919ee76fc541025c5876a70?s=96&d=mm&r=g","url":"https:\/\/secure.gravatar.com\/avatar\/6cf0505f452ee753f485014986fab09a434671d2b919ee76fc541025c5876a70?s=96&d=mm&r=g","contentUrl":"https:\/\/secure.gravatar.com\/avatar\/6cf0505f452ee753f485014986fab09a434671d2b919ee76fc541025c5876a70?s=96&d=mm&r=g","caption":"Memurun Sesi Haber Merkezi"},"sameAs":["https:\/\/memurunsesi.net"],"url":"https:\/\/memurunsesi.net\/index.php\/author\/uniper\/"}]}},"_links":{"self":[{"href":"https:\/\/memurunsesi.net\/index.php\/wp-json\/wp\/v2\/posts\/17587","targetHints":{"allow":["GET"]}}],"collection":[{"href":"https:\/\/memurunsesi.net\/index.php\/wp-json\/wp\/v2\/posts"}],"about":[{"href":"https:\/\/memurunsesi.net\/index.php\/wp-json\/wp\/v2\/types\/post"}],"author":[{"embeddable":true,"href":"https:\/\/memurunsesi.net\/index.php\/wp-json\/wp\/v2\/users\/1"}],"replies":[{"embeddable":true,"href":"https:\/\/memurunsesi.net\/index.php\/wp-json\/wp\/v2\/comments?post=17587"}],"version-history":[{"count":1,"href":"https:\/\/memurunsesi.net\/index.php\/wp-json\/wp\/v2\/posts\/17587\/revisions"}],"predecessor-version":[{"id":17588,"href":"https:\/\/memurunsesi.net\/index.php\/wp-json\/wp\/v2\/posts\/17587\/revisions\/17588"}],"wp:featuredmedia":[{"embeddable":true,"href":"https:\/\/memurunsesi.net\/index.php\/wp-json\/wp\/v2\/media\/17366"}],"wp:attachment":[{"href":"https:\/\/memurunsesi.net\/index.php\/wp-json\/wp\/v2\/media?parent=17587"}],"wp:term":[{"taxonomy":"category","embeddable":true,"href":"https:\/\/memurunsesi.net\/index.php\/wp-json\/wp\/v2\/categories?post=17587"},{"taxonomy":"post_tag","embeddable":true,"href":"https:\/\/memurunsesi.net\/index.php\/wp-json\/wp\/v2\/tags?post=17587"}],"curies":[{"name":"wp","href":"https:\/\/api.w.org\/{rel}","templated":true}]}}