{"id":17621,"date":"2026-02-19T20:52:22","date_gmt":"2026-02-19T17:52:22","guid":{"rendered":"https:\/\/memurunsesi.net\/?p=17621"},"modified":"2026-02-19T20:52:31","modified_gmt":"2026-02-19T17:52:31","slug":"yokten-idari-personelin-becayis-uygulamasina-iliskin-aciklama-9-bin-882-basvuru-yapildi","status":"publish","type":"post","link":"https:\/\/memurunsesi.net\/index.php\/2026\/02\/19\/yokten-idari-personelin-becayis-uygulamasina-iliskin-aciklama-9-bin-882-basvuru-yapildi\/","title":{"rendered":"Y\u00d6K\u2019ten \u0130dari Personelin Becayi\u015f Uygulamas\u0131na \u0130li\u015fkin A\u00e7\u0131klama: 9 Bin 882 Ba\u015fvuru Yap\u0131ld\u0131"},"content":{"rendered":"<div class=\"flex flex-col text-sm pb-25\">\n<article class=\"text-token-text-primary w-full focus:outline-none [--shadow-height:45px] has-data-writing-block:pointer-events-none has-data-writing-block:-mt-(--shadow-height) has-data-writing-block:pt-(--shadow-height) [&amp;:has([data-writing-block])&gt;*]:pointer-events-auto [content-visibility:auto] supports-[content-visibility:auto]:[contain-intrinsic-size:auto_100lvh] scroll-mt-[calc(var(--header-height)+min(200px,max(70px,20svh)))]\" dir=\"auto\" tabindex=\"-1\" data-turn-id=\"request-WEB:d035a92a-6f81-4e3b-84a0-8dc1d733f50f-0\" data-testid=\"conversation-turn-2\" data-scroll-anchor=\"true\" data-turn=\"assistant\">\n<div class=\"text-base my-auto mx-auto pb-10 [--thread-content-margin:--spacing(4)] @w-sm\/main:[--thread-content-margin:--spacing(6)] @w-lg\/main:[--thread-content-margin:--spacing(16)] px-(--thread-content-margin)\">\n<div class=\"[--thread-content-max-width:40rem] @w-lg\/main:[--thread-content-max-width:48rem] mx-auto max-w-(--thread-content-max-width) flex-1 group\/turn-messages focus-visible:outline-hidden relative flex w-full min-w-0 flex-col agent-turn\" tabindex=\"-1\">\n<div class=\"flex max-w-full flex-col grow\">\n<div class=\"min-h-8 text-message relative flex w-full flex-col items-end gap-2 text-start break-words whitespace-normal [.text-message+&amp;]:mt-1\" dir=\"auto\" data-message-author-role=\"assistant\" data-message-id=\"a250e9f1-0e81-4976-ba2e-51b2e8650989\" data-message-model-slug=\"gpt-5-2\">\n<div class=\"flex w-full flex-col gap-1 empty:hidden first:pt-[1px]\">\n<div class=\"markdown prose dark:prose-invert w-full wrap-break-word light markdown-new-styling\">\n<p data-start=\"95\" data-end=\"547\"><span class=\"hover:entity-accent entity-underline inline cursor-pointer align-baseline\"><span class=\"whitespace-normal\">\u00a0 \u00a0 Y\u00fcksek\u00f6\u011fretim Kurulu Ba\u015fkanl\u0131\u011f\u0131<\/span><\/span> (Y\u00d6K), <span class=\"hover:entity-accent entity-underline inline cursor-pointer align-baseline\"><span class=\"whitespace-normal\">Talih \u00d6zcan<\/span><\/span> taraf\u0131ndan idari personelin kurumlar aras\u0131 kar\u015f\u0131l\u0131kl\u0131 yer de\u011fi\u015fikli\u011fi (becayi\u015f) .uygulamas\u0131na ili\u015fkin verilen soru \u00f6nergesini yan\u0131tlad\u0131. Y\u00d6K Personel Dairesi Ba\u015fkanl\u0131\u011f\u0131 imzas\u0131yla 13 Ekim 2025 tarihinde Strateji Geli\u015ftirme Dairesi Ba\u015fkanl\u0131\u011f\u0131na g\u00f6nderilen yaz\u0131da, 2025 y\u0131l\u0131na ait ba\u015fvuru say\u0131lar\u0131, de\u011ferlendirme kriterleri ve uygulaman\u0131n kapsam\u0131 detayl\u0131 \u015fekilde a\u00e7\u0131kland\u0131.<\/p>\n<p data-start=\"549\" data-end=\"920\">A\u00e7\u0131klamaya g\u00f6re, 2025 y\u0131l\u0131 kurumlar aras\u0131 idari personel yer de\u011fi\u015fikli\u011fi kapsam\u0131nda toplam <strong data-start=\"640\" data-end=\"661\">9 bin 882 ba\u015fvuru<\/strong> al\u0131nd\u0131. Ba\u015fvurular\u0131n <strong data-start=\"683\" data-end=\"723\">4 bin 369\u2019u Sa\u011fl\u0131k Hizmetleri S\u0131n\u0131f\u0131<\/strong>, <strong data-start=\"725\" data-end=\"769\">5 bin 513\u2019\u00fc ise E\u011fitim Hizmetleri S\u0131n\u0131f\u0131<\/strong> personelinden olu\u015ftu. Veriler, y\u00fcksek\u00f6\u011fretim kurumlar\u0131nda g\u00f6rev yapan idari personelin yer de\u011fi\u015fikli\u011fi talebinin olduk\u00e7a y\u00fcksek oldu\u011funu ortaya koydu.<\/p>\n<h3 data-start=\"922\" data-end=\"957\">E\u015fle\u015ftirme Kriterleri A\u00e7\u0131kland\u0131<\/h3>\n<p data-start=\"959\" data-end=\"1029\">Y\u00d6K, e\u015fle\u015ftirme s\u00fcrecinde uygulanan kriterleri de payla\u015ft\u0131. Buna g\u00f6re:<\/p>\n<ul data-start=\"1031\" data-end=\"1396\">\n<li data-start=\"1031\" data-end=\"1167\">\n<p data-start=\"1033\" data-end=\"1167\">Ba\u015fvuru i\u00e7in, <span class=\"hover:entity-accent entity-underline inline cursor-pointer align-baseline\"><span class=\"whitespace-normal\">657 say\u0131l\u0131 Devlet Memurlar\u0131 Kanunu<\/span><\/span> kapsam\u0131nda <strong data-start=\"1096\" data-end=\"1137\">en az iki y\u0131l g\u00f6rev yapm\u0131\u015f olma \u015fart\u0131<\/strong> arand\u0131 (ayl\u0131ks\u0131z izin hari\u00e7).<\/p>\n<\/li>\n<li data-start=\"1168\" data-end=\"1240\">\n<p data-start=\"1170\" data-end=\"1240\">E\u015fle\u015fen personel aras\u0131nda <strong data-start=\"1196\" data-end=\"1221\">en fazla 10 ya\u015f fark\u0131<\/strong> kriteri uyguland\u0131.<\/p>\n<\/li>\n<li data-start=\"1241\" data-end=\"1396\">\n<p data-start=\"1243\" data-end=\"1277\">Ayn\u0131 yeri tercih edenler aras\u0131nda:<\/p>\n<ul data-start=\"1280\" data-end=\"1396\">\n<li data-start=\"1280\" data-end=\"1325\">\n<p data-start=\"1282\" data-end=\"1325\">Hizmet s\u00fcresi fazla olana \u00f6ncelik verildi<\/p>\n<\/li>\n<li data-start=\"1328\" data-end=\"1396\">\n<p data-start=\"1330\" data-end=\"1396\">Hizmet s\u00fcresi e\u015fit ise ya\u015f\u0131 b\u00fcy\u00fck olan personele \u00f6ncelik tan\u0131nd\u0131<\/p>\n<\/li>\n<\/ul>\n<\/li>\n<\/ul>\n<h3 data-start=\"1398\" data-end=\"1430\">Baz\u0131 Kadrolar Kapsam D\u0131\u015f\u0131nda<\/h3>\n<p data-start=\"1432\" data-end=\"1523\">Uygulama kapsam\u0131nda baz\u0131 kadrolar\u0131n ise tamamen d\u0131\u015far\u0131da b\u0131rak\u0131ld\u0131\u011f\u0131 belirtildi. Buna g\u00f6re;<\/p>\n<ul data-start=\"1525\" data-end=\"1701\">\n<li data-start=\"1525\" data-end=\"1573\">\n<p data-start=\"1527\" data-end=\"1573\">Y\u00f6netici kadrolar\u0131nda bulunanlar (\u015fef ve \u00fcst\u00fc)<\/p>\n<\/li>\n<li data-start=\"1574\" data-end=\"1602\">\n<p data-start=\"1576\" data-end=\"1602\">Mali Hizmetler Uzmanlar\u0131<\/p>\n<\/li>\n<li data-start=\"1603\" data-end=\"1624\">\n<p data-start=\"1605\" data-end=\"1624\">Hukuk M\u00fc\u015favirleri<\/p>\n<\/li>\n<li data-start=\"1625\" data-end=\"1675\">\n<p data-start=\"1627\" data-end=\"1675\">657 kapsam\u0131nda naklen atanma yasa\u011f\u0131 bulunanlar<\/p>\n<\/li>\n<li data-start=\"1676\" data-end=\"1701\">\n<p data-start=\"1678\" data-end=\"1701\">60 ya\u015f\u0131n\u0131 dolduranlar<\/p>\n<\/li>\n<\/ul>\n<p data-start=\"1703\" data-end=\"1740\">becayi\u015f uygulamas\u0131ndan yararlanamad\u0131.<\/p>\n<h3 data-start=\"1742\" data-end=\"1777\">\u201cKapsam Geni\u015fletilmeli\u201d Vurgusu<\/h3>\n<p data-start=\"1779\" data-end=\"2062\">De\u011ferlendirmelerde, \u00f6zellikle \u00f6nemli idari g\u00f6revler \u00fcstlenen baz\u0131 kadrolar\u0131n kapsam d\u0131\u015f\u0131nda b\u0131rak\u0131lmas\u0131n\u0131n <strong data-start=\"1886\" data-end=\"1919\">e\u015fitsizlik alg\u0131s\u0131n\u0131 art\u0131rd\u0131\u011f\u0131<\/strong> ifade edildi. \u015eefler ve uzman kadrolar ba\u015fta olmak \u00fczere t\u00fcm idari personeli kapsayan daha adil bir sistem olu\u015fturulmas\u0131 gerekti\u011fi vurguland\u0131.<\/p>\n<p data-start=\"2064\" data-end=\"2325\">\u00d6te yandan, e\u015fle\u015ftirmede uygulanan <strong data-start=\"2099\" data-end=\"2128\">\u201c10 ya\u015f fark\u0131\u201d kriterinin<\/strong> de uygulamada ciddi s\u0131n\u0131rl\u0131l\u0131klar do\u011furdu\u011fu belirtildi. Uzun hizmet s\u00fcresine sahip personelin e\u015fle\u015fme imkan\u0131n\u0131 daraltt\u0131\u011f\u0131 ifade edilen bu kriterin, sistemin etkinli\u011fini azaltt\u0131\u011f\u0131na dikkat \u00e7ekildi.<\/p>\n<h3 data-start=\"2327\" data-end=\"2349\">S\u00fcre\u00e7 Devam Ediyor<\/h3>\n<p data-start=\"2351\" data-end=\"2528\">Yer de\u011fi\u015fikli\u011fi takviminin hen\u00fcz netle\u015fmedi\u011fi, ancak s\u00fcrecin yeniden yap\u0131lmas\u0131n\u0131n planland\u0131\u011f\u0131 bildirildi. Ayr\u0131ca ba\u015fvurular\u0131n Y\u00d6K taraf\u0131ndan incelenmeye devam etti\u011fi kaydedildi.<\/p>\n<h3 data-start=\"2530\" data-end=\"2569\">\u201cDaha Kapsay\u0131c\u0131 ve Adil Model \u015eart\u201d<\/h3>\n<p data-start=\"2571\" data-end=\"2762\">A\u00e7\u0131klamada, ge\u00e7ti\u011fimiz y\u0131l at\u0131lan ad\u0131m\u0131n \u00f6nemli bir ba\u015flang\u0131\u00e7 oldu\u011fu ancak mevcut uygulaman\u0131n yetersiz kald\u0131\u011f\u0131 ifade edilerek, daha geni\u015f kapsaml\u0131 ve s\u00fcrd\u00fcr\u00fclebilir bir model \u00e7a\u011fr\u0131s\u0131 yap\u0131ld\u0131.<\/p>\n<p data-start=\"2764\" data-end=\"3016\">\u0130dari personelin aile birli\u011fi, sosyal denge ve \u00e7al\u0131\u015fma huzurunu g\u00f6zeten bir sistemin hayata ge\u00e7irilmesi gerekti\u011fi belirtilirken, hi\u00e7bir kadronun d\u0131\u015flanmad\u0131\u011f\u0131, objektif ve kal\u0131c\u0131 bir yer de\u011fi\u015fikli\u011fi mekanizmas\u0131n\u0131n olu\u015fturulmas\u0131n\u0131n beklendi\u011fi vurguland\u0131.<\/p>\n<p data-start=\"3018\" data-end=\"3169\" data-is-last-node=\"\" data-is-only-node=\"\">Son olarak, idari personelin haklar\u0131n\u0131n g\u00fc\u00e7lendirilmesi ve daha adil bir sistem kurulmas\u0131 amac\u0131yla ortak m\u00fccadelenin s\u00fcrd\u00fcr\u00fclmesi \u00e7a\u011fr\u0131s\u0131nda bulunuldu.<\/p>\n<p data-start=\"3018\" data-end=\"3169\" data-is-last-node=\"\" data-is-only-node=\"\">19.02.2026<\/p>\n<\/div>\n<\/div>\n<\/div>\n<\/div>\n<div class=\"z-0 flex min-h-[46px] justify-start\"><\/div>\n<div class=\"mt-3 w-full empty:hidden\">\n<div class=\"text-center\"><\/div>\n<\/div>\n<\/div>\n<\/div>\n<\/article>\n<\/div>\n<div class=\"pointer-events-none h-px w-px absolute bottom-0\" aria-hidden=\"true\" data-edge=\"true\"><\/div>\n","protected":false},"excerpt":{"rendered":"<p>\u00a0 \u00a0 Y\u00fcksek\u00f6\u011fretim Kurulu Ba\u015fkanl\u0131\u011f\u0131 (Y\u00d6K), Talih \u00d6zcan taraf\u0131ndan idari personelin kurumlar aras\u0131 kar\u015f\u0131l\u0131kl\u0131 yer de\u011fi\u015fikli\u011fi (becayi\u015f) .uygulamas\u0131na ili\u015fkin verilen soru \u00f6nergesini yan\u0131tlad\u0131. Y\u00d6K Personel Dairesi Ba\u015fkanl\u0131\u011f\u0131 imzas\u0131yla 13 Ekim 2025 tarihinde Strateji Geli\u015ftirme Dairesi Ba\u015fkanl\u0131\u011f\u0131na g\u00f6nderilen yaz\u0131da, 2025 y\u0131l\u0131na ait ba\u015fvuru say\u0131lar\u0131, de\u011ferlendirme kriterleri ve uygulaman\u0131n kapsam\u0131 detayl\u0131 \u015fekilde a\u00e7\u0131kland\u0131. A\u00e7\u0131klamaya g\u00f6re, 2025 y\u0131l\u0131 [&hellip;]<\/p>\n","protected":false},"author":1,"featured_media":17622,"comment_status":"open","ping_status":"open","sticky":false,"template":"","format":"standard","meta":{"footnotes":""},"categories":[1,47],"tags":[1272,282,1271,1270],"class_list":["post-17621","post","type-post","status-publish","format-standard","has-post-thumbnail","hentry","category-genel","category-universiteden-haberler","tag-becayis","tag-idari-personel","tag-memu","tag-yuksek-ogretim-kurulu"],"yoast_head":"<!-- This site is optimized with the Yoast SEO plugin v27.4 - https:\/\/yoast.com\/product\/yoast-seo-wordpress\/ -->\n<title>Y\u00d6K\u2019ten \u0130dari Personelin Becayi\u015f Uygulamas\u0131na \u0130li\u015fkin A\u00e7\u0131klama: 9 Bin 882 Ba\u015fvuru Yap\u0131ld\u0131 - Memurun Sesi<\/title>\n<meta name=\"description\" content=\"Y\u00fcksek\u00f6\u011fretim Kurulu Ba\u015fkanl\u0131\u011f\u0131 (Y\u00d6K), Talih \u00d6zcan taraf\u0131ndan idari personelin kurumlar aras\u0131 kar\u015f\u0131l\u0131kl\u0131 yer de\u011fi\u015fikli\u011fi (becayi\u015f)\" \/>\n<meta name=\"robots\" content=\"index, follow, max-snippet:-1, max-image-preview:large, max-video-preview:-1\" \/>\n<link rel=\"canonical\" href=\"https:\/\/memurunsesi.net\/index.php\/2026\/02\/19\/yokten-idari-personelin-becayis-uygulamasina-iliskin-aciklama-9-bin-882-basvuru-yapildi\/\" \/>\n<meta property=\"og:locale\" content=\"tr_TR\" \/>\n<meta property=\"og:type\" content=\"article\" \/>\n<meta property=\"og:title\" content=\"Y\u00d6K\u2019ten \u0130dari Personelin Becayi\u015f Uygulamas\u0131na \u0130li\u015fkin A\u00e7\u0131klama: 9 Bin 882 Ba\u015fvuru Yap\u0131ld\u0131 - Memurun Sesi\" \/>\n<meta property=\"og:description\" content=\"Y\u00fcksek\u00f6\u011fretim Kurulu Ba\u015fkanl\u0131\u011f\u0131 (Y\u00d6K), Talih \u00d6zcan taraf\u0131ndan idari personelin kurumlar aras\u0131 kar\u015f\u0131l\u0131kl\u0131 yer de\u011fi\u015fikli\u011fi (becayi\u015f)\" \/>\n<meta property=\"og:url\" content=\"https:\/\/memurunsesi.net\/index.php\/2026\/02\/19\/yokten-idari-personelin-becayis-uygulamasina-iliskin-aciklama-9-bin-882-basvuru-yapildi\/\" \/>\n<meta property=\"og:site_name\" content=\"Memurun Sesi\" \/>\n<meta property=\"article:publisher\" content=\"https:\/\/www.facebook.com\/unipersen\/?locale=tr_TR\" \/>\n<meta property=\"article:published_time\" content=\"2026-02-19T17:52:22+00:00\" \/>\n<meta property=\"article:modified_time\" content=\"2026-02-19T17:52:31+00:00\" \/>\n<meta property=\"og:image\" content=\"https:\/\/memurunsesi.net\/wp-content\/uploads\/2026\/02\/yer-degisikligi.jpeg\" \/>\n\t<meta property=\"og:image:width\" content=\"1064\" \/>\n\t<meta property=\"og:image:height\" content=\"857\" \/>\n\t<meta property=\"og:image:type\" content=\"image\/jpeg\" \/>\n<meta name=\"author\" content=\"Memurun Sesi Haber Merkezi\" \/>\n<meta name=\"twitter:card\" content=\"summary_large_image\" \/>\n<meta name=\"twitter:creator\" content=\"@unipersen\" \/>\n<meta name=\"twitter:site\" content=\"@unipersen\" \/>\n<meta name=\"twitter:label1\" content=\"Yazan:\" \/>\n\t<meta name=\"twitter:data1\" content=\"Memurun Sesi Haber Merkezi\" \/>\n\t<meta name=\"twitter:label2\" content=\"Tahmini okuma s\u00fcresi\" \/>\n\t<meta name=\"twitter:data2\" content=\"3 dakika\" \/>\n<script type=\"application\/ld+json\" class=\"yoast-schema-graph\">{\"@context\":\"https:\\\/\\\/schema.org\",\"@graph\":[{\"@type\":\"Article\",\"@id\":\"https:\\\/\\\/memurunsesi.net\\\/index.php\\\/2026\\\/02\\\/19\\\/yokten-idari-personelin-becayis-uygulamasina-iliskin-aciklama-9-bin-882-basvuru-yapildi\\\/#article\",\"isPartOf\":{\"@id\":\"https:\\\/\\\/memurunsesi.net\\\/index.php\\\/2026\\\/02\\\/19\\\/yokten-idari-personelin-becayis-uygulamasina-iliskin-aciklama-9-bin-882-basvuru-yapildi\\\/\"},\"author\":{\"name\":\"Memurun Sesi Haber Merkezi\",\"@id\":\"https:\\\/\\\/memurunsesi.net\\\/#\\\/schema\\\/person\\\/f21c2d73b89f6ee1d80b0a1803e38587\"},\"headline\":\"Y\u00d6K\u2019ten \u0130dari Personelin Becayi\u015f Uygulamas\u0131na \u0130li\u015fkin A\u00e7\u0131klama: 9 Bin 882 Ba\u015fvuru Yap\u0131ld\u0131\",\"datePublished\":\"2026-02-19T17:52:22+00:00\",\"dateModified\":\"2026-02-19T17:52:31+00:00\",\"mainEntityOfPage\":{\"@id\":\"https:\\\/\\\/memurunsesi.net\\\/index.php\\\/2026\\\/02\\\/19\\\/yokten-idari-personelin-becayis-uygulamasina-iliskin-aciklama-9-bin-882-basvuru-yapildi\\\/\"},\"wordCount\":560,\"commentCount\":0,\"publisher\":{\"@id\":\"https:\\\/\\\/memurunsesi.net\\\/#organization\"},\"image\":{\"@id\":\"https:\\\/\\\/memurunsesi.net\\\/index.php\\\/2026\\\/02\\\/19\\\/yokten-idari-personelin-becayis-uygulamasina-iliskin-aciklama-9-bin-882-basvuru-yapildi\\\/#primaryimage\"},\"thumbnailUrl\":\"https:\\\/\\\/memurunsesi.net\\\/wp-content\\\/uploads\\\/2026\\\/02\\\/yer-degisikligi.jpeg\",\"keywords\":[\"becayi\u015f\",\"idari personel\",\"memu\",\"y\u00fcksek \u00f6\u011fretim kurulu\"],\"articleSection\":{\"1\":\"\u00dcniversiteden Haberler\"},\"inLanguage\":\"tr\",\"potentialAction\":[{\"@type\":\"CommentAction\",\"name\":\"Comment\",\"target\":[\"https:\\\/\\\/memurunsesi.net\\\/index.php\\\/2026\\\/02\\\/19\\\/yokten-idari-personelin-becayis-uygulamasina-iliskin-aciklama-9-bin-882-basvuru-yapildi\\\/#respond\"]}]},{\"@type\":\"WebPage\",\"@id\":\"https:\\\/\\\/memurunsesi.net\\\/index.php\\\/2026\\\/02\\\/19\\\/yokten-idari-personelin-becayis-uygulamasina-iliskin-aciklama-9-bin-882-basvuru-yapildi\\\/\",\"url\":\"https:\\\/\\\/memurunsesi.net\\\/index.php\\\/2026\\\/02\\\/19\\\/yokten-idari-personelin-becayis-uygulamasina-iliskin-aciklama-9-bin-882-basvuru-yapildi\\\/\",\"name\":\"Y\u00d6K\u2019ten \u0130dari Personelin Becayi\u015f Uygulamas\u0131na \u0130li\u015fkin A\u00e7\u0131klama: 9 Bin 882 Ba\u015fvuru Yap\u0131ld\u0131 - Memurun Sesi\",\"isPartOf\":{\"@id\":\"https:\\\/\\\/memurunsesi.net\\\/#website\"},\"primaryImageOfPage\":{\"@id\":\"https:\\\/\\\/memurunsesi.net\\\/index.php\\\/2026\\\/02\\\/19\\\/yokten-idari-personelin-becayis-uygulamasina-iliskin-aciklama-9-bin-882-basvuru-yapildi\\\/#primaryimage\"},\"image\":{\"@id\":\"https:\\\/\\\/memurunsesi.net\\\/index.php\\\/2026\\\/02\\\/19\\\/yokten-idari-personelin-becayis-uygulamasina-iliskin-aciklama-9-bin-882-basvuru-yapildi\\\/#primaryimage\"},\"thumbnailUrl\":\"https:\\\/\\\/memurunsesi.net\\\/wp-content\\\/uploads\\\/2026\\\/02\\\/yer-degisikligi.jpeg\",\"datePublished\":\"2026-02-19T17:52:22+00:00\",\"dateModified\":\"2026-02-19T17:52:31+00:00\",\"description\":\"Y\u00fcksek\u00f6\u011fretim Kurulu Ba\u015fkanl\u0131\u011f\u0131 (Y\u00d6K), Talih \u00d6zcan taraf\u0131ndan idari personelin kurumlar aras\u0131 kar\u015f\u0131l\u0131kl\u0131 yer de\u011fi\u015fikli\u011fi (becayi\u015f)\",\"breadcrumb\":{\"@id\":\"https:\\\/\\\/memurunsesi.net\\\/index.php\\\/2026\\\/02\\\/19\\\/yokten-idari-personelin-becayis-uygulamasina-iliskin-aciklama-9-bin-882-basvuru-yapildi\\\/#breadcrumb\"},\"inLanguage\":\"tr\",\"potentialAction\":[{\"@type\":\"ReadAction\",\"target\":[\"https:\\\/\\\/memurunsesi.net\\\/index.php\\\/2026\\\/02\\\/19\\\/yokten-idari-personelin-becayis-uygulamasina-iliskin-aciklama-9-bin-882-basvuru-yapildi\\\/\"]}]},{\"@type\":\"ImageObject\",\"inLanguage\":\"tr\",\"@id\":\"https:\\\/\\\/memurunsesi.net\\\/index.php\\\/2026\\\/02\\\/19\\\/yokten-idari-personelin-becayis-uygulamasina-iliskin-aciklama-9-bin-882-basvuru-yapildi\\\/#primaryimage\",\"url\":\"https:\\\/\\\/memurunsesi.net\\\/wp-content\\\/uploads\\\/2026\\\/02\\\/yer-degisikligi.jpeg\",\"contentUrl\":\"https:\\\/\\\/memurunsesi.net\\\/wp-content\\\/uploads\\\/2026\\\/02\\\/yer-degisikligi.jpeg\",\"width\":1064,\"height\":857},{\"@type\":\"BreadcrumbList\",\"@id\":\"https:\\\/\\\/memurunsesi.net\\\/index.php\\\/2026\\\/02\\\/19\\\/yokten-idari-personelin-becayis-uygulamasina-iliskin-aciklama-9-bin-882-basvuru-yapildi\\\/#breadcrumb\",\"itemListElement\":[{\"@type\":\"ListItem\",\"position\":1,\"name\":\"Anasayfa\",\"item\":\"https:\\\/\\\/memurunsesi.net\\\/\"},{\"@type\":\"ListItem\",\"position\":2,\"name\":\"Y\u00d6K\u2019ten \u0130dari Personelin Becayi\u015f Uygulamas\u0131na \u0130li\u015fkin A\u00e7\u0131klama: 9 Bin 882 Ba\u015fvuru Yap\u0131ld\u0131\"}]},{\"@type\":\"WebSite\",\"@id\":\"https:\\\/\\\/memurunsesi.net\\\/#website\",\"url\":\"https:\\\/\\\/memurunsesi.net\\\/\",\"name\":\"Memurun Sesi\",\"description\":\"G\u00fcncel ve Do\u011fru Haber\",\"publisher\":{\"@id\":\"https:\\\/\\\/memurunsesi.net\\\/#organization\"},\"potentialAction\":[{\"@type\":\"SearchAction\",\"target\":{\"@type\":\"EntryPoint\",\"urlTemplate\":\"https:\\\/\\\/memurunsesi.net\\\/?s={search_term_string}\"},\"query-input\":{\"@type\":\"PropertyValueSpecification\",\"valueRequired\":true,\"valueName\":\"search_term_string\"}}],\"inLanguage\":\"tr\"},{\"@type\":\"Organization\",\"@id\":\"https:\\\/\\\/memurunsesi.net\\\/#organization\",\"name\":\"Memurun Sesi\",\"url\":\"https:\\\/\\\/memurunsesi.net\\\/\",\"logo\":{\"@type\":\"ImageObject\",\"inLanguage\":\"tr\",\"@id\":\"https:\\\/\\\/memurunsesi.net\\\/#\\\/schema\\\/logo\\\/image\\\/\",\"url\":\"https:\\\/\\\/memurunsesi.net\\\/wp-content\\\/uploads\\\/2025\\\/11\\\/cropped-MEMURUN-SESI.png\",\"contentUrl\":\"https:\\\/\\\/memurunsesi.net\\\/wp-content\\\/uploads\\\/2025\\\/11\\\/cropped-MEMURUN-SESI.png\",\"width\":238,\"height\":57,\"caption\":\"Memurun Sesi\"},\"image\":{\"@id\":\"https:\\\/\\\/memurunsesi.net\\\/#\\\/schema\\\/logo\\\/image\\\/\"},\"sameAs\":[\"https:\\\/\\\/www.facebook.com\\\/unipersen\\\/?locale=tr_TR\",\"https:\\\/\\\/x.com\\\/unipersen\"]},{\"@type\":\"Person\",\"@id\":\"https:\\\/\\\/memurunsesi.net\\\/#\\\/schema\\\/person\\\/f21c2d73b89f6ee1d80b0a1803e38587\",\"name\":\"Memurun Sesi Haber Merkezi\",\"image\":{\"@type\":\"ImageObject\",\"inLanguage\":\"tr\",\"@id\":\"https:\\\/\\\/secure.gravatar.com\\\/avatar\\\/6cf0505f452ee753f485014986fab09a434671d2b919ee76fc541025c5876a70?s=96&d=mm&r=g\",\"url\":\"https:\\\/\\\/secure.gravatar.com\\\/avatar\\\/6cf0505f452ee753f485014986fab09a434671d2b919ee76fc541025c5876a70?s=96&d=mm&r=g\",\"contentUrl\":\"https:\\\/\\\/secure.gravatar.com\\\/avatar\\\/6cf0505f452ee753f485014986fab09a434671d2b919ee76fc541025c5876a70?s=96&d=mm&r=g\",\"caption\":\"Memurun Sesi Haber Merkezi\"},\"sameAs\":[\"https:\\\/\\\/memurunsesi.net\"],\"url\":\"https:\\\/\\\/memurunsesi.net\\\/index.php\\\/author\\\/uniper\\\/\"}]}<\/script>\n<!-- \/ Yoast SEO plugin. -->","yoast_head_json":{"title":"Y\u00d6K\u2019ten \u0130dari Personelin Becayi\u015f Uygulamas\u0131na \u0130li\u015fkin A\u00e7\u0131klama: 9 Bin 882 Ba\u015fvuru Yap\u0131ld\u0131 - Memurun Sesi","description":"Y\u00fcksek\u00f6\u011fretim Kurulu Ba\u015fkanl\u0131\u011f\u0131 (Y\u00d6K), Talih \u00d6zcan taraf\u0131ndan idari personelin kurumlar aras\u0131 kar\u015f\u0131l\u0131kl\u0131 yer de\u011fi\u015fikli\u011fi (becayi\u015f)","robots":{"index":"index","follow":"follow","max-snippet":"max-snippet:-1","max-image-preview":"max-image-preview:large","max-video-preview":"max-video-preview:-1"},"canonical":"https:\/\/memurunsesi.net\/index.php\/2026\/02\/19\/yokten-idari-personelin-becayis-uygulamasina-iliskin-aciklama-9-bin-882-basvuru-yapildi\/","og_locale":"tr_TR","og_type":"article","og_title":"Y\u00d6K\u2019ten \u0130dari Personelin Becayi\u015f Uygulamas\u0131na \u0130li\u015fkin A\u00e7\u0131klama: 9 Bin 882 Ba\u015fvuru Yap\u0131ld\u0131 - Memurun Sesi","og_description":"Y\u00fcksek\u00f6\u011fretim Kurulu Ba\u015fkanl\u0131\u011f\u0131 (Y\u00d6K), Talih \u00d6zcan taraf\u0131ndan idari personelin kurumlar aras\u0131 kar\u015f\u0131l\u0131kl\u0131 yer de\u011fi\u015fikli\u011fi (becayi\u015f)","og_url":"https:\/\/memurunsesi.net\/index.php\/2026\/02\/19\/yokten-idari-personelin-becayis-uygulamasina-iliskin-aciklama-9-bin-882-basvuru-yapildi\/","og_site_name":"Memurun Sesi","article_publisher":"https:\/\/www.facebook.com\/unipersen\/?locale=tr_TR","article_published_time":"2026-02-19T17:52:22+00:00","article_modified_time":"2026-02-19T17:52:31+00:00","og_image":[{"width":1064,"height":857,"url":"https:\/\/memurunsesi.net\/wp-content\/uploads\/2026\/02\/yer-degisikligi.jpeg","type":"image\/jpeg"}],"author":"Memurun Sesi Haber Merkezi","twitter_card":"summary_large_image","twitter_creator":"@unipersen","twitter_site":"@unipersen","twitter_misc":{"Yazan:":"Memurun Sesi Haber Merkezi","Tahmini okuma s\u00fcresi":"3 dakika"},"schema":{"@context":"https:\/\/schema.org","@graph":[{"@type":"Article","@id":"https:\/\/memurunsesi.net\/index.php\/2026\/02\/19\/yokten-idari-personelin-becayis-uygulamasina-iliskin-aciklama-9-bin-882-basvuru-yapildi\/#article","isPartOf":{"@id":"https:\/\/memurunsesi.net\/index.php\/2026\/02\/19\/yokten-idari-personelin-becayis-uygulamasina-iliskin-aciklama-9-bin-882-basvuru-yapildi\/"},"author":{"name":"Memurun Sesi Haber Merkezi","@id":"https:\/\/memurunsesi.net\/#\/schema\/person\/f21c2d73b89f6ee1d80b0a1803e38587"},"headline":"Y\u00d6K\u2019ten \u0130dari Personelin Becayi\u015f Uygulamas\u0131na \u0130li\u015fkin A\u00e7\u0131klama: 9 Bin 882 Ba\u015fvuru Yap\u0131ld\u0131","datePublished":"2026-02-19T17:52:22+00:00","dateModified":"2026-02-19T17:52:31+00:00","mainEntityOfPage":{"@id":"https:\/\/memurunsesi.net\/index.php\/2026\/02\/19\/yokten-idari-personelin-becayis-uygulamasina-iliskin-aciklama-9-bin-882-basvuru-yapildi\/"},"wordCount":560,"commentCount":0,"publisher":{"@id":"https:\/\/memurunsesi.net\/#organization"},"image":{"@id":"https:\/\/memurunsesi.net\/index.php\/2026\/02\/19\/yokten-idari-personelin-becayis-uygulamasina-iliskin-aciklama-9-bin-882-basvuru-yapildi\/#primaryimage"},"thumbnailUrl":"https:\/\/memurunsesi.net\/wp-content\/uploads\/2026\/02\/yer-degisikligi.jpeg","keywords":["becayi\u015f","idari personel","memu","y\u00fcksek \u00f6\u011fretim kurulu"],"articleSection":{"1":"\u00dcniversiteden Haberler"},"inLanguage":"tr","potentialAction":[{"@type":"CommentAction","name":"Comment","target":["https:\/\/memurunsesi.net\/index.php\/2026\/02\/19\/yokten-idari-personelin-becayis-uygulamasina-iliskin-aciklama-9-bin-882-basvuru-yapildi\/#respond"]}]},{"@type":"WebPage","@id":"https:\/\/memurunsesi.net\/index.php\/2026\/02\/19\/yokten-idari-personelin-becayis-uygulamasina-iliskin-aciklama-9-bin-882-basvuru-yapildi\/","url":"https:\/\/memurunsesi.net\/index.php\/2026\/02\/19\/yokten-idari-personelin-becayis-uygulamasina-iliskin-aciklama-9-bin-882-basvuru-yapildi\/","name":"Y\u00d6K\u2019ten \u0130dari Personelin Becayi\u015f Uygulamas\u0131na \u0130li\u015fkin A\u00e7\u0131klama: 9 Bin 882 Ba\u015fvuru Yap\u0131ld\u0131 - Memurun Sesi","isPartOf":{"@id":"https:\/\/memurunsesi.net\/#website"},"primaryImageOfPage":{"@id":"https:\/\/memurunsesi.net\/index.php\/2026\/02\/19\/yokten-idari-personelin-becayis-uygulamasina-iliskin-aciklama-9-bin-882-basvuru-yapildi\/#primaryimage"},"image":{"@id":"https:\/\/memurunsesi.net\/index.php\/2026\/02\/19\/yokten-idari-personelin-becayis-uygulamasina-iliskin-aciklama-9-bin-882-basvuru-yapildi\/#primaryimage"},"thumbnailUrl":"https:\/\/memurunsesi.net\/wp-content\/uploads\/2026\/02\/yer-degisikligi.jpeg","datePublished":"2026-02-19T17:52:22+00:00","dateModified":"2026-02-19T17:52:31+00:00","description":"Y\u00fcksek\u00f6\u011fretim Kurulu Ba\u015fkanl\u0131\u011f\u0131 (Y\u00d6K), Talih \u00d6zcan taraf\u0131ndan idari personelin kurumlar aras\u0131 kar\u015f\u0131l\u0131kl\u0131 yer de\u011fi\u015fikli\u011fi (becayi\u015f)","breadcrumb":{"@id":"https:\/\/memurunsesi.net\/index.php\/2026\/02\/19\/yokten-idari-personelin-becayis-uygulamasina-iliskin-aciklama-9-bin-882-basvuru-yapildi\/#breadcrumb"},"inLanguage":"tr","potentialAction":[{"@type":"ReadAction","target":["https:\/\/memurunsesi.net\/index.php\/2026\/02\/19\/yokten-idari-personelin-becayis-uygulamasina-iliskin-aciklama-9-bin-882-basvuru-yapildi\/"]}]},{"@type":"ImageObject","inLanguage":"tr","@id":"https:\/\/memurunsesi.net\/index.php\/2026\/02\/19\/yokten-idari-personelin-becayis-uygulamasina-iliskin-aciklama-9-bin-882-basvuru-yapildi\/#primaryimage","url":"https:\/\/memurunsesi.net\/wp-content\/uploads\/2026\/02\/yer-degisikligi.jpeg","contentUrl":"https:\/\/memurunsesi.net\/wp-content\/uploads\/2026\/02\/yer-degisikligi.jpeg","width":1064,"height":857},{"@type":"BreadcrumbList","@id":"https:\/\/memurunsesi.net\/index.php\/2026\/02\/19\/yokten-idari-personelin-becayis-uygulamasina-iliskin-aciklama-9-bin-882-basvuru-yapildi\/#breadcrumb","itemListElement":[{"@type":"ListItem","position":1,"name":"Anasayfa","item":"https:\/\/memurunsesi.net\/"},{"@type":"ListItem","position":2,"name":"Y\u00d6K\u2019ten \u0130dari Personelin Becayi\u015f Uygulamas\u0131na \u0130li\u015fkin A\u00e7\u0131klama: 9 Bin 882 Ba\u015fvuru Yap\u0131ld\u0131"}]},{"@type":"WebSite","@id":"https:\/\/memurunsesi.net\/#website","url":"https:\/\/memurunsesi.net\/","name":"Memurun Sesi","description":"G\u00fcncel ve Do\u011fru Haber","publisher":{"@id":"https:\/\/memurunsesi.net\/#organization"},"potentialAction":[{"@type":"SearchAction","target":{"@type":"EntryPoint","urlTemplate":"https:\/\/memurunsesi.net\/?s={search_term_string}"},"query-input":{"@type":"PropertyValueSpecification","valueRequired":true,"valueName":"search_term_string"}}],"inLanguage":"tr"},{"@type":"Organization","@id":"https:\/\/memurunsesi.net\/#organization","name":"Memurun Sesi","url":"https:\/\/memurunsesi.net\/","logo":{"@type":"ImageObject","inLanguage":"tr","@id":"https:\/\/memurunsesi.net\/#\/schema\/logo\/image\/","url":"https:\/\/memurunsesi.net\/wp-content\/uploads\/2025\/11\/cropped-MEMURUN-SESI.png","contentUrl":"https:\/\/memurunsesi.net\/wp-content\/uploads\/2025\/11\/cropped-MEMURUN-SESI.png","width":238,"height":57,"caption":"Memurun Sesi"},"image":{"@id":"https:\/\/memurunsesi.net\/#\/schema\/logo\/image\/"},"sameAs":["https:\/\/www.facebook.com\/unipersen\/?locale=tr_TR","https:\/\/x.com\/unipersen"]},{"@type":"Person","@id":"https:\/\/memurunsesi.net\/#\/schema\/person\/f21c2d73b89f6ee1d80b0a1803e38587","name":"Memurun Sesi Haber Merkezi","image":{"@type":"ImageObject","inLanguage":"tr","@id":"https:\/\/secure.gravatar.com\/avatar\/6cf0505f452ee753f485014986fab09a434671d2b919ee76fc541025c5876a70?s=96&d=mm&r=g","url":"https:\/\/secure.gravatar.com\/avatar\/6cf0505f452ee753f485014986fab09a434671d2b919ee76fc541025c5876a70?s=96&d=mm&r=g","contentUrl":"https:\/\/secure.gravatar.com\/avatar\/6cf0505f452ee753f485014986fab09a434671d2b919ee76fc541025c5876a70?s=96&d=mm&r=g","caption":"Memurun Sesi Haber Merkezi"},"sameAs":["https:\/\/memurunsesi.net"],"url":"https:\/\/memurunsesi.net\/index.php\/author\/uniper\/"}]}},"_links":{"self":[{"href":"https:\/\/memurunsesi.net\/index.php\/wp-json\/wp\/v2\/posts\/17621","targetHints":{"allow":["GET"]}}],"collection":[{"href":"https:\/\/memurunsesi.net\/index.php\/wp-json\/wp\/v2\/posts"}],"about":[{"href":"https:\/\/memurunsesi.net\/index.php\/wp-json\/wp\/v2\/types\/post"}],"author":[{"embeddable":true,"href":"https:\/\/memurunsesi.net\/index.php\/wp-json\/wp\/v2\/users\/1"}],"replies":[{"embeddable":true,"href":"https:\/\/memurunsesi.net\/index.php\/wp-json\/wp\/v2\/comments?post=17621"}],"version-history":[{"count":1,"href":"https:\/\/memurunsesi.net\/index.php\/wp-json\/wp\/v2\/posts\/17621\/revisions"}],"predecessor-version":[{"id":17623,"href":"https:\/\/memurunsesi.net\/index.php\/wp-json\/wp\/v2\/posts\/17621\/revisions\/17623"}],"wp:featuredmedia":[{"embeddable":true,"href":"https:\/\/memurunsesi.net\/index.php\/wp-json\/wp\/v2\/media\/17622"}],"wp:attachment":[{"href":"https:\/\/memurunsesi.net\/index.php\/wp-json\/wp\/v2\/media?parent=17621"}],"wp:term":[{"taxonomy":"category","embeddable":true,"href":"https:\/\/memurunsesi.net\/index.php\/wp-json\/wp\/v2\/categories?post=17621"},{"taxonomy":"post_tag","embeddable":true,"href":"https:\/\/memurunsesi.net\/index.php\/wp-json\/wp\/v2\/tags?post=17621"}],"curies":[{"name":"wp","href":"https:\/\/api.w.org\/{rel}","templated":true}]}}