{"id":17670,"date":"2026-02-21T19:06:22","date_gmt":"2026-02-21T16:06:22","guid":{"rendered":"https:\/\/memurunsesi.net\/?p=17670"},"modified":"2026-02-21T19:06:22","modified_gmt":"2026-02-21T16:06:22","slug":"diyarbakirda-arazide-erkek-cesedi-bulundu","status":"publish","type":"post","link":"https:\/\/memurunsesi.net\/index.php\/2026\/02\/21\/diyarbakirda-arazide-erkek-cesedi-bulundu\/","title":{"rendered":"Diyarbak\u0131r\u2019da arazide erkek cesedi bulundu"},"content":{"rendered":"<p>Diyarbak\u0131r&#8217;\u0131n merkez Sur il\u00e7esinde arazide silahla ba\u015f\u0131ndan vurulmu\u015f erkek cesedi bulundu. Olayla ilgili 1 ki\u015fi g\u00f6zalt\u0131na al\u0131nd\u0131.<br \/>\nEdinilen bilgilere g\u00f6re, Kervanp\u0131nar Mahallesi&#8217;nde d\u00fcn 23.50 s\u0131ralar\u0131nda arazide silahla ba\u015f\u0131ndan vurulmu\u015f erkek cesedi oldu\u011fu ihbar\u0131 \u00fczerine olay yerine polis ve jandarma ekipleri sevk edildi. Ekiplerce yap\u0131lan incelemede, cesedin Kadir \u00d6ncel (29) ait oldu\u011fu belirlendi.<br \/>\nOlaya ili\u015fkin \u015f\u00fcpheli S.A. (44) yakaland\u0131. Jandarma Su\u00e7 Ara\u015ft\u0131rma Timlerince y\u00fcr\u00fct\u00fclen \u00e7al\u0131\u015fmada, Bismil&#8217;e ba\u011fl\u0131 K\u00f6seli Mahallesi&#8217;nde bir kahvehanede ya\u015fanan tart\u0131\u015fman\u0131n ard\u0131ndan S.A&#8217;n\u0131n (44) takip etti\u011fi Kadir \u00d6&#8217;y\u00fc arac\u0131na binerken silahla \u00f6ld\u00fcrd\u00fc\u011f\u00fc ve cesedi araziye b\u0131rakt\u0131\u011f\u0131 belirlendi. Zanl\u0131n\u0131n jandarmadaki i\u015flemleri s\u00fcr\u00fcyor.<\/p>\n<p>21.02.2026<\/p>\n","protected":false},"excerpt":{"rendered":"<p>Diyarbak\u0131r&#8217;\u0131n merkez Sur il\u00e7esinde arazide silahla ba\u015f\u0131ndan vurulmu\u015f erkek cesedi bulundu. Olayla ilgili 1 ki\u015fi g\u00f6zalt\u0131na al\u0131nd\u0131. Edinilen bilgilere g\u00f6re, Kervanp\u0131nar Mahallesi&#8217;nde d\u00fcn 23.50 s\u0131ralar\u0131nda arazide silahla ba\u015f\u0131ndan vurulmu\u015f erkek cesedi oldu\u011fu ihbar\u0131 \u00fczerine olay yerine polis ve jandarma ekipleri sevk edildi. Ekiplerce yap\u0131lan incelemede, cesedin Kadir \u00d6ncel (29) ait oldu\u011fu belirlendi. Olaya ili\u015fkin \u015f\u00fcpheli [&hellip;]<\/p>\n","protected":false},"author":1,"featured_media":17671,"comment_status":"open","ping_status":"open","sticky":false,"template":"","format":"standard","meta":{"footnotes":""},"categories":[50],"tags":[228,1293],"class_list":["post-17670","post","type-post","status-publish","format-standard","has-post-thumbnail","hentry","category-tum-haberler","tag-arazi","tag-erkek-cesedi"],"yoast_head":"<!-- This site is optimized with the Yoast SEO plugin v27.4 - https:\/\/yoast.com\/product\/yoast-seo-wordpress\/ -->\n<title>Diyarbak\u0131r\u2019da arazide erkek cesedi bulundu - Memurun Sesi<\/title>\n<meta name=\"description\" content=\"Diyarbak\u0131r&#039;\u0131n merkez Sur il\u00e7esinde arazide silahla ba\u015f\u0131ndan vurulmu\u015f erkek cesedi bulundu. Olayla ilgili 1 ki\u015fi g\u00f6zalt\u0131na al\u0131nd\u0131.\" \/>\n<meta name=\"robots\" content=\"index, follow, max-snippet:-1, max-image-preview:large, max-video-preview:-1\" \/>\n<link rel=\"canonical\" href=\"https:\/\/memurunsesi.net\/index.php\/2026\/02\/21\/diyarbakirda-arazide-erkek-cesedi-bulundu\/\" \/>\n<meta property=\"og:locale\" content=\"tr_TR\" \/>\n<meta property=\"og:type\" content=\"article\" \/>\n<meta property=\"og:title\" content=\"Diyarbak\u0131r\u2019da arazide erkek cesedi bulundu - Memurun Sesi\" \/>\n<meta property=\"og:description\" content=\"Diyarbak\u0131r&#039;\u0131n merkez Sur il\u00e7esinde arazide silahla ba\u015f\u0131ndan vurulmu\u015f erkek cesedi bulundu. Olayla ilgili 1 ki\u015fi g\u00f6zalt\u0131na al\u0131nd\u0131.\" \/>\n<meta property=\"og:url\" content=\"https:\/\/memurunsesi.net\/index.php\/2026\/02\/21\/diyarbakirda-arazide-erkek-cesedi-bulundu\/\" \/>\n<meta property=\"og:site_name\" content=\"Memurun Sesi\" \/>\n<meta property=\"article:publisher\" content=\"https:\/\/www.facebook.com\/unipersen\/?locale=tr_TR\" \/>\n<meta property=\"article:published_time\" content=\"2026-02-21T16:06:22+00:00\" \/>\n<meta property=\"og:image\" content=\"https:\/\/memurunsesi.net\/wp-content\/uploads\/2026\/02\/cesed.jpg\" \/>\n\t<meta property=\"og:image:width\" content=\"720\" \/>\n\t<meta property=\"og:image:height\" content=\"573\" \/>\n\t<meta property=\"og:image:type\" content=\"image\/jpeg\" \/>\n<meta name=\"author\" content=\"Memurun Sesi Haber Merkezi\" \/>\n<meta name=\"twitter:card\" content=\"summary_large_image\" \/>\n<meta name=\"twitter:creator\" content=\"@unipersen\" \/>\n<meta name=\"twitter:site\" content=\"@unipersen\" \/>\n<meta name=\"twitter:label1\" content=\"Yazan:\" \/>\n\t<meta name=\"twitter:data1\" content=\"Memurun Sesi Haber Merkezi\" \/>\n\t<meta name=\"twitter:label2\" content=\"Tahmini okuma s\u00fcresi\" \/>\n\t<meta name=\"twitter:data2\" content=\"1 dakika\" \/>\n<script type=\"application\/ld+json\" class=\"yoast-schema-graph\">{\"@context\":\"https:\\\/\\\/schema.org\",\"@graph\":[{\"@type\":\"Article\",\"@id\":\"https:\\\/\\\/memurunsesi.net\\\/index.php\\\/2026\\\/02\\\/21\\\/diyarbakirda-arazide-erkek-cesedi-bulundu\\\/#article\",\"isPartOf\":{\"@id\":\"https:\\\/\\\/memurunsesi.net\\\/index.php\\\/2026\\\/02\\\/21\\\/diyarbakirda-arazide-erkek-cesedi-bulundu\\\/\"},\"author\":{\"name\":\"Memurun Sesi Haber Merkezi\",\"@id\":\"https:\\\/\\\/memurunsesi.net\\\/#\\\/schema\\\/person\\\/f21c2d73b89f6ee1d80b0a1803e38587\"},\"headline\":\"Diyarbak\u0131r\u2019da arazide erkek cesedi bulundu\",\"datePublished\":\"2026-02-21T16:06:22+00:00\",\"mainEntityOfPage\":{\"@id\":\"https:\\\/\\\/memurunsesi.net\\\/index.php\\\/2026\\\/02\\\/21\\\/diyarbakirda-arazide-erkek-cesedi-bulundu\\\/\"},\"wordCount\":140,\"commentCount\":0,\"publisher\":{\"@id\":\"https:\\\/\\\/memurunsesi.net\\\/#organization\"},\"image\":{\"@id\":\"https:\\\/\\\/memurunsesi.net\\\/index.php\\\/2026\\\/02\\\/21\\\/diyarbakirda-arazide-erkek-cesedi-bulundu\\\/#primaryimage\"},\"thumbnailUrl\":\"https:\\\/\\\/memurunsesi.net\\\/wp-content\\\/uploads\\\/2026\\\/02\\\/cesed.jpg\",\"keywords\":[\"arazi\",\"erkek cesedi\"],\"articleSection\":[\"T\u00fcm Haberler\"],\"inLanguage\":\"tr\",\"potentialAction\":[{\"@type\":\"CommentAction\",\"name\":\"Comment\",\"target\":[\"https:\\\/\\\/memurunsesi.net\\\/index.php\\\/2026\\\/02\\\/21\\\/diyarbakirda-arazide-erkek-cesedi-bulundu\\\/#respond\"]}]},{\"@type\":\"WebPage\",\"@id\":\"https:\\\/\\\/memurunsesi.net\\\/index.php\\\/2026\\\/02\\\/21\\\/diyarbakirda-arazide-erkek-cesedi-bulundu\\\/\",\"url\":\"https:\\\/\\\/memurunsesi.net\\\/index.php\\\/2026\\\/02\\\/21\\\/diyarbakirda-arazide-erkek-cesedi-bulundu\\\/\",\"name\":\"Diyarbak\u0131r\u2019da arazide erkek cesedi bulundu - Memurun Sesi\",\"isPartOf\":{\"@id\":\"https:\\\/\\\/memurunsesi.net\\\/#website\"},\"primaryImageOfPage\":{\"@id\":\"https:\\\/\\\/memurunsesi.net\\\/index.php\\\/2026\\\/02\\\/21\\\/diyarbakirda-arazide-erkek-cesedi-bulundu\\\/#primaryimage\"},\"image\":{\"@id\":\"https:\\\/\\\/memurunsesi.net\\\/index.php\\\/2026\\\/02\\\/21\\\/diyarbakirda-arazide-erkek-cesedi-bulundu\\\/#primaryimage\"},\"thumbnailUrl\":\"https:\\\/\\\/memurunsesi.net\\\/wp-content\\\/uploads\\\/2026\\\/02\\\/cesed.jpg\",\"datePublished\":\"2026-02-21T16:06:22+00:00\",\"description\":\"Diyarbak\u0131r'\u0131n merkez Sur il\u00e7esinde arazide silahla ba\u015f\u0131ndan vurulmu\u015f erkek cesedi bulundu. Olayla ilgili 1 ki\u015fi g\u00f6zalt\u0131na al\u0131nd\u0131.\",\"breadcrumb\":{\"@id\":\"https:\\\/\\\/memurunsesi.net\\\/index.php\\\/2026\\\/02\\\/21\\\/diyarbakirda-arazide-erkek-cesedi-bulundu\\\/#breadcrumb\"},\"inLanguage\":\"tr\",\"potentialAction\":[{\"@type\":\"ReadAction\",\"target\":[\"https:\\\/\\\/memurunsesi.net\\\/index.php\\\/2026\\\/02\\\/21\\\/diyarbakirda-arazide-erkek-cesedi-bulundu\\\/\"]}]},{\"@type\":\"ImageObject\",\"inLanguage\":\"tr\",\"@id\":\"https:\\\/\\\/memurunsesi.net\\\/index.php\\\/2026\\\/02\\\/21\\\/diyarbakirda-arazide-erkek-cesedi-bulundu\\\/#primaryimage\",\"url\":\"https:\\\/\\\/memurunsesi.net\\\/wp-content\\\/uploads\\\/2026\\\/02\\\/cesed.jpg\",\"contentUrl\":\"https:\\\/\\\/memurunsesi.net\\\/wp-content\\\/uploads\\\/2026\\\/02\\\/cesed.jpg\",\"width\":720,\"height\":573,\"caption\":\"D\u0130YARBAKIR'IN MERKEZ SUR \u0130L\u00c7ES\u0130NDE ARAZ\u0130DE S\u0130LAHLA BA\u015eINDAN VURULMU\u015e ERKEK CESED\u0130 BULUNDU. (RIDVAN KILI\u00c7\\\/D\u0130YARBAKIR-\u0130HA) Diyarbak\u0131r'\u0131n merkez Sur il\u00e7esinde arazide silahla ba\u015f\u0131ndan vurulmu\u015f erkek cesedi bulundu. Olayla ilgili 1 ki\u015fi g\u00f6zalt\u0131na al\u0131nd\u0131.\"},{\"@type\":\"BreadcrumbList\",\"@id\":\"https:\\\/\\\/memurunsesi.net\\\/index.php\\\/2026\\\/02\\\/21\\\/diyarbakirda-arazide-erkek-cesedi-bulundu\\\/#breadcrumb\",\"itemListElement\":[{\"@type\":\"ListItem\",\"position\":1,\"name\":\"Anasayfa\",\"item\":\"https:\\\/\\\/memurunsesi.net\\\/\"},{\"@type\":\"ListItem\",\"position\":2,\"name\":\"Diyarbak\u0131r\u2019da arazide erkek cesedi bulundu\"}]},{\"@type\":\"WebSite\",\"@id\":\"https:\\\/\\\/memurunsesi.net\\\/#website\",\"url\":\"https:\\\/\\\/memurunsesi.net\\\/\",\"name\":\"Memurun Sesi\",\"description\":\"G\u00fcncel ve Do\u011fru Haber\",\"publisher\":{\"@id\":\"https:\\\/\\\/memurunsesi.net\\\/#organization\"},\"potentialAction\":[{\"@type\":\"SearchAction\",\"target\":{\"@type\":\"EntryPoint\",\"urlTemplate\":\"https:\\\/\\\/memurunsesi.net\\\/?s={search_term_string}\"},\"query-input\":{\"@type\":\"PropertyValueSpecification\",\"valueRequired\":true,\"valueName\":\"search_term_string\"}}],\"inLanguage\":\"tr\"},{\"@type\":\"Organization\",\"@id\":\"https:\\\/\\\/memurunsesi.net\\\/#organization\",\"name\":\"Memurun Sesi\",\"url\":\"https:\\\/\\\/memurunsesi.net\\\/\",\"logo\":{\"@type\":\"ImageObject\",\"inLanguage\":\"tr\",\"@id\":\"https:\\\/\\\/memurunsesi.net\\\/#\\\/schema\\\/logo\\\/image\\\/\",\"url\":\"https:\\\/\\\/memurunsesi.net\\\/wp-content\\\/uploads\\\/2025\\\/11\\\/cropped-MEMURUN-SESI.png\",\"contentUrl\":\"https:\\\/\\\/memurunsesi.net\\\/wp-content\\\/uploads\\\/2025\\\/11\\\/cropped-MEMURUN-SESI.png\",\"width\":238,\"height\":57,\"caption\":\"Memurun Sesi\"},\"image\":{\"@id\":\"https:\\\/\\\/memurunsesi.net\\\/#\\\/schema\\\/logo\\\/image\\\/\"},\"sameAs\":[\"https:\\\/\\\/www.facebook.com\\\/unipersen\\\/?locale=tr_TR\",\"https:\\\/\\\/x.com\\\/unipersen\"]},{\"@type\":\"Person\",\"@id\":\"https:\\\/\\\/memurunsesi.net\\\/#\\\/schema\\\/person\\\/f21c2d73b89f6ee1d80b0a1803e38587\",\"name\":\"Memurun Sesi Haber Merkezi\",\"image\":{\"@type\":\"ImageObject\",\"inLanguage\":\"tr\",\"@id\":\"https:\\\/\\\/secure.gravatar.com\\\/avatar\\\/6cf0505f452ee753f485014986fab09a434671d2b919ee76fc541025c5876a70?s=96&d=mm&r=g\",\"url\":\"https:\\\/\\\/secure.gravatar.com\\\/avatar\\\/6cf0505f452ee753f485014986fab09a434671d2b919ee76fc541025c5876a70?s=96&d=mm&r=g\",\"contentUrl\":\"https:\\\/\\\/secure.gravatar.com\\\/avatar\\\/6cf0505f452ee753f485014986fab09a434671d2b919ee76fc541025c5876a70?s=96&d=mm&r=g\",\"caption\":\"Memurun Sesi Haber Merkezi\"},\"sameAs\":[\"https:\\\/\\\/memurunsesi.net\"],\"url\":\"https:\\\/\\\/memurunsesi.net\\\/index.php\\\/author\\\/uniper\\\/\"}]}<\/script>\n<!-- \/ Yoast SEO plugin. -->","yoast_head_json":{"title":"Diyarbak\u0131r\u2019da arazide erkek cesedi bulundu - Memurun Sesi","description":"Diyarbak\u0131r'\u0131n merkez Sur il\u00e7esinde arazide silahla ba\u015f\u0131ndan vurulmu\u015f erkek cesedi bulundu. Olayla ilgili 1 ki\u015fi g\u00f6zalt\u0131na al\u0131nd\u0131.","robots":{"index":"index","follow":"follow","max-snippet":"max-snippet:-1","max-image-preview":"max-image-preview:large","max-video-preview":"max-video-preview:-1"},"canonical":"https:\/\/memurunsesi.net\/index.php\/2026\/02\/21\/diyarbakirda-arazide-erkek-cesedi-bulundu\/","og_locale":"tr_TR","og_type":"article","og_title":"Diyarbak\u0131r\u2019da arazide erkek cesedi bulundu - Memurun Sesi","og_description":"Diyarbak\u0131r'\u0131n merkez Sur il\u00e7esinde arazide silahla ba\u015f\u0131ndan vurulmu\u015f erkek cesedi bulundu. Olayla ilgili 1 ki\u015fi g\u00f6zalt\u0131na al\u0131nd\u0131.","og_url":"https:\/\/memurunsesi.net\/index.php\/2026\/02\/21\/diyarbakirda-arazide-erkek-cesedi-bulundu\/","og_site_name":"Memurun Sesi","article_publisher":"https:\/\/www.facebook.com\/unipersen\/?locale=tr_TR","article_published_time":"2026-02-21T16:06:22+00:00","og_image":[{"width":720,"height":573,"url":"https:\/\/memurunsesi.net\/wp-content\/uploads\/2026\/02\/cesed.jpg","type":"image\/jpeg"}],"author":"Memurun Sesi Haber Merkezi","twitter_card":"summary_large_image","twitter_creator":"@unipersen","twitter_site":"@unipersen","twitter_misc":{"Yazan:":"Memurun Sesi Haber Merkezi","Tahmini okuma s\u00fcresi":"1 dakika"},"schema":{"@context":"https:\/\/schema.org","@graph":[{"@type":"Article","@id":"https:\/\/memurunsesi.net\/index.php\/2026\/02\/21\/diyarbakirda-arazide-erkek-cesedi-bulundu\/#article","isPartOf":{"@id":"https:\/\/memurunsesi.net\/index.php\/2026\/02\/21\/diyarbakirda-arazide-erkek-cesedi-bulundu\/"},"author":{"name":"Memurun Sesi Haber Merkezi","@id":"https:\/\/memurunsesi.net\/#\/schema\/person\/f21c2d73b89f6ee1d80b0a1803e38587"},"headline":"Diyarbak\u0131r\u2019da arazide erkek cesedi bulundu","datePublished":"2026-02-21T16:06:22+00:00","mainEntityOfPage":{"@id":"https:\/\/memurunsesi.net\/index.php\/2026\/02\/21\/diyarbakirda-arazide-erkek-cesedi-bulundu\/"},"wordCount":140,"commentCount":0,"publisher":{"@id":"https:\/\/memurunsesi.net\/#organization"},"image":{"@id":"https:\/\/memurunsesi.net\/index.php\/2026\/02\/21\/diyarbakirda-arazide-erkek-cesedi-bulundu\/#primaryimage"},"thumbnailUrl":"https:\/\/memurunsesi.net\/wp-content\/uploads\/2026\/02\/cesed.jpg","keywords":["arazi","erkek cesedi"],"articleSection":["T\u00fcm Haberler"],"inLanguage":"tr","potentialAction":[{"@type":"CommentAction","name":"Comment","target":["https:\/\/memurunsesi.net\/index.php\/2026\/02\/21\/diyarbakirda-arazide-erkek-cesedi-bulundu\/#respond"]}]},{"@type":"WebPage","@id":"https:\/\/memurunsesi.net\/index.php\/2026\/02\/21\/diyarbakirda-arazide-erkek-cesedi-bulundu\/","url":"https:\/\/memurunsesi.net\/index.php\/2026\/02\/21\/diyarbakirda-arazide-erkek-cesedi-bulundu\/","name":"Diyarbak\u0131r\u2019da arazide erkek cesedi bulundu - Memurun Sesi","isPartOf":{"@id":"https:\/\/memurunsesi.net\/#website"},"primaryImageOfPage":{"@id":"https:\/\/memurunsesi.net\/index.php\/2026\/02\/21\/diyarbakirda-arazide-erkek-cesedi-bulundu\/#primaryimage"},"image":{"@id":"https:\/\/memurunsesi.net\/index.php\/2026\/02\/21\/diyarbakirda-arazide-erkek-cesedi-bulundu\/#primaryimage"},"thumbnailUrl":"https:\/\/memurunsesi.net\/wp-content\/uploads\/2026\/02\/cesed.jpg","datePublished":"2026-02-21T16:06:22+00:00","description":"Diyarbak\u0131r'\u0131n merkez Sur il\u00e7esinde arazide silahla ba\u015f\u0131ndan vurulmu\u015f erkek cesedi bulundu. Olayla ilgili 1 ki\u015fi g\u00f6zalt\u0131na al\u0131nd\u0131.","breadcrumb":{"@id":"https:\/\/memurunsesi.net\/index.php\/2026\/02\/21\/diyarbakirda-arazide-erkek-cesedi-bulundu\/#breadcrumb"},"inLanguage":"tr","potentialAction":[{"@type":"ReadAction","target":["https:\/\/memurunsesi.net\/index.php\/2026\/02\/21\/diyarbakirda-arazide-erkek-cesedi-bulundu\/"]}]},{"@type":"ImageObject","inLanguage":"tr","@id":"https:\/\/memurunsesi.net\/index.php\/2026\/02\/21\/diyarbakirda-arazide-erkek-cesedi-bulundu\/#primaryimage","url":"https:\/\/memurunsesi.net\/wp-content\/uploads\/2026\/02\/cesed.jpg","contentUrl":"https:\/\/memurunsesi.net\/wp-content\/uploads\/2026\/02\/cesed.jpg","width":720,"height":573,"caption":"D\u0130YARBAKIR'IN MERKEZ SUR \u0130L\u00c7ES\u0130NDE ARAZ\u0130DE S\u0130LAHLA BA\u015eINDAN VURULMU\u015e ERKEK CESED\u0130 BULUNDU. (RIDVAN KILI\u00c7\/D\u0130YARBAKIR-\u0130HA) Diyarbak\u0131r'\u0131n merkez Sur il\u00e7esinde arazide silahla ba\u015f\u0131ndan vurulmu\u015f erkek cesedi bulundu. Olayla ilgili 1 ki\u015fi g\u00f6zalt\u0131na al\u0131nd\u0131."},{"@type":"BreadcrumbList","@id":"https:\/\/memurunsesi.net\/index.php\/2026\/02\/21\/diyarbakirda-arazide-erkek-cesedi-bulundu\/#breadcrumb","itemListElement":[{"@type":"ListItem","position":1,"name":"Anasayfa","item":"https:\/\/memurunsesi.net\/"},{"@type":"ListItem","position":2,"name":"Diyarbak\u0131r\u2019da arazide erkek cesedi bulundu"}]},{"@type":"WebSite","@id":"https:\/\/memurunsesi.net\/#website","url":"https:\/\/memurunsesi.net\/","name":"Memurun Sesi","description":"G\u00fcncel ve Do\u011fru Haber","publisher":{"@id":"https:\/\/memurunsesi.net\/#organization"},"potentialAction":[{"@type":"SearchAction","target":{"@type":"EntryPoint","urlTemplate":"https:\/\/memurunsesi.net\/?s={search_term_string}"},"query-input":{"@type":"PropertyValueSpecification","valueRequired":true,"valueName":"search_term_string"}}],"inLanguage":"tr"},{"@type":"Organization","@id":"https:\/\/memurunsesi.net\/#organization","name":"Memurun Sesi","url":"https:\/\/memurunsesi.net\/","logo":{"@type":"ImageObject","inLanguage":"tr","@id":"https:\/\/memurunsesi.net\/#\/schema\/logo\/image\/","url":"https:\/\/memurunsesi.net\/wp-content\/uploads\/2025\/11\/cropped-MEMURUN-SESI.png","contentUrl":"https:\/\/memurunsesi.net\/wp-content\/uploads\/2025\/11\/cropped-MEMURUN-SESI.png","width":238,"height":57,"caption":"Memurun Sesi"},"image":{"@id":"https:\/\/memurunsesi.net\/#\/schema\/logo\/image\/"},"sameAs":["https:\/\/www.facebook.com\/unipersen\/?locale=tr_TR","https:\/\/x.com\/unipersen"]},{"@type":"Person","@id":"https:\/\/memurunsesi.net\/#\/schema\/person\/f21c2d73b89f6ee1d80b0a1803e38587","name":"Memurun Sesi Haber Merkezi","image":{"@type":"ImageObject","inLanguage":"tr","@id":"https:\/\/secure.gravatar.com\/avatar\/6cf0505f452ee753f485014986fab09a434671d2b919ee76fc541025c5876a70?s=96&d=mm&r=g","url":"https:\/\/secure.gravatar.com\/avatar\/6cf0505f452ee753f485014986fab09a434671d2b919ee76fc541025c5876a70?s=96&d=mm&r=g","contentUrl":"https:\/\/secure.gravatar.com\/avatar\/6cf0505f452ee753f485014986fab09a434671d2b919ee76fc541025c5876a70?s=96&d=mm&r=g","caption":"Memurun Sesi Haber Merkezi"},"sameAs":["https:\/\/memurunsesi.net"],"url":"https:\/\/memurunsesi.net\/index.php\/author\/uniper\/"}]}},"_links":{"self":[{"href":"https:\/\/memurunsesi.net\/index.php\/wp-json\/wp\/v2\/posts\/17670","targetHints":{"allow":["GET"]}}],"collection":[{"href":"https:\/\/memurunsesi.net\/index.php\/wp-json\/wp\/v2\/posts"}],"about":[{"href":"https:\/\/memurunsesi.net\/index.php\/wp-json\/wp\/v2\/types\/post"}],"author":[{"embeddable":true,"href":"https:\/\/memurunsesi.net\/index.php\/wp-json\/wp\/v2\/users\/1"}],"replies":[{"embeddable":true,"href":"https:\/\/memurunsesi.net\/index.php\/wp-json\/wp\/v2\/comments?post=17670"}],"version-history":[{"count":1,"href":"https:\/\/memurunsesi.net\/index.php\/wp-json\/wp\/v2\/posts\/17670\/revisions"}],"predecessor-version":[{"id":17672,"href":"https:\/\/memurunsesi.net\/index.php\/wp-json\/wp\/v2\/posts\/17670\/revisions\/17672"}],"wp:featuredmedia":[{"embeddable":true,"href":"https:\/\/memurunsesi.net\/index.php\/wp-json\/wp\/v2\/media\/17671"}],"wp:attachment":[{"href":"https:\/\/memurunsesi.net\/index.php\/wp-json\/wp\/v2\/media?parent=17670"}],"wp:term":[{"taxonomy":"category","embeddable":true,"href":"https:\/\/memurunsesi.net\/index.php\/wp-json\/wp\/v2\/categories?post=17670"},{"taxonomy":"post_tag","embeddable":true,"href":"https:\/\/memurunsesi.net\/index.php\/wp-json\/wp\/v2\/tags?post=17670"}],"curies":[{"name":"wp","href":"https:\/\/api.w.org\/{rel}","templated":true}]}}