{"id":17768,"date":"2026-02-23T09:15:48","date_gmt":"2026-02-23T06:15:48","guid":{"rendered":"https:\/\/memurunsesi.net\/?p=17768"},"modified":"2026-02-23T09:15:48","modified_gmt":"2026-02-23T06:15:48","slug":"ogretmenlere-ek-ders-zammi-gundemde-bakan-tekinden-atama-ve-akademi-mesaji","status":"publish","type":"post","link":"https:\/\/memurunsesi.net\/index.php\/2026\/02\/23\/ogretmenlere-ek-ders-zammi-gundemde-bakan-tekinden-atama-ve-akademi-mesaji\/","title":{"rendered":"\u00d6\u011fretmenlere Ek Ders Zamm\u0131 G\u00fcndemde: Bakan Tekin\u2019den Atama ve Akademi Mesaj\u0131"},"content":{"rendered":"<p data-start=\"82\" data-end=\"392\">\u00a0 \u00a0 Milli E\u011fitim Bakan\u0131 <span class=\"hover:entity-accent entity-underline inline cursor-pointer align-baseline\"><span class=\"whitespace-normal\">Yusuf Tekin<\/span><\/span>, Erzurum\u2019da yapt\u0131\u011f\u0131 a\u00e7\u0131klamalarda \u00f6\u011fretmenlerin bekledi\u011fi ek ders \u00fccreti art\u0131\u015f\u0131yla ilgili de\u011ferlendirmelerde bulundu. Tekin, ek ders \u00fccretlerine ili\u015fkin d\u00fczenleme konusunda Hazine ve Maliye Bakanl\u0131\u011f\u0131 ile g\u00f6r\u00fc\u015fmelerin \u201cpaket\u201d halinde s\u00fcrd\u00fc\u011f\u00fcn\u00fc a\u00e7\u0131klad\u0131.<\/p>\n<h3 data-start=\"394\" data-end=\"435\">Ek ders \u00fccretlerinde art\u0131\u015f olacak m\u0131?<\/h3>\n<p data-start=\"437\" data-end=\"916\">Bakan Tekin, \u00f6\u011fretmenlerin ek ders \u00fccretlerine y\u00f6nelik beklentilerinin fark\u0131nda olduklar\u0131n\u0131 belirterek, konunun ilgili bakanl\u0131kla birlikte ele al\u0131nd\u0131\u011f\u0131n\u0131 ifade etti. Ek ders \u00fccretleri, 657 say\u0131l\u0131 Devlet Memurlar\u0131 Kanunu kapsam\u0131nda memur maa\u015f katsay\u0131s\u0131na ba\u011fl\u0131 olarak hesaplan\u0131yor. Bu nedenle Milli E\u011fitim Bakanl\u0131\u011f\u0131\u2019n\u0131n tek ba\u015f\u0131na zam yapma yetkisi bulunmuyor. Olas\u0131 bir art\u0131\u015f\u0131n toplu s\u00f6zle\u015fme s\u00fcreci ya da maa\u015f katsay\u0131s\u0131nda yap\u0131lacak d\u00fczenlemeyle m\u00fcmk\u00fcn olabilece\u011fi belirtiliyor.<\/p>\n<p data-start=\"918\" data-end=\"1120\">Tekin ayr\u0131ca \u015fube m\u00fcd\u00fcrleri, m\u00fcfetti\u015fler ve genel idare hizmetleri s\u0131n\u0131f\u0131na ge\u00e7en personelin uzman ve ba\u015f\u00f6\u011fretmenlik haklar\u0131na ili\u015fkin taleplerinin de ayn\u0131 paket kapsam\u0131nda de\u011ferlendirildi\u011fini kaydetti.<\/p>\n<h3 data-start=\"1122\" data-end=\"1164\">Milli E\u011fitim Akademisi\u2019nde yeni sistem<\/h3>\n<p data-start=\"1166\" data-end=\"1352\">Bakan Tekin\u2019in a\u00e7\u0131klamalar\u0131nda \u00f6ne \u00e7\u0131kan ba\u015fl\u0131klardan biri de Milli E\u011fitim Akademisi oldu. Yeni sistemle birlikte \u00f6\u011fretmen adaylar\u0131n\u0131n bran\u015f bazl\u0131 akademilerde e\u011fitim alaca\u011f\u0131 bildirildi.<\/p>\n<p data-start=\"1354\" data-end=\"1404\">Akademi s\u00fcrecine ili\u015fkin \u00f6ne \u00e7\u0131kan detaylar \u015f\u00f6yle:<\/p>\n<ul data-start=\"1406\" data-end=\"1669\">\n<li data-start=\"1406\" data-end=\"1448\">\n<p data-start=\"1408\" data-end=\"1448\">Akademiler bran\u015f baz\u0131nda uzmanla\u015facak.<\/p>\n<\/li>\n<li data-start=\"1449\" data-end=\"1528\">\n<p data-start=\"1451\" data-end=\"1528\">Konaklama imk\u00e2n\u0131 bulunan yerlerde adaylar akademi b\u00fcnyesinde bar\u0131nabilecek.<\/p>\n<\/li>\n<li data-start=\"1529\" data-end=\"1607\">\n<p data-start=\"1531\" data-end=\"1607\">\u0130mk\u00e2n olmayan b\u00f6lgelerde \u00f6\u011fretmenevleri ve uygulama otelleri kullan\u0131lacak.<\/p>\n<\/li>\n<li data-start=\"1608\" data-end=\"1669\">\n<p data-start=\"1610\" data-end=\"1669\">Adaylar kay\u0131t s\u0131ras\u0131nda konaklama taleplerini bildirecek.<\/p>\n<\/li>\n<\/ul>\n<p data-start=\"1671\" data-end=\"1816\">Tekin, akademi e\u011fitimini ba\u015far\u0131yla tamamlayan adaylar\u0131n her y\u0131l atanaca\u011f\u0131n\u0131 belirterek s\u00fcrecin d\u00fczenli ve planl\u0131 \u015fekilde i\u015fleyece\u011fini ifade etti.<\/p>\n<h3 data-start=\"1818\" data-end=\"1859\">Pansiyonlu okullarda kontenjan ayr\u0131m\u0131<\/h3>\n<p data-start=\"1861\" data-end=\"2231\">Bakan Tekin, \u00f6zellikle k\u00f6kl\u00fc liselerde pansiyon kapasitesine ili\u015fkin ya\u015fanan sorunlara da de\u011findi. Bu kapsamda okullarda kontenjanlar\u0131n \u201cpansiyonlu\u201d ve \u201cpansiyonsuz\u201d olarak ayr\u0131laca\u011f\u0131n\u0131 a\u00e7\u0131klad\u0131. \u00d6rne\u011fin 120 ki\u015filik kontenjan\u0131n 60\u2019\u0131n\u0131n yat\u0131l\u0131, 60\u2019\u0131n\u0131n g\u00fcnd\u00fczl\u00fc olarak planlanabilece\u011fi belirtildi. Uygulaman\u0131n detaylar\u0131n\u0131n LGS tercih k\u0131lavuzunda yer alaca\u011f\u0131 ifade edildi.<\/p>\n<h3 data-start=\"2233\" data-end=\"2279\">\u0130stanbul Erkek Lisesi\u2019ndeki Alman program\u0131<\/h3>\n<p data-start=\"2281\" data-end=\"2562\"><span class=\"hover:entity-accent entity-underline inline cursor-pointer align-baseline\"><span class=\"whitespace-normal\">\u0130stanbul Erkek Lisesi<\/span><\/span> b\u00fcnyesinde uygulanan Alman program\u0131na da de\u011finen Tekin, mevcut ikili anla\u015fmalarda bu program\u0131n a\u00e7\u0131k bir hukuki dayana\u011f\u0131n\u0131n bulunmad\u0131\u011f\u0131n\u0131 s\u00f6yledi. Almanya ile yeni ve g\u00fcncel bir hukuki zeminin olu\u015fturulmas\u0131 i\u00e7in \u00e7al\u0131\u015fmalar\u0131n s\u00fcrd\u00fc\u011f\u00fcn\u00fc belirtti.<\/p>\n<h3 data-start=\"2564\" data-end=\"2593\">LGS\u2019de yeni nesil sorular<\/h3>\n<p data-start=\"2595\" data-end=\"2884\">Bakan Tekin, yeni m\u00fcfredata uygun \u00f6rnek sorular\u0131n MEB\u0130 ve EBA platformlar\u0131 \u00fczerinden yay\u0131mland\u0131\u011f\u0131n\u0131 aktard\u0131. 2026 y\u0131l\u0131 i\u00e7erisinde hem ortaokul hem de lise \u00f6\u011frencileri i\u00e7in yeni \u00f6rnek soru paketlerinin payla\u015f\u0131laca\u011f\u0131 bildirildi. Sorular\u0131n beceri temelli ve analiz odakl\u0131 olmas\u0131 hedefleniyor.<\/p>\n<h3 data-start=\"2886\" data-end=\"2917\">DYK kurslar\u0131 ve incelemeler<\/h3>\n<p data-start=\"2919\" data-end=\"3095\">Destekleme ve Yeti\u015ftirme Kursu (DYK) a\u00e7\u0131lmayan okullar\u0131n sistem \u00fczerinden analiz edildi\u011fini belirten Tekin, gerekli g\u00f6r\u00fclmesi halinde idari i\u015flem uygulanabilece\u011fini ifade etti.<\/p>\n<h3 data-start=\"3097\" data-end=\"3139\">2024 ve 2025 KPSS ile atama olacak m\u0131?<\/h3>\n<p data-start=\"3141\" data-end=\"3321\">Bakan Tekin, mahkeme kararlar\u0131 hari\u00e7 olmak \u00fczere 2024 KPSS ile yeni bir atama planlanmad\u0131\u011f\u0131n\u0131 a\u00e7\u0131klad\u0131. 2025 KPSS i\u00e7in ise \u015fu a\u015famada al\u0131nm\u0131\u015f iradi bir karar bulunmad\u0131\u011f\u0131n\u0131 s\u00f6yledi.<\/p>\n<h3 data-start=\"3323\" data-end=\"3349\">Ara tatil kalkacak m\u0131?<\/h3>\n<p data-start=\"3351\" data-end=\"3594\" data-is-last-node=\"\" data-is-only-node=\"\">2027 e\u011fitim \u00f6\u011fretim takvimi haz\u0131rlan\u0131rken resmi tatiller nedeniyle 180 i\u015f g\u00fcn\u00fcn\u00fcn tamamlanmas\u0131nda zorluk ya\u015fand\u0131\u011f\u0131n\u0131 belirten Tekin, ara tatil uygulamas\u0131na ili\u015fkin de\u011ferlendirmelerin s\u00fcrd\u00fc\u011f\u00fcn\u00fc ancak hen\u00fcz net bir karar al\u0131nmad\u0131\u011f\u0131n\u0131 ifade etti.<\/p>\n<p data-start=\"3351\" data-end=\"3594\" data-is-last-node=\"\" data-is-only-node=\"\">23.02.2026<\/p>\n","protected":false},"excerpt":{"rendered":"<p>\u00a0 \u00a0 Milli E\u011fitim Bakan\u0131 Yusuf Tekin, Erzurum\u2019da yapt\u0131\u011f\u0131 a\u00e7\u0131klamalarda \u00f6\u011fretmenlerin bekledi\u011fi ek ders \u00fccreti art\u0131\u015f\u0131yla ilgili de\u011ferlendirmelerde bulundu. Tekin, ek ders \u00fccretlerine ili\u015fkin d\u00fczenleme konusunda Hazine ve Maliye Bakanl\u0131\u011f\u0131 ile g\u00f6r\u00fc\u015fmelerin \u201cpaket\u201d halinde s\u00fcrd\u00fc\u011f\u00fcn\u00fc a\u00e7\u0131klad\u0131. Ek ders \u00fccretlerinde art\u0131\u015f olacak m\u0131? Bakan Tekin, \u00f6\u011fretmenlerin ek ders \u00fccretlerine y\u00f6nelik beklentilerinin fark\u0131nda olduklar\u0131n\u0131 belirterek, konunun ilgili [&hellip;]<\/p>\n","protected":false},"author":1,"featured_media":17769,"comment_status":"open","ping_status":"open","sticky":false,"template":"","format":"standard","meta":{"footnotes":""},"categories":[50],"tags":[1400,1391,1399,1396,1397,1393,1394,1395,1392,1398,1390],"class_list":["post-17768","post","type-post","status-publish","format-standard","has-post-thumbnail","hentry","category-tum-haberler","tag-ara-tatil-kalkacak-mi","tag-ek-ders-zammi-2026","tag-istanbul-erkek-lisesi-alman-programi","tag-kpss-atama-aciklamasi","tag-lgs-yeni-duzenleme","tag-milli-egitim-akademisi","tag-ogretmen-atamalari-2024","tag-ogretmen-atamalari-2025","tag-ogretmen-ek-ders-ucreti-artisi","tag-pansiyonlu-okul-kontenjani","tag-yusuf-tekin"],"yoast_head":"<!-- This site is optimized with the Yoast SEO plugin v27.5 - https:\/\/yoast.com\/product\/yoast-seo-wordpress\/ -->\n<title>\u00d6\u011fretmenlere Ek Ders Zamm\u0131 G\u00fcndemde: Bakan Tekin\u2019den Atama ve Akademi Mesaj\u0131 - Memurun Sesi<\/title>\n<meta name=\"description\" content=\"Milli E\u011fitim Bakan\u0131 Yusuf Tekin, \u00f6\u011fretmenlere ek ders zamm\u0131 i\u00e7in Hazine ve Maliye ile g\u00f6r\u00fc\u015fmelerin s\u00fcrd\u00fc\u011f\u00fcn\u00fc a\u00e7\u0131klad\u0131. Milli E\u011fitim Akademisi, atama takvimi, LGS d\u00fczenlemeleri ve pansiyonlu okullara ili\u015fkin yeni detaylar payla\u015f\u0131ld\u0131.\" \/>\n<meta name=\"robots\" content=\"index, follow, max-snippet:-1, max-image-preview:large, max-video-preview:-1\" \/>\n<link rel=\"canonical\" href=\"https:\/\/memurunsesi.net\/index.php\/2026\/02\/23\/ogretmenlere-ek-ders-zammi-gundemde-bakan-tekinden-atama-ve-akademi-mesaji\/\" \/>\n<meta property=\"og:locale\" content=\"tr_TR\" \/>\n<meta property=\"og:type\" content=\"article\" \/>\n<meta property=\"og:title\" content=\"\u00d6\u011fretmenlere Ek Ders Zamm\u0131 G\u00fcndemde: Bakan Tekin\u2019den Atama ve Akademi Mesaj\u0131 - Memurun Sesi\" \/>\n<meta property=\"og:description\" content=\"Milli E\u011fitim Bakan\u0131 Yusuf Tekin, \u00f6\u011fretmenlere ek ders zamm\u0131 i\u00e7in Hazine ve Maliye ile g\u00f6r\u00fc\u015fmelerin s\u00fcrd\u00fc\u011f\u00fcn\u00fc a\u00e7\u0131klad\u0131. Milli E\u011fitim Akademisi, atama takvimi, LGS d\u00fczenlemeleri ve pansiyonlu okullara ili\u015fkin yeni detaylar payla\u015f\u0131ld\u0131.\" \/>\n<meta property=\"og:url\" content=\"https:\/\/memurunsesi.net\/index.php\/2026\/02\/23\/ogretmenlere-ek-ders-zammi-gundemde-bakan-tekinden-atama-ve-akademi-mesaji\/\" \/>\n<meta property=\"og:site_name\" content=\"Memurun Sesi\" \/>\n<meta property=\"article:publisher\" content=\"https:\/\/www.facebook.com\/unipersen\/?locale=tr_TR\" \/>\n<meta property=\"article:published_time\" content=\"2026-02-23T06:15:48+00:00\" \/>\n<meta property=\"og:image\" content=\"https:\/\/memurunsesi.net\/wp-content\/uploads\/2026\/02\/BAKAN.jpg\" \/>\n\t<meta property=\"og:image:width\" content=\"221\" \/>\n\t<meta property=\"og:image:height\" content=\"160\" \/>\n\t<meta property=\"og:image:type\" content=\"image\/jpeg\" \/>\n<meta name=\"author\" content=\"Memurun Sesi Haber Merkezi\" \/>\n<meta name=\"twitter:card\" content=\"summary_large_image\" \/>\n<meta name=\"twitter:creator\" content=\"@unipersen\" \/>\n<meta name=\"twitter:site\" content=\"@unipersen\" \/>\n<meta name=\"twitter:label1\" content=\"Yazan:\" \/>\n\t<meta name=\"twitter:data1\" content=\"Memurun Sesi Haber Merkezi\" \/>\n\t<meta name=\"twitter:label2\" content=\"Tahmini okuma s\u00fcresi\" \/>\n\t<meta name=\"twitter:data2\" content=\"3 dakika\" \/>\n<script type=\"application\/ld+json\" class=\"yoast-schema-graph\">{\"@context\":\"https:\\\/\\\/schema.org\",\"@graph\":[{\"@type\":\"Article\",\"@id\":\"https:\\\/\\\/memurunsesi.net\\\/index.php\\\/2026\\\/02\\\/23\\\/ogretmenlere-ek-ders-zammi-gundemde-bakan-tekinden-atama-ve-akademi-mesaji\\\/#article\",\"isPartOf\":{\"@id\":\"https:\\\/\\\/memurunsesi.net\\\/index.php\\\/2026\\\/02\\\/23\\\/ogretmenlere-ek-ders-zammi-gundemde-bakan-tekinden-atama-ve-akademi-mesaji\\\/\"},\"author\":{\"name\":\"Memurun Sesi Haber Merkezi\",\"@id\":\"https:\\\/\\\/memurunsesi.net\\\/#\\\/schema\\\/person\\\/f21c2d73b89f6ee1d80b0a1803e38587\"},\"headline\":\"\u00d6\u011fretmenlere Ek Ders Zamm\u0131 G\u00fcndemde: Bakan Tekin\u2019den Atama ve Akademi Mesaj\u0131\",\"datePublished\":\"2026-02-23T06:15:48+00:00\",\"mainEntityOfPage\":{\"@id\":\"https:\\\/\\\/memurunsesi.net\\\/index.php\\\/2026\\\/02\\\/23\\\/ogretmenlere-ek-ders-zammi-gundemde-bakan-tekinden-atama-ve-akademi-mesaji\\\/\"},\"wordCount\":599,\"commentCount\":0,\"publisher\":{\"@id\":\"https:\\\/\\\/memurunsesi.net\\\/#organization\"},\"image\":{\"@id\":\"https:\\\/\\\/memurunsesi.net\\\/index.php\\\/2026\\\/02\\\/23\\\/ogretmenlere-ek-ders-zammi-gundemde-bakan-tekinden-atama-ve-akademi-mesaji\\\/#primaryimage\"},\"thumbnailUrl\":\"https:\\\/\\\/memurunsesi.net\\\/wp-content\\\/uploads\\\/2026\\\/02\\\/BAKAN.jpg\",\"keywords\":[\"ara tatil kalkacak m\u0131\",\"ek ders zamm\u0131 2026\",\"\u0130stanbul Erkek Lisesi Alman program\u0131\",\"KPSS atama a\u00e7\u0131klamas\u0131\",\"LGS yeni d\u00fczenleme\",\"Milli E\u011fitim Akademisi\",\"\u00f6\u011fretmen atamalar\u0131 2024\",\"\u00f6\u011fretmen atamalar\u0131 2025\",\"\u00f6\u011fretmen ek ders \u00fccreti art\u0131\u015f\u0131\",\"pansiyonlu okul kontenjan\u0131\",\"Yusuf Tekin\"],\"articleSection\":[\"T\u00fcm Haberler\"],\"inLanguage\":\"tr\",\"potentialAction\":[{\"@type\":\"CommentAction\",\"name\":\"Comment\",\"target\":[\"https:\\\/\\\/memurunsesi.net\\\/index.php\\\/2026\\\/02\\\/23\\\/ogretmenlere-ek-ders-zammi-gundemde-bakan-tekinden-atama-ve-akademi-mesaji\\\/#respond\"]}]},{\"@type\":\"WebPage\",\"@id\":\"https:\\\/\\\/memurunsesi.net\\\/index.php\\\/2026\\\/02\\\/23\\\/ogretmenlere-ek-ders-zammi-gundemde-bakan-tekinden-atama-ve-akademi-mesaji\\\/\",\"url\":\"https:\\\/\\\/memurunsesi.net\\\/index.php\\\/2026\\\/02\\\/23\\\/ogretmenlere-ek-ders-zammi-gundemde-bakan-tekinden-atama-ve-akademi-mesaji\\\/\",\"name\":\"\u00d6\u011fretmenlere Ek Ders Zamm\u0131 G\u00fcndemde: Bakan Tekin\u2019den Atama ve Akademi Mesaj\u0131 - Memurun Sesi\",\"isPartOf\":{\"@id\":\"https:\\\/\\\/memurunsesi.net\\\/#website\"},\"primaryImageOfPage\":{\"@id\":\"https:\\\/\\\/memurunsesi.net\\\/index.php\\\/2026\\\/02\\\/23\\\/ogretmenlere-ek-ders-zammi-gundemde-bakan-tekinden-atama-ve-akademi-mesaji\\\/#primaryimage\"},\"image\":{\"@id\":\"https:\\\/\\\/memurunsesi.net\\\/index.php\\\/2026\\\/02\\\/23\\\/ogretmenlere-ek-ders-zammi-gundemde-bakan-tekinden-atama-ve-akademi-mesaji\\\/#primaryimage\"},\"thumbnailUrl\":\"https:\\\/\\\/memurunsesi.net\\\/wp-content\\\/uploads\\\/2026\\\/02\\\/BAKAN.jpg\",\"datePublished\":\"2026-02-23T06:15:48+00:00\",\"description\":\"Milli E\u011fitim Bakan\u0131 Yusuf Tekin, \u00f6\u011fretmenlere ek ders zamm\u0131 i\u00e7in Hazine ve Maliye ile g\u00f6r\u00fc\u015fmelerin s\u00fcrd\u00fc\u011f\u00fcn\u00fc a\u00e7\u0131klad\u0131. Milli E\u011fitim Akademisi, atama takvimi, LGS d\u00fczenlemeleri ve pansiyonlu okullara ili\u015fkin yeni detaylar payla\u015f\u0131ld\u0131.\",\"breadcrumb\":{\"@id\":\"https:\\\/\\\/memurunsesi.net\\\/index.php\\\/2026\\\/02\\\/23\\\/ogretmenlere-ek-ders-zammi-gundemde-bakan-tekinden-atama-ve-akademi-mesaji\\\/#breadcrumb\"},\"inLanguage\":\"tr\",\"potentialAction\":[{\"@type\":\"ReadAction\",\"target\":[\"https:\\\/\\\/memurunsesi.net\\\/index.php\\\/2026\\\/02\\\/23\\\/ogretmenlere-ek-ders-zammi-gundemde-bakan-tekinden-atama-ve-akademi-mesaji\\\/\"]}]},{\"@type\":\"ImageObject\",\"inLanguage\":\"tr\",\"@id\":\"https:\\\/\\\/memurunsesi.net\\\/index.php\\\/2026\\\/02\\\/23\\\/ogretmenlere-ek-ders-zammi-gundemde-bakan-tekinden-atama-ve-akademi-mesaji\\\/#primaryimage\",\"url\":\"https:\\\/\\\/memurunsesi.net\\\/wp-content\\\/uploads\\\/2026\\\/02\\\/BAKAN.jpg\",\"contentUrl\":\"https:\\\/\\\/memurunsesi.net\\\/wp-content\\\/uploads\\\/2026\\\/02\\\/BAKAN.jpg\",\"width\":221,\"height\":160},{\"@type\":\"BreadcrumbList\",\"@id\":\"https:\\\/\\\/memurunsesi.net\\\/index.php\\\/2026\\\/02\\\/23\\\/ogretmenlere-ek-ders-zammi-gundemde-bakan-tekinden-atama-ve-akademi-mesaji\\\/#breadcrumb\",\"itemListElement\":[{\"@type\":\"ListItem\",\"position\":1,\"name\":\"Anasayfa\",\"item\":\"https:\\\/\\\/memurunsesi.net\\\/\"},{\"@type\":\"ListItem\",\"position\":2,\"name\":\"\u00d6\u011fretmenlere Ek Ders Zamm\u0131 G\u00fcndemde: Bakan Tekin\u2019den Atama ve Akademi Mesaj\u0131\"}]},{\"@type\":\"WebSite\",\"@id\":\"https:\\\/\\\/memurunsesi.net\\\/#website\",\"url\":\"https:\\\/\\\/memurunsesi.net\\\/\",\"name\":\"Memurun Sesi\",\"description\":\"G\u00fcncel ve Do\u011fru Haber\",\"publisher\":{\"@id\":\"https:\\\/\\\/memurunsesi.net\\\/#organization\"},\"potentialAction\":[{\"@type\":\"SearchAction\",\"target\":{\"@type\":\"EntryPoint\",\"urlTemplate\":\"https:\\\/\\\/memurunsesi.net\\\/?s={search_term_string}\"},\"query-input\":{\"@type\":\"PropertyValueSpecification\",\"valueRequired\":true,\"valueName\":\"search_term_string\"}}],\"inLanguage\":\"tr\"},{\"@type\":\"Organization\",\"@id\":\"https:\\\/\\\/memurunsesi.net\\\/#organization\",\"name\":\"Memurun Sesi\",\"url\":\"https:\\\/\\\/memurunsesi.net\\\/\",\"logo\":{\"@type\":\"ImageObject\",\"inLanguage\":\"tr\",\"@id\":\"https:\\\/\\\/memurunsesi.net\\\/#\\\/schema\\\/logo\\\/image\\\/\",\"url\":\"https:\\\/\\\/memurunsesi.net\\\/wp-content\\\/uploads\\\/2025\\\/11\\\/cropped-MEMURUN-SESI.png\",\"contentUrl\":\"https:\\\/\\\/memurunsesi.net\\\/wp-content\\\/uploads\\\/2025\\\/11\\\/cropped-MEMURUN-SESI.png\",\"width\":238,\"height\":57,\"caption\":\"Memurun Sesi\"},\"image\":{\"@id\":\"https:\\\/\\\/memurunsesi.net\\\/#\\\/schema\\\/logo\\\/image\\\/\"},\"sameAs\":[\"https:\\\/\\\/www.facebook.com\\\/unipersen\\\/?locale=tr_TR\",\"https:\\\/\\\/x.com\\\/unipersen\"]},{\"@type\":\"Person\",\"@id\":\"https:\\\/\\\/memurunsesi.net\\\/#\\\/schema\\\/person\\\/f21c2d73b89f6ee1d80b0a1803e38587\",\"name\":\"Memurun Sesi Haber Merkezi\",\"image\":{\"@type\":\"ImageObject\",\"inLanguage\":\"tr\",\"@id\":\"https:\\\/\\\/secure.gravatar.com\\\/avatar\\\/6cf0505f452ee753f485014986fab09a434671d2b919ee76fc541025c5876a70?s=96&d=mm&r=g\",\"url\":\"https:\\\/\\\/secure.gravatar.com\\\/avatar\\\/6cf0505f452ee753f485014986fab09a434671d2b919ee76fc541025c5876a70?s=96&d=mm&r=g\",\"contentUrl\":\"https:\\\/\\\/secure.gravatar.com\\\/avatar\\\/6cf0505f452ee753f485014986fab09a434671d2b919ee76fc541025c5876a70?s=96&d=mm&r=g\",\"caption\":\"Memurun Sesi Haber Merkezi\"},\"sameAs\":[\"https:\\\/\\\/memurunsesi.net\"],\"url\":\"https:\\\/\\\/memurunsesi.net\\\/index.php\\\/author\\\/uniper\\\/\"}]}<\/script>\n<!-- \/ Yoast SEO plugin. -->","yoast_head_json":{"title":"\u00d6\u011fretmenlere Ek Ders Zamm\u0131 G\u00fcndemde: Bakan Tekin\u2019den Atama ve Akademi Mesaj\u0131 - Memurun Sesi","description":"Milli E\u011fitim Bakan\u0131 Yusuf Tekin, \u00f6\u011fretmenlere ek ders zamm\u0131 i\u00e7in Hazine ve Maliye ile g\u00f6r\u00fc\u015fmelerin s\u00fcrd\u00fc\u011f\u00fcn\u00fc a\u00e7\u0131klad\u0131. Milli E\u011fitim Akademisi, atama takvimi, LGS d\u00fczenlemeleri ve pansiyonlu okullara ili\u015fkin yeni detaylar payla\u015f\u0131ld\u0131.","robots":{"index":"index","follow":"follow","max-snippet":"max-snippet:-1","max-image-preview":"max-image-preview:large","max-video-preview":"max-video-preview:-1"},"canonical":"https:\/\/memurunsesi.net\/index.php\/2026\/02\/23\/ogretmenlere-ek-ders-zammi-gundemde-bakan-tekinden-atama-ve-akademi-mesaji\/","og_locale":"tr_TR","og_type":"article","og_title":"\u00d6\u011fretmenlere Ek Ders Zamm\u0131 G\u00fcndemde: Bakan Tekin\u2019den Atama ve Akademi Mesaj\u0131 - Memurun Sesi","og_description":"Milli E\u011fitim Bakan\u0131 Yusuf Tekin, \u00f6\u011fretmenlere ek ders zamm\u0131 i\u00e7in Hazine ve Maliye ile g\u00f6r\u00fc\u015fmelerin s\u00fcrd\u00fc\u011f\u00fcn\u00fc a\u00e7\u0131klad\u0131. Milli E\u011fitim Akademisi, atama takvimi, LGS d\u00fczenlemeleri ve pansiyonlu okullara ili\u015fkin yeni detaylar payla\u015f\u0131ld\u0131.","og_url":"https:\/\/memurunsesi.net\/index.php\/2026\/02\/23\/ogretmenlere-ek-ders-zammi-gundemde-bakan-tekinden-atama-ve-akademi-mesaji\/","og_site_name":"Memurun Sesi","article_publisher":"https:\/\/www.facebook.com\/unipersen\/?locale=tr_TR","article_published_time":"2026-02-23T06:15:48+00:00","og_image":[{"width":221,"height":160,"url":"https:\/\/memurunsesi.net\/wp-content\/uploads\/2026\/02\/BAKAN.jpg","type":"image\/jpeg"}],"author":"Memurun Sesi Haber Merkezi","twitter_card":"summary_large_image","twitter_creator":"@unipersen","twitter_site":"@unipersen","twitter_misc":{"Yazan:":"Memurun Sesi Haber Merkezi","Tahmini okuma s\u00fcresi":"3 dakika"},"schema":{"@context":"https:\/\/schema.org","@graph":[{"@type":"Article","@id":"https:\/\/memurunsesi.net\/index.php\/2026\/02\/23\/ogretmenlere-ek-ders-zammi-gundemde-bakan-tekinden-atama-ve-akademi-mesaji\/#article","isPartOf":{"@id":"https:\/\/memurunsesi.net\/index.php\/2026\/02\/23\/ogretmenlere-ek-ders-zammi-gundemde-bakan-tekinden-atama-ve-akademi-mesaji\/"},"author":{"name":"Memurun Sesi Haber Merkezi","@id":"https:\/\/memurunsesi.net\/#\/schema\/person\/f21c2d73b89f6ee1d80b0a1803e38587"},"headline":"\u00d6\u011fretmenlere Ek Ders Zamm\u0131 G\u00fcndemde: Bakan Tekin\u2019den Atama ve Akademi Mesaj\u0131","datePublished":"2026-02-23T06:15:48+00:00","mainEntityOfPage":{"@id":"https:\/\/memurunsesi.net\/index.php\/2026\/02\/23\/ogretmenlere-ek-ders-zammi-gundemde-bakan-tekinden-atama-ve-akademi-mesaji\/"},"wordCount":599,"commentCount":0,"publisher":{"@id":"https:\/\/memurunsesi.net\/#organization"},"image":{"@id":"https:\/\/memurunsesi.net\/index.php\/2026\/02\/23\/ogretmenlere-ek-ders-zammi-gundemde-bakan-tekinden-atama-ve-akademi-mesaji\/#primaryimage"},"thumbnailUrl":"https:\/\/memurunsesi.net\/wp-content\/uploads\/2026\/02\/BAKAN.jpg","keywords":["ara tatil kalkacak m\u0131","ek ders zamm\u0131 2026","\u0130stanbul Erkek Lisesi Alman program\u0131","KPSS atama a\u00e7\u0131klamas\u0131","LGS yeni d\u00fczenleme","Milli E\u011fitim Akademisi","\u00f6\u011fretmen atamalar\u0131 2024","\u00f6\u011fretmen atamalar\u0131 2025","\u00f6\u011fretmen ek ders \u00fccreti art\u0131\u015f\u0131","pansiyonlu okul kontenjan\u0131","Yusuf Tekin"],"articleSection":["T\u00fcm Haberler"],"inLanguage":"tr","potentialAction":[{"@type":"CommentAction","name":"Comment","target":["https:\/\/memurunsesi.net\/index.php\/2026\/02\/23\/ogretmenlere-ek-ders-zammi-gundemde-bakan-tekinden-atama-ve-akademi-mesaji\/#respond"]}]},{"@type":"WebPage","@id":"https:\/\/memurunsesi.net\/index.php\/2026\/02\/23\/ogretmenlere-ek-ders-zammi-gundemde-bakan-tekinden-atama-ve-akademi-mesaji\/","url":"https:\/\/memurunsesi.net\/index.php\/2026\/02\/23\/ogretmenlere-ek-ders-zammi-gundemde-bakan-tekinden-atama-ve-akademi-mesaji\/","name":"\u00d6\u011fretmenlere Ek Ders Zamm\u0131 G\u00fcndemde: Bakan Tekin\u2019den Atama ve Akademi Mesaj\u0131 - Memurun Sesi","isPartOf":{"@id":"https:\/\/memurunsesi.net\/#website"},"primaryImageOfPage":{"@id":"https:\/\/memurunsesi.net\/index.php\/2026\/02\/23\/ogretmenlere-ek-ders-zammi-gundemde-bakan-tekinden-atama-ve-akademi-mesaji\/#primaryimage"},"image":{"@id":"https:\/\/memurunsesi.net\/index.php\/2026\/02\/23\/ogretmenlere-ek-ders-zammi-gundemde-bakan-tekinden-atama-ve-akademi-mesaji\/#primaryimage"},"thumbnailUrl":"https:\/\/memurunsesi.net\/wp-content\/uploads\/2026\/02\/BAKAN.jpg","datePublished":"2026-02-23T06:15:48+00:00","description":"Milli E\u011fitim Bakan\u0131 Yusuf Tekin, \u00f6\u011fretmenlere ek ders zamm\u0131 i\u00e7in Hazine ve Maliye ile g\u00f6r\u00fc\u015fmelerin s\u00fcrd\u00fc\u011f\u00fcn\u00fc a\u00e7\u0131klad\u0131. Milli E\u011fitim Akademisi, atama takvimi, LGS d\u00fczenlemeleri ve pansiyonlu okullara ili\u015fkin yeni detaylar payla\u015f\u0131ld\u0131.","breadcrumb":{"@id":"https:\/\/memurunsesi.net\/index.php\/2026\/02\/23\/ogretmenlere-ek-ders-zammi-gundemde-bakan-tekinden-atama-ve-akademi-mesaji\/#breadcrumb"},"inLanguage":"tr","potentialAction":[{"@type":"ReadAction","target":["https:\/\/memurunsesi.net\/index.php\/2026\/02\/23\/ogretmenlere-ek-ders-zammi-gundemde-bakan-tekinden-atama-ve-akademi-mesaji\/"]}]},{"@type":"ImageObject","inLanguage":"tr","@id":"https:\/\/memurunsesi.net\/index.php\/2026\/02\/23\/ogretmenlere-ek-ders-zammi-gundemde-bakan-tekinden-atama-ve-akademi-mesaji\/#primaryimage","url":"https:\/\/memurunsesi.net\/wp-content\/uploads\/2026\/02\/BAKAN.jpg","contentUrl":"https:\/\/memurunsesi.net\/wp-content\/uploads\/2026\/02\/BAKAN.jpg","width":221,"height":160},{"@type":"BreadcrumbList","@id":"https:\/\/memurunsesi.net\/index.php\/2026\/02\/23\/ogretmenlere-ek-ders-zammi-gundemde-bakan-tekinden-atama-ve-akademi-mesaji\/#breadcrumb","itemListElement":[{"@type":"ListItem","position":1,"name":"Anasayfa","item":"https:\/\/memurunsesi.net\/"},{"@type":"ListItem","position":2,"name":"\u00d6\u011fretmenlere Ek Ders Zamm\u0131 G\u00fcndemde: Bakan Tekin\u2019den Atama ve Akademi Mesaj\u0131"}]},{"@type":"WebSite","@id":"https:\/\/memurunsesi.net\/#website","url":"https:\/\/memurunsesi.net\/","name":"Memurun Sesi","description":"G\u00fcncel ve Do\u011fru Haber","publisher":{"@id":"https:\/\/memurunsesi.net\/#organization"},"potentialAction":[{"@type":"SearchAction","target":{"@type":"EntryPoint","urlTemplate":"https:\/\/memurunsesi.net\/?s={search_term_string}"},"query-input":{"@type":"PropertyValueSpecification","valueRequired":true,"valueName":"search_term_string"}}],"inLanguage":"tr"},{"@type":"Organization","@id":"https:\/\/memurunsesi.net\/#organization","name":"Memurun Sesi","url":"https:\/\/memurunsesi.net\/","logo":{"@type":"ImageObject","inLanguage":"tr","@id":"https:\/\/memurunsesi.net\/#\/schema\/logo\/image\/","url":"https:\/\/memurunsesi.net\/wp-content\/uploads\/2025\/11\/cropped-MEMURUN-SESI.png","contentUrl":"https:\/\/memurunsesi.net\/wp-content\/uploads\/2025\/11\/cropped-MEMURUN-SESI.png","width":238,"height":57,"caption":"Memurun Sesi"},"image":{"@id":"https:\/\/memurunsesi.net\/#\/schema\/logo\/image\/"},"sameAs":["https:\/\/www.facebook.com\/unipersen\/?locale=tr_TR","https:\/\/x.com\/unipersen"]},{"@type":"Person","@id":"https:\/\/memurunsesi.net\/#\/schema\/person\/f21c2d73b89f6ee1d80b0a1803e38587","name":"Memurun Sesi Haber Merkezi","image":{"@type":"ImageObject","inLanguage":"tr","@id":"https:\/\/secure.gravatar.com\/avatar\/6cf0505f452ee753f485014986fab09a434671d2b919ee76fc541025c5876a70?s=96&d=mm&r=g","url":"https:\/\/secure.gravatar.com\/avatar\/6cf0505f452ee753f485014986fab09a434671d2b919ee76fc541025c5876a70?s=96&d=mm&r=g","contentUrl":"https:\/\/secure.gravatar.com\/avatar\/6cf0505f452ee753f485014986fab09a434671d2b919ee76fc541025c5876a70?s=96&d=mm&r=g","caption":"Memurun Sesi Haber Merkezi"},"sameAs":["https:\/\/memurunsesi.net"],"url":"https:\/\/memurunsesi.net\/index.php\/author\/uniper\/"}]}},"_links":{"self":[{"href":"https:\/\/memurunsesi.net\/index.php\/wp-json\/wp\/v2\/posts\/17768","targetHints":{"allow":["GET"]}}],"collection":[{"href":"https:\/\/memurunsesi.net\/index.php\/wp-json\/wp\/v2\/posts"}],"about":[{"href":"https:\/\/memurunsesi.net\/index.php\/wp-json\/wp\/v2\/types\/post"}],"author":[{"embeddable":true,"href":"https:\/\/memurunsesi.net\/index.php\/wp-json\/wp\/v2\/users\/1"}],"replies":[{"embeddable":true,"href":"https:\/\/memurunsesi.net\/index.php\/wp-json\/wp\/v2\/comments?post=17768"}],"version-history":[{"count":1,"href":"https:\/\/memurunsesi.net\/index.php\/wp-json\/wp\/v2\/posts\/17768\/revisions"}],"predecessor-version":[{"id":17770,"href":"https:\/\/memurunsesi.net\/index.php\/wp-json\/wp\/v2\/posts\/17768\/revisions\/17770"}],"wp:featuredmedia":[{"embeddable":true,"href":"https:\/\/memurunsesi.net\/index.php\/wp-json\/wp\/v2\/media\/17769"}],"wp:attachment":[{"href":"https:\/\/memurunsesi.net\/index.php\/wp-json\/wp\/v2\/media?parent=17768"}],"wp:term":[{"taxonomy":"category","embeddable":true,"href":"https:\/\/memurunsesi.net\/index.php\/wp-json\/wp\/v2\/categories?post=17768"},{"taxonomy":"post_tag","embeddable":true,"href":"https:\/\/memurunsesi.net\/index.php\/wp-json\/wp\/v2\/tags?post=17768"}],"curies":[{"name":"wp","href":"https:\/\/api.w.org\/{rel}","templated":true}]}}