{"id":17771,"date":"2026-02-23T09:20:59","date_gmt":"2026-02-23T06:20:59","guid":{"rendered":"https:\/\/memurunsesi.net\/?p=17771"},"modified":"2026-02-23T09:20:59","modified_gmt":"2026-02-23T06:20:59","slug":"bakan-tekin-10-bin-ogretmen-atamasi-akademi-sureci-sonrasi-yapilacak","status":"publish","type":"post","link":"https:\/\/memurunsesi.net\/index.php\/2026\/02\/23\/bakan-tekin-10-bin-ogretmen-atamasi-akademi-sureci-sonrasi-yapilacak\/","title":{"rendered":"Bakan Tekin: 10 Bin \u00d6\u011fretmen Atamas\u0131 Akademi S\u00fcreci Sonras\u0131 Yap\u0131lacak"},"content":{"rendered":"<p data-start=\"75\" data-end=\"409\">\u00a0 \u00a0 Milli E\u011fitim Bakan\u0131 <span class=\"hover:entity-accent entity-underline inline cursor-pointer align-baseline\"><span class=\"whitespace-normal\">Yusuf Tekin<\/span><\/span>, Erzurum program\u0131 kapsam\u0131nda e\u011fitim edit\u00f6rleriyle bir araya gelerek \u00f6\u011fretmen atamalar\u0131 ve s\u0131nav s\u00fcrecine ili\u015fkin \u00f6nemli a\u00e7\u0131klamalarda bulundu. Tekin, Milli E\u011fitim Akademisi e\u011fitimini tamamlayan 10 bin \u00f6\u011fretmenin atamas\u0131n\u0131n s\u00fcrecin hemen ard\u0131ndan ger\u00e7ekle\u015ftirilece\u011fini duyurdu.<\/p>\n<h3 data-start=\"411\" data-end=\"463\">\u201cAkademi tamamlan\u0131r tamamlanmaz atama yap\u0131lacak\u201d<\/h3>\n<p data-start=\"465\" data-end=\"759\">Bakan Tekin, Milli E\u011fitim Akademisi\u2019nde haz\u0131rl\u0131k e\u011fitimine devam eden \u00f6\u011fretmen adaylar\u0131n\u0131n atama takvimine ili\u015fkin net konu\u015ftu. Akademi s\u00fcrecinin tamamlanmas\u0131n\u0131n ard\u0131ndan atamalar\u0131n gecikmeden yap\u0131laca\u011f\u0131n\u0131 belirten Tekin, \u00f6\u011fretmen al\u0131mlar\u0131n\u0131n her y\u0131l d\u00fczenli \u015fekilde s\u00fcrd\u00fcr\u00fclece\u011fini ifade etti.<\/p>\n<p data-start=\"761\" data-end=\"915\">Tekin, \u201cAkademi e\u011fitimi biter bitmez atamalar\u0131n\u0131 yapaca\u011f\u0131z. Her sene al\u0131m olacak\u201d diyerek s\u00fcrecin planl\u0131 bir takvim \u00e7er\u00e7evesinde ilerleyece\u011fini vurgulad\u0131.<\/p>\n<h3 data-start=\"917\" data-end=\"964\">2024 ve 2025 KPSS i\u00e7in yeni atama plan\u0131 yok<\/h3>\n<p data-start=\"966\" data-end=\"1241\">Bakan Tekin, 2024 KPSS puan\u0131yla yeni bir \u00f6\u011fretmen atamas\u0131 yap\u0131lmas\u0131n\u0131n g\u00fcndemde olmad\u0131\u011f\u0131n\u0131 belirtti. Mahkeme kararlar\u0131 d\u0131\u015f\u0131nda bu kapsamda herhangi bir i\u015flem planlanmad\u0131\u011f\u0131n\u0131 dile getiren Tekin, 2025 KPSS i\u00e7in de \u015fu a\u015famada al\u0131nm\u0131\u015f yeni bir atama karar\u0131 bulunmad\u0131\u011f\u0131n\u0131 s\u00f6yledi.<\/p>\n<h3 data-start=\"1243\" data-end=\"1288\">E\u011fitim g\u00fcndemine ili\u015fkin de\u011ferlendirmeler<\/h3>\n<p data-start=\"1290\" data-end=\"1479\">Erzurum\u2019daki temaslar\u0131nda ara tatil uygulamas\u0131 ve s\u0131nav sistemiyle ilgili sorular\u0131 da yan\u0131tlayan Tekin, e\u011fitim politikalar\u0131n\u0131n planl\u0131 ve s\u00fcrd\u00fcr\u00fclebilir bir \u00e7er\u00e7evede y\u00fcr\u00fct\u00fcld\u00fc\u011f\u00fcn\u00fc kaydetti.<\/p>\n<p data-start=\"1481\" data-end=\"1705\" data-is-last-node=\"\" data-is-only-node=\"\">Milli E\u011fitim Akademisi modelinin \u00f6\u011fretmen adaylar\u0131n\u0131 mesle\u011fe daha donan\u0131ml\u0131 \u015fekilde haz\u0131rlamay\u0131 ama\u00e7lad\u0131\u011f\u0131n\u0131 belirten Tekin, yeni sistemle birlikte atama s\u00fcre\u00e7lerinin daha \u00f6ng\u00f6r\u00fclebilir ve d\u00fczenli hale gelece\u011fini ifade etti.<\/p>\n<p data-start=\"1481\" data-end=\"1705\" data-is-last-node=\"\" data-is-only-node=\"\">23.02.2026<\/p>\n","protected":false},"excerpt":{"rendered":"<p>\u00a0 \u00a0 Milli E\u011fitim Bakan\u0131 Yusuf Tekin, Erzurum program\u0131 kapsam\u0131nda e\u011fitim edit\u00f6rleriyle bir araya gelerek \u00f6\u011fretmen atamalar\u0131 ve s\u0131nav s\u00fcrecine ili\u015fkin \u00f6nemli a\u00e7\u0131klamalarda bulundu. Tekin, Milli E\u011fitim Akademisi e\u011fitimini tamamlayan 10 bin \u00f6\u011fretmenin atamas\u0131n\u0131n s\u00fcrecin hemen ard\u0131ndan ger\u00e7ekle\u015ftirilece\u011fini duyurdu. \u201cAkademi tamamlan\u0131r tamamlanmaz atama yap\u0131lacak\u201d Bakan Tekin, Milli E\u011fitim Akademisi\u2019nde haz\u0131rl\u0131k e\u011fitimine devam eden \u00f6\u011fretmen adaylar\u0131n\u0131n [&hellip;]<\/p>\n","protected":false},"author":1,"featured_media":17772,"comment_status":"open","ping_status":"open","sticky":false,"template":"","format":"standard","meta":{"footnotes":""},"categories":[45],"tags":[1401,1409,1408,1404,1405,1403,1407,1393,1406,1402,1390],"class_list":["post-17771","post","type-post","status-publish","format-standard","has-post-thumbnail","hentry","category-gundem","tag-10-bin-ogretmen-atamasi","tag-akademi-sonrasi-atama","tag-egitim-haberleri","tag-kpss-2024-atama","tag-kpss-2025-atama-durumu","tag-meb-ogretmen-alimi","tag-meb-son-dakika","tag-milli-egitim-akademisi","tag-ogretmen-atama-takvimi","tag-ogretmen-atamalari-2026","tag-yusuf-tekin"],"yoast_head":"<!-- This site is optimized with the Yoast SEO plugin v27.5 - https:\/\/yoast.com\/product\/yoast-seo-wordpress\/ -->\n<title>Bakan Tekin: 10 Bin \u00d6\u011fretmen Atamas\u0131 Akademi S\u00fcreci Sonras\u0131 Yap\u0131lacak - Memurun Sesi<\/title>\n<meta name=\"description\" content=\"Milli E\u011fitim Bakan\u0131 Yusuf Tekin, Milli E\u011fitim Akademisi e\u011fitimini tamamlayan 10 bin \u00f6\u011fretmenin atamas\u0131n\u0131n hemen yap\u0131laca\u011f\u0131n\u0131 a\u00e7\u0131klad\u0131. 2024 ve 2025 KPSS i\u00e7in ise yeni atama plan\u0131 bulunmad\u0131\u011f\u0131n\u0131 duyurdu.\" \/>\n<meta name=\"robots\" content=\"index, follow, max-snippet:-1, max-image-preview:large, max-video-preview:-1\" \/>\n<link rel=\"canonical\" href=\"https:\/\/memurunsesi.net\/index.php\/2026\/02\/23\/bakan-tekin-10-bin-ogretmen-atamasi-akademi-sureci-sonrasi-yapilacak\/\" \/>\n<meta property=\"og:locale\" content=\"tr_TR\" \/>\n<meta property=\"og:type\" content=\"article\" \/>\n<meta property=\"og:title\" content=\"Bakan Tekin: 10 Bin \u00d6\u011fretmen Atamas\u0131 Akademi S\u00fcreci Sonras\u0131 Yap\u0131lacak - Memurun Sesi\" \/>\n<meta property=\"og:description\" content=\"Milli E\u011fitim Bakan\u0131 Yusuf Tekin, Milli E\u011fitim Akademisi e\u011fitimini tamamlayan 10 bin \u00f6\u011fretmenin atamas\u0131n\u0131n hemen yap\u0131laca\u011f\u0131n\u0131 a\u00e7\u0131klad\u0131. 2024 ve 2025 KPSS i\u00e7in ise yeni atama plan\u0131 bulunmad\u0131\u011f\u0131n\u0131 duyurdu.\" \/>\n<meta property=\"og:url\" content=\"https:\/\/memurunsesi.net\/index.php\/2026\/02\/23\/bakan-tekin-10-bin-ogretmen-atamasi-akademi-sureci-sonrasi-yapilacak\/\" \/>\n<meta property=\"og:site_name\" content=\"Memurun Sesi\" \/>\n<meta property=\"article:publisher\" content=\"https:\/\/www.facebook.com\/unipersen\/?locale=tr_TR\" \/>\n<meta property=\"article:published_time\" content=\"2026-02-23T06:20:59+00:00\" \/>\n<meta property=\"og:image\" content=\"https:\/\/memurunsesi.net\/wp-content\/uploads\/2026\/02\/MILLI-EGITIM.jpg\" \/>\n\t<meta property=\"og:image:width\" content=\"300\" \/>\n\t<meta property=\"og:image:height\" content=\"168\" \/>\n\t<meta property=\"og:image:type\" content=\"image\/jpeg\" \/>\n<meta name=\"author\" content=\"Memurun Sesi Haber Merkezi\" \/>\n<meta name=\"twitter:card\" content=\"summary_large_image\" \/>\n<meta name=\"twitter:creator\" content=\"@unipersen\" \/>\n<meta name=\"twitter:site\" content=\"@unipersen\" \/>\n<meta name=\"twitter:label1\" content=\"Yazan:\" \/>\n\t<meta name=\"twitter:data1\" content=\"Memurun Sesi Haber Merkezi\" \/>\n\t<meta name=\"twitter:label2\" content=\"Tahmini okuma s\u00fcresi\" \/>\n\t<meta name=\"twitter:data2\" content=\"2 dakika\" \/>\n<script type=\"application\/ld+json\" class=\"yoast-schema-graph\">{\"@context\":\"https:\\\/\\\/schema.org\",\"@graph\":[{\"@type\":\"Article\",\"@id\":\"https:\\\/\\\/memurunsesi.net\\\/index.php\\\/2026\\\/02\\\/23\\\/bakan-tekin-10-bin-ogretmen-atamasi-akademi-sureci-sonrasi-yapilacak\\\/#article\",\"isPartOf\":{\"@id\":\"https:\\\/\\\/memurunsesi.net\\\/index.php\\\/2026\\\/02\\\/23\\\/bakan-tekin-10-bin-ogretmen-atamasi-akademi-sureci-sonrasi-yapilacak\\\/\"},\"author\":{\"name\":\"Memurun Sesi Haber Merkezi\",\"@id\":\"https:\\\/\\\/memurunsesi.net\\\/#\\\/schema\\\/person\\\/f21c2d73b89f6ee1d80b0a1803e38587\"},\"headline\":\"Bakan Tekin: 10 Bin \u00d6\u011fretmen Atamas\u0131 Akademi S\u00fcreci Sonras\u0131 Yap\u0131lacak\",\"datePublished\":\"2026-02-23T06:20:59+00:00\",\"mainEntityOfPage\":{\"@id\":\"https:\\\/\\\/memurunsesi.net\\\/index.php\\\/2026\\\/02\\\/23\\\/bakan-tekin-10-bin-ogretmen-atamasi-akademi-sureci-sonrasi-yapilacak\\\/\"},\"wordCount\":299,\"commentCount\":0,\"publisher\":{\"@id\":\"https:\\\/\\\/memurunsesi.net\\\/#organization\"},\"image\":{\"@id\":\"https:\\\/\\\/memurunsesi.net\\\/index.php\\\/2026\\\/02\\\/23\\\/bakan-tekin-10-bin-ogretmen-atamasi-akademi-sureci-sonrasi-yapilacak\\\/#primaryimage\"},\"thumbnailUrl\":\"https:\\\/\\\/memurunsesi.net\\\/wp-content\\\/uploads\\\/2026\\\/02\\\/MILLI-EGITIM.jpg\",\"keywords\":[\"10 bin \u00f6\u011fretmen atamas\u0131\",\"akademi sonras\u0131 atama\",\"e\u011fitim haberleri\",\"KPSS 2024 atama\",\"KPSS 2025 atama durumu\",\"MEB \u00f6\u011fretmen al\u0131m\u0131\",\"MEB son dakika\",\"Milli E\u011fitim Akademisi\",\"\u00f6\u011fretmen atama takvimi\",\"\u00f6\u011fretmen atamalar\u0131 2026\",\"Yusuf Tekin\"],\"articleSection\":[\"G\u00fcndem\"],\"inLanguage\":\"tr\",\"potentialAction\":[{\"@type\":\"CommentAction\",\"name\":\"Comment\",\"target\":[\"https:\\\/\\\/memurunsesi.net\\\/index.php\\\/2026\\\/02\\\/23\\\/bakan-tekin-10-bin-ogretmen-atamasi-akademi-sureci-sonrasi-yapilacak\\\/#respond\"]}]},{\"@type\":\"WebPage\",\"@id\":\"https:\\\/\\\/memurunsesi.net\\\/index.php\\\/2026\\\/02\\\/23\\\/bakan-tekin-10-bin-ogretmen-atamasi-akademi-sureci-sonrasi-yapilacak\\\/\",\"url\":\"https:\\\/\\\/memurunsesi.net\\\/index.php\\\/2026\\\/02\\\/23\\\/bakan-tekin-10-bin-ogretmen-atamasi-akademi-sureci-sonrasi-yapilacak\\\/\",\"name\":\"Bakan Tekin: 10 Bin \u00d6\u011fretmen Atamas\u0131 Akademi S\u00fcreci Sonras\u0131 Yap\u0131lacak - Memurun Sesi\",\"isPartOf\":{\"@id\":\"https:\\\/\\\/memurunsesi.net\\\/#website\"},\"primaryImageOfPage\":{\"@id\":\"https:\\\/\\\/memurunsesi.net\\\/index.php\\\/2026\\\/02\\\/23\\\/bakan-tekin-10-bin-ogretmen-atamasi-akademi-sureci-sonrasi-yapilacak\\\/#primaryimage\"},\"image\":{\"@id\":\"https:\\\/\\\/memurunsesi.net\\\/index.php\\\/2026\\\/02\\\/23\\\/bakan-tekin-10-bin-ogretmen-atamasi-akademi-sureci-sonrasi-yapilacak\\\/#primaryimage\"},\"thumbnailUrl\":\"https:\\\/\\\/memurunsesi.net\\\/wp-content\\\/uploads\\\/2026\\\/02\\\/MILLI-EGITIM.jpg\",\"datePublished\":\"2026-02-23T06:20:59+00:00\",\"description\":\"Milli E\u011fitim Bakan\u0131 Yusuf Tekin, Milli E\u011fitim Akademisi e\u011fitimini tamamlayan 10 bin \u00f6\u011fretmenin atamas\u0131n\u0131n hemen yap\u0131laca\u011f\u0131n\u0131 a\u00e7\u0131klad\u0131. 2024 ve 2025 KPSS i\u00e7in ise yeni atama plan\u0131 bulunmad\u0131\u011f\u0131n\u0131 duyurdu.\",\"breadcrumb\":{\"@id\":\"https:\\\/\\\/memurunsesi.net\\\/index.php\\\/2026\\\/02\\\/23\\\/bakan-tekin-10-bin-ogretmen-atamasi-akademi-sureci-sonrasi-yapilacak\\\/#breadcrumb\"},\"inLanguage\":\"tr\",\"potentialAction\":[{\"@type\":\"ReadAction\",\"target\":[\"https:\\\/\\\/memurunsesi.net\\\/index.php\\\/2026\\\/02\\\/23\\\/bakan-tekin-10-bin-ogretmen-atamasi-akademi-sureci-sonrasi-yapilacak\\\/\"]}]},{\"@type\":\"ImageObject\",\"inLanguage\":\"tr\",\"@id\":\"https:\\\/\\\/memurunsesi.net\\\/index.php\\\/2026\\\/02\\\/23\\\/bakan-tekin-10-bin-ogretmen-atamasi-akademi-sureci-sonrasi-yapilacak\\\/#primaryimage\",\"url\":\"https:\\\/\\\/memurunsesi.net\\\/wp-content\\\/uploads\\\/2026\\\/02\\\/MILLI-EGITIM.jpg\",\"contentUrl\":\"https:\\\/\\\/memurunsesi.net\\\/wp-content\\\/uploads\\\/2026\\\/02\\\/MILLI-EGITIM.jpg\",\"width\":300,\"height\":168},{\"@type\":\"BreadcrumbList\",\"@id\":\"https:\\\/\\\/memurunsesi.net\\\/index.php\\\/2026\\\/02\\\/23\\\/bakan-tekin-10-bin-ogretmen-atamasi-akademi-sureci-sonrasi-yapilacak\\\/#breadcrumb\",\"itemListElement\":[{\"@type\":\"ListItem\",\"position\":1,\"name\":\"Anasayfa\",\"item\":\"https:\\\/\\\/memurunsesi.net\\\/\"},{\"@type\":\"ListItem\",\"position\":2,\"name\":\"Bakan Tekin: 10 Bin \u00d6\u011fretmen Atamas\u0131 Akademi S\u00fcreci Sonras\u0131 Yap\u0131lacak\"}]},{\"@type\":\"WebSite\",\"@id\":\"https:\\\/\\\/memurunsesi.net\\\/#website\",\"url\":\"https:\\\/\\\/memurunsesi.net\\\/\",\"name\":\"Memurun Sesi\",\"description\":\"G\u00fcncel ve Do\u011fru Haber\",\"publisher\":{\"@id\":\"https:\\\/\\\/memurunsesi.net\\\/#organization\"},\"potentialAction\":[{\"@type\":\"SearchAction\",\"target\":{\"@type\":\"EntryPoint\",\"urlTemplate\":\"https:\\\/\\\/memurunsesi.net\\\/?s={search_term_string}\"},\"query-input\":{\"@type\":\"PropertyValueSpecification\",\"valueRequired\":true,\"valueName\":\"search_term_string\"}}],\"inLanguage\":\"tr\"},{\"@type\":\"Organization\",\"@id\":\"https:\\\/\\\/memurunsesi.net\\\/#organization\",\"name\":\"Memurun Sesi\",\"url\":\"https:\\\/\\\/memurunsesi.net\\\/\",\"logo\":{\"@type\":\"ImageObject\",\"inLanguage\":\"tr\",\"@id\":\"https:\\\/\\\/memurunsesi.net\\\/#\\\/schema\\\/logo\\\/image\\\/\",\"url\":\"https:\\\/\\\/memurunsesi.net\\\/wp-content\\\/uploads\\\/2025\\\/11\\\/cropped-MEMURUN-SESI.png\",\"contentUrl\":\"https:\\\/\\\/memurunsesi.net\\\/wp-content\\\/uploads\\\/2025\\\/11\\\/cropped-MEMURUN-SESI.png\",\"width\":238,\"height\":57,\"caption\":\"Memurun Sesi\"},\"image\":{\"@id\":\"https:\\\/\\\/memurunsesi.net\\\/#\\\/schema\\\/logo\\\/image\\\/\"},\"sameAs\":[\"https:\\\/\\\/www.facebook.com\\\/unipersen\\\/?locale=tr_TR\",\"https:\\\/\\\/x.com\\\/unipersen\"]},{\"@type\":\"Person\",\"@id\":\"https:\\\/\\\/memurunsesi.net\\\/#\\\/schema\\\/person\\\/f21c2d73b89f6ee1d80b0a1803e38587\",\"name\":\"Memurun Sesi Haber Merkezi\",\"image\":{\"@type\":\"ImageObject\",\"inLanguage\":\"tr\",\"@id\":\"https:\\\/\\\/secure.gravatar.com\\\/avatar\\\/6cf0505f452ee753f485014986fab09a434671d2b919ee76fc541025c5876a70?s=96&d=mm&r=g\",\"url\":\"https:\\\/\\\/secure.gravatar.com\\\/avatar\\\/6cf0505f452ee753f485014986fab09a434671d2b919ee76fc541025c5876a70?s=96&d=mm&r=g\",\"contentUrl\":\"https:\\\/\\\/secure.gravatar.com\\\/avatar\\\/6cf0505f452ee753f485014986fab09a434671d2b919ee76fc541025c5876a70?s=96&d=mm&r=g\",\"caption\":\"Memurun Sesi Haber Merkezi\"},\"sameAs\":[\"https:\\\/\\\/memurunsesi.net\"],\"url\":\"https:\\\/\\\/memurunsesi.net\\\/index.php\\\/author\\\/uniper\\\/\"}]}<\/script>\n<!-- \/ Yoast SEO plugin. -->","yoast_head_json":{"title":"Bakan Tekin: 10 Bin \u00d6\u011fretmen Atamas\u0131 Akademi S\u00fcreci Sonras\u0131 Yap\u0131lacak - Memurun Sesi","description":"Milli E\u011fitim Bakan\u0131 Yusuf Tekin, Milli E\u011fitim Akademisi e\u011fitimini tamamlayan 10 bin \u00f6\u011fretmenin atamas\u0131n\u0131n hemen yap\u0131laca\u011f\u0131n\u0131 a\u00e7\u0131klad\u0131. 2024 ve 2025 KPSS i\u00e7in ise yeni atama plan\u0131 bulunmad\u0131\u011f\u0131n\u0131 duyurdu.","robots":{"index":"index","follow":"follow","max-snippet":"max-snippet:-1","max-image-preview":"max-image-preview:large","max-video-preview":"max-video-preview:-1"},"canonical":"https:\/\/memurunsesi.net\/index.php\/2026\/02\/23\/bakan-tekin-10-bin-ogretmen-atamasi-akademi-sureci-sonrasi-yapilacak\/","og_locale":"tr_TR","og_type":"article","og_title":"Bakan Tekin: 10 Bin \u00d6\u011fretmen Atamas\u0131 Akademi S\u00fcreci Sonras\u0131 Yap\u0131lacak - Memurun Sesi","og_description":"Milli E\u011fitim Bakan\u0131 Yusuf Tekin, Milli E\u011fitim Akademisi e\u011fitimini tamamlayan 10 bin \u00f6\u011fretmenin atamas\u0131n\u0131n hemen yap\u0131laca\u011f\u0131n\u0131 a\u00e7\u0131klad\u0131. 2024 ve 2025 KPSS i\u00e7in ise yeni atama plan\u0131 bulunmad\u0131\u011f\u0131n\u0131 duyurdu.","og_url":"https:\/\/memurunsesi.net\/index.php\/2026\/02\/23\/bakan-tekin-10-bin-ogretmen-atamasi-akademi-sureci-sonrasi-yapilacak\/","og_site_name":"Memurun Sesi","article_publisher":"https:\/\/www.facebook.com\/unipersen\/?locale=tr_TR","article_published_time":"2026-02-23T06:20:59+00:00","og_image":[{"width":300,"height":168,"url":"https:\/\/memurunsesi.net\/wp-content\/uploads\/2026\/02\/MILLI-EGITIM.jpg","type":"image\/jpeg"}],"author":"Memurun Sesi Haber Merkezi","twitter_card":"summary_large_image","twitter_creator":"@unipersen","twitter_site":"@unipersen","twitter_misc":{"Yazan:":"Memurun Sesi Haber Merkezi","Tahmini okuma s\u00fcresi":"2 dakika"},"schema":{"@context":"https:\/\/schema.org","@graph":[{"@type":"Article","@id":"https:\/\/memurunsesi.net\/index.php\/2026\/02\/23\/bakan-tekin-10-bin-ogretmen-atamasi-akademi-sureci-sonrasi-yapilacak\/#article","isPartOf":{"@id":"https:\/\/memurunsesi.net\/index.php\/2026\/02\/23\/bakan-tekin-10-bin-ogretmen-atamasi-akademi-sureci-sonrasi-yapilacak\/"},"author":{"name":"Memurun Sesi Haber Merkezi","@id":"https:\/\/memurunsesi.net\/#\/schema\/person\/f21c2d73b89f6ee1d80b0a1803e38587"},"headline":"Bakan Tekin: 10 Bin \u00d6\u011fretmen Atamas\u0131 Akademi S\u00fcreci Sonras\u0131 Yap\u0131lacak","datePublished":"2026-02-23T06:20:59+00:00","mainEntityOfPage":{"@id":"https:\/\/memurunsesi.net\/index.php\/2026\/02\/23\/bakan-tekin-10-bin-ogretmen-atamasi-akademi-sureci-sonrasi-yapilacak\/"},"wordCount":299,"commentCount":0,"publisher":{"@id":"https:\/\/memurunsesi.net\/#organization"},"image":{"@id":"https:\/\/memurunsesi.net\/index.php\/2026\/02\/23\/bakan-tekin-10-bin-ogretmen-atamasi-akademi-sureci-sonrasi-yapilacak\/#primaryimage"},"thumbnailUrl":"https:\/\/memurunsesi.net\/wp-content\/uploads\/2026\/02\/MILLI-EGITIM.jpg","keywords":["10 bin \u00f6\u011fretmen atamas\u0131","akademi sonras\u0131 atama","e\u011fitim haberleri","KPSS 2024 atama","KPSS 2025 atama durumu","MEB \u00f6\u011fretmen al\u0131m\u0131","MEB son dakika","Milli E\u011fitim Akademisi","\u00f6\u011fretmen atama takvimi","\u00f6\u011fretmen atamalar\u0131 2026","Yusuf Tekin"],"articleSection":["G\u00fcndem"],"inLanguage":"tr","potentialAction":[{"@type":"CommentAction","name":"Comment","target":["https:\/\/memurunsesi.net\/index.php\/2026\/02\/23\/bakan-tekin-10-bin-ogretmen-atamasi-akademi-sureci-sonrasi-yapilacak\/#respond"]}]},{"@type":"WebPage","@id":"https:\/\/memurunsesi.net\/index.php\/2026\/02\/23\/bakan-tekin-10-bin-ogretmen-atamasi-akademi-sureci-sonrasi-yapilacak\/","url":"https:\/\/memurunsesi.net\/index.php\/2026\/02\/23\/bakan-tekin-10-bin-ogretmen-atamasi-akademi-sureci-sonrasi-yapilacak\/","name":"Bakan Tekin: 10 Bin \u00d6\u011fretmen Atamas\u0131 Akademi S\u00fcreci Sonras\u0131 Yap\u0131lacak - Memurun Sesi","isPartOf":{"@id":"https:\/\/memurunsesi.net\/#website"},"primaryImageOfPage":{"@id":"https:\/\/memurunsesi.net\/index.php\/2026\/02\/23\/bakan-tekin-10-bin-ogretmen-atamasi-akademi-sureci-sonrasi-yapilacak\/#primaryimage"},"image":{"@id":"https:\/\/memurunsesi.net\/index.php\/2026\/02\/23\/bakan-tekin-10-bin-ogretmen-atamasi-akademi-sureci-sonrasi-yapilacak\/#primaryimage"},"thumbnailUrl":"https:\/\/memurunsesi.net\/wp-content\/uploads\/2026\/02\/MILLI-EGITIM.jpg","datePublished":"2026-02-23T06:20:59+00:00","description":"Milli E\u011fitim Bakan\u0131 Yusuf Tekin, Milli E\u011fitim Akademisi e\u011fitimini tamamlayan 10 bin \u00f6\u011fretmenin atamas\u0131n\u0131n hemen yap\u0131laca\u011f\u0131n\u0131 a\u00e7\u0131klad\u0131. 2024 ve 2025 KPSS i\u00e7in ise yeni atama plan\u0131 bulunmad\u0131\u011f\u0131n\u0131 duyurdu.","breadcrumb":{"@id":"https:\/\/memurunsesi.net\/index.php\/2026\/02\/23\/bakan-tekin-10-bin-ogretmen-atamasi-akademi-sureci-sonrasi-yapilacak\/#breadcrumb"},"inLanguage":"tr","potentialAction":[{"@type":"ReadAction","target":["https:\/\/memurunsesi.net\/index.php\/2026\/02\/23\/bakan-tekin-10-bin-ogretmen-atamasi-akademi-sureci-sonrasi-yapilacak\/"]}]},{"@type":"ImageObject","inLanguage":"tr","@id":"https:\/\/memurunsesi.net\/index.php\/2026\/02\/23\/bakan-tekin-10-bin-ogretmen-atamasi-akademi-sureci-sonrasi-yapilacak\/#primaryimage","url":"https:\/\/memurunsesi.net\/wp-content\/uploads\/2026\/02\/MILLI-EGITIM.jpg","contentUrl":"https:\/\/memurunsesi.net\/wp-content\/uploads\/2026\/02\/MILLI-EGITIM.jpg","width":300,"height":168},{"@type":"BreadcrumbList","@id":"https:\/\/memurunsesi.net\/index.php\/2026\/02\/23\/bakan-tekin-10-bin-ogretmen-atamasi-akademi-sureci-sonrasi-yapilacak\/#breadcrumb","itemListElement":[{"@type":"ListItem","position":1,"name":"Anasayfa","item":"https:\/\/memurunsesi.net\/"},{"@type":"ListItem","position":2,"name":"Bakan Tekin: 10 Bin \u00d6\u011fretmen Atamas\u0131 Akademi S\u00fcreci Sonras\u0131 Yap\u0131lacak"}]},{"@type":"WebSite","@id":"https:\/\/memurunsesi.net\/#website","url":"https:\/\/memurunsesi.net\/","name":"Memurun Sesi","description":"G\u00fcncel ve Do\u011fru Haber","publisher":{"@id":"https:\/\/memurunsesi.net\/#organization"},"potentialAction":[{"@type":"SearchAction","target":{"@type":"EntryPoint","urlTemplate":"https:\/\/memurunsesi.net\/?s={search_term_string}"},"query-input":{"@type":"PropertyValueSpecification","valueRequired":true,"valueName":"search_term_string"}}],"inLanguage":"tr"},{"@type":"Organization","@id":"https:\/\/memurunsesi.net\/#organization","name":"Memurun Sesi","url":"https:\/\/memurunsesi.net\/","logo":{"@type":"ImageObject","inLanguage":"tr","@id":"https:\/\/memurunsesi.net\/#\/schema\/logo\/image\/","url":"https:\/\/memurunsesi.net\/wp-content\/uploads\/2025\/11\/cropped-MEMURUN-SESI.png","contentUrl":"https:\/\/memurunsesi.net\/wp-content\/uploads\/2025\/11\/cropped-MEMURUN-SESI.png","width":238,"height":57,"caption":"Memurun Sesi"},"image":{"@id":"https:\/\/memurunsesi.net\/#\/schema\/logo\/image\/"},"sameAs":["https:\/\/www.facebook.com\/unipersen\/?locale=tr_TR","https:\/\/x.com\/unipersen"]},{"@type":"Person","@id":"https:\/\/memurunsesi.net\/#\/schema\/person\/f21c2d73b89f6ee1d80b0a1803e38587","name":"Memurun Sesi Haber Merkezi","image":{"@type":"ImageObject","inLanguage":"tr","@id":"https:\/\/secure.gravatar.com\/avatar\/6cf0505f452ee753f485014986fab09a434671d2b919ee76fc541025c5876a70?s=96&d=mm&r=g","url":"https:\/\/secure.gravatar.com\/avatar\/6cf0505f452ee753f485014986fab09a434671d2b919ee76fc541025c5876a70?s=96&d=mm&r=g","contentUrl":"https:\/\/secure.gravatar.com\/avatar\/6cf0505f452ee753f485014986fab09a434671d2b919ee76fc541025c5876a70?s=96&d=mm&r=g","caption":"Memurun Sesi Haber Merkezi"},"sameAs":["https:\/\/memurunsesi.net"],"url":"https:\/\/memurunsesi.net\/index.php\/author\/uniper\/"}]}},"_links":{"self":[{"href":"https:\/\/memurunsesi.net\/index.php\/wp-json\/wp\/v2\/posts\/17771","targetHints":{"allow":["GET"]}}],"collection":[{"href":"https:\/\/memurunsesi.net\/index.php\/wp-json\/wp\/v2\/posts"}],"about":[{"href":"https:\/\/memurunsesi.net\/index.php\/wp-json\/wp\/v2\/types\/post"}],"author":[{"embeddable":true,"href":"https:\/\/memurunsesi.net\/index.php\/wp-json\/wp\/v2\/users\/1"}],"replies":[{"embeddable":true,"href":"https:\/\/memurunsesi.net\/index.php\/wp-json\/wp\/v2\/comments?post=17771"}],"version-history":[{"count":1,"href":"https:\/\/memurunsesi.net\/index.php\/wp-json\/wp\/v2\/posts\/17771\/revisions"}],"predecessor-version":[{"id":17773,"href":"https:\/\/memurunsesi.net\/index.php\/wp-json\/wp\/v2\/posts\/17771\/revisions\/17773"}],"wp:featuredmedia":[{"embeddable":true,"href":"https:\/\/memurunsesi.net\/index.php\/wp-json\/wp\/v2\/media\/17772"}],"wp:attachment":[{"href":"https:\/\/memurunsesi.net\/index.php\/wp-json\/wp\/v2\/media?parent=17771"}],"wp:term":[{"taxonomy":"category","embeddable":true,"href":"https:\/\/memurunsesi.net\/index.php\/wp-json\/wp\/v2\/categories?post=17771"},{"taxonomy":"post_tag","embeddable":true,"href":"https:\/\/memurunsesi.net\/index.php\/wp-json\/wp\/v2\/tags?post=17771"}],"curies":[{"name":"wp","href":"https:\/\/api.w.org\/{rel}","templated":true}]}}