{"id":17827,"date":"2026-02-24T22:09:46","date_gmt":"2026-02-24T19:09:46","guid":{"rendered":"https:\/\/memurunsesi.net\/?p=17827"},"modified":"2026-02-24T22:09:46","modified_gmt":"2026-02-24T19:09:46","slug":"uzmandan-ramazan-uyarisi-iftarda-yapilan-bu-hata-vucudu-soka-sokuyor","status":"publish","type":"post","link":"https:\/\/memurunsesi.net\/index.php\/2026\/02\/24\/uzmandan-ramazan-uyarisi-iftarda-yapilan-bu-hata-vucudu-soka-sokuyor\/","title":{"rendered":"Uzmandan Ramazan uyar\u0131s\u0131: \u0130ftarda yap\u0131lan bu hata v\u00fccudu \u015foka sokuyor"},"content":{"rendered":"<p>Tuzla Devlet Hastanesi\u2019nde g\u00f6rev yapan Beslenme ve Diyet Uzman\u0131 Feyzanur Turan, Ramazan ay\u0131nda yap\u0131lan beslenme hatalar\u0131na kar\u015f\u0131 \u00f6nemli uyar\u0131larda bulundu. \u00d6zellikle iftar saatinde yap\u0131lan ani ve kontrols\u00fcz yemek t\u00fcketiminin metabolik dengeyi bozdu\u011funu belirten Turan, &#8220;Uzun s\u00fcreli a\u00e7l\u0131k sonras\u0131 h\u0131zl\u0131 yemek yemek kan \u015fekerini aniden y\u00fckseltir. Bu durum v\u00fccutta adeta \u015fok etkisi olu\u015fturur&#8221; dedi.<\/p>\n<p>Ramazan ay\u0131nda uzun s\u00fcren a\u00e7l\u0131k sonras\u0131 do\u011fru ve dengeli beslenme b\u00fcy\u00fck \u00f6nem ta\u015f\u0131yor. Uzmanlar, \u00f6zellikle iftar ve sahurda yap\u0131lan hatalar\u0131n sa\u011fl\u0131k sorunlar\u0131na yol a\u00e7abilece\u011fine dikkat \u00e7ekerek vatanda\u015flar\u0131 bilin\u00e7li beslenme konusunda uyar\u0131yor. Tuzla Devlet Hastanesi\u2019nde g\u00f6rev yapan Beslenme ve Diyet Uzman\u0131 Feyzanur Turan, iftarda aniden ve h\u0131zl\u0131 yemek yemenin \u00f6zellikle kan \u015fekerinde dalgalanmalar ve \u015fi\u015fkinlik gibi problemlere yol a\u00e7aca\u011f\u0131n\u0131 ifade ederek, iftar\u0131 ara vererek 2 a\u015famada yapman\u0131n \u00f6nemine dikkat \u00e7ekti.<\/p>\n<p>&#8220;\u0130ftar metabolizma a\u00e7\u0131s\u0131ndan g\u00fcn\u00fcn en hassas \u00f6\u011f\u00fcn\u00fc&#8221;<br \/>\nRamazan\u2019da en kritik \u00f6\u011f\u00fcn\u00fcn sahur oldu\u011funu belirten Beslenme ve Diyet Uzman\u0131 Feyzanur Turan, sahurun atlanmas\u0131n\u0131n g\u00fcn i\u00e7inde v\u00fccudu pek \u00e7ok noktada zorlayabilece\u011fini dile getirdi. Sahur ve iftar i\u00e7in ideal beslenme modellerini aktaran Turan, \u015fu \u015fekilde konu\u015ftu:<br \/>\n&#8220;G\u00fcnl\u00fck hayatta genellikle az ve s\u0131k beslenme modelini \u00f6neriyoruz. Ancak Ramazan&#8217;da bu s\u00fcre daha k\u0131s\u0131tl\u0131 oldu\u011fu i\u00e7in almam\u0131z gereken enerjiyi bu zaman dilimine g\u00f6re payla\u015ft\u0131rmam\u0131z gerekiyor. Bu noktada sahur, kesinlikle g\u00fcn\u00fcn atlanmamas\u0131 gereken tek \u00f6\u011f\u00fcn\u00fc. Sahuru atlamak g\u00fcn i\u00e7inde kan \u015fekeri dalgalanmalar\u0131na, uyku haline ve kas kay\u0131plar\u0131na sebep olabilir. Sahurda protein, lif ve de\u011ferli ya\u011flar a\u00e7\u0131s\u0131ndan zengin bir kahvalt\u0131 yapmak g\u00fczel bir tercih olacakt\u0131r. \u0130ftar ise metabolizma a\u00e7\u0131s\u0131ndan g\u00fcn\u00fcn en hassas \u00f6\u011f\u00fcn\u00fc \u00e7\u00fcnk\u00fc uzun s\u00fcreli a\u00e7l\u0131k sonras\u0131nda ani ve h\u0131zl\u0131 yemek yeme kan \u015fekerinin y\u00fckselmesine; sindirim problemlerine, \u015fi\u015fkinliklere ve bunlardan kaynakl\u0131 nefes problemlerine sebebiyet verebilir.&#8221;<\/p>\n<p>\u0130ftar\u0131 2 a\u015famada yapmak ve v\u00fccudu dinlendirmek sindirim sistemi a\u00e7\u0131s\u0131ndan \u00e7ok \u00f6nemli&#8221;<br \/>\n\u0130ftar\u0131n iki a\u015famada yap\u0131lmas\u0131n\u0131n sindirim problemlerinin de \u00f6n\u00fcne ge\u00e7ebilece\u011fini belirten Turan, &#8220;\u0130ftar\u0131 2 a\u015famada yapmak \u00f6nemli. Bir miktar su, zeytin ve hurmayla orucu a\u00e7t\u0131ktan sonra \u00e7orba ve salatayla devam etmek iyi bir se\u00e7enek. Ard\u0131ndan 5-10 dakikal\u0131k bir ara vererek v\u00fccudumuzu dinlendirmek de sindirim sistemimize yard\u0131mc\u0131 olacakt\u0131r. \u0130ftar s\u00fcresi boyunca s\u0131v\u0131 al\u0131m\u0131na da \u00f6zen g\u00f6sterilmeli fakat iftara s\u0131v\u0131 y\u00fcklemesiyle ba\u015flamamak gerekiyor; bu \u015fi\u015fkinli\u011fe neden olabilir. Bunun yerine s\u0131v\u0131y\u0131 do\u011fru bir \u015fekilde ve saatlere yayarak almak metabolik denge i\u00e7in \u015fart&#8221; dedi.<\/p>\n<p>Son olarak kronik rahats\u0131zl\u0131\u011f\u0131 olan bireylerin oru\u00e7 tutmadan \u00f6nce mutlaka doktorlar\u0131na dan\u0131\u015fmas\u0131 gerekti\u011fini hat\u0131rlatan Turan, baz\u0131 rahats\u0131zl\u0131klar veya baz\u0131 ila\u00e7lar\u0131n uzun s\u00fcreli a\u00e7l\u0131\u011fa uygun olmayabilece\u011finin alt\u0131n\u0131 \u00e7izdi.<\/p>\n<p>24.02.2026<\/p>\n","protected":false},"excerpt":{"rendered":"<p>Tuzla Devlet Hastanesi\u2019nde g\u00f6rev yapan Beslenme ve Diyet Uzman\u0131 Feyzanur Turan, Ramazan ay\u0131nda yap\u0131lan beslenme hatalar\u0131na kar\u015f\u0131 \u00f6nemli uyar\u0131larda bulundu. \u00d6zellikle iftar saatinde yap\u0131lan ani ve kontrols\u00fcz yemek t\u00fcketiminin metabolik dengeyi bozdu\u011funu belirten Turan, &#8220;Uzun s\u00fcreli a\u00e7l\u0131k sonras\u0131 h\u0131zl\u0131 yemek yemek kan \u015fekerini aniden y\u00fckseltir. Bu durum v\u00fccutta adeta \u015fok etkisi olu\u015fturur&#8221; dedi. Ramazan ay\u0131nda [&hellip;]<\/p>\n","protected":false},"author":1,"featured_media":17828,"comment_status":"open","ping_status":"open","sticky":false,"template":"","format":"standard","meta":{"footnotes":""},"categories":[49],"tags":[1462,1463,1461],"class_list":["post-17827","post","type-post","status-publish","format-standard","has-post-thumbnail","hentry","category-kose-yazilari","tag-beslenme-hatasi","tag-onemli-uyari","tag-ramazan-ayi"],"yoast_head":"<!-- This site is optimized with the Yoast SEO plugin v27.4 - https:\/\/yoast.com\/product\/yoast-seo-wordpress\/ -->\n<title>Uzmandan Ramazan uyar\u0131s\u0131: \u0130ftarda yap\u0131lan bu hata v\u00fccudu \u015foka sokuyor - Memurun Sesi<\/title>\n<meta name=\"description\" content=\"\u00a0 Tuzla Devlet Hastanesi\u2019nde g\u00f6rev yapan Beslenme ve Diyet Uzman\u0131 Feyzanur Turan, Ramazan ay\u0131nda yap\u0131lan beslenme hatalar\u0131na kar\u015f\u0131 \u00f6nemli uyar\u0131larda bulundu.\" \/>\n<meta name=\"robots\" content=\"index, follow, max-snippet:-1, max-image-preview:large, max-video-preview:-1\" \/>\n<link rel=\"canonical\" href=\"https:\/\/memurunsesi.net\/index.php\/2026\/02\/24\/uzmandan-ramazan-uyarisi-iftarda-yapilan-bu-hata-vucudu-soka-sokuyor\/\" \/>\n<meta property=\"og:locale\" content=\"tr_TR\" \/>\n<meta property=\"og:type\" content=\"article\" \/>\n<meta property=\"og:title\" content=\"Uzmandan Ramazan uyar\u0131s\u0131: \u0130ftarda yap\u0131lan bu hata v\u00fccudu \u015foka sokuyor - Memurun Sesi\" \/>\n<meta property=\"og:description\" content=\"\u00a0 Tuzla Devlet Hastanesi\u2019nde g\u00f6rev yapan Beslenme ve Diyet Uzman\u0131 Feyzanur Turan, Ramazan ay\u0131nda yap\u0131lan beslenme hatalar\u0131na kar\u015f\u0131 \u00f6nemli uyar\u0131larda bulundu.\" \/>\n<meta property=\"og:url\" content=\"https:\/\/memurunsesi.net\/index.php\/2026\/02\/24\/uzmandan-ramazan-uyarisi-iftarda-yapilan-bu-hata-vucudu-soka-sokuyor\/\" \/>\n<meta property=\"og:site_name\" content=\"Memurun Sesi\" \/>\n<meta property=\"article:publisher\" content=\"https:\/\/www.facebook.com\/unipersen\/?locale=tr_TR\" \/>\n<meta property=\"article:published_time\" content=\"2026-02-24T19:09:46+00:00\" \/>\n<meta property=\"og:image\" content=\"https:\/\/memurunsesi.net\/wp-content\/uploads\/2026\/02\/beslenme-scaled.jpg\" \/>\n\t<meta property=\"og:image:width\" content=\"2560\" \/>\n\t<meta property=\"og:image:height\" content=\"1440\" \/>\n\t<meta property=\"og:image:type\" content=\"image\/jpeg\" \/>\n<meta name=\"author\" content=\"Memurun Sesi Haber Merkezi\" \/>\n<meta name=\"twitter:card\" content=\"summary_large_image\" \/>\n<meta name=\"twitter:creator\" content=\"@unipersen\" \/>\n<meta name=\"twitter:site\" content=\"@unipersen\" \/>\n<meta name=\"twitter:label1\" content=\"Yazan:\" \/>\n\t<meta name=\"twitter:data1\" content=\"Memurun Sesi Haber Merkezi\" \/>\n\t<meta name=\"twitter:label2\" content=\"Tahmini okuma s\u00fcresi\" \/>\n\t<meta name=\"twitter:data2\" content=\"3 dakika\" \/>\n<script type=\"application\/ld+json\" class=\"yoast-schema-graph\">{\"@context\":\"https:\\\/\\\/schema.org\",\"@graph\":[{\"@type\":\"Article\",\"@id\":\"https:\\\/\\\/memurunsesi.net\\\/index.php\\\/2026\\\/02\\\/24\\\/uzmandan-ramazan-uyarisi-iftarda-yapilan-bu-hata-vucudu-soka-sokuyor\\\/#article\",\"isPartOf\":{\"@id\":\"https:\\\/\\\/memurunsesi.net\\\/index.php\\\/2026\\\/02\\\/24\\\/uzmandan-ramazan-uyarisi-iftarda-yapilan-bu-hata-vucudu-soka-sokuyor\\\/\"},\"author\":{\"name\":\"Memurun Sesi Haber Merkezi\",\"@id\":\"https:\\\/\\\/memurunsesi.net\\\/#\\\/schema\\\/person\\\/f21c2d73b89f6ee1d80b0a1803e38587\"},\"headline\":\"Uzmandan Ramazan uyar\u0131s\u0131: \u0130ftarda yap\u0131lan bu hata v\u00fccudu \u015foka sokuyor\",\"datePublished\":\"2026-02-24T19:09:46+00:00\",\"mainEntityOfPage\":{\"@id\":\"https:\\\/\\\/memurunsesi.net\\\/index.php\\\/2026\\\/02\\\/24\\\/uzmandan-ramazan-uyarisi-iftarda-yapilan-bu-hata-vucudu-soka-sokuyor\\\/\"},\"wordCount\":533,\"commentCount\":0,\"publisher\":{\"@id\":\"https:\\\/\\\/memurunsesi.net\\\/#organization\"},\"image\":{\"@id\":\"https:\\\/\\\/memurunsesi.net\\\/index.php\\\/2026\\\/02\\\/24\\\/uzmandan-ramazan-uyarisi-iftarda-yapilan-bu-hata-vucudu-soka-sokuyor\\\/#primaryimage\"},\"thumbnailUrl\":\"https:\\\/\\\/memurunsesi.net\\\/wp-content\\\/uploads\\\/2026\\\/02\\\/beslenme-scaled.jpg\",\"keywords\":[\"beslenme hatas\u0131\",\"\u00f6nemli uyar\u0131\",\"ramazan ay\u0131\"],\"articleSection\":[\"K\u00f6\u015fe Yaz\u0131lar\u0131\"],\"inLanguage\":\"tr\",\"potentialAction\":[{\"@type\":\"CommentAction\",\"name\":\"Comment\",\"target\":[\"https:\\\/\\\/memurunsesi.net\\\/index.php\\\/2026\\\/02\\\/24\\\/uzmandan-ramazan-uyarisi-iftarda-yapilan-bu-hata-vucudu-soka-sokuyor\\\/#respond\"]}]},{\"@type\":\"WebPage\",\"@id\":\"https:\\\/\\\/memurunsesi.net\\\/index.php\\\/2026\\\/02\\\/24\\\/uzmandan-ramazan-uyarisi-iftarda-yapilan-bu-hata-vucudu-soka-sokuyor\\\/\",\"url\":\"https:\\\/\\\/memurunsesi.net\\\/index.php\\\/2026\\\/02\\\/24\\\/uzmandan-ramazan-uyarisi-iftarda-yapilan-bu-hata-vucudu-soka-sokuyor\\\/\",\"name\":\"Uzmandan Ramazan uyar\u0131s\u0131: \u0130ftarda yap\u0131lan bu hata v\u00fccudu \u015foka sokuyor - Memurun Sesi\",\"isPartOf\":{\"@id\":\"https:\\\/\\\/memurunsesi.net\\\/#website\"},\"primaryImageOfPage\":{\"@id\":\"https:\\\/\\\/memurunsesi.net\\\/index.php\\\/2026\\\/02\\\/24\\\/uzmandan-ramazan-uyarisi-iftarda-yapilan-bu-hata-vucudu-soka-sokuyor\\\/#primaryimage\"},\"image\":{\"@id\":\"https:\\\/\\\/memurunsesi.net\\\/index.php\\\/2026\\\/02\\\/24\\\/uzmandan-ramazan-uyarisi-iftarda-yapilan-bu-hata-vucudu-soka-sokuyor\\\/#primaryimage\"},\"thumbnailUrl\":\"https:\\\/\\\/memurunsesi.net\\\/wp-content\\\/uploads\\\/2026\\\/02\\\/beslenme-scaled.jpg\",\"datePublished\":\"2026-02-24T19:09:46+00:00\",\"description\":\"\u00a0 Tuzla Devlet Hastanesi\u2019nde g\u00f6rev yapan Beslenme ve Diyet Uzman\u0131 Feyzanur Turan, Ramazan ay\u0131nda yap\u0131lan beslenme hatalar\u0131na kar\u015f\u0131 \u00f6nemli uyar\u0131larda bulundu.\",\"breadcrumb\":{\"@id\":\"https:\\\/\\\/memurunsesi.net\\\/index.php\\\/2026\\\/02\\\/24\\\/uzmandan-ramazan-uyarisi-iftarda-yapilan-bu-hata-vucudu-soka-sokuyor\\\/#breadcrumb\"},\"inLanguage\":\"tr\",\"potentialAction\":[{\"@type\":\"ReadAction\",\"target\":[\"https:\\\/\\\/memurunsesi.net\\\/index.php\\\/2026\\\/02\\\/24\\\/uzmandan-ramazan-uyarisi-iftarda-yapilan-bu-hata-vucudu-soka-sokuyor\\\/\"]}]},{\"@type\":\"ImageObject\",\"inLanguage\":\"tr\",\"@id\":\"https:\\\/\\\/memurunsesi.net\\\/index.php\\\/2026\\\/02\\\/24\\\/uzmandan-ramazan-uyarisi-iftarda-yapilan-bu-hata-vucudu-soka-sokuyor\\\/#primaryimage\",\"url\":\"https:\\\/\\\/memurunsesi.net\\\/wp-content\\\/uploads\\\/2026\\\/02\\\/beslenme-scaled.jpg\",\"contentUrl\":\"https:\\\/\\\/memurunsesi.net\\\/wp-content\\\/uploads\\\/2026\\\/02\\\/beslenme-scaled.jpg\",\"width\":2560,\"height\":1440,\"caption\":\"\u00d6ZELL\u0130KLE \u0130FTAR SAAT\u0130NDE YAPILAN AN\u0130 VE KONTROLS\u00dcZ YEMEK T\u00dcKET\u0130M\u0130N\u0130N METABOL\u0130K DENGEY\u0130 BOZDU\u011eUNU BEL\u0130RTEN TURAN, \\\"UZUN S\u00dcREL\u0130 A\u00c7LIK SONRASI HIZLI YEMEK YEMEK KAN \u015eEKER\u0130N\u0130 AN\u0130DEN Y\u00dcKSELT\u0130R. BU DURUM V\u00dcCUTTA ADETA \u015eOK ETK\u0130S\u0130 OLU\u015eTURUR\\\" DED\u0130. (HAL\u0130T ARSLAN\\\/\u0130STANBUL-\u0130HA) Tuzla Devlet Hastanesi'nde g\u00f6rev yapan Beslenme ve Diyet Uzman\u0131 Feyzanur Turan, Ramazan ay\u0131nda yap\u0131lan beslenme hatalar\u0131na kar\u015f\u0131 \u00f6nemli uyar\u0131larda bulundu. \u00d6zellikle iftar saatinde yap\u0131lan ani ve kontrols\u00fcz yemek t\u00fcketiminin metabolik dengeyi bozdu\u011funu belirten Turan, \\\"Uzun s\u00fcreli a\u00e7l\u0131k sonras\u0131 h\u0131zl\u0131 yemek yemek kan \u015fekerini aniden y\u00fckseltir. Bu durum v\u00fccutta adeta \u015fok etkisi olu\u015fturur\\\" dedi.\"},{\"@type\":\"BreadcrumbList\",\"@id\":\"https:\\\/\\\/memurunsesi.net\\\/index.php\\\/2026\\\/02\\\/24\\\/uzmandan-ramazan-uyarisi-iftarda-yapilan-bu-hata-vucudu-soka-sokuyor\\\/#breadcrumb\",\"itemListElement\":[{\"@type\":\"ListItem\",\"position\":1,\"name\":\"Anasayfa\",\"item\":\"https:\\\/\\\/memurunsesi.net\\\/\"},{\"@type\":\"ListItem\",\"position\":2,\"name\":\"Uzmandan Ramazan uyar\u0131s\u0131: \u0130ftarda yap\u0131lan bu hata v\u00fccudu \u015foka sokuyor\"}]},{\"@type\":\"WebSite\",\"@id\":\"https:\\\/\\\/memurunsesi.net\\\/#website\",\"url\":\"https:\\\/\\\/memurunsesi.net\\\/\",\"name\":\"Memurun Sesi\",\"description\":\"G\u00fcncel ve Do\u011fru Haber\",\"publisher\":{\"@id\":\"https:\\\/\\\/memurunsesi.net\\\/#organization\"},\"potentialAction\":[{\"@type\":\"SearchAction\",\"target\":{\"@type\":\"EntryPoint\",\"urlTemplate\":\"https:\\\/\\\/memurunsesi.net\\\/?s={search_term_string}\"},\"query-input\":{\"@type\":\"PropertyValueSpecification\",\"valueRequired\":true,\"valueName\":\"search_term_string\"}}],\"inLanguage\":\"tr\"},{\"@type\":\"Organization\",\"@id\":\"https:\\\/\\\/memurunsesi.net\\\/#organization\",\"name\":\"Memurun Sesi\",\"url\":\"https:\\\/\\\/memurunsesi.net\\\/\",\"logo\":{\"@type\":\"ImageObject\",\"inLanguage\":\"tr\",\"@id\":\"https:\\\/\\\/memurunsesi.net\\\/#\\\/schema\\\/logo\\\/image\\\/\",\"url\":\"https:\\\/\\\/memurunsesi.net\\\/wp-content\\\/uploads\\\/2025\\\/11\\\/cropped-MEMURUN-SESI.png\",\"contentUrl\":\"https:\\\/\\\/memurunsesi.net\\\/wp-content\\\/uploads\\\/2025\\\/11\\\/cropped-MEMURUN-SESI.png\",\"width\":238,\"height\":57,\"caption\":\"Memurun Sesi\"},\"image\":{\"@id\":\"https:\\\/\\\/memurunsesi.net\\\/#\\\/schema\\\/logo\\\/image\\\/\"},\"sameAs\":[\"https:\\\/\\\/www.facebook.com\\\/unipersen\\\/?locale=tr_TR\",\"https:\\\/\\\/x.com\\\/unipersen\"]},{\"@type\":\"Person\",\"@id\":\"https:\\\/\\\/memurunsesi.net\\\/#\\\/schema\\\/person\\\/f21c2d73b89f6ee1d80b0a1803e38587\",\"name\":\"Memurun Sesi Haber Merkezi\",\"image\":{\"@type\":\"ImageObject\",\"inLanguage\":\"tr\",\"@id\":\"https:\\\/\\\/secure.gravatar.com\\\/avatar\\\/6cf0505f452ee753f485014986fab09a434671d2b919ee76fc541025c5876a70?s=96&d=mm&r=g\",\"url\":\"https:\\\/\\\/secure.gravatar.com\\\/avatar\\\/6cf0505f452ee753f485014986fab09a434671d2b919ee76fc541025c5876a70?s=96&d=mm&r=g\",\"contentUrl\":\"https:\\\/\\\/secure.gravatar.com\\\/avatar\\\/6cf0505f452ee753f485014986fab09a434671d2b919ee76fc541025c5876a70?s=96&d=mm&r=g\",\"caption\":\"Memurun Sesi Haber Merkezi\"},\"sameAs\":[\"https:\\\/\\\/memurunsesi.net\"],\"url\":\"https:\\\/\\\/memurunsesi.net\\\/index.php\\\/author\\\/uniper\\\/\"}]}<\/script>\n<!-- \/ Yoast SEO plugin. -->","yoast_head_json":{"title":"Uzmandan Ramazan uyar\u0131s\u0131: \u0130ftarda yap\u0131lan bu hata v\u00fccudu \u015foka sokuyor - Memurun Sesi","description":"\u00a0 Tuzla Devlet Hastanesi\u2019nde g\u00f6rev yapan Beslenme ve Diyet Uzman\u0131 Feyzanur Turan, Ramazan ay\u0131nda yap\u0131lan beslenme hatalar\u0131na kar\u015f\u0131 \u00f6nemli uyar\u0131larda bulundu.","robots":{"index":"index","follow":"follow","max-snippet":"max-snippet:-1","max-image-preview":"max-image-preview:large","max-video-preview":"max-video-preview:-1"},"canonical":"https:\/\/memurunsesi.net\/index.php\/2026\/02\/24\/uzmandan-ramazan-uyarisi-iftarda-yapilan-bu-hata-vucudu-soka-sokuyor\/","og_locale":"tr_TR","og_type":"article","og_title":"Uzmandan Ramazan uyar\u0131s\u0131: \u0130ftarda yap\u0131lan bu hata v\u00fccudu \u015foka sokuyor - Memurun Sesi","og_description":"\u00a0 Tuzla Devlet Hastanesi\u2019nde g\u00f6rev yapan Beslenme ve Diyet Uzman\u0131 Feyzanur Turan, Ramazan ay\u0131nda yap\u0131lan beslenme hatalar\u0131na kar\u015f\u0131 \u00f6nemli uyar\u0131larda bulundu.","og_url":"https:\/\/memurunsesi.net\/index.php\/2026\/02\/24\/uzmandan-ramazan-uyarisi-iftarda-yapilan-bu-hata-vucudu-soka-sokuyor\/","og_site_name":"Memurun Sesi","article_publisher":"https:\/\/www.facebook.com\/unipersen\/?locale=tr_TR","article_published_time":"2026-02-24T19:09:46+00:00","og_image":[{"width":2560,"height":1440,"url":"https:\/\/memurunsesi.net\/wp-content\/uploads\/2026\/02\/beslenme-scaled.jpg","type":"image\/jpeg"}],"author":"Memurun Sesi Haber Merkezi","twitter_card":"summary_large_image","twitter_creator":"@unipersen","twitter_site":"@unipersen","twitter_misc":{"Yazan:":"Memurun Sesi Haber Merkezi","Tahmini okuma s\u00fcresi":"3 dakika"},"schema":{"@context":"https:\/\/schema.org","@graph":[{"@type":"Article","@id":"https:\/\/memurunsesi.net\/index.php\/2026\/02\/24\/uzmandan-ramazan-uyarisi-iftarda-yapilan-bu-hata-vucudu-soka-sokuyor\/#article","isPartOf":{"@id":"https:\/\/memurunsesi.net\/index.php\/2026\/02\/24\/uzmandan-ramazan-uyarisi-iftarda-yapilan-bu-hata-vucudu-soka-sokuyor\/"},"author":{"name":"Memurun Sesi Haber Merkezi","@id":"https:\/\/memurunsesi.net\/#\/schema\/person\/f21c2d73b89f6ee1d80b0a1803e38587"},"headline":"Uzmandan Ramazan uyar\u0131s\u0131: \u0130ftarda yap\u0131lan bu hata v\u00fccudu \u015foka sokuyor","datePublished":"2026-02-24T19:09:46+00:00","mainEntityOfPage":{"@id":"https:\/\/memurunsesi.net\/index.php\/2026\/02\/24\/uzmandan-ramazan-uyarisi-iftarda-yapilan-bu-hata-vucudu-soka-sokuyor\/"},"wordCount":533,"commentCount":0,"publisher":{"@id":"https:\/\/memurunsesi.net\/#organization"},"image":{"@id":"https:\/\/memurunsesi.net\/index.php\/2026\/02\/24\/uzmandan-ramazan-uyarisi-iftarda-yapilan-bu-hata-vucudu-soka-sokuyor\/#primaryimage"},"thumbnailUrl":"https:\/\/memurunsesi.net\/wp-content\/uploads\/2026\/02\/beslenme-scaled.jpg","keywords":["beslenme hatas\u0131","\u00f6nemli uyar\u0131","ramazan ay\u0131"],"articleSection":["K\u00f6\u015fe Yaz\u0131lar\u0131"],"inLanguage":"tr","potentialAction":[{"@type":"CommentAction","name":"Comment","target":["https:\/\/memurunsesi.net\/index.php\/2026\/02\/24\/uzmandan-ramazan-uyarisi-iftarda-yapilan-bu-hata-vucudu-soka-sokuyor\/#respond"]}]},{"@type":"WebPage","@id":"https:\/\/memurunsesi.net\/index.php\/2026\/02\/24\/uzmandan-ramazan-uyarisi-iftarda-yapilan-bu-hata-vucudu-soka-sokuyor\/","url":"https:\/\/memurunsesi.net\/index.php\/2026\/02\/24\/uzmandan-ramazan-uyarisi-iftarda-yapilan-bu-hata-vucudu-soka-sokuyor\/","name":"Uzmandan Ramazan uyar\u0131s\u0131: \u0130ftarda yap\u0131lan bu hata v\u00fccudu \u015foka sokuyor - Memurun Sesi","isPartOf":{"@id":"https:\/\/memurunsesi.net\/#website"},"primaryImageOfPage":{"@id":"https:\/\/memurunsesi.net\/index.php\/2026\/02\/24\/uzmandan-ramazan-uyarisi-iftarda-yapilan-bu-hata-vucudu-soka-sokuyor\/#primaryimage"},"image":{"@id":"https:\/\/memurunsesi.net\/index.php\/2026\/02\/24\/uzmandan-ramazan-uyarisi-iftarda-yapilan-bu-hata-vucudu-soka-sokuyor\/#primaryimage"},"thumbnailUrl":"https:\/\/memurunsesi.net\/wp-content\/uploads\/2026\/02\/beslenme-scaled.jpg","datePublished":"2026-02-24T19:09:46+00:00","description":"\u00a0 Tuzla Devlet Hastanesi\u2019nde g\u00f6rev yapan Beslenme ve Diyet Uzman\u0131 Feyzanur Turan, Ramazan ay\u0131nda yap\u0131lan beslenme hatalar\u0131na kar\u015f\u0131 \u00f6nemli uyar\u0131larda bulundu.","breadcrumb":{"@id":"https:\/\/memurunsesi.net\/index.php\/2026\/02\/24\/uzmandan-ramazan-uyarisi-iftarda-yapilan-bu-hata-vucudu-soka-sokuyor\/#breadcrumb"},"inLanguage":"tr","potentialAction":[{"@type":"ReadAction","target":["https:\/\/memurunsesi.net\/index.php\/2026\/02\/24\/uzmandan-ramazan-uyarisi-iftarda-yapilan-bu-hata-vucudu-soka-sokuyor\/"]}]},{"@type":"ImageObject","inLanguage":"tr","@id":"https:\/\/memurunsesi.net\/index.php\/2026\/02\/24\/uzmandan-ramazan-uyarisi-iftarda-yapilan-bu-hata-vucudu-soka-sokuyor\/#primaryimage","url":"https:\/\/memurunsesi.net\/wp-content\/uploads\/2026\/02\/beslenme-scaled.jpg","contentUrl":"https:\/\/memurunsesi.net\/wp-content\/uploads\/2026\/02\/beslenme-scaled.jpg","width":2560,"height":1440,"caption":"\u00d6ZELL\u0130KLE \u0130FTAR SAAT\u0130NDE YAPILAN AN\u0130 VE KONTROLS\u00dcZ YEMEK T\u00dcKET\u0130M\u0130N\u0130N METABOL\u0130K DENGEY\u0130 BOZDU\u011eUNU BEL\u0130RTEN TURAN, \"UZUN S\u00dcREL\u0130 A\u00c7LIK SONRASI HIZLI YEMEK YEMEK KAN \u015eEKER\u0130N\u0130 AN\u0130DEN Y\u00dcKSELT\u0130R. BU DURUM V\u00dcCUTTA ADETA \u015eOK ETK\u0130S\u0130 OLU\u015eTURUR\" DED\u0130. (HAL\u0130T ARSLAN\/\u0130STANBUL-\u0130HA) Tuzla Devlet Hastanesi'nde g\u00f6rev yapan Beslenme ve Diyet Uzman\u0131 Feyzanur Turan, Ramazan ay\u0131nda yap\u0131lan beslenme hatalar\u0131na kar\u015f\u0131 \u00f6nemli uyar\u0131larda bulundu. \u00d6zellikle iftar saatinde yap\u0131lan ani ve kontrols\u00fcz yemek t\u00fcketiminin metabolik dengeyi bozdu\u011funu belirten Turan, \"Uzun s\u00fcreli a\u00e7l\u0131k sonras\u0131 h\u0131zl\u0131 yemek yemek kan \u015fekerini aniden y\u00fckseltir. Bu durum v\u00fccutta adeta \u015fok etkisi olu\u015fturur\" dedi."},{"@type":"BreadcrumbList","@id":"https:\/\/memurunsesi.net\/index.php\/2026\/02\/24\/uzmandan-ramazan-uyarisi-iftarda-yapilan-bu-hata-vucudu-soka-sokuyor\/#breadcrumb","itemListElement":[{"@type":"ListItem","position":1,"name":"Anasayfa","item":"https:\/\/memurunsesi.net\/"},{"@type":"ListItem","position":2,"name":"Uzmandan Ramazan uyar\u0131s\u0131: \u0130ftarda yap\u0131lan bu hata v\u00fccudu \u015foka sokuyor"}]},{"@type":"WebSite","@id":"https:\/\/memurunsesi.net\/#website","url":"https:\/\/memurunsesi.net\/","name":"Memurun Sesi","description":"G\u00fcncel ve Do\u011fru Haber","publisher":{"@id":"https:\/\/memurunsesi.net\/#organization"},"potentialAction":[{"@type":"SearchAction","target":{"@type":"EntryPoint","urlTemplate":"https:\/\/memurunsesi.net\/?s={search_term_string}"},"query-input":{"@type":"PropertyValueSpecification","valueRequired":true,"valueName":"search_term_string"}}],"inLanguage":"tr"},{"@type":"Organization","@id":"https:\/\/memurunsesi.net\/#organization","name":"Memurun Sesi","url":"https:\/\/memurunsesi.net\/","logo":{"@type":"ImageObject","inLanguage":"tr","@id":"https:\/\/memurunsesi.net\/#\/schema\/logo\/image\/","url":"https:\/\/memurunsesi.net\/wp-content\/uploads\/2025\/11\/cropped-MEMURUN-SESI.png","contentUrl":"https:\/\/memurunsesi.net\/wp-content\/uploads\/2025\/11\/cropped-MEMURUN-SESI.png","width":238,"height":57,"caption":"Memurun Sesi"},"image":{"@id":"https:\/\/memurunsesi.net\/#\/schema\/logo\/image\/"},"sameAs":["https:\/\/www.facebook.com\/unipersen\/?locale=tr_TR","https:\/\/x.com\/unipersen"]},{"@type":"Person","@id":"https:\/\/memurunsesi.net\/#\/schema\/person\/f21c2d73b89f6ee1d80b0a1803e38587","name":"Memurun Sesi Haber Merkezi","image":{"@type":"ImageObject","inLanguage":"tr","@id":"https:\/\/secure.gravatar.com\/avatar\/6cf0505f452ee753f485014986fab09a434671d2b919ee76fc541025c5876a70?s=96&d=mm&r=g","url":"https:\/\/secure.gravatar.com\/avatar\/6cf0505f452ee753f485014986fab09a434671d2b919ee76fc541025c5876a70?s=96&d=mm&r=g","contentUrl":"https:\/\/secure.gravatar.com\/avatar\/6cf0505f452ee753f485014986fab09a434671d2b919ee76fc541025c5876a70?s=96&d=mm&r=g","caption":"Memurun Sesi Haber Merkezi"},"sameAs":["https:\/\/memurunsesi.net"],"url":"https:\/\/memurunsesi.net\/index.php\/author\/uniper\/"}]}},"_links":{"self":[{"href":"https:\/\/memurunsesi.net\/index.php\/wp-json\/wp\/v2\/posts\/17827","targetHints":{"allow":["GET"]}}],"collection":[{"href":"https:\/\/memurunsesi.net\/index.php\/wp-json\/wp\/v2\/posts"}],"about":[{"href":"https:\/\/memurunsesi.net\/index.php\/wp-json\/wp\/v2\/types\/post"}],"author":[{"embeddable":true,"href":"https:\/\/memurunsesi.net\/index.php\/wp-json\/wp\/v2\/users\/1"}],"replies":[{"embeddable":true,"href":"https:\/\/memurunsesi.net\/index.php\/wp-json\/wp\/v2\/comments?post=17827"}],"version-history":[{"count":1,"href":"https:\/\/memurunsesi.net\/index.php\/wp-json\/wp\/v2\/posts\/17827\/revisions"}],"predecessor-version":[{"id":17829,"href":"https:\/\/memurunsesi.net\/index.php\/wp-json\/wp\/v2\/posts\/17827\/revisions\/17829"}],"wp:featuredmedia":[{"embeddable":true,"href":"https:\/\/memurunsesi.net\/index.php\/wp-json\/wp\/v2\/media\/17828"}],"wp:attachment":[{"href":"https:\/\/memurunsesi.net\/index.php\/wp-json\/wp\/v2\/media?parent=17827"}],"wp:term":[{"taxonomy":"category","embeddable":true,"href":"https:\/\/memurunsesi.net\/index.php\/wp-json\/wp\/v2\/categories?post=17827"},{"taxonomy":"post_tag","embeddable":true,"href":"https:\/\/memurunsesi.net\/index.php\/wp-json\/wp\/v2\/tags?post=17827"}],"curies":[{"name":"wp","href":"https:\/\/api.w.org\/{rel}","templated":true}]}}