{"id":17830,"date":"2026-02-25T08:33:28","date_gmt":"2026-02-25T05:33:28","guid":{"rendered":"https:\/\/memurunsesi.net\/?p=17830"},"modified":"2026-02-25T08:33:28","modified_gmt":"2026-02-25T05:33:28","slug":"balikesirde-kaza-kirima-ugrayan-f-16da-sehit-olan-pilotun-kimligi-aciklandi","status":"publish","type":"post","link":"https:\/\/memurunsesi.net\/index.php\/2026\/02\/25\/balikesirde-kaza-kirima-ugrayan-f-16da-sehit-olan-pilotun-kimligi-aciklandi\/","title":{"rendered":"Bal\u0131kesir&#8217;de kaza k\u0131r\u0131ma u\u011frayan F-16&#8217;da \u015fehit olan pilotun kimli\u011fi a\u00e7\u0131kland\u0131"},"content":{"rendered":"<p>Bal\u0131kesir&#8217;de F-16&#8217;n\u0131n kaza k\u0131r\u0131ma u\u011framas\u0131 sonucu Hava Pilot Binba\u015f\u0131 \u0130brahim Bolat \u015fehit oldu.<br \/>\nMilli Savunma Bakanl\u0131\u011f\u0131 9&#8217;uncu Ana Jet \u00dcs Komutanl\u0131\u011f\u0131 Bal\u0131kesir&#8217;den kalk\u0131\u015f yapan bir F-16 u\u00e7a\u011f\u0131 le 00.56&#8217;dan itibaren telsiz irtibat\u0131 ve iz bilgisi kesildi\u011fini ve u\u00e7a\u011f\u0131n kaza k\u0131r\u0131ma u\u011frad\u0131\u011f\u0131n\u0131 a\u00e7\u0131klam\u0131\u015ft\u0131. Kaza k\u0131r\u0131ma u\u011frayan u\u00e7akta Hava Pilot Binba\u015f\u0131 \u0130brahim Bolat \u015fehit oldu. Milli Savunma Bakan\u0131 Ya\u015far G\u00fcler, \u015fehit Bolat i\u00e7in taziye mesaj\u0131 yay\u0131mlad\u0131.<\/p>\n<p>25.02.2026<\/p>\n","protected":false},"excerpt":{"rendered":"<p>Bal\u0131kesir&#8217;de F-16&#8217;n\u0131n kaza k\u0131r\u0131ma u\u011framas\u0131 sonucu Hava Pilot Binba\u015f\u0131 \u0130brahim Bolat \u015fehit oldu. Milli Savunma Bakanl\u0131\u011f\u0131 9&#8217;uncu Ana Jet \u00dcs Komutanl\u0131\u011f\u0131 Bal\u0131kesir&#8217;den kalk\u0131\u015f yapan bir F-16 u\u00e7a\u011f\u0131 le 00.56&#8217;dan itibaren telsiz irtibat\u0131 ve iz bilgisi kesildi\u011fini ve u\u00e7a\u011f\u0131n kaza k\u0131r\u0131ma u\u011frad\u0131\u011f\u0131n\u0131 a\u00e7\u0131klam\u0131\u015ft\u0131. Kaza k\u0131r\u0131ma u\u011frayan u\u00e7akta Hava Pilot Binba\u015f\u0131 \u0130brahim Bolat \u015fehit oldu. Milli Savunma [&hellip;]<\/p>\n","protected":false},"author":1,"featured_media":17831,"comment_status":"open","ping_status":"open","sticky":false,"template":"","format":"standard","meta":{"footnotes":""},"categories":[45],"tags":[1466,1464,70,1465],"class_list":["post-17830","post","type-post","status-publish","format-standard","has-post-thumbnail","hentry","category-gundem","tag-1-sehit","tag-f-16","tag-kaza","tag-kirim"],"yoast_head":"<!-- This site is optimized with the Yoast SEO plugin v27.4 - https:\/\/yoast.com\/product\/yoast-seo-wordpress\/ -->\n<title>Bal\u0131kesir&#039;de kaza k\u0131r\u0131ma u\u011frayan F-16&#039;da \u015fehit olan pilotun kimli\u011fi a\u00e7\u0131kland\u0131 - Memurun Sesi<\/title>\n<meta name=\"description\" content=\"Milli Savunma Bakanl\u0131\u011f\u0131 9&#039;uncu Ana Jet \u00dcs Komutanl\u0131\u011f\u0131\u00a0Bal\u0131kesir&#039;de F-16&#039;n\u0131n kaza k\u0131r\u0131ma u\u011framas\u0131 sonucu Hava Pilot Binba\u015f\u0131 \u0130brahim Bolat \u015fehit oldu.\" \/>\n<meta name=\"robots\" content=\"index, follow, max-snippet:-1, max-image-preview:large, max-video-preview:-1\" \/>\n<link rel=\"canonical\" href=\"https:\/\/memurunsesi.net\/index.php\/2026\/02\/25\/balikesirde-kaza-kirima-ugrayan-f-16da-sehit-olan-pilotun-kimligi-aciklandi\/\" \/>\n<meta property=\"og:locale\" content=\"tr_TR\" \/>\n<meta property=\"og:type\" content=\"article\" \/>\n<meta property=\"og:title\" content=\"Bal\u0131kesir&#039;de kaza k\u0131r\u0131ma u\u011frayan F-16&#039;da \u015fehit olan pilotun kimli\u011fi a\u00e7\u0131kland\u0131 - Memurun Sesi\" \/>\n<meta property=\"og:description\" content=\"Milli Savunma Bakanl\u0131\u011f\u0131 9&#039;uncu Ana Jet \u00dcs Komutanl\u0131\u011f\u0131\u00a0Bal\u0131kesir&#039;de F-16&#039;n\u0131n kaza k\u0131r\u0131ma u\u011framas\u0131 sonucu Hava Pilot Binba\u015f\u0131 \u0130brahim Bolat \u015fehit oldu.\" \/>\n<meta property=\"og:url\" content=\"https:\/\/memurunsesi.net\/index.php\/2026\/02\/25\/balikesirde-kaza-kirima-ugrayan-f-16da-sehit-olan-pilotun-kimligi-aciklandi\/\" \/>\n<meta property=\"og:site_name\" content=\"Memurun Sesi\" \/>\n<meta property=\"article:publisher\" content=\"https:\/\/www.facebook.com\/unipersen\/?locale=tr_TR\" \/>\n<meta property=\"article:published_time\" content=\"2026-02-25T05:33:28+00:00\" \/>\n<meta property=\"og:image\" content=\"https:\/\/memurunsesi.net\/wp-content\/uploads\/2026\/02\/sehit-4.jpg\" \/>\n\t<meta property=\"og:image:width\" content=\"960\" \/>\n\t<meta property=\"og:image:height\" content=\"720\" \/>\n\t<meta property=\"og:image:type\" content=\"image\/jpeg\" \/>\n<meta name=\"author\" content=\"Memurun Sesi Haber Merkezi\" \/>\n<meta name=\"twitter:card\" content=\"summary_large_image\" \/>\n<meta name=\"twitter:creator\" content=\"@unipersen\" \/>\n<meta name=\"twitter:site\" content=\"@unipersen\" \/>\n<meta name=\"twitter:label1\" content=\"Yazan:\" \/>\n\t<meta name=\"twitter:data1\" content=\"Memurun Sesi Haber Merkezi\" \/>\n\t<meta name=\"twitter:label2\" content=\"Tahmini okuma s\u00fcresi\" \/>\n\t<meta name=\"twitter:data2\" content=\"1 dakika\" \/>\n<script type=\"application\/ld+json\" class=\"yoast-schema-graph\">{\"@context\":\"https:\\\/\\\/schema.org\",\"@graph\":[{\"@type\":\"Article\",\"@id\":\"https:\\\/\\\/memurunsesi.net\\\/index.php\\\/2026\\\/02\\\/25\\\/balikesirde-kaza-kirima-ugrayan-f-16da-sehit-olan-pilotun-kimligi-aciklandi\\\/#article\",\"isPartOf\":{\"@id\":\"https:\\\/\\\/memurunsesi.net\\\/index.php\\\/2026\\\/02\\\/25\\\/balikesirde-kaza-kirima-ugrayan-f-16da-sehit-olan-pilotun-kimligi-aciklandi\\\/\"},\"author\":{\"name\":\"Memurun Sesi Haber Merkezi\",\"@id\":\"https:\\\/\\\/memurunsesi.net\\\/#\\\/schema\\\/person\\\/f21c2d73b89f6ee1d80b0a1803e38587\"},\"headline\":\"Bal\u0131kesir&#8217;de kaza k\u0131r\u0131ma u\u011frayan F-16&#8217;da \u015fehit olan pilotun kimli\u011fi a\u00e7\u0131kland\u0131\",\"datePublished\":\"2026-02-25T05:33:28+00:00\",\"mainEntityOfPage\":{\"@id\":\"https:\\\/\\\/memurunsesi.net\\\/index.php\\\/2026\\\/02\\\/25\\\/balikesirde-kaza-kirima-ugrayan-f-16da-sehit-olan-pilotun-kimligi-aciklandi\\\/\"},\"wordCount\":109,\"commentCount\":0,\"publisher\":{\"@id\":\"https:\\\/\\\/memurunsesi.net\\\/#organization\"},\"image\":{\"@id\":\"https:\\\/\\\/memurunsesi.net\\\/index.php\\\/2026\\\/02\\\/25\\\/balikesirde-kaza-kirima-ugrayan-f-16da-sehit-olan-pilotun-kimligi-aciklandi\\\/#primaryimage\"},\"thumbnailUrl\":\"https:\\\/\\\/memurunsesi.net\\\/wp-content\\\/uploads\\\/2026\\\/02\\\/sehit-4.jpg\",\"keywords\":[\"1 \u015fehit\",\"f-16\",\"kaza\",\"k\u0131r\u0131m\"],\"articleSection\":[\"G\u00fcndem\"],\"inLanguage\":\"tr\",\"potentialAction\":[{\"@type\":\"CommentAction\",\"name\":\"Comment\",\"target\":[\"https:\\\/\\\/memurunsesi.net\\\/index.php\\\/2026\\\/02\\\/25\\\/balikesirde-kaza-kirima-ugrayan-f-16da-sehit-olan-pilotun-kimligi-aciklandi\\\/#respond\"]}]},{\"@type\":\"WebPage\",\"@id\":\"https:\\\/\\\/memurunsesi.net\\\/index.php\\\/2026\\\/02\\\/25\\\/balikesirde-kaza-kirima-ugrayan-f-16da-sehit-olan-pilotun-kimligi-aciklandi\\\/\",\"url\":\"https:\\\/\\\/memurunsesi.net\\\/index.php\\\/2026\\\/02\\\/25\\\/balikesirde-kaza-kirima-ugrayan-f-16da-sehit-olan-pilotun-kimligi-aciklandi\\\/\",\"name\":\"Bal\u0131kesir'de kaza k\u0131r\u0131ma u\u011frayan F-16'da \u015fehit olan pilotun kimli\u011fi a\u00e7\u0131kland\u0131 - Memurun Sesi\",\"isPartOf\":{\"@id\":\"https:\\\/\\\/memurunsesi.net\\\/#website\"},\"primaryImageOfPage\":{\"@id\":\"https:\\\/\\\/memurunsesi.net\\\/index.php\\\/2026\\\/02\\\/25\\\/balikesirde-kaza-kirima-ugrayan-f-16da-sehit-olan-pilotun-kimligi-aciklandi\\\/#primaryimage\"},\"image\":{\"@id\":\"https:\\\/\\\/memurunsesi.net\\\/index.php\\\/2026\\\/02\\\/25\\\/balikesirde-kaza-kirima-ugrayan-f-16da-sehit-olan-pilotun-kimligi-aciklandi\\\/#primaryimage\"},\"thumbnailUrl\":\"https:\\\/\\\/memurunsesi.net\\\/wp-content\\\/uploads\\\/2026\\\/02\\\/sehit-4.jpg\",\"datePublished\":\"2026-02-25T05:33:28+00:00\",\"description\":\"Milli Savunma Bakanl\u0131\u011f\u0131 9'uncu Ana Jet \u00dcs Komutanl\u0131\u011f\u0131\u00a0Bal\u0131kesir'de F-16'n\u0131n kaza k\u0131r\u0131ma u\u011framas\u0131 sonucu Hava Pilot Binba\u015f\u0131 \u0130brahim Bolat \u015fehit oldu.\",\"breadcrumb\":{\"@id\":\"https:\\\/\\\/memurunsesi.net\\\/index.php\\\/2026\\\/02\\\/25\\\/balikesirde-kaza-kirima-ugrayan-f-16da-sehit-olan-pilotun-kimligi-aciklandi\\\/#breadcrumb\"},\"inLanguage\":\"tr\",\"potentialAction\":[{\"@type\":\"ReadAction\",\"target\":[\"https:\\\/\\\/memurunsesi.net\\\/index.php\\\/2026\\\/02\\\/25\\\/balikesirde-kaza-kirima-ugrayan-f-16da-sehit-olan-pilotun-kimligi-aciklandi\\\/\"]}]},{\"@type\":\"ImageObject\",\"inLanguage\":\"tr\",\"@id\":\"https:\\\/\\\/memurunsesi.net\\\/index.php\\\/2026\\\/02\\\/25\\\/balikesirde-kaza-kirima-ugrayan-f-16da-sehit-olan-pilotun-kimligi-aciklandi\\\/#primaryimage\",\"url\":\"https:\\\/\\\/memurunsesi.net\\\/wp-content\\\/uploads\\\/2026\\\/02\\\/sehit-4.jpg\",\"contentUrl\":\"https:\\\/\\\/memurunsesi.net\\\/wp-content\\\/uploads\\\/2026\\\/02\\\/sehit-4.jpg\",\"width\":960,\"height\":720,\"caption\":\"BALIKES\u0130R'DE F-16'NIN KAZA KIRIMA U\u011eRAMASI SONUCU HAVA P\u0130LOT B\u0130NBA\u015eI \u0130BRAH\u0130M BOLAT \u015eEH\u0130T OLDU. (MUSA ENES AKSAKAL\\\/ANKARA-\u0130HA) Bal\u0131kesir'de F-16'n\u0131n kaza k\u0131r\u0131ma u\u011framas\u0131 sonucu Hava Pilot Binba\u015f\u0131 \u0130brahim Bolat \u015fehit oldu.\"},{\"@type\":\"BreadcrumbList\",\"@id\":\"https:\\\/\\\/memurunsesi.net\\\/index.php\\\/2026\\\/02\\\/25\\\/balikesirde-kaza-kirima-ugrayan-f-16da-sehit-olan-pilotun-kimligi-aciklandi\\\/#breadcrumb\",\"itemListElement\":[{\"@type\":\"ListItem\",\"position\":1,\"name\":\"Anasayfa\",\"item\":\"https:\\\/\\\/memurunsesi.net\\\/\"},{\"@type\":\"ListItem\",\"position\":2,\"name\":\"Bal\u0131kesir&#8217;de kaza k\u0131r\u0131ma u\u011frayan F-16&#8217;da \u015fehit olan pilotun kimli\u011fi a\u00e7\u0131kland\u0131\"}]},{\"@type\":\"WebSite\",\"@id\":\"https:\\\/\\\/memurunsesi.net\\\/#website\",\"url\":\"https:\\\/\\\/memurunsesi.net\\\/\",\"name\":\"Memurun Sesi\",\"description\":\"G\u00fcncel ve Do\u011fru Haber\",\"publisher\":{\"@id\":\"https:\\\/\\\/memurunsesi.net\\\/#organization\"},\"potentialAction\":[{\"@type\":\"SearchAction\",\"target\":{\"@type\":\"EntryPoint\",\"urlTemplate\":\"https:\\\/\\\/memurunsesi.net\\\/?s={search_term_string}\"},\"query-input\":{\"@type\":\"PropertyValueSpecification\",\"valueRequired\":true,\"valueName\":\"search_term_string\"}}],\"inLanguage\":\"tr\"},{\"@type\":\"Organization\",\"@id\":\"https:\\\/\\\/memurunsesi.net\\\/#organization\",\"name\":\"Memurun Sesi\",\"url\":\"https:\\\/\\\/memurunsesi.net\\\/\",\"logo\":{\"@type\":\"ImageObject\",\"inLanguage\":\"tr\",\"@id\":\"https:\\\/\\\/memurunsesi.net\\\/#\\\/schema\\\/logo\\\/image\\\/\",\"url\":\"https:\\\/\\\/memurunsesi.net\\\/wp-content\\\/uploads\\\/2025\\\/11\\\/cropped-MEMURUN-SESI.png\",\"contentUrl\":\"https:\\\/\\\/memurunsesi.net\\\/wp-content\\\/uploads\\\/2025\\\/11\\\/cropped-MEMURUN-SESI.png\",\"width\":238,\"height\":57,\"caption\":\"Memurun Sesi\"},\"image\":{\"@id\":\"https:\\\/\\\/memurunsesi.net\\\/#\\\/schema\\\/logo\\\/image\\\/\"},\"sameAs\":[\"https:\\\/\\\/www.facebook.com\\\/unipersen\\\/?locale=tr_TR\",\"https:\\\/\\\/x.com\\\/unipersen\"]},{\"@type\":\"Person\",\"@id\":\"https:\\\/\\\/memurunsesi.net\\\/#\\\/schema\\\/person\\\/f21c2d73b89f6ee1d80b0a1803e38587\",\"name\":\"Memurun Sesi Haber Merkezi\",\"image\":{\"@type\":\"ImageObject\",\"inLanguage\":\"tr\",\"@id\":\"https:\\\/\\\/secure.gravatar.com\\\/avatar\\\/6cf0505f452ee753f485014986fab09a434671d2b919ee76fc541025c5876a70?s=96&d=mm&r=g\",\"url\":\"https:\\\/\\\/secure.gravatar.com\\\/avatar\\\/6cf0505f452ee753f485014986fab09a434671d2b919ee76fc541025c5876a70?s=96&d=mm&r=g\",\"contentUrl\":\"https:\\\/\\\/secure.gravatar.com\\\/avatar\\\/6cf0505f452ee753f485014986fab09a434671d2b919ee76fc541025c5876a70?s=96&d=mm&r=g\",\"caption\":\"Memurun Sesi Haber Merkezi\"},\"sameAs\":[\"https:\\\/\\\/memurunsesi.net\"],\"url\":\"https:\\\/\\\/memurunsesi.net\\\/index.php\\\/author\\\/uniper\\\/\"}]}<\/script>\n<!-- \/ Yoast SEO plugin. -->","yoast_head_json":{"title":"Bal\u0131kesir'de kaza k\u0131r\u0131ma u\u011frayan F-16'da \u015fehit olan pilotun kimli\u011fi a\u00e7\u0131kland\u0131 - Memurun Sesi","description":"Milli Savunma Bakanl\u0131\u011f\u0131 9'uncu Ana Jet \u00dcs Komutanl\u0131\u011f\u0131\u00a0Bal\u0131kesir'de F-16'n\u0131n kaza k\u0131r\u0131ma u\u011framas\u0131 sonucu Hava Pilot Binba\u015f\u0131 \u0130brahim Bolat \u015fehit oldu.","robots":{"index":"index","follow":"follow","max-snippet":"max-snippet:-1","max-image-preview":"max-image-preview:large","max-video-preview":"max-video-preview:-1"},"canonical":"https:\/\/memurunsesi.net\/index.php\/2026\/02\/25\/balikesirde-kaza-kirima-ugrayan-f-16da-sehit-olan-pilotun-kimligi-aciklandi\/","og_locale":"tr_TR","og_type":"article","og_title":"Bal\u0131kesir'de kaza k\u0131r\u0131ma u\u011frayan F-16'da \u015fehit olan pilotun kimli\u011fi a\u00e7\u0131kland\u0131 - Memurun Sesi","og_description":"Milli Savunma Bakanl\u0131\u011f\u0131 9'uncu Ana Jet \u00dcs Komutanl\u0131\u011f\u0131\u00a0Bal\u0131kesir'de F-16'n\u0131n kaza k\u0131r\u0131ma u\u011framas\u0131 sonucu Hava Pilot Binba\u015f\u0131 \u0130brahim Bolat \u015fehit oldu.","og_url":"https:\/\/memurunsesi.net\/index.php\/2026\/02\/25\/balikesirde-kaza-kirima-ugrayan-f-16da-sehit-olan-pilotun-kimligi-aciklandi\/","og_site_name":"Memurun Sesi","article_publisher":"https:\/\/www.facebook.com\/unipersen\/?locale=tr_TR","article_published_time":"2026-02-25T05:33:28+00:00","og_image":[{"width":960,"height":720,"url":"https:\/\/memurunsesi.net\/wp-content\/uploads\/2026\/02\/sehit-4.jpg","type":"image\/jpeg"}],"author":"Memurun Sesi Haber Merkezi","twitter_card":"summary_large_image","twitter_creator":"@unipersen","twitter_site":"@unipersen","twitter_misc":{"Yazan:":"Memurun Sesi Haber Merkezi","Tahmini okuma s\u00fcresi":"1 dakika"},"schema":{"@context":"https:\/\/schema.org","@graph":[{"@type":"Article","@id":"https:\/\/memurunsesi.net\/index.php\/2026\/02\/25\/balikesirde-kaza-kirima-ugrayan-f-16da-sehit-olan-pilotun-kimligi-aciklandi\/#article","isPartOf":{"@id":"https:\/\/memurunsesi.net\/index.php\/2026\/02\/25\/balikesirde-kaza-kirima-ugrayan-f-16da-sehit-olan-pilotun-kimligi-aciklandi\/"},"author":{"name":"Memurun Sesi Haber Merkezi","@id":"https:\/\/memurunsesi.net\/#\/schema\/person\/f21c2d73b89f6ee1d80b0a1803e38587"},"headline":"Bal\u0131kesir&#8217;de kaza k\u0131r\u0131ma u\u011frayan F-16&#8217;da \u015fehit olan pilotun kimli\u011fi a\u00e7\u0131kland\u0131","datePublished":"2026-02-25T05:33:28+00:00","mainEntityOfPage":{"@id":"https:\/\/memurunsesi.net\/index.php\/2026\/02\/25\/balikesirde-kaza-kirima-ugrayan-f-16da-sehit-olan-pilotun-kimligi-aciklandi\/"},"wordCount":109,"commentCount":0,"publisher":{"@id":"https:\/\/memurunsesi.net\/#organization"},"image":{"@id":"https:\/\/memurunsesi.net\/index.php\/2026\/02\/25\/balikesirde-kaza-kirima-ugrayan-f-16da-sehit-olan-pilotun-kimligi-aciklandi\/#primaryimage"},"thumbnailUrl":"https:\/\/memurunsesi.net\/wp-content\/uploads\/2026\/02\/sehit-4.jpg","keywords":["1 \u015fehit","f-16","kaza","k\u0131r\u0131m"],"articleSection":["G\u00fcndem"],"inLanguage":"tr","potentialAction":[{"@type":"CommentAction","name":"Comment","target":["https:\/\/memurunsesi.net\/index.php\/2026\/02\/25\/balikesirde-kaza-kirima-ugrayan-f-16da-sehit-olan-pilotun-kimligi-aciklandi\/#respond"]}]},{"@type":"WebPage","@id":"https:\/\/memurunsesi.net\/index.php\/2026\/02\/25\/balikesirde-kaza-kirima-ugrayan-f-16da-sehit-olan-pilotun-kimligi-aciklandi\/","url":"https:\/\/memurunsesi.net\/index.php\/2026\/02\/25\/balikesirde-kaza-kirima-ugrayan-f-16da-sehit-olan-pilotun-kimligi-aciklandi\/","name":"Bal\u0131kesir'de kaza k\u0131r\u0131ma u\u011frayan F-16'da \u015fehit olan pilotun kimli\u011fi a\u00e7\u0131kland\u0131 - Memurun Sesi","isPartOf":{"@id":"https:\/\/memurunsesi.net\/#website"},"primaryImageOfPage":{"@id":"https:\/\/memurunsesi.net\/index.php\/2026\/02\/25\/balikesirde-kaza-kirima-ugrayan-f-16da-sehit-olan-pilotun-kimligi-aciklandi\/#primaryimage"},"image":{"@id":"https:\/\/memurunsesi.net\/index.php\/2026\/02\/25\/balikesirde-kaza-kirima-ugrayan-f-16da-sehit-olan-pilotun-kimligi-aciklandi\/#primaryimage"},"thumbnailUrl":"https:\/\/memurunsesi.net\/wp-content\/uploads\/2026\/02\/sehit-4.jpg","datePublished":"2026-02-25T05:33:28+00:00","description":"Milli Savunma Bakanl\u0131\u011f\u0131 9'uncu Ana Jet \u00dcs Komutanl\u0131\u011f\u0131\u00a0Bal\u0131kesir'de F-16'n\u0131n kaza k\u0131r\u0131ma u\u011framas\u0131 sonucu Hava Pilot Binba\u015f\u0131 \u0130brahim Bolat \u015fehit oldu.","breadcrumb":{"@id":"https:\/\/memurunsesi.net\/index.php\/2026\/02\/25\/balikesirde-kaza-kirima-ugrayan-f-16da-sehit-olan-pilotun-kimligi-aciklandi\/#breadcrumb"},"inLanguage":"tr","potentialAction":[{"@type":"ReadAction","target":["https:\/\/memurunsesi.net\/index.php\/2026\/02\/25\/balikesirde-kaza-kirima-ugrayan-f-16da-sehit-olan-pilotun-kimligi-aciklandi\/"]}]},{"@type":"ImageObject","inLanguage":"tr","@id":"https:\/\/memurunsesi.net\/index.php\/2026\/02\/25\/balikesirde-kaza-kirima-ugrayan-f-16da-sehit-olan-pilotun-kimligi-aciklandi\/#primaryimage","url":"https:\/\/memurunsesi.net\/wp-content\/uploads\/2026\/02\/sehit-4.jpg","contentUrl":"https:\/\/memurunsesi.net\/wp-content\/uploads\/2026\/02\/sehit-4.jpg","width":960,"height":720,"caption":"BALIKES\u0130R'DE F-16'NIN KAZA KIRIMA U\u011eRAMASI SONUCU HAVA P\u0130LOT B\u0130NBA\u015eI \u0130BRAH\u0130M BOLAT \u015eEH\u0130T OLDU. (MUSA ENES AKSAKAL\/ANKARA-\u0130HA) Bal\u0131kesir'de F-16'n\u0131n kaza k\u0131r\u0131ma u\u011framas\u0131 sonucu Hava Pilot Binba\u015f\u0131 \u0130brahim Bolat \u015fehit oldu."},{"@type":"BreadcrumbList","@id":"https:\/\/memurunsesi.net\/index.php\/2026\/02\/25\/balikesirde-kaza-kirima-ugrayan-f-16da-sehit-olan-pilotun-kimligi-aciklandi\/#breadcrumb","itemListElement":[{"@type":"ListItem","position":1,"name":"Anasayfa","item":"https:\/\/memurunsesi.net\/"},{"@type":"ListItem","position":2,"name":"Bal\u0131kesir&#8217;de kaza k\u0131r\u0131ma u\u011frayan F-16&#8217;da \u015fehit olan pilotun kimli\u011fi a\u00e7\u0131kland\u0131"}]},{"@type":"WebSite","@id":"https:\/\/memurunsesi.net\/#website","url":"https:\/\/memurunsesi.net\/","name":"Memurun Sesi","description":"G\u00fcncel ve Do\u011fru Haber","publisher":{"@id":"https:\/\/memurunsesi.net\/#organization"},"potentialAction":[{"@type":"SearchAction","target":{"@type":"EntryPoint","urlTemplate":"https:\/\/memurunsesi.net\/?s={search_term_string}"},"query-input":{"@type":"PropertyValueSpecification","valueRequired":true,"valueName":"search_term_string"}}],"inLanguage":"tr"},{"@type":"Organization","@id":"https:\/\/memurunsesi.net\/#organization","name":"Memurun Sesi","url":"https:\/\/memurunsesi.net\/","logo":{"@type":"ImageObject","inLanguage":"tr","@id":"https:\/\/memurunsesi.net\/#\/schema\/logo\/image\/","url":"https:\/\/memurunsesi.net\/wp-content\/uploads\/2025\/11\/cropped-MEMURUN-SESI.png","contentUrl":"https:\/\/memurunsesi.net\/wp-content\/uploads\/2025\/11\/cropped-MEMURUN-SESI.png","width":238,"height":57,"caption":"Memurun Sesi"},"image":{"@id":"https:\/\/memurunsesi.net\/#\/schema\/logo\/image\/"},"sameAs":["https:\/\/www.facebook.com\/unipersen\/?locale=tr_TR","https:\/\/x.com\/unipersen"]},{"@type":"Person","@id":"https:\/\/memurunsesi.net\/#\/schema\/person\/f21c2d73b89f6ee1d80b0a1803e38587","name":"Memurun Sesi Haber Merkezi","image":{"@type":"ImageObject","inLanguage":"tr","@id":"https:\/\/secure.gravatar.com\/avatar\/6cf0505f452ee753f485014986fab09a434671d2b919ee76fc541025c5876a70?s=96&d=mm&r=g","url":"https:\/\/secure.gravatar.com\/avatar\/6cf0505f452ee753f485014986fab09a434671d2b919ee76fc541025c5876a70?s=96&d=mm&r=g","contentUrl":"https:\/\/secure.gravatar.com\/avatar\/6cf0505f452ee753f485014986fab09a434671d2b919ee76fc541025c5876a70?s=96&d=mm&r=g","caption":"Memurun Sesi Haber Merkezi"},"sameAs":["https:\/\/memurunsesi.net"],"url":"https:\/\/memurunsesi.net\/index.php\/author\/uniper\/"}]}},"_links":{"self":[{"href":"https:\/\/memurunsesi.net\/index.php\/wp-json\/wp\/v2\/posts\/17830","targetHints":{"allow":["GET"]}}],"collection":[{"href":"https:\/\/memurunsesi.net\/index.php\/wp-json\/wp\/v2\/posts"}],"about":[{"href":"https:\/\/memurunsesi.net\/index.php\/wp-json\/wp\/v2\/types\/post"}],"author":[{"embeddable":true,"href":"https:\/\/memurunsesi.net\/index.php\/wp-json\/wp\/v2\/users\/1"}],"replies":[{"embeddable":true,"href":"https:\/\/memurunsesi.net\/index.php\/wp-json\/wp\/v2\/comments?post=17830"}],"version-history":[{"count":1,"href":"https:\/\/memurunsesi.net\/index.php\/wp-json\/wp\/v2\/posts\/17830\/revisions"}],"predecessor-version":[{"id":17832,"href":"https:\/\/memurunsesi.net\/index.php\/wp-json\/wp\/v2\/posts\/17830\/revisions\/17832"}],"wp:featuredmedia":[{"embeddable":true,"href":"https:\/\/memurunsesi.net\/index.php\/wp-json\/wp\/v2\/media\/17831"}],"wp:attachment":[{"href":"https:\/\/memurunsesi.net\/index.php\/wp-json\/wp\/v2\/media?parent=17830"}],"wp:term":[{"taxonomy":"category","embeddable":true,"href":"https:\/\/memurunsesi.net\/index.php\/wp-json\/wp\/v2\/categories?post=17830"},{"taxonomy":"post_tag","embeddable":true,"href":"https:\/\/memurunsesi.net\/index.php\/wp-json\/wp\/v2\/tags?post=17830"}],"curies":[{"name":"wp","href":"https:\/\/api.w.org\/{rel}","templated":true}]}}