{"id":18060,"date":"2026-03-04T12:26:49","date_gmt":"2026-03-04T09:26:49","guid":{"rendered":"https:\/\/memurunsesi.net\/?p=18060"},"modified":"2026-03-04T12:26:49","modified_gmt":"2026-03-04T09:26:49","slug":"12-yildir-kaciyordu-bursada-yakalandi","status":"publish","type":"post","link":"https:\/\/memurunsesi.net\/index.php\/2026\/03\/04\/12-yildir-kaciyordu-bursada-yakalandi\/","title":{"rendered":"12 y\u0131ld\u0131r ka\u00e7\u0131yordu, Bursa&#8217;da yakaland\u0131"},"content":{"rendered":"<p>Bursa&#8217;da hakk\u0131nda silahl\u0131 ya\u011fma su\u00e7undan 6 y\u0131l 3 ay kesinle\u015fmi\u015f hapis cezas\u0131 bulunan ve 12 y\u0131ld\u0131r ka\u00e7an \u015fah\u0131s, polis ekiplerinin d\u00fczenledi\u011fi operasyonla yakaland\u0131. Yap\u0131lan ara\u015ft\u0131rmalar sonucunda \u015fahs\u0131n yakalanmamak amac\u0131yla yakla\u015f\u0131k 12 y\u0131ld\u0131r farkl\u0131 adreslerde ikamet ederek izini kaybettirmeye \u00e7al\u0131\u015ft\u0131\u011f\u0131 tespit edildi.<br \/>\nAsayi\u015f \u015eube M\u00fcd\u00fcrl\u00fc\u011f\u00fc ekipleri taraf\u0131ndan y\u00fcr\u00fct\u00fclen \u00e7al\u0131\u015fmalar kapsam\u0131nda \u015fahs\u0131n kulland\u0131\u011f\u0131 ara\u00e7 belirlendi. Yap\u0131lan kamera incelemeleri ve saha \u00e7al\u0131\u015fmalar\u0131 sonucunda A.K.&#8217;nin Osmangazi il\u00e7esi Akp\u0131nar Mahallesi&#8217;nde sakland\u0131\u011f\u0131 \u00f6\u011frenildi.<br \/>\n49 ya\u015f\u0131ndaki A.K. Aranan \u015eah\u0131slar B\u00fcro Amirli\u011fi ekipleri taraf\u0131ndan d\u00fczenlenen operasyonla al\u0131nd\u0131. Yakalanan \u015fahs\u0131n emniyetteki i\u015flemlerinin ard\u0131ndan cezaevine teslim edilmesi bekleniyor.<\/p>\n<p>4.03.2026<\/p>\n","protected":false},"excerpt":{"rendered":"<p>Bursa&#8217;da hakk\u0131nda silahl\u0131 ya\u011fma su\u00e7undan 6 y\u0131l 3 ay kesinle\u015fmi\u015f hapis cezas\u0131 bulunan ve 12 y\u0131ld\u0131r ka\u00e7an \u015fah\u0131s, polis ekiplerinin d\u00fczenledi\u011fi operasyonla yakaland\u0131. Yap\u0131lan ara\u015ft\u0131rmalar sonucunda \u015fahs\u0131n yakalanmamak amac\u0131yla yakla\u015f\u0131k 12 y\u0131ld\u0131r farkl\u0131 adreslerde ikamet ederek izini kaybettirmeye \u00e7al\u0131\u015ft\u0131\u011f\u0131 tespit edildi. Asayi\u015f \u015eube M\u00fcd\u00fcrl\u00fc\u011f\u00fc ekipleri taraf\u0131ndan y\u00fcr\u00fct\u00fclen \u00e7al\u0131\u015fmalar kapsam\u0131nda \u015fahs\u0131n kulland\u0131\u011f\u0131 ara\u00e7 belirlendi. Yap\u0131lan kamera [&hellip;]<\/p>\n","protected":false},"author":1,"featured_media":18061,"comment_status":"open","ping_status":"open","sticky":false,"template":"","format":"standard","meta":{"footnotes":""},"categories":[45],"tags":[1761,1762,383,1763],"class_list":["post-18060","post","type-post","status-publish","format-standard","has-post-thumbnail","hentry","category-gundem","tag-12-yil-kacti","tag-bursada-yakalandi","tag-silahli-saldiri","tag-yagma"],"yoast_head":"<!-- This site is optimized with the Yoast SEO plugin v27.4 - https:\/\/yoast.com\/product\/yoast-seo-wordpress\/ -->\n<title>12 y\u0131ld\u0131r ka\u00e7\u0131yordu, Bursa&#039;da yakaland\u0131 - Memurun Sesi<\/title>\n<meta name=\"description\" content=\"\u00a0 \u00a0Bursa&#039;da hakk\u0131nda silahl\u0131 ya\u011fma su\u00e7undan 6 y\u0131l 3 ay kesinle\u015fmi\u015f hapis cezas\u0131 bulunan ve 12 y\u0131ld\u0131r ka\u00e7an \u015fah\u0131s, polis ekiplerinin d\u00fczenledi\u011fi operasyonla yakaland\u0131.\" \/>\n<meta name=\"robots\" content=\"index, follow, max-snippet:-1, max-image-preview:large, max-video-preview:-1\" \/>\n<link rel=\"canonical\" href=\"https:\/\/memurunsesi.net\/index.php\/2026\/03\/04\/12-yildir-kaciyordu-bursada-yakalandi\/\" \/>\n<meta property=\"og:locale\" content=\"tr_TR\" \/>\n<meta property=\"og:type\" content=\"article\" \/>\n<meta property=\"og:title\" content=\"12 y\u0131ld\u0131r ka\u00e7\u0131yordu, Bursa&#039;da yakaland\u0131 - Memurun Sesi\" \/>\n<meta property=\"og:description\" content=\"\u00a0 \u00a0Bursa&#039;da hakk\u0131nda silahl\u0131 ya\u011fma su\u00e7undan 6 y\u0131l 3 ay kesinle\u015fmi\u015f hapis cezas\u0131 bulunan ve 12 y\u0131ld\u0131r ka\u00e7an \u015fah\u0131s, polis ekiplerinin d\u00fczenledi\u011fi operasyonla yakaland\u0131.\" \/>\n<meta property=\"og:url\" content=\"https:\/\/memurunsesi.net\/index.php\/2026\/03\/04\/12-yildir-kaciyordu-bursada-yakalandi\/\" \/>\n<meta property=\"og:site_name\" content=\"Memurun Sesi\" \/>\n<meta property=\"article:publisher\" content=\"https:\/\/www.facebook.com\/unipersen\/?locale=tr_TR\" \/>\n<meta property=\"article:published_time\" content=\"2026-03-04T09:26:49+00:00\" \/>\n<meta property=\"og:image\" content=\"https:\/\/memurunsesi.net\/wp-content\/uploads\/2026\/03\/yagma.jpg\" \/>\n\t<meta property=\"og:image:width\" content=\"1024\" \/>\n\t<meta property=\"og:image:height\" content=\"1536\" \/>\n\t<meta property=\"og:image:type\" content=\"image\/jpeg\" \/>\n<meta name=\"author\" content=\"Memurun Sesi Haber Merkezi\" \/>\n<meta name=\"twitter:card\" content=\"summary_large_image\" \/>\n<meta name=\"twitter:creator\" content=\"@unipersen\" \/>\n<meta name=\"twitter:site\" content=\"@unipersen\" \/>\n<meta name=\"twitter:label1\" content=\"Yazan:\" \/>\n\t<meta name=\"twitter:data1\" content=\"Memurun Sesi Haber Merkezi\" \/>\n\t<meta name=\"twitter:label2\" content=\"Tahmini okuma s\u00fcresi\" \/>\n\t<meta name=\"twitter:data2\" content=\"1 dakika\" \/>\n<script type=\"application\/ld+json\" class=\"yoast-schema-graph\">{\"@context\":\"https:\\\/\\\/schema.org\",\"@graph\":[{\"@type\":\"Article\",\"@id\":\"https:\\\/\\\/memurunsesi.net\\\/index.php\\\/2026\\\/03\\\/04\\\/12-yildir-kaciyordu-bursada-yakalandi\\\/#article\",\"isPartOf\":{\"@id\":\"https:\\\/\\\/memurunsesi.net\\\/index.php\\\/2026\\\/03\\\/04\\\/12-yildir-kaciyordu-bursada-yakalandi\\\/\"},\"author\":{\"name\":\"Memurun Sesi Haber Merkezi\",\"@id\":\"https:\\\/\\\/memurunsesi.net\\\/#\\\/schema\\\/person\\\/f21c2d73b89f6ee1d80b0a1803e38587\"},\"headline\":\"12 y\u0131ld\u0131r ka\u00e7\u0131yordu, Bursa&#8217;da yakaland\u0131\",\"datePublished\":\"2026-03-04T09:26:49+00:00\",\"mainEntityOfPage\":{\"@id\":\"https:\\\/\\\/memurunsesi.net\\\/index.php\\\/2026\\\/03\\\/04\\\/12-yildir-kaciyordu-bursada-yakalandi\\\/\"},\"wordCount\":139,\"commentCount\":0,\"publisher\":{\"@id\":\"https:\\\/\\\/memurunsesi.net\\\/#organization\"},\"image\":{\"@id\":\"https:\\\/\\\/memurunsesi.net\\\/index.php\\\/2026\\\/03\\\/04\\\/12-yildir-kaciyordu-bursada-yakalandi\\\/#primaryimage\"},\"thumbnailUrl\":\"https:\\\/\\\/memurunsesi.net\\\/wp-content\\\/uploads\\\/2026\\\/03\\\/yagma.jpg\",\"keywords\":[\"12 y\u0131l ka\u00e7t\u0131\",\"bursada yakaland\u0131\",\"silahl\u0131 sald\u0131r\u0131\",\"ya\u011fma\"],\"articleSection\":[\"G\u00fcndem\"],\"inLanguage\":\"tr\",\"potentialAction\":[{\"@type\":\"CommentAction\",\"name\":\"Comment\",\"target\":[\"https:\\\/\\\/memurunsesi.net\\\/index.php\\\/2026\\\/03\\\/04\\\/12-yildir-kaciyordu-bursada-yakalandi\\\/#respond\"]}]},{\"@type\":\"WebPage\",\"@id\":\"https:\\\/\\\/memurunsesi.net\\\/index.php\\\/2026\\\/03\\\/04\\\/12-yildir-kaciyordu-bursada-yakalandi\\\/\",\"url\":\"https:\\\/\\\/memurunsesi.net\\\/index.php\\\/2026\\\/03\\\/04\\\/12-yildir-kaciyordu-bursada-yakalandi\\\/\",\"name\":\"12 y\u0131ld\u0131r ka\u00e7\u0131yordu, Bursa'da yakaland\u0131 - Memurun Sesi\",\"isPartOf\":{\"@id\":\"https:\\\/\\\/memurunsesi.net\\\/#website\"},\"primaryImageOfPage\":{\"@id\":\"https:\\\/\\\/memurunsesi.net\\\/index.php\\\/2026\\\/03\\\/04\\\/12-yildir-kaciyordu-bursada-yakalandi\\\/#primaryimage\"},\"image\":{\"@id\":\"https:\\\/\\\/memurunsesi.net\\\/index.php\\\/2026\\\/03\\\/04\\\/12-yildir-kaciyordu-bursada-yakalandi\\\/#primaryimage\"},\"thumbnailUrl\":\"https:\\\/\\\/memurunsesi.net\\\/wp-content\\\/uploads\\\/2026\\\/03\\\/yagma.jpg\",\"datePublished\":\"2026-03-04T09:26:49+00:00\",\"description\":\"\u00a0 \u00a0Bursa'da hakk\u0131nda silahl\u0131 ya\u011fma su\u00e7undan 6 y\u0131l 3 ay kesinle\u015fmi\u015f hapis cezas\u0131 bulunan ve 12 y\u0131ld\u0131r ka\u00e7an \u015fah\u0131s, polis ekiplerinin d\u00fczenledi\u011fi operasyonla yakaland\u0131.\",\"breadcrumb\":{\"@id\":\"https:\\\/\\\/memurunsesi.net\\\/index.php\\\/2026\\\/03\\\/04\\\/12-yildir-kaciyordu-bursada-yakalandi\\\/#breadcrumb\"},\"inLanguage\":\"tr\",\"potentialAction\":[{\"@type\":\"ReadAction\",\"target\":[\"https:\\\/\\\/memurunsesi.net\\\/index.php\\\/2026\\\/03\\\/04\\\/12-yildir-kaciyordu-bursada-yakalandi\\\/\"]}]},{\"@type\":\"ImageObject\",\"inLanguage\":\"tr\",\"@id\":\"https:\\\/\\\/memurunsesi.net\\\/index.php\\\/2026\\\/03\\\/04\\\/12-yildir-kaciyordu-bursada-yakalandi\\\/#primaryimage\",\"url\":\"https:\\\/\\\/memurunsesi.net\\\/wp-content\\\/uploads\\\/2026\\\/03\\\/yagma.jpg\",\"contentUrl\":\"https:\\\/\\\/memurunsesi.net\\\/wp-content\\\/uploads\\\/2026\\\/03\\\/yagma.jpg\",\"width\":1024,\"height\":1536,\"caption\":\"BURSA'DA HAKKINDA S\u0130LAHLI YA\u011eMA SU\u00c7UNDAN KES\u0130NLE\u015eM\u0130\u015e HAP\u0130S CEZASI BULUNAN VE UZUN S\u00dcRED\u0130R ARANAN \u015eAHIS, POL\u0130S EK\u0130PLER\u0130N\u0130N D\u00dcZENLED\u0130\u011e\u0130 OPERASYONLA YAKALANDI. (EMRE \u015eENY\u00dcREKL\u0130\\\/BURSA-\u0130HA) Bursa'da hakk\u0131nda silahl\u0131 ya\u011fma su\u00e7undan 6 y\u0131l 3 ay kesinle\u015fmi\u015f hapis cezas\u0131 bulunan ve 12 y\u0131ld\u0131r ka\u00e7an \u015fah\u0131s, polis ekiplerinin d\u00fczenledi\u011fi operasyonla yakaland\u0131. Yap\u0131lan ara\u015ft\u0131rmalar sonucunda \u015fahs\u0131n yakalanmamak amac\u0131yla yakla\u015f\u0131k 12 y\u0131ld\u0131r farkl\u0131 adreslerde ikamet ederek izini kaybettirmeye \u00e7al\u0131\u015ft\u0131\u011f\u0131 tespit edildi.\"},{\"@type\":\"BreadcrumbList\",\"@id\":\"https:\\\/\\\/memurunsesi.net\\\/index.php\\\/2026\\\/03\\\/04\\\/12-yildir-kaciyordu-bursada-yakalandi\\\/#breadcrumb\",\"itemListElement\":[{\"@type\":\"ListItem\",\"position\":1,\"name\":\"Anasayfa\",\"item\":\"https:\\\/\\\/memurunsesi.net\\\/\"},{\"@type\":\"ListItem\",\"position\":2,\"name\":\"12 y\u0131ld\u0131r ka\u00e7\u0131yordu, Bursa&#8217;da yakaland\u0131\"}]},{\"@type\":\"WebSite\",\"@id\":\"https:\\\/\\\/memurunsesi.net\\\/#website\",\"url\":\"https:\\\/\\\/memurunsesi.net\\\/\",\"name\":\"Memurun Sesi\",\"description\":\"G\u00fcncel ve Do\u011fru Haber\",\"publisher\":{\"@id\":\"https:\\\/\\\/memurunsesi.net\\\/#organization\"},\"potentialAction\":[{\"@type\":\"SearchAction\",\"target\":{\"@type\":\"EntryPoint\",\"urlTemplate\":\"https:\\\/\\\/memurunsesi.net\\\/?s={search_term_string}\"},\"query-input\":{\"@type\":\"PropertyValueSpecification\",\"valueRequired\":true,\"valueName\":\"search_term_string\"}}],\"inLanguage\":\"tr\"},{\"@type\":\"Organization\",\"@id\":\"https:\\\/\\\/memurunsesi.net\\\/#organization\",\"name\":\"Memurun Sesi\",\"url\":\"https:\\\/\\\/memurunsesi.net\\\/\",\"logo\":{\"@type\":\"ImageObject\",\"inLanguage\":\"tr\",\"@id\":\"https:\\\/\\\/memurunsesi.net\\\/#\\\/schema\\\/logo\\\/image\\\/\",\"url\":\"https:\\\/\\\/memurunsesi.net\\\/wp-content\\\/uploads\\\/2025\\\/11\\\/cropped-MEMURUN-SESI.png\",\"contentUrl\":\"https:\\\/\\\/memurunsesi.net\\\/wp-content\\\/uploads\\\/2025\\\/11\\\/cropped-MEMURUN-SESI.png\",\"width\":238,\"height\":57,\"caption\":\"Memurun Sesi\"},\"image\":{\"@id\":\"https:\\\/\\\/memurunsesi.net\\\/#\\\/schema\\\/logo\\\/image\\\/\"},\"sameAs\":[\"https:\\\/\\\/www.facebook.com\\\/unipersen\\\/?locale=tr_TR\",\"https:\\\/\\\/x.com\\\/unipersen\"]},{\"@type\":\"Person\",\"@id\":\"https:\\\/\\\/memurunsesi.net\\\/#\\\/schema\\\/person\\\/f21c2d73b89f6ee1d80b0a1803e38587\",\"name\":\"Memurun Sesi Haber Merkezi\",\"image\":{\"@type\":\"ImageObject\",\"inLanguage\":\"tr\",\"@id\":\"https:\\\/\\\/secure.gravatar.com\\\/avatar\\\/6cf0505f452ee753f485014986fab09a434671d2b919ee76fc541025c5876a70?s=96&d=mm&r=g\",\"url\":\"https:\\\/\\\/secure.gravatar.com\\\/avatar\\\/6cf0505f452ee753f485014986fab09a434671d2b919ee76fc541025c5876a70?s=96&d=mm&r=g\",\"contentUrl\":\"https:\\\/\\\/secure.gravatar.com\\\/avatar\\\/6cf0505f452ee753f485014986fab09a434671d2b919ee76fc541025c5876a70?s=96&d=mm&r=g\",\"caption\":\"Memurun Sesi Haber Merkezi\"},\"sameAs\":[\"https:\\\/\\\/memurunsesi.net\"],\"url\":\"https:\\\/\\\/memurunsesi.net\\\/index.php\\\/author\\\/uniper\\\/\"}]}<\/script>\n<!-- \/ Yoast SEO plugin. -->","yoast_head_json":{"title":"12 y\u0131ld\u0131r ka\u00e7\u0131yordu, Bursa'da yakaland\u0131 - Memurun Sesi","description":"\u00a0 \u00a0Bursa'da hakk\u0131nda silahl\u0131 ya\u011fma su\u00e7undan 6 y\u0131l 3 ay kesinle\u015fmi\u015f hapis cezas\u0131 bulunan ve 12 y\u0131ld\u0131r ka\u00e7an \u015fah\u0131s, polis ekiplerinin d\u00fczenledi\u011fi operasyonla yakaland\u0131.","robots":{"index":"index","follow":"follow","max-snippet":"max-snippet:-1","max-image-preview":"max-image-preview:large","max-video-preview":"max-video-preview:-1"},"canonical":"https:\/\/memurunsesi.net\/index.php\/2026\/03\/04\/12-yildir-kaciyordu-bursada-yakalandi\/","og_locale":"tr_TR","og_type":"article","og_title":"12 y\u0131ld\u0131r ka\u00e7\u0131yordu, Bursa'da yakaland\u0131 - Memurun Sesi","og_description":"\u00a0 \u00a0Bursa'da hakk\u0131nda silahl\u0131 ya\u011fma su\u00e7undan 6 y\u0131l 3 ay kesinle\u015fmi\u015f hapis cezas\u0131 bulunan ve 12 y\u0131ld\u0131r ka\u00e7an \u015fah\u0131s, polis ekiplerinin d\u00fczenledi\u011fi operasyonla yakaland\u0131.","og_url":"https:\/\/memurunsesi.net\/index.php\/2026\/03\/04\/12-yildir-kaciyordu-bursada-yakalandi\/","og_site_name":"Memurun Sesi","article_publisher":"https:\/\/www.facebook.com\/unipersen\/?locale=tr_TR","article_published_time":"2026-03-04T09:26:49+00:00","og_image":[{"width":1024,"height":1536,"url":"https:\/\/memurunsesi.net\/wp-content\/uploads\/2026\/03\/yagma.jpg","type":"image\/jpeg"}],"author":"Memurun Sesi Haber Merkezi","twitter_card":"summary_large_image","twitter_creator":"@unipersen","twitter_site":"@unipersen","twitter_misc":{"Yazan:":"Memurun Sesi Haber Merkezi","Tahmini okuma s\u00fcresi":"1 dakika"},"schema":{"@context":"https:\/\/schema.org","@graph":[{"@type":"Article","@id":"https:\/\/memurunsesi.net\/index.php\/2026\/03\/04\/12-yildir-kaciyordu-bursada-yakalandi\/#article","isPartOf":{"@id":"https:\/\/memurunsesi.net\/index.php\/2026\/03\/04\/12-yildir-kaciyordu-bursada-yakalandi\/"},"author":{"name":"Memurun Sesi Haber Merkezi","@id":"https:\/\/memurunsesi.net\/#\/schema\/person\/f21c2d73b89f6ee1d80b0a1803e38587"},"headline":"12 y\u0131ld\u0131r ka\u00e7\u0131yordu, Bursa&#8217;da yakaland\u0131","datePublished":"2026-03-04T09:26:49+00:00","mainEntityOfPage":{"@id":"https:\/\/memurunsesi.net\/index.php\/2026\/03\/04\/12-yildir-kaciyordu-bursada-yakalandi\/"},"wordCount":139,"commentCount":0,"publisher":{"@id":"https:\/\/memurunsesi.net\/#organization"},"image":{"@id":"https:\/\/memurunsesi.net\/index.php\/2026\/03\/04\/12-yildir-kaciyordu-bursada-yakalandi\/#primaryimage"},"thumbnailUrl":"https:\/\/memurunsesi.net\/wp-content\/uploads\/2026\/03\/yagma.jpg","keywords":["12 y\u0131l ka\u00e7t\u0131","bursada yakaland\u0131","silahl\u0131 sald\u0131r\u0131","ya\u011fma"],"articleSection":["G\u00fcndem"],"inLanguage":"tr","potentialAction":[{"@type":"CommentAction","name":"Comment","target":["https:\/\/memurunsesi.net\/index.php\/2026\/03\/04\/12-yildir-kaciyordu-bursada-yakalandi\/#respond"]}]},{"@type":"WebPage","@id":"https:\/\/memurunsesi.net\/index.php\/2026\/03\/04\/12-yildir-kaciyordu-bursada-yakalandi\/","url":"https:\/\/memurunsesi.net\/index.php\/2026\/03\/04\/12-yildir-kaciyordu-bursada-yakalandi\/","name":"12 y\u0131ld\u0131r ka\u00e7\u0131yordu, Bursa'da yakaland\u0131 - Memurun Sesi","isPartOf":{"@id":"https:\/\/memurunsesi.net\/#website"},"primaryImageOfPage":{"@id":"https:\/\/memurunsesi.net\/index.php\/2026\/03\/04\/12-yildir-kaciyordu-bursada-yakalandi\/#primaryimage"},"image":{"@id":"https:\/\/memurunsesi.net\/index.php\/2026\/03\/04\/12-yildir-kaciyordu-bursada-yakalandi\/#primaryimage"},"thumbnailUrl":"https:\/\/memurunsesi.net\/wp-content\/uploads\/2026\/03\/yagma.jpg","datePublished":"2026-03-04T09:26:49+00:00","description":"\u00a0 \u00a0Bursa'da hakk\u0131nda silahl\u0131 ya\u011fma su\u00e7undan 6 y\u0131l 3 ay kesinle\u015fmi\u015f hapis cezas\u0131 bulunan ve 12 y\u0131ld\u0131r ka\u00e7an \u015fah\u0131s, polis ekiplerinin d\u00fczenledi\u011fi operasyonla yakaland\u0131.","breadcrumb":{"@id":"https:\/\/memurunsesi.net\/index.php\/2026\/03\/04\/12-yildir-kaciyordu-bursada-yakalandi\/#breadcrumb"},"inLanguage":"tr","potentialAction":[{"@type":"ReadAction","target":["https:\/\/memurunsesi.net\/index.php\/2026\/03\/04\/12-yildir-kaciyordu-bursada-yakalandi\/"]}]},{"@type":"ImageObject","inLanguage":"tr","@id":"https:\/\/memurunsesi.net\/index.php\/2026\/03\/04\/12-yildir-kaciyordu-bursada-yakalandi\/#primaryimage","url":"https:\/\/memurunsesi.net\/wp-content\/uploads\/2026\/03\/yagma.jpg","contentUrl":"https:\/\/memurunsesi.net\/wp-content\/uploads\/2026\/03\/yagma.jpg","width":1024,"height":1536,"caption":"BURSA'DA HAKKINDA S\u0130LAHLI YA\u011eMA SU\u00c7UNDAN KES\u0130NLE\u015eM\u0130\u015e HAP\u0130S CEZASI BULUNAN VE UZUN S\u00dcRED\u0130R ARANAN \u015eAHIS, POL\u0130S EK\u0130PLER\u0130N\u0130N D\u00dcZENLED\u0130\u011e\u0130 OPERASYONLA YAKALANDI. (EMRE \u015eENY\u00dcREKL\u0130\/BURSA-\u0130HA) Bursa'da hakk\u0131nda silahl\u0131 ya\u011fma su\u00e7undan 6 y\u0131l 3 ay kesinle\u015fmi\u015f hapis cezas\u0131 bulunan ve 12 y\u0131ld\u0131r ka\u00e7an \u015fah\u0131s, polis ekiplerinin d\u00fczenledi\u011fi operasyonla yakaland\u0131. Yap\u0131lan ara\u015ft\u0131rmalar sonucunda \u015fahs\u0131n yakalanmamak amac\u0131yla yakla\u015f\u0131k 12 y\u0131ld\u0131r farkl\u0131 adreslerde ikamet ederek izini kaybettirmeye \u00e7al\u0131\u015ft\u0131\u011f\u0131 tespit edildi."},{"@type":"BreadcrumbList","@id":"https:\/\/memurunsesi.net\/index.php\/2026\/03\/04\/12-yildir-kaciyordu-bursada-yakalandi\/#breadcrumb","itemListElement":[{"@type":"ListItem","position":1,"name":"Anasayfa","item":"https:\/\/memurunsesi.net\/"},{"@type":"ListItem","position":2,"name":"12 y\u0131ld\u0131r ka\u00e7\u0131yordu, Bursa&#8217;da yakaland\u0131"}]},{"@type":"WebSite","@id":"https:\/\/memurunsesi.net\/#website","url":"https:\/\/memurunsesi.net\/","name":"Memurun Sesi","description":"G\u00fcncel ve Do\u011fru Haber","publisher":{"@id":"https:\/\/memurunsesi.net\/#organization"},"potentialAction":[{"@type":"SearchAction","target":{"@type":"EntryPoint","urlTemplate":"https:\/\/memurunsesi.net\/?s={search_term_string}"},"query-input":{"@type":"PropertyValueSpecification","valueRequired":true,"valueName":"search_term_string"}}],"inLanguage":"tr"},{"@type":"Organization","@id":"https:\/\/memurunsesi.net\/#organization","name":"Memurun Sesi","url":"https:\/\/memurunsesi.net\/","logo":{"@type":"ImageObject","inLanguage":"tr","@id":"https:\/\/memurunsesi.net\/#\/schema\/logo\/image\/","url":"https:\/\/memurunsesi.net\/wp-content\/uploads\/2025\/11\/cropped-MEMURUN-SESI.png","contentUrl":"https:\/\/memurunsesi.net\/wp-content\/uploads\/2025\/11\/cropped-MEMURUN-SESI.png","width":238,"height":57,"caption":"Memurun Sesi"},"image":{"@id":"https:\/\/memurunsesi.net\/#\/schema\/logo\/image\/"},"sameAs":["https:\/\/www.facebook.com\/unipersen\/?locale=tr_TR","https:\/\/x.com\/unipersen"]},{"@type":"Person","@id":"https:\/\/memurunsesi.net\/#\/schema\/person\/f21c2d73b89f6ee1d80b0a1803e38587","name":"Memurun Sesi Haber Merkezi","image":{"@type":"ImageObject","inLanguage":"tr","@id":"https:\/\/secure.gravatar.com\/avatar\/6cf0505f452ee753f485014986fab09a434671d2b919ee76fc541025c5876a70?s=96&d=mm&r=g","url":"https:\/\/secure.gravatar.com\/avatar\/6cf0505f452ee753f485014986fab09a434671d2b919ee76fc541025c5876a70?s=96&d=mm&r=g","contentUrl":"https:\/\/secure.gravatar.com\/avatar\/6cf0505f452ee753f485014986fab09a434671d2b919ee76fc541025c5876a70?s=96&d=mm&r=g","caption":"Memurun Sesi Haber Merkezi"},"sameAs":["https:\/\/memurunsesi.net"],"url":"https:\/\/memurunsesi.net\/index.php\/author\/uniper\/"}]}},"_links":{"self":[{"href":"https:\/\/memurunsesi.net\/index.php\/wp-json\/wp\/v2\/posts\/18060","targetHints":{"allow":["GET"]}}],"collection":[{"href":"https:\/\/memurunsesi.net\/index.php\/wp-json\/wp\/v2\/posts"}],"about":[{"href":"https:\/\/memurunsesi.net\/index.php\/wp-json\/wp\/v2\/types\/post"}],"author":[{"embeddable":true,"href":"https:\/\/memurunsesi.net\/index.php\/wp-json\/wp\/v2\/users\/1"}],"replies":[{"embeddable":true,"href":"https:\/\/memurunsesi.net\/index.php\/wp-json\/wp\/v2\/comments?post=18060"}],"version-history":[{"count":1,"href":"https:\/\/memurunsesi.net\/index.php\/wp-json\/wp\/v2\/posts\/18060\/revisions"}],"predecessor-version":[{"id":18062,"href":"https:\/\/memurunsesi.net\/index.php\/wp-json\/wp\/v2\/posts\/18060\/revisions\/18062"}],"wp:featuredmedia":[{"embeddable":true,"href":"https:\/\/memurunsesi.net\/index.php\/wp-json\/wp\/v2\/media\/18061"}],"wp:attachment":[{"href":"https:\/\/memurunsesi.net\/index.php\/wp-json\/wp\/v2\/media?parent=18060"}],"wp:term":[{"taxonomy":"category","embeddable":true,"href":"https:\/\/memurunsesi.net\/index.php\/wp-json\/wp\/v2\/categories?post=18060"},{"taxonomy":"post_tag","embeddable":true,"href":"https:\/\/memurunsesi.net\/index.php\/wp-json\/wp\/v2\/tags?post=18060"}],"curies":[{"name":"wp","href":"https:\/\/api.w.org\/{rel}","templated":true}]}}