{"id":18064,"date":"2026-03-04T12:57:19","date_gmt":"2026-03-04T09:57:19","guid":{"rendered":"https:\/\/memurunsesi.net\/?p=18064"},"modified":"2026-03-04T12:57:19","modified_gmt":"2026-03-04T09:57:19","slug":"adanada-siddetli-ruzgar-agaclari-devirdi","status":"publish","type":"post","link":"https:\/\/memurunsesi.net\/index.php\/2026\/03\/04\/adanada-siddetli-ruzgar-agaclari-devirdi\/","title":{"rendered":"Adana&#8217;da \u015fiddetli r\u00fczgar a\u011fa\u00e7lar\u0131 devirdi"},"content":{"rendered":"<p>Adana&#8217;da \u015fiddetli r\u00fczgar hayat\u0131 olumsuz etkiledi. R\u00fczgarda devrilen a\u011fa\u00e7lardan baz\u0131lar\u0131 park halindeki ara\u00e7lar\u0131n \u00fczerine d\u00fc\u015ferek hasara yol a\u00e7t\u0131.<br \/>\nMeteorolojinin uyar\u0131lar\u0131n\u0131n ard\u0131ndan kentte etkisini art\u0131ran r\u00fczgar nedeniyle bir\u00e7ok noktada a\u011fa\u00e7lar k\u00f6k\u00fcnden s\u00f6k\u00fclerek devrildi. Devrilen a\u011fa\u00e7lardan baz\u0131lar\u0131 park halindeki ara\u00e7lar\u0131n \u00fczerine d\u00fc\u015ferek hasara yol a\u00e7t\u0131. \u00d6te yandan \u015fiddetli r\u00fczgarda Seyhan Belediyesi hizmet binas\u0131n\u0131n \u00e7at\u0131s\u0131n\u0131n bir b\u00f6l\u00fcm\u00fcn\u00fcn u\u00e7tu. Olayda can kayb\u0131 ya da yaralanma ya\u015fanmad\u0131\u011f\u0131 bildirildi.<br \/>\nEkipler, devrilen a\u011fa\u00e7lar\u0131n kald\u0131r\u0131lmas\u0131 ve tehlikelerin \u00f6n\u00fcne ge\u00e7ilmesi i\u00e7in kent genelinde \u00e7al\u0131\u015fma ba\u015flatt\u0131.<\/p>\n<p>4.03.2026<\/p>\n","protected":false},"excerpt":{"rendered":"<p>Adana&#8217;da \u015fiddetli r\u00fczgar hayat\u0131 olumsuz etkiledi. R\u00fczgarda devrilen a\u011fa\u00e7lardan baz\u0131lar\u0131 park halindeki ara\u00e7lar\u0131n \u00fczerine d\u00fc\u015ferek hasara yol a\u00e7t\u0131. Meteorolojinin uyar\u0131lar\u0131n\u0131n ard\u0131ndan kentte etkisini art\u0131ran r\u00fczgar nedeniyle bir\u00e7ok noktada a\u011fa\u00e7lar k\u00f6k\u00fcnden s\u00f6k\u00fclerek devrildi. Devrilen a\u011fa\u00e7lardan baz\u0131lar\u0131 park halindeki ara\u00e7lar\u0131n \u00fczerine d\u00fc\u015ferek hasara yol a\u00e7t\u0131. \u00d6te yandan \u015fiddetli r\u00fczgarda Seyhan Belediyesi hizmet binas\u0131n\u0131n \u00e7at\u0131s\u0131n\u0131n bir b\u00f6l\u00fcm\u00fcn\u00fcn u\u00e7tu. [&hellip;]<\/p>\n","protected":false},"author":1,"featured_media":18065,"comment_status":"open","ping_status":"open","sticky":false,"template":"","format":"standard","meta":{"footnotes":""},"categories":[50],"tags":[1764,1209],"class_list":["post-18064","post","type-post","status-publish","format-standard","has-post-thumbnail","hentry","category-tum-haberler","tag-agaclari-devirdi","tag-siddetli-yagis"],"yoast_head":"<!-- This site is optimized with the Yoast SEO plugin v27.4 - https:\/\/yoast.com\/product\/yoast-seo-wordpress\/ -->\n<title>Adana&#039;da \u015fiddetli r\u00fczgar a\u011fa\u00e7lar\u0131 devirdi - Memurun Sesi<\/title>\n<meta name=\"description\" content=\"Adana&#039;da \u015fiddetli r\u00fczgar hayat\u0131 olumsuz etkiledi. R\u00fczgarda devrilen a\u011fa\u00e7lardan baz\u0131lar\u0131 park halindeki ara\u00e7lar\u0131n \u00fczerine d\u00fc\u015ferek hasara yol a\u00e7t\u0131.\" \/>\n<meta name=\"robots\" content=\"index, follow, max-snippet:-1, max-image-preview:large, max-video-preview:-1\" \/>\n<link rel=\"canonical\" href=\"https:\/\/memurunsesi.net\/index.php\/2026\/03\/04\/adanada-siddetli-ruzgar-agaclari-devirdi\/\" \/>\n<meta property=\"og:locale\" content=\"tr_TR\" \/>\n<meta property=\"og:type\" content=\"article\" \/>\n<meta property=\"og:title\" content=\"Adana&#039;da \u015fiddetli r\u00fczgar a\u011fa\u00e7lar\u0131 devirdi - Memurun Sesi\" \/>\n<meta property=\"og:description\" content=\"Adana&#039;da \u015fiddetli r\u00fczgar hayat\u0131 olumsuz etkiledi. R\u00fczgarda devrilen a\u011fa\u00e7lardan baz\u0131lar\u0131 park halindeki ara\u00e7lar\u0131n \u00fczerine d\u00fc\u015ferek hasara yol a\u00e7t\u0131.\" \/>\n<meta property=\"og:url\" content=\"https:\/\/memurunsesi.net\/index.php\/2026\/03\/04\/adanada-siddetli-ruzgar-agaclari-devirdi\/\" \/>\n<meta property=\"og:site_name\" content=\"Memurun Sesi\" \/>\n<meta property=\"article:publisher\" content=\"https:\/\/www.facebook.com\/unipersen\/?locale=tr_TR\" \/>\n<meta property=\"article:published_time\" content=\"2026-03-04T09:57:19+00:00\" \/>\n<meta property=\"og:image\" content=\"https:\/\/memurunsesi.net\/wp-content\/uploads\/2026\/03\/adana-2.jpg\" \/>\n\t<meta property=\"og:image:width\" content=\"263\" \/>\n\t<meta property=\"og:image:height\" content=\"480\" \/>\n\t<meta property=\"og:image:type\" content=\"image\/jpeg\" \/>\n<meta name=\"author\" content=\"Memurun Sesi Haber Merkezi\" \/>\n<meta name=\"twitter:card\" content=\"summary_large_image\" \/>\n<meta name=\"twitter:creator\" content=\"@unipersen\" \/>\n<meta name=\"twitter:site\" content=\"@unipersen\" \/>\n<meta name=\"twitter:label1\" content=\"Yazan:\" \/>\n\t<meta name=\"twitter:data1\" content=\"Memurun Sesi Haber Merkezi\" \/>\n\t<meta name=\"twitter:label2\" content=\"Tahmini okuma s\u00fcresi\" \/>\n\t<meta name=\"twitter:data2\" content=\"1 dakika\" \/>\n<script type=\"application\/ld+json\" class=\"yoast-schema-graph\">{\"@context\":\"https:\\\/\\\/schema.org\",\"@graph\":[{\"@type\":\"Article\",\"@id\":\"https:\\\/\\\/memurunsesi.net\\\/index.php\\\/2026\\\/03\\\/04\\\/adanada-siddetli-ruzgar-agaclari-devirdi\\\/#article\",\"isPartOf\":{\"@id\":\"https:\\\/\\\/memurunsesi.net\\\/index.php\\\/2026\\\/03\\\/04\\\/adanada-siddetli-ruzgar-agaclari-devirdi\\\/\"},\"author\":{\"name\":\"Memurun Sesi Haber Merkezi\",\"@id\":\"https:\\\/\\\/memurunsesi.net\\\/#\\\/schema\\\/person\\\/f21c2d73b89f6ee1d80b0a1803e38587\"},\"headline\":\"Adana&#8217;da \u015fiddetli r\u00fczgar a\u011fa\u00e7lar\u0131 devirdi\",\"datePublished\":\"2026-03-04T09:57:19+00:00\",\"mainEntityOfPage\":{\"@id\":\"https:\\\/\\\/memurunsesi.net\\\/index.php\\\/2026\\\/03\\\/04\\\/adanada-siddetli-ruzgar-agaclari-devirdi\\\/\"},\"wordCount\":137,\"commentCount\":0,\"publisher\":{\"@id\":\"https:\\\/\\\/memurunsesi.net\\\/#organization\"},\"image\":{\"@id\":\"https:\\\/\\\/memurunsesi.net\\\/index.php\\\/2026\\\/03\\\/04\\\/adanada-siddetli-ruzgar-agaclari-devirdi\\\/#primaryimage\"},\"thumbnailUrl\":\"https:\\\/\\\/memurunsesi.net\\\/wp-content\\\/uploads\\\/2026\\\/03\\\/adana-2.jpg\",\"keywords\":[\"a\u011fa\u00e7lar\u0131 devirdi\",\"\u015fiddetli ya\u011f\u0131\u015f\"],\"articleSection\":[\"T\u00fcm Haberler\"],\"inLanguage\":\"tr\",\"potentialAction\":[{\"@type\":\"CommentAction\",\"name\":\"Comment\",\"target\":[\"https:\\\/\\\/memurunsesi.net\\\/index.php\\\/2026\\\/03\\\/04\\\/adanada-siddetli-ruzgar-agaclari-devirdi\\\/#respond\"]}]},{\"@type\":\"WebPage\",\"@id\":\"https:\\\/\\\/memurunsesi.net\\\/index.php\\\/2026\\\/03\\\/04\\\/adanada-siddetli-ruzgar-agaclari-devirdi\\\/\",\"url\":\"https:\\\/\\\/memurunsesi.net\\\/index.php\\\/2026\\\/03\\\/04\\\/adanada-siddetli-ruzgar-agaclari-devirdi\\\/\",\"name\":\"Adana'da \u015fiddetli r\u00fczgar a\u011fa\u00e7lar\u0131 devirdi - Memurun Sesi\",\"isPartOf\":{\"@id\":\"https:\\\/\\\/memurunsesi.net\\\/#website\"},\"primaryImageOfPage\":{\"@id\":\"https:\\\/\\\/memurunsesi.net\\\/index.php\\\/2026\\\/03\\\/04\\\/adanada-siddetli-ruzgar-agaclari-devirdi\\\/#primaryimage\"},\"image\":{\"@id\":\"https:\\\/\\\/memurunsesi.net\\\/index.php\\\/2026\\\/03\\\/04\\\/adanada-siddetli-ruzgar-agaclari-devirdi\\\/#primaryimage\"},\"thumbnailUrl\":\"https:\\\/\\\/memurunsesi.net\\\/wp-content\\\/uploads\\\/2026\\\/03\\\/adana-2.jpg\",\"datePublished\":\"2026-03-04T09:57:19+00:00\",\"description\":\"Adana'da \u015fiddetli r\u00fczgar hayat\u0131 olumsuz etkiledi. R\u00fczgarda devrilen a\u011fa\u00e7lardan baz\u0131lar\u0131 park halindeki ara\u00e7lar\u0131n \u00fczerine d\u00fc\u015ferek hasara yol a\u00e7t\u0131.\",\"breadcrumb\":{\"@id\":\"https:\\\/\\\/memurunsesi.net\\\/index.php\\\/2026\\\/03\\\/04\\\/adanada-siddetli-ruzgar-agaclari-devirdi\\\/#breadcrumb\"},\"inLanguage\":\"tr\",\"potentialAction\":[{\"@type\":\"ReadAction\",\"target\":[\"https:\\\/\\\/memurunsesi.net\\\/index.php\\\/2026\\\/03\\\/04\\\/adanada-siddetli-ruzgar-agaclari-devirdi\\\/\"]}]},{\"@type\":\"ImageObject\",\"inLanguage\":\"tr\",\"@id\":\"https:\\\/\\\/memurunsesi.net\\\/index.php\\\/2026\\\/03\\\/04\\\/adanada-siddetli-ruzgar-agaclari-devirdi\\\/#primaryimage\",\"url\":\"https:\\\/\\\/memurunsesi.net\\\/wp-content\\\/uploads\\\/2026\\\/03\\\/adana-2.jpg\",\"contentUrl\":\"https:\\\/\\\/memurunsesi.net\\\/wp-content\\\/uploads\\\/2026\\\/03\\\/adana-2.jpg\",\"width\":263,\"height\":480,\"caption\":\"ADANA'DA ETK\u0130L\u0130 OLAN \u015e\u0130DDETL\u0130 R\u00dcZGAR HAYATI OLUMSUZ ETK\u0130LED\u0130. KENT GENEL\u0130NDE BAZI A\u011eA\u00c7LAR DEVR\u0130L\u0130RKEN, DEVR\u0130LEN A\u011eA\u00c7LARIN BAZI ARA\u00c7LARIN \u00dcZER\u0130NE D\u00dc\u015eMES\u0130 SONUCU MADD\u0130 HASAR MEYDANA GELD\u0130. (MEL\u0130KE ERDEM\\\/ADANA-\u0130HA) Adana'da \u015fiddetli r\u00fczgar hayat\u0131 olumsuz etkiledi. R\u00fczgarda devrilen a\u011fa\u00e7lardan baz\u0131lar\u0131 park halindeki ara\u00e7lar\u0131n \u00fczerine d\u00fc\u015ferek hasara yol a\u00e7t\u0131.\"},{\"@type\":\"BreadcrumbList\",\"@id\":\"https:\\\/\\\/memurunsesi.net\\\/index.php\\\/2026\\\/03\\\/04\\\/adanada-siddetli-ruzgar-agaclari-devirdi\\\/#breadcrumb\",\"itemListElement\":[{\"@type\":\"ListItem\",\"position\":1,\"name\":\"Anasayfa\",\"item\":\"https:\\\/\\\/memurunsesi.net\\\/\"},{\"@type\":\"ListItem\",\"position\":2,\"name\":\"Adana&#8217;da \u015fiddetli r\u00fczgar a\u011fa\u00e7lar\u0131 devirdi\"}]},{\"@type\":\"WebSite\",\"@id\":\"https:\\\/\\\/memurunsesi.net\\\/#website\",\"url\":\"https:\\\/\\\/memurunsesi.net\\\/\",\"name\":\"Memurun Sesi\",\"description\":\"G\u00fcncel ve Do\u011fru Haber\",\"publisher\":{\"@id\":\"https:\\\/\\\/memurunsesi.net\\\/#organization\"},\"potentialAction\":[{\"@type\":\"SearchAction\",\"target\":{\"@type\":\"EntryPoint\",\"urlTemplate\":\"https:\\\/\\\/memurunsesi.net\\\/?s={search_term_string}\"},\"query-input\":{\"@type\":\"PropertyValueSpecification\",\"valueRequired\":true,\"valueName\":\"search_term_string\"}}],\"inLanguage\":\"tr\"},{\"@type\":\"Organization\",\"@id\":\"https:\\\/\\\/memurunsesi.net\\\/#organization\",\"name\":\"Memurun Sesi\",\"url\":\"https:\\\/\\\/memurunsesi.net\\\/\",\"logo\":{\"@type\":\"ImageObject\",\"inLanguage\":\"tr\",\"@id\":\"https:\\\/\\\/memurunsesi.net\\\/#\\\/schema\\\/logo\\\/image\\\/\",\"url\":\"https:\\\/\\\/memurunsesi.net\\\/wp-content\\\/uploads\\\/2025\\\/11\\\/cropped-MEMURUN-SESI.png\",\"contentUrl\":\"https:\\\/\\\/memurunsesi.net\\\/wp-content\\\/uploads\\\/2025\\\/11\\\/cropped-MEMURUN-SESI.png\",\"width\":238,\"height\":57,\"caption\":\"Memurun Sesi\"},\"image\":{\"@id\":\"https:\\\/\\\/memurunsesi.net\\\/#\\\/schema\\\/logo\\\/image\\\/\"},\"sameAs\":[\"https:\\\/\\\/www.facebook.com\\\/unipersen\\\/?locale=tr_TR\",\"https:\\\/\\\/x.com\\\/unipersen\"]},{\"@type\":\"Person\",\"@id\":\"https:\\\/\\\/memurunsesi.net\\\/#\\\/schema\\\/person\\\/f21c2d73b89f6ee1d80b0a1803e38587\",\"name\":\"Memurun Sesi Haber Merkezi\",\"image\":{\"@type\":\"ImageObject\",\"inLanguage\":\"tr\",\"@id\":\"https:\\\/\\\/secure.gravatar.com\\\/avatar\\\/6cf0505f452ee753f485014986fab09a434671d2b919ee76fc541025c5876a70?s=96&d=mm&r=g\",\"url\":\"https:\\\/\\\/secure.gravatar.com\\\/avatar\\\/6cf0505f452ee753f485014986fab09a434671d2b919ee76fc541025c5876a70?s=96&d=mm&r=g\",\"contentUrl\":\"https:\\\/\\\/secure.gravatar.com\\\/avatar\\\/6cf0505f452ee753f485014986fab09a434671d2b919ee76fc541025c5876a70?s=96&d=mm&r=g\",\"caption\":\"Memurun Sesi Haber Merkezi\"},\"sameAs\":[\"https:\\\/\\\/memurunsesi.net\"],\"url\":\"https:\\\/\\\/memurunsesi.net\\\/index.php\\\/author\\\/uniper\\\/\"}]}<\/script>\n<!-- \/ Yoast SEO plugin. -->","yoast_head_json":{"title":"Adana'da \u015fiddetli r\u00fczgar a\u011fa\u00e7lar\u0131 devirdi - Memurun Sesi","description":"Adana'da \u015fiddetli r\u00fczgar hayat\u0131 olumsuz etkiledi. R\u00fczgarda devrilen a\u011fa\u00e7lardan baz\u0131lar\u0131 park halindeki ara\u00e7lar\u0131n \u00fczerine d\u00fc\u015ferek hasara yol a\u00e7t\u0131.","robots":{"index":"index","follow":"follow","max-snippet":"max-snippet:-1","max-image-preview":"max-image-preview:large","max-video-preview":"max-video-preview:-1"},"canonical":"https:\/\/memurunsesi.net\/index.php\/2026\/03\/04\/adanada-siddetli-ruzgar-agaclari-devirdi\/","og_locale":"tr_TR","og_type":"article","og_title":"Adana'da \u015fiddetli r\u00fczgar a\u011fa\u00e7lar\u0131 devirdi - Memurun Sesi","og_description":"Adana'da \u015fiddetli r\u00fczgar hayat\u0131 olumsuz etkiledi. R\u00fczgarda devrilen a\u011fa\u00e7lardan baz\u0131lar\u0131 park halindeki ara\u00e7lar\u0131n \u00fczerine d\u00fc\u015ferek hasara yol a\u00e7t\u0131.","og_url":"https:\/\/memurunsesi.net\/index.php\/2026\/03\/04\/adanada-siddetli-ruzgar-agaclari-devirdi\/","og_site_name":"Memurun Sesi","article_publisher":"https:\/\/www.facebook.com\/unipersen\/?locale=tr_TR","article_published_time":"2026-03-04T09:57:19+00:00","og_image":[{"width":263,"height":480,"url":"https:\/\/memurunsesi.net\/wp-content\/uploads\/2026\/03\/adana-2.jpg","type":"image\/jpeg"}],"author":"Memurun Sesi Haber Merkezi","twitter_card":"summary_large_image","twitter_creator":"@unipersen","twitter_site":"@unipersen","twitter_misc":{"Yazan:":"Memurun Sesi Haber Merkezi","Tahmini okuma s\u00fcresi":"1 dakika"},"schema":{"@context":"https:\/\/schema.org","@graph":[{"@type":"Article","@id":"https:\/\/memurunsesi.net\/index.php\/2026\/03\/04\/adanada-siddetli-ruzgar-agaclari-devirdi\/#article","isPartOf":{"@id":"https:\/\/memurunsesi.net\/index.php\/2026\/03\/04\/adanada-siddetli-ruzgar-agaclari-devirdi\/"},"author":{"name":"Memurun Sesi Haber Merkezi","@id":"https:\/\/memurunsesi.net\/#\/schema\/person\/f21c2d73b89f6ee1d80b0a1803e38587"},"headline":"Adana&#8217;da \u015fiddetli r\u00fczgar a\u011fa\u00e7lar\u0131 devirdi","datePublished":"2026-03-04T09:57:19+00:00","mainEntityOfPage":{"@id":"https:\/\/memurunsesi.net\/index.php\/2026\/03\/04\/adanada-siddetli-ruzgar-agaclari-devirdi\/"},"wordCount":137,"commentCount":0,"publisher":{"@id":"https:\/\/memurunsesi.net\/#organization"},"image":{"@id":"https:\/\/memurunsesi.net\/index.php\/2026\/03\/04\/adanada-siddetli-ruzgar-agaclari-devirdi\/#primaryimage"},"thumbnailUrl":"https:\/\/memurunsesi.net\/wp-content\/uploads\/2026\/03\/adana-2.jpg","keywords":["a\u011fa\u00e7lar\u0131 devirdi","\u015fiddetli ya\u011f\u0131\u015f"],"articleSection":["T\u00fcm Haberler"],"inLanguage":"tr","potentialAction":[{"@type":"CommentAction","name":"Comment","target":["https:\/\/memurunsesi.net\/index.php\/2026\/03\/04\/adanada-siddetli-ruzgar-agaclari-devirdi\/#respond"]}]},{"@type":"WebPage","@id":"https:\/\/memurunsesi.net\/index.php\/2026\/03\/04\/adanada-siddetli-ruzgar-agaclari-devirdi\/","url":"https:\/\/memurunsesi.net\/index.php\/2026\/03\/04\/adanada-siddetli-ruzgar-agaclari-devirdi\/","name":"Adana'da \u015fiddetli r\u00fczgar a\u011fa\u00e7lar\u0131 devirdi - Memurun Sesi","isPartOf":{"@id":"https:\/\/memurunsesi.net\/#website"},"primaryImageOfPage":{"@id":"https:\/\/memurunsesi.net\/index.php\/2026\/03\/04\/adanada-siddetli-ruzgar-agaclari-devirdi\/#primaryimage"},"image":{"@id":"https:\/\/memurunsesi.net\/index.php\/2026\/03\/04\/adanada-siddetli-ruzgar-agaclari-devirdi\/#primaryimage"},"thumbnailUrl":"https:\/\/memurunsesi.net\/wp-content\/uploads\/2026\/03\/adana-2.jpg","datePublished":"2026-03-04T09:57:19+00:00","description":"Adana'da \u015fiddetli r\u00fczgar hayat\u0131 olumsuz etkiledi. R\u00fczgarda devrilen a\u011fa\u00e7lardan baz\u0131lar\u0131 park halindeki ara\u00e7lar\u0131n \u00fczerine d\u00fc\u015ferek hasara yol a\u00e7t\u0131.","breadcrumb":{"@id":"https:\/\/memurunsesi.net\/index.php\/2026\/03\/04\/adanada-siddetli-ruzgar-agaclari-devirdi\/#breadcrumb"},"inLanguage":"tr","potentialAction":[{"@type":"ReadAction","target":["https:\/\/memurunsesi.net\/index.php\/2026\/03\/04\/adanada-siddetli-ruzgar-agaclari-devirdi\/"]}]},{"@type":"ImageObject","inLanguage":"tr","@id":"https:\/\/memurunsesi.net\/index.php\/2026\/03\/04\/adanada-siddetli-ruzgar-agaclari-devirdi\/#primaryimage","url":"https:\/\/memurunsesi.net\/wp-content\/uploads\/2026\/03\/adana-2.jpg","contentUrl":"https:\/\/memurunsesi.net\/wp-content\/uploads\/2026\/03\/adana-2.jpg","width":263,"height":480,"caption":"ADANA'DA ETK\u0130L\u0130 OLAN \u015e\u0130DDETL\u0130 R\u00dcZGAR HAYATI OLUMSUZ ETK\u0130LED\u0130. KENT GENEL\u0130NDE BAZI A\u011eA\u00c7LAR DEVR\u0130L\u0130RKEN, DEVR\u0130LEN A\u011eA\u00c7LARIN BAZI ARA\u00c7LARIN \u00dcZER\u0130NE D\u00dc\u015eMES\u0130 SONUCU MADD\u0130 HASAR MEYDANA GELD\u0130. (MEL\u0130KE ERDEM\/ADANA-\u0130HA) Adana'da \u015fiddetli r\u00fczgar hayat\u0131 olumsuz etkiledi. R\u00fczgarda devrilen a\u011fa\u00e7lardan baz\u0131lar\u0131 park halindeki ara\u00e7lar\u0131n \u00fczerine d\u00fc\u015ferek hasara yol a\u00e7t\u0131."},{"@type":"BreadcrumbList","@id":"https:\/\/memurunsesi.net\/index.php\/2026\/03\/04\/adanada-siddetli-ruzgar-agaclari-devirdi\/#breadcrumb","itemListElement":[{"@type":"ListItem","position":1,"name":"Anasayfa","item":"https:\/\/memurunsesi.net\/"},{"@type":"ListItem","position":2,"name":"Adana&#8217;da \u015fiddetli r\u00fczgar a\u011fa\u00e7lar\u0131 devirdi"}]},{"@type":"WebSite","@id":"https:\/\/memurunsesi.net\/#website","url":"https:\/\/memurunsesi.net\/","name":"Memurun Sesi","description":"G\u00fcncel ve Do\u011fru Haber","publisher":{"@id":"https:\/\/memurunsesi.net\/#organization"},"potentialAction":[{"@type":"SearchAction","target":{"@type":"EntryPoint","urlTemplate":"https:\/\/memurunsesi.net\/?s={search_term_string}"},"query-input":{"@type":"PropertyValueSpecification","valueRequired":true,"valueName":"search_term_string"}}],"inLanguage":"tr"},{"@type":"Organization","@id":"https:\/\/memurunsesi.net\/#organization","name":"Memurun Sesi","url":"https:\/\/memurunsesi.net\/","logo":{"@type":"ImageObject","inLanguage":"tr","@id":"https:\/\/memurunsesi.net\/#\/schema\/logo\/image\/","url":"https:\/\/memurunsesi.net\/wp-content\/uploads\/2025\/11\/cropped-MEMURUN-SESI.png","contentUrl":"https:\/\/memurunsesi.net\/wp-content\/uploads\/2025\/11\/cropped-MEMURUN-SESI.png","width":238,"height":57,"caption":"Memurun Sesi"},"image":{"@id":"https:\/\/memurunsesi.net\/#\/schema\/logo\/image\/"},"sameAs":["https:\/\/www.facebook.com\/unipersen\/?locale=tr_TR","https:\/\/x.com\/unipersen"]},{"@type":"Person","@id":"https:\/\/memurunsesi.net\/#\/schema\/person\/f21c2d73b89f6ee1d80b0a1803e38587","name":"Memurun Sesi Haber Merkezi","image":{"@type":"ImageObject","inLanguage":"tr","@id":"https:\/\/secure.gravatar.com\/avatar\/6cf0505f452ee753f485014986fab09a434671d2b919ee76fc541025c5876a70?s=96&d=mm&r=g","url":"https:\/\/secure.gravatar.com\/avatar\/6cf0505f452ee753f485014986fab09a434671d2b919ee76fc541025c5876a70?s=96&d=mm&r=g","contentUrl":"https:\/\/secure.gravatar.com\/avatar\/6cf0505f452ee753f485014986fab09a434671d2b919ee76fc541025c5876a70?s=96&d=mm&r=g","caption":"Memurun Sesi Haber Merkezi"},"sameAs":["https:\/\/memurunsesi.net"],"url":"https:\/\/memurunsesi.net\/index.php\/author\/uniper\/"}]}},"_links":{"self":[{"href":"https:\/\/memurunsesi.net\/index.php\/wp-json\/wp\/v2\/posts\/18064","targetHints":{"allow":["GET"]}}],"collection":[{"href":"https:\/\/memurunsesi.net\/index.php\/wp-json\/wp\/v2\/posts"}],"about":[{"href":"https:\/\/memurunsesi.net\/index.php\/wp-json\/wp\/v2\/types\/post"}],"author":[{"embeddable":true,"href":"https:\/\/memurunsesi.net\/index.php\/wp-json\/wp\/v2\/users\/1"}],"replies":[{"embeddable":true,"href":"https:\/\/memurunsesi.net\/index.php\/wp-json\/wp\/v2\/comments?post=18064"}],"version-history":[{"count":1,"href":"https:\/\/memurunsesi.net\/index.php\/wp-json\/wp\/v2\/posts\/18064\/revisions"}],"predecessor-version":[{"id":18066,"href":"https:\/\/memurunsesi.net\/index.php\/wp-json\/wp\/v2\/posts\/18064\/revisions\/18066"}],"wp:featuredmedia":[{"embeddable":true,"href":"https:\/\/memurunsesi.net\/index.php\/wp-json\/wp\/v2\/media\/18065"}],"wp:attachment":[{"href":"https:\/\/memurunsesi.net\/index.php\/wp-json\/wp\/v2\/media?parent=18064"}],"wp:term":[{"taxonomy":"category","embeddable":true,"href":"https:\/\/memurunsesi.net\/index.php\/wp-json\/wp\/v2\/categories?post=18064"},{"taxonomy":"post_tag","embeddable":true,"href":"https:\/\/memurunsesi.net\/index.php\/wp-json\/wp\/v2\/tags?post=18064"}],"curies":[{"name":"wp","href":"https:\/\/api.w.org\/{rel}","templated":true}]}}