{"id":18087,"date":"2026-03-05T11:36:57","date_gmt":"2026-03-05T08:36:57","guid":{"rendered":"https:\/\/memurunsesi.net\/?p=18087"},"modified":"2026-03-05T11:36:57","modified_gmt":"2026-03-05T08:36:57","slug":"galatasarayda-besiktas-derbilerinin-en-deneyimlisi-baris-alper-yilmaz","status":"publish","type":"post","link":"https:\/\/memurunsesi.net\/index.php\/2026\/03\/05\/galatasarayda-besiktas-derbilerinin-en-deneyimlisi-baris-alper-yilmaz\/","title":{"rendered":"Galatasaray&#8217;da Be\u015fikta\u015f derbilerinin en deneyimlisi Bar\u0131\u015f Alper Y\u0131lmaz"},"content":{"rendered":"<p>&#8211; Bar\u0131\u015f Alper, Be\u015fikta\u015f&#8217;a kar\u015f\u0131 9 ma\u00e7a \u00e7\u0131kt\u0131<br \/>\n&#8211; Bu sezon 37 ma\u00e7ta g\u00f6rev ald\u0131, 10 gol att\u0131<\/p>\n<p>Galatasarayl\u0131 futbolcu Bar\u0131\u015f Alper Y\u0131lmaz, Be\u015fikta\u015f&#8217;a kar\u015f\u0131 oynad\u0131\u011f\u0131 9 derbiyle tak\u0131m\u0131n\u0131n en deneyimli futbolcusu olarak yer al\u0131yor.<br \/>\nTrendyol S\u00fcper Lig&#8217;in 25. haftas\u0131nda Galatasaray, cumartesi g\u00fcn\u00fc deplasmanda Be\u015fikta\u015f ile kar\u015f\u0131 kar\u015f\u0131ya gelecek. Sar\u0131-k\u0131rm\u0131zl\u0131larda, mevcut kadro i\u00e7erisinde siyah-beyazl\u0131lar ile oynanan derbilerde en \u00e7ok Bar\u0131\u015f Alper Y\u0131lmaz forma giydi. 2021 y\u0131l\u0131nda transfer olan Y\u0131lmaz, bu s\u00fcre\u00e7te Be\u015fikta\u015f&#8217;a kar\u015f\u0131 8&#8217;i S\u00fcper Lig, 1&#8217;i de TFF S\u00fcper Kupa olmak \u00fczere toplam 9 ma\u00e7ta oynad\u0131. S\u00f6z konusu m\u00fcsabakalarda Aslan, 4 galibiyet, 4 ma\u011flubiyet ve 1 beraberlik ald\u0131.<\/p>\n<p>Bu sezon 37 ma\u00e7ta 10 gol att\u0131<br \/>\nBar\u0131\u015f Alper Y\u0131lmaz, Trendyol S\u00fcper Lig&#8217;de 21, UEFA \u015eampiyonlar Ligi&#8217;nde 10, Ziraat T\u00fcrkiye Kupas\u0131&#8217;nda 4 ve Turkcell S\u00fcper Kupa&#8217;da da 2 olmak \u00fczere toplam 37 m\u00fcsabakada g\u00f6rev ald\u0131. Bu sezon g\u00f6sterdi\u011fi performansla dikkat \u00e7eken 25 ya\u015f\u0131ndaki futbolcu, h\u00fccumda da etkili performans sergiliyor. Y\u0131lmaz, oynad\u0131\u011f\u0131 37 kar\u015f\u0131la\u015fmada 10 gol, 14 asistlik performans sergiledi.<br \/>\nBar\u0131\u015f Alper&#8217;in ard\u0131ndan sar\u0131-k\u0131rm\u0131z\u0131l\u0131larda Be\u015fikta\u015f derbilerinde Lucas Torreira 8, Mauro Icardi ile Abd\u00fclkerim Bardakc\u0131 da 7&#8217;\u015fer kez sahada yer ald\u0131.<\/p>\n<p>5.03.2026<\/p>\n","protected":false},"excerpt":{"rendered":"<p>&#8211; Bar\u0131\u015f Alper, Be\u015fikta\u015f&#8217;a kar\u015f\u0131 9 ma\u00e7a \u00e7\u0131kt\u0131 &#8211; Bu sezon 37 ma\u00e7ta g\u00f6rev ald\u0131, 10 gol att\u0131 Galatasarayl\u0131 futbolcu Bar\u0131\u015f Alper Y\u0131lmaz, Be\u015fikta\u015f&#8217;a kar\u015f\u0131 oynad\u0131\u011f\u0131 9 derbiyle tak\u0131m\u0131n\u0131n en deneyimli futbolcusu olarak yer al\u0131yor. Trendyol S\u00fcper Lig&#8217;in 25. haftas\u0131nda Galatasaray, cumartesi g\u00fcn\u00fc deplasmanda Be\u015fikta\u015f ile kar\u015f\u0131 kar\u015f\u0131ya gelecek. Sar\u0131-k\u0131rm\u0131zl\u0131larda, mevcut kadro i\u00e7erisinde siyah-beyazl\u0131lar ile [&hellip;]<\/p>\n","protected":false},"author":1,"featured_media":18088,"comment_status":"open","ping_status":"open","sticky":false,"template":"","format":"standard","meta":{"footnotes":""},"categories":[57],"tags":[199],"class_list":["post-18087","post","type-post","status-publish","format-standard","has-post-thumbnail","hentry","category-spor","tag-mac"],"yoast_head":"<!-- This site is optimized with the Yoast SEO plugin v27.4 - https:\/\/yoast.com\/product\/yoast-seo-wordpress\/ -->\n<title>Galatasaray&#039;da Be\u015fikta\u015f derbilerinin en deneyimlisi Bar\u0131\u015f Alper Y\u0131lmaz - Memurun Sesi<\/title>\n<meta name=\"description\" content=\"\u00a0Galatasarayl\u0131 futbolcu Bar\u0131\u015f Alper Y\u0131lmaz, Be\u015fikta\u015f&#039;a kar\u015f\u0131 oynad\u0131\u011f\u0131 9 derbiyle tak\u0131m\u0131n\u0131n en deneyimli futbolcusu olarak yer al\u0131yor.\" \/>\n<meta name=\"robots\" content=\"index, follow, max-snippet:-1, max-image-preview:large, max-video-preview:-1\" \/>\n<link rel=\"canonical\" href=\"https:\/\/memurunsesi.net\/index.php\/2026\/03\/05\/galatasarayda-besiktas-derbilerinin-en-deneyimlisi-baris-alper-yilmaz\/\" \/>\n<meta property=\"og:locale\" content=\"tr_TR\" \/>\n<meta property=\"og:type\" content=\"article\" \/>\n<meta property=\"og:title\" content=\"Galatasaray&#039;da Be\u015fikta\u015f derbilerinin en deneyimlisi Bar\u0131\u015f Alper Y\u0131lmaz - Memurun Sesi\" \/>\n<meta property=\"og:description\" content=\"\u00a0Galatasarayl\u0131 futbolcu Bar\u0131\u015f Alper Y\u0131lmaz, Be\u015fikta\u015f&#039;a kar\u015f\u0131 oynad\u0131\u011f\u0131 9 derbiyle tak\u0131m\u0131n\u0131n en deneyimli futbolcusu olarak yer al\u0131yor.\" \/>\n<meta property=\"og:url\" content=\"https:\/\/memurunsesi.net\/index.php\/2026\/03\/05\/galatasarayda-besiktas-derbilerinin-en-deneyimlisi-baris-alper-yilmaz\/\" \/>\n<meta property=\"og:site_name\" content=\"Memurun Sesi\" \/>\n<meta property=\"article:publisher\" content=\"https:\/\/www.facebook.com\/unipersen\/?locale=tr_TR\" \/>\n<meta property=\"article:published_time\" content=\"2026-03-05T08:36:57+00:00\" \/>\n<meta property=\"og:image\" content=\"https:\/\/memurunsesi.net\/wp-content\/uploads\/2026\/03\/mac-15.jpg\" \/>\n\t<meta property=\"og:image:width\" content=\"2496\" \/>\n\t<meta property=\"og:image:height\" content=\"1901\" \/>\n\t<meta property=\"og:image:type\" content=\"image\/jpeg\" \/>\n<meta name=\"author\" content=\"Memurun Sesi Haber Merkezi\" \/>\n<meta name=\"twitter:card\" content=\"summary_large_image\" \/>\n<meta name=\"twitter:creator\" content=\"@unipersen\" \/>\n<meta name=\"twitter:site\" content=\"@unipersen\" \/>\n<meta name=\"twitter:label1\" content=\"Yazan:\" \/>\n\t<meta name=\"twitter:data1\" content=\"Memurun Sesi Haber Merkezi\" \/>\n\t<meta name=\"twitter:label2\" content=\"Tahmini okuma s\u00fcresi\" \/>\n\t<meta name=\"twitter:data2\" content=\"2 dakika\" \/>\n<script type=\"application\/ld+json\" class=\"yoast-schema-graph\">{\"@context\":\"https:\\\/\\\/schema.org\",\"@graph\":[{\"@type\":\"Article\",\"@id\":\"https:\\\/\\\/memurunsesi.net\\\/index.php\\\/2026\\\/03\\\/05\\\/galatasarayda-besiktas-derbilerinin-en-deneyimlisi-baris-alper-yilmaz\\\/#article\",\"isPartOf\":{\"@id\":\"https:\\\/\\\/memurunsesi.net\\\/index.php\\\/2026\\\/03\\\/05\\\/galatasarayda-besiktas-derbilerinin-en-deneyimlisi-baris-alper-yilmaz\\\/\"},\"author\":{\"name\":\"Memurun Sesi Haber Merkezi\",\"@id\":\"https:\\\/\\\/memurunsesi.net\\\/#\\\/schema\\\/person\\\/f21c2d73b89f6ee1d80b0a1803e38587\"},\"headline\":\"Galatasaray&#8217;da Be\u015fikta\u015f derbilerinin en deneyimlisi Bar\u0131\u015f Alper Y\u0131lmaz\",\"datePublished\":\"2026-03-05T08:36:57+00:00\",\"mainEntityOfPage\":{\"@id\":\"https:\\\/\\\/memurunsesi.net\\\/index.php\\\/2026\\\/03\\\/05\\\/galatasarayda-besiktas-derbilerinin-en-deneyimlisi-baris-alper-yilmaz\\\/\"},\"wordCount\":232,\"commentCount\":0,\"publisher\":{\"@id\":\"https:\\\/\\\/memurunsesi.net\\\/#organization\"},\"image\":{\"@id\":\"https:\\\/\\\/memurunsesi.net\\\/index.php\\\/2026\\\/03\\\/05\\\/galatasarayda-besiktas-derbilerinin-en-deneyimlisi-baris-alper-yilmaz\\\/#primaryimage\"},\"thumbnailUrl\":\"https:\\\/\\\/memurunsesi.net\\\/wp-content\\\/uploads\\\/2026\\\/03\\\/mac-15.jpg\",\"keywords\":[\"ma\u00e7\"],\"articleSection\":[\"Spor\"],\"inLanguage\":\"tr\",\"potentialAction\":[{\"@type\":\"CommentAction\",\"name\":\"Comment\",\"target\":[\"https:\\\/\\\/memurunsesi.net\\\/index.php\\\/2026\\\/03\\\/05\\\/galatasarayda-besiktas-derbilerinin-en-deneyimlisi-baris-alper-yilmaz\\\/#respond\"]}]},{\"@type\":\"WebPage\",\"@id\":\"https:\\\/\\\/memurunsesi.net\\\/index.php\\\/2026\\\/03\\\/05\\\/galatasarayda-besiktas-derbilerinin-en-deneyimlisi-baris-alper-yilmaz\\\/\",\"url\":\"https:\\\/\\\/memurunsesi.net\\\/index.php\\\/2026\\\/03\\\/05\\\/galatasarayda-besiktas-derbilerinin-en-deneyimlisi-baris-alper-yilmaz\\\/\",\"name\":\"Galatasaray'da Be\u015fikta\u015f derbilerinin en deneyimlisi Bar\u0131\u015f Alper Y\u0131lmaz - Memurun Sesi\",\"isPartOf\":{\"@id\":\"https:\\\/\\\/memurunsesi.net\\\/#website\"},\"primaryImageOfPage\":{\"@id\":\"https:\\\/\\\/memurunsesi.net\\\/index.php\\\/2026\\\/03\\\/05\\\/galatasarayda-besiktas-derbilerinin-en-deneyimlisi-baris-alper-yilmaz\\\/#primaryimage\"},\"image\":{\"@id\":\"https:\\\/\\\/memurunsesi.net\\\/index.php\\\/2026\\\/03\\\/05\\\/galatasarayda-besiktas-derbilerinin-en-deneyimlisi-baris-alper-yilmaz\\\/#primaryimage\"},\"thumbnailUrl\":\"https:\\\/\\\/memurunsesi.net\\\/wp-content\\\/uploads\\\/2026\\\/03\\\/mac-15.jpg\",\"datePublished\":\"2026-03-05T08:36:57+00:00\",\"description\":\"\u00a0Galatasarayl\u0131 futbolcu Bar\u0131\u015f Alper Y\u0131lmaz, Be\u015fikta\u015f'a kar\u015f\u0131 oynad\u0131\u011f\u0131 9 derbiyle tak\u0131m\u0131n\u0131n en deneyimli futbolcusu olarak yer al\u0131yor.\",\"breadcrumb\":{\"@id\":\"https:\\\/\\\/memurunsesi.net\\\/index.php\\\/2026\\\/03\\\/05\\\/galatasarayda-besiktas-derbilerinin-en-deneyimlisi-baris-alper-yilmaz\\\/#breadcrumb\"},\"inLanguage\":\"tr\",\"potentialAction\":[{\"@type\":\"ReadAction\",\"target\":[\"https:\\\/\\\/memurunsesi.net\\\/index.php\\\/2026\\\/03\\\/05\\\/galatasarayda-besiktas-derbilerinin-en-deneyimlisi-baris-alper-yilmaz\\\/\"]}]},{\"@type\":\"ImageObject\",\"inLanguage\":\"tr\",\"@id\":\"https:\\\/\\\/memurunsesi.net\\\/index.php\\\/2026\\\/03\\\/05\\\/galatasarayda-besiktas-derbilerinin-en-deneyimlisi-baris-alper-yilmaz\\\/#primaryimage\",\"url\":\"https:\\\/\\\/memurunsesi.net\\\/wp-content\\\/uploads\\\/2026\\\/03\\\/mac-15.jpg\",\"contentUrl\":\"https:\\\/\\\/memurunsesi.net\\\/wp-content\\\/uploads\\\/2026\\\/03\\\/mac-15.jpg\",\"width\":2496,\"height\":1901,\"caption\":\"GALATASARAYLI FUTBOLCU BARI\u015e ALPER YILMAZ, BE\u015e\u0130KTA\u015e'A KAR\u015eI OYNADI\u011eI 9 DERB\u0130YLE TAKIMININ EN DENEY\u0130ML\u0130 FUTBOLCUSU OLARAK YER ALIYOR. (SAYCAN SAYIM\\\/\u0130STANBUL-\u0130HA) Galatasarayl\u0131 futbolcu Bar\u0131\u015f Alper Y\u0131lmaz, Be\u015fikta\u015f'a kar\u015f\u0131 oynad\u0131\u011f\u0131 9 derbiyle tak\u0131m\u0131n\u0131n en deneyimli futbolcusu olarak yer al\u0131yor.\"},{\"@type\":\"BreadcrumbList\",\"@id\":\"https:\\\/\\\/memurunsesi.net\\\/index.php\\\/2026\\\/03\\\/05\\\/galatasarayda-besiktas-derbilerinin-en-deneyimlisi-baris-alper-yilmaz\\\/#breadcrumb\",\"itemListElement\":[{\"@type\":\"ListItem\",\"position\":1,\"name\":\"Anasayfa\",\"item\":\"https:\\\/\\\/memurunsesi.net\\\/\"},{\"@type\":\"ListItem\",\"position\":2,\"name\":\"Galatasaray&#8217;da Be\u015fikta\u015f derbilerinin en deneyimlisi Bar\u0131\u015f Alper Y\u0131lmaz\"}]},{\"@type\":\"WebSite\",\"@id\":\"https:\\\/\\\/memurunsesi.net\\\/#website\",\"url\":\"https:\\\/\\\/memurunsesi.net\\\/\",\"name\":\"Memurun Sesi\",\"description\":\"G\u00fcncel ve Do\u011fru Haber\",\"publisher\":{\"@id\":\"https:\\\/\\\/memurunsesi.net\\\/#organization\"},\"potentialAction\":[{\"@type\":\"SearchAction\",\"target\":{\"@type\":\"EntryPoint\",\"urlTemplate\":\"https:\\\/\\\/memurunsesi.net\\\/?s={search_term_string}\"},\"query-input\":{\"@type\":\"PropertyValueSpecification\",\"valueRequired\":true,\"valueName\":\"search_term_string\"}}],\"inLanguage\":\"tr\"},{\"@type\":\"Organization\",\"@id\":\"https:\\\/\\\/memurunsesi.net\\\/#organization\",\"name\":\"Memurun Sesi\",\"url\":\"https:\\\/\\\/memurunsesi.net\\\/\",\"logo\":{\"@type\":\"ImageObject\",\"inLanguage\":\"tr\",\"@id\":\"https:\\\/\\\/memurunsesi.net\\\/#\\\/schema\\\/logo\\\/image\\\/\",\"url\":\"https:\\\/\\\/memurunsesi.net\\\/wp-content\\\/uploads\\\/2025\\\/11\\\/cropped-MEMURUN-SESI.png\",\"contentUrl\":\"https:\\\/\\\/memurunsesi.net\\\/wp-content\\\/uploads\\\/2025\\\/11\\\/cropped-MEMURUN-SESI.png\",\"width\":238,\"height\":57,\"caption\":\"Memurun Sesi\"},\"image\":{\"@id\":\"https:\\\/\\\/memurunsesi.net\\\/#\\\/schema\\\/logo\\\/image\\\/\"},\"sameAs\":[\"https:\\\/\\\/www.facebook.com\\\/unipersen\\\/?locale=tr_TR\",\"https:\\\/\\\/x.com\\\/unipersen\"]},{\"@type\":\"Person\",\"@id\":\"https:\\\/\\\/memurunsesi.net\\\/#\\\/schema\\\/person\\\/f21c2d73b89f6ee1d80b0a1803e38587\",\"name\":\"Memurun Sesi Haber Merkezi\",\"image\":{\"@type\":\"ImageObject\",\"inLanguage\":\"tr\",\"@id\":\"https:\\\/\\\/secure.gravatar.com\\\/avatar\\\/6cf0505f452ee753f485014986fab09a434671d2b919ee76fc541025c5876a70?s=96&d=mm&r=g\",\"url\":\"https:\\\/\\\/secure.gravatar.com\\\/avatar\\\/6cf0505f452ee753f485014986fab09a434671d2b919ee76fc541025c5876a70?s=96&d=mm&r=g\",\"contentUrl\":\"https:\\\/\\\/secure.gravatar.com\\\/avatar\\\/6cf0505f452ee753f485014986fab09a434671d2b919ee76fc541025c5876a70?s=96&d=mm&r=g\",\"caption\":\"Memurun Sesi Haber Merkezi\"},\"sameAs\":[\"https:\\\/\\\/memurunsesi.net\"],\"url\":\"https:\\\/\\\/memurunsesi.net\\\/index.php\\\/author\\\/uniper\\\/\"}]}<\/script>\n<!-- \/ Yoast SEO plugin. -->","yoast_head_json":{"title":"Galatasaray'da Be\u015fikta\u015f derbilerinin en deneyimlisi Bar\u0131\u015f Alper Y\u0131lmaz - Memurun Sesi","description":"\u00a0Galatasarayl\u0131 futbolcu Bar\u0131\u015f Alper Y\u0131lmaz, Be\u015fikta\u015f'a kar\u015f\u0131 oynad\u0131\u011f\u0131 9 derbiyle tak\u0131m\u0131n\u0131n en deneyimli futbolcusu olarak yer al\u0131yor.","robots":{"index":"index","follow":"follow","max-snippet":"max-snippet:-1","max-image-preview":"max-image-preview:large","max-video-preview":"max-video-preview:-1"},"canonical":"https:\/\/memurunsesi.net\/index.php\/2026\/03\/05\/galatasarayda-besiktas-derbilerinin-en-deneyimlisi-baris-alper-yilmaz\/","og_locale":"tr_TR","og_type":"article","og_title":"Galatasaray'da Be\u015fikta\u015f derbilerinin en deneyimlisi Bar\u0131\u015f Alper Y\u0131lmaz - Memurun Sesi","og_description":"\u00a0Galatasarayl\u0131 futbolcu Bar\u0131\u015f Alper Y\u0131lmaz, Be\u015fikta\u015f'a kar\u015f\u0131 oynad\u0131\u011f\u0131 9 derbiyle tak\u0131m\u0131n\u0131n en deneyimli futbolcusu olarak yer al\u0131yor.","og_url":"https:\/\/memurunsesi.net\/index.php\/2026\/03\/05\/galatasarayda-besiktas-derbilerinin-en-deneyimlisi-baris-alper-yilmaz\/","og_site_name":"Memurun Sesi","article_publisher":"https:\/\/www.facebook.com\/unipersen\/?locale=tr_TR","article_published_time":"2026-03-05T08:36:57+00:00","og_image":[{"width":2496,"height":1901,"url":"https:\/\/memurunsesi.net\/wp-content\/uploads\/2026\/03\/mac-15.jpg","type":"image\/jpeg"}],"author":"Memurun Sesi Haber Merkezi","twitter_card":"summary_large_image","twitter_creator":"@unipersen","twitter_site":"@unipersen","twitter_misc":{"Yazan:":"Memurun Sesi Haber Merkezi","Tahmini okuma s\u00fcresi":"2 dakika"},"schema":{"@context":"https:\/\/schema.org","@graph":[{"@type":"Article","@id":"https:\/\/memurunsesi.net\/index.php\/2026\/03\/05\/galatasarayda-besiktas-derbilerinin-en-deneyimlisi-baris-alper-yilmaz\/#article","isPartOf":{"@id":"https:\/\/memurunsesi.net\/index.php\/2026\/03\/05\/galatasarayda-besiktas-derbilerinin-en-deneyimlisi-baris-alper-yilmaz\/"},"author":{"name":"Memurun Sesi Haber Merkezi","@id":"https:\/\/memurunsesi.net\/#\/schema\/person\/f21c2d73b89f6ee1d80b0a1803e38587"},"headline":"Galatasaray&#8217;da Be\u015fikta\u015f derbilerinin en deneyimlisi Bar\u0131\u015f Alper Y\u0131lmaz","datePublished":"2026-03-05T08:36:57+00:00","mainEntityOfPage":{"@id":"https:\/\/memurunsesi.net\/index.php\/2026\/03\/05\/galatasarayda-besiktas-derbilerinin-en-deneyimlisi-baris-alper-yilmaz\/"},"wordCount":232,"commentCount":0,"publisher":{"@id":"https:\/\/memurunsesi.net\/#organization"},"image":{"@id":"https:\/\/memurunsesi.net\/index.php\/2026\/03\/05\/galatasarayda-besiktas-derbilerinin-en-deneyimlisi-baris-alper-yilmaz\/#primaryimage"},"thumbnailUrl":"https:\/\/memurunsesi.net\/wp-content\/uploads\/2026\/03\/mac-15.jpg","keywords":["ma\u00e7"],"articleSection":["Spor"],"inLanguage":"tr","potentialAction":[{"@type":"CommentAction","name":"Comment","target":["https:\/\/memurunsesi.net\/index.php\/2026\/03\/05\/galatasarayda-besiktas-derbilerinin-en-deneyimlisi-baris-alper-yilmaz\/#respond"]}]},{"@type":"WebPage","@id":"https:\/\/memurunsesi.net\/index.php\/2026\/03\/05\/galatasarayda-besiktas-derbilerinin-en-deneyimlisi-baris-alper-yilmaz\/","url":"https:\/\/memurunsesi.net\/index.php\/2026\/03\/05\/galatasarayda-besiktas-derbilerinin-en-deneyimlisi-baris-alper-yilmaz\/","name":"Galatasaray'da Be\u015fikta\u015f derbilerinin en deneyimlisi Bar\u0131\u015f Alper Y\u0131lmaz - Memurun Sesi","isPartOf":{"@id":"https:\/\/memurunsesi.net\/#website"},"primaryImageOfPage":{"@id":"https:\/\/memurunsesi.net\/index.php\/2026\/03\/05\/galatasarayda-besiktas-derbilerinin-en-deneyimlisi-baris-alper-yilmaz\/#primaryimage"},"image":{"@id":"https:\/\/memurunsesi.net\/index.php\/2026\/03\/05\/galatasarayda-besiktas-derbilerinin-en-deneyimlisi-baris-alper-yilmaz\/#primaryimage"},"thumbnailUrl":"https:\/\/memurunsesi.net\/wp-content\/uploads\/2026\/03\/mac-15.jpg","datePublished":"2026-03-05T08:36:57+00:00","description":"\u00a0Galatasarayl\u0131 futbolcu Bar\u0131\u015f Alper Y\u0131lmaz, Be\u015fikta\u015f'a kar\u015f\u0131 oynad\u0131\u011f\u0131 9 derbiyle tak\u0131m\u0131n\u0131n en deneyimli futbolcusu olarak yer al\u0131yor.","breadcrumb":{"@id":"https:\/\/memurunsesi.net\/index.php\/2026\/03\/05\/galatasarayda-besiktas-derbilerinin-en-deneyimlisi-baris-alper-yilmaz\/#breadcrumb"},"inLanguage":"tr","potentialAction":[{"@type":"ReadAction","target":["https:\/\/memurunsesi.net\/index.php\/2026\/03\/05\/galatasarayda-besiktas-derbilerinin-en-deneyimlisi-baris-alper-yilmaz\/"]}]},{"@type":"ImageObject","inLanguage":"tr","@id":"https:\/\/memurunsesi.net\/index.php\/2026\/03\/05\/galatasarayda-besiktas-derbilerinin-en-deneyimlisi-baris-alper-yilmaz\/#primaryimage","url":"https:\/\/memurunsesi.net\/wp-content\/uploads\/2026\/03\/mac-15.jpg","contentUrl":"https:\/\/memurunsesi.net\/wp-content\/uploads\/2026\/03\/mac-15.jpg","width":2496,"height":1901,"caption":"GALATASARAYLI FUTBOLCU BARI\u015e ALPER YILMAZ, BE\u015e\u0130KTA\u015e'A KAR\u015eI OYNADI\u011eI 9 DERB\u0130YLE TAKIMININ EN DENEY\u0130ML\u0130 FUTBOLCUSU OLARAK YER ALIYOR. (SAYCAN SAYIM\/\u0130STANBUL-\u0130HA) Galatasarayl\u0131 futbolcu Bar\u0131\u015f Alper Y\u0131lmaz, Be\u015fikta\u015f'a kar\u015f\u0131 oynad\u0131\u011f\u0131 9 derbiyle tak\u0131m\u0131n\u0131n en deneyimli futbolcusu olarak yer al\u0131yor."},{"@type":"BreadcrumbList","@id":"https:\/\/memurunsesi.net\/index.php\/2026\/03\/05\/galatasarayda-besiktas-derbilerinin-en-deneyimlisi-baris-alper-yilmaz\/#breadcrumb","itemListElement":[{"@type":"ListItem","position":1,"name":"Anasayfa","item":"https:\/\/memurunsesi.net\/"},{"@type":"ListItem","position":2,"name":"Galatasaray&#8217;da Be\u015fikta\u015f derbilerinin en deneyimlisi Bar\u0131\u015f Alper Y\u0131lmaz"}]},{"@type":"WebSite","@id":"https:\/\/memurunsesi.net\/#website","url":"https:\/\/memurunsesi.net\/","name":"Memurun Sesi","description":"G\u00fcncel ve Do\u011fru Haber","publisher":{"@id":"https:\/\/memurunsesi.net\/#organization"},"potentialAction":[{"@type":"SearchAction","target":{"@type":"EntryPoint","urlTemplate":"https:\/\/memurunsesi.net\/?s={search_term_string}"},"query-input":{"@type":"PropertyValueSpecification","valueRequired":true,"valueName":"search_term_string"}}],"inLanguage":"tr"},{"@type":"Organization","@id":"https:\/\/memurunsesi.net\/#organization","name":"Memurun Sesi","url":"https:\/\/memurunsesi.net\/","logo":{"@type":"ImageObject","inLanguage":"tr","@id":"https:\/\/memurunsesi.net\/#\/schema\/logo\/image\/","url":"https:\/\/memurunsesi.net\/wp-content\/uploads\/2025\/11\/cropped-MEMURUN-SESI.png","contentUrl":"https:\/\/memurunsesi.net\/wp-content\/uploads\/2025\/11\/cropped-MEMURUN-SESI.png","width":238,"height":57,"caption":"Memurun Sesi"},"image":{"@id":"https:\/\/memurunsesi.net\/#\/schema\/logo\/image\/"},"sameAs":["https:\/\/www.facebook.com\/unipersen\/?locale=tr_TR","https:\/\/x.com\/unipersen"]},{"@type":"Person","@id":"https:\/\/memurunsesi.net\/#\/schema\/person\/f21c2d73b89f6ee1d80b0a1803e38587","name":"Memurun Sesi Haber Merkezi","image":{"@type":"ImageObject","inLanguage":"tr","@id":"https:\/\/secure.gravatar.com\/avatar\/6cf0505f452ee753f485014986fab09a434671d2b919ee76fc541025c5876a70?s=96&d=mm&r=g","url":"https:\/\/secure.gravatar.com\/avatar\/6cf0505f452ee753f485014986fab09a434671d2b919ee76fc541025c5876a70?s=96&d=mm&r=g","contentUrl":"https:\/\/secure.gravatar.com\/avatar\/6cf0505f452ee753f485014986fab09a434671d2b919ee76fc541025c5876a70?s=96&d=mm&r=g","caption":"Memurun Sesi Haber Merkezi"},"sameAs":["https:\/\/memurunsesi.net"],"url":"https:\/\/memurunsesi.net\/index.php\/author\/uniper\/"}]}},"_links":{"self":[{"href":"https:\/\/memurunsesi.net\/index.php\/wp-json\/wp\/v2\/posts\/18087","targetHints":{"allow":["GET"]}}],"collection":[{"href":"https:\/\/memurunsesi.net\/index.php\/wp-json\/wp\/v2\/posts"}],"about":[{"href":"https:\/\/memurunsesi.net\/index.php\/wp-json\/wp\/v2\/types\/post"}],"author":[{"embeddable":true,"href":"https:\/\/memurunsesi.net\/index.php\/wp-json\/wp\/v2\/users\/1"}],"replies":[{"embeddable":true,"href":"https:\/\/memurunsesi.net\/index.php\/wp-json\/wp\/v2\/comments?post=18087"}],"version-history":[{"count":1,"href":"https:\/\/memurunsesi.net\/index.php\/wp-json\/wp\/v2\/posts\/18087\/revisions"}],"predecessor-version":[{"id":18089,"href":"https:\/\/memurunsesi.net\/index.php\/wp-json\/wp\/v2\/posts\/18087\/revisions\/18089"}],"wp:featuredmedia":[{"embeddable":true,"href":"https:\/\/memurunsesi.net\/index.php\/wp-json\/wp\/v2\/media\/18088"}],"wp:attachment":[{"href":"https:\/\/memurunsesi.net\/index.php\/wp-json\/wp\/v2\/media?parent=18087"}],"wp:term":[{"taxonomy":"category","embeddable":true,"href":"https:\/\/memurunsesi.net\/index.php\/wp-json\/wp\/v2\/categories?post=18087"},{"taxonomy":"post_tag","embeddable":true,"href":"https:\/\/memurunsesi.net\/index.php\/wp-json\/wp\/v2\/tags?post=18087"}],"curies":[{"name":"wp","href":"https:\/\/api.w.org\/{rel}","templated":true}]}}