{"id":18119,"date":"2026-03-06T09:40:40","date_gmt":"2026-03-06T06:40:40","guid":{"rendered":"https:\/\/memurunsesi.net\/?p=18119"},"modified":"2026-03-06T09:40:40","modified_gmt":"2026-03-06T06:40:40","slug":"prof-dr-selcuk-alemdag-dogu-karadenizde-yanlis-yol-planlamasi-ve-yer-secimi-heyelan-ve-kaya-dusmesi-riskini-tetikliyor","status":"publish","type":"post","link":"https:\/\/memurunsesi.net\/index.php\/2026\/03\/06\/prof-dr-selcuk-alemdag-dogu-karadenizde-yanlis-yol-planlamasi-ve-yer-secimi-heyelan-ve-kaya-dusmesi-riskini-tetikliyor\/","title":{"rendered":"Prof. Dr. Sel\u00e7uk Alemda\u011f: &#8220;Do\u011fu Karadeniz&#8217;de yanl\u0131\u015f yol planlamas\u0131 ve yer se\u00e7imi heyelan ve kaya d\u00fc\u015fmesi riskini tetikliyor&#8221;"},"content":{"rendered":"<p>&#8211; &#8220;K\u00fctle hareketlerinde Rize ve Trabzon \u00e7evresinde daha \u00e7ok zemin hareketleri g\u00f6r\u00fcl\u00fcrken, G\u00fcm\u00fc\u015fhane, Bayburt, Artvin ve Giresun&#8217;da kaya k\u00fctlelerinde kopma ve d\u00fc\u015fmeler daha s\u0131k ya\u015fan\u0131yor&#8221;<\/p>\n<p>Do\u011fu Karadeniz&#8217;de sarp arazi yap\u0131s\u0131 ve yo\u011fun ya\u011f\u0131\u015f\u0131n etkili oldu\u011fu b\u00f6lgelerde yanl\u0131\u015f yol planlamas\u0131 ve do\u011faya uygun olmayan m\u00fcdahalelerin heyelan ve kaya d\u00fc\u015fmesi riskini art\u0131rd\u0131\u011f\u0131 belirtildi.<br \/>\nG\u00fcm\u00fc\u015fhane \u00dcniversitesi Uygulamal\u0131 Jeoloji K\u00fcrs\u00fcs\u00fc \u00d6\u011fretim \u00dcyesi Prof. Dr. Sel\u00e7uk Alemda\u011f, Do\u011fu Karadeniz&#8217;de k\u00fctle hareketlerinin illere g\u00f6re farkl\u0131 mekanizmalarla olu\u015ftu\u011funu belirterek Rize ve Trabzon \u00e7evresinde daha \u00e7ok zemin hareketleri g\u00f6r\u00fcl\u00fcrken, G\u00fcm\u00fc\u015fhane, Bayburt, Artvin ve Giresun&#8217;da kaya k\u00fctlelerinde kopma ve d\u00fc\u015fmelerin daha s\u0131k ya\u015fand\u0131\u011f\u0131n\u0131 s\u00f6yledi. Do\u011fu Karadeniz&#8217;de sarp arazi yap\u0131s\u0131 nedeniyle yerle\u015fim alanlar\u0131n\u0131n \u00e7o\u011fu zaman e\u011fimli b\u00f6lgelerde a\u00e7\u0131ld\u0131\u011f\u0131n\u0131 kaydeden Alemda\u011f, bu alanlarda yap\u0131lacak kaz\u0131 ve yap\u0131la\u015fma \u00e7al\u0131\u015fmalar\u0131nda m\u00fchendislik planlamas\u0131n\u0131n b\u00fcy\u00fck \u00f6nem ta\u015f\u0131d\u0131\u011f\u0131na dikkat \u00e7ekti.<br \/>\nAlemda\u011f, \u00f6zellikle G\u00fcm\u00fc\u015fhane ile Giresun&#8217;u birbirine ba\u011flayan Torul-Tirebolu karayolu g\u00fczerg\u00e2h\u0131nda b\u00f6lgenin \u00e7atlakl\u0131 ve ayr\u0131\u015fmaya m\u00fcsait jeolojik yap\u0131s\u0131 nedeniyle kaya d\u00fc\u015fmelerinin ka\u00e7\u0131n\u0131lmaz oldu\u011funu ifade etti. Donma-\u00e7\u00f6z\u00fcnme ve s\u0131cakl\u0131k de\u011fi\u015fimlerinin de kaya par\u00e7alanmalar\u0131n\u0131 h\u0131zland\u0131rd\u0131\u011f\u0131n\u0131 belirten Alemda\u011f, bu nedenle yolun zaman zaman ula\u015f\u0131ma kapanabildi\u011fini kaydetti.<br \/>\nG\u00fczerg\u00e2hta yap\u0131lan lokal kaya \u0131slah\u0131 ve bariyer \u00e7al\u0131\u015fmalar\u0131n\u0131n kal\u0131c\u0131 \u00e7\u00f6z\u00fcm \u00fcretmedi\u011fini dile getiren Alemda\u011f, &#8220;Bu yolun tamam\u0131 problemli bir g\u00fczerg\u00e2h. Lokal m\u00fcdahaleler yerine en do\u011fru ve kal\u0131c\u0131 m\u00fchendislik \u00e7\u00f6z\u00fcm\u00fc g\u00fczerg\u00e2h\u0131n t\u00fcnellerle planlanarak ge\u00e7ilmesidir&#8221; dedi.<\/p>\n<p>&#8220;Do\u011fu Karadeniz&#8217;de heyelan riski i\u00e7in en \u00f6nemli tedbir yer se\u00e7imi&#8221;<br \/>\nDo\u011fu Karadeniz B\u00f6lgesi&#8217;nin co\u011frafi yap\u0131s\u0131ndan ve illere g\u00f6re farkl\u0131 heyelan t\u00fcrlerinin meydana geldi\u011finden bahseden G\u00fcm\u00fc\u015fhane \u00dcniversitesi Uygulamal\u0131 Jeoloji K\u00fcrs\u00fcs\u00fc \u00d6\u011fretim \u00dcyesi Prof. Dr. Sel\u00e7uk Alemda\u011f , &#8220;Rize, Trabzon civar\u0131nda daha \u00e7ok zemin hareketleri meydana gelirken, G\u00fcm\u00fc\u015fhane, Bayburt, Artvin ve Giresun civarlar\u0131nda daha \u00e7ok kaya k\u00fctlelerinde yenilmeler meydana gelir. Bunlar\u0131n mekanizmalar\u0131 farkl\u0131d\u0131r. Her ya\u011f\u0131\u015f olan yerde k\u00fctle hareketi meydana gelmez veya her e\u011fimin olu\u015ftu\u011fu alanda da k\u00fctle hareketi bekleriz diye bir durum s\u00f6z konusu de\u011fildir. Potansiyel heyelan alanlar\u0131 biz m\u00fchendislik jeologlar\u0131 taraf\u0131ndan net bir \u015fekilde belirlenebilir; bu bir m\u00fchendislik problemidir. Bu problemli alanlar\u0131 bizler belirledikten sonra yerel y\u00f6netimlerin bir alan\u0131 imara a\u00e7aca\u011f\u0131 zaman yer se\u00e7imi dedi\u011fimiz durum \u00e7ok \u00e7ok \u00f6nem arz etmektedir. Maalesef Karadeniz B\u00f6lgesi&#8217;nde, \u00f6zellikle Do\u011fu Karadeniz b\u00f6l\u00fcm\u00fcnde co\u011frafi ko\u015fullar \u00e7ok uygun olmad\u0131\u011f\u0131ndan dolay\u0131 \u00e7ok e\u011fimli, sarp arazilerden meydana gelen bir yap\u0131 s\u00f6z konusudur. Bu nedenle yerle\u015fkeleri ister istemez e\u011fimli arazilerde a\u00e7mak zorunda kal\u0131yoruz. Ancak bunlar\u0131n a\u00e7\u0131lmas\u0131 esnas\u0131nda suni m\u00fcdahalelerle mevcut kaz\u0131 y\u00f6netim sistemlerini d\u00fczg\u00fcn yapmak gerekiyor. Do\u011fu Karadeniz B\u00f6lgesi&#8217;nde \u00f6zellikle Trabzon ve Giresun \u00e7evresinde topografik ko\u015fullar ve a\u015f\u0131r\u0131 ya\u011f\u0131\u015f nedeniyle kaya k\u00fctleleri \u00e7ok daha \u00e7abuk ayr\u0131\u015fmaya u\u011fruyor ve kille\u015fiyor. B\u00f6ylelikle \u00fczerine bar\u0131nma amac\u0131yla a\u00e7\u0131lm\u0131\u015f temel sistemleriyle ek y\u00fckler getiriyoruz. Bir s\u00fcr\u00fc bina fazla m\u00fchendislik tasar\u0131lar\u0131na girmeden yap\u0131labiliyor. Buradaki en temel ve vurgulanmas\u0131 gereken \u015fey, m\u00fchendislik jeologlar\u0131na \u00f6zellikle yeni a\u00e7\u0131lacak alanlar\u0131n veya kentsel d\u00f6n\u00fc\u015f\u00fcme u\u011framas\u0131 gereken alanlar\u0131n yeniden planlanmas\u0131nda dan\u0131\u015f\u0131lmas\u0131d\u0131r. Yer se\u00e7imi \u00e7ok \u00e7ok \u00f6nemlidir&#8221; diye konu\u015ftu.<\/p>\n<p>&#8220;G\u00fcm\u00fc\u015fhane-Giresun karayolu i\u00e7in tek \u00e7\u00f6z\u00fcm t\u00fcnel&#8221;<br \/>\nG\u00fcm\u00fc\u015fhane ve Giresun karayolu \u00fczerinde meydana gelen kaya d\u00fc\u015fmeleri ve heyelanlar\u0131n lokal ve \u0131slah \u00e7al\u0131\u015fmalar\u0131yla \u00e7\u00f6z\u00fclemeyece\u011fini ifade eden Prof. Dr. Sel\u00e7uk Alemda\u011f, &#8220;\u00d6zellikle Do\u011fu Karadeniz B\u00f6lgesi&#8217;nde bizler ne zaman olaca\u011f\u0131n\u0131 bilmiyoruz ama olup olmayaca\u011f\u0131n\u0131 kestirebildi\u011fimiz m\u00fchendislik problemleri vard\u0131r: heyelanlar ve ta\u015fk\u0131nlar. Heyelan bu b\u00f6lgenin kaderi demeyelim; asl\u0131nda bizler do\u011faya yanl\u0131\u015f m\u00fcdahale etti\u011fimiz i\u00e7in bu t\u00fcr problemlerle kar\u015f\u0131la\u015f\u0131yoruz. Do\u011fa asl\u0131nda matematik gibidir. Hesab\u0131 d\u00fczg\u00fcn yapmad\u0131\u011f\u0131n\u0131z zaman size kar\u015f\u0131l\u0131\u011f\u0131n\u0131 verir ve kendi eski durumuna d\u00f6nmeye \u00e7al\u0131\u015f\u0131r. Elinde kep\u00e7esi ve i\u015f makineleri olan birileri kafas\u0131na g\u00f6re, projesiz birtak\u0131m i\u015fler yapt\u0131\u011f\u0131 zaman \u00e7ok daha ciddi problemlerle kar\u015f\u0131la\u015f\u0131yor. Sonras\u0131nda bizlere geliniyor ve 100 bin liraya \u00e7\u00f6z\u00fclecek bir i\u015f i\u00e7in milyonlar harcanarak tedbir almak zorunda kal\u0131n\u0131yor. G\u00fcm\u00fc\u015fhane&#8217;deki probleme geldi\u011fimizde, \u00f6zellikle K\u00fcrt\u00fcn yol g\u00fczerg\u00e2h\u0131, Torul&#8217;dan Tirebolu&#8217;ya kadar olan g\u00fczerg\u00e2hta b\u00f6lgenin jeolojik evriminden bahsetmek gerekir. B\u00f6lge \u00fc\u00e7 farkl\u0131 orojenez ge\u00e7irmi\u015ftir. Yani tektonizmaya ba\u011fl\u0131 olarak da\u011f olu\u015fum mekanizmalar\u0131 s\u0131ras\u0131nda kaya k\u00fctlesi \u00e7ok ciddi derecede \u00f6rselenmi\u015ftir. A\u015f\u0131r\u0131 eklemli oldu\u011fundan dolay\u0131 ve bu eklem sistemlerine ba\u011fl\u0131 olarak kaya k\u00fctlesinde ayr\u0131\u015fma y\u00fczeyden derine do\u011fru n\u00fcfuz etti\u011fi i\u00e7in k\u00fctlede yenilme mekanizmalar\u0131 meydana geliyor. \u0130kincil bir do\u011fal durumda da b\u00f6lgede yakla\u015f\u0131k +10 ile -10 dereceler aras\u0131nda ger\u00e7ekle\u015fen \u0131s\u0131l de\u011fi\u015fimler sonucunda donma-\u00e7\u00f6z\u00fcnmeye ba\u011fl\u0131 par\u00e7alanmalar meydana geliyor. Bunun sonucunda da k\u00fctle hareketi ka\u00e7\u0131n\u0131lmaz oluyor. \u00d6zellikle Torul-Tirebolu yol g\u00fczerg\u00e2h\u0131nda k\u00fctle hareketi sadece mevsim ge\u00e7i\u015flerine ba\u011fl\u0131 de\u011fil; yaz\u0131n dahi anl\u0131k olarak \u00e7ok ciddi problemlere sebebiyet verecek kaya hareketleri meydana gelebilir. Bu yol g\u00fczerg\u00e2h\u0131 i\u00e7in kaya \u0131slah projeleri veya lokal \u00e7\u00f6z\u00fcmler \u00e7ok da anlam ifade etmiyor. \u00c7\u00fcnk\u00fc g\u00fczerg\u00e2h\u0131n tamam\u0131 problemli. Buradaki tek \u00e7\u00f6z\u00fcm, probleme lokal m\u00fcdahale etmek yerine bu g\u00fczerg\u00e2h\u0131n tamamen t\u00fcnellerle planlanarak ge\u00e7ilmesidir. Bu en do\u011fru m\u00fchendislik \u00e7\u00f6z\u00fcm\u00fc olacakt\u0131r&#8221; \u015feklinde konu\u015ftu.<\/p>\n<p>6.03.2026<\/p>\n","protected":false},"excerpt":{"rendered":"<p>&#8211; &#8220;K\u00fctle hareketlerinde Rize ve Trabzon \u00e7evresinde daha \u00e7ok zemin hareketleri g\u00f6r\u00fcl\u00fcrken, G\u00fcm\u00fc\u015fhane, Bayburt, Artvin ve Giresun&#8217;da kaya k\u00fctlelerinde kopma ve d\u00fc\u015fmeler daha s\u0131k ya\u015fan\u0131yor&#8221; Do\u011fu Karadeniz&#8217;de sarp arazi yap\u0131s\u0131 ve yo\u011fun ya\u011f\u0131\u015f\u0131n etkili oldu\u011fu b\u00f6lgelerde yanl\u0131\u015f yol planlamas\u0131 ve do\u011faya uygun olmayan m\u00fcdahalelerin heyelan ve kaya d\u00fc\u015fmesi riskini art\u0131rd\u0131\u011f\u0131 belirtildi. G\u00fcm\u00fc\u015fhane \u00dcniversitesi Uygulamal\u0131 Jeoloji [&hellip;]<\/p>\n","protected":false},"author":1,"featured_media":18120,"comment_status":"open","ping_status":"open","sticky":false,"template":"","format":"standard","meta":{"footnotes":""},"categories":[45],"tags":[1826,1824,1825],"class_list":["post-18119","post","type-post","status-publish","format-standard","has-post-thumbnail","hentry","category-gundem","tag-kaya-dusmesi-riski","tag-yanlis-yol-planlamasi","tag-yer-secimi-heyelan"],"yoast_head":"<!-- This site is optimized with the Yoast SEO plugin v27.4 - https:\/\/yoast.com\/product\/yoast-seo-wordpress\/ -->\n<title>Prof. Dr. Sel\u00e7uk Alemda\u011f: &quot;Do\u011fu Karadeniz&#039;de yanl\u0131\u015f yol planlamas\u0131 ve yer se\u00e7imi heyelan ve kaya d\u00fc\u015fmesi riskini tetikliyor&quot; - Memurun Sesi<\/title>\n<meta name=\"description\" content=\"K\u00fctle hareketlerinde Rize ve Trabzon \u00e7evresinde daha \u00e7ok zemin hareketleri g\u00f6r\u00fcl\u00fcrken, G\u00fcm\u00fc\u015fhane, Bayburt, Artvin ve Giresun&#039;da kaya k\u00fctlelerinde kopma ve d\u00fc\u015fmeler daha s\u0131k ya\u015fan\u0131yor&quot;\" \/>\n<meta name=\"robots\" content=\"index, follow, max-snippet:-1, max-image-preview:large, max-video-preview:-1\" \/>\n<link rel=\"canonical\" href=\"https:\/\/memurunsesi.net\/index.php\/2026\/03\/06\/prof-dr-selcuk-alemdag-dogu-karadenizde-yanlis-yol-planlamasi-ve-yer-secimi-heyelan-ve-kaya-dusmesi-riskini-tetikliyor\/\" \/>\n<meta property=\"og:locale\" content=\"tr_TR\" \/>\n<meta property=\"og:type\" content=\"article\" \/>\n<meta property=\"og:title\" content=\"Prof. Dr. Sel\u00e7uk Alemda\u011f: &quot;Do\u011fu Karadeniz&#039;de yanl\u0131\u015f yol planlamas\u0131 ve yer se\u00e7imi heyelan ve kaya d\u00fc\u015fmesi riskini tetikliyor&quot; - Memurun Sesi\" \/>\n<meta property=\"og:description\" content=\"K\u00fctle hareketlerinde Rize ve Trabzon \u00e7evresinde daha \u00e7ok zemin hareketleri g\u00f6r\u00fcl\u00fcrken, G\u00fcm\u00fc\u015fhane, Bayburt, Artvin ve Giresun&#039;da kaya k\u00fctlelerinde kopma ve d\u00fc\u015fmeler daha s\u0131k ya\u015fan\u0131yor&quot;\" \/>\n<meta property=\"og:url\" content=\"https:\/\/memurunsesi.net\/index.php\/2026\/03\/06\/prof-dr-selcuk-alemdag-dogu-karadenizde-yanlis-yol-planlamasi-ve-yer-secimi-heyelan-ve-kaya-dusmesi-riskini-tetikliyor\/\" \/>\n<meta property=\"og:site_name\" content=\"Memurun Sesi\" \/>\n<meta property=\"article:publisher\" content=\"https:\/\/www.facebook.com\/unipersen\/?locale=tr_TR\" \/>\n<meta property=\"article:published_time\" content=\"2026-03-06T06:40:40+00:00\" \/>\n<meta property=\"og:image\" content=\"https:\/\/memurunsesi.net\/wp-content\/uploads\/2026\/03\/kaya.jpg\" \/>\n\t<meta property=\"og:image:width\" content=\"1600\" \/>\n\t<meta property=\"og:image:height\" content=\"1204\" \/>\n\t<meta property=\"og:image:type\" content=\"image\/jpeg\" \/>\n<meta name=\"author\" content=\"Memurun Sesi Haber Merkezi\" \/>\n<meta name=\"twitter:card\" content=\"summary_large_image\" \/>\n<meta name=\"twitter:creator\" content=\"@unipersen\" \/>\n<meta name=\"twitter:site\" content=\"@unipersen\" \/>\n<meta name=\"twitter:label1\" content=\"Yazan:\" \/>\n\t<meta name=\"twitter:data1\" content=\"Memurun Sesi Haber Merkezi\" \/>\n\t<meta name=\"twitter:label2\" content=\"Tahmini okuma s\u00fcresi\" \/>\n\t<meta name=\"twitter:data2\" content=\"5 dakika\" \/>\n<script type=\"application\/ld+json\" class=\"yoast-schema-graph\">{\"@context\":\"https:\\\/\\\/schema.org\",\"@graph\":[{\"@type\":\"Article\",\"@id\":\"https:\\\/\\\/memurunsesi.net\\\/index.php\\\/2026\\\/03\\\/06\\\/prof-dr-selcuk-alemdag-dogu-karadenizde-yanlis-yol-planlamasi-ve-yer-secimi-heyelan-ve-kaya-dusmesi-riskini-tetikliyor\\\/#article\",\"isPartOf\":{\"@id\":\"https:\\\/\\\/memurunsesi.net\\\/index.php\\\/2026\\\/03\\\/06\\\/prof-dr-selcuk-alemdag-dogu-karadenizde-yanlis-yol-planlamasi-ve-yer-secimi-heyelan-ve-kaya-dusmesi-riskini-tetikliyor\\\/\"},\"author\":{\"name\":\"Memurun Sesi Haber Merkezi\",\"@id\":\"https:\\\/\\\/memurunsesi.net\\\/#\\\/schema\\\/person\\\/f21c2d73b89f6ee1d80b0a1803e38587\"},\"headline\":\"Prof. Dr. Sel\u00e7uk Alemda\u011f: &#8220;Do\u011fu Karadeniz&#8217;de yanl\u0131\u015f yol planlamas\u0131 ve yer se\u00e7imi heyelan ve kaya d\u00fc\u015fmesi riskini tetikliyor&#8221;\",\"datePublished\":\"2026-03-06T06:40:40+00:00\",\"mainEntityOfPage\":{\"@id\":\"https:\\\/\\\/memurunsesi.net\\\/index.php\\\/2026\\\/03\\\/06\\\/prof-dr-selcuk-alemdag-dogu-karadenizde-yanlis-yol-planlamasi-ve-yer-secimi-heyelan-ve-kaya-dusmesi-riskini-tetikliyor\\\/\"},\"wordCount\":1071,\"commentCount\":0,\"publisher\":{\"@id\":\"https:\\\/\\\/memurunsesi.net\\\/#organization\"},\"image\":{\"@id\":\"https:\\\/\\\/memurunsesi.net\\\/index.php\\\/2026\\\/03\\\/06\\\/prof-dr-selcuk-alemdag-dogu-karadenizde-yanlis-yol-planlamasi-ve-yer-secimi-heyelan-ve-kaya-dusmesi-riskini-tetikliyor\\\/#primaryimage\"},\"thumbnailUrl\":\"https:\\\/\\\/memurunsesi.net\\\/wp-content\\\/uploads\\\/2026\\\/03\\\/kaya.jpg\",\"keywords\":[\"kaya d\u00fc\u015fmesi riski\",\"yanl\u0131\u015f yol planlamas\u0131\",\"yer se\u00e7imi heyelan\"],\"articleSection\":[\"G\u00fcndem\"],\"inLanguage\":\"tr\",\"potentialAction\":[{\"@type\":\"CommentAction\",\"name\":\"Comment\",\"target\":[\"https:\\\/\\\/memurunsesi.net\\\/index.php\\\/2026\\\/03\\\/06\\\/prof-dr-selcuk-alemdag-dogu-karadenizde-yanlis-yol-planlamasi-ve-yer-secimi-heyelan-ve-kaya-dusmesi-riskini-tetikliyor\\\/#respond\"]}]},{\"@type\":\"WebPage\",\"@id\":\"https:\\\/\\\/memurunsesi.net\\\/index.php\\\/2026\\\/03\\\/06\\\/prof-dr-selcuk-alemdag-dogu-karadenizde-yanlis-yol-planlamasi-ve-yer-secimi-heyelan-ve-kaya-dusmesi-riskini-tetikliyor\\\/\",\"url\":\"https:\\\/\\\/memurunsesi.net\\\/index.php\\\/2026\\\/03\\\/06\\\/prof-dr-selcuk-alemdag-dogu-karadenizde-yanlis-yol-planlamasi-ve-yer-secimi-heyelan-ve-kaya-dusmesi-riskini-tetikliyor\\\/\",\"name\":\"Prof. Dr. Sel\u00e7uk Alemda\u011f: \\\"Do\u011fu Karadeniz'de yanl\u0131\u015f yol planlamas\u0131 ve yer se\u00e7imi heyelan ve kaya d\u00fc\u015fmesi riskini tetikliyor\\\" - Memurun Sesi\",\"isPartOf\":{\"@id\":\"https:\\\/\\\/memurunsesi.net\\\/#website\"},\"primaryImageOfPage\":{\"@id\":\"https:\\\/\\\/memurunsesi.net\\\/index.php\\\/2026\\\/03\\\/06\\\/prof-dr-selcuk-alemdag-dogu-karadenizde-yanlis-yol-planlamasi-ve-yer-secimi-heyelan-ve-kaya-dusmesi-riskini-tetikliyor\\\/#primaryimage\"},\"image\":{\"@id\":\"https:\\\/\\\/memurunsesi.net\\\/index.php\\\/2026\\\/03\\\/06\\\/prof-dr-selcuk-alemdag-dogu-karadenizde-yanlis-yol-planlamasi-ve-yer-secimi-heyelan-ve-kaya-dusmesi-riskini-tetikliyor\\\/#primaryimage\"},\"thumbnailUrl\":\"https:\\\/\\\/memurunsesi.net\\\/wp-content\\\/uploads\\\/2026\\\/03\\\/kaya.jpg\",\"datePublished\":\"2026-03-06T06:40:40+00:00\",\"description\":\"K\u00fctle hareketlerinde Rize ve Trabzon \u00e7evresinde daha \u00e7ok zemin hareketleri g\u00f6r\u00fcl\u00fcrken, G\u00fcm\u00fc\u015fhane, Bayburt, Artvin ve Giresun'da kaya k\u00fctlelerinde kopma ve d\u00fc\u015fmeler daha s\u0131k ya\u015fan\u0131yor\\\"\",\"breadcrumb\":{\"@id\":\"https:\\\/\\\/memurunsesi.net\\\/index.php\\\/2026\\\/03\\\/06\\\/prof-dr-selcuk-alemdag-dogu-karadenizde-yanlis-yol-planlamasi-ve-yer-secimi-heyelan-ve-kaya-dusmesi-riskini-tetikliyor\\\/#breadcrumb\"},\"inLanguage\":\"tr\",\"potentialAction\":[{\"@type\":\"ReadAction\",\"target\":[\"https:\\\/\\\/memurunsesi.net\\\/index.php\\\/2026\\\/03\\\/06\\\/prof-dr-selcuk-alemdag-dogu-karadenizde-yanlis-yol-planlamasi-ve-yer-secimi-heyelan-ve-kaya-dusmesi-riskini-tetikliyor\\\/\"]}]},{\"@type\":\"ImageObject\",\"inLanguage\":\"tr\",\"@id\":\"https:\\\/\\\/memurunsesi.net\\\/index.php\\\/2026\\\/03\\\/06\\\/prof-dr-selcuk-alemdag-dogu-karadenizde-yanlis-yol-planlamasi-ve-yer-secimi-heyelan-ve-kaya-dusmesi-riskini-tetikliyor\\\/#primaryimage\",\"url\":\"https:\\\/\\\/memurunsesi.net\\\/wp-content\\\/uploads\\\/2026\\\/03\\\/kaya.jpg\",\"contentUrl\":\"https:\\\/\\\/memurunsesi.net\\\/wp-content\\\/uploads\\\/2026\\\/03\\\/kaya.jpg\",\"width\":1600,\"height\":1204,\"caption\":\"DO\u011eU KARADEN\u0130Z'DE SARP ARAZ\u0130 YAPISI VE YO\u011eUN YA\u011eI\u015eIN ETK\u0130L\u0130 OLDU\u011eU B\u00d6LGELERDE YANLI\u015e YOL PLANLAMASI VE DO\u011eAYA UYGUN OLMAYAN M\u00dcDAHALELER\u0130N HEYELAN VE KAYA D\u00dc\u015eMES\u0130 R\u0130SK\u0130N\u0130 ARTIRDI\u011eI BEL\u0130RT\u0130LD\u0130. (RECEP ERG\u0130N - U\u011eUR AYDIN\\\/G\u00dcM\u00dc\u015eHANE-\u0130HA) Do\u011fu Karadeniz'de sarp arazi yap\u0131s\u0131 ve yo\u011fun ya\u011f\u0131\u015f\u0131n etkili oldu\u011fu b\u00f6lgelerde yanl\u0131\u015f yol planlamas\u0131 ve do\u011faya uygun olmayan m\u00fcdahalelerin heyelan ve kaya d\u00fc\u015fmesi riskini art\u0131rd\u0131\u011f\u0131 belirtildi.\"},{\"@type\":\"BreadcrumbList\",\"@id\":\"https:\\\/\\\/memurunsesi.net\\\/index.php\\\/2026\\\/03\\\/06\\\/prof-dr-selcuk-alemdag-dogu-karadenizde-yanlis-yol-planlamasi-ve-yer-secimi-heyelan-ve-kaya-dusmesi-riskini-tetikliyor\\\/#breadcrumb\",\"itemListElement\":[{\"@type\":\"ListItem\",\"position\":1,\"name\":\"Anasayfa\",\"item\":\"https:\\\/\\\/memurunsesi.net\\\/\"},{\"@type\":\"ListItem\",\"position\":2,\"name\":\"Prof. Dr. Sel\u00e7uk Alemda\u011f: &#8220;Do\u011fu Karadeniz&#8217;de yanl\u0131\u015f yol planlamas\u0131 ve yer se\u00e7imi heyelan ve kaya d\u00fc\u015fmesi riskini tetikliyor&#8221;\"}]},{\"@type\":\"WebSite\",\"@id\":\"https:\\\/\\\/memurunsesi.net\\\/#website\",\"url\":\"https:\\\/\\\/memurunsesi.net\\\/\",\"name\":\"Memurun Sesi\",\"description\":\"G\u00fcncel ve Do\u011fru Haber\",\"publisher\":{\"@id\":\"https:\\\/\\\/memurunsesi.net\\\/#organization\"},\"potentialAction\":[{\"@type\":\"SearchAction\",\"target\":{\"@type\":\"EntryPoint\",\"urlTemplate\":\"https:\\\/\\\/memurunsesi.net\\\/?s={search_term_string}\"},\"query-input\":{\"@type\":\"PropertyValueSpecification\",\"valueRequired\":true,\"valueName\":\"search_term_string\"}}],\"inLanguage\":\"tr\"},{\"@type\":\"Organization\",\"@id\":\"https:\\\/\\\/memurunsesi.net\\\/#organization\",\"name\":\"Memurun Sesi\",\"url\":\"https:\\\/\\\/memurunsesi.net\\\/\",\"logo\":{\"@type\":\"ImageObject\",\"inLanguage\":\"tr\",\"@id\":\"https:\\\/\\\/memurunsesi.net\\\/#\\\/schema\\\/logo\\\/image\\\/\",\"url\":\"https:\\\/\\\/memurunsesi.net\\\/wp-content\\\/uploads\\\/2025\\\/11\\\/cropped-MEMURUN-SESI.png\",\"contentUrl\":\"https:\\\/\\\/memurunsesi.net\\\/wp-content\\\/uploads\\\/2025\\\/11\\\/cropped-MEMURUN-SESI.png\",\"width\":238,\"height\":57,\"caption\":\"Memurun Sesi\"},\"image\":{\"@id\":\"https:\\\/\\\/memurunsesi.net\\\/#\\\/schema\\\/logo\\\/image\\\/\"},\"sameAs\":[\"https:\\\/\\\/www.facebook.com\\\/unipersen\\\/?locale=tr_TR\",\"https:\\\/\\\/x.com\\\/unipersen\"]},{\"@type\":\"Person\",\"@id\":\"https:\\\/\\\/memurunsesi.net\\\/#\\\/schema\\\/person\\\/f21c2d73b89f6ee1d80b0a1803e38587\",\"name\":\"Memurun Sesi Haber Merkezi\",\"image\":{\"@type\":\"ImageObject\",\"inLanguage\":\"tr\",\"@id\":\"https:\\\/\\\/secure.gravatar.com\\\/avatar\\\/6cf0505f452ee753f485014986fab09a434671d2b919ee76fc541025c5876a70?s=96&d=mm&r=g\",\"url\":\"https:\\\/\\\/secure.gravatar.com\\\/avatar\\\/6cf0505f452ee753f485014986fab09a434671d2b919ee76fc541025c5876a70?s=96&d=mm&r=g\",\"contentUrl\":\"https:\\\/\\\/secure.gravatar.com\\\/avatar\\\/6cf0505f452ee753f485014986fab09a434671d2b919ee76fc541025c5876a70?s=96&d=mm&r=g\",\"caption\":\"Memurun Sesi Haber Merkezi\"},\"sameAs\":[\"https:\\\/\\\/memurunsesi.net\"],\"url\":\"https:\\\/\\\/memurunsesi.net\\\/index.php\\\/author\\\/uniper\\\/\"}]}<\/script>\n<!-- \/ Yoast SEO plugin. -->","yoast_head_json":{"title":"Prof. Dr. Sel\u00e7uk Alemda\u011f: \"Do\u011fu Karadeniz'de yanl\u0131\u015f yol planlamas\u0131 ve yer se\u00e7imi heyelan ve kaya d\u00fc\u015fmesi riskini tetikliyor\" - Memurun Sesi","description":"K\u00fctle hareketlerinde Rize ve Trabzon \u00e7evresinde daha \u00e7ok zemin hareketleri g\u00f6r\u00fcl\u00fcrken, G\u00fcm\u00fc\u015fhane, Bayburt, Artvin ve Giresun'da kaya k\u00fctlelerinde kopma ve d\u00fc\u015fmeler daha s\u0131k ya\u015fan\u0131yor\"","robots":{"index":"index","follow":"follow","max-snippet":"max-snippet:-1","max-image-preview":"max-image-preview:large","max-video-preview":"max-video-preview:-1"},"canonical":"https:\/\/memurunsesi.net\/index.php\/2026\/03\/06\/prof-dr-selcuk-alemdag-dogu-karadenizde-yanlis-yol-planlamasi-ve-yer-secimi-heyelan-ve-kaya-dusmesi-riskini-tetikliyor\/","og_locale":"tr_TR","og_type":"article","og_title":"Prof. Dr. Sel\u00e7uk Alemda\u011f: \"Do\u011fu Karadeniz'de yanl\u0131\u015f yol planlamas\u0131 ve yer se\u00e7imi heyelan ve kaya d\u00fc\u015fmesi riskini tetikliyor\" - Memurun Sesi","og_description":"K\u00fctle hareketlerinde Rize ve Trabzon \u00e7evresinde daha \u00e7ok zemin hareketleri g\u00f6r\u00fcl\u00fcrken, G\u00fcm\u00fc\u015fhane, Bayburt, Artvin ve Giresun'da kaya k\u00fctlelerinde kopma ve d\u00fc\u015fmeler daha s\u0131k ya\u015fan\u0131yor\"","og_url":"https:\/\/memurunsesi.net\/index.php\/2026\/03\/06\/prof-dr-selcuk-alemdag-dogu-karadenizde-yanlis-yol-planlamasi-ve-yer-secimi-heyelan-ve-kaya-dusmesi-riskini-tetikliyor\/","og_site_name":"Memurun Sesi","article_publisher":"https:\/\/www.facebook.com\/unipersen\/?locale=tr_TR","article_published_time":"2026-03-06T06:40:40+00:00","og_image":[{"width":1600,"height":1204,"url":"https:\/\/memurunsesi.net\/wp-content\/uploads\/2026\/03\/kaya.jpg","type":"image\/jpeg"}],"author":"Memurun Sesi Haber Merkezi","twitter_card":"summary_large_image","twitter_creator":"@unipersen","twitter_site":"@unipersen","twitter_misc":{"Yazan:":"Memurun Sesi Haber Merkezi","Tahmini okuma s\u00fcresi":"5 dakika"},"schema":{"@context":"https:\/\/schema.org","@graph":[{"@type":"Article","@id":"https:\/\/memurunsesi.net\/index.php\/2026\/03\/06\/prof-dr-selcuk-alemdag-dogu-karadenizde-yanlis-yol-planlamasi-ve-yer-secimi-heyelan-ve-kaya-dusmesi-riskini-tetikliyor\/#article","isPartOf":{"@id":"https:\/\/memurunsesi.net\/index.php\/2026\/03\/06\/prof-dr-selcuk-alemdag-dogu-karadenizde-yanlis-yol-planlamasi-ve-yer-secimi-heyelan-ve-kaya-dusmesi-riskini-tetikliyor\/"},"author":{"name":"Memurun Sesi Haber Merkezi","@id":"https:\/\/memurunsesi.net\/#\/schema\/person\/f21c2d73b89f6ee1d80b0a1803e38587"},"headline":"Prof. Dr. Sel\u00e7uk Alemda\u011f: &#8220;Do\u011fu Karadeniz&#8217;de yanl\u0131\u015f yol planlamas\u0131 ve yer se\u00e7imi heyelan ve kaya d\u00fc\u015fmesi riskini tetikliyor&#8221;","datePublished":"2026-03-06T06:40:40+00:00","mainEntityOfPage":{"@id":"https:\/\/memurunsesi.net\/index.php\/2026\/03\/06\/prof-dr-selcuk-alemdag-dogu-karadenizde-yanlis-yol-planlamasi-ve-yer-secimi-heyelan-ve-kaya-dusmesi-riskini-tetikliyor\/"},"wordCount":1071,"commentCount":0,"publisher":{"@id":"https:\/\/memurunsesi.net\/#organization"},"image":{"@id":"https:\/\/memurunsesi.net\/index.php\/2026\/03\/06\/prof-dr-selcuk-alemdag-dogu-karadenizde-yanlis-yol-planlamasi-ve-yer-secimi-heyelan-ve-kaya-dusmesi-riskini-tetikliyor\/#primaryimage"},"thumbnailUrl":"https:\/\/memurunsesi.net\/wp-content\/uploads\/2026\/03\/kaya.jpg","keywords":["kaya d\u00fc\u015fmesi riski","yanl\u0131\u015f yol planlamas\u0131","yer se\u00e7imi heyelan"],"articleSection":["G\u00fcndem"],"inLanguage":"tr","potentialAction":[{"@type":"CommentAction","name":"Comment","target":["https:\/\/memurunsesi.net\/index.php\/2026\/03\/06\/prof-dr-selcuk-alemdag-dogu-karadenizde-yanlis-yol-planlamasi-ve-yer-secimi-heyelan-ve-kaya-dusmesi-riskini-tetikliyor\/#respond"]}]},{"@type":"WebPage","@id":"https:\/\/memurunsesi.net\/index.php\/2026\/03\/06\/prof-dr-selcuk-alemdag-dogu-karadenizde-yanlis-yol-planlamasi-ve-yer-secimi-heyelan-ve-kaya-dusmesi-riskini-tetikliyor\/","url":"https:\/\/memurunsesi.net\/index.php\/2026\/03\/06\/prof-dr-selcuk-alemdag-dogu-karadenizde-yanlis-yol-planlamasi-ve-yer-secimi-heyelan-ve-kaya-dusmesi-riskini-tetikliyor\/","name":"Prof. Dr. Sel\u00e7uk Alemda\u011f: \"Do\u011fu Karadeniz'de yanl\u0131\u015f yol planlamas\u0131 ve yer se\u00e7imi heyelan ve kaya d\u00fc\u015fmesi riskini tetikliyor\" - Memurun Sesi","isPartOf":{"@id":"https:\/\/memurunsesi.net\/#website"},"primaryImageOfPage":{"@id":"https:\/\/memurunsesi.net\/index.php\/2026\/03\/06\/prof-dr-selcuk-alemdag-dogu-karadenizde-yanlis-yol-planlamasi-ve-yer-secimi-heyelan-ve-kaya-dusmesi-riskini-tetikliyor\/#primaryimage"},"image":{"@id":"https:\/\/memurunsesi.net\/index.php\/2026\/03\/06\/prof-dr-selcuk-alemdag-dogu-karadenizde-yanlis-yol-planlamasi-ve-yer-secimi-heyelan-ve-kaya-dusmesi-riskini-tetikliyor\/#primaryimage"},"thumbnailUrl":"https:\/\/memurunsesi.net\/wp-content\/uploads\/2026\/03\/kaya.jpg","datePublished":"2026-03-06T06:40:40+00:00","description":"K\u00fctle hareketlerinde Rize ve Trabzon \u00e7evresinde daha \u00e7ok zemin hareketleri g\u00f6r\u00fcl\u00fcrken, G\u00fcm\u00fc\u015fhane, Bayburt, Artvin ve Giresun'da kaya k\u00fctlelerinde kopma ve d\u00fc\u015fmeler daha s\u0131k ya\u015fan\u0131yor\"","breadcrumb":{"@id":"https:\/\/memurunsesi.net\/index.php\/2026\/03\/06\/prof-dr-selcuk-alemdag-dogu-karadenizde-yanlis-yol-planlamasi-ve-yer-secimi-heyelan-ve-kaya-dusmesi-riskini-tetikliyor\/#breadcrumb"},"inLanguage":"tr","potentialAction":[{"@type":"ReadAction","target":["https:\/\/memurunsesi.net\/index.php\/2026\/03\/06\/prof-dr-selcuk-alemdag-dogu-karadenizde-yanlis-yol-planlamasi-ve-yer-secimi-heyelan-ve-kaya-dusmesi-riskini-tetikliyor\/"]}]},{"@type":"ImageObject","inLanguage":"tr","@id":"https:\/\/memurunsesi.net\/index.php\/2026\/03\/06\/prof-dr-selcuk-alemdag-dogu-karadenizde-yanlis-yol-planlamasi-ve-yer-secimi-heyelan-ve-kaya-dusmesi-riskini-tetikliyor\/#primaryimage","url":"https:\/\/memurunsesi.net\/wp-content\/uploads\/2026\/03\/kaya.jpg","contentUrl":"https:\/\/memurunsesi.net\/wp-content\/uploads\/2026\/03\/kaya.jpg","width":1600,"height":1204,"caption":"DO\u011eU KARADEN\u0130Z'DE SARP ARAZ\u0130 YAPISI VE YO\u011eUN YA\u011eI\u015eIN ETK\u0130L\u0130 OLDU\u011eU B\u00d6LGELERDE YANLI\u015e YOL PLANLAMASI VE DO\u011eAYA UYGUN OLMAYAN M\u00dcDAHALELER\u0130N HEYELAN VE KAYA D\u00dc\u015eMES\u0130 R\u0130SK\u0130N\u0130 ARTIRDI\u011eI BEL\u0130RT\u0130LD\u0130. (RECEP ERG\u0130N - U\u011eUR AYDIN\/G\u00dcM\u00dc\u015eHANE-\u0130HA) Do\u011fu Karadeniz'de sarp arazi yap\u0131s\u0131 ve yo\u011fun ya\u011f\u0131\u015f\u0131n etkili oldu\u011fu b\u00f6lgelerde yanl\u0131\u015f yol planlamas\u0131 ve do\u011faya uygun olmayan m\u00fcdahalelerin heyelan ve kaya d\u00fc\u015fmesi riskini art\u0131rd\u0131\u011f\u0131 belirtildi."},{"@type":"BreadcrumbList","@id":"https:\/\/memurunsesi.net\/index.php\/2026\/03\/06\/prof-dr-selcuk-alemdag-dogu-karadenizde-yanlis-yol-planlamasi-ve-yer-secimi-heyelan-ve-kaya-dusmesi-riskini-tetikliyor\/#breadcrumb","itemListElement":[{"@type":"ListItem","position":1,"name":"Anasayfa","item":"https:\/\/memurunsesi.net\/"},{"@type":"ListItem","position":2,"name":"Prof. Dr. Sel\u00e7uk Alemda\u011f: &#8220;Do\u011fu Karadeniz&#8217;de yanl\u0131\u015f yol planlamas\u0131 ve yer se\u00e7imi heyelan ve kaya d\u00fc\u015fmesi riskini tetikliyor&#8221;"}]},{"@type":"WebSite","@id":"https:\/\/memurunsesi.net\/#website","url":"https:\/\/memurunsesi.net\/","name":"Memurun Sesi","description":"G\u00fcncel ve Do\u011fru Haber","publisher":{"@id":"https:\/\/memurunsesi.net\/#organization"},"potentialAction":[{"@type":"SearchAction","target":{"@type":"EntryPoint","urlTemplate":"https:\/\/memurunsesi.net\/?s={search_term_string}"},"query-input":{"@type":"PropertyValueSpecification","valueRequired":true,"valueName":"search_term_string"}}],"inLanguage":"tr"},{"@type":"Organization","@id":"https:\/\/memurunsesi.net\/#organization","name":"Memurun Sesi","url":"https:\/\/memurunsesi.net\/","logo":{"@type":"ImageObject","inLanguage":"tr","@id":"https:\/\/memurunsesi.net\/#\/schema\/logo\/image\/","url":"https:\/\/memurunsesi.net\/wp-content\/uploads\/2025\/11\/cropped-MEMURUN-SESI.png","contentUrl":"https:\/\/memurunsesi.net\/wp-content\/uploads\/2025\/11\/cropped-MEMURUN-SESI.png","width":238,"height":57,"caption":"Memurun Sesi"},"image":{"@id":"https:\/\/memurunsesi.net\/#\/schema\/logo\/image\/"},"sameAs":["https:\/\/www.facebook.com\/unipersen\/?locale=tr_TR","https:\/\/x.com\/unipersen"]},{"@type":"Person","@id":"https:\/\/memurunsesi.net\/#\/schema\/person\/f21c2d73b89f6ee1d80b0a1803e38587","name":"Memurun Sesi Haber Merkezi","image":{"@type":"ImageObject","inLanguage":"tr","@id":"https:\/\/secure.gravatar.com\/avatar\/6cf0505f452ee753f485014986fab09a434671d2b919ee76fc541025c5876a70?s=96&d=mm&r=g","url":"https:\/\/secure.gravatar.com\/avatar\/6cf0505f452ee753f485014986fab09a434671d2b919ee76fc541025c5876a70?s=96&d=mm&r=g","contentUrl":"https:\/\/secure.gravatar.com\/avatar\/6cf0505f452ee753f485014986fab09a434671d2b919ee76fc541025c5876a70?s=96&d=mm&r=g","caption":"Memurun Sesi Haber Merkezi"},"sameAs":["https:\/\/memurunsesi.net"],"url":"https:\/\/memurunsesi.net\/index.php\/author\/uniper\/"}]}},"_links":{"self":[{"href":"https:\/\/memurunsesi.net\/index.php\/wp-json\/wp\/v2\/posts\/18119","targetHints":{"allow":["GET"]}}],"collection":[{"href":"https:\/\/memurunsesi.net\/index.php\/wp-json\/wp\/v2\/posts"}],"about":[{"href":"https:\/\/memurunsesi.net\/index.php\/wp-json\/wp\/v2\/types\/post"}],"author":[{"embeddable":true,"href":"https:\/\/memurunsesi.net\/index.php\/wp-json\/wp\/v2\/users\/1"}],"replies":[{"embeddable":true,"href":"https:\/\/memurunsesi.net\/index.php\/wp-json\/wp\/v2\/comments?post=18119"}],"version-history":[{"count":1,"href":"https:\/\/memurunsesi.net\/index.php\/wp-json\/wp\/v2\/posts\/18119\/revisions"}],"predecessor-version":[{"id":18121,"href":"https:\/\/memurunsesi.net\/index.php\/wp-json\/wp\/v2\/posts\/18119\/revisions\/18121"}],"wp:featuredmedia":[{"embeddable":true,"href":"https:\/\/memurunsesi.net\/index.php\/wp-json\/wp\/v2\/media\/18120"}],"wp:attachment":[{"href":"https:\/\/memurunsesi.net\/index.php\/wp-json\/wp\/v2\/media?parent=18119"}],"wp:term":[{"taxonomy":"category","embeddable":true,"href":"https:\/\/memurunsesi.net\/index.php\/wp-json\/wp\/v2\/categories?post=18119"},{"taxonomy":"post_tag","embeddable":true,"href":"https:\/\/memurunsesi.net\/index.php\/wp-json\/wp\/v2\/tags?post=18119"}],"curies":[{"name":"wp","href":"https:\/\/api.w.org\/{rel}","templated":true}]}}