{"id":18136,"date":"2026-03-06T15:43:56","date_gmt":"2026-03-06T12:43:56","guid":{"rendered":"https:\/\/memurunsesi.net\/?p=18136"},"modified":"2026-03-06T15:43:56","modified_gmt":"2026-03-06T12:43:56","slug":"universitelerde-gorevde-yukselme-ve-unvan-degisikligi-sinavlarinin-onemi","status":"publish","type":"post","link":"https:\/\/memurunsesi.net\/index.php\/2026\/03\/06\/universitelerde-gorevde-yukselme-ve-unvan-degisikligi-sinavlarinin-onemi\/","title":{"rendered":"\u00dcniversitelerde G\u00f6revde Y\u00fckselme ve Unvan De\u011fi\u015fikli\u011fi S\u0131navlar\u0131n\u0131n \u00d6nemi"},"content":{"rendered":"<p class=\"isSelectedEnd\">\u00a0 \u00a0 \u00a0\u00dcniversiteler \u00e7o\u011fu zaman yaln\u0131zca e\u011fitim verilen ve bilimsel ara\u015ft\u0131rmalar\u0131n y\u00fcr\u00fct\u00fcld\u00fc\u011f\u00fc kurumlar olarak g\u00f6r\u00fcl\u00fcr. Oysa y\u00fcksek\u00f6\u011fretim kurumlar\u0131, ayn\u0131 zamanda \u00e7ok b\u00fcy\u00fck ve karma\u015f\u0131k bir idari yap\u0131ya sahiptir. E\u011fitim-\u00f6\u011fretim faaliyetlerinden \u00f6\u011frenci i\u015flerine, mali s\u00fcre\u00e7lerden teknik hizmetlere kadar uzanan geni\u015f bir alanda y\u00fcr\u00fct\u00fclen \u00e7al\u0131\u015fmalar; \u00fcniversitelerde g\u00f6rev yapan idari personelin bilgi, deneyim ve liyakati sayesinde s\u00fcrd\u00fcr\u00fclebilmektedir.<\/p>\n<p class=\"isSelectedEnd\">\u0130\u015fte bu noktada g\u00f6revde y\u00fckselme ve unvan de\u011fi\u015fikli\u011fi s\u0131navlar\u0131, \u00fcniversitelerin sa\u011fl\u0131kl\u0131 i\u015fleyi\u015fi a\u00e7\u0131s\u0131ndan kritik bir rol oynamaktad\u0131r. Bu s\u0131navlar yaln\u0131zca bireysel kariyer geli\u015fiminin bir arac\u0131 de\u011fildir; ayn\u0131 zamanda kurumlar\u0131n verimli, adil ve s\u00fcrd\u00fcr\u00fclebilir bir y\u00f6netim yap\u0131s\u0131na kavu\u015fmas\u0131n\u0131n da temel unsurlar\u0131ndan biridir.<\/p>\n<p class=\"isSelectedEnd\">Kamu y\u00f6netiminde kariyer ve liyakat ilkeleri uzun y\u0131llard\u0131r temel bir yakla\u015f\u0131m olarak kabul edilmektedir. Kamu g\u00f6revlilerinin bilgi, e\u011fitim ve hizmet s\u00fcreleri dikkate al\u0131narak \u00fcst g\u00f6revlere y\u00fckselmesi, hem \u00e7al\u0131\u015fan motivasyonu hem de kurumsal verimlilik a\u00e7\u0131s\u0131ndan b\u00fcy\u00fck \u00f6nem ta\u015f\u0131r. \u00dcniversitelerde yap\u0131lan g\u00f6revde y\u00fckselme ve unvan de\u011fi\u015fikli\u011fi s\u0131navlar\u0131 da bu anlay\u0131\u015f\u0131n somut uygulamalar\u0131ndan biridir.<\/p>\n<p class=\"isSelectedEnd\">Ne var ki uygulamada baz\u0131 \u00fcniversitelerde bu s\u0131navlar\u0131n uzun y\u0131llar a\u00e7\u0131lmad\u0131\u011f\u0131 g\u00f6r\u00fclmektedir. On, on be\u015f hatta yirmi y\u0131l boyunca g\u00f6revde y\u00fckselme s\u0131nav\u0131 yap\u0131lmayan kurumlar\u0131n varl\u0131\u011f\u0131 bilinmektedir. Bu durum yaln\u0131zca personelin kariyer planlamas\u0131n\u0131 sekteye u\u011fratmakla kalmamakta, ayn\u0131 zamanda kurum i\u00e7i motivasyonu da ciddi bi\u00e7imde zay\u0131flatmaktad\u0131r. Y\u0131llarca ayn\u0131 kadroda \u00e7al\u0131\u015fan, e\u011fitimini tamamlayan, kendisini geli\u015ftiren ve kurumuna katk\u0131 sunan personelin ilerleme f\u0131rsat\u0131 bulamamas\u0131, do\u011fal olarak adalet duygusunu zedelemektedir.<\/p>\n<p class=\"isSelectedEnd\">G\u00f6revde y\u00fckselme s\u0131navlar\u0131n\u0131n d\u00fczenli yap\u0131lmas\u0131 kurumsal verimlilik a\u00e7\u0131s\u0131ndan da b\u00fcy\u00fck \u00f6nem ta\u015f\u0131r. Kurum i\u00e7inde yeti\u015fmi\u015f, mevzuata h\u00e2kim, \u00fcniversitenin i\u015fleyi\u015fini yak\u0131ndan bilen personelin y\u00f6netim kadrolar\u0131na gelmesi; karar alma s\u00fcre\u00e7lerini daha sa\u011fl\u0131kl\u0131 ve h\u0131zl\u0131 hale getirebilir. Bu durum yaln\u0131zca y\u00f6netsel istikrar\u0131 g\u00fc\u00e7lendirmekle kalmaz, ayn\u0131 zamanda kamu kaynaklar\u0131n\u0131n daha etkin kullan\u0131lmas\u0131na da katk\u0131 sa\u011flar.<\/p>\n<p class=\"isSelectedEnd\">S\u0131navlar\u0131n yap\u0131lmamas\u0131 \u00e7o\u011fu zaman ge\u00e7ici g\u00f6revlendirmelerle \u00e7\u00f6z\u00fcm aray\u0131\u015f\u0131na yol a\u00e7maktad\u0131r. K\u0131sa vadede pratik bir \u00e7\u00f6z\u00fcm gibi g\u00f6r\u00fcnen bu y\u00f6ntem, uzun vadede kurumsal d\u00fczeni zedeleyebilmekte ve liyakat tart\u0131\u015fmalar\u0131n\u0131 beraberinde getirebilmektedir. Oysa g\u00f6revde y\u00fckselme sistemi; \u015feffaf, \u00f6l\u00e7\u00fclebilir ve objektif bir de\u011ferlendirme mekanizmas\u0131 sunarak bu t\u00fcr tart\u0131\u015fmalar\u0131n \u00f6n\u00fcne ge\u00e7me potansiyeline sahiptir.<\/p>\n<p class=\"isSelectedEnd\">Unvan de\u011fi\u015fikli\u011fi s\u0131navlar\u0131 da en az g\u00f6revde y\u00fckselme s\u0131navlar\u0131 kadar \u00f6nemlidir. \u00d6zellikle teknik veya uzmanl\u0131k gerektiren kadrolarda g\u00f6rev yapacak personelin ilgili e\u011fitim \u015fartlar\u0131n\u0131 ta\u015f\u0131mas\u0131 ve bu kadrolara s\u0131nav yoluyla atanmas\u0131, hem hizmet kalitesini y\u00fckseltmekte hem de mesleki uzmanla\u015fmay\u0131 te\u015fvik etmektedir. M\u00fchendis, tekniker, programc\u0131 veya \u00e7\u00f6z\u00fcmleyici gibi teknik kadrolar\u0131n do\u011fru ki\u015filerle doldurulmas\u0131, \u00fcniversitelerin teknolojik ve idari altyap\u0131s\u0131n\u0131n g\u00fc\u00e7lenmesine do\u011frudan katk\u0131 sa\u011flar.<\/p>\n<p class=\"isSelectedEnd\">Bu nedenle \u00fcniversitelerde g\u00f6revde y\u00fckselme ve unvan de\u011fi\u015fikli\u011fi s\u0131navlar\u0131n\u0131n belirli periyotlarla ve d\u00fczenli \u015fekilde yap\u0131lmas\u0131 art\u0131k bir tercih de\u011fil, kurumsal bir zorunluluk olarak g\u00f6r\u00fclmelidir. Bu s\u0131navlar yaln\u0131zca bireysel kariyer geli\u015fimi i\u00e7in de\u011fil, ayn\u0131 zamanda kurumlar\u0131n kurumsal kapasitesinin g\u00fc\u00e7lendirilmesi a\u00e7\u0131s\u0131ndan da hayati bir i\u015fleve sahiptir.<\/p>\n<p class=\"isSelectedEnd\">Sonu\u00e7 olarak; eme\u011fin kar\u015f\u0131l\u0131k buldu\u011fu, liyakatin esas al\u0131nd\u0131\u011f\u0131 ve kariyer planlamas\u0131n\u0131n m\u00fcmk\u00fcn oldu\u011fu bir kamu y\u00f6netimi anlay\u0131\u015f\u0131 i\u00e7in g\u00f6revde y\u00fckselme ve unvan de\u011fi\u015fikli\u011fi s\u0131navlar\u0131n\u0131n d\u00fczenli olarak ger\u00e7ekle\u015ftirilmesi b\u00fcy\u00fck \u00f6nem ta\u015f\u0131maktad\u0131r. \u00dcniversiteler yaln\u0131zca bilimin \u00fcretildi\u011fi kurumlar de\u011fil; ayn\u0131 zamanda adaletin, f\u0131rsat e\u015fitli\u011finin ve liyakatin de \u00f6rnek g\u00f6sterildi\u011fi yap\u0131lar olmal\u0131d\u0131r.<\/p>\n<p>Bu nedenle g\u00f6revde y\u00fckselme ve unvan de\u011fi\u015fikli\u011fi s\u0131navlar\u0131, basit bir idari s\u00fcre\u00e7ten ibaret de\u011fildir. Bu s\u0131navlar; kurumsal adaletin, liyakatin ve sa\u011fl\u0131kl\u0131 bir y\u00f6netim anlay\u0131\u015f\u0131n\u0131n en \u00f6nemli g\u00fcvencelerinden biridir.<\/p>\n<p>Mehmet K\u00fcntay TA\u015eKIN<\/p>\n<p>06.03.2026<\/p>\n","protected":false},"excerpt":{"rendered":"<p>\u00a0 \u00a0 \u00a0\u00dcniversiteler \u00e7o\u011fu zaman yaln\u0131zca e\u011fitim verilen ve bilimsel ara\u015ft\u0131rmalar\u0131n y\u00fcr\u00fct\u00fcld\u00fc\u011f\u00fc kurumlar olarak g\u00f6r\u00fcl\u00fcr. Oysa y\u00fcksek\u00f6\u011fretim kurumlar\u0131, ayn\u0131 zamanda \u00e7ok b\u00fcy\u00fck ve karma\u015f\u0131k bir idari yap\u0131ya sahiptir. E\u011fitim-\u00f6\u011fretim faaliyetlerinden \u00f6\u011frenci i\u015flerine, mali s\u00fcre\u00e7lerden teknik hizmetlere kadar uzanan geni\u015f bir alanda y\u00fcr\u00fct\u00fclen \u00e7al\u0131\u015fmalar; \u00fcniversitelerde g\u00f6rev yapan idari personelin bilgi, deneyim ve liyakati sayesinde s\u00fcrd\u00fcr\u00fclebilmektedir. \u0130\u015fte [&hellip;]<\/p>\n","protected":false},"author":1,"featured_media":16010,"comment_status":"open","ping_status":"open","sticky":false,"template":"","format":"standard","meta":{"footnotes":""},"categories":[49],"tags":[1850,1852,1855,1445,1857,1856,1631,1636,1851,1854,1044,1853,1629,1773,1632],"class_list":["post-18136","post","type-post","status-publish","format-standard","has-post-thumbnail","hentry","category-kose-yazilari","tag-akademik-idari-personel","tag-devlet-memurlari","tag-firsat-esitligi","tag-gorevde-yukselme-sinavi","tag-idari-personel-kariyeri","tag-kamu-kurumlari","tag-kamu-personeli","tag-kamu-yonetimi","tag-kariyer-sistemi","tag-kurumsal-verimlilik","tag-liyakat","tag-universite-yonetimi","tag-universiteler","tag-unvan-degisikligi-sinavi","tag-yuksekogretim"],"yoast_head":"<!-- This site is optimized with the Yoast SEO plugin v27.4 - https:\/\/yoast.com\/product\/yoast-seo-wordpress\/ -->\n<title>\u00dcniversitelerde G\u00f6revde Y\u00fckselme ve Unvan De\u011fi\u015fikli\u011fi S\u0131navlar\u0131n\u0131n \u00d6nemi - Memurun Sesi<\/title>\n<meta name=\"description\" content=\"\u00dcniversitelerde g\u00f6revde y\u00fckselme ve unvan de\u011fi\u015fikli\u011fi s\u0131navlar\u0131n\u0131n \u00f6nemi, liyakat ilkesi, kariyer planlamas\u0131 ve kurumsal verimlilik a\u00e7\u0131s\u0131ndan de\u011ferlendiriliyor. D\u00fczenli yap\u0131lmayan s\u0131navlar\u0131n personel motivasyonu ve kurumsal adalet \u00fczerindeki etkileri ele al\u0131n\u0131yor.\" \/>\n<meta name=\"robots\" content=\"index, follow, max-snippet:-1, max-image-preview:large, max-video-preview:-1\" \/>\n<link rel=\"canonical\" href=\"https:\/\/memurunsesi.net\/index.php\/2026\/03\/06\/universitelerde-gorevde-yukselme-ve-unvan-degisikligi-sinavlarinin-onemi\/\" \/>\n<meta property=\"og:locale\" content=\"tr_TR\" \/>\n<meta property=\"og:type\" content=\"article\" \/>\n<meta property=\"og:title\" content=\"\u00dcniversitelerde G\u00f6revde Y\u00fckselme ve Unvan De\u011fi\u015fikli\u011fi S\u0131navlar\u0131n\u0131n \u00d6nemi - Memurun Sesi\" \/>\n<meta property=\"og:description\" content=\"\u00dcniversitelerde g\u00f6revde y\u00fckselme ve unvan de\u011fi\u015fikli\u011fi s\u0131navlar\u0131n\u0131n \u00f6nemi, liyakat ilkesi, kariyer planlamas\u0131 ve kurumsal verimlilik a\u00e7\u0131s\u0131ndan de\u011ferlendiriliyor. D\u00fczenli yap\u0131lmayan s\u0131navlar\u0131n personel motivasyonu ve kurumsal adalet \u00fczerindeki etkileri ele al\u0131n\u0131yor.\" \/>\n<meta property=\"og:url\" content=\"https:\/\/memurunsesi.net\/index.php\/2026\/03\/06\/universitelerde-gorevde-yukselme-ve-unvan-degisikligi-sinavlarinin-onemi\/\" \/>\n<meta property=\"og:site_name\" content=\"Memurun Sesi\" \/>\n<meta property=\"article:publisher\" content=\"https:\/\/www.facebook.com\/unipersen\/?locale=tr_TR\" \/>\n<meta property=\"article:published_time\" content=\"2026-03-06T12:43:56+00:00\" \/>\n<meta property=\"og:image\" content=\"https:\/\/memurunsesi.net\/wp-content\/uploads\/2026\/01\/gorev.png\" \/>\n\t<meta property=\"og:image:width\" content=\"1213\" \/>\n\t<meta property=\"og:image:height\" content=\"600\" \/>\n\t<meta property=\"og:image:type\" content=\"image\/png\" \/>\n<meta name=\"author\" content=\"Memurun Sesi Haber Merkezi\" \/>\n<meta name=\"twitter:card\" content=\"summary_large_image\" \/>\n<meta name=\"twitter:creator\" content=\"@unipersen\" \/>\n<meta name=\"twitter:site\" content=\"@unipersen\" \/>\n<meta name=\"twitter:label1\" content=\"Yazan:\" \/>\n\t<meta name=\"twitter:data1\" content=\"Memurun Sesi Haber Merkezi\" \/>\n\t<meta name=\"twitter:label2\" content=\"Tahmini okuma s\u00fcresi\" \/>\n\t<meta name=\"twitter:data2\" content=\"4 dakika\" \/>\n<script type=\"application\/ld+json\" class=\"yoast-schema-graph\">{\"@context\":\"https:\\\/\\\/schema.org\",\"@graph\":[{\"@type\":\"Article\",\"@id\":\"https:\\\/\\\/memurunsesi.net\\\/index.php\\\/2026\\\/03\\\/06\\\/universitelerde-gorevde-yukselme-ve-unvan-degisikligi-sinavlarinin-onemi\\\/#article\",\"isPartOf\":{\"@id\":\"https:\\\/\\\/memurunsesi.net\\\/index.php\\\/2026\\\/03\\\/06\\\/universitelerde-gorevde-yukselme-ve-unvan-degisikligi-sinavlarinin-onemi\\\/\"},\"author\":{\"name\":\"Memurun Sesi Haber Merkezi\",\"@id\":\"https:\\\/\\\/memurunsesi.net\\\/#\\\/schema\\\/person\\\/f21c2d73b89f6ee1d80b0a1803e38587\"},\"headline\":\"\u00dcniversitelerde G\u00f6revde Y\u00fckselme ve Unvan De\u011fi\u015fikli\u011fi S\u0131navlar\u0131n\u0131n \u00d6nemi\",\"datePublished\":\"2026-03-06T12:43:56+00:00\",\"mainEntityOfPage\":{\"@id\":\"https:\\\/\\\/memurunsesi.net\\\/index.php\\\/2026\\\/03\\\/06\\\/universitelerde-gorevde-yukselme-ve-unvan-degisikligi-sinavlarinin-onemi\\\/\"},\"wordCount\":783,\"commentCount\":0,\"publisher\":{\"@id\":\"https:\\\/\\\/memurunsesi.net\\\/#organization\"},\"image\":{\"@id\":\"https:\\\/\\\/memurunsesi.net\\\/index.php\\\/2026\\\/03\\\/06\\\/universitelerde-gorevde-yukselme-ve-unvan-degisikligi-sinavlarinin-onemi\\\/#primaryimage\"},\"thumbnailUrl\":\"https:\\\/\\\/memurunsesi.net\\\/wp-content\\\/uploads\\\/2026\\\/01\\\/gorev.png\",\"keywords\":[\"akademik idari personel\",\"devlet memurlar\u0131\",\"f\u0131rsat e\u015fitli\u011fi\",\"g\u00f6revde y\u00fckselme s\u0131nav\u0131\",\"idari personel kariyeri\",\"kamu kurumlar\u0131\",\"kamu personeli\",\"kamu y\u00f6netimi\",\"kariyer sistemi\",\"kurumsal verimlilik\",\"liyakat\",\"\u00fcniversite y\u00f6netimi\",\"\u00fcniversiteler\",\"unvan de\u011fi\u015fikli\u011fi s\u0131nav\u0131\",\"y\u00fcksek\u00f6\u011fretim\"],\"articleSection\":[\"K\u00f6\u015fe Yaz\u0131lar\u0131\"],\"inLanguage\":\"tr\",\"potentialAction\":[{\"@type\":\"CommentAction\",\"name\":\"Comment\",\"target\":[\"https:\\\/\\\/memurunsesi.net\\\/index.php\\\/2026\\\/03\\\/06\\\/universitelerde-gorevde-yukselme-ve-unvan-degisikligi-sinavlarinin-onemi\\\/#respond\"]}]},{\"@type\":\"WebPage\",\"@id\":\"https:\\\/\\\/memurunsesi.net\\\/index.php\\\/2026\\\/03\\\/06\\\/universitelerde-gorevde-yukselme-ve-unvan-degisikligi-sinavlarinin-onemi\\\/\",\"url\":\"https:\\\/\\\/memurunsesi.net\\\/index.php\\\/2026\\\/03\\\/06\\\/universitelerde-gorevde-yukselme-ve-unvan-degisikligi-sinavlarinin-onemi\\\/\",\"name\":\"\u00dcniversitelerde G\u00f6revde Y\u00fckselme ve Unvan De\u011fi\u015fikli\u011fi S\u0131navlar\u0131n\u0131n \u00d6nemi - Memurun Sesi\",\"isPartOf\":{\"@id\":\"https:\\\/\\\/memurunsesi.net\\\/#website\"},\"primaryImageOfPage\":{\"@id\":\"https:\\\/\\\/memurunsesi.net\\\/index.php\\\/2026\\\/03\\\/06\\\/universitelerde-gorevde-yukselme-ve-unvan-degisikligi-sinavlarinin-onemi\\\/#primaryimage\"},\"image\":{\"@id\":\"https:\\\/\\\/memurunsesi.net\\\/index.php\\\/2026\\\/03\\\/06\\\/universitelerde-gorevde-yukselme-ve-unvan-degisikligi-sinavlarinin-onemi\\\/#primaryimage\"},\"thumbnailUrl\":\"https:\\\/\\\/memurunsesi.net\\\/wp-content\\\/uploads\\\/2026\\\/01\\\/gorev.png\",\"datePublished\":\"2026-03-06T12:43:56+00:00\",\"description\":\"\u00dcniversitelerde g\u00f6revde y\u00fckselme ve unvan de\u011fi\u015fikli\u011fi s\u0131navlar\u0131n\u0131n \u00f6nemi, liyakat ilkesi, kariyer planlamas\u0131 ve kurumsal verimlilik a\u00e7\u0131s\u0131ndan de\u011ferlendiriliyor. D\u00fczenli yap\u0131lmayan s\u0131navlar\u0131n personel motivasyonu ve kurumsal adalet \u00fczerindeki etkileri ele al\u0131n\u0131yor.\",\"breadcrumb\":{\"@id\":\"https:\\\/\\\/memurunsesi.net\\\/index.php\\\/2026\\\/03\\\/06\\\/universitelerde-gorevde-yukselme-ve-unvan-degisikligi-sinavlarinin-onemi\\\/#breadcrumb\"},\"inLanguage\":\"tr\",\"potentialAction\":[{\"@type\":\"ReadAction\",\"target\":[\"https:\\\/\\\/memurunsesi.net\\\/index.php\\\/2026\\\/03\\\/06\\\/universitelerde-gorevde-yukselme-ve-unvan-degisikligi-sinavlarinin-onemi\\\/\"]}]},{\"@type\":\"ImageObject\",\"inLanguage\":\"tr\",\"@id\":\"https:\\\/\\\/memurunsesi.net\\\/index.php\\\/2026\\\/03\\\/06\\\/universitelerde-gorevde-yukselme-ve-unvan-degisikligi-sinavlarinin-onemi\\\/#primaryimage\",\"url\":\"https:\\\/\\\/memurunsesi.net\\\/wp-content\\\/uploads\\\/2026\\\/01\\\/gorev.png\",\"contentUrl\":\"https:\\\/\\\/memurunsesi.net\\\/wp-content\\\/uploads\\\/2026\\\/01\\\/gorev.png\",\"width\":1213,\"height\":600},{\"@type\":\"BreadcrumbList\",\"@id\":\"https:\\\/\\\/memurunsesi.net\\\/index.php\\\/2026\\\/03\\\/06\\\/universitelerde-gorevde-yukselme-ve-unvan-degisikligi-sinavlarinin-onemi\\\/#breadcrumb\",\"itemListElement\":[{\"@type\":\"ListItem\",\"position\":1,\"name\":\"Anasayfa\",\"item\":\"https:\\\/\\\/memurunsesi.net\\\/\"},{\"@type\":\"ListItem\",\"position\":2,\"name\":\"\u00dcniversitelerde G\u00f6revde Y\u00fckselme ve Unvan De\u011fi\u015fikli\u011fi S\u0131navlar\u0131n\u0131n \u00d6nemi\"}]},{\"@type\":\"WebSite\",\"@id\":\"https:\\\/\\\/memurunsesi.net\\\/#website\",\"url\":\"https:\\\/\\\/memurunsesi.net\\\/\",\"name\":\"Memurun Sesi\",\"description\":\"G\u00fcncel ve Do\u011fru Haber\",\"publisher\":{\"@id\":\"https:\\\/\\\/memurunsesi.net\\\/#organization\"},\"potentialAction\":[{\"@type\":\"SearchAction\",\"target\":{\"@type\":\"EntryPoint\",\"urlTemplate\":\"https:\\\/\\\/memurunsesi.net\\\/?s={search_term_string}\"},\"query-input\":{\"@type\":\"PropertyValueSpecification\",\"valueRequired\":true,\"valueName\":\"search_term_string\"}}],\"inLanguage\":\"tr\"},{\"@type\":\"Organization\",\"@id\":\"https:\\\/\\\/memurunsesi.net\\\/#organization\",\"name\":\"Memurun Sesi\",\"url\":\"https:\\\/\\\/memurunsesi.net\\\/\",\"logo\":{\"@type\":\"ImageObject\",\"inLanguage\":\"tr\",\"@id\":\"https:\\\/\\\/memurunsesi.net\\\/#\\\/schema\\\/logo\\\/image\\\/\",\"url\":\"https:\\\/\\\/memurunsesi.net\\\/wp-content\\\/uploads\\\/2025\\\/11\\\/cropped-MEMURUN-SESI.png\",\"contentUrl\":\"https:\\\/\\\/memurunsesi.net\\\/wp-content\\\/uploads\\\/2025\\\/11\\\/cropped-MEMURUN-SESI.png\",\"width\":238,\"height\":57,\"caption\":\"Memurun Sesi\"},\"image\":{\"@id\":\"https:\\\/\\\/memurunsesi.net\\\/#\\\/schema\\\/logo\\\/image\\\/\"},\"sameAs\":[\"https:\\\/\\\/www.facebook.com\\\/unipersen\\\/?locale=tr_TR\",\"https:\\\/\\\/x.com\\\/unipersen\"]},{\"@type\":\"Person\",\"@id\":\"https:\\\/\\\/memurunsesi.net\\\/#\\\/schema\\\/person\\\/f21c2d73b89f6ee1d80b0a1803e38587\",\"name\":\"Memurun Sesi Haber Merkezi\",\"image\":{\"@type\":\"ImageObject\",\"inLanguage\":\"tr\",\"@id\":\"https:\\\/\\\/secure.gravatar.com\\\/avatar\\\/6cf0505f452ee753f485014986fab09a434671d2b919ee76fc541025c5876a70?s=96&d=mm&r=g\",\"url\":\"https:\\\/\\\/secure.gravatar.com\\\/avatar\\\/6cf0505f452ee753f485014986fab09a434671d2b919ee76fc541025c5876a70?s=96&d=mm&r=g\",\"contentUrl\":\"https:\\\/\\\/secure.gravatar.com\\\/avatar\\\/6cf0505f452ee753f485014986fab09a434671d2b919ee76fc541025c5876a70?s=96&d=mm&r=g\",\"caption\":\"Memurun Sesi Haber Merkezi\"},\"sameAs\":[\"https:\\\/\\\/memurunsesi.net\"],\"url\":\"https:\\\/\\\/memurunsesi.net\\\/index.php\\\/author\\\/uniper\\\/\"}]}<\/script>\n<!-- \/ Yoast SEO plugin. -->","yoast_head_json":{"title":"\u00dcniversitelerde G\u00f6revde Y\u00fckselme ve Unvan De\u011fi\u015fikli\u011fi S\u0131navlar\u0131n\u0131n \u00d6nemi - Memurun Sesi","description":"\u00dcniversitelerde g\u00f6revde y\u00fckselme ve unvan de\u011fi\u015fikli\u011fi s\u0131navlar\u0131n\u0131n \u00f6nemi, liyakat ilkesi, kariyer planlamas\u0131 ve kurumsal verimlilik a\u00e7\u0131s\u0131ndan de\u011ferlendiriliyor. D\u00fczenli yap\u0131lmayan s\u0131navlar\u0131n personel motivasyonu ve kurumsal adalet \u00fczerindeki etkileri ele al\u0131n\u0131yor.","robots":{"index":"index","follow":"follow","max-snippet":"max-snippet:-1","max-image-preview":"max-image-preview:large","max-video-preview":"max-video-preview:-1"},"canonical":"https:\/\/memurunsesi.net\/index.php\/2026\/03\/06\/universitelerde-gorevde-yukselme-ve-unvan-degisikligi-sinavlarinin-onemi\/","og_locale":"tr_TR","og_type":"article","og_title":"\u00dcniversitelerde G\u00f6revde Y\u00fckselme ve Unvan De\u011fi\u015fikli\u011fi S\u0131navlar\u0131n\u0131n \u00d6nemi - Memurun Sesi","og_description":"\u00dcniversitelerde g\u00f6revde y\u00fckselme ve unvan de\u011fi\u015fikli\u011fi s\u0131navlar\u0131n\u0131n \u00f6nemi, liyakat ilkesi, kariyer planlamas\u0131 ve kurumsal verimlilik a\u00e7\u0131s\u0131ndan de\u011ferlendiriliyor. D\u00fczenli yap\u0131lmayan s\u0131navlar\u0131n personel motivasyonu ve kurumsal adalet \u00fczerindeki etkileri ele al\u0131n\u0131yor.","og_url":"https:\/\/memurunsesi.net\/index.php\/2026\/03\/06\/universitelerde-gorevde-yukselme-ve-unvan-degisikligi-sinavlarinin-onemi\/","og_site_name":"Memurun Sesi","article_publisher":"https:\/\/www.facebook.com\/unipersen\/?locale=tr_TR","article_published_time":"2026-03-06T12:43:56+00:00","og_image":[{"width":1213,"height":600,"url":"https:\/\/memurunsesi.net\/wp-content\/uploads\/2026\/01\/gorev.png","type":"image\/png"}],"author":"Memurun Sesi Haber Merkezi","twitter_card":"summary_large_image","twitter_creator":"@unipersen","twitter_site":"@unipersen","twitter_misc":{"Yazan:":"Memurun Sesi Haber Merkezi","Tahmini okuma s\u00fcresi":"4 dakika"},"schema":{"@context":"https:\/\/schema.org","@graph":[{"@type":"Article","@id":"https:\/\/memurunsesi.net\/index.php\/2026\/03\/06\/universitelerde-gorevde-yukselme-ve-unvan-degisikligi-sinavlarinin-onemi\/#article","isPartOf":{"@id":"https:\/\/memurunsesi.net\/index.php\/2026\/03\/06\/universitelerde-gorevde-yukselme-ve-unvan-degisikligi-sinavlarinin-onemi\/"},"author":{"name":"Memurun Sesi Haber Merkezi","@id":"https:\/\/memurunsesi.net\/#\/schema\/person\/f21c2d73b89f6ee1d80b0a1803e38587"},"headline":"\u00dcniversitelerde G\u00f6revde Y\u00fckselme ve Unvan De\u011fi\u015fikli\u011fi S\u0131navlar\u0131n\u0131n \u00d6nemi","datePublished":"2026-03-06T12:43:56+00:00","mainEntityOfPage":{"@id":"https:\/\/memurunsesi.net\/index.php\/2026\/03\/06\/universitelerde-gorevde-yukselme-ve-unvan-degisikligi-sinavlarinin-onemi\/"},"wordCount":783,"commentCount":0,"publisher":{"@id":"https:\/\/memurunsesi.net\/#organization"},"image":{"@id":"https:\/\/memurunsesi.net\/index.php\/2026\/03\/06\/universitelerde-gorevde-yukselme-ve-unvan-degisikligi-sinavlarinin-onemi\/#primaryimage"},"thumbnailUrl":"https:\/\/memurunsesi.net\/wp-content\/uploads\/2026\/01\/gorev.png","keywords":["akademik idari personel","devlet memurlar\u0131","f\u0131rsat e\u015fitli\u011fi","g\u00f6revde y\u00fckselme s\u0131nav\u0131","idari personel kariyeri","kamu kurumlar\u0131","kamu personeli","kamu y\u00f6netimi","kariyer sistemi","kurumsal verimlilik","liyakat","\u00fcniversite y\u00f6netimi","\u00fcniversiteler","unvan de\u011fi\u015fikli\u011fi s\u0131nav\u0131","y\u00fcksek\u00f6\u011fretim"],"articleSection":["K\u00f6\u015fe Yaz\u0131lar\u0131"],"inLanguage":"tr","potentialAction":[{"@type":"CommentAction","name":"Comment","target":["https:\/\/memurunsesi.net\/index.php\/2026\/03\/06\/universitelerde-gorevde-yukselme-ve-unvan-degisikligi-sinavlarinin-onemi\/#respond"]}]},{"@type":"WebPage","@id":"https:\/\/memurunsesi.net\/index.php\/2026\/03\/06\/universitelerde-gorevde-yukselme-ve-unvan-degisikligi-sinavlarinin-onemi\/","url":"https:\/\/memurunsesi.net\/index.php\/2026\/03\/06\/universitelerde-gorevde-yukselme-ve-unvan-degisikligi-sinavlarinin-onemi\/","name":"\u00dcniversitelerde G\u00f6revde Y\u00fckselme ve Unvan De\u011fi\u015fikli\u011fi S\u0131navlar\u0131n\u0131n \u00d6nemi - Memurun Sesi","isPartOf":{"@id":"https:\/\/memurunsesi.net\/#website"},"primaryImageOfPage":{"@id":"https:\/\/memurunsesi.net\/index.php\/2026\/03\/06\/universitelerde-gorevde-yukselme-ve-unvan-degisikligi-sinavlarinin-onemi\/#primaryimage"},"image":{"@id":"https:\/\/memurunsesi.net\/index.php\/2026\/03\/06\/universitelerde-gorevde-yukselme-ve-unvan-degisikligi-sinavlarinin-onemi\/#primaryimage"},"thumbnailUrl":"https:\/\/memurunsesi.net\/wp-content\/uploads\/2026\/01\/gorev.png","datePublished":"2026-03-06T12:43:56+00:00","description":"\u00dcniversitelerde g\u00f6revde y\u00fckselme ve unvan de\u011fi\u015fikli\u011fi s\u0131navlar\u0131n\u0131n \u00f6nemi, liyakat ilkesi, kariyer planlamas\u0131 ve kurumsal verimlilik a\u00e7\u0131s\u0131ndan de\u011ferlendiriliyor. D\u00fczenli yap\u0131lmayan s\u0131navlar\u0131n personel motivasyonu ve kurumsal adalet \u00fczerindeki etkileri ele al\u0131n\u0131yor.","breadcrumb":{"@id":"https:\/\/memurunsesi.net\/index.php\/2026\/03\/06\/universitelerde-gorevde-yukselme-ve-unvan-degisikligi-sinavlarinin-onemi\/#breadcrumb"},"inLanguage":"tr","potentialAction":[{"@type":"ReadAction","target":["https:\/\/memurunsesi.net\/index.php\/2026\/03\/06\/universitelerde-gorevde-yukselme-ve-unvan-degisikligi-sinavlarinin-onemi\/"]}]},{"@type":"ImageObject","inLanguage":"tr","@id":"https:\/\/memurunsesi.net\/index.php\/2026\/03\/06\/universitelerde-gorevde-yukselme-ve-unvan-degisikligi-sinavlarinin-onemi\/#primaryimage","url":"https:\/\/memurunsesi.net\/wp-content\/uploads\/2026\/01\/gorev.png","contentUrl":"https:\/\/memurunsesi.net\/wp-content\/uploads\/2026\/01\/gorev.png","width":1213,"height":600},{"@type":"BreadcrumbList","@id":"https:\/\/memurunsesi.net\/index.php\/2026\/03\/06\/universitelerde-gorevde-yukselme-ve-unvan-degisikligi-sinavlarinin-onemi\/#breadcrumb","itemListElement":[{"@type":"ListItem","position":1,"name":"Anasayfa","item":"https:\/\/memurunsesi.net\/"},{"@type":"ListItem","position":2,"name":"\u00dcniversitelerde G\u00f6revde Y\u00fckselme ve Unvan De\u011fi\u015fikli\u011fi S\u0131navlar\u0131n\u0131n \u00d6nemi"}]},{"@type":"WebSite","@id":"https:\/\/memurunsesi.net\/#website","url":"https:\/\/memurunsesi.net\/","name":"Memurun Sesi","description":"G\u00fcncel ve Do\u011fru Haber","publisher":{"@id":"https:\/\/memurunsesi.net\/#organization"},"potentialAction":[{"@type":"SearchAction","target":{"@type":"EntryPoint","urlTemplate":"https:\/\/memurunsesi.net\/?s={search_term_string}"},"query-input":{"@type":"PropertyValueSpecification","valueRequired":true,"valueName":"search_term_string"}}],"inLanguage":"tr"},{"@type":"Organization","@id":"https:\/\/memurunsesi.net\/#organization","name":"Memurun Sesi","url":"https:\/\/memurunsesi.net\/","logo":{"@type":"ImageObject","inLanguage":"tr","@id":"https:\/\/memurunsesi.net\/#\/schema\/logo\/image\/","url":"https:\/\/memurunsesi.net\/wp-content\/uploads\/2025\/11\/cropped-MEMURUN-SESI.png","contentUrl":"https:\/\/memurunsesi.net\/wp-content\/uploads\/2025\/11\/cropped-MEMURUN-SESI.png","width":238,"height":57,"caption":"Memurun Sesi"},"image":{"@id":"https:\/\/memurunsesi.net\/#\/schema\/logo\/image\/"},"sameAs":["https:\/\/www.facebook.com\/unipersen\/?locale=tr_TR","https:\/\/x.com\/unipersen"]},{"@type":"Person","@id":"https:\/\/memurunsesi.net\/#\/schema\/person\/f21c2d73b89f6ee1d80b0a1803e38587","name":"Memurun Sesi Haber Merkezi","image":{"@type":"ImageObject","inLanguage":"tr","@id":"https:\/\/secure.gravatar.com\/avatar\/6cf0505f452ee753f485014986fab09a434671d2b919ee76fc541025c5876a70?s=96&d=mm&r=g","url":"https:\/\/secure.gravatar.com\/avatar\/6cf0505f452ee753f485014986fab09a434671d2b919ee76fc541025c5876a70?s=96&d=mm&r=g","contentUrl":"https:\/\/secure.gravatar.com\/avatar\/6cf0505f452ee753f485014986fab09a434671d2b919ee76fc541025c5876a70?s=96&d=mm&r=g","caption":"Memurun Sesi Haber Merkezi"},"sameAs":["https:\/\/memurunsesi.net"],"url":"https:\/\/memurunsesi.net\/index.php\/author\/uniper\/"}]}},"_links":{"self":[{"href":"https:\/\/memurunsesi.net\/index.php\/wp-json\/wp\/v2\/posts\/18136","targetHints":{"allow":["GET"]}}],"collection":[{"href":"https:\/\/memurunsesi.net\/index.php\/wp-json\/wp\/v2\/posts"}],"about":[{"href":"https:\/\/memurunsesi.net\/index.php\/wp-json\/wp\/v2\/types\/post"}],"author":[{"embeddable":true,"href":"https:\/\/memurunsesi.net\/index.php\/wp-json\/wp\/v2\/users\/1"}],"replies":[{"embeddable":true,"href":"https:\/\/memurunsesi.net\/index.php\/wp-json\/wp\/v2\/comments?post=18136"}],"version-history":[{"count":1,"href":"https:\/\/memurunsesi.net\/index.php\/wp-json\/wp\/v2\/posts\/18136\/revisions"}],"predecessor-version":[{"id":18137,"href":"https:\/\/memurunsesi.net\/index.php\/wp-json\/wp\/v2\/posts\/18136\/revisions\/18137"}],"wp:featuredmedia":[{"embeddable":true,"href":"https:\/\/memurunsesi.net\/index.php\/wp-json\/wp\/v2\/media\/16010"}],"wp:attachment":[{"href":"https:\/\/memurunsesi.net\/index.php\/wp-json\/wp\/v2\/media?parent=18136"}],"wp:term":[{"taxonomy":"category","embeddable":true,"href":"https:\/\/memurunsesi.net\/index.php\/wp-json\/wp\/v2\/categories?post=18136"},{"taxonomy":"post_tag","embeddable":true,"href":"https:\/\/memurunsesi.net\/index.php\/wp-json\/wp\/v2\/tags?post=18136"}],"curies":[{"name":"wp","href":"https:\/\/api.w.org\/{rel}","templated":true}]}}