{"id":18138,"date":"2026-03-06T19:39:48","date_gmt":"2026-03-06T16:39:48","guid":{"rendered":"https:\/\/memurunsesi.net\/?p=18138"},"modified":"2026-03-06T19:39:48","modified_gmt":"2026-03-06T16:39:48","slug":"fenerbahce-samsunspor-maci-hazirliklarina-basladi","status":"publish","type":"post","link":"https:\/\/memurunsesi.net\/index.php\/2026\/03\/06\/fenerbahce-samsunspor-maci-hazirliklarina-basladi\/","title":{"rendered":"Fenerbah\u00e7e, Samsunspor ma\u00e7\u0131 haz\u0131rl\u0131klar\u0131na ba\u015flad\u0131"},"content":{"rendered":"<p>&#8211; Tedesco antrenmanda yer ald\u0131<br \/>\nFenerbah\u00e7e, Trendyol S\u00fcper Lig&#8217;in 25. haftas\u0131nda sahas\u0131nda Samsunspor ile oynayaca\u011f\u0131 ma\u00e7\u0131n haz\u0131rl\u0131klar\u0131na ba\u015flad\u0131.<br \/>\nCan Bartu Tesisleri&#8217;nde Teknik Direkt\u00f6r Domenico Tedesco y\u00f6netimindeki idman salonda yap\u0131lan core hareketleriyle ba\u015flad\u0131. Ard\u0131ndan \u0131s\u0131nma, \u00e7abukluk, koordinasyon ve pas \u00e7al\u0131\u015fmalar\u0131yla devam eden idman dar alanda yap\u0131lan \u00e7ift kale ma\u00e7larla sona erdi.<br \/>\nSar\u0131-lacivertliler, haz\u0131rl\u0131klar\u0131n\u0131 yar\u0131n yapaca\u011f\u0131 antrenmanla tamamlayacak.<\/p>\n<p>6.03.2026<\/p>\n","protected":false},"excerpt":{"rendered":"<p>&#8211; Tedesco antrenmanda yer ald\u0131 Fenerbah\u00e7e, Trendyol S\u00fcper Lig&#8217;in 25. haftas\u0131nda sahas\u0131nda Samsunspor ile oynayaca\u011f\u0131 ma\u00e7\u0131n haz\u0131rl\u0131klar\u0131na ba\u015flad\u0131. Can Bartu Tesisleri&#8217;nde Teknik Direkt\u00f6r Domenico Tedesco y\u00f6netimindeki idman salonda yap\u0131lan core hareketleriyle ba\u015flad\u0131. Ard\u0131ndan \u0131s\u0131nma, \u00e7abukluk, koordinasyon ve pas \u00e7al\u0131\u015fmalar\u0131yla devam eden idman dar alanda yap\u0131lan \u00e7ift kale ma\u00e7larla sona erdi. Sar\u0131-lacivertliler, haz\u0131rl\u0131klar\u0131n\u0131 yar\u0131n yapaca\u011f\u0131 antrenmanla [&hellip;]<\/p>\n","protected":false},"author":1,"featured_media":18139,"comment_status":"open","ping_status":"open","sticky":false,"template":"","format":"standard","meta":{"footnotes":""},"categories":[57],"tags":[172],"class_list":["post-18138","post","type-post","status-publish","format-standard","has-post-thumbnail","hentry","category-spor","tag-spor"],"yoast_head":"<!-- This site is optimized with the Yoast SEO plugin v27.4 - https:\/\/yoast.com\/product\/yoast-seo-wordpress\/ -->\n<title>Fenerbah\u00e7e, Samsunspor ma\u00e7\u0131 haz\u0131rl\u0131klar\u0131na ba\u015flad\u0131 - Memurun Sesi<\/title>\n<meta name=\"robots\" content=\"index, follow, max-snippet:-1, max-image-preview:large, max-video-preview:-1\" \/>\n<link rel=\"canonical\" href=\"https:\/\/memurunsesi.net\/index.php\/2026\/03\/06\/fenerbahce-samsunspor-maci-hazirliklarina-basladi\/\" \/>\n<meta property=\"og:locale\" content=\"tr_TR\" \/>\n<meta property=\"og:type\" content=\"article\" \/>\n<meta property=\"og:title\" content=\"Fenerbah\u00e7e, Samsunspor ma\u00e7\u0131 haz\u0131rl\u0131klar\u0131na ba\u015flad\u0131 - Memurun Sesi\" \/>\n<meta property=\"og:description\" content=\"&#8211; Tedesco antrenmanda yer ald\u0131 Fenerbah\u00e7e, Trendyol S\u00fcper Lig&#8217;in 25. haftas\u0131nda sahas\u0131nda Samsunspor ile oynayaca\u011f\u0131 ma\u00e7\u0131n haz\u0131rl\u0131klar\u0131na ba\u015flad\u0131. Can Bartu Tesisleri&#8217;nde Teknik Direkt\u00f6r Domenico Tedesco y\u00f6netimindeki idman salonda yap\u0131lan core hareketleriyle ba\u015flad\u0131. Ard\u0131ndan \u0131s\u0131nma, \u00e7abukluk, koordinasyon ve pas \u00e7al\u0131\u015fmalar\u0131yla devam eden idman dar alanda yap\u0131lan \u00e7ift kale ma\u00e7larla sona erdi. Sar\u0131-lacivertliler, haz\u0131rl\u0131klar\u0131n\u0131 yar\u0131n yapaca\u011f\u0131 antrenmanla [&hellip;]\" \/>\n<meta property=\"og:url\" content=\"https:\/\/memurunsesi.net\/index.php\/2026\/03\/06\/fenerbahce-samsunspor-maci-hazirliklarina-basladi\/\" \/>\n<meta property=\"og:site_name\" content=\"Memurun Sesi\" \/>\n<meta property=\"article:publisher\" content=\"https:\/\/www.facebook.com\/unipersen\/?locale=tr_TR\" \/>\n<meta property=\"article:published_time\" content=\"2026-03-06T16:39:48+00:00\" \/>\n<meta property=\"og:image\" content=\"https:\/\/memurunsesi.net\/wp-content\/uploads\/2026\/03\/spor-7-scaled.jpg\" \/>\n\t<meta property=\"og:image:width\" content=\"2560\" \/>\n\t<meta property=\"og:image:height\" content=\"2068\" \/>\n\t<meta property=\"og:image:type\" content=\"image\/jpeg\" \/>\n<meta name=\"author\" content=\"Memurun Sesi Haber Merkezi\" \/>\n<meta name=\"twitter:card\" content=\"summary_large_image\" \/>\n<meta name=\"twitter:creator\" content=\"@unipersen\" \/>\n<meta name=\"twitter:site\" content=\"@unipersen\" \/>\n<meta name=\"twitter:label1\" content=\"Yazan:\" \/>\n\t<meta name=\"twitter:data1\" content=\"Memurun Sesi Haber Merkezi\" \/>\n\t<meta name=\"twitter:label2\" content=\"Tahmini okuma s\u00fcresi\" \/>\n\t<meta name=\"twitter:data2\" content=\"1 dakika\" \/>\n<script type=\"application\/ld+json\" class=\"yoast-schema-graph\">{\"@context\":\"https:\\\/\\\/schema.org\",\"@graph\":[{\"@type\":\"Article\",\"@id\":\"https:\\\/\\\/memurunsesi.net\\\/index.php\\\/2026\\\/03\\\/06\\\/fenerbahce-samsunspor-maci-hazirliklarina-basladi\\\/#article\",\"isPartOf\":{\"@id\":\"https:\\\/\\\/memurunsesi.net\\\/index.php\\\/2026\\\/03\\\/06\\\/fenerbahce-samsunspor-maci-hazirliklarina-basladi\\\/\"},\"author\":{\"name\":\"Memurun Sesi Haber Merkezi\",\"@id\":\"https:\\\/\\\/memurunsesi.net\\\/#\\\/schema\\\/person\\\/f21c2d73b89f6ee1d80b0a1803e38587\"},\"headline\":\"Fenerbah\u00e7e, Samsunspor ma\u00e7\u0131 haz\u0131rl\u0131klar\u0131na ba\u015flad\u0131\",\"datePublished\":\"2026-03-06T16:39:48+00:00\",\"mainEntityOfPage\":{\"@id\":\"https:\\\/\\\/memurunsesi.net\\\/index.php\\\/2026\\\/03\\\/06\\\/fenerbahce-samsunspor-maci-hazirliklarina-basladi\\\/\"},\"wordCount\":91,\"commentCount\":0,\"publisher\":{\"@id\":\"https:\\\/\\\/memurunsesi.net\\\/#organization\"},\"image\":{\"@id\":\"https:\\\/\\\/memurunsesi.net\\\/index.php\\\/2026\\\/03\\\/06\\\/fenerbahce-samsunspor-maci-hazirliklarina-basladi\\\/#primaryimage\"},\"thumbnailUrl\":\"https:\\\/\\\/memurunsesi.net\\\/wp-content\\\/uploads\\\/2026\\\/03\\\/spor-7-scaled.jpg\",\"keywords\":[\"spor\"],\"articleSection\":[\"Spor\"],\"inLanguage\":\"tr\",\"potentialAction\":[{\"@type\":\"CommentAction\",\"name\":\"Comment\",\"target\":[\"https:\\\/\\\/memurunsesi.net\\\/index.php\\\/2026\\\/03\\\/06\\\/fenerbahce-samsunspor-maci-hazirliklarina-basladi\\\/#respond\"]}]},{\"@type\":\"WebPage\",\"@id\":\"https:\\\/\\\/memurunsesi.net\\\/index.php\\\/2026\\\/03\\\/06\\\/fenerbahce-samsunspor-maci-hazirliklarina-basladi\\\/\",\"url\":\"https:\\\/\\\/memurunsesi.net\\\/index.php\\\/2026\\\/03\\\/06\\\/fenerbahce-samsunspor-maci-hazirliklarina-basladi\\\/\",\"name\":\"Fenerbah\u00e7e, Samsunspor ma\u00e7\u0131 haz\u0131rl\u0131klar\u0131na ba\u015flad\u0131 - Memurun Sesi\",\"isPartOf\":{\"@id\":\"https:\\\/\\\/memurunsesi.net\\\/#website\"},\"primaryImageOfPage\":{\"@id\":\"https:\\\/\\\/memurunsesi.net\\\/index.php\\\/2026\\\/03\\\/06\\\/fenerbahce-samsunspor-maci-hazirliklarina-basladi\\\/#primaryimage\"},\"image\":{\"@id\":\"https:\\\/\\\/memurunsesi.net\\\/index.php\\\/2026\\\/03\\\/06\\\/fenerbahce-samsunspor-maci-hazirliklarina-basladi\\\/#primaryimage\"},\"thumbnailUrl\":\"https:\\\/\\\/memurunsesi.net\\\/wp-content\\\/uploads\\\/2026\\\/03\\\/spor-7-scaled.jpg\",\"datePublished\":\"2026-03-06T16:39:48+00:00\",\"breadcrumb\":{\"@id\":\"https:\\\/\\\/memurunsesi.net\\\/index.php\\\/2026\\\/03\\\/06\\\/fenerbahce-samsunspor-maci-hazirliklarina-basladi\\\/#breadcrumb\"},\"inLanguage\":\"tr\",\"potentialAction\":[{\"@type\":\"ReadAction\",\"target\":[\"https:\\\/\\\/memurunsesi.net\\\/index.php\\\/2026\\\/03\\\/06\\\/fenerbahce-samsunspor-maci-hazirliklarina-basladi\\\/\"]}]},{\"@type\":\"ImageObject\",\"inLanguage\":\"tr\",\"@id\":\"https:\\\/\\\/memurunsesi.net\\\/index.php\\\/2026\\\/03\\\/06\\\/fenerbahce-samsunspor-maci-hazirliklarina-basladi\\\/#primaryimage\",\"url\":\"https:\\\/\\\/memurunsesi.net\\\/wp-content\\\/uploads\\\/2026\\\/03\\\/spor-7-scaled.jpg\",\"contentUrl\":\"https:\\\/\\\/memurunsesi.net\\\/wp-content\\\/uploads\\\/2026\\\/03\\\/spor-7-scaled.jpg\",\"width\":2560,\"height\":2068,\"caption\":\"FENERBAH\u00c7E, TRENDYOL S\u00dcPER L\u0130G'\u0130N 25. HAFTASINDA SAHASINDA SAMSUNSPOR \u0130LE OYNAYACA\u011eI MA\u00c7IN HAZIRLIKLARINA BA\u015eLADI. (\u0130HA\\\/\u0130STANBUL-\u0130HA) Fenerbah\u00e7e, Trendyol S\u00fcper Lig'in 25. haftas\u0131nda sahas\u0131nda Samsunspor ile oynayaca\u011f\u0131 ma\u00e7\u0131n haz\u0131rl\u0131klar\u0131na ba\u015flad\u0131.\"},{\"@type\":\"BreadcrumbList\",\"@id\":\"https:\\\/\\\/memurunsesi.net\\\/index.php\\\/2026\\\/03\\\/06\\\/fenerbahce-samsunspor-maci-hazirliklarina-basladi\\\/#breadcrumb\",\"itemListElement\":[{\"@type\":\"ListItem\",\"position\":1,\"name\":\"Anasayfa\",\"item\":\"https:\\\/\\\/memurunsesi.net\\\/\"},{\"@type\":\"ListItem\",\"position\":2,\"name\":\"Fenerbah\u00e7e, Samsunspor ma\u00e7\u0131 haz\u0131rl\u0131klar\u0131na ba\u015flad\u0131\"}]},{\"@type\":\"WebSite\",\"@id\":\"https:\\\/\\\/memurunsesi.net\\\/#website\",\"url\":\"https:\\\/\\\/memurunsesi.net\\\/\",\"name\":\"Memurun Sesi\",\"description\":\"G\u00fcncel ve Do\u011fru Haber\",\"publisher\":{\"@id\":\"https:\\\/\\\/memurunsesi.net\\\/#organization\"},\"potentialAction\":[{\"@type\":\"SearchAction\",\"target\":{\"@type\":\"EntryPoint\",\"urlTemplate\":\"https:\\\/\\\/memurunsesi.net\\\/?s={search_term_string}\"},\"query-input\":{\"@type\":\"PropertyValueSpecification\",\"valueRequired\":true,\"valueName\":\"search_term_string\"}}],\"inLanguage\":\"tr\"},{\"@type\":\"Organization\",\"@id\":\"https:\\\/\\\/memurunsesi.net\\\/#organization\",\"name\":\"Memurun Sesi\",\"url\":\"https:\\\/\\\/memurunsesi.net\\\/\",\"logo\":{\"@type\":\"ImageObject\",\"inLanguage\":\"tr\",\"@id\":\"https:\\\/\\\/memurunsesi.net\\\/#\\\/schema\\\/logo\\\/image\\\/\",\"url\":\"https:\\\/\\\/memurunsesi.net\\\/wp-content\\\/uploads\\\/2025\\\/11\\\/cropped-MEMURUN-SESI.png\",\"contentUrl\":\"https:\\\/\\\/memurunsesi.net\\\/wp-content\\\/uploads\\\/2025\\\/11\\\/cropped-MEMURUN-SESI.png\",\"width\":238,\"height\":57,\"caption\":\"Memurun Sesi\"},\"image\":{\"@id\":\"https:\\\/\\\/memurunsesi.net\\\/#\\\/schema\\\/logo\\\/image\\\/\"},\"sameAs\":[\"https:\\\/\\\/www.facebook.com\\\/unipersen\\\/?locale=tr_TR\",\"https:\\\/\\\/x.com\\\/unipersen\"]},{\"@type\":\"Person\",\"@id\":\"https:\\\/\\\/memurunsesi.net\\\/#\\\/schema\\\/person\\\/f21c2d73b89f6ee1d80b0a1803e38587\",\"name\":\"Memurun Sesi Haber Merkezi\",\"image\":{\"@type\":\"ImageObject\",\"inLanguage\":\"tr\",\"@id\":\"https:\\\/\\\/secure.gravatar.com\\\/avatar\\\/6cf0505f452ee753f485014986fab09a434671d2b919ee76fc541025c5876a70?s=96&d=mm&r=g\",\"url\":\"https:\\\/\\\/secure.gravatar.com\\\/avatar\\\/6cf0505f452ee753f485014986fab09a434671d2b919ee76fc541025c5876a70?s=96&d=mm&r=g\",\"contentUrl\":\"https:\\\/\\\/secure.gravatar.com\\\/avatar\\\/6cf0505f452ee753f485014986fab09a434671d2b919ee76fc541025c5876a70?s=96&d=mm&r=g\",\"caption\":\"Memurun Sesi Haber Merkezi\"},\"sameAs\":[\"https:\\\/\\\/memurunsesi.net\"],\"url\":\"https:\\\/\\\/memurunsesi.net\\\/index.php\\\/author\\\/uniper\\\/\"}]}<\/script>\n<!-- \/ Yoast SEO plugin. -->","yoast_head_json":{"title":"Fenerbah\u00e7e, Samsunspor ma\u00e7\u0131 haz\u0131rl\u0131klar\u0131na ba\u015flad\u0131 - Memurun Sesi","robots":{"index":"index","follow":"follow","max-snippet":"max-snippet:-1","max-image-preview":"max-image-preview:large","max-video-preview":"max-video-preview:-1"},"canonical":"https:\/\/memurunsesi.net\/index.php\/2026\/03\/06\/fenerbahce-samsunspor-maci-hazirliklarina-basladi\/","og_locale":"tr_TR","og_type":"article","og_title":"Fenerbah\u00e7e, Samsunspor ma\u00e7\u0131 haz\u0131rl\u0131klar\u0131na ba\u015flad\u0131 - Memurun Sesi","og_description":"&#8211; Tedesco antrenmanda yer ald\u0131 Fenerbah\u00e7e, Trendyol S\u00fcper Lig&#8217;in 25. haftas\u0131nda sahas\u0131nda Samsunspor ile oynayaca\u011f\u0131 ma\u00e7\u0131n haz\u0131rl\u0131klar\u0131na ba\u015flad\u0131. Can Bartu Tesisleri&#8217;nde Teknik Direkt\u00f6r Domenico Tedesco y\u00f6netimindeki idman salonda yap\u0131lan core hareketleriyle ba\u015flad\u0131. Ard\u0131ndan \u0131s\u0131nma, \u00e7abukluk, koordinasyon ve pas \u00e7al\u0131\u015fmalar\u0131yla devam eden idman dar alanda yap\u0131lan \u00e7ift kale ma\u00e7larla sona erdi. Sar\u0131-lacivertliler, haz\u0131rl\u0131klar\u0131n\u0131 yar\u0131n yapaca\u011f\u0131 antrenmanla [&hellip;]","og_url":"https:\/\/memurunsesi.net\/index.php\/2026\/03\/06\/fenerbahce-samsunspor-maci-hazirliklarina-basladi\/","og_site_name":"Memurun Sesi","article_publisher":"https:\/\/www.facebook.com\/unipersen\/?locale=tr_TR","article_published_time":"2026-03-06T16:39:48+00:00","og_image":[{"width":2560,"height":2068,"url":"https:\/\/memurunsesi.net\/wp-content\/uploads\/2026\/03\/spor-7-scaled.jpg","type":"image\/jpeg"}],"author":"Memurun Sesi Haber Merkezi","twitter_card":"summary_large_image","twitter_creator":"@unipersen","twitter_site":"@unipersen","twitter_misc":{"Yazan:":"Memurun Sesi Haber Merkezi","Tahmini okuma s\u00fcresi":"1 dakika"},"schema":{"@context":"https:\/\/schema.org","@graph":[{"@type":"Article","@id":"https:\/\/memurunsesi.net\/index.php\/2026\/03\/06\/fenerbahce-samsunspor-maci-hazirliklarina-basladi\/#article","isPartOf":{"@id":"https:\/\/memurunsesi.net\/index.php\/2026\/03\/06\/fenerbahce-samsunspor-maci-hazirliklarina-basladi\/"},"author":{"name":"Memurun Sesi Haber Merkezi","@id":"https:\/\/memurunsesi.net\/#\/schema\/person\/f21c2d73b89f6ee1d80b0a1803e38587"},"headline":"Fenerbah\u00e7e, Samsunspor ma\u00e7\u0131 haz\u0131rl\u0131klar\u0131na ba\u015flad\u0131","datePublished":"2026-03-06T16:39:48+00:00","mainEntityOfPage":{"@id":"https:\/\/memurunsesi.net\/index.php\/2026\/03\/06\/fenerbahce-samsunspor-maci-hazirliklarina-basladi\/"},"wordCount":91,"commentCount":0,"publisher":{"@id":"https:\/\/memurunsesi.net\/#organization"},"image":{"@id":"https:\/\/memurunsesi.net\/index.php\/2026\/03\/06\/fenerbahce-samsunspor-maci-hazirliklarina-basladi\/#primaryimage"},"thumbnailUrl":"https:\/\/memurunsesi.net\/wp-content\/uploads\/2026\/03\/spor-7-scaled.jpg","keywords":["spor"],"articleSection":["Spor"],"inLanguage":"tr","potentialAction":[{"@type":"CommentAction","name":"Comment","target":["https:\/\/memurunsesi.net\/index.php\/2026\/03\/06\/fenerbahce-samsunspor-maci-hazirliklarina-basladi\/#respond"]}]},{"@type":"WebPage","@id":"https:\/\/memurunsesi.net\/index.php\/2026\/03\/06\/fenerbahce-samsunspor-maci-hazirliklarina-basladi\/","url":"https:\/\/memurunsesi.net\/index.php\/2026\/03\/06\/fenerbahce-samsunspor-maci-hazirliklarina-basladi\/","name":"Fenerbah\u00e7e, Samsunspor ma\u00e7\u0131 haz\u0131rl\u0131klar\u0131na ba\u015flad\u0131 - Memurun Sesi","isPartOf":{"@id":"https:\/\/memurunsesi.net\/#website"},"primaryImageOfPage":{"@id":"https:\/\/memurunsesi.net\/index.php\/2026\/03\/06\/fenerbahce-samsunspor-maci-hazirliklarina-basladi\/#primaryimage"},"image":{"@id":"https:\/\/memurunsesi.net\/index.php\/2026\/03\/06\/fenerbahce-samsunspor-maci-hazirliklarina-basladi\/#primaryimage"},"thumbnailUrl":"https:\/\/memurunsesi.net\/wp-content\/uploads\/2026\/03\/spor-7-scaled.jpg","datePublished":"2026-03-06T16:39:48+00:00","breadcrumb":{"@id":"https:\/\/memurunsesi.net\/index.php\/2026\/03\/06\/fenerbahce-samsunspor-maci-hazirliklarina-basladi\/#breadcrumb"},"inLanguage":"tr","potentialAction":[{"@type":"ReadAction","target":["https:\/\/memurunsesi.net\/index.php\/2026\/03\/06\/fenerbahce-samsunspor-maci-hazirliklarina-basladi\/"]}]},{"@type":"ImageObject","inLanguage":"tr","@id":"https:\/\/memurunsesi.net\/index.php\/2026\/03\/06\/fenerbahce-samsunspor-maci-hazirliklarina-basladi\/#primaryimage","url":"https:\/\/memurunsesi.net\/wp-content\/uploads\/2026\/03\/spor-7-scaled.jpg","contentUrl":"https:\/\/memurunsesi.net\/wp-content\/uploads\/2026\/03\/spor-7-scaled.jpg","width":2560,"height":2068,"caption":"FENERBAH\u00c7E, TRENDYOL S\u00dcPER L\u0130G'\u0130N 25. HAFTASINDA SAHASINDA SAMSUNSPOR \u0130LE OYNAYACA\u011eI MA\u00c7IN HAZIRLIKLARINA BA\u015eLADI. (\u0130HA\/\u0130STANBUL-\u0130HA) Fenerbah\u00e7e, Trendyol S\u00fcper Lig'in 25. haftas\u0131nda sahas\u0131nda Samsunspor ile oynayaca\u011f\u0131 ma\u00e7\u0131n haz\u0131rl\u0131klar\u0131na ba\u015flad\u0131."},{"@type":"BreadcrumbList","@id":"https:\/\/memurunsesi.net\/index.php\/2026\/03\/06\/fenerbahce-samsunspor-maci-hazirliklarina-basladi\/#breadcrumb","itemListElement":[{"@type":"ListItem","position":1,"name":"Anasayfa","item":"https:\/\/memurunsesi.net\/"},{"@type":"ListItem","position":2,"name":"Fenerbah\u00e7e, Samsunspor ma\u00e7\u0131 haz\u0131rl\u0131klar\u0131na ba\u015flad\u0131"}]},{"@type":"WebSite","@id":"https:\/\/memurunsesi.net\/#website","url":"https:\/\/memurunsesi.net\/","name":"Memurun Sesi","description":"G\u00fcncel ve Do\u011fru Haber","publisher":{"@id":"https:\/\/memurunsesi.net\/#organization"},"potentialAction":[{"@type":"SearchAction","target":{"@type":"EntryPoint","urlTemplate":"https:\/\/memurunsesi.net\/?s={search_term_string}"},"query-input":{"@type":"PropertyValueSpecification","valueRequired":true,"valueName":"search_term_string"}}],"inLanguage":"tr"},{"@type":"Organization","@id":"https:\/\/memurunsesi.net\/#organization","name":"Memurun Sesi","url":"https:\/\/memurunsesi.net\/","logo":{"@type":"ImageObject","inLanguage":"tr","@id":"https:\/\/memurunsesi.net\/#\/schema\/logo\/image\/","url":"https:\/\/memurunsesi.net\/wp-content\/uploads\/2025\/11\/cropped-MEMURUN-SESI.png","contentUrl":"https:\/\/memurunsesi.net\/wp-content\/uploads\/2025\/11\/cropped-MEMURUN-SESI.png","width":238,"height":57,"caption":"Memurun Sesi"},"image":{"@id":"https:\/\/memurunsesi.net\/#\/schema\/logo\/image\/"},"sameAs":["https:\/\/www.facebook.com\/unipersen\/?locale=tr_TR","https:\/\/x.com\/unipersen"]},{"@type":"Person","@id":"https:\/\/memurunsesi.net\/#\/schema\/person\/f21c2d73b89f6ee1d80b0a1803e38587","name":"Memurun Sesi Haber Merkezi","image":{"@type":"ImageObject","inLanguage":"tr","@id":"https:\/\/secure.gravatar.com\/avatar\/6cf0505f452ee753f485014986fab09a434671d2b919ee76fc541025c5876a70?s=96&d=mm&r=g","url":"https:\/\/secure.gravatar.com\/avatar\/6cf0505f452ee753f485014986fab09a434671d2b919ee76fc541025c5876a70?s=96&d=mm&r=g","contentUrl":"https:\/\/secure.gravatar.com\/avatar\/6cf0505f452ee753f485014986fab09a434671d2b919ee76fc541025c5876a70?s=96&d=mm&r=g","caption":"Memurun Sesi Haber Merkezi"},"sameAs":["https:\/\/memurunsesi.net"],"url":"https:\/\/memurunsesi.net\/index.php\/author\/uniper\/"}]}},"_links":{"self":[{"href":"https:\/\/memurunsesi.net\/index.php\/wp-json\/wp\/v2\/posts\/18138","targetHints":{"allow":["GET"]}}],"collection":[{"href":"https:\/\/memurunsesi.net\/index.php\/wp-json\/wp\/v2\/posts"}],"about":[{"href":"https:\/\/memurunsesi.net\/index.php\/wp-json\/wp\/v2\/types\/post"}],"author":[{"embeddable":true,"href":"https:\/\/memurunsesi.net\/index.php\/wp-json\/wp\/v2\/users\/1"}],"replies":[{"embeddable":true,"href":"https:\/\/memurunsesi.net\/index.php\/wp-json\/wp\/v2\/comments?post=18138"}],"version-history":[{"count":1,"href":"https:\/\/memurunsesi.net\/index.php\/wp-json\/wp\/v2\/posts\/18138\/revisions"}],"predecessor-version":[{"id":18140,"href":"https:\/\/memurunsesi.net\/index.php\/wp-json\/wp\/v2\/posts\/18138\/revisions\/18140"}],"wp:featuredmedia":[{"embeddable":true,"href":"https:\/\/memurunsesi.net\/index.php\/wp-json\/wp\/v2\/media\/18139"}],"wp:attachment":[{"href":"https:\/\/memurunsesi.net\/index.php\/wp-json\/wp\/v2\/media?parent=18138"}],"wp:term":[{"taxonomy":"category","embeddable":true,"href":"https:\/\/memurunsesi.net\/index.php\/wp-json\/wp\/v2\/categories?post=18138"},{"taxonomy":"post_tag","embeddable":true,"href":"https:\/\/memurunsesi.net\/index.php\/wp-json\/wp\/v2\/tags?post=18138"}],"curies":[{"name":"wp","href":"https:\/\/api.w.org\/{rel}","templated":true}]}}