{"id":18144,"date":"2026-03-06T19:48:14","date_gmt":"2026-03-06T16:48:14","guid":{"rendered":"https:\/\/memurunsesi.net\/?p=18144"},"modified":"2026-03-06T19:48:14","modified_gmt":"2026-03-06T16:48:14","slug":"abdullah-kayapinar-avrupa-sampiyonu","status":"publish","type":"post","link":"https:\/\/memurunsesi.net\/index.php\/2026\/03\/06\/abdullah-kayapinar-avrupa-sampiyonu\/","title":{"rendered":"Abdullah Kayap\u0131nar, Avrupa \u015fampiyonu"},"content":{"rendered":"<p>G\u00fcrcistan\u2019\u0131n ba\u015fkenti Tiflis\u2019te devam eden 2026 Para Powerlifting Avrupa \u015eampiyonas\u0131\u2019nda milli halterci Abdullah Kayap\u0131nar b\u00fcy\u00fck bir ba\u015far\u0131ya imza atarak \u015fampiyon oldu.<br \/>\nErkekler 49 kilo kategorisinde m\u00fccadele eden Abdullah Kayap\u0131nar, 171 kiloluk ba\u015far\u0131l\u0131 kald\u0131r\u0131\u015f\u0131yla alt\u0131n madalyan\u0131n sahibi oldu. Milli sporcu toplam s\u0131ralamada da zirvede yer alarak bir alt\u0131n madalya daha kazand\u0131.<br \/>\nBu sonu\u00e7la Abdullah Kayap\u0131nar, \u015fampiyonay\u0131 2 alt\u0131n madalya ile tamamlayarak Avrupa \u015fampiyonlu\u011funu elde etti.<br \/>\nT\u00fcrkiye Halter Federasyonu Ba\u015fkan\u0131 Talat \u00dcnl\u00fc, Avrupa \u015eampiyonas\u0131\u2019nda madalya kazanan Kayap\u0131nar&#8217;\u0131, antren\u00f6rlerini ve sporcunun kul\u00fcb\u00fcn\u00fc tebrik ederek ba\u015far\u0131lar\u0131n\u0131n devam\u0131n\u0131 diledi.<\/p>\n<p>6.03.2026<\/p>\n","protected":false},"excerpt":{"rendered":"<p>G\u00fcrcistan\u2019\u0131n ba\u015fkenti Tiflis\u2019te devam eden 2026 Para Powerlifting Avrupa \u015eampiyonas\u0131\u2019nda milli halterci Abdullah Kayap\u0131nar b\u00fcy\u00fck bir ba\u015far\u0131ya imza atarak \u015fampiyon oldu. Erkekler 49 kilo kategorisinde m\u00fccadele eden Abdullah Kayap\u0131nar, 171 kiloluk ba\u015far\u0131l\u0131 kald\u0131r\u0131\u015f\u0131yla alt\u0131n madalyan\u0131n sahibi oldu. Milli sporcu toplam s\u0131ralamada da zirvede yer alarak bir alt\u0131n madalya daha kazand\u0131. Bu sonu\u00e7la Abdullah Kayap\u0131nar, \u015fampiyonay\u0131 [&hellip;]<\/p>\n","protected":false},"author":1,"featured_media":18145,"comment_status":"open","ping_status":"open","sticky":false,"template":"","format":"standard","meta":{"footnotes":""},"categories":[57],"tags":[1865,1862,1863,1864,1624],"class_list":["post-18144","post","type-post","status-publish","format-standard","has-post-thumbnail","hentry","category-spor","tag-171-kiloluk-basari","tag-altin-madalya","tag-avrupa-sampiyonu","tag-halter","tag-milli-sporcu"],"yoast_head":"<!-- This site is optimized with the Yoast SEO plugin v27.4 - https:\/\/yoast.com\/product\/yoast-seo-wordpress\/ -->\n<title>Abdullah Kayap\u0131nar, Avrupa \u015fampiyonu - Memurun Sesi<\/title>\n<meta name=\"description\" content=\"G\u00fcrcistan\u2019\u0131n ba\u015fkenti Tiflis\u2019te devam eden 2026 Para Powerlifting Avrupa \u015eampiyonas\u0131\u2019nda milli halterci Abdullah Kayap\u0131nar b\u00fcy\u00fck bir ba\u015far\u0131ya imza atarak \u015fampiyon oldu.\" \/>\n<meta name=\"robots\" content=\"index, follow, max-snippet:-1, max-image-preview:large, max-video-preview:-1\" \/>\n<link rel=\"canonical\" href=\"https:\/\/memurunsesi.net\/index.php\/2026\/03\/06\/abdullah-kayapinar-avrupa-sampiyonu\/\" \/>\n<meta property=\"og:locale\" content=\"tr_TR\" \/>\n<meta property=\"og:type\" content=\"article\" \/>\n<meta property=\"og:title\" content=\"Abdullah Kayap\u0131nar, Avrupa \u015fampiyonu - Memurun Sesi\" \/>\n<meta property=\"og:description\" content=\"G\u00fcrcistan\u2019\u0131n ba\u015fkenti Tiflis\u2019te devam eden 2026 Para Powerlifting Avrupa \u015eampiyonas\u0131\u2019nda milli halterci Abdullah Kayap\u0131nar b\u00fcy\u00fck bir ba\u015far\u0131ya imza atarak \u015fampiyon oldu.\" \/>\n<meta property=\"og:url\" content=\"https:\/\/memurunsesi.net\/index.php\/2026\/03\/06\/abdullah-kayapinar-avrupa-sampiyonu\/\" \/>\n<meta property=\"og:site_name\" content=\"Memurun Sesi\" \/>\n<meta property=\"article:publisher\" content=\"https:\/\/www.facebook.com\/unipersen\/?locale=tr_TR\" \/>\n<meta property=\"article:published_time\" content=\"2026-03-06T16:48:14+00:00\" \/>\n<meta property=\"og:image\" content=\"https:\/\/memurunsesi.net\/wp-content\/uploads\/2026\/03\/halter.jpg\" \/>\n\t<meta property=\"og:image:width\" content=\"2048\" \/>\n\t<meta property=\"og:image:height\" content=\"1536\" \/>\n\t<meta property=\"og:image:type\" content=\"image\/jpeg\" \/>\n<meta name=\"author\" content=\"Memurun Sesi Haber Merkezi\" \/>\n<meta name=\"twitter:card\" content=\"summary_large_image\" \/>\n<meta name=\"twitter:creator\" content=\"@unipersen\" \/>\n<meta name=\"twitter:site\" content=\"@unipersen\" \/>\n<meta name=\"twitter:label1\" content=\"Yazan:\" \/>\n\t<meta name=\"twitter:data1\" content=\"Memurun Sesi Haber Merkezi\" \/>\n\t<meta name=\"twitter:label2\" content=\"Tahmini okuma s\u00fcresi\" \/>\n\t<meta name=\"twitter:data2\" content=\"1 dakika\" \/>\n<script type=\"application\/ld+json\" class=\"yoast-schema-graph\">{\"@context\":\"https:\\\/\\\/schema.org\",\"@graph\":[{\"@type\":\"Article\",\"@id\":\"https:\\\/\\\/memurunsesi.net\\\/index.php\\\/2026\\\/03\\\/06\\\/abdullah-kayapinar-avrupa-sampiyonu\\\/#article\",\"isPartOf\":{\"@id\":\"https:\\\/\\\/memurunsesi.net\\\/index.php\\\/2026\\\/03\\\/06\\\/abdullah-kayapinar-avrupa-sampiyonu\\\/\"},\"author\":{\"name\":\"Memurun Sesi Haber Merkezi\",\"@id\":\"https:\\\/\\\/memurunsesi.net\\\/#\\\/schema\\\/person\\\/f21c2d73b89f6ee1d80b0a1803e38587\"},\"headline\":\"Abdullah Kayap\u0131nar, Avrupa \u015fampiyonu\",\"datePublished\":\"2026-03-06T16:48:14+00:00\",\"mainEntityOfPage\":{\"@id\":\"https:\\\/\\\/memurunsesi.net\\\/index.php\\\/2026\\\/03\\\/06\\\/abdullah-kayapinar-avrupa-sampiyonu\\\/\"},\"wordCount\":121,\"commentCount\":0,\"publisher\":{\"@id\":\"https:\\\/\\\/memurunsesi.net\\\/#organization\"},\"image\":{\"@id\":\"https:\\\/\\\/memurunsesi.net\\\/index.php\\\/2026\\\/03\\\/06\\\/abdullah-kayapinar-avrupa-sampiyonu\\\/#primaryimage\"},\"thumbnailUrl\":\"https:\\\/\\\/memurunsesi.net\\\/wp-content\\\/uploads\\\/2026\\\/03\\\/halter.jpg\",\"keywords\":[\"171 kiloluk ba\u015far\u0131\",\"alt\u0131n madalya\",\"avrupa \u015fampiyonu\",\"halter\",\"milli sporcu\"],\"articleSection\":[\"Spor\"],\"inLanguage\":\"tr\",\"potentialAction\":[{\"@type\":\"CommentAction\",\"name\":\"Comment\",\"target\":[\"https:\\\/\\\/memurunsesi.net\\\/index.php\\\/2026\\\/03\\\/06\\\/abdullah-kayapinar-avrupa-sampiyonu\\\/#respond\"]}]},{\"@type\":\"WebPage\",\"@id\":\"https:\\\/\\\/memurunsesi.net\\\/index.php\\\/2026\\\/03\\\/06\\\/abdullah-kayapinar-avrupa-sampiyonu\\\/\",\"url\":\"https:\\\/\\\/memurunsesi.net\\\/index.php\\\/2026\\\/03\\\/06\\\/abdullah-kayapinar-avrupa-sampiyonu\\\/\",\"name\":\"Abdullah Kayap\u0131nar, Avrupa \u015fampiyonu - Memurun Sesi\",\"isPartOf\":{\"@id\":\"https:\\\/\\\/memurunsesi.net\\\/#website\"},\"primaryImageOfPage\":{\"@id\":\"https:\\\/\\\/memurunsesi.net\\\/index.php\\\/2026\\\/03\\\/06\\\/abdullah-kayapinar-avrupa-sampiyonu\\\/#primaryimage\"},\"image\":{\"@id\":\"https:\\\/\\\/memurunsesi.net\\\/index.php\\\/2026\\\/03\\\/06\\\/abdullah-kayapinar-avrupa-sampiyonu\\\/#primaryimage\"},\"thumbnailUrl\":\"https:\\\/\\\/memurunsesi.net\\\/wp-content\\\/uploads\\\/2026\\\/03\\\/halter.jpg\",\"datePublished\":\"2026-03-06T16:48:14+00:00\",\"description\":\"G\u00fcrcistan\u2019\u0131n ba\u015fkenti Tiflis\u2019te devam eden 2026 Para Powerlifting Avrupa \u015eampiyonas\u0131\u2019nda milli halterci Abdullah Kayap\u0131nar b\u00fcy\u00fck bir ba\u015far\u0131ya imza atarak \u015fampiyon oldu.\",\"breadcrumb\":{\"@id\":\"https:\\\/\\\/memurunsesi.net\\\/index.php\\\/2026\\\/03\\\/06\\\/abdullah-kayapinar-avrupa-sampiyonu\\\/#breadcrumb\"},\"inLanguage\":\"tr\",\"potentialAction\":[{\"@type\":\"ReadAction\",\"target\":[\"https:\\\/\\\/memurunsesi.net\\\/index.php\\\/2026\\\/03\\\/06\\\/abdullah-kayapinar-avrupa-sampiyonu\\\/\"]}]},{\"@type\":\"ImageObject\",\"inLanguage\":\"tr\",\"@id\":\"https:\\\/\\\/memurunsesi.net\\\/index.php\\\/2026\\\/03\\\/06\\\/abdullah-kayapinar-avrupa-sampiyonu\\\/#primaryimage\",\"url\":\"https:\\\/\\\/memurunsesi.net\\\/wp-content\\\/uploads\\\/2026\\\/03\\\/halter.jpg\",\"contentUrl\":\"https:\\\/\\\/memurunsesi.net\\\/wp-content\\\/uploads\\\/2026\\\/03\\\/halter.jpg\",\"width\":2048,\"height\":1536,\"caption\":\"G\u00dcRC\u0130STAN'IN BA\u015eKENT\u0130 T\u0130FL\u0130S'TE DEVAM EDEN 2026 PARA POWERL\u0130FT\u0130NG AVRUPA \u015eAMP\u0130YONASI'NDA M\u0130LL\u0130 HALTERC\u0130 ABDULLAH KAYAPINAR B\u00dcY\u00dcK B\u0130R BA\u015eARIYA \u0130MZA ATARAK \u015eAMP\u0130YON OLDU. (\u0130HA\\\/\u0130STANBUL-\u0130HA) G\u00fcrcistan'\u0131n ba\u015fkenti Tiflis'te devam eden 2026 Para Powerlifting Avrupa \u015eampiyonas\u0131'nda milli halterci Abdullah Kayap\u0131nar b\u00fcy\u00fck bir ba\u015far\u0131ya imza atarak \u015fampiyon oldu.\"},{\"@type\":\"BreadcrumbList\",\"@id\":\"https:\\\/\\\/memurunsesi.net\\\/index.php\\\/2026\\\/03\\\/06\\\/abdullah-kayapinar-avrupa-sampiyonu\\\/#breadcrumb\",\"itemListElement\":[{\"@type\":\"ListItem\",\"position\":1,\"name\":\"Anasayfa\",\"item\":\"https:\\\/\\\/memurunsesi.net\\\/\"},{\"@type\":\"ListItem\",\"position\":2,\"name\":\"Abdullah Kayap\u0131nar, Avrupa \u015fampiyonu\"}]},{\"@type\":\"WebSite\",\"@id\":\"https:\\\/\\\/memurunsesi.net\\\/#website\",\"url\":\"https:\\\/\\\/memurunsesi.net\\\/\",\"name\":\"Memurun Sesi\",\"description\":\"G\u00fcncel ve Do\u011fru Haber\",\"publisher\":{\"@id\":\"https:\\\/\\\/memurunsesi.net\\\/#organization\"},\"potentialAction\":[{\"@type\":\"SearchAction\",\"target\":{\"@type\":\"EntryPoint\",\"urlTemplate\":\"https:\\\/\\\/memurunsesi.net\\\/?s={search_term_string}\"},\"query-input\":{\"@type\":\"PropertyValueSpecification\",\"valueRequired\":true,\"valueName\":\"search_term_string\"}}],\"inLanguage\":\"tr\"},{\"@type\":\"Organization\",\"@id\":\"https:\\\/\\\/memurunsesi.net\\\/#organization\",\"name\":\"Memurun Sesi\",\"url\":\"https:\\\/\\\/memurunsesi.net\\\/\",\"logo\":{\"@type\":\"ImageObject\",\"inLanguage\":\"tr\",\"@id\":\"https:\\\/\\\/memurunsesi.net\\\/#\\\/schema\\\/logo\\\/image\\\/\",\"url\":\"https:\\\/\\\/memurunsesi.net\\\/wp-content\\\/uploads\\\/2025\\\/11\\\/cropped-MEMURUN-SESI.png\",\"contentUrl\":\"https:\\\/\\\/memurunsesi.net\\\/wp-content\\\/uploads\\\/2025\\\/11\\\/cropped-MEMURUN-SESI.png\",\"width\":238,\"height\":57,\"caption\":\"Memurun Sesi\"},\"image\":{\"@id\":\"https:\\\/\\\/memurunsesi.net\\\/#\\\/schema\\\/logo\\\/image\\\/\"},\"sameAs\":[\"https:\\\/\\\/www.facebook.com\\\/unipersen\\\/?locale=tr_TR\",\"https:\\\/\\\/x.com\\\/unipersen\"]},{\"@type\":\"Person\",\"@id\":\"https:\\\/\\\/memurunsesi.net\\\/#\\\/schema\\\/person\\\/f21c2d73b89f6ee1d80b0a1803e38587\",\"name\":\"Memurun Sesi Haber Merkezi\",\"image\":{\"@type\":\"ImageObject\",\"inLanguage\":\"tr\",\"@id\":\"https:\\\/\\\/secure.gravatar.com\\\/avatar\\\/6cf0505f452ee753f485014986fab09a434671d2b919ee76fc541025c5876a70?s=96&d=mm&r=g\",\"url\":\"https:\\\/\\\/secure.gravatar.com\\\/avatar\\\/6cf0505f452ee753f485014986fab09a434671d2b919ee76fc541025c5876a70?s=96&d=mm&r=g\",\"contentUrl\":\"https:\\\/\\\/secure.gravatar.com\\\/avatar\\\/6cf0505f452ee753f485014986fab09a434671d2b919ee76fc541025c5876a70?s=96&d=mm&r=g\",\"caption\":\"Memurun Sesi Haber Merkezi\"},\"sameAs\":[\"https:\\\/\\\/memurunsesi.net\"],\"url\":\"https:\\\/\\\/memurunsesi.net\\\/index.php\\\/author\\\/uniper\\\/\"}]}<\/script>\n<!-- \/ Yoast SEO plugin. -->","yoast_head_json":{"title":"Abdullah Kayap\u0131nar, Avrupa \u015fampiyonu - Memurun Sesi","description":"G\u00fcrcistan\u2019\u0131n ba\u015fkenti Tiflis\u2019te devam eden 2026 Para Powerlifting Avrupa \u015eampiyonas\u0131\u2019nda milli halterci Abdullah Kayap\u0131nar b\u00fcy\u00fck bir ba\u015far\u0131ya imza atarak \u015fampiyon oldu.","robots":{"index":"index","follow":"follow","max-snippet":"max-snippet:-1","max-image-preview":"max-image-preview:large","max-video-preview":"max-video-preview:-1"},"canonical":"https:\/\/memurunsesi.net\/index.php\/2026\/03\/06\/abdullah-kayapinar-avrupa-sampiyonu\/","og_locale":"tr_TR","og_type":"article","og_title":"Abdullah Kayap\u0131nar, Avrupa \u015fampiyonu - Memurun Sesi","og_description":"G\u00fcrcistan\u2019\u0131n ba\u015fkenti Tiflis\u2019te devam eden 2026 Para Powerlifting Avrupa \u015eampiyonas\u0131\u2019nda milli halterci Abdullah Kayap\u0131nar b\u00fcy\u00fck bir ba\u015far\u0131ya imza atarak \u015fampiyon oldu.","og_url":"https:\/\/memurunsesi.net\/index.php\/2026\/03\/06\/abdullah-kayapinar-avrupa-sampiyonu\/","og_site_name":"Memurun Sesi","article_publisher":"https:\/\/www.facebook.com\/unipersen\/?locale=tr_TR","article_published_time":"2026-03-06T16:48:14+00:00","og_image":[{"width":2048,"height":1536,"url":"https:\/\/memurunsesi.net\/wp-content\/uploads\/2026\/03\/halter.jpg","type":"image\/jpeg"}],"author":"Memurun Sesi Haber Merkezi","twitter_card":"summary_large_image","twitter_creator":"@unipersen","twitter_site":"@unipersen","twitter_misc":{"Yazan:":"Memurun Sesi Haber Merkezi","Tahmini okuma s\u00fcresi":"1 dakika"},"schema":{"@context":"https:\/\/schema.org","@graph":[{"@type":"Article","@id":"https:\/\/memurunsesi.net\/index.php\/2026\/03\/06\/abdullah-kayapinar-avrupa-sampiyonu\/#article","isPartOf":{"@id":"https:\/\/memurunsesi.net\/index.php\/2026\/03\/06\/abdullah-kayapinar-avrupa-sampiyonu\/"},"author":{"name":"Memurun Sesi Haber Merkezi","@id":"https:\/\/memurunsesi.net\/#\/schema\/person\/f21c2d73b89f6ee1d80b0a1803e38587"},"headline":"Abdullah Kayap\u0131nar, Avrupa \u015fampiyonu","datePublished":"2026-03-06T16:48:14+00:00","mainEntityOfPage":{"@id":"https:\/\/memurunsesi.net\/index.php\/2026\/03\/06\/abdullah-kayapinar-avrupa-sampiyonu\/"},"wordCount":121,"commentCount":0,"publisher":{"@id":"https:\/\/memurunsesi.net\/#organization"},"image":{"@id":"https:\/\/memurunsesi.net\/index.php\/2026\/03\/06\/abdullah-kayapinar-avrupa-sampiyonu\/#primaryimage"},"thumbnailUrl":"https:\/\/memurunsesi.net\/wp-content\/uploads\/2026\/03\/halter.jpg","keywords":["171 kiloluk ba\u015far\u0131","alt\u0131n madalya","avrupa \u015fampiyonu","halter","milli sporcu"],"articleSection":["Spor"],"inLanguage":"tr","potentialAction":[{"@type":"CommentAction","name":"Comment","target":["https:\/\/memurunsesi.net\/index.php\/2026\/03\/06\/abdullah-kayapinar-avrupa-sampiyonu\/#respond"]}]},{"@type":"WebPage","@id":"https:\/\/memurunsesi.net\/index.php\/2026\/03\/06\/abdullah-kayapinar-avrupa-sampiyonu\/","url":"https:\/\/memurunsesi.net\/index.php\/2026\/03\/06\/abdullah-kayapinar-avrupa-sampiyonu\/","name":"Abdullah Kayap\u0131nar, Avrupa \u015fampiyonu - Memurun Sesi","isPartOf":{"@id":"https:\/\/memurunsesi.net\/#website"},"primaryImageOfPage":{"@id":"https:\/\/memurunsesi.net\/index.php\/2026\/03\/06\/abdullah-kayapinar-avrupa-sampiyonu\/#primaryimage"},"image":{"@id":"https:\/\/memurunsesi.net\/index.php\/2026\/03\/06\/abdullah-kayapinar-avrupa-sampiyonu\/#primaryimage"},"thumbnailUrl":"https:\/\/memurunsesi.net\/wp-content\/uploads\/2026\/03\/halter.jpg","datePublished":"2026-03-06T16:48:14+00:00","description":"G\u00fcrcistan\u2019\u0131n ba\u015fkenti Tiflis\u2019te devam eden 2026 Para Powerlifting Avrupa \u015eampiyonas\u0131\u2019nda milli halterci Abdullah Kayap\u0131nar b\u00fcy\u00fck bir ba\u015far\u0131ya imza atarak \u015fampiyon oldu.","breadcrumb":{"@id":"https:\/\/memurunsesi.net\/index.php\/2026\/03\/06\/abdullah-kayapinar-avrupa-sampiyonu\/#breadcrumb"},"inLanguage":"tr","potentialAction":[{"@type":"ReadAction","target":["https:\/\/memurunsesi.net\/index.php\/2026\/03\/06\/abdullah-kayapinar-avrupa-sampiyonu\/"]}]},{"@type":"ImageObject","inLanguage":"tr","@id":"https:\/\/memurunsesi.net\/index.php\/2026\/03\/06\/abdullah-kayapinar-avrupa-sampiyonu\/#primaryimage","url":"https:\/\/memurunsesi.net\/wp-content\/uploads\/2026\/03\/halter.jpg","contentUrl":"https:\/\/memurunsesi.net\/wp-content\/uploads\/2026\/03\/halter.jpg","width":2048,"height":1536,"caption":"G\u00dcRC\u0130STAN'IN BA\u015eKENT\u0130 T\u0130FL\u0130S'TE DEVAM EDEN 2026 PARA POWERL\u0130FT\u0130NG AVRUPA \u015eAMP\u0130YONASI'NDA M\u0130LL\u0130 HALTERC\u0130 ABDULLAH KAYAPINAR B\u00dcY\u00dcK B\u0130R BA\u015eARIYA \u0130MZA ATARAK \u015eAMP\u0130YON OLDU. (\u0130HA\/\u0130STANBUL-\u0130HA) G\u00fcrcistan'\u0131n ba\u015fkenti Tiflis'te devam eden 2026 Para Powerlifting Avrupa \u015eampiyonas\u0131'nda milli halterci Abdullah Kayap\u0131nar b\u00fcy\u00fck bir ba\u015far\u0131ya imza atarak \u015fampiyon oldu."},{"@type":"BreadcrumbList","@id":"https:\/\/memurunsesi.net\/index.php\/2026\/03\/06\/abdullah-kayapinar-avrupa-sampiyonu\/#breadcrumb","itemListElement":[{"@type":"ListItem","position":1,"name":"Anasayfa","item":"https:\/\/memurunsesi.net\/"},{"@type":"ListItem","position":2,"name":"Abdullah Kayap\u0131nar, Avrupa \u015fampiyonu"}]},{"@type":"WebSite","@id":"https:\/\/memurunsesi.net\/#website","url":"https:\/\/memurunsesi.net\/","name":"Memurun Sesi","description":"G\u00fcncel ve Do\u011fru Haber","publisher":{"@id":"https:\/\/memurunsesi.net\/#organization"},"potentialAction":[{"@type":"SearchAction","target":{"@type":"EntryPoint","urlTemplate":"https:\/\/memurunsesi.net\/?s={search_term_string}"},"query-input":{"@type":"PropertyValueSpecification","valueRequired":true,"valueName":"search_term_string"}}],"inLanguage":"tr"},{"@type":"Organization","@id":"https:\/\/memurunsesi.net\/#organization","name":"Memurun Sesi","url":"https:\/\/memurunsesi.net\/","logo":{"@type":"ImageObject","inLanguage":"tr","@id":"https:\/\/memurunsesi.net\/#\/schema\/logo\/image\/","url":"https:\/\/memurunsesi.net\/wp-content\/uploads\/2025\/11\/cropped-MEMURUN-SESI.png","contentUrl":"https:\/\/memurunsesi.net\/wp-content\/uploads\/2025\/11\/cropped-MEMURUN-SESI.png","width":238,"height":57,"caption":"Memurun Sesi"},"image":{"@id":"https:\/\/memurunsesi.net\/#\/schema\/logo\/image\/"},"sameAs":["https:\/\/www.facebook.com\/unipersen\/?locale=tr_TR","https:\/\/x.com\/unipersen"]},{"@type":"Person","@id":"https:\/\/memurunsesi.net\/#\/schema\/person\/f21c2d73b89f6ee1d80b0a1803e38587","name":"Memurun Sesi Haber Merkezi","image":{"@type":"ImageObject","inLanguage":"tr","@id":"https:\/\/secure.gravatar.com\/avatar\/6cf0505f452ee753f485014986fab09a434671d2b919ee76fc541025c5876a70?s=96&d=mm&r=g","url":"https:\/\/secure.gravatar.com\/avatar\/6cf0505f452ee753f485014986fab09a434671d2b919ee76fc541025c5876a70?s=96&d=mm&r=g","contentUrl":"https:\/\/secure.gravatar.com\/avatar\/6cf0505f452ee753f485014986fab09a434671d2b919ee76fc541025c5876a70?s=96&d=mm&r=g","caption":"Memurun Sesi Haber Merkezi"},"sameAs":["https:\/\/memurunsesi.net"],"url":"https:\/\/memurunsesi.net\/index.php\/author\/uniper\/"}]}},"_links":{"self":[{"href":"https:\/\/memurunsesi.net\/index.php\/wp-json\/wp\/v2\/posts\/18144","targetHints":{"allow":["GET"]}}],"collection":[{"href":"https:\/\/memurunsesi.net\/index.php\/wp-json\/wp\/v2\/posts"}],"about":[{"href":"https:\/\/memurunsesi.net\/index.php\/wp-json\/wp\/v2\/types\/post"}],"author":[{"embeddable":true,"href":"https:\/\/memurunsesi.net\/index.php\/wp-json\/wp\/v2\/users\/1"}],"replies":[{"embeddable":true,"href":"https:\/\/memurunsesi.net\/index.php\/wp-json\/wp\/v2\/comments?post=18144"}],"version-history":[{"count":1,"href":"https:\/\/memurunsesi.net\/index.php\/wp-json\/wp\/v2\/posts\/18144\/revisions"}],"predecessor-version":[{"id":18146,"href":"https:\/\/memurunsesi.net\/index.php\/wp-json\/wp\/v2\/posts\/18144\/revisions\/18146"}],"wp:featuredmedia":[{"embeddable":true,"href":"https:\/\/memurunsesi.net\/index.php\/wp-json\/wp\/v2\/media\/18145"}],"wp:attachment":[{"href":"https:\/\/memurunsesi.net\/index.php\/wp-json\/wp\/v2\/media?parent=18144"}],"wp:term":[{"taxonomy":"category","embeddable":true,"href":"https:\/\/memurunsesi.net\/index.php\/wp-json\/wp\/v2\/categories?post=18144"},{"taxonomy":"post_tag","embeddable":true,"href":"https:\/\/memurunsesi.net\/index.php\/wp-json\/wp\/v2\/tags?post=18144"}],"curies":[{"name":"wp","href":"https:\/\/api.w.org\/{rel}","templated":true}]}}