{"id":18163,"date":"2026-03-07T10:03:36","date_gmt":"2026-03-07T07:03:36","guid":{"rendered":"https:\/\/memurunsesi.net\/?p=18163"},"modified":"2026-03-07T10:03:36","modified_gmt":"2026-03-07T07:03:36","slug":"uzmandan-orta-dogu-uyarisi-israil-iran-gerilimi-kuresel-barisi-tehdit-ediyor","status":"publish","type":"post","link":"https:\/\/memurunsesi.net\/index.php\/2026\/03\/07\/uzmandan-orta-dogu-uyarisi-israil-iran-gerilimi-kuresel-barisi-tehdit-ediyor\/","title":{"rendered":"Uzmandan Orta Do\u011fu uyar\u0131s\u0131: &#8220;\u0130srail-\u0130ran gerilimi k\u00fcresel bar\u0131\u015f\u0131 tehdit ediyor&#8221;"},"content":{"rendered":"<p>&#8211; Do\u00e7. Dr. Ak\u0131nc\u0131: &#8220;Bar\u0131\u015f g\u00f6r\u00fc\u015fmeleri \u0130stanbul&#8217;da yap\u0131lsayd\u0131 sava\u015f ba\u015flamadan masada \u00e7\u00f6z\u00fcm \u00fcretilebilirdi&#8221;<\/p>\n<p>Adana Alparslan T\u00fcrke\u015f \u00dcniversitesi&#8217;nden Do\u00e7. Dr. Berat Ak\u0131nc\u0131, Orta Do\u011fu&#8217;da artan gerilimin yaln\u0131zca b\u00f6lgeyi de\u011fil k\u00fcresel bar\u0131\u015f\u0131 da tehdit etti\u011fini s\u00f6yledi.<br \/>\n\u0130srail ile \u0130ran aras\u0131nda ba\u015flayan ve k\u0131sa s\u00fcrede b\u00f6lgeye yay\u0131lan gerilim sekizinci g\u00fcn\u00fcnde de devam ediyor. \u0130srail&#8217;in \u0130ran&#8217;a y\u00f6nelik sald\u0131r\u0131lar\u0131yla ba\u015flayan \u00e7at\u0131\u015fmalarda kar\u015f\u0131l\u0131kl\u0131 sald\u0131r\u0131lar s\u00fcrerken b\u00f6lgede tansiyon giderek y\u00fckseliyor.<br \/>\n\u0130srail&#8217;in \u0130ran&#8217;daki baz\u0131 askeri ve stratejik hedefleri vurmas\u0131n\u0131n ard\u0131ndan \u0130ran da misilleme sald\u0131r\u0131lar\u0131 d\u00fczenledi. Kar\u015f\u0131l\u0131kl\u0131 sald\u0131r\u0131lar devam ederken gerilimin yaln\u0131zca 2 \u00fclkeyle s\u0131n\u0131rl\u0131 kalmazken Hatay&#8217;a da f\u00fcze par\u00e7as\u0131 d\u00fc\u015ft\u00fc. Amerika Birle\u015fik Devletleri&#8217;nin (ABD) b\u00f6lgede bulunan askeri \u00fcsleri ve \u0130srail&#8217;e verdi\u011fi destek de \u00e7at\u0131\u015fman\u0131n daha geni\u015f bir alana yay\u0131labilece\u011fi y\u00f6n\u00fcndeki kayg\u0131lar\u0131 art\u0131r\u0131rken uzmanlar ise sava\u015fta, L\u00fcbnan ba\u015fta olmak \u00fczere b\u00f6lgedeki farkl\u0131 akt\u00f6rlerin de s\u00fcrece dahil olabilece\u011fi y\u00f6n\u00fcnde endi\u015felerini dile getiriyor.<br \/>\n&#8220;Bu gerilim k\u00fcresel bar\u0131\u015f\u0131 da tehdit ediyor&#8221;<br \/>\nKonuyla ilgili Adana Alparslan T\u00fcrke\u015f Bilim ve Teknoloji \u00dcniversitesi \u0130ktisadi, \u0130dari ve Sosyal Bilimler Fak\u00fcltesi Uluslararas\u0131 \u0130li\u015fkiler B\u00f6l\u00fcm Ba\u015fkan\u0131 Do\u00e7. Dr. Berat Ak\u0131nc\u0131, de\u011ferlendirmelerde bulundu. Do\u00e7. Dr. Berat Ak\u0131nc\u0131, \u0130srail&#8217;in \u0130ran&#8217;a y\u00f6nelik m\u00fcdahalesinin yaln\u0131zca \u0130ran i\u00e7in de\u011fil t\u00fcm b\u00f6lge ve k\u00fcresel bar\u0131\u015f i\u00e7in tehdit olu\u015fturdu\u011funu s\u00f6yleyerek, &#8220;En \u00e7ok endi\u015fe duyulan konu \u0130srail-\u0130ran sava\u015f\u0131n\u0131n b\u00f6lgeye ve k\u00fcresel sisteme yay\u0131lmas\u0131yd\u0131. Gelinen noktada \u0130srail&#8217;in L\u00fcbnan ba\u015fta olmak \u00fczere farkl\u0131 b\u00f6lgelere y\u00f6nelik sald\u0131r\u0131lar\u0131, bu endi\u015felerin ne kadar yerinde oldu\u011funu g\u00f6steriyor&#8221; dedi.<br \/>\n&#8220;ABD&#8217;nin g\u00fcvenlik politikalar\u0131n\u0131n merkezinde \u0130ran var&#8221;<br \/>\nABD&#8217;nin b\u00f6lgedeki g\u00fcvenlik politikalar\u0131n\u0131n merkezinde \u0130ran&#8217;\u0131n askeri ve n\u00fckleer kapasitesinin geriletilmesinin bulundu\u011funu ifade eden Ak\u0131nc\u0131, &#8220;ABD, \u0130ran&#8217;\u0131n \u00f6zellikle \u0130srail&#8217;i vurabilecek askeri kapasitesini d\u00fc\u015f\u00fcrmeye y\u00f6nelik politikalar izliyor. Bu kapsamda b\u00f6lgedeki askeri \u00fcsler \u00fczerinden \u0130ran&#8217;a y\u00f6nelik operasyonlar\u0131n ger\u00e7ekle\u015ftirildi\u011fini g\u00f6r\u00fcyoruz&#8221; diye konu\u015ftu.<br \/>\n\u0130ran&#8217;\u0131n ABD \u00fcslerine y\u00f6nelik sald\u0131r\u0131lar\u0131n\u0131 m\u00fctekabiliyet \u00e7er\u00e7evesinde de\u011ferlendiren Ak\u0131nc\u0131, \u0130ran&#8217;\u0131n b\u00f6lgede denge olu\u015fturabilmesi i\u00e7in b\u00f6lge \u00fclkeleriyle ili\u015fkilerini g\u00fc\u00e7l\u00fc tutmas\u0131 gerekti\u011fini s\u00f6yledi.<br \/>\n&#8220;Vekil g\u00fc\u00e7ler sava\u015f\u0131n yay\u0131lma riskini art\u0131r\u0131yor&#8221;<br \/>\nVekil g\u00fc\u00e7lerin sava\u015f\u0131n yay\u0131lma riskini de artt\u0131rd\u0131\u011f\u0131na de\u011finen Do\u00e7. Dr. Berat Ak\u0131nc\u0131, daha sonra \u015funlar\u0131 s\u00f6yledi:<br \/>\n&#8220;\u015eu an yakla\u015f\u0131k 10 \u00fclke \u0130ran&#8217;\u0131n sald\u0131r\u0131lar\u0131ndan etkilenmi\u015f durumda. ABD \u00fcslerine m\u00fcdahaleler oldu. Di\u011fer taraftan \u0130srail ve ABD&#8217;nin \u0130ran ile L\u00fcbnan&#8217;a y\u00f6nelik ciddi sald\u0131r\u0131lar\u0131 ger\u00e7ekle\u015fti. Vekil unsurlar\u0131n devreye girmesi, sava\u015f\u0131n \u00f6nce b\u00f6lgesel sonra da k\u00fcresel boyuta ula\u015fma riskini art\u0131r\u0131yor. Uluslararas\u0131 toplumun daha aktif rol \u00fcstlenmesi gerekiyor.&#8221;<br \/>\n&#8220;T\u00fcrkiye b\u00f6lgede \u00f6nemli bir denge unsuru&#8221;<br \/>\nUluslararas\u0131 toplumun s\u00fcrece m\u00fcdahil olmas\u0131 gerekti\u011fini vurgulayan Ak\u0131nc\u0131, t\u00fcm Birle\u015fmi\u015f Milletler \u00fcyesi devletlerin hukukun \u00fcst\u00fcnl\u00fc\u011f\u00fcn\u00fc esas alan bir yakla\u015f\u0131m benimsemesi gerekti\u011fini anlatt\u0131. T\u00fcrkiye&#8217;nin b\u00f6lgede \u00f6nemli bir denge unsuru oldu\u011funu belirten Ak\u0131nc\u0131, &#8220;\u0130ran, ABD ve \u0130srail kar\u015f\u0131s\u0131nda denge olu\u015fturmak istiyorsa b\u00f6lge \u00fclkelerine ihtiya\u00e7 duyuyor. Bu noktada en \u00f6nemli akt\u00f6rlerden biri T\u00fcrkiye. \u0130ran bar\u0131\u015f g\u00f6r\u00fc\u015fmelerini Umman yerine \u0130stanbul&#8217;da yapmay\u0131 kabul etseydi, sava\u015f ba\u015flamadan \u00f6nce masada \u00e7\u00f6z\u00fcm \u00fcretilebilirdi&#8221; dedi.<br \/>\nB\u00f6lgede kaotik bir ortam\u0131n bulundu\u011funu ifade eden Ak\u0131nc\u0131, sava\u015f ortam\u0131nda alg\u0131 operasyonlar\u0131n\u0131n da devreye girebildi\u011fini belirterek b\u00f6lge \u00fclkelerinin dikkatli ve temkinli hareket etmesi gerekti\u011fini s\u00f6yledi.<\/p>\n<p>7.03.2026<\/p>\n","protected":false},"excerpt":{"rendered":"<p>&#8211; Do\u00e7. Dr. Ak\u0131nc\u0131: &#8220;Bar\u0131\u015f g\u00f6r\u00fc\u015fmeleri \u0130stanbul&#8217;da yap\u0131lsayd\u0131 sava\u015f ba\u015flamadan masada \u00e7\u00f6z\u00fcm \u00fcretilebilirdi&#8221; Adana Alparslan T\u00fcrke\u015f \u00dcniversitesi&#8217;nden Do\u00e7. Dr. Berat Ak\u0131nc\u0131, Orta Do\u011fu&#8217;da artan gerilimin yaln\u0131zca b\u00f6lgeyi de\u011fil k\u00fcresel bar\u0131\u015f\u0131 da tehdit etti\u011fini s\u00f6yledi. \u0130srail ile \u0130ran aras\u0131nda ba\u015flayan ve k\u0131sa s\u00fcrede b\u00f6lgeye yay\u0131lan gerilim sekizinci g\u00fcn\u00fcnde de devam ediyor. \u0130srail&#8217;in \u0130ran&#8217;a y\u00f6nelik sald\u0131r\u0131lar\u0131yla ba\u015flayan [&hellip;]<\/p>\n","protected":false},"author":1,"featured_media":18164,"comment_status":"open","ping_status":"open","sticky":false,"template":"","format":"standard","meta":{"footnotes":""},"categories":[1],"tags":[1882,1881],"class_list":["post-18163","post","type-post","status-publish","format-standard","has-post-thumbnail","hentry","category-genel","tag-israil-iran-savasi","tag-orta-dogu-gerilim"],"yoast_head":"<!-- This site is optimized with the Yoast SEO plugin v27.4 - https:\/\/yoast.com\/product\/yoast-seo-wordpress\/ -->\n<title>Uzmandan Orta Do\u011fu uyar\u0131s\u0131: &quot;\u0130srail-\u0130ran gerilimi k\u00fcresel bar\u0131\u015f\u0131 tehdit ediyor&quot; - Memurun Sesi<\/title>\n<meta name=\"description\" content=\"Adana Alparslan T\u00fcrke\u015f \u00dcniversitesi&#039;nden Do\u00e7. Dr. Berat Ak\u0131nc\u0131, Orta Do\u011fu&#039;da artan gerilimin yaln\u0131zca b\u00f6lgeyi de\u011fil k\u00fcresel bar\u0131\u015f\u0131 da tehdit etti\u011fini s\u00f6yledi.\" \/>\n<meta name=\"robots\" content=\"index, follow, max-snippet:-1, max-image-preview:large, max-video-preview:-1\" \/>\n<link rel=\"canonical\" href=\"https:\/\/memurunsesi.net\/index.php\/2026\/03\/07\/uzmandan-orta-dogu-uyarisi-israil-iran-gerilimi-kuresel-barisi-tehdit-ediyor\/\" \/>\n<meta property=\"og:locale\" content=\"tr_TR\" \/>\n<meta property=\"og:type\" content=\"article\" \/>\n<meta property=\"og:title\" content=\"Uzmandan Orta Do\u011fu uyar\u0131s\u0131: &quot;\u0130srail-\u0130ran gerilimi k\u00fcresel bar\u0131\u015f\u0131 tehdit ediyor&quot; - Memurun Sesi\" \/>\n<meta property=\"og:description\" content=\"Adana Alparslan T\u00fcrke\u015f \u00dcniversitesi&#039;nden Do\u00e7. Dr. Berat Ak\u0131nc\u0131, Orta Do\u011fu&#039;da artan gerilimin yaln\u0131zca b\u00f6lgeyi de\u011fil k\u00fcresel bar\u0131\u015f\u0131 da tehdit etti\u011fini s\u00f6yledi.\" \/>\n<meta property=\"og:url\" content=\"https:\/\/memurunsesi.net\/index.php\/2026\/03\/07\/uzmandan-orta-dogu-uyarisi-israil-iran-gerilimi-kuresel-barisi-tehdit-ediyor\/\" \/>\n<meta property=\"og:site_name\" content=\"Memurun Sesi\" \/>\n<meta property=\"article:publisher\" content=\"https:\/\/www.facebook.com\/unipersen\/?locale=tr_TR\" \/>\n<meta property=\"article:published_time\" content=\"2026-03-07T07:03:36+00:00\" \/>\n<meta property=\"og:image\" content=\"https:\/\/memurunsesi.net\/wp-content\/uploads\/2026\/03\/savas-scaled.jpg\" \/>\n\t<meta property=\"og:image:width\" content=\"2560\" \/>\n\t<meta property=\"og:image:height\" content=\"1440\" \/>\n\t<meta property=\"og:image:type\" content=\"image\/jpeg\" \/>\n<meta name=\"author\" content=\"Memurun Sesi Haber Merkezi\" \/>\n<meta name=\"twitter:card\" content=\"summary_large_image\" \/>\n<meta name=\"twitter:creator\" content=\"@unipersen\" \/>\n<meta name=\"twitter:site\" content=\"@unipersen\" \/>\n<meta name=\"twitter:label1\" content=\"Yazan:\" \/>\n\t<meta name=\"twitter:data1\" content=\"Memurun Sesi Haber Merkezi\" \/>\n\t<meta name=\"twitter:label2\" content=\"Tahmini okuma s\u00fcresi\" \/>\n\t<meta name=\"twitter:data2\" content=\"3 dakika\" \/>\n<script type=\"application\/ld+json\" class=\"yoast-schema-graph\">{\"@context\":\"https:\\\/\\\/schema.org\",\"@graph\":[{\"@type\":\"Article\",\"@id\":\"https:\\\/\\\/memurunsesi.net\\\/index.php\\\/2026\\\/03\\\/07\\\/uzmandan-orta-dogu-uyarisi-israil-iran-gerilimi-kuresel-barisi-tehdit-ediyor\\\/#article\",\"isPartOf\":{\"@id\":\"https:\\\/\\\/memurunsesi.net\\\/index.php\\\/2026\\\/03\\\/07\\\/uzmandan-orta-dogu-uyarisi-israil-iran-gerilimi-kuresel-barisi-tehdit-ediyor\\\/\"},\"author\":{\"name\":\"Memurun Sesi Haber Merkezi\",\"@id\":\"https:\\\/\\\/memurunsesi.net\\\/#\\\/schema\\\/person\\\/f21c2d73b89f6ee1d80b0a1803e38587\"},\"headline\":\"Uzmandan Orta Do\u011fu uyar\u0131s\u0131: &#8220;\u0130srail-\u0130ran gerilimi k\u00fcresel bar\u0131\u015f\u0131 tehdit ediyor&#8221;\",\"datePublished\":\"2026-03-07T07:03:36+00:00\",\"mainEntityOfPage\":{\"@id\":\"https:\\\/\\\/memurunsesi.net\\\/index.php\\\/2026\\\/03\\\/07\\\/uzmandan-orta-dogu-uyarisi-israil-iran-gerilimi-kuresel-barisi-tehdit-ediyor\\\/\"},\"wordCount\":704,\"commentCount\":0,\"publisher\":{\"@id\":\"https:\\\/\\\/memurunsesi.net\\\/#organization\"},\"image\":{\"@id\":\"https:\\\/\\\/memurunsesi.net\\\/index.php\\\/2026\\\/03\\\/07\\\/uzmandan-orta-dogu-uyarisi-israil-iran-gerilimi-kuresel-barisi-tehdit-ediyor\\\/#primaryimage\"},\"thumbnailUrl\":\"https:\\\/\\\/memurunsesi.net\\\/wp-content\\\/uploads\\\/2026\\\/03\\\/savas-scaled.jpg\",\"keywords\":[\"israil.iran sava\u015f\u0131\",\"orta do\u011fu gerilim\"],\"inLanguage\":\"tr\",\"potentialAction\":[{\"@type\":\"CommentAction\",\"name\":\"Comment\",\"target\":[\"https:\\\/\\\/memurunsesi.net\\\/index.php\\\/2026\\\/03\\\/07\\\/uzmandan-orta-dogu-uyarisi-israil-iran-gerilimi-kuresel-barisi-tehdit-ediyor\\\/#respond\"]}]},{\"@type\":\"WebPage\",\"@id\":\"https:\\\/\\\/memurunsesi.net\\\/index.php\\\/2026\\\/03\\\/07\\\/uzmandan-orta-dogu-uyarisi-israil-iran-gerilimi-kuresel-barisi-tehdit-ediyor\\\/\",\"url\":\"https:\\\/\\\/memurunsesi.net\\\/index.php\\\/2026\\\/03\\\/07\\\/uzmandan-orta-dogu-uyarisi-israil-iran-gerilimi-kuresel-barisi-tehdit-ediyor\\\/\",\"name\":\"Uzmandan Orta Do\u011fu uyar\u0131s\u0131: \\\"\u0130srail-\u0130ran gerilimi k\u00fcresel bar\u0131\u015f\u0131 tehdit ediyor\\\" - Memurun Sesi\",\"isPartOf\":{\"@id\":\"https:\\\/\\\/memurunsesi.net\\\/#website\"},\"primaryImageOfPage\":{\"@id\":\"https:\\\/\\\/memurunsesi.net\\\/index.php\\\/2026\\\/03\\\/07\\\/uzmandan-orta-dogu-uyarisi-israil-iran-gerilimi-kuresel-barisi-tehdit-ediyor\\\/#primaryimage\"},\"image\":{\"@id\":\"https:\\\/\\\/memurunsesi.net\\\/index.php\\\/2026\\\/03\\\/07\\\/uzmandan-orta-dogu-uyarisi-israil-iran-gerilimi-kuresel-barisi-tehdit-ediyor\\\/#primaryimage\"},\"thumbnailUrl\":\"https:\\\/\\\/memurunsesi.net\\\/wp-content\\\/uploads\\\/2026\\\/03\\\/savas-scaled.jpg\",\"datePublished\":\"2026-03-07T07:03:36+00:00\",\"description\":\"Adana Alparslan T\u00fcrke\u015f \u00dcniversitesi'nden Do\u00e7. Dr. Berat Ak\u0131nc\u0131, Orta Do\u011fu'da artan gerilimin yaln\u0131zca b\u00f6lgeyi de\u011fil k\u00fcresel bar\u0131\u015f\u0131 da tehdit etti\u011fini s\u00f6yledi.\",\"breadcrumb\":{\"@id\":\"https:\\\/\\\/memurunsesi.net\\\/index.php\\\/2026\\\/03\\\/07\\\/uzmandan-orta-dogu-uyarisi-israil-iran-gerilimi-kuresel-barisi-tehdit-ediyor\\\/#breadcrumb\"},\"inLanguage\":\"tr\",\"potentialAction\":[{\"@type\":\"ReadAction\",\"target\":[\"https:\\\/\\\/memurunsesi.net\\\/index.php\\\/2026\\\/03\\\/07\\\/uzmandan-orta-dogu-uyarisi-israil-iran-gerilimi-kuresel-barisi-tehdit-ediyor\\\/\"]}]},{\"@type\":\"ImageObject\",\"inLanguage\":\"tr\",\"@id\":\"https:\\\/\\\/memurunsesi.net\\\/index.php\\\/2026\\\/03\\\/07\\\/uzmandan-orta-dogu-uyarisi-israil-iran-gerilimi-kuresel-barisi-tehdit-ediyor\\\/#primaryimage\",\"url\":\"https:\\\/\\\/memurunsesi.net\\\/wp-content\\\/uploads\\\/2026\\\/03\\\/savas-scaled.jpg\",\"contentUrl\":\"https:\\\/\\\/memurunsesi.net\\\/wp-content\\\/uploads\\\/2026\\\/03\\\/savas-scaled.jpg\",\"width\":2560,\"height\":1440,\"caption\":\"ADANA ALPARSLAN T\u00dcRKE\u015e B\u0130L\u0130M VE TEKNOLOJ\u0130 \u00dcN\u0130VERS\u0130TES\u0130 \u0130KT\u0130SAD\u0130, \u0130DAR\u0130 VE SOSYAL B\u0130L\u0130MLER FAK\u00dcLTES\u0130 ULUSLARARASI \u0130L\u0130\u015eK\u0130LER B\u00d6L\u00dcM BA\u015eKANI DO\u00c7. DR. BERAT AKINCI, ORTA DO\u011eU'DA ARTAN GER\u0130L\u0130M\u0130N YALNIZCA B\u00d6LGEY\u0130 DE\u011e\u0130L K\u00dcRESEL BARI\u015eI DA TEHD\u0130T ETT\u0130\u011e\u0130N\u0130 S\u00d6YLED\u0130. (UMUTCAN \u0130\u015eLED\u0130C\u0130\\\/ADANA-\u0130HA) Adana Alparslan T\u00fcrke\u015f \u00dcniversitesi'nden Do\u00e7. Dr. Berat Ak\u0131nc\u0131, Orta Do\u011fu'da artan gerilimin yaln\u0131zca b\u00f6lgeyi de\u011fil k\u00fcresel bar\u0131\u015f\u0131 da tehdit etti\u011fini s\u00f6yledi.\"},{\"@type\":\"BreadcrumbList\",\"@id\":\"https:\\\/\\\/memurunsesi.net\\\/index.php\\\/2026\\\/03\\\/07\\\/uzmandan-orta-dogu-uyarisi-israil-iran-gerilimi-kuresel-barisi-tehdit-ediyor\\\/#breadcrumb\",\"itemListElement\":[{\"@type\":\"ListItem\",\"position\":1,\"name\":\"Anasayfa\",\"item\":\"https:\\\/\\\/memurunsesi.net\\\/\"},{\"@type\":\"ListItem\",\"position\":2,\"name\":\"Uzmandan Orta Do\u011fu uyar\u0131s\u0131: &#8220;\u0130srail-\u0130ran gerilimi k\u00fcresel bar\u0131\u015f\u0131 tehdit ediyor&#8221;\"}]},{\"@type\":\"WebSite\",\"@id\":\"https:\\\/\\\/memurunsesi.net\\\/#website\",\"url\":\"https:\\\/\\\/memurunsesi.net\\\/\",\"name\":\"Memurun Sesi\",\"description\":\"G\u00fcncel ve Do\u011fru Haber\",\"publisher\":{\"@id\":\"https:\\\/\\\/memurunsesi.net\\\/#organization\"},\"potentialAction\":[{\"@type\":\"SearchAction\",\"target\":{\"@type\":\"EntryPoint\",\"urlTemplate\":\"https:\\\/\\\/memurunsesi.net\\\/?s={search_term_string}\"},\"query-input\":{\"@type\":\"PropertyValueSpecification\",\"valueRequired\":true,\"valueName\":\"search_term_string\"}}],\"inLanguage\":\"tr\"},{\"@type\":\"Organization\",\"@id\":\"https:\\\/\\\/memurunsesi.net\\\/#organization\",\"name\":\"Memurun Sesi\",\"url\":\"https:\\\/\\\/memurunsesi.net\\\/\",\"logo\":{\"@type\":\"ImageObject\",\"inLanguage\":\"tr\",\"@id\":\"https:\\\/\\\/memurunsesi.net\\\/#\\\/schema\\\/logo\\\/image\\\/\",\"url\":\"https:\\\/\\\/memurunsesi.net\\\/wp-content\\\/uploads\\\/2025\\\/11\\\/cropped-MEMURUN-SESI.png\",\"contentUrl\":\"https:\\\/\\\/memurunsesi.net\\\/wp-content\\\/uploads\\\/2025\\\/11\\\/cropped-MEMURUN-SESI.png\",\"width\":238,\"height\":57,\"caption\":\"Memurun Sesi\"},\"image\":{\"@id\":\"https:\\\/\\\/memurunsesi.net\\\/#\\\/schema\\\/logo\\\/image\\\/\"},\"sameAs\":[\"https:\\\/\\\/www.facebook.com\\\/unipersen\\\/?locale=tr_TR\",\"https:\\\/\\\/x.com\\\/unipersen\"]},{\"@type\":\"Person\",\"@id\":\"https:\\\/\\\/memurunsesi.net\\\/#\\\/schema\\\/person\\\/f21c2d73b89f6ee1d80b0a1803e38587\",\"name\":\"Memurun Sesi Haber Merkezi\",\"image\":{\"@type\":\"ImageObject\",\"inLanguage\":\"tr\",\"@id\":\"https:\\\/\\\/secure.gravatar.com\\\/avatar\\\/6cf0505f452ee753f485014986fab09a434671d2b919ee76fc541025c5876a70?s=96&d=mm&r=g\",\"url\":\"https:\\\/\\\/secure.gravatar.com\\\/avatar\\\/6cf0505f452ee753f485014986fab09a434671d2b919ee76fc541025c5876a70?s=96&d=mm&r=g\",\"contentUrl\":\"https:\\\/\\\/secure.gravatar.com\\\/avatar\\\/6cf0505f452ee753f485014986fab09a434671d2b919ee76fc541025c5876a70?s=96&d=mm&r=g\",\"caption\":\"Memurun Sesi Haber Merkezi\"},\"sameAs\":[\"https:\\\/\\\/memurunsesi.net\"],\"url\":\"https:\\\/\\\/memurunsesi.net\\\/index.php\\\/author\\\/uniper\\\/\"}]}<\/script>\n<!-- \/ Yoast SEO plugin. -->","yoast_head_json":{"title":"Uzmandan Orta Do\u011fu uyar\u0131s\u0131: \"\u0130srail-\u0130ran gerilimi k\u00fcresel bar\u0131\u015f\u0131 tehdit ediyor\" - Memurun Sesi","description":"Adana Alparslan T\u00fcrke\u015f \u00dcniversitesi'nden Do\u00e7. Dr. Berat Ak\u0131nc\u0131, Orta Do\u011fu'da artan gerilimin yaln\u0131zca b\u00f6lgeyi de\u011fil k\u00fcresel bar\u0131\u015f\u0131 da tehdit etti\u011fini s\u00f6yledi.","robots":{"index":"index","follow":"follow","max-snippet":"max-snippet:-1","max-image-preview":"max-image-preview:large","max-video-preview":"max-video-preview:-1"},"canonical":"https:\/\/memurunsesi.net\/index.php\/2026\/03\/07\/uzmandan-orta-dogu-uyarisi-israil-iran-gerilimi-kuresel-barisi-tehdit-ediyor\/","og_locale":"tr_TR","og_type":"article","og_title":"Uzmandan Orta Do\u011fu uyar\u0131s\u0131: \"\u0130srail-\u0130ran gerilimi k\u00fcresel bar\u0131\u015f\u0131 tehdit ediyor\" - Memurun Sesi","og_description":"Adana Alparslan T\u00fcrke\u015f \u00dcniversitesi'nden Do\u00e7. Dr. Berat Ak\u0131nc\u0131, Orta Do\u011fu'da artan gerilimin yaln\u0131zca b\u00f6lgeyi de\u011fil k\u00fcresel bar\u0131\u015f\u0131 da tehdit etti\u011fini s\u00f6yledi.","og_url":"https:\/\/memurunsesi.net\/index.php\/2026\/03\/07\/uzmandan-orta-dogu-uyarisi-israil-iran-gerilimi-kuresel-barisi-tehdit-ediyor\/","og_site_name":"Memurun Sesi","article_publisher":"https:\/\/www.facebook.com\/unipersen\/?locale=tr_TR","article_published_time":"2026-03-07T07:03:36+00:00","og_image":[{"width":2560,"height":1440,"url":"https:\/\/memurunsesi.net\/wp-content\/uploads\/2026\/03\/savas-scaled.jpg","type":"image\/jpeg"}],"author":"Memurun Sesi Haber Merkezi","twitter_card":"summary_large_image","twitter_creator":"@unipersen","twitter_site":"@unipersen","twitter_misc":{"Yazan:":"Memurun Sesi Haber Merkezi","Tahmini okuma s\u00fcresi":"3 dakika"},"schema":{"@context":"https:\/\/schema.org","@graph":[{"@type":"Article","@id":"https:\/\/memurunsesi.net\/index.php\/2026\/03\/07\/uzmandan-orta-dogu-uyarisi-israil-iran-gerilimi-kuresel-barisi-tehdit-ediyor\/#article","isPartOf":{"@id":"https:\/\/memurunsesi.net\/index.php\/2026\/03\/07\/uzmandan-orta-dogu-uyarisi-israil-iran-gerilimi-kuresel-barisi-tehdit-ediyor\/"},"author":{"name":"Memurun Sesi Haber Merkezi","@id":"https:\/\/memurunsesi.net\/#\/schema\/person\/f21c2d73b89f6ee1d80b0a1803e38587"},"headline":"Uzmandan Orta Do\u011fu uyar\u0131s\u0131: &#8220;\u0130srail-\u0130ran gerilimi k\u00fcresel bar\u0131\u015f\u0131 tehdit ediyor&#8221;","datePublished":"2026-03-07T07:03:36+00:00","mainEntityOfPage":{"@id":"https:\/\/memurunsesi.net\/index.php\/2026\/03\/07\/uzmandan-orta-dogu-uyarisi-israil-iran-gerilimi-kuresel-barisi-tehdit-ediyor\/"},"wordCount":704,"commentCount":0,"publisher":{"@id":"https:\/\/memurunsesi.net\/#organization"},"image":{"@id":"https:\/\/memurunsesi.net\/index.php\/2026\/03\/07\/uzmandan-orta-dogu-uyarisi-israil-iran-gerilimi-kuresel-barisi-tehdit-ediyor\/#primaryimage"},"thumbnailUrl":"https:\/\/memurunsesi.net\/wp-content\/uploads\/2026\/03\/savas-scaled.jpg","keywords":["israil.iran sava\u015f\u0131","orta do\u011fu gerilim"],"inLanguage":"tr","potentialAction":[{"@type":"CommentAction","name":"Comment","target":["https:\/\/memurunsesi.net\/index.php\/2026\/03\/07\/uzmandan-orta-dogu-uyarisi-israil-iran-gerilimi-kuresel-barisi-tehdit-ediyor\/#respond"]}]},{"@type":"WebPage","@id":"https:\/\/memurunsesi.net\/index.php\/2026\/03\/07\/uzmandan-orta-dogu-uyarisi-israil-iran-gerilimi-kuresel-barisi-tehdit-ediyor\/","url":"https:\/\/memurunsesi.net\/index.php\/2026\/03\/07\/uzmandan-orta-dogu-uyarisi-israil-iran-gerilimi-kuresel-barisi-tehdit-ediyor\/","name":"Uzmandan Orta Do\u011fu uyar\u0131s\u0131: \"\u0130srail-\u0130ran gerilimi k\u00fcresel bar\u0131\u015f\u0131 tehdit ediyor\" - Memurun Sesi","isPartOf":{"@id":"https:\/\/memurunsesi.net\/#website"},"primaryImageOfPage":{"@id":"https:\/\/memurunsesi.net\/index.php\/2026\/03\/07\/uzmandan-orta-dogu-uyarisi-israil-iran-gerilimi-kuresel-barisi-tehdit-ediyor\/#primaryimage"},"image":{"@id":"https:\/\/memurunsesi.net\/index.php\/2026\/03\/07\/uzmandan-orta-dogu-uyarisi-israil-iran-gerilimi-kuresel-barisi-tehdit-ediyor\/#primaryimage"},"thumbnailUrl":"https:\/\/memurunsesi.net\/wp-content\/uploads\/2026\/03\/savas-scaled.jpg","datePublished":"2026-03-07T07:03:36+00:00","description":"Adana Alparslan T\u00fcrke\u015f \u00dcniversitesi'nden Do\u00e7. Dr. Berat Ak\u0131nc\u0131, Orta Do\u011fu'da artan gerilimin yaln\u0131zca b\u00f6lgeyi de\u011fil k\u00fcresel bar\u0131\u015f\u0131 da tehdit etti\u011fini s\u00f6yledi.","breadcrumb":{"@id":"https:\/\/memurunsesi.net\/index.php\/2026\/03\/07\/uzmandan-orta-dogu-uyarisi-israil-iran-gerilimi-kuresel-barisi-tehdit-ediyor\/#breadcrumb"},"inLanguage":"tr","potentialAction":[{"@type":"ReadAction","target":["https:\/\/memurunsesi.net\/index.php\/2026\/03\/07\/uzmandan-orta-dogu-uyarisi-israil-iran-gerilimi-kuresel-barisi-tehdit-ediyor\/"]}]},{"@type":"ImageObject","inLanguage":"tr","@id":"https:\/\/memurunsesi.net\/index.php\/2026\/03\/07\/uzmandan-orta-dogu-uyarisi-israil-iran-gerilimi-kuresel-barisi-tehdit-ediyor\/#primaryimage","url":"https:\/\/memurunsesi.net\/wp-content\/uploads\/2026\/03\/savas-scaled.jpg","contentUrl":"https:\/\/memurunsesi.net\/wp-content\/uploads\/2026\/03\/savas-scaled.jpg","width":2560,"height":1440,"caption":"ADANA ALPARSLAN T\u00dcRKE\u015e B\u0130L\u0130M VE TEKNOLOJ\u0130 \u00dcN\u0130VERS\u0130TES\u0130 \u0130KT\u0130SAD\u0130, \u0130DAR\u0130 VE SOSYAL B\u0130L\u0130MLER FAK\u00dcLTES\u0130 ULUSLARARASI \u0130L\u0130\u015eK\u0130LER B\u00d6L\u00dcM BA\u015eKANI DO\u00c7. DR. BERAT AKINCI, ORTA DO\u011eU'DA ARTAN GER\u0130L\u0130M\u0130N YALNIZCA B\u00d6LGEY\u0130 DE\u011e\u0130L K\u00dcRESEL BARI\u015eI DA TEHD\u0130T ETT\u0130\u011e\u0130N\u0130 S\u00d6YLED\u0130. (UMUTCAN \u0130\u015eLED\u0130C\u0130\/ADANA-\u0130HA) Adana Alparslan T\u00fcrke\u015f \u00dcniversitesi'nden Do\u00e7. Dr. Berat Ak\u0131nc\u0131, Orta Do\u011fu'da artan gerilimin yaln\u0131zca b\u00f6lgeyi de\u011fil k\u00fcresel bar\u0131\u015f\u0131 da tehdit etti\u011fini s\u00f6yledi."},{"@type":"BreadcrumbList","@id":"https:\/\/memurunsesi.net\/index.php\/2026\/03\/07\/uzmandan-orta-dogu-uyarisi-israil-iran-gerilimi-kuresel-barisi-tehdit-ediyor\/#breadcrumb","itemListElement":[{"@type":"ListItem","position":1,"name":"Anasayfa","item":"https:\/\/memurunsesi.net\/"},{"@type":"ListItem","position":2,"name":"Uzmandan Orta Do\u011fu uyar\u0131s\u0131: &#8220;\u0130srail-\u0130ran gerilimi k\u00fcresel bar\u0131\u015f\u0131 tehdit ediyor&#8221;"}]},{"@type":"WebSite","@id":"https:\/\/memurunsesi.net\/#website","url":"https:\/\/memurunsesi.net\/","name":"Memurun Sesi","description":"G\u00fcncel ve Do\u011fru Haber","publisher":{"@id":"https:\/\/memurunsesi.net\/#organization"},"potentialAction":[{"@type":"SearchAction","target":{"@type":"EntryPoint","urlTemplate":"https:\/\/memurunsesi.net\/?s={search_term_string}"},"query-input":{"@type":"PropertyValueSpecification","valueRequired":true,"valueName":"search_term_string"}}],"inLanguage":"tr"},{"@type":"Organization","@id":"https:\/\/memurunsesi.net\/#organization","name":"Memurun Sesi","url":"https:\/\/memurunsesi.net\/","logo":{"@type":"ImageObject","inLanguage":"tr","@id":"https:\/\/memurunsesi.net\/#\/schema\/logo\/image\/","url":"https:\/\/memurunsesi.net\/wp-content\/uploads\/2025\/11\/cropped-MEMURUN-SESI.png","contentUrl":"https:\/\/memurunsesi.net\/wp-content\/uploads\/2025\/11\/cropped-MEMURUN-SESI.png","width":238,"height":57,"caption":"Memurun Sesi"},"image":{"@id":"https:\/\/memurunsesi.net\/#\/schema\/logo\/image\/"},"sameAs":["https:\/\/www.facebook.com\/unipersen\/?locale=tr_TR","https:\/\/x.com\/unipersen"]},{"@type":"Person","@id":"https:\/\/memurunsesi.net\/#\/schema\/person\/f21c2d73b89f6ee1d80b0a1803e38587","name":"Memurun Sesi Haber Merkezi","image":{"@type":"ImageObject","inLanguage":"tr","@id":"https:\/\/secure.gravatar.com\/avatar\/6cf0505f452ee753f485014986fab09a434671d2b919ee76fc541025c5876a70?s=96&d=mm&r=g","url":"https:\/\/secure.gravatar.com\/avatar\/6cf0505f452ee753f485014986fab09a434671d2b919ee76fc541025c5876a70?s=96&d=mm&r=g","contentUrl":"https:\/\/secure.gravatar.com\/avatar\/6cf0505f452ee753f485014986fab09a434671d2b919ee76fc541025c5876a70?s=96&d=mm&r=g","caption":"Memurun Sesi Haber Merkezi"},"sameAs":["https:\/\/memurunsesi.net"],"url":"https:\/\/memurunsesi.net\/index.php\/author\/uniper\/"}]}},"_links":{"self":[{"href":"https:\/\/memurunsesi.net\/index.php\/wp-json\/wp\/v2\/posts\/18163","targetHints":{"allow":["GET"]}}],"collection":[{"href":"https:\/\/memurunsesi.net\/index.php\/wp-json\/wp\/v2\/posts"}],"about":[{"href":"https:\/\/memurunsesi.net\/index.php\/wp-json\/wp\/v2\/types\/post"}],"author":[{"embeddable":true,"href":"https:\/\/memurunsesi.net\/index.php\/wp-json\/wp\/v2\/users\/1"}],"replies":[{"embeddable":true,"href":"https:\/\/memurunsesi.net\/index.php\/wp-json\/wp\/v2\/comments?post=18163"}],"version-history":[{"count":1,"href":"https:\/\/memurunsesi.net\/index.php\/wp-json\/wp\/v2\/posts\/18163\/revisions"}],"predecessor-version":[{"id":18165,"href":"https:\/\/memurunsesi.net\/index.php\/wp-json\/wp\/v2\/posts\/18163\/revisions\/18165"}],"wp:featuredmedia":[{"embeddable":true,"href":"https:\/\/memurunsesi.net\/index.php\/wp-json\/wp\/v2\/media\/18164"}],"wp:attachment":[{"href":"https:\/\/memurunsesi.net\/index.php\/wp-json\/wp\/v2\/media?parent=18163"}],"wp:term":[{"taxonomy":"category","embeddable":true,"href":"https:\/\/memurunsesi.net\/index.php\/wp-json\/wp\/v2\/categories?post=18163"},{"taxonomy":"post_tag","embeddable":true,"href":"https:\/\/memurunsesi.net\/index.php\/wp-json\/wp\/v2\/tags?post=18163"}],"curies":[{"name":"wp","href":"https:\/\/api.w.org\/{rel}","templated":true}]}}