{"id":18167,"date":"2026-03-07T10:23:12","date_gmt":"2026-03-07T07:23:12","guid":{"rendered":"https:\/\/memurunsesi.net\/?p=18167"},"modified":"2026-03-07T10:23:12","modified_gmt":"2026-03-07T07:23:12","slug":"6-mart-2026-tarihli-cumhurbaskanligi-atama-kararlari-resmi-gazetede-yayimlandi","status":"publish","type":"post","link":"https:\/\/memurunsesi.net\/index.php\/2026\/03\/07\/6-mart-2026-tarihli-cumhurbaskanligi-atama-kararlari-resmi-gazetede-yayimlandi\/","title":{"rendered":"6 Mart 2026 Tarihli Cumhurba\u015fkanl\u0131\u011f\u0131 Atama Kararlar\u0131 Resmi Gazete\u2019de Yay\u0131mland\u0131"},"content":{"rendered":"<p data-start=\"85\" data-end=\"324\">\u00a0 \u00a0 Cumhurba\u015fkan\u0131 <span class=\"hover:entity-accent entity-underline inline cursor-pointer align-baseline\"><span class=\"whitespace-normal\">Recep Tayyip Erdo\u011fan<\/span><\/span>\u2019\u0131n imzas\u0131yla yay\u0131mlanan ve \u00e7e\u015fitli kamu kurumlar\u0131n\u0131 kapsayan atama ve g\u00f6revden alma kararlar\u0131, 7 Mart 2026 tarihli <span class=\"hover:entity-accent entity-underline inline cursor-pointer align-baseline\"><span class=\"whitespace-normal\">Resm\u00ee Gazete<\/span><\/span>\u2019de yay\u0131mlanarak y\u00fcr\u00fcrl\u00fc\u011fe girdi.<\/p>\n<p data-start=\"326\" data-end=\"585\">Kararlar kapsam\u0131nda <span class=\"hover:entity-accent entity-underline inline cursor-pointer align-baseline\"><span class=\"whitespace-normal\">Diyanet \u0130\u015fleri Ba\u015fkanl\u0131\u011f\u0131<\/span><\/span>, <span class=\"hover:entity-accent entity-underline inline cursor-pointer align-baseline\"><span class=\"whitespace-normal\">Mill\u00ee E\u011fitim Bakanl\u0131\u011f\u0131<\/span><\/span>, <span class=\"hover:entity-accent entity-underline inline cursor-pointer align-baseline\"><span class=\"whitespace-normal\">K\u00fclt\u00fcr ve Turizm Bakanl\u0131\u011f\u0131<\/span><\/span>, <span class=\"hover:entity-accent entity-underline inline cursor-pointer align-baseline\"><span class=\"whitespace-normal\">Tar\u0131m ve Orman Bakanl\u0131\u011f\u0131<\/span><\/span> ba\u015fta olmak \u00fczere bir\u00e7ok kurumda \u00fcst d\u00fczey y\u00f6netici de\u011fi\u015fiklikleri ger\u00e7ekle\u015ftirildi.<\/p>\n<h2 data-section-id=\"10al8b5\" data-start=\"587\" data-end=\"634\">Diyanet \u0130\u015fleri Ba\u015fkanl\u0131\u011f\u0131nda Kurul Atamalar\u0131<\/h2>\n<p data-start=\"635\" data-end=\"810\">Karar do\u011frultusunda Diyanet \u0130\u015fleri Ba\u015fkanl\u0131\u011f\u0131nda a\u00e7\u0131k bulunan Mushaflar\u0131 \u0130nceleme ve K\u0131raat Kurulu \u00fcyeliklerine Hamza G\u00f6k\u00e7e, Salih Aky\u00fcz, Sedat Ayd\u0131nl\u0131 ve Ferruh \u015een atand\u0131.<\/p>\n<p data-start=\"812\" data-end=\"1094\">Ayr\u0131ca daha \u00f6nce baz\u0131 il m\u00fcft\u00fcl\u00fcklerine yap\u0131lan atamalar iptal edilirken yeni g\u00f6revlendirmeler ger\u00e7ekle\u015ftirildi. Buna g\u00f6re Hatay \u0130l M\u00fcft\u00fcl\u00fc\u011f\u00fcne Necati \u015eafak, A\u011fr\u0131 \u0130l M\u00fcft\u00fcl\u00fc\u011f\u00fcne \u0130hsan \u0130lhan, Ad\u0131yaman \u0130l M\u00fcft\u00fcl\u00fc\u011f\u00fcne Mehmet Re\u015fat \u015eavl\u0131 ve Edirne \u0130l M\u00fcft\u00fcl\u00fc\u011f\u00fcne Burhan \u00c7ak\u0131r getirildi.<\/p>\n<h2 data-section-id=\"5jo645\" data-start=\"1096\" data-end=\"1148\">Diplomatik Temsilciliklerde Yeni G\u00f6revlendirmeler<\/h2>\n<p data-start=\"1149\" data-end=\"1230\">Yay\u0131mlanan kararlarla baz\u0131 diplomatik temsilciliklere de yeni atamalar yap\u0131ld\u0131.<\/p>\n<p data-start=\"1232\" data-end=\"1436\">Birle\u015fmi\u015f Milletler Viyana Ofisi nezdinde T\u00fcrkiye Cumhuriyeti Daimi Temsilcili\u011fine Mustafa K\u0131baro\u011flu atan\u0131rken, G\u00fcrcistan nezdinde T\u00fcrkiye Cumhuriyeti B\u00fcy\u00fckel\u00e7ili\u011fine Mustafa T\u00fcrker Ar\u0131 g\u00f6revlendirildi.<\/p>\n<p data-start=\"1438\" data-end=\"1643\">Vatikan nezdinde T\u00fcrkiye Cumhuriyeti B\u00fcy\u00fckel\u00e7ili\u011fine <span class=\"hover:entity-accent entity-underline inline cursor-pointer align-baseline\"><span class=\"whitespace-normal\">Fahrettin Altun<\/span><\/span> atan\u0131rken, Arnavutluk Cumhuriyeti nezdinde T\u00fcrkiye Cumhuriyeti B\u00fcy\u00fckel\u00e7ili\u011fine ise Bar\u0131\u015f Ceyhun Erciyes getirildi.<\/p>\n<h2 data-section-id=\"gdo25j\" data-start=\"1645\" data-end=\"1700\">K\u00fclt\u00fcr ve Turizm Bakanl\u0131\u011f\u0131nda Y\u00f6netim De\u011fi\u015fiklikleri<\/h2>\n<p data-start=\"1701\" data-end=\"1798\"><span class=\"hover:entity-accent entity-underline inline cursor-pointer align-baseline\"><span class=\"whitespace-normal\">K\u00fclt\u00fcr ve Turizm Bakanl\u0131\u011f\u0131<\/span><\/span> b\u00fcnyesinde baz\u0131 \u00fcst d\u00fczey g\u00f6revlerde de\u011fi\u015fikli\u011fe gidildi.<\/p>\n<p data-start=\"1800\" data-end=\"1957\">K\u00fct\u00fcphaneler ve Yay\u0131mlar Genel M\u00fcd\u00fcr Yard\u0131mc\u0131s\u0131 Elif Uzun S\u00fcmercan g\u00f6revden al\u0131n\u0131rken, Strateji Geli\u015ftirme Ba\u015fkanl\u0131\u011f\u0131 g\u00f6revine Fatih Mehmet \u00d6zveren atand\u0131.<\/p>\n<p data-start=\"1959\" data-end=\"2194\">G\u00fczel Sanatlar Genel M\u00fcd\u00fcr Yard\u0131mc\u0131s\u0131 Enver Merall\u0131 g\u00f6revden al\u0131narak yerine Seda \u015eent\u00fcrk getirilirken, Erkan Tarhan\u2019\u0131n yerine ise Cem Can Deliorman g\u00f6revlendirildi. Tan\u0131tma Genel M\u00fcd\u00fcr Yard\u0131mc\u0131l\u0131\u011f\u0131na ise Asl\u0131 G\u00fcndo\u011fdu Aksungur atand\u0131.<\/p>\n<h2 data-section-id=\"1jakb2s\" data-start=\"2196\" data-end=\"2235\">Vak\u0131flar Genel M\u00fcd\u00fcrl\u00fc\u011f\u00fcnde Atamalar<\/h2>\n<p data-start=\"2236\" data-end=\"2327\"><span class=\"hover:entity-accent entity-underline inline cursor-pointer align-baseline\"><span class=\"whitespace-normal\">Vak\u0131flar Genel M\u00fcd\u00fcrl\u00fc\u011f\u00fc<\/span><\/span> b\u00fcnyesinde de \u00e7e\u015fitli g\u00f6rev de\u011fi\u015fiklikleri yap\u0131ld\u0131.<\/p>\n<p data-start=\"2329\" data-end=\"2570\">Birinci Hukuk M\u00fc\u015faviri Hakan Sezgin g\u00f6revden al\u0131n\u0131rken, Vak\u0131flar Meclisi \u00fcyeli\u011fine Mustafa Halit \u00c7elik getirildi. Birinci Hukuk M\u00fc\u015favirli\u011fine Y\u0131ld\u0131ray Korkmaz atan\u0131rken, K\u00fctahya Vak\u0131flar B\u00f6lge M\u00fcd\u00fcrl\u00fc\u011f\u00fcne Muhammet Enes \u00c7\u0131nar g\u00f6revlendirildi.<\/p>\n<h2 data-section-id=\"1hi1w77\" data-start=\"2572\" data-end=\"2624\">Yurtd\u0131\u015f\u0131 T\u00fcrkler ve Akraba Topluluklar Ba\u015fkanl\u0131\u011f\u0131<\/h2>\n<p data-start=\"2625\" data-end=\"2761\"><span class=\"hover:entity-accent entity-underline inline cursor-pointer align-baseline\"><span class=\"whitespace-normal\">Yurtd\u0131\u015f\u0131 T\u00fcrkler ve Akraba Topluluklar Ba\u015fkanl\u0131\u011f\u0131<\/span><\/span>\u2019nda da g\u00f6rev de\u011fi\u015fimi yap\u0131ld\u0131. Ba\u015fkanl\u0131k g\u00f6revine mevcut Ba\u015fkan Yard\u0131mc\u0131s\u0131 Abdulhadi Turus atand\u0131.<\/p>\n<h2 data-section-id=\"1ktrcdx\" data-start=\"2763\" data-end=\"2812\">Milli E\u011fitim Bakanl\u0131\u011f\u0131nda \u00dcst D\u00fczey De\u011fi\u015fiklik<\/h2>\n<p data-start=\"2813\" data-end=\"2924\"><span class=\"hover:entity-accent entity-underline inline cursor-pointer align-baseline\"><span class=\"whitespace-normal\">Mill\u00ee E\u011fitim Bakanl\u0131\u011f\u0131<\/span><\/span> b\u00fcnyesinde baz\u0131 genel m\u00fcd\u00fcrl\u00fcklerde g\u00f6rev de\u011fi\u015fiklikleri ger\u00e7ekle\u015fti.<\/p>\n<p data-start=\"2926\" data-end=\"3140\">\u00d6l\u00e7me, De\u011ferlendirme ve S\u0131nav Hizmetleri Genel M\u00fcd\u00fcr\u00fc Kemal B\u00fclb\u00fcl g\u00f6revden al\u0131n\u0131rken yerine Erdal K\u0131l\u0131n\u00e7 atand\u0131. \u0130n\u015faat ve Emlak Genel M\u00fcd\u00fcr\u00fc \u00d6zcan Duman g\u00f6revden al\u0131narak bu g\u00f6reve Aynur G\u00f6kalp Durna getirildi.<\/p>\n<p data-start=\"3142\" data-end=\"3273\">Ayr\u0131ca Mesleki ve Teknik E\u011fitim Genel M\u00fcd\u00fcr Yard\u0131mc\u0131l\u0131\u011f\u0131na Murat Nedirli, Talim ve Terbiye Kurulu \u00fcyeli\u011fine ise Mahmut \u0130nan atand\u0131.<\/p>\n<h2 data-section-id=\"16vwwts\" data-start=\"3275\" data-end=\"3336\">B\u00f6lgesel Kalk\u0131nma \u0130daresi ve Tar\u0131m Bakanl\u0131\u011f\u0131nda De\u011fi\u015fiklik<\/h2>\n<p data-start=\"3337\" data-end=\"3571\">Do\u011fu Anadolu Projesi B\u00f6lge Kalk\u0131nma \u0130daresi Ba\u015fkanl\u0131\u011f\u0131na Halil \u0130brahim G\u00fcray atan\u0131rken, <span class=\"hover:entity-accent entity-underline inline cursor-pointer align-baseline\"><span class=\"whitespace-normal\">Tar\u0131m ve Orman Bakanl\u0131\u011f\u0131<\/span><\/span> Ardahan \u0130l Tar\u0131m ve Orman M\u00fcd\u00fcr\u00fc Muhammet Fatih Cineviz g\u00f6revden al\u0131nd\u0131. Bu g\u00f6reve Harun Ak\u0131ll\u0131 getirildi.<\/p>\n<h2 data-section-id=\"138mp7y\" data-start=\"3573\" data-end=\"3619\">Toprak Mahsulleri Ofisi Y\u00f6netiminde De\u011fi\u015fim<\/h2>\n<p data-start=\"3620\" data-end=\"3844\"><span class=\"hover:entity-accent entity-underline inline cursor-pointer align-baseline\"><span class=\"whitespace-normal\">Toprak Mahsulleri Ofisi<\/span><\/span> y\u00f6netiminde de de\u011fi\u015fiklik yap\u0131ld\u0131. Y\u00f6netim Kurulu \u00fcyeli\u011fine Nebi \u00c7elik atan\u0131rken, mevcut \u00fcye Erkan Tek g\u00f6revden al\u0131nd\u0131. Yerine kalan s\u00fcreyi tamamlamak \u00fczere U\u011fur Erdem g\u00f6revlendirildi.<\/p>\n<h2 data-section-id=\"11c6p3t\" data-start=\"3846\" data-end=\"3915\">Bakanl\u0131klarda Acil Durum ve Savunma Planlamas\u0131 Daire Ba\u015fkanl\u0131klar\u0131<\/h2>\n<p data-start=\"3916\" data-end=\"4239\">Cumhurba\u015fkanl\u0131\u011f\u0131 karar\u0131yla bir\u00e7ok bakanl\u0131kta Acil Durumlar ve Savunma Planlamas\u0131 Dairesi Ba\u015fkanl\u0131klar\u0131na da yeni atamalar yap\u0131ld\u0131. Adalet, \u0130\u00e7i\u015fleri, Sa\u011fl\u0131k, Hazine ve Maliye, Enerji ve Tabii Kaynaklar, Sanayi ve Teknoloji, Ula\u015ft\u0131rma ve Altyap\u0131 ile di\u011fer bakanl\u0131klarda ilgili daire ba\u015fkanl\u0131klar\u0131na \u00e7e\u015fitli isimler getirildi.<\/p>\n<p data-start=\"4241\" data-end=\"4387\">Yay\u0131mlanan kararlar, kamu y\u00f6netiminde farkl\u0131 kurumlarda ger\u00e7ekle\u015ftirilen g\u00f6rev de\u011fi\u015fiklikleri ve yeni g\u00f6revlendirmelerle birlikte y\u00fcr\u00fcrl\u00fc\u011fe girdi.<\/p>\n<p data-start=\"4241\" data-end=\"4387\">07.03.2026<\/p>\n","protected":false},"excerpt":{"rendered":"<p>\u00a0 \u00a0 Cumhurba\u015fkan\u0131 Recep Tayyip Erdo\u011fan\u2019\u0131n imzas\u0131yla yay\u0131mlanan ve \u00e7e\u015fitli kamu kurumlar\u0131n\u0131 kapsayan atama ve g\u00f6revden alma kararlar\u0131, 7 Mart 2026 tarihli Resm\u00ee Gazete\u2019de yay\u0131mlanarak y\u00fcr\u00fcrl\u00fc\u011fe girdi. Kararlar kapsam\u0131nda Diyanet \u0130\u015fleri Ba\u015fkanl\u0131\u011f\u0131, Mill\u00ee E\u011fitim Bakanl\u0131\u011f\u0131, K\u00fclt\u00fcr ve Turizm Bakanl\u0131\u011f\u0131, Tar\u0131m ve Orman Bakanl\u0131\u011f\u0131 ba\u015fta olmak \u00fczere bir\u00e7ok kurumda \u00fcst d\u00fczey y\u00f6netici de\u011fi\u015fiklikleri ger\u00e7ekle\u015ftirildi. Diyanet \u0130\u015fleri [&hellip;]<\/p>\n","protected":false},"author":1,"featured_media":0,"comment_status":"open","ping_status":"open","sticky":false,"template":"","format":"standard","meta":{"footnotes":""},"categories":[1],"tags":[1214,1883],"class_list":["post-18167","post","type-post","status-publish","format-standard","hentry","category-genel","tag-resmi-gazete","tag-yeni-atamalar"],"yoast_head":"<!-- This site is optimized with the Yoast SEO plugin v27.4 - https:\/\/yoast.com\/product\/yoast-seo-wordpress\/ -->\n<title>6 Mart 2026 Tarihli Cumhurba\u015fkanl\u0131\u011f\u0131 Atama Kararlar\u0131 Resmi Gazete\u2019de Yay\u0131mland\u0131 - Memurun Sesi<\/title>\n<meta name=\"description\" content=\"Cumhurba\u015fkan\u0131 Recep Tayyip Erdo\u011fan\u2019\u0131n imzas\u0131yla yay\u0131mlanan ve \u00e7e\u015fitli kamu kurumlar\u0131n\u0131 kapsayan atama ve g\u00f6revden alma kararlar\u0131, 7 Mart 2026 tarihli Resm\u00ee Gazete\u2019de yay\u0131mlanarak y\u00fcr\u00fcrl\u00fc\u011fe girdi.\" \/>\n<meta name=\"robots\" content=\"index, follow, max-snippet:-1, max-image-preview:large, max-video-preview:-1\" \/>\n<link rel=\"canonical\" href=\"https:\/\/memurunsesi.net\/index.php\/2026\/03\/07\/6-mart-2026-tarihli-cumhurbaskanligi-atama-kararlari-resmi-gazetede-yayimlandi\/\" \/>\n<meta property=\"og:locale\" content=\"tr_TR\" \/>\n<meta property=\"og:type\" content=\"article\" \/>\n<meta property=\"og:title\" content=\"6 Mart 2026 Tarihli Cumhurba\u015fkanl\u0131\u011f\u0131 Atama Kararlar\u0131 Resmi Gazete\u2019de Yay\u0131mland\u0131 - Memurun Sesi\" \/>\n<meta property=\"og:description\" content=\"Cumhurba\u015fkan\u0131 Recep Tayyip Erdo\u011fan\u2019\u0131n imzas\u0131yla yay\u0131mlanan ve \u00e7e\u015fitli kamu kurumlar\u0131n\u0131 kapsayan atama ve g\u00f6revden alma kararlar\u0131, 7 Mart 2026 tarihli Resm\u00ee Gazete\u2019de yay\u0131mlanarak y\u00fcr\u00fcrl\u00fc\u011fe girdi.\" \/>\n<meta property=\"og:url\" content=\"https:\/\/memurunsesi.net\/index.php\/2026\/03\/07\/6-mart-2026-tarihli-cumhurbaskanligi-atama-kararlari-resmi-gazetede-yayimlandi\/\" \/>\n<meta property=\"og:site_name\" content=\"Memurun Sesi\" \/>\n<meta property=\"article:publisher\" content=\"https:\/\/www.facebook.com\/unipersen\/?locale=tr_TR\" \/>\n<meta property=\"article:published_time\" content=\"2026-03-07T07:23:12+00:00\" \/>\n<meta name=\"author\" content=\"Memurun Sesi Haber Merkezi\" \/>\n<meta name=\"twitter:card\" content=\"summary_large_image\" \/>\n<meta name=\"twitter:creator\" content=\"@unipersen\" \/>\n<meta name=\"twitter:site\" content=\"@unipersen\" \/>\n<meta name=\"twitter:label1\" content=\"Yazan:\" \/>\n\t<meta name=\"twitter:data1\" content=\"Memurun Sesi Haber Merkezi\" \/>\n\t<meta name=\"twitter:label2\" content=\"Tahmini okuma s\u00fcresi\" \/>\n\t<meta name=\"twitter:data2\" content=\"4 dakika\" \/>\n<script type=\"application\/ld+json\" class=\"yoast-schema-graph\">{\"@context\":\"https:\\\/\\\/schema.org\",\"@graph\":[{\"@type\":\"Article\",\"@id\":\"https:\\\/\\\/memurunsesi.net\\\/index.php\\\/2026\\\/03\\\/07\\\/6-mart-2026-tarihli-cumhurbaskanligi-atama-kararlari-resmi-gazetede-yayimlandi\\\/#article\",\"isPartOf\":{\"@id\":\"https:\\\/\\\/memurunsesi.net\\\/index.php\\\/2026\\\/03\\\/07\\\/6-mart-2026-tarihli-cumhurbaskanligi-atama-kararlari-resmi-gazetede-yayimlandi\\\/\"},\"author\":{\"name\":\"Memurun Sesi Haber Merkezi\",\"@id\":\"https:\\\/\\\/memurunsesi.net\\\/#\\\/schema\\\/person\\\/f21c2d73b89f6ee1d80b0a1803e38587\"},\"headline\":\"6 Mart 2026 Tarihli Cumhurba\u015fkanl\u0131\u011f\u0131 Atama Kararlar\u0131 Resmi Gazete\u2019de Yay\u0131mland\u0131\",\"datePublished\":\"2026-03-07T07:23:12+00:00\",\"mainEntityOfPage\":{\"@id\":\"https:\\\/\\\/memurunsesi.net\\\/index.php\\\/2026\\\/03\\\/07\\\/6-mart-2026-tarihli-cumhurbaskanligi-atama-kararlari-resmi-gazetede-yayimlandi\\\/\"},\"wordCount\":802,\"commentCount\":0,\"publisher\":{\"@id\":\"https:\\\/\\\/memurunsesi.net\\\/#organization\"},\"keywords\":[\"resmi gazete\",\"yeni atamalar\"],\"inLanguage\":\"tr\",\"potentialAction\":[{\"@type\":\"CommentAction\",\"name\":\"Comment\",\"target\":[\"https:\\\/\\\/memurunsesi.net\\\/index.php\\\/2026\\\/03\\\/07\\\/6-mart-2026-tarihli-cumhurbaskanligi-atama-kararlari-resmi-gazetede-yayimlandi\\\/#respond\"]}]},{\"@type\":\"WebPage\",\"@id\":\"https:\\\/\\\/memurunsesi.net\\\/index.php\\\/2026\\\/03\\\/07\\\/6-mart-2026-tarihli-cumhurbaskanligi-atama-kararlari-resmi-gazetede-yayimlandi\\\/\",\"url\":\"https:\\\/\\\/memurunsesi.net\\\/index.php\\\/2026\\\/03\\\/07\\\/6-mart-2026-tarihli-cumhurbaskanligi-atama-kararlari-resmi-gazetede-yayimlandi\\\/\",\"name\":\"6 Mart 2026 Tarihli Cumhurba\u015fkanl\u0131\u011f\u0131 Atama Kararlar\u0131 Resmi Gazete\u2019de Yay\u0131mland\u0131 - Memurun Sesi\",\"isPartOf\":{\"@id\":\"https:\\\/\\\/memurunsesi.net\\\/#website\"},\"datePublished\":\"2026-03-07T07:23:12+00:00\",\"description\":\"Cumhurba\u015fkan\u0131 Recep Tayyip Erdo\u011fan\u2019\u0131n imzas\u0131yla yay\u0131mlanan ve \u00e7e\u015fitli kamu kurumlar\u0131n\u0131 kapsayan atama ve g\u00f6revden alma kararlar\u0131, 7 Mart 2026 tarihli Resm\u00ee Gazete\u2019de yay\u0131mlanarak y\u00fcr\u00fcrl\u00fc\u011fe girdi.\",\"breadcrumb\":{\"@id\":\"https:\\\/\\\/memurunsesi.net\\\/index.php\\\/2026\\\/03\\\/07\\\/6-mart-2026-tarihli-cumhurbaskanligi-atama-kararlari-resmi-gazetede-yayimlandi\\\/#breadcrumb\"},\"inLanguage\":\"tr\",\"potentialAction\":[{\"@type\":\"ReadAction\",\"target\":[\"https:\\\/\\\/memurunsesi.net\\\/index.php\\\/2026\\\/03\\\/07\\\/6-mart-2026-tarihli-cumhurbaskanligi-atama-kararlari-resmi-gazetede-yayimlandi\\\/\"]}]},{\"@type\":\"BreadcrumbList\",\"@id\":\"https:\\\/\\\/memurunsesi.net\\\/index.php\\\/2026\\\/03\\\/07\\\/6-mart-2026-tarihli-cumhurbaskanligi-atama-kararlari-resmi-gazetede-yayimlandi\\\/#breadcrumb\",\"itemListElement\":[{\"@type\":\"ListItem\",\"position\":1,\"name\":\"Anasayfa\",\"item\":\"https:\\\/\\\/memurunsesi.net\\\/\"},{\"@type\":\"ListItem\",\"position\":2,\"name\":\"6 Mart 2026 Tarihli Cumhurba\u015fkanl\u0131\u011f\u0131 Atama Kararlar\u0131 Resmi Gazete\u2019de Yay\u0131mland\u0131\"}]},{\"@type\":\"WebSite\",\"@id\":\"https:\\\/\\\/memurunsesi.net\\\/#website\",\"url\":\"https:\\\/\\\/memurunsesi.net\\\/\",\"name\":\"Memurun Sesi\",\"description\":\"G\u00fcncel ve Do\u011fru Haber\",\"publisher\":{\"@id\":\"https:\\\/\\\/memurunsesi.net\\\/#organization\"},\"potentialAction\":[{\"@type\":\"SearchAction\",\"target\":{\"@type\":\"EntryPoint\",\"urlTemplate\":\"https:\\\/\\\/memurunsesi.net\\\/?s={search_term_string}\"},\"query-input\":{\"@type\":\"PropertyValueSpecification\",\"valueRequired\":true,\"valueName\":\"search_term_string\"}}],\"inLanguage\":\"tr\"},{\"@type\":\"Organization\",\"@id\":\"https:\\\/\\\/memurunsesi.net\\\/#organization\",\"name\":\"Memurun Sesi\",\"url\":\"https:\\\/\\\/memurunsesi.net\\\/\",\"logo\":{\"@type\":\"ImageObject\",\"inLanguage\":\"tr\",\"@id\":\"https:\\\/\\\/memurunsesi.net\\\/#\\\/schema\\\/logo\\\/image\\\/\",\"url\":\"https:\\\/\\\/memurunsesi.net\\\/wp-content\\\/uploads\\\/2025\\\/11\\\/cropped-MEMURUN-SESI.png\",\"contentUrl\":\"https:\\\/\\\/memurunsesi.net\\\/wp-content\\\/uploads\\\/2025\\\/11\\\/cropped-MEMURUN-SESI.png\",\"width\":238,\"height\":57,\"caption\":\"Memurun Sesi\"},\"image\":{\"@id\":\"https:\\\/\\\/memurunsesi.net\\\/#\\\/schema\\\/logo\\\/image\\\/\"},\"sameAs\":[\"https:\\\/\\\/www.facebook.com\\\/unipersen\\\/?locale=tr_TR\",\"https:\\\/\\\/x.com\\\/unipersen\"]},{\"@type\":\"Person\",\"@id\":\"https:\\\/\\\/memurunsesi.net\\\/#\\\/schema\\\/person\\\/f21c2d73b89f6ee1d80b0a1803e38587\",\"name\":\"Memurun Sesi Haber Merkezi\",\"image\":{\"@type\":\"ImageObject\",\"inLanguage\":\"tr\",\"@id\":\"https:\\\/\\\/secure.gravatar.com\\\/avatar\\\/6cf0505f452ee753f485014986fab09a434671d2b919ee76fc541025c5876a70?s=96&d=mm&r=g\",\"url\":\"https:\\\/\\\/secure.gravatar.com\\\/avatar\\\/6cf0505f452ee753f485014986fab09a434671d2b919ee76fc541025c5876a70?s=96&d=mm&r=g\",\"contentUrl\":\"https:\\\/\\\/secure.gravatar.com\\\/avatar\\\/6cf0505f452ee753f485014986fab09a434671d2b919ee76fc541025c5876a70?s=96&d=mm&r=g\",\"caption\":\"Memurun Sesi Haber Merkezi\"},\"sameAs\":[\"https:\\\/\\\/memurunsesi.net\"],\"url\":\"https:\\\/\\\/memurunsesi.net\\\/index.php\\\/author\\\/uniper\\\/\"}]}<\/script>\n<!-- \/ Yoast SEO plugin. -->","yoast_head_json":{"title":"6 Mart 2026 Tarihli Cumhurba\u015fkanl\u0131\u011f\u0131 Atama Kararlar\u0131 Resmi Gazete\u2019de Yay\u0131mland\u0131 - Memurun Sesi","description":"Cumhurba\u015fkan\u0131 Recep Tayyip Erdo\u011fan\u2019\u0131n imzas\u0131yla yay\u0131mlanan ve \u00e7e\u015fitli kamu kurumlar\u0131n\u0131 kapsayan atama ve g\u00f6revden alma kararlar\u0131, 7 Mart 2026 tarihli Resm\u00ee Gazete\u2019de yay\u0131mlanarak y\u00fcr\u00fcrl\u00fc\u011fe girdi.","robots":{"index":"index","follow":"follow","max-snippet":"max-snippet:-1","max-image-preview":"max-image-preview:large","max-video-preview":"max-video-preview:-1"},"canonical":"https:\/\/memurunsesi.net\/index.php\/2026\/03\/07\/6-mart-2026-tarihli-cumhurbaskanligi-atama-kararlari-resmi-gazetede-yayimlandi\/","og_locale":"tr_TR","og_type":"article","og_title":"6 Mart 2026 Tarihli Cumhurba\u015fkanl\u0131\u011f\u0131 Atama Kararlar\u0131 Resmi Gazete\u2019de Yay\u0131mland\u0131 - Memurun Sesi","og_description":"Cumhurba\u015fkan\u0131 Recep Tayyip Erdo\u011fan\u2019\u0131n imzas\u0131yla yay\u0131mlanan ve \u00e7e\u015fitli kamu kurumlar\u0131n\u0131 kapsayan atama ve g\u00f6revden alma kararlar\u0131, 7 Mart 2026 tarihli Resm\u00ee Gazete\u2019de yay\u0131mlanarak y\u00fcr\u00fcrl\u00fc\u011fe girdi.","og_url":"https:\/\/memurunsesi.net\/index.php\/2026\/03\/07\/6-mart-2026-tarihli-cumhurbaskanligi-atama-kararlari-resmi-gazetede-yayimlandi\/","og_site_name":"Memurun Sesi","article_publisher":"https:\/\/www.facebook.com\/unipersen\/?locale=tr_TR","article_published_time":"2026-03-07T07:23:12+00:00","author":"Memurun Sesi Haber Merkezi","twitter_card":"summary_large_image","twitter_creator":"@unipersen","twitter_site":"@unipersen","twitter_misc":{"Yazan:":"Memurun Sesi Haber Merkezi","Tahmini okuma s\u00fcresi":"4 dakika"},"schema":{"@context":"https:\/\/schema.org","@graph":[{"@type":"Article","@id":"https:\/\/memurunsesi.net\/index.php\/2026\/03\/07\/6-mart-2026-tarihli-cumhurbaskanligi-atama-kararlari-resmi-gazetede-yayimlandi\/#article","isPartOf":{"@id":"https:\/\/memurunsesi.net\/index.php\/2026\/03\/07\/6-mart-2026-tarihli-cumhurbaskanligi-atama-kararlari-resmi-gazetede-yayimlandi\/"},"author":{"name":"Memurun Sesi Haber Merkezi","@id":"https:\/\/memurunsesi.net\/#\/schema\/person\/f21c2d73b89f6ee1d80b0a1803e38587"},"headline":"6 Mart 2026 Tarihli Cumhurba\u015fkanl\u0131\u011f\u0131 Atama Kararlar\u0131 Resmi Gazete\u2019de Yay\u0131mland\u0131","datePublished":"2026-03-07T07:23:12+00:00","mainEntityOfPage":{"@id":"https:\/\/memurunsesi.net\/index.php\/2026\/03\/07\/6-mart-2026-tarihli-cumhurbaskanligi-atama-kararlari-resmi-gazetede-yayimlandi\/"},"wordCount":802,"commentCount":0,"publisher":{"@id":"https:\/\/memurunsesi.net\/#organization"},"keywords":["resmi gazete","yeni atamalar"],"inLanguage":"tr","potentialAction":[{"@type":"CommentAction","name":"Comment","target":["https:\/\/memurunsesi.net\/index.php\/2026\/03\/07\/6-mart-2026-tarihli-cumhurbaskanligi-atama-kararlari-resmi-gazetede-yayimlandi\/#respond"]}]},{"@type":"WebPage","@id":"https:\/\/memurunsesi.net\/index.php\/2026\/03\/07\/6-mart-2026-tarihli-cumhurbaskanligi-atama-kararlari-resmi-gazetede-yayimlandi\/","url":"https:\/\/memurunsesi.net\/index.php\/2026\/03\/07\/6-mart-2026-tarihli-cumhurbaskanligi-atama-kararlari-resmi-gazetede-yayimlandi\/","name":"6 Mart 2026 Tarihli Cumhurba\u015fkanl\u0131\u011f\u0131 Atama Kararlar\u0131 Resmi Gazete\u2019de Yay\u0131mland\u0131 - Memurun Sesi","isPartOf":{"@id":"https:\/\/memurunsesi.net\/#website"},"datePublished":"2026-03-07T07:23:12+00:00","description":"Cumhurba\u015fkan\u0131 Recep Tayyip Erdo\u011fan\u2019\u0131n imzas\u0131yla yay\u0131mlanan ve \u00e7e\u015fitli kamu kurumlar\u0131n\u0131 kapsayan atama ve g\u00f6revden alma kararlar\u0131, 7 Mart 2026 tarihli Resm\u00ee Gazete\u2019de yay\u0131mlanarak y\u00fcr\u00fcrl\u00fc\u011fe girdi.","breadcrumb":{"@id":"https:\/\/memurunsesi.net\/index.php\/2026\/03\/07\/6-mart-2026-tarihli-cumhurbaskanligi-atama-kararlari-resmi-gazetede-yayimlandi\/#breadcrumb"},"inLanguage":"tr","potentialAction":[{"@type":"ReadAction","target":["https:\/\/memurunsesi.net\/index.php\/2026\/03\/07\/6-mart-2026-tarihli-cumhurbaskanligi-atama-kararlari-resmi-gazetede-yayimlandi\/"]}]},{"@type":"BreadcrumbList","@id":"https:\/\/memurunsesi.net\/index.php\/2026\/03\/07\/6-mart-2026-tarihli-cumhurbaskanligi-atama-kararlari-resmi-gazetede-yayimlandi\/#breadcrumb","itemListElement":[{"@type":"ListItem","position":1,"name":"Anasayfa","item":"https:\/\/memurunsesi.net\/"},{"@type":"ListItem","position":2,"name":"6 Mart 2026 Tarihli Cumhurba\u015fkanl\u0131\u011f\u0131 Atama Kararlar\u0131 Resmi Gazete\u2019de Yay\u0131mland\u0131"}]},{"@type":"WebSite","@id":"https:\/\/memurunsesi.net\/#website","url":"https:\/\/memurunsesi.net\/","name":"Memurun Sesi","description":"G\u00fcncel ve Do\u011fru Haber","publisher":{"@id":"https:\/\/memurunsesi.net\/#organization"},"potentialAction":[{"@type":"SearchAction","target":{"@type":"EntryPoint","urlTemplate":"https:\/\/memurunsesi.net\/?s={search_term_string}"},"query-input":{"@type":"PropertyValueSpecification","valueRequired":true,"valueName":"search_term_string"}}],"inLanguage":"tr"},{"@type":"Organization","@id":"https:\/\/memurunsesi.net\/#organization","name":"Memurun Sesi","url":"https:\/\/memurunsesi.net\/","logo":{"@type":"ImageObject","inLanguage":"tr","@id":"https:\/\/memurunsesi.net\/#\/schema\/logo\/image\/","url":"https:\/\/memurunsesi.net\/wp-content\/uploads\/2025\/11\/cropped-MEMURUN-SESI.png","contentUrl":"https:\/\/memurunsesi.net\/wp-content\/uploads\/2025\/11\/cropped-MEMURUN-SESI.png","width":238,"height":57,"caption":"Memurun Sesi"},"image":{"@id":"https:\/\/memurunsesi.net\/#\/schema\/logo\/image\/"},"sameAs":["https:\/\/www.facebook.com\/unipersen\/?locale=tr_TR","https:\/\/x.com\/unipersen"]},{"@type":"Person","@id":"https:\/\/memurunsesi.net\/#\/schema\/person\/f21c2d73b89f6ee1d80b0a1803e38587","name":"Memurun Sesi Haber Merkezi","image":{"@type":"ImageObject","inLanguage":"tr","@id":"https:\/\/secure.gravatar.com\/avatar\/6cf0505f452ee753f485014986fab09a434671d2b919ee76fc541025c5876a70?s=96&d=mm&r=g","url":"https:\/\/secure.gravatar.com\/avatar\/6cf0505f452ee753f485014986fab09a434671d2b919ee76fc541025c5876a70?s=96&d=mm&r=g","contentUrl":"https:\/\/secure.gravatar.com\/avatar\/6cf0505f452ee753f485014986fab09a434671d2b919ee76fc541025c5876a70?s=96&d=mm&r=g","caption":"Memurun Sesi Haber Merkezi"},"sameAs":["https:\/\/memurunsesi.net"],"url":"https:\/\/memurunsesi.net\/index.php\/author\/uniper\/"}]}},"_links":{"self":[{"href":"https:\/\/memurunsesi.net\/index.php\/wp-json\/wp\/v2\/posts\/18167","targetHints":{"allow":["GET"]}}],"collection":[{"href":"https:\/\/memurunsesi.net\/index.php\/wp-json\/wp\/v2\/posts"}],"about":[{"href":"https:\/\/memurunsesi.net\/index.php\/wp-json\/wp\/v2\/types\/post"}],"author":[{"embeddable":true,"href":"https:\/\/memurunsesi.net\/index.php\/wp-json\/wp\/v2\/users\/1"}],"replies":[{"embeddable":true,"href":"https:\/\/memurunsesi.net\/index.php\/wp-json\/wp\/v2\/comments?post=18167"}],"version-history":[{"count":1,"href":"https:\/\/memurunsesi.net\/index.php\/wp-json\/wp\/v2\/posts\/18167\/revisions"}],"predecessor-version":[{"id":18168,"href":"https:\/\/memurunsesi.net\/index.php\/wp-json\/wp\/v2\/posts\/18167\/revisions\/18168"}],"wp:attachment":[{"href":"https:\/\/memurunsesi.net\/index.php\/wp-json\/wp\/v2\/media?parent=18167"}],"wp:term":[{"taxonomy":"category","embeddable":true,"href":"https:\/\/memurunsesi.net\/index.php\/wp-json\/wp\/v2\/categories?post=18167"},{"taxonomy":"post_tag","embeddable":true,"href":"https:\/\/memurunsesi.net\/index.php\/wp-json\/wp\/v2\/tags?post=18167"}],"curies":[{"name":"wp","href":"https:\/\/api.w.org\/{rel}","templated":true}]}}