{"id":18204,"date":"2026-03-09T09:08:48","date_gmt":"2026-03-09T06:08:48","guid":{"rendered":"https:\/\/memurunsesi.net\/?p=18204"},"modified":"2026-03-09T09:08:48","modified_gmt":"2026-03-09T06:08:48","slug":"kontrolden-cikan-otomobil-magazaya-boyle-daldi","status":"publish","type":"post","link":"https:\/\/memurunsesi.net\/index.php\/2026\/03\/09\/kontrolden-cikan-otomobil-magazaya-boyle-daldi\/","title":{"rendered":"Kontrolden \u00e7\u0131kan otomobil ma\u011fazaya b\u00f6yle dald\u0131"},"content":{"rendered":"<p>Elaz\u0131\u011f&#8217;da bir otomobilin direksiyon hakimiyetini kaybederek mobilya ma\u011fazas\u0131na girme an\u0131, bir i\u015f yerinin g\u00fcvenlik kameras\u0131na yans\u0131d\u0131.<br \/>\nKaza, ak\u015fam\u00fcst\u00fc Yeni Mahalle Nam\u0131k \u00c7ift\u00e7i Caddesi&#8217;nde meydana geldi. Edinilen bilgiye g\u00f6re, s\u00fcr\u00fcc\u00fcs\u00fc \u00f6\u011frenilemeyen 23 EZ 980 plakal\u0131 otomobil, s\u00fcr\u00fcc\u00fcs\u00fcn\u00fcn direksiyon hakimiyetini kaybetmesi sonucu yolun kenar\u0131nda bulunan mobilya ma\u011fazas\u0131na girdi. Ma\u011fazada m\u00fc\u015fterilerin olmamas\u0131 b\u00fcy\u00fck bir facian\u0131n \u00f6n\u00fcne ge\u00e7ti. Kazada yaralanan olmazken i\u015f yeri ve otomobilde maddi hasar meydana geldi.<br \/>\nKaza an\u0131 ise bir i\u015f yerinin g\u00fcvenlik kameras\u0131na saniye saniye yans\u0131d\u0131.<\/p>\n<p>9.03.2026<\/p>\n","protected":false},"excerpt":{"rendered":"<p>Elaz\u0131\u011f&#8217;da bir otomobilin direksiyon hakimiyetini kaybederek mobilya ma\u011fazas\u0131na girme an\u0131, bir i\u015f yerinin g\u00fcvenlik kameras\u0131na yans\u0131d\u0131. Kaza, ak\u015fam\u00fcst\u00fc Yeni Mahalle Nam\u0131k \u00c7ift\u00e7i Caddesi&#8217;nde meydana geldi. Edinilen bilgiye g\u00f6re, s\u00fcr\u00fcc\u00fcs\u00fc \u00f6\u011frenilemeyen 23 EZ 980 plakal\u0131 otomobil, s\u00fcr\u00fcc\u00fcs\u00fcn\u00fcn direksiyon hakimiyetini kaybetmesi sonucu yolun kenar\u0131nda bulunan mobilya ma\u011fazas\u0131na girdi. Ma\u011fazada m\u00fc\u015fterilerin olmamas\u0131 b\u00fcy\u00fck bir facian\u0131n \u00f6n\u00fcne ge\u00e7ti. Kazada [&hellip;]<\/p>\n","protected":false},"author":1,"featured_media":18205,"comment_status":"open","ping_status":"open","sticky":false,"template":"","format":"standard","meta":{"footnotes":""},"categories":[1],"tags":[1923,1924],"class_list":["post-18204","post","type-post","status-publish","format-standard","has-post-thumbnail","hentry","category-genel","tag-direksiyon-hakimiyetini-kaybetti","tag-magazaya-girdi"],"yoast_head":"<!-- This site is optimized with the Yoast SEO plugin v27.4 - https:\/\/yoast.com\/product\/yoast-seo-wordpress\/ -->\n<title>Kontrolden \u00e7\u0131kan otomobil ma\u011fazaya b\u00f6yle dald\u0131 - Memurun Sesi<\/title>\n<meta name=\"description\" content=\"\u00a0Elaz\u0131\u011f&#039;da bir otomobilin direksiyon hakimiyetini kaybederek mobilya ma\u011fazas\u0131na girme an\u0131, bir i\u015f yerinin g\u00fcvenlik kameras\u0131na yans\u0131d\u0131.\" \/>\n<meta name=\"robots\" content=\"index, follow, max-snippet:-1, max-image-preview:large, max-video-preview:-1\" \/>\n<link rel=\"canonical\" href=\"https:\/\/memurunsesi.net\/index.php\/2026\/03\/09\/kontrolden-cikan-otomobil-magazaya-boyle-daldi\/\" \/>\n<meta property=\"og:locale\" content=\"tr_TR\" \/>\n<meta property=\"og:type\" content=\"article\" \/>\n<meta property=\"og:title\" content=\"Kontrolden \u00e7\u0131kan otomobil ma\u011fazaya b\u00f6yle dald\u0131 - Memurun Sesi\" \/>\n<meta property=\"og:description\" content=\"\u00a0Elaz\u0131\u011f&#039;da bir otomobilin direksiyon hakimiyetini kaybederek mobilya ma\u011fazas\u0131na girme an\u0131, bir i\u015f yerinin g\u00fcvenlik kameras\u0131na yans\u0131d\u0131.\" \/>\n<meta property=\"og:url\" content=\"https:\/\/memurunsesi.net\/index.php\/2026\/03\/09\/kontrolden-cikan-otomobil-magazaya-boyle-daldi\/\" \/>\n<meta property=\"og:site_name\" content=\"Memurun Sesi\" \/>\n<meta property=\"article:publisher\" content=\"https:\/\/www.facebook.com\/unipersen\/?locale=tr_TR\" \/>\n<meta property=\"article:published_time\" content=\"2026-03-09T06:08:48+00:00\" \/>\n<meta property=\"og:image\" content=\"https:\/\/memurunsesi.net\/wp-content\/uploads\/2026\/03\/magaza.jpg\" \/>\n\t<meta property=\"og:image:width\" content=\"640\" \/>\n\t<meta property=\"og:image:height\" content=\"356\" \/>\n\t<meta property=\"og:image:type\" content=\"image\/jpeg\" \/>\n<meta name=\"author\" content=\"Memurun Sesi Haber Merkezi\" \/>\n<meta name=\"twitter:card\" content=\"summary_large_image\" \/>\n<meta name=\"twitter:creator\" content=\"@unipersen\" \/>\n<meta name=\"twitter:site\" content=\"@unipersen\" \/>\n<meta name=\"twitter:label1\" content=\"Yazan:\" \/>\n\t<meta name=\"twitter:data1\" content=\"Memurun Sesi Haber Merkezi\" \/>\n\t<meta name=\"twitter:label2\" content=\"Tahmini okuma s\u00fcresi\" \/>\n\t<meta name=\"twitter:data2\" content=\"1 dakika\" \/>\n<script type=\"application\/ld+json\" class=\"yoast-schema-graph\">{\"@context\":\"https:\\\/\\\/schema.org\",\"@graph\":[{\"@type\":\"Article\",\"@id\":\"https:\\\/\\\/memurunsesi.net\\\/index.php\\\/2026\\\/03\\\/09\\\/kontrolden-cikan-otomobil-magazaya-boyle-daldi\\\/#article\",\"isPartOf\":{\"@id\":\"https:\\\/\\\/memurunsesi.net\\\/index.php\\\/2026\\\/03\\\/09\\\/kontrolden-cikan-otomobil-magazaya-boyle-daldi\\\/\"},\"author\":{\"name\":\"Memurun Sesi Haber Merkezi\",\"@id\":\"https:\\\/\\\/memurunsesi.net\\\/#\\\/schema\\\/person\\\/f21c2d73b89f6ee1d80b0a1803e38587\"},\"headline\":\"Kontrolden \u00e7\u0131kan otomobil ma\u011fazaya b\u00f6yle dald\u0131\",\"datePublished\":\"2026-03-09T06:08:48+00:00\",\"mainEntityOfPage\":{\"@id\":\"https:\\\/\\\/memurunsesi.net\\\/index.php\\\/2026\\\/03\\\/09\\\/kontrolden-cikan-otomobil-magazaya-boyle-daldi\\\/\"},\"wordCount\":115,\"commentCount\":0,\"publisher\":{\"@id\":\"https:\\\/\\\/memurunsesi.net\\\/#organization\"},\"image\":{\"@id\":\"https:\\\/\\\/memurunsesi.net\\\/index.php\\\/2026\\\/03\\\/09\\\/kontrolden-cikan-otomobil-magazaya-boyle-daldi\\\/#primaryimage\"},\"thumbnailUrl\":\"https:\\\/\\\/memurunsesi.net\\\/wp-content\\\/uploads\\\/2026\\\/03\\\/magaza.jpg\",\"keywords\":[\"direksiyon hakimiyetini kaybetti\",\"ma\u011fazaya girdi\"],\"inLanguage\":\"tr\",\"potentialAction\":[{\"@type\":\"CommentAction\",\"name\":\"Comment\",\"target\":[\"https:\\\/\\\/memurunsesi.net\\\/index.php\\\/2026\\\/03\\\/09\\\/kontrolden-cikan-otomobil-magazaya-boyle-daldi\\\/#respond\"]}]},{\"@type\":\"WebPage\",\"@id\":\"https:\\\/\\\/memurunsesi.net\\\/index.php\\\/2026\\\/03\\\/09\\\/kontrolden-cikan-otomobil-magazaya-boyle-daldi\\\/\",\"url\":\"https:\\\/\\\/memurunsesi.net\\\/index.php\\\/2026\\\/03\\\/09\\\/kontrolden-cikan-otomobil-magazaya-boyle-daldi\\\/\",\"name\":\"Kontrolden \u00e7\u0131kan otomobil ma\u011fazaya b\u00f6yle dald\u0131 - Memurun Sesi\",\"isPartOf\":{\"@id\":\"https:\\\/\\\/memurunsesi.net\\\/#website\"},\"primaryImageOfPage\":{\"@id\":\"https:\\\/\\\/memurunsesi.net\\\/index.php\\\/2026\\\/03\\\/09\\\/kontrolden-cikan-otomobil-magazaya-boyle-daldi\\\/#primaryimage\"},\"image\":{\"@id\":\"https:\\\/\\\/memurunsesi.net\\\/index.php\\\/2026\\\/03\\\/09\\\/kontrolden-cikan-otomobil-magazaya-boyle-daldi\\\/#primaryimage\"},\"thumbnailUrl\":\"https:\\\/\\\/memurunsesi.net\\\/wp-content\\\/uploads\\\/2026\\\/03\\\/magaza.jpg\",\"datePublished\":\"2026-03-09T06:08:48+00:00\",\"description\":\"\u00a0Elaz\u0131\u011f'da bir otomobilin direksiyon hakimiyetini kaybederek mobilya ma\u011fazas\u0131na girme an\u0131, bir i\u015f yerinin g\u00fcvenlik kameras\u0131na yans\u0131d\u0131.\",\"breadcrumb\":{\"@id\":\"https:\\\/\\\/memurunsesi.net\\\/index.php\\\/2026\\\/03\\\/09\\\/kontrolden-cikan-otomobil-magazaya-boyle-daldi\\\/#breadcrumb\"},\"inLanguage\":\"tr\",\"potentialAction\":[{\"@type\":\"ReadAction\",\"target\":[\"https:\\\/\\\/memurunsesi.net\\\/index.php\\\/2026\\\/03\\\/09\\\/kontrolden-cikan-otomobil-magazaya-boyle-daldi\\\/\"]}]},{\"@type\":\"ImageObject\",\"inLanguage\":\"tr\",\"@id\":\"https:\\\/\\\/memurunsesi.net\\\/index.php\\\/2026\\\/03\\\/09\\\/kontrolden-cikan-otomobil-magazaya-boyle-daldi\\\/#primaryimage\",\"url\":\"https:\\\/\\\/memurunsesi.net\\\/wp-content\\\/uploads\\\/2026\\\/03\\\/magaza.jpg\",\"contentUrl\":\"https:\\\/\\\/memurunsesi.net\\\/wp-content\\\/uploads\\\/2026\\\/03\\\/magaza.jpg\",\"width\":640,\"height\":356,\"caption\":\"ELAZI\u011e'DA B\u0130R OTOMOB\u0130L\u0130N D\u0130REKS\u0130YON HAK\u0130M\u0130YET\u0130N\u0130 KAYBEDEREK MOB\u0130LYA MA\u011eAZASINA G\u0130RME ANI, B\u0130R \u0130\u015e YER\u0130N\u0130N G\u00dcVENL\u0130K KAMERASINA YANSIDI (BURAK YILMAZ\\\/ELAZI\u011e-\u0130HA) Elaz\u0131\u011f'da bir otomobilin direksiyon hakimiyetini kaybederek mobilya ma\u011fazas\u0131na girme an\u0131, bir i\u015f yerinin g\u00fcvenlik kameras\u0131na yans\u0131d\u0131.\"},{\"@type\":\"BreadcrumbList\",\"@id\":\"https:\\\/\\\/memurunsesi.net\\\/index.php\\\/2026\\\/03\\\/09\\\/kontrolden-cikan-otomobil-magazaya-boyle-daldi\\\/#breadcrumb\",\"itemListElement\":[{\"@type\":\"ListItem\",\"position\":1,\"name\":\"Anasayfa\",\"item\":\"https:\\\/\\\/memurunsesi.net\\\/\"},{\"@type\":\"ListItem\",\"position\":2,\"name\":\"Kontrolden \u00e7\u0131kan otomobil ma\u011fazaya b\u00f6yle dald\u0131\"}]},{\"@type\":\"WebSite\",\"@id\":\"https:\\\/\\\/memurunsesi.net\\\/#website\",\"url\":\"https:\\\/\\\/memurunsesi.net\\\/\",\"name\":\"Memurun Sesi\",\"description\":\"G\u00fcncel ve Do\u011fru Haber\",\"publisher\":{\"@id\":\"https:\\\/\\\/memurunsesi.net\\\/#organization\"},\"potentialAction\":[{\"@type\":\"SearchAction\",\"target\":{\"@type\":\"EntryPoint\",\"urlTemplate\":\"https:\\\/\\\/memurunsesi.net\\\/?s={search_term_string}\"},\"query-input\":{\"@type\":\"PropertyValueSpecification\",\"valueRequired\":true,\"valueName\":\"search_term_string\"}}],\"inLanguage\":\"tr\"},{\"@type\":\"Organization\",\"@id\":\"https:\\\/\\\/memurunsesi.net\\\/#organization\",\"name\":\"Memurun Sesi\",\"url\":\"https:\\\/\\\/memurunsesi.net\\\/\",\"logo\":{\"@type\":\"ImageObject\",\"inLanguage\":\"tr\",\"@id\":\"https:\\\/\\\/memurunsesi.net\\\/#\\\/schema\\\/logo\\\/image\\\/\",\"url\":\"https:\\\/\\\/memurunsesi.net\\\/wp-content\\\/uploads\\\/2025\\\/11\\\/cropped-MEMURUN-SESI.png\",\"contentUrl\":\"https:\\\/\\\/memurunsesi.net\\\/wp-content\\\/uploads\\\/2025\\\/11\\\/cropped-MEMURUN-SESI.png\",\"width\":238,\"height\":57,\"caption\":\"Memurun Sesi\"},\"image\":{\"@id\":\"https:\\\/\\\/memurunsesi.net\\\/#\\\/schema\\\/logo\\\/image\\\/\"},\"sameAs\":[\"https:\\\/\\\/www.facebook.com\\\/unipersen\\\/?locale=tr_TR\",\"https:\\\/\\\/x.com\\\/unipersen\"]},{\"@type\":\"Person\",\"@id\":\"https:\\\/\\\/memurunsesi.net\\\/#\\\/schema\\\/person\\\/f21c2d73b89f6ee1d80b0a1803e38587\",\"name\":\"Memurun Sesi Haber Merkezi\",\"image\":{\"@type\":\"ImageObject\",\"inLanguage\":\"tr\",\"@id\":\"https:\\\/\\\/secure.gravatar.com\\\/avatar\\\/6cf0505f452ee753f485014986fab09a434671d2b919ee76fc541025c5876a70?s=96&d=mm&r=g\",\"url\":\"https:\\\/\\\/secure.gravatar.com\\\/avatar\\\/6cf0505f452ee753f485014986fab09a434671d2b919ee76fc541025c5876a70?s=96&d=mm&r=g\",\"contentUrl\":\"https:\\\/\\\/secure.gravatar.com\\\/avatar\\\/6cf0505f452ee753f485014986fab09a434671d2b919ee76fc541025c5876a70?s=96&d=mm&r=g\",\"caption\":\"Memurun Sesi Haber Merkezi\"},\"sameAs\":[\"https:\\\/\\\/memurunsesi.net\"],\"url\":\"https:\\\/\\\/memurunsesi.net\\\/index.php\\\/author\\\/uniper\\\/\"}]}<\/script>\n<!-- \/ Yoast SEO plugin. -->","yoast_head_json":{"title":"Kontrolden \u00e7\u0131kan otomobil ma\u011fazaya b\u00f6yle dald\u0131 - Memurun Sesi","description":"\u00a0Elaz\u0131\u011f'da bir otomobilin direksiyon hakimiyetini kaybederek mobilya ma\u011fazas\u0131na girme an\u0131, bir i\u015f yerinin g\u00fcvenlik kameras\u0131na yans\u0131d\u0131.","robots":{"index":"index","follow":"follow","max-snippet":"max-snippet:-1","max-image-preview":"max-image-preview:large","max-video-preview":"max-video-preview:-1"},"canonical":"https:\/\/memurunsesi.net\/index.php\/2026\/03\/09\/kontrolden-cikan-otomobil-magazaya-boyle-daldi\/","og_locale":"tr_TR","og_type":"article","og_title":"Kontrolden \u00e7\u0131kan otomobil ma\u011fazaya b\u00f6yle dald\u0131 - Memurun Sesi","og_description":"\u00a0Elaz\u0131\u011f'da bir otomobilin direksiyon hakimiyetini kaybederek mobilya ma\u011fazas\u0131na girme an\u0131, bir i\u015f yerinin g\u00fcvenlik kameras\u0131na yans\u0131d\u0131.","og_url":"https:\/\/memurunsesi.net\/index.php\/2026\/03\/09\/kontrolden-cikan-otomobil-magazaya-boyle-daldi\/","og_site_name":"Memurun Sesi","article_publisher":"https:\/\/www.facebook.com\/unipersen\/?locale=tr_TR","article_published_time":"2026-03-09T06:08:48+00:00","og_image":[{"width":640,"height":356,"url":"https:\/\/memurunsesi.net\/wp-content\/uploads\/2026\/03\/magaza.jpg","type":"image\/jpeg"}],"author":"Memurun Sesi Haber Merkezi","twitter_card":"summary_large_image","twitter_creator":"@unipersen","twitter_site":"@unipersen","twitter_misc":{"Yazan:":"Memurun Sesi Haber Merkezi","Tahmini okuma s\u00fcresi":"1 dakika"},"schema":{"@context":"https:\/\/schema.org","@graph":[{"@type":"Article","@id":"https:\/\/memurunsesi.net\/index.php\/2026\/03\/09\/kontrolden-cikan-otomobil-magazaya-boyle-daldi\/#article","isPartOf":{"@id":"https:\/\/memurunsesi.net\/index.php\/2026\/03\/09\/kontrolden-cikan-otomobil-magazaya-boyle-daldi\/"},"author":{"name":"Memurun Sesi Haber Merkezi","@id":"https:\/\/memurunsesi.net\/#\/schema\/person\/f21c2d73b89f6ee1d80b0a1803e38587"},"headline":"Kontrolden \u00e7\u0131kan otomobil ma\u011fazaya b\u00f6yle dald\u0131","datePublished":"2026-03-09T06:08:48+00:00","mainEntityOfPage":{"@id":"https:\/\/memurunsesi.net\/index.php\/2026\/03\/09\/kontrolden-cikan-otomobil-magazaya-boyle-daldi\/"},"wordCount":115,"commentCount":0,"publisher":{"@id":"https:\/\/memurunsesi.net\/#organization"},"image":{"@id":"https:\/\/memurunsesi.net\/index.php\/2026\/03\/09\/kontrolden-cikan-otomobil-magazaya-boyle-daldi\/#primaryimage"},"thumbnailUrl":"https:\/\/memurunsesi.net\/wp-content\/uploads\/2026\/03\/magaza.jpg","keywords":["direksiyon hakimiyetini kaybetti","ma\u011fazaya girdi"],"inLanguage":"tr","potentialAction":[{"@type":"CommentAction","name":"Comment","target":["https:\/\/memurunsesi.net\/index.php\/2026\/03\/09\/kontrolden-cikan-otomobil-magazaya-boyle-daldi\/#respond"]}]},{"@type":"WebPage","@id":"https:\/\/memurunsesi.net\/index.php\/2026\/03\/09\/kontrolden-cikan-otomobil-magazaya-boyle-daldi\/","url":"https:\/\/memurunsesi.net\/index.php\/2026\/03\/09\/kontrolden-cikan-otomobil-magazaya-boyle-daldi\/","name":"Kontrolden \u00e7\u0131kan otomobil ma\u011fazaya b\u00f6yle dald\u0131 - Memurun Sesi","isPartOf":{"@id":"https:\/\/memurunsesi.net\/#website"},"primaryImageOfPage":{"@id":"https:\/\/memurunsesi.net\/index.php\/2026\/03\/09\/kontrolden-cikan-otomobil-magazaya-boyle-daldi\/#primaryimage"},"image":{"@id":"https:\/\/memurunsesi.net\/index.php\/2026\/03\/09\/kontrolden-cikan-otomobil-magazaya-boyle-daldi\/#primaryimage"},"thumbnailUrl":"https:\/\/memurunsesi.net\/wp-content\/uploads\/2026\/03\/magaza.jpg","datePublished":"2026-03-09T06:08:48+00:00","description":"\u00a0Elaz\u0131\u011f'da bir otomobilin direksiyon hakimiyetini kaybederek mobilya ma\u011fazas\u0131na girme an\u0131, bir i\u015f yerinin g\u00fcvenlik kameras\u0131na yans\u0131d\u0131.","breadcrumb":{"@id":"https:\/\/memurunsesi.net\/index.php\/2026\/03\/09\/kontrolden-cikan-otomobil-magazaya-boyle-daldi\/#breadcrumb"},"inLanguage":"tr","potentialAction":[{"@type":"ReadAction","target":["https:\/\/memurunsesi.net\/index.php\/2026\/03\/09\/kontrolden-cikan-otomobil-magazaya-boyle-daldi\/"]}]},{"@type":"ImageObject","inLanguage":"tr","@id":"https:\/\/memurunsesi.net\/index.php\/2026\/03\/09\/kontrolden-cikan-otomobil-magazaya-boyle-daldi\/#primaryimage","url":"https:\/\/memurunsesi.net\/wp-content\/uploads\/2026\/03\/magaza.jpg","contentUrl":"https:\/\/memurunsesi.net\/wp-content\/uploads\/2026\/03\/magaza.jpg","width":640,"height":356,"caption":"ELAZI\u011e'DA B\u0130R OTOMOB\u0130L\u0130N D\u0130REKS\u0130YON HAK\u0130M\u0130YET\u0130N\u0130 KAYBEDEREK MOB\u0130LYA MA\u011eAZASINA G\u0130RME ANI, B\u0130R \u0130\u015e YER\u0130N\u0130N G\u00dcVENL\u0130K KAMERASINA YANSIDI (BURAK YILMAZ\/ELAZI\u011e-\u0130HA) Elaz\u0131\u011f'da bir otomobilin direksiyon hakimiyetini kaybederek mobilya ma\u011fazas\u0131na girme an\u0131, bir i\u015f yerinin g\u00fcvenlik kameras\u0131na yans\u0131d\u0131."},{"@type":"BreadcrumbList","@id":"https:\/\/memurunsesi.net\/index.php\/2026\/03\/09\/kontrolden-cikan-otomobil-magazaya-boyle-daldi\/#breadcrumb","itemListElement":[{"@type":"ListItem","position":1,"name":"Anasayfa","item":"https:\/\/memurunsesi.net\/"},{"@type":"ListItem","position":2,"name":"Kontrolden \u00e7\u0131kan otomobil ma\u011fazaya b\u00f6yle dald\u0131"}]},{"@type":"WebSite","@id":"https:\/\/memurunsesi.net\/#website","url":"https:\/\/memurunsesi.net\/","name":"Memurun Sesi","description":"G\u00fcncel ve Do\u011fru Haber","publisher":{"@id":"https:\/\/memurunsesi.net\/#organization"},"potentialAction":[{"@type":"SearchAction","target":{"@type":"EntryPoint","urlTemplate":"https:\/\/memurunsesi.net\/?s={search_term_string}"},"query-input":{"@type":"PropertyValueSpecification","valueRequired":true,"valueName":"search_term_string"}}],"inLanguage":"tr"},{"@type":"Organization","@id":"https:\/\/memurunsesi.net\/#organization","name":"Memurun Sesi","url":"https:\/\/memurunsesi.net\/","logo":{"@type":"ImageObject","inLanguage":"tr","@id":"https:\/\/memurunsesi.net\/#\/schema\/logo\/image\/","url":"https:\/\/memurunsesi.net\/wp-content\/uploads\/2025\/11\/cropped-MEMURUN-SESI.png","contentUrl":"https:\/\/memurunsesi.net\/wp-content\/uploads\/2025\/11\/cropped-MEMURUN-SESI.png","width":238,"height":57,"caption":"Memurun Sesi"},"image":{"@id":"https:\/\/memurunsesi.net\/#\/schema\/logo\/image\/"},"sameAs":["https:\/\/www.facebook.com\/unipersen\/?locale=tr_TR","https:\/\/x.com\/unipersen"]},{"@type":"Person","@id":"https:\/\/memurunsesi.net\/#\/schema\/person\/f21c2d73b89f6ee1d80b0a1803e38587","name":"Memurun Sesi Haber Merkezi","image":{"@type":"ImageObject","inLanguage":"tr","@id":"https:\/\/secure.gravatar.com\/avatar\/6cf0505f452ee753f485014986fab09a434671d2b919ee76fc541025c5876a70?s=96&d=mm&r=g","url":"https:\/\/secure.gravatar.com\/avatar\/6cf0505f452ee753f485014986fab09a434671d2b919ee76fc541025c5876a70?s=96&d=mm&r=g","contentUrl":"https:\/\/secure.gravatar.com\/avatar\/6cf0505f452ee753f485014986fab09a434671d2b919ee76fc541025c5876a70?s=96&d=mm&r=g","caption":"Memurun Sesi Haber Merkezi"},"sameAs":["https:\/\/memurunsesi.net"],"url":"https:\/\/memurunsesi.net\/index.php\/author\/uniper\/"}]}},"_links":{"self":[{"href":"https:\/\/memurunsesi.net\/index.php\/wp-json\/wp\/v2\/posts\/18204","targetHints":{"allow":["GET"]}}],"collection":[{"href":"https:\/\/memurunsesi.net\/index.php\/wp-json\/wp\/v2\/posts"}],"about":[{"href":"https:\/\/memurunsesi.net\/index.php\/wp-json\/wp\/v2\/types\/post"}],"author":[{"embeddable":true,"href":"https:\/\/memurunsesi.net\/index.php\/wp-json\/wp\/v2\/users\/1"}],"replies":[{"embeddable":true,"href":"https:\/\/memurunsesi.net\/index.php\/wp-json\/wp\/v2\/comments?post=18204"}],"version-history":[{"count":1,"href":"https:\/\/memurunsesi.net\/index.php\/wp-json\/wp\/v2\/posts\/18204\/revisions"}],"predecessor-version":[{"id":18206,"href":"https:\/\/memurunsesi.net\/index.php\/wp-json\/wp\/v2\/posts\/18204\/revisions\/18206"}],"wp:featuredmedia":[{"embeddable":true,"href":"https:\/\/memurunsesi.net\/index.php\/wp-json\/wp\/v2\/media\/18205"}],"wp:attachment":[{"href":"https:\/\/memurunsesi.net\/index.php\/wp-json\/wp\/v2\/media?parent=18204"}],"wp:term":[{"taxonomy":"category","embeddable":true,"href":"https:\/\/memurunsesi.net\/index.php\/wp-json\/wp\/v2\/categories?post=18204"},{"taxonomy":"post_tag","embeddable":true,"href":"https:\/\/memurunsesi.net\/index.php\/wp-json\/wp\/v2\/tags?post=18204"}],"curies":[{"name":"wp","href":"https:\/\/api.w.org\/{rel}","templated":true}]}}