{"id":18207,"date":"2026-03-09T09:18:17","date_gmt":"2026-03-09T06:18:17","guid":{"rendered":"https:\/\/memurunsesi.net\/?p=18207"},"modified":"2026-03-09T09:18:17","modified_gmt":"2026-03-09T06:18:17","slug":"aymden-taserondan-kadroya-gecen-isciler-icin-onemli-karar","status":"publish","type":"post","link":"https:\/\/memurunsesi.net\/index.php\/2026\/03\/09\/aymden-taserondan-kadroya-gecen-isciler-icin-onemli-karar\/","title":{"rendered":"AYM\u2019den Ta\u015ferondan Kadroya Ge\u00e7en \u0130\u015f\u00e7iler \u0130\u00e7in \u00d6nemli Karar"},"content":{"rendered":"<p data-start=\"63\" data-end=\"294\"><span class=\"hover:entity-accent entity-underline inline cursor-pointer align-baseline\"><span class=\"whitespace-normal\">\u00a0 \u00a0 \u00a0Anayasa Mahkemesi<\/span><\/span>, ta\u015feron sisteminden kadroya ge\u00e7irilen kamu i\u015f\u00e7ilerinin g\u00f6rev yapt\u0131klar\u0131 kurum ve birimde \u00e7al\u0131\u015fmaya zorunlu tutulmas\u0131n\u0131 \u00f6ng\u00f6ren d\u00fczenlemenin bir b\u00f6l\u00fcm\u00fcn\u00fc Anayasa\u2019ya ayk\u0131r\u0131 bularak iptal etti.<\/p>\n<p data-start=\"296\" data-end=\"540\">Karara g\u00f6re, 27 Haziran 1989 tarihli <span class=\"hover:entity-accent entity-underline inline cursor-pointer align-baseline\"><span class=\"whitespace-normal\">375 say\u0131l\u0131 Kanun H\u00fckm\u00fcnde Kararname<\/span><\/span>\u2019ye eklenen ge\u00e7ici 23. maddede yer alan ve i\u015f\u00e7ilerin \u201c\u00e7al\u0131\u015ft\u0131r\u0131ld\u0131klar\u0131 te\u015fkilat ve birimde\u201d g\u00f6rev yapmaya devam etmelerini zorunlu k\u0131lan ibare Anayasa\u2019ya ayk\u0131r\u0131 bulundu.<\/p>\n<h3 data-section-id=\"1q51aqn\" data-start=\"542\" data-end=\"591\">Nakil Talebinin Reddedilmesi Davaya Konu Oldu<\/h3>\n<p data-start=\"593\" data-end=\"903\">\u0130ptal karar\u0131n\u0131n \u00e7\u0131kmas\u0131na neden olan s\u00fcre\u00e7, s\u00fcrekli i\u015f\u00e7i kadrosunda \u00e7al\u0131\u015fan bir kamu i\u015f\u00e7isinin yer de\u011fi\u015fikli\u011fi talebinin reddedilmesi \u00fczerine a\u00e7\u0131lan dava ile ba\u015flad\u0131. Davaya bakan mahkeme, ilgili d\u00fczenlemenin Anayasa\u2019ya ayk\u0131r\u0131 olabilece\u011fi kanaatine vararak dosyay\u0131 itiraz yoluyla Anayasa Mahkemesi\u2019ne ta\u015f\u0131d\u0131.<\/p>\n<p data-start=\"905\" data-end=\"1142\">Ba\u015fvuru, <span class=\"hover:entity-accent entity-underline inline cursor-pointer align-baseline\"><span class=\"whitespace-normal\">Yarg\u0131tay 9. Hukuk Dairesi<\/span><\/span> taraf\u0131ndan yap\u0131ld\u0131. Ba\u015fvuruda, kadroya ge\u00e7irilen i\u015f\u00e7ilerin ba\u015fka bir il veya birime nakledilmesinin tamamen yasaklanmas\u0131n\u0131n e\u015fitlik ve \u00e7al\u0131\u015fma hakk\u0131 bak\u0131m\u0131ndan sorun do\u011furdu\u011fu ileri s\u00fcr\u00fcld\u00fc.<\/p>\n<h3 data-section-id=\"1ft7evj\" data-start=\"1144\" data-end=\"1198\">Mahkeme: Mutlak Yasak \u00c7al\u0131\u015fma Hakk\u0131yla Ba\u011fda\u015fm\u0131yor<\/h3>\n<p data-start=\"1200\" data-end=\"1381\">Anayasa Mahkemesi karar\u0131nda, s\u00f6z konusu d\u00fczenlemenin kadroya ge\u00e7en i\u015f\u00e7ilerin g\u00f6rev yapt\u0131klar\u0131 kurum veya birim d\u0131\u015f\u0131nda \u00e7al\u0131\u015ft\u0131r\u0131lmalar\u0131na hi\u00e7bir \u015fekilde izin vermedi\u011fi belirtildi.<\/p>\n<p data-start=\"1383\" data-end=\"1674\">Mahkeme, bu durumun i\u015f\u00e7ilerin yer de\u011fi\u015fikli\u011fi taleplerinin de\u011ferlendirilmesini tamamen ortadan kald\u0131rd\u0131\u011f\u0131na dikkat \u00e7ekti. Oysa i\u015f hukukunda i\u015fverenin y\u00f6netim yetkisi kapsam\u0131nda yer de\u011fi\u015fikli\u011fi taleplerinin de\u011ferlendirilmesi ve bu kararlar\u0131n yarg\u0131 denetimine a\u00e7\u0131k olmas\u0131 gerekti\u011fi vurguland\u0131.<\/p>\n<p data-start=\"1676\" data-end=\"1870\">Kararda ayr\u0131ca, \u00e7al\u0131\u015fanlar\u0131n korunmas\u0131n\u0131n sosyal devlet ilkesinin bir gere\u011fi oldu\u011fu ve bu ilkenin <span class=\"hover:entity-accent entity-underline inline cursor-pointer align-baseline\"><span class=\"whitespace-normal\">T\u00fcrkiye Cumhuriyeti Anayasas\u0131<\/span><\/span>\u2019n\u0131n 49. maddesinde g\u00fcvence alt\u0131na al\u0131nd\u0131\u011f\u0131 ifade edildi.<\/p>\n<p data-start=\"1872\" data-end=\"2030\">Mahkemeye g\u00f6re, kadroya ge\u00e7irilen i\u015f\u00e7ilerin yer de\u011fi\u015fikli\u011fi taleplerine mutlak bir yasak getirilmesi, devletin \u00e7al\u0131\u015fanlar\u0131 koruma y\u00fck\u00fcml\u00fcl\u00fc\u011f\u00fc ile ba\u011fda\u015fm\u0131yor.<\/p>\n<h3 data-section-id=\"t7rwsi\" data-start=\"2032\" data-end=\"2077\">\u0130ptal Karar\u0131 9 Ay Sonra Y\u00fcr\u00fcrl\u00fc\u011fe Girecek<\/h3>\n<p data-start=\"2079\" data-end=\"2218\">Anayasa Mahkemesi, d\u00fczenlemenin iptal edilmesiyle do\u011fabilecek hukuki bo\u015flu\u011fu dikkate alarak karar\u0131n hemen y\u00fcr\u00fcrl\u00fc\u011fe girmesine h\u00fckmetmedi.<\/p>\n<p data-start=\"2220\" data-end=\"2413\">Mahkeme, iptal h\u00fckm\u00fcn\u00fcn Resm\u00ee Gazete\u2019de yay\u0131mland\u0131\u011f\u0131 tarihten itibaren <strong data-start=\"2291\" data-end=\"2329\">dokuz ay sonra y\u00fcr\u00fcrl\u00fc\u011fe girmesine<\/strong> karar verdi. Bu s\u00fcre i\u00e7inde yeni bir yasal d\u00fczenleme yap\u0131lmas\u0131n\u0131n \u00f6n\u00fc a\u00e7\u0131k tutuldu.<\/p>\n<h3 data-section-id=\"12cnltg\" data-start=\"2415\" data-end=\"2443\">Karar Ne Anlama Geliyor?<\/h3>\n<p data-start=\"2445\" data-end=\"2619\">S\u00f6z konusu karar, ta\u015ferondan kadroya ge\u00e7irilen ve s\u00fcrekli i\u015f\u00e7i stat\u00fcs\u00fcnde \u00e7al\u0131\u015fan kamu personelinin yer de\u011fi\u015fikli\u011fi taleplerinin tamamen yasaklanamayaca\u011f\u0131 anlam\u0131na geliyor.<\/p>\n<p data-start=\"2621\" data-end=\"2810\">Karar\u0131n y\u00fcr\u00fcrl\u00fc\u011fe girmesinin ard\u0131ndan kamu i\u015f\u00e7ilerinin nakil taleplerinin kurumlar taraf\u0131ndan de\u011ferlendirilmesi ve bu kararlar\u0131n gerekti\u011finde yarg\u0131 denetimine konu olabilmesi m\u00fcmk\u00fcn olacak.<\/p>\n","protected":false},"excerpt":{"rendered":"<p>\u00a0 \u00a0 \u00a0Anayasa Mahkemesi, ta\u015feron sisteminden kadroya ge\u00e7irilen kamu i\u015f\u00e7ilerinin g\u00f6rev yapt\u0131klar\u0131 kurum ve birimde \u00e7al\u0131\u015fmaya zorunlu tutulmas\u0131n\u0131 \u00f6ng\u00f6ren d\u00fczenlemenin bir b\u00f6l\u00fcm\u00fcn\u00fc Anayasa\u2019ya ayk\u0131r\u0131 bularak iptal etti. Karara g\u00f6re, 27 Haziran 1989 tarihli 375 say\u0131l\u0131 Kanun H\u00fckm\u00fcnde Kararname\u2019ye eklenen ge\u00e7ici 23. maddede yer alan ve i\u015f\u00e7ilerin \u201c\u00e7al\u0131\u015ft\u0131r\u0131ld\u0131klar\u0131 te\u015fkilat ve birimde\u201d g\u00f6rev yapmaya devam etmelerini zorunlu [&hellip;]<\/p>\n","protected":false},"author":1,"featured_media":18208,"comment_status":"open","ping_status":"open","sticky":false,"template":"","format":"standard","meta":{"footnotes":""},"categories":[1],"tags":[1931,1925,1933,1935,1932,1927,1330,1928,1631,1936,1929,1930,1926,1934,1088],"class_list":["post-18207","post","type-post","status-publish","format-standard","has-post-thumbnail","hentry","category-genel","tag-375-sayili-khk","tag-anayasa-mahkemesi","tag-calisma-hakki","tag-is-hukuku","tag-isci-haklari","tag-kadroya-gecen-isciler","tag-kamu-calisanlari","tag-kamu-iscileri","tag-kamu-personeli","tag-memur-ve-isci-haklari","tag-nakil-yasagi","tag-surekli-isci-kadrosu","tag-taseron-isci","tag-yargi-karari","tag-yer-degisikligi"],"yoast_head":"<!-- This site is optimized with the Yoast SEO plugin v27.4 - https:\/\/yoast.com\/product\/yoast-seo-wordpress\/ -->\n<title>AYM\u2019den Ta\u015ferondan Kadroya Ge\u00e7en \u0130\u015f\u00e7iler \u0130\u00e7in \u00d6nemli Karar - Memurun Sesi<\/title>\n<meta name=\"description\" content=\"Anayasa Mahkemesi, ta\u015ferondan kadroya ge\u00e7irilen kamu i\u015f\u00e7ilerinin yaln\u0131zca \u00e7al\u0131\u015ft\u0131klar\u0131 birimde g\u00f6rev yapmas\u0131n\u0131 zorunlu k\u0131lan d\u00fczenlemeyi Anayasa\u2019ya ayk\u0131r\u0131 bularak iptal etti. Kararla birlikte s\u00fcrekli i\u015f\u00e7i kadrosundaki \u00e7al\u0131\u015fanlar\u0131n nakil taleplerinin tamamen engellenemeyece\u011fi h\u00fckme ba\u011fland\u0131.\" \/>\n<meta name=\"robots\" content=\"index, follow, max-snippet:-1, max-image-preview:large, max-video-preview:-1\" \/>\n<link rel=\"canonical\" href=\"https:\/\/memurunsesi.net\/index.php\/2026\/03\/09\/aymden-taserondan-kadroya-gecen-isciler-icin-onemli-karar\/\" \/>\n<meta property=\"og:locale\" content=\"tr_TR\" \/>\n<meta property=\"og:type\" content=\"article\" \/>\n<meta property=\"og:title\" content=\"AYM\u2019den Ta\u015ferondan Kadroya Ge\u00e7en \u0130\u015f\u00e7iler \u0130\u00e7in \u00d6nemli Karar - Memurun Sesi\" \/>\n<meta property=\"og:description\" content=\"Anayasa Mahkemesi, ta\u015ferondan kadroya ge\u00e7irilen kamu i\u015f\u00e7ilerinin yaln\u0131zca \u00e7al\u0131\u015ft\u0131klar\u0131 birimde g\u00f6rev yapmas\u0131n\u0131 zorunlu k\u0131lan d\u00fczenlemeyi Anayasa\u2019ya ayk\u0131r\u0131 bularak iptal etti. Kararla birlikte s\u00fcrekli i\u015f\u00e7i kadrosundaki \u00e7al\u0131\u015fanlar\u0131n nakil taleplerinin tamamen engellenemeyece\u011fi h\u00fckme ba\u011fland\u0131.\" \/>\n<meta property=\"og:url\" content=\"https:\/\/memurunsesi.net\/index.php\/2026\/03\/09\/aymden-taserondan-kadroya-gecen-isciler-icin-onemli-karar\/\" \/>\n<meta property=\"og:site_name\" content=\"Memurun Sesi\" \/>\n<meta property=\"article:publisher\" content=\"https:\/\/www.facebook.com\/unipersen\/?locale=tr_TR\" \/>\n<meta property=\"article:published_time\" content=\"2026-03-09T06:18:17+00:00\" \/>\n<meta property=\"og:image\" content=\"https:\/\/memurunsesi.net\/wp-content\/uploads\/2026\/03\/taseron.jpg\" \/>\n\t<meta property=\"og:image:width\" content=\"300\" \/>\n\t<meta property=\"og:image:height\" content=\"168\" \/>\n\t<meta property=\"og:image:type\" content=\"image\/jpeg\" \/>\n<meta name=\"author\" content=\"Memurun Sesi Haber Merkezi\" \/>\n<meta name=\"twitter:card\" content=\"summary_large_image\" \/>\n<meta name=\"twitter:creator\" content=\"@unipersen\" \/>\n<meta name=\"twitter:site\" content=\"@unipersen\" \/>\n<meta name=\"twitter:label1\" content=\"Yazan:\" \/>\n\t<meta name=\"twitter:data1\" content=\"Memurun Sesi Haber Merkezi\" \/>\n\t<meta name=\"twitter:label2\" content=\"Tahmini okuma s\u00fcresi\" \/>\n\t<meta name=\"twitter:data2\" content=\"3 dakika\" \/>\n<script type=\"application\/ld+json\" class=\"yoast-schema-graph\">{\"@context\":\"https:\\\/\\\/schema.org\",\"@graph\":[{\"@type\":\"Article\",\"@id\":\"https:\\\/\\\/memurunsesi.net\\\/index.php\\\/2026\\\/03\\\/09\\\/aymden-taserondan-kadroya-gecen-isciler-icin-onemli-karar\\\/#article\",\"isPartOf\":{\"@id\":\"https:\\\/\\\/memurunsesi.net\\\/index.php\\\/2026\\\/03\\\/09\\\/aymden-taserondan-kadroya-gecen-isciler-icin-onemli-karar\\\/\"},\"author\":{\"name\":\"Memurun Sesi Haber Merkezi\",\"@id\":\"https:\\\/\\\/memurunsesi.net\\\/#\\\/schema\\\/person\\\/f21c2d73b89f6ee1d80b0a1803e38587\"},\"headline\":\"AYM\u2019den Ta\u015ferondan Kadroya Ge\u00e7en \u0130\u015f\u00e7iler \u0130\u00e7in \u00d6nemli Karar\",\"datePublished\":\"2026-03-09T06:18:17+00:00\",\"mainEntityOfPage\":{\"@id\":\"https:\\\/\\\/memurunsesi.net\\\/index.php\\\/2026\\\/03\\\/09\\\/aymden-taserondan-kadroya-gecen-isciler-icin-onemli-karar\\\/\"},\"wordCount\":508,\"commentCount\":0,\"publisher\":{\"@id\":\"https:\\\/\\\/memurunsesi.net\\\/#organization\"},\"image\":{\"@id\":\"https:\\\/\\\/memurunsesi.net\\\/index.php\\\/2026\\\/03\\\/09\\\/aymden-taserondan-kadroya-gecen-isciler-icin-onemli-karar\\\/#primaryimage\"},\"thumbnailUrl\":\"https:\\\/\\\/memurunsesi.net\\\/wp-content\\\/uploads\\\/2026\\\/03\\\/taseron.jpg\",\"keywords\":[\"375 say\u0131l\u0131 KHK\",\"Anayasa Mahkemesi\",\"\u00e7al\u0131\u015fma hakk\u0131\",\"i\u015f hukuku\",\"i\u015f\u00e7i haklar\u0131\",\"kadroya ge\u00e7en i\u015f\u00e7iler\",\"kamu \u00e7al\u0131\u015fanlar\u0131\",\"kamu i\u015f\u00e7ileri\",\"kamu personeli\",\"memur ve i\u015f\u00e7i haklar\u0131\",\"nakil yasa\u011f\u0131\",\"s\u00fcrekli i\u015f\u00e7i kadrosu\",\"ta\u015feron i\u015f\u00e7i\",\"yarg\u0131 karar\u0131\",\"yer de\u011fi\u015fikli\u011fi\"],\"inLanguage\":\"tr\",\"potentialAction\":[{\"@type\":\"CommentAction\",\"name\":\"Comment\",\"target\":[\"https:\\\/\\\/memurunsesi.net\\\/index.php\\\/2026\\\/03\\\/09\\\/aymden-taserondan-kadroya-gecen-isciler-icin-onemli-karar\\\/#respond\"]}]},{\"@type\":\"WebPage\",\"@id\":\"https:\\\/\\\/memurunsesi.net\\\/index.php\\\/2026\\\/03\\\/09\\\/aymden-taserondan-kadroya-gecen-isciler-icin-onemli-karar\\\/\",\"url\":\"https:\\\/\\\/memurunsesi.net\\\/index.php\\\/2026\\\/03\\\/09\\\/aymden-taserondan-kadroya-gecen-isciler-icin-onemli-karar\\\/\",\"name\":\"AYM\u2019den Ta\u015ferondan Kadroya Ge\u00e7en \u0130\u015f\u00e7iler \u0130\u00e7in \u00d6nemli Karar - Memurun Sesi\",\"isPartOf\":{\"@id\":\"https:\\\/\\\/memurunsesi.net\\\/#website\"},\"primaryImageOfPage\":{\"@id\":\"https:\\\/\\\/memurunsesi.net\\\/index.php\\\/2026\\\/03\\\/09\\\/aymden-taserondan-kadroya-gecen-isciler-icin-onemli-karar\\\/#primaryimage\"},\"image\":{\"@id\":\"https:\\\/\\\/memurunsesi.net\\\/index.php\\\/2026\\\/03\\\/09\\\/aymden-taserondan-kadroya-gecen-isciler-icin-onemli-karar\\\/#primaryimage\"},\"thumbnailUrl\":\"https:\\\/\\\/memurunsesi.net\\\/wp-content\\\/uploads\\\/2026\\\/03\\\/taseron.jpg\",\"datePublished\":\"2026-03-09T06:18:17+00:00\",\"description\":\"Anayasa Mahkemesi, ta\u015ferondan kadroya ge\u00e7irilen kamu i\u015f\u00e7ilerinin yaln\u0131zca \u00e7al\u0131\u015ft\u0131klar\u0131 birimde g\u00f6rev yapmas\u0131n\u0131 zorunlu k\u0131lan d\u00fczenlemeyi Anayasa\u2019ya ayk\u0131r\u0131 bularak iptal etti. Kararla birlikte s\u00fcrekli i\u015f\u00e7i kadrosundaki \u00e7al\u0131\u015fanlar\u0131n nakil taleplerinin tamamen engellenemeyece\u011fi h\u00fckme ba\u011fland\u0131.\",\"breadcrumb\":{\"@id\":\"https:\\\/\\\/memurunsesi.net\\\/index.php\\\/2026\\\/03\\\/09\\\/aymden-taserondan-kadroya-gecen-isciler-icin-onemli-karar\\\/#breadcrumb\"},\"inLanguage\":\"tr\",\"potentialAction\":[{\"@type\":\"ReadAction\",\"target\":[\"https:\\\/\\\/memurunsesi.net\\\/index.php\\\/2026\\\/03\\\/09\\\/aymden-taserondan-kadroya-gecen-isciler-icin-onemli-karar\\\/\"]}]},{\"@type\":\"ImageObject\",\"inLanguage\":\"tr\",\"@id\":\"https:\\\/\\\/memurunsesi.net\\\/index.php\\\/2026\\\/03\\\/09\\\/aymden-taserondan-kadroya-gecen-isciler-icin-onemli-karar\\\/#primaryimage\",\"url\":\"https:\\\/\\\/memurunsesi.net\\\/wp-content\\\/uploads\\\/2026\\\/03\\\/taseron.jpg\",\"contentUrl\":\"https:\\\/\\\/memurunsesi.net\\\/wp-content\\\/uploads\\\/2026\\\/03\\\/taseron.jpg\",\"width\":300,\"height\":168},{\"@type\":\"BreadcrumbList\",\"@id\":\"https:\\\/\\\/memurunsesi.net\\\/index.php\\\/2026\\\/03\\\/09\\\/aymden-taserondan-kadroya-gecen-isciler-icin-onemli-karar\\\/#breadcrumb\",\"itemListElement\":[{\"@type\":\"ListItem\",\"position\":1,\"name\":\"Anasayfa\",\"item\":\"https:\\\/\\\/memurunsesi.net\\\/\"},{\"@type\":\"ListItem\",\"position\":2,\"name\":\"AYM\u2019den Ta\u015ferondan Kadroya Ge\u00e7en \u0130\u015f\u00e7iler \u0130\u00e7in \u00d6nemli Karar\"}]},{\"@type\":\"WebSite\",\"@id\":\"https:\\\/\\\/memurunsesi.net\\\/#website\",\"url\":\"https:\\\/\\\/memurunsesi.net\\\/\",\"name\":\"Memurun Sesi\",\"description\":\"G\u00fcncel ve Do\u011fru Haber\",\"publisher\":{\"@id\":\"https:\\\/\\\/memurunsesi.net\\\/#organization\"},\"potentialAction\":[{\"@type\":\"SearchAction\",\"target\":{\"@type\":\"EntryPoint\",\"urlTemplate\":\"https:\\\/\\\/memurunsesi.net\\\/?s={search_term_string}\"},\"query-input\":{\"@type\":\"PropertyValueSpecification\",\"valueRequired\":true,\"valueName\":\"search_term_string\"}}],\"inLanguage\":\"tr\"},{\"@type\":\"Organization\",\"@id\":\"https:\\\/\\\/memurunsesi.net\\\/#organization\",\"name\":\"Memurun Sesi\",\"url\":\"https:\\\/\\\/memurunsesi.net\\\/\",\"logo\":{\"@type\":\"ImageObject\",\"inLanguage\":\"tr\",\"@id\":\"https:\\\/\\\/memurunsesi.net\\\/#\\\/schema\\\/logo\\\/image\\\/\",\"url\":\"https:\\\/\\\/memurunsesi.net\\\/wp-content\\\/uploads\\\/2025\\\/11\\\/cropped-MEMURUN-SESI.png\",\"contentUrl\":\"https:\\\/\\\/memurunsesi.net\\\/wp-content\\\/uploads\\\/2025\\\/11\\\/cropped-MEMURUN-SESI.png\",\"width\":238,\"height\":57,\"caption\":\"Memurun Sesi\"},\"image\":{\"@id\":\"https:\\\/\\\/memurunsesi.net\\\/#\\\/schema\\\/logo\\\/image\\\/\"},\"sameAs\":[\"https:\\\/\\\/www.facebook.com\\\/unipersen\\\/?locale=tr_TR\",\"https:\\\/\\\/x.com\\\/unipersen\"]},{\"@type\":\"Person\",\"@id\":\"https:\\\/\\\/memurunsesi.net\\\/#\\\/schema\\\/person\\\/f21c2d73b89f6ee1d80b0a1803e38587\",\"name\":\"Memurun Sesi Haber Merkezi\",\"image\":{\"@type\":\"ImageObject\",\"inLanguage\":\"tr\",\"@id\":\"https:\\\/\\\/secure.gravatar.com\\\/avatar\\\/6cf0505f452ee753f485014986fab09a434671d2b919ee76fc541025c5876a70?s=96&d=mm&r=g\",\"url\":\"https:\\\/\\\/secure.gravatar.com\\\/avatar\\\/6cf0505f452ee753f485014986fab09a434671d2b919ee76fc541025c5876a70?s=96&d=mm&r=g\",\"contentUrl\":\"https:\\\/\\\/secure.gravatar.com\\\/avatar\\\/6cf0505f452ee753f485014986fab09a434671d2b919ee76fc541025c5876a70?s=96&d=mm&r=g\",\"caption\":\"Memurun Sesi Haber Merkezi\"},\"sameAs\":[\"https:\\\/\\\/memurunsesi.net\"],\"url\":\"https:\\\/\\\/memurunsesi.net\\\/index.php\\\/author\\\/uniper\\\/\"}]}<\/script>\n<!-- \/ Yoast SEO plugin. -->","yoast_head_json":{"title":"AYM\u2019den Ta\u015ferondan Kadroya Ge\u00e7en \u0130\u015f\u00e7iler \u0130\u00e7in \u00d6nemli Karar - Memurun Sesi","description":"Anayasa Mahkemesi, ta\u015ferondan kadroya ge\u00e7irilen kamu i\u015f\u00e7ilerinin yaln\u0131zca \u00e7al\u0131\u015ft\u0131klar\u0131 birimde g\u00f6rev yapmas\u0131n\u0131 zorunlu k\u0131lan d\u00fczenlemeyi Anayasa\u2019ya ayk\u0131r\u0131 bularak iptal etti. Kararla birlikte s\u00fcrekli i\u015f\u00e7i kadrosundaki \u00e7al\u0131\u015fanlar\u0131n nakil taleplerinin tamamen engellenemeyece\u011fi h\u00fckme ba\u011fland\u0131.","robots":{"index":"index","follow":"follow","max-snippet":"max-snippet:-1","max-image-preview":"max-image-preview:large","max-video-preview":"max-video-preview:-1"},"canonical":"https:\/\/memurunsesi.net\/index.php\/2026\/03\/09\/aymden-taserondan-kadroya-gecen-isciler-icin-onemli-karar\/","og_locale":"tr_TR","og_type":"article","og_title":"AYM\u2019den Ta\u015ferondan Kadroya Ge\u00e7en \u0130\u015f\u00e7iler \u0130\u00e7in \u00d6nemli Karar - Memurun Sesi","og_description":"Anayasa Mahkemesi, ta\u015ferondan kadroya ge\u00e7irilen kamu i\u015f\u00e7ilerinin yaln\u0131zca \u00e7al\u0131\u015ft\u0131klar\u0131 birimde g\u00f6rev yapmas\u0131n\u0131 zorunlu k\u0131lan d\u00fczenlemeyi Anayasa\u2019ya ayk\u0131r\u0131 bularak iptal etti. Kararla birlikte s\u00fcrekli i\u015f\u00e7i kadrosundaki \u00e7al\u0131\u015fanlar\u0131n nakil taleplerinin tamamen engellenemeyece\u011fi h\u00fckme ba\u011fland\u0131.","og_url":"https:\/\/memurunsesi.net\/index.php\/2026\/03\/09\/aymden-taserondan-kadroya-gecen-isciler-icin-onemli-karar\/","og_site_name":"Memurun Sesi","article_publisher":"https:\/\/www.facebook.com\/unipersen\/?locale=tr_TR","article_published_time":"2026-03-09T06:18:17+00:00","og_image":[{"width":300,"height":168,"url":"https:\/\/memurunsesi.net\/wp-content\/uploads\/2026\/03\/taseron.jpg","type":"image\/jpeg"}],"author":"Memurun Sesi Haber Merkezi","twitter_card":"summary_large_image","twitter_creator":"@unipersen","twitter_site":"@unipersen","twitter_misc":{"Yazan:":"Memurun Sesi Haber Merkezi","Tahmini okuma s\u00fcresi":"3 dakika"},"schema":{"@context":"https:\/\/schema.org","@graph":[{"@type":"Article","@id":"https:\/\/memurunsesi.net\/index.php\/2026\/03\/09\/aymden-taserondan-kadroya-gecen-isciler-icin-onemli-karar\/#article","isPartOf":{"@id":"https:\/\/memurunsesi.net\/index.php\/2026\/03\/09\/aymden-taserondan-kadroya-gecen-isciler-icin-onemli-karar\/"},"author":{"name":"Memurun Sesi Haber Merkezi","@id":"https:\/\/memurunsesi.net\/#\/schema\/person\/f21c2d73b89f6ee1d80b0a1803e38587"},"headline":"AYM\u2019den Ta\u015ferondan Kadroya Ge\u00e7en \u0130\u015f\u00e7iler \u0130\u00e7in \u00d6nemli Karar","datePublished":"2026-03-09T06:18:17+00:00","mainEntityOfPage":{"@id":"https:\/\/memurunsesi.net\/index.php\/2026\/03\/09\/aymden-taserondan-kadroya-gecen-isciler-icin-onemli-karar\/"},"wordCount":508,"commentCount":0,"publisher":{"@id":"https:\/\/memurunsesi.net\/#organization"},"image":{"@id":"https:\/\/memurunsesi.net\/index.php\/2026\/03\/09\/aymden-taserondan-kadroya-gecen-isciler-icin-onemli-karar\/#primaryimage"},"thumbnailUrl":"https:\/\/memurunsesi.net\/wp-content\/uploads\/2026\/03\/taseron.jpg","keywords":["375 say\u0131l\u0131 KHK","Anayasa Mahkemesi","\u00e7al\u0131\u015fma hakk\u0131","i\u015f hukuku","i\u015f\u00e7i haklar\u0131","kadroya ge\u00e7en i\u015f\u00e7iler","kamu \u00e7al\u0131\u015fanlar\u0131","kamu i\u015f\u00e7ileri","kamu personeli","memur ve i\u015f\u00e7i haklar\u0131","nakil yasa\u011f\u0131","s\u00fcrekli i\u015f\u00e7i kadrosu","ta\u015feron i\u015f\u00e7i","yarg\u0131 karar\u0131","yer de\u011fi\u015fikli\u011fi"],"inLanguage":"tr","potentialAction":[{"@type":"CommentAction","name":"Comment","target":["https:\/\/memurunsesi.net\/index.php\/2026\/03\/09\/aymden-taserondan-kadroya-gecen-isciler-icin-onemli-karar\/#respond"]}]},{"@type":"WebPage","@id":"https:\/\/memurunsesi.net\/index.php\/2026\/03\/09\/aymden-taserondan-kadroya-gecen-isciler-icin-onemli-karar\/","url":"https:\/\/memurunsesi.net\/index.php\/2026\/03\/09\/aymden-taserondan-kadroya-gecen-isciler-icin-onemli-karar\/","name":"AYM\u2019den Ta\u015ferondan Kadroya Ge\u00e7en \u0130\u015f\u00e7iler \u0130\u00e7in \u00d6nemli Karar - Memurun Sesi","isPartOf":{"@id":"https:\/\/memurunsesi.net\/#website"},"primaryImageOfPage":{"@id":"https:\/\/memurunsesi.net\/index.php\/2026\/03\/09\/aymden-taserondan-kadroya-gecen-isciler-icin-onemli-karar\/#primaryimage"},"image":{"@id":"https:\/\/memurunsesi.net\/index.php\/2026\/03\/09\/aymden-taserondan-kadroya-gecen-isciler-icin-onemli-karar\/#primaryimage"},"thumbnailUrl":"https:\/\/memurunsesi.net\/wp-content\/uploads\/2026\/03\/taseron.jpg","datePublished":"2026-03-09T06:18:17+00:00","description":"Anayasa Mahkemesi, ta\u015ferondan kadroya ge\u00e7irilen kamu i\u015f\u00e7ilerinin yaln\u0131zca \u00e7al\u0131\u015ft\u0131klar\u0131 birimde g\u00f6rev yapmas\u0131n\u0131 zorunlu k\u0131lan d\u00fczenlemeyi Anayasa\u2019ya ayk\u0131r\u0131 bularak iptal etti. Kararla birlikte s\u00fcrekli i\u015f\u00e7i kadrosundaki \u00e7al\u0131\u015fanlar\u0131n nakil taleplerinin tamamen engellenemeyece\u011fi h\u00fckme ba\u011fland\u0131.","breadcrumb":{"@id":"https:\/\/memurunsesi.net\/index.php\/2026\/03\/09\/aymden-taserondan-kadroya-gecen-isciler-icin-onemli-karar\/#breadcrumb"},"inLanguage":"tr","potentialAction":[{"@type":"ReadAction","target":["https:\/\/memurunsesi.net\/index.php\/2026\/03\/09\/aymden-taserondan-kadroya-gecen-isciler-icin-onemli-karar\/"]}]},{"@type":"ImageObject","inLanguage":"tr","@id":"https:\/\/memurunsesi.net\/index.php\/2026\/03\/09\/aymden-taserondan-kadroya-gecen-isciler-icin-onemli-karar\/#primaryimage","url":"https:\/\/memurunsesi.net\/wp-content\/uploads\/2026\/03\/taseron.jpg","contentUrl":"https:\/\/memurunsesi.net\/wp-content\/uploads\/2026\/03\/taseron.jpg","width":300,"height":168},{"@type":"BreadcrumbList","@id":"https:\/\/memurunsesi.net\/index.php\/2026\/03\/09\/aymden-taserondan-kadroya-gecen-isciler-icin-onemli-karar\/#breadcrumb","itemListElement":[{"@type":"ListItem","position":1,"name":"Anasayfa","item":"https:\/\/memurunsesi.net\/"},{"@type":"ListItem","position":2,"name":"AYM\u2019den Ta\u015ferondan Kadroya Ge\u00e7en \u0130\u015f\u00e7iler \u0130\u00e7in \u00d6nemli Karar"}]},{"@type":"WebSite","@id":"https:\/\/memurunsesi.net\/#website","url":"https:\/\/memurunsesi.net\/","name":"Memurun Sesi","description":"G\u00fcncel ve Do\u011fru Haber","publisher":{"@id":"https:\/\/memurunsesi.net\/#organization"},"potentialAction":[{"@type":"SearchAction","target":{"@type":"EntryPoint","urlTemplate":"https:\/\/memurunsesi.net\/?s={search_term_string}"},"query-input":{"@type":"PropertyValueSpecification","valueRequired":true,"valueName":"search_term_string"}}],"inLanguage":"tr"},{"@type":"Organization","@id":"https:\/\/memurunsesi.net\/#organization","name":"Memurun Sesi","url":"https:\/\/memurunsesi.net\/","logo":{"@type":"ImageObject","inLanguage":"tr","@id":"https:\/\/memurunsesi.net\/#\/schema\/logo\/image\/","url":"https:\/\/memurunsesi.net\/wp-content\/uploads\/2025\/11\/cropped-MEMURUN-SESI.png","contentUrl":"https:\/\/memurunsesi.net\/wp-content\/uploads\/2025\/11\/cropped-MEMURUN-SESI.png","width":238,"height":57,"caption":"Memurun Sesi"},"image":{"@id":"https:\/\/memurunsesi.net\/#\/schema\/logo\/image\/"},"sameAs":["https:\/\/www.facebook.com\/unipersen\/?locale=tr_TR","https:\/\/x.com\/unipersen"]},{"@type":"Person","@id":"https:\/\/memurunsesi.net\/#\/schema\/person\/f21c2d73b89f6ee1d80b0a1803e38587","name":"Memurun Sesi Haber Merkezi","image":{"@type":"ImageObject","inLanguage":"tr","@id":"https:\/\/secure.gravatar.com\/avatar\/6cf0505f452ee753f485014986fab09a434671d2b919ee76fc541025c5876a70?s=96&d=mm&r=g","url":"https:\/\/secure.gravatar.com\/avatar\/6cf0505f452ee753f485014986fab09a434671d2b919ee76fc541025c5876a70?s=96&d=mm&r=g","contentUrl":"https:\/\/secure.gravatar.com\/avatar\/6cf0505f452ee753f485014986fab09a434671d2b919ee76fc541025c5876a70?s=96&d=mm&r=g","caption":"Memurun Sesi Haber Merkezi"},"sameAs":["https:\/\/memurunsesi.net"],"url":"https:\/\/memurunsesi.net\/index.php\/author\/uniper\/"}]}},"_links":{"self":[{"href":"https:\/\/memurunsesi.net\/index.php\/wp-json\/wp\/v2\/posts\/18207","targetHints":{"allow":["GET"]}}],"collection":[{"href":"https:\/\/memurunsesi.net\/index.php\/wp-json\/wp\/v2\/posts"}],"about":[{"href":"https:\/\/memurunsesi.net\/index.php\/wp-json\/wp\/v2\/types\/post"}],"author":[{"embeddable":true,"href":"https:\/\/memurunsesi.net\/index.php\/wp-json\/wp\/v2\/users\/1"}],"replies":[{"embeddable":true,"href":"https:\/\/memurunsesi.net\/index.php\/wp-json\/wp\/v2\/comments?post=18207"}],"version-history":[{"count":1,"href":"https:\/\/memurunsesi.net\/index.php\/wp-json\/wp\/v2\/posts\/18207\/revisions"}],"predecessor-version":[{"id":18209,"href":"https:\/\/memurunsesi.net\/index.php\/wp-json\/wp\/v2\/posts\/18207\/revisions\/18209"}],"wp:featuredmedia":[{"embeddable":true,"href":"https:\/\/memurunsesi.net\/index.php\/wp-json\/wp\/v2\/media\/18208"}],"wp:attachment":[{"href":"https:\/\/memurunsesi.net\/index.php\/wp-json\/wp\/v2\/media?parent=18207"}],"wp:term":[{"taxonomy":"category","embeddable":true,"href":"https:\/\/memurunsesi.net\/index.php\/wp-json\/wp\/v2\/categories?post=18207"},{"taxonomy":"post_tag","embeddable":true,"href":"https:\/\/memurunsesi.net\/index.php\/wp-json\/wp\/v2\/tags?post=18207"}],"curies":[{"name":"wp","href":"https:\/\/api.w.org\/{rel}","templated":true}]}}